{"id":82670,"date":"2020-10-14T09:12:35","date_gmt":"2020-10-14T07:12:35","guid":{"rendered":"https:\/\/dicodusport.fr\/blog\/?p=82670&#038;preview=true&#038;preview_id=82670"},"modified":"2020-10-14T09:29:23","modified_gmt":"2020-10-14T07:29:23","slug":"corinne-diacre-prolongee-a-la-tete-de-l-equipe-de-france-jusquen-2022","status":"publish","type":"post","link":"https:\/\/dicodusport.fr\/blog\/corinne-diacre-prolongee-a-la-tete-de-l-equipe-de-france-jusquen-2022\/","title":{"rendered":"Bleues : Corinne Diacre prolong\u00e9e \u00e0 la t\u00eate de l&rsquo;\u00e9quipe de France jusqu&rsquo;en 2022"},"content":{"rendered":"<p style=\"text-align: justify;\"><strong><em>FOOTBALL &#8211; Selon <a href=\"https:\/\/rmcsport.bfmtv.com\/football\/equipe-de-france-diacre-prolonge-jusqu-en-2022-en-secret-1990519.html\" target=\"_blank\" rel=\"noopener noreferrer\">RMC Sport<\/a>, Corinne Diacre a bien \u00e9t\u00e9 prolong\u00e9e par No\u00ebl Le Gra\u00ebt jusqu&rsquo;\u00e0 l&rsquo;\u00e9t\u00e9 2022, et donc l&rsquo;Euro en Angleterre.<\/em><\/strong><\/p>\n<p style=\"text-align: justify;\">Alors que son contrat courait jusqu&rsquo;\u00e0 mi-2021, le report de l&rsquo;Euro d&rsquo;une ann\u00e9e a pouss\u00e9 la <strong>F\u00e9d\u00e9ration Fran\u00e7aise de Football<\/strong> \u00e0 prolonger le contrat de <strong>Corinne Diacre<\/strong>, afin qu&rsquo;elle soit bien la s\u00e9lectionneuse sur cette comp\u00e9tition. Cette d\u00e9cision, m\u00eame si elle r\u00e9pond \u00e0 une logique sportive de laisser l&rsquo;actuelle s\u00e9lectionneuse avoir une autre chance dans une comp\u00e9tition, est aussi surprenante pour certains. En effet, <strong>Corinne Diacre<\/strong> est en conflit avec plusieurs cadres de l&rsquo;\u00e9quipe de France : la gardienne titulaire des Bleues <strong>Sarah Bouhaddi<\/strong>, par exemple, ne veut plus \u00eatre s\u00e9lectionn\u00e9e tant qu&rsquo;elle sera en poste.<\/p>\n<blockquote class=\"twitter-tweet\">\n<p dir=\"ltr\" lang=\"fr\">Corinne Diacre a prolong\u00e9 son contrat jusqu&rsquo;en juin 2022 au printemps dernier, sans que la FFF n&rsquo;ait communiqu\u00e9 dessus.<\/p>\n[<a href=\"https:\/\/twitter.com\/RMCsport?ref_src=twsrc%5Etfw\">@RMCsport<\/a>] <a href=\"https:\/\/t.co\/9pfzwR0ojp\">pic.twitter.com\/9pfzwR0ojp<\/a><\/p>\n<p>\u2014 BeFoot (@_BeFoot) <a href=\"https:\/\/twitter.com\/_BeFoot\/status\/1316000532792778755?ref_src=twsrc%5Etfw\">October 13, 2020<\/a><\/p><\/blockquote>\n<p><script async src=\"https:\/\/platform.twitter.com\/widgets.js\" charset=\"utf-8\"><\/script><\/p>\n<p><strong><em>Dicodusport<br \/>\n<a href=\"https:\/\/www.facebook.com\/dicodusport\/\" target=\"_blank\" rel=\"noopener noreferrer\"><img loading=\"lazy\" decoding=\"async\" class=\"alignnone wp-image-2909\" src=\"http:\/\/dicodusport.fr\/blog\/wp-content\/uploads\/2017\/07\/logo-facebook-150x150.png\" alt=\"\" width=\"40\" height=\"40\" \/><\/a><a href=\"https:\/\/twitter.com\/dicodusport\" target=\"_blank\" rel=\"noopener noreferrer\"><img loading=\"lazy\" decoding=\"async\" class=\"alignnone wp-image-2908\" src=\"http:\/\/dicodusport.fr\/blog\/wp-content\/uploads\/2017\/07\/logo-twitter-150x150.png\" alt=\"\" width=\"39\" height=\"39\" \/><\/a><\/em><\/strong><\/p>\n","protected":false},"excerpt":{"rendered":"<p>FOOTBALL &#8211; Selon RMC Sport, Corinne Diacre a bien \u00e9t\u00e9 prolong\u00e9e par No\u00ebl Le Gra\u00ebt jusqu&rsquo;\u00e0 l&rsquo;\u00e9t\u00e9 2022, et donc l&rsquo;Euro en Angleterre.<\/p>\n","protected":false},"author":1,"featured_media":82678,"comment_status":"open","ping_status":"closed","sticky":false,"template":"","format":"standard","meta":{"_acf_changed":false,"_daextam_enable_autolinks":"","footnotes":""},"categories":[2301],"tags":[7479,199,75,30],"class_list":["post-82670","post","type-post","status-publish","format-standard","has-post-thumbnail","hentry","category-football","tag-corinne-diacre","tag-equipe-de-france","tag-football","tag-france"],"acf":[],"yoast_head":"<!-- This site is optimized with the Yoast SEO Premium plugin v26.7 (Yoast SEO v26.7) - https:\/\/yoast.com\/wordpress\/plugins\/seo\/ -->\n<title>Bleues : Corinne Diacre prolong\u00e9e \u00e0 la t\u00eate de l&#039;\u00e9quipe de France jusqu&#039;en 2022<\/title>\n<meta name=\"description\" content=\"FOOTBALL - Selon RMC Sport, Corinne Diacre a bien \u00e9t\u00e9 prolong\u00e9e par No\u00ebl Le Gra\u00ebt jusqu&#039;\u00e0 l&#039;\u00e9t\u00e9 2022, et donc l&#039;Euro en Angleterre.\" \/>\n<meta name=\"robots\" content=\"index, follow, max-snippet:-1, max-image-preview:large, max-video-preview:-1\" \/>\n<link rel=\"canonical\" href=\"https:\/\/dicodusport.fr\/blog\/corinne-diacre-prolongee-a-la-tete-de-l-equipe-de-france-jusquen-2022\/\" \/>\n<meta property=\"og:locale\" content=\"fr_FR\" \/>\n<meta property=\"og:type\" content=\"article\" \/>\n<meta property=\"og:title\" content=\"Bleues : Corinne Diacre prolong\u00e9e \u00e0 la t\u00eate de l&#039;\u00e9quipe de France jusqu&#039;en 2022\" \/>\n<meta property=\"og:description\" content=\"FOOTBALL - Selon RMC Sport, Corinne Diacre a bien \u00e9t\u00e9 prolong\u00e9e par No\u00ebl Le Gra\u00ebt jusqu&#039;\u00e0 l&#039;\u00e9t\u00e9 2022, et donc l&#039;Euro en Angleterre.\" \/>\n<meta property=\"og:url\" content=\"https:\/\/dicodusport.fr\/blog\/corinne-diacre-prolongee-a-la-tete-de-l-equipe-de-france-jusquen-2022\/\" \/>\n<meta property=\"og:site_name\" content=\"Dicodusport\" \/>\n<meta property=\"article:publisher\" content=\"https:\/\/www.facebook.com\/dicodusport\" \/>\n<meta property=\"article:author\" content=\"https:\/\/www.facebook.com\/dicodusport\" \/>\n<meta property=\"article:published_time\" content=\"2020-10-14T07:12:35+00:00\" \/>\n<meta property=\"article:modified_time\" content=\"2020-10-14T07:29:23+00:00\" \/>\n<meta property=\"og:image\" content=\"https:\/\/dicodusport.fr\/blog\/wp-content\/uploads\/2020\/10\/Bleues-Corinne-Diacre-prolong\u00e9e-\u00e0-la-t\u00eate-de-l\u00e9quipe-de-France-jusquen-2022.png\" \/>\n\t<meta property=\"og:image:width\" content=\"800\" \/>\n\t<meta property=\"og:image:height\" content=\"445\" \/>\n\t<meta property=\"og:image:type\" content=\"image\/png\" \/>\n<meta name=\"author\" content=\"Nicolas Jacquemard\" \/>\n<meta name=\"twitter:card\" content=\"summary_large_image\" \/>\n<meta name=\"twitter:title\" content=\"Bleues : Corinne Diacre prolong\u00e9e \u00e0 la t\u00eate de l&#039;\u00e9quipe de France jusqu&#039;en 2022\" \/>\n<meta name=\"twitter:creator\" content=\"@https:\/\/twitter.com\/Nico_Jacquemard\" \/>\n<meta name=\"twitter:site\" content=\"@dicodusport\" \/>\n<script type=\"application\/ld+json\" class=\"yoast-schema-graph\">{\"@context\":\"https:\/\/schema.org\",\"@graph\":[{\"@type\":\"NewsArticle\",\"@id\":\"https:\/\/dicodusport.fr\/blog\/corinne-diacre-prolongee-a-la-tete-de-l-equipe-de-france-jusquen-2022\/#article\",\"isPartOf\":{\"@id\":\"https:\/\/dicodusport.fr\/blog\/corinne-diacre-prolongee-a-la-tete-de-l-equipe-de-france-jusquen-2022\/\"},\"author\":{\"name\":\"Nicolas Jacquemard\",\"@id\":\"https:\/\/dicodusport.fr\/blog\/#\/schema\/person\/55dcb50ad410894e431ed812bbb70191\"},\"headline\":\"Bleues : Corinne Diacre prolong\u00e9e \u00e0 la t\u00eate de l&rsquo;\u00e9quipe de France jusqu&rsquo;en 2022\",\"datePublished\":\"2020-10-14T07:12:35+00:00\",\"dateModified\":\"2020-10-14T07:29:23+00:00\",\"mainEntityOfPage\":{\"@id\":\"https:\/\/dicodusport.fr\/blog\/corinne-diacre-prolongee-a-la-tete-de-l-equipe-de-france-jusquen-2022\/\"},\"wordCount\":184,\"commentCount\":2,\"publisher\":{\"@id\":\"https:\/\/dicodusport.fr\/blog\/#organization\"},\"image\":{\"@id\":\"https:\/\/dicodusport.fr\/blog\/corinne-diacre-prolongee-a-la-tete-de-l-equipe-de-france-jusquen-2022\/#primaryimage\"},\"thumbnailUrl\":\"https:\/\/dicodusport.fr\/blog\/wp-content\/uploads\/2020\/10\/Bleues-Corinne-Diacre-prolong\u00e9e-\u00e0-la-t\u00eate-de-l\u00e9quipe-de-France-jusquen-2022.png\",\"keywords\":[\"Corinne Diacre\",\"\u00c9quipe de France\",\"Football\",\"France\"],\"articleSection\":[\"Football\"],\"inLanguage\":\"fr-FR\",\"potentialAction\":[{\"@type\":\"CommentAction\",\"name\":\"Comment\",\"target\":[\"https:\/\/dicodusport.fr\/blog\/corinne-diacre-prolongee-a-la-tete-de-l-equipe-de-france-jusquen-2022\/#respond\"]}],\"copyrightYear\":\"2020\",\"copyrightHolder\":{\"@id\":\"https:\/\/dicodusport.fr\/blog\/#organization\"}},{\"@type\":\"WebPage\",\"@id\":\"https:\/\/dicodusport.fr\/blog\/corinne-diacre-prolongee-a-la-tete-de-l-equipe-de-france-jusquen-2022\/\",\"url\":\"https:\/\/dicodusport.fr\/blog\/corinne-diacre-prolongee-a-la-tete-de-l-equipe-de-france-jusquen-2022\/\",\"name\":\"Bleues : Corinne Diacre prolong\u00e9e \u00e0 la t\u00eate de l'\u00e9quipe de France jusqu'en 2022\",\"isPartOf\":{\"@id\":\"https:\/\/dicodusport.fr\/blog\/#website\"},\"primaryImageOfPage\":{\"@id\":\"https:\/\/dicodusport.fr\/blog\/corinne-diacre-prolongee-a-la-tete-de-l-equipe-de-france-jusquen-2022\/#primaryimage\"},\"image\":{\"@id\":\"https:\/\/dicodusport.fr\/blog\/corinne-diacre-prolongee-a-la-tete-de-l-equipe-de-france-jusquen-2022\/#primaryimage\"},\"thumbnailUrl\":\"https:\/\/dicodusport.fr\/blog\/wp-content\/uploads\/2020\/10\/Bleues-Corinne-Diacre-prolong\u00e9e-\u00e0-la-t\u00eate-de-l\u00e9quipe-de-France-jusquen-2022.png\",\"datePublished\":\"2020-10-14T07:12:35+00:00\",\"dateModified\":\"2020-10-14T07:29:23+00:00\",\"description\":\"FOOTBALL - Selon RMC Sport, Corinne Diacre a bien \u00e9t\u00e9 prolong\u00e9e par No\u00ebl Le Gra\u00ebt jusqu'\u00e0 l'\u00e9t\u00e9 2022, et donc l'Euro en Angleterre.\",\"breadcrumb\":{\"@id\":\"https:\/\/dicodusport.fr\/blog\/corinne-diacre-prolongee-a-la-tete-de-l-equipe-de-france-jusquen-2022\/#breadcrumb\"},\"inLanguage\":\"fr-FR\",\"potentialAction\":[{\"@type\":\"ReadAction\",\"target\":[\"https:\/\/dicodusport.fr\/blog\/corinne-diacre-prolongee-a-la-tete-de-l-equipe-de-france-jusquen-2022\/\"]}]},{\"@type\":\"ImageObject\",\"inLanguage\":\"fr-FR\",\"@id\":\"https:\/\/dicodusport.fr\/blog\/corinne-diacre-prolongee-a-la-tete-de-l-equipe-de-france-jusquen-2022\/#primaryimage\",\"url\":\"https:\/\/dicodusport.fr\/blog\/wp-content\/uploads\/2020\/10\/Bleues-Corinne-Diacre-prolong\u00e9e-\u00e0-la-t\u00eate-de-l\u00e9quipe-de-France-jusquen-2022.png\",\"contentUrl\":\"https:\/\/dicodusport.fr\/blog\/wp-content\/uploads\/2020\/10\/Bleues-Corinne-Diacre-prolong\u00e9e-\u00e0-la-t\u00eate-de-l\u00e9quipe-de-France-jusquen-2022.png\",\"width\":800,\"height\":445,\"caption\":\"Bleues : Corinne Diacre prolong\u00e9e \u00e0 la t\u00eate de l'\u00e9quipe de France jusqu'en 2022\"},{\"@type\":\"BreadcrumbList\",\"@id\":\"https:\/\/dicodusport.fr\/blog\/corinne-diacre-prolongee-a-la-tete-de-l-equipe-de-france-jusquen-2022\/#breadcrumb\",\"itemListElement\":[{\"@type\":\"ListItem\",\"position\":1,\"name\":\"Accueil\",\"item\":\"https:\/\/dicodusport.fr\/blog\/\"},{\"@type\":\"ListItem\",\"position\":2,\"name\":\"Bleues : Corinne Diacre prolong\u00e9e \u00e0 la t\u00eate de l&rsquo;\u00e9quipe de France jusqu&rsquo;en 2022\"}]},{\"@type\":\"WebSite\",\"@id\":\"https:\/\/dicodusport.fr\/blog\/#website\",\"url\":\"https:\/\/dicodusport.fr\/blog\/\",\"name\":\"Dicodusport\",\"description\":\"L&#039;encyclop\u00e9die de l&#039;actualit\u00e9 sportive\",\"publisher\":{\"@id\":\"https:\/\/dicodusport.fr\/blog\/#organization\"},\"potentialAction\":[{\"@type\":\"SearchAction\",\"target\":{\"@type\":\"EntryPoint\",\"urlTemplate\":\"https:\/\/dicodusport.fr\/blog\/?s={search_term_string}\"},\"query-input\":{\"@type\":\"PropertyValueSpecification\",\"valueRequired\":true,\"valueName\":\"search_term_string\"}}],\"inLanguage\":\"fr-FR\"},{\"@type\":\"NewsMediaOrganization\",\"@id\":\"https:\/\/dicodusport.fr\/blog\/#organization\",\"name\":\"Dicodusport\",\"url\":\"https:\/\/dicodusport.fr\/blog\/\",\"logo\":{\"@type\":\"ImageObject\",\"inLanguage\":\"fr-FR\",\"@id\":\"https:\/\/dicodusport.fr\/blog\/#\/schema\/logo\/image\/\",\"url\":\"https:\/\/dicodusport.fr\/blog\/wp-content\/uploads\/2020\/06\/cropped-LOGO-DICODUSPORT-2020-SANS-FOND-SANS-TEXTE.png\",\"contentUrl\":\"https:\/\/dicodusport.fr\/blog\/wp-content\/uploads\/2020\/06\/cropped-LOGO-DICODUSPORT-2020-SANS-FOND-SANS-TEXTE.png\",\"width\":512,\"height\":512,\"caption\":\"Dicodusport\"},\"image\":{\"@id\":\"https:\/\/dicodusport.fr\/blog\/#\/schema\/logo\/image\/\"},\"sameAs\":[\"https:\/\/www.facebook.com\/dicodusport\",\"https:\/\/x.com\/dicodusport\",\"https:\/\/www.instagram.com\/dicodusport\/\",\"https:\/\/www.youtube.com\/channel\/UC7V2KZ5sd3htJivAbA4ZG3w\"],\"description\":\"Dicodusport est l'encyclop\u00e9die de l'actualit\u00e9 sportive.\",\"email\":\"bonjour@dicodusport.fr\",\"legalName\":\"DICODUSPORT\",\"foundingDate\":\"2018-01-14\",\"vatID\":\"FR71834470973\",\"taxID\":\"83447097300043\",\"numberOfEmployees\":{\"@type\":\"QuantitativeValue\",\"minValue\":\"1\",\"maxValue\":\"10\"}},{\"@type\":\"Person\",\"@id\":\"https:\/\/dicodusport.fr\/blog\/#\/schema\/person\/55dcb50ad410894e431ed812bbb70191\",\"name\":\"Nicolas Jacquemard\",\"image\":{\"@type\":\"ImageObject\",\"inLanguage\":\"fr-FR\",\"@id\":\"https:\/\/dicodusport.fr\/blog\/#\/schema\/person\/image\/\",\"url\":\"https:\/\/dicodusport.fr\/blog\/wp-content\/uploads\/2021\/05\/Nicolas-Jacquemard-150x150.jpeg\",\"contentUrl\":\"https:\/\/dicodusport.fr\/blog\/wp-content\/uploads\/2021\/05\/Nicolas-Jacquemard-150x150.jpeg\",\"caption\":\"Nicolas Jacquemard\"},\"description\":\"Passionn\u00e9 de sport et entrepreneur depuis mes 18 ans, la cr\u00e9ation de Dicodusport m'a sembl\u00e9 \u00e9vidente pour participer \u00e0 la m\u00e9diatisation d'un plus grand nombre de sports. Le chemin est long mais avec une \u00e9quipe des plus motiv\u00e9es et les Jeux Olympiques de Paris 2024 en point de mire, nous y arriverons ! Journaliste dans le monde du sport depuis plus de 5 ans, je traite aussi bien de football, de rugby, de biathlon que de cyclisme.\",\"sameAs\":[\"https:\/\/www.facebook.com\/dicodusport\",\"https:\/\/x.com\/https:\/\/twitter.com\/Nico_Jacquemard\"],\"url\":\"https:\/\/dicodusport.fr\/blog\/author\/dicodusport\/\"}]}<\/script>\n<!-- \/ Yoast SEO Premium plugin. -->","yoast_head_json":{"title":"Bleues : Corinne Diacre prolong\u00e9e \u00e0 la t\u00eate de l'\u00e9quipe de France jusqu'en 2022","description":"FOOTBALL - Selon RMC Sport, Corinne Diacre a bien \u00e9t\u00e9 prolong\u00e9e par No\u00ebl Le Gra\u00ebt jusqu'\u00e0 l'\u00e9t\u00e9 2022, et donc l'Euro en Angleterre.","robots":{"index":"index","follow":"follow","max-snippet":"max-snippet:-1","max-image-preview":"max-image-preview:large","max-video-preview":"max-video-preview:-1"},"canonical":"https:\/\/dicodusport.fr\/blog\/corinne-diacre-prolongee-a-la-tete-de-l-equipe-de-france-jusquen-2022\/","og_locale":"fr_FR","og_type":"article","og_title":"Bleues : Corinne Diacre prolong\u00e9e \u00e0 la t\u00eate de l'\u00e9quipe de France jusqu'en 2022","og_description":"FOOTBALL - Selon RMC Sport, Corinne Diacre a bien \u00e9t\u00e9 prolong\u00e9e par No\u00ebl Le Gra\u00ebt jusqu'\u00e0 l'\u00e9t\u00e9 2022, et donc l'Euro en Angleterre.","og_url":"https:\/\/dicodusport.fr\/blog\/corinne-diacre-prolongee-a-la-tete-de-l-equipe-de-france-jusquen-2022\/","og_site_name":"Dicodusport","article_publisher":"https:\/\/www.facebook.com\/dicodusport","article_author":"https:\/\/www.facebook.com\/dicodusport","article_published_time":"2020-10-14T07:12:35+00:00","article_modified_time":"2020-10-14T07:29:23+00:00","og_image":[{"width":800,"height":445,"url":"https:\/\/dicodusport.fr\/blog\/wp-content\/uploads\/2020\/10\/Bleues-Corinne-Diacre-prolong\u00e9e-\u00e0-la-t\u00eate-de-l\u00e9quipe-de-France-jusquen-2022.png","type":"image\/png"}],"author":"Nicolas Jacquemard","twitter_card":"summary_large_image","twitter_title":"Bleues : Corinne Diacre prolong\u00e9e \u00e0 la t\u00eate de l'\u00e9quipe de France jusqu'en 2022","twitter_creator":"@https:\/\/twitter.com\/Nico_Jacquemard","twitter_site":"@dicodusport","schema":{"@context":"https:\/\/schema.org","@graph":[{"@type":"NewsArticle","@id":"https:\/\/dicodusport.fr\/blog\/corinne-diacre-prolongee-a-la-tete-de-l-equipe-de-france-jusquen-2022\/#article","isPartOf":{"@id":"https:\/\/dicodusport.fr\/blog\/corinne-diacre-prolongee-a-la-tete-de-l-equipe-de-france-jusquen-2022\/"},"author":{"name":"Nicolas Jacquemard","@id":"https:\/\/dicodusport.fr\/blog\/#\/schema\/person\/55dcb50ad410894e431ed812bbb70191"},"headline":"Bleues : Corinne Diacre prolong\u00e9e \u00e0 la t\u00eate de l&rsquo;\u00e9quipe de France jusqu&rsquo;en 2022","datePublished":"2020-10-14T07:12:35+00:00","dateModified":"2020-10-14T07:29:23+00:00","mainEntityOfPage":{"@id":"https:\/\/dicodusport.fr\/blog\/corinne-diacre-prolongee-a-la-tete-de-l-equipe-de-france-jusquen-2022\/"},"wordCount":184,"commentCount":2,"publisher":{"@id":"https:\/\/dicodusport.fr\/blog\/#organization"},"image":{"@id":"https:\/\/dicodusport.fr\/blog\/corinne-diacre-prolongee-a-la-tete-de-l-equipe-de-france-jusquen-2022\/#primaryimage"},"thumbnailUrl":"https:\/\/dicodusport.fr\/blog\/wp-content\/uploads\/2020\/10\/Bleues-Corinne-Diacre-prolong\u00e9e-\u00e0-la-t\u00eate-de-l\u00e9quipe-de-France-jusquen-2022.png","keywords":["Corinne Diacre","\u00c9quipe de France","Football","France"],"articleSection":["Football"],"inLanguage":"fr-FR","potentialAction":[{"@type":"CommentAction","name":"Comment","target":["https:\/\/dicodusport.fr\/blog\/corinne-diacre-prolongee-a-la-tete-de-l-equipe-de-france-jusquen-2022\/#respond"]}],"copyrightYear":"2020","copyrightHolder":{"@id":"https:\/\/dicodusport.fr\/blog\/#organization"}},{"@type":"WebPage","@id":"https:\/\/dicodusport.fr\/blog\/corinne-diacre-prolongee-a-la-tete-de-l-equipe-de-france-jusquen-2022\/","url":"https:\/\/dicodusport.fr\/blog\/corinne-diacre-prolongee-a-la-tete-de-l-equipe-de-france-jusquen-2022\/","name":"Bleues : Corinne Diacre prolong\u00e9e \u00e0 la t\u00eate de l'\u00e9quipe de France jusqu'en 2022","isPartOf":{"@id":"https:\/\/dicodusport.fr\/blog\/#website"},"primaryImageOfPage":{"@id":"https:\/\/dicodusport.fr\/blog\/corinne-diacre-prolongee-a-la-tete-de-l-equipe-de-france-jusquen-2022\/#primaryimage"},"image":{"@id":"https:\/\/dicodusport.fr\/blog\/corinne-diacre-prolongee-a-la-tete-de-l-equipe-de-france-jusquen-2022\/#primaryimage"},"thumbnailUrl":"https:\/\/dicodusport.fr\/blog\/wp-content\/uploads\/2020\/10\/Bleues-Corinne-Diacre-prolong\u00e9e-\u00e0-la-t\u00eate-de-l\u00e9quipe-de-France-jusquen-2022.png","datePublished":"2020-10-14T07:12:35+00:00","dateModified":"2020-10-14T07:29:23+00:00","description":"FOOTBALL - Selon RMC Sport, Corinne Diacre a bien \u00e9t\u00e9 prolong\u00e9e par No\u00ebl Le Gra\u00ebt jusqu'\u00e0 l'\u00e9t\u00e9 2022, et donc l'Euro en Angleterre.","breadcrumb":{"@id":"https:\/\/dicodusport.fr\/blog\/corinne-diacre-prolongee-a-la-tete-de-l-equipe-de-france-jusquen-2022\/#breadcrumb"},"inLanguage":"fr-FR","potentialAction":[{"@type":"ReadAction","target":["https:\/\/dicodusport.fr\/blog\/corinne-diacre-prolongee-a-la-tete-de-l-equipe-de-france-jusquen-2022\/"]}]},{"@type":"ImageObject","inLanguage":"fr-FR","@id":"https:\/\/dicodusport.fr\/blog\/corinne-diacre-prolongee-a-la-tete-de-l-equipe-de-france-jusquen-2022\/#primaryimage","url":"https:\/\/dicodusport.fr\/blog\/wp-content\/uploads\/2020\/10\/Bleues-Corinne-Diacre-prolong\u00e9e-\u00e0-la-t\u00eate-de-l\u00e9quipe-de-France-jusquen-2022.png","contentUrl":"https:\/\/dicodusport.fr\/blog\/wp-content\/uploads\/2020\/10\/Bleues-Corinne-Diacre-prolong\u00e9e-\u00e0-la-t\u00eate-de-l\u00e9quipe-de-France-jusquen-2022.png","width":800,"height":445,"caption":"Bleues : Corinne Diacre prolong\u00e9e \u00e0 la t\u00eate de l'\u00e9quipe de France jusqu'en 2022"},{"@type":"BreadcrumbList","@id":"https:\/\/dicodusport.fr\/blog\/corinne-diacre-prolongee-a-la-tete-de-l-equipe-de-france-jusquen-2022\/#breadcrumb","itemListElement":[{"@type":"ListItem","position":1,"name":"Accueil","item":"https:\/\/dicodusport.fr\/blog\/"},{"@type":"ListItem","position":2,"name":"Bleues : Corinne Diacre prolong\u00e9e \u00e0 la t\u00eate de l&rsquo;\u00e9quipe de France jusqu&rsquo;en 2022"}]},{"@type":"WebSite","@id":"https:\/\/dicodusport.fr\/blog\/#website","url":"https:\/\/dicodusport.fr\/blog\/","name":"Dicodusport","description":"L&#039;encyclop\u00e9die de l&#039;actualit\u00e9 sportive","publisher":{"@id":"https:\/\/dicodusport.fr\/blog\/#organization"},"potentialAction":[{"@type":"SearchAction","target":{"@type":"EntryPoint","urlTemplate":"https:\/\/dicodusport.fr\/blog\/?s={search_term_string}"},"query-input":{"@type":"PropertyValueSpecification","valueRequired":true,"valueName":"search_term_string"}}],"inLanguage":"fr-FR"},{"@type":"NewsMediaOrganization","@id":"https:\/\/dicodusport.fr\/blog\/#organization","name":"Dicodusport","url":"https:\/\/dicodusport.fr\/blog\/","logo":{"@type":"ImageObject","inLanguage":"fr-FR","@id":"https:\/\/dicodusport.fr\/blog\/#\/schema\/logo\/image\/","url":"https:\/\/dicodusport.fr\/blog\/wp-content\/uploads\/2020\/06\/cropped-LOGO-DICODUSPORT-2020-SANS-FOND-SANS-TEXTE.png","contentUrl":"https:\/\/dicodusport.fr\/blog\/wp-content\/uploads\/2020\/06\/cropped-LOGO-DICODUSPORT-2020-SANS-FOND-SANS-TEXTE.png","width":512,"height":512,"caption":"Dicodusport"},"image":{"@id":"https:\/\/dicodusport.fr\/blog\/#\/schema\/logo\/image\/"},"sameAs":["https:\/\/www.facebook.com\/dicodusport","https:\/\/x.com\/dicodusport","https:\/\/www.instagram.com\/dicodusport\/","https:\/\/www.youtube.com\/channel\/UC7V2KZ5sd3htJivAbA4ZG3w"],"description":"Dicodusport est l'encyclop\u00e9die de l'actualit\u00e9 sportive.","email":"bonjour@dicodusport.fr","legalName":"DICODUSPORT","foundingDate":"2018-01-14","vatID":"FR71834470973","taxID":"83447097300043","numberOfEmployees":{"@type":"QuantitativeValue","minValue":"1","maxValue":"10"}},{"@type":"Person","@id":"https:\/\/dicodusport.fr\/blog\/#\/schema\/person\/55dcb50ad410894e431ed812bbb70191","name":"Nicolas Jacquemard","image":{"@type":"ImageObject","inLanguage":"fr-FR","@id":"https:\/\/dicodusport.fr\/blog\/#\/schema\/person\/image\/","url":"https:\/\/dicodusport.fr\/blog\/wp-content\/uploads\/2021\/05\/Nicolas-Jacquemard-150x150.jpeg","contentUrl":"https:\/\/dicodusport.fr\/blog\/wp-content\/uploads\/2021\/05\/Nicolas-Jacquemard-150x150.jpeg","caption":"Nicolas Jacquemard"},"description":"Passionn\u00e9 de sport et entrepreneur depuis mes 18 ans, la cr\u00e9ation de Dicodusport m'a sembl\u00e9 \u00e9vidente pour participer \u00e0 la m\u00e9diatisation d'un plus grand nombre de sports. Le chemin est long mais avec une \u00e9quipe des plus motiv\u00e9es et les Jeux Olympiques de Paris 2024 en point de mire, nous y arriverons ! Journaliste dans le monde du sport depuis plus de 5 ans, je traite aussi bien de football, de rugby, de biathlon que de cyclisme.","sameAs":["https:\/\/www.facebook.com\/dicodusport","https:\/\/x.com\/https:\/\/twitter.com\/Nico_Jacquemard"],"url":"https:\/\/dicodusport.fr\/blog\/author\/dicodusport\/"}]}},"_links":{"self":[{"href":"https:\/\/dicodusport.fr\/blog\/wp-json\/wp\/v2\/posts\/82670","targetHints":{"allow":["GET"]}}],"collection":[{"href":"https:\/\/dicodusport.fr\/blog\/wp-json\/wp\/v2\/posts"}],"about":[{"href":"https:\/\/dicodusport.fr\/blog\/wp-json\/wp\/v2\/types\/post"}],"author":[{"embeddable":true,"href":"https:\/\/dicodusport.fr\/blog\/wp-json\/wp\/v2\/users\/1"}],"replies":[{"embeddable":true,"href":"https:\/\/dicodusport.fr\/blog\/wp-json\/wp\/v2\/comments?post=82670"}],"version-history":[{"count":0,"href":"https:\/\/dicodusport.fr\/blog\/wp-json\/wp\/v2\/posts\/82670\/revisions"}],"wp:featuredmedia":[{"embeddable":true,"href":"https:\/\/dicodusport.fr\/blog\/wp-json\/wp\/v2\/media\/82678"}],"wp:attachment":[{"href":"https:\/\/dicodusport.fr\/blog\/wp-json\/wp\/v2\/media?parent=82670"}],"wp:term":[{"taxonomy":"category","embeddable":true,"href":"https:\/\/dicodusport.fr\/blog\/wp-json\/wp\/v2\/categories?post=82670"},{"taxonomy":"post_tag","embeddable":true,"href":"https:\/\/dicodusport.fr\/blog\/wp-json\/wp\/v2\/tags?post=82670"}],"curies":[{"name":"wp","href":"https:\/\/api.w.org\/{rel}","templated":true}]}}