{"id":82831,"date":"2020-10-16T17:22:26","date_gmt":"2020-10-16T15:22:26","guid":{"rendered":"https:\/\/dicodusport.fr\/blog\/?p=82831&#038;preview=true&#038;preview_id=82831"},"modified":"2020-10-19T17:52:25","modified_gmt":"2020-10-19T15:52:25","slug":"tour-d-espagne-2020-composition-des-equipes","status":"publish","type":"post","link":"https:\/\/dicodusport.fr\/blog\/tour-d-espagne-2020-composition-des-equipes\/","title":{"rendered":"Tour d&rsquo;Espagne 2020 : la composition des \u00e9quipes"},"content":{"rendered":"<p style=\"text-align: justify;\"><strong><em>CYCLISME &#8211; Le <a href=\"https:\/\/www.procyclingstats.com\/race\/vuelta-a-espana\/2020\/gc\/overview\" target=\"_blank\" rel=\"noopener noreferrer\">Tour d&rsquo;Espagne 2020<\/a> d\u00e9bute ce mardi 20 octobre. D\u00e9couvrez les s\u00e9lections des \u00e9quipes au d\u00e9part de cette 75\u00e8me Vuelta.<\/em><\/strong><\/p>\n<h2 style=\"text-align: justify;\">&#x2714;&#xfe0f; Jumbo-Visma<\/h2>\n<p style=\"text-align: justify;\">George Bennett &#8211; <strong>Tom Dumoulin<\/strong> &#8211; Robert Gesink &#8211; Lennard Hofstede &#8211; Sepp Kuss &#8211; Paul Martens &#8211; <strong>Primoz Roglic<\/strong> &#8211; Jonas Vingegaard<\/p>\n<blockquote class=\"twitter-tweet\">\n<p dir=\"ltr\" lang=\"en\">&#x1f1ea;&#x1f1f8; <a href=\"https:\/\/twitter.com\/hashtag\/LaVuelta20?src=hash&amp;ref_src=twsrc%5Etfw\">#LaVuelta20<\/a><\/p>\n<p>Last year was a good one&#x1f60a; Let&rsquo;s see what this year brings&#x23f3;<\/p>\n<p>Our preview for <a href=\"https:\/\/twitter.com\/lavuelta?ref_src=twsrc%5Etfw\">@lavuelta<\/a>&#x1f483;&#x2935;&#xfe0f;<\/p>\n<p>\u2014 Team Jumbo-Visma cycling (@JumboVismaRoad) <a href=\"https:\/\/twitter.com\/JumboVismaRoad\/status\/1316659889243029504?ref_src=twsrc%5Etfw\">October 15, 2020<\/a><\/p><\/blockquote>\n<p><script async src=\"https:\/\/platform.twitter.com\/widgets.js\" charset=\"utf-8\"><\/script><\/p>\n<hr \/>\n<h2 style=\"text-align: justify;\">&#x2714;&#xfe0f; AG2R La Mondiale<\/h2>\n<p style=\"text-align: justify;\">Cl\u00e9ment Champoussin &#8211; Axel Domont &#8211; <strong>Mathias Frank<\/strong> &#8211; Alexandre Geniez &#8211; Dorian Godon &#8211; Quentin Jauregui &#8211; Nans Peters &#8211; Harry Tanfield<\/p>\n<blockquote class=\"twitter-tweet\">\n<p dir=\"ltr\" lang=\"und\">&#x1f1ea;&#x1f1f8; &#8211; <a href=\"https:\/\/twitter.com\/lavuelta?ref_src=twsrc%5Etfw\">@lavuelta<\/a><br \/>\n&#x1f5d3;- 20\/10 &gt; 08\/11<\/p>\n<p>&#x1f1eb;&#x1f1f7; <a href=\"https:\/\/twitter.com\/NansPeters?ref_src=twsrc%5Etfw\">@NansPeters<\/a><br \/>\n&#x1f1eb;&#x1f1f7; <a href=\"https:\/\/twitter.com\/clemchampou?ref_src=twsrc%5Etfw\">@clemchampou<\/a><br \/>\n&#x1f1eb;&#x1f1f7; <a href=\"https:\/\/twitter.com\/AlexGeniez?ref_src=twsrc%5Etfw\">@AlexGeniez<\/a><br \/>\n&#x1f1eb;&#x1f1f7; <a href=\"https:\/\/twitter.com\/QuentinJauregui?ref_src=twsrc%5Etfw\">@QuentinJauregui<\/a><br \/>\n&#x1f1eb;&#x1f1f7; <a href=\"https:\/\/twitter.com\/domontaxel?ref_src=twsrc%5Etfw\">@domontaxel<\/a><br \/>\n&#x1f1e8;&#x1f1ed; <a href=\"https:\/\/twitter.com\/MathiasFrank?ref_src=twsrc%5Etfw\">@MathiasFrank<\/a><br \/>\n&#x1f1eb;&#x1f1f7; <a href=\"https:\/\/twitter.com\/DorianGodon?ref_src=twsrc%5Etfw\">@DorianGodon<\/a><br \/>\n&#x1f1ec;&#x1f1e7; <a href=\"https:\/\/twitter.com\/Harrytanfield94?ref_src=twsrc%5Etfw\">@Harrytanfield94<\/a><\/p>\n<p>&#x1f449; <a href=\"https:\/\/t.co\/MLeqoY66Rg\">https:\/\/t.co\/MLeqoY66Rg<\/a><a href=\"https:\/\/twitter.com\/hashtag\/allezALM?src=hash&amp;ref_src=twsrc%5Etfw\">#allezALM<\/a> <a href=\"https:\/\/t.co\/rTjdF0cs3S\">pic.twitter.com\/rTjdF0cs3S<\/a><\/p>\n<p>\u2014 AG2RLM Pro Cycling Team (@AG2RLMCyclisme) <a href=\"https:\/\/twitter.com\/AG2RLMCyclisme\/status\/1317027507430858755?ref_src=twsrc%5Etfw\">October 16, 2020<\/a><\/p><\/blockquote>\n<p><script async src=\"https:\/\/platform.twitter.com\/widgets.js\" charset=\"utf-8\"><\/script><\/p>\n<hr \/>\n<h2 style=\"text-align: justify;\">&#x2714;&#xfe0f;\u00a0Astana<\/h2>\n<p style=\"text-align: justify;\"><strong>Aleksandr Vlasov<\/strong> &#8211; Ion Izagirre &#8211; Gorka Izagirre &#8211; Dmitriy Gruzdev &#8211; Luis Le\u00f3n S\u00e1nchez &#8211; Omar Fraile &#8211; Merhawi Kudus &#8211; Alex Aranburu<\/p>\n<blockquote class=\"twitter-tweet\">\n<p dir=\"ltr\" lang=\"ro\">&#x26a1;&#xfe0f;Vuelta a Espa\u00f1a 2020, we are coming!&#x26a1;&#xfe0f;<br \/>\n&#x1f1f7;&#x1f1fa; Aleksandr Vlasov<br \/>\n&#x1f1ea;&#x1f1f8; Ion Izagirre<br \/>\n&#x1f1ea;&#x1f1f8; Gorka Izagirre<br \/>\n&#x1f1f0;&#x1f1ff; Dmitriy Gruzdev<br \/>\n&#x1f1ea;&#x1f1f8; Luis Leon Sanchez<br \/>\n&#x1f1ea;&#x1f1f8; Omar Fraile<br \/>\n&#x1f1ea;&#x1f1f7; Merhawi Kudus<br \/>\n&#x1f1ea;&#x1f1f8; Alex Aranburu<a href=\"https:\/\/twitter.com\/lavuelta?ref_src=twsrc%5Etfw\">@lavuelta<\/a> <a href=\"https:\/\/twitter.com\/hashtag\/LaVuelta2020?src=hash&amp;ref_src=twsrc%5Etfw\">#LaVuelta2020<\/a><a href=\"https:\/\/twitter.com\/hashtag\/AstanaProTeam?src=hash&amp;ref_src=twsrc%5Etfw\">#AstanaProTeam<\/a><a href=\"https:\/\/twitter.com\/hashtag\/AlgaAstana?src=hash&amp;ref_src=twsrc%5Etfw\">#AlgaAstana<\/a> <a href=\"https:\/\/t.co\/qmoWkU32Dy\">pic.twitter.com\/qmoWkU32Dy<\/a><\/p>\n<p>\u2014 Astana Pro Team (@AstanaTeam) <a href=\"https:\/\/twitter.com\/AstanaTeam\/status\/1317012760337711104?ref_src=twsrc%5Etfw\">October 16, 2020<\/a><\/p><\/blockquote>\n<p><script async src=\"https:\/\/platform.twitter.com\/widgets.js\" charset=\"utf-8\"><\/script><\/p>\n<hr \/>\n<h2 style=\"text-align: justify;\">&#x2714;&#xfe0f; Bahrain-McLaren<\/h2>\n<p style=\"text-align: justify;\"><strong>Wout Poels<\/strong> &#8211; Grega Bole &#8211; Santiago Buitrago &#8211; Scott Davies &#8211; Kevin Inkelaar &#8211; Matej Mohoric &#8211; Stephen Williams &#8211; Alfred Wright<\/p>\n<blockquote class=\"twitter-tweet\">\n<p dir=\"ltr\" lang=\"en\">Meet our team for <a href=\"https:\/\/twitter.com\/lavuelta?ref_src=twsrc%5Etfw\">@lavuelta<\/a>:<\/p>\n<p>&#x1f1f3;&#x1f1f1; <a href=\"https:\/\/twitter.com\/WoutPoels?ref_src=twsrc%5Etfw\">@WoutPoels<\/a><br \/>\n&#x1f1f8;&#x1f1ee; <a href=\"https:\/\/twitter.com\/bolegrega?ref_src=twsrc%5Etfw\">@bolegrega<\/a><br \/>\n&#x1f1e8;&#x1f1f4; <a href=\"https:\/\/twitter.com\/Santiag32932087?ref_src=twsrc%5Etfw\">@Santiag32932087<\/a><br \/>\n&#x1f1ec;&#x1f1e7; <a href=\"https:\/\/twitter.com\/scottdavies95?ref_src=twsrc%5Etfw\">@scottdavies95<\/a><br \/>\n&#x1f1f3;&#x1f1f1; <a href=\"https:\/\/twitter.com\/kevininkelaar?ref_src=twsrc%5Etfw\">@kevininkelaar<\/a><br \/>\n&#x1f1f8;&#x1f1ee; <a href=\"https:\/\/twitter.com\/matmohoric?ref_src=twsrc%5Etfw\">@matmohoric<\/a><br \/>\n&#x1f1ec;&#x1f1e7; <a href=\"https:\/\/twitter.com\/stevierhys_96?ref_src=twsrc%5Etfw\">@stevierhys_96<\/a><br \/>\n&#x1f1ec;&#x1f1e7; <a href=\"https:\/\/twitter.com\/fred_wright0?ref_src=twsrc%5Etfw\">@fred_wright0<\/a> <a href=\"https:\/\/twitter.com\/hashtag\/RideAsOne?src=hash&amp;ref_src=twsrc%5Etfw\">#RideAsOne<\/a><\/p>\n<p>&#x27a1;&#xfe0f; <a href=\"https:\/\/t.co\/3DZmTSMHJt\">https:\/\/t.co\/3DZmTSMHJt<\/a> <a href=\"https:\/\/t.co\/t4uxiJhwAB\">pic.twitter.com\/t4uxiJhwAB<\/a><\/p>\n<p>\u2014 Team Bahrain McLaren (@BahrainMcLaren) <a href=\"https:\/\/twitter.com\/BahrainMcLaren\/status\/1317367675413270530?ref_src=twsrc%5Etfw\">October 17, 2020<\/a><\/p><\/blockquote>\n<p><script async src=\"https:\/\/platform.twitter.com\/widgets.js\" charset=\"utf-8\"><\/script><\/p>\n<hr \/>\n<h2 style=\"text-align: justify;\">&#x2714;&#xfe0f; Bora-Hansgrohe<\/h2>\n<p style=\"text-align: justify;\">Pascal Ackermann &#8211; Felix Grossschartner &#8211; Martin Laas &#8211; Jay McCarthy &#8211; Ide Schelling &#8211; Andreas Schillinger &#8211; Micheal Schwarzmann &#8211; Rudi Selig<\/p>\n<blockquote class=\"twitter-tweet\">\n<p dir=\"ltr\" lang=\"en\">&#x1f1ea;&#x1f1f8; LINE-UP: VUELTA A ESPA\u00d1A &#x1f1ea;&#x1f1f8;<\/p>\n<p>We&rsquo;re taking on <a href=\"https:\/\/twitter.com\/lavuelta?ref_src=twsrc%5Etfw\">@lavuelta<\/a> with:<\/p>\n<p>&#x1f1e9;&#x1f1ea; <a href=\"https:\/\/twitter.com\/Ackes171?ref_src=twsrc%5Etfw\">@Ackes171<\/a><br \/>\n&#x1f1e6;&#x1f1f9; <a href=\"https:\/\/twitter.com\/gro_felix?ref_src=twsrc%5Etfw\">@gro_felix<\/a><br \/>\n&#x1f1ea;&#x1f1ea; <a href=\"https:\/\/twitter.com\/Laaasu?ref_src=twsrc%5Etfw\">@Laaasu<\/a><br \/>\n&#x1f1e6;&#x1f1fa; <a href=\"https:\/\/twitter.com\/JayMcCarthy1?ref_src=twsrc%5Etfw\">@JayMcCarthy1<\/a><br \/>\n&#x1f1f3;&#x1f1f1; <a href=\"https:\/\/twitter.com\/IdeSchelling?ref_src=twsrc%5Etfw\">@IdeSchelling<\/a><br \/>\n&#x1f1e9;&#x1f1ea; Andreas Schillinger<br \/>\n&#x1f1e9;&#x1f1ea; Michael Schwarzmann<br \/>\n&#x1f1e9;&#x1f1ea; <a href=\"https:\/\/twitter.com\/RudiSelig?ref_src=twsrc%5Etfw\">@RudiSelig<\/a> <a href=\"https:\/\/twitter.com\/hashtag\/BandOfBrothers?src=hash&amp;ref_src=twsrc%5Etfw\">#BandOfBrothers<\/a> <a href=\"https:\/\/twitter.com\/hashtag\/LaVuelta20?src=hash&amp;ref_src=twsrc%5Etfw\">#LaVuelta20<\/a> <a href=\"https:\/\/t.co\/1dOdzz1ytv\">pic.twitter.com\/1dOdzz1ytv<\/a><\/p>\n<p>\u2014 BORA \u2013 hansgrohe (@BORAhansgrohe) <a href=\"https:\/\/twitter.com\/BORAhansgrohe\/status\/1316997632439521281?ref_src=twsrc%5Etfw\">October 16, 2020<\/a><\/p><\/blockquote>\n<p><script async src=\"https:\/\/platform.twitter.com\/widgets.js\" charset=\"utf-8\"><\/script><\/p>\n<hr \/>\n<h2 style=\"text-align: justify;\">&#x2714;&#xfe0f; Burgos-BH<\/h2>\n<p style=\"text-align: justify;\">Jetse Bol &#8211; \u00d3scar Cabedo &#8211; Ricardo Vilela &#8211; Jes\u00fas Ezquerra &#8211; \u00c1ngel Madrazo &#8211; Alex Molenaar &#8211; Juan Felipe Osorio &#8211; Willie Smit<\/p>\n<blockquote class=\"twitter-tweet\">\n<p dir=\"ltr\" lang=\"es\">&#x1f4e3; Un bloque competitivo para volver a triunfar en <a href=\"https:\/\/twitter.com\/hashtag\/LaVuelta20?src=hash&amp;ref_src=twsrc%5Etfw\">#LaVuelta20<\/a>.<\/p>\n<p>8&#xfe0f;&#x20e3; Anunciamos nuestros ocho ciclistas para disputar la carrera.<\/p>\n<p>&#x1f399; <a href=\"https:\/\/twitter.com\/rubenperez1981?ref_src=twsrc%5Etfw\">@rubenperez1981<\/a>: \u00ab\u00a0Tenemos la ambici\u00f3n de repetir el triunfo de etapa y para ello debemos ser combativos\u00a0\u00bb.<\/p>\n<p>&#x1f4dd; <a href=\"https:\/\/t.co\/KmhwbB7wBO\">https:\/\/t.co\/KmhwbB7wBO<\/a> <a href=\"https:\/\/t.co\/mrCBvZzqxm\">pic.twitter.com\/mrCBvZzqxm<\/a><\/p>\n<p>\u2014 Burgos BH (@BurgosBH) <a href=\"https:\/\/twitter.com\/BurgosBH\/status\/1316290868249276416?ref_src=twsrc%5Etfw\">October 14, 2020<\/a><\/p><\/blockquote>\n<p><script async src=\"https:\/\/platform.twitter.com\/widgets.js\" charset=\"utf-8\"><\/script><\/p>\n<hr \/>\n<h2 style=\"text-align: justify;\">&#x2714;&#xfe0f; Caja Rural-Seguros RGA<\/h2>\n<p style=\"text-align: justify;\">Jon Aberasturi &#8211; Julien Amezqueta &#8211; Aritz Bagues &#8211; Jefferson Cepeda &#8211; Jhojan Garcia &#8211; Jonathan Lastra &#8211; Hector Saez &#8211; Gonzalo Serrano<\/p>\n<blockquote class=\"twitter-tweet\">\n<p dir=\"ltr\" lang=\"es\">&#x1f6a8; Presentamos a los ocho elegidos para afrontar el gran objetivo de la temporada: <a href=\"https:\/\/twitter.com\/hashtag\/LaVuelta20?src=hash&amp;ref_src=twsrc%5Etfw\">#LaVuelta20<\/a><\/p>\n<p>&#x1f517; Repaso a la temporada de cada uno, con declaraciones de Juan Manuel Hern\u00e1ndez, en la web del equipo: <a href=\"https:\/\/t.co\/xAEdDJxzO3\">https:\/\/t.co\/xAEdDJxzO3<\/a><a href=\"https:\/\/twitter.com\/hashtag\/S%C3%BAmatealverde?src=hash&amp;ref_src=twsrc%5Etfw\">#S\u00famatealverde<\/a> &#x1f49a; <a href=\"https:\/\/t.co\/0FJXLfuD8q\">pic.twitter.com\/0FJXLfuD8q<\/a><\/p>\n<p>\u2014 Team Caja Rural-RGA (@CajaRural_RGA) <a href=\"https:\/\/twitter.com\/CajaRural_RGA\/status\/1317014810010279937?ref_src=twsrc%5Etfw\">October 16, 2020<\/a><\/p><\/blockquote>\n<p><script async src=\"https:\/\/platform.twitter.com\/widgets.js\" charset=\"utf-8\"><\/script><\/p>\n<hr \/>\n<h2 style=\"text-align: justify;\">&#x2714;&#xfe0f; CCC Team<\/h2>\n<p style=\"text-align: justify;\">Will Barta &#8211; Simon Geschke &#8211; <strong>Jan Hirt<\/strong> &#8211; Jakub Mareczko &#8211; Francisco Ventoso &#8211; Michal Paluta &#8211; Lukasz Wisniowski &#8211; Georg Zimmermann<\/p>\n<blockquote class=\"twitter-tweet\">\n<p dir=\"ltr\" lang=\"en\">PREVIEW: CCC Team to <a href=\"https:\/\/twitter.com\/hashtag\/LaVuelta20?src=hash&amp;ref_src=twsrc%5Etfw\">#LaVuelta20<\/a><\/p>\n<p>We\u2019re heading to &#x1f1ea;&#x1f1f8; with a mix of youth and experience. Meet our team &#x1f447;&#x1f3fc;<\/p>\n<p>&#x1f1fa;&#x1f1f8; <a href=\"https:\/\/twitter.com\/willbarta?ref_src=twsrc%5Etfw\">@willbarta<\/a><br \/>\n&#x1f1e9;&#x1f1ea; <a href=\"https:\/\/twitter.com\/simongeschke?ref_src=twsrc%5Etfw\">@simongeschke<\/a><br \/>\n&#x1f1e8;&#x1f1ff; Jan Hirt<br \/>\n&#x1f1ee;&#x1f1f9; <a href=\"https:\/\/twitter.com\/jakubmareczko?ref_src=twsrc%5Etfw\">@jakubmareczko<\/a><br \/>\n&#x1f1f5;&#x1f1f1; <a href=\"https:\/\/twitter.com\/MichalPaluta?ref_src=twsrc%5Etfw\">@MichalPaluta<\/a><br \/>\n&#x1f1ea;&#x1f1f8; <a href=\"https:\/\/twitter.com\/franventoso?ref_src=twsrc%5Etfw\">@franventoso<\/a><br \/>\n&#x1f1f5;&#x1f1f1; <a href=\"https:\/\/twitter.com\/lukaswisniowski?ref_src=twsrc%5Etfw\">@lukaswisniowski<\/a><br \/>\n&#x1f1e9;&#x1f1ea; Georg Zimmermann<\/p>\n<p>&#x1f4dd; &#x1f449;&#x1f3fc; <a href=\"https:\/\/t.co\/QQ3kthcKkP\">https:\/\/t.co\/QQ3kthcKkP<\/a> <a href=\"https:\/\/t.co\/LTNTsD9YFu\">pic.twitter.com\/LTNTsD9YFu<\/a><\/p>\n<p>\u2014 CCC Team (@CCCProTeam) <a href=\"https:\/\/twitter.com\/CCCProTeam\/status\/1317456268186046471?ref_src=twsrc%5Etfw\">October 17, 2020<\/a><\/p><\/blockquote>\n<p><script async src=\"https:\/\/platform.twitter.com\/widgets.js\" charset=\"utf-8\"><\/script><\/p>\n<hr \/>\n<h2 style=\"text-align: justify;\">&#x2714;&#xfe0f; Cofidis<\/h2>\n<p style=\"text-align: justify;\"><strong>Guillaume Martin<\/strong> &#8211; Fernando Barcelo &#8211; Natnael Behrane &#8211; Jos\u00e9 Herrada &#8211; Victor Lafay &#8211; Luis Angel Mate, Emmanuel Morin &#8211; Pierre-Luc P\u00e9richon<\/p>\n<blockquote class=\"twitter-tweet\">\n<p dir=\"ltr\" lang=\"fr\">Notre \u00e9quipe pour <a href=\"https:\/\/twitter.com\/lavuelta?ref_src=twsrc%5Etfw\">@lavuelta<\/a> &#x1f1ea;&#x1f1f8;&#x1f403;<\/p>\n<p>Our team for <a href=\"https:\/\/twitter.com\/hashtag\/LaVuelta20?src=hash&amp;ref_src=twsrc%5Etfw\">#LaVuelta20<\/a> &#x1f1ea;&#x1f1f8;&#x1f403;<\/p>\n<p>&#x1f1eb;&#x1f1f7; <a href=\"https:\/\/twitter.com\/GuilmMartin?ref_src=twsrc%5Etfw\">@GuilmMartin<\/a><br \/>\n&#x1f1ea;&#x1f1f8; <a href=\"https:\/\/twitter.com\/jesushl90?ref_src=twsrc%5Etfw\">@jesushl90<\/a><br \/>\n&#x1f1ea;&#x1f1f8; <a href=\"https:\/\/twitter.com\/barcelofer?ref_src=twsrc%5Etfw\">@barcelofer<\/a><br \/>\n&#x1f1ea;&#x1f1f8; <a href=\"https:\/\/twitter.com\/joherradalopez?ref_src=twsrc%5Etfw\">@joherradalopez<\/a><br \/>\n&#x1f1ea;&#x1f1f8; <a href=\"https:\/\/twitter.com\/luisangelmate?ref_src=twsrc%5Etfw\">@luisangelmate<\/a><br \/>\n&#x1f1eb;&#x1f1f7; <a href=\"https:\/\/twitter.com\/PerichonPLuc?ref_src=twsrc%5Etfw\">@PerichonPLuc<\/a><br \/>\n&#x1f1eb;&#x1f1f7; <a href=\"https:\/\/twitter.com\/victorlafay?ref_src=twsrc%5Etfw\">@victorlafay<\/a><br \/>\n&#x1f1eb;&#x1f1f7; <a href=\"https:\/\/twitter.com\/Emmanuel__Morin?ref_src=twsrc%5Etfw\">@Emmanuel__Morin<\/a><\/p>\n<p>&#x1f697; DS : <a href=\"https:\/\/twitter.com\/c_guiberteau?ref_src=twsrc%5Etfw\">@c_guiberteau<\/a> et <a href=\"https:\/\/twitter.com\/jljonrond?ref_src=twsrc%5Etfw\">@jljonrond<\/a><a href=\"https:\/\/twitter.com\/hashtag\/CofidisMyTeam?src=hash&amp;ref_src=twsrc%5Etfw\">#CofidisMyTeam<\/a> <a href=\"https:\/\/t.co\/LXfNhOXOw8\">pic.twitter.com\/LXfNhOXOw8<\/a><\/p>\n<p>\u2014 Team Cofidis (@TeamCOFIDIS) <a href=\"https:\/\/twitter.com\/TeamCOFIDIS\/status\/1316714249499140096?ref_src=twsrc%5Etfw\">October 15, 2020<\/a><\/p><\/blockquote>\n<p><script async src=\"https:\/\/platform.twitter.com\/widgets.js\" charset=\"utf-8\"><\/script><\/p>\n<hr \/>\n<h2 style=\"text-align: justify;\">&#x2714;&#xfe0f; Deceuninck &#8211; Quick-Step<\/h2>\n<p style=\"text-align: justify;\">Andrea Bagioli &#8211; Sam Bennett &#8211; Mattia Cattaneo &#8211; R\u00e9mi Cavagna &#8211; Ian Garrison &#8211; Michael M\u00f8rk\u00f8v &#8211; Jannik Steimle &#8211; Zdenek Stybar<\/p>\n<blockquote class=\"twitter-tweet\">\n<p dir=\"ltr\" lang=\"en\">We give you our eight-man squad for the last Grand Tour of the season &#8211; <a href=\"https:\/\/twitter.com\/lavuelta?ref_src=twsrc%5Etfw\">@lavuelta<\/a> &#8211; which starts in just a couple of days from the charming Basque Country: <a href=\"https:\/\/t.co\/uGqt7nEllZ\">https:\/\/t.co\/uGqt7nEllZ<\/a><br \/>\nVideo: <a href=\"https:\/\/twitter.com\/lapedalecc?ref_src=twsrc%5Etfw\">@lapedalecc<\/a> <a href=\"https:\/\/t.co\/fC0lTyyD86\">pic.twitter.com\/fC0lTyyD86<\/a><\/p>\n<p>\u2014 Deceuninck-QuickStep (@deceuninck_qst) <a href=\"https:\/\/twitter.com\/deceuninck_qst\/status\/1316311741719089152?ref_src=twsrc%5Etfw\">October 14, 2020<\/a><\/p><\/blockquote>\n<p><script async src=\"https:\/\/platform.twitter.com\/widgets.js\" charset=\"utf-8\"><\/script><\/p>\n<p style=\"text-align: center;\"><a href=\"http:\/\/dicodusport.fr\/blog\/tour-d-espagne-2020-composition-des-equipes\/2\/#deux\" class=\"su-button su-button-style-flat\" style=\"color:#FFFFFF;background-color:#0057ae;border-color:#00468c;border-radius:4px\" target=\"_self\"><span style=\"color:#FFFFFF;padding:0px 22px;font-size:17px;line-height:34px;border-color:#4d8ac7;border-radius:4px;text-shadow:none\"> <strong>Suivant<\/strong><\/span><\/a>\n<h2><!--nextpage--><\/h2>\n<p style=\"text-align: justify;\"><a id=\"deux\"><\/a><strong><em>CYCLISME &#8211; Le Tour d&rsquo;Espagne 2020 d\u00e9bute ce mardi 20 octobre. D\u00e9couvrez les s\u00e9lections des \u00e9quipes au d\u00e9part de cette 75\u00e8me Vuelta.<\/em><\/strong><\/p>\n<h2 style=\"text-align: justify;\">&#x2714;&#xfe0f; EF Pro Cycling<\/h2>\n<p style=\"text-align: justify;\"><strong>Daniel Martinez<\/strong> &#8211; Hugh Carthy &#8211; Mitchell Docker &#8211; Magnus Cort Nielsen &#8211; Logan Owen &#8211; Julius Van den Berg &#8211; Tejay van Garderen &#8211; Michael Woods<\/p>\n<hr \/>\n<h2 style=\"text-align: justify;\">&#x2714;&#xfe0f; Groupama &#8211; FDJ<\/h2>\n<p style=\"text-align: justify;\"><strong>Thibaut Pinot<\/strong> &#8211; David Gaudu &#8211; Bruno Armirail &#8211; Micka\u00ebl Delage &#8211; Matthieu Ladagnous &#8211; Olivier Le Gac &#8211; Anthony Roux &#8211; Romain Seigle<\/p>\n<blockquote class=\"twitter-tweet\">\n<p dir=\"ltr\" lang=\"fr\">Ils sont 8 et ils vont relever le dernier d\u00e9fi de la saison 2020 : <a href=\"https:\/\/twitter.com\/hashtag\/LaVuelta20?src=hash&amp;ref_src=twsrc%5Etfw\">#LaVuelta20<\/a> <a href=\"https:\/\/t.co\/agHm9QNqVC\">pic.twitter.com\/agHm9QNqVC<\/a><\/p>\n<p>\u2014 \u00c9quipe Cycliste Groupama-FDJ (@GroupamaFDJ) <a href=\"https:\/\/twitter.com\/GroupamaFDJ\/status\/1317804938593009664?ref_src=twsrc%5Etfw\">October 18, 2020<\/a><\/p><\/blockquote>\n<p><script async src=\"https:\/\/platform.twitter.com\/widgets.js\" charset=\"utf-8\"><\/script><\/p>\n<hr \/>\n<h2 style=\"text-align: justify;\">&#x2714;&#xfe0f; INEOS Grenadiers<\/h2>\n<p style=\"text-align: justify;\">Chris Froome &#8211; <strong>Richard Carapaz<\/strong> &#8211; Andrey Amador &#8211; Michal Golas &#8211; Brandon Rivera &#8211; Ivan Sosa &#8211; Dylan van Baarle &#8211; Cameron Wurf<\/p>\n<blockquote class=\"twitter-tweet\">\n<p dir=\"ltr\" lang=\"en\"><a href=\"https:\/\/twitter.com\/hashtag\/LaVuelta20?src=hash&amp;ref_src=twsrc%5Etfw\">#LaVuelta20<\/a> here we come! It all starts on Tuesday for 18 stages of action. Here&rsquo;s how the INEOS Grenadiers will line up in Spain:<a href=\"https:\/\/twitter.com\/Andrey_Amador?ref_src=twsrc%5Etfw\">@Andrey_Amador<\/a> <a href=\"https:\/\/twitter.com\/RichardCarapazM?ref_src=twsrc%5Etfw\">@RichardCarapazM<\/a> <a href=\"https:\/\/twitter.com\/chrisfroome?ref_src=twsrc%5Etfw\">@chrisfroome<\/a> (&#x1f947; 2011, &rsquo;17)<a href=\"https:\/\/twitter.com\/golasmichal?ref_src=twsrc%5Etfw\">@golasmichal<\/a> <a href=\"https:\/\/twitter.com\/_brandon_2103?ref_src=twsrc%5Etfw\">@_brandon_2103<\/a> <a href=\"https:\/\/twitter.com\/ivansosacuervo?ref_src=twsrc%5Etfw\">@ivansosacuervo<\/a> <a href=\"https:\/\/twitter.com\/DylanvanBaarle?ref_src=twsrc%5Etfw\">@DylanvanBaarle<\/a> <a href=\"https:\/\/twitter.com\/cameronwurf?ref_src=twsrc%5Etfw\">@cameronwurf<\/a> <a href=\"https:\/\/t.co\/Acew94qQd6\">pic.twitter.com\/Acew94qQd6<\/a><\/p>\n<p>\u2014 INEOS Grenadiers (@INEOSGrenadiers) <a href=\"https:\/\/twitter.com\/INEOSGrenadiers\/status\/1317135545936601088?ref_src=twsrc%5Etfw\">October 16, 2020<\/a><\/p><\/blockquote>\n<p><script async src=\"https:\/\/platform.twitter.com\/widgets.js\" charset=\"utf-8\"><\/script><\/p>\n<hr \/>\n<h2 style=\"text-align: justify;\">&#x2714;&#xfe0f; Israel Start-Up Nation<\/h2>\n<p style=\"text-align: justify;\"><strong>Dan Martin<\/strong> &#8211; Omer Goldstein &#8211; Reto Hollenstein &#8211; James Piccoli &#8211; Mihkel R\u00e4im &#8211; Alexis Renard &#8211; Rory Sutherland &#8211; Matteo Badilatti<\/p>\n<blockquote class=\"twitter-tweet\">\n<p dir=\"ltr\" lang=\"en\">Here comes ISN\u2019s <a href=\"https:\/\/twitter.com\/VueltaEspana?ref_src=twsrc%5Etfw\">@VueltaEspana<\/a> debut !<br \/>\nWe are presenting our <a href=\"https:\/\/twitter.com\/hashtag\/VueltaEspana?src=hash&amp;ref_src=twsrc%5Etfw\">#VueltaEspana<\/a> lineup and profiling each one of the riders and what we expect :<a href=\"https:\/\/t.co\/gwDms8bvpu\">https:\/\/t.co\/gwDms8bvpu<\/a> <a href=\"https:\/\/t.co\/oQfcFWevvX\">pic.twitter.com\/oQfcFWevvX<\/a><\/p>\n<p>\u2014 Israel Start-Up Nation \/ Israel Cycling Academy (@YallaIsraelSUN) <a href=\"https:\/\/twitter.com\/YallaIsraelSUN\/status\/1317497587151364098?ref_src=twsrc%5Etfw\">October 17, 2020<\/a><\/p><\/blockquote>\n<p><script async src=\"https:\/\/platform.twitter.com\/widgets.js\" charset=\"utf-8\"><\/script><\/p>\n<hr \/>\n<h2 style=\"text-align: justify;\">&#x2714;&#xfe0f; Lotto-Soudal<\/h2>\n<p style=\"text-align: justify;\">Stan Dewulf &#8211; Kobe Goossens &#8211; Tomas Marczynski &#8211; Remy Mertz &#8211; Gerben Thijssen &#8211; Tosh Van der Sande &#8211; Brent Van Moer &#8211; Tim Wellens<\/p>\n<blockquote class=\"twitter-tweet\">\n<p dir=\"ltr\" lang=\"en\">Our &#x1f1ea;&#x1f1f8; <a href=\"https:\/\/twitter.com\/hashtag\/LaVuelta20?src=hash&amp;ref_src=twsrc%5Etfw\">#LaVuelta20<\/a> line-up &#x1f525;<\/p>\n<p>&#x1f1e7;&#x1f1ea; <a href=\"https:\/\/twitter.com\/Tim_Wellens?ref_src=twsrc%5Etfw\">@Tim_Wellens<\/a> &#8211; Vuelta debut<br \/>\n&#x1f1f5;&#x1f1f1; <a href=\"https:\/\/twitter.com\/TMarczynski?ref_src=twsrc%5Etfw\">@TMarczynski<\/a> &#8211; 2x stage winner<br \/>\n&#x1f1e7;&#x1f1ea; <a href=\"https:\/\/twitter.com\/Toshvds?ref_src=twsrc%5Etfw\">@Toshvds<\/a> &#8211; 3x stage podium<br \/>\n&#x1f1e7;&#x1f1ea; <a href=\"https:\/\/twitter.com\/rere147?ref_src=twsrc%5Etfw\">@rere147<\/a> &#8211; 2nd Vuelta<br \/>\n&#x1f1e7;&#x1f1ea; <a href=\"https:\/\/twitter.com\/KobeGoossens?ref_src=twsrc%5Etfw\">@KobeGoossens<\/a> &#8211; GT debut<br \/>\n&#x1f1e7;&#x1f1ea; <a href=\"https:\/\/twitter.com\/Brentvanmoer?ref_src=twsrc%5Etfw\">@Brentvanmoer<\/a> &#8211; GT debut<br \/>\n&#x1f1e7;&#x1f1ea; <a href=\"https:\/\/twitter.com\/Thijssen_Gerben?ref_src=twsrc%5Etfw\">@Thijssen_Gerben<\/a> &#8211; GT debut<br \/>\n&#x1f1e7;&#x1f1ea; <a href=\"https:\/\/twitter.com\/Stan_Dewulf1?ref_src=twsrc%5Etfw\">@Stan_Dewulf1<\/a> &#8211; GT debut <a href=\"https:\/\/t.co\/PtLwues59V\">pic.twitter.com\/PtLwues59V<\/a><\/p>\n<p>\u2014 Lotto Soudal (@Lotto_Soudal) <a href=\"https:\/\/twitter.com\/Lotto_Soudal\/status\/1317045238003847169?ref_src=twsrc%5Etfw\">October 16, 2020<\/a><\/p><\/blockquote>\n<p><script async src=\"https:\/\/platform.twitter.com\/widgets.js\" charset=\"utf-8\"><\/script><\/p>\n<hr \/>\n<h2 style=\"text-align: justify;\">&#x2714;&#xfe0f; Mitchelton &#8211; Scott<\/h2>\n<p style=\"text-align: justify;\"><strong> Esteban Chaves<\/strong> &#8211; Alexander Edmonson &#8211; Tsgabu Grmay &#8211; Mikkel Nieve &#8211; Dion Smith &#8211; Nick Schultz &#8211; Callum Scotson &#8211; Robert Stannard<\/p>\n<blockquote class=\"twitter-tweet\">\n<p dir=\"ltr\" lang=\"en\">&#x1f4f0; PREVIEW &#x1f4f0; \u00ab\u00a0If you have good legs then you need to be aggressive from the start.\u00a0\u00bb &#8211; <a href=\"https:\/\/twitter.com\/estecharu?ref_src=twsrc%5Etfw\">@estecharu<\/a>&#x1f399;<\/p>\n<p>&#x1f534;Our <a href=\"https:\/\/twitter.com\/hashtag\/LaVuelta20?src=hash&amp;ref_src=twsrc%5Etfw\">#LaVuelta20<\/a> team line-up &#x1f534;<a href=\"https:\/\/twitter.com\/estecharu?ref_src=twsrc%5Etfw\">@estecharu<\/a><a href=\"https:\/\/twitter.com\/alexedmo?ref_src=twsrc%5Etfw\">@alexedmo<\/a><a href=\"https:\/\/twitter.com\/TsgabuG?ref_src=twsrc%5Etfw\">@TsgabuG<\/a><a href=\"https:\/\/twitter.com\/NieveMikel?ref_src=twsrc%5Etfw\">@NieveMikel<\/a><a href=\"https:\/\/twitter.com\/DionSmithy?ref_src=twsrc%5Etfw\">@DionSmithy<\/a><a href=\"https:\/\/twitter.com\/nick_schultz5?ref_src=twsrc%5Etfw\">@nick_schultz5<\/a><a href=\"https:\/\/twitter.com\/CallumScotson?ref_src=twsrc%5Etfw\">@CallumScotson<\/a><a href=\"https:\/\/twitter.com\/stannardrj?ref_src=twsrc%5Etfw\">@stannardrj<\/a><\/p>\n<p>Full details&#x25b6;&#xfe0f;<a href=\"https:\/\/t.co\/d1crpGjYZ8\">https:\/\/t.co\/d1crpGjYZ8<\/a> <a href=\"https:\/\/t.co\/NUkSpHFi1T\">pic.twitter.com\/NUkSpHFi1T<\/a><\/p>\n<p>\u2014 Mitchelton-SCOTT (@MitcheltonSCOTT) <a href=\"https:\/\/twitter.com\/MitcheltonSCOTT\/status\/1316640124931895296?ref_src=twsrc%5Etfw\">October 15, 2020<\/a><\/p><\/blockquote>\n<p><script async src=\"https:\/\/platform.twitter.com\/widgets.js\" charset=\"utf-8\"><\/script><\/p>\n<hr \/>\n<h2 style=\"text-align: justify;\">&#x2714;&#xfe0f; Movistar<\/h2>\n<p style=\"text-align: justify;\">Jorge Arcas &#8211; Imanol Erviti &#8211; <strong>Enric Mas<\/strong> &#8211; Nelson Oliveira &#8211; Jos\u00e9 Joaqu\u00edn Rojas &#8211; Marc Soler &#8211; <strong>Alejandro Valverde<\/strong> &#8211; Carlos Verona<\/p>\n<blockquote class=\"twitter-tweet\">\n<p dir=\"ltr\" lang=\"en\">&#x1f6b4;&#x200d;&#x2642;&#xfe0f;&#x1f1ea;&#x1f1f8;&#x1f499; <a href=\"https:\/\/twitter.com\/lavuelta?ref_src=twsrc%5Etfw\">@lavuelta<\/a> (20 Oct &#8211; 8 Nov), gran objetivo final 2020 de Movistar Team \u2192 <a href=\"https:\/\/t.co\/kjEDSWpdhg\">https:\/\/t.co\/kjEDSWpdhg<\/a><\/p>\n<p>&#x24c2;&#xfe0f;&#x1f44a; <a href=\"https:\/\/twitter.com\/EnricMasNicolau?ref_src=twsrc%5Etfw\">@EnricMasNicolau<\/a>, <a href=\"https:\/\/twitter.com\/alejanvalverde?ref_src=twsrc%5Etfw\">@alejanvalverde<\/a>, <a href=\"https:\/\/twitter.com\/solermarc93?ref_src=twsrc%5Etfw\">@solermarc93<\/a>, <a href=\"https:\/\/twitter.com\/Carlos_Verona?ref_src=twsrc%5Etfw\">@Carlos_Verona<\/a>, <a href=\"https:\/\/twitter.com\/ImanolErviti?ref_src=twsrc%5Etfw\">@ImanolErviti<\/a>, <a href=\"https:\/\/twitter.com\/Arcas92?ref_src=twsrc%5Etfw\">@Arcas92<\/a>, <a href=\"https:\/\/twitter.com\/Nelsoliveira89?ref_src=twsrc%5Etfw\">@Nelsoliveira89<\/a>. <a href=\"https:\/\/twitter.com\/jjrojillas?ref_src=twsrc%5Etfw\">@jjrojillas<\/a><\/p>\n<p>Our <a href=\"https:\/\/twitter.com\/hashtag\/LaVuelta20?src=hash&amp;ref_src=twsrc%5Etfw\">#LaVuelta20<\/a> lineup \u2192 <a href=\"https:\/\/t.co\/4I2mpDB4DH\">https:\/\/t.co\/4I2mpDB4DH<\/a><\/p>\n<p>\u2014 Movistar Team (@Movistar_Team) <a href=\"https:\/\/twitter.com\/Movistar_Team\/status\/1316644911807115264?ref_src=twsrc%5Etfw\">October 15, 2020<\/a><\/p><\/blockquote>\n<p><script async src=\"https:\/\/platform.twitter.com\/widgets.js\" charset=\"utf-8\"><\/script><\/p>\n<hr \/>\n<h2 style=\"text-align: justify;\">&#x2714;&#xfe0f; NTT Pro Cycling<\/h2>\n<p style=\"text-align: justify;\"><strong>Carlos Barbero<\/strong> &#8211; Stefan de Bod &#8211; Nic Dlamini &#8211; Benjamin Dyball &#8211; Enrico Gasparotto &#8211; Michael Valgren &#8211; Janse van Rensburg &#8211; Gino M\u00e4der<\/p>\n<blockquote class=\"twitter-tweet\">\n<p dir=\"ltr\" lang=\"en\">&#x1f1ea;&#x1f1f8; <a href=\"https:\/\/twitter.com\/hashtag\/LaVuelta20?src=hash&amp;ref_src=twsrc%5Etfw\">#LaVuelta20<\/a><\/p>\n<p>The final grand tour of the season, and what will be our final race of the year&#8230; here is our team for <a href=\"https:\/\/twitter.com\/lavuelta?ref_src=twsrc%5Etfw\">@lavuelta<\/a>!<\/p>\n<p>Details: <a href=\"https:\/\/t.co\/NsERrv9MKZ\">https:\/\/t.co\/NsERrv9MKZ<\/a> <a href=\"https:\/\/t.co\/Xb3vDudtYu\">pic.twitter.com\/Xb3vDudtYu<\/a><\/p>\n<p>\u2014 NTT Pro Cycling (@NTTProCycling) <a href=\"https:\/\/twitter.com\/NTTProCycling\/status\/1317424066425458690?ref_src=twsrc%5Etfw\">October 17, 2020<\/a><\/p><\/blockquote>\n<p><script async src=\"https:\/\/platform.twitter.com\/widgets.js\" charset=\"utf-8\"><\/script><\/p>\n<hr \/>\n<h2 style=\"text-align: justify;\">&#x2714;&#xfe0f; Sunweb<\/h2>\n<p style=\"text-align: justify;\">Thymen Arensman &#8211; Mark Donovan &#8211; Max Kanter &#8211; Robert Power &#8211; Martin Salmon &#8211; Michael Storer &#8211; Jasha S\u00fctterlin &#8211; Ilan van Wilder<\/p>\n<blockquote class=\"twitter-tweet\">\n<p dir=\"ltr\" lang=\"en\"><a href=\"https:\/\/twitter.com\/hashtag\/LaVuelta20?src=hash&amp;ref_src=twsrc%5Etfw\">#LaVuelta20<\/a><\/p>\n<p>The guys who will be repping our colours across Spain <a href=\"https:\/\/twitter.com\/lavuelta?ref_src=twsrc%5Etfw\">@lavuelta<\/a>&#x1f44a;&#x1f3fb;<\/p>\n<p>&#x1f1f3;&#x1f1f1; <a href=\"https:\/\/twitter.com\/ThymenArensman?ref_src=twsrc%5Etfw\">@ThymenArensman<\/a><br \/>\n&#x1f1ec;&#x1f1e7; <a href=\"https:\/\/twitter.com\/markdon99?ref_src=twsrc%5Etfw\">@markdon99<\/a><br \/>\n&#x1f1e9;&#x1f1ea; Max Kanter<br \/>\n&#x1f1e6;&#x1f1fa; Robert Power<br \/>\n&#x1f1e9;&#x1f1ea; Martin Salmon<br \/>\n&#x1f1e6;&#x1f1fa; <a href=\"https:\/\/twitter.com\/mjstorer_au?ref_src=twsrc%5Etfw\">@mjstorer_au<\/a><br \/>\n&#x1f1e9;&#x1f1ea; <a href=\"https:\/\/twitter.com\/JashaStterlin?ref_src=twsrc%5Etfw\">@JashaStterlin<\/a><br \/>\n&#x1f1e7;&#x1f1ea; <a href=\"https:\/\/twitter.com\/IlanWilder?ref_src=twsrc%5Etfw\">@IlanWilder<\/a><\/p>\n<p>&#x1f4bb;<a href=\"https:\/\/t.co\/jqfjil9SrO\">https:\/\/t.co\/jqfjil9SrO<\/a> <a href=\"https:\/\/t.co\/qYmhxFRroM\">pic.twitter.com\/qYmhxFRroM<\/a><\/p>\n<p>\u2014 Team Sunweb (@TeamSunweb) <a href=\"https:\/\/twitter.com\/TeamSunweb\/status\/1317035054439301120?ref_src=twsrc%5Etfw\">October 16, 2020<\/a><\/p><\/blockquote>\n<p><script async src=\"https:\/\/platform.twitter.com\/widgets.js\" charset=\"utf-8\"><\/script><\/p>\n<hr \/>\n<h2 style=\"text-align: justify;\">&#x2714;&#xfe0f; Total Direct \u00c9nergie<\/h2>\n<p style=\"text-align: justify;\">Valentin Ferron &#8211; Jonathan Hivert &#8211; Pim Lighart &#8211; Lorrenzo Manzin &#8211; Paul Ourselin &#8211; Romain Sicard &#8211; Julien Simon &#8211; Niki Terpstra<\/p>\n<blockquote class=\"twitter-tweet\">\n<p dir=\"ltr\" lang=\"fr\">Un m\u00e9lange d&rsquo;exp\u00e9rience, de fougue et de jeunesse pour porter haut les couleurs du Team en Espagne &#x1f535;&#x1f534;<a href=\"https:\/\/twitter.com\/hashtag\/AllezTotalDirectEnergie?src=hash&amp;ref_src=twsrc%5Etfw\">#AllezTotalDirectEnergie<\/a>&#x26a1; <a href=\"https:\/\/twitter.com\/hashtag\/LaVuelta20?src=hash&amp;ref_src=twsrc%5Etfw\">#LaVuelta20<\/a><\/p>\n<p>\u2014 Team Total Direct Energie (@TDE_ProCycling) <a href=\"https:\/\/twitter.com\/TDE_ProCycling\/status\/1317048880828211202?ref_src=twsrc%5Etfw\">October 16, 2020<\/a><\/p><\/blockquote>\n<p><script async src=\"https:\/\/platform.twitter.com\/widgets.js\" charset=\"utf-8\"><\/script><\/p>\n<hr \/>\n<h2 style=\"text-align: justify;\">&#x2714;&#xfe0f; Trek &#8211; Segafredo<\/h2>\n<p style=\"text-align: justify;\">Niklas Eg &#8211; <strong>Kenny Elissonde<\/strong> &#8211; Koen de Kort &#8211; Alexander Kamp &#8211; Em\u012bls Liepi\u0146\u0161 &#8211; Juan Pedro L\u00f3pez &#8211; Matteo Moschetti &#8211; Michel Ries<\/p>\n<blockquote class=\"twitter-tweet\">\n<p dir=\"ltr\" lang=\"en\"><a href=\"https:\/\/twitter.com\/hashtag\/LaVuelta20?src=hash&amp;ref_src=twsrc%5Etfw\">#LaVuelta20<\/a> starts next week &amp; we\u2019re bringing a young and ambitious team to fight for stage wins &#x1f4aa;<br \/>\nOur roster:<a href=\"https:\/\/twitter.com\/NiklasEg?ref_src=twsrc%5Etfw\">@NiklasEg<\/a> &#x1f1e9;&#x1f1f0;<a href=\"https:\/\/twitter.com\/KennyElissonde?ref_src=twsrc%5Etfw\">@KennyElissonde<\/a> &#x1f1eb;&#x1f1f7;<a href=\"https:\/\/twitter.com\/koendekort?ref_src=twsrc%5Etfw\">@koendekort<\/a> &#x1f1f3;&#x1f1f1;<a href=\"https:\/\/twitter.com\/AlexanderKamp1?ref_src=twsrc%5Etfw\">@AlexanderKamp1<\/a> &#x1f1e9;&#x1f1f0;<a href=\"https:\/\/twitter.com\/Emils_Liepins?ref_src=twsrc%5Etfw\">@Emils_Liepins<\/a> &#x1f1f1;&#x1f1fb;<a href=\"https:\/\/twitter.com\/juanpelopez97?ref_src=twsrc%5Etfw\">@juanpelopez97<\/a> &#x1f1ea;&#x1f1f8;<a href=\"https:\/\/twitter.com\/moschettiteo?ref_src=twsrc%5Etfw\">@moschettiteo<\/a> &#x1f1ee;&#x1f1f9;<a href=\"https:\/\/twitter.com\/RiesMichel?ref_src=twsrc%5Etfw\">@RiesMichel<\/a> &#x1f1f1;&#x1f1fa;<\/p>\n<p>PREVIEW: <a href=\"https:\/\/t.co\/beQB07cqfB\">https:\/\/t.co\/beQB07cqfB<\/a> <a href=\"https:\/\/t.co\/SPTC6jsiUN\">pic.twitter.com\/SPTC6jsiUN<\/a><\/p>\n<p>\u2014 Trek-Segafredo (@TrekSegafredo) <a href=\"https:\/\/twitter.com\/TrekSegafredo\/status\/1316651681527062528?ref_src=twsrc%5Etfw\">October 15, 2020<\/a><\/p><\/blockquote>\n<p><script async src=\"https:\/\/platform.twitter.com\/widgets.js\" charset=\"utf-8\"><\/script><\/p>\n<hr \/>\n<h2 style=\"text-align: justify;\">&#x2714;&#xfe0f; UAE Team Emirates<\/h2>\n<p class=\"mvp-post-title left entry-title\" style=\"text-align: justify;\"><strong>David De La Cruz<\/strong> &#8211; <strong>Davide Formolo<\/strong> &#8211; Alessandro Covi &#8211; Jasper Philipsen &#8211; Rui Costa &#8211; <strong>Sergio Henao<\/strong> &#8211; Aleksandr Riabushenko &#8211; Ivo Oliveira<\/p>\n<blockquote class=\"twitter-tweet\">\n<p dir=\"ltr\" lang=\"en\">We&rsquo;re excited to announce our lineup for <a href=\"https:\/\/twitter.com\/hashtag\/LaVuelta20?src=hash&amp;ref_src=twsrc%5Etfw\">#LaVuelta20<\/a> :<\/p>\n<p>&#x1f1ea;&#x1f1f8; <a href=\"https:\/\/twitter.com\/iamdlax?ref_src=twsrc%5Etfw\">@iamdlax<\/a><br \/>\n&#x1f1ee;&#x1f1f9; <a href=\"https:\/\/twitter.com\/davideformolo?ref_src=twsrc%5Etfw\">@davideformolo<\/a><br \/>\n&#x1f1ee;&#x1f1f9; <a href=\"https:\/\/twitter.com\/AlessandroCovi?ref_src=twsrc%5Etfw\">@AlessandroCovi<\/a><br \/>\n&#x1f1e7;&#x1f1ea; <a href=\"https:\/\/twitter.com\/JasperPhilipsen?ref_src=twsrc%5Etfw\">@JasperPhilipsen<\/a><br \/>\n&#x1f1f5;&#x1f1f9; <a href=\"https:\/\/twitter.com\/RuiCostaCyclist?ref_src=twsrc%5Etfw\">@RuiCostaCyclist<\/a><br \/>\n&#x1f1e8;&#x1f1f4; <a href=\"https:\/\/twitter.com\/sergiohenaoofic?ref_src=twsrc%5Etfw\">@sergiohenaoofic<\/a><br \/>\n&#x1f1e7;&#x1f1fe; <a href=\"https:\/\/twitter.com\/AlexRiabushenko?ref_src=twsrc%5Etfw\">@AlexRiabushenko<\/a><br \/>\n&#x1f1f5;&#x1f1f9; <a href=\"https:\/\/twitter.com\/IvOliveira96?ref_src=twsrc%5Etfw\">@IvOliveira96<\/a><\/p>\n<p>&#x1f4dd;&gt; <a href=\"https:\/\/t.co\/GPWrjG8Erw\">https:\/\/t.co\/GPWrjG8Erw<\/a><a href=\"https:\/\/twitter.com\/hashtag\/UAETeamEmirates?src=hash&amp;ref_src=twsrc%5Etfw\">#UAETeamEmirates<\/a> <a href=\"https:\/\/twitter.com\/hashtag\/RideTogether?src=hash&amp;ref_src=twsrc%5Etfw\">#RideTogether<\/a> <a href=\"https:\/\/t.co\/CDSdP5yFsP\">pic.twitter.com\/CDSdP5yFsP<\/a><\/p>\n<p>\u2014 @UAE-TeamEmirates (@TeamUAEAbuDhabi) <a href=\"https:\/\/twitter.com\/TeamUAEAbuDhabi\/status\/1316650487861608449?ref_src=twsrc%5Etfw\">October 15, 2020<\/a><\/p><\/blockquote>\n<p><script async src=\"https:\/\/platform.twitter.com\/widgets.js\" charset=\"utf-8\"><\/script><\/p>\n<p style=\"text-align: center;\"><a href=\"http:\/\/dicodusport.fr\/blog\/tour-d-espagne-2020-composition-des-equipes\/\" class=\"su-button su-button-style-flat\" style=\"color:#FFFFFF;background-color:#0057ae;border-color:#00468c;border-radius:4px\" target=\"_self\"><span style=\"color:#FFFFFF;padding:0px 22px;font-size:17px;line-height:34px;border-color:#4d8ac7;border-radius:4px;text-shadow:none\"> <strong>Revenir au d\u00e9but<\/strong><\/span><\/a>\n<p><strong><em>Dicodusport<br \/>\n<a href=\"https:\/\/www.facebook.com\/dicodusport\/\" target=\"_blank\" rel=\"noopener noreferrer\"><img loading=\"lazy\" decoding=\"async\" class=\"alignnone wp-image-2909\" src=\"http:\/\/dicodusport.fr\/blog\/wp-content\/uploads\/2017\/07\/logo-facebook-150x150.png\" alt=\"\" width=\"40\" height=\"40\" \/><\/a><a href=\"https:\/\/twitter.com\/dicodusport\" target=\"_blank\" rel=\"noopener noreferrer\"><img loading=\"lazy\" decoding=\"async\" class=\"alignnone wp-image-2908\" src=\"http:\/\/dicodusport.fr\/blog\/wp-content\/uploads\/2017\/07\/logo-twitter-150x150.png\" alt=\"\" width=\"39\" height=\"39\" \/><\/a><\/em><\/strong><\/p>\n","protected":false},"excerpt":{"rendered":"<p>CYCLISME &#8211; Le Tour d&rsquo;Espagne 2020 d\u00e9bute ce mardi 20 octobre. D\u00e9couvrez les s\u00e9lections des \u00e9quipes au d\u00e9part de cette 75\u00e8me Vuelta.<\/p>\n","protected":false},"author":4,"featured_media":82835,"comment_status":"open","ping_status":"closed","sticky":false,"template":"","format":"standard","meta":{"_acf_changed":false,"_daextam_enable_autolinks":"","footnotes":""},"categories":[47042],"tags":[1671],"class_list":["post-82831","post","type-post","status-publish","format-standard","has-post-thumbnail","hentry","category-tour-d-espagne","tag-tour-despagne"],"acf":[],"yoast_head":"<!-- This site is optimized with the Yoast SEO Premium plugin v26.7 (Yoast SEO v26.7) - https:\/\/yoast.com\/wordpress\/plugins\/seo\/ -->\n<title>Tour d&#039;Espagne 2020 : la composition des \u00e9quipes<\/title>\n<meta name=\"description\" content=\"CYCLISME - Le Tour d&#039;Espagne 2020 d\u00e9bute ce mardi 20 octobre. D\u00e9couvrez les s\u00e9lections des \u00e9quipes au d\u00e9part de cette 75\u00e8me Vuelta.\" \/>\n<meta name=\"robots\" content=\"index, follow, max-snippet:-1, max-image-preview:large, max-video-preview:-1\" \/>\n<link rel=\"canonical\" href=\"https:\/\/dicodusport.fr\/blog\/tour-d-espagne-2020-composition-des-equipes\/\" \/>\n<link rel=\"next\" href=\"https:\/\/dicodusport.fr\/blog\/tour-d-espagne-2020-composition-des-equipes\/2\/\" \/>\n<meta property=\"og:locale\" content=\"fr_FR\" \/>\n<meta property=\"og:type\" content=\"article\" \/>\n<meta property=\"og:title\" content=\"Tour d&#039;Espagne 2020 : la composition des \u00e9quipes\" \/>\n<meta property=\"og:description\" content=\"CYCLISME - Le Tour d&#039;Espagne 2020 d\u00e9bute ce mardi 20 octobre. D\u00e9couvrez les s\u00e9lections des \u00e9quipes au d\u00e9part de cette 75\u00e8me Vuelta.\" \/>\n<meta property=\"og:url\" content=\"https:\/\/dicodusport.fr\/blog\/tour-d-espagne-2020-composition-des-equipes\/\" \/>\n<meta property=\"og:site_name\" content=\"Dicodusport\" \/>\n<meta property=\"article:publisher\" content=\"https:\/\/www.facebook.com\/dicodusport\" \/>\n<meta property=\"article:author\" content=\"https:\/\/www.facebook.com\/florent.ostermann\" \/>\n<meta property=\"article:published_time\" content=\"2020-10-16T15:22:26+00:00\" \/>\n<meta property=\"article:modified_time\" content=\"2020-10-19T15:52:25+00:00\" \/>\n<meta property=\"og:image\" content=\"https:\/\/dicodusport.fr\/blog\/wp-content\/uploads\/2020\/10\/Tour-dEspagne-2020-La-composition-des-\u00e9quipes.png\" \/>\n\t<meta property=\"og:image:width\" content=\"800\" \/>\n\t<meta property=\"og:image:height\" content=\"445\" \/>\n\t<meta property=\"og:image:type\" content=\"image\/png\" \/>\n<meta name=\"author\" content=\"Flo Ostermann\" \/>\n<meta name=\"twitter:card\" content=\"summary_large_image\" \/>\n<meta name=\"twitter:title\" content=\"Tour d&#039;Espagne 2020 : la composition des \u00e9quipes\" \/>\n<meta name=\"twitter:creator\" content=\"@https:\/\/twitter.com\/FlOstermann\" \/>\n<meta name=\"twitter:site\" content=\"@dicodusport\" \/>\n<script type=\"application\/ld+json\" class=\"yoast-schema-graph\">{\"@context\":\"https:\/\/schema.org\",\"@graph\":[{\"@type\":\"NewsArticle\",\"@id\":\"https:\/\/dicodusport.fr\/blog\/tour-d-espagne-2020-composition-des-equipes\/#article\",\"isPartOf\":{\"@id\":\"https:\/\/dicodusport.fr\/blog\/tour-d-espagne-2020-composition-des-equipes\/\"},\"author\":{\"name\":\"Flo Ostermann\",\"@id\":\"https:\/\/dicodusport.fr\/blog\/#\/schema\/person\/cb02af4c173ce4a653b55e9baf388d4a\"},\"headline\":\"Tour d&rsquo;Espagne 2020 : la composition des \u00e9quipes\",\"datePublished\":\"2020-10-16T15:22:26+00:00\",\"dateModified\":\"2020-10-19T15:52:25+00:00\",\"mainEntityOfPage\":{\"@id\":\"https:\/\/dicodusport.fr\/blog\/tour-d-espagne-2020-composition-des-equipes\/\"},\"wordCount\":2207,\"commentCount\":0,\"publisher\":{\"@id\":\"https:\/\/dicodusport.fr\/blog\/#organization\"},\"image\":{\"@id\":\"https:\/\/dicodusport.fr\/blog\/tour-d-espagne-2020-composition-des-equipes\/#primaryimage\"},\"thumbnailUrl\":\"https:\/\/dicodusport.fr\/blog\/wp-content\/uploads\/2020\/10\/Tour-dEspagne-2020-La-composition-des-\u00e9quipes.png\",\"keywords\":[\"Tour d'Espagne\"],\"articleSection\":[\"Tour d'Espagne\"],\"inLanguage\":\"fr-FR\",\"potentialAction\":[{\"@type\":\"CommentAction\",\"name\":\"Comment\",\"target\":[\"https:\/\/dicodusport.fr\/blog\/tour-d-espagne-2020-composition-des-equipes\/#respond\"]}],\"copyrightYear\":\"2020\",\"copyrightHolder\":{\"@id\":\"https:\/\/dicodusport.fr\/blog\/#organization\"}},{\"@type\":\"WebPage\",\"@id\":\"https:\/\/dicodusport.fr\/blog\/tour-d-espagne-2020-composition-des-equipes\/\",\"url\":\"https:\/\/dicodusport.fr\/blog\/tour-d-espagne-2020-composition-des-equipes\/\",\"name\":\"Tour d'Espagne 2020 : la composition des \u00e9quipes\",\"isPartOf\":{\"@id\":\"https:\/\/dicodusport.fr\/blog\/#website\"},\"primaryImageOfPage\":{\"@id\":\"https:\/\/dicodusport.fr\/blog\/tour-d-espagne-2020-composition-des-equipes\/#primaryimage\"},\"image\":{\"@id\":\"https:\/\/dicodusport.fr\/blog\/tour-d-espagne-2020-composition-des-equipes\/#primaryimage\"},\"thumbnailUrl\":\"https:\/\/dicodusport.fr\/blog\/wp-content\/uploads\/2020\/10\/Tour-dEspagne-2020-La-composition-des-\u00e9quipes.png\",\"datePublished\":\"2020-10-16T15:22:26+00:00\",\"dateModified\":\"2020-10-19T15:52:25+00:00\",\"description\":\"CYCLISME - Le Tour d'Espagne 2020 d\u00e9bute ce mardi 20 octobre. D\u00e9couvrez les s\u00e9lections des \u00e9quipes au d\u00e9part de cette 75\u00e8me Vuelta.\",\"inLanguage\":\"fr-FR\",\"potentialAction\":[{\"@type\":\"ReadAction\",\"target\":[\"https:\/\/dicodusport.fr\/blog\/tour-d-espagne-2020-composition-des-equipes\/\"]}]},{\"@type\":\"ImageObject\",\"inLanguage\":\"fr-FR\",\"@id\":\"https:\/\/dicodusport.fr\/blog\/tour-d-espagne-2020-composition-des-equipes\/#primaryimage\",\"url\":\"https:\/\/dicodusport.fr\/blog\/wp-content\/uploads\/2020\/10\/Tour-dEspagne-2020-La-composition-des-\u00e9quipes.png\",\"contentUrl\":\"https:\/\/dicodusport.fr\/blog\/wp-content\/uploads\/2020\/10\/Tour-dEspagne-2020-La-composition-des-\u00e9quipes.png\",\"width\":800,\"height\":445,\"caption\":\"Tour d'Espagne 2020 - La composition des \u00e9quipes\"},{\"@type\":\"WebSite\",\"@id\":\"https:\/\/dicodusport.fr\/blog\/#website\",\"url\":\"https:\/\/dicodusport.fr\/blog\/\",\"name\":\"Dicodusport\",\"description\":\"L&#039;encyclop\u00e9die de l&#039;actualit\u00e9 sportive\",\"publisher\":{\"@id\":\"https:\/\/dicodusport.fr\/blog\/#organization\"},\"potentialAction\":[{\"@type\":\"SearchAction\",\"target\":{\"@type\":\"EntryPoint\",\"urlTemplate\":\"https:\/\/dicodusport.fr\/blog\/?s={search_term_string}\"},\"query-input\":{\"@type\":\"PropertyValueSpecification\",\"valueRequired\":true,\"valueName\":\"search_term_string\"}}],\"inLanguage\":\"fr-FR\"},{\"@type\":\"NewsMediaOrganization\",\"@id\":\"https:\/\/dicodusport.fr\/blog\/#organization\",\"name\":\"Dicodusport\",\"url\":\"https:\/\/dicodusport.fr\/blog\/\",\"logo\":{\"@type\":\"ImageObject\",\"inLanguage\":\"fr-FR\",\"@id\":\"https:\/\/dicodusport.fr\/blog\/#\/schema\/logo\/image\/\",\"url\":\"https:\/\/dicodusport.fr\/blog\/wp-content\/uploads\/2020\/06\/cropped-LOGO-DICODUSPORT-2020-SANS-FOND-SANS-TEXTE.png\",\"contentUrl\":\"https:\/\/dicodusport.fr\/blog\/wp-content\/uploads\/2020\/06\/cropped-LOGO-DICODUSPORT-2020-SANS-FOND-SANS-TEXTE.png\",\"width\":512,\"height\":512,\"caption\":\"Dicodusport\"},\"image\":{\"@id\":\"https:\/\/dicodusport.fr\/blog\/#\/schema\/logo\/image\/\"},\"sameAs\":[\"https:\/\/www.facebook.com\/dicodusport\",\"https:\/\/x.com\/dicodusport\",\"https:\/\/www.instagram.com\/dicodusport\/\",\"https:\/\/www.youtube.com\/channel\/UC7V2KZ5sd3htJivAbA4ZG3w\"],\"description\":\"Dicodusport est l'encyclop\u00e9die de l'actualit\u00e9 sportive.\",\"email\":\"bonjour@dicodusport.fr\",\"legalName\":\"DICODUSPORT\",\"foundingDate\":\"2018-01-14\",\"vatID\":\"FR71834470973\",\"taxID\":\"83447097300043\",\"numberOfEmployees\":{\"@type\":\"QuantitativeValue\",\"minValue\":\"1\",\"maxValue\":\"10\"}},{\"@type\":\"Person\",\"@id\":\"https:\/\/dicodusport.fr\/blog\/#\/schema\/person\/cb02af4c173ce4a653b55e9baf388d4a\",\"name\":\"Flo Ostermann\",\"image\":{\"@type\":\"ImageObject\",\"inLanguage\":\"fr-FR\",\"@id\":\"https:\/\/dicodusport.fr\/blog\/#\/schema\/person\/image\/\",\"url\":\"https:\/\/dicodusport.fr\/blog\/wp-content\/uploads\/2021\/05\/Flo-Ostermann-150x150.jpg\",\"contentUrl\":\"https:\/\/dicodusport.fr\/blog\/wp-content\/uploads\/2021\/05\/Flo-Ostermann-150x150.jpg\",\"caption\":\"Flo Ostermann\"},\"description\":\"Journaliste\/R\u00e9dacteur depuis septembre 2015 - Mes premiers souvenirs dans le sport ? Les envol\u00e9es du Stade Toulousain et les duels Villeneuve-Schumacher et H\u00e4kkinen-Schumacher \u00e0 la fin des ann\u00e9es 90, la Coupe du monde de football en 1998, l\u2019exploit du XV de France face aux All Blacks en 1999, mais aussi Richard C\u0153ur de Lion qui vole sur les montagnes du Tour de France. Bien parti pour devenir professeur d\u2019EPS, les \u00e9v\u00e9nements de la vie (et la flemme d\u2019animer des s\u00e9ances de 3x500 m\u00e8tres toute ma vie) m\u2019ont conduit \u00e0 revoir mes plans. Me voil\u00e0 depuis fin 2017 sur Dicodusport, m\u00e9dia gr\u00e2ce (et pour) lequel je partage ma passion : le sport dans tous ses \u00e9tats. Le tout accompagn\u00e9 par les fous furieux et folles furieuses cit\u00e9s sur cette page !\",\"sameAs\":[\"https:\/\/www.facebook.com\/florent.ostermann\",\"https:\/\/x.com\/https:\/\/twitter.com\/FlOstermann\",\"admin\"],\"url\":\"https:\/\/dicodusport.fr\/blog\/author\/flo\/\"}]}<\/script>\n<!-- \/ Yoast SEO Premium plugin. -->","yoast_head_json":{"title":"Tour d'Espagne 2020 : la composition des \u00e9quipes","description":"CYCLISME - Le Tour d'Espagne 2020 d\u00e9bute ce mardi 20 octobre. D\u00e9couvrez les s\u00e9lections des \u00e9quipes au d\u00e9part de cette 75\u00e8me Vuelta.","robots":{"index":"index","follow":"follow","max-snippet":"max-snippet:-1","max-image-preview":"max-image-preview:large","max-video-preview":"max-video-preview:-1"},"canonical":"https:\/\/dicodusport.fr\/blog\/tour-d-espagne-2020-composition-des-equipes\/","next":"https:\/\/dicodusport.fr\/blog\/tour-d-espagne-2020-composition-des-equipes\/2\/","og_locale":"fr_FR","og_type":"article","og_title":"Tour d'Espagne 2020 : la composition des \u00e9quipes","og_description":"CYCLISME - Le Tour d'Espagne 2020 d\u00e9bute ce mardi 20 octobre. D\u00e9couvrez les s\u00e9lections des \u00e9quipes au d\u00e9part de cette 75\u00e8me Vuelta.","og_url":"https:\/\/dicodusport.fr\/blog\/tour-d-espagne-2020-composition-des-equipes\/","og_site_name":"Dicodusport","article_publisher":"https:\/\/www.facebook.com\/dicodusport","article_author":"https:\/\/www.facebook.com\/florent.ostermann","article_published_time":"2020-10-16T15:22:26+00:00","article_modified_time":"2020-10-19T15:52:25+00:00","og_image":[{"width":800,"height":445,"url":"https:\/\/dicodusport.fr\/blog\/wp-content\/uploads\/2020\/10\/Tour-dEspagne-2020-La-composition-des-\u00e9quipes.png","type":"image\/png"}],"author":"Flo Ostermann","twitter_card":"summary_large_image","twitter_title":"Tour d'Espagne 2020 : la composition des \u00e9quipes","twitter_creator":"@https:\/\/twitter.com\/FlOstermann","twitter_site":"@dicodusport","schema":{"@context":"https:\/\/schema.org","@graph":[{"@type":"NewsArticle","@id":"https:\/\/dicodusport.fr\/blog\/tour-d-espagne-2020-composition-des-equipes\/#article","isPartOf":{"@id":"https:\/\/dicodusport.fr\/blog\/tour-d-espagne-2020-composition-des-equipes\/"},"author":{"name":"Flo Ostermann","@id":"https:\/\/dicodusport.fr\/blog\/#\/schema\/person\/cb02af4c173ce4a653b55e9baf388d4a"},"headline":"Tour d&rsquo;Espagne 2020 : la composition des \u00e9quipes","datePublished":"2020-10-16T15:22:26+00:00","dateModified":"2020-10-19T15:52:25+00:00","mainEntityOfPage":{"@id":"https:\/\/dicodusport.fr\/blog\/tour-d-espagne-2020-composition-des-equipes\/"},"wordCount":2207,"commentCount":0,"publisher":{"@id":"https:\/\/dicodusport.fr\/blog\/#organization"},"image":{"@id":"https:\/\/dicodusport.fr\/blog\/tour-d-espagne-2020-composition-des-equipes\/#primaryimage"},"thumbnailUrl":"https:\/\/dicodusport.fr\/blog\/wp-content\/uploads\/2020\/10\/Tour-dEspagne-2020-La-composition-des-\u00e9quipes.png","keywords":["Tour d'Espagne"],"articleSection":["Tour d'Espagne"],"inLanguage":"fr-FR","potentialAction":[{"@type":"CommentAction","name":"Comment","target":["https:\/\/dicodusport.fr\/blog\/tour-d-espagne-2020-composition-des-equipes\/#respond"]}],"copyrightYear":"2020","copyrightHolder":{"@id":"https:\/\/dicodusport.fr\/blog\/#organization"}},{"@type":"WebPage","@id":"https:\/\/dicodusport.fr\/blog\/tour-d-espagne-2020-composition-des-equipes\/","url":"https:\/\/dicodusport.fr\/blog\/tour-d-espagne-2020-composition-des-equipes\/","name":"Tour d'Espagne 2020 : la composition des \u00e9quipes","isPartOf":{"@id":"https:\/\/dicodusport.fr\/blog\/#website"},"primaryImageOfPage":{"@id":"https:\/\/dicodusport.fr\/blog\/tour-d-espagne-2020-composition-des-equipes\/#primaryimage"},"image":{"@id":"https:\/\/dicodusport.fr\/blog\/tour-d-espagne-2020-composition-des-equipes\/#primaryimage"},"thumbnailUrl":"https:\/\/dicodusport.fr\/blog\/wp-content\/uploads\/2020\/10\/Tour-dEspagne-2020-La-composition-des-\u00e9quipes.png","datePublished":"2020-10-16T15:22:26+00:00","dateModified":"2020-10-19T15:52:25+00:00","description":"CYCLISME - Le Tour d'Espagne 2020 d\u00e9bute ce mardi 20 octobre. D\u00e9couvrez les s\u00e9lections des \u00e9quipes au d\u00e9part de cette 75\u00e8me Vuelta.","inLanguage":"fr-FR","potentialAction":[{"@type":"ReadAction","target":["https:\/\/dicodusport.fr\/blog\/tour-d-espagne-2020-composition-des-equipes\/"]}]},{"@type":"ImageObject","inLanguage":"fr-FR","@id":"https:\/\/dicodusport.fr\/blog\/tour-d-espagne-2020-composition-des-equipes\/#primaryimage","url":"https:\/\/dicodusport.fr\/blog\/wp-content\/uploads\/2020\/10\/Tour-dEspagne-2020-La-composition-des-\u00e9quipes.png","contentUrl":"https:\/\/dicodusport.fr\/blog\/wp-content\/uploads\/2020\/10\/Tour-dEspagne-2020-La-composition-des-\u00e9quipes.png","width":800,"height":445,"caption":"Tour d'Espagne 2020 - La composition des \u00e9quipes"},{"@type":"WebSite","@id":"https:\/\/dicodusport.fr\/blog\/#website","url":"https:\/\/dicodusport.fr\/blog\/","name":"Dicodusport","description":"L&#039;encyclop\u00e9die de l&#039;actualit\u00e9 sportive","publisher":{"@id":"https:\/\/dicodusport.fr\/blog\/#organization"},"potentialAction":[{"@type":"SearchAction","target":{"@type":"EntryPoint","urlTemplate":"https:\/\/dicodusport.fr\/blog\/?s={search_term_string}"},"query-input":{"@type":"PropertyValueSpecification","valueRequired":true,"valueName":"search_term_string"}}],"inLanguage":"fr-FR"},{"@type":"NewsMediaOrganization","@id":"https:\/\/dicodusport.fr\/blog\/#organization","name":"Dicodusport","url":"https:\/\/dicodusport.fr\/blog\/","logo":{"@type":"ImageObject","inLanguage":"fr-FR","@id":"https:\/\/dicodusport.fr\/blog\/#\/schema\/logo\/image\/","url":"https:\/\/dicodusport.fr\/blog\/wp-content\/uploads\/2020\/06\/cropped-LOGO-DICODUSPORT-2020-SANS-FOND-SANS-TEXTE.png","contentUrl":"https:\/\/dicodusport.fr\/blog\/wp-content\/uploads\/2020\/06\/cropped-LOGO-DICODUSPORT-2020-SANS-FOND-SANS-TEXTE.png","width":512,"height":512,"caption":"Dicodusport"},"image":{"@id":"https:\/\/dicodusport.fr\/blog\/#\/schema\/logo\/image\/"},"sameAs":["https:\/\/www.facebook.com\/dicodusport","https:\/\/x.com\/dicodusport","https:\/\/www.instagram.com\/dicodusport\/","https:\/\/www.youtube.com\/channel\/UC7V2KZ5sd3htJivAbA4ZG3w"],"description":"Dicodusport est l'encyclop\u00e9die de l'actualit\u00e9 sportive.","email":"bonjour@dicodusport.fr","legalName":"DICODUSPORT","foundingDate":"2018-01-14","vatID":"FR71834470973","taxID":"83447097300043","numberOfEmployees":{"@type":"QuantitativeValue","minValue":"1","maxValue":"10"}},{"@type":"Person","@id":"https:\/\/dicodusport.fr\/blog\/#\/schema\/person\/cb02af4c173ce4a653b55e9baf388d4a","name":"Flo Ostermann","image":{"@type":"ImageObject","inLanguage":"fr-FR","@id":"https:\/\/dicodusport.fr\/blog\/#\/schema\/person\/image\/","url":"https:\/\/dicodusport.fr\/blog\/wp-content\/uploads\/2021\/05\/Flo-Ostermann-150x150.jpg","contentUrl":"https:\/\/dicodusport.fr\/blog\/wp-content\/uploads\/2021\/05\/Flo-Ostermann-150x150.jpg","caption":"Flo Ostermann"},"description":"Journaliste\/R\u00e9dacteur depuis septembre 2015 - Mes premiers souvenirs dans le sport ? Les envol\u00e9es du Stade Toulousain et les duels Villeneuve-Schumacher et H\u00e4kkinen-Schumacher \u00e0 la fin des ann\u00e9es 90, la Coupe du monde de football en 1998, l\u2019exploit du XV de France face aux All Blacks en 1999, mais aussi Richard C\u0153ur de Lion qui vole sur les montagnes du Tour de France. Bien parti pour devenir professeur d\u2019EPS, les \u00e9v\u00e9nements de la vie (et la flemme d\u2019animer des s\u00e9ances de 3x500 m\u00e8tres toute ma vie) m\u2019ont conduit \u00e0 revoir mes plans. Me voil\u00e0 depuis fin 2017 sur Dicodusport, m\u00e9dia gr\u00e2ce (et pour) lequel je partage ma passion : le sport dans tous ses \u00e9tats. Le tout accompagn\u00e9 par les fous furieux et folles furieuses cit\u00e9s sur cette page !","sameAs":["https:\/\/www.facebook.com\/florent.ostermann","https:\/\/x.com\/https:\/\/twitter.com\/FlOstermann","admin"],"url":"https:\/\/dicodusport.fr\/blog\/author\/flo\/"}]}},"_links":{"self":[{"href":"https:\/\/dicodusport.fr\/blog\/wp-json\/wp\/v2\/posts\/82831","targetHints":{"allow":["GET"]}}],"collection":[{"href":"https:\/\/dicodusport.fr\/blog\/wp-json\/wp\/v2\/posts"}],"about":[{"href":"https:\/\/dicodusport.fr\/blog\/wp-json\/wp\/v2\/types\/post"}],"author":[{"embeddable":true,"href":"https:\/\/dicodusport.fr\/blog\/wp-json\/wp\/v2\/users\/4"}],"replies":[{"embeddable":true,"href":"https:\/\/dicodusport.fr\/blog\/wp-json\/wp\/v2\/comments?post=82831"}],"version-history":[{"count":0,"href":"https:\/\/dicodusport.fr\/blog\/wp-json\/wp\/v2\/posts\/82831\/revisions"}],"wp:featuredmedia":[{"embeddable":true,"href":"https:\/\/dicodusport.fr\/blog\/wp-json\/wp\/v2\/media\/82835"}],"wp:attachment":[{"href":"https:\/\/dicodusport.fr\/blog\/wp-json\/wp\/v2\/media?parent=82831"}],"wp:term":[{"taxonomy":"category","embeddable":true,"href":"https:\/\/dicodusport.fr\/blog\/wp-json\/wp\/v2\/categories?post=82831"},{"taxonomy":"post_tag","embeddable":true,"href":"https:\/\/dicodusport.fr\/blog\/wp-json\/wp\/v2\/tags?post=82831"}],"curies":[{"name":"wp","href":"https:\/\/api.w.org\/{rel}","templated":true}]}}