{"id":82988,"date":"2020-10-16T15:25:45","date_gmt":"2020-10-16T13:25:45","guid":{"rendered":"https:\/\/dicodusport.fr\/blog\/?p=82988"},"modified":"2020-10-16T15:53:41","modified_gmt":"2020-10-16T13:53:41","slug":"euro-2020-le-tournoi-finalement-dans-un-seul-pays-hote","status":"publish","type":"post","link":"https:\/\/dicodusport.fr\/blog\/euro-2020-le-tournoi-finalement-dans-un-seul-pays-hote\/","title":{"rendered":"Euro 2020 : Le tournoi finalement dans un seul pays h\u00f4te ?"},"content":{"rendered":"<div class=\"Article__paragraph\">\n<div class=\"Paragraph\">\n<p style=\"text-align: justify;\"><strong><em>EURO 2020 &#8211; Le pr\u00e9sident de l&rsquo;UEFA, Aleksander Ceferin, dans des propos relay\u00e9s par Movistar +, a mis en lumi\u00e8re la possibilit\u00e9 de voir l&rsquo;Euro 2020 se disputer dans un seul pays.<\/em><\/strong><\/p>\n<p class=\"Paragraph__content\" style=\"text-align: justify;\">Initialement pr\u00e9vu en 2020, <a href=\"https:\/\/dicodusport.fr\/blog\/leuro-2020-reporte-a-lete-prochain\/\" target=\"_blank\" rel=\"noopener noreferrer\">l&rsquo;<strong>Euro<\/strong> a donc \u00e9t\u00e9 repouss\u00e9 \u00e0 2021<\/a> en raison de la pand\u00e9mie de coronavirus. Lors de sa pr\u00e9sidence \u00e0 la t\u00eate de l&rsquo;<strong>UEFA<\/strong>, <strong>Michel Platini<\/strong> avait souhait\u00e9 que ce dernier se dispute dans 12 pays diff\u00e9rents afin de c\u00e9l\u00e9brer le 60\u00e8me anniversaire de la comp\u00e9tition. De Wembley \u00e0 Munich, en passant par Rome, Copenhague ou encore Bakou, 12 enceintes avaient donc \u00e9t\u00e9 s\u00e9lectionn\u00e9es. Mais avec le contexte sanitaire actuel et son illisibilit\u00e9 dans le temps, le pr\u00e9sident de l&rsquo;UEFA, <strong>Aleksander Ceferin<\/strong>, n&rsquo;a pas exclu de r\u00e9duire ce nombre de lieux d&rsquo;accueil.<\/p>\n<\/div>\n<h2 style=\"text-align: justify;\">Une organisation qui semble complexe<\/h2>\n<p style=\"text-align: justify;\">Sur le papier l&rsquo;id\u00e9e de l&rsquo;ancien num\u00e9ro 10 des Bleus pouvait \u00eatre s\u00e9duisante. Cependant, et ce bien avant l&rsquo;apparition du virus, elle ne faisait pas l&rsquo;unanimit\u00e9 chez des supporters souhaitant assister \u00e0 plusieurs rencontres lors du tournoi. A l&rsquo;image des Final Four de ses comp\u00e9tition europ\u00e9ennes l&rsquo;\u00e9t\u00e9 dernier, l&rsquo;UEFA est en r\u00e9flexion sur la formule \u00e0 adopter pour l&rsquo;organisation du championnat d&rsquo;Europe.<\/p>\n<p style=\"text-align: justify;\">Voici les propos du pr\u00e9sident de l&rsquo;UEFA : <strong>\u00ab<\/strong> <i><strong>En th\u00e9orie, nous pourrions organiser l&rsquo;Euro dans douze, onze, dix, trois pays ou m\u00eame un seul. Nous pouvons le faire, si nous le voulons<\/strong> <strong>\u00bb<\/strong><\/i>, et d&rsquo;ajouter encore : <em><strong>\u00ab<\/strong> <\/em><i><strong>C&rsquo;est un grand d\u00e9fi, mais je suis certain que l&rsquo;Euro aura lieu l&rsquo;an prochain \u00bb.<\/strong><\/i><\/p>\n<p style=\"text-align: justify;\">En revanche il ne s&rsquo;est pas prononc\u00e9 sur le fait que cet \u00e9v\u00e9nement puisse se d\u00e9rouler en pr\u00e9sence de public ou non. L&rsquo;\u00e9volution du contexte sanitaire sera bien entendu d\u00e9terminante, comme pour de nombreux autres \u00e9v\u00e9nements sportifs.<\/p>\n<blockquote class=\"twitter-tweet\">\n<p dir=\"ltr\" lang=\"es\">\u00ab\u00a0Se va a celebrar seguro la Eurocopa 2021, pero podr\u00eda ser en 12 pa\u00edses, 11, 8, 5 o s\u00f3lo en uno\u00a0\u00bb, Ceferin en <a href=\"https:\/\/twitter.com\/hashtag\/NoticiasVamos?src=hash&amp;ref_src=twsrc%5Etfw\">#NoticiasVamos<\/a> <a href=\"https:\/\/t.co\/pxRzmvzrRO\">pic.twitter.com\/pxRzmvzrRO<\/a><\/p>\n<p>\u2014 #Vamos de Movistar+ (@vamos) <a href=\"https:\/\/twitter.com\/vamos\/status\/1316730604390580225?ref_src=twsrc%5Etfw\">October 15, 2020<\/a><\/p><\/blockquote>\n<p><script async src=\"https:\/\/platform.twitter.com\/widgets.js\" charset=\"utf-8\"><\/script><\/p>\n<p><strong><em>Julien Correia<br \/>\n<a href=\"https:\/\/www.facebook.com\/julien.correia.52\" target=\"_blank\" rel=\"noopener noreferrer\"><img loading=\"lazy\" decoding=\"async\" class=\"alignnone wp-image-2909\" src=\"http:\/\/dicodusport.fr\/blog\/wp-content\/uploads\/2017\/07\/logo-facebook-150x150.png\" alt=\"\" width=\"40\" height=\"40\" \/><\/a><a href=\"https:\/\/twitter.com\/julienco_psg70\" target=\"_blank\" rel=\"noopener noreferrer\"><img loading=\"lazy\" decoding=\"async\" class=\"alignnone wp-image-2908\" src=\"http:\/\/dicodusport.fr\/blog\/wp-content\/uploads\/2017\/07\/logo-twitter-150x150.png\" alt=\"\" width=\"39\" height=\"39\" \/><\/a><\/em><\/strong><\/p>\n<\/div>\n","protected":false},"excerpt":{"rendered":"<p>EURO 2020 &#8211; Le pr\u00e9sident de l&rsquo;UEFA, Aleksander Ceferin, dans des propos relay\u00e9s par Movistar +, a mis en lumi\u00e8re la possibilit\u00e9 de voir l&rsquo;Euro 2020 se disputer dans un seul pays.<\/p>\n","protected":false},"author":37,"featured_media":83053,"comment_status":"open","ping_status":"closed","sticky":false,"template":"","format":"standard","meta":{"_acf_changed":false,"_daextam_enable_autolinks":"","footnotes":""},"categories":[2301],"tags":[75,2779],"class_list":["post-82988","post","type-post","status-publish","format-standard","has-post-thumbnail","hentry","category-football","tag-football","tag-uefa"],"acf":[],"yoast_head":"<!-- This site is optimized with the Yoast SEO Premium plugin v26.7 (Yoast SEO v26.7) - https:\/\/yoast.com\/wordpress\/plugins\/seo\/ -->\n<title>Football - Euro 2020 : Le tournoi finalement dans un seul pays h\u00f4te ? - Dicodusport %<\/title>\n<meta name=\"description\" content=\"Le pr\u00e9sident de l&#039;UEFA Aleksander Ceferin a \u00e9voqu\u00e9 la possibilit\u00e9 que l&#039;EURO se dispute dans un seul pays.\" \/>\n<meta name=\"robots\" content=\"index, follow, max-snippet:-1, max-image-preview:large, max-video-preview:-1\" \/>\n<link rel=\"canonical\" href=\"https:\/\/dicodusport.fr\/blog\/euro-2020-le-tournoi-finalement-dans-un-seul-pays-hote\/\" \/>\n<meta property=\"og:locale\" content=\"fr_FR\" \/>\n<meta property=\"og:type\" content=\"article\" \/>\n<meta property=\"og:title\" content=\"Euro 2020 : Le tournoi finalement dans un seul pays h\u00f4te ?\" \/>\n<meta property=\"og:description\" content=\"Le pr\u00e9sident de l&#039;UEFA Aleksander Ceferin a \u00e9voqu\u00e9 la possibilit\u00e9 que l&#039;EURO se dispute dans un seul pays.\" \/>\n<meta property=\"og:url\" content=\"https:\/\/dicodusport.fr\/blog\/euro-2020-le-tournoi-finalement-dans-un-seul-pays-hote\/\" \/>\n<meta property=\"og:site_name\" content=\"Dicodusport\" \/>\n<meta property=\"article:publisher\" content=\"https:\/\/www.facebook.com\/dicodusport\" \/>\n<meta property=\"article:author\" content=\"https:\/\/www.facebook.com\/julien.correia.52\" \/>\n<meta property=\"article:published_time\" content=\"2020-10-16T13:25:45+00:00\" \/>\n<meta property=\"article:modified_time\" content=\"2020-10-16T13:53:41+00:00\" \/>\n<meta property=\"og:image\" content=\"https:\/\/dicodusport.fr\/blog\/wp-content\/uploads\/2020\/10\/Euro-2020-Le-tournoi-finalement-dans-un-seul-pays-h\u00f4te.png\" \/>\n\t<meta property=\"og:image:width\" content=\"800\" \/>\n\t<meta property=\"og:image:height\" content=\"445\" \/>\n\t<meta property=\"og:image:type\" content=\"image\/png\" \/>\n<meta name=\"author\" content=\"Julien Correia\" \/>\n<meta name=\"twitter:card\" content=\"summary_large_image\" \/>\n<meta name=\"twitter:title\" content=\"Euro 2020 : Le tournoi finalement dans un seul pays h\u00f4te ?\" \/>\n<meta name=\"twitter:creator\" content=\"@https:\/\/twitter.com\/julienco_psg70\" \/>\n<meta name=\"twitter:site\" content=\"@dicodusport\" \/>\n<script type=\"application\/ld+json\" class=\"yoast-schema-graph\">{\"@context\":\"https:\/\/schema.org\",\"@graph\":[{\"@type\":\"NewsArticle\",\"@id\":\"https:\/\/dicodusport.fr\/blog\/euro-2020-le-tournoi-finalement-dans-un-seul-pays-hote\/#article\",\"isPartOf\":{\"@id\":\"https:\/\/dicodusport.fr\/blog\/euro-2020-le-tournoi-finalement-dans-un-seul-pays-hote\/\"},\"author\":{\"name\":\"Julien Correia\",\"@id\":\"https:\/\/dicodusport.fr\/blog\/#\/schema\/person\/0f73d157e4670e108e23009fa82f2239\"},\"headline\":\"Euro 2020 : Le tournoi finalement dans un seul pays h\u00f4te ?\",\"datePublished\":\"2020-10-16T13:25:45+00:00\",\"dateModified\":\"2020-10-16T13:53:41+00:00\",\"mainEntityOfPage\":{\"@id\":\"https:\/\/dicodusport.fr\/blog\/euro-2020-le-tournoi-finalement-dans-un-seul-pays-hote\/\"},\"wordCount\":363,\"commentCount\":0,\"publisher\":{\"@id\":\"https:\/\/dicodusport.fr\/blog\/#organization\"},\"image\":{\"@id\":\"https:\/\/dicodusport.fr\/blog\/euro-2020-le-tournoi-finalement-dans-un-seul-pays-hote\/#primaryimage\"},\"thumbnailUrl\":\"https:\/\/dicodusport.fr\/blog\/wp-content\/uploads\/2020\/10\/Euro-2020-Le-tournoi-finalement-dans-un-seul-pays-h\u00f4te.png\",\"keywords\":[\"Football\",\"UEFA\"],\"articleSection\":[\"Football\"],\"inLanguage\":\"fr-FR\",\"potentialAction\":[{\"@type\":\"CommentAction\",\"name\":\"Comment\",\"target\":[\"https:\/\/dicodusport.fr\/blog\/euro-2020-le-tournoi-finalement-dans-un-seul-pays-hote\/#respond\"]}],\"copyrightYear\":\"2020\",\"copyrightHolder\":{\"@id\":\"https:\/\/dicodusport.fr\/blog\/#organization\"}},{\"@type\":\"WebPage\",\"@id\":\"https:\/\/dicodusport.fr\/blog\/euro-2020-le-tournoi-finalement-dans-un-seul-pays-hote\/\",\"url\":\"https:\/\/dicodusport.fr\/blog\/euro-2020-le-tournoi-finalement-dans-un-seul-pays-hote\/\",\"name\":\"Football - Euro 2020 : Le tournoi finalement dans un seul pays h\u00f4te ? - Dicodusport %\",\"isPartOf\":{\"@id\":\"https:\/\/dicodusport.fr\/blog\/#website\"},\"primaryImageOfPage\":{\"@id\":\"https:\/\/dicodusport.fr\/blog\/euro-2020-le-tournoi-finalement-dans-un-seul-pays-hote\/#primaryimage\"},\"image\":{\"@id\":\"https:\/\/dicodusport.fr\/blog\/euro-2020-le-tournoi-finalement-dans-un-seul-pays-hote\/#primaryimage\"},\"thumbnailUrl\":\"https:\/\/dicodusport.fr\/blog\/wp-content\/uploads\/2020\/10\/Euro-2020-Le-tournoi-finalement-dans-un-seul-pays-h\u00f4te.png\",\"datePublished\":\"2020-10-16T13:25:45+00:00\",\"dateModified\":\"2020-10-16T13:53:41+00:00\",\"description\":\"Le pr\u00e9sident de l'UEFA Aleksander Ceferin a \u00e9voqu\u00e9 la possibilit\u00e9 que l'EURO se dispute dans un seul pays.\",\"breadcrumb\":{\"@id\":\"https:\/\/dicodusport.fr\/blog\/euro-2020-le-tournoi-finalement-dans-un-seul-pays-hote\/#breadcrumb\"},\"inLanguage\":\"fr-FR\",\"potentialAction\":[{\"@type\":\"ReadAction\",\"target\":[\"https:\/\/dicodusport.fr\/blog\/euro-2020-le-tournoi-finalement-dans-un-seul-pays-hote\/\"]}]},{\"@type\":\"ImageObject\",\"inLanguage\":\"fr-FR\",\"@id\":\"https:\/\/dicodusport.fr\/blog\/euro-2020-le-tournoi-finalement-dans-un-seul-pays-hote\/#primaryimage\",\"url\":\"https:\/\/dicodusport.fr\/blog\/wp-content\/uploads\/2020\/10\/Euro-2020-Le-tournoi-finalement-dans-un-seul-pays-h\u00f4te.png\",\"contentUrl\":\"https:\/\/dicodusport.fr\/blog\/wp-content\/uploads\/2020\/10\/Euro-2020-Le-tournoi-finalement-dans-un-seul-pays-h\u00f4te.png\",\"width\":800,\"height\":445,\"caption\":\"Euro 2020 - Le tournoi finalement dans un seul pays h\u00f4te\"},{\"@type\":\"BreadcrumbList\",\"@id\":\"https:\/\/dicodusport.fr\/blog\/euro-2020-le-tournoi-finalement-dans-un-seul-pays-hote\/#breadcrumb\",\"itemListElement\":[{\"@type\":\"ListItem\",\"position\":1,\"name\":\"Accueil\",\"item\":\"https:\/\/dicodusport.fr\/blog\/\"},{\"@type\":\"ListItem\",\"position\":2,\"name\":\"Euro 2020 : Le tournoi finalement dans un seul pays h\u00f4te ?\"}]},{\"@type\":\"WebSite\",\"@id\":\"https:\/\/dicodusport.fr\/blog\/#website\",\"url\":\"https:\/\/dicodusport.fr\/blog\/\",\"name\":\"Dicodusport\",\"description\":\"L&#039;encyclop\u00e9die de l&#039;actualit\u00e9 sportive\",\"publisher\":{\"@id\":\"https:\/\/dicodusport.fr\/blog\/#organization\"},\"potentialAction\":[{\"@type\":\"SearchAction\",\"target\":{\"@type\":\"EntryPoint\",\"urlTemplate\":\"https:\/\/dicodusport.fr\/blog\/?s={search_term_string}\"},\"query-input\":{\"@type\":\"PropertyValueSpecification\",\"valueRequired\":true,\"valueName\":\"search_term_string\"}}],\"inLanguage\":\"fr-FR\"},{\"@type\":\"NewsMediaOrganization\",\"@id\":\"https:\/\/dicodusport.fr\/blog\/#organization\",\"name\":\"Dicodusport\",\"url\":\"https:\/\/dicodusport.fr\/blog\/\",\"logo\":{\"@type\":\"ImageObject\",\"inLanguage\":\"fr-FR\",\"@id\":\"https:\/\/dicodusport.fr\/blog\/#\/schema\/logo\/image\/\",\"url\":\"https:\/\/dicodusport.fr\/blog\/wp-content\/uploads\/2020\/06\/cropped-LOGO-DICODUSPORT-2020-SANS-FOND-SANS-TEXTE.png\",\"contentUrl\":\"https:\/\/dicodusport.fr\/blog\/wp-content\/uploads\/2020\/06\/cropped-LOGO-DICODUSPORT-2020-SANS-FOND-SANS-TEXTE.png\",\"width\":512,\"height\":512,\"caption\":\"Dicodusport\"},\"image\":{\"@id\":\"https:\/\/dicodusport.fr\/blog\/#\/schema\/logo\/image\/\"},\"sameAs\":[\"https:\/\/www.facebook.com\/dicodusport\",\"https:\/\/x.com\/dicodusport\",\"https:\/\/www.instagram.com\/dicodusport\/\",\"https:\/\/www.youtube.com\/channel\/UC7V2KZ5sd3htJivAbA4ZG3w\"],\"description\":\"Dicodusport est l'encyclop\u00e9die de l'actualit\u00e9 sportive.\",\"email\":\"bonjour@dicodusport.fr\",\"legalName\":\"DICODUSPORT\",\"foundingDate\":\"2018-01-14\",\"vatID\":\"FR71834470973\",\"taxID\":\"83447097300043\",\"numberOfEmployees\":{\"@type\":\"QuantitativeValue\",\"minValue\":\"1\",\"maxValue\":\"10\"}},{\"@type\":\"Person\",\"@id\":\"https:\/\/dicodusport.fr\/blog\/#\/schema\/person\/0f73d157e4670e108e23009fa82f2239\",\"name\":\"Julien Correia\",\"image\":{\"@type\":\"ImageObject\",\"inLanguage\":\"fr-FR\",\"@id\":\"https:\/\/dicodusport.fr\/blog\/#\/schema\/person\/image\/\",\"url\":\"https:\/\/dicodusport.fr\/blog\/wp-content\/uploads\/2021\/05\/Julien-Correia-150x150.jpg\",\"contentUrl\":\"https:\/\/dicodusport.fr\/blog\/wp-content\/uploads\/2021\/05\/Julien-Correia-150x150.jpg\",\"caption\":\"Julien Correia\"},\"description\":\"Journaliste\/r\u00e9dacteur depuis janvier 2019 - Tomb\u00e9 dans le monde du ballon rond \u00e9tant petit, j\u2019aurais pu devenir pro sans ces foutus ligaments crois\u00e9s. D\u00e9filant sur les champs (mais pas Elys\u00e9es) en 98, j\u2019ai \u00e9t\u00e9 berc\u00e9 par les exploits de Mister George, piqu\u00e9 par la technique du Snake, grandi avec Captain Rai et Ronnie, m\u00fbri avec Pauleta et Edi. Mais Ibracadabra, je suis d\u00e9sormais reconverti en runner\/traileur. Moins rapide que Bolt et moins endurant que Jornet, c\u2019est donc plume \u00e0 la main que je partage les exploits de ces athl\u00e8tes !\",\"sameAs\":[\"https:\/\/www.facebook.com\/julien.correia.52\",\"https:\/\/x.com\/https:\/\/twitter.com\/julienco_psg70\"],\"url\":\"https:\/\/dicodusport.fr\/blog\/author\/julien-c\/\"}]}<\/script>\n<!-- \/ Yoast SEO Premium plugin. -->","yoast_head_json":{"title":"Football - Euro 2020 : Le tournoi finalement dans un seul pays h\u00f4te ? - Dicodusport %","description":"Le pr\u00e9sident de l'UEFA Aleksander Ceferin a \u00e9voqu\u00e9 la possibilit\u00e9 que l'EURO se dispute dans un seul pays.","robots":{"index":"index","follow":"follow","max-snippet":"max-snippet:-1","max-image-preview":"max-image-preview:large","max-video-preview":"max-video-preview:-1"},"canonical":"https:\/\/dicodusport.fr\/blog\/euro-2020-le-tournoi-finalement-dans-un-seul-pays-hote\/","og_locale":"fr_FR","og_type":"article","og_title":"Euro 2020 : Le tournoi finalement dans un seul pays h\u00f4te ?","og_description":"Le pr\u00e9sident de l'UEFA Aleksander Ceferin a \u00e9voqu\u00e9 la possibilit\u00e9 que l'EURO se dispute dans un seul pays.","og_url":"https:\/\/dicodusport.fr\/blog\/euro-2020-le-tournoi-finalement-dans-un-seul-pays-hote\/","og_site_name":"Dicodusport","article_publisher":"https:\/\/www.facebook.com\/dicodusport","article_author":"https:\/\/www.facebook.com\/julien.correia.52","article_published_time":"2020-10-16T13:25:45+00:00","article_modified_time":"2020-10-16T13:53:41+00:00","og_image":[{"width":800,"height":445,"url":"https:\/\/dicodusport.fr\/blog\/wp-content\/uploads\/2020\/10\/Euro-2020-Le-tournoi-finalement-dans-un-seul-pays-h\u00f4te.png","type":"image\/png"}],"author":"Julien Correia","twitter_card":"summary_large_image","twitter_title":"Euro 2020 : Le tournoi finalement dans un seul pays h\u00f4te ?","twitter_creator":"@https:\/\/twitter.com\/julienco_psg70","twitter_site":"@dicodusport","schema":{"@context":"https:\/\/schema.org","@graph":[{"@type":"NewsArticle","@id":"https:\/\/dicodusport.fr\/blog\/euro-2020-le-tournoi-finalement-dans-un-seul-pays-hote\/#article","isPartOf":{"@id":"https:\/\/dicodusport.fr\/blog\/euro-2020-le-tournoi-finalement-dans-un-seul-pays-hote\/"},"author":{"name":"Julien Correia","@id":"https:\/\/dicodusport.fr\/blog\/#\/schema\/person\/0f73d157e4670e108e23009fa82f2239"},"headline":"Euro 2020 : Le tournoi finalement dans un seul pays h\u00f4te ?","datePublished":"2020-10-16T13:25:45+00:00","dateModified":"2020-10-16T13:53:41+00:00","mainEntityOfPage":{"@id":"https:\/\/dicodusport.fr\/blog\/euro-2020-le-tournoi-finalement-dans-un-seul-pays-hote\/"},"wordCount":363,"commentCount":0,"publisher":{"@id":"https:\/\/dicodusport.fr\/blog\/#organization"},"image":{"@id":"https:\/\/dicodusport.fr\/blog\/euro-2020-le-tournoi-finalement-dans-un-seul-pays-hote\/#primaryimage"},"thumbnailUrl":"https:\/\/dicodusport.fr\/blog\/wp-content\/uploads\/2020\/10\/Euro-2020-Le-tournoi-finalement-dans-un-seul-pays-h\u00f4te.png","keywords":["Football","UEFA"],"articleSection":["Football"],"inLanguage":"fr-FR","potentialAction":[{"@type":"CommentAction","name":"Comment","target":["https:\/\/dicodusport.fr\/blog\/euro-2020-le-tournoi-finalement-dans-un-seul-pays-hote\/#respond"]}],"copyrightYear":"2020","copyrightHolder":{"@id":"https:\/\/dicodusport.fr\/blog\/#organization"}},{"@type":"WebPage","@id":"https:\/\/dicodusport.fr\/blog\/euro-2020-le-tournoi-finalement-dans-un-seul-pays-hote\/","url":"https:\/\/dicodusport.fr\/blog\/euro-2020-le-tournoi-finalement-dans-un-seul-pays-hote\/","name":"Football - Euro 2020 : Le tournoi finalement dans un seul pays h\u00f4te ? - Dicodusport %","isPartOf":{"@id":"https:\/\/dicodusport.fr\/blog\/#website"},"primaryImageOfPage":{"@id":"https:\/\/dicodusport.fr\/blog\/euro-2020-le-tournoi-finalement-dans-un-seul-pays-hote\/#primaryimage"},"image":{"@id":"https:\/\/dicodusport.fr\/blog\/euro-2020-le-tournoi-finalement-dans-un-seul-pays-hote\/#primaryimage"},"thumbnailUrl":"https:\/\/dicodusport.fr\/blog\/wp-content\/uploads\/2020\/10\/Euro-2020-Le-tournoi-finalement-dans-un-seul-pays-h\u00f4te.png","datePublished":"2020-10-16T13:25:45+00:00","dateModified":"2020-10-16T13:53:41+00:00","description":"Le pr\u00e9sident de l'UEFA Aleksander Ceferin a \u00e9voqu\u00e9 la possibilit\u00e9 que l'EURO se dispute dans un seul pays.","breadcrumb":{"@id":"https:\/\/dicodusport.fr\/blog\/euro-2020-le-tournoi-finalement-dans-un-seul-pays-hote\/#breadcrumb"},"inLanguage":"fr-FR","potentialAction":[{"@type":"ReadAction","target":["https:\/\/dicodusport.fr\/blog\/euro-2020-le-tournoi-finalement-dans-un-seul-pays-hote\/"]}]},{"@type":"ImageObject","inLanguage":"fr-FR","@id":"https:\/\/dicodusport.fr\/blog\/euro-2020-le-tournoi-finalement-dans-un-seul-pays-hote\/#primaryimage","url":"https:\/\/dicodusport.fr\/blog\/wp-content\/uploads\/2020\/10\/Euro-2020-Le-tournoi-finalement-dans-un-seul-pays-h\u00f4te.png","contentUrl":"https:\/\/dicodusport.fr\/blog\/wp-content\/uploads\/2020\/10\/Euro-2020-Le-tournoi-finalement-dans-un-seul-pays-h\u00f4te.png","width":800,"height":445,"caption":"Euro 2020 - Le tournoi finalement dans un seul pays h\u00f4te"},{"@type":"BreadcrumbList","@id":"https:\/\/dicodusport.fr\/blog\/euro-2020-le-tournoi-finalement-dans-un-seul-pays-hote\/#breadcrumb","itemListElement":[{"@type":"ListItem","position":1,"name":"Accueil","item":"https:\/\/dicodusport.fr\/blog\/"},{"@type":"ListItem","position":2,"name":"Euro 2020 : Le tournoi finalement dans un seul pays h\u00f4te ?"}]},{"@type":"WebSite","@id":"https:\/\/dicodusport.fr\/blog\/#website","url":"https:\/\/dicodusport.fr\/blog\/","name":"Dicodusport","description":"L&#039;encyclop\u00e9die de l&#039;actualit\u00e9 sportive","publisher":{"@id":"https:\/\/dicodusport.fr\/blog\/#organization"},"potentialAction":[{"@type":"SearchAction","target":{"@type":"EntryPoint","urlTemplate":"https:\/\/dicodusport.fr\/blog\/?s={search_term_string}"},"query-input":{"@type":"PropertyValueSpecification","valueRequired":true,"valueName":"search_term_string"}}],"inLanguage":"fr-FR"},{"@type":"NewsMediaOrganization","@id":"https:\/\/dicodusport.fr\/blog\/#organization","name":"Dicodusport","url":"https:\/\/dicodusport.fr\/blog\/","logo":{"@type":"ImageObject","inLanguage":"fr-FR","@id":"https:\/\/dicodusport.fr\/blog\/#\/schema\/logo\/image\/","url":"https:\/\/dicodusport.fr\/blog\/wp-content\/uploads\/2020\/06\/cropped-LOGO-DICODUSPORT-2020-SANS-FOND-SANS-TEXTE.png","contentUrl":"https:\/\/dicodusport.fr\/blog\/wp-content\/uploads\/2020\/06\/cropped-LOGO-DICODUSPORT-2020-SANS-FOND-SANS-TEXTE.png","width":512,"height":512,"caption":"Dicodusport"},"image":{"@id":"https:\/\/dicodusport.fr\/blog\/#\/schema\/logo\/image\/"},"sameAs":["https:\/\/www.facebook.com\/dicodusport","https:\/\/x.com\/dicodusport","https:\/\/www.instagram.com\/dicodusport\/","https:\/\/www.youtube.com\/channel\/UC7V2KZ5sd3htJivAbA4ZG3w"],"description":"Dicodusport est l'encyclop\u00e9die de l'actualit\u00e9 sportive.","email":"bonjour@dicodusport.fr","legalName":"DICODUSPORT","foundingDate":"2018-01-14","vatID":"FR71834470973","taxID":"83447097300043","numberOfEmployees":{"@type":"QuantitativeValue","minValue":"1","maxValue":"10"}},{"@type":"Person","@id":"https:\/\/dicodusport.fr\/blog\/#\/schema\/person\/0f73d157e4670e108e23009fa82f2239","name":"Julien Correia","image":{"@type":"ImageObject","inLanguage":"fr-FR","@id":"https:\/\/dicodusport.fr\/blog\/#\/schema\/person\/image\/","url":"https:\/\/dicodusport.fr\/blog\/wp-content\/uploads\/2021\/05\/Julien-Correia-150x150.jpg","contentUrl":"https:\/\/dicodusport.fr\/blog\/wp-content\/uploads\/2021\/05\/Julien-Correia-150x150.jpg","caption":"Julien Correia"},"description":"Journaliste\/r\u00e9dacteur depuis janvier 2019 - Tomb\u00e9 dans le monde du ballon rond \u00e9tant petit, j\u2019aurais pu devenir pro sans ces foutus ligaments crois\u00e9s. D\u00e9filant sur les champs (mais pas Elys\u00e9es) en 98, j\u2019ai \u00e9t\u00e9 berc\u00e9 par les exploits de Mister George, piqu\u00e9 par la technique du Snake, grandi avec Captain Rai et Ronnie, m\u00fbri avec Pauleta et Edi. Mais Ibracadabra, je suis d\u00e9sormais reconverti en runner\/traileur. Moins rapide que Bolt et moins endurant que Jornet, c\u2019est donc plume \u00e0 la main que je partage les exploits de ces athl\u00e8tes !","sameAs":["https:\/\/www.facebook.com\/julien.correia.52","https:\/\/x.com\/https:\/\/twitter.com\/julienco_psg70"],"url":"https:\/\/dicodusport.fr\/blog\/author\/julien-c\/"}]}},"_links":{"self":[{"href":"https:\/\/dicodusport.fr\/blog\/wp-json\/wp\/v2\/posts\/82988","targetHints":{"allow":["GET"]}}],"collection":[{"href":"https:\/\/dicodusport.fr\/blog\/wp-json\/wp\/v2\/posts"}],"about":[{"href":"https:\/\/dicodusport.fr\/blog\/wp-json\/wp\/v2\/types\/post"}],"author":[{"embeddable":true,"href":"https:\/\/dicodusport.fr\/blog\/wp-json\/wp\/v2\/users\/37"}],"replies":[{"embeddable":true,"href":"https:\/\/dicodusport.fr\/blog\/wp-json\/wp\/v2\/comments?post=82988"}],"version-history":[{"count":0,"href":"https:\/\/dicodusport.fr\/blog\/wp-json\/wp\/v2\/posts\/82988\/revisions"}],"wp:featuredmedia":[{"embeddable":true,"href":"https:\/\/dicodusport.fr\/blog\/wp-json\/wp\/v2\/media\/83053"}],"wp:attachment":[{"href":"https:\/\/dicodusport.fr\/blog\/wp-json\/wp\/v2\/media?parent=82988"}],"wp:term":[{"taxonomy":"category","embeddable":true,"href":"https:\/\/dicodusport.fr\/blog\/wp-json\/wp\/v2\/categories?post=82988"},{"taxonomy":"post_tag","embeddable":true,"href":"https:\/\/dicodusport.fr\/blog\/wp-json\/wp\/v2\/tags?post=82988"}],"curies":[{"name":"wp","href":"https:\/\/api.w.org\/{rel}","templated":true}]}}