{"id":83117,"date":"2020-10-17T17:30:08","date_gmt":"2020-10-17T15:30:08","guid":{"rendered":"https:\/\/dicodusport.fr\/blog\/?p=83117&#038;preview=true&#038;preview_id=83117"},"modified":"2020-10-25T22:31:13","modified_gmt":"2020-10-25T21:31:13","slug":"atp-250-le-tableau-du-tournoi-de-cologne-2","status":"publish","type":"post","link":"https:\/\/dicodusport.fr\/blog\/atp-250-le-tableau-du-tournoi-de-cologne-2\/","title":{"rendered":"ATP 250 \u2013 Le tableau du tournoi de Cologne 2"},"content":{"rendered":"<p style=\"text-align: justify;\"><strong><em>ATP 250 COLOGNE &#8211; L&rsquo;ATP continue de mettre \u00e0 jour son calendrier avec la suppression des tournois asiatiques. Deux nouveaux tournois ont \u00e9t\u00e9 ajout\u00e9s \u00e0 Cologne. Le deuxi\u00e8me tournoi se d\u00e9roule du 19 au 25 octobre.<\/em><\/strong><\/p>\n<p style=\"text-align: justify;\"><strong>Tous les matchs sont \u00e0 suivre <a href=\"https:\/\/tennis.azurefd.net\/en\" target=\"_blank\" rel=\"noopener noreferrer\">en streaming<\/a>.<\/strong><\/p>\n<p><a href=\"https:\/\/www.atptour.com\/en\/scores\/current\/cologne-2\/9406\/draws\" target=\"_blank\" rel=\"noopener noreferrer\"><span style=\"font-size: 24px;\"><strong>Le tableau complet<\/strong><\/span><\/a><\/p>\n<h2>Finales<\/h2>\n<p><strong>Klaasen\/McLachlan <\/strong>battent Krawietz\/Mies 6-2 6-4<strong><br \/>\n<\/strong><\/p>\n<p><strong>A.Zverev<\/strong> bat Schwartzman 6-2 6-1<strong><br \/>\n<\/strong><\/p>\n<ul>\n<li><a href=\"https:\/\/dicodusport.fr\/blog\/atp-250-le-tableau-du-tournoi-de-cologne-1\/\" target=\"_blank\" rel=\"noopener noreferrer\"><strong>Le tableau du tournoi de Cologne 1<\/strong><\/a><\/li>\n<\/ul>\n<p><strong><em>Dicodusport<br \/>\n<a href=\"https:\/\/www.facebook.com\/dicodusport\/\" target=\"_blank\" rel=\"noopener noreferrer\"><img loading=\"lazy\" decoding=\"async\" class=\"alignnone wp-image-2909\" src=\"http:\/\/dicodusport.fr\/blog\/wp-content\/uploads\/2017\/07\/logo-facebook-150x150.png\" alt=\"\" width=\"40\" height=\"40\" \/><\/a><a href=\"https:\/\/twitter.com\/dicodusport\" target=\"_blank\" rel=\"noopener noreferrer\"><img loading=\"lazy\" decoding=\"async\" class=\"alignnone wp-image-2908\" src=\"http:\/\/dicodusport.fr\/blog\/wp-content\/uploads\/2017\/07\/logo-twitter-150x150.png\" alt=\"\" width=\"39\" height=\"39\" \/><\/a><\/em><\/strong><\/p>\n","protected":false},"excerpt":{"rendered":"<p>L&rsquo;ATP continue de mettre \u00e0 jour son calendrier avec la suppression des tournois asiatiques. Deux nouveaux tournois ont \u00e9t\u00e9 ajout\u00e9s \u00e0 Cologne. Le deuxi\u00e8me tournoi se d\u00e9roule du 19 au 25 octobre.<\/p>\n","protected":false},"author":12,"featured_media":83245,"comment_status":"open","ping_status":"closed","sticky":false,"template":"","format":"standard","meta":{"_acf_changed":false,"_daextam_enable_autolinks":"","footnotes":""},"categories":[2302],"tags":[703,4123],"class_list":["post-83117","post","type-post","status-publish","format-standard","has-post-thumbnail","hentry","category-tennis","tag-murray","tag-zverev"],"acf":[],"yoast_head":"<!-- This site is optimized with the Yoast SEO Premium plugin v26.7 (Yoast SEO v26.7) - https:\/\/yoast.com\/wordpress\/plugins\/seo\/ -->\n<title>ATP 250 \u2013 Le tableau du tournoi de Cologne 2<\/title>\n<meta name=\"description\" content=\"L&#039;ATP continue de mettre \u00e0 jour son calendrier. Le deuxi\u00e8me tournoi de Cologne se d\u00e9roule du 19 au 25 octobre.\" \/>\n<meta name=\"robots\" content=\"index, follow, max-snippet:-1, max-image-preview:large, max-video-preview:-1\" \/>\n<link rel=\"canonical\" href=\"https:\/\/dicodusport.fr\/blog\/atp-250-le-tableau-du-tournoi-de-cologne-2\/\" \/>\n<meta property=\"og:locale\" content=\"fr_FR\" \/>\n<meta property=\"og:type\" content=\"article\" \/>\n<meta property=\"og:title\" content=\"ATP 250 \u2013 Le tableau du tournoi de Cologne 2\" \/>\n<meta property=\"og:description\" content=\"L&#039;ATP continue de mettre \u00e0 jour son calendrier. Le deuxi\u00e8me tournoi de Cologne se d\u00e9roule du 19 au 25 octobre.\" \/>\n<meta property=\"og:url\" content=\"https:\/\/dicodusport.fr\/blog\/atp-250-le-tableau-du-tournoi-de-cologne-2\/\" \/>\n<meta property=\"og:site_name\" content=\"Dicodusport\" \/>\n<meta property=\"article:publisher\" content=\"https:\/\/www.facebook.com\/dicodusport\" \/>\n<meta property=\"article:published_time\" content=\"2020-10-17T15:30:08+00:00\" \/>\n<meta property=\"article:modified_time\" content=\"2020-10-25T21:31:13+00:00\" \/>\n<meta property=\"og:image\" content=\"https:\/\/dicodusport.fr\/blog\/wp-content\/uploads\/2020\/10\/Zverev-Cologne.jpg\" \/>\n\t<meta property=\"og:image:width\" content=\"800\" \/>\n\t<meta property=\"og:image:height\" content=\"445\" \/>\n\t<meta property=\"og:image:type\" content=\"image\/jpeg\" \/>\n<meta name=\"author\" content=\"Arlette Yeye\" \/>\n<meta name=\"twitter:card\" content=\"summary_large_image\" \/>\n<meta name=\"twitter:title\" content=\"ATP 250 \u2013 Le tableau du tournoi de Cologne 2\" \/>\n<meta name=\"twitter:creator\" content=\"@https:\/\/twitter.com\/Shiclette94\" \/>\n<meta name=\"twitter:site\" content=\"@dicodusport\" \/>\n<script type=\"application\/ld+json\" class=\"yoast-schema-graph\">{\"@context\":\"https:\/\/schema.org\",\"@graph\":[{\"@type\":\"NewsArticle\",\"@id\":\"https:\/\/dicodusport.fr\/blog\/atp-250-le-tableau-du-tournoi-de-cologne-2\/#article\",\"isPartOf\":{\"@id\":\"https:\/\/dicodusport.fr\/blog\/atp-250-le-tableau-du-tournoi-de-cologne-2\/\"},\"author\":{\"name\":\"Arlette Yeye\",\"@id\":\"https:\/\/dicodusport.fr\/blog\/#\/schema\/person\/cce96fa88785bd8573e3d43078ac8c79\"},\"headline\":\"ATP 250 \u2013 Le tableau du tournoi de Cologne 2\",\"datePublished\":\"2020-10-17T15:30:08+00:00\",\"dateModified\":\"2020-10-25T21:31:13+00:00\",\"mainEntityOfPage\":{\"@id\":\"https:\/\/dicodusport.fr\/blog\/atp-250-le-tableau-du-tournoi-de-cologne-2\/\"},\"wordCount\":73,\"commentCount\":0,\"publisher\":{\"@id\":\"https:\/\/dicodusport.fr\/blog\/#organization\"},\"image\":{\"@id\":\"https:\/\/dicodusport.fr\/blog\/atp-250-le-tableau-du-tournoi-de-cologne-2\/#primaryimage\"},\"thumbnailUrl\":\"https:\/\/dicodusport.fr\/blog\/wp-content\/uploads\/2020\/10\/Zverev-Cologne.jpg\",\"keywords\":[\"murray\",\"Zverev\"],\"articleSection\":[\"Tennis\"],\"inLanguage\":\"fr-FR\",\"potentialAction\":[{\"@type\":\"CommentAction\",\"name\":\"Comment\",\"target\":[\"https:\/\/dicodusport.fr\/blog\/atp-250-le-tableau-du-tournoi-de-cologne-2\/#respond\"]}],\"copyrightYear\":\"2020\",\"copyrightHolder\":{\"@id\":\"https:\/\/dicodusport.fr\/blog\/#organization\"}},{\"@type\":\"WebPage\",\"@id\":\"https:\/\/dicodusport.fr\/blog\/atp-250-le-tableau-du-tournoi-de-cologne-2\/\",\"url\":\"https:\/\/dicodusport.fr\/blog\/atp-250-le-tableau-du-tournoi-de-cologne-2\/\",\"name\":\"ATP 250 \u2013 Le tableau du tournoi de Cologne 2\",\"isPartOf\":{\"@id\":\"https:\/\/dicodusport.fr\/blog\/#website\"},\"primaryImageOfPage\":{\"@id\":\"https:\/\/dicodusport.fr\/blog\/atp-250-le-tableau-du-tournoi-de-cologne-2\/#primaryimage\"},\"image\":{\"@id\":\"https:\/\/dicodusport.fr\/blog\/atp-250-le-tableau-du-tournoi-de-cologne-2\/#primaryimage\"},\"thumbnailUrl\":\"https:\/\/dicodusport.fr\/blog\/wp-content\/uploads\/2020\/10\/Zverev-Cologne.jpg\",\"datePublished\":\"2020-10-17T15:30:08+00:00\",\"dateModified\":\"2020-10-25T21:31:13+00:00\",\"description\":\"L'ATP continue de mettre \u00e0 jour son calendrier. Le deuxi\u00e8me tournoi de Cologne se d\u00e9roule du 19 au 25 octobre.\",\"breadcrumb\":{\"@id\":\"https:\/\/dicodusport.fr\/blog\/atp-250-le-tableau-du-tournoi-de-cologne-2\/#breadcrumb\"},\"inLanguage\":\"fr-FR\",\"potentialAction\":[{\"@type\":\"ReadAction\",\"target\":[\"https:\/\/dicodusport.fr\/blog\/atp-250-le-tableau-du-tournoi-de-cologne-2\/\"]}]},{\"@type\":\"ImageObject\",\"inLanguage\":\"fr-FR\",\"@id\":\"https:\/\/dicodusport.fr\/blog\/atp-250-le-tableau-du-tournoi-de-cologne-2\/#primaryimage\",\"url\":\"https:\/\/dicodusport.fr\/blog\/wp-content\/uploads\/2020\/10\/Zverev-Cologne.jpg\",\"contentUrl\":\"https:\/\/dicodusport.fr\/blog\/wp-content\/uploads\/2020\/10\/Zverev-Cologne.jpg\",\"width\":800,\"height\":445,\"caption\":\"COLOGNE, GERMANY \u2013 OCTOBER 16: Alexander Zverev (GER) in action at the bett1HULKS Indoors held at Lanxess Arena on October 16, 2020 in Cologne, Germany (Photo by Paul Zimmer\/bett1HULKS Indoors)\"},{\"@type\":\"BreadcrumbList\",\"@id\":\"https:\/\/dicodusport.fr\/blog\/atp-250-le-tableau-du-tournoi-de-cologne-2\/#breadcrumb\",\"itemListElement\":[{\"@type\":\"ListItem\",\"position\":1,\"name\":\"Accueil\",\"item\":\"https:\/\/dicodusport.fr\/blog\/\"},{\"@type\":\"ListItem\",\"position\":2,\"name\":\"ATP 250 \u2013 Le tableau du tournoi de Cologne 2\"}]},{\"@type\":\"WebSite\",\"@id\":\"https:\/\/dicodusport.fr\/blog\/#website\",\"url\":\"https:\/\/dicodusport.fr\/blog\/\",\"name\":\"Dicodusport\",\"description\":\"L&#039;encyclop\u00e9die de l&#039;actualit\u00e9 sportive\",\"publisher\":{\"@id\":\"https:\/\/dicodusport.fr\/blog\/#organization\"},\"potentialAction\":[{\"@type\":\"SearchAction\",\"target\":{\"@type\":\"EntryPoint\",\"urlTemplate\":\"https:\/\/dicodusport.fr\/blog\/?s={search_term_string}\"},\"query-input\":{\"@type\":\"PropertyValueSpecification\",\"valueRequired\":true,\"valueName\":\"search_term_string\"}}],\"inLanguage\":\"fr-FR\"},{\"@type\":\"NewsMediaOrganization\",\"@id\":\"https:\/\/dicodusport.fr\/blog\/#organization\",\"name\":\"Dicodusport\",\"url\":\"https:\/\/dicodusport.fr\/blog\/\",\"logo\":{\"@type\":\"ImageObject\",\"inLanguage\":\"fr-FR\",\"@id\":\"https:\/\/dicodusport.fr\/blog\/#\/schema\/logo\/image\/\",\"url\":\"https:\/\/dicodusport.fr\/blog\/wp-content\/uploads\/2020\/06\/cropped-LOGO-DICODUSPORT-2020-SANS-FOND-SANS-TEXTE.png\",\"contentUrl\":\"https:\/\/dicodusport.fr\/blog\/wp-content\/uploads\/2020\/06\/cropped-LOGO-DICODUSPORT-2020-SANS-FOND-SANS-TEXTE.png\",\"width\":512,\"height\":512,\"caption\":\"Dicodusport\"},\"image\":{\"@id\":\"https:\/\/dicodusport.fr\/blog\/#\/schema\/logo\/image\/\"},\"sameAs\":[\"https:\/\/www.facebook.com\/dicodusport\",\"https:\/\/x.com\/dicodusport\",\"https:\/\/www.instagram.com\/dicodusport\/\",\"https:\/\/www.youtube.com\/channel\/UC7V2KZ5sd3htJivAbA4ZG3w\"],\"description\":\"Dicodusport est l'encyclop\u00e9die de l'actualit\u00e9 sportive.\",\"email\":\"bonjour@dicodusport.fr\",\"legalName\":\"DICODUSPORT\",\"foundingDate\":\"2018-01-14\",\"vatID\":\"FR71834470973\",\"taxID\":\"83447097300043\",\"numberOfEmployees\":{\"@type\":\"QuantitativeValue\",\"minValue\":\"1\",\"maxValue\":\"10\"}},{\"@type\":\"Person\",\"@id\":\"https:\/\/dicodusport.fr\/blog\/#\/schema\/person\/cce96fa88785bd8573e3d43078ac8c79\",\"name\":\"Arlette Yeye\",\"image\":{\"@type\":\"ImageObject\",\"inLanguage\":\"fr-FR\",\"@id\":\"https:\/\/dicodusport.fr\/blog\/#\/schema\/person\/image\/\",\"url\":\"https:\/\/secure.gravatar.com\/avatar\/dca4a6239e6d708e46c45d60e160de6c?s=96&d=wp_user_avatar&r=g\",\"contentUrl\":\"https:\/\/secure.gravatar.com\/avatar\/dca4a6239e6d708e46c45d60e160de6c?s=96&d=wp_user_avatar&r=g\",\"caption\":\"Arlette Yeye\"},\"description\":\"Journaliste\/r\u00e9dactrice depuis septembre 2015 - Supportrice de Chelsea, j'ai pour sports de pr\u00e9dilection le handball, l'athl\u00e9tisme et le tennis. Si je tweete plus vite que mon ombre, vous pouvez aussi me retrouver les week-ends sur les playgrounds de Bruxelles pour un petit foot ou basket entre potes. Parcourir la France, l'Europe et plus si affinit\u00e9s pour suivre mes sportifs pr\u00e9f\u00e9r\u00e9s ? Mon kif ! Et c'est avec plaisir que je partage les r\u00e9sultats des sports populaires mais \u00e9galement plus confidentiels pour Dicodusport.\",\"sameAs\":[\"https:\/\/x.com\/https:\/\/twitter.com\/Shiclette94\"],\"url\":\"https:\/\/dicodusport.fr\/blog\/author\/arlette\/\"}]}<\/script>\n<!-- \/ Yoast SEO Premium plugin. -->","yoast_head_json":{"title":"ATP 250 \u2013 Le tableau du tournoi de Cologne 2","description":"L'ATP continue de mettre \u00e0 jour son calendrier. Le deuxi\u00e8me tournoi de Cologne se d\u00e9roule du 19 au 25 octobre.","robots":{"index":"index","follow":"follow","max-snippet":"max-snippet:-1","max-image-preview":"max-image-preview:large","max-video-preview":"max-video-preview:-1"},"canonical":"https:\/\/dicodusport.fr\/blog\/atp-250-le-tableau-du-tournoi-de-cologne-2\/","og_locale":"fr_FR","og_type":"article","og_title":"ATP 250 \u2013 Le tableau du tournoi de Cologne 2","og_description":"L'ATP continue de mettre \u00e0 jour son calendrier. Le deuxi\u00e8me tournoi de Cologne se d\u00e9roule du 19 au 25 octobre.","og_url":"https:\/\/dicodusport.fr\/blog\/atp-250-le-tableau-du-tournoi-de-cologne-2\/","og_site_name":"Dicodusport","article_publisher":"https:\/\/www.facebook.com\/dicodusport","article_published_time":"2020-10-17T15:30:08+00:00","article_modified_time":"2020-10-25T21:31:13+00:00","og_image":[{"width":800,"height":445,"url":"https:\/\/dicodusport.fr\/blog\/wp-content\/uploads\/2020\/10\/Zverev-Cologne.jpg","type":"image\/jpeg"}],"author":"Arlette Yeye","twitter_card":"summary_large_image","twitter_title":"ATP 250 \u2013 Le tableau du tournoi de Cologne 2","twitter_creator":"@https:\/\/twitter.com\/Shiclette94","twitter_site":"@dicodusport","schema":{"@context":"https:\/\/schema.org","@graph":[{"@type":"NewsArticle","@id":"https:\/\/dicodusport.fr\/blog\/atp-250-le-tableau-du-tournoi-de-cologne-2\/#article","isPartOf":{"@id":"https:\/\/dicodusport.fr\/blog\/atp-250-le-tableau-du-tournoi-de-cologne-2\/"},"author":{"name":"Arlette Yeye","@id":"https:\/\/dicodusport.fr\/blog\/#\/schema\/person\/cce96fa88785bd8573e3d43078ac8c79"},"headline":"ATP 250 \u2013 Le tableau du tournoi de Cologne 2","datePublished":"2020-10-17T15:30:08+00:00","dateModified":"2020-10-25T21:31:13+00:00","mainEntityOfPage":{"@id":"https:\/\/dicodusport.fr\/blog\/atp-250-le-tableau-du-tournoi-de-cologne-2\/"},"wordCount":73,"commentCount":0,"publisher":{"@id":"https:\/\/dicodusport.fr\/blog\/#organization"},"image":{"@id":"https:\/\/dicodusport.fr\/blog\/atp-250-le-tableau-du-tournoi-de-cologne-2\/#primaryimage"},"thumbnailUrl":"https:\/\/dicodusport.fr\/blog\/wp-content\/uploads\/2020\/10\/Zverev-Cologne.jpg","keywords":["murray","Zverev"],"articleSection":["Tennis"],"inLanguage":"fr-FR","potentialAction":[{"@type":"CommentAction","name":"Comment","target":["https:\/\/dicodusport.fr\/blog\/atp-250-le-tableau-du-tournoi-de-cologne-2\/#respond"]}],"copyrightYear":"2020","copyrightHolder":{"@id":"https:\/\/dicodusport.fr\/blog\/#organization"}},{"@type":"WebPage","@id":"https:\/\/dicodusport.fr\/blog\/atp-250-le-tableau-du-tournoi-de-cologne-2\/","url":"https:\/\/dicodusport.fr\/blog\/atp-250-le-tableau-du-tournoi-de-cologne-2\/","name":"ATP 250 \u2013 Le tableau du tournoi de Cologne 2","isPartOf":{"@id":"https:\/\/dicodusport.fr\/blog\/#website"},"primaryImageOfPage":{"@id":"https:\/\/dicodusport.fr\/blog\/atp-250-le-tableau-du-tournoi-de-cologne-2\/#primaryimage"},"image":{"@id":"https:\/\/dicodusport.fr\/blog\/atp-250-le-tableau-du-tournoi-de-cologne-2\/#primaryimage"},"thumbnailUrl":"https:\/\/dicodusport.fr\/blog\/wp-content\/uploads\/2020\/10\/Zverev-Cologne.jpg","datePublished":"2020-10-17T15:30:08+00:00","dateModified":"2020-10-25T21:31:13+00:00","description":"L'ATP continue de mettre \u00e0 jour son calendrier. Le deuxi\u00e8me tournoi de Cologne se d\u00e9roule du 19 au 25 octobre.","breadcrumb":{"@id":"https:\/\/dicodusport.fr\/blog\/atp-250-le-tableau-du-tournoi-de-cologne-2\/#breadcrumb"},"inLanguage":"fr-FR","potentialAction":[{"@type":"ReadAction","target":["https:\/\/dicodusport.fr\/blog\/atp-250-le-tableau-du-tournoi-de-cologne-2\/"]}]},{"@type":"ImageObject","inLanguage":"fr-FR","@id":"https:\/\/dicodusport.fr\/blog\/atp-250-le-tableau-du-tournoi-de-cologne-2\/#primaryimage","url":"https:\/\/dicodusport.fr\/blog\/wp-content\/uploads\/2020\/10\/Zverev-Cologne.jpg","contentUrl":"https:\/\/dicodusport.fr\/blog\/wp-content\/uploads\/2020\/10\/Zverev-Cologne.jpg","width":800,"height":445,"caption":"COLOGNE, GERMANY \u2013 OCTOBER 16: Alexander Zverev (GER) in action at the bett1HULKS Indoors held at Lanxess Arena on October 16, 2020 in Cologne, Germany (Photo by Paul Zimmer\/bett1HULKS Indoors)"},{"@type":"BreadcrumbList","@id":"https:\/\/dicodusport.fr\/blog\/atp-250-le-tableau-du-tournoi-de-cologne-2\/#breadcrumb","itemListElement":[{"@type":"ListItem","position":1,"name":"Accueil","item":"https:\/\/dicodusport.fr\/blog\/"},{"@type":"ListItem","position":2,"name":"ATP 250 \u2013 Le tableau du tournoi de Cologne 2"}]},{"@type":"WebSite","@id":"https:\/\/dicodusport.fr\/blog\/#website","url":"https:\/\/dicodusport.fr\/blog\/","name":"Dicodusport","description":"L&#039;encyclop\u00e9die de l&#039;actualit\u00e9 sportive","publisher":{"@id":"https:\/\/dicodusport.fr\/blog\/#organization"},"potentialAction":[{"@type":"SearchAction","target":{"@type":"EntryPoint","urlTemplate":"https:\/\/dicodusport.fr\/blog\/?s={search_term_string}"},"query-input":{"@type":"PropertyValueSpecification","valueRequired":true,"valueName":"search_term_string"}}],"inLanguage":"fr-FR"},{"@type":"NewsMediaOrganization","@id":"https:\/\/dicodusport.fr\/blog\/#organization","name":"Dicodusport","url":"https:\/\/dicodusport.fr\/blog\/","logo":{"@type":"ImageObject","inLanguage":"fr-FR","@id":"https:\/\/dicodusport.fr\/blog\/#\/schema\/logo\/image\/","url":"https:\/\/dicodusport.fr\/blog\/wp-content\/uploads\/2020\/06\/cropped-LOGO-DICODUSPORT-2020-SANS-FOND-SANS-TEXTE.png","contentUrl":"https:\/\/dicodusport.fr\/blog\/wp-content\/uploads\/2020\/06\/cropped-LOGO-DICODUSPORT-2020-SANS-FOND-SANS-TEXTE.png","width":512,"height":512,"caption":"Dicodusport"},"image":{"@id":"https:\/\/dicodusport.fr\/blog\/#\/schema\/logo\/image\/"},"sameAs":["https:\/\/www.facebook.com\/dicodusport","https:\/\/x.com\/dicodusport","https:\/\/www.instagram.com\/dicodusport\/","https:\/\/www.youtube.com\/channel\/UC7V2KZ5sd3htJivAbA4ZG3w"],"description":"Dicodusport est l'encyclop\u00e9die de l'actualit\u00e9 sportive.","email":"bonjour@dicodusport.fr","legalName":"DICODUSPORT","foundingDate":"2018-01-14","vatID":"FR71834470973","taxID":"83447097300043","numberOfEmployees":{"@type":"QuantitativeValue","minValue":"1","maxValue":"10"}},{"@type":"Person","@id":"https:\/\/dicodusport.fr\/blog\/#\/schema\/person\/cce96fa88785bd8573e3d43078ac8c79","name":"Arlette Yeye","image":{"@type":"ImageObject","inLanguage":"fr-FR","@id":"https:\/\/dicodusport.fr\/blog\/#\/schema\/person\/image\/","url":"https:\/\/secure.gravatar.com\/avatar\/dca4a6239e6d708e46c45d60e160de6c?s=96&d=wp_user_avatar&r=g","contentUrl":"https:\/\/secure.gravatar.com\/avatar\/dca4a6239e6d708e46c45d60e160de6c?s=96&d=wp_user_avatar&r=g","caption":"Arlette Yeye"},"description":"Journaliste\/r\u00e9dactrice depuis septembre 2015 - Supportrice de Chelsea, j'ai pour sports de pr\u00e9dilection le handball, l'athl\u00e9tisme et le tennis. Si je tweete plus vite que mon ombre, vous pouvez aussi me retrouver les week-ends sur les playgrounds de Bruxelles pour un petit foot ou basket entre potes. Parcourir la France, l'Europe et plus si affinit\u00e9s pour suivre mes sportifs pr\u00e9f\u00e9r\u00e9s ? Mon kif ! Et c'est avec plaisir que je partage les r\u00e9sultats des sports populaires mais \u00e9galement plus confidentiels pour Dicodusport.","sameAs":["https:\/\/x.com\/https:\/\/twitter.com\/Shiclette94"],"url":"https:\/\/dicodusport.fr\/blog\/author\/arlette\/"}]}},"_links":{"self":[{"href":"https:\/\/dicodusport.fr\/blog\/wp-json\/wp\/v2\/posts\/83117","targetHints":{"allow":["GET"]}}],"collection":[{"href":"https:\/\/dicodusport.fr\/blog\/wp-json\/wp\/v2\/posts"}],"about":[{"href":"https:\/\/dicodusport.fr\/blog\/wp-json\/wp\/v2\/types\/post"}],"author":[{"embeddable":true,"href":"https:\/\/dicodusport.fr\/blog\/wp-json\/wp\/v2\/users\/12"}],"replies":[{"embeddable":true,"href":"https:\/\/dicodusport.fr\/blog\/wp-json\/wp\/v2\/comments?post=83117"}],"version-history":[{"count":0,"href":"https:\/\/dicodusport.fr\/blog\/wp-json\/wp\/v2\/posts\/83117\/revisions"}],"wp:featuredmedia":[{"embeddable":true,"href":"https:\/\/dicodusport.fr\/blog\/wp-json\/wp\/v2\/media\/83245"}],"wp:attachment":[{"href":"https:\/\/dicodusport.fr\/blog\/wp-json\/wp\/v2\/media?parent=83117"}],"wp:term":[{"taxonomy":"category","embeddable":true,"href":"https:\/\/dicodusport.fr\/blog\/wp-json\/wp\/v2\/categories?post=83117"},{"taxonomy":"post_tag","embeddable":true,"href":"https:\/\/dicodusport.fr\/blog\/wp-json\/wp\/v2\/tags?post=83117"}],"curies":[{"name":"wp","href":"https:\/\/api.w.org\/{rel}","templated":true}]}}