{"id":83299,"date":"2020-10-18T08:50:20","date_gmt":"2020-10-18T06:50:20","guid":{"rendered":"https:\/\/dicodusport.fr\/blog\/?p=83299&#038;preview=true&#038;preview_id=83299"},"modified":"2020-10-18T08:50:20","modified_gmt":"2020-10-18T06:50:20","slug":"tour-des-flandres-2020-liste-des-engages","status":"publish","type":"post","link":"https:\/\/dicodusport.fr\/blog\/tour-des-flandres-2020-liste-des-engages\/","title":{"rendered":"Tour des Flandres 2020 : la liste des engag\u00e9s"},"content":{"rendered":"<p style=\"text-align: justify;\"><em><strong>TOUR DES FLANDRES 2020<\/strong><b> \u2013 D\u00e9couvrez la startlist <i>du\u00a0<a href=\"https:\/\/www.procyclingstats.com\/race\/ronde-van-vlaanderen\/2020\/overview\" target=\"_blank\" rel=\"noopener noreferrer\">104\u00e8me Tour des Flandres<\/a> entre Anvers et Oudenaarde (243 km), qui fera figure de dernier Monument de la saison.<\/i><\/b><\/em><\/p>\n<h2 style=\"text-align: justify;\">Tour des Flandres 2020 : la liste des engag\u00e9s<\/h2>\n<h3><strong>EF Pro Cycling<\/strong><\/h3>\n<p>1 BETTIOL Alberto<br \/>\n2 VANMARCKE Sep<br \/>\n3 BISSEGGER Stefan<br \/>\n4 KEUKELEIRE Jens<br \/>\n5 LANGEVELD Sebastian<br \/>\n6 RUTSCH Jonas<br \/>\n7 SCULLY Tom<\/p>\n<h3><strong>Deceuninck \u2013 Quick-Step<\/strong><\/h3>\n<p>11 ALAPHILIPPE Julian<br \/>\n12 ASGREEN Kasper<br \/>\n13 DECLERCQ Tim<br \/>\n14 DEVENYNS Dries<br \/>\n15 LAMPAERT Yves<br \/>\n16 S\u00c9N\u00c9CHAL Florian<br \/>\n17 \u0160TYBAR Zden\u011bk<\/p>\n<h3><strong>Lotto Soudal<\/strong><\/h3>\n<p>21 WELLENS Tim<br \/>\n22 DE BUYST Jasper<br \/>\n23 DEGENKOLB John<br \/>\n24 KLUGE Roger<br \/>\n25 DEWULF Stan<br \/>\n26 FRISON Frederik<br \/>\n27 VERMEERSCH Florian<\/p>\n<h3><strong>AG2R La Mondiale<\/strong><\/h3>\n<p>31 NAESEN Oliver<br \/>\n32 DILLIER Silvan<br \/>\n33 DUVAL Julien<br \/>\n34 GOUGEARD Alexis<br \/>\n35 NAESEN Lawrence<br \/>\n36 VANDENBERGH Stijn<br \/>\n37 BARDET Romain<\/p>\n<h3><strong>Jumbo \u2013 Visma<\/strong><\/h3>\n<p>41 VAN AERT Wout<br \/>\n42 EENKHOORN Pascal<br \/>\n43 JANSEN Amund Gr\u00f8ndahl<br \/>\n44 VAN DER HOORN Taco<br \/>\n45 ROOSEN Timo<br \/>\n46 LINDEMAN Bert-Jan<br \/>\n47 WYNANTS Maarten<\/p>\n<h3><strong>Alpecin \u2013 Fenix<\/strong><\/h3>\n<p>51 VAN DER POEL Mathieu<br \/>\n52 DE BONDT Dries<br \/>\n53 RICKAERT Jonas<br \/>\n54 KRIEGER Alexander<br \/>\n55 VAKO\u010c Petr<br \/>\n56 VERGAERDE Otto<br \/>\n57 VERMEERSCH Gianni<\/p>\n<h3><strong>BORA \u2013 Hansgrohe<\/strong><\/h3>\n<p>61 BURGHARDT Marcus<br \/>\n62 DRUCKER Jempy<br \/>\n63 GATTO Oscar<br \/>\n64 M\u00dcHLBERGER Gregor<br \/>\n65 OSS Daniel<br \/>\n66 P\u00d6STLBERGER Lukas<br \/>\n67 SCHACHMANN Maximilian<\/p>\n<h3><strong>CCC Team<\/strong><\/h3>\n<p>71 TRENTIN Matteo<br \/>\n72 KOCH Jonas<br \/>\n73 SCH\u00c4R Michael<br \/>\n74 VAN HOECKE Gijs<br \/>\n75 VAN HOOYDONCK Nathan<br \/>\n76 VAN KEIRSBULCK Guillaume<br \/>\n77 VENTOSO Francisco Jos\u00e9<\/p>\n<p><center><\/center><\/p>\n<h3><strong>Trek \u2013 Segafredo<\/strong><\/h3>\n<p>81 PEDERSEN Mads<br \/>\n82 KIRSCH Alex<br \/>\n83 MULLEN Ryan<br \/>\n84 REIJNEN Kiel<br \/>\n85 SKUJI\u0145\u0160 Toms<br \/>\n86 STUYVEN Jasper<br \/>\n87 THEUNS Edward<\/p>\n<h3><strong>Groupama \u2013 FDJ<\/strong><\/h3>\n<p>91 K\u00dcNG Stefan<br \/>\n92 DELAGE Micka\u00ebl<br \/>\n93 GENIETS Kevin<br \/>\n94 LIENHARD Fabian<br \/>\n95 MOLARD Rudy<br \/>\n96 MADOUAS Valentin<br \/>\n97 STEWART Jake<\/p>\n<h3><strong>Israel Start-Up Nation<\/strong><\/h3>\n<p>101 POLITT Nils<br \/>\n102 VAHTRA Norman<br \/>\n103 BOIVIN Guillaume<br \/>\n104 EINHORN Itamar<br \/>\n105 HOFSTETTER Hugo<br \/>\n106 MCCABE Travis<br \/>\n107 VAN ASBROECK Tom<\/p>\n<h3><strong>Bahrain \u2013 McLaren<\/strong><\/h3>\n<p>111 CAVENDISH Mark<br \/>\n112 COLBRELLI Sonny<br \/>\n113 PIBERNIK Luka<br \/>\n114 FENG Chun Kai<br \/>\n115 HALLER Marco<br \/>\n116 WRIGHT Alfred<br \/>\n117 TEUNS Dylan<\/p>\n<hr \/>\n<ul>\n<li style=\"text-align: justify;\"><strong>\u00c0 lire aussi &#8211; <a href=\"https:\/\/dicodusport.fr\/blog\/tour-des-flandres-2020-profil-du-ronde\/\" target=\"_blank\" rel=\"noopener noreferrer\">Tour des Flandres 2020 : le profil du Ronde<\/a><\/strong><\/li>\n<\/ul>\n<hr \/>\n<h3><strong>Mitchelton \u2013 SCOTT<\/strong><\/h3>\n<p>121 BAUER Jack<br \/>\n122 DURBRIDGE Luke<br \/>\n123 EDMONDSON Alex<br \/>\n124 JUUL-JENSEN Christopher<br \/>\n125 KONYCHEV Alexander<br \/>\n126 MEZGEC Luka<br \/>\n127 GROVES Kaden<\/p>\n<h3><strong>Movistar<\/strong><\/h3>\n<p>131 ELOSEGUI I\u00f1igo<br \/>\n132 ALBA Juan Diego<br \/>\n134 JACOBS Johan<br \/>\n135 MAS Llu\u00eds<br \/>\n136 MORA Sebasti\u00e1n<br \/>\n137 PRADES Eduard<\/p>\n<h3><strong>NTT Pro Cycling<\/strong><\/h3>\n<p>141 BOASSON HAGEN Edvald<br \/>\n142 BATTISTELLA Samuele<br \/>\n143 WALSCHEID Max<br \/>\n144 GOGL Michael<br \/>\n145 VALGREN Michael<br \/>\n146 JANSE VAN RENSBURG Reinardt<br \/>\n147 TILLER Rasmus<\/p>\n<h3><strong>INEOS Grenadiers<\/strong><\/h3>\n<p>151 KWIATKOWSKI Micha\u0142<br \/>\n152 BASSO Leonardo<br \/>\n153 DOULL Owain<br \/>\n154 KNEES Christian<br \/>\n155 LAWLESS Chris<br \/>\n156 ROWE Luke<br \/>\n157 VAN BAARLE Dylan<\/p>\n<h3><strong>Team Sunweb<\/strong><\/h3>\n<p>161 BENOOT Tiesj<br \/>\n162 BOL Cees<br \/>\n163 ARNDT Nikias<br \/>\n164 EEKHOFF Nils<br \/>\n165 KRAGH ANDERSEN S\u00f8ren<br \/>\n166 DAINESE Alberto<br \/>\n167 NIEUWENHUIS Joris<\/p>\n<h3><strong>Astana<\/strong><\/h3>\n<p>171 FOMINYKH Daniil<br \/>\n172 DE VREESE Laurens<br \/>\n173 GIDICH Yevgeniy<br \/>\n175 HOULE Hugo<br \/>\n176 MARTINELLI Davide<br \/>\n177 ZAKHAROV Artyom<\/p>\n<h3><strong>UAE \u2013 Team Emirates<\/strong><\/h3>\n<p>181 KRISTOFF Alexander<br \/>\n182 BOHLI Tom<br \/>\n183 BYSTR\u00d8M Sven Erik<br \/>\n184 LAENGEN Vegard Stake<br \/>\n185 MARCATO Marco<br \/>\n187 OLIVEIRA Rui<\/p>\n<h3><strong>Cofidis<\/strong><\/h3>\n<p>191 ALLEGAERT Piet<br \/>\n192 CLAEYS Dimitri<br \/>\n193 TOUZ\u00c9 Damien<br \/>\n194 LAPORTE Christophe<br \/>\n195 LEMOINE Cyril<br \/>\n196 VIVIANI Attilio<br \/>\n197 VERMOTE Julien<\/p>\n<h3><strong>Bingoal \u2013 Wallonie Bruxelles<\/strong><\/h3>\n<p>203 MOLLY Kenny<br \/>\n204 LIVYNS Arjen<br \/>\n205 PEYSKENS Dimitri<br \/>\n206 WIRTGEN Luc<br \/>\n207 SUTER Joel<br \/>\n208 TAMINIAUX Lionel<br \/>\n209 WIRTGEN Tom<\/p>\n<h3><strong>Circus \u2013 Wanty Gobert<\/strong><\/h3>\n<p>211 VANSPEYBROUCK Pieter<br \/>\n212 VAN POPPEL Boy<br \/>\n213 DE WINTER Ludwig<br \/>\n214 LAMMERTINK Maurits<br \/>\n215 MEURISSE Xandro<br \/>\n216 VAN POPPEL Danny<br \/>\n217 PASQUALON Andrea<\/p>\n<h3><strong>Sport Vlaanderen \u2013 Baloise<\/strong><\/h3>\n<p>221 BEULLENS C\u00e9dric<br \/>\n222 CAPIOT Amaury<br \/>\n223 DE WILDE Gilles<br \/>\n224 SPRENGERS Thomas<br \/>\n225 VAN DEN BOSSCHE Fabio<br \/>\n226 VAN POUCKE Aaron<br \/>\n227 MENTEN Milan<\/p>\n<h3><strong>B&amp;B Hotels \u2013 Vital Concept p\/b KTM<\/strong><\/h3>\n<p>231 BACKAERT Frederik<br \/>\n232 BARTHE Cyril<br \/>\n233 COQUARD Bryan<br \/>\n234 DE BACKER Bert<br \/>\n235 DEBUSSCHERE Jens<br \/>\n236 LECROQ J\u00e9r\u00e9my<br \/>\n237 MOZZATO Luca<\/p>\n<h3><strong>Total Direct Energie<\/strong><\/h3>\n<p>241 TERPSTRA Niki<br \/>\n242 SOUPE Geoffrey<br \/>\n243 MAITRE Florian<br \/>\n244 PETIT Adrien<br \/>\n245 TURGIS Anthony<br \/>\n246 VAN GESTEL Dries<br \/>\n247 CARDIS Romain<\/p>\n<p><strong><em>Dicodusport<br \/>\n<a href=\"https:\/\/www.facebook.com\/dicodusport\/\" target=\"_blank\" rel=\"noopener noreferrer\"><img loading=\"lazy\" decoding=\"async\" class=\"alignnone wp-image-2909\" src=\"http:\/\/dicodusport.fr\/blog\/wp-content\/uploads\/2017\/07\/logo-facebook-150x150.png\" alt=\"\" width=\"40\" height=\"40\" \/><\/a><a href=\"https:\/\/twitter.com\/dicodusport\" target=\"_blank\" rel=\"noopener noreferrer\"><img loading=\"lazy\" decoding=\"async\" class=\"alignnone wp-image-2908\" src=\"http:\/\/dicodusport.fr\/blog\/wp-content\/uploads\/2017\/07\/logo-twitter-150x150.png\" alt=\"\" width=\"39\" height=\"39\" \/><\/a><\/em><\/strong><\/p>\n","protected":false},"excerpt":{"rendered":"<p>TOUR DES FLANDRES 2020 \u2013 D\u00e9couvrez la startlist du\u00a0104\u00e8me Tour des Flandres entre Anvers et Oudenaarde (243 km), qui fera figure de dernier Monument de la saison.<\/p>\n","protected":false},"author":4,"featured_media":83302,"comment_status":"open","ping_status":"closed","sticky":false,"template":"","format":"standard","meta":{"_acf_changed":false,"_daextam_enable_autolinks":"","footnotes":""},"categories":[2307],"tags":[4325],"class_list":["post-83299","post","type-post","status-publish","format-standard","has-post-thumbnail","hentry","category-cyclisme","tag-tour-des-flandres"],"acf":[],"yoast_head":"<!-- This site is optimized with the Yoast SEO Premium plugin v26.7 (Yoast SEO v26.7) - https:\/\/yoast.com\/wordpress\/plugins\/seo\/ -->\n<title>Tour des Flandres 2020 : la liste des engag\u00e9s<\/title>\n<meta name=\"description\" content=\"TOUR DES FLANDRES 2020 \u2013 D\u00e9couvrez la startlist du\u00a0104\u00e8me Tour des Flandres entre Anvers et Oudenaarde, le dernier Monument de la saison.\" \/>\n<meta name=\"robots\" content=\"index, follow, max-snippet:-1, max-image-preview:large, max-video-preview:-1\" \/>\n<link rel=\"canonical\" href=\"https:\/\/dicodusport.fr\/blog\/tour-des-flandres-2020-liste-des-engages\/\" \/>\n<meta property=\"og:locale\" content=\"fr_FR\" \/>\n<meta property=\"og:type\" content=\"article\" \/>\n<meta property=\"og:title\" content=\"Tour des Flandres 2020 : la liste des engag\u00e9s\" \/>\n<meta property=\"og:description\" content=\"TOUR DES FLANDRES 2020 \u2013 D\u00e9couvrez la startlist du\u00a0104\u00e8me Tour des Flandres entre Anvers et Oudenaarde, le dernier Monument de la saison.\" \/>\n<meta property=\"og:url\" content=\"https:\/\/dicodusport.fr\/blog\/tour-des-flandres-2020-liste-des-engages\/\" \/>\n<meta property=\"og:site_name\" content=\"Dicodusport\" \/>\n<meta property=\"article:publisher\" content=\"https:\/\/www.facebook.com\/dicodusport\" \/>\n<meta property=\"article:author\" content=\"https:\/\/www.facebook.com\/florent.ostermann\" \/>\n<meta property=\"article:published_time\" content=\"2020-10-18T06:50:20+00:00\" \/>\n<meta property=\"og:image\" content=\"https:\/\/dicodusport.fr\/blog\/wp-content\/uploads\/2020\/10\/Tour-des-Flandres-2020-La-liste-des-engag\u00e9s.png\" \/>\n\t<meta property=\"og:image:width\" content=\"800\" \/>\n\t<meta property=\"og:image:height\" content=\"445\" \/>\n\t<meta property=\"og:image:type\" content=\"image\/png\" \/>\n<meta name=\"author\" content=\"Flo Ostermann\" \/>\n<meta name=\"twitter:card\" content=\"summary_large_image\" \/>\n<meta name=\"twitter:title\" content=\"Tour des Flandres 2020 : la liste des engag\u00e9s\" \/>\n<meta name=\"twitter:creator\" content=\"@https:\/\/twitter.com\/FlOstermann\" \/>\n<meta name=\"twitter:site\" content=\"@dicodusport\" \/>\n<script type=\"application\/ld+json\" class=\"yoast-schema-graph\">{\"@context\":\"https:\/\/schema.org\",\"@graph\":[{\"@type\":\"NewsArticle\",\"@id\":\"https:\/\/dicodusport.fr\/blog\/tour-des-flandres-2020-liste-des-engages\/#article\",\"isPartOf\":{\"@id\":\"https:\/\/dicodusport.fr\/blog\/tour-des-flandres-2020-liste-des-engages\/\"},\"author\":{\"name\":\"Flo Ostermann\",\"@id\":\"https:\/\/dicodusport.fr\/blog\/#\/schema\/person\/cb02af4c173ce4a653b55e9baf388d4a\"},\"headline\":\"Tour des Flandres 2020 : la liste des engag\u00e9s\",\"datePublished\":\"2020-10-18T06:50:20+00:00\",\"mainEntityOfPage\":{\"@id\":\"https:\/\/dicodusport.fr\/blog\/tour-des-flandres-2020-liste-des-engages\/\"},\"wordCount\":510,\"commentCount\":0,\"publisher\":{\"@id\":\"https:\/\/dicodusport.fr\/blog\/#organization\"},\"image\":{\"@id\":\"https:\/\/dicodusport.fr\/blog\/tour-des-flandres-2020-liste-des-engages\/#primaryimage\"},\"thumbnailUrl\":\"https:\/\/dicodusport.fr\/blog\/wp-content\/uploads\/2020\/10\/Tour-des-Flandres-2020-La-liste-des-engag\u00e9s.png\",\"keywords\":[\"Tour des Flandres\"],\"articleSection\":[\"Cyclisme\"],\"inLanguage\":\"fr-FR\",\"potentialAction\":[{\"@type\":\"CommentAction\",\"name\":\"Comment\",\"target\":[\"https:\/\/dicodusport.fr\/blog\/tour-des-flandres-2020-liste-des-engages\/#respond\"]}],\"copyrightYear\":\"2020\",\"copyrightHolder\":{\"@id\":\"https:\/\/dicodusport.fr\/blog\/#organization\"}},{\"@type\":\"WebPage\",\"@id\":\"https:\/\/dicodusport.fr\/blog\/tour-des-flandres-2020-liste-des-engages\/\",\"url\":\"https:\/\/dicodusport.fr\/blog\/tour-des-flandres-2020-liste-des-engages\/\",\"name\":\"Tour des Flandres 2020 : la liste des engag\u00e9s\",\"isPartOf\":{\"@id\":\"https:\/\/dicodusport.fr\/blog\/#website\"},\"primaryImageOfPage\":{\"@id\":\"https:\/\/dicodusport.fr\/blog\/tour-des-flandres-2020-liste-des-engages\/#primaryimage\"},\"image\":{\"@id\":\"https:\/\/dicodusport.fr\/blog\/tour-des-flandres-2020-liste-des-engages\/#primaryimage\"},\"thumbnailUrl\":\"https:\/\/dicodusport.fr\/blog\/wp-content\/uploads\/2020\/10\/Tour-des-Flandres-2020-La-liste-des-engag\u00e9s.png\",\"datePublished\":\"2020-10-18T06:50:20+00:00\",\"description\":\"TOUR DES FLANDRES 2020 \u2013 D\u00e9couvrez la startlist du\u00a0104\u00e8me Tour des Flandres entre Anvers et Oudenaarde, le dernier Monument de la saison.\",\"breadcrumb\":{\"@id\":\"https:\/\/dicodusport.fr\/blog\/tour-des-flandres-2020-liste-des-engages\/#breadcrumb\"},\"inLanguage\":\"fr-FR\",\"potentialAction\":[{\"@type\":\"ReadAction\",\"target\":[\"https:\/\/dicodusport.fr\/blog\/tour-des-flandres-2020-liste-des-engages\/\"]}]},{\"@type\":\"ImageObject\",\"inLanguage\":\"fr-FR\",\"@id\":\"https:\/\/dicodusport.fr\/blog\/tour-des-flandres-2020-liste-des-engages\/#primaryimage\",\"url\":\"https:\/\/dicodusport.fr\/blog\/wp-content\/uploads\/2020\/10\/Tour-des-Flandres-2020-La-liste-des-engag\u00e9s.png\",\"contentUrl\":\"https:\/\/dicodusport.fr\/blog\/wp-content\/uploads\/2020\/10\/Tour-des-Flandres-2020-La-liste-des-engag\u00e9s.png\",\"width\":800,\"height\":445,\"caption\":\"Tour des Flandres 2020 : la liste des engag\u00e9s\"},{\"@type\":\"BreadcrumbList\",\"@id\":\"https:\/\/dicodusport.fr\/blog\/tour-des-flandres-2020-liste-des-engages\/#breadcrumb\",\"itemListElement\":[{\"@type\":\"ListItem\",\"position\":1,\"name\":\"Accueil\",\"item\":\"https:\/\/dicodusport.fr\/blog\/\"},{\"@type\":\"ListItem\",\"position\":2,\"name\":\"Tour des Flandres 2020 : la liste des engag\u00e9s\"}]},{\"@type\":\"WebSite\",\"@id\":\"https:\/\/dicodusport.fr\/blog\/#website\",\"url\":\"https:\/\/dicodusport.fr\/blog\/\",\"name\":\"Dicodusport\",\"description\":\"L&#039;encyclop\u00e9die de l&#039;actualit\u00e9 sportive\",\"publisher\":{\"@id\":\"https:\/\/dicodusport.fr\/blog\/#organization\"},\"potentialAction\":[{\"@type\":\"SearchAction\",\"target\":{\"@type\":\"EntryPoint\",\"urlTemplate\":\"https:\/\/dicodusport.fr\/blog\/?s={search_term_string}\"},\"query-input\":{\"@type\":\"PropertyValueSpecification\",\"valueRequired\":true,\"valueName\":\"search_term_string\"}}],\"inLanguage\":\"fr-FR\"},{\"@type\":\"NewsMediaOrganization\",\"@id\":\"https:\/\/dicodusport.fr\/blog\/#organization\",\"name\":\"Dicodusport\",\"url\":\"https:\/\/dicodusport.fr\/blog\/\",\"logo\":{\"@type\":\"ImageObject\",\"inLanguage\":\"fr-FR\",\"@id\":\"https:\/\/dicodusport.fr\/blog\/#\/schema\/logo\/image\/\",\"url\":\"https:\/\/dicodusport.fr\/blog\/wp-content\/uploads\/2020\/06\/cropped-LOGO-DICODUSPORT-2020-SANS-FOND-SANS-TEXTE.png\",\"contentUrl\":\"https:\/\/dicodusport.fr\/blog\/wp-content\/uploads\/2020\/06\/cropped-LOGO-DICODUSPORT-2020-SANS-FOND-SANS-TEXTE.png\",\"width\":512,\"height\":512,\"caption\":\"Dicodusport\"},\"image\":{\"@id\":\"https:\/\/dicodusport.fr\/blog\/#\/schema\/logo\/image\/\"},\"sameAs\":[\"https:\/\/www.facebook.com\/dicodusport\",\"https:\/\/x.com\/dicodusport\",\"https:\/\/www.instagram.com\/dicodusport\/\",\"https:\/\/www.youtube.com\/channel\/UC7V2KZ5sd3htJivAbA4ZG3w\"],\"description\":\"Dicodusport est l'encyclop\u00e9die de l'actualit\u00e9 sportive.\",\"email\":\"bonjour@dicodusport.fr\",\"legalName\":\"DICODUSPORT\",\"foundingDate\":\"2018-01-14\",\"vatID\":\"FR71834470973\",\"taxID\":\"83447097300043\",\"numberOfEmployees\":{\"@type\":\"QuantitativeValue\",\"minValue\":\"1\",\"maxValue\":\"10\"}},{\"@type\":\"Person\",\"@id\":\"https:\/\/dicodusport.fr\/blog\/#\/schema\/person\/cb02af4c173ce4a653b55e9baf388d4a\",\"name\":\"Flo Ostermann\",\"image\":{\"@type\":\"ImageObject\",\"inLanguage\":\"fr-FR\",\"@id\":\"https:\/\/dicodusport.fr\/blog\/#\/schema\/person\/image\/\",\"url\":\"https:\/\/dicodusport.fr\/blog\/wp-content\/uploads\/2021\/05\/Flo-Ostermann-150x150.jpg\",\"contentUrl\":\"https:\/\/dicodusport.fr\/blog\/wp-content\/uploads\/2021\/05\/Flo-Ostermann-150x150.jpg\",\"caption\":\"Flo Ostermann\"},\"description\":\"Journaliste\/R\u00e9dacteur depuis septembre 2015 - Mes premiers souvenirs dans le sport ? Les envol\u00e9es du Stade Toulousain et les duels Villeneuve-Schumacher et H\u00e4kkinen-Schumacher \u00e0 la fin des ann\u00e9es 90, la Coupe du monde de football en 1998, l\u2019exploit du XV de France face aux All Blacks en 1999, mais aussi Richard C\u0153ur de Lion qui vole sur les montagnes du Tour de France. Bien parti pour devenir professeur d\u2019EPS, les \u00e9v\u00e9nements de la vie (et la flemme d\u2019animer des s\u00e9ances de 3x500 m\u00e8tres toute ma vie) m\u2019ont conduit \u00e0 revoir mes plans. Me voil\u00e0 depuis fin 2017 sur Dicodusport, m\u00e9dia gr\u00e2ce (et pour) lequel je partage ma passion : le sport dans tous ses \u00e9tats. Le tout accompagn\u00e9 par les fous furieux et folles furieuses cit\u00e9s sur cette page !\",\"sameAs\":[\"https:\/\/www.facebook.com\/florent.ostermann\",\"https:\/\/x.com\/https:\/\/twitter.com\/FlOstermann\",\"admin\"],\"url\":\"https:\/\/dicodusport.fr\/blog\/author\/flo\/\"}]}<\/script>\n<!-- \/ Yoast SEO Premium plugin. -->","yoast_head_json":{"title":"Tour des Flandres 2020 : la liste des engag\u00e9s","description":"TOUR DES FLANDRES 2020 \u2013 D\u00e9couvrez la startlist du\u00a0104\u00e8me Tour des Flandres entre Anvers et Oudenaarde, le dernier Monument de la saison.","robots":{"index":"index","follow":"follow","max-snippet":"max-snippet:-1","max-image-preview":"max-image-preview:large","max-video-preview":"max-video-preview:-1"},"canonical":"https:\/\/dicodusport.fr\/blog\/tour-des-flandres-2020-liste-des-engages\/","og_locale":"fr_FR","og_type":"article","og_title":"Tour des Flandres 2020 : la liste des engag\u00e9s","og_description":"TOUR DES FLANDRES 2020 \u2013 D\u00e9couvrez la startlist du\u00a0104\u00e8me Tour des Flandres entre Anvers et Oudenaarde, le dernier Monument de la saison.","og_url":"https:\/\/dicodusport.fr\/blog\/tour-des-flandres-2020-liste-des-engages\/","og_site_name":"Dicodusport","article_publisher":"https:\/\/www.facebook.com\/dicodusport","article_author":"https:\/\/www.facebook.com\/florent.ostermann","article_published_time":"2020-10-18T06:50:20+00:00","og_image":[{"width":800,"height":445,"url":"https:\/\/dicodusport.fr\/blog\/wp-content\/uploads\/2020\/10\/Tour-des-Flandres-2020-La-liste-des-engag\u00e9s.png","type":"image\/png"}],"author":"Flo Ostermann","twitter_card":"summary_large_image","twitter_title":"Tour des Flandres 2020 : la liste des engag\u00e9s","twitter_creator":"@https:\/\/twitter.com\/FlOstermann","twitter_site":"@dicodusport","schema":{"@context":"https:\/\/schema.org","@graph":[{"@type":"NewsArticle","@id":"https:\/\/dicodusport.fr\/blog\/tour-des-flandres-2020-liste-des-engages\/#article","isPartOf":{"@id":"https:\/\/dicodusport.fr\/blog\/tour-des-flandres-2020-liste-des-engages\/"},"author":{"name":"Flo Ostermann","@id":"https:\/\/dicodusport.fr\/blog\/#\/schema\/person\/cb02af4c173ce4a653b55e9baf388d4a"},"headline":"Tour des Flandres 2020 : la liste des engag\u00e9s","datePublished":"2020-10-18T06:50:20+00:00","mainEntityOfPage":{"@id":"https:\/\/dicodusport.fr\/blog\/tour-des-flandres-2020-liste-des-engages\/"},"wordCount":510,"commentCount":0,"publisher":{"@id":"https:\/\/dicodusport.fr\/blog\/#organization"},"image":{"@id":"https:\/\/dicodusport.fr\/blog\/tour-des-flandres-2020-liste-des-engages\/#primaryimage"},"thumbnailUrl":"https:\/\/dicodusport.fr\/blog\/wp-content\/uploads\/2020\/10\/Tour-des-Flandres-2020-La-liste-des-engag\u00e9s.png","keywords":["Tour des Flandres"],"articleSection":["Cyclisme"],"inLanguage":"fr-FR","potentialAction":[{"@type":"CommentAction","name":"Comment","target":["https:\/\/dicodusport.fr\/blog\/tour-des-flandres-2020-liste-des-engages\/#respond"]}],"copyrightYear":"2020","copyrightHolder":{"@id":"https:\/\/dicodusport.fr\/blog\/#organization"}},{"@type":"WebPage","@id":"https:\/\/dicodusport.fr\/blog\/tour-des-flandres-2020-liste-des-engages\/","url":"https:\/\/dicodusport.fr\/blog\/tour-des-flandres-2020-liste-des-engages\/","name":"Tour des Flandres 2020 : la liste des engag\u00e9s","isPartOf":{"@id":"https:\/\/dicodusport.fr\/blog\/#website"},"primaryImageOfPage":{"@id":"https:\/\/dicodusport.fr\/blog\/tour-des-flandres-2020-liste-des-engages\/#primaryimage"},"image":{"@id":"https:\/\/dicodusport.fr\/blog\/tour-des-flandres-2020-liste-des-engages\/#primaryimage"},"thumbnailUrl":"https:\/\/dicodusport.fr\/blog\/wp-content\/uploads\/2020\/10\/Tour-des-Flandres-2020-La-liste-des-engag\u00e9s.png","datePublished":"2020-10-18T06:50:20+00:00","description":"TOUR DES FLANDRES 2020 \u2013 D\u00e9couvrez la startlist du\u00a0104\u00e8me Tour des Flandres entre Anvers et Oudenaarde, le dernier Monument de la saison.","breadcrumb":{"@id":"https:\/\/dicodusport.fr\/blog\/tour-des-flandres-2020-liste-des-engages\/#breadcrumb"},"inLanguage":"fr-FR","potentialAction":[{"@type":"ReadAction","target":["https:\/\/dicodusport.fr\/blog\/tour-des-flandres-2020-liste-des-engages\/"]}]},{"@type":"ImageObject","inLanguage":"fr-FR","@id":"https:\/\/dicodusport.fr\/blog\/tour-des-flandres-2020-liste-des-engages\/#primaryimage","url":"https:\/\/dicodusport.fr\/blog\/wp-content\/uploads\/2020\/10\/Tour-des-Flandres-2020-La-liste-des-engag\u00e9s.png","contentUrl":"https:\/\/dicodusport.fr\/blog\/wp-content\/uploads\/2020\/10\/Tour-des-Flandres-2020-La-liste-des-engag\u00e9s.png","width":800,"height":445,"caption":"Tour des Flandres 2020 : la liste des engag\u00e9s"},{"@type":"BreadcrumbList","@id":"https:\/\/dicodusport.fr\/blog\/tour-des-flandres-2020-liste-des-engages\/#breadcrumb","itemListElement":[{"@type":"ListItem","position":1,"name":"Accueil","item":"https:\/\/dicodusport.fr\/blog\/"},{"@type":"ListItem","position":2,"name":"Tour des Flandres 2020 : la liste des engag\u00e9s"}]},{"@type":"WebSite","@id":"https:\/\/dicodusport.fr\/blog\/#website","url":"https:\/\/dicodusport.fr\/blog\/","name":"Dicodusport","description":"L&#039;encyclop\u00e9die de l&#039;actualit\u00e9 sportive","publisher":{"@id":"https:\/\/dicodusport.fr\/blog\/#organization"},"potentialAction":[{"@type":"SearchAction","target":{"@type":"EntryPoint","urlTemplate":"https:\/\/dicodusport.fr\/blog\/?s={search_term_string}"},"query-input":{"@type":"PropertyValueSpecification","valueRequired":true,"valueName":"search_term_string"}}],"inLanguage":"fr-FR"},{"@type":"NewsMediaOrganization","@id":"https:\/\/dicodusport.fr\/blog\/#organization","name":"Dicodusport","url":"https:\/\/dicodusport.fr\/blog\/","logo":{"@type":"ImageObject","inLanguage":"fr-FR","@id":"https:\/\/dicodusport.fr\/blog\/#\/schema\/logo\/image\/","url":"https:\/\/dicodusport.fr\/blog\/wp-content\/uploads\/2020\/06\/cropped-LOGO-DICODUSPORT-2020-SANS-FOND-SANS-TEXTE.png","contentUrl":"https:\/\/dicodusport.fr\/blog\/wp-content\/uploads\/2020\/06\/cropped-LOGO-DICODUSPORT-2020-SANS-FOND-SANS-TEXTE.png","width":512,"height":512,"caption":"Dicodusport"},"image":{"@id":"https:\/\/dicodusport.fr\/blog\/#\/schema\/logo\/image\/"},"sameAs":["https:\/\/www.facebook.com\/dicodusport","https:\/\/x.com\/dicodusport","https:\/\/www.instagram.com\/dicodusport\/","https:\/\/www.youtube.com\/channel\/UC7V2KZ5sd3htJivAbA4ZG3w"],"description":"Dicodusport est l'encyclop\u00e9die de l'actualit\u00e9 sportive.","email":"bonjour@dicodusport.fr","legalName":"DICODUSPORT","foundingDate":"2018-01-14","vatID":"FR71834470973","taxID":"83447097300043","numberOfEmployees":{"@type":"QuantitativeValue","minValue":"1","maxValue":"10"}},{"@type":"Person","@id":"https:\/\/dicodusport.fr\/blog\/#\/schema\/person\/cb02af4c173ce4a653b55e9baf388d4a","name":"Flo Ostermann","image":{"@type":"ImageObject","inLanguage":"fr-FR","@id":"https:\/\/dicodusport.fr\/blog\/#\/schema\/person\/image\/","url":"https:\/\/dicodusport.fr\/blog\/wp-content\/uploads\/2021\/05\/Flo-Ostermann-150x150.jpg","contentUrl":"https:\/\/dicodusport.fr\/blog\/wp-content\/uploads\/2021\/05\/Flo-Ostermann-150x150.jpg","caption":"Flo Ostermann"},"description":"Journaliste\/R\u00e9dacteur depuis septembre 2015 - Mes premiers souvenirs dans le sport ? Les envol\u00e9es du Stade Toulousain et les duels Villeneuve-Schumacher et H\u00e4kkinen-Schumacher \u00e0 la fin des ann\u00e9es 90, la Coupe du monde de football en 1998, l\u2019exploit du XV de France face aux All Blacks en 1999, mais aussi Richard C\u0153ur de Lion qui vole sur les montagnes du Tour de France. Bien parti pour devenir professeur d\u2019EPS, les \u00e9v\u00e9nements de la vie (et la flemme d\u2019animer des s\u00e9ances de 3x500 m\u00e8tres toute ma vie) m\u2019ont conduit \u00e0 revoir mes plans. Me voil\u00e0 depuis fin 2017 sur Dicodusport, m\u00e9dia gr\u00e2ce (et pour) lequel je partage ma passion : le sport dans tous ses \u00e9tats. Le tout accompagn\u00e9 par les fous furieux et folles furieuses cit\u00e9s sur cette page !","sameAs":["https:\/\/www.facebook.com\/florent.ostermann","https:\/\/x.com\/https:\/\/twitter.com\/FlOstermann","admin"],"url":"https:\/\/dicodusport.fr\/blog\/author\/flo\/"}]}},"_links":{"self":[{"href":"https:\/\/dicodusport.fr\/blog\/wp-json\/wp\/v2\/posts\/83299","targetHints":{"allow":["GET"]}}],"collection":[{"href":"https:\/\/dicodusport.fr\/blog\/wp-json\/wp\/v2\/posts"}],"about":[{"href":"https:\/\/dicodusport.fr\/blog\/wp-json\/wp\/v2\/types\/post"}],"author":[{"embeddable":true,"href":"https:\/\/dicodusport.fr\/blog\/wp-json\/wp\/v2\/users\/4"}],"replies":[{"embeddable":true,"href":"https:\/\/dicodusport.fr\/blog\/wp-json\/wp\/v2\/comments?post=83299"}],"version-history":[{"count":0,"href":"https:\/\/dicodusport.fr\/blog\/wp-json\/wp\/v2\/posts\/83299\/revisions"}],"wp:featuredmedia":[{"embeddable":true,"href":"https:\/\/dicodusport.fr\/blog\/wp-json\/wp\/v2\/media\/83302"}],"wp:attachment":[{"href":"https:\/\/dicodusport.fr\/blog\/wp-json\/wp\/v2\/media?parent=83299"}],"wp:term":[{"taxonomy":"category","embeddable":true,"href":"https:\/\/dicodusport.fr\/blog\/wp-json\/wp\/v2\/categories?post=83299"},{"taxonomy":"post_tag","embeddable":true,"href":"https:\/\/dicodusport.fr\/blog\/wp-json\/wp\/v2\/tags?post=83299"}],"curies":[{"name":"wp","href":"https:\/\/api.w.org\/{rel}","templated":true}]}}