{"id":83326,"date":"2020-10-18T15:48:49","date_gmt":"2020-10-18T13:48:49","guid":{"rendered":"https:\/\/dicodusport.fr\/blog\/?p=83326&#038;preview=true&#038;preview_id=83326"},"modified":"2020-10-18T22:56:44","modified_gmt":"2020-10-18T20:56:44","slug":"tour-des-flandres-2020-mathieu-van-der-poel-remporte-le-ronde-devant-wout-van-aert","status":"publish","type":"post","link":"https:\/\/dicodusport.fr\/blog\/tour-des-flandres-2020-mathieu-van-der-poel-remporte-le-ronde-devant-wout-van-aert\/","title":{"rendered":"Tour des Flandres 2020 : Mathieu van der Poel remporte le Ronde devant Wout van Aert"},"content":{"rendered":"<p style=\"text-align: justify;\"><b><i><a href=\"https:\/\/dicodusport.fr\/blog\/tour-des-flandres-2020-profil-du-ronde\/\" target=\"_blank\" rel=\"noopener noreferrer\">TOUR DES FLANDRES 2020<\/a> &#8211; Au terme d&rsquo;un duel ultra attendu, Mathieu van der Poel (Alpecin-Fenix) a remport\u00e9 au sprint, face \u00e0 Wout van Aert (Jumbo-Visma), le Tour des Flandres.<\/i><\/b><\/p>\n<p style=\"text-align: justify;\">Apr\u00e8s la traditionnelle \u00e9chapp\u00e9e matinale, <strong>Julian Alaphilippe<\/strong> (Elegant &#8211; Quick-Step) a mis le feu aux poudres \u00e0 45 kilom\u00e8tres de l&rsquo;arriv\u00e9e, dans le Koppenberg. Derri\u00e8re lui, <strong>Wout van Aert<\/strong> (Jumbo-Visma) et <strong>Mathieu van der Poel<\/strong> (Alpecin-Fenix), mais aussi le vainqueur sortant <strong>Alberto Bettiol<\/strong> (EF Pro Cycling) et <strong>Valentin Madouas<\/strong> (Groupama-FDJ). <strong>Alaphilippe<\/strong>, un temps accompagn\u00e9 par <strong>Anthony Turgis<\/strong> (Total Direct Energie), \u00e9tait repris, avant d&rsquo;attaquer une deuxi\u00e8me fois. Cette fois, <strong>van der Poel<\/strong>, puis <strong>van Aert<\/strong>, sautaient dans sa roue. Avant l&rsquo;impensable.<\/p>\n<p style=\"text-align: justify;\">Derri\u00e8re une moto, <em>WVA<\/em> puis <em>VDP<\/em> prenaient l&rsquo;aspiration. Mais pas <strong>Julian Alaphilippe<\/strong>, qui percutait de plein fouet les deux roues du commissaire de couse. Le Fran\u00e7ais abandonnait, alors qu&rsquo;il faisait la course parfaite, pour sa premi\u00e8re participation au Ronde \u00e0 28 ans. Cruel.<\/p>\n<blockquote class=\"twitter-tweet\">\n<p dir=\"ltr\" lang=\"fr\">CHUTE DE JULIAN ALAPHILIPPE &#x1f6a8;&#x1f6a8;<\/p>\n<p>Le champion du monde est au sol apr\u00e8s avoir touch\u00e9 une moto !!!! Le Fran\u00e7ais semble gravement touch\u00e9, il ne parvient pas \u00e0 se relever <a href=\"https:\/\/twitter.com\/hashtag\/TourDesFlandres?src=hash&amp;ref_src=twsrc%5Etfw\">#TourDesFlandres<\/a><\/p>\n<p>Suivez la course en direct : <a href=\"https:\/\/t.co\/sdaNhFlQ3i\">https:\/\/t.co\/sdaNhFlQ3i<\/a> <a href=\"https:\/\/t.co\/vhaXqCpF5n\">pic.twitter.com\/vhaXqCpF5n<\/a><\/p>\n<p>\u2014 France tv sport (@francetvsport) <a href=\"https:\/\/twitter.com\/francetvsport\/status\/1317813639911510016?ref_src=twsrc%5Etfw\">October 18, 2020<\/a><\/p><\/blockquote>\n<p><script async src=\"https:\/\/platform.twitter.com\/widgets.js\" charset=\"utf-8\"><\/script><\/p>\n<h2 style=\"text-align: justify;\">Le duel WVA &#8211; MVDP a eu lieu<\/h2>\n<p style=\"text-align: justify;\">Par d\u00e9faut, le duel entre <strong>Wout van Aert<\/strong>, laur\u00e9at notamment des <strong>Strade Bianche<\/strong> et de <strong>Milan &#8211; San Remo<\/strong> au mois d&rsquo;ao\u00fbt, et <strong>Mathieu van der Poel<\/strong>, vainqueur du BinckBank Tour, avait lieu. Et c&rsquo;est au sprint que les deux sp\u00e9cialistes du cyclo-cross, embrouill\u00e9s depuis Gand-Wevelgem la semaine pass\u00e9e, que les deux grands favoris au d\u00e9part d&rsquo;Anvers ce matin se jouaient la victoire. Plus puissant, <strong>Mathieu van der Poel<\/strong> s&rsquo;imposait de moins d&rsquo;une demi-roue face au Belge. 34 ans apr\u00e8s son p\u00e8re, le N\u00e9erlandais remportait le premier Monument de sa carri\u00e8re, \u00e0 26 ans. Le Norv\u00e9gien <strong>Alexander Kristoff<\/strong> (UAE Team Emirates), termine devant <strong>Anthony Turgis<\/strong> (Total Direct Energie), excellent 4\u00e8me et premier Fran\u00e7ais.<\/p>\n<blockquote class=\"twitter-tweet\">\n<p dir=\"ltr\" lang=\"fr\">MATHIEU VAN DER POEL S&rsquo;IMPOSE &#x1f6a8;&#x1f6a8;&#x1f6a8;<\/p>\n<p>Quelle tension dans ce sprint entre Van der Poel et Van Aert ! Le N\u00e9erlandais lance le premier et r\u00e9siste au retour du Belge !<\/p>\n<p>Le coureur de 25 ans remporte son premier <a href=\"https:\/\/twitter.com\/hashtag\/TourDesFlandres?src=hash&amp;ref_src=twsrc%5Etfw\">#TourDesFlandres<\/a> <a href=\"https:\/\/t.co\/puRoidvyNp\">pic.twitter.com\/puRoidvyNp<\/a><\/p>\n<p>\u2014 France tv sport (@francetvsport) <a href=\"https:\/\/twitter.com\/francetvsport\/status\/1317824738299871233?ref_src=twsrc%5Etfw\">October 18, 2020<\/a><\/p><\/blockquote>\n<p><script async src=\"https:\/\/platform.twitter.com\/widgets.js\" charset=\"utf-8\"><\/script><\/p>\n<p><strong><em>Dicodusport<br \/>\n<a href=\"https:\/\/www.facebook.com\/dicodusport\/\" target=\"_blank\" rel=\"noopener noreferrer\"><img loading=\"lazy\" decoding=\"async\" class=\"alignnone wp-image-2909\" src=\"http:\/\/dicodusport.fr\/blog\/wp-content\/uploads\/2017\/07\/logo-facebook-150x150.png\" alt=\"\" width=\"40\" height=\"40\" \/><\/a><a href=\"https:\/\/twitter.com\/dicodusport\" target=\"_blank\" rel=\"noopener noreferrer\"><img loading=\"lazy\" decoding=\"async\" class=\"alignnone wp-image-2908\" src=\"http:\/\/dicodusport.fr\/blog\/wp-content\/uploads\/2017\/07\/logo-twitter-150x150.png\" alt=\"\" width=\"39\" height=\"39\" \/><\/a><\/em><\/strong><\/p>\n","protected":false},"excerpt":{"rendered":"<p>TOUR DES FLANDRES 2020 &#8211; Au terme d&rsquo;un duel ultra attendu, Mathieu van der Poel (Alpecin-Fenix) a remport\u00e9 au sprint, face \u00e0 Wout van Aert (Jumbo-Visma), le Tour des Flandres.<\/p>\n","protected":false},"author":1,"featured_media":83353,"comment_status":"open","ping_status":"closed","sticky":false,"template":"","format":"standard","meta":{"_acf_changed":false,"_daextam_enable_autolinks":"","footnotes":""},"categories":[2307],"tags":[574,4325],"class_list":["post-83326","post","type-post","status-publish","format-standard","has-post-thumbnail","hentry","category-cyclisme","tag-cyclisme","tag-tour-des-flandres"],"acf":[],"yoast_head":"<!-- This site is optimized with the Yoast SEO Premium plugin v26.7 (Yoast SEO v26.7) - https:\/\/yoast.com\/wordpress\/plugins\/seo\/ -->\n<title>Tour des Flandres 2020 : Mathieu van der Poel remporte le Ronde devant Wout van Aert<\/title>\n<meta name=\"description\" content=\"TOUR DES FLANDRES 2020 - Mathieu van der Poel (Alpecin-Fenix) a remport\u00e9 au sprint, face \u00e0 Wout van Aert (Jumbo-Visma), le Tour des Flandres.\" \/>\n<meta name=\"robots\" content=\"index, follow, max-snippet:-1, max-image-preview:large, max-video-preview:-1\" \/>\n<link rel=\"canonical\" href=\"https:\/\/dicodusport.fr\/blog\/tour-des-flandres-2020-mathieu-van-der-poel-remporte-le-ronde-devant-wout-van-aert\/\" \/>\n<meta property=\"og:locale\" content=\"fr_FR\" \/>\n<meta property=\"og:type\" content=\"article\" \/>\n<meta property=\"og:title\" content=\"Tour des Flandres 2020 : Mathieu van der Poel remporte le Ronde devant Wout van Aert\" \/>\n<meta property=\"og:description\" content=\"TOUR DES FLANDRES 2020 - Mathieu van der Poel (Alpecin-Fenix) a remport\u00e9 au sprint, face \u00e0 Wout van Aert (Jumbo-Visma), le Tour des Flandres.\" \/>\n<meta property=\"og:url\" content=\"https:\/\/dicodusport.fr\/blog\/tour-des-flandres-2020-mathieu-van-der-poel-remporte-le-ronde-devant-wout-van-aert\/\" \/>\n<meta property=\"og:site_name\" content=\"Dicodusport\" \/>\n<meta property=\"article:publisher\" content=\"https:\/\/www.facebook.com\/dicodusport\" \/>\n<meta property=\"article:author\" content=\"https:\/\/www.facebook.com\/dicodusport\" \/>\n<meta property=\"article:published_time\" content=\"2020-10-18T13:48:49+00:00\" \/>\n<meta property=\"article:modified_time\" content=\"2020-10-18T20:56:44+00:00\" \/>\n<meta property=\"og:image\" content=\"https:\/\/dicodusport.fr\/blog\/wp-content\/uploads\/2020\/10\/Cyclisme-Tour-des-Flandres-2020-Mathieu-van-der-Poel-remporte-le-Ronde-devant-Wout-van-Aert.png\" \/>\n\t<meta property=\"og:image:width\" content=\"800\" \/>\n\t<meta property=\"og:image:height\" content=\"445\" \/>\n\t<meta property=\"og:image:type\" content=\"image\/png\" \/>\n<meta name=\"author\" content=\"Nicolas Jacquemard\" \/>\n<meta name=\"twitter:card\" content=\"summary_large_image\" \/>\n<meta name=\"twitter:title\" content=\"Tour des Flandres 2020 : Mathieu van der Poel remporte le Ronde devant Wout van Aert\" \/>\n<meta name=\"twitter:creator\" content=\"@https:\/\/twitter.com\/Nico_Jacquemard\" \/>\n<meta name=\"twitter:site\" content=\"@dicodusport\" \/>\n<script type=\"application\/ld+json\" class=\"yoast-schema-graph\">{\"@context\":\"https:\/\/schema.org\",\"@graph\":[{\"@type\":\"NewsArticle\",\"@id\":\"https:\/\/dicodusport.fr\/blog\/tour-des-flandres-2020-mathieu-van-der-poel-remporte-le-ronde-devant-wout-van-aert\/#article\",\"isPartOf\":{\"@id\":\"https:\/\/dicodusport.fr\/blog\/tour-des-flandres-2020-mathieu-van-der-poel-remporte-le-ronde-devant-wout-van-aert\/\"},\"author\":{\"name\":\"Nicolas Jacquemard\",\"@id\":\"https:\/\/dicodusport.fr\/blog\/#\/schema\/person\/55dcb50ad410894e431ed812bbb70191\"},\"headline\":\"Tour des Flandres 2020 : Mathieu van der Poel remporte le Ronde devant Wout van Aert\",\"datePublished\":\"2020-10-18T13:48:49+00:00\",\"dateModified\":\"2020-10-18T20:56:44+00:00\",\"mainEntityOfPage\":{\"@id\":\"https:\/\/dicodusport.fr\/blog\/tour-des-flandres-2020-mathieu-van-der-poel-remporte-le-ronde-devant-wout-van-aert\/\"},\"wordCount\":427,\"commentCount\":0,\"publisher\":{\"@id\":\"https:\/\/dicodusport.fr\/blog\/#organization\"},\"image\":{\"@id\":\"https:\/\/dicodusport.fr\/blog\/tour-des-flandres-2020-mathieu-van-der-poel-remporte-le-ronde-devant-wout-van-aert\/#primaryimage\"},\"thumbnailUrl\":\"https:\/\/dicodusport.fr\/blog\/wp-content\/uploads\/2020\/10\/Cyclisme-Tour-des-Flandres-2020-Mathieu-van-der-Poel-remporte-le-Ronde-devant-Wout-van-Aert.png\",\"keywords\":[\"Cyclisme\",\"Tour des Flandres\"],\"articleSection\":[\"Cyclisme\"],\"inLanguage\":\"fr-FR\",\"potentialAction\":[{\"@type\":\"CommentAction\",\"name\":\"Comment\",\"target\":[\"https:\/\/dicodusport.fr\/blog\/tour-des-flandres-2020-mathieu-van-der-poel-remporte-le-ronde-devant-wout-van-aert\/#respond\"]}],\"copyrightYear\":\"2020\",\"copyrightHolder\":{\"@id\":\"https:\/\/dicodusport.fr\/blog\/#organization\"}},{\"@type\":\"WebPage\",\"@id\":\"https:\/\/dicodusport.fr\/blog\/tour-des-flandres-2020-mathieu-van-der-poel-remporte-le-ronde-devant-wout-van-aert\/\",\"url\":\"https:\/\/dicodusport.fr\/blog\/tour-des-flandres-2020-mathieu-van-der-poel-remporte-le-ronde-devant-wout-van-aert\/\",\"name\":\"Tour des Flandres 2020 : Mathieu van der Poel remporte le Ronde devant Wout van Aert\",\"isPartOf\":{\"@id\":\"https:\/\/dicodusport.fr\/blog\/#website\"},\"primaryImageOfPage\":{\"@id\":\"https:\/\/dicodusport.fr\/blog\/tour-des-flandres-2020-mathieu-van-der-poel-remporte-le-ronde-devant-wout-van-aert\/#primaryimage\"},\"image\":{\"@id\":\"https:\/\/dicodusport.fr\/blog\/tour-des-flandres-2020-mathieu-van-der-poel-remporte-le-ronde-devant-wout-van-aert\/#primaryimage\"},\"thumbnailUrl\":\"https:\/\/dicodusport.fr\/blog\/wp-content\/uploads\/2020\/10\/Cyclisme-Tour-des-Flandres-2020-Mathieu-van-der-Poel-remporte-le-Ronde-devant-Wout-van-Aert.png\",\"datePublished\":\"2020-10-18T13:48:49+00:00\",\"dateModified\":\"2020-10-18T20:56:44+00:00\",\"description\":\"TOUR DES FLANDRES 2020 - Mathieu van der Poel (Alpecin-Fenix) a remport\u00e9 au sprint, face \u00e0 Wout van Aert (Jumbo-Visma), le Tour des Flandres.\",\"breadcrumb\":{\"@id\":\"https:\/\/dicodusport.fr\/blog\/tour-des-flandres-2020-mathieu-van-der-poel-remporte-le-ronde-devant-wout-van-aert\/#breadcrumb\"},\"inLanguage\":\"fr-FR\",\"potentialAction\":[{\"@type\":\"ReadAction\",\"target\":[\"https:\/\/dicodusport.fr\/blog\/tour-des-flandres-2020-mathieu-van-der-poel-remporte-le-ronde-devant-wout-van-aert\/\"]}]},{\"@type\":\"ImageObject\",\"inLanguage\":\"fr-FR\",\"@id\":\"https:\/\/dicodusport.fr\/blog\/tour-des-flandres-2020-mathieu-van-der-poel-remporte-le-ronde-devant-wout-van-aert\/#primaryimage\",\"url\":\"https:\/\/dicodusport.fr\/blog\/wp-content\/uploads\/2020\/10\/Cyclisme-Tour-des-Flandres-2020-Mathieu-van-der-Poel-remporte-le-Ronde-devant-Wout-van-Aert.png\",\"contentUrl\":\"https:\/\/dicodusport.fr\/blog\/wp-content\/uploads\/2020\/10\/Cyclisme-Tour-des-Flandres-2020-Mathieu-van-der-Poel-remporte-le-Ronde-devant-Wout-van-Aert.png\",\"width\":800,\"height\":445,\"caption\":\"Cyclisme sur route : le classement UCI masculin\"},{\"@type\":\"BreadcrumbList\",\"@id\":\"https:\/\/dicodusport.fr\/blog\/tour-des-flandres-2020-mathieu-van-der-poel-remporte-le-ronde-devant-wout-van-aert\/#breadcrumb\",\"itemListElement\":[{\"@type\":\"ListItem\",\"position\":1,\"name\":\"Accueil\",\"item\":\"https:\/\/dicodusport.fr\/blog\/\"},{\"@type\":\"ListItem\",\"position\":2,\"name\":\"Tour des Flandres 2020 : Mathieu van der Poel remporte le Ronde devant Wout van Aert\"}]},{\"@type\":\"WebSite\",\"@id\":\"https:\/\/dicodusport.fr\/blog\/#website\",\"url\":\"https:\/\/dicodusport.fr\/blog\/\",\"name\":\"Dicodusport\",\"description\":\"L&#039;encyclop\u00e9die de l&#039;actualit\u00e9 sportive\",\"publisher\":{\"@id\":\"https:\/\/dicodusport.fr\/blog\/#organization\"},\"potentialAction\":[{\"@type\":\"SearchAction\",\"target\":{\"@type\":\"EntryPoint\",\"urlTemplate\":\"https:\/\/dicodusport.fr\/blog\/?s={search_term_string}\"},\"query-input\":{\"@type\":\"PropertyValueSpecification\",\"valueRequired\":true,\"valueName\":\"search_term_string\"}}],\"inLanguage\":\"fr-FR\"},{\"@type\":\"NewsMediaOrganization\",\"@id\":\"https:\/\/dicodusport.fr\/blog\/#organization\",\"name\":\"Dicodusport\",\"url\":\"https:\/\/dicodusport.fr\/blog\/\",\"logo\":{\"@type\":\"ImageObject\",\"inLanguage\":\"fr-FR\",\"@id\":\"https:\/\/dicodusport.fr\/blog\/#\/schema\/logo\/image\/\",\"url\":\"https:\/\/dicodusport.fr\/blog\/wp-content\/uploads\/2020\/06\/cropped-LOGO-DICODUSPORT-2020-SANS-FOND-SANS-TEXTE.png\",\"contentUrl\":\"https:\/\/dicodusport.fr\/blog\/wp-content\/uploads\/2020\/06\/cropped-LOGO-DICODUSPORT-2020-SANS-FOND-SANS-TEXTE.png\",\"width\":512,\"height\":512,\"caption\":\"Dicodusport\"},\"image\":{\"@id\":\"https:\/\/dicodusport.fr\/blog\/#\/schema\/logo\/image\/\"},\"sameAs\":[\"https:\/\/www.facebook.com\/dicodusport\",\"https:\/\/x.com\/dicodusport\",\"https:\/\/www.instagram.com\/dicodusport\/\",\"https:\/\/www.youtube.com\/channel\/UC7V2KZ5sd3htJivAbA4ZG3w\"],\"description\":\"Dicodusport est l'encyclop\u00e9die de l'actualit\u00e9 sportive.\",\"email\":\"bonjour@dicodusport.fr\",\"legalName\":\"DICODUSPORT\",\"foundingDate\":\"2018-01-14\",\"vatID\":\"FR71834470973\",\"taxID\":\"83447097300043\",\"numberOfEmployees\":{\"@type\":\"QuantitativeValue\",\"minValue\":\"1\",\"maxValue\":\"10\"}},{\"@type\":\"Person\",\"@id\":\"https:\/\/dicodusport.fr\/blog\/#\/schema\/person\/55dcb50ad410894e431ed812bbb70191\",\"name\":\"Nicolas Jacquemard\",\"image\":{\"@type\":\"ImageObject\",\"inLanguage\":\"fr-FR\",\"@id\":\"https:\/\/dicodusport.fr\/blog\/#\/schema\/person\/image\/\",\"url\":\"https:\/\/dicodusport.fr\/blog\/wp-content\/uploads\/2021\/05\/Nicolas-Jacquemard-150x150.jpeg\",\"contentUrl\":\"https:\/\/dicodusport.fr\/blog\/wp-content\/uploads\/2021\/05\/Nicolas-Jacquemard-150x150.jpeg\",\"caption\":\"Nicolas Jacquemard\"},\"description\":\"Passionn\u00e9 de sport et entrepreneur depuis mes 18 ans, la cr\u00e9ation de Dicodusport m'a sembl\u00e9 \u00e9vidente pour participer \u00e0 la m\u00e9diatisation d'un plus grand nombre de sports. Le chemin est long mais avec une \u00e9quipe des plus motiv\u00e9es et les Jeux Olympiques de Paris 2024 en point de mire, nous y arriverons ! Journaliste dans le monde du sport depuis plus de 5 ans, je traite aussi bien de football, de rugby, de biathlon que de cyclisme.\",\"sameAs\":[\"https:\/\/www.facebook.com\/dicodusport\",\"https:\/\/x.com\/https:\/\/twitter.com\/Nico_Jacquemard\"],\"url\":\"https:\/\/dicodusport.fr\/blog\/author\/dicodusport\/\"}]}<\/script>\n<!-- \/ Yoast SEO Premium plugin. -->","yoast_head_json":{"title":"Tour des Flandres 2020 : Mathieu van der Poel remporte le Ronde devant Wout van Aert","description":"TOUR DES FLANDRES 2020 - Mathieu van der Poel (Alpecin-Fenix) a remport\u00e9 au sprint, face \u00e0 Wout van Aert (Jumbo-Visma), le Tour des Flandres.","robots":{"index":"index","follow":"follow","max-snippet":"max-snippet:-1","max-image-preview":"max-image-preview:large","max-video-preview":"max-video-preview:-1"},"canonical":"https:\/\/dicodusport.fr\/blog\/tour-des-flandres-2020-mathieu-van-der-poel-remporte-le-ronde-devant-wout-van-aert\/","og_locale":"fr_FR","og_type":"article","og_title":"Tour des Flandres 2020 : Mathieu van der Poel remporte le Ronde devant Wout van Aert","og_description":"TOUR DES FLANDRES 2020 - Mathieu van der Poel (Alpecin-Fenix) a remport\u00e9 au sprint, face \u00e0 Wout van Aert (Jumbo-Visma), le Tour des Flandres.","og_url":"https:\/\/dicodusport.fr\/blog\/tour-des-flandres-2020-mathieu-van-der-poel-remporte-le-ronde-devant-wout-van-aert\/","og_site_name":"Dicodusport","article_publisher":"https:\/\/www.facebook.com\/dicodusport","article_author":"https:\/\/www.facebook.com\/dicodusport","article_published_time":"2020-10-18T13:48:49+00:00","article_modified_time":"2020-10-18T20:56:44+00:00","og_image":[{"width":800,"height":445,"url":"https:\/\/dicodusport.fr\/blog\/wp-content\/uploads\/2020\/10\/Cyclisme-Tour-des-Flandres-2020-Mathieu-van-der-Poel-remporte-le-Ronde-devant-Wout-van-Aert.png","type":"image\/png"}],"author":"Nicolas Jacquemard","twitter_card":"summary_large_image","twitter_title":"Tour des Flandres 2020 : Mathieu van der Poel remporte le Ronde devant Wout van Aert","twitter_creator":"@https:\/\/twitter.com\/Nico_Jacquemard","twitter_site":"@dicodusport","schema":{"@context":"https:\/\/schema.org","@graph":[{"@type":"NewsArticle","@id":"https:\/\/dicodusport.fr\/blog\/tour-des-flandres-2020-mathieu-van-der-poel-remporte-le-ronde-devant-wout-van-aert\/#article","isPartOf":{"@id":"https:\/\/dicodusport.fr\/blog\/tour-des-flandres-2020-mathieu-van-der-poel-remporte-le-ronde-devant-wout-van-aert\/"},"author":{"name":"Nicolas Jacquemard","@id":"https:\/\/dicodusport.fr\/blog\/#\/schema\/person\/55dcb50ad410894e431ed812bbb70191"},"headline":"Tour des Flandres 2020 : Mathieu van der Poel remporte le Ronde devant Wout van Aert","datePublished":"2020-10-18T13:48:49+00:00","dateModified":"2020-10-18T20:56:44+00:00","mainEntityOfPage":{"@id":"https:\/\/dicodusport.fr\/blog\/tour-des-flandres-2020-mathieu-van-der-poel-remporte-le-ronde-devant-wout-van-aert\/"},"wordCount":427,"commentCount":0,"publisher":{"@id":"https:\/\/dicodusport.fr\/blog\/#organization"},"image":{"@id":"https:\/\/dicodusport.fr\/blog\/tour-des-flandres-2020-mathieu-van-der-poel-remporte-le-ronde-devant-wout-van-aert\/#primaryimage"},"thumbnailUrl":"https:\/\/dicodusport.fr\/blog\/wp-content\/uploads\/2020\/10\/Cyclisme-Tour-des-Flandres-2020-Mathieu-van-der-Poel-remporte-le-Ronde-devant-Wout-van-Aert.png","keywords":["Cyclisme","Tour des Flandres"],"articleSection":["Cyclisme"],"inLanguage":"fr-FR","potentialAction":[{"@type":"CommentAction","name":"Comment","target":["https:\/\/dicodusport.fr\/blog\/tour-des-flandres-2020-mathieu-van-der-poel-remporte-le-ronde-devant-wout-van-aert\/#respond"]}],"copyrightYear":"2020","copyrightHolder":{"@id":"https:\/\/dicodusport.fr\/blog\/#organization"}},{"@type":"WebPage","@id":"https:\/\/dicodusport.fr\/blog\/tour-des-flandres-2020-mathieu-van-der-poel-remporte-le-ronde-devant-wout-van-aert\/","url":"https:\/\/dicodusport.fr\/blog\/tour-des-flandres-2020-mathieu-van-der-poel-remporte-le-ronde-devant-wout-van-aert\/","name":"Tour des Flandres 2020 : Mathieu van der Poel remporte le Ronde devant Wout van Aert","isPartOf":{"@id":"https:\/\/dicodusport.fr\/blog\/#website"},"primaryImageOfPage":{"@id":"https:\/\/dicodusport.fr\/blog\/tour-des-flandres-2020-mathieu-van-der-poel-remporte-le-ronde-devant-wout-van-aert\/#primaryimage"},"image":{"@id":"https:\/\/dicodusport.fr\/blog\/tour-des-flandres-2020-mathieu-van-der-poel-remporte-le-ronde-devant-wout-van-aert\/#primaryimage"},"thumbnailUrl":"https:\/\/dicodusport.fr\/blog\/wp-content\/uploads\/2020\/10\/Cyclisme-Tour-des-Flandres-2020-Mathieu-van-der-Poel-remporte-le-Ronde-devant-Wout-van-Aert.png","datePublished":"2020-10-18T13:48:49+00:00","dateModified":"2020-10-18T20:56:44+00:00","description":"TOUR DES FLANDRES 2020 - Mathieu van der Poel (Alpecin-Fenix) a remport\u00e9 au sprint, face \u00e0 Wout van Aert (Jumbo-Visma), le Tour des Flandres.","breadcrumb":{"@id":"https:\/\/dicodusport.fr\/blog\/tour-des-flandres-2020-mathieu-van-der-poel-remporte-le-ronde-devant-wout-van-aert\/#breadcrumb"},"inLanguage":"fr-FR","potentialAction":[{"@type":"ReadAction","target":["https:\/\/dicodusport.fr\/blog\/tour-des-flandres-2020-mathieu-van-der-poel-remporte-le-ronde-devant-wout-van-aert\/"]}]},{"@type":"ImageObject","inLanguage":"fr-FR","@id":"https:\/\/dicodusport.fr\/blog\/tour-des-flandres-2020-mathieu-van-der-poel-remporte-le-ronde-devant-wout-van-aert\/#primaryimage","url":"https:\/\/dicodusport.fr\/blog\/wp-content\/uploads\/2020\/10\/Cyclisme-Tour-des-Flandres-2020-Mathieu-van-der-Poel-remporte-le-Ronde-devant-Wout-van-Aert.png","contentUrl":"https:\/\/dicodusport.fr\/blog\/wp-content\/uploads\/2020\/10\/Cyclisme-Tour-des-Flandres-2020-Mathieu-van-der-Poel-remporte-le-Ronde-devant-Wout-van-Aert.png","width":800,"height":445,"caption":"Cyclisme sur route : le classement UCI masculin"},{"@type":"BreadcrumbList","@id":"https:\/\/dicodusport.fr\/blog\/tour-des-flandres-2020-mathieu-van-der-poel-remporte-le-ronde-devant-wout-van-aert\/#breadcrumb","itemListElement":[{"@type":"ListItem","position":1,"name":"Accueil","item":"https:\/\/dicodusport.fr\/blog\/"},{"@type":"ListItem","position":2,"name":"Tour des Flandres 2020 : Mathieu van der Poel remporte le Ronde devant Wout van Aert"}]},{"@type":"WebSite","@id":"https:\/\/dicodusport.fr\/blog\/#website","url":"https:\/\/dicodusport.fr\/blog\/","name":"Dicodusport","description":"L&#039;encyclop\u00e9die de l&#039;actualit\u00e9 sportive","publisher":{"@id":"https:\/\/dicodusport.fr\/blog\/#organization"},"potentialAction":[{"@type":"SearchAction","target":{"@type":"EntryPoint","urlTemplate":"https:\/\/dicodusport.fr\/blog\/?s={search_term_string}"},"query-input":{"@type":"PropertyValueSpecification","valueRequired":true,"valueName":"search_term_string"}}],"inLanguage":"fr-FR"},{"@type":"NewsMediaOrganization","@id":"https:\/\/dicodusport.fr\/blog\/#organization","name":"Dicodusport","url":"https:\/\/dicodusport.fr\/blog\/","logo":{"@type":"ImageObject","inLanguage":"fr-FR","@id":"https:\/\/dicodusport.fr\/blog\/#\/schema\/logo\/image\/","url":"https:\/\/dicodusport.fr\/blog\/wp-content\/uploads\/2020\/06\/cropped-LOGO-DICODUSPORT-2020-SANS-FOND-SANS-TEXTE.png","contentUrl":"https:\/\/dicodusport.fr\/blog\/wp-content\/uploads\/2020\/06\/cropped-LOGO-DICODUSPORT-2020-SANS-FOND-SANS-TEXTE.png","width":512,"height":512,"caption":"Dicodusport"},"image":{"@id":"https:\/\/dicodusport.fr\/blog\/#\/schema\/logo\/image\/"},"sameAs":["https:\/\/www.facebook.com\/dicodusport","https:\/\/x.com\/dicodusport","https:\/\/www.instagram.com\/dicodusport\/","https:\/\/www.youtube.com\/channel\/UC7V2KZ5sd3htJivAbA4ZG3w"],"description":"Dicodusport est l'encyclop\u00e9die de l'actualit\u00e9 sportive.","email":"bonjour@dicodusport.fr","legalName":"DICODUSPORT","foundingDate":"2018-01-14","vatID":"FR71834470973","taxID":"83447097300043","numberOfEmployees":{"@type":"QuantitativeValue","minValue":"1","maxValue":"10"}},{"@type":"Person","@id":"https:\/\/dicodusport.fr\/blog\/#\/schema\/person\/55dcb50ad410894e431ed812bbb70191","name":"Nicolas Jacquemard","image":{"@type":"ImageObject","inLanguage":"fr-FR","@id":"https:\/\/dicodusport.fr\/blog\/#\/schema\/person\/image\/","url":"https:\/\/dicodusport.fr\/blog\/wp-content\/uploads\/2021\/05\/Nicolas-Jacquemard-150x150.jpeg","contentUrl":"https:\/\/dicodusport.fr\/blog\/wp-content\/uploads\/2021\/05\/Nicolas-Jacquemard-150x150.jpeg","caption":"Nicolas Jacquemard"},"description":"Passionn\u00e9 de sport et entrepreneur depuis mes 18 ans, la cr\u00e9ation de Dicodusport m'a sembl\u00e9 \u00e9vidente pour participer \u00e0 la m\u00e9diatisation d'un plus grand nombre de sports. Le chemin est long mais avec une \u00e9quipe des plus motiv\u00e9es et les Jeux Olympiques de Paris 2024 en point de mire, nous y arriverons ! Journaliste dans le monde du sport depuis plus de 5 ans, je traite aussi bien de football, de rugby, de biathlon que de cyclisme.","sameAs":["https:\/\/www.facebook.com\/dicodusport","https:\/\/x.com\/https:\/\/twitter.com\/Nico_Jacquemard"],"url":"https:\/\/dicodusport.fr\/blog\/author\/dicodusport\/"}]}},"_links":{"self":[{"href":"https:\/\/dicodusport.fr\/blog\/wp-json\/wp\/v2\/posts\/83326","targetHints":{"allow":["GET"]}}],"collection":[{"href":"https:\/\/dicodusport.fr\/blog\/wp-json\/wp\/v2\/posts"}],"about":[{"href":"https:\/\/dicodusport.fr\/blog\/wp-json\/wp\/v2\/types\/post"}],"author":[{"embeddable":true,"href":"https:\/\/dicodusport.fr\/blog\/wp-json\/wp\/v2\/users\/1"}],"replies":[{"embeddable":true,"href":"https:\/\/dicodusport.fr\/blog\/wp-json\/wp\/v2\/comments?post=83326"}],"version-history":[{"count":0,"href":"https:\/\/dicodusport.fr\/blog\/wp-json\/wp\/v2\/posts\/83326\/revisions"}],"wp:featuredmedia":[{"embeddable":true,"href":"https:\/\/dicodusport.fr\/blog\/wp-json\/wp\/v2\/media\/83353"}],"wp:attachment":[{"href":"https:\/\/dicodusport.fr\/blog\/wp-json\/wp\/v2\/media?parent=83326"}],"wp:term":[{"taxonomy":"category","embeddable":true,"href":"https:\/\/dicodusport.fr\/blog\/wp-json\/wp\/v2\/categories?post=83326"},{"taxonomy":"post_tag","embeddable":true,"href":"https:\/\/dicodusport.fr\/blog\/wp-json\/wp\/v2\/tags?post=83326"}],"curies":[{"name":"wp","href":"https:\/\/api.w.org\/{rel}","templated":true}]}}