{"id":83443,"date":"2020-10-19T09:11:06","date_gmt":"2020-10-19T07:11:06","guid":{"rendered":"https:\/\/dicodusport.fr\/blog\/?p=83443&#038;preview=true&#038;preview_id=83443"},"modified":"2020-10-19T09:11:06","modified_gmt":"2020-10-19T07:11:06","slug":"video-la-chute-bete-de-gregor-muhlberger-sur-le-tour-des-flandres","status":"publish","type":"post","link":"https:\/\/dicodusport.fr\/blog\/video-la-chute-bete-de-gregor-muhlberger-sur-le-tour-des-flandres\/","title":{"rendered":"[Vid\u00e9o] La chute b\u00eate de Gregor M\u00fchlberger sur le Tour des Flandres"},"content":{"rendered":"<p style=\"text-align: justify;\"><em><strong><a href=\"https:\/\/dicodusport.fr\/blog\/tour-des-flandres-2020-classement-de-la-course\/\" target=\"_blank\" rel=\"noopener noreferrer\">TOUR DES FLANDRES 2020<\/a> &#8211; Pr\u00e9sent dans l&rsquo;\u00e9chapp\u00e9e matinale, Gregor M\u00fchlberger (Bora-Hansgrohe) se serait bien pass\u00e9 d&rsquo;une chute sur la premi\u00e8re partie de course \u00e0 cause de sa propre musette.\u00a0<\/strong><\/em><\/p>\n<p style=\"text-align: justify;\">Le coureur de la Bora &#8211; Hansgrohe, <strong>Gregor<\/strong> <strong>M\u00fchlberger<\/strong> a jet\u00e9 sa musette qui s&rsquo;est accroch\u00e9e sur son guidon, ce qui a eu comme cons\u00e9quence une bonne gamelle dont il se serait bien pass\u00e9 en d\u00e9but de journ\u00e9e.<\/p>\n<blockquote class=\"twitter-tweet\">\n<p dir=\"ltr\" lang=\"en\"><a href=\"https:\/\/twitter.com\/hashtag\/RVVmen?src=hash&amp;ref_src=twsrc%5Etfw\">#RVVmen<\/a> Unfortunate crash by M\u00fchlberger. He got away unharmed and joined the front group again <a href=\"https:\/\/twitter.com\/hashtag\/RVV20?src=hash&amp;ref_src=twsrc%5Etfw\">#RVV20<\/a> <a href=\"https:\/\/t.co\/pdizLgYett\">pic.twitter.com\/pdizLgYett<\/a><\/p>\n<p>\u2014 Ronde Van Vlaanderen (@RondeVlaanderen) <a href=\"https:\/\/twitter.com\/RondeVlaanderen\/status\/1317775341805621253?ref_src=twsrc%5Etfw\">October 18, 2020<\/a><\/p><\/blockquote>\n<p><script async src=\"https:\/\/platform.twitter.com\/widgets.js\" charset=\"utf-8\"><\/script><\/p>\n<p><strong><em>Dicodusport<br \/>\n<a href=\"https:\/\/www.facebook.com\/dicodusport\/\" target=\"_blank\" rel=\"noopener noreferrer\"><img loading=\"lazy\" decoding=\"async\" class=\"alignnone wp-image-2909\" src=\"http:\/\/dicodusport.fr\/blog\/wp-content\/uploads\/2017\/07\/logo-facebook-150x150.png\" alt=\"\" width=\"40\" height=\"40\" \/><\/a><a href=\"https:\/\/twitter.com\/dicodusport\" target=\"_blank\" rel=\"noopener noreferrer\"><img loading=\"lazy\" decoding=\"async\" class=\"alignnone wp-image-2908\" src=\"http:\/\/dicodusport.fr\/blog\/wp-content\/uploads\/2017\/07\/logo-twitter-150x150.png\" alt=\"\" width=\"39\" height=\"39\" \/><\/a><\/em><\/strong><\/p>\n","protected":false},"excerpt":{"rendered":"<p>TOUR DES FLANDRES 2020 &#8211; Pr\u00e9sent dans l&rsquo;\u00e9chapp\u00e9e matinale, Gregor M\u00fchlberger (Bora-Hansgrohe) se serait bien pass\u00e9 d&rsquo;une chute sur la premi\u00e8re partie de course \u00e0 cause de sa propre musette.\u00a0<\/p>\n","protected":false},"author":1,"featured_media":83456,"comment_status":"open","ping_status":"closed","sticky":false,"template":"","format":"standard","meta":{"_acf_changed":false,"_daextam_enable_autolinks":"","footnotes":""},"categories":[2307],"tags":[4325],"class_list":["post-83443","post","type-post","status-publish","format-standard","has-post-thumbnail","hentry","category-cyclisme","tag-tour-des-flandres"],"acf":[],"yoast_head":"<!-- This site is optimized with the Yoast SEO Premium plugin v26.7 (Yoast SEO v26.7) - https:\/\/yoast.com\/wordpress\/plugins\/seo\/ -->\n<title>[Vid\u00e9o] La chute b\u00eate de Gregor M\u00fchlberger sur le Tour des Flandres<\/title>\n<meta name=\"description\" content=\"TOUR DES FLANDRES 2020 - Pr\u00e9sent dans l&#039;\u00e9chapp\u00e9e matinale, Gregor M\u00fchlberger (Bora-Hansgrohe) se serait bien pass\u00e9 d&#039;une chute sur la premi\u00e8re partie de course \u00e0 cause de sa propre musette.\u00a0\u00a0\" \/>\n<meta name=\"robots\" content=\"index, follow, max-snippet:-1, max-image-preview:large, max-video-preview:-1\" \/>\n<link rel=\"canonical\" href=\"https:\/\/dicodusport.fr\/blog\/video-la-chute-bete-de-gregor-muhlberger-sur-le-tour-des-flandres\/\" \/>\n<meta property=\"og:locale\" content=\"fr_FR\" \/>\n<meta property=\"og:type\" content=\"article\" \/>\n<meta property=\"og:title\" content=\"[Vid\u00e9o] La chute b\u00eate de Gregor M\u00fchlberger sur le Tour des Flandres\" \/>\n<meta property=\"og:description\" content=\"TOUR DES FLANDRES 2020 - Pr\u00e9sent dans l&#039;\u00e9chapp\u00e9e matinale, Gregor M\u00fchlberger (Bora-Hansgrohe) se serait bien pass\u00e9 d&#039;une chute sur la premi\u00e8re partie de course \u00e0 cause de sa propre musette.\u00a0\u00a0\" \/>\n<meta property=\"og:url\" content=\"https:\/\/dicodusport.fr\/blog\/video-la-chute-bete-de-gregor-muhlberger-sur-le-tour-des-flandres\/\" \/>\n<meta property=\"og:site_name\" content=\"Dicodusport\" \/>\n<meta property=\"article:publisher\" content=\"https:\/\/www.facebook.com\/dicodusport\" \/>\n<meta property=\"article:author\" content=\"https:\/\/www.facebook.com\/dicodusport\" \/>\n<meta property=\"article:published_time\" content=\"2020-10-19T07:11:06+00:00\" \/>\n<meta property=\"og:image\" content=\"https:\/\/dicodusport.fr\/blog\/wp-content\/uploads\/2020\/10\/Vid\u00e9o-La-chute-b\u00eate-de-Gregor-M\u00fchlberger-sur-le-Tour-des-Flandres.png\" \/>\n\t<meta property=\"og:image:width\" content=\"800\" \/>\n\t<meta property=\"og:image:height\" content=\"445\" \/>\n\t<meta property=\"og:image:type\" content=\"image\/png\" \/>\n<meta name=\"author\" content=\"Nicolas Jacquemard\" \/>\n<meta name=\"twitter:card\" content=\"summary_large_image\" \/>\n<meta name=\"twitter:title\" content=\"[Vid\u00e9o] La chute b\u00eate de Gregor M\u00fchlberger sur le Tour des Flandres\" \/>\n<meta name=\"twitter:creator\" content=\"@https:\/\/twitter.com\/Nico_Jacquemard\" \/>\n<meta name=\"twitter:site\" content=\"@dicodusport\" \/>\n<script type=\"application\/ld+json\" class=\"yoast-schema-graph\">{\"@context\":\"https:\/\/schema.org\",\"@graph\":[{\"@type\":\"NewsArticle\",\"@id\":\"https:\/\/dicodusport.fr\/blog\/video-la-chute-bete-de-gregor-muhlberger-sur-le-tour-des-flandres\/#article\",\"isPartOf\":{\"@id\":\"https:\/\/dicodusport.fr\/blog\/video-la-chute-bete-de-gregor-muhlberger-sur-le-tour-des-flandres\/\"},\"author\":{\"name\":\"Nicolas Jacquemard\",\"@id\":\"https:\/\/dicodusport.fr\/blog\/#\/schema\/person\/55dcb50ad410894e431ed812bbb70191\"},\"headline\":\"[Vid\u00e9o] La chute b\u00eate de Gregor M\u00fchlberger sur le Tour des Flandres\",\"datePublished\":\"2020-10-19T07:11:06+00:00\",\"mainEntityOfPage\":{\"@id\":\"https:\/\/dicodusport.fr\/blog\/video-la-chute-bete-de-gregor-muhlberger-sur-le-tour-des-flandres\/\"},\"wordCount\":120,\"commentCount\":0,\"publisher\":{\"@id\":\"https:\/\/dicodusport.fr\/blog\/#organization\"},\"image\":{\"@id\":\"https:\/\/dicodusport.fr\/blog\/video-la-chute-bete-de-gregor-muhlberger-sur-le-tour-des-flandres\/#primaryimage\"},\"thumbnailUrl\":\"https:\/\/dicodusport.fr\/blog\/wp-content\/uploads\/2020\/10\/Vid\u00e9o-La-chute-b\u00eate-de-Gregor-M\u00fchlberger-sur-le-Tour-des-Flandres.png\",\"keywords\":[\"Tour des Flandres\"],\"articleSection\":[\"Cyclisme\"],\"inLanguage\":\"fr-FR\",\"potentialAction\":[{\"@type\":\"CommentAction\",\"name\":\"Comment\",\"target\":[\"https:\/\/dicodusport.fr\/blog\/video-la-chute-bete-de-gregor-muhlberger-sur-le-tour-des-flandres\/#respond\"]}],\"copyrightYear\":\"2020\",\"copyrightHolder\":{\"@id\":\"https:\/\/dicodusport.fr\/blog\/#organization\"}},{\"@type\":\"WebPage\",\"@id\":\"https:\/\/dicodusport.fr\/blog\/video-la-chute-bete-de-gregor-muhlberger-sur-le-tour-des-flandres\/\",\"url\":\"https:\/\/dicodusport.fr\/blog\/video-la-chute-bete-de-gregor-muhlberger-sur-le-tour-des-flandres\/\",\"name\":\"[Vid\u00e9o] La chute b\u00eate de Gregor M\u00fchlberger sur le Tour des Flandres\",\"isPartOf\":{\"@id\":\"https:\/\/dicodusport.fr\/blog\/#website\"},\"primaryImageOfPage\":{\"@id\":\"https:\/\/dicodusport.fr\/blog\/video-la-chute-bete-de-gregor-muhlberger-sur-le-tour-des-flandres\/#primaryimage\"},\"image\":{\"@id\":\"https:\/\/dicodusport.fr\/blog\/video-la-chute-bete-de-gregor-muhlberger-sur-le-tour-des-flandres\/#primaryimage\"},\"thumbnailUrl\":\"https:\/\/dicodusport.fr\/blog\/wp-content\/uploads\/2020\/10\/Vid\u00e9o-La-chute-b\u00eate-de-Gregor-M\u00fchlberger-sur-le-Tour-des-Flandres.png\",\"datePublished\":\"2020-10-19T07:11:06+00:00\",\"description\":\"TOUR DES FLANDRES 2020 - Pr\u00e9sent dans l'\u00e9chapp\u00e9e matinale, Gregor M\u00fchlberger (Bora-Hansgrohe) se serait bien pass\u00e9 d'une chute sur la premi\u00e8re partie de course \u00e0 cause de sa propre musette.\u00a0\u00a0\",\"breadcrumb\":{\"@id\":\"https:\/\/dicodusport.fr\/blog\/video-la-chute-bete-de-gregor-muhlberger-sur-le-tour-des-flandres\/#breadcrumb\"},\"inLanguage\":\"fr-FR\",\"potentialAction\":[{\"@type\":\"ReadAction\",\"target\":[\"https:\/\/dicodusport.fr\/blog\/video-la-chute-bete-de-gregor-muhlberger-sur-le-tour-des-flandres\/\"]}]},{\"@type\":\"ImageObject\",\"inLanguage\":\"fr-FR\",\"@id\":\"https:\/\/dicodusport.fr\/blog\/video-la-chute-bete-de-gregor-muhlberger-sur-le-tour-des-flandres\/#primaryimage\",\"url\":\"https:\/\/dicodusport.fr\/blog\/wp-content\/uploads\/2020\/10\/Vid\u00e9o-La-chute-b\u00eate-de-Gregor-M\u00fchlberger-sur-le-Tour-des-Flandres.png\",\"contentUrl\":\"https:\/\/dicodusport.fr\/blog\/wp-content\/uploads\/2020\/10\/Vid\u00e9o-La-chute-b\u00eate-de-Gregor-M\u00fchlberger-sur-le-Tour-des-Flandres.png\",\"width\":800,\"height\":445,\"caption\":\"[Vid\u00e9o] La chute b\u00eate de Gregor M\u00fchlberger sur le Tour des Flandres\"},{\"@type\":\"BreadcrumbList\",\"@id\":\"https:\/\/dicodusport.fr\/blog\/video-la-chute-bete-de-gregor-muhlberger-sur-le-tour-des-flandres\/#breadcrumb\",\"itemListElement\":[{\"@type\":\"ListItem\",\"position\":1,\"name\":\"Accueil\",\"item\":\"https:\/\/dicodusport.fr\/blog\/\"},{\"@type\":\"ListItem\",\"position\":2,\"name\":\"[Vid\u00e9o] La chute b\u00eate de Gregor M\u00fchlberger sur le Tour des Flandres\"}]},{\"@type\":\"WebSite\",\"@id\":\"https:\/\/dicodusport.fr\/blog\/#website\",\"url\":\"https:\/\/dicodusport.fr\/blog\/\",\"name\":\"Dicodusport\",\"description\":\"L&#039;encyclop\u00e9die de l&#039;actualit\u00e9 sportive\",\"publisher\":{\"@id\":\"https:\/\/dicodusport.fr\/blog\/#organization\"},\"potentialAction\":[{\"@type\":\"SearchAction\",\"target\":{\"@type\":\"EntryPoint\",\"urlTemplate\":\"https:\/\/dicodusport.fr\/blog\/?s={search_term_string}\"},\"query-input\":{\"@type\":\"PropertyValueSpecification\",\"valueRequired\":true,\"valueName\":\"search_term_string\"}}],\"inLanguage\":\"fr-FR\"},{\"@type\":\"NewsMediaOrganization\",\"@id\":\"https:\/\/dicodusport.fr\/blog\/#organization\",\"name\":\"Dicodusport\",\"url\":\"https:\/\/dicodusport.fr\/blog\/\",\"logo\":{\"@type\":\"ImageObject\",\"inLanguage\":\"fr-FR\",\"@id\":\"https:\/\/dicodusport.fr\/blog\/#\/schema\/logo\/image\/\",\"url\":\"https:\/\/dicodusport.fr\/blog\/wp-content\/uploads\/2020\/06\/cropped-LOGO-DICODUSPORT-2020-SANS-FOND-SANS-TEXTE.png\",\"contentUrl\":\"https:\/\/dicodusport.fr\/blog\/wp-content\/uploads\/2020\/06\/cropped-LOGO-DICODUSPORT-2020-SANS-FOND-SANS-TEXTE.png\",\"width\":512,\"height\":512,\"caption\":\"Dicodusport\"},\"image\":{\"@id\":\"https:\/\/dicodusport.fr\/blog\/#\/schema\/logo\/image\/\"},\"sameAs\":[\"https:\/\/www.facebook.com\/dicodusport\",\"https:\/\/x.com\/dicodusport\",\"https:\/\/www.instagram.com\/dicodusport\/\",\"https:\/\/www.youtube.com\/channel\/UC7V2KZ5sd3htJivAbA4ZG3w\"],\"description\":\"Dicodusport est l'encyclop\u00e9die de l'actualit\u00e9 sportive.\",\"email\":\"bonjour@dicodusport.fr\",\"legalName\":\"DICODUSPORT\",\"foundingDate\":\"2018-01-14\",\"vatID\":\"FR71834470973\",\"taxID\":\"83447097300043\",\"numberOfEmployees\":{\"@type\":\"QuantitativeValue\",\"minValue\":\"1\",\"maxValue\":\"10\"}},{\"@type\":\"Person\",\"@id\":\"https:\/\/dicodusport.fr\/blog\/#\/schema\/person\/55dcb50ad410894e431ed812bbb70191\",\"name\":\"Nicolas Jacquemard\",\"image\":{\"@type\":\"ImageObject\",\"inLanguage\":\"fr-FR\",\"@id\":\"https:\/\/dicodusport.fr\/blog\/#\/schema\/person\/image\/\",\"url\":\"https:\/\/dicodusport.fr\/blog\/wp-content\/uploads\/2021\/05\/Nicolas-Jacquemard-150x150.jpeg\",\"contentUrl\":\"https:\/\/dicodusport.fr\/blog\/wp-content\/uploads\/2021\/05\/Nicolas-Jacquemard-150x150.jpeg\",\"caption\":\"Nicolas Jacquemard\"},\"description\":\"Passionn\u00e9 de sport et entrepreneur depuis mes 18 ans, la cr\u00e9ation de Dicodusport m'a sembl\u00e9 \u00e9vidente pour participer \u00e0 la m\u00e9diatisation d'un plus grand nombre de sports. Le chemin est long mais avec une \u00e9quipe des plus motiv\u00e9es et les Jeux Olympiques de Paris 2024 en point de mire, nous y arriverons ! Journaliste dans le monde du sport depuis plus de 5 ans, je traite aussi bien de football, de rugby, de biathlon que de cyclisme.\",\"sameAs\":[\"https:\/\/www.facebook.com\/dicodusport\",\"https:\/\/x.com\/https:\/\/twitter.com\/Nico_Jacquemard\"],\"url\":\"https:\/\/dicodusport.fr\/blog\/author\/dicodusport\/\"}]}<\/script>\n<!-- \/ Yoast SEO Premium plugin. -->","yoast_head_json":{"title":"[Vid\u00e9o] La chute b\u00eate de Gregor M\u00fchlberger sur le Tour des Flandres","description":"TOUR DES FLANDRES 2020 - Pr\u00e9sent dans l'\u00e9chapp\u00e9e matinale, Gregor M\u00fchlberger (Bora-Hansgrohe) se serait bien pass\u00e9 d'une chute sur la premi\u00e8re partie de course \u00e0 cause de sa propre musette.\u00a0\u00a0","robots":{"index":"index","follow":"follow","max-snippet":"max-snippet:-1","max-image-preview":"max-image-preview:large","max-video-preview":"max-video-preview:-1"},"canonical":"https:\/\/dicodusport.fr\/blog\/video-la-chute-bete-de-gregor-muhlberger-sur-le-tour-des-flandres\/","og_locale":"fr_FR","og_type":"article","og_title":"[Vid\u00e9o] La chute b\u00eate de Gregor M\u00fchlberger sur le Tour des Flandres","og_description":"TOUR DES FLANDRES 2020 - Pr\u00e9sent dans l'\u00e9chapp\u00e9e matinale, Gregor M\u00fchlberger (Bora-Hansgrohe) se serait bien pass\u00e9 d'une chute sur la premi\u00e8re partie de course \u00e0 cause de sa propre musette.\u00a0\u00a0","og_url":"https:\/\/dicodusport.fr\/blog\/video-la-chute-bete-de-gregor-muhlberger-sur-le-tour-des-flandres\/","og_site_name":"Dicodusport","article_publisher":"https:\/\/www.facebook.com\/dicodusport","article_author":"https:\/\/www.facebook.com\/dicodusport","article_published_time":"2020-10-19T07:11:06+00:00","og_image":[{"width":800,"height":445,"url":"https:\/\/dicodusport.fr\/blog\/wp-content\/uploads\/2020\/10\/Vid\u00e9o-La-chute-b\u00eate-de-Gregor-M\u00fchlberger-sur-le-Tour-des-Flandres.png","type":"image\/png"}],"author":"Nicolas Jacquemard","twitter_card":"summary_large_image","twitter_title":"[Vid\u00e9o] La chute b\u00eate de Gregor M\u00fchlberger sur le Tour des Flandres","twitter_creator":"@https:\/\/twitter.com\/Nico_Jacquemard","twitter_site":"@dicodusport","schema":{"@context":"https:\/\/schema.org","@graph":[{"@type":"NewsArticle","@id":"https:\/\/dicodusport.fr\/blog\/video-la-chute-bete-de-gregor-muhlberger-sur-le-tour-des-flandres\/#article","isPartOf":{"@id":"https:\/\/dicodusport.fr\/blog\/video-la-chute-bete-de-gregor-muhlberger-sur-le-tour-des-flandres\/"},"author":{"name":"Nicolas Jacquemard","@id":"https:\/\/dicodusport.fr\/blog\/#\/schema\/person\/55dcb50ad410894e431ed812bbb70191"},"headline":"[Vid\u00e9o] La chute b\u00eate de Gregor M\u00fchlberger sur le Tour des Flandres","datePublished":"2020-10-19T07:11:06+00:00","mainEntityOfPage":{"@id":"https:\/\/dicodusport.fr\/blog\/video-la-chute-bete-de-gregor-muhlberger-sur-le-tour-des-flandres\/"},"wordCount":120,"commentCount":0,"publisher":{"@id":"https:\/\/dicodusport.fr\/blog\/#organization"},"image":{"@id":"https:\/\/dicodusport.fr\/blog\/video-la-chute-bete-de-gregor-muhlberger-sur-le-tour-des-flandres\/#primaryimage"},"thumbnailUrl":"https:\/\/dicodusport.fr\/blog\/wp-content\/uploads\/2020\/10\/Vid\u00e9o-La-chute-b\u00eate-de-Gregor-M\u00fchlberger-sur-le-Tour-des-Flandres.png","keywords":["Tour des Flandres"],"articleSection":["Cyclisme"],"inLanguage":"fr-FR","potentialAction":[{"@type":"CommentAction","name":"Comment","target":["https:\/\/dicodusport.fr\/blog\/video-la-chute-bete-de-gregor-muhlberger-sur-le-tour-des-flandres\/#respond"]}],"copyrightYear":"2020","copyrightHolder":{"@id":"https:\/\/dicodusport.fr\/blog\/#organization"}},{"@type":"WebPage","@id":"https:\/\/dicodusport.fr\/blog\/video-la-chute-bete-de-gregor-muhlberger-sur-le-tour-des-flandres\/","url":"https:\/\/dicodusport.fr\/blog\/video-la-chute-bete-de-gregor-muhlberger-sur-le-tour-des-flandres\/","name":"[Vid\u00e9o] La chute b\u00eate de Gregor M\u00fchlberger sur le Tour des Flandres","isPartOf":{"@id":"https:\/\/dicodusport.fr\/blog\/#website"},"primaryImageOfPage":{"@id":"https:\/\/dicodusport.fr\/blog\/video-la-chute-bete-de-gregor-muhlberger-sur-le-tour-des-flandres\/#primaryimage"},"image":{"@id":"https:\/\/dicodusport.fr\/blog\/video-la-chute-bete-de-gregor-muhlberger-sur-le-tour-des-flandres\/#primaryimage"},"thumbnailUrl":"https:\/\/dicodusport.fr\/blog\/wp-content\/uploads\/2020\/10\/Vid\u00e9o-La-chute-b\u00eate-de-Gregor-M\u00fchlberger-sur-le-Tour-des-Flandres.png","datePublished":"2020-10-19T07:11:06+00:00","description":"TOUR DES FLANDRES 2020 - Pr\u00e9sent dans l'\u00e9chapp\u00e9e matinale, Gregor M\u00fchlberger (Bora-Hansgrohe) se serait bien pass\u00e9 d'une chute sur la premi\u00e8re partie de course \u00e0 cause de sa propre musette.\u00a0\u00a0","breadcrumb":{"@id":"https:\/\/dicodusport.fr\/blog\/video-la-chute-bete-de-gregor-muhlberger-sur-le-tour-des-flandres\/#breadcrumb"},"inLanguage":"fr-FR","potentialAction":[{"@type":"ReadAction","target":["https:\/\/dicodusport.fr\/blog\/video-la-chute-bete-de-gregor-muhlberger-sur-le-tour-des-flandres\/"]}]},{"@type":"ImageObject","inLanguage":"fr-FR","@id":"https:\/\/dicodusport.fr\/blog\/video-la-chute-bete-de-gregor-muhlberger-sur-le-tour-des-flandres\/#primaryimage","url":"https:\/\/dicodusport.fr\/blog\/wp-content\/uploads\/2020\/10\/Vid\u00e9o-La-chute-b\u00eate-de-Gregor-M\u00fchlberger-sur-le-Tour-des-Flandres.png","contentUrl":"https:\/\/dicodusport.fr\/blog\/wp-content\/uploads\/2020\/10\/Vid\u00e9o-La-chute-b\u00eate-de-Gregor-M\u00fchlberger-sur-le-Tour-des-Flandres.png","width":800,"height":445,"caption":"[Vid\u00e9o] La chute b\u00eate de Gregor M\u00fchlberger sur le Tour des Flandres"},{"@type":"BreadcrumbList","@id":"https:\/\/dicodusport.fr\/blog\/video-la-chute-bete-de-gregor-muhlberger-sur-le-tour-des-flandres\/#breadcrumb","itemListElement":[{"@type":"ListItem","position":1,"name":"Accueil","item":"https:\/\/dicodusport.fr\/blog\/"},{"@type":"ListItem","position":2,"name":"[Vid\u00e9o] La chute b\u00eate de Gregor M\u00fchlberger sur le Tour des Flandres"}]},{"@type":"WebSite","@id":"https:\/\/dicodusport.fr\/blog\/#website","url":"https:\/\/dicodusport.fr\/blog\/","name":"Dicodusport","description":"L&#039;encyclop\u00e9die de l&#039;actualit\u00e9 sportive","publisher":{"@id":"https:\/\/dicodusport.fr\/blog\/#organization"},"potentialAction":[{"@type":"SearchAction","target":{"@type":"EntryPoint","urlTemplate":"https:\/\/dicodusport.fr\/blog\/?s={search_term_string}"},"query-input":{"@type":"PropertyValueSpecification","valueRequired":true,"valueName":"search_term_string"}}],"inLanguage":"fr-FR"},{"@type":"NewsMediaOrganization","@id":"https:\/\/dicodusport.fr\/blog\/#organization","name":"Dicodusport","url":"https:\/\/dicodusport.fr\/blog\/","logo":{"@type":"ImageObject","inLanguage":"fr-FR","@id":"https:\/\/dicodusport.fr\/blog\/#\/schema\/logo\/image\/","url":"https:\/\/dicodusport.fr\/blog\/wp-content\/uploads\/2020\/06\/cropped-LOGO-DICODUSPORT-2020-SANS-FOND-SANS-TEXTE.png","contentUrl":"https:\/\/dicodusport.fr\/blog\/wp-content\/uploads\/2020\/06\/cropped-LOGO-DICODUSPORT-2020-SANS-FOND-SANS-TEXTE.png","width":512,"height":512,"caption":"Dicodusport"},"image":{"@id":"https:\/\/dicodusport.fr\/blog\/#\/schema\/logo\/image\/"},"sameAs":["https:\/\/www.facebook.com\/dicodusport","https:\/\/x.com\/dicodusport","https:\/\/www.instagram.com\/dicodusport\/","https:\/\/www.youtube.com\/channel\/UC7V2KZ5sd3htJivAbA4ZG3w"],"description":"Dicodusport est l'encyclop\u00e9die de l'actualit\u00e9 sportive.","email":"bonjour@dicodusport.fr","legalName":"DICODUSPORT","foundingDate":"2018-01-14","vatID":"FR71834470973","taxID":"83447097300043","numberOfEmployees":{"@type":"QuantitativeValue","minValue":"1","maxValue":"10"}},{"@type":"Person","@id":"https:\/\/dicodusport.fr\/blog\/#\/schema\/person\/55dcb50ad410894e431ed812bbb70191","name":"Nicolas Jacquemard","image":{"@type":"ImageObject","inLanguage":"fr-FR","@id":"https:\/\/dicodusport.fr\/blog\/#\/schema\/person\/image\/","url":"https:\/\/dicodusport.fr\/blog\/wp-content\/uploads\/2021\/05\/Nicolas-Jacquemard-150x150.jpeg","contentUrl":"https:\/\/dicodusport.fr\/blog\/wp-content\/uploads\/2021\/05\/Nicolas-Jacquemard-150x150.jpeg","caption":"Nicolas Jacquemard"},"description":"Passionn\u00e9 de sport et entrepreneur depuis mes 18 ans, la cr\u00e9ation de Dicodusport m'a sembl\u00e9 \u00e9vidente pour participer \u00e0 la m\u00e9diatisation d'un plus grand nombre de sports. Le chemin est long mais avec une \u00e9quipe des plus motiv\u00e9es et les Jeux Olympiques de Paris 2024 en point de mire, nous y arriverons ! Journaliste dans le monde du sport depuis plus de 5 ans, je traite aussi bien de football, de rugby, de biathlon que de cyclisme.","sameAs":["https:\/\/www.facebook.com\/dicodusport","https:\/\/x.com\/https:\/\/twitter.com\/Nico_Jacquemard"],"url":"https:\/\/dicodusport.fr\/blog\/author\/dicodusport\/"}]}},"_links":{"self":[{"href":"https:\/\/dicodusport.fr\/blog\/wp-json\/wp\/v2\/posts\/83443","targetHints":{"allow":["GET"]}}],"collection":[{"href":"https:\/\/dicodusport.fr\/blog\/wp-json\/wp\/v2\/posts"}],"about":[{"href":"https:\/\/dicodusport.fr\/blog\/wp-json\/wp\/v2\/types\/post"}],"author":[{"embeddable":true,"href":"https:\/\/dicodusport.fr\/blog\/wp-json\/wp\/v2\/users\/1"}],"replies":[{"embeddable":true,"href":"https:\/\/dicodusport.fr\/blog\/wp-json\/wp\/v2\/comments?post=83443"}],"version-history":[{"count":0,"href":"https:\/\/dicodusport.fr\/blog\/wp-json\/wp\/v2\/posts\/83443\/revisions"}],"wp:featuredmedia":[{"embeddable":true,"href":"https:\/\/dicodusport.fr\/blog\/wp-json\/wp\/v2\/media\/83456"}],"wp:attachment":[{"href":"https:\/\/dicodusport.fr\/blog\/wp-json\/wp\/v2\/media?parent=83443"}],"wp:term":[{"taxonomy":"category","embeddable":true,"href":"https:\/\/dicodusport.fr\/blog\/wp-json\/wp\/v2\/categories?post=83443"},{"taxonomy":"post_tag","embeddable":true,"href":"https:\/\/dicodusport.fr\/blog\/wp-json\/wp\/v2\/tags?post=83443"}],"curies":[{"name":"wp","href":"https:\/\/api.w.org\/{rel}","templated":true}]}}