{"id":83525,"date":"2020-10-20T09:41:21","date_gmt":"2020-10-20T07:41:21","guid":{"rendered":"https:\/\/dicodusport.fr\/blog\/?p=83525"},"modified":"2025-09-16T09:05:06","modified_gmt":"2025-09-16T07:05:06","slug":"ligue-des-champions-le-psg-repart-en-conquete","status":"publish","type":"post","link":"https:\/\/dicodusport.fr\/blog\/ligue-des-champions-le-psg-repart-en-conquete\/","title":{"rendered":"Ligue des Champions : le PSG repart en conqu\u00eate"},"content":{"rendered":"<p style=\"text-align: justify;\"><strong><em>LIGUE DES CHAMPIONS &#8211; Pass\u00e9 tout pr\u00e8s de la cons\u00e9cration en ao\u00fbt dernier, le PSG attaque cette nouvelle \u00e9dition toujours avec la m\u00eame obsession de triompher dans l&rsquo;\u00e9preuve. Sur leur route en guise d&rsquo;entr\u00e9e, un certain Manchester United.<\/em><\/strong><\/p>\n<p style=\"text-align: justify;\">Apr\u00e8s avoir connu un \u00e9t\u00e9 intense et une premi\u00e8re finale dans la reine des comp\u00e9titions europ\u00e9ennes, le <strong>PSG<\/strong> est vite redescendu sur terre quelques jours plus tard. En effet, outre un effectif amoindri suite \u00e0 la vague de cas positifs \u00e0 la Covid-19, deux d\u00e9faites initiales en championnat face \u00e0 Lens et Marseille (0\/1 par deux fois) et des suspensions en s\u00e9rie, les <em>Rouges et Bleus<\/em> allaient conna\u00eetre une fin de mercato tr\u00e8s mouvement\u00e9e. Une mini crise interne o\u00f9 les tensions entre le coach <strong>Thomas Tuchel<\/strong> et le directeur sportif <strong>Leonardo<\/strong> ont \u00e9t\u00e9 expos\u00e9es au grand jour, le technicien r\u00e9clamant notamment des renforts suite aux nombreux d\u00e9parts. Un d\u00e9but de saison qui \u00e9tait loin d&rsquo;\u00eatre id\u00e9al donc, et une cohabitation qui semble impossible sur la dur\u00e9e entre l&rsquo;Allemand et le Br\u00e9silien.<\/p>\n<h2 style=\"text-align: justify;\">Le PSG monte en puissance, United navigue \u00e0 vue<\/h2>\n<p style=\"text-align: justify;\">Mais depuis, le club de la capitale a rectifi\u00e9 le tir avec 5 victoires cons\u00e9cutives en championnat pour occuper la seconde place du championnat derri\u00e8re les Dogues lillois. De plus, de nouveaux visages sont arriv\u00e9s du c\u00f4t\u00e9 de la Porte d&rsquo;Auteuil ce qui pourrait apaiser les tensions, du moins momentan\u00e9ment&#8230; Du sang neuf sur lequel ne rechignera donc pas <strong>Thomas Tuchel<\/strong> encore moins \u00e0 l&rsquo;heure actuelle, car malgr\u00e9 tout de nombreux absents seront \u00e0 d\u00e9plorer demain encore.<\/p>\n<p style=\"text-align: justify;\">Si <strong>Juan Bernat<\/strong> est lui out pour de longs mois, s&rsquo;ajoutent \u00e0 ce dernier les forfaits de <strong>Mauro Icardi<\/strong>, <strong>Thilo Kherer<\/strong>, <strong>Marco Verratti<\/strong> et <strong>Leandro Paredes<\/strong>. Cela pourrait \u00eatre l&rsquo;occasion de voir <strong>Danilo Pereira<\/strong> \u00e0 l&rsquo;\u0153uvre au milieu de terrain pour apporter son impact physique dans une \u00e9quipe qui en a parfois manqu\u00e9 dans les grands rendez-vous. C\u00f4t\u00e9 Mancuniens si les hommes d&rsquo;Ole Gunnar Solskjaer avaient r\u00e9alis\u00e9 un \u00ab\u00a0restart\u00a0\u00bb de haute vol\u00e9e leur permettant d&rsquo;accrocher la 3\u00e8me place du championnat, le d\u00e9but de saison semble plus compliqu\u00e9.<\/p>\n<p style=\"text-align: justify;\">Car s&rsquo;ils restent sur un succ\u00e8s probant le week-end dernier face \u00e0 Newcastle sur le score de 4 buts \u00e0 1, ils s&rsquo;\u00e9taient tr\u00e8s lourdement inclin\u00e9s \u00e0 domicile la semaine pr\u00e9c\u00e9dente face \u00e0 Tottenham 6 buts \u00e0 1. L&rsquo;une des principales source d&rsquo;inqui\u00e9tude du c\u00f4t\u00e9 anglais est la d\u00e9fense qui prend v\u00e9ritablement l&rsquo;eau depuis le d\u00e9but de saison, dans ce sens on pourrait peut-\u00eatre voir d\u00e9buter <strong>Alex Telles<\/strong> transf\u00e9r\u00e9 de Porto dans les derni\u00e8res heures du mercato. Mais quoi qu&rsquo;il en soit, les Parisiens ne devraient pas prendre cette rencontre \u00e0 la l\u00e9g\u00e8re et voudront chasser les vieux d\u00e9mons laiss\u00e9s par les Red Devils en 2019 alors qu&rsquo;ils se pr\u00e9sentaient au Parc des Princes tr\u00e8s amoindris.<\/p>\n<hr \/>\n<ul>\n<li style=\"text-align: justify;\"><strong>\u00c0 lire aussi &#8211; <a href=\"https:\/\/dicodusport.fr\/blog\/football-ligue-des-champions-notre-pronostic-pour-psg-manchester-united\/\" target=\"_blank\" rel=\"noopener noreferrer\">Ligue des Champions : notre pronostic pour PSG \u2013 Manchester United<\/a><\/strong><\/li>\n<\/ul>\n<hr \/>\n<h2 style=\"text-align: justify;\">Un statut \u00e0 consolider d\u00e8s cette saison<\/h2>\n<p style=\"text-align: justify;\">Si Thomas Tuchel a bien entendu affirm\u00e9 en conf\u00e9rence de presse que <em>\u00ab<\/em> <strong><em>Mancheter United n&rsquo;est pas un bon souvenir <\/em><\/strong><em>\u00bb<\/em>, il a \u00e9galement mis en avant le fait que le PSG ne devait pas se reposer sur sa r\u00e9cente finale : <em>\u00ab <\/em><em>On a fait des choses extraordinaires la saison derni\u00e8re, et gagn\u00e9 beaucoup de confiance. <strong>Notre d\u00e9fi sera de ne pas trop penser ni \u00e0 ce parcours, ni \u00e0 l\u2019\u00e9limination d\u2019il y a deux ans <\/strong>\u00bb. <\/em>L&rsquo;Allemand a mis en avant le milieu de terrain de Manchester United notamment Paul Pogba qu&rsquo;il voit comme <em>\u00ab <\/em><em>l&rsquo;un des meilleurs au monde \u00bb<\/em> et \u00e9galement la ligne d&rsquo;attaque.<\/p>\n<p style=\"text-align: justify;\">En revanche, il ne cache pas ses intentions pour la rencontre : <em>\u00ab <\/em><em><strong>Comme toujours, on veut clairement mettre la pression sur la derni\u00e8re ligne, on veut marquer<\/strong>. On veut montrer notre qualit\u00e9 avec Di Maria, Neymar, Kylian. On veut se concentrer sur cette phase (offensive), <strong>on est toujours capable de marquer <\/strong>\u00bb. <\/em>Du c\u00f4t\u00e9 d&rsquo;Ander Herrera qui retrouvera son ancien club, m\u00eame son de cloche :<em> \u00ab <strong>On devra d&rsquo;abord penser \u00e0 nous<\/strong>, si l&rsquo;on est \u00e0 notre niveau on a des chances de gagner ce match \u00bb. <\/em>C\u00f4t\u00e9 retrouvailles, cela sera les seules, <em>El Matador<\/em> Edinson Cavani n&rsquo;\u00e9tant pas du voyage.<\/p>\n<p style=\"text-align: justify;\">Mine de rien, les Parisiens ont d\u00e9sormais un statut \u00e0 assumer et ce premier match de poules, m\u00eame si c&rsquo;est une phase qui est ma\u00eetris\u00e9 sans encombre dans l&rsquo;\u00e8re Qatarie pourra donner le ton pour la suite de la saison. Pour rappel, cette premi\u00e8re phase de 6 matchs est condens\u00e9e sur 2 mois \u00e0 peine. S&rsquo;il est bien trop t\u00f4t pour dire si le club parisien pourra faire mieux que l&rsquo;an pass\u00e9, il lui faudra \u00eatre en pleine forme rapidement dans une <strong>Ligue des Champions<\/strong> qui s&rsquo;annonce encore particuli\u00e8re cette saison. Pour ne plus r\u00eaver plus grand, mais le devenir.<\/p>\n<blockquote class=\"twitter-tweet\">\n<p dir=\"ltr\" lang=\"fr\">Il a arbitr\u00e9 \u00e0 deux reprises le PSG en Ligue des champions :<br \/>\n&#8211; Lors de la large victoire face au Bayern Munich (3-0) en septembre 2017<br \/>\n&#8211; Lors de la d\u00e9faite face au BVB (1-2) la saison pass\u00e9e en huiti\u00e8me de finale aller <a href=\"https:\/\/twitter.com\/hashtag\/TeamPSG?src=hash&amp;ref_src=twsrc%5Etfw\">#TeamPSG<\/a> <a href=\"https:\/\/twitter.com\/hashtag\/PSG?src=hash&amp;ref_src=twsrc%5Etfw\">#PSG<\/a> <a href=\"https:\/\/twitter.com\/hashtag\/ChampionsLeague?src=hash&amp;ref_src=twsrc%5Etfw\">#ChampionsLeague<\/a> <a href=\"https:\/\/twitter.com\/hashtag\/PSGMU?src=hash&amp;ref_src=twsrc%5Etfw\">#PSGMU<\/a> <a href=\"https:\/\/twitter.com\/hashtag\/UCL?src=hash&amp;ref_src=twsrc%5Etfw\">#UCL<\/a> <a href=\"https:\/\/t.co\/6v2hUmylRx\">https:\/\/t.co\/6v2hUmylRx<\/a><\/p>\n<p>\u2014 Canal Supporters (@CanalSupporters) <a href=\"https:\/\/twitter.com\/CanalSupporters\/status\/1317758398985797632?ref_src=twsrc%5Etfw\">October 18, 2020<\/a><\/p><\/blockquote>\n<p><script async src=\"https:\/\/platform.twitter.com\/widgets.js\" charset=\"utf-8\"><\/script><\/p>\n<p><strong><em>Julien Correia<br \/>\n<a href=\"https:\/\/www.facebook.com\/julien.correia.52\" target=\"_blank\" rel=\"noopener noreferrer\"><img loading=\"lazy\" decoding=\"async\" class=\"alignnone wp-image-2909\" src=\"http:\/\/dicodusport.fr\/blog\/wp-content\/uploads\/2017\/07\/logo-facebook-150x150.png\" alt=\"\" width=\"40\" height=\"40\" \/><\/a><a href=\"https:\/\/twitter.com\/julienco_psg70\" target=\"_blank\" rel=\"noopener noreferrer\"><img loading=\"lazy\" decoding=\"async\" class=\"alignnone wp-image-2908\" src=\"http:\/\/dicodusport.fr\/blog\/wp-content\/uploads\/2017\/07\/logo-twitter-150x150.png\" alt=\"\" width=\"39\" height=\"39\" \/><\/a><\/em><\/strong><\/p>\n","protected":false},"excerpt":{"rendered":"<p>LIGUE DES CHAMPIONS &#8211; Pass\u00e9 tout pr\u00e8s de la cons\u00e9cration en ao\u00fbt dernier, le PSG attaque cette nouvelle \u00e9dition toujours avec la m\u00eame obsession de triompher dans l&rsquo;\u00e9preuve. Sur leur route en guise d&rsquo;entr\u00e9e, un certain Manchester United.<\/p>\n","protected":false},"author":37,"featured_media":83593,"comment_status":"open","ping_status":"closed","sticky":false,"template":"","format":"standard","meta":{"_acf_changed":false,"_daextam_enable_autolinks":"","footnotes":""},"categories":[47250],"tags":[75,419,4155,910,24,4391],"class_list":["post-83525","post","type-post","status-publish","format-standard","has-post-thumbnail","hentry","category-ligue-des-champions-de-football","tag-football","tag-ligue-des-champions","tag-manchester-united","tag-psg","tag-sport","tag-thomas-tuchel"],"acf":[],"yoast_head":"<!-- This site is optimized with the Yoast SEO Premium plugin v26.7 (Yoast SEO v26.7) - https:\/\/yoast.com\/wordpress\/plugins\/seo\/ -->\n<title>Ligue des Champions : le PSG repart en conqu\u00eate<\/title>\n<meta name=\"description\" content=\"LIGUE DES CHAMPIONS - Pass\u00e9 tout pr\u00e8s de la cons\u00e9cration en ao\u00fbt dernier, le PSG attaque cette nouvelle \u00e9dition toujours avec la m\u00eame obsession de triompher.\" \/>\n<meta name=\"robots\" content=\"index, follow, max-snippet:-1, max-image-preview:large, max-video-preview:-1\" \/>\n<link rel=\"canonical\" href=\"https:\/\/dicodusport.fr\/blog\/ligue-des-champions-le-psg-repart-en-conquete\/\" \/>\n<meta property=\"og:locale\" content=\"fr_FR\" \/>\n<meta property=\"og:type\" content=\"article\" \/>\n<meta property=\"og:title\" content=\"Ligue des Champions : le PSG repart en conqu\u00eate\" \/>\n<meta property=\"og:description\" content=\"LIGUE DES CHAMPIONS - Pass\u00e9 tout pr\u00e8s de la cons\u00e9cration en ao\u00fbt dernier, le PSG attaque cette nouvelle \u00e9dition toujours avec la m\u00eame obsession de triompher.\" \/>\n<meta property=\"og:url\" content=\"https:\/\/dicodusport.fr\/blog\/ligue-des-champions-le-psg-repart-en-conquete\/\" \/>\n<meta property=\"og:site_name\" content=\"Dicodusport\" \/>\n<meta property=\"article:publisher\" content=\"https:\/\/www.facebook.com\/dicodusport\" \/>\n<meta property=\"article:author\" content=\"https:\/\/www.facebook.com\/julien.correia.52\" \/>\n<meta property=\"article:published_time\" content=\"2020-10-20T07:41:21+00:00\" \/>\n<meta property=\"article:modified_time\" content=\"2025-09-16T07:05:06+00:00\" \/>\n<meta property=\"og:image\" content=\"https:\/\/dicodusport.fr\/blog\/wp-content\/uploads\/2020\/10\/Ligue-des-Champions-Le-PSG-repart-en-conqu\u00eate.png\" \/>\n\t<meta property=\"og:image:width\" content=\"800\" \/>\n\t<meta property=\"og:image:height\" content=\"445\" \/>\n\t<meta property=\"og:image:type\" content=\"image\/png\" \/>\n<meta name=\"author\" content=\"Julien Correia\" \/>\n<meta name=\"twitter:card\" content=\"summary_large_image\" \/>\n<meta name=\"twitter:title\" content=\"Ligue des Champions : le PSG repart en conqu\u00eate\" \/>\n<meta name=\"twitter:creator\" content=\"@https:\/\/twitter.com\/julienco_psg70\" \/>\n<meta name=\"twitter:site\" content=\"@dicodusport\" \/>\n<script type=\"application\/ld+json\" class=\"yoast-schema-graph\">{\"@context\":\"https:\/\/schema.org\",\"@graph\":[{\"@type\":\"NewsArticle\",\"@id\":\"https:\/\/dicodusport.fr\/blog\/ligue-des-champions-le-psg-repart-en-conquete\/#article\",\"isPartOf\":{\"@id\":\"https:\/\/dicodusport.fr\/blog\/ligue-des-champions-le-psg-repart-en-conquete\/\"},\"author\":{\"name\":\"Julien Correia\",\"@id\":\"https:\/\/dicodusport.fr\/blog\/#\/schema\/person\/0f73d157e4670e108e23009fa82f2239\"},\"headline\":\"Ligue des Champions : le PSG repart en conqu\u00eate\",\"datePublished\":\"2020-10-20T07:41:21+00:00\",\"dateModified\":\"2025-09-16T07:05:06+00:00\",\"mainEntityOfPage\":{\"@id\":\"https:\/\/dicodusport.fr\/blog\/ligue-des-champions-le-psg-repart-en-conquete\/\"},\"wordCount\":916,\"commentCount\":0,\"publisher\":{\"@id\":\"https:\/\/dicodusport.fr\/blog\/#organization\"},\"image\":{\"@id\":\"https:\/\/dicodusport.fr\/blog\/ligue-des-champions-le-psg-repart-en-conquete\/#primaryimage\"},\"thumbnailUrl\":\"https:\/\/dicodusport.fr\/blog\/wp-content\/uploads\/2020\/10\/Ligue-des-Champions-Le-PSG-repart-en-conqu\u00eate.png\",\"keywords\":[\"Football\",\"Ligue des champions\",\"Manchester United\",\"PSG\",\"sport\",\"Thomas Tuchel\"],\"articleSection\":[\"Ligue des Champions de football\"],\"inLanguage\":\"fr-FR\",\"potentialAction\":[{\"@type\":\"CommentAction\",\"name\":\"Comment\",\"target\":[\"https:\/\/dicodusport.fr\/blog\/ligue-des-champions-le-psg-repart-en-conquete\/#respond\"]}],\"copyrightYear\":\"2020\",\"copyrightHolder\":{\"@id\":\"https:\/\/dicodusport.fr\/blog\/#organization\"}},{\"@type\":\"WebPage\",\"@id\":\"https:\/\/dicodusport.fr\/blog\/ligue-des-champions-le-psg-repart-en-conquete\/\",\"url\":\"https:\/\/dicodusport.fr\/blog\/ligue-des-champions-le-psg-repart-en-conquete\/\",\"name\":\"Ligue des Champions : le PSG repart en conqu\u00eate\",\"isPartOf\":{\"@id\":\"https:\/\/dicodusport.fr\/blog\/#website\"},\"primaryImageOfPage\":{\"@id\":\"https:\/\/dicodusport.fr\/blog\/ligue-des-champions-le-psg-repart-en-conquete\/#primaryimage\"},\"image\":{\"@id\":\"https:\/\/dicodusport.fr\/blog\/ligue-des-champions-le-psg-repart-en-conquete\/#primaryimage\"},\"thumbnailUrl\":\"https:\/\/dicodusport.fr\/blog\/wp-content\/uploads\/2020\/10\/Ligue-des-Champions-Le-PSG-repart-en-conqu\u00eate.png\",\"datePublished\":\"2020-10-20T07:41:21+00:00\",\"dateModified\":\"2025-09-16T07:05:06+00:00\",\"description\":\"LIGUE DES CHAMPIONS - Pass\u00e9 tout pr\u00e8s de la cons\u00e9cration en ao\u00fbt dernier, le PSG attaque cette nouvelle \u00e9dition toujours avec la m\u00eame obsession de triompher.\",\"breadcrumb\":{\"@id\":\"https:\/\/dicodusport.fr\/blog\/ligue-des-champions-le-psg-repart-en-conquete\/#breadcrumb\"},\"inLanguage\":\"fr-FR\",\"potentialAction\":[{\"@type\":\"ReadAction\",\"target\":[\"https:\/\/dicodusport.fr\/blog\/ligue-des-champions-le-psg-repart-en-conquete\/\"]}]},{\"@type\":\"ImageObject\",\"inLanguage\":\"fr-FR\",\"@id\":\"https:\/\/dicodusport.fr\/blog\/ligue-des-champions-le-psg-repart-en-conquete\/#primaryimage\",\"url\":\"https:\/\/dicodusport.fr\/blog\/wp-content\/uploads\/2020\/10\/Ligue-des-Champions-Le-PSG-repart-en-conqu\u00eate.png\",\"contentUrl\":\"https:\/\/dicodusport.fr\/blog\/wp-content\/uploads\/2020\/10\/Ligue-des-Champions-Le-PSG-repart-en-conqu\u00eate.png\",\"width\":800,\"height\":445,\"caption\":\"Ligue des Champions - Le PSG repart en conqu\u00eate\"},{\"@type\":\"BreadcrumbList\",\"@id\":\"https:\/\/dicodusport.fr\/blog\/ligue-des-champions-le-psg-repart-en-conquete\/#breadcrumb\",\"itemListElement\":[{\"@type\":\"ListItem\",\"position\":1,\"name\":\"Accueil\",\"item\":\"https:\/\/dicodusport.fr\/blog\/\"},{\"@type\":\"ListItem\",\"position\":2,\"name\":\"Ligue des Champions : le PSG repart en conqu\u00eate\"}]},{\"@type\":\"WebSite\",\"@id\":\"https:\/\/dicodusport.fr\/blog\/#website\",\"url\":\"https:\/\/dicodusport.fr\/blog\/\",\"name\":\"Dicodusport\",\"description\":\"L&#039;encyclop\u00e9die de l&#039;actualit\u00e9 sportive\",\"publisher\":{\"@id\":\"https:\/\/dicodusport.fr\/blog\/#organization\"},\"potentialAction\":[{\"@type\":\"SearchAction\",\"target\":{\"@type\":\"EntryPoint\",\"urlTemplate\":\"https:\/\/dicodusport.fr\/blog\/?s={search_term_string}\"},\"query-input\":{\"@type\":\"PropertyValueSpecification\",\"valueRequired\":true,\"valueName\":\"search_term_string\"}}],\"inLanguage\":\"fr-FR\"},{\"@type\":\"NewsMediaOrganization\",\"@id\":\"https:\/\/dicodusport.fr\/blog\/#organization\",\"name\":\"Dicodusport\",\"url\":\"https:\/\/dicodusport.fr\/blog\/\",\"logo\":{\"@type\":\"ImageObject\",\"inLanguage\":\"fr-FR\",\"@id\":\"https:\/\/dicodusport.fr\/blog\/#\/schema\/logo\/image\/\",\"url\":\"https:\/\/dicodusport.fr\/blog\/wp-content\/uploads\/2020\/06\/cropped-LOGO-DICODUSPORT-2020-SANS-FOND-SANS-TEXTE.png\",\"contentUrl\":\"https:\/\/dicodusport.fr\/blog\/wp-content\/uploads\/2020\/06\/cropped-LOGO-DICODUSPORT-2020-SANS-FOND-SANS-TEXTE.png\",\"width\":512,\"height\":512,\"caption\":\"Dicodusport\"},\"image\":{\"@id\":\"https:\/\/dicodusport.fr\/blog\/#\/schema\/logo\/image\/\"},\"sameAs\":[\"https:\/\/www.facebook.com\/dicodusport\",\"https:\/\/x.com\/dicodusport\",\"https:\/\/www.instagram.com\/dicodusport\/\",\"https:\/\/www.youtube.com\/channel\/UC7V2KZ5sd3htJivAbA4ZG3w\"],\"description\":\"Dicodusport est l'encyclop\u00e9die de l'actualit\u00e9 sportive.\",\"email\":\"bonjour@dicodusport.fr\",\"legalName\":\"DICODUSPORT\",\"foundingDate\":\"2018-01-14\",\"vatID\":\"FR71834470973\",\"taxID\":\"83447097300043\",\"numberOfEmployees\":{\"@type\":\"QuantitativeValue\",\"minValue\":\"1\",\"maxValue\":\"10\"}},{\"@type\":\"Person\",\"@id\":\"https:\/\/dicodusport.fr\/blog\/#\/schema\/person\/0f73d157e4670e108e23009fa82f2239\",\"name\":\"Julien Correia\",\"image\":{\"@type\":\"ImageObject\",\"inLanguage\":\"fr-FR\",\"@id\":\"https:\/\/dicodusport.fr\/blog\/#\/schema\/person\/image\/\",\"url\":\"https:\/\/dicodusport.fr\/blog\/wp-content\/uploads\/2021\/05\/Julien-Correia-150x150.jpg\",\"contentUrl\":\"https:\/\/dicodusport.fr\/blog\/wp-content\/uploads\/2021\/05\/Julien-Correia-150x150.jpg\",\"caption\":\"Julien Correia\"},\"description\":\"Journaliste\/r\u00e9dacteur depuis janvier 2019 - Tomb\u00e9 dans le monde du ballon rond \u00e9tant petit, j\u2019aurais pu devenir pro sans ces foutus ligaments crois\u00e9s. D\u00e9filant sur les champs (mais pas Elys\u00e9es) en 98, j\u2019ai \u00e9t\u00e9 berc\u00e9 par les exploits de Mister George, piqu\u00e9 par la technique du Snake, grandi avec Captain Rai et Ronnie, m\u00fbri avec Pauleta et Edi. Mais Ibracadabra, je suis d\u00e9sormais reconverti en runner\/traileur. Moins rapide que Bolt et moins endurant que Jornet, c\u2019est donc plume \u00e0 la main que je partage les exploits de ces athl\u00e8tes !\",\"sameAs\":[\"https:\/\/www.facebook.com\/julien.correia.52\",\"https:\/\/x.com\/https:\/\/twitter.com\/julienco_psg70\"],\"url\":\"https:\/\/dicodusport.fr\/blog\/author\/julien-c\/\"}]}<\/script>\n<!-- \/ Yoast SEO Premium plugin. -->","yoast_head_json":{"title":"Ligue des Champions : le PSG repart en conqu\u00eate","description":"LIGUE DES CHAMPIONS - Pass\u00e9 tout pr\u00e8s de la cons\u00e9cration en ao\u00fbt dernier, le PSG attaque cette nouvelle \u00e9dition toujours avec la m\u00eame obsession de triompher.","robots":{"index":"index","follow":"follow","max-snippet":"max-snippet:-1","max-image-preview":"max-image-preview:large","max-video-preview":"max-video-preview:-1"},"canonical":"https:\/\/dicodusport.fr\/blog\/ligue-des-champions-le-psg-repart-en-conquete\/","og_locale":"fr_FR","og_type":"article","og_title":"Ligue des Champions : le PSG repart en conqu\u00eate","og_description":"LIGUE DES CHAMPIONS - Pass\u00e9 tout pr\u00e8s de la cons\u00e9cration en ao\u00fbt dernier, le PSG attaque cette nouvelle \u00e9dition toujours avec la m\u00eame obsession de triompher.","og_url":"https:\/\/dicodusport.fr\/blog\/ligue-des-champions-le-psg-repart-en-conquete\/","og_site_name":"Dicodusport","article_publisher":"https:\/\/www.facebook.com\/dicodusport","article_author":"https:\/\/www.facebook.com\/julien.correia.52","article_published_time":"2020-10-20T07:41:21+00:00","article_modified_time":"2025-09-16T07:05:06+00:00","og_image":[{"width":800,"height":445,"url":"https:\/\/dicodusport.fr\/blog\/wp-content\/uploads\/2020\/10\/Ligue-des-Champions-Le-PSG-repart-en-conqu\u00eate.png","type":"image\/png"}],"author":"Julien Correia","twitter_card":"summary_large_image","twitter_title":"Ligue des Champions : le PSG repart en conqu\u00eate","twitter_creator":"@https:\/\/twitter.com\/julienco_psg70","twitter_site":"@dicodusport","schema":{"@context":"https:\/\/schema.org","@graph":[{"@type":"NewsArticle","@id":"https:\/\/dicodusport.fr\/blog\/ligue-des-champions-le-psg-repart-en-conquete\/#article","isPartOf":{"@id":"https:\/\/dicodusport.fr\/blog\/ligue-des-champions-le-psg-repart-en-conquete\/"},"author":{"name":"Julien Correia","@id":"https:\/\/dicodusport.fr\/blog\/#\/schema\/person\/0f73d157e4670e108e23009fa82f2239"},"headline":"Ligue des Champions : le PSG repart en conqu\u00eate","datePublished":"2020-10-20T07:41:21+00:00","dateModified":"2025-09-16T07:05:06+00:00","mainEntityOfPage":{"@id":"https:\/\/dicodusport.fr\/blog\/ligue-des-champions-le-psg-repart-en-conquete\/"},"wordCount":916,"commentCount":0,"publisher":{"@id":"https:\/\/dicodusport.fr\/blog\/#organization"},"image":{"@id":"https:\/\/dicodusport.fr\/blog\/ligue-des-champions-le-psg-repart-en-conquete\/#primaryimage"},"thumbnailUrl":"https:\/\/dicodusport.fr\/blog\/wp-content\/uploads\/2020\/10\/Ligue-des-Champions-Le-PSG-repart-en-conqu\u00eate.png","keywords":["Football","Ligue des champions","Manchester United","PSG","sport","Thomas Tuchel"],"articleSection":["Ligue des Champions de football"],"inLanguage":"fr-FR","potentialAction":[{"@type":"CommentAction","name":"Comment","target":["https:\/\/dicodusport.fr\/blog\/ligue-des-champions-le-psg-repart-en-conquete\/#respond"]}],"copyrightYear":"2020","copyrightHolder":{"@id":"https:\/\/dicodusport.fr\/blog\/#organization"}},{"@type":"WebPage","@id":"https:\/\/dicodusport.fr\/blog\/ligue-des-champions-le-psg-repart-en-conquete\/","url":"https:\/\/dicodusport.fr\/blog\/ligue-des-champions-le-psg-repart-en-conquete\/","name":"Ligue des Champions : le PSG repart en conqu\u00eate","isPartOf":{"@id":"https:\/\/dicodusport.fr\/blog\/#website"},"primaryImageOfPage":{"@id":"https:\/\/dicodusport.fr\/blog\/ligue-des-champions-le-psg-repart-en-conquete\/#primaryimage"},"image":{"@id":"https:\/\/dicodusport.fr\/blog\/ligue-des-champions-le-psg-repart-en-conquete\/#primaryimage"},"thumbnailUrl":"https:\/\/dicodusport.fr\/blog\/wp-content\/uploads\/2020\/10\/Ligue-des-Champions-Le-PSG-repart-en-conqu\u00eate.png","datePublished":"2020-10-20T07:41:21+00:00","dateModified":"2025-09-16T07:05:06+00:00","description":"LIGUE DES CHAMPIONS - Pass\u00e9 tout pr\u00e8s de la cons\u00e9cration en ao\u00fbt dernier, le PSG attaque cette nouvelle \u00e9dition toujours avec la m\u00eame obsession de triompher.","breadcrumb":{"@id":"https:\/\/dicodusport.fr\/blog\/ligue-des-champions-le-psg-repart-en-conquete\/#breadcrumb"},"inLanguage":"fr-FR","potentialAction":[{"@type":"ReadAction","target":["https:\/\/dicodusport.fr\/blog\/ligue-des-champions-le-psg-repart-en-conquete\/"]}]},{"@type":"ImageObject","inLanguage":"fr-FR","@id":"https:\/\/dicodusport.fr\/blog\/ligue-des-champions-le-psg-repart-en-conquete\/#primaryimage","url":"https:\/\/dicodusport.fr\/blog\/wp-content\/uploads\/2020\/10\/Ligue-des-Champions-Le-PSG-repart-en-conqu\u00eate.png","contentUrl":"https:\/\/dicodusport.fr\/blog\/wp-content\/uploads\/2020\/10\/Ligue-des-Champions-Le-PSG-repart-en-conqu\u00eate.png","width":800,"height":445,"caption":"Ligue des Champions - Le PSG repart en conqu\u00eate"},{"@type":"BreadcrumbList","@id":"https:\/\/dicodusport.fr\/blog\/ligue-des-champions-le-psg-repart-en-conquete\/#breadcrumb","itemListElement":[{"@type":"ListItem","position":1,"name":"Accueil","item":"https:\/\/dicodusport.fr\/blog\/"},{"@type":"ListItem","position":2,"name":"Ligue des Champions : le PSG repart en conqu\u00eate"}]},{"@type":"WebSite","@id":"https:\/\/dicodusport.fr\/blog\/#website","url":"https:\/\/dicodusport.fr\/blog\/","name":"Dicodusport","description":"L&#039;encyclop\u00e9die de l&#039;actualit\u00e9 sportive","publisher":{"@id":"https:\/\/dicodusport.fr\/blog\/#organization"},"potentialAction":[{"@type":"SearchAction","target":{"@type":"EntryPoint","urlTemplate":"https:\/\/dicodusport.fr\/blog\/?s={search_term_string}"},"query-input":{"@type":"PropertyValueSpecification","valueRequired":true,"valueName":"search_term_string"}}],"inLanguage":"fr-FR"},{"@type":"NewsMediaOrganization","@id":"https:\/\/dicodusport.fr\/blog\/#organization","name":"Dicodusport","url":"https:\/\/dicodusport.fr\/blog\/","logo":{"@type":"ImageObject","inLanguage":"fr-FR","@id":"https:\/\/dicodusport.fr\/blog\/#\/schema\/logo\/image\/","url":"https:\/\/dicodusport.fr\/blog\/wp-content\/uploads\/2020\/06\/cropped-LOGO-DICODUSPORT-2020-SANS-FOND-SANS-TEXTE.png","contentUrl":"https:\/\/dicodusport.fr\/blog\/wp-content\/uploads\/2020\/06\/cropped-LOGO-DICODUSPORT-2020-SANS-FOND-SANS-TEXTE.png","width":512,"height":512,"caption":"Dicodusport"},"image":{"@id":"https:\/\/dicodusport.fr\/blog\/#\/schema\/logo\/image\/"},"sameAs":["https:\/\/www.facebook.com\/dicodusport","https:\/\/x.com\/dicodusport","https:\/\/www.instagram.com\/dicodusport\/","https:\/\/www.youtube.com\/channel\/UC7V2KZ5sd3htJivAbA4ZG3w"],"description":"Dicodusport est l'encyclop\u00e9die de l'actualit\u00e9 sportive.","email":"bonjour@dicodusport.fr","legalName":"DICODUSPORT","foundingDate":"2018-01-14","vatID":"FR71834470973","taxID":"83447097300043","numberOfEmployees":{"@type":"QuantitativeValue","minValue":"1","maxValue":"10"}},{"@type":"Person","@id":"https:\/\/dicodusport.fr\/blog\/#\/schema\/person\/0f73d157e4670e108e23009fa82f2239","name":"Julien Correia","image":{"@type":"ImageObject","inLanguage":"fr-FR","@id":"https:\/\/dicodusport.fr\/blog\/#\/schema\/person\/image\/","url":"https:\/\/dicodusport.fr\/blog\/wp-content\/uploads\/2021\/05\/Julien-Correia-150x150.jpg","contentUrl":"https:\/\/dicodusport.fr\/blog\/wp-content\/uploads\/2021\/05\/Julien-Correia-150x150.jpg","caption":"Julien Correia"},"description":"Journaliste\/r\u00e9dacteur depuis janvier 2019 - Tomb\u00e9 dans le monde du ballon rond \u00e9tant petit, j\u2019aurais pu devenir pro sans ces foutus ligaments crois\u00e9s. D\u00e9filant sur les champs (mais pas Elys\u00e9es) en 98, j\u2019ai \u00e9t\u00e9 berc\u00e9 par les exploits de Mister George, piqu\u00e9 par la technique du Snake, grandi avec Captain Rai et Ronnie, m\u00fbri avec Pauleta et Edi. Mais Ibracadabra, je suis d\u00e9sormais reconverti en runner\/traileur. Moins rapide que Bolt et moins endurant que Jornet, c\u2019est donc plume \u00e0 la main que je partage les exploits de ces athl\u00e8tes !","sameAs":["https:\/\/www.facebook.com\/julien.correia.52","https:\/\/x.com\/https:\/\/twitter.com\/julienco_psg70"],"url":"https:\/\/dicodusport.fr\/blog\/author\/julien-c\/"}]}},"_links":{"self":[{"href":"https:\/\/dicodusport.fr\/blog\/wp-json\/wp\/v2\/posts\/83525","targetHints":{"allow":["GET"]}}],"collection":[{"href":"https:\/\/dicodusport.fr\/blog\/wp-json\/wp\/v2\/posts"}],"about":[{"href":"https:\/\/dicodusport.fr\/blog\/wp-json\/wp\/v2\/types\/post"}],"author":[{"embeddable":true,"href":"https:\/\/dicodusport.fr\/blog\/wp-json\/wp\/v2\/users\/37"}],"replies":[{"embeddable":true,"href":"https:\/\/dicodusport.fr\/blog\/wp-json\/wp\/v2\/comments?post=83525"}],"version-history":[{"count":1,"href":"https:\/\/dicodusport.fr\/blog\/wp-json\/wp\/v2\/posts\/83525\/revisions"}],"predecessor-version":[{"id":611690,"href":"https:\/\/dicodusport.fr\/blog\/wp-json\/wp\/v2\/posts\/83525\/revisions\/611690"}],"wp:featuredmedia":[{"embeddable":true,"href":"https:\/\/dicodusport.fr\/blog\/wp-json\/wp\/v2\/media\/83593"}],"wp:attachment":[{"href":"https:\/\/dicodusport.fr\/blog\/wp-json\/wp\/v2\/media?parent=83525"}],"wp:term":[{"taxonomy":"category","embeddable":true,"href":"https:\/\/dicodusport.fr\/blog\/wp-json\/wp\/v2\/categories?post=83525"},{"taxonomy":"post_tag","embeddable":true,"href":"https:\/\/dicodusport.fr\/blog\/wp-json\/wp\/v2\/tags?post=83525"}],"curies":[{"name":"wp","href":"https:\/\/api.w.org\/{rel}","templated":true}]}}