{"id":83595,"date":"2020-10-20T10:16:53","date_gmt":"2020-10-20T08:16:53","guid":{"rendered":"https:\/\/dicodusport.fr\/blog\/?p=83595&#038;preview=true&#038;preview_id=83595"},"modified":"2023-05-20T10:12:31","modified_gmt":"2023-05-20T08:12:31","slug":"deces-de-bruno-martini-ancien-gardien-de-lequipe-de-france-et-dauxerre","status":"publish","type":"post","link":"https:\/\/dicodusport.fr\/blog\/deces-de-bruno-martini-ancien-gardien-de-lequipe-de-france-et-dauxerre\/","title":{"rendered":"D\u00e9c\u00e8s de Bruno Martini, ancien gardien de l&rsquo;\u00e9quipe de France et d&rsquo;Auxerre"},"content":{"rendered":"<p style=\"text-align: justify;\"><strong><em>CARNET NOIR &#8211; Hospitalis\u00e9 depuis plusieurs jours apr\u00e8s une crise cardiaque, Bruno Martini est d\u00e9c\u00e9d\u00e9 la nuit derni\u00e8re \u00e0 58 ans.\u00a0<\/em><\/strong><\/p>\n<p style=\"text-align: justify;\">International fran\u00e7ais \u00e0 31 reprises, <strong>Bruno Martini<\/strong> a fait la plus grosse partie de sa carri\u00e8re \u00e0 Auxerre (1981-1995), avant de s&rsquo;installer \u00e0 Montpellier (1995-1999). Hospitalis\u00e9 le 12 octobre dernier suite \u00e0 un arr\u00eat cardio-respiratoire, il \u00e9tait depuis en soins intensifs o\u00f9 il se battait pour la vie. Entra\u00eeneur national \u00e0 la DTN du football fran\u00e7ais de 2001 \u00e0 2013, <strong>Bruno Martini<\/strong> \u00e9tait \u00e9galement l&rsquo;entra\u00eeneur des gardiens de l&rsquo;\u00e9quipe de France A entre 1999 et 2010. Apr\u00e8s avoir fait partie du staff de <strong>Roland Courbis<\/strong> \u00e0 Montpellier, il a assur\u00e9 un int\u00e9rim \u00e0 la t\u00eate de l&rsquo;\u00e9quipe premi\u00e8re h\u00e9raultaise suite au d\u00e9part de ce dernier. Avant de devenir directeur adjoint du centre de formation du MHSC.<\/p>\n<p>L&rsquo;\u00e9quipe de <strong>Dicodusport<\/strong> pr\u00e9sente ses sinc\u00e8res condol\u00e9ances \u00e0 sa famille et ses proches.<\/p>\n<blockquote class=\"twitter-tweet\">\n<p dir=\"ltr\" lang=\"fr\">C\u2019est avec une infinie tristesse que nous avons appris la disparition de Bruno Martini \ud83d\udda4<br \/>\nTu vas terriblement nous manquer Bruno, repose en paix \ud83d\ude4f<a href=\"https:\/\/t.co\/Y6trVA2xPx\">https:\/\/t.co\/Y6trVA2xPx<\/a> <a href=\"https:\/\/t.co\/PeJ6H2nJdr\">pic.twitter.com\/PeJ6H2nJdr<\/a><\/p>\n<p>\u2014 MHSC (@MontpellierHSC) <a href=\"https:\/\/twitter.com\/MontpellierHSC\/status\/1318446368101466112?ref_src=twsrc%5Etfw\">October 20, 2020<\/a><\/p><\/blockquote>\n<p><script async src=\"https:\/\/platform.twitter.com\/widgets.js\" charset=\"utf-8\"><\/script><\/p>\n<p><strong><em>Dicodusport<br \/>\n<a href=\"https:\/\/www.facebook.com\/dicodusport\/\" target=\"_blank\" rel=\"noopener noreferrer\"><img loading=\"lazy\" decoding=\"async\" class=\"alignnone wp-image-2909\" src=\"http:\/\/dicodusport.fr\/blog\/wp-content\/uploads\/2017\/07\/logo-facebook-150x150.png\" alt=\"\" width=\"40\" height=\"40\" \/><\/a><a href=\"https:\/\/twitter.com\/dicodusport\" target=\"_blank\" rel=\"noopener noreferrer\"><img loading=\"lazy\" decoding=\"async\" class=\"alignnone wp-image-2908\" src=\"http:\/\/dicodusport.fr\/blog\/wp-content\/uploads\/2017\/07\/logo-twitter-150x150.png\" alt=\"\" width=\"39\" height=\"39\" \/><\/a><\/em><\/strong><\/p>\n","protected":false},"excerpt":{"rendered":"<p>CARNET NOIR &#8211; Hospitalis\u00e9 depuis plusieurs jours apr\u00e8s une crise cardiaque, Bruno Martini est d\u00e9c\u00e9d\u00e9 la nuit derni\u00e8re \u00e0 58 ans.\u00a0<\/p>\n","protected":false},"author":1,"featured_media":83603,"comment_status":"open","ping_status":"closed","sticky":false,"template":"","format":"standard","meta":{"_acf_changed":false,"_daextam_enable_autolinks":"","footnotes":""},"categories":[12712,2301],"tags":[8716,75],"class_list":["post-83595","post","type-post","status-publish","format-standard","has-post-thumbnail","hentry","category-carnet-noir","category-football","tag-carnet-noir","tag-football"],"acf":[],"yoast_head":"<!-- This site is optimized with the Yoast SEO Premium plugin v26.7 (Yoast SEO v26.7) - https:\/\/yoast.com\/wordpress\/plugins\/seo\/ -->\n<title>D\u00e9c\u00e8s de Bruno Martini, ancien gardien de l&#039;\u00e9quipe de France et d&#039;Auxerre<\/title>\n<meta name=\"description\" content=\"CARNET NOIR - Hospitalis\u00e9 depuis plusieurs jours apr\u00e8s une crise cardiaque, Bruno Martini est d\u00e9c\u00e9d\u00e9 la nuit derni\u00e8re \u00e0 58 ans.\u00a0\" \/>\n<meta name=\"robots\" content=\"index, follow, max-snippet:-1, max-image-preview:large, max-video-preview:-1\" \/>\n<link rel=\"canonical\" href=\"https:\/\/dicodusport.fr\/blog\/deces-de-bruno-martini-ancien-gardien-de-lequipe-de-france-et-dauxerre\/\" \/>\n<meta property=\"og:locale\" content=\"fr_FR\" \/>\n<meta property=\"og:type\" content=\"article\" \/>\n<meta property=\"og:title\" content=\"D\u00e9c\u00e8s de Bruno Martini, ancien gardien de l&#039;\u00e9quipe de France et d&#039;Auxerre\" \/>\n<meta property=\"og:description\" content=\"CARNET NOIR - Hospitalis\u00e9 depuis plusieurs jours apr\u00e8s une crise cardiaque, Bruno Martini est d\u00e9c\u00e9d\u00e9 la nuit derni\u00e8re \u00e0 58 ans.\u00a0\" \/>\n<meta property=\"og:url\" content=\"https:\/\/dicodusport.fr\/blog\/deces-de-bruno-martini-ancien-gardien-de-lequipe-de-france-et-dauxerre\/\" \/>\n<meta property=\"og:site_name\" content=\"Dicodusport\" \/>\n<meta property=\"article:publisher\" content=\"https:\/\/www.facebook.com\/dicodusport\" \/>\n<meta property=\"article:author\" content=\"https:\/\/www.facebook.com\/dicodusport\" \/>\n<meta property=\"article:published_time\" content=\"2020-10-20T08:16:53+00:00\" \/>\n<meta property=\"article:modified_time\" content=\"2023-05-20T08:12:31+00:00\" \/>\n<meta property=\"og:image\" content=\"https:\/\/dicodusport.fr\/blog\/wp-content\/uploads\/2020\/10\/D\u00e9c\u00e8s-de-Bruno-Martini-ancien-gardien-de-l\u00e9quipe-de-France-et-dAuxerre.png\" \/>\n\t<meta property=\"og:image:width\" content=\"800\" \/>\n\t<meta property=\"og:image:height\" content=\"445\" \/>\n\t<meta property=\"og:image:type\" content=\"image\/png\" \/>\n<meta name=\"author\" content=\"Nicolas Jacquemard\" \/>\n<meta name=\"twitter:card\" content=\"summary_large_image\" \/>\n<meta name=\"twitter:title\" content=\"D\u00e9c\u00e8s de Bruno Martini, ancien gardien de l&#039;\u00e9quipe de France et d&#039;Auxerre\" \/>\n<meta name=\"twitter:creator\" content=\"@https:\/\/twitter.com\/Nico_Jacquemard\" \/>\n<meta name=\"twitter:site\" content=\"@dicodusport\" \/>\n<script type=\"application\/ld+json\" class=\"yoast-schema-graph\">{\"@context\":\"https:\/\/schema.org\",\"@graph\":[{\"@type\":\"NewsArticle\",\"@id\":\"https:\/\/dicodusport.fr\/blog\/deces-de-bruno-martini-ancien-gardien-de-lequipe-de-france-et-dauxerre\/#article\",\"isPartOf\":{\"@id\":\"https:\/\/dicodusport.fr\/blog\/deces-de-bruno-martini-ancien-gardien-de-lequipe-de-france-et-dauxerre\/\"},\"author\":{\"name\":\"Nicolas Jacquemard\",\"@id\":\"https:\/\/dicodusport.fr\/blog\/#\/schema\/person\/55dcb50ad410894e431ed812bbb70191\"},\"headline\":\"D\u00e9c\u00e8s de Bruno Martini, ancien gardien de l&rsquo;\u00e9quipe de France et d&rsquo;Auxerre\",\"datePublished\":\"2020-10-20T08:16:53+00:00\",\"dateModified\":\"2023-05-20T08:12:31+00:00\",\"mainEntityOfPage\":{\"@id\":\"https:\/\/dicodusport.fr\/blog\/deces-de-bruno-martini-ancien-gardien-de-lequipe-de-france-et-dauxerre\/\"},\"wordCount\":213,\"commentCount\":0,\"publisher\":{\"@id\":\"https:\/\/dicodusport.fr\/blog\/#organization\"},\"image\":{\"@id\":\"https:\/\/dicodusport.fr\/blog\/deces-de-bruno-martini-ancien-gardien-de-lequipe-de-france-et-dauxerre\/#primaryimage\"},\"thumbnailUrl\":\"https:\/\/dicodusport.fr\/blog\/wp-content\/uploads\/2020\/10\/D\u00e9c\u00e8s-de-Bruno-Martini-ancien-gardien-de-l\u00e9quipe-de-France-et-dAuxerre.png\",\"keywords\":[\"Carnet noir\",\"Football\"],\"articleSection\":[\"Carnet noir\",\"Football\"],\"inLanguage\":\"fr-FR\",\"potentialAction\":[{\"@type\":\"CommentAction\",\"name\":\"Comment\",\"target\":[\"https:\/\/dicodusport.fr\/blog\/deces-de-bruno-martini-ancien-gardien-de-lequipe-de-france-et-dauxerre\/#respond\"]}],\"copyrightYear\":\"2020\",\"copyrightHolder\":{\"@id\":\"https:\/\/dicodusport.fr\/blog\/#organization\"}},{\"@type\":\"WebPage\",\"@id\":\"https:\/\/dicodusport.fr\/blog\/deces-de-bruno-martini-ancien-gardien-de-lequipe-de-france-et-dauxerre\/\",\"url\":\"https:\/\/dicodusport.fr\/blog\/deces-de-bruno-martini-ancien-gardien-de-lequipe-de-france-et-dauxerre\/\",\"name\":\"D\u00e9c\u00e8s de Bruno Martini, ancien gardien de l'\u00e9quipe de France et d'Auxerre\",\"isPartOf\":{\"@id\":\"https:\/\/dicodusport.fr\/blog\/#website\"},\"primaryImageOfPage\":{\"@id\":\"https:\/\/dicodusport.fr\/blog\/deces-de-bruno-martini-ancien-gardien-de-lequipe-de-france-et-dauxerre\/#primaryimage\"},\"image\":{\"@id\":\"https:\/\/dicodusport.fr\/blog\/deces-de-bruno-martini-ancien-gardien-de-lequipe-de-france-et-dauxerre\/#primaryimage\"},\"thumbnailUrl\":\"https:\/\/dicodusport.fr\/blog\/wp-content\/uploads\/2020\/10\/D\u00e9c\u00e8s-de-Bruno-Martini-ancien-gardien-de-l\u00e9quipe-de-France-et-dAuxerre.png\",\"datePublished\":\"2020-10-20T08:16:53+00:00\",\"dateModified\":\"2023-05-20T08:12:31+00:00\",\"description\":\"CARNET NOIR - Hospitalis\u00e9 depuis plusieurs jours apr\u00e8s une crise cardiaque, Bruno Martini est d\u00e9c\u00e9d\u00e9 la nuit derni\u00e8re \u00e0 58 ans.\u00a0\",\"breadcrumb\":{\"@id\":\"https:\/\/dicodusport.fr\/blog\/deces-de-bruno-martini-ancien-gardien-de-lequipe-de-france-et-dauxerre\/#breadcrumb\"},\"inLanguage\":\"fr-FR\",\"potentialAction\":[{\"@type\":\"ReadAction\",\"target\":[\"https:\/\/dicodusport.fr\/blog\/deces-de-bruno-martini-ancien-gardien-de-lequipe-de-france-et-dauxerre\/\"]}]},{\"@type\":\"ImageObject\",\"inLanguage\":\"fr-FR\",\"@id\":\"https:\/\/dicodusport.fr\/blog\/deces-de-bruno-martini-ancien-gardien-de-lequipe-de-france-et-dauxerre\/#primaryimage\",\"url\":\"https:\/\/dicodusport.fr\/blog\/wp-content\/uploads\/2020\/10\/D\u00e9c\u00e8s-de-Bruno-Martini-ancien-gardien-de-l\u00e9quipe-de-France-et-dAuxerre.png\",\"contentUrl\":\"https:\/\/dicodusport.fr\/blog\/wp-content\/uploads\/2020\/10\/D\u00e9c\u00e8s-de-Bruno-Martini-ancien-gardien-de-l\u00e9quipe-de-France-et-dAuxerre.png\",\"width\":800,\"height\":445,\"caption\":\"D\u00e9c\u00e8s de Bruno Martini, ancien gardien de l'\u00e9quipe de France et d'Auxerre\"},{\"@type\":\"BreadcrumbList\",\"@id\":\"https:\/\/dicodusport.fr\/blog\/deces-de-bruno-martini-ancien-gardien-de-lequipe-de-france-et-dauxerre\/#breadcrumb\",\"itemListElement\":[{\"@type\":\"ListItem\",\"position\":1,\"name\":\"Accueil\",\"item\":\"https:\/\/dicodusport.fr\/blog\/\"},{\"@type\":\"ListItem\",\"position\":2,\"name\":\"D\u00e9c\u00e8s de Bruno Martini, ancien gardien de l&rsquo;\u00e9quipe de France et d&rsquo;Auxerre\"}]},{\"@type\":\"WebSite\",\"@id\":\"https:\/\/dicodusport.fr\/blog\/#website\",\"url\":\"https:\/\/dicodusport.fr\/blog\/\",\"name\":\"Dicodusport\",\"description\":\"L&#039;encyclop\u00e9die de l&#039;actualit\u00e9 sportive\",\"publisher\":{\"@id\":\"https:\/\/dicodusport.fr\/blog\/#organization\"},\"potentialAction\":[{\"@type\":\"SearchAction\",\"target\":{\"@type\":\"EntryPoint\",\"urlTemplate\":\"https:\/\/dicodusport.fr\/blog\/?s={search_term_string}\"},\"query-input\":{\"@type\":\"PropertyValueSpecification\",\"valueRequired\":true,\"valueName\":\"search_term_string\"}}],\"inLanguage\":\"fr-FR\"},{\"@type\":\"NewsMediaOrganization\",\"@id\":\"https:\/\/dicodusport.fr\/blog\/#organization\",\"name\":\"Dicodusport\",\"url\":\"https:\/\/dicodusport.fr\/blog\/\",\"logo\":{\"@type\":\"ImageObject\",\"inLanguage\":\"fr-FR\",\"@id\":\"https:\/\/dicodusport.fr\/blog\/#\/schema\/logo\/image\/\",\"url\":\"https:\/\/dicodusport.fr\/blog\/wp-content\/uploads\/2020\/06\/cropped-LOGO-DICODUSPORT-2020-SANS-FOND-SANS-TEXTE.png\",\"contentUrl\":\"https:\/\/dicodusport.fr\/blog\/wp-content\/uploads\/2020\/06\/cropped-LOGO-DICODUSPORT-2020-SANS-FOND-SANS-TEXTE.png\",\"width\":512,\"height\":512,\"caption\":\"Dicodusport\"},\"image\":{\"@id\":\"https:\/\/dicodusport.fr\/blog\/#\/schema\/logo\/image\/\"},\"sameAs\":[\"https:\/\/www.facebook.com\/dicodusport\",\"https:\/\/x.com\/dicodusport\",\"https:\/\/www.instagram.com\/dicodusport\/\",\"https:\/\/www.youtube.com\/channel\/UC7V2KZ5sd3htJivAbA4ZG3w\"],\"description\":\"Dicodusport est l'encyclop\u00e9die de l'actualit\u00e9 sportive.\",\"email\":\"bonjour@dicodusport.fr\",\"legalName\":\"DICODUSPORT\",\"foundingDate\":\"2018-01-14\",\"vatID\":\"FR71834470973\",\"taxID\":\"83447097300043\",\"numberOfEmployees\":{\"@type\":\"QuantitativeValue\",\"minValue\":\"1\",\"maxValue\":\"10\"}},{\"@type\":\"Person\",\"@id\":\"https:\/\/dicodusport.fr\/blog\/#\/schema\/person\/55dcb50ad410894e431ed812bbb70191\",\"name\":\"Nicolas Jacquemard\",\"image\":{\"@type\":\"ImageObject\",\"inLanguage\":\"fr-FR\",\"@id\":\"https:\/\/dicodusport.fr\/blog\/#\/schema\/person\/image\/\",\"url\":\"https:\/\/dicodusport.fr\/blog\/wp-content\/uploads\/2021\/05\/Nicolas-Jacquemard-150x150.jpeg\",\"contentUrl\":\"https:\/\/dicodusport.fr\/blog\/wp-content\/uploads\/2021\/05\/Nicolas-Jacquemard-150x150.jpeg\",\"caption\":\"Nicolas Jacquemard\"},\"description\":\"Passionn\u00e9 de sport et entrepreneur depuis mes 18 ans, la cr\u00e9ation de Dicodusport m'a sembl\u00e9 \u00e9vidente pour participer \u00e0 la m\u00e9diatisation d'un plus grand nombre de sports. Le chemin est long mais avec une \u00e9quipe des plus motiv\u00e9es et les Jeux Olympiques de Paris 2024 en point de mire, nous y arriverons ! Journaliste dans le monde du sport depuis plus de 5 ans, je traite aussi bien de football, de rugby, de biathlon que de cyclisme.\",\"sameAs\":[\"https:\/\/www.facebook.com\/dicodusport\",\"https:\/\/x.com\/https:\/\/twitter.com\/Nico_Jacquemard\"],\"url\":\"https:\/\/dicodusport.fr\/blog\/author\/dicodusport\/\"}]}<\/script>\n<!-- \/ Yoast SEO Premium plugin. -->","yoast_head_json":{"title":"D\u00e9c\u00e8s de Bruno Martini, ancien gardien de l'\u00e9quipe de France et d'Auxerre","description":"CARNET NOIR - Hospitalis\u00e9 depuis plusieurs jours apr\u00e8s une crise cardiaque, Bruno Martini est d\u00e9c\u00e9d\u00e9 la nuit derni\u00e8re \u00e0 58 ans.\u00a0","robots":{"index":"index","follow":"follow","max-snippet":"max-snippet:-1","max-image-preview":"max-image-preview:large","max-video-preview":"max-video-preview:-1"},"canonical":"https:\/\/dicodusport.fr\/blog\/deces-de-bruno-martini-ancien-gardien-de-lequipe-de-france-et-dauxerre\/","og_locale":"fr_FR","og_type":"article","og_title":"D\u00e9c\u00e8s de Bruno Martini, ancien gardien de l'\u00e9quipe de France et d'Auxerre","og_description":"CARNET NOIR - Hospitalis\u00e9 depuis plusieurs jours apr\u00e8s une crise cardiaque, Bruno Martini est d\u00e9c\u00e9d\u00e9 la nuit derni\u00e8re \u00e0 58 ans.\u00a0","og_url":"https:\/\/dicodusport.fr\/blog\/deces-de-bruno-martini-ancien-gardien-de-lequipe-de-france-et-dauxerre\/","og_site_name":"Dicodusport","article_publisher":"https:\/\/www.facebook.com\/dicodusport","article_author":"https:\/\/www.facebook.com\/dicodusport","article_published_time":"2020-10-20T08:16:53+00:00","article_modified_time":"2023-05-20T08:12:31+00:00","og_image":[{"width":800,"height":445,"url":"https:\/\/dicodusport.fr\/blog\/wp-content\/uploads\/2020\/10\/D\u00e9c\u00e8s-de-Bruno-Martini-ancien-gardien-de-l\u00e9quipe-de-France-et-dAuxerre.png","type":"image\/png"}],"author":"Nicolas Jacquemard","twitter_card":"summary_large_image","twitter_title":"D\u00e9c\u00e8s de Bruno Martini, ancien gardien de l'\u00e9quipe de France et d'Auxerre","twitter_creator":"@https:\/\/twitter.com\/Nico_Jacquemard","twitter_site":"@dicodusport","schema":{"@context":"https:\/\/schema.org","@graph":[{"@type":"NewsArticle","@id":"https:\/\/dicodusport.fr\/blog\/deces-de-bruno-martini-ancien-gardien-de-lequipe-de-france-et-dauxerre\/#article","isPartOf":{"@id":"https:\/\/dicodusport.fr\/blog\/deces-de-bruno-martini-ancien-gardien-de-lequipe-de-france-et-dauxerre\/"},"author":{"name":"Nicolas Jacquemard","@id":"https:\/\/dicodusport.fr\/blog\/#\/schema\/person\/55dcb50ad410894e431ed812bbb70191"},"headline":"D\u00e9c\u00e8s de Bruno Martini, ancien gardien de l&rsquo;\u00e9quipe de France et d&rsquo;Auxerre","datePublished":"2020-10-20T08:16:53+00:00","dateModified":"2023-05-20T08:12:31+00:00","mainEntityOfPage":{"@id":"https:\/\/dicodusport.fr\/blog\/deces-de-bruno-martini-ancien-gardien-de-lequipe-de-france-et-dauxerre\/"},"wordCount":213,"commentCount":0,"publisher":{"@id":"https:\/\/dicodusport.fr\/blog\/#organization"},"image":{"@id":"https:\/\/dicodusport.fr\/blog\/deces-de-bruno-martini-ancien-gardien-de-lequipe-de-france-et-dauxerre\/#primaryimage"},"thumbnailUrl":"https:\/\/dicodusport.fr\/blog\/wp-content\/uploads\/2020\/10\/D\u00e9c\u00e8s-de-Bruno-Martini-ancien-gardien-de-l\u00e9quipe-de-France-et-dAuxerre.png","keywords":["Carnet noir","Football"],"articleSection":["Carnet noir","Football"],"inLanguage":"fr-FR","potentialAction":[{"@type":"CommentAction","name":"Comment","target":["https:\/\/dicodusport.fr\/blog\/deces-de-bruno-martini-ancien-gardien-de-lequipe-de-france-et-dauxerre\/#respond"]}],"copyrightYear":"2020","copyrightHolder":{"@id":"https:\/\/dicodusport.fr\/blog\/#organization"}},{"@type":"WebPage","@id":"https:\/\/dicodusport.fr\/blog\/deces-de-bruno-martini-ancien-gardien-de-lequipe-de-france-et-dauxerre\/","url":"https:\/\/dicodusport.fr\/blog\/deces-de-bruno-martini-ancien-gardien-de-lequipe-de-france-et-dauxerre\/","name":"D\u00e9c\u00e8s de Bruno Martini, ancien gardien de l'\u00e9quipe de France et d'Auxerre","isPartOf":{"@id":"https:\/\/dicodusport.fr\/blog\/#website"},"primaryImageOfPage":{"@id":"https:\/\/dicodusport.fr\/blog\/deces-de-bruno-martini-ancien-gardien-de-lequipe-de-france-et-dauxerre\/#primaryimage"},"image":{"@id":"https:\/\/dicodusport.fr\/blog\/deces-de-bruno-martini-ancien-gardien-de-lequipe-de-france-et-dauxerre\/#primaryimage"},"thumbnailUrl":"https:\/\/dicodusport.fr\/blog\/wp-content\/uploads\/2020\/10\/D\u00e9c\u00e8s-de-Bruno-Martini-ancien-gardien-de-l\u00e9quipe-de-France-et-dAuxerre.png","datePublished":"2020-10-20T08:16:53+00:00","dateModified":"2023-05-20T08:12:31+00:00","description":"CARNET NOIR - Hospitalis\u00e9 depuis plusieurs jours apr\u00e8s une crise cardiaque, Bruno Martini est d\u00e9c\u00e9d\u00e9 la nuit derni\u00e8re \u00e0 58 ans.\u00a0","breadcrumb":{"@id":"https:\/\/dicodusport.fr\/blog\/deces-de-bruno-martini-ancien-gardien-de-lequipe-de-france-et-dauxerre\/#breadcrumb"},"inLanguage":"fr-FR","potentialAction":[{"@type":"ReadAction","target":["https:\/\/dicodusport.fr\/blog\/deces-de-bruno-martini-ancien-gardien-de-lequipe-de-france-et-dauxerre\/"]}]},{"@type":"ImageObject","inLanguage":"fr-FR","@id":"https:\/\/dicodusport.fr\/blog\/deces-de-bruno-martini-ancien-gardien-de-lequipe-de-france-et-dauxerre\/#primaryimage","url":"https:\/\/dicodusport.fr\/blog\/wp-content\/uploads\/2020\/10\/D\u00e9c\u00e8s-de-Bruno-Martini-ancien-gardien-de-l\u00e9quipe-de-France-et-dAuxerre.png","contentUrl":"https:\/\/dicodusport.fr\/blog\/wp-content\/uploads\/2020\/10\/D\u00e9c\u00e8s-de-Bruno-Martini-ancien-gardien-de-l\u00e9quipe-de-France-et-dAuxerre.png","width":800,"height":445,"caption":"D\u00e9c\u00e8s de Bruno Martini, ancien gardien de l'\u00e9quipe de France et d'Auxerre"},{"@type":"BreadcrumbList","@id":"https:\/\/dicodusport.fr\/blog\/deces-de-bruno-martini-ancien-gardien-de-lequipe-de-france-et-dauxerre\/#breadcrumb","itemListElement":[{"@type":"ListItem","position":1,"name":"Accueil","item":"https:\/\/dicodusport.fr\/blog\/"},{"@type":"ListItem","position":2,"name":"D\u00e9c\u00e8s de Bruno Martini, ancien gardien de l&rsquo;\u00e9quipe de France et d&rsquo;Auxerre"}]},{"@type":"WebSite","@id":"https:\/\/dicodusport.fr\/blog\/#website","url":"https:\/\/dicodusport.fr\/blog\/","name":"Dicodusport","description":"L&#039;encyclop\u00e9die de l&#039;actualit\u00e9 sportive","publisher":{"@id":"https:\/\/dicodusport.fr\/blog\/#organization"},"potentialAction":[{"@type":"SearchAction","target":{"@type":"EntryPoint","urlTemplate":"https:\/\/dicodusport.fr\/blog\/?s={search_term_string}"},"query-input":{"@type":"PropertyValueSpecification","valueRequired":true,"valueName":"search_term_string"}}],"inLanguage":"fr-FR"},{"@type":"NewsMediaOrganization","@id":"https:\/\/dicodusport.fr\/blog\/#organization","name":"Dicodusport","url":"https:\/\/dicodusport.fr\/blog\/","logo":{"@type":"ImageObject","inLanguage":"fr-FR","@id":"https:\/\/dicodusport.fr\/blog\/#\/schema\/logo\/image\/","url":"https:\/\/dicodusport.fr\/blog\/wp-content\/uploads\/2020\/06\/cropped-LOGO-DICODUSPORT-2020-SANS-FOND-SANS-TEXTE.png","contentUrl":"https:\/\/dicodusport.fr\/blog\/wp-content\/uploads\/2020\/06\/cropped-LOGO-DICODUSPORT-2020-SANS-FOND-SANS-TEXTE.png","width":512,"height":512,"caption":"Dicodusport"},"image":{"@id":"https:\/\/dicodusport.fr\/blog\/#\/schema\/logo\/image\/"},"sameAs":["https:\/\/www.facebook.com\/dicodusport","https:\/\/x.com\/dicodusport","https:\/\/www.instagram.com\/dicodusport\/","https:\/\/www.youtube.com\/channel\/UC7V2KZ5sd3htJivAbA4ZG3w"],"description":"Dicodusport est l'encyclop\u00e9die de l'actualit\u00e9 sportive.","email":"bonjour@dicodusport.fr","legalName":"DICODUSPORT","foundingDate":"2018-01-14","vatID":"FR71834470973","taxID":"83447097300043","numberOfEmployees":{"@type":"QuantitativeValue","minValue":"1","maxValue":"10"}},{"@type":"Person","@id":"https:\/\/dicodusport.fr\/blog\/#\/schema\/person\/55dcb50ad410894e431ed812bbb70191","name":"Nicolas Jacquemard","image":{"@type":"ImageObject","inLanguage":"fr-FR","@id":"https:\/\/dicodusport.fr\/blog\/#\/schema\/person\/image\/","url":"https:\/\/dicodusport.fr\/blog\/wp-content\/uploads\/2021\/05\/Nicolas-Jacquemard-150x150.jpeg","contentUrl":"https:\/\/dicodusport.fr\/blog\/wp-content\/uploads\/2021\/05\/Nicolas-Jacquemard-150x150.jpeg","caption":"Nicolas Jacquemard"},"description":"Passionn\u00e9 de sport et entrepreneur depuis mes 18 ans, la cr\u00e9ation de Dicodusport m'a sembl\u00e9 \u00e9vidente pour participer \u00e0 la m\u00e9diatisation d'un plus grand nombre de sports. Le chemin est long mais avec une \u00e9quipe des plus motiv\u00e9es et les Jeux Olympiques de Paris 2024 en point de mire, nous y arriverons ! Journaliste dans le monde du sport depuis plus de 5 ans, je traite aussi bien de football, de rugby, de biathlon que de cyclisme.","sameAs":["https:\/\/www.facebook.com\/dicodusport","https:\/\/x.com\/https:\/\/twitter.com\/Nico_Jacquemard"],"url":"https:\/\/dicodusport.fr\/blog\/author\/dicodusport\/"}]}},"_links":{"self":[{"href":"https:\/\/dicodusport.fr\/blog\/wp-json\/wp\/v2\/posts\/83595","targetHints":{"allow":["GET"]}}],"collection":[{"href":"https:\/\/dicodusport.fr\/blog\/wp-json\/wp\/v2\/posts"}],"about":[{"href":"https:\/\/dicodusport.fr\/blog\/wp-json\/wp\/v2\/types\/post"}],"author":[{"embeddable":true,"href":"https:\/\/dicodusport.fr\/blog\/wp-json\/wp\/v2\/users\/1"}],"replies":[{"embeddable":true,"href":"https:\/\/dicodusport.fr\/blog\/wp-json\/wp\/v2\/comments?post=83595"}],"version-history":[{"count":0,"href":"https:\/\/dicodusport.fr\/blog\/wp-json\/wp\/v2\/posts\/83595\/revisions"}],"wp:featuredmedia":[{"embeddable":true,"href":"https:\/\/dicodusport.fr\/blog\/wp-json\/wp\/v2\/media\/83603"}],"wp:attachment":[{"href":"https:\/\/dicodusport.fr\/blog\/wp-json\/wp\/v2\/media?parent=83595"}],"wp:term":[{"taxonomy":"category","embeddable":true,"href":"https:\/\/dicodusport.fr\/blog\/wp-json\/wp\/v2\/categories?post=83595"},{"taxonomy":"post_tag","embeddable":true,"href":"https:\/\/dicodusport.fr\/blog\/wp-json\/wp\/v2\/tags?post=83595"}],"curies":[{"name":"wp","href":"https:\/\/api.w.org\/{rel}","templated":true}]}}