{"id":83625,"date":"2020-10-20T13:00:51","date_gmt":"2020-10-20T11:00:51","guid":{"rendered":"https:\/\/dicodusport.fr\/blog\/?p=83625"},"modified":"2025-09-16T09:05:04","modified_gmt":"2025-09-16T07:05:04","slug":"ligue-des-champions-premiere-historique-pour-le-stade-rennais","status":"publish","type":"post","link":"https:\/\/dicodusport.fr\/blog\/ligue-des-champions-premiere-historique-pour-le-stade-rennais\/","title":{"rendered":"Ligue des Champions : Premi\u00e8re historique pour le Stade Rennais"},"content":{"rendered":"<p style=\"text-align: justify;\"><em><strong>LIGUE DES CHAMPIONS &#8211; Ce soir \u00e0 21h, le Roazhon Park de Rennes va vibrer pour la premi\u00e8re fois de son histoire sur l\u2019hymne de la Ligue des Champions. Un moment exceptionnel qui attend les Bretons face aux Russes de Krasnodar dans le groupe E. Et ce devant 5000 personnes.<\/strong><\/em><\/p>\n<h2 style=\"text-align: justify;\">Rennes dans une autre dimension<\/h2>\n<p style=\"text-align: justify;\">Le mardi 20 octobre 2020 restera grav\u00e9 dans l\u2019histoire du <b>Stade Rennais<\/b>. <b>Rennes<\/b> en <b>Ligue des Champions<\/b>, c\u2019\u00e9tait encore un doux r\u00eave il y a quelques ann\u00e9es en Bretagne. Aujourd\u2019hui, ce r\u00eave devient r\u00e9alit\u00e9 avec la r\u00e9ception du <b>FK Krasnodar<\/b> pour la premi\u00e8re journ\u00e9e de la <b>Ligue des Champions<\/b> version 2020\/2021. L\u2019excitation se fait ressentir dans la capitale bretonne qui \u00e9tait cantonn\u00e9e depuis des ann\u00e9es \u00e0 la Ligue Europa.<\/p>\n<p style=\"text-align: justify;\">Pourtant novice sur la plus prestigieuse des coupes europ\u00e9ennes, <b>Julien St\u00e9phan<\/b>, l\u2019entraineur rennais, prend du recul : <em>\u00ab\u00a0Il faut oublier le contexte et le fait que ce soit une premi\u00e8re dans l\u2019histoire du club pour ne penser qu\u2019au jeu, il n\u2019y a que \u00e7a qui doit nous obnubiler \u00bb<\/em>. Ce sera aussi l\u2019occasion pour le <strong>Stade Rennais<\/strong> de se montrer sur la plus grande sc\u00e8ne europ\u00e9enne et de gagner de la cr\u00e9dibilit\u00e9 aux yeux de tous. Un coup de boost sportif, mais aussi financier.<\/p>\n<blockquote class=\"twitter-tweet\">\n<p dir=\"ltr\" lang=\"fr\">Supporters du Stade Rennais, vous l\u2019entendez d\u00e9j\u00e0 cette petite musique dans ce Roazhon Park en tenue de gala ? &#x1f440;&#x1f442;&#x1f534;&#x26ab;&#xfe0f; <a href=\"https:\/\/t.co\/ZxJCeLoiPg\">pic.twitter.com\/ZxJCeLoiPg<\/a><\/p>\n<p>\u2014 Benjamin Idrac (@bidrac15) <a href=\"https:\/\/twitter.com\/bidrac15\/status\/1318149117277851649?ref_src=twsrc%5Etfw\">October 19, 2020<\/a><\/p><\/blockquote>\n<p><script async src=\"https:\/\/platform.twitter.com\/widgets.js\" charset=\"utf-8\"><\/script><\/p>\n<h2 style=\"text-align: justify;\">L\u2019occasion r\u00eav\u00e9e pour Rennes de grandir<\/h2>\n<p style=\"text-align: justify;\">Sur la pente ascendante en <strong>Ligue 1 Uber Eats<\/strong>, le <strong>Stade Rennais<\/strong> a pour ambition de se stabiliser au plus haut niveau europ\u00e9en. Avec cette premi\u00e8re qualification en <strong>Ligue des Champions<\/strong>, c\u2019est une partie du travail sur le long terme qui est r\u00e9alis\u00e9e par les hommes du <strong>Julien St\u00e9phan<\/strong>. La manne financi\u00e8re apport\u00e9e par la \u00ab\u00a0Coupe aux grandes oreilles\u00a0\u00bb va permettre au <strong>Stade Rennais<\/strong> de continuer \u00e0 d\u00e9velopper son effectif. Avec d\u00e9j\u00e0 une strat\u00e9gie audacieuse sur ce mercato (Terrier, Guirassy, Doku, Dalbert, Rugani entre autres), le club breton par la <strong>Ligue des Champions<\/strong> va chercher \u00e0 consolider ce d\u00e9veloppement ambitieux. L\u2019occasion aussi de montrer \u00e0 l\u2019Europe enti\u00e8re ses joyaux, comme <strong>Camavinga<\/strong>, qui va \u00eatre au centre de tous les regards \u00e0 chaque soir\u00e9e europ\u00e9enne. On souhaite maintenant au <strong>Stade Rennais<\/strong> une belle campagne europ\u00e9enne, et pourquoi pas un destin \u00e0 l\u2019Atalanta Bergame.<\/p>\n<p style=\"text-align: justify;\"><strong>Composition probable du Stade Rennais<\/strong>\u00a0: Gomis &#8211; Traor\u00e9, Da Silva, Aguerd, Dalbert &#8211; Bourigeaud, Nzonzi, Camavinga &#8211; Del Castillo, Guirasssy, Terrier.<\/p>\n<ul>\n<li style=\"text-align: justify;\"><strong>\u00c0 lire aussi &#8211; <a href=\"https:\/\/dicodusport.fr\/blog\/football-ligue-des-champions-pronostic-rennes-fk-krasnodar\/\" target=\"_blank\" rel=\"noopener noreferrer\">Ligue des Champions : notre pronostic pour Rennes \u2013 FK Krasnodar<\/a><\/strong><\/li>\n<\/ul>\n<p><em><strong>Romain Delanis<br \/>\n<\/strong><\/em><em><strong><a href=\"https:\/\/twitter.com\/RDelanis\" target=\"_blank\" rel=\"noopener noreferrer\"><img loading=\"lazy\" decoding=\"async\" class=\"alignnone wp-image-2908\" src=\"http:\/\/dicodusport.fr\/blog\/wp-content\/uploads\/2017\/07\/logo-twitter-150x150.png\" alt=\"\" width=\"39\" height=\"39\" \/><\/a><\/strong><\/em><\/p>\n","protected":false},"excerpt":{"rendered":"<p>LIGUE DES CHAMPIONS &#8211; Ce soir \u00e0 21h, le Roazhon Park de Rennes va vibrer pour la premi\u00e8re fois de son histoire sur l\u2019hymne de la Ligue des Champions. Un moment exceptionnel qui attend les Bretons face aux Russes de Krasnodar dans le groupe E, devant 5000 personnes.<\/p>\n","protected":false},"author":14,"featured_media":83635,"comment_status":"open","ping_status":"closed","sticky":false,"template":"","format":"standard","meta":{"_acf_changed":false,"_daextam_enable_autolinks":"","footnotes":""},"categories":[47250],"tags":[75,419,1840,6890,1865],"class_list":["post-83625","post","type-post","status-publish","format-standard","has-post-thumbnail","hentry","category-ligue-des-champions-de-football","tag-football","tag-ligue-des-champions","tag-rennes","tag-roazhon-park","tag-stade-rennais"],"acf":[],"yoast_head":"<!-- This site is optimized with the Yoast SEO Premium plugin v26.7 (Yoast SEO v26.7) - https:\/\/yoast.com\/wordpress\/plugins\/seo\/ -->\n<title>Ligue des Champions : Premi\u00e8re historique pour le Stade Rennais<\/title>\n<meta name=\"description\" content=\"LIGUE DES CHAMPIONS - Ce soir \u00e0 21h, le Roazhon Park de Rennes va vibrer pour la premi\u00e8re fois de son histoire sur l\u2019hymne de la Ligue des Champions.\" \/>\n<meta name=\"robots\" content=\"index, follow, max-snippet:-1, max-image-preview:large, max-video-preview:-1\" \/>\n<link rel=\"canonical\" href=\"https:\/\/dicodusport.fr\/blog\/ligue-des-champions-premiere-historique-pour-le-stade-rennais\/\" \/>\n<meta property=\"og:locale\" content=\"fr_FR\" \/>\n<meta property=\"og:type\" content=\"article\" \/>\n<meta property=\"og:title\" content=\"Ligue des Champions : Premi\u00e8re historique pour le Stade Rennais\" \/>\n<meta property=\"og:description\" content=\"LIGUE DES CHAMPIONS - Ce soir \u00e0 21h, le Roazhon Park de Rennes va vibrer pour la premi\u00e8re fois de son histoire sur l\u2019hymne de la Ligue des Champions.\" \/>\n<meta property=\"og:url\" content=\"https:\/\/dicodusport.fr\/blog\/ligue-des-champions-premiere-historique-pour-le-stade-rennais\/\" \/>\n<meta property=\"og:site_name\" content=\"Dicodusport\" \/>\n<meta property=\"article:publisher\" content=\"https:\/\/www.facebook.com\/dicodusport\" \/>\n<meta property=\"article:published_time\" content=\"2020-10-20T11:00:51+00:00\" \/>\n<meta property=\"article:modified_time\" content=\"2025-09-16T07:05:04+00:00\" \/>\n<meta property=\"og:image\" content=\"https:\/\/dicodusport.fr\/blog\/wp-content\/uploads\/2020\/10\/Ligue-des-Champions-Premi\u00e8re-historique-pour-le-Stade-Rennais.png\" \/>\n\t<meta property=\"og:image:width\" content=\"800\" \/>\n\t<meta property=\"og:image:height\" content=\"445\" \/>\n\t<meta property=\"og:image:type\" content=\"image\/png\" \/>\n<meta name=\"author\" content=\"Romain Delanis\" \/>\n<meta name=\"twitter:card\" content=\"summary_large_image\" \/>\n<meta name=\"twitter:title\" content=\"Ligue des Champions : Premi\u00e8re historique pour le Stade Rennais\" \/>\n<meta name=\"twitter:creator\" content=\"@https:\/\/twitter.com\/RDelanis\" \/>\n<meta name=\"twitter:site\" content=\"@dicodusport\" \/>\n<script type=\"application\/ld+json\" class=\"yoast-schema-graph\">{\"@context\":\"https:\/\/schema.org\",\"@graph\":[{\"@type\":\"NewsArticle\",\"@id\":\"https:\/\/dicodusport.fr\/blog\/ligue-des-champions-premiere-historique-pour-le-stade-rennais\/#article\",\"isPartOf\":{\"@id\":\"https:\/\/dicodusport.fr\/blog\/ligue-des-champions-premiere-historique-pour-le-stade-rennais\/\"},\"author\":{\"name\":\"Romain Delanis\",\"@id\":\"https:\/\/dicodusport.fr\/blog\/#\/schema\/person\/8c78730a59f8a1e617f7a19026ebc14a\"},\"headline\":\"Ligue des Champions : Premi\u00e8re historique pour le Stade Rennais\",\"datePublished\":\"2020-10-20T11:00:51+00:00\",\"dateModified\":\"2025-09-16T07:05:04+00:00\",\"mainEntityOfPage\":{\"@id\":\"https:\/\/dicodusport.fr\/blog\/ligue-des-champions-premiere-historique-pour-le-stade-rennais\/\"},\"wordCount\":473,\"commentCount\":0,\"publisher\":{\"@id\":\"https:\/\/dicodusport.fr\/blog\/#organization\"},\"image\":{\"@id\":\"https:\/\/dicodusport.fr\/blog\/ligue-des-champions-premiere-historique-pour-le-stade-rennais\/#primaryimage\"},\"thumbnailUrl\":\"https:\/\/dicodusport.fr\/blog\/wp-content\/uploads\/2020\/10\/Ligue-des-Champions-Premi\u00e8re-historique-pour-le-Stade-Rennais.png\",\"keywords\":[\"Football\",\"Ligue des champions\",\"Rennes\",\"Roazhon Park\",\"Stade rennais\"],\"articleSection\":[\"Ligue des Champions de football\"],\"inLanguage\":\"fr-FR\",\"potentialAction\":[{\"@type\":\"CommentAction\",\"name\":\"Comment\",\"target\":[\"https:\/\/dicodusport.fr\/blog\/ligue-des-champions-premiere-historique-pour-le-stade-rennais\/#respond\"]}],\"copyrightYear\":\"2020\",\"copyrightHolder\":{\"@id\":\"https:\/\/dicodusport.fr\/blog\/#organization\"}},{\"@type\":\"WebPage\",\"@id\":\"https:\/\/dicodusport.fr\/blog\/ligue-des-champions-premiere-historique-pour-le-stade-rennais\/\",\"url\":\"https:\/\/dicodusport.fr\/blog\/ligue-des-champions-premiere-historique-pour-le-stade-rennais\/\",\"name\":\"Ligue des Champions : Premi\u00e8re historique pour le Stade Rennais\",\"isPartOf\":{\"@id\":\"https:\/\/dicodusport.fr\/blog\/#website\"},\"primaryImageOfPage\":{\"@id\":\"https:\/\/dicodusport.fr\/blog\/ligue-des-champions-premiere-historique-pour-le-stade-rennais\/#primaryimage\"},\"image\":{\"@id\":\"https:\/\/dicodusport.fr\/blog\/ligue-des-champions-premiere-historique-pour-le-stade-rennais\/#primaryimage\"},\"thumbnailUrl\":\"https:\/\/dicodusport.fr\/blog\/wp-content\/uploads\/2020\/10\/Ligue-des-Champions-Premi\u00e8re-historique-pour-le-Stade-Rennais.png\",\"datePublished\":\"2020-10-20T11:00:51+00:00\",\"dateModified\":\"2025-09-16T07:05:04+00:00\",\"description\":\"LIGUE DES CHAMPIONS - Ce soir \u00e0 21h, le Roazhon Park de Rennes va vibrer pour la premi\u00e8re fois de son histoire sur l\u2019hymne de la Ligue des Champions.\",\"breadcrumb\":{\"@id\":\"https:\/\/dicodusport.fr\/blog\/ligue-des-champions-premiere-historique-pour-le-stade-rennais\/#breadcrumb\"},\"inLanguage\":\"fr-FR\",\"potentialAction\":[{\"@type\":\"ReadAction\",\"target\":[\"https:\/\/dicodusport.fr\/blog\/ligue-des-champions-premiere-historique-pour-le-stade-rennais\/\"]}]},{\"@type\":\"ImageObject\",\"inLanguage\":\"fr-FR\",\"@id\":\"https:\/\/dicodusport.fr\/blog\/ligue-des-champions-premiere-historique-pour-le-stade-rennais\/#primaryimage\",\"url\":\"https:\/\/dicodusport.fr\/blog\/wp-content\/uploads\/2020\/10\/Ligue-des-Champions-Premi\u00e8re-historique-pour-le-Stade-Rennais.png\",\"contentUrl\":\"https:\/\/dicodusport.fr\/blog\/wp-content\/uploads\/2020\/10\/Ligue-des-Champions-Premi\u00e8re-historique-pour-le-Stade-Rennais.png\",\"width\":800,\"height\":445,\"caption\":\"Ligue des Champions - Premi\u00e8re historique pour le Stade Rennais\"},{\"@type\":\"BreadcrumbList\",\"@id\":\"https:\/\/dicodusport.fr\/blog\/ligue-des-champions-premiere-historique-pour-le-stade-rennais\/#breadcrumb\",\"itemListElement\":[{\"@type\":\"ListItem\",\"position\":1,\"name\":\"Accueil\",\"item\":\"https:\/\/dicodusport.fr\/blog\/\"},{\"@type\":\"ListItem\",\"position\":2,\"name\":\"Ligue des Champions : Premi\u00e8re historique pour le Stade Rennais\"}]},{\"@type\":\"WebSite\",\"@id\":\"https:\/\/dicodusport.fr\/blog\/#website\",\"url\":\"https:\/\/dicodusport.fr\/blog\/\",\"name\":\"Dicodusport\",\"description\":\"L&#039;encyclop\u00e9die de l&#039;actualit\u00e9 sportive\",\"publisher\":{\"@id\":\"https:\/\/dicodusport.fr\/blog\/#organization\"},\"potentialAction\":[{\"@type\":\"SearchAction\",\"target\":{\"@type\":\"EntryPoint\",\"urlTemplate\":\"https:\/\/dicodusport.fr\/blog\/?s={search_term_string}\"},\"query-input\":{\"@type\":\"PropertyValueSpecification\",\"valueRequired\":true,\"valueName\":\"search_term_string\"}}],\"inLanguage\":\"fr-FR\"},{\"@type\":\"NewsMediaOrganization\",\"@id\":\"https:\/\/dicodusport.fr\/blog\/#organization\",\"name\":\"Dicodusport\",\"url\":\"https:\/\/dicodusport.fr\/blog\/\",\"logo\":{\"@type\":\"ImageObject\",\"inLanguage\":\"fr-FR\",\"@id\":\"https:\/\/dicodusport.fr\/blog\/#\/schema\/logo\/image\/\",\"url\":\"https:\/\/dicodusport.fr\/blog\/wp-content\/uploads\/2020\/06\/cropped-LOGO-DICODUSPORT-2020-SANS-FOND-SANS-TEXTE.png\",\"contentUrl\":\"https:\/\/dicodusport.fr\/blog\/wp-content\/uploads\/2020\/06\/cropped-LOGO-DICODUSPORT-2020-SANS-FOND-SANS-TEXTE.png\",\"width\":512,\"height\":512,\"caption\":\"Dicodusport\"},\"image\":{\"@id\":\"https:\/\/dicodusport.fr\/blog\/#\/schema\/logo\/image\/\"},\"sameAs\":[\"https:\/\/www.facebook.com\/dicodusport\",\"https:\/\/x.com\/dicodusport\",\"https:\/\/www.instagram.com\/dicodusport\/\",\"https:\/\/www.youtube.com\/channel\/UC7V2KZ5sd3htJivAbA4ZG3w\"],\"description\":\"Dicodusport est l'encyclop\u00e9die de l'actualit\u00e9 sportive.\",\"email\":\"bonjour@dicodusport.fr\",\"legalName\":\"DICODUSPORT\",\"foundingDate\":\"2018-01-14\",\"vatID\":\"FR71834470973\",\"taxID\":\"83447097300043\",\"numberOfEmployees\":{\"@type\":\"QuantitativeValue\",\"minValue\":\"1\",\"maxValue\":\"10\"}},{\"@type\":\"Person\",\"@id\":\"https:\/\/dicodusport.fr\/blog\/#\/schema\/person\/8c78730a59f8a1e617f7a19026ebc14a\",\"name\":\"Romain Delanis\",\"image\":{\"@type\":\"ImageObject\",\"inLanguage\":\"fr-FR\",\"@id\":\"https:\/\/dicodusport.fr\/blog\/#\/schema\/person\/image\/\",\"url\":\"https:\/\/dicodusport.fr\/blog\/wp-content\/uploads\/2021\/05\/Romain-Delanis-150x150.jpg\",\"contentUrl\":\"https:\/\/dicodusport.fr\/blog\/wp-content\/uploads\/2021\/05\/Romain-Delanis-150x150.jpg\",\"caption\":\"Romain Delanis\"},\"description\":\"Journaliste\/R\u00e9dacteur depuis novembre 2015 - Capable de passer un samedi apr\u00e8s-midi devant la Ligue 2 puis le biathlon sans oublier la finale de l\u2019ATP Rotterdam, j\u2019aime aussi mettre mon r\u00e9veil pour me faire un Pistons\/Bulls qui rappelle de bons souvenirs. Tout cela, j\u2019ai choisi il y a maintenant quelques temps de vous le raconter avec Dicodusport, pour vous faire vivre ma passion parfois inconsid\u00e9r\u00e9e pour le sport en g\u00e9n\u00e9ral (mais surtout le foot faut se l\u2019avouer).\",\"sameAs\":[\"https:\/\/x.com\/https:\/\/twitter.com\/RDelanis\"],\"url\":\"https:\/\/dicodusport.fr\/blog\/author\/romain\/\"}]}<\/script>\n<!-- \/ Yoast SEO Premium plugin. -->","yoast_head_json":{"title":"Ligue des Champions : Premi\u00e8re historique pour le Stade Rennais","description":"LIGUE DES CHAMPIONS - Ce soir \u00e0 21h, le Roazhon Park de Rennes va vibrer pour la premi\u00e8re fois de son histoire sur l\u2019hymne de la Ligue des Champions.","robots":{"index":"index","follow":"follow","max-snippet":"max-snippet:-1","max-image-preview":"max-image-preview:large","max-video-preview":"max-video-preview:-1"},"canonical":"https:\/\/dicodusport.fr\/blog\/ligue-des-champions-premiere-historique-pour-le-stade-rennais\/","og_locale":"fr_FR","og_type":"article","og_title":"Ligue des Champions : Premi\u00e8re historique pour le Stade Rennais","og_description":"LIGUE DES CHAMPIONS - Ce soir \u00e0 21h, le Roazhon Park de Rennes va vibrer pour la premi\u00e8re fois de son histoire sur l\u2019hymne de la Ligue des Champions.","og_url":"https:\/\/dicodusport.fr\/blog\/ligue-des-champions-premiere-historique-pour-le-stade-rennais\/","og_site_name":"Dicodusport","article_publisher":"https:\/\/www.facebook.com\/dicodusport","article_published_time":"2020-10-20T11:00:51+00:00","article_modified_time":"2025-09-16T07:05:04+00:00","og_image":[{"width":800,"height":445,"url":"https:\/\/dicodusport.fr\/blog\/wp-content\/uploads\/2020\/10\/Ligue-des-Champions-Premi\u00e8re-historique-pour-le-Stade-Rennais.png","type":"image\/png"}],"author":"Romain Delanis","twitter_card":"summary_large_image","twitter_title":"Ligue des Champions : Premi\u00e8re historique pour le Stade Rennais","twitter_creator":"@https:\/\/twitter.com\/RDelanis","twitter_site":"@dicodusport","schema":{"@context":"https:\/\/schema.org","@graph":[{"@type":"NewsArticle","@id":"https:\/\/dicodusport.fr\/blog\/ligue-des-champions-premiere-historique-pour-le-stade-rennais\/#article","isPartOf":{"@id":"https:\/\/dicodusport.fr\/blog\/ligue-des-champions-premiere-historique-pour-le-stade-rennais\/"},"author":{"name":"Romain Delanis","@id":"https:\/\/dicodusport.fr\/blog\/#\/schema\/person\/8c78730a59f8a1e617f7a19026ebc14a"},"headline":"Ligue des Champions : Premi\u00e8re historique pour le Stade Rennais","datePublished":"2020-10-20T11:00:51+00:00","dateModified":"2025-09-16T07:05:04+00:00","mainEntityOfPage":{"@id":"https:\/\/dicodusport.fr\/blog\/ligue-des-champions-premiere-historique-pour-le-stade-rennais\/"},"wordCount":473,"commentCount":0,"publisher":{"@id":"https:\/\/dicodusport.fr\/blog\/#organization"},"image":{"@id":"https:\/\/dicodusport.fr\/blog\/ligue-des-champions-premiere-historique-pour-le-stade-rennais\/#primaryimage"},"thumbnailUrl":"https:\/\/dicodusport.fr\/blog\/wp-content\/uploads\/2020\/10\/Ligue-des-Champions-Premi\u00e8re-historique-pour-le-Stade-Rennais.png","keywords":["Football","Ligue des champions","Rennes","Roazhon Park","Stade rennais"],"articleSection":["Ligue des Champions de football"],"inLanguage":"fr-FR","potentialAction":[{"@type":"CommentAction","name":"Comment","target":["https:\/\/dicodusport.fr\/blog\/ligue-des-champions-premiere-historique-pour-le-stade-rennais\/#respond"]}],"copyrightYear":"2020","copyrightHolder":{"@id":"https:\/\/dicodusport.fr\/blog\/#organization"}},{"@type":"WebPage","@id":"https:\/\/dicodusport.fr\/blog\/ligue-des-champions-premiere-historique-pour-le-stade-rennais\/","url":"https:\/\/dicodusport.fr\/blog\/ligue-des-champions-premiere-historique-pour-le-stade-rennais\/","name":"Ligue des Champions : Premi\u00e8re historique pour le Stade Rennais","isPartOf":{"@id":"https:\/\/dicodusport.fr\/blog\/#website"},"primaryImageOfPage":{"@id":"https:\/\/dicodusport.fr\/blog\/ligue-des-champions-premiere-historique-pour-le-stade-rennais\/#primaryimage"},"image":{"@id":"https:\/\/dicodusport.fr\/blog\/ligue-des-champions-premiere-historique-pour-le-stade-rennais\/#primaryimage"},"thumbnailUrl":"https:\/\/dicodusport.fr\/blog\/wp-content\/uploads\/2020\/10\/Ligue-des-Champions-Premi\u00e8re-historique-pour-le-Stade-Rennais.png","datePublished":"2020-10-20T11:00:51+00:00","dateModified":"2025-09-16T07:05:04+00:00","description":"LIGUE DES CHAMPIONS - Ce soir \u00e0 21h, le Roazhon Park de Rennes va vibrer pour la premi\u00e8re fois de son histoire sur l\u2019hymne de la Ligue des Champions.","breadcrumb":{"@id":"https:\/\/dicodusport.fr\/blog\/ligue-des-champions-premiere-historique-pour-le-stade-rennais\/#breadcrumb"},"inLanguage":"fr-FR","potentialAction":[{"@type":"ReadAction","target":["https:\/\/dicodusport.fr\/blog\/ligue-des-champions-premiere-historique-pour-le-stade-rennais\/"]}]},{"@type":"ImageObject","inLanguage":"fr-FR","@id":"https:\/\/dicodusport.fr\/blog\/ligue-des-champions-premiere-historique-pour-le-stade-rennais\/#primaryimage","url":"https:\/\/dicodusport.fr\/blog\/wp-content\/uploads\/2020\/10\/Ligue-des-Champions-Premi\u00e8re-historique-pour-le-Stade-Rennais.png","contentUrl":"https:\/\/dicodusport.fr\/blog\/wp-content\/uploads\/2020\/10\/Ligue-des-Champions-Premi\u00e8re-historique-pour-le-Stade-Rennais.png","width":800,"height":445,"caption":"Ligue des Champions - Premi\u00e8re historique pour le Stade Rennais"},{"@type":"BreadcrumbList","@id":"https:\/\/dicodusport.fr\/blog\/ligue-des-champions-premiere-historique-pour-le-stade-rennais\/#breadcrumb","itemListElement":[{"@type":"ListItem","position":1,"name":"Accueil","item":"https:\/\/dicodusport.fr\/blog\/"},{"@type":"ListItem","position":2,"name":"Ligue des Champions : Premi\u00e8re historique pour le Stade Rennais"}]},{"@type":"WebSite","@id":"https:\/\/dicodusport.fr\/blog\/#website","url":"https:\/\/dicodusport.fr\/blog\/","name":"Dicodusport","description":"L&#039;encyclop\u00e9die de l&#039;actualit\u00e9 sportive","publisher":{"@id":"https:\/\/dicodusport.fr\/blog\/#organization"},"potentialAction":[{"@type":"SearchAction","target":{"@type":"EntryPoint","urlTemplate":"https:\/\/dicodusport.fr\/blog\/?s={search_term_string}"},"query-input":{"@type":"PropertyValueSpecification","valueRequired":true,"valueName":"search_term_string"}}],"inLanguage":"fr-FR"},{"@type":"NewsMediaOrganization","@id":"https:\/\/dicodusport.fr\/blog\/#organization","name":"Dicodusport","url":"https:\/\/dicodusport.fr\/blog\/","logo":{"@type":"ImageObject","inLanguage":"fr-FR","@id":"https:\/\/dicodusport.fr\/blog\/#\/schema\/logo\/image\/","url":"https:\/\/dicodusport.fr\/blog\/wp-content\/uploads\/2020\/06\/cropped-LOGO-DICODUSPORT-2020-SANS-FOND-SANS-TEXTE.png","contentUrl":"https:\/\/dicodusport.fr\/blog\/wp-content\/uploads\/2020\/06\/cropped-LOGO-DICODUSPORT-2020-SANS-FOND-SANS-TEXTE.png","width":512,"height":512,"caption":"Dicodusport"},"image":{"@id":"https:\/\/dicodusport.fr\/blog\/#\/schema\/logo\/image\/"},"sameAs":["https:\/\/www.facebook.com\/dicodusport","https:\/\/x.com\/dicodusport","https:\/\/www.instagram.com\/dicodusport\/","https:\/\/www.youtube.com\/channel\/UC7V2KZ5sd3htJivAbA4ZG3w"],"description":"Dicodusport est l'encyclop\u00e9die de l'actualit\u00e9 sportive.","email":"bonjour@dicodusport.fr","legalName":"DICODUSPORT","foundingDate":"2018-01-14","vatID":"FR71834470973","taxID":"83447097300043","numberOfEmployees":{"@type":"QuantitativeValue","minValue":"1","maxValue":"10"}},{"@type":"Person","@id":"https:\/\/dicodusport.fr\/blog\/#\/schema\/person\/8c78730a59f8a1e617f7a19026ebc14a","name":"Romain Delanis","image":{"@type":"ImageObject","inLanguage":"fr-FR","@id":"https:\/\/dicodusport.fr\/blog\/#\/schema\/person\/image\/","url":"https:\/\/dicodusport.fr\/blog\/wp-content\/uploads\/2021\/05\/Romain-Delanis-150x150.jpg","contentUrl":"https:\/\/dicodusport.fr\/blog\/wp-content\/uploads\/2021\/05\/Romain-Delanis-150x150.jpg","caption":"Romain Delanis"},"description":"Journaliste\/R\u00e9dacteur depuis novembre 2015 - Capable de passer un samedi apr\u00e8s-midi devant la Ligue 2 puis le biathlon sans oublier la finale de l\u2019ATP Rotterdam, j\u2019aime aussi mettre mon r\u00e9veil pour me faire un Pistons\/Bulls qui rappelle de bons souvenirs. Tout cela, j\u2019ai choisi il y a maintenant quelques temps de vous le raconter avec Dicodusport, pour vous faire vivre ma passion parfois inconsid\u00e9r\u00e9e pour le sport en g\u00e9n\u00e9ral (mais surtout le foot faut se l\u2019avouer).","sameAs":["https:\/\/x.com\/https:\/\/twitter.com\/RDelanis"],"url":"https:\/\/dicodusport.fr\/blog\/author\/romain\/"}]}},"_links":{"self":[{"href":"https:\/\/dicodusport.fr\/blog\/wp-json\/wp\/v2\/posts\/83625","targetHints":{"allow":["GET"]}}],"collection":[{"href":"https:\/\/dicodusport.fr\/blog\/wp-json\/wp\/v2\/posts"}],"about":[{"href":"https:\/\/dicodusport.fr\/blog\/wp-json\/wp\/v2\/types\/post"}],"author":[{"embeddable":true,"href":"https:\/\/dicodusport.fr\/blog\/wp-json\/wp\/v2\/users\/14"}],"replies":[{"embeddable":true,"href":"https:\/\/dicodusport.fr\/blog\/wp-json\/wp\/v2\/comments?post=83625"}],"version-history":[{"count":1,"href":"https:\/\/dicodusport.fr\/blog\/wp-json\/wp\/v2\/posts\/83625\/revisions"}],"predecessor-version":[{"id":611688,"href":"https:\/\/dicodusport.fr\/blog\/wp-json\/wp\/v2\/posts\/83625\/revisions\/611688"}],"wp:featuredmedia":[{"embeddable":true,"href":"https:\/\/dicodusport.fr\/blog\/wp-json\/wp\/v2\/media\/83635"}],"wp:attachment":[{"href":"https:\/\/dicodusport.fr\/blog\/wp-json\/wp\/v2\/media?parent=83625"}],"wp:term":[{"taxonomy":"category","embeddable":true,"href":"https:\/\/dicodusport.fr\/blog\/wp-json\/wp\/v2\/categories?post=83625"},{"taxonomy":"post_tag","embeddable":true,"href":"https:\/\/dicodusport.fr\/blog\/wp-json\/wp\/v2\/tags?post=83625"}],"curies":[{"name":"wp","href":"https:\/\/api.w.org\/{rel}","templated":true}]}}