{"id":83715,"date":"2020-10-20T17:48:02","date_gmt":"2020-10-20T15:48:02","guid":{"rendered":"https:\/\/dicodusport.fr\/blog\/?p=83715&#038;preview=true&#038;preview_id=83715"},"modified":"2020-10-20T21:06:19","modified_gmt":"2020-10-20T19:06:19","slug":"tour-d-espagne-2020-primoz-roglic-s-impose-en-patron-sur-la-1ere-etape","status":"publish","type":"post","link":"https:\/\/dicodusport.fr\/blog\/tour-d-espagne-2020-primoz-roglic-s-impose-en-patron-sur-la-1ere-etape\/","title":{"rendered":"Tour d&rsquo;Espagne 2020 : Primoz Roglic s&rsquo;impose en patron sur la 1\u00e8re \u00e9tape"},"content":{"rendered":"<p style=\"text-align: justify;\"><strong><em><a href=\"https:\/\/dicodusport.fr\/blog\/actualites\/cyclisme\/tour-d-espagne-2020\/\" target=\"_blank\" rel=\"noopener noreferrer\">TOUR D&rsquo;ESPAGNE 2020<\/a> &#8211; Primoz Roglic (Jumbo-Visma) a remport\u00e9 ce mardi la 1\u00e8re \u00e9tape de la Vuelta 2020, \u00e0 Eibar-Arrate. Le Slov\u00e8ne, vainqueur sortant, s&#8217;empare par cons\u00e9quent du maillot rouge de leader. Richard Carapaz (INEOS Grenadiers) prend la deuxi\u00e8me place.<\/em><\/strong><\/p>\n<p style=\"text-align: justify;\">Il avait quitt\u00e9 la Vuelta 2019 en rouge, vainqueur alors de son premier Grand Tour. Ce mardi, \u00e0 l&rsquo;occasion de la 1\u00e8re \u00e9tape de l&rsquo;\u00e9dition 2020, il a (d\u00e9j\u00e0) retrouv\u00e9 la tunique de leader. Battu, mais pas abattu apr\u00e8s sa d\u00e9ception du Tour de France, d\u00e9poss\u00e9d\u00e9 du maillot jaune la veille de l&rsquo;arriv\u00e9e sur les Champs-\u00c9lys\u00e9es, <strong>Primoz Roglic<\/strong> (Jumbo-Visma) s&rsquo;est donc impos\u00e9 \u00e0 Eibar, apr\u00e8s l&rsquo;ascension d&rsquo;Arrate. Sur une arriv\u00e9e bien connue du peloton sur le Tour du Pays Basque, le Slov\u00e8ne a parfaitement man\u0153uvr\u00e9 dans le final pour l&#8217;emporter. Avec, encore une fois, un travail \u00e9patant de la formation jaune et noire.<\/p>\n<p style=\"text-align: justify;\">Bien aid\u00e9 par son co\u00e9quipier <strong>Sepp Kuss<\/strong> dans la mont\u00e9e d&rsquo;Arrate, <strong>Roglic<\/strong> basculait au sommet de cette derni\u00e8re \u00e0 deux kilom\u00e8tres de l&rsquo;arriv\u00e9e, en compagnie de <strong>Richard Carapaz<\/strong> (INEOS Grenadiers), <strong>Dan Martin<\/strong> (Israel Start-Up Nation), <strong>Esteban Chaves<\/strong> (Mitchelton-Scott), <strong>Enric Mas<\/strong> (Movistar) et <strong>Felix Grossschartner<\/strong> (Bora-Hansgrohe). Le champion de Slov\u00e9nie attaquait sous la flamme rouge, pour ne plus \u00eatre rejoint sur une arriv\u00e9e en descente. Carapaz et Martin compl\u00e8tent le podium. Roglic, lui, d\u00e9croche une 8\u00e8me victoire cette saison, plus de 15 jours apr\u00e8s son succ\u00e8s sur Li\u00e8ge-Bastogne-Li\u00e8ge.<\/p>\n<blockquote class=\"twitter-tweet\">\n<p dir=\"ltr\" lang=\"fr\">&#x1f44f; &#x1f1f8;&#x1f1ee; VICTOIRE ET MAILLOT ROUGE POUR PRIMOZ ROGLIC !<\/p>\n<p>Le Slov\u00e8ne s&rsquo;offre la 1\u00e8re \u00e9tape de la Vuelta devant Carapaz et Martin <a href=\"https:\/\/twitter.com\/hashtag\/LaVuelta20?src=hash&amp;ref_src=twsrc%5Etfw\">#LaVuelta20<\/a> <a href=\"https:\/\/twitter.com\/hashtag\/LesRP?src=hash&amp;ref_src=twsrc%5Etfw\">#LesRP<\/a> <a href=\"https:\/\/t.co\/ySJtqOmn4c\">pic.twitter.com\/ySJtqOmn4c<\/a><\/p>\n<p>\u2014 Eurosport France (@Eurosport_FR) <a href=\"https:\/\/twitter.com\/Eurosport_FR\/status\/1318579444848693251?ref_src=twsrc%5Etfw\">October 20, 2020<\/a><\/p><\/blockquote>\n<p><script async src=\"https:\/\/platform.twitter.com\/widgets.js\" charset=\"utf-8\"><\/script><\/p>\n<h2 style=\"text-align: justify;\">D\u00e9j\u00e0 des d\u00e9g\u00e2ts chez les outsiders<\/h2>\n<p style=\"text-align: justify;\">Derri\u00e8re les costauds du jour, beaucoup ont d\u00e9j\u00e0 perdu gros. Onzi\u00e8me, <strong>Alejandro Valverde<\/strong> (Movistar) conc\u00e8de d\u00e9j\u00e0 51 secondes au Slov\u00e8ne, tout comme le co\u00e9quipier de ce dernier, <strong>Tom Dumoulin<\/strong>. 18\u00e8me et premier Fran\u00e7ais, <strong>Guillaume Martin<\/strong> (Cofidis) est 18\u00e8me \u00e0 1&rsquo;08. D\u00e9ception pour <strong>David Gaudu<\/strong> (Groupama-FDJ), qui a c\u00e9d\u00e9 dans Arrate, et qui termine \u00e0 2&rsquo;22. Autre immense perdant, <strong>Daniel Felipe Martinez<\/strong> (EF Pro Cycling) : ce dernier, victime d&rsquo;une chute \u00e0 80 km de l&rsquo;arriv\u00e9e, l\u00e2che 4&rsquo;29.<\/p>\n<p style=\"text-align: justify;\">De son c\u00f4t\u00e9, <strong>Thibaut Pinot<\/strong> (Groupama-FDJ) s&rsquo;est relev\u00e9, et confirme bien qu&rsquo;il ne jouera finalement pas le g\u00e9n\u00e9ral. Le Franc-Comtois termine 63\u00e8me, \u00e0 9&rsquo;56 des cadors du jour. Enfin, <strong>Chris Froome<\/strong> (INEOS Grenadiers) poursuit son chemin de croix en 2020 : le Britannique a franchi la ligne avec un d\u00e9bours de&#8230; 11&rsquo;12.<\/p>\n<ul>\n<li style=\"text-align: justify;\"><strong>\u00c0 lire aussi &#8211; <a href=\"https:\/\/dicodusport.fr\/blog\/tour-d-espagne-2020-classement-1ere-etape\/\" target=\"_blank\" rel=\"noopener noreferrer\">Tour d\u2019Espagne 2020 : le classement de la 1\u00e8re \u00e9tape<\/a><\/strong><\/li>\n<\/ul>\n<p><strong><em>Dicodusport<br \/>\n<a href=\"https:\/\/www.facebook.com\/dicodusport\/\" target=\"_blank\" rel=\"noopener noreferrer\"><img loading=\"lazy\" decoding=\"async\" class=\"alignnone wp-image-2909\" src=\"http:\/\/dicodusport.fr\/blog\/wp-content\/uploads\/2017\/07\/logo-facebook-150x150.png\" alt=\"\" width=\"40\" height=\"40\" \/><\/a><a href=\"https:\/\/twitter.com\/dicodusport\" target=\"_blank\" rel=\"noopener noreferrer\"><img loading=\"lazy\" decoding=\"async\" class=\"alignnone wp-image-2908\" src=\"http:\/\/dicodusport.fr\/blog\/wp-content\/uploads\/2017\/07\/logo-twitter-150x150.png\" alt=\"\" width=\"39\" height=\"39\" \/><\/a><\/em><\/strong><\/p>\n","protected":false},"excerpt":{"rendered":"<p>TOUR D&rsquo;ESPAGNE 2020 &#8211; Primoz Roglic (Jumbo-Visma) a remport\u00e9 ce mardi la 1\u00e8re \u00e9tape de la Vuelta 2020, \u00e0 Eibar-Arrate. Le Slov\u00e8ne, vainqueur sortant, s&#8217;empare par cons\u00e9quent du maillot rouge de leader.\u00a0<\/p>\n","protected":false},"author":4,"featured_media":83748,"comment_status":"open","ping_status":"closed","sticky":false,"template":"","format":"standard","meta":{"_acf_changed":false,"_daextam_enable_autolinks":"","footnotes":""},"categories":[47042],"tags":[24,1671],"class_list":["post-83715","post","type-post","status-publish","format-standard","has-post-thumbnail","hentry","category-tour-d-espagne","tag-sport","tag-tour-despagne"],"acf":[],"yoast_head":"<!-- This site is optimized with the Yoast SEO Premium plugin v26.7 (Yoast SEO v26.7) - https:\/\/yoast.com\/wordpress\/plugins\/seo\/ -->\n<title>Tour d&#039;Espagne 2020 : Primoz Roglic s&#039;impose en patron sur la 1\u00e8re \u00e9tape<\/title>\n<meta name=\"description\" content=\"TOUR D&#039;ESPAGNE 2020 - Primoz Roglic (Jumbo-Visma) a remport\u00e9 ce mardi la 1\u00e8re \u00e9tape de la Vuelta 2020, \u00e0 Eibar-Arrate.\" \/>\n<meta name=\"robots\" content=\"index, follow, max-snippet:-1, max-image-preview:large, max-video-preview:-1\" \/>\n<link rel=\"canonical\" href=\"https:\/\/dicodusport.fr\/blog\/tour-d-espagne-2020-primoz-roglic-s-impose-en-patron-sur-la-1ere-etape\/\" \/>\n<meta property=\"og:locale\" content=\"fr_FR\" \/>\n<meta property=\"og:type\" content=\"article\" \/>\n<meta property=\"og:title\" content=\"Tour d&#039;Espagne 2020 : Primoz Roglic s&#039;impose en patron sur la 1\u00e8re \u00e9tape\" \/>\n<meta property=\"og:description\" content=\"TOUR D&#039;ESPAGNE 2020 - Primoz Roglic (Jumbo-Visma) a remport\u00e9 ce mardi la 1\u00e8re \u00e9tape de la Vuelta 2020, \u00e0 Eibar-Arrate.\" \/>\n<meta property=\"og:url\" content=\"https:\/\/dicodusport.fr\/blog\/tour-d-espagne-2020-primoz-roglic-s-impose-en-patron-sur-la-1ere-etape\/\" \/>\n<meta property=\"og:site_name\" content=\"Dicodusport\" \/>\n<meta property=\"article:publisher\" content=\"https:\/\/www.facebook.com\/dicodusport\" \/>\n<meta property=\"article:author\" content=\"https:\/\/www.facebook.com\/florent.ostermann\" \/>\n<meta property=\"article:published_time\" content=\"2020-10-20T15:48:02+00:00\" \/>\n<meta property=\"article:modified_time\" content=\"2020-10-20T19:06:19+00:00\" \/>\n<meta property=\"og:image\" content=\"https:\/\/dicodusport.fr\/blog\/wp-content\/uploads\/2020\/10\/Tour-dEspagne-2020-Primoz-Roglic-simpose-en-patron-sur-la-1\u00e8re-\u00e9tape.png\" \/>\n\t<meta property=\"og:image:width\" content=\"800\" \/>\n\t<meta property=\"og:image:height\" content=\"445\" \/>\n\t<meta property=\"og:image:type\" content=\"image\/png\" \/>\n<meta name=\"author\" content=\"Flo Ostermann\" \/>\n<meta name=\"twitter:card\" content=\"summary_large_image\" \/>\n<meta name=\"twitter:title\" content=\"Tour d&#039;Espagne 2020 : Primoz Roglic s&#039;impose en patron sur la 1\u00e8re \u00e9tape\" \/>\n<meta name=\"twitter:creator\" content=\"@https:\/\/twitter.com\/FlOstermann\" \/>\n<meta name=\"twitter:site\" content=\"@dicodusport\" \/>\n<script type=\"application\/ld+json\" class=\"yoast-schema-graph\">{\"@context\":\"https:\/\/schema.org\",\"@graph\":[{\"@type\":\"NewsArticle\",\"@id\":\"https:\/\/dicodusport.fr\/blog\/tour-d-espagne-2020-primoz-roglic-s-impose-en-patron-sur-la-1ere-etape\/#article\",\"isPartOf\":{\"@id\":\"https:\/\/dicodusport.fr\/blog\/tour-d-espagne-2020-primoz-roglic-s-impose-en-patron-sur-la-1ere-etape\/\"},\"author\":{\"name\":\"Flo Ostermann\",\"@id\":\"https:\/\/dicodusport.fr\/blog\/#\/schema\/person\/cb02af4c173ce4a653b55e9baf388d4a\"},\"headline\":\"Tour d&rsquo;Espagne 2020 : Primoz Roglic s&rsquo;impose en patron sur la 1\u00e8re \u00e9tape\",\"datePublished\":\"2020-10-20T15:48:02+00:00\",\"dateModified\":\"2020-10-20T19:06:19+00:00\",\"mainEntityOfPage\":{\"@id\":\"https:\/\/dicodusport.fr\/blog\/tour-d-espagne-2020-primoz-roglic-s-impose-en-patron-sur-la-1ere-etape\/\"},\"wordCount\":473,\"commentCount\":0,\"publisher\":{\"@id\":\"https:\/\/dicodusport.fr\/blog\/#organization\"},\"image\":{\"@id\":\"https:\/\/dicodusport.fr\/blog\/tour-d-espagne-2020-primoz-roglic-s-impose-en-patron-sur-la-1ere-etape\/#primaryimage\"},\"thumbnailUrl\":\"https:\/\/dicodusport.fr\/blog\/wp-content\/uploads\/2020\/10\/Tour-dEspagne-2020-Primoz-Roglic-simpose-en-patron-sur-la-1\u00e8re-\u00e9tape.png\",\"keywords\":[\"sport\",\"Tour d'Espagne\"],\"articleSection\":[\"Tour d'Espagne\"],\"inLanguage\":\"fr-FR\",\"potentialAction\":[{\"@type\":\"CommentAction\",\"name\":\"Comment\",\"target\":[\"https:\/\/dicodusport.fr\/blog\/tour-d-espagne-2020-primoz-roglic-s-impose-en-patron-sur-la-1ere-etape\/#respond\"]}],\"copyrightYear\":\"2020\",\"copyrightHolder\":{\"@id\":\"https:\/\/dicodusport.fr\/blog\/#organization\"}},{\"@type\":\"WebPage\",\"@id\":\"https:\/\/dicodusport.fr\/blog\/tour-d-espagne-2020-primoz-roglic-s-impose-en-patron-sur-la-1ere-etape\/\",\"url\":\"https:\/\/dicodusport.fr\/blog\/tour-d-espagne-2020-primoz-roglic-s-impose-en-patron-sur-la-1ere-etape\/\",\"name\":\"Tour d'Espagne 2020 : Primoz Roglic s'impose en patron sur la 1\u00e8re \u00e9tape\",\"isPartOf\":{\"@id\":\"https:\/\/dicodusport.fr\/blog\/#website\"},\"primaryImageOfPage\":{\"@id\":\"https:\/\/dicodusport.fr\/blog\/tour-d-espagne-2020-primoz-roglic-s-impose-en-patron-sur-la-1ere-etape\/#primaryimage\"},\"image\":{\"@id\":\"https:\/\/dicodusport.fr\/blog\/tour-d-espagne-2020-primoz-roglic-s-impose-en-patron-sur-la-1ere-etape\/#primaryimage\"},\"thumbnailUrl\":\"https:\/\/dicodusport.fr\/blog\/wp-content\/uploads\/2020\/10\/Tour-dEspagne-2020-Primoz-Roglic-simpose-en-patron-sur-la-1\u00e8re-\u00e9tape.png\",\"datePublished\":\"2020-10-20T15:48:02+00:00\",\"dateModified\":\"2020-10-20T19:06:19+00:00\",\"description\":\"TOUR D'ESPAGNE 2020 - Primoz Roglic (Jumbo-Visma) a remport\u00e9 ce mardi la 1\u00e8re \u00e9tape de la Vuelta 2020, \u00e0 Eibar-Arrate.\",\"breadcrumb\":{\"@id\":\"https:\/\/dicodusport.fr\/blog\/tour-d-espagne-2020-primoz-roglic-s-impose-en-patron-sur-la-1ere-etape\/#breadcrumb\"},\"inLanguage\":\"fr-FR\",\"potentialAction\":[{\"@type\":\"ReadAction\",\"target\":[\"https:\/\/dicodusport.fr\/blog\/tour-d-espagne-2020-primoz-roglic-s-impose-en-patron-sur-la-1ere-etape\/\"]}]},{\"@type\":\"ImageObject\",\"inLanguage\":\"fr-FR\",\"@id\":\"https:\/\/dicodusport.fr\/blog\/tour-d-espagne-2020-primoz-roglic-s-impose-en-patron-sur-la-1ere-etape\/#primaryimage\",\"url\":\"https:\/\/dicodusport.fr\/blog\/wp-content\/uploads\/2020\/10\/Tour-dEspagne-2020-Primoz-Roglic-simpose-en-patron-sur-la-1\u00e8re-\u00e9tape.png\",\"contentUrl\":\"https:\/\/dicodusport.fr\/blog\/wp-content\/uploads\/2020\/10\/Tour-dEspagne-2020-Primoz-Roglic-simpose-en-patron-sur-la-1\u00e8re-\u00e9tape.png\",\"width\":800,\"height\":445,\"caption\":\"Tour d'Espagne 2020 : nos favoris pour la 7\u00e8me \u00e9tape\"},{\"@type\":\"BreadcrumbList\",\"@id\":\"https:\/\/dicodusport.fr\/blog\/tour-d-espagne-2020-primoz-roglic-s-impose-en-patron-sur-la-1ere-etape\/#breadcrumb\",\"itemListElement\":[{\"@type\":\"ListItem\",\"position\":1,\"name\":\"Accueil\",\"item\":\"https:\/\/dicodusport.fr\/blog\/\"},{\"@type\":\"ListItem\",\"position\":2,\"name\":\"Tour d&rsquo;Espagne 2020 : Primoz Roglic s&rsquo;impose en patron sur la 1\u00e8re \u00e9tape\"}]},{\"@type\":\"WebSite\",\"@id\":\"https:\/\/dicodusport.fr\/blog\/#website\",\"url\":\"https:\/\/dicodusport.fr\/blog\/\",\"name\":\"Dicodusport\",\"description\":\"L&#039;encyclop\u00e9die de l&#039;actualit\u00e9 sportive\",\"publisher\":{\"@id\":\"https:\/\/dicodusport.fr\/blog\/#organization\"},\"potentialAction\":[{\"@type\":\"SearchAction\",\"target\":{\"@type\":\"EntryPoint\",\"urlTemplate\":\"https:\/\/dicodusport.fr\/blog\/?s={search_term_string}\"},\"query-input\":{\"@type\":\"PropertyValueSpecification\",\"valueRequired\":true,\"valueName\":\"search_term_string\"}}],\"inLanguage\":\"fr-FR\"},{\"@type\":\"NewsMediaOrganization\",\"@id\":\"https:\/\/dicodusport.fr\/blog\/#organization\",\"name\":\"Dicodusport\",\"url\":\"https:\/\/dicodusport.fr\/blog\/\",\"logo\":{\"@type\":\"ImageObject\",\"inLanguage\":\"fr-FR\",\"@id\":\"https:\/\/dicodusport.fr\/blog\/#\/schema\/logo\/image\/\",\"url\":\"https:\/\/dicodusport.fr\/blog\/wp-content\/uploads\/2020\/06\/cropped-LOGO-DICODUSPORT-2020-SANS-FOND-SANS-TEXTE.png\",\"contentUrl\":\"https:\/\/dicodusport.fr\/blog\/wp-content\/uploads\/2020\/06\/cropped-LOGO-DICODUSPORT-2020-SANS-FOND-SANS-TEXTE.png\",\"width\":512,\"height\":512,\"caption\":\"Dicodusport\"},\"image\":{\"@id\":\"https:\/\/dicodusport.fr\/blog\/#\/schema\/logo\/image\/\"},\"sameAs\":[\"https:\/\/www.facebook.com\/dicodusport\",\"https:\/\/x.com\/dicodusport\",\"https:\/\/www.instagram.com\/dicodusport\/\",\"https:\/\/www.youtube.com\/channel\/UC7V2KZ5sd3htJivAbA4ZG3w\"],\"description\":\"Dicodusport est l'encyclop\u00e9die de l'actualit\u00e9 sportive.\",\"email\":\"bonjour@dicodusport.fr\",\"legalName\":\"DICODUSPORT\",\"foundingDate\":\"2018-01-14\",\"vatID\":\"FR71834470973\",\"taxID\":\"83447097300043\",\"numberOfEmployees\":{\"@type\":\"QuantitativeValue\",\"minValue\":\"1\",\"maxValue\":\"10\"}},{\"@type\":\"Person\",\"@id\":\"https:\/\/dicodusport.fr\/blog\/#\/schema\/person\/cb02af4c173ce4a653b55e9baf388d4a\",\"name\":\"Flo Ostermann\",\"image\":{\"@type\":\"ImageObject\",\"inLanguage\":\"fr-FR\",\"@id\":\"https:\/\/dicodusport.fr\/blog\/#\/schema\/person\/image\/\",\"url\":\"https:\/\/dicodusport.fr\/blog\/wp-content\/uploads\/2021\/05\/Flo-Ostermann-150x150.jpg\",\"contentUrl\":\"https:\/\/dicodusport.fr\/blog\/wp-content\/uploads\/2021\/05\/Flo-Ostermann-150x150.jpg\",\"caption\":\"Flo Ostermann\"},\"description\":\"Journaliste\/R\u00e9dacteur depuis septembre 2015 - Mes premiers souvenirs dans le sport ? Les envol\u00e9es du Stade Toulousain et les duels Villeneuve-Schumacher et H\u00e4kkinen-Schumacher \u00e0 la fin des ann\u00e9es 90, la Coupe du monde de football en 1998, l\u2019exploit du XV de France face aux All Blacks en 1999, mais aussi Richard C\u0153ur de Lion qui vole sur les montagnes du Tour de France. Bien parti pour devenir professeur d\u2019EPS, les \u00e9v\u00e9nements de la vie (et la flemme d\u2019animer des s\u00e9ances de 3x500 m\u00e8tres toute ma vie) m\u2019ont conduit \u00e0 revoir mes plans. Me voil\u00e0 depuis fin 2017 sur Dicodusport, m\u00e9dia gr\u00e2ce (et pour) lequel je partage ma passion : le sport dans tous ses \u00e9tats. Le tout accompagn\u00e9 par les fous furieux et folles furieuses cit\u00e9s sur cette page !\",\"sameAs\":[\"https:\/\/www.facebook.com\/florent.ostermann\",\"https:\/\/x.com\/https:\/\/twitter.com\/FlOstermann\",\"admin\"],\"url\":\"https:\/\/dicodusport.fr\/blog\/author\/flo\/\"}]}<\/script>\n<!-- \/ Yoast SEO Premium plugin. -->","yoast_head_json":{"title":"Tour d'Espagne 2020 : Primoz Roglic s'impose en patron sur la 1\u00e8re \u00e9tape","description":"TOUR D'ESPAGNE 2020 - Primoz Roglic (Jumbo-Visma) a remport\u00e9 ce mardi la 1\u00e8re \u00e9tape de la Vuelta 2020, \u00e0 Eibar-Arrate.","robots":{"index":"index","follow":"follow","max-snippet":"max-snippet:-1","max-image-preview":"max-image-preview:large","max-video-preview":"max-video-preview:-1"},"canonical":"https:\/\/dicodusport.fr\/blog\/tour-d-espagne-2020-primoz-roglic-s-impose-en-patron-sur-la-1ere-etape\/","og_locale":"fr_FR","og_type":"article","og_title":"Tour d'Espagne 2020 : Primoz Roglic s'impose en patron sur la 1\u00e8re \u00e9tape","og_description":"TOUR D'ESPAGNE 2020 - Primoz Roglic (Jumbo-Visma) a remport\u00e9 ce mardi la 1\u00e8re \u00e9tape de la Vuelta 2020, \u00e0 Eibar-Arrate.","og_url":"https:\/\/dicodusport.fr\/blog\/tour-d-espagne-2020-primoz-roglic-s-impose-en-patron-sur-la-1ere-etape\/","og_site_name":"Dicodusport","article_publisher":"https:\/\/www.facebook.com\/dicodusport","article_author":"https:\/\/www.facebook.com\/florent.ostermann","article_published_time":"2020-10-20T15:48:02+00:00","article_modified_time":"2020-10-20T19:06:19+00:00","og_image":[{"width":800,"height":445,"url":"https:\/\/dicodusport.fr\/blog\/wp-content\/uploads\/2020\/10\/Tour-dEspagne-2020-Primoz-Roglic-simpose-en-patron-sur-la-1\u00e8re-\u00e9tape.png","type":"image\/png"}],"author":"Flo Ostermann","twitter_card":"summary_large_image","twitter_title":"Tour d'Espagne 2020 : Primoz Roglic s'impose en patron sur la 1\u00e8re \u00e9tape","twitter_creator":"@https:\/\/twitter.com\/FlOstermann","twitter_site":"@dicodusport","schema":{"@context":"https:\/\/schema.org","@graph":[{"@type":"NewsArticle","@id":"https:\/\/dicodusport.fr\/blog\/tour-d-espagne-2020-primoz-roglic-s-impose-en-patron-sur-la-1ere-etape\/#article","isPartOf":{"@id":"https:\/\/dicodusport.fr\/blog\/tour-d-espagne-2020-primoz-roglic-s-impose-en-patron-sur-la-1ere-etape\/"},"author":{"name":"Flo Ostermann","@id":"https:\/\/dicodusport.fr\/blog\/#\/schema\/person\/cb02af4c173ce4a653b55e9baf388d4a"},"headline":"Tour d&rsquo;Espagne 2020 : Primoz Roglic s&rsquo;impose en patron sur la 1\u00e8re \u00e9tape","datePublished":"2020-10-20T15:48:02+00:00","dateModified":"2020-10-20T19:06:19+00:00","mainEntityOfPage":{"@id":"https:\/\/dicodusport.fr\/blog\/tour-d-espagne-2020-primoz-roglic-s-impose-en-patron-sur-la-1ere-etape\/"},"wordCount":473,"commentCount":0,"publisher":{"@id":"https:\/\/dicodusport.fr\/blog\/#organization"},"image":{"@id":"https:\/\/dicodusport.fr\/blog\/tour-d-espagne-2020-primoz-roglic-s-impose-en-patron-sur-la-1ere-etape\/#primaryimage"},"thumbnailUrl":"https:\/\/dicodusport.fr\/blog\/wp-content\/uploads\/2020\/10\/Tour-dEspagne-2020-Primoz-Roglic-simpose-en-patron-sur-la-1\u00e8re-\u00e9tape.png","keywords":["sport","Tour d'Espagne"],"articleSection":["Tour d'Espagne"],"inLanguage":"fr-FR","potentialAction":[{"@type":"CommentAction","name":"Comment","target":["https:\/\/dicodusport.fr\/blog\/tour-d-espagne-2020-primoz-roglic-s-impose-en-patron-sur-la-1ere-etape\/#respond"]}],"copyrightYear":"2020","copyrightHolder":{"@id":"https:\/\/dicodusport.fr\/blog\/#organization"}},{"@type":"WebPage","@id":"https:\/\/dicodusport.fr\/blog\/tour-d-espagne-2020-primoz-roglic-s-impose-en-patron-sur-la-1ere-etape\/","url":"https:\/\/dicodusport.fr\/blog\/tour-d-espagne-2020-primoz-roglic-s-impose-en-patron-sur-la-1ere-etape\/","name":"Tour d'Espagne 2020 : Primoz Roglic s'impose en patron sur la 1\u00e8re \u00e9tape","isPartOf":{"@id":"https:\/\/dicodusport.fr\/blog\/#website"},"primaryImageOfPage":{"@id":"https:\/\/dicodusport.fr\/blog\/tour-d-espagne-2020-primoz-roglic-s-impose-en-patron-sur-la-1ere-etape\/#primaryimage"},"image":{"@id":"https:\/\/dicodusport.fr\/blog\/tour-d-espagne-2020-primoz-roglic-s-impose-en-patron-sur-la-1ere-etape\/#primaryimage"},"thumbnailUrl":"https:\/\/dicodusport.fr\/blog\/wp-content\/uploads\/2020\/10\/Tour-dEspagne-2020-Primoz-Roglic-simpose-en-patron-sur-la-1\u00e8re-\u00e9tape.png","datePublished":"2020-10-20T15:48:02+00:00","dateModified":"2020-10-20T19:06:19+00:00","description":"TOUR D'ESPAGNE 2020 - Primoz Roglic (Jumbo-Visma) a remport\u00e9 ce mardi la 1\u00e8re \u00e9tape de la Vuelta 2020, \u00e0 Eibar-Arrate.","breadcrumb":{"@id":"https:\/\/dicodusport.fr\/blog\/tour-d-espagne-2020-primoz-roglic-s-impose-en-patron-sur-la-1ere-etape\/#breadcrumb"},"inLanguage":"fr-FR","potentialAction":[{"@type":"ReadAction","target":["https:\/\/dicodusport.fr\/blog\/tour-d-espagne-2020-primoz-roglic-s-impose-en-patron-sur-la-1ere-etape\/"]}]},{"@type":"ImageObject","inLanguage":"fr-FR","@id":"https:\/\/dicodusport.fr\/blog\/tour-d-espagne-2020-primoz-roglic-s-impose-en-patron-sur-la-1ere-etape\/#primaryimage","url":"https:\/\/dicodusport.fr\/blog\/wp-content\/uploads\/2020\/10\/Tour-dEspagne-2020-Primoz-Roglic-simpose-en-patron-sur-la-1\u00e8re-\u00e9tape.png","contentUrl":"https:\/\/dicodusport.fr\/blog\/wp-content\/uploads\/2020\/10\/Tour-dEspagne-2020-Primoz-Roglic-simpose-en-patron-sur-la-1\u00e8re-\u00e9tape.png","width":800,"height":445,"caption":"Tour d'Espagne 2020 : nos favoris pour la 7\u00e8me \u00e9tape"},{"@type":"BreadcrumbList","@id":"https:\/\/dicodusport.fr\/blog\/tour-d-espagne-2020-primoz-roglic-s-impose-en-patron-sur-la-1ere-etape\/#breadcrumb","itemListElement":[{"@type":"ListItem","position":1,"name":"Accueil","item":"https:\/\/dicodusport.fr\/blog\/"},{"@type":"ListItem","position":2,"name":"Tour d&rsquo;Espagne 2020 : Primoz Roglic s&rsquo;impose en patron sur la 1\u00e8re \u00e9tape"}]},{"@type":"WebSite","@id":"https:\/\/dicodusport.fr\/blog\/#website","url":"https:\/\/dicodusport.fr\/blog\/","name":"Dicodusport","description":"L&#039;encyclop\u00e9die de l&#039;actualit\u00e9 sportive","publisher":{"@id":"https:\/\/dicodusport.fr\/blog\/#organization"},"potentialAction":[{"@type":"SearchAction","target":{"@type":"EntryPoint","urlTemplate":"https:\/\/dicodusport.fr\/blog\/?s={search_term_string}"},"query-input":{"@type":"PropertyValueSpecification","valueRequired":true,"valueName":"search_term_string"}}],"inLanguage":"fr-FR"},{"@type":"NewsMediaOrganization","@id":"https:\/\/dicodusport.fr\/blog\/#organization","name":"Dicodusport","url":"https:\/\/dicodusport.fr\/blog\/","logo":{"@type":"ImageObject","inLanguage":"fr-FR","@id":"https:\/\/dicodusport.fr\/blog\/#\/schema\/logo\/image\/","url":"https:\/\/dicodusport.fr\/blog\/wp-content\/uploads\/2020\/06\/cropped-LOGO-DICODUSPORT-2020-SANS-FOND-SANS-TEXTE.png","contentUrl":"https:\/\/dicodusport.fr\/blog\/wp-content\/uploads\/2020\/06\/cropped-LOGO-DICODUSPORT-2020-SANS-FOND-SANS-TEXTE.png","width":512,"height":512,"caption":"Dicodusport"},"image":{"@id":"https:\/\/dicodusport.fr\/blog\/#\/schema\/logo\/image\/"},"sameAs":["https:\/\/www.facebook.com\/dicodusport","https:\/\/x.com\/dicodusport","https:\/\/www.instagram.com\/dicodusport\/","https:\/\/www.youtube.com\/channel\/UC7V2KZ5sd3htJivAbA4ZG3w"],"description":"Dicodusport est l'encyclop\u00e9die de l'actualit\u00e9 sportive.","email":"bonjour@dicodusport.fr","legalName":"DICODUSPORT","foundingDate":"2018-01-14","vatID":"FR71834470973","taxID":"83447097300043","numberOfEmployees":{"@type":"QuantitativeValue","minValue":"1","maxValue":"10"}},{"@type":"Person","@id":"https:\/\/dicodusport.fr\/blog\/#\/schema\/person\/cb02af4c173ce4a653b55e9baf388d4a","name":"Flo Ostermann","image":{"@type":"ImageObject","inLanguage":"fr-FR","@id":"https:\/\/dicodusport.fr\/blog\/#\/schema\/person\/image\/","url":"https:\/\/dicodusport.fr\/blog\/wp-content\/uploads\/2021\/05\/Flo-Ostermann-150x150.jpg","contentUrl":"https:\/\/dicodusport.fr\/blog\/wp-content\/uploads\/2021\/05\/Flo-Ostermann-150x150.jpg","caption":"Flo Ostermann"},"description":"Journaliste\/R\u00e9dacteur depuis septembre 2015 - Mes premiers souvenirs dans le sport ? Les envol\u00e9es du Stade Toulousain et les duels Villeneuve-Schumacher et H\u00e4kkinen-Schumacher \u00e0 la fin des ann\u00e9es 90, la Coupe du monde de football en 1998, l\u2019exploit du XV de France face aux All Blacks en 1999, mais aussi Richard C\u0153ur de Lion qui vole sur les montagnes du Tour de France. Bien parti pour devenir professeur d\u2019EPS, les \u00e9v\u00e9nements de la vie (et la flemme d\u2019animer des s\u00e9ances de 3x500 m\u00e8tres toute ma vie) m\u2019ont conduit \u00e0 revoir mes plans. Me voil\u00e0 depuis fin 2017 sur Dicodusport, m\u00e9dia gr\u00e2ce (et pour) lequel je partage ma passion : le sport dans tous ses \u00e9tats. Le tout accompagn\u00e9 par les fous furieux et folles furieuses cit\u00e9s sur cette page !","sameAs":["https:\/\/www.facebook.com\/florent.ostermann","https:\/\/x.com\/https:\/\/twitter.com\/FlOstermann","admin"],"url":"https:\/\/dicodusport.fr\/blog\/author\/flo\/"}]}},"_links":{"self":[{"href":"https:\/\/dicodusport.fr\/blog\/wp-json\/wp\/v2\/posts\/83715","targetHints":{"allow":["GET"]}}],"collection":[{"href":"https:\/\/dicodusport.fr\/blog\/wp-json\/wp\/v2\/posts"}],"about":[{"href":"https:\/\/dicodusport.fr\/blog\/wp-json\/wp\/v2\/types\/post"}],"author":[{"embeddable":true,"href":"https:\/\/dicodusport.fr\/blog\/wp-json\/wp\/v2\/users\/4"}],"replies":[{"embeddable":true,"href":"https:\/\/dicodusport.fr\/blog\/wp-json\/wp\/v2\/comments?post=83715"}],"version-history":[{"count":0,"href":"https:\/\/dicodusport.fr\/blog\/wp-json\/wp\/v2\/posts\/83715\/revisions"}],"wp:featuredmedia":[{"embeddable":true,"href":"https:\/\/dicodusport.fr\/blog\/wp-json\/wp\/v2\/media\/83748"}],"wp:attachment":[{"href":"https:\/\/dicodusport.fr\/blog\/wp-json\/wp\/v2\/media?parent=83715"}],"wp:term":[{"taxonomy":"category","embeddable":true,"href":"https:\/\/dicodusport.fr\/blog\/wp-json\/wp\/v2\/categories?post=83715"},{"taxonomy":"post_tag","embeddable":true,"href":"https:\/\/dicodusport.fr\/blog\/wp-json\/wp\/v2\/tags?post=83715"}],"curies":[{"name":"wp","href":"https:\/\/api.w.org\/{rel}","templated":true}]}}