{"id":8383,"date":"2017-12-09T11:54:58","date_gmt":"2017-12-09T10:54:58","guid":{"rendered":"http:\/\/dicodusport.fr\/blog\/?p=8383"},"modified":"2017-12-09T11:54:58","modified_gmt":"2017-12-09T10:54:58","slug":"gael-monfils-on-en-reve-encore","status":"publish","type":"post","link":"https:\/\/dicodusport.fr\/blog\/gael-monfils-on-en-reve-encore\/","title":{"rendered":"Ga\u00ebl Monfils, on en r\u00eave encore !"},"content":{"rendered":"<p style=\"text-align: justify;\"><em><strong>Grand absent de la finale de la Coupe Davis, qui a vu ses deux comp\u00e8res de toujours, Jo-Wilfried Tsonga et Richard Gasquet triompher, Ga\u00ebl Monfils est le dernier de la bande \u00e0 ne pas avoir une grande ligne \u00e0 son palmar\u00e8s. Apr\u00e8s une saison 2016 r\u00e9ussie et encourageante, le tennisman fran\u00e7ais de 31 ans a \u00e9t\u00e9 rattrap\u00e9 par les blessures en 2017 pour tomber \u00e0 la 46\u00e8me place au classement ATP.<\/strong><\/em><\/p>\n<p style=\"text-align: justify;\">John McEnroe, connu pour ses sorties provocantes et pol\u00e9miques, a d\u00e9clar\u00e9 en septembre 2016 : <em>\u00ab\u00a0Monfils est une des plus grosses d\u00e9ceptions de l\u2019histoire\u00a0\u00bb.\u00a0<\/em>Si l&rsquo;on peut l\u00e9gitimement douter de la pertinence de certains propos de l&rsquo;ancienne gloire am\u00e9ricaine, ceux-la peuvent \u00eatre entendus\u00a0et discut\u00e9s.<\/p>\n<h4 style=\"text-align: justify;\"><strong>Trop souvent trahi pour\u00a0un physique hors norme !<\/strong><\/h4>\n<p style=\"text-align: justify;\">Avec Rafael Nadal, Ga\u00ebl Monfils poss\u00e8de probablement le plus gros physique du circuit ATP, aussi bien pour d\u00e9fendre que pour d\u00e9clencher son \u00e9norme gifle en coup droit. Le probl\u00e8me ? <em>\u00ab\u00a0Ga\u00ebl Monfils doit d\u00e9clarer forfait pour Roland-Garros\u00a0\u00bb<\/em>. Une impression d&rsquo;avoir lu beaucoup trop souvent des phrases qui commencent par ces mots et qui se finissent par le nom d&rsquo;un tournoi du circuit ATP. Trahi \u00e0 de nombreuses reprises par un physique fragile, une cylindr\u00e9e hors norme qui n&rsquo;a jamais pu tourner une saison compl\u00e8te \u00e0 plein r\u00e9gime.<\/p>\n<h4 style=\"text-align: justify;\"><strong>Professionnel oui, perfectionniste non !<\/strong><\/h4>\n<p style=\"text-align: justify;\">Souvent, le manque de professionnalisme lui a \u00e9t\u00e9 reproch\u00e9, mais les personnes qui ont pratiqu\u00e9 le tennis \u00e0 tr\u00e8s haut niveau savent qu&rsquo;il est impossible d&rsquo;atteindre son niveau sans \u00eatre un bon professionnel. Et Ga\u00ebl Monfils l&rsquo;est ! La diff\u00e9rence avec les meilleurs mondiaux ? Ce souci du d\u00e9tail qu&rsquo;ont Djokovic, Federer, Nadal ou Murray quand lui prend son sport comme un travail, mais un travail dans lequel on peut prendre un certain plaisir avec une certaine folie. Le tennis se joue de plus en plus sur ces d\u00e9tails qu&rsquo;il faut ma\u00eetriser\u00a0en permanence et \u00e0 ce jeu, il est vrai que Monfils en ma\u00eetrise certainement moins que les autres.<\/p>\n<h4 style=\"text-align: justify;\">2018, j&rsquo;en r\u00eave encore !<\/h4>\n<p style=\"text-align: justify;\">Ga\u00ebl Monfils ne sera jamais num\u00e9ro 1 mondial et il aura bien du mal \u00e0 remporter un titre du Grand Chelem, m\u00eame si ce n&rsquo;est pas interdit de r\u00eaver. Et si 2018 \u00e9tait pour Ga\u00ebl la premi\u00e8re saison qu&rsquo;il pouvait jouer de A \u00e0 Z sans la moindre blessure, juste une fois, juste une saison, juste pour voir, juste pour avoir le plaisir de le voir jouer \u00e0 Roland-Garros ou sur les autres grands tournois de la saison ?<\/p>\n<p style=\"text-align: justify;\"><em><strong>Il ne sera pas le champion que la France attendait ou le successeur de Yannick Noah, il restera Ga\u00ebl Monfils, un joueur qui aura aussi marqu\u00e9 son temps, \u00e0 sa mani\u00e8re, \u00e0 lui !\u00a0<\/strong><\/em><\/p>\n<p style=\"text-align: justify;\"><em><strong>Nicolas Jacquemard<\/strong><br \/>\n<\/em><a style=\"color: #000000;\" href=\"https:\/\/twitter.com\/Nico_Jacquemard\" target=\"_blank\" rel=\"noopener noreferrer\"><img loading=\"lazy\" decoding=\"async\" class=\"alignnone wp-image-2908\" src=\"http:\/\/dicodusport.fr\/blog\/wp-content\/uploads\/2017\/07\/logo-twitter-150x150.png\" alt=\"\" width=\"39\" height=\"39\" \/><\/a><a style=\"color: #000000;\" href=\"https:\/\/www.facebook.com\/dicodusport\/\" target=\"_blank\" rel=\"noopener noreferrer\"><img loading=\"lazy\" decoding=\"async\" class=\"alignnone wp-image-2909\" src=\"http:\/\/dicodusport.fr\/blog\/wp-content\/uploads\/2017\/07\/logo-facebook-150x150.png\" alt=\"\" width=\"40\" height=\"40\" \/><\/a><\/p>\n","protected":false},"excerpt":{"rendered":"<p>Grand absent de la finale de la Coupe Davis, qui a vu ses deux comp\u00e8res de toujours, Jo-Wilfried Tsonga et Richard Gasquet triompher, Ga\u00ebl Monfils est le dernier de la bande \u00e0 ne pas avoir une grande ligne \u00e0 son palmar\u00e8s. Apr\u00e8s une saison 2016 r\u00e9ussie et encourageante, le tennisman fran\u00e7ais de 31 ans a [&hellip;]<\/p>\n","protected":false},"author":1,"featured_media":8389,"comment_status":"open","ping_status":"closed","sticky":false,"template":"","format":"standard","meta":{"_acf_changed":false,"_daextam_enable_autolinks":"","footnotes":""},"categories":[2,2302],"tags":[156,2540,759,2804,158,136,2410],"class_list":["post-8383","post","type-post","status-publish","format-standard","has-post-thumbnail","hentry","category-actualites","category-tennis","tag-atp","tag-coupe-davis","tag-federer","tag-gael-monfils","tag-monfils","tag-tennis","tag-tsonga"],"acf":[],"yoast_head":"<!-- This site is optimized with the Yoast SEO Premium plugin v26.7 (Yoast SEO v26.7) - https:\/\/yoast.com\/wordpress\/plugins\/seo\/ -->\n<title>Ga\u00ebl Monfils, on en r\u00eave encore !<\/title>\n<meta name=\"description\" content=\"Apr\u00e8s une saison 2016 r\u00e9ussi et encourageante, Gael Monfils a \u00e9t\u00e9 rattrap\u00e9 par les blessures en 2017 pour tomber \u00e0 la 46\u00e8me place au classement ATP.\" \/>\n<meta name=\"robots\" content=\"index, follow, max-snippet:-1, max-image-preview:large, max-video-preview:-1\" \/>\n<link rel=\"canonical\" href=\"https:\/\/dicodusport.fr\/blog\/gael-monfils-on-en-reve-encore\/\" \/>\n<meta property=\"og:locale\" content=\"fr_FR\" \/>\n<meta property=\"og:type\" content=\"article\" \/>\n<meta property=\"og:title\" content=\"Ga\u00ebl Monfils, on en r\u00eave encore !\" \/>\n<meta property=\"og:description\" content=\"Apr\u00e8s une saison 2016 r\u00e9ussi et encourageante, Gael Monfils a \u00e9t\u00e9 rattrap\u00e9 par les blessures en 2017 pour tomber \u00e0 la 46\u00e8me place au classement ATP.\" \/>\n<meta property=\"og:url\" content=\"https:\/\/dicodusport.fr\/blog\/gael-monfils-on-en-reve-encore\/\" \/>\n<meta property=\"og:site_name\" content=\"Dicodusport\" \/>\n<meta property=\"article:publisher\" content=\"https:\/\/www.facebook.com\/dicodusport\" \/>\n<meta property=\"article:author\" content=\"https:\/\/www.facebook.com\/dicodusport\" \/>\n<meta property=\"article:published_time\" content=\"2017-12-09T10:54:58+00:00\" \/>\n<meta property=\"og:image\" content=\"https:\/\/dicodusport.fr\/blog\/wp-content\/uploads\/2017\/12\/Gael-Monfils.png\" \/>\n\t<meta property=\"og:image:width\" content=\"1200\" \/>\n\t<meta property=\"og:image:height\" content=\"670\" \/>\n\t<meta property=\"og:image:type\" content=\"image\/png\" \/>\n<meta name=\"author\" content=\"Nicolas Jacquemard\" \/>\n<meta name=\"twitter:card\" content=\"summary_large_image\" \/>\n<meta name=\"twitter:creator\" content=\"@https:\/\/twitter.com\/Nico_Jacquemard\" \/>\n<meta name=\"twitter:site\" content=\"@dicodusport\" \/>\n<script type=\"application\/ld+json\" class=\"yoast-schema-graph\">{\"@context\":\"https:\/\/schema.org\",\"@graph\":[{\"@type\":\"NewsArticle\",\"@id\":\"https:\/\/dicodusport.fr\/blog\/gael-monfils-on-en-reve-encore\/#article\",\"isPartOf\":{\"@id\":\"https:\/\/dicodusport.fr\/blog\/gael-monfils-on-en-reve-encore\/\"},\"author\":{\"name\":\"Nicolas Jacquemard\",\"@id\":\"https:\/\/dicodusport.fr\/blog\/#\/schema\/person\/55dcb50ad410894e431ed812bbb70191\"},\"headline\":\"Ga\u00ebl Monfils, on en r\u00eave encore !\",\"datePublished\":\"2017-12-09T10:54:58+00:00\",\"mainEntityOfPage\":{\"@id\":\"https:\/\/dicodusport.fr\/blog\/gael-monfils-on-en-reve-encore\/\"},\"wordCount\":479,\"commentCount\":0,\"publisher\":{\"@id\":\"https:\/\/dicodusport.fr\/blog\/#organization\"},\"image\":{\"@id\":\"https:\/\/dicodusport.fr\/blog\/gael-monfils-on-en-reve-encore\/#primaryimage\"},\"thumbnailUrl\":\"https:\/\/dicodusport.fr\/blog\/wp-content\/uploads\/2017\/12\/Gael-Monfils.png\",\"keywords\":[\"ATP\",\"Coupe Davis\",\"Federer\",\"Ga\u00ebl Monfils\",\"monfils\",\"Tennis\",\"Tsonga\"],\"articleSection\":[\"Actualit\u00e9s\",\"Tennis\"],\"inLanguage\":\"fr-FR\",\"potentialAction\":[{\"@type\":\"CommentAction\",\"name\":\"Comment\",\"target\":[\"https:\/\/dicodusport.fr\/blog\/gael-monfils-on-en-reve-encore\/#respond\"]}],\"copyrightYear\":\"2017\",\"copyrightHolder\":{\"@id\":\"https:\/\/dicodusport.fr\/blog\/#organization\"}},{\"@type\":\"WebPage\",\"@id\":\"https:\/\/dicodusport.fr\/blog\/gael-monfils-on-en-reve-encore\/\",\"url\":\"https:\/\/dicodusport.fr\/blog\/gael-monfils-on-en-reve-encore\/\",\"name\":\"Ga\u00ebl Monfils, on en r\u00eave encore !\",\"isPartOf\":{\"@id\":\"https:\/\/dicodusport.fr\/blog\/#website\"},\"primaryImageOfPage\":{\"@id\":\"https:\/\/dicodusport.fr\/blog\/gael-monfils-on-en-reve-encore\/#primaryimage\"},\"image\":{\"@id\":\"https:\/\/dicodusport.fr\/blog\/gael-monfils-on-en-reve-encore\/#primaryimage\"},\"thumbnailUrl\":\"https:\/\/dicodusport.fr\/blog\/wp-content\/uploads\/2017\/12\/Gael-Monfils.png\",\"datePublished\":\"2017-12-09T10:54:58+00:00\",\"description\":\"Apr\u00e8s une saison 2016 r\u00e9ussi et encourageante, Gael Monfils a \u00e9t\u00e9 rattrap\u00e9 par les blessures en 2017 pour tomber \u00e0 la 46\u00e8me place au classement ATP.\",\"breadcrumb\":{\"@id\":\"https:\/\/dicodusport.fr\/blog\/gael-monfils-on-en-reve-encore\/#breadcrumb\"},\"inLanguage\":\"fr-FR\",\"potentialAction\":[{\"@type\":\"ReadAction\",\"target\":[\"https:\/\/dicodusport.fr\/blog\/gael-monfils-on-en-reve-encore\/\"]}]},{\"@type\":\"ImageObject\",\"inLanguage\":\"fr-FR\",\"@id\":\"https:\/\/dicodusport.fr\/blog\/gael-monfils-on-en-reve-encore\/#primaryimage\",\"url\":\"https:\/\/dicodusport.fr\/blog\/wp-content\/uploads\/2017\/12\/Gael-Monfils.png\",\"contentUrl\":\"https:\/\/dicodusport.fr\/blog\/wp-content\/uploads\/2017\/12\/Gael-Monfils.png\",\"width\":1200,\"height\":670},{\"@type\":\"BreadcrumbList\",\"@id\":\"https:\/\/dicodusport.fr\/blog\/gael-monfils-on-en-reve-encore\/#breadcrumb\",\"itemListElement\":[{\"@type\":\"ListItem\",\"position\":1,\"name\":\"Accueil\",\"item\":\"https:\/\/dicodusport.fr\/blog\/\"},{\"@type\":\"ListItem\",\"position\":2,\"name\":\"Ga\u00ebl Monfils, on en r\u00eave encore !\"}]},{\"@type\":\"WebSite\",\"@id\":\"https:\/\/dicodusport.fr\/blog\/#website\",\"url\":\"https:\/\/dicodusport.fr\/blog\/\",\"name\":\"Dicodusport\",\"description\":\"L&#039;encyclop\u00e9die de l&#039;actualit\u00e9 sportive\",\"publisher\":{\"@id\":\"https:\/\/dicodusport.fr\/blog\/#organization\"},\"potentialAction\":[{\"@type\":\"SearchAction\",\"target\":{\"@type\":\"EntryPoint\",\"urlTemplate\":\"https:\/\/dicodusport.fr\/blog\/?s={search_term_string}\"},\"query-input\":{\"@type\":\"PropertyValueSpecification\",\"valueRequired\":true,\"valueName\":\"search_term_string\"}}],\"inLanguage\":\"fr-FR\"},{\"@type\":\"NewsMediaOrganization\",\"@id\":\"https:\/\/dicodusport.fr\/blog\/#organization\",\"name\":\"Dicodusport\",\"url\":\"https:\/\/dicodusport.fr\/blog\/\",\"logo\":{\"@type\":\"ImageObject\",\"inLanguage\":\"fr-FR\",\"@id\":\"https:\/\/dicodusport.fr\/blog\/#\/schema\/logo\/image\/\",\"url\":\"https:\/\/dicodusport.fr\/blog\/wp-content\/uploads\/2020\/06\/cropped-LOGO-DICODUSPORT-2020-SANS-FOND-SANS-TEXTE.png\",\"contentUrl\":\"https:\/\/dicodusport.fr\/blog\/wp-content\/uploads\/2020\/06\/cropped-LOGO-DICODUSPORT-2020-SANS-FOND-SANS-TEXTE.png\",\"width\":512,\"height\":512,\"caption\":\"Dicodusport\"},\"image\":{\"@id\":\"https:\/\/dicodusport.fr\/blog\/#\/schema\/logo\/image\/\"},\"sameAs\":[\"https:\/\/www.facebook.com\/dicodusport\",\"https:\/\/x.com\/dicodusport\",\"https:\/\/www.instagram.com\/dicodusport\/\",\"https:\/\/www.youtube.com\/channel\/UC7V2KZ5sd3htJivAbA4ZG3w\"],\"description\":\"Dicodusport est l'encyclop\u00e9die de l'actualit\u00e9 sportive.\",\"email\":\"bonjour@dicodusport.fr\",\"legalName\":\"DICODUSPORT\",\"foundingDate\":\"2018-01-14\",\"vatID\":\"FR71834470973\",\"taxID\":\"83447097300043\",\"numberOfEmployees\":{\"@type\":\"QuantitativeValue\",\"minValue\":\"1\",\"maxValue\":\"10\"}},{\"@type\":\"Person\",\"@id\":\"https:\/\/dicodusport.fr\/blog\/#\/schema\/person\/55dcb50ad410894e431ed812bbb70191\",\"name\":\"Nicolas Jacquemard\",\"image\":{\"@type\":\"ImageObject\",\"inLanguage\":\"fr-FR\",\"@id\":\"https:\/\/dicodusport.fr\/blog\/#\/schema\/person\/image\/\",\"url\":\"https:\/\/dicodusport.fr\/blog\/wp-content\/uploads\/2021\/05\/Nicolas-Jacquemard-150x150.jpeg\",\"contentUrl\":\"https:\/\/dicodusport.fr\/blog\/wp-content\/uploads\/2021\/05\/Nicolas-Jacquemard-150x150.jpeg\",\"caption\":\"Nicolas Jacquemard\"},\"description\":\"Passionn\u00e9 de sport et entrepreneur depuis mes 18 ans, la cr\u00e9ation de Dicodusport m'a sembl\u00e9 \u00e9vidente pour participer \u00e0 la m\u00e9diatisation d'un plus grand nombre de sports. Le chemin est long mais avec une \u00e9quipe des plus motiv\u00e9es et les Jeux Olympiques de Paris 2024 en point de mire, nous y arriverons ! Journaliste dans le monde du sport depuis plus de 5 ans, je traite aussi bien de football, de rugby, de biathlon que de cyclisme.\",\"sameAs\":[\"https:\/\/www.facebook.com\/dicodusport\",\"https:\/\/x.com\/https:\/\/twitter.com\/Nico_Jacquemard\"],\"url\":\"https:\/\/dicodusport.fr\/blog\/author\/dicodusport\/\"}]}<\/script>\n<!-- \/ Yoast SEO Premium plugin. -->","yoast_head_json":{"title":"Ga\u00ebl Monfils, on en r\u00eave encore !","description":"Apr\u00e8s une saison 2016 r\u00e9ussi et encourageante, Gael Monfils a \u00e9t\u00e9 rattrap\u00e9 par les blessures en 2017 pour tomber \u00e0 la 46\u00e8me place au classement ATP.","robots":{"index":"index","follow":"follow","max-snippet":"max-snippet:-1","max-image-preview":"max-image-preview:large","max-video-preview":"max-video-preview:-1"},"canonical":"https:\/\/dicodusport.fr\/blog\/gael-monfils-on-en-reve-encore\/","og_locale":"fr_FR","og_type":"article","og_title":"Ga\u00ebl Monfils, on en r\u00eave encore !","og_description":"Apr\u00e8s une saison 2016 r\u00e9ussi et encourageante, Gael Monfils a \u00e9t\u00e9 rattrap\u00e9 par les blessures en 2017 pour tomber \u00e0 la 46\u00e8me place au classement ATP.","og_url":"https:\/\/dicodusport.fr\/blog\/gael-monfils-on-en-reve-encore\/","og_site_name":"Dicodusport","article_publisher":"https:\/\/www.facebook.com\/dicodusport","article_author":"https:\/\/www.facebook.com\/dicodusport","article_published_time":"2017-12-09T10:54:58+00:00","og_image":[{"width":1200,"height":670,"url":"https:\/\/dicodusport.fr\/blog\/wp-content\/uploads\/2017\/12\/Gael-Monfils.png","type":"image\/png"}],"author":"Nicolas Jacquemard","twitter_card":"summary_large_image","twitter_creator":"@https:\/\/twitter.com\/Nico_Jacquemard","twitter_site":"@dicodusport","schema":{"@context":"https:\/\/schema.org","@graph":[{"@type":"NewsArticle","@id":"https:\/\/dicodusport.fr\/blog\/gael-monfils-on-en-reve-encore\/#article","isPartOf":{"@id":"https:\/\/dicodusport.fr\/blog\/gael-monfils-on-en-reve-encore\/"},"author":{"name":"Nicolas Jacquemard","@id":"https:\/\/dicodusport.fr\/blog\/#\/schema\/person\/55dcb50ad410894e431ed812bbb70191"},"headline":"Ga\u00ebl Monfils, on en r\u00eave encore !","datePublished":"2017-12-09T10:54:58+00:00","mainEntityOfPage":{"@id":"https:\/\/dicodusport.fr\/blog\/gael-monfils-on-en-reve-encore\/"},"wordCount":479,"commentCount":0,"publisher":{"@id":"https:\/\/dicodusport.fr\/blog\/#organization"},"image":{"@id":"https:\/\/dicodusport.fr\/blog\/gael-monfils-on-en-reve-encore\/#primaryimage"},"thumbnailUrl":"https:\/\/dicodusport.fr\/blog\/wp-content\/uploads\/2017\/12\/Gael-Monfils.png","keywords":["ATP","Coupe Davis","Federer","Ga\u00ebl Monfils","monfils","Tennis","Tsonga"],"articleSection":["Actualit\u00e9s","Tennis"],"inLanguage":"fr-FR","potentialAction":[{"@type":"CommentAction","name":"Comment","target":["https:\/\/dicodusport.fr\/blog\/gael-monfils-on-en-reve-encore\/#respond"]}],"copyrightYear":"2017","copyrightHolder":{"@id":"https:\/\/dicodusport.fr\/blog\/#organization"}},{"@type":"WebPage","@id":"https:\/\/dicodusport.fr\/blog\/gael-monfils-on-en-reve-encore\/","url":"https:\/\/dicodusport.fr\/blog\/gael-monfils-on-en-reve-encore\/","name":"Ga\u00ebl Monfils, on en r\u00eave encore !","isPartOf":{"@id":"https:\/\/dicodusport.fr\/blog\/#website"},"primaryImageOfPage":{"@id":"https:\/\/dicodusport.fr\/blog\/gael-monfils-on-en-reve-encore\/#primaryimage"},"image":{"@id":"https:\/\/dicodusport.fr\/blog\/gael-monfils-on-en-reve-encore\/#primaryimage"},"thumbnailUrl":"https:\/\/dicodusport.fr\/blog\/wp-content\/uploads\/2017\/12\/Gael-Monfils.png","datePublished":"2017-12-09T10:54:58+00:00","description":"Apr\u00e8s une saison 2016 r\u00e9ussi et encourageante, Gael Monfils a \u00e9t\u00e9 rattrap\u00e9 par les blessures en 2017 pour tomber \u00e0 la 46\u00e8me place au classement ATP.","breadcrumb":{"@id":"https:\/\/dicodusport.fr\/blog\/gael-monfils-on-en-reve-encore\/#breadcrumb"},"inLanguage":"fr-FR","potentialAction":[{"@type":"ReadAction","target":["https:\/\/dicodusport.fr\/blog\/gael-monfils-on-en-reve-encore\/"]}]},{"@type":"ImageObject","inLanguage":"fr-FR","@id":"https:\/\/dicodusport.fr\/blog\/gael-monfils-on-en-reve-encore\/#primaryimage","url":"https:\/\/dicodusport.fr\/blog\/wp-content\/uploads\/2017\/12\/Gael-Monfils.png","contentUrl":"https:\/\/dicodusport.fr\/blog\/wp-content\/uploads\/2017\/12\/Gael-Monfils.png","width":1200,"height":670},{"@type":"BreadcrumbList","@id":"https:\/\/dicodusport.fr\/blog\/gael-monfils-on-en-reve-encore\/#breadcrumb","itemListElement":[{"@type":"ListItem","position":1,"name":"Accueil","item":"https:\/\/dicodusport.fr\/blog\/"},{"@type":"ListItem","position":2,"name":"Ga\u00ebl Monfils, on en r\u00eave encore !"}]},{"@type":"WebSite","@id":"https:\/\/dicodusport.fr\/blog\/#website","url":"https:\/\/dicodusport.fr\/blog\/","name":"Dicodusport","description":"L&#039;encyclop\u00e9die de l&#039;actualit\u00e9 sportive","publisher":{"@id":"https:\/\/dicodusport.fr\/blog\/#organization"},"potentialAction":[{"@type":"SearchAction","target":{"@type":"EntryPoint","urlTemplate":"https:\/\/dicodusport.fr\/blog\/?s={search_term_string}"},"query-input":{"@type":"PropertyValueSpecification","valueRequired":true,"valueName":"search_term_string"}}],"inLanguage":"fr-FR"},{"@type":"NewsMediaOrganization","@id":"https:\/\/dicodusport.fr\/blog\/#organization","name":"Dicodusport","url":"https:\/\/dicodusport.fr\/blog\/","logo":{"@type":"ImageObject","inLanguage":"fr-FR","@id":"https:\/\/dicodusport.fr\/blog\/#\/schema\/logo\/image\/","url":"https:\/\/dicodusport.fr\/blog\/wp-content\/uploads\/2020\/06\/cropped-LOGO-DICODUSPORT-2020-SANS-FOND-SANS-TEXTE.png","contentUrl":"https:\/\/dicodusport.fr\/blog\/wp-content\/uploads\/2020\/06\/cropped-LOGO-DICODUSPORT-2020-SANS-FOND-SANS-TEXTE.png","width":512,"height":512,"caption":"Dicodusport"},"image":{"@id":"https:\/\/dicodusport.fr\/blog\/#\/schema\/logo\/image\/"},"sameAs":["https:\/\/www.facebook.com\/dicodusport","https:\/\/x.com\/dicodusport","https:\/\/www.instagram.com\/dicodusport\/","https:\/\/www.youtube.com\/channel\/UC7V2KZ5sd3htJivAbA4ZG3w"],"description":"Dicodusport est l'encyclop\u00e9die de l'actualit\u00e9 sportive.","email":"bonjour@dicodusport.fr","legalName":"DICODUSPORT","foundingDate":"2018-01-14","vatID":"FR71834470973","taxID":"83447097300043","numberOfEmployees":{"@type":"QuantitativeValue","minValue":"1","maxValue":"10"}},{"@type":"Person","@id":"https:\/\/dicodusport.fr\/blog\/#\/schema\/person\/55dcb50ad410894e431ed812bbb70191","name":"Nicolas Jacquemard","image":{"@type":"ImageObject","inLanguage":"fr-FR","@id":"https:\/\/dicodusport.fr\/blog\/#\/schema\/person\/image\/","url":"https:\/\/dicodusport.fr\/blog\/wp-content\/uploads\/2021\/05\/Nicolas-Jacquemard-150x150.jpeg","contentUrl":"https:\/\/dicodusport.fr\/blog\/wp-content\/uploads\/2021\/05\/Nicolas-Jacquemard-150x150.jpeg","caption":"Nicolas Jacquemard"},"description":"Passionn\u00e9 de sport et entrepreneur depuis mes 18 ans, la cr\u00e9ation de Dicodusport m'a sembl\u00e9 \u00e9vidente pour participer \u00e0 la m\u00e9diatisation d'un plus grand nombre de sports. Le chemin est long mais avec une \u00e9quipe des plus motiv\u00e9es et les Jeux Olympiques de Paris 2024 en point de mire, nous y arriverons ! Journaliste dans le monde du sport depuis plus de 5 ans, je traite aussi bien de football, de rugby, de biathlon que de cyclisme.","sameAs":["https:\/\/www.facebook.com\/dicodusport","https:\/\/x.com\/https:\/\/twitter.com\/Nico_Jacquemard"],"url":"https:\/\/dicodusport.fr\/blog\/author\/dicodusport\/"}]}},"_links":{"self":[{"href":"https:\/\/dicodusport.fr\/blog\/wp-json\/wp\/v2\/posts\/8383","targetHints":{"allow":["GET"]}}],"collection":[{"href":"https:\/\/dicodusport.fr\/blog\/wp-json\/wp\/v2\/posts"}],"about":[{"href":"https:\/\/dicodusport.fr\/blog\/wp-json\/wp\/v2\/types\/post"}],"author":[{"embeddable":true,"href":"https:\/\/dicodusport.fr\/blog\/wp-json\/wp\/v2\/users\/1"}],"replies":[{"embeddable":true,"href":"https:\/\/dicodusport.fr\/blog\/wp-json\/wp\/v2\/comments?post=8383"}],"version-history":[{"count":0,"href":"https:\/\/dicodusport.fr\/blog\/wp-json\/wp\/v2\/posts\/8383\/revisions"}],"wp:featuredmedia":[{"embeddable":true,"href":"https:\/\/dicodusport.fr\/blog\/wp-json\/wp\/v2\/media\/8389"}],"wp:attachment":[{"href":"https:\/\/dicodusport.fr\/blog\/wp-json\/wp\/v2\/media?parent=8383"}],"wp:term":[{"taxonomy":"category","embeddable":true,"href":"https:\/\/dicodusport.fr\/blog\/wp-json\/wp\/v2\/categories?post=8383"},{"taxonomy":"post_tag","embeddable":true,"href":"https:\/\/dicodusport.fr\/blog\/wp-json\/wp\/v2\/tags?post=8383"}],"curies":[{"name":"wp","href":"https:\/\/api.w.org\/{rel}","templated":true}]}}