{"id":84378,"date":"2020-10-23T13:15:01","date_gmt":"2020-10-23T11:15:01","guid":{"rendered":"https:\/\/dicodusport.fr\/blog\/?p=84378"},"modified":"2020-10-23T19:48:00","modified_gmt":"2020-10-23T17:48:00","slug":"noel-le-graet-inquiet-pour-le-football-francais","status":"publish","type":"post","link":"https:\/\/dicodusport.fr\/blog\/noel-le-graet-inquiet-pour-le-football-francais\/","title":{"rendered":"No\u00ebl Le Gra\u00ebt inquiet pour le football fran\u00e7ais"},"content":{"rendered":"<p style=\"text-align: justify;\"><em><strong>FOOTBALL &#8211; Interrog\u00e9 par le journal <a href=\"https:\/\/www.lequipe.fr\/Football\/Article\/Noel-le-graet-avec-mediapro-l-inquietude-est-grande\/1186513\" target=\"_blank\" rel=\"noopener noreferrer\">L&rsquo;\u00c9quipe<\/a>, le pr\u00e9sident de la FFF, No\u00ebl Le Gra\u00ebt, a fait part de son inqui\u00e9tude concernant les intentions de Mediapro. Selon lui, le football fran\u00e7ais est en grand danger.<\/strong><\/em><\/p>\n<p style=\"text-align: justify;\">Vainqueur de l&rsquo;appel d&rsquo;offre lui permettant d&rsquo;\u00eatre le diffuseur de la Ligue 1 pour les 4 prochaines saisons, <strong>Mediapro<\/strong> est dans le dur. Et tout le football fran\u00e7ais avec. Les chiffres avaient de quoi en faire p\u00e2lir plus d&rsquo;un. Un championnat valoris\u00e9 \u00e0 plus d&rsquo;un milliard d&rsquo;euros et des droits TV pour les clubs d\u00e9multipli\u00e9s. Mais la strat\u00e9gie du diffuseur sino-espagnol avait de quoi questionner. Apr\u00e8s les probl\u00e8mes concernant la diffusion de la Serie A r\u00e9cemment, voil\u00e0 que le probl\u00e8me se r\u00e9p\u00e8te. Les paiements font donc d\u00e9faut, tout comme le nombre d&rsquo;abonn\u00e9s (moins de 500 000 selon les indiscr\u00e9tions). Au tarif propos\u00e9, on comprend les r\u00e9fractaires.<\/p>\n<h2 style=\"text-align: justify;\">\u00ab La situation est extr\u00eamement compliqu\u00e9e pour la Ligue \u00bb<\/h2>\n<p style=\"text-align: justify;\">Si les r\u00e9actions se font nombreuses, le pr\u00e9sident <strong>No\u00ebl Le Gra\u00ebt<\/strong>\u00a0a \u00e9galement tenu \u00e0 se prononcer sur le sujet. <em>\u00ab <strong>La situation est extr\u00eamement compliqu\u00e9e pour la Ligue.<\/strong> <a href=\"https:\/\/dicodusport.fr\/blog\/les-5-choses-a-retenir-de-la-conference-de-presse-de-mediapro\/\">La conf\u00e9rence de presse, hier<\/a>, de <strong>Jaume Roures<\/strong>, le pr\u00e9sident de Mediapro, n&rsquo;indique pas que la reprise des paiements va \u00eatre rapide. Pour le moment, il n&rsquo;y a pas de rupture d\u00e9finitive. J&rsquo;imagine que cette soci\u00e9t\u00e9 travaille avec ses actionnaires pour trouver des arguments financiers plus costauds. <strong>Mais cela cr\u00e9erait d&rsquo;\u00e9normes difficult\u00e9s pour les clubs fran\u00e7ais et m\u00eame la F\u00e9d\u00e9ration si Mediapro ne tenait pas ses engagements \u00bb<\/strong><\/em>, a l\u00e2ch\u00e9 le boss de la FFF, avant de poursuivre. <em>\u00ab<\/em><em>\u00a0<\/em><em><strong>C&rsquo;est tr\u00e8s clair. Si Mediapro ne paie pas, tout le football fran\u00e7ais sera en difficult\u00e9 \u00e9conomique<\/strong>. \u00bb<\/em><\/p>\n<blockquote class=\"twitter-tweet\">\n<p dir=\"ltr\" lang=\"fr\">No\u00ebl Le Gra\u00ebt : \u00ab Avec Mediapro, l&rsquo;inqui\u00e9tude est grande \u00bb<\/p>\n<p>Le pr\u00e9sident de la F\u00e9d\u00e9ration fran\u00e7aise de football d\u00e9plore la d\u00e9faillance de Mediapro, principal diffuseur de la L1 et de la L2, qui met en p\u00e9ril tout le football fran\u00e7ais <a href=\"https:\/\/t.co\/3hUtlhA0Fv\">https:\/\/t.co\/3hUtlhA0Fv<\/a> <a href=\"https:\/\/t.co\/zLQsgSB0FW\">pic.twitter.com\/zLQsgSB0FW<\/a><\/p>\n<p>\u2014 L&rsquo;\u00c9QUIPE (@lequipe) <a href=\"https:\/\/twitter.com\/lequipe\/status\/1319560471461187585?ref_src=twsrc%5Etfw\">October 23, 2020<\/a><\/p><\/blockquote>\n<p><script async src=\"https:\/\/platform.twitter.com\/widgets.js\" charset=\"utf-8\"><\/script><\/p>\n<p><strong><em>Julien Correia<br \/>\n<a href=\"https:\/\/www.facebook.com\/julien.correia.52\" target=\"_blank\" rel=\"noopener noreferrer\"><img loading=\"lazy\" decoding=\"async\" class=\"alignnone wp-image-2909\" src=\"http:\/\/dicodusport.fr\/blog\/wp-content\/uploads\/2017\/07\/logo-facebook-150x150.png\" alt=\"\" width=\"40\" height=\"40\" \/><\/a><a href=\"https:\/\/twitter.com\/julienco_psg70\" target=\"_blank\" rel=\"noopener noreferrer\"><img loading=\"lazy\" decoding=\"async\" class=\"alignnone wp-image-2908\" src=\"http:\/\/dicodusport.fr\/blog\/wp-content\/uploads\/2017\/07\/logo-twitter-150x150.png\" alt=\"\" width=\"39\" height=\"39\" \/><\/a><\/em><\/strong><\/p>\n","protected":false},"excerpt":{"rendered":"<p>FOOTBALL &#8211; Interrog\u00e9 par le journal L&rsquo;\u00c9quipe, le pr\u00e9sident de la FFF, No\u00ebl Le Gra\u00ebt, a fait part de son inqui\u00e9tude concernant les intentions de Mediapro. Selon lui, le football fran\u00e7ais est en grand danger.<\/p>\n","protected":false},"author":37,"featured_media":84393,"comment_status":"open","ping_status":"closed","sticky":false,"template":"","format":"standard","meta":{"_acf_changed":false,"_daextam_enable_autolinks":"","footnotes":""},"categories":[2301],"tags":[9635,4856,75,8494,9607],"class_list":["post-84378","post","type-post","status-publish","format-standard","has-post-thumbnail","hentry","category-football","tag-droits-tv","tag-fff","tag-football","tag-mediapro","tag-noel-le-graet"],"acf":[],"yoast_head":"<!-- This site is optimized with the Yoast SEO Premium plugin v26.7 (Yoast SEO v26.7) - https:\/\/yoast.com\/wordpress\/plugins\/seo\/ -->\n<title>No\u00ebl Le Gra\u00ebt inquiet pour le football fran\u00e7ais<\/title>\n<meta name=\"description\" content=\"FOOTBALL - Le pr\u00e9sident de la FFF, No\u00ebl Le Gra\u00ebt, a fait part de son inqui\u00e9tude concernant les intentions de Mediapro.\" \/>\n<meta name=\"robots\" content=\"index, follow, max-snippet:-1, max-image-preview:large, max-video-preview:-1\" \/>\n<link rel=\"canonical\" href=\"https:\/\/dicodusport.fr\/blog\/noel-le-graet-inquiet-pour-le-football-francais\/\" \/>\n<meta property=\"og:locale\" content=\"fr_FR\" \/>\n<meta property=\"og:type\" content=\"article\" \/>\n<meta property=\"og:title\" content=\"No\u00ebl Le Gra\u00ebt inquiet pour le football fran\u00e7ais\" \/>\n<meta property=\"og:description\" content=\"FOOTBALL - Le pr\u00e9sident de la FFF, No\u00ebl Le Gra\u00ebt, a fait part de son inqui\u00e9tude concernant les intentions de Mediapro.\" \/>\n<meta property=\"og:url\" content=\"https:\/\/dicodusport.fr\/blog\/noel-le-graet-inquiet-pour-le-football-francais\/\" \/>\n<meta property=\"og:site_name\" content=\"Dicodusport\" \/>\n<meta property=\"article:publisher\" content=\"https:\/\/www.facebook.com\/dicodusport\" \/>\n<meta property=\"article:author\" content=\"https:\/\/www.facebook.com\/julien.correia.52\" \/>\n<meta property=\"article:published_time\" content=\"2020-10-23T11:15:01+00:00\" \/>\n<meta property=\"article:modified_time\" content=\"2020-10-23T17:48:00+00:00\" \/>\n<meta property=\"og:image\" content=\"https:\/\/dicodusport.fr\/blog\/wp-content\/uploads\/2020\/10\/No\u00ebl-Le-Gra\u00ebt-inquiet-pour-le-football-fran\u00e7ais.png\" \/>\n\t<meta property=\"og:image:width\" content=\"800\" \/>\n\t<meta property=\"og:image:height\" content=\"445\" \/>\n\t<meta property=\"og:image:type\" content=\"image\/png\" \/>\n<meta name=\"author\" content=\"Julien Correia\" \/>\n<meta name=\"twitter:card\" content=\"summary_large_image\" \/>\n<meta name=\"twitter:title\" content=\"No\u00ebl Le Gra\u00ebt inquiet pour le football fran\u00e7ais\" \/>\n<meta name=\"twitter:creator\" content=\"@https:\/\/twitter.com\/julienco_psg70\" \/>\n<meta name=\"twitter:site\" content=\"@dicodusport\" \/>\n<script type=\"application\/ld+json\" class=\"yoast-schema-graph\">{\"@context\":\"https:\/\/schema.org\",\"@graph\":[{\"@type\":\"NewsArticle\",\"@id\":\"https:\/\/dicodusport.fr\/blog\/noel-le-graet-inquiet-pour-le-football-francais\/#article\",\"isPartOf\":{\"@id\":\"https:\/\/dicodusport.fr\/blog\/noel-le-graet-inquiet-pour-le-football-francais\/\"},\"author\":{\"name\":\"Julien Correia\",\"@id\":\"https:\/\/dicodusport.fr\/blog\/#\/schema\/person\/0f73d157e4670e108e23009fa82f2239\"},\"headline\":\"No\u00ebl Le Gra\u00ebt inquiet pour le football fran\u00e7ais\",\"datePublished\":\"2020-10-23T11:15:01+00:00\",\"dateModified\":\"2020-10-23T17:48:00+00:00\",\"mainEntityOfPage\":{\"@id\":\"https:\/\/dicodusport.fr\/blog\/noel-le-graet-inquiet-pour-le-football-francais\/\"},\"wordCount\":395,\"commentCount\":0,\"publisher\":{\"@id\":\"https:\/\/dicodusport.fr\/blog\/#organization\"},\"image\":{\"@id\":\"https:\/\/dicodusport.fr\/blog\/noel-le-graet-inquiet-pour-le-football-francais\/#primaryimage\"},\"thumbnailUrl\":\"https:\/\/dicodusport.fr\/blog\/wp-content\/uploads\/2020\/10\/No\u00ebl-Le-Gra\u00ebt-inquiet-pour-le-football-fran\u00e7ais.png\",\"keywords\":[\"Droits TV\",\"FFF\",\"Football\",\"Mediapro\",\"No\u00ebl Le Gra\u00ebt\"],\"articleSection\":[\"Football\"],\"inLanguage\":\"fr-FR\",\"potentialAction\":[{\"@type\":\"CommentAction\",\"name\":\"Comment\",\"target\":[\"https:\/\/dicodusport.fr\/blog\/noel-le-graet-inquiet-pour-le-football-francais\/#respond\"]}],\"copyrightYear\":\"2020\",\"copyrightHolder\":{\"@id\":\"https:\/\/dicodusport.fr\/blog\/#organization\"}},{\"@type\":\"WebPage\",\"@id\":\"https:\/\/dicodusport.fr\/blog\/noel-le-graet-inquiet-pour-le-football-francais\/\",\"url\":\"https:\/\/dicodusport.fr\/blog\/noel-le-graet-inquiet-pour-le-football-francais\/\",\"name\":\"No\u00ebl Le Gra\u00ebt inquiet pour le football fran\u00e7ais\",\"isPartOf\":{\"@id\":\"https:\/\/dicodusport.fr\/blog\/#website\"},\"primaryImageOfPage\":{\"@id\":\"https:\/\/dicodusport.fr\/blog\/noel-le-graet-inquiet-pour-le-football-francais\/#primaryimage\"},\"image\":{\"@id\":\"https:\/\/dicodusport.fr\/blog\/noel-le-graet-inquiet-pour-le-football-francais\/#primaryimage\"},\"thumbnailUrl\":\"https:\/\/dicodusport.fr\/blog\/wp-content\/uploads\/2020\/10\/No\u00ebl-Le-Gra\u00ebt-inquiet-pour-le-football-fran\u00e7ais.png\",\"datePublished\":\"2020-10-23T11:15:01+00:00\",\"dateModified\":\"2020-10-23T17:48:00+00:00\",\"description\":\"FOOTBALL - Le pr\u00e9sident de la FFF, No\u00ebl Le Gra\u00ebt, a fait part de son inqui\u00e9tude concernant les intentions de Mediapro.\",\"breadcrumb\":{\"@id\":\"https:\/\/dicodusport.fr\/blog\/noel-le-graet-inquiet-pour-le-football-francais\/#breadcrumb\"},\"inLanguage\":\"fr-FR\",\"potentialAction\":[{\"@type\":\"ReadAction\",\"target\":[\"https:\/\/dicodusport.fr\/blog\/noel-le-graet-inquiet-pour-le-football-francais\/\"]}]},{\"@type\":\"ImageObject\",\"inLanguage\":\"fr-FR\",\"@id\":\"https:\/\/dicodusport.fr\/blog\/noel-le-graet-inquiet-pour-le-football-francais\/#primaryimage\",\"url\":\"https:\/\/dicodusport.fr\/blog\/wp-content\/uploads\/2020\/10\/No\u00ebl-Le-Gra\u00ebt-inquiet-pour-le-football-fran\u00e7ais.png\",\"contentUrl\":\"https:\/\/dicodusport.fr\/blog\/wp-content\/uploads\/2020\/10\/No\u00ebl-Le-Gra\u00ebt-inquiet-pour-le-football-fran\u00e7ais.png\",\"width\":800,\"height\":445,\"caption\":\"No\u00ebl Le Gra\u00ebt inquiet pour le football fran\u00e7ais\"},{\"@type\":\"BreadcrumbList\",\"@id\":\"https:\/\/dicodusport.fr\/blog\/noel-le-graet-inquiet-pour-le-football-francais\/#breadcrumb\",\"itemListElement\":[{\"@type\":\"ListItem\",\"position\":1,\"name\":\"Accueil\",\"item\":\"https:\/\/dicodusport.fr\/blog\/\"},{\"@type\":\"ListItem\",\"position\":2,\"name\":\"No\u00ebl Le Gra\u00ebt inquiet pour le football fran\u00e7ais\"}]},{\"@type\":\"WebSite\",\"@id\":\"https:\/\/dicodusport.fr\/blog\/#website\",\"url\":\"https:\/\/dicodusport.fr\/blog\/\",\"name\":\"Dicodusport\",\"description\":\"L&#039;encyclop\u00e9die de l&#039;actualit\u00e9 sportive\",\"publisher\":{\"@id\":\"https:\/\/dicodusport.fr\/blog\/#organization\"},\"potentialAction\":[{\"@type\":\"SearchAction\",\"target\":{\"@type\":\"EntryPoint\",\"urlTemplate\":\"https:\/\/dicodusport.fr\/blog\/?s={search_term_string}\"},\"query-input\":{\"@type\":\"PropertyValueSpecification\",\"valueRequired\":true,\"valueName\":\"search_term_string\"}}],\"inLanguage\":\"fr-FR\"},{\"@type\":\"NewsMediaOrganization\",\"@id\":\"https:\/\/dicodusport.fr\/blog\/#organization\",\"name\":\"Dicodusport\",\"url\":\"https:\/\/dicodusport.fr\/blog\/\",\"logo\":{\"@type\":\"ImageObject\",\"inLanguage\":\"fr-FR\",\"@id\":\"https:\/\/dicodusport.fr\/blog\/#\/schema\/logo\/image\/\",\"url\":\"https:\/\/dicodusport.fr\/blog\/wp-content\/uploads\/2020\/06\/cropped-LOGO-DICODUSPORT-2020-SANS-FOND-SANS-TEXTE.png\",\"contentUrl\":\"https:\/\/dicodusport.fr\/blog\/wp-content\/uploads\/2020\/06\/cropped-LOGO-DICODUSPORT-2020-SANS-FOND-SANS-TEXTE.png\",\"width\":512,\"height\":512,\"caption\":\"Dicodusport\"},\"image\":{\"@id\":\"https:\/\/dicodusport.fr\/blog\/#\/schema\/logo\/image\/\"},\"sameAs\":[\"https:\/\/www.facebook.com\/dicodusport\",\"https:\/\/x.com\/dicodusport\",\"https:\/\/www.instagram.com\/dicodusport\/\",\"https:\/\/www.youtube.com\/channel\/UC7V2KZ5sd3htJivAbA4ZG3w\"],\"description\":\"Dicodusport est l'encyclop\u00e9die de l'actualit\u00e9 sportive.\",\"email\":\"bonjour@dicodusport.fr\",\"legalName\":\"DICODUSPORT\",\"foundingDate\":\"2018-01-14\",\"vatID\":\"FR71834470973\",\"taxID\":\"83447097300043\",\"numberOfEmployees\":{\"@type\":\"QuantitativeValue\",\"minValue\":\"1\",\"maxValue\":\"10\"}},{\"@type\":\"Person\",\"@id\":\"https:\/\/dicodusport.fr\/blog\/#\/schema\/person\/0f73d157e4670e108e23009fa82f2239\",\"name\":\"Julien Correia\",\"image\":{\"@type\":\"ImageObject\",\"inLanguage\":\"fr-FR\",\"@id\":\"https:\/\/dicodusport.fr\/blog\/#\/schema\/person\/image\/\",\"url\":\"https:\/\/dicodusport.fr\/blog\/wp-content\/uploads\/2021\/05\/Julien-Correia-150x150.jpg\",\"contentUrl\":\"https:\/\/dicodusport.fr\/blog\/wp-content\/uploads\/2021\/05\/Julien-Correia-150x150.jpg\",\"caption\":\"Julien Correia\"},\"description\":\"Journaliste\/r\u00e9dacteur depuis janvier 2019 - Tomb\u00e9 dans le monde du ballon rond \u00e9tant petit, j\u2019aurais pu devenir pro sans ces foutus ligaments crois\u00e9s. D\u00e9filant sur les champs (mais pas Elys\u00e9es) en 98, j\u2019ai \u00e9t\u00e9 berc\u00e9 par les exploits de Mister George, piqu\u00e9 par la technique du Snake, grandi avec Captain Rai et Ronnie, m\u00fbri avec Pauleta et Edi. Mais Ibracadabra, je suis d\u00e9sormais reconverti en runner\/traileur. Moins rapide que Bolt et moins endurant que Jornet, c\u2019est donc plume \u00e0 la main que je partage les exploits de ces athl\u00e8tes !\",\"sameAs\":[\"https:\/\/www.facebook.com\/julien.correia.52\",\"https:\/\/x.com\/https:\/\/twitter.com\/julienco_psg70\"],\"url\":\"https:\/\/dicodusport.fr\/blog\/author\/julien-c\/\"}]}<\/script>\n<!-- \/ Yoast SEO Premium plugin. -->","yoast_head_json":{"title":"No\u00ebl Le Gra\u00ebt inquiet pour le football fran\u00e7ais","description":"FOOTBALL - Le pr\u00e9sident de la FFF, No\u00ebl Le Gra\u00ebt, a fait part de son inqui\u00e9tude concernant les intentions de Mediapro.","robots":{"index":"index","follow":"follow","max-snippet":"max-snippet:-1","max-image-preview":"max-image-preview:large","max-video-preview":"max-video-preview:-1"},"canonical":"https:\/\/dicodusport.fr\/blog\/noel-le-graet-inquiet-pour-le-football-francais\/","og_locale":"fr_FR","og_type":"article","og_title":"No\u00ebl Le Gra\u00ebt inquiet pour le football fran\u00e7ais","og_description":"FOOTBALL - Le pr\u00e9sident de la FFF, No\u00ebl Le Gra\u00ebt, a fait part de son inqui\u00e9tude concernant les intentions de Mediapro.","og_url":"https:\/\/dicodusport.fr\/blog\/noel-le-graet-inquiet-pour-le-football-francais\/","og_site_name":"Dicodusport","article_publisher":"https:\/\/www.facebook.com\/dicodusport","article_author":"https:\/\/www.facebook.com\/julien.correia.52","article_published_time":"2020-10-23T11:15:01+00:00","article_modified_time":"2020-10-23T17:48:00+00:00","og_image":[{"width":800,"height":445,"url":"https:\/\/dicodusport.fr\/blog\/wp-content\/uploads\/2020\/10\/No\u00ebl-Le-Gra\u00ebt-inquiet-pour-le-football-fran\u00e7ais.png","type":"image\/png"}],"author":"Julien Correia","twitter_card":"summary_large_image","twitter_title":"No\u00ebl Le Gra\u00ebt inquiet pour le football fran\u00e7ais","twitter_creator":"@https:\/\/twitter.com\/julienco_psg70","twitter_site":"@dicodusport","schema":{"@context":"https:\/\/schema.org","@graph":[{"@type":"NewsArticle","@id":"https:\/\/dicodusport.fr\/blog\/noel-le-graet-inquiet-pour-le-football-francais\/#article","isPartOf":{"@id":"https:\/\/dicodusport.fr\/blog\/noel-le-graet-inquiet-pour-le-football-francais\/"},"author":{"name":"Julien Correia","@id":"https:\/\/dicodusport.fr\/blog\/#\/schema\/person\/0f73d157e4670e108e23009fa82f2239"},"headline":"No\u00ebl Le Gra\u00ebt inquiet pour le football fran\u00e7ais","datePublished":"2020-10-23T11:15:01+00:00","dateModified":"2020-10-23T17:48:00+00:00","mainEntityOfPage":{"@id":"https:\/\/dicodusport.fr\/blog\/noel-le-graet-inquiet-pour-le-football-francais\/"},"wordCount":395,"commentCount":0,"publisher":{"@id":"https:\/\/dicodusport.fr\/blog\/#organization"},"image":{"@id":"https:\/\/dicodusport.fr\/blog\/noel-le-graet-inquiet-pour-le-football-francais\/#primaryimage"},"thumbnailUrl":"https:\/\/dicodusport.fr\/blog\/wp-content\/uploads\/2020\/10\/No\u00ebl-Le-Gra\u00ebt-inquiet-pour-le-football-fran\u00e7ais.png","keywords":["Droits TV","FFF","Football","Mediapro","No\u00ebl Le Gra\u00ebt"],"articleSection":["Football"],"inLanguage":"fr-FR","potentialAction":[{"@type":"CommentAction","name":"Comment","target":["https:\/\/dicodusport.fr\/blog\/noel-le-graet-inquiet-pour-le-football-francais\/#respond"]}],"copyrightYear":"2020","copyrightHolder":{"@id":"https:\/\/dicodusport.fr\/blog\/#organization"}},{"@type":"WebPage","@id":"https:\/\/dicodusport.fr\/blog\/noel-le-graet-inquiet-pour-le-football-francais\/","url":"https:\/\/dicodusport.fr\/blog\/noel-le-graet-inquiet-pour-le-football-francais\/","name":"No\u00ebl Le Gra\u00ebt inquiet pour le football fran\u00e7ais","isPartOf":{"@id":"https:\/\/dicodusport.fr\/blog\/#website"},"primaryImageOfPage":{"@id":"https:\/\/dicodusport.fr\/blog\/noel-le-graet-inquiet-pour-le-football-francais\/#primaryimage"},"image":{"@id":"https:\/\/dicodusport.fr\/blog\/noel-le-graet-inquiet-pour-le-football-francais\/#primaryimage"},"thumbnailUrl":"https:\/\/dicodusport.fr\/blog\/wp-content\/uploads\/2020\/10\/No\u00ebl-Le-Gra\u00ebt-inquiet-pour-le-football-fran\u00e7ais.png","datePublished":"2020-10-23T11:15:01+00:00","dateModified":"2020-10-23T17:48:00+00:00","description":"FOOTBALL - Le pr\u00e9sident de la FFF, No\u00ebl Le Gra\u00ebt, a fait part de son inqui\u00e9tude concernant les intentions de Mediapro.","breadcrumb":{"@id":"https:\/\/dicodusport.fr\/blog\/noel-le-graet-inquiet-pour-le-football-francais\/#breadcrumb"},"inLanguage":"fr-FR","potentialAction":[{"@type":"ReadAction","target":["https:\/\/dicodusport.fr\/blog\/noel-le-graet-inquiet-pour-le-football-francais\/"]}]},{"@type":"ImageObject","inLanguage":"fr-FR","@id":"https:\/\/dicodusport.fr\/blog\/noel-le-graet-inquiet-pour-le-football-francais\/#primaryimage","url":"https:\/\/dicodusport.fr\/blog\/wp-content\/uploads\/2020\/10\/No\u00ebl-Le-Gra\u00ebt-inquiet-pour-le-football-fran\u00e7ais.png","contentUrl":"https:\/\/dicodusport.fr\/blog\/wp-content\/uploads\/2020\/10\/No\u00ebl-Le-Gra\u00ebt-inquiet-pour-le-football-fran\u00e7ais.png","width":800,"height":445,"caption":"No\u00ebl Le Gra\u00ebt inquiet pour le football fran\u00e7ais"},{"@type":"BreadcrumbList","@id":"https:\/\/dicodusport.fr\/blog\/noel-le-graet-inquiet-pour-le-football-francais\/#breadcrumb","itemListElement":[{"@type":"ListItem","position":1,"name":"Accueil","item":"https:\/\/dicodusport.fr\/blog\/"},{"@type":"ListItem","position":2,"name":"No\u00ebl Le Gra\u00ebt inquiet pour le football fran\u00e7ais"}]},{"@type":"WebSite","@id":"https:\/\/dicodusport.fr\/blog\/#website","url":"https:\/\/dicodusport.fr\/blog\/","name":"Dicodusport","description":"L&#039;encyclop\u00e9die de l&#039;actualit\u00e9 sportive","publisher":{"@id":"https:\/\/dicodusport.fr\/blog\/#organization"},"potentialAction":[{"@type":"SearchAction","target":{"@type":"EntryPoint","urlTemplate":"https:\/\/dicodusport.fr\/blog\/?s={search_term_string}"},"query-input":{"@type":"PropertyValueSpecification","valueRequired":true,"valueName":"search_term_string"}}],"inLanguage":"fr-FR"},{"@type":"NewsMediaOrganization","@id":"https:\/\/dicodusport.fr\/blog\/#organization","name":"Dicodusport","url":"https:\/\/dicodusport.fr\/blog\/","logo":{"@type":"ImageObject","inLanguage":"fr-FR","@id":"https:\/\/dicodusport.fr\/blog\/#\/schema\/logo\/image\/","url":"https:\/\/dicodusport.fr\/blog\/wp-content\/uploads\/2020\/06\/cropped-LOGO-DICODUSPORT-2020-SANS-FOND-SANS-TEXTE.png","contentUrl":"https:\/\/dicodusport.fr\/blog\/wp-content\/uploads\/2020\/06\/cropped-LOGO-DICODUSPORT-2020-SANS-FOND-SANS-TEXTE.png","width":512,"height":512,"caption":"Dicodusport"},"image":{"@id":"https:\/\/dicodusport.fr\/blog\/#\/schema\/logo\/image\/"},"sameAs":["https:\/\/www.facebook.com\/dicodusport","https:\/\/x.com\/dicodusport","https:\/\/www.instagram.com\/dicodusport\/","https:\/\/www.youtube.com\/channel\/UC7V2KZ5sd3htJivAbA4ZG3w"],"description":"Dicodusport est l'encyclop\u00e9die de l'actualit\u00e9 sportive.","email":"bonjour@dicodusport.fr","legalName":"DICODUSPORT","foundingDate":"2018-01-14","vatID":"FR71834470973","taxID":"83447097300043","numberOfEmployees":{"@type":"QuantitativeValue","minValue":"1","maxValue":"10"}},{"@type":"Person","@id":"https:\/\/dicodusport.fr\/blog\/#\/schema\/person\/0f73d157e4670e108e23009fa82f2239","name":"Julien Correia","image":{"@type":"ImageObject","inLanguage":"fr-FR","@id":"https:\/\/dicodusport.fr\/blog\/#\/schema\/person\/image\/","url":"https:\/\/dicodusport.fr\/blog\/wp-content\/uploads\/2021\/05\/Julien-Correia-150x150.jpg","contentUrl":"https:\/\/dicodusport.fr\/blog\/wp-content\/uploads\/2021\/05\/Julien-Correia-150x150.jpg","caption":"Julien Correia"},"description":"Journaliste\/r\u00e9dacteur depuis janvier 2019 - Tomb\u00e9 dans le monde du ballon rond \u00e9tant petit, j\u2019aurais pu devenir pro sans ces foutus ligaments crois\u00e9s. D\u00e9filant sur les champs (mais pas Elys\u00e9es) en 98, j\u2019ai \u00e9t\u00e9 berc\u00e9 par les exploits de Mister George, piqu\u00e9 par la technique du Snake, grandi avec Captain Rai et Ronnie, m\u00fbri avec Pauleta et Edi. Mais Ibracadabra, je suis d\u00e9sormais reconverti en runner\/traileur. Moins rapide que Bolt et moins endurant que Jornet, c\u2019est donc plume \u00e0 la main que je partage les exploits de ces athl\u00e8tes !","sameAs":["https:\/\/www.facebook.com\/julien.correia.52","https:\/\/x.com\/https:\/\/twitter.com\/julienco_psg70"],"url":"https:\/\/dicodusport.fr\/blog\/author\/julien-c\/"}]}},"_links":{"self":[{"href":"https:\/\/dicodusport.fr\/blog\/wp-json\/wp\/v2\/posts\/84378","targetHints":{"allow":["GET"]}}],"collection":[{"href":"https:\/\/dicodusport.fr\/blog\/wp-json\/wp\/v2\/posts"}],"about":[{"href":"https:\/\/dicodusport.fr\/blog\/wp-json\/wp\/v2\/types\/post"}],"author":[{"embeddable":true,"href":"https:\/\/dicodusport.fr\/blog\/wp-json\/wp\/v2\/users\/37"}],"replies":[{"embeddable":true,"href":"https:\/\/dicodusport.fr\/blog\/wp-json\/wp\/v2\/comments?post=84378"}],"version-history":[{"count":0,"href":"https:\/\/dicodusport.fr\/blog\/wp-json\/wp\/v2\/posts\/84378\/revisions"}],"wp:featuredmedia":[{"embeddable":true,"href":"https:\/\/dicodusport.fr\/blog\/wp-json\/wp\/v2\/media\/84393"}],"wp:attachment":[{"href":"https:\/\/dicodusport.fr\/blog\/wp-json\/wp\/v2\/media?parent=84378"}],"wp:term":[{"taxonomy":"category","embeddable":true,"href":"https:\/\/dicodusport.fr\/blog\/wp-json\/wp\/v2\/categories?post=84378"},{"taxonomy":"post_tag","embeddable":true,"href":"https:\/\/dicodusport.fr\/blog\/wp-json\/wp\/v2\/tags?post=84378"}],"curies":[{"name":"wp","href":"https:\/\/api.w.org\/{rel}","templated":true}]}}