{"id":84463,"date":"2020-10-24T13:04:39","date_gmt":"2020-10-24T11:04:39","guid":{"rendered":"https:\/\/dicodusport.fr\/blog\/?p=84463"},"modified":"2020-10-24T14:37:31","modified_gmt":"2020-10-24T12:37:31","slug":"que-peut-esperer-alexis-pinturault-cette-saison","status":"publish","type":"post","link":"https:\/\/dicodusport.fr\/blog\/que-peut-esperer-alexis-pinturault-cette-saison\/","title":{"rendered":"Que peut esp\u00e9rer Alexis Pinturault cette saison ?"},"content":{"rendered":"<p style=\"text-align: justify;\"><strong><em>SKI ALPIN &#8211; Depuis la retraite de Marcel Hirscher, Alexis Pinturault fait partie des vainqueurs potentiels du gros globe de cristal. Tout proche l&rsquo;an dernier, la Covid-19 et les conditions m\u00e9t\u00e9orologiques ont caus\u00e9 l&rsquo;arr\u00eat brutal de la saison, laissant Alexander Aamodt Kilde empocher la victoire finale d&rsquo;un rien.<\/em><\/strong><\/p>\n<h2 style=\"text-align: justify;\">Si proche, si loin<\/h2>\n<p style=\"text-align: justify;\">A-t-il laiss\u00e9 passer sa chance ? C&rsquo;est la question que l&rsquo;on pourrait se poser. En effet, avec 8 podiums dont 6 victoires l&rsquo;hiver dernier, <a href=\"https:\/\/dicodusport.fr\/blog\/tag\/alexis-pinturault\/\" target=\"_blank\" rel=\"noopener noreferrer\"><strong>Alexis Pinturault<\/strong><\/a> \u00e9tait le skieur qui s&rsquo;\u00e9tait le plus impos\u00e9. \u00c0 titre de comparaison, le vainqueur <strong>Kilde<\/strong> comptait une seule victoire. Alors qu&rsquo;il restait sur deux victoires cons\u00e9cutives \u00e0 Hinterstoder, le Savoyard voit le Norv\u00e9gien passer devant lui au g\u00e9n\u00e9ral sur la derni\u00e8re course, avant que la saison ne soit stopp\u00e9e d\u00e9finitivement par une m\u00e9t\u00e9o capricieuse, puis par la pand\u00e9mie mondiale. R\u00e9sultat, le natif de Mo\u00fbtiers termine second au g\u00e9n\u00e9ral avec 1148 points, \u00e0 54 points du leader, laissant un go\u00fbt d&rsquo;inachev\u00e9.<\/p>\n<h2 style=\"text-align: justify;\">La saison 2020-2021 menac\u00e9e par la pand\u00e9mie<\/h2>\n<p style=\"text-align: justify;\">Une chose est s\u00fbre, il faudra bien commencer la saison, prendre la t\u00eate du classement et la garder le plus longtemps possible. Avec ce virus qui rode encore et toujours, nous ne sommes pas \u00e0 l&rsquo;abri de voir plusieurs courses, voire une partie de la saison annul\u00e9e de nouveau. Ce qui pourrait jouer quelques mauvais tours aux favoris.<\/p>\n<p style=\"text-align: justify;\">Pour la premi\u00e8re course de la saison, \u00e0 S\u00f6lden en g\u00e9ant, <strong>Alexis Pinturault<\/strong> s&rsquo;est class\u00e9 4\u00e8me au terme de la seconde manche, un r\u00e9sultat qu&rsquo;il qualifiait de <em>\u00ab mitig\u00e9 mais correct \u00bb<\/em> malgr\u00e9 quelques petites erreurs. \u00c0 49 centi\u00e8mes de la victoire mais surtout \u00e0 3 centi\u00e8mes du podium, il prend tout de m\u00eame des points \u00e0 ses principaux concurrents, <strong>Kilde<\/strong> ayant chut\u00e9 et <strong>Kristoffersen <\/strong>terminant 5\u00e8me.<\/p>\n<div id=\"attachment_84609\" style=\"width: 2570px\" class=\"wp-caption aligncenter\"><img loading=\"lazy\" decoding=\"async\" aria-describedby=\"caption-attachment-84609\" class=\"size-full wp-image-84609\" src=\"https:\/\/dicodusport.fr\/blog\/wp-content\/uploads\/2020\/10\/Alexis-Pinturault-lors-du-g\u00e9ant-de-S\u00f6lden-Agence-Zoom-scaled.jpg\" alt=\"Alexis Pinturault lors du g\u00e9ant de S\u00f6lden - Agence Zoom\" width=\"2560\" height=\"1707\" srcset=\"https:\/\/dicodusport.fr\/blog\/wp-content\/uploads\/2020\/10\/Alexis-Pinturault-lors-du-g\u00e9ant-de-S\u00f6lden-Agence-Zoom-scaled.jpg 2560w, https:\/\/dicodusport.fr\/blog\/wp-content\/uploads\/2020\/10\/Alexis-Pinturault-lors-du-g\u00e9ant-de-S\u00f6lden-Agence-Zoom-300x200.jpg 300w, https:\/\/dicodusport.fr\/blog\/wp-content\/uploads\/2020\/10\/Alexis-Pinturault-lors-du-g\u00e9ant-de-S\u00f6lden-Agence-Zoom-1024x683.jpg 1024w, https:\/\/dicodusport.fr\/blog\/wp-content\/uploads\/2020\/10\/Alexis-Pinturault-lors-du-g\u00e9ant-de-S\u00f6lden-Agence-Zoom-768x512.jpg 768w, https:\/\/dicodusport.fr\/blog\/wp-content\/uploads\/2020\/10\/Alexis-Pinturault-lors-du-g\u00e9ant-de-S\u00f6lden-Agence-Zoom-1536x1024.jpg 1536w, https:\/\/dicodusport.fr\/blog\/wp-content\/uploads\/2020\/10\/Alexis-Pinturault-lors-du-g\u00e9ant-de-S\u00f6lden-Agence-Zoom-2048x1366.jpg 2048w\" sizes=\"auto, (max-width: 2560px) 100vw, 2560px\" \/><p id=\"caption-attachment-84609\" class=\"wp-caption-text\">Alexis Pinturault lors du g\u00e9ant de S\u00f6lden &#8211; Agence Zoom<\/p><\/div>\n<h2 style=\"text-align: justify;\">Une saison sans combin\u00e9 alpin<\/h2>\n<p style=\"text-align: justify;\">C&rsquo;est sans doute la principale difficult\u00e9 \u00e0 laquelle devra faire face <strong>Alexis Pinturault<\/strong> cette saison, dans sa qu\u00eate au gros globe. Aucun combin\u00e9 alpin ne sera programm\u00e9 de toute la saison, en dehors de celui des championnats du monde, qui auront lieu (normalement) du 8 au 21 f\u00e9vrier \u00e0 Cortina d&rsquo;Ampezzo (Italie). \u00c9tant l&rsquo;une des sp\u00e9cialit\u00e9s du Tricolore avec le g\u00e9ant, il n&rsquo;aura pas l&rsquo;occasion de remporter un onzi\u00e8me combin\u00e9 en Coupe du monde, ce qui le ferait devenir co-recordman dans cette \u00e9preuve. Il est par ailleurs quadruple vainqueur du petit globe, <a href=\"https:\/\/dicodusport.fr\/blog\/mondiaux-alexis-pinturault-sacre-champion-du-monde-en-combine-alpin\/\" target=\"_blank\" rel=\"noopener noreferrer\">champion du monde<\/a> et vice-champion olympique en titre de la sp\u00e9cialit\u00e9. Malgr\u00e9 ce manque \u00e0 gagner important, <strong>Alexis Pinturault<\/strong> sera tout de m\u00eame \u00e0 suivre de pr\u00e8s cette saison. Le gros globe en t\u00eate, forc\u00e9ment.<\/p>\n<ul>\n<li style=\"text-align: justify;\"><strong>\u00c0 faire &#8211; <a href=\"https:\/\/dicodusport.fr\/blog\/quiz-etes-vous-incollable-sur-alexis-pinturault\/\" target=\"_blank\" rel=\"noopener noreferrer\">Quiz : \u00cates-vous incollable sur Alexis Pinturault ?<\/a><\/strong><\/li>\n<\/ul>\n<p><strong><em>Maxime Boulard<br \/>\n<a href=\"https:\/\/www.facebook.com\/Max.Bld2\/\" target=\"_blank\" rel=\"noopener noreferrer\"><img loading=\"lazy\" decoding=\"async\" class=\"alignnone wp-image-2909\" src=\"http:\/\/dicodusport.fr\/blog\/wp-content\/uploads\/2017\/07\/logo-facebook-150x150.png\" alt=\"\" width=\"40\" height=\"40\" \/><\/a><a href=\"https:\/\/twitter.com\/MaximeB_2\" target=\"_blank\" rel=\"noopener noreferrer\"><img loading=\"lazy\" decoding=\"async\" class=\"alignnone wp-image-2908\" src=\"http:\/\/dicodusport.fr\/blog\/wp-content\/uploads\/2017\/07\/logo-twitter-150x150.png\" alt=\"\" width=\"39\" height=\"39\" \/><\/a><\/em><\/strong><\/p>\n<p>&nbsp;<\/p>\n","protected":false},"excerpt":{"rendered":"<p>SKI ALPIN &#8211; Depuis la retraite de Marcel Hirscher, Alexis Pinturault fait partie des vainqueurs potentiels du gros globe de cristal. Tout proche l&rsquo;an dernier, la Covid-19 et les conditions m\u00e9t\u00e9orologiques ont caus\u00e9 l&rsquo;arr\u00eat brutal de la saison, laissant Alexander Aamodt Kilde empocher la victoire finale d&rsquo;un rien.<\/p>\n","protected":false},"author":43,"featured_media":84610,"comment_status":"open","ping_status":"closed","sticky":false,"template":"","format":"standard","meta":{"_acf_changed":false,"_daextam_enable_autolinks":"","footnotes":""},"categories":[9217],"tags":[2806,7361,2233],"class_list":["post-84463","post","type-post","status-publish","format-standard","has-post-thumbnail","hentry","category-ski","tag-alexis-pinturault","tag-globe-de-cristal","tag-ski-alpin"],"acf":[],"yoast_head":"<!-- This site is optimized with the Yoast SEO Premium plugin v26.7 (Yoast SEO v26.7) - https:\/\/yoast.com\/wordpress\/plugins\/seo\/ -->\n<title>Que peut esp\u00e9rer Alexis Pinturault cette saison ?<\/title>\n<meta name=\"description\" content=\"Proche de la victoire l&#039;an dernier, Alexis Pinturault devra faire sans combin\u00e9 alpin s&#039;il veut remporter la Coupe du monde cette saison.\" \/>\n<meta name=\"robots\" content=\"index, follow, max-snippet:-1, max-image-preview:large, max-video-preview:-1\" \/>\n<link rel=\"canonical\" href=\"https:\/\/dicodusport.fr\/blog\/que-peut-esperer-alexis-pinturault-cette-saison\/\" \/>\n<meta property=\"og:locale\" content=\"fr_FR\" \/>\n<meta property=\"og:type\" content=\"article\" \/>\n<meta property=\"og:title\" content=\"Que peut esp\u00e9rer Alexis Pinturault cette saison ?\" \/>\n<meta property=\"og:description\" content=\"Proche de la victoire l&#039;an dernier, Alexis Pinturault devra faire sans combin\u00e9 alpin s&#039;il veut remporter la Coupe du monde cette saison.\" \/>\n<meta property=\"og:url\" content=\"https:\/\/dicodusport.fr\/blog\/que-peut-esperer-alexis-pinturault-cette-saison\/\" \/>\n<meta property=\"og:site_name\" content=\"Dicodusport\" \/>\n<meta property=\"article:publisher\" content=\"https:\/\/www.facebook.com\/dicodusport\" \/>\n<meta property=\"article:author\" content=\"https:\/\/www.facebook.com\/Max.Bld2\/\" \/>\n<meta property=\"article:published_time\" content=\"2020-10-24T11:04:39+00:00\" \/>\n<meta property=\"article:modified_time\" content=\"2020-10-24T12:37:31+00:00\" \/>\n<meta property=\"og:image\" content=\"https:\/\/dicodusport.fr\/blog\/wp-content\/uploads\/2020\/10\/Que-peut-esp\u00e9rer-Alexis-Pinturault-cette-saison.png\" \/>\n\t<meta property=\"og:image:width\" content=\"800\" \/>\n\t<meta property=\"og:image:height\" content=\"445\" \/>\n\t<meta property=\"og:image:type\" content=\"image\/png\" \/>\n<meta name=\"author\" content=\"Maxime Boulard\" \/>\n<meta name=\"twitter:card\" content=\"summary_large_image\" \/>\n<meta name=\"twitter:title\" content=\"Que peut esp\u00e9rer Alexis Pinturault cette saison ?\" \/>\n<meta name=\"twitter:creator\" content=\"@https:\/\/twitter.com\/MaximeB_2\" \/>\n<meta name=\"twitter:site\" content=\"@dicodusport\" \/>\n<script type=\"application\/ld+json\" class=\"yoast-schema-graph\">{\"@context\":\"https:\/\/schema.org\",\"@graph\":[{\"@type\":\"NewsArticle\",\"@id\":\"https:\/\/dicodusport.fr\/blog\/que-peut-esperer-alexis-pinturault-cette-saison\/#article\",\"isPartOf\":{\"@id\":\"https:\/\/dicodusport.fr\/blog\/que-peut-esperer-alexis-pinturault-cette-saison\/\"},\"author\":{\"name\":\"Maxime Boulard\",\"@id\":\"https:\/\/dicodusport.fr\/blog\/#\/schema\/person\/5aab10ee856e86ac63e9819a9da34784\"},\"headline\":\"Que peut esp\u00e9rer Alexis Pinturault cette saison ?\",\"datePublished\":\"2020-10-24T11:04:39+00:00\",\"dateModified\":\"2020-10-24T12:37:31+00:00\",\"mainEntityOfPage\":{\"@id\":\"https:\/\/dicodusport.fr\/blog\/que-peut-esperer-alexis-pinturault-cette-saison\/\"},\"wordCount\":495,\"commentCount\":0,\"publisher\":{\"@id\":\"https:\/\/dicodusport.fr\/blog\/#organization\"},\"image\":{\"@id\":\"https:\/\/dicodusport.fr\/blog\/que-peut-esperer-alexis-pinturault-cette-saison\/#primaryimage\"},\"thumbnailUrl\":\"https:\/\/dicodusport.fr\/blog\/wp-content\/uploads\/2020\/10\/Que-peut-esp\u00e9rer-Alexis-Pinturault-cette-saison.png\",\"keywords\":[\"Alexis Pinturault\",\"Globe de cristal\",\"Ski alpin\"],\"articleSection\":[\"Ski\"],\"inLanguage\":\"fr-FR\",\"potentialAction\":[{\"@type\":\"CommentAction\",\"name\":\"Comment\",\"target\":[\"https:\/\/dicodusport.fr\/blog\/que-peut-esperer-alexis-pinturault-cette-saison\/#respond\"]}],\"copyrightYear\":\"2020\",\"copyrightHolder\":{\"@id\":\"https:\/\/dicodusport.fr\/blog\/#organization\"}},{\"@type\":\"WebPage\",\"@id\":\"https:\/\/dicodusport.fr\/blog\/que-peut-esperer-alexis-pinturault-cette-saison\/\",\"url\":\"https:\/\/dicodusport.fr\/blog\/que-peut-esperer-alexis-pinturault-cette-saison\/\",\"name\":\"Que peut esp\u00e9rer Alexis Pinturault cette saison ?\",\"isPartOf\":{\"@id\":\"https:\/\/dicodusport.fr\/blog\/#website\"},\"primaryImageOfPage\":{\"@id\":\"https:\/\/dicodusport.fr\/blog\/que-peut-esperer-alexis-pinturault-cette-saison\/#primaryimage\"},\"image\":{\"@id\":\"https:\/\/dicodusport.fr\/blog\/que-peut-esperer-alexis-pinturault-cette-saison\/#primaryimage\"},\"thumbnailUrl\":\"https:\/\/dicodusport.fr\/blog\/wp-content\/uploads\/2020\/10\/Que-peut-esp\u00e9rer-Alexis-Pinturault-cette-saison.png\",\"datePublished\":\"2020-10-24T11:04:39+00:00\",\"dateModified\":\"2020-10-24T12:37:31+00:00\",\"description\":\"Proche de la victoire l'an dernier, Alexis Pinturault devra faire sans combin\u00e9 alpin s'il veut remporter la Coupe du monde cette saison.\",\"breadcrumb\":{\"@id\":\"https:\/\/dicodusport.fr\/blog\/que-peut-esperer-alexis-pinturault-cette-saison\/#breadcrumb\"},\"inLanguage\":\"fr-FR\",\"potentialAction\":[{\"@type\":\"ReadAction\",\"target\":[\"https:\/\/dicodusport.fr\/blog\/que-peut-esperer-alexis-pinturault-cette-saison\/\"]}]},{\"@type\":\"ImageObject\",\"inLanguage\":\"fr-FR\",\"@id\":\"https:\/\/dicodusport.fr\/blog\/que-peut-esperer-alexis-pinturault-cette-saison\/#primaryimage\",\"url\":\"https:\/\/dicodusport.fr\/blog\/wp-content\/uploads\/2020\/10\/Que-peut-esp\u00e9rer-Alexis-Pinturault-cette-saison.png\",\"contentUrl\":\"https:\/\/dicodusport.fr\/blog\/wp-content\/uploads\/2020\/10\/Que-peut-esp\u00e9rer-Alexis-Pinturault-cette-saison.png\",\"width\":800,\"height\":445,\"caption\":\"Que peut esp\u00e9rer Alexis Pinturault cette saison ?\"},{\"@type\":\"BreadcrumbList\",\"@id\":\"https:\/\/dicodusport.fr\/blog\/que-peut-esperer-alexis-pinturault-cette-saison\/#breadcrumb\",\"itemListElement\":[{\"@type\":\"ListItem\",\"position\":1,\"name\":\"Accueil\",\"item\":\"https:\/\/dicodusport.fr\/blog\/\"},{\"@type\":\"ListItem\",\"position\":2,\"name\":\"Que peut esp\u00e9rer Alexis Pinturault cette saison ?\"}]},{\"@type\":\"WebSite\",\"@id\":\"https:\/\/dicodusport.fr\/blog\/#website\",\"url\":\"https:\/\/dicodusport.fr\/blog\/\",\"name\":\"Dicodusport\",\"description\":\"L&#039;encyclop\u00e9die de l&#039;actualit\u00e9 sportive\",\"publisher\":{\"@id\":\"https:\/\/dicodusport.fr\/blog\/#organization\"},\"potentialAction\":[{\"@type\":\"SearchAction\",\"target\":{\"@type\":\"EntryPoint\",\"urlTemplate\":\"https:\/\/dicodusport.fr\/blog\/?s={search_term_string}\"},\"query-input\":{\"@type\":\"PropertyValueSpecification\",\"valueRequired\":true,\"valueName\":\"search_term_string\"}}],\"inLanguage\":\"fr-FR\"},{\"@type\":\"NewsMediaOrganization\",\"@id\":\"https:\/\/dicodusport.fr\/blog\/#organization\",\"name\":\"Dicodusport\",\"url\":\"https:\/\/dicodusport.fr\/blog\/\",\"logo\":{\"@type\":\"ImageObject\",\"inLanguage\":\"fr-FR\",\"@id\":\"https:\/\/dicodusport.fr\/blog\/#\/schema\/logo\/image\/\",\"url\":\"https:\/\/dicodusport.fr\/blog\/wp-content\/uploads\/2020\/06\/cropped-LOGO-DICODUSPORT-2020-SANS-FOND-SANS-TEXTE.png\",\"contentUrl\":\"https:\/\/dicodusport.fr\/blog\/wp-content\/uploads\/2020\/06\/cropped-LOGO-DICODUSPORT-2020-SANS-FOND-SANS-TEXTE.png\",\"width\":512,\"height\":512,\"caption\":\"Dicodusport\"},\"image\":{\"@id\":\"https:\/\/dicodusport.fr\/blog\/#\/schema\/logo\/image\/\"},\"sameAs\":[\"https:\/\/www.facebook.com\/dicodusport\",\"https:\/\/x.com\/dicodusport\",\"https:\/\/www.instagram.com\/dicodusport\/\",\"https:\/\/www.youtube.com\/channel\/UC7V2KZ5sd3htJivAbA4ZG3w\"],\"description\":\"Dicodusport est l'encyclop\u00e9die de l'actualit\u00e9 sportive.\",\"email\":\"bonjour@dicodusport.fr\",\"legalName\":\"DICODUSPORT\",\"foundingDate\":\"2018-01-14\",\"vatID\":\"FR71834470973\",\"taxID\":\"83447097300043\",\"numberOfEmployees\":{\"@type\":\"QuantitativeValue\",\"minValue\":\"1\",\"maxValue\":\"10\"}},{\"@type\":\"Person\",\"@id\":\"https:\/\/dicodusport.fr\/blog\/#\/schema\/person\/5aab10ee856e86ac63e9819a9da34784\",\"name\":\"Maxime Boulard\",\"image\":{\"@type\":\"ImageObject\",\"inLanguage\":\"fr-FR\",\"@id\":\"https:\/\/dicodusport.fr\/blog\/#\/schema\/person\/image\/\",\"url\":\"https:\/\/dicodusport.fr\/blog\/wp-content\/uploads\/2021\/05\/Maxime-Boulard-150x150.jpg\",\"contentUrl\":\"https:\/\/dicodusport.fr\/blog\/wp-content\/uploads\/2021\/05\/Maxime-Boulard-150x150.jpg\",\"caption\":\"Maxime Boulard\"},\"description\":\"Journaliste\/r\u00e9dacteur depuis octobre 2020 - Si mon plus vieux souvenir de sport aurait pu m'en d\u00e9go\u00fbter, la finale de la Coupe du monde 2006 a \u00e9t\u00e9 tout le contraire. V\u00e9ritable d\u00e9clencheur d'une passion qui aujourd'hui ne fait que grandir avec le temps, mon leitmotiv est la France qui brille ! Je relate les exploits pass\u00e9s et pr\u00e9sents du sport bleu-blanc-rouge sans m\u00e9nagement depuis octobre 2020. Sport valide ou handisport, aucune diff\u00e9rence, il n'y a que du sport et plusieurs fa\u00e7ons de le pratiquer.\",\"sameAs\":[\"https:\/\/www.facebook.com\/Max.Bld2\/\",\"https:\/\/x.com\/https:\/\/twitter.com\/MaximeB_2\"],\"url\":\"https:\/\/dicodusport.fr\/blog\/author\/maxime-b\/\"}]}<\/script>\n<!-- \/ Yoast SEO Premium plugin. -->","yoast_head_json":{"title":"Que peut esp\u00e9rer Alexis Pinturault cette saison ?","description":"Proche de la victoire l'an dernier, Alexis Pinturault devra faire sans combin\u00e9 alpin s'il veut remporter la Coupe du monde cette saison.","robots":{"index":"index","follow":"follow","max-snippet":"max-snippet:-1","max-image-preview":"max-image-preview:large","max-video-preview":"max-video-preview:-1"},"canonical":"https:\/\/dicodusport.fr\/blog\/que-peut-esperer-alexis-pinturault-cette-saison\/","og_locale":"fr_FR","og_type":"article","og_title":"Que peut esp\u00e9rer Alexis Pinturault cette saison ?","og_description":"Proche de la victoire l'an dernier, Alexis Pinturault devra faire sans combin\u00e9 alpin s'il veut remporter la Coupe du monde cette saison.","og_url":"https:\/\/dicodusport.fr\/blog\/que-peut-esperer-alexis-pinturault-cette-saison\/","og_site_name":"Dicodusport","article_publisher":"https:\/\/www.facebook.com\/dicodusport","article_author":"https:\/\/www.facebook.com\/Max.Bld2\/","article_published_time":"2020-10-24T11:04:39+00:00","article_modified_time":"2020-10-24T12:37:31+00:00","og_image":[{"width":800,"height":445,"url":"https:\/\/dicodusport.fr\/blog\/wp-content\/uploads\/2020\/10\/Que-peut-esp\u00e9rer-Alexis-Pinturault-cette-saison.png","type":"image\/png"}],"author":"Maxime Boulard","twitter_card":"summary_large_image","twitter_title":"Que peut esp\u00e9rer Alexis Pinturault cette saison ?","twitter_creator":"@https:\/\/twitter.com\/MaximeB_2","twitter_site":"@dicodusport","schema":{"@context":"https:\/\/schema.org","@graph":[{"@type":"NewsArticle","@id":"https:\/\/dicodusport.fr\/blog\/que-peut-esperer-alexis-pinturault-cette-saison\/#article","isPartOf":{"@id":"https:\/\/dicodusport.fr\/blog\/que-peut-esperer-alexis-pinturault-cette-saison\/"},"author":{"name":"Maxime Boulard","@id":"https:\/\/dicodusport.fr\/blog\/#\/schema\/person\/5aab10ee856e86ac63e9819a9da34784"},"headline":"Que peut esp\u00e9rer Alexis Pinturault cette saison ?","datePublished":"2020-10-24T11:04:39+00:00","dateModified":"2020-10-24T12:37:31+00:00","mainEntityOfPage":{"@id":"https:\/\/dicodusport.fr\/blog\/que-peut-esperer-alexis-pinturault-cette-saison\/"},"wordCount":495,"commentCount":0,"publisher":{"@id":"https:\/\/dicodusport.fr\/blog\/#organization"},"image":{"@id":"https:\/\/dicodusport.fr\/blog\/que-peut-esperer-alexis-pinturault-cette-saison\/#primaryimage"},"thumbnailUrl":"https:\/\/dicodusport.fr\/blog\/wp-content\/uploads\/2020\/10\/Que-peut-esp\u00e9rer-Alexis-Pinturault-cette-saison.png","keywords":["Alexis Pinturault","Globe de cristal","Ski alpin"],"articleSection":["Ski"],"inLanguage":"fr-FR","potentialAction":[{"@type":"CommentAction","name":"Comment","target":["https:\/\/dicodusport.fr\/blog\/que-peut-esperer-alexis-pinturault-cette-saison\/#respond"]}],"copyrightYear":"2020","copyrightHolder":{"@id":"https:\/\/dicodusport.fr\/blog\/#organization"}},{"@type":"WebPage","@id":"https:\/\/dicodusport.fr\/blog\/que-peut-esperer-alexis-pinturault-cette-saison\/","url":"https:\/\/dicodusport.fr\/blog\/que-peut-esperer-alexis-pinturault-cette-saison\/","name":"Que peut esp\u00e9rer Alexis Pinturault cette saison ?","isPartOf":{"@id":"https:\/\/dicodusport.fr\/blog\/#website"},"primaryImageOfPage":{"@id":"https:\/\/dicodusport.fr\/blog\/que-peut-esperer-alexis-pinturault-cette-saison\/#primaryimage"},"image":{"@id":"https:\/\/dicodusport.fr\/blog\/que-peut-esperer-alexis-pinturault-cette-saison\/#primaryimage"},"thumbnailUrl":"https:\/\/dicodusport.fr\/blog\/wp-content\/uploads\/2020\/10\/Que-peut-esp\u00e9rer-Alexis-Pinturault-cette-saison.png","datePublished":"2020-10-24T11:04:39+00:00","dateModified":"2020-10-24T12:37:31+00:00","description":"Proche de la victoire l'an dernier, Alexis Pinturault devra faire sans combin\u00e9 alpin s'il veut remporter la Coupe du monde cette saison.","breadcrumb":{"@id":"https:\/\/dicodusport.fr\/blog\/que-peut-esperer-alexis-pinturault-cette-saison\/#breadcrumb"},"inLanguage":"fr-FR","potentialAction":[{"@type":"ReadAction","target":["https:\/\/dicodusport.fr\/blog\/que-peut-esperer-alexis-pinturault-cette-saison\/"]}]},{"@type":"ImageObject","inLanguage":"fr-FR","@id":"https:\/\/dicodusport.fr\/blog\/que-peut-esperer-alexis-pinturault-cette-saison\/#primaryimage","url":"https:\/\/dicodusport.fr\/blog\/wp-content\/uploads\/2020\/10\/Que-peut-esp\u00e9rer-Alexis-Pinturault-cette-saison.png","contentUrl":"https:\/\/dicodusport.fr\/blog\/wp-content\/uploads\/2020\/10\/Que-peut-esp\u00e9rer-Alexis-Pinturault-cette-saison.png","width":800,"height":445,"caption":"Que peut esp\u00e9rer Alexis Pinturault cette saison ?"},{"@type":"BreadcrumbList","@id":"https:\/\/dicodusport.fr\/blog\/que-peut-esperer-alexis-pinturault-cette-saison\/#breadcrumb","itemListElement":[{"@type":"ListItem","position":1,"name":"Accueil","item":"https:\/\/dicodusport.fr\/blog\/"},{"@type":"ListItem","position":2,"name":"Que peut esp\u00e9rer Alexis Pinturault cette saison ?"}]},{"@type":"WebSite","@id":"https:\/\/dicodusport.fr\/blog\/#website","url":"https:\/\/dicodusport.fr\/blog\/","name":"Dicodusport","description":"L&#039;encyclop\u00e9die de l&#039;actualit\u00e9 sportive","publisher":{"@id":"https:\/\/dicodusport.fr\/blog\/#organization"},"potentialAction":[{"@type":"SearchAction","target":{"@type":"EntryPoint","urlTemplate":"https:\/\/dicodusport.fr\/blog\/?s={search_term_string}"},"query-input":{"@type":"PropertyValueSpecification","valueRequired":true,"valueName":"search_term_string"}}],"inLanguage":"fr-FR"},{"@type":"NewsMediaOrganization","@id":"https:\/\/dicodusport.fr\/blog\/#organization","name":"Dicodusport","url":"https:\/\/dicodusport.fr\/blog\/","logo":{"@type":"ImageObject","inLanguage":"fr-FR","@id":"https:\/\/dicodusport.fr\/blog\/#\/schema\/logo\/image\/","url":"https:\/\/dicodusport.fr\/blog\/wp-content\/uploads\/2020\/06\/cropped-LOGO-DICODUSPORT-2020-SANS-FOND-SANS-TEXTE.png","contentUrl":"https:\/\/dicodusport.fr\/blog\/wp-content\/uploads\/2020\/06\/cropped-LOGO-DICODUSPORT-2020-SANS-FOND-SANS-TEXTE.png","width":512,"height":512,"caption":"Dicodusport"},"image":{"@id":"https:\/\/dicodusport.fr\/blog\/#\/schema\/logo\/image\/"},"sameAs":["https:\/\/www.facebook.com\/dicodusport","https:\/\/x.com\/dicodusport","https:\/\/www.instagram.com\/dicodusport\/","https:\/\/www.youtube.com\/channel\/UC7V2KZ5sd3htJivAbA4ZG3w"],"description":"Dicodusport est l'encyclop\u00e9die de l'actualit\u00e9 sportive.","email":"bonjour@dicodusport.fr","legalName":"DICODUSPORT","foundingDate":"2018-01-14","vatID":"FR71834470973","taxID":"83447097300043","numberOfEmployees":{"@type":"QuantitativeValue","minValue":"1","maxValue":"10"}},{"@type":"Person","@id":"https:\/\/dicodusport.fr\/blog\/#\/schema\/person\/5aab10ee856e86ac63e9819a9da34784","name":"Maxime Boulard","image":{"@type":"ImageObject","inLanguage":"fr-FR","@id":"https:\/\/dicodusport.fr\/blog\/#\/schema\/person\/image\/","url":"https:\/\/dicodusport.fr\/blog\/wp-content\/uploads\/2021\/05\/Maxime-Boulard-150x150.jpg","contentUrl":"https:\/\/dicodusport.fr\/blog\/wp-content\/uploads\/2021\/05\/Maxime-Boulard-150x150.jpg","caption":"Maxime Boulard"},"description":"Journaliste\/r\u00e9dacteur depuis octobre 2020 - Si mon plus vieux souvenir de sport aurait pu m'en d\u00e9go\u00fbter, la finale de la Coupe du monde 2006 a \u00e9t\u00e9 tout le contraire. V\u00e9ritable d\u00e9clencheur d'une passion qui aujourd'hui ne fait que grandir avec le temps, mon leitmotiv est la France qui brille ! Je relate les exploits pass\u00e9s et pr\u00e9sents du sport bleu-blanc-rouge sans m\u00e9nagement depuis octobre 2020. Sport valide ou handisport, aucune diff\u00e9rence, il n'y a que du sport et plusieurs fa\u00e7ons de le pratiquer.","sameAs":["https:\/\/www.facebook.com\/Max.Bld2\/","https:\/\/x.com\/https:\/\/twitter.com\/MaximeB_2"],"url":"https:\/\/dicodusport.fr\/blog\/author\/maxime-b\/"}]}},"_links":{"self":[{"href":"https:\/\/dicodusport.fr\/blog\/wp-json\/wp\/v2\/posts\/84463","targetHints":{"allow":["GET"]}}],"collection":[{"href":"https:\/\/dicodusport.fr\/blog\/wp-json\/wp\/v2\/posts"}],"about":[{"href":"https:\/\/dicodusport.fr\/blog\/wp-json\/wp\/v2\/types\/post"}],"author":[{"embeddable":true,"href":"https:\/\/dicodusport.fr\/blog\/wp-json\/wp\/v2\/users\/43"}],"replies":[{"embeddable":true,"href":"https:\/\/dicodusport.fr\/blog\/wp-json\/wp\/v2\/comments?post=84463"}],"version-history":[{"count":0,"href":"https:\/\/dicodusport.fr\/blog\/wp-json\/wp\/v2\/posts\/84463\/revisions"}],"wp:featuredmedia":[{"embeddable":true,"href":"https:\/\/dicodusport.fr\/blog\/wp-json\/wp\/v2\/media\/84610"}],"wp:attachment":[{"href":"https:\/\/dicodusport.fr\/blog\/wp-json\/wp\/v2\/media?parent=84463"}],"wp:term":[{"taxonomy":"category","embeddable":true,"href":"https:\/\/dicodusport.fr\/blog\/wp-json\/wp\/v2\/categories?post=84463"},{"taxonomy":"post_tag","embeddable":true,"href":"https:\/\/dicodusport.fr\/blog\/wp-json\/wp\/v2\/tags?post=84463"}],"curies":[{"name":"wp","href":"https:\/\/api.w.org\/{rel}","templated":true}]}}