{"id":84664,"date":"2020-10-24T18:03:46","date_gmt":"2020-10-24T16:03:46","guid":{"rendered":"https:\/\/dicodusport.fr\/blog\/?p=84664&#038;preview=true&#038;preview_id=84664"},"modified":"2020-10-24T20:07:33","modified_gmt":"2020-10-24T18:07:33","slug":"classico-le-real-madrid-se-relance-face-au-fc-barcelone","status":"publish","type":"post","link":"https:\/\/dicodusport.fr\/blog\/classico-le-real-madrid-se-relance-face-au-fc-barcelone\/","title":{"rendered":"Classico : Le Real Madrid se relance face au FC Barcelone"},"content":{"rendered":"<p style=\"text-align: justify;\"><strong><em>FOOTBALL &#8211; M\u00eame si les deux \u00e9quipes connaissent un d\u00e9but de saison compliqu\u00e9, la plan\u00e8te foot allait se retrouver devant ce premier Classico entre le FC Barcelone et le Real Madrid.<\/em><\/strong><\/p>\n<p style=\"text-align: justify;\">Il ne fallait pas terminer la sieste trop tard et manquer le d\u00e9but de match. Car les deux premiers buts de la rencontre sont arriv\u00e9s durant les dix premi\u00e8res minutes. Le Real Madrid frappait en premier, <strong>Karim Benzema<\/strong> \u00e9tait comme souvent au d\u00e9part de l&rsquo;action et offrait un amour de passe \u00e0 <strong>Fede Valverde<\/strong> qui fusillait le portier du Bar\u00e7a. \u00c0 peine le temps de boire le caf\u00e9 que <strong>Lionel Messi<\/strong> lan\u00e7ait l&rsquo;une de ses cibles pr\u00e9f\u00e9r\u00e9es, <strong>Jordi Alba<\/strong>, qui donnait un caviar \u00e0 <strong>Ansu Fati<\/strong> qui terminait d&rsquo;un beau plat du pied. 1-1, balle au centre.<\/p>\n<blockquote class=\"twitter-tweet\">\n<p dir=\"ltr\" lang=\"fr\">[<a href=\"https:\/\/twitter.com\/hashtag\/Stat?src=hash&amp;ref_src=twsrc%5Etfw\">#Stat<\/a>&#x1f4ca;] Ce d\u00e9but de saison de fou d&rsquo;Ansu Fati (17 ans) &#x1f4a5;&#x1f4a5;&#x1f4a5;<\/p>\n<p>&#x1f455; 6 matchs<br \/>\n&#x26bd; 5 buts<br \/>\n&#x1f3af; 2 passes d\u00e9cisives <a href=\"https:\/\/twitter.com\/hashtag\/FCBRMA?src=hash&amp;ref_src=twsrc%5Etfw\">#FCBRMA<\/a> <a href=\"https:\/\/t.co\/a6JgGSv0Ih\">pic.twitter.com\/a6JgGSv0Ih<\/a><\/p>\n<p>\u2014 Footballogue&#x2b50;&#xfe0f;&#x2b50;&#xfe0f; (@Footballogue) <a href=\"https:\/\/twitter.com\/Footballogue\/status\/1320004938534146048?ref_src=twsrc%5Etfw\">October 24, 2020<\/a><\/p><\/blockquote>\n<p><script async src=\"https:\/\/platform.twitter.com\/widgets.js\" charset=\"utf-8\"><\/script><\/p>\n<p style=\"text-align: justify;\">Plus aucun but n&rsquo;allait \u00eatre marqu\u00e9 lors de ce premier acte et pourtant, on ne s&rsquo;est pas ennuy\u00e9 une seule seconde, les deux \u00e9quipes proposant un jeu agr\u00e9able, chacune organis\u00e9e autour de leur leader technique, <strong>Messi<\/strong> d&rsquo;un c\u00f4t\u00e9, <strong>Benzema<\/strong> de l&rsquo;autre. Les deux stars auront d&rsquo;ailleurs chacun une tr\u00e8s grosse occasion, mais <strong>Neto<\/strong> et <strong>Courtois<\/strong> repoussaient les deux tentatives. Si on pouvait d\u00e9plorer quelques erreurs techniques, c&rsquo;\u00e9tait malgr\u00e9 tout une des meilleures premi\u00e8res p\u00e9riodes du football europ\u00e9en de ce d\u00e9but de saison.<\/p>\n<h2 style=\"text-align: justify;\">Le Real meilleur physiquement que le Bar\u00e7a<\/h2>\n<p style=\"text-align: justify;\">Apr\u00e8s ces 45 premi\u00e8res minutes, c&rsquo;est avec enthousiasme que l&rsquo;on voyait les 22 acteurs revenir sur la pelouse du Camp Nou. Mais pour ne pas vous mentir, on restera un peu sur notre faim. Physiquement, les joueurs payent alors un peu la note et l&rsquo;intensit\u00e9 sera moindre, m\u00eame si quelques combinaisons nous permettront de nous \u00e9merveiller ponctuellement. Il fallait attendre une grossi\u00e8re erreur de <strong>Cl\u00e9ment Lenglet<\/strong> pour voir le troisi\u00e8me but de cette rencontre. Le d\u00e9fenseur central fran\u00e7ais tire alors grossi\u00e8rement le maillot de <strong>Sergio Ramos<\/strong> sur un corner et l&rsquo;arbitre accordait un penalty apr\u00e8s avoir consult\u00e9 la VAR.<\/p>\n<p style=\"text-align: justify;\">Le capitaine du Real ne tremblait pas et les Merengues passaient devant (1-2). Le Bar\u00e7a ne parvient pas \u00e0 se r\u00e9volter malgr\u00e9 les entr\u00e9es de plusieurs joueurs offensifs, dont celles d&rsquo;<strong>Antoine Griezmann<\/strong> et <strong>Ousmane Dembel\u00e9<\/strong>. Les plus grosses occasions sont \u00e0 l&rsquo;avantage des visiteurs en fin de match, et m\u00eame si <strong>Neto<\/strong> repoussent plusieurs tentatives, il finissait par craquer. <strong>Luka Modric<\/strong> r\u00e9cup\u00e9rait un ballon \u00e0 l&rsquo;entr\u00e9e de la surface et s&rsquo;amusait du portier adverse pour finir de l&rsquo;ext\u00e9rieur. Le Real Madrid a \u00e9t\u00e9 plus solide physiquement et s&rsquo;impose 3 buts \u00e0 1 face au FC Barcelone. Zizou peut souffler.<\/p>\n<blockquote class=\"twitter-tweet\">\n<p dir=\"ltr\" lang=\"in\">&#x1f3c1; FP: <a href=\"https:\/\/twitter.com\/FCBarcelona_es?ref_src=twsrc%5Etfw\">@FCBarcelona_es<\/a> 1-3 <a href=\"https:\/\/twitter.com\/realmadrid?ref_src=twsrc%5Etfw\">@realmadrid<\/a><br \/>\n&#x26bd; Ansu Fati 8&prime;; <a href=\"https:\/\/twitter.com\/fedeevalverde?ref_src=twsrc%5Etfw\">@fedeevalverde<\/a> 5&prime;, <a href=\"https:\/\/twitter.com\/SergioRamos?ref_src=twsrc%5Etfw\">@SergioRamos<\/a> 63&prime;, <a href=\"https:\/\/twitter.com\/lukamodric10?ref_src=twsrc%5Etfw\">@lukamodric10<\/a> 90&prime;<a href=\"https:\/\/twitter.com\/hashtag\/Emirates?src=hash&amp;ref_src=twsrc%5Etfw\">#Emirates<\/a> | <a href=\"https:\/\/twitter.com\/hashtag\/ElCl%C3%A1sico?src=hash&amp;ref_src=twsrc%5Etfw\">#ElCl\u00e1sico<\/a> <a href=\"https:\/\/t.co\/stZgFMgF91\">pic.twitter.com\/stZgFMgF91<\/a><\/p>\n<p>\u2014 Real Madrid C.F. (@realmadrid) <a href=\"https:\/\/twitter.com\/realmadrid\/status\/1320030968200204288?ref_src=twsrc%5Etfw\">October 24, 2020<\/a><\/p><\/blockquote>\n<p><script async src=\"https:\/\/platform.twitter.com\/widgets.js\" charset=\"utf-8\"><\/script><\/p>\n<p style=\"text-align: justify;\"><strong><em>Dicodusport<br \/>\n<a href=\"https:\/\/www.facebook.com\/dicodusport\/\" target=\"_blank\" rel=\"noopener noreferrer\"><img loading=\"lazy\" decoding=\"async\" class=\"alignnone wp-image-2909\" src=\"http:\/\/dicodusport.fr\/blog\/wp-content\/uploads\/2017\/07\/logo-facebook-150x150.png\" alt=\"\" width=\"40\" height=\"40\" \/><\/a><a href=\"https:\/\/twitter.com\/dicodusport\" target=\"_blank\" rel=\"noopener noreferrer\"><img loading=\"lazy\" decoding=\"async\" class=\"alignnone wp-image-2908\" src=\"http:\/\/dicodusport.fr\/blog\/wp-content\/uploads\/2017\/07\/logo-twitter-150x150.png\" alt=\"\" width=\"39\" height=\"39\" \/><\/a><\/em><\/strong><\/p>\n","protected":false},"excerpt":{"rendered":"<p>FOOTBALL &#8211; Lors d&rsquo;un classico mitig\u00e9, le Real Madrid s&rsquo;est impos\u00e9 sur la pelouse du FC Barcelone (1-3). Zidane peut souffler, les Merengues aussi.<\/p>\n","protected":false},"author":1,"featured_media":84699,"comment_status":"open","ping_status":"closed","sticky":false,"template":"","format":"standard","meta":{"_acf_changed":false,"_daextam_enable_autolinks":"","footnotes":""},"categories":[2301],"tags":[4770,4203,74,75,521],"class_list":["post-84664","post","type-post","status-publish","format-standard","has-post-thumbnail","hentry","category-football","tag-clasico","tag-fc-barcelone","tag-foot","tag-football","tag-real-madrid"],"acf":[],"yoast_head":"<!-- This site is optimized with the Yoast SEO Premium plugin v26.7 (Yoast SEO v26.7) - https:\/\/yoast.com\/wordpress\/plugins\/seo\/ -->\n<title>Classico : Le Real Madrid se relance face au FC Barcelone<\/title>\n<meta name=\"description\" content=\"FOOTBALL - Lors d&#039;un classico mitig\u00e9, le Real Madrid s&#039;est impos\u00e9 sur la pelouse du FC Barcelone (1-3). Zidane peut souffler, les Merengues aussi.\" \/>\n<meta name=\"robots\" content=\"index, follow, max-snippet:-1, max-image-preview:large, max-video-preview:-1\" \/>\n<link rel=\"canonical\" href=\"https:\/\/dicodusport.fr\/blog\/classico-le-real-madrid-se-relance-face-au-fc-barcelone\/\" \/>\n<meta property=\"og:locale\" content=\"fr_FR\" \/>\n<meta property=\"og:type\" content=\"article\" \/>\n<meta property=\"og:title\" content=\"Classico : Le Real Madrid se relance face au FC Barcelone\" \/>\n<meta property=\"og:description\" content=\"FOOTBALL - Lors d&#039;un classico mitig\u00e9, le Real Madrid s&#039;est impos\u00e9 sur la pelouse du FC Barcelone (1-3). Zidane peut souffler, les Merengues aussi.\" \/>\n<meta property=\"og:url\" content=\"https:\/\/dicodusport.fr\/blog\/classico-le-real-madrid-se-relance-face-au-fc-barcelone\/\" \/>\n<meta property=\"og:site_name\" content=\"Dicodusport\" \/>\n<meta property=\"article:publisher\" content=\"https:\/\/www.facebook.com\/dicodusport\" \/>\n<meta property=\"article:author\" content=\"https:\/\/www.facebook.com\/dicodusport\" \/>\n<meta property=\"article:published_time\" content=\"2020-10-24T16:03:46+00:00\" \/>\n<meta property=\"article:modified_time\" content=\"2020-10-24T18:07:33+00:00\" \/>\n<meta property=\"og:image\" content=\"https:\/\/dicodusport.fr\/blog\/wp-content\/uploads\/2020\/10\/Classico-Le-Real-Madrid-se-relance-face-au-FC-Barcelone-1.png\" \/>\n\t<meta property=\"og:image:width\" content=\"800\" \/>\n\t<meta property=\"og:image:height\" content=\"445\" \/>\n\t<meta property=\"og:image:type\" content=\"image\/png\" \/>\n<meta name=\"author\" content=\"Nicolas Jacquemard\" \/>\n<meta name=\"twitter:card\" content=\"summary_large_image\" \/>\n<meta name=\"twitter:title\" content=\"Classico : Le Real Madrid se relance face au FC Barcelone\" \/>\n<meta name=\"twitter:creator\" content=\"@https:\/\/twitter.com\/Nico_Jacquemard\" \/>\n<meta name=\"twitter:site\" content=\"@dicodusport\" \/>\n<script type=\"application\/ld+json\" class=\"yoast-schema-graph\">{\"@context\":\"https:\/\/schema.org\",\"@graph\":[{\"@type\":\"NewsArticle\",\"@id\":\"https:\/\/dicodusport.fr\/blog\/classico-le-real-madrid-se-relance-face-au-fc-barcelone\/#article\",\"isPartOf\":{\"@id\":\"https:\/\/dicodusport.fr\/blog\/classico-le-real-madrid-se-relance-face-au-fc-barcelone\/\"},\"author\":{\"name\":\"Nicolas Jacquemard\",\"@id\":\"https:\/\/dicodusport.fr\/blog\/#\/schema\/person\/55dcb50ad410894e431ed812bbb70191\"},\"headline\":\"Classico : Le Real Madrid se relance face au FC Barcelone\",\"datePublished\":\"2020-10-24T16:03:46+00:00\",\"dateModified\":\"2020-10-24T18:07:33+00:00\",\"mainEntityOfPage\":{\"@id\":\"https:\/\/dicodusport.fr\/blog\/classico-le-real-madrid-se-relance-face-au-fc-barcelone\/\"},\"wordCount\":556,\"commentCount\":0,\"publisher\":{\"@id\":\"https:\/\/dicodusport.fr\/blog\/#organization\"},\"image\":{\"@id\":\"https:\/\/dicodusport.fr\/blog\/classico-le-real-madrid-se-relance-face-au-fc-barcelone\/#primaryimage\"},\"thumbnailUrl\":\"https:\/\/dicodusport.fr\/blog\/wp-content\/uploads\/2020\/10\/Classico-Le-Real-Madrid-se-relance-face-au-FC-Barcelone-1.png\",\"keywords\":[\"clasico\",\"FC Barcelone\",\"foot\",\"Football\",\"Real Madrid\"],\"articleSection\":[\"Football\"],\"inLanguage\":\"fr-FR\",\"potentialAction\":[{\"@type\":\"CommentAction\",\"name\":\"Comment\",\"target\":[\"https:\/\/dicodusport.fr\/blog\/classico-le-real-madrid-se-relance-face-au-fc-barcelone\/#respond\"]}],\"copyrightYear\":\"2020\",\"copyrightHolder\":{\"@id\":\"https:\/\/dicodusport.fr\/blog\/#organization\"}},{\"@type\":\"WebPage\",\"@id\":\"https:\/\/dicodusport.fr\/blog\/classico-le-real-madrid-se-relance-face-au-fc-barcelone\/\",\"url\":\"https:\/\/dicodusport.fr\/blog\/classico-le-real-madrid-se-relance-face-au-fc-barcelone\/\",\"name\":\"Classico : Le Real Madrid se relance face au FC Barcelone\",\"isPartOf\":{\"@id\":\"https:\/\/dicodusport.fr\/blog\/#website\"},\"primaryImageOfPage\":{\"@id\":\"https:\/\/dicodusport.fr\/blog\/classico-le-real-madrid-se-relance-face-au-fc-barcelone\/#primaryimage\"},\"image\":{\"@id\":\"https:\/\/dicodusport.fr\/blog\/classico-le-real-madrid-se-relance-face-au-fc-barcelone\/#primaryimage\"},\"thumbnailUrl\":\"https:\/\/dicodusport.fr\/blog\/wp-content\/uploads\/2020\/10\/Classico-Le-Real-Madrid-se-relance-face-au-FC-Barcelone-1.png\",\"datePublished\":\"2020-10-24T16:03:46+00:00\",\"dateModified\":\"2020-10-24T18:07:33+00:00\",\"description\":\"FOOTBALL - Lors d'un classico mitig\u00e9, le Real Madrid s'est impos\u00e9 sur la pelouse du FC Barcelone (1-3). Zidane peut souffler, les Merengues aussi.\",\"breadcrumb\":{\"@id\":\"https:\/\/dicodusport.fr\/blog\/classico-le-real-madrid-se-relance-face-au-fc-barcelone\/#breadcrumb\"},\"inLanguage\":\"fr-FR\",\"potentialAction\":[{\"@type\":\"ReadAction\",\"target\":[\"https:\/\/dicodusport.fr\/blog\/classico-le-real-madrid-se-relance-face-au-fc-barcelone\/\"]}]},{\"@type\":\"ImageObject\",\"inLanguage\":\"fr-FR\",\"@id\":\"https:\/\/dicodusport.fr\/blog\/classico-le-real-madrid-se-relance-face-au-fc-barcelone\/#primaryimage\",\"url\":\"https:\/\/dicodusport.fr\/blog\/wp-content\/uploads\/2020\/10\/Classico-Le-Real-Madrid-se-relance-face-au-FC-Barcelone-1.png\",\"contentUrl\":\"https:\/\/dicodusport.fr\/blog\/wp-content\/uploads\/2020\/10\/Classico-Le-Real-Madrid-se-relance-face-au-FC-Barcelone-1.png\",\"width\":800,\"height\":445,\"caption\":\"Classico : Le Real Madrid se relance face au FC Barcelone\"},{\"@type\":\"BreadcrumbList\",\"@id\":\"https:\/\/dicodusport.fr\/blog\/classico-le-real-madrid-se-relance-face-au-fc-barcelone\/#breadcrumb\",\"itemListElement\":[{\"@type\":\"ListItem\",\"position\":1,\"name\":\"Accueil\",\"item\":\"https:\/\/dicodusport.fr\/blog\/\"},{\"@type\":\"ListItem\",\"position\":2,\"name\":\"Classico : Le Real Madrid se relance face au FC Barcelone\"}]},{\"@type\":\"WebSite\",\"@id\":\"https:\/\/dicodusport.fr\/blog\/#website\",\"url\":\"https:\/\/dicodusport.fr\/blog\/\",\"name\":\"Dicodusport\",\"description\":\"L&#039;encyclop\u00e9die de l&#039;actualit\u00e9 sportive\",\"publisher\":{\"@id\":\"https:\/\/dicodusport.fr\/blog\/#organization\"},\"potentialAction\":[{\"@type\":\"SearchAction\",\"target\":{\"@type\":\"EntryPoint\",\"urlTemplate\":\"https:\/\/dicodusport.fr\/blog\/?s={search_term_string}\"},\"query-input\":{\"@type\":\"PropertyValueSpecification\",\"valueRequired\":true,\"valueName\":\"search_term_string\"}}],\"inLanguage\":\"fr-FR\"},{\"@type\":\"NewsMediaOrganization\",\"@id\":\"https:\/\/dicodusport.fr\/blog\/#organization\",\"name\":\"Dicodusport\",\"url\":\"https:\/\/dicodusport.fr\/blog\/\",\"logo\":{\"@type\":\"ImageObject\",\"inLanguage\":\"fr-FR\",\"@id\":\"https:\/\/dicodusport.fr\/blog\/#\/schema\/logo\/image\/\",\"url\":\"https:\/\/dicodusport.fr\/blog\/wp-content\/uploads\/2020\/06\/cropped-LOGO-DICODUSPORT-2020-SANS-FOND-SANS-TEXTE.png\",\"contentUrl\":\"https:\/\/dicodusport.fr\/blog\/wp-content\/uploads\/2020\/06\/cropped-LOGO-DICODUSPORT-2020-SANS-FOND-SANS-TEXTE.png\",\"width\":512,\"height\":512,\"caption\":\"Dicodusport\"},\"image\":{\"@id\":\"https:\/\/dicodusport.fr\/blog\/#\/schema\/logo\/image\/\"},\"sameAs\":[\"https:\/\/www.facebook.com\/dicodusport\",\"https:\/\/x.com\/dicodusport\",\"https:\/\/www.instagram.com\/dicodusport\/\",\"https:\/\/www.youtube.com\/channel\/UC7V2KZ5sd3htJivAbA4ZG3w\"],\"description\":\"Dicodusport est l'encyclop\u00e9die de l'actualit\u00e9 sportive.\",\"email\":\"bonjour@dicodusport.fr\",\"legalName\":\"DICODUSPORT\",\"foundingDate\":\"2018-01-14\",\"vatID\":\"FR71834470973\",\"taxID\":\"83447097300043\",\"numberOfEmployees\":{\"@type\":\"QuantitativeValue\",\"minValue\":\"1\",\"maxValue\":\"10\"}},{\"@type\":\"Person\",\"@id\":\"https:\/\/dicodusport.fr\/blog\/#\/schema\/person\/55dcb50ad410894e431ed812bbb70191\",\"name\":\"Nicolas Jacquemard\",\"image\":{\"@type\":\"ImageObject\",\"inLanguage\":\"fr-FR\",\"@id\":\"https:\/\/dicodusport.fr\/blog\/#\/schema\/person\/image\/\",\"url\":\"https:\/\/dicodusport.fr\/blog\/wp-content\/uploads\/2021\/05\/Nicolas-Jacquemard-150x150.jpeg\",\"contentUrl\":\"https:\/\/dicodusport.fr\/blog\/wp-content\/uploads\/2021\/05\/Nicolas-Jacquemard-150x150.jpeg\",\"caption\":\"Nicolas Jacquemard\"},\"description\":\"Passionn\u00e9 de sport et entrepreneur depuis mes 18 ans, la cr\u00e9ation de Dicodusport m'a sembl\u00e9 \u00e9vidente pour participer \u00e0 la m\u00e9diatisation d'un plus grand nombre de sports. Le chemin est long mais avec une \u00e9quipe des plus motiv\u00e9es et les Jeux Olympiques de Paris 2024 en point de mire, nous y arriverons ! Journaliste dans le monde du sport depuis plus de 5 ans, je traite aussi bien de football, de rugby, de biathlon que de cyclisme.\",\"sameAs\":[\"https:\/\/www.facebook.com\/dicodusport\",\"https:\/\/x.com\/https:\/\/twitter.com\/Nico_Jacquemard\"],\"url\":\"https:\/\/dicodusport.fr\/blog\/author\/dicodusport\/\"}]}<\/script>\n<!-- \/ Yoast SEO Premium plugin. -->","yoast_head_json":{"title":"Classico : Le Real Madrid se relance face au FC Barcelone","description":"FOOTBALL - Lors d'un classico mitig\u00e9, le Real Madrid s'est impos\u00e9 sur la pelouse du FC Barcelone (1-3). Zidane peut souffler, les Merengues aussi.","robots":{"index":"index","follow":"follow","max-snippet":"max-snippet:-1","max-image-preview":"max-image-preview:large","max-video-preview":"max-video-preview:-1"},"canonical":"https:\/\/dicodusport.fr\/blog\/classico-le-real-madrid-se-relance-face-au-fc-barcelone\/","og_locale":"fr_FR","og_type":"article","og_title":"Classico : Le Real Madrid se relance face au FC Barcelone","og_description":"FOOTBALL - Lors d'un classico mitig\u00e9, le Real Madrid s'est impos\u00e9 sur la pelouse du FC Barcelone (1-3). Zidane peut souffler, les Merengues aussi.","og_url":"https:\/\/dicodusport.fr\/blog\/classico-le-real-madrid-se-relance-face-au-fc-barcelone\/","og_site_name":"Dicodusport","article_publisher":"https:\/\/www.facebook.com\/dicodusport","article_author":"https:\/\/www.facebook.com\/dicodusport","article_published_time":"2020-10-24T16:03:46+00:00","article_modified_time":"2020-10-24T18:07:33+00:00","og_image":[{"width":800,"height":445,"url":"https:\/\/dicodusport.fr\/blog\/wp-content\/uploads\/2020\/10\/Classico-Le-Real-Madrid-se-relance-face-au-FC-Barcelone-1.png","type":"image\/png"}],"author":"Nicolas Jacquemard","twitter_card":"summary_large_image","twitter_title":"Classico : Le Real Madrid se relance face au FC Barcelone","twitter_creator":"@https:\/\/twitter.com\/Nico_Jacquemard","twitter_site":"@dicodusport","schema":{"@context":"https:\/\/schema.org","@graph":[{"@type":"NewsArticle","@id":"https:\/\/dicodusport.fr\/blog\/classico-le-real-madrid-se-relance-face-au-fc-barcelone\/#article","isPartOf":{"@id":"https:\/\/dicodusport.fr\/blog\/classico-le-real-madrid-se-relance-face-au-fc-barcelone\/"},"author":{"name":"Nicolas Jacquemard","@id":"https:\/\/dicodusport.fr\/blog\/#\/schema\/person\/55dcb50ad410894e431ed812bbb70191"},"headline":"Classico : Le Real Madrid se relance face au FC Barcelone","datePublished":"2020-10-24T16:03:46+00:00","dateModified":"2020-10-24T18:07:33+00:00","mainEntityOfPage":{"@id":"https:\/\/dicodusport.fr\/blog\/classico-le-real-madrid-se-relance-face-au-fc-barcelone\/"},"wordCount":556,"commentCount":0,"publisher":{"@id":"https:\/\/dicodusport.fr\/blog\/#organization"},"image":{"@id":"https:\/\/dicodusport.fr\/blog\/classico-le-real-madrid-se-relance-face-au-fc-barcelone\/#primaryimage"},"thumbnailUrl":"https:\/\/dicodusport.fr\/blog\/wp-content\/uploads\/2020\/10\/Classico-Le-Real-Madrid-se-relance-face-au-FC-Barcelone-1.png","keywords":["clasico","FC Barcelone","foot","Football","Real Madrid"],"articleSection":["Football"],"inLanguage":"fr-FR","potentialAction":[{"@type":"CommentAction","name":"Comment","target":["https:\/\/dicodusport.fr\/blog\/classico-le-real-madrid-se-relance-face-au-fc-barcelone\/#respond"]}],"copyrightYear":"2020","copyrightHolder":{"@id":"https:\/\/dicodusport.fr\/blog\/#organization"}},{"@type":"WebPage","@id":"https:\/\/dicodusport.fr\/blog\/classico-le-real-madrid-se-relance-face-au-fc-barcelone\/","url":"https:\/\/dicodusport.fr\/blog\/classico-le-real-madrid-se-relance-face-au-fc-barcelone\/","name":"Classico : Le Real Madrid se relance face au FC Barcelone","isPartOf":{"@id":"https:\/\/dicodusport.fr\/blog\/#website"},"primaryImageOfPage":{"@id":"https:\/\/dicodusport.fr\/blog\/classico-le-real-madrid-se-relance-face-au-fc-barcelone\/#primaryimage"},"image":{"@id":"https:\/\/dicodusport.fr\/blog\/classico-le-real-madrid-se-relance-face-au-fc-barcelone\/#primaryimage"},"thumbnailUrl":"https:\/\/dicodusport.fr\/blog\/wp-content\/uploads\/2020\/10\/Classico-Le-Real-Madrid-se-relance-face-au-FC-Barcelone-1.png","datePublished":"2020-10-24T16:03:46+00:00","dateModified":"2020-10-24T18:07:33+00:00","description":"FOOTBALL - Lors d'un classico mitig\u00e9, le Real Madrid s'est impos\u00e9 sur la pelouse du FC Barcelone (1-3). Zidane peut souffler, les Merengues aussi.","breadcrumb":{"@id":"https:\/\/dicodusport.fr\/blog\/classico-le-real-madrid-se-relance-face-au-fc-barcelone\/#breadcrumb"},"inLanguage":"fr-FR","potentialAction":[{"@type":"ReadAction","target":["https:\/\/dicodusport.fr\/blog\/classico-le-real-madrid-se-relance-face-au-fc-barcelone\/"]}]},{"@type":"ImageObject","inLanguage":"fr-FR","@id":"https:\/\/dicodusport.fr\/blog\/classico-le-real-madrid-se-relance-face-au-fc-barcelone\/#primaryimage","url":"https:\/\/dicodusport.fr\/blog\/wp-content\/uploads\/2020\/10\/Classico-Le-Real-Madrid-se-relance-face-au-FC-Barcelone-1.png","contentUrl":"https:\/\/dicodusport.fr\/blog\/wp-content\/uploads\/2020\/10\/Classico-Le-Real-Madrid-se-relance-face-au-FC-Barcelone-1.png","width":800,"height":445,"caption":"Classico : Le Real Madrid se relance face au FC Barcelone"},{"@type":"BreadcrumbList","@id":"https:\/\/dicodusport.fr\/blog\/classico-le-real-madrid-se-relance-face-au-fc-barcelone\/#breadcrumb","itemListElement":[{"@type":"ListItem","position":1,"name":"Accueil","item":"https:\/\/dicodusport.fr\/blog\/"},{"@type":"ListItem","position":2,"name":"Classico : Le Real Madrid se relance face au FC Barcelone"}]},{"@type":"WebSite","@id":"https:\/\/dicodusport.fr\/blog\/#website","url":"https:\/\/dicodusport.fr\/blog\/","name":"Dicodusport","description":"L&#039;encyclop\u00e9die de l&#039;actualit\u00e9 sportive","publisher":{"@id":"https:\/\/dicodusport.fr\/blog\/#organization"},"potentialAction":[{"@type":"SearchAction","target":{"@type":"EntryPoint","urlTemplate":"https:\/\/dicodusport.fr\/blog\/?s={search_term_string}"},"query-input":{"@type":"PropertyValueSpecification","valueRequired":true,"valueName":"search_term_string"}}],"inLanguage":"fr-FR"},{"@type":"NewsMediaOrganization","@id":"https:\/\/dicodusport.fr\/blog\/#organization","name":"Dicodusport","url":"https:\/\/dicodusport.fr\/blog\/","logo":{"@type":"ImageObject","inLanguage":"fr-FR","@id":"https:\/\/dicodusport.fr\/blog\/#\/schema\/logo\/image\/","url":"https:\/\/dicodusport.fr\/blog\/wp-content\/uploads\/2020\/06\/cropped-LOGO-DICODUSPORT-2020-SANS-FOND-SANS-TEXTE.png","contentUrl":"https:\/\/dicodusport.fr\/blog\/wp-content\/uploads\/2020\/06\/cropped-LOGO-DICODUSPORT-2020-SANS-FOND-SANS-TEXTE.png","width":512,"height":512,"caption":"Dicodusport"},"image":{"@id":"https:\/\/dicodusport.fr\/blog\/#\/schema\/logo\/image\/"},"sameAs":["https:\/\/www.facebook.com\/dicodusport","https:\/\/x.com\/dicodusport","https:\/\/www.instagram.com\/dicodusport\/","https:\/\/www.youtube.com\/channel\/UC7V2KZ5sd3htJivAbA4ZG3w"],"description":"Dicodusport est l'encyclop\u00e9die de l'actualit\u00e9 sportive.","email":"bonjour@dicodusport.fr","legalName":"DICODUSPORT","foundingDate":"2018-01-14","vatID":"FR71834470973","taxID":"83447097300043","numberOfEmployees":{"@type":"QuantitativeValue","minValue":"1","maxValue":"10"}},{"@type":"Person","@id":"https:\/\/dicodusport.fr\/blog\/#\/schema\/person\/55dcb50ad410894e431ed812bbb70191","name":"Nicolas Jacquemard","image":{"@type":"ImageObject","inLanguage":"fr-FR","@id":"https:\/\/dicodusport.fr\/blog\/#\/schema\/person\/image\/","url":"https:\/\/dicodusport.fr\/blog\/wp-content\/uploads\/2021\/05\/Nicolas-Jacquemard-150x150.jpeg","contentUrl":"https:\/\/dicodusport.fr\/blog\/wp-content\/uploads\/2021\/05\/Nicolas-Jacquemard-150x150.jpeg","caption":"Nicolas Jacquemard"},"description":"Passionn\u00e9 de sport et entrepreneur depuis mes 18 ans, la cr\u00e9ation de Dicodusport m'a sembl\u00e9 \u00e9vidente pour participer \u00e0 la m\u00e9diatisation d'un plus grand nombre de sports. Le chemin est long mais avec une \u00e9quipe des plus motiv\u00e9es et les Jeux Olympiques de Paris 2024 en point de mire, nous y arriverons ! Journaliste dans le monde du sport depuis plus de 5 ans, je traite aussi bien de football, de rugby, de biathlon que de cyclisme.","sameAs":["https:\/\/www.facebook.com\/dicodusport","https:\/\/x.com\/https:\/\/twitter.com\/Nico_Jacquemard"],"url":"https:\/\/dicodusport.fr\/blog\/author\/dicodusport\/"}]}},"_links":{"self":[{"href":"https:\/\/dicodusport.fr\/blog\/wp-json\/wp\/v2\/posts\/84664","targetHints":{"allow":["GET"]}}],"collection":[{"href":"https:\/\/dicodusport.fr\/blog\/wp-json\/wp\/v2\/posts"}],"about":[{"href":"https:\/\/dicodusport.fr\/blog\/wp-json\/wp\/v2\/types\/post"}],"author":[{"embeddable":true,"href":"https:\/\/dicodusport.fr\/blog\/wp-json\/wp\/v2\/users\/1"}],"replies":[{"embeddable":true,"href":"https:\/\/dicodusport.fr\/blog\/wp-json\/wp\/v2\/comments?post=84664"}],"version-history":[{"count":0,"href":"https:\/\/dicodusport.fr\/blog\/wp-json\/wp\/v2\/posts\/84664\/revisions"}],"wp:featuredmedia":[{"embeddable":true,"href":"https:\/\/dicodusport.fr\/blog\/wp-json\/wp\/v2\/media\/84699"}],"wp:attachment":[{"href":"https:\/\/dicodusport.fr\/blog\/wp-json\/wp\/v2\/media?parent=84664"}],"wp:term":[{"taxonomy":"category","embeddable":true,"href":"https:\/\/dicodusport.fr\/blog\/wp-json\/wp\/v2\/categories?post=84664"},{"taxonomy":"post_tag","embeddable":true,"href":"https:\/\/dicodusport.fr\/blog\/wp-json\/wp\/v2\/tags?post=84664"}],"curies":[{"name":"wp","href":"https:\/\/api.w.org\/{rel}","templated":true}]}}