{"id":84933,"date":"2021-10-03T09:36:51","date_gmt":"2021-10-03T07:36:51","guid":{"rendered":"https:\/\/dicodusport.fr\/blog\/?p=84933"},"modified":"2023-05-20T10:11:36","modified_gmt":"2023-05-20T08:11:36","slug":"carnet-noir-bernard-tapie-mort","status":"publish","type":"post","link":"https:\/\/dicodusport.fr\/blog\/carnet-noir-bernard-tapie-mort\/","title":{"rendered":"Carnet noir &#8211; Bernard Tapie est mort"},"content":{"rendered":"<p style=\"text-align: justify;\"><em><strong>Il a \u00e9t\u00e9 le dirigeant sportif novateur qui a fait entrer le sport en France, et le football en particulier, dans une nouvelle \u00e8re. Bernard Tapie est mort aujourd&rsquo;hui, il avait 78 ans.<\/strong> <\/em><\/p>\n<h2 style=\"text-align: justify;\">Le g\u00e9nie du temps<\/h2>\n<p style=\"text-align: justify;\"><strong>Bernard Tapie<\/strong> avait le g\u00e9nie du temps, de le sentir et de s&rsquo;y fondre. Entrepreneur et dirigeant d&rsquo;entreprises dans une France prise dans les mutations des ann\u00e9es 1980, il a impos\u00e9 son ton et sa patte. Sauveur d&rsquo;entreprises en danger, pr\u00e9sident de club de football, ministre, parlementaire, d\u00e9tenu de droit commun, acteur et grande gueule, <strong>Bernard Tapie<\/strong> aura tout fait et tout \u00e9t\u00e9. Il a surtout \u00e9t\u00e9 celui qui a senti l&rsquo;importance que le sport prendrait en France. Il a particip\u00e9 \u00e0 faire du football hexagonal ce qu&rsquo;il est aujourd&rsquo;hui.<\/p>\n<p style=\"text-align: justify;\">Au milieu des ann\u00e9es 1980, le sport qui gagne en France, c&rsquo;est le v\u00e9lo. <strong>Hinault, Fignon, Madiot, Bernard, Mottet, Claveyrolat, Marie<\/strong>&#8230; Le r\u00e9servoir semble in\u00e9puisable des coureurs capables de gagner des Grands Tours ou des Monuments. <strong>Bernard Tapie<\/strong> n&rsquo;entend que \u00e7a : gagner. Il en a fait sa marque de fabrique depuis qu&rsquo;il s&rsquo;est impos\u00e9 dans le milieu des affaires.<\/p>\n<p style=\"text-align: justify;\">Depuis les ann\u00e9es 1970, il fait parler de lui et son style est d\u00e9j\u00e0 controvers\u00e9. Une premi\u00e8re soci\u00e9t\u00e9 d&rsquo;assistance aux personnes victimes de crise cardiaque doit interrompre son activit\u00e9 rapidement apr\u00e8s sa cr\u00e9ation. Plus tard, il se sp\u00e9cialise dans la reprise d&rsquo;entreprises en difficult\u00e9. Son premier gros coup s&rsquo;appelle <strong>Manufrance<\/strong>. La marque lig\u00e9rienne qui barrait le maillot st\u00e9phanois d\u00e9pose le bilan. <strong>Bernard Tapie<\/strong> acquiert le droit d&rsquo;utiliser la marque en 1980. Quelques semaines plus tard, il met la main sur <strong>La Vie Claire<\/strong>, bient\u00f4t <strong>Terraillon<\/strong>, <strong>Look<\/strong>, <strong>Wonder<\/strong>,<strong> Donnay<\/strong> et <strong>Testut<\/strong>.<\/p>\n<h2 style=\"text-align: justify;\">Les arguments de Bernard Tapie<\/h2>\n<p style=\"text-align: justify;\">En 1983, l&rsquo;occasion inesp\u00e9r\u00e9e se pr\u00e9sente. <strong>Cyrille Guimard<\/strong> et l&rsquo;\u00e9quipe <strong>Renault-Gitane<\/strong> ne croient plus en <strong>Bernard Hinault<\/strong>. Au vieux Blaireau convalescent, le Druide pr\u00e9f\u00e8re <strong>Fignon<\/strong> et <strong>LeMond<\/strong>. Qu&rsquo;\u00e0 cela ne tienne, <strong>Hinault<\/strong> s&rsquo;en va. Il c\u00e8de aux avances financi\u00e8res de <strong>Bernard Tapie<\/strong> qui a les arguments pour cela. Le plus d\u00e9cisif : l&rsquo;\u00e9quipe sera construite pour lui, par lui et autour de lui. Le Breton ne s&rsquo;attendait pas \u00e0 d&rsquo;autres \u00e9gards. Autour de lui, <strong>Kim Andersen<\/strong>, <strong>Jean-Fran\u00e7ois Bernard <\/strong>et<strong> Maurice Le Guilloux<\/strong> pour ne citer qu&rsquo;eux. Pour les encadrer, un autre choix d&rsquo;<strong>Hinault<\/strong> : <strong>Paul K\u00f6chli<\/strong>.<\/p>\n<p style=\"text-align: justify;\">Question gros sous, <strong>Bernard Tapie<\/strong> ne s\u2019embarrasse pas et fait sponsoriser l&rsquo;\u00e9quipe par trois entreprises qu&rsquo;il contr\u00f4le. <strong>Terraillon, Wonder<\/strong> et <strong>Look<\/strong> sur le maillot. L&rsquo;\u00e9quipe, elle, portera &#8211; non sans humour &#8211; le nom d&rsquo;une cha\u00eene de boutiques : <strong>La Vie Claire<\/strong>.<\/p>\n<h2 style=\"text-align: justify;\">Le style Tapie<\/h2>\n<p style=\"text-align: justify;\">La premi\u00e8re ann\u00e9e, l&rsquo;\u00e9quipe de <strong>Guimard<\/strong> dame le pion \u00e0 La Vie Claire et ses moyens astronomiques. L&rsquo;ann\u00e9e suivante, <strong>Bernard Tapie<\/strong> offre un pont d&rsquo;or \u00e0 <strong>LeMond<\/strong> qui rejoint <strong>Bernard Hinault<\/strong>. L&rsquo;objectif semble clair : un troisi\u00e8me Giro et un cinqui\u00e8me Tour de France. L&rsquo;Am\u00e9ricain rongera tout de m\u00eame son frein et c&rsquo;est peu dire qu&rsquo;il ne vivra pas bien la consigne qui lui est donn\u00e9e de ne pas attaquer le Fran\u00e7ais. <strong>Bernard Tapie<\/strong> peaufine le style qui fera son succ\u00e8s dans le football. Un regard et un mot pour tout et tout le monde. Une conception personnelle de l&rsquo;ouvrage qu&rsquo;il n&rsquo;est pas question de remettre en cause. Des sorties m\u00e9diatiques qui agissent comme des paratonnerres.<\/p>\n<p><span class=\"v\"><iframe loading=\"lazy\" title=\"Tour de France 1985 \u00e0 Morzine\" width=\"740\" height=\"555\" src=\"https:\/\/www.youtube.com\/embed\/aaDx50FscYQ?feature=oembed\" frameborder=\"0\" allow=\"accelerometer; autoplay; clipboard-write; encrypted-media; gyroscope; picture-in-picture; web-share\" allowfullscreen><\/iframe><\/span><\/p>\n<p style=\"text-align: justify;\">Entre 1983 et 1991, l&rsquo;\u00e9quipe construite pour gagner des Grands Tours en remportera trois. Deux pour <strong>Hinault<\/strong> (Giro et Tour de France 1985) et un pour <strong>LeMond<\/strong> (Tour de France 1986). Quand les all-stars quitteront l&rsquo;\u00e9quipe, L<strong>a Vie Claire<\/strong> devenue <strong>Toshiba<\/strong> misera sur la jeunesse et lancera, par exemple, la carri\u00e8re professionnelle de<strong> Laurent<\/strong> <strong>Jalabert<\/strong>. L&rsquo;\u00e9quipe est dissoute en 1991 sur une derni\u00e8re victoire : <strong>R\u00f6minger<\/strong> remporte Paris-Nice.<\/p>\n<h2 style=\"text-align: justify;\">Gaston Defferre et Bernard Tapie sont dans un bateau<\/h2>\n<p style=\"text-align: justify;\">De toute fa\u00e7on, <strong>Bernard Tapie<\/strong> a la t\u00eate ailleurs. Depuis 1986, il est \u00e0 la t\u00eate de l&rsquo;<strong>Olympique de Marseille<\/strong>. Il a fallu toute la force de conviction, la s\u00e9duction et l&rsquo;entregent d&rsquo;<strong>Edmonde Charles-Roux<\/strong>. L&rsquo;\u00e9pouse du Maire de Marseille est bien plus que \u00e7a. R\u00e9sistante, Prix-Goncourt et femme libre, elle n&rsquo;est pas du genre \u00e0 s&rsquo;en laisser conter. C&rsquo;est elle qui convainc <strong>Gaston Defferre<\/strong> que <strong>Bernard<\/strong> <strong>Tapie<\/strong> est le candidat id\u00e9al pour reprendre un club \u00e0 l&rsquo;agonie sportive et financi\u00e8re. C&rsquo;est elle aussi qui convainc <strong>Tapie<\/strong> qu&rsquo;il est l&rsquo;homme de la situation. Il rach\u00e8te le club pour 1 Franc symbolique aux portes de la deuxi\u00e8me Division.<\/p>\n<p style=\"text-align: justify;\">Le nouveau Pr\u00e9sident olympien commence fort et recrute <strong>F\u00f6rster<\/strong>, <strong>Giresse<\/strong> et <strong>Papin<\/strong>. Pour structurer l&rsquo;\u00e9quipe, il d\u00e9bauche <strong>Michel Hidalgo<\/strong> de la DTN. <strong>Bernard Tapie<\/strong> n&rsquo;a le temps de personne et l&rsquo;argent de peu de monde. Il investit beaucoup et a l&rsquo;exigence de r\u00e9sultats rapides. Trois ans apr\u00e8s son arriv\u00e9e \u00e0 <strong>Marseille<\/strong>, le club bleu et blanc r\u00e9alise le dernier doubl\u00e9 Coupe-Championnat de son histoire.<\/p>\n<h2 style=\"text-align: justify;\">Dream Team<\/h2>\n<p style=\"text-align: justify;\">Le club a chang\u00e9 de dimension sous l&rsquo;impulsion du duo <strong>Hidalgo-Tapie<\/strong>. <strong>Abedi Pel\u00e9<\/strong> et <strong>Klaus Allofs<\/strong> en 1987, <strong>Huard, Di Meco <\/strong>et<strong> Sauz\u00e9e<\/strong> en 1988 puis<strong> Cantona<\/strong> et <strong>Vercruysse<\/strong>, l&rsquo;<strong>OM<\/strong> prend des airs de Dream-Team. Briller en France c&rsquo;est bien, mais \u00e7a ne suffit pas \u00e0 <strong>Bernard Tapie<\/strong>. Il veut l&rsquo;Europe.<\/p>\n<p style=\"text-align: justify;\">En 1990, l&rsquo;<strong>OM<\/strong> se fait \u00e9liminer en demi-finale de Coupe des Clubs Champions contre le <strong>Benfica Lisbonne<\/strong>. Tout le monde se souvient de la main de <strong>Vata<\/strong>. Le Pr\u00e9sident de l&rsquo;<strong>OM<\/strong> ne met pas longtemps \u00e0 dire qu&rsquo;il a compris comment gagner la C1. L&rsquo;ann\u00e9e suivante, il engage <strong>Franz Beckenbauer<\/strong>. Le calcul de <strong>Tapie<\/strong> est simple : les arbitres y r\u00e9fl\u00e9chiront \u00e0 deux fois avant de faire du tort \u00e0 l&rsquo;\u00e9quipe du <strong>Kaiser<\/strong>. Probl\u00e8me : l&rsquo;<a href=\"https:\/\/www.sofoot.com\/beckenbauer-a-l-om-les-opposes-ne-s-attirent-pas-toujours-292410.html\">Allemand est coriace<\/a>. Il ne laisse pas le Pr\u00e9sident faire les compositions. On aura tout vu !<\/p>\n<p style=\"text-align: justify;\">Place au plus conciliant, <strong>Raymond Goethals<\/strong>. Une premi\u00e8re fois, il emm\u00e8ne l&rsquo;\u00e9quipe en finale. L&rsquo;enjeu paralyse l&rsquo;\u00e9quipe et \u00e0 Bari, l&rsquo;<strong>Etoile Rouge<\/strong> s&rsquo;impose. Sur la pelouse, il y a certainement le meilleur onze marseillais de l&rsquo;histoire. L&rsquo;<strong>OM<\/strong> attendra 1993, Munich et le <strong>Milan AC<\/strong> pour empocher la premi\u00e8re Ligue des Champions. Paradoxalement, l&rsquo;\u00e9quipe \u00e9tait la plus faible des 5 ann\u00e9es pass\u00e9es.<\/p>\n<h2 style=\"text-align: justify;\">Bernard Tapie \u00e0 l&rsquo;ombre<\/h2>\n<p style=\"text-align: justify;\">Quand<strong> Bernard Tapie<\/strong> dit qu&rsquo;il a compris comment gagner la C1, il ne parle pas que de mettre <strong>Beckenbauer<\/strong> sur le banc. Habit\u00e9 par la finale de Bari, il a une obsession : que les Olympiens arrivent en pleine possession de leurs moyens \u00e0 Munich. Une semaine avant la finale, l&rsquo;<strong>OM<\/strong> doit jouer un match de D1 \u00e0 <strong>Valenciennes<\/strong>. On demande \u00e0 <strong>Jean-Jacques Eydelie<\/strong> de prendre attache avec <strong>Jacques Glassman<\/strong>. Les deux hommes ont jou\u00e9 ensemble \u00e0 Tours et <strong>Eydelie<\/strong> doit convaincre <strong>Glassman<\/strong> et deux autres de ses co\u00e9quipiers de lever le pied. Contre une somme rondelette et pour \u00e9viter les blessures imb\u00e9ciles.<\/p>\n<p style=\"text-align: justify;\"><strong>Glassman<\/strong> cafte,<strong> Valenciennes<\/strong> en informe la Ligue qui porte plainte contre X. Au terme d&rsquo;une affaire qui a bouscul\u00e9 le football fran\u00e7ais et failli le flinguer,<strong> Bernard Tapie<\/strong> est condamn\u00e9 en 1996. Corruption et subornation de t\u00e9moins : 2 ans de prison et 8 mois fermes. L&rsquo;<strong>Olympique de Marseille<\/strong> doit se d\u00e9clarer en faillite et connait le purgatoire de la D2. La pr\u00e9sidence <strong>Tapie<\/strong> se cl\u00f4t en eau de boudin sur un palmar\u00e8s pourtant presque imbattable : 4 championnats, 1 Coupe de France et 1 C1.<\/p>\n<div style=\"padding-bottom: 56.25%; height: 0px; overflow: hidden; text-align: justify;\">\n<p><span class=\"rPv7zu6ExSKtlFHJXaeUgAh2mn8Wj3dTp5BoQYIbGckZy10swVLCiDOfM4qR\"><iframe loading=\"lazy\" title=\"La combine \u00e0 Nanard - Les Guignols de l&#039;info\" frameborder=\"0\" width=\"740\" height=\"555\" src=\"https:\/\/www.dailymotion.com\/embed\/video\/x2wb5qz?pubtool=oembed\" allowfullscreen allow=\"autoplay\"><\/iframe><\/span><\/p>\n<p>&nbsp;<\/p>\n<\/div>\n<h2 style=\"text-align: justify;\">La combine \u00e0 Nanard<\/h2>\n<p style=\"text-align: justify;\">Dans les c\u0153urs marseillais, le temps ne fait rien \u00e0 l&rsquo;affaire. <strong>Bernard Tapie<\/strong> conserve un cr\u00e9dit quasi illimit\u00e9 aupr\u00e8s des supporters. Il faut dire que le style fort en gueule de <strong>Nanard<\/strong> a t\u00f4t fait de charmer les Olympiens. D\u00e8s son arriv\u00e9e et fort des r\u00e9sultats retrouv\u00e9s des <em>Bleu &amp; Blanc<\/em>, <strong>Tapie<\/strong> a impos\u00e9 \u00e0 Marseille son personnage &#8211; s\u00e9v\u00e8rement burn\u00e9 -. Dans les Bouches-du-Rh\u00f4ne, il n&rsquo;h\u00e9site pas \u00e0 user de son cr\u00e9dit pour se faire \u00e9lire d\u00e9put\u00e9 en 1989. Plus tard, il sera d\u00e9put\u00e9 europ\u00e9en et conseiller g\u00e9n\u00e9ral. Il fera de la lutte contre le Front National son cheval de bataille.<\/p>\n<p style=\"text-align: justify;\">D&rsquo;abord tent\u00e9 par une aventure \u00e0 droite, c&rsquo;est <strong>Fran\u00e7ois Mitterrand<\/strong> qui parviendra \u00e0 le charmer. Fascin\u00e9 par la force tranquille du vieux pr\u00e9sident, <strong>Bernard Tapie<\/strong> s&rsquo;inscrit dans la majorit\u00e9 pr\u00e9sidentielle et choisit les Radicaux de Gauche. <strong>Fran\u00e7ois Mitterrand<\/strong> aussi sera fascin\u00e9 par cet homme pas beaucoup \u00e9loign\u00e9 de lui. Deux fois, il lui confiera le portefeuille de la Ville dans les gouvernements <strong>B\u00e9r\u00e9govoy<\/strong>. Ses ennuis judiciaires auront raison de sa carri\u00e8re politique. Son immunit\u00e9 parlementaire est lev\u00e9e rapidement par des coll\u00e8gues qui go\u00fbtent peu son style atypique.<\/p>\n<h2 style=\"text-align: justify;\">C&rsquo;est pas les affaires qui quittent Bernard Tapie&#8230;<\/h2>\n<p style=\"text-align: justify;\">La figure de <strong>Bernard Tapie<\/strong> n&rsquo;a pas cess\u00e9 d&rsquo;infuser le monde m\u00e9diatique, politique et m\u00eame culturel depuis. Sa peine de prison purg\u00e9e, il fait l&rsquo;acteur pour Lelouch, le chanteur pour Doc Gyn\u00e9co, donneur d&rsquo;avis et d&rsquo;accessits sur les plateaux t\u00e9l\u00e9. L&rsquo;OM ne traverse pas une crise, une Coupe d&rsquo;Europe ou un titre sans que <strong>Bernard Tapie<\/strong> ne soit consult\u00e9, invoqu\u00e9 ou convoqu\u00e9. En 2000, il remet le couvert avec le club phoc\u00e9en, mais l&rsquo;exp\u00e9rience a t\u00f4t fait de capoter, et Bernard Tapie quitte Marseille en 2002 apr\u00e8s une saison termin\u00e9e \u00e0 la 9e place.<\/p>\n<p style=\"text-align: justify;\">Convaincu qu&rsquo;on l&rsquo;a flou\u00e9 lors de la vente d&rsquo;<strong>Adidas<\/strong>, <strong>Bernard Tapie<\/strong> repart en croisade. Cette fois-ci, c&rsquo;est le <strong>Cr\u00e9dit Lyonnais<\/strong> qui est l&rsquo;objet de son courroux. Il l&rsquo;accuse de s&rsquo;\u00eatre sucr\u00e9 sur son dos et d&rsquo;avoir ainsi trahi ses obligations de vendeur. Au terme d&rsquo;une proc\u00e9dure complexe, l\u2019\u00c9tat et <strong>Tapie<\/strong> conviennent d&rsquo;un arbitrage qui accorde \u00e0 <strong>Tapie<\/strong> 403 millions d&rsquo;euros de r\u00e9parations. Une somme coquette qui lui permet de revenir dans le monde des affaires en devenant le patron du journal r\u00e9gional La Provence. Un pactole qui devient imm\u00e9diatement l&rsquo;objet de contestations et de poursuites.<\/p>\n<p style=\"text-align: justify;\"><em>Depuis 2017,\u00a0 <strong>Bernard Tapie<\/strong> se battait contre le cancer. Celui de l&rsquo;estomac et de l\u2019\u0153sophage puis du poumon. Soutenu par sa famille et tout le peuple marseillais, il s&rsquo;est \u00e9teint \u00e0 78 ans.\u00a0 <\/em><\/p>\n","protected":false},"excerpt":{"rendered":"<p>Il a \u00e9t\u00e9 le dirigeant sportif novateur qui a fait entrer le sport en France, et le football en particulier, dans une nouvelle \u00e8re. Bernard Tapie est mort aujourd&rsquo;hui, il avait 78 ans.<\/p>\n","protected":false},"author":40,"featured_media":170905,"comment_status":"open","ping_status":"closed","sticky":false,"template":"","format":"standard","meta":{"_acf_changed":false,"_daextam_enable_autolinks":"","footnotes":""},"categories":[12712,2301],"tags":[574,75,446,1889,24,1262],"class_list":["post-84933","post","type-post","status-publish","format-standard","has-post-thumbnail","hentry","category-carnet-noir","category-football","tag-cyclisme","tag-football","tag-marseille","tag-om","tag-sport","tag-tour-de-france"],"acf":[],"yoast_head":"<!-- This site is optimized with the Yoast SEO Premium plugin v26.7 (Yoast SEO v26.7) - https:\/\/yoast.com\/wordpress\/plugins\/seo\/ -->\n<title>Carnet noir - Bernard Tapie est mort \u00e0 78 ans - Dicodusport<\/title>\n<meta name=\"description\" content=\"Il a \u00e9t\u00e9 le dirigeant sportif qui a fait entrer le sport en France dans une nouvelle \u00e8re. Bernard Tapie est mort, il avait 78 ans.\" \/>\n<meta name=\"robots\" content=\"index, follow, max-snippet:-1, max-image-preview:large, max-video-preview:-1\" \/>\n<link rel=\"canonical\" href=\"https:\/\/dicodusport.fr\/blog\/carnet-noir-bernard-tapie-mort\/\" \/>\n<meta property=\"og:locale\" content=\"fr_FR\" \/>\n<meta property=\"og:type\" content=\"article\" \/>\n<meta property=\"og:title\" content=\"Bernard Tapie est mort\" \/>\n<meta property=\"og:description\" content=\"Il a \u00e9t\u00e9 le dirigeant sportif qui a fait entrer le sport en France dans une nouvelle \u00e8re. Bernard Tapie est mort, il avait 78 ans.\" \/>\n<meta property=\"og:url\" content=\"https:\/\/dicodusport.fr\/blog\/carnet-noir-bernard-tapie-mort\/\" \/>\n<meta property=\"og:site_name\" content=\"Dicodusport\" \/>\n<meta property=\"article:publisher\" content=\"https:\/\/www.facebook.com\/dicodusport\" \/>\n<meta property=\"article:published_time\" content=\"2021-10-03T07:36:51+00:00\" \/>\n<meta property=\"article:modified_time\" content=\"2023-05-20T08:11:36+00:00\" \/>\n<meta property=\"og:image\" content=\"https:\/\/dicodusport.fr\/blog\/wp-content\/uploads\/2021\/02\/Carnet-noir-Bernard-Tapie-est-mort.png\" \/>\n\t<meta property=\"og:image:width\" content=\"800\" \/>\n\t<meta property=\"og:image:height\" content=\"445\" \/>\n\t<meta property=\"og:image:type\" content=\"image\/png\" \/>\n<meta name=\"author\" content=\"Jordane Mougenot-Pelletier\" \/>\n<meta name=\"twitter:card\" content=\"summary_large_image\" \/>\n<meta name=\"twitter:title\" content=\"Bernard Tapie est mort\" \/>\n<meta name=\"twitter:creator\" content=\"@https:\/\/twitter.com\/jmp_pmj\" \/>\n<meta name=\"twitter:site\" content=\"@dicodusport\" \/>\n<script type=\"application\/ld+json\" class=\"yoast-schema-graph\">{\"@context\":\"https:\/\/schema.org\",\"@graph\":[{\"@type\":\"NewsArticle\",\"@id\":\"https:\/\/dicodusport.fr\/blog\/carnet-noir-bernard-tapie-mort\/#article\",\"isPartOf\":{\"@id\":\"https:\/\/dicodusport.fr\/blog\/carnet-noir-bernard-tapie-mort\/\"},\"author\":{\"name\":\"Jordane Mougenot-Pelletier\",\"@id\":\"https:\/\/dicodusport.fr\/blog\/#\/schema\/person\/20a73cde459581e727623fffec174040\"},\"headline\":\"Carnet noir &#8211; Bernard Tapie est mort\",\"datePublished\":\"2021-10-03T07:36:51+00:00\",\"dateModified\":\"2023-05-20T08:11:36+00:00\",\"mainEntityOfPage\":{\"@id\":\"https:\/\/dicodusport.fr\/blog\/carnet-noir-bernard-tapie-mort\/\"},\"wordCount\":1797,\"commentCount\":0,\"publisher\":{\"@id\":\"https:\/\/dicodusport.fr\/blog\/#organization\"},\"image\":{\"@id\":\"https:\/\/dicodusport.fr\/blog\/carnet-noir-bernard-tapie-mort\/#primaryimage\"},\"thumbnailUrl\":\"https:\/\/dicodusport.fr\/blog\/wp-content\/uploads\/2021\/02\/Carnet-noir-Bernard-Tapie-est-mort.png\",\"keywords\":[\"Cyclisme\",\"Football\",\"Marseille\",\"OM\",\"sport\",\"Tour de France\"],\"articleSection\":[\"Carnet noir\",\"Football\"],\"inLanguage\":\"fr-FR\",\"potentialAction\":[{\"@type\":\"CommentAction\",\"name\":\"Comment\",\"target\":[\"https:\/\/dicodusport.fr\/blog\/carnet-noir-bernard-tapie-mort\/#respond\"]}],\"copyrightYear\":\"2021\",\"copyrightHolder\":{\"@id\":\"https:\/\/dicodusport.fr\/blog\/#organization\"}},{\"@type\":\"WebPage\",\"@id\":\"https:\/\/dicodusport.fr\/blog\/carnet-noir-bernard-tapie-mort\/\",\"url\":\"https:\/\/dicodusport.fr\/blog\/carnet-noir-bernard-tapie-mort\/\",\"name\":\"Carnet noir - Bernard Tapie est mort \u00e0 78 ans - Dicodusport\",\"isPartOf\":{\"@id\":\"https:\/\/dicodusport.fr\/blog\/#website\"},\"primaryImageOfPage\":{\"@id\":\"https:\/\/dicodusport.fr\/blog\/carnet-noir-bernard-tapie-mort\/#primaryimage\"},\"image\":{\"@id\":\"https:\/\/dicodusport.fr\/blog\/carnet-noir-bernard-tapie-mort\/#primaryimage\"},\"thumbnailUrl\":\"https:\/\/dicodusport.fr\/blog\/wp-content\/uploads\/2021\/02\/Carnet-noir-Bernard-Tapie-est-mort.png\",\"datePublished\":\"2021-10-03T07:36:51+00:00\",\"dateModified\":\"2023-05-20T08:11:36+00:00\",\"description\":\"Il a \u00e9t\u00e9 le dirigeant sportif qui a fait entrer le sport en France dans une nouvelle \u00e8re. Bernard Tapie est mort, il avait 78 ans.\",\"breadcrumb\":{\"@id\":\"https:\/\/dicodusport.fr\/blog\/carnet-noir-bernard-tapie-mort\/#breadcrumb\"},\"inLanguage\":\"fr-FR\",\"potentialAction\":[{\"@type\":\"ReadAction\",\"target\":[\"https:\/\/dicodusport.fr\/blog\/carnet-noir-bernard-tapie-mort\/\"]}]},{\"@type\":\"ImageObject\",\"inLanguage\":\"fr-FR\",\"@id\":\"https:\/\/dicodusport.fr\/blog\/carnet-noir-bernard-tapie-mort\/#primaryimage\",\"url\":\"https:\/\/dicodusport.fr\/blog\/wp-content\/uploads\/2021\/02\/Carnet-noir-Bernard-Tapie-est-mort.png\",\"contentUrl\":\"https:\/\/dicodusport.fr\/blog\/wp-content\/uploads\/2021\/02\/Carnet-noir-Bernard-Tapie-est-mort.png\",\"width\":800,\"height\":445,\"caption\":\"Carnet noir - Bernard Tapie est mort\"},{\"@type\":\"BreadcrumbList\",\"@id\":\"https:\/\/dicodusport.fr\/blog\/carnet-noir-bernard-tapie-mort\/#breadcrumb\",\"itemListElement\":[{\"@type\":\"ListItem\",\"position\":1,\"name\":\"Accueil\",\"item\":\"https:\/\/dicodusport.fr\/blog\/\"},{\"@type\":\"ListItem\",\"position\":2,\"name\":\"Carnet noir &#8211; Bernard Tapie est mort\"}]},{\"@type\":\"WebSite\",\"@id\":\"https:\/\/dicodusport.fr\/blog\/#website\",\"url\":\"https:\/\/dicodusport.fr\/blog\/\",\"name\":\"Dicodusport\",\"description\":\"L&#039;encyclop\u00e9die de l&#039;actualit\u00e9 sportive\",\"publisher\":{\"@id\":\"https:\/\/dicodusport.fr\/blog\/#organization\"},\"potentialAction\":[{\"@type\":\"SearchAction\",\"target\":{\"@type\":\"EntryPoint\",\"urlTemplate\":\"https:\/\/dicodusport.fr\/blog\/?s={search_term_string}\"},\"query-input\":{\"@type\":\"PropertyValueSpecification\",\"valueRequired\":true,\"valueName\":\"search_term_string\"}}],\"inLanguage\":\"fr-FR\"},{\"@type\":\"NewsMediaOrganization\",\"@id\":\"https:\/\/dicodusport.fr\/blog\/#organization\",\"name\":\"Dicodusport\",\"url\":\"https:\/\/dicodusport.fr\/blog\/\",\"logo\":{\"@type\":\"ImageObject\",\"inLanguage\":\"fr-FR\",\"@id\":\"https:\/\/dicodusport.fr\/blog\/#\/schema\/logo\/image\/\",\"url\":\"https:\/\/dicodusport.fr\/blog\/wp-content\/uploads\/2020\/06\/cropped-LOGO-DICODUSPORT-2020-SANS-FOND-SANS-TEXTE.png\",\"contentUrl\":\"https:\/\/dicodusport.fr\/blog\/wp-content\/uploads\/2020\/06\/cropped-LOGO-DICODUSPORT-2020-SANS-FOND-SANS-TEXTE.png\",\"width\":512,\"height\":512,\"caption\":\"Dicodusport\"},\"image\":{\"@id\":\"https:\/\/dicodusport.fr\/blog\/#\/schema\/logo\/image\/\"},\"sameAs\":[\"https:\/\/www.facebook.com\/dicodusport\",\"https:\/\/x.com\/dicodusport\",\"https:\/\/www.instagram.com\/dicodusport\/\",\"https:\/\/www.youtube.com\/channel\/UC7V2KZ5sd3htJivAbA4ZG3w\"],\"description\":\"Dicodusport est l'encyclop\u00e9die de l'actualit\u00e9 sportive.\",\"email\":\"bonjour@dicodusport.fr\",\"legalName\":\"DICODUSPORT\",\"foundingDate\":\"2018-01-14\",\"vatID\":\"FR71834470973\",\"taxID\":\"83447097300043\",\"numberOfEmployees\":{\"@type\":\"QuantitativeValue\",\"minValue\":\"1\",\"maxValue\":\"10\"}},{\"@type\":\"Person\",\"@id\":\"https:\/\/dicodusport.fr\/blog\/#\/schema\/person\/20a73cde459581e727623fffec174040\",\"name\":\"Jordane Mougenot-Pelletier\",\"image\":{\"@type\":\"ImageObject\",\"inLanguage\":\"fr-FR\",\"@id\":\"https:\/\/dicodusport.fr\/blog\/#\/schema\/person\/image\/\",\"url\":\"https:\/\/dicodusport.fr\/blog\/wp-content\/uploads\/2021\/05\/Jordane-MP-150x150.jpg\",\"contentUrl\":\"https:\/\/dicodusport.fr\/blog\/wp-content\/uploads\/2021\/05\/Jordane-MP-150x150.jpg\",\"caption\":\"Jordane Mougenot-Pelletier\"},\"description\":\"Journaliste\/r\u00e9dacteur depuis mai 2018 - Dans mon sang coule \u00e0 la fois le feu des penne \u00e0 l'arrabiata et la glace du Grand Colombier. Amoureux des belles lettres et des Talking Heads, je supporte un club olympique. Int\u00e9ress\u00e9 par les relations qu'entretient le sport avec la soci\u00e9t\u00e9, je m'int\u00e9resse autant \u00e0 Marc C\u00e9cillon qu'\u00e0 Pep Guardiola, \u00e0 Tonya Harding qu'\u00e0 Philipp Roth. Enfant des 90's, on ne me fera pas croire qu'il y a eu plus beau \u00e0 voir depuis Zin\u00e9dine Zidane, Marco Pantani et Pete Sampras. La b\u00e9chamel est une invention du diable, la Super Ligue aussi.\",\"sameAs\":[\"https:\/\/x.com\/https:\/\/twitter.com\/jmp_pmj\"],\"url\":\"https:\/\/dicodusport.fr\/blog\/author\/jordane\/\"}]}<\/script>\n<!-- \/ Yoast SEO Premium plugin. -->","yoast_head_json":{"title":"Carnet noir - Bernard Tapie est mort \u00e0 78 ans - Dicodusport","description":"Il a \u00e9t\u00e9 le dirigeant sportif qui a fait entrer le sport en France dans une nouvelle \u00e8re. Bernard Tapie est mort, il avait 78 ans.","robots":{"index":"index","follow":"follow","max-snippet":"max-snippet:-1","max-image-preview":"max-image-preview:large","max-video-preview":"max-video-preview:-1"},"canonical":"https:\/\/dicodusport.fr\/blog\/carnet-noir-bernard-tapie-mort\/","og_locale":"fr_FR","og_type":"article","og_title":"Bernard Tapie est mort","og_description":"Il a \u00e9t\u00e9 le dirigeant sportif qui a fait entrer le sport en France dans une nouvelle \u00e8re. Bernard Tapie est mort, il avait 78 ans.","og_url":"https:\/\/dicodusport.fr\/blog\/carnet-noir-bernard-tapie-mort\/","og_site_name":"Dicodusport","article_publisher":"https:\/\/www.facebook.com\/dicodusport","article_published_time":"2021-10-03T07:36:51+00:00","article_modified_time":"2023-05-20T08:11:36+00:00","og_image":[{"width":800,"height":445,"url":"https:\/\/dicodusport.fr\/blog\/wp-content\/uploads\/2021\/02\/Carnet-noir-Bernard-Tapie-est-mort.png","type":"image\/png"}],"author":"Jordane Mougenot-Pelletier","twitter_card":"summary_large_image","twitter_title":"Bernard Tapie est mort","twitter_creator":"@https:\/\/twitter.com\/jmp_pmj","twitter_site":"@dicodusport","schema":{"@context":"https:\/\/schema.org","@graph":[{"@type":"NewsArticle","@id":"https:\/\/dicodusport.fr\/blog\/carnet-noir-bernard-tapie-mort\/#article","isPartOf":{"@id":"https:\/\/dicodusport.fr\/blog\/carnet-noir-bernard-tapie-mort\/"},"author":{"name":"Jordane Mougenot-Pelletier","@id":"https:\/\/dicodusport.fr\/blog\/#\/schema\/person\/20a73cde459581e727623fffec174040"},"headline":"Carnet noir &#8211; Bernard Tapie est mort","datePublished":"2021-10-03T07:36:51+00:00","dateModified":"2023-05-20T08:11:36+00:00","mainEntityOfPage":{"@id":"https:\/\/dicodusport.fr\/blog\/carnet-noir-bernard-tapie-mort\/"},"wordCount":1797,"commentCount":0,"publisher":{"@id":"https:\/\/dicodusport.fr\/blog\/#organization"},"image":{"@id":"https:\/\/dicodusport.fr\/blog\/carnet-noir-bernard-tapie-mort\/#primaryimage"},"thumbnailUrl":"https:\/\/dicodusport.fr\/blog\/wp-content\/uploads\/2021\/02\/Carnet-noir-Bernard-Tapie-est-mort.png","keywords":["Cyclisme","Football","Marseille","OM","sport","Tour de France"],"articleSection":["Carnet noir","Football"],"inLanguage":"fr-FR","potentialAction":[{"@type":"CommentAction","name":"Comment","target":["https:\/\/dicodusport.fr\/blog\/carnet-noir-bernard-tapie-mort\/#respond"]}],"copyrightYear":"2021","copyrightHolder":{"@id":"https:\/\/dicodusport.fr\/blog\/#organization"}},{"@type":"WebPage","@id":"https:\/\/dicodusport.fr\/blog\/carnet-noir-bernard-tapie-mort\/","url":"https:\/\/dicodusport.fr\/blog\/carnet-noir-bernard-tapie-mort\/","name":"Carnet noir - Bernard Tapie est mort \u00e0 78 ans - Dicodusport","isPartOf":{"@id":"https:\/\/dicodusport.fr\/blog\/#website"},"primaryImageOfPage":{"@id":"https:\/\/dicodusport.fr\/blog\/carnet-noir-bernard-tapie-mort\/#primaryimage"},"image":{"@id":"https:\/\/dicodusport.fr\/blog\/carnet-noir-bernard-tapie-mort\/#primaryimage"},"thumbnailUrl":"https:\/\/dicodusport.fr\/blog\/wp-content\/uploads\/2021\/02\/Carnet-noir-Bernard-Tapie-est-mort.png","datePublished":"2021-10-03T07:36:51+00:00","dateModified":"2023-05-20T08:11:36+00:00","description":"Il a \u00e9t\u00e9 le dirigeant sportif qui a fait entrer le sport en France dans une nouvelle \u00e8re. Bernard Tapie est mort, il avait 78 ans.","breadcrumb":{"@id":"https:\/\/dicodusport.fr\/blog\/carnet-noir-bernard-tapie-mort\/#breadcrumb"},"inLanguage":"fr-FR","potentialAction":[{"@type":"ReadAction","target":["https:\/\/dicodusport.fr\/blog\/carnet-noir-bernard-tapie-mort\/"]}]},{"@type":"ImageObject","inLanguage":"fr-FR","@id":"https:\/\/dicodusport.fr\/blog\/carnet-noir-bernard-tapie-mort\/#primaryimage","url":"https:\/\/dicodusport.fr\/blog\/wp-content\/uploads\/2021\/02\/Carnet-noir-Bernard-Tapie-est-mort.png","contentUrl":"https:\/\/dicodusport.fr\/blog\/wp-content\/uploads\/2021\/02\/Carnet-noir-Bernard-Tapie-est-mort.png","width":800,"height":445,"caption":"Carnet noir - Bernard Tapie est mort"},{"@type":"BreadcrumbList","@id":"https:\/\/dicodusport.fr\/blog\/carnet-noir-bernard-tapie-mort\/#breadcrumb","itemListElement":[{"@type":"ListItem","position":1,"name":"Accueil","item":"https:\/\/dicodusport.fr\/blog\/"},{"@type":"ListItem","position":2,"name":"Carnet noir &#8211; Bernard Tapie est mort"}]},{"@type":"WebSite","@id":"https:\/\/dicodusport.fr\/blog\/#website","url":"https:\/\/dicodusport.fr\/blog\/","name":"Dicodusport","description":"L&#039;encyclop\u00e9die de l&#039;actualit\u00e9 sportive","publisher":{"@id":"https:\/\/dicodusport.fr\/blog\/#organization"},"potentialAction":[{"@type":"SearchAction","target":{"@type":"EntryPoint","urlTemplate":"https:\/\/dicodusport.fr\/blog\/?s={search_term_string}"},"query-input":{"@type":"PropertyValueSpecification","valueRequired":true,"valueName":"search_term_string"}}],"inLanguage":"fr-FR"},{"@type":"NewsMediaOrganization","@id":"https:\/\/dicodusport.fr\/blog\/#organization","name":"Dicodusport","url":"https:\/\/dicodusport.fr\/blog\/","logo":{"@type":"ImageObject","inLanguage":"fr-FR","@id":"https:\/\/dicodusport.fr\/blog\/#\/schema\/logo\/image\/","url":"https:\/\/dicodusport.fr\/blog\/wp-content\/uploads\/2020\/06\/cropped-LOGO-DICODUSPORT-2020-SANS-FOND-SANS-TEXTE.png","contentUrl":"https:\/\/dicodusport.fr\/blog\/wp-content\/uploads\/2020\/06\/cropped-LOGO-DICODUSPORT-2020-SANS-FOND-SANS-TEXTE.png","width":512,"height":512,"caption":"Dicodusport"},"image":{"@id":"https:\/\/dicodusport.fr\/blog\/#\/schema\/logo\/image\/"},"sameAs":["https:\/\/www.facebook.com\/dicodusport","https:\/\/x.com\/dicodusport","https:\/\/www.instagram.com\/dicodusport\/","https:\/\/www.youtube.com\/channel\/UC7V2KZ5sd3htJivAbA4ZG3w"],"description":"Dicodusport est l'encyclop\u00e9die de l'actualit\u00e9 sportive.","email":"bonjour@dicodusport.fr","legalName":"DICODUSPORT","foundingDate":"2018-01-14","vatID":"FR71834470973","taxID":"83447097300043","numberOfEmployees":{"@type":"QuantitativeValue","minValue":"1","maxValue":"10"}},{"@type":"Person","@id":"https:\/\/dicodusport.fr\/blog\/#\/schema\/person\/20a73cde459581e727623fffec174040","name":"Jordane Mougenot-Pelletier","image":{"@type":"ImageObject","inLanguage":"fr-FR","@id":"https:\/\/dicodusport.fr\/blog\/#\/schema\/person\/image\/","url":"https:\/\/dicodusport.fr\/blog\/wp-content\/uploads\/2021\/05\/Jordane-MP-150x150.jpg","contentUrl":"https:\/\/dicodusport.fr\/blog\/wp-content\/uploads\/2021\/05\/Jordane-MP-150x150.jpg","caption":"Jordane Mougenot-Pelletier"},"description":"Journaliste\/r\u00e9dacteur depuis mai 2018 - Dans mon sang coule \u00e0 la fois le feu des penne \u00e0 l'arrabiata et la glace du Grand Colombier. Amoureux des belles lettres et des Talking Heads, je supporte un club olympique. Int\u00e9ress\u00e9 par les relations qu'entretient le sport avec la soci\u00e9t\u00e9, je m'int\u00e9resse autant \u00e0 Marc C\u00e9cillon qu'\u00e0 Pep Guardiola, \u00e0 Tonya Harding qu'\u00e0 Philipp Roth. Enfant des 90's, on ne me fera pas croire qu'il y a eu plus beau \u00e0 voir depuis Zin\u00e9dine Zidane, Marco Pantani et Pete Sampras. La b\u00e9chamel est une invention du diable, la Super Ligue aussi.","sameAs":["https:\/\/x.com\/https:\/\/twitter.com\/jmp_pmj"],"url":"https:\/\/dicodusport.fr\/blog\/author\/jordane\/"}]}},"_links":{"self":[{"href":"https:\/\/dicodusport.fr\/blog\/wp-json\/wp\/v2\/posts\/84933","targetHints":{"allow":["GET"]}}],"collection":[{"href":"https:\/\/dicodusport.fr\/blog\/wp-json\/wp\/v2\/posts"}],"about":[{"href":"https:\/\/dicodusport.fr\/blog\/wp-json\/wp\/v2\/types\/post"}],"author":[{"embeddable":true,"href":"https:\/\/dicodusport.fr\/blog\/wp-json\/wp\/v2\/users\/40"}],"replies":[{"embeddable":true,"href":"https:\/\/dicodusport.fr\/blog\/wp-json\/wp\/v2\/comments?post=84933"}],"version-history":[{"count":0,"href":"https:\/\/dicodusport.fr\/blog\/wp-json\/wp\/v2\/posts\/84933\/revisions"}],"wp:featuredmedia":[{"embeddable":true,"href":"https:\/\/dicodusport.fr\/blog\/wp-json\/wp\/v2\/media\/170905"}],"wp:attachment":[{"href":"https:\/\/dicodusport.fr\/blog\/wp-json\/wp\/v2\/media?parent=84933"}],"wp:term":[{"taxonomy":"category","embeddable":true,"href":"https:\/\/dicodusport.fr\/blog\/wp-json\/wp\/v2\/categories?post=84933"},{"taxonomy":"post_tag","embeddable":true,"href":"https:\/\/dicodusport.fr\/blog\/wp-json\/wp\/v2\/tags?post=84933"}],"curies":[{"name":"wp","href":"https:\/\/api.w.org\/{rel}","templated":true}]}}