{"id":85135,"date":"2020-10-27T18:52:19","date_gmt":"2020-10-27T17:52:19","guid":{"rendered":"https:\/\/dicodusport.fr\/blog\/?p=85135"},"modified":"2020-10-27T18:52:46","modified_gmt":"2020-10-27T17:52:46","slug":"l-infatigable-zlatan-ibrahimovic","status":"publish","type":"post","link":"https:\/\/dicodusport.fr\/blog\/l-infatigable-zlatan-ibrahimovic\/","title":{"rendered":"L\u2019infatigable Zlatan Ibrahimovic"},"content":{"rendered":"<p style=\"text-align: justify;\"><strong><em>\u00c0 39 ans, le g\u00e9ant su\u00e9dois Zlatan Ibrahimovic continue de \u00ab Zlataner \u00bb le monde du football et cette saison du c\u00f4t\u00e9 de la Serie A et du Milan AC. Ibrahimovic participe grandement au renouveau des Rossoneri, avec des performances toujours plus \u00e9tonnantes et un charisme in\u00e9galable.<\/em><\/strong><\/p>\n<h2 style=\"text-align: justify;\">Ibra scotche l\u2019Italie<\/h2>\n<p style=\"text-align: justify;\">Malgr\u00e9 le nul conc\u00e9d\u00e9 dans les derniers instants hier soir face \u00e0 la <b>Roma<\/b> (3-3), <b>Zlatan Ibrahimovic<\/b> a de nouveau mis le <b>Milan AC<\/b> sur de bons rails en inscrivant un nouveau doubl\u00e9. Actuellement meilleur buteur de la <b>Serie A<\/b> italienne avec 6 buts en 3 matchs, le Su\u00e9dois a inscrit un doubl\u00e9 par match ! Depuis son retour en Lombardie la saison pass\u00e9e, il reste sur 18 buts en 25 rencontres, toutes comp\u00e9titions confondues. Il permet en ce moment au <b>Milan AC<\/b> de figurer en t\u00eate du championnat italien. Mais aussi de r\u00e9aliser une s\u00e9rie de 22 matchs sans la moindre d\u00e9faite ! Des statistiques et une influence incroyable de la part de <b>Zlatan<\/b> \u00e0 39 ans.<\/p>\n<p style=\"text-align: justify;\">Si <b>Zlatan Ibrahimovic<\/b> est toujours aussi important dans chaque \u00e9quipe o\u00f9 il passe, c\u2019est aussi gr\u00e2ce \u00e0 ses qualit\u00e9s mentales. \u00ab <em>Son apport mental est fondamental et sa contribution tr\u00e8s importante<\/em>\u2026 C&rsquo;<em>est simple : il veut toujours gagner, il est professionnel et disponible. \u00bb<\/em>, disait son coach au <b>Milan AC<\/b>, <b>Stefano Pioli<\/b> apr\u00e8s le derby remport\u00e9 face \u00e0 l\u2019Inter (1-2). A peine gu\u00e9ri de la Covid-19, l\u2019attaquant milanais a permis \u00e0 son club de remporter son premier derby depuis 2016, en inscrivant les deux buts Rossoneri.<\/p>\n<blockquote class=\"twitter-tweet\">\n<p dir=\"ltr\" lang=\"sv\">Inter, you&rsquo;ve been Zlataned &#x1f534;&#x26ab;<a href=\"https:\/\/twitter.com\/hashtag\/InterMilan?src=hash&amp;ref_src=twsrc%5Etfw\">#InterMilan<\/a> <a href=\"https:\/\/twitter.com\/hashtag\/SempreMilan?src=hash&amp;ref_src=twsrc%5Etfw\">#SempreMilan<\/a> <a href=\"https:\/\/t.co\/dMgjmmhaPb\">pic.twitter.com\/dMgjmmhaPb<\/a><\/p>\n<p>\u2014 AC Milan (@acmilan) <a href=\"https:\/\/twitter.com\/acmilan\/status\/1317527019048083457?ref_src=twsrc%5Etfw\">October 17, 2020<\/a><\/p><\/blockquote>\n<p><script async src=\"https:\/\/platform.twitter.com\/widgets.js\" charset=\"utf-8\"><\/script><\/p>\n<p style=\"text-align: justify;\">Au c\u0153ur d\u2019une tr\u00e8s jeune \u00e9quipe du <b>Milan AC<\/b>, <b>Ibrahimovic<\/b> se r\u00e9v\u00e8le \u00eatre un atout de poids pour <b>Pioli<\/b> tant dans le jeu que dans l\u2019exemple qu\u2019il donne \u00e0 ses jeunes co\u00e9quipiers. Dans le creux de la vague depuis quelques saisons, le <b>Milan AC<\/b> rena\u00eet de ses cendres depuis l\u2019arriv\u00e9e de <b>Zlatan<\/b>, ni plus ni moins. Son prochain objectif ? Offrir un titre au <strong>Milan AC<\/strong>, dix ans apr\u00e8s le titre de 2011, lorsqu&rsquo;il \u00e9voluait d\u00e9j\u00e0 dans le club lombard.<\/p>\n<p><em><strong>Romain Delanis<br \/>\n<\/strong><\/em><em><strong><a href=\"https:\/\/twitter.com\/RDelanis\" target=\"_blank\" rel=\"noopener noreferrer\"><img loading=\"lazy\" decoding=\"async\" class=\"alignnone wp-image-2908\" src=\"http:\/\/dicodusport.fr\/blog\/wp-content\/uploads\/2017\/07\/logo-twitter-150x150.png\" alt=\"\" width=\"39\" height=\"39\" \/><\/a><\/strong><\/em><\/p>\n","protected":false},"excerpt":{"rendered":"<p>A 39 ans, le g\u00e9ant su\u00e9dois Zlatan Ibrahimovic continue de \u00ab\u00a0Zlataner\u00a0\u00bb le monde du football et cette saison du c\u00f4t\u00e9 de la S\u00e9rie A et du Milan AC.<\/p>\n","protected":false},"author":14,"featured_media":85199,"comment_status":"open","ping_status":"closed","sticky":false,"template":"","format":"standard","meta":{"_acf_changed":false,"_daextam_enable_autolinks":"","footnotes":""},"categories":[2301],"tags":[75,2999,4613,24,385],"class_list":["post-85135","post","type-post","status-publish","format-standard","has-post-thumbnail","hentry","category-football","tag-football","tag-milan-ac","tag-serie-a","tag-sport","tag-zlatan-ibrahimovic"],"acf":[],"yoast_head":"<!-- This site is optimized with the Yoast SEO Premium plugin v26.7 (Yoast SEO v26.7) - https:\/\/yoast.com\/wordpress\/plugins\/seo\/ -->\n<title>L\u2019infatigable Zlatan Ibrahimovic<\/title>\n<meta name=\"description\" content=\"A 39 ans, le g\u00e9ant su\u00e9dois Zlatan Ibrahimovic continue de \u00ab\u00a0Zlataner\u00a0\u00bb le monde du football et cette saison du c\u00f4t\u00e9 du Milan AC.\" \/>\n<meta name=\"robots\" content=\"index, follow, max-snippet:-1, max-image-preview:large, max-video-preview:-1\" \/>\n<link rel=\"canonical\" href=\"https:\/\/dicodusport.fr\/blog\/l-infatigable-zlatan-ibrahimovic\/\" \/>\n<meta property=\"og:locale\" content=\"fr_FR\" \/>\n<meta property=\"og:type\" content=\"article\" \/>\n<meta property=\"og:title\" content=\"L\u2019infatigable Zlatan Ibrahimovic\" \/>\n<meta property=\"og:description\" content=\"A 39 ans, le g\u00e9ant su\u00e9dois Zlatan Ibrahimovic continue de \u00ab\u00a0Zlataner\u00a0\u00bb le monde du football et cette saison du c\u00f4t\u00e9 du Milan AC.\" \/>\n<meta property=\"og:url\" content=\"https:\/\/dicodusport.fr\/blog\/l-infatigable-zlatan-ibrahimovic\/\" \/>\n<meta property=\"og:site_name\" content=\"Dicodusport\" \/>\n<meta property=\"article:publisher\" content=\"https:\/\/www.facebook.com\/dicodusport\" \/>\n<meta property=\"article:published_time\" content=\"2020-10-27T17:52:19+00:00\" \/>\n<meta property=\"article:modified_time\" content=\"2020-10-27T17:52:46+00:00\" \/>\n<meta property=\"og:image\" content=\"https:\/\/dicodusport.fr\/blog\/wp-content\/uploads\/2020\/10\/L\u2019infatigable-Zlatan-Ibrahimovic.png\" \/>\n\t<meta property=\"og:image:width\" content=\"800\" \/>\n\t<meta property=\"og:image:height\" content=\"445\" \/>\n\t<meta property=\"og:image:type\" content=\"image\/png\" \/>\n<meta name=\"author\" content=\"Romain Delanis\" \/>\n<meta name=\"twitter:card\" content=\"summary_large_image\" \/>\n<meta name=\"twitter:title\" content=\"L\u2019infatigable Zlatan Ibrahimovic\" \/>\n<meta name=\"twitter:creator\" content=\"@https:\/\/twitter.com\/RDelanis\" \/>\n<meta name=\"twitter:site\" content=\"@dicodusport\" \/>\n<script type=\"application\/ld+json\" class=\"yoast-schema-graph\">{\"@context\":\"https:\/\/schema.org\",\"@graph\":[{\"@type\":\"NewsArticle\",\"@id\":\"https:\/\/dicodusport.fr\/blog\/l-infatigable-zlatan-ibrahimovic\/#article\",\"isPartOf\":{\"@id\":\"https:\/\/dicodusport.fr\/blog\/l-infatigable-zlatan-ibrahimovic\/\"},\"author\":{\"name\":\"Romain Delanis\",\"@id\":\"https:\/\/dicodusport.fr\/blog\/#\/schema\/person\/8c78730a59f8a1e617f7a19026ebc14a\"},\"headline\":\"L\u2019infatigable Zlatan Ibrahimovic\",\"datePublished\":\"2020-10-27T17:52:19+00:00\",\"dateModified\":\"2020-10-27T17:52:46+00:00\",\"mainEntityOfPage\":{\"@id\":\"https:\/\/dicodusport.fr\/blog\/l-infatigable-zlatan-ibrahimovic\/\"},\"wordCount\":371,\"commentCount\":0,\"publisher\":{\"@id\":\"https:\/\/dicodusport.fr\/blog\/#organization\"},\"image\":{\"@id\":\"https:\/\/dicodusport.fr\/blog\/l-infatigable-zlatan-ibrahimovic\/#primaryimage\"},\"thumbnailUrl\":\"https:\/\/dicodusport.fr\/blog\/wp-content\/uploads\/2020\/10\/L\u2019infatigable-Zlatan-Ibrahimovic.png\",\"keywords\":[\"Football\",\"milan ac\",\"Serie A\",\"sport\",\"Zlatan Ibrahimovic\"],\"articleSection\":[\"Football\"],\"inLanguage\":\"fr-FR\",\"potentialAction\":[{\"@type\":\"CommentAction\",\"name\":\"Comment\",\"target\":[\"https:\/\/dicodusport.fr\/blog\/l-infatigable-zlatan-ibrahimovic\/#respond\"]}],\"copyrightYear\":\"2020\",\"copyrightHolder\":{\"@id\":\"https:\/\/dicodusport.fr\/blog\/#organization\"}},{\"@type\":\"WebPage\",\"@id\":\"https:\/\/dicodusport.fr\/blog\/l-infatigable-zlatan-ibrahimovic\/\",\"url\":\"https:\/\/dicodusport.fr\/blog\/l-infatigable-zlatan-ibrahimovic\/\",\"name\":\"L\u2019infatigable Zlatan Ibrahimovic\",\"isPartOf\":{\"@id\":\"https:\/\/dicodusport.fr\/blog\/#website\"},\"primaryImageOfPage\":{\"@id\":\"https:\/\/dicodusport.fr\/blog\/l-infatigable-zlatan-ibrahimovic\/#primaryimage\"},\"image\":{\"@id\":\"https:\/\/dicodusport.fr\/blog\/l-infatigable-zlatan-ibrahimovic\/#primaryimage\"},\"thumbnailUrl\":\"https:\/\/dicodusport.fr\/blog\/wp-content\/uploads\/2020\/10\/L\u2019infatigable-Zlatan-Ibrahimovic.png\",\"datePublished\":\"2020-10-27T17:52:19+00:00\",\"dateModified\":\"2020-10-27T17:52:46+00:00\",\"description\":\"A 39 ans, le g\u00e9ant su\u00e9dois Zlatan Ibrahimovic continue de \u00ab\u00a0Zlataner\u00a0\u00bb le monde du football et cette saison du c\u00f4t\u00e9 du Milan AC.\",\"breadcrumb\":{\"@id\":\"https:\/\/dicodusport.fr\/blog\/l-infatigable-zlatan-ibrahimovic\/#breadcrumb\"},\"inLanguage\":\"fr-FR\",\"potentialAction\":[{\"@type\":\"ReadAction\",\"target\":[\"https:\/\/dicodusport.fr\/blog\/l-infatigable-zlatan-ibrahimovic\/\"]}]},{\"@type\":\"ImageObject\",\"inLanguage\":\"fr-FR\",\"@id\":\"https:\/\/dicodusport.fr\/blog\/l-infatigable-zlatan-ibrahimovic\/#primaryimage\",\"url\":\"https:\/\/dicodusport.fr\/blog\/wp-content\/uploads\/2020\/10\/L\u2019infatigable-Zlatan-Ibrahimovic.png\",\"contentUrl\":\"https:\/\/dicodusport.fr\/blog\/wp-content\/uploads\/2020\/10\/L\u2019infatigable-Zlatan-Ibrahimovic.png\",\"width\":800,\"height\":445,\"caption\":\"L\u2019infatigable Zlatan Ibrahimovic\"},{\"@type\":\"BreadcrumbList\",\"@id\":\"https:\/\/dicodusport.fr\/blog\/l-infatigable-zlatan-ibrahimovic\/#breadcrumb\",\"itemListElement\":[{\"@type\":\"ListItem\",\"position\":1,\"name\":\"Accueil\",\"item\":\"https:\/\/dicodusport.fr\/blog\/\"},{\"@type\":\"ListItem\",\"position\":2,\"name\":\"L\u2019infatigable Zlatan Ibrahimovic\"}]},{\"@type\":\"WebSite\",\"@id\":\"https:\/\/dicodusport.fr\/blog\/#website\",\"url\":\"https:\/\/dicodusport.fr\/blog\/\",\"name\":\"Dicodusport\",\"description\":\"L&#039;encyclop\u00e9die de l&#039;actualit\u00e9 sportive\",\"publisher\":{\"@id\":\"https:\/\/dicodusport.fr\/blog\/#organization\"},\"potentialAction\":[{\"@type\":\"SearchAction\",\"target\":{\"@type\":\"EntryPoint\",\"urlTemplate\":\"https:\/\/dicodusport.fr\/blog\/?s={search_term_string}\"},\"query-input\":{\"@type\":\"PropertyValueSpecification\",\"valueRequired\":true,\"valueName\":\"search_term_string\"}}],\"inLanguage\":\"fr-FR\"},{\"@type\":\"NewsMediaOrganization\",\"@id\":\"https:\/\/dicodusport.fr\/blog\/#organization\",\"name\":\"Dicodusport\",\"url\":\"https:\/\/dicodusport.fr\/blog\/\",\"logo\":{\"@type\":\"ImageObject\",\"inLanguage\":\"fr-FR\",\"@id\":\"https:\/\/dicodusport.fr\/blog\/#\/schema\/logo\/image\/\",\"url\":\"https:\/\/dicodusport.fr\/blog\/wp-content\/uploads\/2020\/06\/cropped-LOGO-DICODUSPORT-2020-SANS-FOND-SANS-TEXTE.png\",\"contentUrl\":\"https:\/\/dicodusport.fr\/blog\/wp-content\/uploads\/2020\/06\/cropped-LOGO-DICODUSPORT-2020-SANS-FOND-SANS-TEXTE.png\",\"width\":512,\"height\":512,\"caption\":\"Dicodusport\"},\"image\":{\"@id\":\"https:\/\/dicodusport.fr\/blog\/#\/schema\/logo\/image\/\"},\"sameAs\":[\"https:\/\/www.facebook.com\/dicodusport\",\"https:\/\/x.com\/dicodusport\",\"https:\/\/www.instagram.com\/dicodusport\/\",\"https:\/\/www.youtube.com\/channel\/UC7V2KZ5sd3htJivAbA4ZG3w\"],\"description\":\"Dicodusport est l'encyclop\u00e9die de l'actualit\u00e9 sportive.\",\"email\":\"bonjour@dicodusport.fr\",\"legalName\":\"DICODUSPORT\",\"foundingDate\":\"2018-01-14\",\"vatID\":\"FR71834470973\",\"taxID\":\"83447097300043\",\"numberOfEmployees\":{\"@type\":\"QuantitativeValue\",\"minValue\":\"1\",\"maxValue\":\"10\"}},{\"@type\":\"Person\",\"@id\":\"https:\/\/dicodusport.fr\/blog\/#\/schema\/person\/8c78730a59f8a1e617f7a19026ebc14a\",\"name\":\"Romain Delanis\",\"image\":{\"@type\":\"ImageObject\",\"inLanguage\":\"fr-FR\",\"@id\":\"https:\/\/dicodusport.fr\/blog\/#\/schema\/person\/image\/\",\"url\":\"https:\/\/dicodusport.fr\/blog\/wp-content\/uploads\/2021\/05\/Romain-Delanis-150x150.jpg\",\"contentUrl\":\"https:\/\/dicodusport.fr\/blog\/wp-content\/uploads\/2021\/05\/Romain-Delanis-150x150.jpg\",\"caption\":\"Romain Delanis\"},\"description\":\"Journaliste\/R\u00e9dacteur depuis novembre 2015 - Capable de passer un samedi apr\u00e8s-midi devant la Ligue 2 puis le biathlon sans oublier la finale de l\u2019ATP Rotterdam, j\u2019aime aussi mettre mon r\u00e9veil pour me faire un Pistons\/Bulls qui rappelle de bons souvenirs. Tout cela, j\u2019ai choisi il y a maintenant quelques temps de vous le raconter avec Dicodusport, pour vous faire vivre ma passion parfois inconsid\u00e9r\u00e9e pour le sport en g\u00e9n\u00e9ral (mais surtout le foot faut se l\u2019avouer).\",\"sameAs\":[\"https:\/\/x.com\/https:\/\/twitter.com\/RDelanis\"],\"url\":\"https:\/\/dicodusport.fr\/blog\/author\/romain\/\"}]}<\/script>\n<!-- \/ Yoast SEO Premium plugin. -->","yoast_head_json":{"title":"L\u2019infatigable Zlatan Ibrahimovic","description":"A 39 ans, le g\u00e9ant su\u00e9dois Zlatan Ibrahimovic continue de \u00ab\u00a0Zlataner\u00a0\u00bb le monde du football et cette saison du c\u00f4t\u00e9 du Milan AC.","robots":{"index":"index","follow":"follow","max-snippet":"max-snippet:-1","max-image-preview":"max-image-preview:large","max-video-preview":"max-video-preview:-1"},"canonical":"https:\/\/dicodusport.fr\/blog\/l-infatigable-zlatan-ibrahimovic\/","og_locale":"fr_FR","og_type":"article","og_title":"L\u2019infatigable Zlatan Ibrahimovic","og_description":"A 39 ans, le g\u00e9ant su\u00e9dois Zlatan Ibrahimovic continue de \u00ab\u00a0Zlataner\u00a0\u00bb le monde du football et cette saison du c\u00f4t\u00e9 du Milan AC.","og_url":"https:\/\/dicodusport.fr\/blog\/l-infatigable-zlatan-ibrahimovic\/","og_site_name":"Dicodusport","article_publisher":"https:\/\/www.facebook.com\/dicodusport","article_published_time":"2020-10-27T17:52:19+00:00","article_modified_time":"2020-10-27T17:52:46+00:00","og_image":[{"width":800,"height":445,"url":"https:\/\/dicodusport.fr\/blog\/wp-content\/uploads\/2020\/10\/L\u2019infatigable-Zlatan-Ibrahimovic.png","type":"image\/png"}],"author":"Romain Delanis","twitter_card":"summary_large_image","twitter_title":"L\u2019infatigable Zlatan Ibrahimovic","twitter_creator":"@https:\/\/twitter.com\/RDelanis","twitter_site":"@dicodusport","schema":{"@context":"https:\/\/schema.org","@graph":[{"@type":"NewsArticle","@id":"https:\/\/dicodusport.fr\/blog\/l-infatigable-zlatan-ibrahimovic\/#article","isPartOf":{"@id":"https:\/\/dicodusport.fr\/blog\/l-infatigable-zlatan-ibrahimovic\/"},"author":{"name":"Romain Delanis","@id":"https:\/\/dicodusport.fr\/blog\/#\/schema\/person\/8c78730a59f8a1e617f7a19026ebc14a"},"headline":"L\u2019infatigable Zlatan Ibrahimovic","datePublished":"2020-10-27T17:52:19+00:00","dateModified":"2020-10-27T17:52:46+00:00","mainEntityOfPage":{"@id":"https:\/\/dicodusport.fr\/blog\/l-infatigable-zlatan-ibrahimovic\/"},"wordCount":371,"commentCount":0,"publisher":{"@id":"https:\/\/dicodusport.fr\/blog\/#organization"},"image":{"@id":"https:\/\/dicodusport.fr\/blog\/l-infatigable-zlatan-ibrahimovic\/#primaryimage"},"thumbnailUrl":"https:\/\/dicodusport.fr\/blog\/wp-content\/uploads\/2020\/10\/L\u2019infatigable-Zlatan-Ibrahimovic.png","keywords":["Football","milan ac","Serie A","sport","Zlatan Ibrahimovic"],"articleSection":["Football"],"inLanguage":"fr-FR","potentialAction":[{"@type":"CommentAction","name":"Comment","target":["https:\/\/dicodusport.fr\/blog\/l-infatigable-zlatan-ibrahimovic\/#respond"]}],"copyrightYear":"2020","copyrightHolder":{"@id":"https:\/\/dicodusport.fr\/blog\/#organization"}},{"@type":"WebPage","@id":"https:\/\/dicodusport.fr\/blog\/l-infatigable-zlatan-ibrahimovic\/","url":"https:\/\/dicodusport.fr\/blog\/l-infatigable-zlatan-ibrahimovic\/","name":"L\u2019infatigable Zlatan Ibrahimovic","isPartOf":{"@id":"https:\/\/dicodusport.fr\/blog\/#website"},"primaryImageOfPage":{"@id":"https:\/\/dicodusport.fr\/blog\/l-infatigable-zlatan-ibrahimovic\/#primaryimage"},"image":{"@id":"https:\/\/dicodusport.fr\/blog\/l-infatigable-zlatan-ibrahimovic\/#primaryimage"},"thumbnailUrl":"https:\/\/dicodusport.fr\/blog\/wp-content\/uploads\/2020\/10\/L\u2019infatigable-Zlatan-Ibrahimovic.png","datePublished":"2020-10-27T17:52:19+00:00","dateModified":"2020-10-27T17:52:46+00:00","description":"A 39 ans, le g\u00e9ant su\u00e9dois Zlatan Ibrahimovic continue de \u00ab\u00a0Zlataner\u00a0\u00bb le monde du football et cette saison du c\u00f4t\u00e9 du Milan AC.","breadcrumb":{"@id":"https:\/\/dicodusport.fr\/blog\/l-infatigable-zlatan-ibrahimovic\/#breadcrumb"},"inLanguage":"fr-FR","potentialAction":[{"@type":"ReadAction","target":["https:\/\/dicodusport.fr\/blog\/l-infatigable-zlatan-ibrahimovic\/"]}]},{"@type":"ImageObject","inLanguage":"fr-FR","@id":"https:\/\/dicodusport.fr\/blog\/l-infatigable-zlatan-ibrahimovic\/#primaryimage","url":"https:\/\/dicodusport.fr\/blog\/wp-content\/uploads\/2020\/10\/L\u2019infatigable-Zlatan-Ibrahimovic.png","contentUrl":"https:\/\/dicodusport.fr\/blog\/wp-content\/uploads\/2020\/10\/L\u2019infatigable-Zlatan-Ibrahimovic.png","width":800,"height":445,"caption":"L\u2019infatigable Zlatan Ibrahimovic"},{"@type":"BreadcrumbList","@id":"https:\/\/dicodusport.fr\/blog\/l-infatigable-zlatan-ibrahimovic\/#breadcrumb","itemListElement":[{"@type":"ListItem","position":1,"name":"Accueil","item":"https:\/\/dicodusport.fr\/blog\/"},{"@type":"ListItem","position":2,"name":"L\u2019infatigable Zlatan Ibrahimovic"}]},{"@type":"WebSite","@id":"https:\/\/dicodusport.fr\/blog\/#website","url":"https:\/\/dicodusport.fr\/blog\/","name":"Dicodusport","description":"L&#039;encyclop\u00e9die de l&#039;actualit\u00e9 sportive","publisher":{"@id":"https:\/\/dicodusport.fr\/blog\/#organization"},"potentialAction":[{"@type":"SearchAction","target":{"@type":"EntryPoint","urlTemplate":"https:\/\/dicodusport.fr\/blog\/?s={search_term_string}"},"query-input":{"@type":"PropertyValueSpecification","valueRequired":true,"valueName":"search_term_string"}}],"inLanguage":"fr-FR"},{"@type":"NewsMediaOrganization","@id":"https:\/\/dicodusport.fr\/blog\/#organization","name":"Dicodusport","url":"https:\/\/dicodusport.fr\/blog\/","logo":{"@type":"ImageObject","inLanguage":"fr-FR","@id":"https:\/\/dicodusport.fr\/blog\/#\/schema\/logo\/image\/","url":"https:\/\/dicodusport.fr\/blog\/wp-content\/uploads\/2020\/06\/cropped-LOGO-DICODUSPORT-2020-SANS-FOND-SANS-TEXTE.png","contentUrl":"https:\/\/dicodusport.fr\/blog\/wp-content\/uploads\/2020\/06\/cropped-LOGO-DICODUSPORT-2020-SANS-FOND-SANS-TEXTE.png","width":512,"height":512,"caption":"Dicodusport"},"image":{"@id":"https:\/\/dicodusport.fr\/blog\/#\/schema\/logo\/image\/"},"sameAs":["https:\/\/www.facebook.com\/dicodusport","https:\/\/x.com\/dicodusport","https:\/\/www.instagram.com\/dicodusport\/","https:\/\/www.youtube.com\/channel\/UC7V2KZ5sd3htJivAbA4ZG3w"],"description":"Dicodusport est l'encyclop\u00e9die de l'actualit\u00e9 sportive.","email":"bonjour@dicodusport.fr","legalName":"DICODUSPORT","foundingDate":"2018-01-14","vatID":"FR71834470973","taxID":"83447097300043","numberOfEmployees":{"@type":"QuantitativeValue","minValue":"1","maxValue":"10"}},{"@type":"Person","@id":"https:\/\/dicodusport.fr\/blog\/#\/schema\/person\/8c78730a59f8a1e617f7a19026ebc14a","name":"Romain Delanis","image":{"@type":"ImageObject","inLanguage":"fr-FR","@id":"https:\/\/dicodusport.fr\/blog\/#\/schema\/person\/image\/","url":"https:\/\/dicodusport.fr\/blog\/wp-content\/uploads\/2021\/05\/Romain-Delanis-150x150.jpg","contentUrl":"https:\/\/dicodusport.fr\/blog\/wp-content\/uploads\/2021\/05\/Romain-Delanis-150x150.jpg","caption":"Romain Delanis"},"description":"Journaliste\/R\u00e9dacteur depuis novembre 2015 - Capable de passer un samedi apr\u00e8s-midi devant la Ligue 2 puis le biathlon sans oublier la finale de l\u2019ATP Rotterdam, j\u2019aime aussi mettre mon r\u00e9veil pour me faire un Pistons\/Bulls qui rappelle de bons souvenirs. Tout cela, j\u2019ai choisi il y a maintenant quelques temps de vous le raconter avec Dicodusport, pour vous faire vivre ma passion parfois inconsid\u00e9r\u00e9e pour le sport en g\u00e9n\u00e9ral (mais surtout le foot faut se l\u2019avouer).","sameAs":["https:\/\/x.com\/https:\/\/twitter.com\/RDelanis"],"url":"https:\/\/dicodusport.fr\/blog\/author\/romain\/"}]}},"_links":{"self":[{"href":"https:\/\/dicodusport.fr\/blog\/wp-json\/wp\/v2\/posts\/85135","targetHints":{"allow":["GET"]}}],"collection":[{"href":"https:\/\/dicodusport.fr\/blog\/wp-json\/wp\/v2\/posts"}],"about":[{"href":"https:\/\/dicodusport.fr\/blog\/wp-json\/wp\/v2\/types\/post"}],"author":[{"embeddable":true,"href":"https:\/\/dicodusport.fr\/blog\/wp-json\/wp\/v2\/users\/14"}],"replies":[{"embeddable":true,"href":"https:\/\/dicodusport.fr\/blog\/wp-json\/wp\/v2\/comments?post=85135"}],"version-history":[{"count":0,"href":"https:\/\/dicodusport.fr\/blog\/wp-json\/wp\/v2\/posts\/85135\/revisions"}],"wp:featuredmedia":[{"embeddable":true,"href":"https:\/\/dicodusport.fr\/blog\/wp-json\/wp\/v2\/media\/85199"}],"wp:attachment":[{"href":"https:\/\/dicodusport.fr\/blog\/wp-json\/wp\/v2\/media?parent=85135"}],"wp:term":[{"taxonomy":"category","embeddable":true,"href":"https:\/\/dicodusport.fr\/blog\/wp-json\/wp\/v2\/categories?post=85135"},{"taxonomy":"post_tag","embeddable":true,"href":"https:\/\/dicodusport.fr\/blog\/wp-json\/wp\/v2\/tags?post=85135"}],"curies":[{"name":"wp","href":"https:\/\/api.w.org\/{rel}","templated":true}]}}