{"id":8554,"date":"2017-12-13T15:00:54","date_gmt":"2017-12-13T14:00:54","guid":{"rendered":"http:\/\/dicodusport.fr\/blog\/?p=8554"},"modified":"2017-12-14T16:28:50","modified_gmt":"2017-12-14T15:28:50","slug":"autre-cote-pas-de-tir-chloe-chevalier-retour-en-coupe-du-monde","status":"publish","type":"post","link":"https:\/\/dicodusport.fr\/blog\/autre-cote-pas-de-tir-chloe-chevalier-retour-en-coupe-du-monde\/","title":{"rendered":"De l&rsquo;autre c\u00f4t\u00e9 du pas de tir #2 : Chlo\u00e9 Chevalier, retour en Coupe du Monde"},"content":{"rendered":"<p style=\"text-align: justify;\"><em><strong>Apr\u00e8s les deux premi\u00e8res \u00e9tapes de la saison \u00e0 \u00d6stersund et Hochfilzen, les meilleurs biathl\u00e8tes de la plan\u00e8te se dirigent en France pour une \u00e9tape in\u00e9dite au Grand-Bornand ! L&rsquo;occasion pour Chlo\u00e9 Chevalier d&rsquo;int\u00e9grer l&rsquo;\u00c9quipe de France, 2 ans apr\u00e8s sa premi\u00e8re course de Coupe du Monde \u00e0 Poljuka, gr\u00e2ce \u00e0 une belle 3\u00e8me place sur la poursuite de Lenzerheide en IBU Cup. \u00c0 la veille de la premi\u00e8re course au Grand-Bornand, nous avons pu recueillir ses impressions.<\/strong><\/em><\/p>\n<hr \/>\n<h5>Dicodusport : Comment vivez-vous ce retour en Coupe du Monde ?<\/h5>\n<p style=\"text-align: justify;\"><em>Chlo\u00e9 Chevalier :<\/em>\u00a0\u00ab\u00a0\u00c7a fait vraiment plaisir et du bien de revenir en Coupe du Monde, m\u00eame si la derni\u00e8re fois c&rsquo;\u00e9tait une exp\u00e9rience un peu rapide ! (ndlr : Chlo\u00e9 Chevalier n&rsquo;avait particip\u00e9 qu&rsquo;au sprint \u00e0 Poljuka) L&rsquo;objectif, c&rsquo;\u00e9tait de remonter en Coupe du Monde et c&rsquo;est chose faite au moins pour cette \u00e9tape donc \u00e7a fait du bien. En plus devant la famille, les amis et beaucoup de connaissances c&rsquo;est chouette !<\/p>\n<h5>Quel est votre objectif sur ce week-end au Grand Bornand ?<\/h5>\n<p style=\"text-align: justify;\">Je ne sais pas trop, en fait je ne connais pas exactement mon niveau par rapport aux filles auxquelles je vais me confronter; donc je vais plus me concentrer sur la mani\u00e8re. Si je peux faire les m\u00eames choses que j&rsquo;ai pu faire en IBU Cup, en terme de comportement au tir, sur les skis, \u00e7a sera bien. Et puis pour le r\u00e9sultat, j&rsquo;esp\u00e8re au moins faire partie de la poursuite, on verra\u00a0une fois la ligne d&rsquo;arriv\u00e9e franchie sur le sprint.<\/p>\n<h5>Actuellement 3\u00e8me du g\u00e9n\u00e9ral de l&rsquo;IBU Cup, vous consid\u00e9rez ce classement comme un objectif ou vous visez la Coupe du Monde ?<\/h5>\n<p style=\"text-align: justify;\">Non le classement g\u00e9n\u00e9ral de l&rsquo;IBU Cup n&rsquo;est pas du tout un objectif car \u00e0 chaque fois que j&rsquo;y suis, j&rsquo;esp\u00e8re juste faire de bonnes performances pour monter \u00e0 l&rsquo;\u00e9tage sup\u00e9rieur. L&rsquo;objectif sur l&rsquo;IBU Cup c&rsquo;est vraiment de faire de belles courses, pour ensuite faire partie de la s\u00e9lection sur les \u00e9tapes de Coupe du Monde.<\/p>\n<h5>Des axes de progressions sp\u00e9cifiques pour cette saison ?<\/h5>\n<p style=\"text-align: justify;\">Cette ann\u00e9e, j&rsquo;ai beaucoup travaill\u00e9 au tir, physiquement, mais aussi dans ma t\u00eate : je pense que j&rsquo;ai essay\u00e9 de changer un peu mon approche de la comp\u00e9tition, donc au Grand Bornand \u00e7a va \u00eatre un test grandeur nature. En plus, il va y avoir beaucoup d&rsquo;\u00e9l\u00e9ments qui pourront me perturber, comme le public fran\u00e7ais derri\u00e8re moi et l&rsquo;enjeu de la Coupe du Monde, donc\u00a0je vais essayer de rester dans ce que j&rsquo;ai travaill\u00e9. Il va falloir se focaliser uniquement sur ma course, me faire plaisir au maximum et on regardera le r\u00e9sultat apr\u00e8s.<\/p>\n<h5>Quels sont les biathl\u00e8tes qui vous ont impressionn\u00e9 en ce d\u00e9but de saison ?<\/h5>\n<p style=\"text-align: justify;\">Denise Herrmann m&rsquo;a beaucoup impressionn\u00e9e sur les skis, et Justine (Braisaz) m&rsquo;a aussi bluff\u00e9 par ses r\u00e9sultats ! Et chez les gar\u00e7ons, les fr\u00e8res Boe et Martin forc\u00e9ment !<\/p>\n<h5>Quels sont vos favorites pour le classement g\u00e9n\u00e9ral de la Coupe du Monde et pour les JO ?<\/h5>\n<p style=\"text-align: justify;\">Pour le g\u00e9n\u00e9ral je verrais bien Kaisa M\u00e4k\u00e4r\u00e4inen. Je pense que Laura Dahlmeier va \u00eatre moins pr\u00e9sente en Coupe du Monde, pour \u00eatre plus performante aux Jeux Olympiques ! Donc je ne la vois pas trop sur le podium du classement g\u00e9n\u00e9ral \u00e0 la fin de la saison. Par contre je vois bien une Darya Domracheva revenir en forme et puis Justine Braisaz devrait faire une saison bien r\u00e9guli\u00e8re qui devrait lui permettre d&rsquo;\u00eatre sur le podium du g\u00e9n\u00e9ral \u00e0 la fin de la saison.<\/p>\n<h5>Les Jeux pour vous c&rsquo;est un objectif raisonnable ?<\/h5>\n<p style=\"text-align: justify;\">Tr\u00e8s objectivement \u00e7a va \u00eatre compliqu\u00e9,\u00a0m\u00eame en tant que rempla\u00e7ante ! Apr\u00e8s j&rsquo;y pense forc\u00e9ment dans ma t\u00eate comme tout le monde, c&rsquo;est quand m\u00eame un r\u00eave, mais \u00e7a va \u00eatre compliqu\u00e9 c&rsquo;est s\u00fbr. Pourquoi pas plus tard dans ma carri\u00e8re&#8230;\u00a0\u00bb<\/p>\n<hr \/>\n<p style=\"text-align: justify;\"><em><b>On va donc suivre d\u00e8s demain le sprint f\u00e9minin (14h15), pour savoir si Chlo\u00e9 Chevalier int\u00e9grera le top 60 et faire ensuite partie de la poursuite. On gardera un \u0153il aussi sur le reste de l&rsquo;\u00c9quipe de France, et on attend avec impatience la premi\u00e8re mass-start de la saison en fin de week-end !\u00a0<\/b><\/em><\/p>\n<table style=\"width: 100%;\">\n<tbody>\n<tr style=\"height: 44px;\">\n<td style=\"width: 217px; background-color: #2754db; height: 44px; text-align: center;\" colspan=\"3\"><span style=\"font-size: 20px;\"><strong><span style=\"color: #ffffff;\">Le programme de l&rsquo;\u00e9tape de la Coupe du Monde au Grand-Bornand<\/span><\/strong><\/span><\/td>\n<\/tr>\n<tr style=\"height: 22px;\">\n<td style=\"width: 217px; text-align: center; height: 22px;\">Jeudi 14 d\u00e9cembre<\/td>\n<td style=\"text-align: center; width: 169px; height: 22px;\">Sprint Femmes<\/td>\n<td style=\"text-align: center; width: 10.8px; height: 22px;\">14h15<\/td>\n<\/tr>\n<tr style=\"height: 22px;\">\n<td style=\"width: 217px; text-align: center; height: 22px;\">Vendredi 15 d\u00e9cembre<\/td>\n<td style=\"text-align: center; width: 169px; height: 22px;\">Sprint Hommes<\/td>\n<td style=\"text-align: center; width: 10.8px; height: 22px;\">14h15<\/td>\n<\/tr>\n<tr style=\"height: 22px;\">\n<td style=\"width: 217px; text-align: center; height: 22px;\">Samedi 16 d\u00e9cembre<\/td>\n<td style=\"text-align: center; width: 169px; height: 22px;\">Poursuite Femmes<\/td>\n<td style=\"text-align: center; width: 10.8px; height: 22px;\">11h45<\/td>\n<\/tr>\n<tr style=\"height: 22px;\">\n<td style=\"width: 217px; text-align: center; height: 22px;\">Samedi 16 d\u00e9cembre<\/td>\n<td style=\"text-align: center; width: 169px; height: 22px;\">Poursuite Hommes<\/td>\n<td style=\"text-align: center; width: 10.8px; height: 22px;\">14h45<\/td>\n<\/tr>\n<tr style=\"height: 22px;\">\n<td style=\"width: 217px; text-align: center; height: 22px;\">Dimanche 17 d\u00e9cembre<\/td>\n<td style=\"text-align: center; width: 169px; height: 22px;\">Mass Start Femmes<\/td>\n<td style=\"text-align: center; width: 10.8px; height: 22px;\">11h45<\/td>\n<\/tr>\n<tr style=\"height: 22px;\">\n<td style=\"width: 217px; text-align: center; height: 22px;\">Dimanche 17 d\u00e9cembre<\/td>\n<td style=\"text-align: center; width: 169px; height: 22px;\">Mass Start Hommes<\/td>\n<td style=\"text-align: center; width: 10.8px; height: 22px;\">14h30<\/td>\n<\/tr>\n<\/tbody>\n<\/table>\n<p style=\"text-align: justify;\"><em><strong>Mathieu Veillon<br \/>\n<a style=\"color: #000000;\" href=\"https:\/\/twitter.com\/MathieuVeillon\" target=\"_blank\" rel=\"noopener noreferrer\"><img loading=\"lazy\" decoding=\"async\" class=\"alignnone wp-image-2908\" src=\"http:\/\/dicodusport.fr\/blog\/wp-content\/uploads\/2017\/07\/logo-twitter-150x150.png\" alt=\"\" width=\"39\" height=\"39\" \/><\/a><\/strong><\/em><\/p>\n","protected":false},"excerpt":{"rendered":"<p>Apr\u00e8s les deux premi\u00e8res \u00e9tapes de la saison \u00e0 \u00d6stersund et Hochfilzen, les meilleurs biathl\u00e8tes de la plan\u00e8te se dirigent en France pour une \u00e9tape in\u00e9dite au Grand-Bornand ! L&rsquo;occasion pour Chlo\u00e9 Chevalier d&rsquo;int\u00e9grer l&rsquo;\u00c9quipe de France, 2 ans apr\u00e8s sa premi\u00e8re course de Coupe du Monde \u00e0 Poljuka, gr\u00e2ce \u00e0 une belle 3\u00e8me place [&hellip;]<\/p>\n","protected":false},"author":21,"featured_media":8620,"comment_status":"open","ping_status":"closed","sticky":false,"template":"","format":"standard","meta":{"_acf_changed":false,"_daextam_enable_autolinks":"","footnotes":""},"categories":[2,2426,2313],"tags":[2427,2867,2695,2865,2866],"class_list":["post-8554","post","type-post","status-publish","format-standard","has-post-thumbnail","hentry","category-actualites","category-biathlon","category-sports-dhiver","tag-biathlon","tag-chloe-chevalier","tag-coupe-du-monde-de-biathlon","tag-equipe-de-france-de-biathlon","tag-grand-bornand"],"acf":[],"yoast_head":"<!-- This site is optimized with the Yoast SEO Premium plugin v26.7 (Yoast SEO v26.7) - https:\/\/yoast.com\/wordpress\/plugins\/seo\/ -->\n<title>De l&#039;autre c\u00f4t\u00e9 du pas de tir #2 : Chlo\u00e9 Chevalier, retour en Coupe du Monde<\/title>\n<meta name=\"description\" content=\"Chlo\u00e9 Chevalier est de retour en Coupe du Monde ! Nous avons pu recueillir sa r\u00e9action avant l&#039;\u00e9tape au Grand-Bornand qui commence ce jeudi.\" \/>\n<meta name=\"robots\" content=\"index, follow, max-snippet:-1, max-image-preview:large, max-video-preview:-1\" \/>\n<link rel=\"canonical\" href=\"https:\/\/dicodusport.fr\/blog\/autre-cote-pas-de-tir-chloe-chevalier-retour-en-coupe-du-monde\/\" \/>\n<meta property=\"og:locale\" content=\"fr_FR\" \/>\n<meta property=\"og:type\" content=\"article\" \/>\n<meta property=\"og:title\" content=\"De l&#039;autre c\u00f4t\u00e9 du pas de tir #2 : Chlo\u00e9 Chevalier, retour en Coupe du Monde\" \/>\n<meta property=\"og:description\" content=\"Chlo\u00e9 Chevalier est de retour en Coupe du Monde ! Nous avons pu recueillir sa r\u00e9action avant l&#039;\u00e9tape au Grand-Bornand qui commence ce jeudi.\" \/>\n<meta property=\"og:url\" content=\"https:\/\/dicodusport.fr\/blog\/autre-cote-pas-de-tir-chloe-chevalier-retour-en-coupe-du-monde\/\" \/>\n<meta property=\"og:site_name\" content=\"Dicodusport\" \/>\n<meta property=\"article:publisher\" content=\"https:\/\/www.facebook.com\/dicodusport\" \/>\n<meta property=\"article:published_time\" content=\"2017-12-13T14:00:54+00:00\" \/>\n<meta property=\"article:modified_time\" content=\"2017-12-14T15:28:50+00:00\" \/>\n<meta property=\"og:image\" content=\"https:\/\/dicodusport.fr\/blog\/wp-content\/uploads\/2017\/12\/Chlo\u00e9-Chevalier.png\" \/>\n\t<meta property=\"og:image:width\" content=\"1200\" \/>\n\t<meta property=\"og:image:height\" content=\"670\" \/>\n\t<meta property=\"og:image:type\" content=\"image\/png\" \/>\n<meta name=\"author\" content=\"Mathieu Veillon\" \/>\n<meta name=\"twitter:card\" content=\"summary_large_image\" \/>\n<meta name=\"twitter:creator\" content=\"@https:\/\/twitter.com\/MathieuVeillon\" \/>\n<meta name=\"twitter:site\" content=\"@dicodusport\" \/>\n<script type=\"application\/ld+json\" class=\"yoast-schema-graph\">{\"@context\":\"https:\/\/schema.org\",\"@graph\":[{\"@type\":\"NewsArticle\",\"@id\":\"https:\/\/dicodusport.fr\/blog\/autre-cote-pas-de-tir-chloe-chevalier-retour-en-coupe-du-monde\/#article\",\"isPartOf\":{\"@id\":\"https:\/\/dicodusport.fr\/blog\/autre-cote-pas-de-tir-chloe-chevalier-retour-en-coupe-du-monde\/\"},\"author\":{\"name\":\"Mathieu Veillon\",\"@id\":\"https:\/\/dicodusport.fr\/blog\/#\/schema\/person\/9731cdc747db1ceb457a2bfa9180a806\"},\"headline\":\"De l&rsquo;autre c\u00f4t\u00e9 du pas de tir #2 : Chlo\u00e9 Chevalier, retour en Coupe du Monde\",\"datePublished\":\"2017-12-13T14:00:54+00:00\",\"dateModified\":\"2017-12-14T15:28:50+00:00\",\"mainEntityOfPage\":{\"@id\":\"https:\/\/dicodusport.fr\/blog\/autre-cote-pas-de-tir-chloe-chevalier-retour-en-coupe-du-monde\/\"},\"wordCount\":832,\"commentCount\":0,\"publisher\":{\"@id\":\"https:\/\/dicodusport.fr\/blog\/#organization\"},\"image\":{\"@id\":\"https:\/\/dicodusport.fr\/blog\/autre-cote-pas-de-tir-chloe-chevalier-retour-en-coupe-du-monde\/#primaryimage\"},\"thumbnailUrl\":\"https:\/\/dicodusport.fr\/blog\/wp-content\/uploads\/2017\/12\/Chlo\u00e9-Chevalier.png\",\"keywords\":[\"Biathlon\",\"Chlo\u00e9 Chevalier\",\"Coupe du monde de Biathlon\",\"Equipe de France de Biathlon\",\"Grand Bornand\"],\"articleSection\":[\"Actualit\u00e9s\",\"Biathlon\",\"Sports d'hiver\"],\"inLanguage\":\"fr-FR\",\"potentialAction\":[{\"@type\":\"CommentAction\",\"name\":\"Comment\",\"target\":[\"https:\/\/dicodusport.fr\/blog\/autre-cote-pas-de-tir-chloe-chevalier-retour-en-coupe-du-monde\/#respond\"]}],\"copyrightYear\":\"2017\",\"copyrightHolder\":{\"@id\":\"https:\/\/dicodusport.fr\/blog\/#organization\"}},{\"@type\":\"WebPage\",\"@id\":\"https:\/\/dicodusport.fr\/blog\/autre-cote-pas-de-tir-chloe-chevalier-retour-en-coupe-du-monde\/\",\"url\":\"https:\/\/dicodusport.fr\/blog\/autre-cote-pas-de-tir-chloe-chevalier-retour-en-coupe-du-monde\/\",\"name\":\"De l'autre c\u00f4t\u00e9 du pas de tir #2 : Chlo\u00e9 Chevalier, retour en Coupe du Monde\",\"isPartOf\":{\"@id\":\"https:\/\/dicodusport.fr\/blog\/#website\"},\"primaryImageOfPage\":{\"@id\":\"https:\/\/dicodusport.fr\/blog\/autre-cote-pas-de-tir-chloe-chevalier-retour-en-coupe-du-monde\/#primaryimage\"},\"image\":{\"@id\":\"https:\/\/dicodusport.fr\/blog\/autre-cote-pas-de-tir-chloe-chevalier-retour-en-coupe-du-monde\/#primaryimage\"},\"thumbnailUrl\":\"https:\/\/dicodusport.fr\/blog\/wp-content\/uploads\/2017\/12\/Chlo\u00e9-Chevalier.png\",\"datePublished\":\"2017-12-13T14:00:54+00:00\",\"dateModified\":\"2017-12-14T15:28:50+00:00\",\"description\":\"Chlo\u00e9 Chevalier est de retour en Coupe du Monde ! Nous avons pu recueillir sa r\u00e9action avant l'\u00e9tape au Grand-Bornand qui commence ce jeudi.\",\"breadcrumb\":{\"@id\":\"https:\/\/dicodusport.fr\/blog\/autre-cote-pas-de-tir-chloe-chevalier-retour-en-coupe-du-monde\/#breadcrumb\"},\"inLanguage\":\"fr-FR\",\"potentialAction\":[{\"@type\":\"ReadAction\",\"target\":[\"https:\/\/dicodusport.fr\/blog\/autre-cote-pas-de-tir-chloe-chevalier-retour-en-coupe-du-monde\/\"]}]},{\"@type\":\"ImageObject\",\"inLanguage\":\"fr-FR\",\"@id\":\"https:\/\/dicodusport.fr\/blog\/autre-cote-pas-de-tir-chloe-chevalier-retour-en-coupe-du-monde\/#primaryimage\",\"url\":\"https:\/\/dicodusport.fr\/blog\/wp-content\/uploads\/2017\/12\/Chlo\u00e9-Chevalier.png\",\"contentUrl\":\"https:\/\/dicodusport.fr\/blog\/wp-content\/uploads\/2017\/12\/Chlo\u00e9-Chevalier.png\",\"width\":1200,\"height\":670},{\"@type\":\"BreadcrumbList\",\"@id\":\"https:\/\/dicodusport.fr\/blog\/autre-cote-pas-de-tir-chloe-chevalier-retour-en-coupe-du-monde\/#breadcrumb\",\"itemListElement\":[{\"@type\":\"ListItem\",\"position\":1,\"name\":\"Accueil\",\"item\":\"https:\/\/dicodusport.fr\/blog\/\"},{\"@type\":\"ListItem\",\"position\":2,\"name\":\"De l&rsquo;autre c\u00f4t\u00e9 du pas de tir #2 : Chlo\u00e9 Chevalier, retour en Coupe du Monde\"}]},{\"@type\":\"WebSite\",\"@id\":\"https:\/\/dicodusport.fr\/blog\/#website\",\"url\":\"https:\/\/dicodusport.fr\/blog\/\",\"name\":\"Dicodusport\",\"description\":\"L&#039;encyclop\u00e9die de l&#039;actualit\u00e9 sportive\",\"publisher\":{\"@id\":\"https:\/\/dicodusport.fr\/blog\/#organization\"},\"potentialAction\":[{\"@type\":\"SearchAction\",\"target\":{\"@type\":\"EntryPoint\",\"urlTemplate\":\"https:\/\/dicodusport.fr\/blog\/?s={search_term_string}\"},\"query-input\":{\"@type\":\"PropertyValueSpecification\",\"valueRequired\":true,\"valueName\":\"search_term_string\"}}],\"inLanguage\":\"fr-FR\"},{\"@type\":\"NewsMediaOrganization\",\"@id\":\"https:\/\/dicodusport.fr\/blog\/#organization\",\"name\":\"Dicodusport\",\"url\":\"https:\/\/dicodusport.fr\/blog\/\",\"logo\":{\"@type\":\"ImageObject\",\"inLanguage\":\"fr-FR\",\"@id\":\"https:\/\/dicodusport.fr\/blog\/#\/schema\/logo\/image\/\",\"url\":\"https:\/\/dicodusport.fr\/blog\/wp-content\/uploads\/2020\/06\/cropped-LOGO-DICODUSPORT-2020-SANS-FOND-SANS-TEXTE.png\",\"contentUrl\":\"https:\/\/dicodusport.fr\/blog\/wp-content\/uploads\/2020\/06\/cropped-LOGO-DICODUSPORT-2020-SANS-FOND-SANS-TEXTE.png\",\"width\":512,\"height\":512,\"caption\":\"Dicodusport\"},\"image\":{\"@id\":\"https:\/\/dicodusport.fr\/blog\/#\/schema\/logo\/image\/\"},\"sameAs\":[\"https:\/\/www.facebook.com\/dicodusport\",\"https:\/\/x.com\/dicodusport\",\"https:\/\/www.instagram.com\/dicodusport\/\",\"https:\/\/www.youtube.com\/channel\/UC7V2KZ5sd3htJivAbA4ZG3w\"],\"description\":\"Dicodusport est l'encyclop\u00e9die de l'actualit\u00e9 sportive.\",\"email\":\"bonjour@dicodusport.fr\",\"legalName\":\"DICODUSPORT\",\"foundingDate\":\"2018-01-14\",\"vatID\":\"FR71834470973\",\"taxID\":\"83447097300043\",\"numberOfEmployees\":{\"@type\":\"QuantitativeValue\",\"minValue\":\"1\",\"maxValue\":\"10\"}},{\"@type\":\"Person\",\"@id\":\"https:\/\/dicodusport.fr\/blog\/#\/schema\/person\/9731cdc747db1ceb457a2bfa9180a806\",\"name\":\"Mathieu Veillon\",\"image\":{\"@type\":\"ImageObject\",\"inLanguage\":\"fr-FR\",\"@id\":\"https:\/\/dicodusport.fr\/blog\/#\/schema\/person\/image\/\",\"url\":\"https:\/\/dicodusport.fr\/blog\/wp-content\/uploads\/2021\/05\/Mathieu-Veillon-150x150.jpg\",\"contentUrl\":\"https:\/\/dicodusport.fr\/blog\/wp-content\/uploads\/2021\/05\/Mathieu-Veillon-150x150.jpg\",\"caption\":\"Mathieu Veillon\"},\"description\":\"Journaliste\/r\u00e9dacteur depuis septembre 2015 - Ma d\u00e9finition du bonheur ? Une galette-saucisse au Roazhon Park ou un caf\u00e9 devant un Lakers\/Celtics au petit matin. Fid\u00e8le membre de la team insomniaque de la r\u00e9dac, j\u2019ai le pouvoir de rester \u00e9veill\u00e9 jusqu\u2019\u00e0 l\u2019aube pour faire vivre aux lecteurs ma passion du sport. Ainsi, j\u2019\u00e9cris principalement sur la NBA, le biathlon, le cyclisme ou encore la F1. Comptez dans mes exploits sportifs le fait d\u2019avoir fait gagner le Tour de France 2018 \u00e0 Tony Gallopin sur Pro Cycling Manager, ou encore d\u2019avoir men\u00e9 l\u2019\u00e9quipe nationale de Bretagne en finale de Coupe du monde sur Football Manager.\",\"sameAs\":[\"https:\/\/x.com\/https:\/\/twitter.com\/MathieuVeillon\"],\"url\":\"https:\/\/dicodusport.fr\/blog\/author\/mathieu\/\"}]}<\/script>\n<!-- \/ Yoast SEO Premium plugin. -->","yoast_head_json":{"title":"De l'autre c\u00f4t\u00e9 du pas de tir #2 : Chlo\u00e9 Chevalier, retour en Coupe du Monde","description":"Chlo\u00e9 Chevalier est de retour en Coupe du Monde ! Nous avons pu recueillir sa r\u00e9action avant l'\u00e9tape au Grand-Bornand qui commence ce jeudi.","robots":{"index":"index","follow":"follow","max-snippet":"max-snippet:-1","max-image-preview":"max-image-preview:large","max-video-preview":"max-video-preview:-1"},"canonical":"https:\/\/dicodusport.fr\/blog\/autre-cote-pas-de-tir-chloe-chevalier-retour-en-coupe-du-monde\/","og_locale":"fr_FR","og_type":"article","og_title":"De l'autre c\u00f4t\u00e9 du pas de tir #2 : Chlo\u00e9 Chevalier, retour en Coupe du Monde","og_description":"Chlo\u00e9 Chevalier est de retour en Coupe du Monde ! Nous avons pu recueillir sa r\u00e9action avant l'\u00e9tape au Grand-Bornand qui commence ce jeudi.","og_url":"https:\/\/dicodusport.fr\/blog\/autre-cote-pas-de-tir-chloe-chevalier-retour-en-coupe-du-monde\/","og_site_name":"Dicodusport","article_publisher":"https:\/\/www.facebook.com\/dicodusport","article_published_time":"2017-12-13T14:00:54+00:00","article_modified_time":"2017-12-14T15:28:50+00:00","og_image":[{"width":1200,"height":670,"url":"https:\/\/dicodusport.fr\/blog\/wp-content\/uploads\/2017\/12\/Chlo\u00e9-Chevalier.png","type":"image\/png"}],"author":"Mathieu Veillon","twitter_card":"summary_large_image","twitter_creator":"@https:\/\/twitter.com\/MathieuVeillon","twitter_site":"@dicodusport","schema":{"@context":"https:\/\/schema.org","@graph":[{"@type":"NewsArticle","@id":"https:\/\/dicodusport.fr\/blog\/autre-cote-pas-de-tir-chloe-chevalier-retour-en-coupe-du-monde\/#article","isPartOf":{"@id":"https:\/\/dicodusport.fr\/blog\/autre-cote-pas-de-tir-chloe-chevalier-retour-en-coupe-du-monde\/"},"author":{"name":"Mathieu Veillon","@id":"https:\/\/dicodusport.fr\/blog\/#\/schema\/person\/9731cdc747db1ceb457a2bfa9180a806"},"headline":"De l&rsquo;autre c\u00f4t\u00e9 du pas de tir #2 : Chlo\u00e9 Chevalier, retour en Coupe du Monde","datePublished":"2017-12-13T14:00:54+00:00","dateModified":"2017-12-14T15:28:50+00:00","mainEntityOfPage":{"@id":"https:\/\/dicodusport.fr\/blog\/autre-cote-pas-de-tir-chloe-chevalier-retour-en-coupe-du-monde\/"},"wordCount":832,"commentCount":0,"publisher":{"@id":"https:\/\/dicodusport.fr\/blog\/#organization"},"image":{"@id":"https:\/\/dicodusport.fr\/blog\/autre-cote-pas-de-tir-chloe-chevalier-retour-en-coupe-du-monde\/#primaryimage"},"thumbnailUrl":"https:\/\/dicodusport.fr\/blog\/wp-content\/uploads\/2017\/12\/Chlo\u00e9-Chevalier.png","keywords":["Biathlon","Chlo\u00e9 Chevalier","Coupe du monde de Biathlon","Equipe de France de Biathlon","Grand Bornand"],"articleSection":["Actualit\u00e9s","Biathlon","Sports d'hiver"],"inLanguage":"fr-FR","potentialAction":[{"@type":"CommentAction","name":"Comment","target":["https:\/\/dicodusport.fr\/blog\/autre-cote-pas-de-tir-chloe-chevalier-retour-en-coupe-du-monde\/#respond"]}],"copyrightYear":"2017","copyrightHolder":{"@id":"https:\/\/dicodusport.fr\/blog\/#organization"}},{"@type":"WebPage","@id":"https:\/\/dicodusport.fr\/blog\/autre-cote-pas-de-tir-chloe-chevalier-retour-en-coupe-du-monde\/","url":"https:\/\/dicodusport.fr\/blog\/autre-cote-pas-de-tir-chloe-chevalier-retour-en-coupe-du-monde\/","name":"De l'autre c\u00f4t\u00e9 du pas de tir #2 : Chlo\u00e9 Chevalier, retour en Coupe du Monde","isPartOf":{"@id":"https:\/\/dicodusport.fr\/blog\/#website"},"primaryImageOfPage":{"@id":"https:\/\/dicodusport.fr\/blog\/autre-cote-pas-de-tir-chloe-chevalier-retour-en-coupe-du-monde\/#primaryimage"},"image":{"@id":"https:\/\/dicodusport.fr\/blog\/autre-cote-pas-de-tir-chloe-chevalier-retour-en-coupe-du-monde\/#primaryimage"},"thumbnailUrl":"https:\/\/dicodusport.fr\/blog\/wp-content\/uploads\/2017\/12\/Chlo\u00e9-Chevalier.png","datePublished":"2017-12-13T14:00:54+00:00","dateModified":"2017-12-14T15:28:50+00:00","description":"Chlo\u00e9 Chevalier est de retour en Coupe du Monde ! Nous avons pu recueillir sa r\u00e9action avant l'\u00e9tape au Grand-Bornand qui commence ce jeudi.","breadcrumb":{"@id":"https:\/\/dicodusport.fr\/blog\/autre-cote-pas-de-tir-chloe-chevalier-retour-en-coupe-du-monde\/#breadcrumb"},"inLanguage":"fr-FR","potentialAction":[{"@type":"ReadAction","target":["https:\/\/dicodusport.fr\/blog\/autre-cote-pas-de-tir-chloe-chevalier-retour-en-coupe-du-monde\/"]}]},{"@type":"ImageObject","inLanguage":"fr-FR","@id":"https:\/\/dicodusport.fr\/blog\/autre-cote-pas-de-tir-chloe-chevalier-retour-en-coupe-du-monde\/#primaryimage","url":"https:\/\/dicodusport.fr\/blog\/wp-content\/uploads\/2017\/12\/Chlo\u00e9-Chevalier.png","contentUrl":"https:\/\/dicodusport.fr\/blog\/wp-content\/uploads\/2017\/12\/Chlo\u00e9-Chevalier.png","width":1200,"height":670},{"@type":"BreadcrumbList","@id":"https:\/\/dicodusport.fr\/blog\/autre-cote-pas-de-tir-chloe-chevalier-retour-en-coupe-du-monde\/#breadcrumb","itemListElement":[{"@type":"ListItem","position":1,"name":"Accueil","item":"https:\/\/dicodusport.fr\/blog\/"},{"@type":"ListItem","position":2,"name":"De l&rsquo;autre c\u00f4t\u00e9 du pas de tir #2 : Chlo\u00e9 Chevalier, retour en Coupe du Monde"}]},{"@type":"WebSite","@id":"https:\/\/dicodusport.fr\/blog\/#website","url":"https:\/\/dicodusport.fr\/blog\/","name":"Dicodusport","description":"L&#039;encyclop\u00e9die de l&#039;actualit\u00e9 sportive","publisher":{"@id":"https:\/\/dicodusport.fr\/blog\/#organization"},"potentialAction":[{"@type":"SearchAction","target":{"@type":"EntryPoint","urlTemplate":"https:\/\/dicodusport.fr\/blog\/?s={search_term_string}"},"query-input":{"@type":"PropertyValueSpecification","valueRequired":true,"valueName":"search_term_string"}}],"inLanguage":"fr-FR"},{"@type":"NewsMediaOrganization","@id":"https:\/\/dicodusport.fr\/blog\/#organization","name":"Dicodusport","url":"https:\/\/dicodusport.fr\/blog\/","logo":{"@type":"ImageObject","inLanguage":"fr-FR","@id":"https:\/\/dicodusport.fr\/blog\/#\/schema\/logo\/image\/","url":"https:\/\/dicodusport.fr\/blog\/wp-content\/uploads\/2020\/06\/cropped-LOGO-DICODUSPORT-2020-SANS-FOND-SANS-TEXTE.png","contentUrl":"https:\/\/dicodusport.fr\/blog\/wp-content\/uploads\/2020\/06\/cropped-LOGO-DICODUSPORT-2020-SANS-FOND-SANS-TEXTE.png","width":512,"height":512,"caption":"Dicodusport"},"image":{"@id":"https:\/\/dicodusport.fr\/blog\/#\/schema\/logo\/image\/"},"sameAs":["https:\/\/www.facebook.com\/dicodusport","https:\/\/x.com\/dicodusport","https:\/\/www.instagram.com\/dicodusport\/","https:\/\/www.youtube.com\/channel\/UC7V2KZ5sd3htJivAbA4ZG3w"],"description":"Dicodusport est l'encyclop\u00e9die de l'actualit\u00e9 sportive.","email":"bonjour@dicodusport.fr","legalName":"DICODUSPORT","foundingDate":"2018-01-14","vatID":"FR71834470973","taxID":"83447097300043","numberOfEmployees":{"@type":"QuantitativeValue","minValue":"1","maxValue":"10"}},{"@type":"Person","@id":"https:\/\/dicodusport.fr\/blog\/#\/schema\/person\/9731cdc747db1ceb457a2bfa9180a806","name":"Mathieu Veillon","image":{"@type":"ImageObject","inLanguage":"fr-FR","@id":"https:\/\/dicodusport.fr\/blog\/#\/schema\/person\/image\/","url":"https:\/\/dicodusport.fr\/blog\/wp-content\/uploads\/2021\/05\/Mathieu-Veillon-150x150.jpg","contentUrl":"https:\/\/dicodusport.fr\/blog\/wp-content\/uploads\/2021\/05\/Mathieu-Veillon-150x150.jpg","caption":"Mathieu Veillon"},"description":"Journaliste\/r\u00e9dacteur depuis septembre 2015 - Ma d\u00e9finition du bonheur ? Une galette-saucisse au Roazhon Park ou un caf\u00e9 devant un Lakers\/Celtics au petit matin. Fid\u00e8le membre de la team insomniaque de la r\u00e9dac, j\u2019ai le pouvoir de rester \u00e9veill\u00e9 jusqu\u2019\u00e0 l\u2019aube pour faire vivre aux lecteurs ma passion du sport. Ainsi, j\u2019\u00e9cris principalement sur la NBA, le biathlon, le cyclisme ou encore la F1. Comptez dans mes exploits sportifs le fait d\u2019avoir fait gagner le Tour de France 2018 \u00e0 Tony Gallopin sur Pro Cycling Manager, ou encore d\u2019avoir men\u00e9 l\u2019\u00e9quipe nationale de Bretagne en finale de Coupe du monde sur Football Manager.","sameAs":["https:\/\/x.com\/https:\/\/twitter.com\/MathieuVeillon"],"url":"https:\/\/dicodusport.fr\/blog\/author\/mathieu\/"}]}},"_links":{"self":[{"href":"https:\/\/dicodusport.fr\/blog\/wp-json\/wp\/v2\/posts\/8554","targetHints":{"allow":["GET"]}}],"collection":[{"href":"https:\/\/dicodusport.fr\/blog\/wp-json\/wp\/v2\/posts"}],"about":[{"href":"https:\/\/dicodusport.fr\/blog\/wp-json\/wp\/v2\/types\/post"}],"author":[{"embeddable":true,"href":"https:\/\/dicodusport.fr\/blog\/wp-json\/wp\/v2\/users\/21"}],"replies":[{"embeddable":true,"href":"https:\/\/dicodusport.fr\/blog\/wp-json\/wp\/v2\/comments?post=8554"}],"version-history":[{"count":0,"href":"https:\/\/dicodusport.fr\/blog\/wp-json\/wp\/v2\/posts\/8554\/revisions"}],"wp:featuredmedia":[{"embeddable":true,"href":"https:\/\/dicodusport.fr\/blog\/wp-json\/wp\/v2\/media\/8620"}],"wp:attachment":[{"href":"https:\/\/dicodusport.fr\/blog\/wp-json\/wp\/v2\/media?parent=8554"}],"wp:term":[{"taxonomy":"category","embeddable":true,"href":"https:\/\/dicodusport.fr\/blog\/wp-json\/wp\/v2\/categories?post=8554"},{"taxonomy":"post_tag","embeddable":true,"href":"https:\/\/dicodusport.fr\/blog\/wp-json\/wp\/v2\/tags?post=8554"}],"curies":[{"name":"wp","href":"https:\/\/api.w.org\/{rel}","templated":true}]}}