{"id":85580,"date":"2020-10-31T09:09:17","date_gmt":"2020-10-31T08:09:17","guid":{"rendered":"https:\/\/dicodusport.fr\/blog\/?p=85580"},"modified":"2020-10-31T09:28:30","modified_gmt":"2020-10-31T08:28:30","slug":"ligue-2-paris-fc-seduisant-leader","status":"publish","type":"post","link":"https:\/\/dicodusport.fr\/blog\/ligue-2-paris-fc-seduisant-leader\/","title":{"rendered":"Ligue 2 : Le Paris FC, s\u00e9duisant leader"},"content":{"rendered":"<p style=\"text-align: justify;\"><em><strong>Avant de recevoir Caen en ouverture de la 9<sup>\u00e8me<\/sup> journ\u00e9e de Ligue 2 BKT (15h), le Paris FC est certain de conclure ce week-end en t\u00eate du championnat. Les hommes de Ren\u00e9 Girard r\u00e9alisent un d\u00e9but de saison quasi parfait avec d\u00e9j\u00e0 5 points d\u2019avance sur le 2<sup>\u00e8me<\/sup>, Troyes.<\/strong><\/em><\/p>\n<h2 style=\"text-align: justify;\">Le Paris FC d\u00e9j\u00e0 favori \u00e0 la mont\u00e9e\u00a0?<\/h2>\n<p style=\"text-align: justify;\">Avec 6 victoires en 8 matchs, le <b>Paris FC<\/b> a montr\u00e9 les bras en ce d\u00e9but de saison. Le deuxi\u00e8me club de la capitale a pris les commandes du championnat de <b>Ligue 2 BKT<\/b> de mani\u00e8re logique (14 buts marqu\u00e9s en championnat, meilleure attaque de<b> Ligue 2 BKT<\/b>). Avec <b>Ren\u00e9 Girard<\/b> depuis une saison et demi, le <b>Paris FC<\/b> n\u2019est donc plus l\u2019\u00e9quipe d\u00e9fensive qu\u2019elle \u00e9tait encore les saisons pass\u00e9es. Si l\u2019objectif (encore cach\u00e9) des Parisiens\u00a0est de rallier la <b>Ligue 1 Uber Eats<\/b> sous peu, la route est encore longue.<\/p>\n<p style=\"text-align: justify;\">En tout cas, ce d\u00e9but de saison propos\u00e9 par les parisiens a tout d\u2019une \u00e9quipe capable de jouer les premiers r\u00f4les pendant longtemps. Avec l\u2019entr\u00e9e du Royaume du Bahre\u00efn au capital du club l\u2019\u00e9t\u00e9 dernier (\u00e0 hauteur de 20%), le pr\u00e9sident et propri\u00e9taire <b>Pierre Ferracci<\/b> avait d\u00e9j\u00e0 permis \u00e0 son club de passer un cap financier (environ 19 millions d\u2019euros de budget, + 30% sur la saison derni\u00e8re) et d\u2019aborder avec plus d\u2019ambition la saison 2020\/2021.<\/p>\n<h2 style=\"text-align: justify;\">Maintenant, le Paris FC sait gagner<\/h2>\n<p style=\"text-align: justify;\">Sauv\u00e9s de justesse la saison pass\u00e9e (17<sup>\u00e8me<\/sup> avec 2 points d\u2019avance sur la rel\u00e9gation), les joueurs de la Capitale connaissent un d\u00e9but de saison tout autre. En 8 journ\u00e9es, le <b>Paris FC <\/b>poss\u00e8de quasiment autant de victoires que sur l\u2019ensemble de la saison pass\u00e9e (7). La diff\u00e9rence se r\u00e9alise aussi \u00e0 domicile, o\u00f9 les co\u00e9quipiers de <b>Jonathan Pitroipa<\/b> ont corrig\u00e9 le tir (3 victoires soit autant que sur la saison pass\u00e9e). Pour viser encore plus haut, le <b>Stade Charl\u00e9ty<\/b> doit continuer \u00e0 \u00eatre une forteresse imprenable ou presque.<\/p>\n<p style=\"text-align: justify;\">Derri\u00e8re l\u2019\u00e9tonnant <b>Ga\u00ebtan Laura<\/b> (3 buts), r\u00e9v\u00e9lation du d\u00e9but de saison au PFC et en <b>Ligue 2<\/b>, c\u2019est tout un recrutement malicieux qui a fonctionn\u00e9 du c\u00f4t\u00e9 d\u2019Orly. De quoi s\u2019enflammer pour le <b>Paris FC<\/b> de <b>Ren\u00e9 Girard<\/b>\u00a0? <em>\u00ab<\/em>\u00a0<em>On n\u2019est pas programm\u00e9 pour \u00eatre l\u00e0 mais on va essayer de le rester longtemps car on y est bien. On ne va pas se croire arriv\u00e9s, ce n\u2019est pas le genre de la maison. Cinq points d\u2019avance, \u00e7a nous donne un petit joker.\u00a0\u00bb <\/em>Maintenant, au <b>Paris FC<\/b> de jouer et d\u2019\u00e9crire l\u2019histoire du deuxi\u00e8me club de la Capitale.<\/p>\n<blockquote class=\"twitter-tweet\">\n<p dir=\"ltr\" lang=\"fr\">&#x1f399; \u00ab\u00a0Ne pas s&rsquo;enflammer\u00a0\u00bb<\/p>\n<p>&#x1f4fa; Ren\u00e9 Girard s&rsquo;est exprim\u00e9 avant la r\u00e9ception du SM Caen samedi \u00e0 15h00.<a href=\"https:\/\/twitter.com\/hashtag\/PFCSMC?src=hash&amp;ref_src=twsrc%5Etfw\">#PFCSMC<\/a><\/p>\n<p>\u2014 Paris FC (@ParisFC) <a href=\"https:\/\/twitter.com\/ParisFC\/status\/1321858033094373379?ref_src=twsrc%5Etfw\">October 29, 2020<\/a><\/p><\/blockquote>\n<p><script async src=\"https:\/\/platform.twitter.com\/widgets.js\" charset=\"utf-8\"><\/script><\/p>\n<p style=\"text-align: justify;\"><em><strong>Romain Delanis<br \/>\n<\/strong><\/em><em><strong><a href=\"https:\/\/twitter.com\/RDelanis\" target=\"_blank\" rel=\"noopener noreferrer\"><img loading=\"lazy\" decoding=\"async\" class=\"alignnone wp-image-2908\" src=\"http:\/\/dicodusport.fr\/blog\/wp-content\/uploads\/2017\/07\/logo-twitter-150x150.png\" alt=\"\" width=\"39\" height=\"39\" \/><\/a><\/strong><\/em><\/p>\n","protected":false},"excerpt":{"rendered":"<p>Avant de recevoir Caen en ouverture de la 9\u00e8me journ\u00e9e de Ligue 2 BKT (15h), le Paris FC est certain de conclure ce week-end en t\u00eate du championnat. Les hommes de Ren\u00e9 Girard r\u00e9alisent un d\u00e9but de saison quasi parfait avec d\u00e9j\u00e0 5 points d\u2019avance sur le 2\u00e8me, Troyes.<\/p>\n","protected":false},"author":14,"featured_media":85649,"comment_status":"open","ping_status":"closed","sticky":false,"template":"","format":"standard","meta":{"_acf_changed":false,"_daextam_enable_autolinks":"","footnotes":""},"categories":[2301],"tags":[75,231,12325,3364,3648],"class_list":["post-85580","post","type-post","status-publish","format-standard","has-post-thumbnail","hentry","category-football","tag-football","tag-ligue-2","tag-ligue-2-bkt","tag-paris-fc","tag-sm-caen"],"acf":[],"yoast_head":"<!-- This site is optimized with the Yoast SEO Premium plugin v26.7 (Yoast SEO v26.7) - https:\/\/yoast.com\/wordpress\/plugins\/seo\/ -->\n<title>Ligue 2 : Le Paris FC, s\u00e9duisant leader<\/title>\n<meta name=\"description\" content=\"Le Paris FC, dans une dynamique int\u00e9ressante, re\u00e7oit le SM Caen en ouverture de la 9\u00e8me journ\u00e9e du championnat de Ligue 2 BKT.\" \/>\n<meta name=\"robots\" content=\"index, follow, max-snippet:-1, max-image-preview:large, max-video-preview:-1\" \/>\n<link rel=\"canonical\" href=\"https:\/\/dicodusport.fr\/blog\/ligue-2-paris-fc-seduisant-leader\/\" \/>\n<meta property=\"og:locale\" content=\"fr_FR\" \/>\n<meta property=\"og:type\" content=\"article\" \/>\n<meta property=\"og:title\" content=\"Ligue 2 : Le Paris FC, s\u00e9duisant leader\" \/>\n<meta property=\"og:description\" content=\"Le Paris FC, dans une dynamique int\u00e9ressante, re\u00e7oit le SM Caen en ouverture de la 9\u00e8me journ\u00e9e du championnat de Ligue 2 BKT.\" \/>\n<meta property=\"og:url\" content=\"https:\/\/dicodusport.fr\/blog\/ligue-2-paris-fc-seduisant-leader\/\" \/>\n<meta property=\"og:site_name\" content=\"Dicodusport\" \/>\n<meta property=\"article:publisher\" content=\"https:\/\/www.facebook.com\/dicodusport\" \/>\n<meta property=\"article:published_time\" content=\"2020-10-31T08:09:17+00:00\" \/>\n<meta property=\"article:modified_time\" content=\"2020-10-31T08:28:30+00:00\" \/>\n<meta property=\"og:image\" content=\"https:\/\/dicodusport.fr\/blog\/wp-content\/uploads\/2020\/10\/Ligue-2-Le-Paris-FC-s\u00e9duisant-leader.png\" \/>\n\t<meta property=\"og:image:width\" content=\"800\" \/>\n\t<meta property=\"og:image:height\" content=\"445\" \/>\n\t<meta property=\"og:image:type\" content=\"image\/png\" \/>\n<meta name=\"author\" content=\"Romain Delanis\" \/>\n<meta name=\"twitter:card\" content=\"summary_large_image\" \/>\n<meta name=\"twitter:title\" content=\"Ligue 2 : Le Paris FC, s\u00e9duisant leader\" \/>\n<meta name=\"twitter:creator\" content=\"@https:\/\/twitter.com\/RDelanis\" \/>\n<meta name=\"twitter:site\" content=\"@dicodusport\" \/>\n<script type=\"application\/ld+json\" class=\"yoast-schema-graph\">{\"@context\":\"https:\/\/schema.org\",\"@graph\":[{\"@type\":\"NewsArticle\",\"@id\":\"https:\/\/dicodusport.fr\/blog\/ligue-2-paris-fc-seduisant-leader\/#article\",\"isPartOf\":{\"@id\":\"https:\/\/dicodusport.fr\/blog\/ligue-2-paris-fc-seduisant-leader\/\"},\"author\":{\"name\":\"Romain Delanis\",\"@id\":\"https:\/\/dicodusport.fr\/blog\/#\/schema\/person\/8c78730a59f8a1e617f7a19026ebc14a\"},\"headline\":\"Ligue 2 : Le Paris FC, s\u00e9duisant leader\",\"datePublished\":\"2020-10-31T08:09:17+00:00\",\"dateModified\":\"2020-10-31T08:28:30+00:00\",\"mainEntityOfPage\":{\"@id\":\"https:\/\/dicodusport.fr\/blog\/ligue-2-paris-fc-seduisant-leader\/\"},\"wordCount\":491,\"commentCount\":0,\"publisher\":{\"@id\":\"https:\/\/dicodusport.fr\/blog\/#organization\"},\"image\":{\"@id\":\"https:\/\/dicodusport.fr\/blog\/ligue-2-paris-fc-seduisant-leader\/#primaryimage\"},\"thumbnailUrl\":\"https:\/\/dicodusport.fr\/blog\/wp-content\/uploads\/2020\/10\/Ligue-2-Le-Paris-FC-s\u00e9duisant-leader.png\",\"keywords\":[\"Football\",\"ligue 2\",\"Ligue 2 BKT\",\"Paris FC\",\"SM Caen\"],\"articleSection\":[\"Football\"],\"inLanguage\":\"fr-FR\",\"potentialAction\":[{\"@type\":\"CommentAction\",\"name\":\"Comment\",\"target\":[\"https:\/\/dicodusport.fr\/blog\/ligue-2-paris-fc-seduisant-leader\/#respond\"]}],\"copyrightYear\":\"2020\",\"copyrightHolder\":{\"@id\":\"https:\/\/dicodusport.fr\/blog\/#organization\"}},{\"@type\":\"WebPage\",\"@id\":\"https:\/\/dicodusport.fr\/blog\/ligue-2-paris-fc-seduisant-leader\/\",\"url\":\"https:\/\/dicodusport.fr\/blog\/ligue-2-paris-fc-seduisant-leader\/\",\"name\":\"Ligue 2 : Le Paris FC, s\u00e9duisant leader\",\"isPartOf\":{\"@id\":\"https:\/\/dicodusport.fr\/blog\/#website\"},\"primaryImageOfPage\":{\"@id\":\"https:\/\/dicodusport.fr\/blog\/ligue-2-paris-fc-seduisant-leader\/#primaryimage\"},\"image\":{\"@id\":\"https:\/\/dicodusport.fr\/blog\/ligue-2-paris-fc-seduisant-leader\/#primaryimage\"},\"thumbnailUrl\":\"https:\/\/dicodusport.fr\/blog\/wp-content\/uploads\/2020\/10\/Ligue-2-Le-Paris-FC-s\u00e9duisant-leader.png\",\"datePublished\":\"2020-10-31T08:09:17+00:00\",\"dateModified\":\"2020-10-31T08:28:30+00:00\",\"description\":\"Le Paris FC, dans une dynamique int\u00e9ressante, re\u00e7oit le SM Caen en ouverture de la 9\u00e8me journ\u00e9e du championnat de Ligue 2 BKT.\",\"breadcrumb\":{\"@id\":\"https:\/\/dicodusport.fr\/blog\/ligue-2-paris-fc-seduisant-leader\/#breadcrumb\"},\"inLanguage\":\"fr-FR\",\"potentialAction\":[{\"@type\":\"ReadAction\",\"target\":[\"https:\/\/dicodusport.fr\/blog\/ligue-2-paris-fc-seduisant-leader\/\"]}]},{\"@type\":\"ImageObject\",\"inLanguage\":\"fr-FR\",\"@id\":\"https:\/\/dicodusport.fr\/blog\/ligue-2-paris-fc-seduisant-leader\/#primaryimage\",\"url\":\"https:\/\/dicodusport.fr\/blog\/wp-content\/uploads\/2020\/10\/Ligue-2-Le-Paris-FC-s\u00e9duisant-leader.png\",\"contentUrl\":\"https:\/\/dicodusport.fr\/blog\/wp-content\/uploads\/2020\/10\/Ligue-2-Le-Paris-FC-s\u00e9duisant-leader.png\",\"width\":800,\"height\":445,\"caption\":\"Ligue 2 : Le Paris FC, s\u00e9duisant leader\"},{\"@type\":\"BreadcrumbList\",\"@id\":\"https:\/\/dicodusport.fr\/blog\/ligue-2-paris-fc-seduisant-leader\/#breadcrumb\",\"itemListElement\":[{\"@type\":\"ListItem\",\"position\":1,\"name\":\"Accueil\",\"item\":\"https:\/\/dicodusport.fr\/blog\/\"},{\"@type\":\"ListItem\",\"position\":2,\"name\":\"Ligue 2 : Le Paris FC, s\u00e9duisant leader\"}]},{\"@type\":\"WebSite\",\"@id\":\"https:\/\/dicodusport.fr\/blog\/#website\",\"url\":\"https:\/\/dicodusport.fr\/blog\/\",\"name\":\"Dicodusport\",\"description\":\"L&#039;encyclop\u00e9die de l&#039;actualit\u00e9 sportive\",\"publisher\":{\"@id\":\"https:\/\/dicodusport.fr\/blog\/#organization\"},\"potentialAction\":[{\"@type\":\"SearchAction\",\"target\":{\"@type\":\"EntryPoint\",\"urlTemplate\":\"https:\/\/dicodusport.fr\/blog\/?s={search_term_string}\"},\"query-input\":{\"@type\":\"PropertyValueSpecification\",\"valueRequired\":true,\"valueName\":\"search_term_string\"}}],\"inLanguage\":\"fr-FR\"},{\"@type\":\"NewsMediaOrganization\",\"@id\":\"https:\/\/dicodusport.fr\/blog\/#organization\",\"name\":\"Dicodusport\",\"url\":\"https:\/\/dicodusport.fr\/blog\/\",\"logo\":{\"@type\":\"ImageObject\",\"inLanguage\":\"fr-FR\",\"@id\":\"https:\/\/dicodusport.fr\/blog\/#\/schema\/logo\/image\/\",\"url\":\"https:\/\/dicodusport.fr\/blog\/wp-content\/uploads\/2020\/06\/cropped-LOGO-DICODUSPORT-2020-SANS-FOND-SANS-TEXTE.png\",\"contentUrl\":\"https:\/\/dicodusport.fr\/blog\/wp-content\/uploads\/2020\/06\/cropped-LOGO-DICODUSPORT-2020-SANS-FOND-SANS-TEXTE.png\",\"width\":512,\"height\":512,\"caption\":\"Dicodusport\"},\"image\":{\"@id\":\"https:\/\/dicodusport.fr\/blog\/#\/schema\/logo\/image\/\"},\"sameAs\":[\"https:\/\/www.facebook.com\/dicodusport\",\"https:\/\/x.com\/dicodusport\",\"https:\/\/www.instagram.com\/dicodusport\/\",\"https:\/\/www.youtube.com\/channel\/UC7V2KZ5sd3htJivAbA4ZG3w\"],\"description\":\"Dicodusport est l'encyclop\u00e9die de l'actualit\u00e9 sportive.\",\"email\":\"bonjour@dicodusport.fr\",\"legalName\":\"DICODUSPORT\",\"foundingDate\":\"2018-01-14\",\"vatID\":\"FR71834470973\",\"taxID\":\"83447097300043\",\"numberOfEmployees\":{\"@type\":\"QuantitativeValue\",\"minValue\":\"1\",\"maxValue\":\"10\"}},{\"@type\":\"Person\",\"@id\":\"https:\/\/dicodusport.fr\/blog\/#\/schema\/person\/8c78730a59f8a1e617f7a19026ebc14a\",\"name\":\"Romain Delanis\",\"image\":{\"@type\":\"ImageObject\",\"inLanguage\":\"fr-FR\",\"@id\":\"https:\/\/dicodusport.fr\/blog\/#\/schema\/person\/image\/\",\"url\":\"https:\/\/dicodusport.fr\/blog\/wp-content\/uploads\/2021\/05\/Romain-Delanis-150x150.jpg\",\"contentUrl\":\"https:\/\/dicodusport.fr\/blog\/wp-content\/uploads\/2021\/05\/Romain-Delanis-150x150.jpg\",\"caption\":\"Romain Delanis\"},\"description\":\"Journaliste\/R\u00e9dacteur depuis novembre 2015 - Capable de passer un samedi apr\u00e8s-midi devant la Ligue 2 puis le biathlon sans oublier la finale de l\u2019ATP Rotterdam, j\u2019aime aussi mettre mon r\u00e9veil pour me faire un Pistons\/Bulls qui rappelle de bons souvenirs. Tout cela, j\u2019ai choisi il y a maintenant quelques temps de vous le raconter avec Dicodusport, pour vous faire vivre ma passion parfois inconsid\u00e9r\u00e9e pour le sport en g\u00e9n\u00e9ral (mais surtout le foot faut se l\u2019avouer).\",\"sameAs\":[\"https:\/\/x.com\/https:\/\/twitter.com\/RDelanis\"],\"url\":\"https:\/\/dicodusport.fr\/blog\/author\/romain\/\"}]}<\/script>\n<!-- \/ Yoast SEO Premium plugin. -->","yoast_head_json":{"title":"Ligue 2 : Le Paris FC, s\u00e9duisant leader","description":"Le Paris FC, dans une dynamique int\u00e9ressante, re\u00e7oit le SM Caen en ouverture de la 9\u00e8me journ\u00e9e du championnat de Ligue 2 BKT.","robots":{"index":"index","follow":"follow","max-snippet":"max-snippet:-1","max-image-preview":"max-image-preview:large","max-video-preview":"max-video-preview:-1"},"canonical":"https:\/\/dicodusport.fr\/blog\/ligue-2-paris-fc-seduisant-leader\/","og_locale":"fr_FR","og_type":"article","og_title":"Ligue 2 : Le Paris FC, s\u00e9duisant leader","og_description":"Le Paris FC, dans une dynamique int\u00e9ressante, re\u00e7oit le SM Caen en ouverture de la 9\u00e8me journ\u00e9e du championnat de Ligue 2 BKT.","og_url":"https:\/\/dicodusport.fr\/blog\/ligue-2-paris-fc-seduisant-leader\/","og_site_name":"Dicodusport","article_publisher":"https:\/\/www.facebook.com\/dicodusport","article_published_time":"2020-10-31T08:09:17+00:00","article_modified_time":"2020-10-31T08:28:30+00:00","og_image":[{"width":800,"height":445,"url":"https:\/\/dicodusport.fr\/blog\/wp-content\/uploads\/2020\/10\/Ligue-2-Le-Paris-FC-s\u00e9duisant-leader.png","type":"image\/png"}],"author":"Romain Delanis","twitter_card":"summary_large_image","twitter_title":"Ligue 2 : Le Paris FC, s\u00e9duisant leader","twitter_creator":"@https:\/\/twitter.com\/RDelanis","twitter_site":"@dicodusport","schema":{"@context":"https:\/\/schema.org","@graph":[{"@type":"NewsArticle","@id":"https:\/\/dicodusport.fr\/blog\/ligue-2-paris-fc-seduisant-leader\/#article","isPartOf":{"@id":"https:\/\/dicodusport.fr\/blog\/ligue-2-paris-fc-seduisant-leader\/"},"author":{"name":"Romain Delanis","@id":"https:\/\/dicodusport.fr\/blog\/#\/schema\/person\/8c78730a59f8a1e617f7a19026ebc14a"},"headline":"Ligue 2 : Le Paris FC, s\u00e9duisant leader","datePublished":"2020-10-31T08:09:17+00:00","dateModified":"2020-10-31T08:28:30+00:00","mainEntityOfPage":{"@id":"https:\/\/dicodusport.fr\/blog\/ligue-2-paris-fc-seduisant-leader\/"},"wordCount":491,"commentCount":0,"publisher":{"@id":"https:\/\/dicodusport.fr\/blog\/#organization"},"image":{"@id":"https:\/\/dicodusport.fr\/blog\/ligue-2-paris-fc-seduisant-leader\/#primaryimage"},"thumbnailUrl":"https:\/\/dicodusport.fr\/blog\/wp-content\/uploads\/2020\/10\/Ligue-2-Le-Paris-FC-s\u00e9duisant-leader.png","keywords":["Football","ligue 2","Ligue 2 BKT","Paris FC","SM Caen"],"articleSection":["Football"],"inLanguage":"fr-FR","potentialAction":[{"@type":"CommentAction","name":"Comment","target":["https:\/\/dicodusport.fr\/blog\/ligue-2-paris-fc-seduisant-leader\/#respond"]}],"copyrightYear":"2020","copyrightHolder":{"@id":"https:\/\/dicodusport.fr\/blog\/#organization"}},{"@type":"WebPage","@id":"https:\/\/dicodusport.fr\/blog\/ligue-2-paris-fc-seduisant-leader\/","url":"https:\/\/dicodusport.fr\/blog\/ligue-2-paris-fc-seduisant-leader\/","name":"Ligue 2 : Le Paris FC, s\u00e9duisant leader","isPartOf":{"@id":"https:\/\/dicodusport.fr\/blog\/#website"},"primaryImageOfPage":{"@id":"https:\/\/dicodusport.fr\/blog\/ligue-2-paris-fc-seduisant-leader\/#primaryimage"},"image":{"@id":"https:\/\/dicodusport.fr\/blog\/ligue-2-paris-fc-seduisant-leader\/#primaryimage"},"thumbnailUrl":"https:\/\/dicodusport.fr\/blog\/wp-content\/uploads\/2020\/10\/Ligue-2-Le-Paris-FC-s\u00e9duisant-leader.png","datePublished":"2020-10-31T08:09:17+00:00","dateModified":"2020-10-31T08:28:30+00:00","description":"Le Paris FC, dans une dynamique int\u00e9ressante, re\u00e7oit le SM Caen en ouverture de la 9\u00e8me journ\u00e9e du championnat de Ligue 2 BKT.","breadcrumb":{"@id":"https:\/\/dicodusport.fr\/blog\/ligue-2-paris-fc-seduisant-leader\/#breadcrumb"},"inLanguage":"fr-FR","potentialAction":[{"@type":"ReadAction","target":["https:\/\/dicodusport.fr\/blog\/ligue-2-paris-fc-seduisant-leader\/"]}]},{"@type":"ImageObject","inLanguage":"fr-FR","@id":"https:\/\/dicodusport.fr\/blog\/ligue-2-paris-fc-seduisant-leader\/#primaryimage","url":"https:\/\/dicodusport.fr\/blog\/wp-content\/uploads\/2020\/10\/Ligue-2-Le-Paris-FC-s\u00e9duisant-leader.png","contentUrl":"https:\/\/dicodusport.fr\/blog\/wp-content\/uploads\/2020\/10\/Ligue-2-Le-Paris-FC-s\u00e9duisant-leader.png","width":800,"height":445,"caption":"Ligue 2 : Le Paris FC, s\u00e9duisant leader"},{"@type":"BreadcrumbList","@id":"https:\/\/dicodusport.fr\/blog\/ligue-2-paris-fc-seduisant-leader\/#breadcrumb","itemListElement":[{"@type":"ListItem","position":1,"name":"Accueil","item":"https:\/\/dicodusport.fr\/blog\/"},{"@type":"ListItem","position":2,"name":"Ligue 2 : Le Paris FC, s\u00e9duisant leader"}]},{"@type":"WebSite","@id":"https:\/\/dicodusport.fr\/blog\/#website","url":"https:\/\/dicodusport.fr\/blog\/","name":"Dicodusport","description":"L&#039;encyclop\u00e9die de l&#039;actualit\u00e9 sportive","publisher":{"@id":"https:\/\/dicodusport.fr\/blog\/#organization"},"potentialAction":[{"@type":"SearchAction","target":{"@type":"EntryPoint","urlTemplate":"https:\/\/dicodusport.fr\/blog\/?s={search_term_string}"},"query-input":{"@type":"PropertyValueSpecification","valueRequired":true,"valueName":"search_term_string"}}],"inLanguage":"fr-FR"},{"@type":"NewsMediaOrganization","@id":"https:\/\/dicodusport.fr\/blog\/#organization","name":"Dicodusport","url":"https:\/\/dicodusport.fr\/blog\/","logo":{"@type":"ImageObject","inLanguage":"fr-FR","@id":"https:\/\/dicodusport.fr\/blog\/#\/schema\/logo\/image\/","url":"https:\/\/dicodusport.fr\/blog\/wp-content\/uploads\/2020\/06\/cropped-LOGO-DICODUSPORT-2020-SANS-FOND-SANS-TEXTE.png","contentUrl":"https:\/\/dicodusport.fr\/blog\/wp-content\/uploads\/2020\/06\/cropped-LOGO-DICODUSPORT-2020-SANS-FOND-SANS-TEXTE.png","width":512,"height":512,"caption":"Dicodusport"},"image":{"@id":"https:\/\/dicodusport.fr\/blog\/#\/schema\/logo\/image\/"},"sameAs":["https:\/\/www.facebook.com\/dicodusport","https:\/\/x.com\/dicodusport","https:\/\/www.instagram.com\/dicodusport\/","https:\/\/www.youtube.com\/channel\/UC7V2KZ5sd3htJivAbA4ZG3w"],"description":"Dicodusport est l'encyclop\u00e9die de l'actualit\u00e9 sportive.","email":"bonjour@dicodusport.fr","legalName":"DICODUSPORT","foundingDate":"2018-01-14","vatID":"FR71834470973","taxID":"83447097300043","numberOfEmployees":{"@type":"QuantitativeValue","minValue":"1","maxValue":"10"}},{"@type":"Person","@id":"https:\/\/dicodusport.fr\/blog\/#\/schema\/person\/8c78730a59f8a1e617f7a19026ebc14a","name":"Romain Delanis","image":{"@type":"ImageObject","inLanguage":"fr-FR","@id":"https:\/\/dicodusport.fr\/blog\/#\/schema\/person\/image\/","url":"https:\/\/dicodusport.fr\/blog\/wp-content\/uploads\/2021\/05\/Romain-Delanis-150x150.jpg","contentUrl":"https:\/\/dicodusport.fr\/blog\/wp-content\/uploads\/2021\/05\/Romain-Delanis-150x150.jpg","caption":"Romain Delanis"},"description":"Journaliste\/R\u00e9dacteur depuis novembre 2015 - Capable de passer un samedi apr\u00e8s-midi devant la Ligue 2 puis le biathlon sans oublier la finale de l\u2019ATP Rotterdam, j\u2019aime aussi mettre mon r\u00e9veil pour me faire un Pistons\/Bulls qui rappelle de bons souvenirs. Tout cela, j\u2019ai choisi il y a maintenant quelques temps de vous le raconter avec Dicodusport, pour vous faire vivre ma passion parfois inconsid\u00e9r\u00e9e pour le sport en g\u00e9n\u00e9ral (mais surtout le foot faut se l\u2019avouer).","sameAs":["https:\/\/x.com\/https:\/\/twitter.com\/RDelanis"],"url":"https:\/\/dicodusport.fr\/blog\/author\/romain\/"}]}},"_links":{"self":[{"href":"https:\/\/dicodusport.fr\/blog\/wp-json\/wp\/v2\/posts\/85580","targetHints":{"allow":["GET"]}}],"collection":[{"href":"https:\/\/dicodusport.fr\/blog\/wp-json\/wp\/v2\/posts"}],"about":[{"href":"https:\/\/dicodusport.fr\/blog\/wp-json\/wp\/v2\/types\/post"}],"author":[{"embeddable":true,"href":"https:\/\/dicodusport.fr\/blog\/wp-json\/wp\/v2\/users\/14"}],"replies":[{"embeddable":true,"href":"https:\/\/dicodusport.fr\/blog\/wp-json\/wp\/v2\/comments?post=85580"}],"version-history":[{"count":0,"href":"https:\/\/dicodusport.fr\/blog\/wp-json\/wp\/v2\/posts\/85580\/revisions"}],"wp:featuredmedia":[{"embeddable":true,"href":"https:\/\/dicodusport.fr\/blog\/wp-json\/wp\/v2\/media\/85649"}],"wp:attachment":[{"href":"https:\/\/dicodusport.fr\/blog\/wp-json\/wp\/v2\/media?parent=85580"}],"wp:term":[{"taxonomy":"category","embeddable":true,"href":"https:\/\/dicodusport.fr\/blog\/wp-json\/wp\/v2\/categories?post=85580"},{"taxonomy":"post_tag","embeddable":true,"href":"https:\/\/dicodusport.fr\/blog\/wp-json\/wp\/v2\/tags?post=85580"}],"curies":[{"name":"wp","href":"https:\/\/api.w.org\/{rel}","templated":true}]}}