{"id":85668,"date":"2020-11-03T18:36:17","date_gmt":"2020-11-03T17:36:17","guid":{"rendered":"https:\/\/dicodusport.fr\/blog\/?p=85668"},"modified":"2021-07-27T10:41:39","modified_gmt":"2021-07-27T08:41:39","slug":"sport-francais-il-va-falloir-sinvestir-pour-faire-avancer-les-choses-selon-kevin-mayer","status":"publish","type":"post","link":"https:\/\/dicodusport.fr\/blog\/sport-francais-il-va-falloir-sinvestir-pour-faire-avancer-les-choses-selon-kevin-mayer\/","title":{"rendered":"Sport fran\u00e7ais : \u00ab\u00a0Il va falloir s&rsquo;investir pour faire avancer les choses\u00a0\u00bb selon Kevin Mayer"},"content":{"rendered":"<p style=\"text-align: justify;\"><em><strong>Le recordman du monde du d\u00e9cathlon, Kevin Mayer, a donn\u00e9 son sentiment sur la crise sanitaire actuelle. Et de son impact sur le sport fran\u00e7ais.<\/strong><\/em><\/p>\n<p style=\"text-align: justify;\">Alors que le <a href=\"https:\/\/dicodusport.fr\/blog\/95-federations-sportives-lancent-un-appel-a-emmanuel-macron\/\">CNOSF et 95 f\u00e9d\u00e9rations sportives<\/a> se sont adress\u00e9s r\u00e9cemment \u00e0 Emmanuel Macron, <strong>Kevin Mayer<\/strong> leur a embo\u00eet\u00e9 le pas. Comme \u00e0 son habitude il s&rsquo;est exprim\u00e9 sans langue de bois dans des propos relay\u00e9s par <em><a href=\"https:\/\/sport24.lefigaro.fr\/athletisme\/actualites\/le-plaidoyer-de-kevin-mayer-pour-la-pratique-du-sport-1019422\" target=\"_blank\" rel=\"noopener noreferrer\">Le Figaro<\/a>. <b>\u00ab\u200a C\u2019est catastrophique, on vient de perdre 4 millions de licenci\u00e9s dans les clubs.\u2009\u00bb <\/b><\/em>Ce constat est bien entendu alarmant et ne devrait pas aller en s&rsquo;arrangeant dans les semaines \u00e0 venir. Une situation inqui\u00e9tante donc pour le recordman du monde du d\u00e9cathlon. S&rsquo;il admet malgr\u00e9 tout que <em><b>\u00ab <\/b><\/em><em>le confinement a \u00e9t\u00e9 source d&rsquo;\u00e9veil sur le fait que le mouvement \u00e9tait n\u00e9cessaire pour le bien-\u00eatre <b>\u00bb<\/b><\/em>\u00a0, il faudra tout de m\u00eame se montrer innovant par la suite.<\/p>\n<p style=\"text-align: justify;\">Le natif d&rsquo;Argenteuil pense cependant que <em><b>\u00ab <\/b><strong>les gens ne bougeront pas tout le temps, tout seuls chez eux<\/strong>. <b>\u00bb <\/b><\/em>De cet avis, il met donc en avant <em><b>\u00ab <\/b>les associations et les entra\u00eeneurs qui peuvent aider les gens beaucoup plus r\u00e9guli\u00e8rement. <b>\u00bb <\/b><\/em>Mais selon lui, le fonctionnement actuel devra sans doute \u00e9voluer<em>. <b>\u00ab\u200a <\/b><strong>Je pense qu\u2019il va nous falloir montrer notre capacit\u00e9 d\u2019adaptation \u00e0 la situation, trouver des solutions pour continuer \u00e0 bouger. <\/strong><strong>\u00bb\u00a0<\/strong><\/em><\/p>\n<h2 style=\"text-align: justify;\">Le citoyen du monde<\/h2>\n<p style=\"text-align: justify;\">Dans son autobiographie <em><b>\u00ab \u200a<\/b><\/em><em><strong>M<\/strong><strong>es 10 commandements \u00bb <\/strong><\/em>, il a intitul\u00e9 le 7\u00e8me : <strong><em>Citoyen du monde tu seras<\/em>. <\/strong>Il explique le pourquoi de ce titre et on peut y faire un parall\u00e8le rapide vers la situation sanitaire actuelle : <em><b>\u00ab\u200a <\/b><\/em><em><strong>Pour arriver au sommet en d\u00e9cathlon, tu as besoin des autres.<\/strong> Avant la premi\u00e8re \u00e9preuve du \u00ab d\u00e9ca \u00bb, tu es seul face aux autres. Avant la derni\u00e8re (le 1500 m), tous les concurrents ne font plus qu\u2019un et s\u2019encouragent. Le \u00ab d\u00e9ca \u00bb, c\u2019est un raccourci de vie. <strong>C\u2019est gr\u00e2ce \u00e0 l\u2019entraide qu\u2019on parviendra \u00e0 changer le monde. Je sais que \u00e7a fait clich\u00e9, mais c\u2019est comme \u00e7a que je vois les choses.\u00bb\u00a0<\/strong><\/em><\/p>\n<h2 style=\"text-align: justify;\">Les JO en ligne de mire<\/h2>\n<p style=\"text-align: justify;\">Au sein de son livre, il revient \u00e9galement sur le premier confinement. <em>\u00ab <\/em><em><strong>Cela a \u00e9t\u00e9 une source de bien-\u00eatre personnel.<\/strong><\/em> <em>Parce que j\u2019ai pris le temps de faire les choses comme il le fallait, sans pr\u00e9cipitation. Comme la m\u00e9ditation, la r\u00e9cup\u00e9ration, la nutrition. Je me suis recentr\u00e9 sur quelques choses essentielles : <strong>me qualifier pour les JO en 2021 par exemple. <\/strong><strong>\u00bb <\/strong><\/em>Selon lui, <em>\u00ab <\/em><strong><em>le d\u00e9cathlon a fa\u00e7onn\u00e9 l&rsquo;homme qu&rsquo;il est devenu<\/em><\/strong>. <em><strong>\u00bb <\/strong><\/em> Son prochain rendez-vous se d\u00e9roulera \u00e0 La R\u00e9union en d\u00e9cembre prochain, si le contexte le permet bien entendu.<\/p>\n<p style=\"text-align: justify;\">Car ce qu&rsquo;il aspire \u00e0 devenir \u00e9galement, c&rsquo;est champion olympique \u00e0 Tokyo en 2021. Et m\u00eame si ces derniers devaient se tenir \u00e0 huis clos, il faut selon lui <strong>\u00ab\u200a <em>continuer \u00e0 organiser des grands \u00e9v\u00e9nements. \u00bb<\/em><\/strong><\/p>\n<p><strong><em>Julien Correia<br \/>\n<a href=\"https:\/\/www.facebook.com\/julien.correia.52\" target=\"_blank\" rel=\"noopener noreferrer\"><img loading=\"lazy\" decoding=\"async\" class=\"alignnone wp-image-2909\" src=\"http:\/\/dicodusport.fr\/blog\/wp-content\/uploads\/2017\/07\/logo-facebook-150x150.png\" alt=\"\" width=\"40\" height=\"40\" \/><\/a><a href=\"https:\/\/twitter.com\/julienco_psg70\" target=\"_blank\" rel=\"noopener noreferrer\"><img loading=\"lazy\" decoding=\"async\" class=\"alignnone wp-image-2908\" src=\"http:\/\/dicodusport.fr\/blog\/wp-content\/uploads\/2017\/07\/logo-twitter-150x150.png\" alt=\"\" width=\"39\" height=\"39\" \/><\/a><\/em><\/strong><\/p>\n","protected":false},"excerpt":{"rendered":"<p>Le recordman du monde du d\u00e9cathlon, Kevin Mayer, a donn\u00e9 son sentiment sur la crise sanitaire actuelle. Et de son impact sur le sport fran\u00e7ais.<\/p>\n","protected":false},"author":37,"featured_media":151015,"comment_status":"open","ping_status":"closed","sticky":false,"template":"","format":"standard","meta":{"_acf_changed":false,"_daextam_enable_autolinks":"","footnotes":""},"categories":[2308],"tags":[143,10973,1269,1257,2472],"class_list":["post-85668","post","type-post","status-publish","format-standard","has-post-thumbnail","hentry","category-athletisme","tag-athletisme","tag-covid-19","tag-decathlon","tag-kevin-mayer","tag-multisports"],"acf":[],"yoast_head":"<!-- This site is optimized with the Yoast SEO Premium plugin v26.7 (Yoast SEO v26.7) - https:\/\/yoast.com\/wordpress\/plugins\/seo\/ -->\n<title>Sport fran\u00e7ais : &quot;Il va falloir s&#039;investir pour faire avancer les choses&quot; selon Kevin Mayer<\/title>\n<meta name=\"description\" content=\"Le recordman du monde du d\u00e9cathlon, Kevin Mayer, a donn\u00e9 son sentiment sur la crise sanitaire actuelle. Et de son impact sur le sport fran\u00e7ais.\" \/>\n<meta name=\"robots\" content=\"index, follow, max-snippet:-1, max-image-preview:large, max-video-preview:-1\" \/>\n<link rel=\"canonical\" href=\"https:\/\/dicodusport.fr\/blog\/sport-francais-il-va-falloir-sinvestir-pour-faire-avancer-les-choses-selon-kevin-mayer\/\" \/>\n<meta property=\"og:locale\" content=\"fr_FR\" \/>\n<meta property=\"og:type\" content=\"article\" \/>\n<meta property=\"og:title\" content=\"Sport fran\u00e7ais : &quot;Il va falloir s&#039;investir pour faire avancer les choses&quot; selon Kevin Mayer\" \/>\n<meta property=\"og:description\" content=\"Le recordman du monde du d\u00e9cathlon, Kevin Mayer, a donn\u00e9 son sentiment sur la crise sanitaire actuelle. Et de son impact sur le sport fran\u00e7ais.\" \/>\n<meta property=\"og:url\" content=\"https:\/\/dicodusport.fr\/blog\/sport-francais-il-va-falloir-sinvestir-pour-faire-avancer-les-choses-selon-kevin-mayer\/\" \/>\n<meta property=\"og:site_name\" content=\"Dicodusport\" \/>\n<meta property=\"article:publisher\" content=\"https:\/\/www.facebook.com\/dicodusport\" \/>\n<meta property=\"article:author\" content=\"https:\/\/www.facebook.com\/julien.correia.52\" \/>\n<meta property=\"article:published_time\" content=\"2020-11-03T17:36:17+00:00\" \/>\n<meta property=\"article:modified_time\" content=\"2021-07-27T08:41:39+00:00\" \/>\n<meta property=\"og:image\" content=\"https:\/\/dicodusport.fr\/blog\/wp-content\/uploads\/2020\/11\/Kevin-Mayer-decathlon.png\" \/>\n\t<meta property=\"og:image:width\" content=\"800\" \/>\n\t<meta property=\"og:image:height\" content=\"445\" \/>\n\t<meta property=\"og:image:type\" content=\"image\/png\" \/>\n<meta name=\"author\" content=\"Julien Correia\" \/>\n<meta name=\"twitter:card\" content=\"summary_large_image\" \/>\n<meta name=\"twitter:title\" content=\"Sport fran\u00e7ais : &quot;Il va falloir s&#039;investir pour faire avancer les choses&quot; selon Kevin Mayer\" \/>\n<meta name=\"twitter:creator\" content=\"@https:\/\/twitter.com\/julienco_psg70\" \/>\n<meta name=\"twitter:site\" content=\"@dicodusport\" \/>\n<script type=\"application\/ld+json\" class=\"yoast-schema-graph\">{\"@context\":\"https:\/\/schema.org\",\"@graph\":[{\"@type\":\"NewsArticle\",\"@id\":\"https:\/\/dicodusport.fr\/blog\/sport-francais-il-va-falloir-sinvestir-pour-faire-avancer-les-choses-selon-kevin-mayer\/#article\",\"isPartOf\":{\"@id\":\"https:\/\/dicodusport.fr\/blog\/sport-francais-il-va-falloir-sinvestir-pour-faire-avancer-les-choses-selon-kevin-mayer\/\"},\"author\":{\"name\":\"Julien Correia\",\"@id\":\"https:\/\/dicodusport.fr\/blog\/#\/schema\/person\/0f73d157e4670e108e23009fa82f2239\"},\"headline\":\"Sport fran\u00e7ais : \u00ab\u00a0Il va falloir s&rsquo;investir pour faire avancer les choses\u00a0\u00bb selon Kevin Mayer\",\"datePublished\":\"2020-11-03T17:36:17+00:00\",\"dateModified\":\"2021-07-27T08:41:39+00:00\",\"mainEntityOfPage\":{\"@id\":\"https:\/\/dicodusport.fr\/blog\/sport-francais-il-va-falloir-sinvestir-pour-faire-avancer-les-choses-selon-kevin-mayer\/\"},\"wordCount\":505,\"commentCount\":0,\"publisher\":{\"@id\":\"https:\/\/dicodusport.fr\/blog\/#organization\"},\"image\":{\"@id\":\"https:\/\/dicodusport.fr\/blog\/sport-francais-il-va-falloir-sinvestir-pour-faire-avancer-les-choses-selon-kevin-mayer\/#primaryimage\"},\"thumbnailUrl\":\"https:\/\/dicodusport.fr\/blog\/wp-content\/uploads\/2020\/11\/Kevin-Mayer-decathlon.png\",\"keywords\":[\"Athl\u00e9tisme\",\"Covid-19\",\"d\u00e9cathlon\",\"Kevin Mayer\",\"Multisports\"],\"articleSection\":[\"Athl\u00e9tisme\"],\"inLanguage\":\"fr-FR\",\"potentialAction\":[{\"@type\":\"CommentAction\",\"name\":\"Comment\",\"target\":[\"https:\/\/dicodusport.fr\/blog\/sport-francais-il-va-falloir-sinvestir-pour-faire-avancer-les-choses-selon-kevin-mayer\/#respond\"]}],\"copyrightYear\":\"2020\",\"copyrightHolder\":{\"@id\":\"https:\/\/dicodusport.fr\/blog\/#organization\"}},{\"@type\":\"WebPage\",\"@id\":\"https:\/\/dicodusport.fr\/blog\/sport-francais-il-va-falloir-sinvestir-pour-faire-avancer-les-choses-selon-kevin-mayer\/\",\"url\":\"https:\/\/dicodusport.fr\/blog\/sport-francais-il-va-falloir-sinvestir-pour-faire-avancer-les-choses-selon-kevin-mayer\/\",\"name\":\"Sport fran\u00e7ais : \\\"Il va falloir s'investir pour faire avancer les choses\\\" selon Kevin Mayer\",\"isPartOf\":{\"@id\":\"https:\/\/dicodusport.fr\/blog\/#website\"},\"primaryImageOfPage\":{\"@id\":\"https:\/\/dicodusport.fr\/blog\/sport-francais-il-va-falloir-sinvestir-pour-faire-avancer-les-choses-selon-kevin-mayer\/#primaryimage\"},\"image\":{\"@id\":\"https:\/\/dicodusport.fr\/blog\/sport-francais-il-va-falloir-sinvestir-pour-faire-avancer-les-choses-selon-kevin-mayer\/#primaryimage\"},\"thumbnailUrl\":\"https:\/\/dicodusport.fr\/blog\/wp-content\/uploads\/2020\/11\/Kevin-Mayer-decathlon.png\",\"datePublished\":\"2020-11-03T17:36:17+00:00\",\"dateModified\":\"2021-07-27T08:41:39+00:00\",\"description\":\"Le recordman du monde du d\u00e9cathlon, Kevin Mayer, a donn\u00e9 son sentiment sur la crise sanitaire actuelle. Et de son impact sur le sport fran\u00e7ais.\",\"breadcrumb\":{\"@id\":\"https:\/\/dicodusport.fr\/blog\/sport-francais-il-va-falloir-sinvestir-pour-faire-avancer-les-choses-selon-kevin-mayer\/#breadcrumb\"},\"inLanguage\":\"fr-FR\",\"potentialAction\":[{\"@type\":\"ReadAction\",\"target\":[\"https:\/\/dicodusport.fr\/blog\/sport-francais-il-va-falloir-sinvestir-pour-faire-avancer-les-choses-selon-kevin-mayer\/\"]}]},{\"@type\":\"ImageObject\",\"inLanguage\":\"fr-FR\",\"@id\":\"https:\/\/dicodusport.fr\/blog\/sport-francais-il-va-falloir-sinvestir-pour-faire-avancer-les-choses-selon-kevin-mayer\/#primaryimage\",\"url\":\"https:\/\/dicodusport.fr\/blog\/wp-content\/uploads\/2020\/11\/Kevin-Mayer-decathlon.png\",\"contentUrl\":\"https:\/\/dicodusport.fr\/blog\/wp-content\/uploads\/2020\/11\/Kevin-Mayer-decathlon.png\",\"width\":800,\"height\":445},{\"@type\":\"BreadcrumbList\",\"@id\":\"https:\/\/dicodusport.fr\/blog\/sport-francais-il-va-falloir-sinvestir-pour-faire-avancer-les-choses-selon-kevin-mayer\/#breadcrumb\",\"itemListElement\":[{\"@type\":\"ListItem\",\"position\":1,\"name\":\"Accueil\",\"item\":\"https:\/\/dicodusport.fr\/blog\/\"},{\"@type\":\"ListItem\",\"position\":2,\"name\":\"Sport fran\u00e7ais : \u00ab\u00a0Il va falloir s&rsquo;investir pour faire avancer les choses\u00a0\u00bb selon Kevin Mayer\"}]},{\"@type\":\"WebSite\",\"@id\":\"https:\/\/dicodusport.fr\/blog\/#website\",\"url\":\"https:\/\/dicodusport.fr\/blog\/\",\"name\":\"Dicodusport\",\"description\":\"L&#039;encyclop\u00e9die de l&#039;actualit\u00e9 sportive\",\"publisher\":{\"@id\":\"https:\/\/dicodusport.fr\/blog\/#organization\"},\"potentialAction\":[{\"@type\":\"SearchAction\",\"target\":{\"@type\":\"EntryPoint\",\"urlTemplate\":\"https:\/\/dicodusport.fr\/blog\/?s={search_term_string}\"},\"query-input\":{\"@type\":\"PropertyValueSpecification\",\"valueRequired\":true,\"valueName\":\"search_term_string\"}}],\"inLanguage\":\"fr-FR\"},{\"@type\":\"NewsMediaOrganization\",\"@id\":\"https:\/\/dicodusport.fr\/blog\/#organization\",\"name\":\"Dicodusport\",\"url\":\"https:\/\/dicodusport.fr\/blog\/\",\"logo\":{\"@type\":\"ImageObject\",\"inLanguage\":\"fr-FR\",\"@id\":\"https:\/\/dicodusport.fr\/blog\/#\/schema\/logo\/image\/\",\"url\":\"https:\/\/dicodusport.fr\/blog\/wp-content\/uploads\/2020\/06\/cropped-LOGO-DICODUSPORT-2020-SANS-FOND-SANS-TEXTE.png\",\"contentUrl\":\"https:\/\/dicodusport.fr\/blog\/wp-content\/uploads\/2020\/06\/cropped-LOGO-DICODUSPORT-2020-SANS-FOND-SANS-TEXTE.png\",\"width\":512,\"height\":512,\"caption\":\"Dicodusport\"},\"image\":{\"@id\":\"https:\/\/dicodusport.fr\/blog\/#\/schema\/logo\/image\/\"},\"sameAs\":[\"https:\/\/www.facebook.com\/dicodusport\",\"https:\/\/x.com\/dicodusport\",\"https:\/\/www.instagram.com\/dicodusport\/\",\"https:\/\/www.youtube.com\/channel\/UC7V2KZ5sd3htJivAbA4ZG3w\"],\"description\":\"Dicodusport est l'encyclop\u00e9die de l'actualit\u00e9 sportive.\",\"email\":\"bonjour@dicodusport.fr\",\"legalName\":\"DICODUSPORT\",\"foundingDate\":\"2018-01-14\",\"vatID\":\"FR71834470973\",\"taxID\":\"83447097300043\",\"numberOfEmployees\":{\"@type\":\"QuantitativeValue\",\"minValue\":\"1\",\"maxValue\":\"10\"}},{\"@type\":\"Person\",\"@id\":\"https:\/\/dicodusport.fr\/blog\/#\/schema\/person\/0f73d157e4670e108e23009fa82f2239\",\"name\":\"Julien Correia\",\"image\":{\"@type\":\"ImageObject\",\"inLanguage\":\"fr-FR\",\"@id\":\"https:\/\/dicodusport.fr\/blog\/#\/schema\/person\/image\/\",\"url\":\"https:\/\/dicodusport.fr\/blog\/wp-content\/uploads\/2021\/05\/Julien-Correia-150x150.jpg\",\"contentUrl\":\"https:\/\/dicodusport.fr\/blog\/wp-content\/uploads\/2021\/05\/Julien-Correia-150x150.jpg\",\"caption\":\"Julien Correia\"},\"description\":\"Journaliste\/r\u00e9dacteur depuis janvier 2019 - Tomb\u00e9 dans le monde du ballon rond \u00e9tant petit, j\u2019aurais pu devenir pro sans ces foutus ligaments crois\u00e9s. D\u00e9filant sur les champs (mais pas Elys\u00e9es) en 98, j\u2019ai \u00e9t\u00e9 berc\u00e9 par les exploits de Mister George, piqu\u00e9 par la technique du Snake, grandi avec Captain Rai et Ronnie, m\u00fbri avec Pauleta et Edi. Mais Ibracadabra, je suis d\u00e9sormais reconverti en runner\/traileur. Moins rapide que Bolt et moins endurant que Jornet, c\u2019est donc plume \u00e0 la main que je partage les exploits de ces athl\u00e8tes !\",\"sameAs\":[\"https:\/\/www.facebook.com\/julien.correia.52\",\"https:\/\/x.com\/https:\/\/twitter.com\/julienco_psg70\"],\"url\":\"https:\/\/dicodusport.fr\/blog\/author\/julien-c\/\"}]}<\/script>\n<!-- \/ Yoast SEO Premium plugin. -->","yoast_head_json":{"title":"Sport fran\u00e7ais : \"Il va falloir s'investir pour faire avancer les choses\" selon Kevin Mayer","description":"Le recordman du monde du d\u00e9cathlon, Kevin Mayer, a donn\u00e9 son sentiment sur la crise sanitaire actuelle. Et de son impact sur le sport fran\u00e7ais.","robots":{"index":"index","follow":"follow","max-snippet":"max-snippet:-1","max-image-preview":"max-image-preview:large","max-video-preview":"max-video-preview:-1"},"canonical":"https:\/\/dicodusport.fr\/blog\/sport-francais-il-va-falloir-sinvestir-pour-faire-avancer-les-choses-selon-kevin-mayer\/","og_locale":"fr_FR","og_type":"article","og_title":"Sport fran\u00e7ais : \"Il va falloir s'investir pour faire avancer les choses\" selon Kevin Mayer","og_description":"Le recordman du monde du d\u00e9cathlon, Kevin Mayer, a donn\u00e9 son sentiment sur la crise sanitaire actuelle. Et de son impact sur le sport fran\u00e7ais.","og_url":"https:\/\/dicodusport.fr\/blog\/sport-francais-il-va-falloir-sinvestir-pour-faire-avancer-les-choses-selon-kevin-mayer\/","og_site_name":"Dicodusport","article_publisher":"https:\/\/www.facebook.com\/dicodusport","article_author":"https:\/\/www.facebook.com\/julien.correia.52","article_published_time":"2020-11-03T17:36:17+00:00","article_modified_time":"2021-07-27T08:41:39+00:00","og_image":[{"width":800,"height":445,"url":"https:\/\/dicodusport.fr\/blog\/wp-content\/uploads\/2020\/11\/Kevin-Mayer-decathlon.png","type":"image\/png"}],"author":"Julien Correia","twitter_card":"summary_large_image","twitter_title":"Sport fran\u00e7ais : \"Il va falloir s'investir pour faire avancer les choses\" selon Kevin Mayer","twitter_creator":"@https:\/\/twitter.com\/julienco_psg70","twitter_site":"@dicodusport","schema":{"@context":"https:\/\/schema.org","@graph":[{"@type":"NewsArticle","@id":"https:\/\/dicodusport.fr\/blog\/sport-francais-il-va-falloir-sinvestir-pour-faire-avancer-les-choses-selon-kevin-mayer\/#article","isPartOf":{"@id":"https:\/\/dicodusport.fr\/blog\/sport-francais-il-va-falloir-sinvestir-pour-faire-avancer-les-choses-selon-kevin-mayer\/"},"author":{"name":"Julien Correia","@id":"https:\/\/dicodusport.fr\/blog\/#\/schema\/person\/0f73d157e4670e108e23009fa82f2239"},"headline":"Sport fran\u00e7ais : \u00ab\u00a0Il va falloir s&rsquo;investir pour faire avancer les choses\u00a0\u00bb selon Kevin Mayer","datePublished":"2020-11-03T17:36:17+00:00","dateModified":"2021-07-27T08:41:39+00:00","mainEntityOfPage":{"@id":"https:\/\/dicodusport.fr\/blog\/sport-francais-il-va-falloir-sinvestir-pour-faire-avancer-les-choses-selon-kevin-mayer\/"},"wordCount":505,"commentCount":0,"publisher":{"@id":"https:\/\/dicodusport.fr\/blog\/#organization"},"image":{"@id":"https:\/\/dicodusport.fr\/blog\/sport-francais-il-va-falloir-sinvestir-pour-faire-avancer-les-choses-selon-kevin-mayer\/#primaryimage"},"thumbnailUrl":"https:\/\/dicodusport.fr\/blog\/wp-content\/uploads\/2020\/11\/Kevin-Mayer-decathlon.png","keywords":["Athl\u00e9tisme","Covid-19","d\u00e9cathlon","Kevin Mayer","Multisports"],"articleSection":["Athl\u00e9tisme"],"inLanguage":"fr-FR","potentialAction":[{"@type":"CommentAction","name":"Comment","target":["https:\/\/dicodusport.fr\/blog\/sport-francais-il-va-falloir-sinvestir-pour-faire-avancer-les-choses-selon-kevin-mayer\/#respond"]}],"copyrightYear":"2020","copyrightHolder":{"@id":"https:\/\/dicodusport.fr\/blog\/#organization"}},{"@type":"WebPage","@id":"https:\/\/dicodusport.fr\/blog\/sport-francais-il-va-falloir-sinvestir-pour-faire-avancer-les-choses-selon-kevin-mayer\/","url":"https:\/\/dicodusport.fr\/blog\/sport-francais-il-va-falloir-sinvestir-pour-faire-avancer-les-choses-selon-kevin-mayer\/","name":"Sport fran\u00e7ais : \"Il va falloir s'investir pour faire avancer les choses\" selon Kevin Mayer","isPartOf":{"@id":"https:\/\/dicodusport.fr\/blog\/#website"},"primaryImageOfPage":{"@id":"https:\/\/dicodusport.fr\/blog\/sport-francais-il-va-falloir-sinvestir-pour-faire-avancer-les-choses-selon-kevin-mayer\/#primaryimage"},"image":{"@id":"https:\/\/dicodusport.fr\/blog\/sport-francais-il-va-falloir-sinvestir-pour-faire-avancer-les-choses-selon-kevin-mayer\/#primaryimage"},"thumbnailUrl":"https:\/\/dicodusport.fr\/blog\/wp-content\/uploads\/2020\/11\/Kevin-Mayer-decathlon.png","datePublished":"2020-11-03T17:36:17+00:00","dateModified":"2021-07-27T08:41:39+00:00","description":"Le recordman du monde du d\u00e9cathlon, Kevin Mayer, a donn\u00e9 son sentiment sur la crise sanitaire actuelle. Et de son impact sur le sport fran\u00e7ais.","breadcrumb":{"@id":"https:\/\/dicodusport.fr\/blog\/sport-francais-il-va-falloir-sinvestir-pour-faire-avancer-les-choses-selon-kevin-mayer\/#breadcrumb"},"inLanguage":"fr-FR","potentialAction":[{"@type":"ReadAction","target":["https:\/\/dicodusport.fr\/blog\/sport-francais-il-va-falloir-sinvestir-pour-faire-avancer-les-choses-selon-kevin-mayer\/"]}]},{"@type":"ImageObject","inLanguage":"fr-FR","@id":"https:\/\/dicodusport.fr\/blog\/sport-francais-il-va-falloir-sinvestir-pour-faire-avancer-les-choses-selon-kevin-mayer\/#primaryimage","url":"https:\/\/dicodusport.fr\/blog\/wp-content\/uploads\/2020\/11\/Kevin-Mayer-decathlon.png","contentUrl":"https:\/\/dicodusport.fr\/blog\/wp-content\/uploads\/2020\/11\/Kevin-Mayer-decathlon.png","width":800,"height":445},{"@type":"BreadcrumbList","@id":"https:\/\/dicodusport.fr\/blog\/sport-francais-il-va-falloir-sinvestir-pour-faire-avancer-les-choses-selon-kevin-mayer\/#breadcrumb","itemListElement":[{"@type":"ListItem","position":1,"name":"Accueil","item":"https:\/\/dicodusport.fr\/blog\/"},{"@type":"ListItem","position":2,"name":"Sport fran\u00e7ais : \u00ab\u00a0Il va falloir s&rsquo;investir pour faire avancer les choses\u00a0\u00bb selon Kevin Mayer"}]},{"@type":"WebSite","@id":"https:\/\/dicodusport.fr\/blog\/#website","url":"https:\/\/dicodusport.fr\/blog\/","name":"Dicodusport","description":"L&#039;encyclop\u00e9die de l&#039;actualit\u00e9 sportive","publisher":{"@id":"https:\/\/dicodusport.fr\/blog\/#organization"},"potentialAction":[{"@type":"SearchAction","target":{"@type":"EntryPoint","urlTemplate":"https:\/\/dicodusport.fr\/blog\/?s={search_term_string}"},"query-input":{"@type":"PropertyValueSpecification","valueRequired":true,"valueName":"search_term_string"}}],"inLanguage":"fr-FR"},{"@type":"NewsMediaOrganization","@id":"https:\/\/dicodusport.fr\/blog\/#organization","name":"Dicodusport","url":"https:\/\/dicodusport.fr\/blog\/","logo":{"@type":"ImageObject","inLanguage":"fr-FR","@id":"https:\/\/dicodusport.fr\/blog\/#\/schema\/logo\/image\/","url":"https:\/\/dicodusport.fr\/blog\/wp-content\/uploads\/2020\/06\/cropped-LOGO-DICODUSPORT-2020-SANS-FOND-SANS-TEXTE.png","contentUrl":"https:\/\/dicodusport.fr\/blog\/wp-content\/uploads\/2020\/06\/cropped-LOGO-DICODUSPORT-2020-SANS-FOND-SANS-TEXTE.png","width":512,"height":512,"caption":"Dicodusport"},"image":{"@id":"https:\/\/dicodusport.fr\/blog\/#\/schema\/logo\/image\/"},"sameAs":["https:\/\/www.facebook.com\/dicodusport","https:\/\/x.com\/dicodusport","https:\/\/www.instagram.com\/dicodusport\/","https:\/\/www.youtube.com\/channel\/UC7V2KZ5sd3htJivAbA4ZG3w"],"description":"Dicodusport est l'encyclop\u00e9die de l'actualit\u00e9 sportive.","email":"bonjour@dicodusport.fr","legalName":"DICODUSPORT","foundingDate":"2018-01-14","vatID":"FR71834470973","taxID":"83447097300043","numberOfEmployees":{"@type":"QuantitativeValue","minValue":"1","maxValue":"10"}},{"@type":"Person","@id":"https:\/\/dicodusport.fr\/blog\/#\/schema\/person\/0f73d157e4670e108e23009fa82f2239","name":"Julien Correia","image":{"@type":"ImageObject","inLanguage":"fr-FR","@id":"https:\/\/dicodusport.fr\/blog\/#\/schema\/person\/image\/","url":"https:\/\/dicodusport.fr\/blog\/wp-content\/uploads\/2021\/05\/Julien-Correia-150x150.jpg","contentUrl":"https:\/\/dicodusport.fr\/blog\/wp-content\/uploads\/2021\/05\/Julien-Correia-150x150.jpg","caption":"Julien Correia"},"description":"Journaliste\/r\u00e9dacteur depuis janvier 2019 - Tomb\u00e9 dans le monde du ballon rond \u00e9tant petit, j\u2019aurais pu devenir pro sans ces foutus ligaments crois\u00e9s. D\u00e9filant sur les champs (mais pas Elys\u00e9es) en 98, j\u2019ai \u00e9t\u00e9 berc\u00e9 par les exploits de Mister George, piqu\u00e9 par la technique du Snake, grandi avec Captain Rai et Ronnie, m\u00fbri avec Pauleta et Edi. Mais Ibracadabra, je suis d\u00e9sormais reconverti en runner\/traileur. Moins rapide que Bolt et moins endurant que Jornet, c\u2019est donc plume \u00e0 la main que je partage les exploits de ces athl\u00e8tes !","sameAs":["https:\/\/www.facebook.com\/julien.correia.52","https:\/\/x.com\/https:\/\/twitter.com\/julienco_psg70"],"url":"https:\/\/dicodusport.fr\/blog\/author\/julien-c\/"}]}},"_links":{"self":[{"href":"https:\/\/dicodusport.fr\/blog\/wp-json\/wp\/v2\/posts\/85668","targetHints":{"allow":["GET"]}}],"collection":[{"href":"https:\/\/dicodusport.fr\/blog\/wp-json\/wp\/v2\/posts"}],"about":[{"href":"https:\/\/dicodusport.fr\/blog\/wp-json\/wp\/v2\/types\/post"}],"author":[{"embeddable":true,"href":"https:\/\/dicodusport.fr\/blog\/wp-json\/wp\/v2\/users\/37"}],"replies":[{"embeddable":true,"href":"https:\/\/dicodusport.fr\/blog\/wp-json\/wp\/v2\/comments?post=85668"}],"version-history":[{"count":0,"href":"https:\/\/dicodusport.fr\/blog\/wp-json\/wp\/v2\/posts\/85668\/revisions"}],"wp:featuredmedia":[{"embeddable":true,"href":"https:\/\/dicodusport.fr\/blog\/wp-json\/wp\/v2\/media\/151015"}],"wp:attachment":[{"href":"https:\/\/dicodusport.fr\/blog\/wp-json\/wp\/v2\/media?parent=85668"}],"wp:term":[{"taxonomy":"category","embeddable":true,"href":"https:\/\/dicodusport.fr\/blog\/wp-json\/wp\/v2\/categories?post=85668"},{"taxonomy":"post_tag","embeddable":true,"href":"https:\/\/dicodusport.fr\/blog\/wp-json\/wp\/v2\/tags?post=85668"}],"curies":[{"name":"wp","href":"https:\/\/api.w.org\/{rel}","templated":true}]}}