{"id":85821,"date":"2020-11-01T17:12:38","date_gmt":"2020-11-01T16:12:38","guid":{"rendered":"https:\/\/dicodusport.fr\/blog\/?p=85821&#038;preview=true&#038;preview_id=85821"},"modified":"2020-11-01T18:21:01","modified_gmt":"2020-11-01T17:21:01","slug":"tour-d-espagne-2020-classement-12eme-etape","status":"publish","type":"post","link":"https:\/\/dicodusport.fr\/blog\/tour-d-espagne-2020-classement-12eme-etape\/","title":{"rendered":"Tour d&rsquo;Espagne 2020 : le classement de la 12\u00e8me \u00e9tape"},"content":{"rendered":"<p style=\"text-align: justify;\"><em><strong><a href=\"https:\/\/dicodusport.fr\/blog\/actualites\/cyclisme\/tour-d-espagne-2020\/\" target=\"_blank\" rel=\"noopener noreferrer\">TOUR D&rsquo;ESPAGNE 2020<\/a> &#8211; D\u00e9couvrez le classement de la 12\u00e8me \u00e9tape de la Vuelta, qui s&rsquo;est disput\u00e9e ce dimanche 1er novembre entre La Pola de Llaviana et l\u2019Angliru (109,4 km).<\/strong><\/em><\/p>\n<div class=\"su-table su-table-alternate\">\n<table style=\"width: 800px;border-collapse: collapse\" border=\"1\">\n<tbody>\n<tr style=\"height: 24px\">\n<td style=\"border-color: #ebebeb;height: 24px;width: 80px;text-align: center;vertical-align: middle\"><span style=\"font-size: 14px\">&#x1f947;<\/span><\/td>\n<td style=\"border-color: #ebebeb;height: 24px;text-align: center;width: 500px;vertical-align: middle\"><span style=\"font-size: 0.9em\"><strong>COUREURS<\/strong><\/span><\/td>\n<td style=\"border-color: #ebebeb;height: 24px;text-align: center;width: 220px;vertical-align: middle\"><span style=\"font-size: 0.9em\"><strong>TEMPS \/ \u00c9CART<\/strong><\/span><\/td>\n<\/tr>\n<tr>\n<td style=\"border-color: #ebebeb;text-align: center;width: 80px;vertical-align: middle\"><span style=\"font-size: 0.9em\">1.<\/span><\/td>\n<td style=\"border-color: #ebebeb;text-align: center;width: 500px;vertical-align: middle\"><span style=\"font-size: 0.9em\"><strong>&#x1f1ec;&#x1f1e7; HUGH CARTHY<\/strong><br \/>\n<span style=\"font-size: 0.8em\">EF PRO CYCLING<\/span><\/span><\/td>\n<td style=\"border-color: #ebebeb;text-align: center;width: 220px;vertical-align: middle\"><span style=\"font-size: 0.9em\"><strong>3h08m40s<\/strong><\/span><\/td>\n<\/tr>\n<tr>\n<td style=\"border-color: #ebebeb;text-align: center;width: 80px;vertical-align: middle\"><span style=\"font-size: 0.9em\">2.<\/span><\/td>\n<td style=\"border-color: #ebebeb;text-align: center;width: 500px;vertical-align: middle\"><span style=\"font-size: 0.9em\"><strong>&#x1f1f7;&#x1f1fa; ALEKSANDR VLASOV<\/strong><br \/>\n<span style=\"font-size: 0.8em\">ASTANA PRO TEAM<\/span><\/span><\/td>\n<td style=\"border-color: #ebebeb;text-align: center;width: 220px;vertical-align: middle\"><strong><span style=\"font-size: 0.9em\">\u00e0 16s<\/span><\/strong><\/td>\n<\/tr>\n<tr>\n<td style=\"border-color: #ebebeb;text-align: center;width: 80px;vertical-align: middle\"><span style=\"font-size: 0.9em\">3.<\/span><\/td>\n<td style=\"border-color: #ebebeb;text-align: center;width: 500px;vertical-align: middle\"><strong style=\"font-size: 14.4px\">&#x1f1ea;&#x1f1f8; ENRIC MAS<\/strong><br style=\"font-size: 14.4px\" \/><span style=\"font-size: 0.8em\">MOVISTAR TEAM<\/span><\/td>\n<td style=\"border-color: #ebebeb;text-align: center;width: 220px;vertical-align: middle\"><strong><span style=\"font-size: 0.9em\">\u00e0 16s<\/span><\/strong><\/td>\n<\/tr>\n<tr>\n<td style=\"border-color: #ebebeb;text-align: center;width: 80px;vertical-align: middle\"><span style=\"font-size: 0.9em\">4.<\/span><\/td>\n<td style=\"border-color: #ebebeb;text-align: center;width: 500px;vertical-align: middle\"><strong style=\"font-size: 14.4px\">&#x1f1ea;&#x1f1e8; RICHARD CARAPAZ<\/strong><br style=\"font-size: 14.4px\" \/><span style=\"font-size: 0.8em\">INEOS GRENADIERS<\/span><\/td>\n<td style=\"border-color: #ebebeb;text-align: center;width: 220px;vertical-align: middle\"><strong><span style=\"font-size: 0.9em\">\u00e0 16s<\/span><\/strong><\/td>\n<\/tr>\n<tr>\n<td style=\"border-color: #ebebeb;text-align: center;width: 80px;vertical-align: middle\"><span style=\"font-size: 0.9em\">5.<\/span><\/td>\n<td style=\"border-color: #ebebeb;text-align: center;width: 500px;vertical-align: middle\"><strong style=\"font-size: 14.4px\">&#x1f1f8;&#x1f1ee; PRIMOZ ROGLIC<\/strong><br style=\"font-size: 14.4px\" \/><span style=\"font-size: 0.8em\">TEAM JUMBO &#8211; VISMA<\/span><\/td>\n<td style=\"border-color: #ebebeb;text-align: center;width: 220px;vertical-align: middle\"><strong><span style=\"font-size: 0.9em\">\u00e0 26s<\/span><\/strong><\/td>\n<\/tr>\n<tr>\n<td style=\"border-color: #ebebeb;text-align: center;width: 80px;vertical-align: middle\"><span style=\"font-size: 0.9em\">6.<\/span><\/td>\n<td style=\"border-color: #ebebeb;text-align: center;width: 500px;vertical-align: middle\"><span style=\"font-size: 0.9em\"><strong>&#x1f1fa;&#x1f1f8; SEPP KUSS<\/strong><br \/>\n<span style=\"font-size: 0.8em\">TEAM JUMBO &#8211; VISMA<\/span><\/span><\/td>\n<td style=\"border-color: #ebebeb;text-align: center;width: 220px;vertical-align: middle\"><strong><span style=\"font-size: 0.9em\">\u00e0 26s<\/span><\/strong><\/td>\n<\/tr>\n<tr>\n<td style=\"border-color: #ebebeb;text-align: center;width: 80px;vertical-align: middle\"><span style=\"font-size: 0.9em\">7.<\/span><\/td>\n<td style=\"border-color: #ebebeb;text-align: center;width: 500px;vertical-align: middle\"><span style=\"font-size: 0.9em\"><strong>&#x1f1ee;&#x1f1ea; DAN MARTIN<\/strong><br \/>\n<span style=\"font-size: 0.8em\">ISRAEL START-UP NATION<\/span><\/span><\/td>\n<td style=\"border-color: #ebebeb;text-align: center;width: 220px;vertical-align: middle\"><strong><span style=\"font-size: 0.9em\">\u00e0 26s<\/span><\/strong><\/td>\n<\/tr>\n<tr>\n<td style=\"border-color: #ebebeb;text-align: center;width: 80px;vertical-align: middle\"><span style=\"font-size: 0.9em\">8.<\/span><\/td>\n<td style=\"border-color: #ebebeb;text-align: center;width: 500px;vertical-align: middle\"><strong style=\"font-size: 14.4px\">&#x1f1f3;&#x1f1f1; WOUT POELS<\/strong><br style=\"font-size: 14.4px\" \/><span style=\"font-size: 0.9em\"><span style=\"font-size: 0.8em\">BAHRAIN &#8211; MCLAREN<\/span><\/span><\/td>\n<td style=\"border-color: #ebebeb;text-align: center;width: 220px;vertical-align: middle\"><strong><span style=\"font-size: 0.9em\">\u00e0 1m35s<\/span><\/strong><\/td>\n<\/tr>\n<tr>\n<td style=\"border-color: #ebebeb;text-align: center;width: 80px;vertical-align: middle\"><span style=\"font-size: 0.9em\">9.<\/span><\/td>\n<td style=\"border-color: #ebebeb;text-align: center;width: 500px;vertical-align: middle\"><span style=\"font-size: 0.9em\"><strong>&#x1f1e8;&#x1f1e6; MICHAEL WOODS<\/strong><br \/>\n<span style=\"font-size: 0.8em\">EF PRO CYCLING<\/span><\/span><\/td>\n<td style=\"border-color: #ebebeb;text-align: center;width: 220px;vertical-align: middle\"><strong><span style=\"font-size: 0.9em\">\u00e0 1m35s<\/span><\/strong><\/td>\n<\/tr>\n<tr>\n<td style=\"border-color: #ebebeb;text-align: center;width: 80px;vertical-align: middle\"><span style=\"font-size: 0.9em\">10.<\/span><\/td>\n<td style=\"border-color: #ebebeb;text-align: center;width: 500px;vertical-align: middle\"><span style=\"font-size: 0.9em\"><strong>&#x1f1e6;&#x1f1f9; FELIX GROSSSCHARTNER<\/strong><br \/>\n<span style=\"font-size: 0.8em\">BORA &#8211; HANSGROHE<\/span><\/span><\/td>\n<td style=\"border-color: #ebebeb;text-align: center;width: 220px;vertical-align: middle\"><strong><span style=\"font-size: 0.9em\">\u00e0 2m15s<\/span><\/strong><\/td>\n<\/tr>\n<tr>\n<td style=\"border-color: #ebebeb;text-align: center;width: 80px;vertical-align: middle\"><span style=\"font-size: 0.9em\">11.<\/span><\/td>\n<td style=\"border-color: #ebebeb;text-align: center;width: 500px;vertical-align: middle\"><strong style=\"font-size: 14.4px\">&#x1f1ea;&#x1f1f8; MIKEL NIEVE<\/strong><br style=\"font-size: 14.4px\" \/><span style=\"font-size: 0.8em\">MITCHELTON &#8211; SCOTT<\/span><\/td>\n<td style=\"border-color: #ebebeb;text-align: center;width: 220px;vertical-align: middle\"><strong><span style=\"font-size: 0.9em\">\u00e0 2m15s<\/span><\/strong><\/td>\n<\/tr>\n<tr>\n<td style=\"border-color: #ebebeb;text-align: center;width: 80px;vertical-align: middle\"><span style=\"font-size: 0.9em\">12.<\/span><\/td>\n<td style=\"border-color: #ebebeb;text-align: center;width: 500px;vertical-align: middle\"><strong style=\"font-size: 14.4px\">&#x1f1f3;&#x1f1ff; GEORGE BENNETT<\/strong><br style=\"font-size: 14.4px\" \/><span style=\"font-size: 0.8em\">TEAM JUMBO &#8211; VISMA<\/span><\/td>\n<td style=\"border-color: #ebebeb;text-align: center;width: 220px;vertical-align: middle\"><strong><span style=\"font-size: 0.9em\">\u00e0 2m54s<\/span><\/strong><\/td>\n<\/tr>\n<tr>\n<td style=\"border-color: #ebebeb;text-align: center;width: 80px;vertical-align: middle\"><span style=\"font-size: 0.9em\">13.<\/span><\/td>\n<td style=\"border-color: #ebebeb;text-align: center;width: 500px;vertical-align: middle\"><strong style=\"font-size: 14.4px\">&#x1f1ea;&#x1f1f8; ALEJANDRO VALVERDE<\/strong><br style=\"font-size: 14.4px\" \/><span style=\"font-size: 0.8em\">MOVISTAR TEAM<\/span><\/td>\n<td style=\"border-color: #ebebeb;text-align: center;width: 220px;vertical-align: middle\"><strong><span style=\"font-size: 0.9em\">\u00e0 2m54s<\/span><\/strong><\/td>\n<\/tr>\n<tr>\n<td style=\"border-color: #ebebeb;text-align: center;width: 80px;vertical-align: middle\"><span style=\"font-size: 0.9em\">14.<\/span><\/td>\n<td style=\"border-color: #ebebeb;text-align: center;width: 500px;vertical-align: middle\"><span style=\"font-size: 0.9em\"><strong>&#x1f1e9;&#x1f1f0; JONAS VINGEGAARD<\/strong><br \/>\n<span style=\"font-size: 0.8em\">TEAM JUMBO &#8211; VISMA<\/span><\/span><\/td>\n<td style=\"border-color: #ebebeb;text-align: center;width: 220px;vertical-align: middle\"><strong><span style=\"font-size: 0.9em\">\u00e0 3m31s<\/span><\/strong><\/td>\n<\/tr>\n<tr>\n<td style=\"border-color: #ebebeb;text-align: center;width: 80px;vertical-align: middle\"><span style=\"font-size: 0.9em\">15.<\/span><\/td>\n<td style=\"border-color: #ebebeb;text-align: center;width: 500px;vertical-align: middle\"><span style=\"font-size: 0.9em\"><strong>&#x1f1ea;&#x1f1f8; DAVID DE LA CRUZ<\/strong><br \/>\n<span style=\"font-size: 0.8em\">UAE TEAM EMIRATES<\/span><\/span><\/td>\n<td style=\"border-color: #ebebeb;text-align: center;width: 220px;vertical-align: middle\"><strong><span style=\"font-size: 0.9em\">\u00e0 3m41s<\/span><\/strong><\/td>\n<\/tr>\n<tr>\n<td style=\"border-color: #ebebeb;text-align: center;width: 80px;vertical-align: middle\"><span style=\"font-size: 0.9em\">16.<\/span><\/td>\n<td style=\"border-color: #ebebeb;text-align: center;width: 500px;vertical-align: middle\"><span style=\"font-size: 0.9em\"><strong>&#x1f1e8;&#x1f1f4; SERGIO HENAO<\/strong><br \/>\n<span style=\"font-size: 0.8em\">UAE TEAM EMIRATES<\/span><\/span><\/td>\n<td style=\"border-color: #ebebeb;text-align: center;width: 220px;vertical-align: middle\"><strong><span style=\"font-size: 0.9em\">\u00e0 3m41s<\/span><\/strong><\/td>\n<\/tr>\n<tr>\n<td style=\"border-color: #ebebeb;text-align: center;width: 80px;vertical-align: middle\"><span style=\"font-size: 0.9em\">17.<\/span><\/td>\n<td style=\"border-color: #ebebeb;text-align: center;width: 500px;vertical-align: middle\"><span style=\"font-size: 0.9em\"><strong>&#x1f1eb;&#x1f1f7; DAVID GAUDU<br \/>\n<\/strong><span style=\"font-size: 0.8em\">GROUPAMA &#8211; FDJ<\/span><\/span><\/td>\n<td style=\"border-color: #ebebeb;text-align: center;width: 220px;vertical-align: middle\"><strong><span style=\"font-size: 0.9em\">\u00e0 3m41s<\/span><\/strong><\/td>\n<\/tr>\n<tr>\n<td style=\"border-color: #ebebeb;text-align: center;width: 80px;vertical-align: middle\"><span style=\"font-size: 0.9em\">18.<\/span><\/td>\n<td style=\"border-color: #ebebeb;text-align: center;width: 500px;vertical-align: middle\"><span style=\"font-size: 0.9em\"><strong><strong style=\"font-size: 14.4px\">&#x1f1f3;&#x1f1f1;<\/strong> ROBERT GESINK<\/strong><br \/>\n<span style=\"font-size: 0.8em\">TEAM JUMBO &#8211; VISMA<\/span><\/span><\/td>\n<td style=\"border-color: #ebebeb;text-align: center;width: 220px;vertical-align: middle\"><strong><span style=\"font-size: 0.9em\">\u00e0 4m01s<\/span><\/strong><\/td>\n<\/tr>\n<tr>\n<td style=\"border-color: #ebebeb;text-align: center;width: 80px;vertical-align: middle\"><span style=\"font-size: 0.9em\">19.<\/span><\/td>\n<td style=\"border-color: #ebebeb;text-align: center;width: 500px;vertical-align: middle\"><span style=\"font-size: 0.9em\"><strong>&#x1f1eb;&#x1f1f7; GUILLAUME MARTIN<br \/>\n<\/strong><span style=\"font-size: 0.8em\">COFIDIS<\/span><\/span><\/td>\n<td style=\"border-color: #ebebeb;text-align: center;width: 220px;vertical-align: middle\"><strong><span style=\"font-size: 0.9em\">\u00e0 4m30s<\/span><\/strong><\/td>\n<\/tr>\n<tr>\n<td style=\"border-color: #ebebeb;text-align: center;width: 80px;vertical-align: middle\"><span style=\"font-size: 0.9em\">20.<\/span><\/td>\n<td style=\"border-color: #ebebeb;text-align: center;width: 500px;vertical-align: middle\"><span style=\"font-size: 0.9em\"><strong>&#x1f1ea;&#x1f1f8; ION IZAGIRRE<\/strong><br \/>\n<span style=\"font-size: 0.8em\">ASTANA PRO TEAM<\/span><\/span><\/td>\n<td style=\"border-color: #ebebeb;text-align: center;width: 220px;vertical-align: middle\"><strong><span style=\"font-size: 0.9em\">\u00e0 4m30s<\/span><\/strong><\/td>\n<\/tr>\n<\/tbody>\n<\/table>\n<\/div>\n<ul>\n<li style=\"text-align: justify;\"><a href=\"https:\/\/www.procyclingstats.com\/race\/vuelta-a-espana\/2020\/stage-12\" target=\"_blank\" rel=\"noopener noreferrer\"><strong>Tour d&rsquo;Espagne 2020 : le classement complet de la 12\u00e8me \u00e9tape<\/strong><\/a><\/li>\n<\/ul>\n<hr \/>\n<ul>\n<li style=\"text-align: justify;\"><a href=\"https:\/\/dicodusport.fr\/blog\/tour-d-espagne-2020-classement-general-maillot-rouge\/\" target=\"_blank\" rel=\"noopener noreferrer\"><strong>Tour d&rsquo;Espagne 2020 : le classement g\u00e9n\u00e9ral (maillot rouge)<\/strong><\/a><\/li>\n<\/ul>\n<p><strong><em>Dicodusport<br \/>\n<a href=\"https:\/\/www.facebook.com\/dicodusport\/\" target=\"_blank\" rel=\"noopener noreferrer\"><img loading=\"lazy\" decoding=\"async\" class=\"alignnone wp-image-2909\" src=\"http:\/\/dicodusport.fr\/blog\/wp-content\/uploads\/2017\/07\/logo-facebook-150x150.png\" alt=\"\" width=\"40\" height=\"40\" \/><\/a><a href=\"https:\/\/twitter.com\/dicodusport\" target=\"_blank\" rel=\"noopener noreferrer\"><img loading=\"lazy\" decoding=\"async\" class=\"alignnone wp-image-2908\" src=\"http:\/\/dicodusport.fr\/blog\/wp-content\/uploads\/2017\/07\/logo-twitter-150x150.png\" alt=\"\" width=\"39\" height=\"39\" \/><\/a><\/em><\/strong><\/p>\n","protected":false},"excerpt":{"rendered":"<p>TOUR D&rsquo;ESPAGNE 2020 &#8211; D\u00e9couvrez le classement de la 12\u00e8me \u00e9tape de la Vuelta, qui s&rsquo;est disput\u00e9e ce dimanche 1er novembre entre La Pola de Llaviana et l\u2019Angliru (109,4 km).<\/p>\n","protected":false},"author":4,"featured_media":85825,"comment_status":"open","ping_status":"closed","sticky":false,"template":"","format":"standard","meta":{"_acf_changed":false,"_daextam_enable_autolinks":"","footnotes":""},"categories":[47042],"tags":[1671,1670],"class_list":["post-85821","post","type-post","status-publish","format-standard","has-post-thumbnail","hentry","category-tour-d-espagne","tag-tour-despagne","tag-vuelta"],"acf":[],"yoast_head":"<!-- This site is optimized with the Yoast SEO Premium plugin v26.7 (Yoast SEO v26.7) - https:\/\/yoast.com\/wordpress\/plugins\/seo\/ -->\n<title>Tour d&#039;Espagne 2020 : le classement de la 12\u00e8me \u00e9tape<\/title>\n<meta name=\"description\" content=\"TOUR D&#039;ESPAGNE 2020 - Le classement de la 12\u00e8me \u00e9tape de la Vuelta, qui s&#039;est disput\u00e9e ce dimanche entre La Pola de Llaviana et l\u2019Angliru.\" \/>\n<meta name=\"robots\" content=\"index, follow, max-snippet:-1, max-image-preview:large, max-video-preview:-1\" \/>\n<link rel=\"canonical\" href=\"https:\/\/dicodusport.fr\/blog\/tour-d-espagne-2020-classement-12eme-etape\/\" \/>\n<meta property=\"og:locale\" content=\"fr_FR\" \/>\n<meta property=\"og:type\" content=\"article\" \/>\n<meta property=\"og:title\" content=\"Tour d&#039;Espagne 2020 : le classement de la 12\u00e8me \u00e9tape\" \/>\n<meta property=\"og:description\" content=\"TOUR D&#039;ESPAGNE 2020 - Le classement de la 12\u00e8me \u00e9tape de la Vuelta, qui s&#039;est disput\u00e9e ce dimanche entre La Pola de Llaviana et l\u2019Angliru.\" \/>\n<meta property=\"og:url\" content=\"https:\/\/dicodusport.fr\/blog\/tour-d-espagne-2020-classement-12eme-etape\/\" \/>\n<meta property=\"og:site_name\" content=\"Dicodusport\" \/>\n<meta property=\"article:publisher\" content=\"https:\/\/www.facebook.com\/dicodusport\" \/>\n<meta property=\"article:author\" content=\"https:\/\/www.facebook.com\/florent.ostermann\" \/>\n<meta property=\"article:published_time\" content=\"2020-11-01T16:12:38+00:00\" \/>\n<meta property=\"article:modified_time\" content=\"2020-11-01T17:21:01+00:00\" \/>\n<meta property=\"og:image\" content=\"https:\/\/dicodusport.fr\/blog\/wp-content\/uploads\/2020\/11\/Tour-dEspagne-2020-Le-classement-de-la-12\u00e8me-\u00e9tape.png\" \/>\n\t<meta property=\"og:image:width\" content=\"1200\" \/>\n\t<meta property=\"og:image:height\" content=\"670\" \/>\n\t<meta property=\"og:image:type\" content=\"image\/png\" \/>\n<meta name=\"author\" content=\"Flo Ostermann\" \/>\n<meta name=\"twitter:card\" content=\"summary_large_image\" \/>\n<meta name=\"twitter:title\" content=\"Tour d&#039;Espagne 2020 : le classement de la 12\u00e8me \u00e9tape\" \/>\n<meta name=\"twitter:creator\" content=\"@https:\/\/twitter.com\/FlOstermann\" \/>\n<meta name=\"twitter:site\" content=\"@dicodusport\" \/>\n<script type=\"application\/ld+json\" class=\"yoast-schema-graph\">{\"@context\":\"https:\/\/schema.org\",\"@graph\":[{\"@type\":\"NewsArticle\",\"@id\":\"https:\/\/dicodusport.fr\/blog\/tour-d-espagne-2020-classement-12eme-etape\/#article\",\"isPartOf\":{\"@id\":\"https:\/\/dicodusport.fr\/blog\/tour-d-espagne-2020-classement-12eme-etape\/\"},\"author\":{\"name\":\"Flo Ostermann\",\"@id\":\"https:\/\/dicodusport.fr\/blog\/#\/schema\/person\/cb02af4c173ce4a653b55e9baf388d4a\"},\"headline\":\"Tour d&rsquo;Espagne 2020 : le classement de la 12\u00e8me \u00e9tape\",\"datePublished\":\"2020-11-01T16:12:38+00:00\",\"dateModified\":\"2020-11-01T17:21:01+00:00\",\"mainEntityOfPage\":{\"@id\":\"https:\/\/dicodusport.fr\/blog\/tour-d-espagne-2020-classement-12eme-etape\/\"},\"wordCount\":329,\"commentCount\":0,\"publisher\":{\"@id\":\"https:\/\/dicodusport.fr\/blog\/#organization\"},\"image\":{\"@id\":\"https:\/\/dicodusport.fr\/blog\/tour-d-espagne-2020-classement-12eme-etape\/#primaryimage\"},\"thumbnailUrl\":\"https:\/\/dicodusport.fr\/blog\/wp-content\/uploads\/2020\/11\/Tour-dEspagne-2020-Le-classement-de-la-12\u00e8me-\u00e9tape.png\",\"keywords\":[\"Tour d'Espagne\",\"Vuelta\"],\"articleSection\":[\"Tour d'Espagne\"],\"inLanguage\":\"fr-FR\",\"potentialAction\":[{\"@type\":\"CommentAction\",\"name\":\"Comment\",\"target\":[\"https:\/\/dicodusport.fr\/blog\/tour-d-espagne-2020-classement-12eme-etape\/#respond\"]}],\"copyrightYear\":\"2020\",\"copyrightHolder\":{\"@id\":\"https:\/\/dicodusport.fr\/blog\/#organization\"}},{\"@type\":\"WebPage\",\"@id\":\"https:\/\/dicodusport.fr\/blog\/tour-d-espagne-2020-classement-12eme-etape\/\",\"url\":\"https:\/\/dicodusport.fr\/blog\/tour-d-espagne-2020-classement-12eme-etape\/\",\"name\":\"Tour d'Espagne 2020 : le classement de la 12\u00e8me \u00e9tape\",\"isPartOf\":{\"@id\":\"https:\/\/dicodusport.fr\/blog\/#website\"},\"primaryImageOfPage\":{\"@id\":\"https:\/\/dicodusport.fr\/blog\/tour-d-espagne-2020-classement-12eme-etape\/#primaryimage\"},\"image\":{\"@id\":\"https:\/\/dicodusport.fr\/blog\/tour-d-espagne-2020-classement-12eme-etape\/#primaryimage\"},\"thumbnailUrl\":\"https:\/\/dicodusport.fr\/blog\/wp-content\/uploads\/2020\/11\/Tour-dEspagne-2020-Le-classement-de-la-12\u00e8me-\u00e9tape.png\",\"datePublished\":\"2020-11-01T16:12:38+00:00\",\"dateModified\":\"2020-11-01T17:21:01+00:00\",\"description\":\"TOUR D'ESPAGNE 2020 - Le classement de la 12\u00e8me \u00e9tape de la Vuelta, qui s'est disput\u00e9e ce dimanche entre La Pola de Llaviana et l\u2019Angliru.\",\"breadcrumb\":{\"@id\":\"https:\/\/dicodusport.fr\/blog\/tour-d-espagne-2020-classement-12eme-etape\/#breadcrumb\"},\"inLanguage\":\"fr-FR\",\"potentialAction\":[{\"@type\":\"ReadAction\",\"target\":[\"https:\/\/dicodusport.fr\/blog\/tour-d-espagne-2020-classement-12eme-etape\/\"]}]},{\"@type\":\"ImageObject\",\"inLanguage\":\"fr-FR\",\"@id\":\"https:\/\/dicodusport.fr\/blog\/tour-d-espagne-2020-classement-12eme-etape\/#primaryimage\",\"url\":\"https:\/\/dicodusport.fr\/blog\/wp-content\/uploads\/2020\/11\/Tour-dEspagne-2020-Le-classement-de-la-12\u00e8me-\u00e9tape.png\",\"contentUrl\":\"https:\/\/dicodusport.fr\/blog\/wp-content\/uploads\/2020\/11\/Tour-dEspagne-2020-Le-classement-de-la-12\u00e8me-\u00e9tape.png\",\"width\":1200,\"height\":670,\"caption\":\"Tour d'Espagne 2020 - Le classement de la 12\u00e8me \u00e9tape\"},{\"@type\":\"BreadcrumbList\",\"@id\":\"https:\/\/dicodusport.fr\/blog\/tour-d-espagne-2020-classement-12eme-etape\/#breadcrumb\",\"itemListElement\":[{\"@type\":\"ListItem\",\"position\":1,\"name\":\"Accueil\",\"item\":\"https:\/\/dicodusport.fr\/blog\/\"},{\"@type\":\"ListItem\",\"position\":2,\"name\":\"Tour d&rsquo;Espagne 2020 : le classement de la 12\u00e8me \u00e9tape\"}]},{\"@type\":\"WebSite\",\"@id\":\"https:\/\/dicodusport.fr\/blog\/#website\",\"url\":\"https:\/\/dicodusport.fr\/blog\/\",\"name\":\"Dicodusport\",\"description\":\"L&#039;encyclop\u00e9die de l&#039;actualit\u00e9 sportive\",\"publisher\":{\"@id\":\"https:\/\/dicodusport.fr\/blog\/#organization\"},\"potentialAction\":[{\"@type\":\"SearchAction\",\"target\":{\"@type\":\"EntryPoint\",\"urlTemplate\":\"https:\/\/dicodusport.fr\/blog\/?s={search_term_string}\"},\"query-input\":{\"@type\":\"PropertyValueSpecification\",\"valueRequired\":true,\"valueName\":\"search_term_string\"}}],\"inLanguage\":\"fr-FR\"},{\"@type\":\"NewsMediaOrganization\",\"@id\":\"https:\/\/dicodusport.fr\/blog\/#organization\",\"name\":\"Dicodusport\",\"url\":\"https:\/\/dicodusport.fr\/blog\/\",\"logo\":{\"@type\":\"ImageObject\",\"inLanguage\":\"fr-FR\",\"@id\":\"https:\/\/dicodusport.fr\/blog\/#\/schema\/logo\/image\/\",\"url\":\"https:\/\/dicodusport.fr\/blog\/wp-content\/uploads\/2020\/06\/cropped-LOGO-DICODUSPORT-2020-SANS-FOND-SANS-TEXTE.png\",\"contentUrl\":\"https:\/\/dicodusport.fr\/blog\/wp-content\/uploads\/2020\/06\/cropped-LOGO-DICODUSPORT-2020-SANS-FOND-SANS-TEXTE.png\",\"width\":512,\"height\":512,\"caption\":\"Dicodusport\"},\"image\":{\"@id\":\"https:\/\/dicodusport.fr\/blog\/#\/schema\/logo\/image\/\"},\"sameAs\":[\"https:\/\/www.facebook.com\/dicodusport\",\"https:\/\/x.com\/dicodusport\",\"https:\/\/www.instagram.com\/dicodusport\/\",\"https:\/\/www.youtube.com\/channel\/UC7V2KZ5sd3htJivAbA4ZG3w\"],\"description\":\"Dicodusport est l'encyclop\u00e9die de l'actualit\u00e9 sportive.\",\"email\":\"bonjour@dicodusport.fr\",\"legalName\":\"DICODUSPORT\",\"foundingDate\":\"2018-01-14\",\"vatID\":\"FR71834470973\",\"taxID\":\"83447097300043\",\"numberOfEmployees\":{\"@type\":\"QuantitativeValue\",\"minValue\":\"1\",\"maxValue\":\"10\"}},{\"@type\":\"Person\",\"@id\":\"https:\/\/dicodusport.fr\/blog\/#\/schema\/person\/cb02af4c173ce4a653b55e9baf388d4a\",\"name\":\"Flo Ostermann\",\"image\":{\"@type\":\"ImageObject\",\"inLanguage\":\"fr-FR\",\"@id\":\"https:\/\/dicodusport.fr\/blog\/#\/schema\/person\/image\/\",\"url\":\"https:\/\/dicodusport.fr\/blog\/wp-content\/uploads\/2021\/05\/Flo-Ostermann-150x150.jpg\",\"contentUrl\":\"https:\/\/dicodusport.fr\/blog\/wp-content\/uploads\/2021\/05\/Flo-Ostermann-150x150.jpg\",\"caption\":\"Flo Ostermann\"},\"description\":\"Journaliste\/R\u00e9dacteur depuis septembre 2015 - Mes premiers souvenirs dans le sport ? Les envol\u00e9es du Stade Toulousain et les duels Villeneuve-Schumacher et H\u00e4kkinen-Schumacher \u00e0 la fin des ann\u00e9es 90, la Coupe du monde de football en 1998, l\u2019exploit du XV de France face aux All Blacks en 1999, mais aussi Richard C\u0153ur de Lion qui vole sur les montagnes du Tour de France. Bien parti pour devenir professeur d\u2019EPS, les \u00e9v\u00e9nements de la vie (et la flemme d\u2019animer des s\u00e9ances de 3x500 m\u00e8tres toute ma vie) m\u2019ont conduit \u00e0 revoir mes plans. Me voil\u00e0 depuis fin 2017 sur Dicodusport, m\u00e9dia gr\u00e2ce (et pour) lequel je partage ma passion : le sport dans tous ses \u00e9tats. Le tout accompagn\u00e9 par les fous furieux et folles furieuses cit\u00e9s sur cette page !\",\"sameAs\":[\"https:\/\/www.facebook.com\/florent.ostermann\",\"https:\/\/x.com\/https:\/\/twitter.com\/FlOstermann\",\"admin\"],\"url\":\"https:\/\/dicodusport.fr\/blog\/author\/flo\/\"}]}<\/script>\n<!-- \/ Yoast SEO Premium plugin. -->","yoast_head_json":{"title":"Tour d'Espagne 2020 : le classement de la 12\u00e8me \u00e9tape","description":"TOUR D'ESPAGNE 2020 - Le classement de la 12\u00e8me \u00e9tape de la Vuelta, qui s'est disput\u00e9e ce dimanche entre La Pola de Llaviana et l\u2019Angliru.","robots":{"index":"index","follow":"follow","max-snippet":"max-snippet:-1","max-image-preview":"max-image-preview:large","max-video-preview":"max-video-preview:-1"},"canonical":"https:\/\/dicodusport.fr\/blog\/tour-d-espagne-2020-classement-12eme-etape\/","og_locale":"fr_FR","og_type":"article","og_title":"Tour d'Espagne 2020 : le classement de la 12\u00e8me \u00e9tape","og_description":"TOUR D'ESPAGNE 2020 - Le classement de la 12\u00e8me \u00e9tape de la Vuelta, qui s'est disput\u00e9e ce dimanche entre La Pola de Llaviana et l\u2019Angliru.","og_url":"https:\/\/dicodusport.fr\/blog\/tour-d-espagne-2020-classement-12eme-etape\/","og_site_name":"Dicodusport","article_publisher":"https:\/\/www.facebook.com\/dicodusport","article_author":"https:\/\/www.facebook.com\/florent.ostermann","article_published_time":"2020-11-01T16:12:38+00:00","article_modified_time":"2020-11-01T17:21:01+00:00","og_image":[{"width":1200,"height":670,"url":"https:\/\/dicodusport.fr\/blog\/wp-content\/uploads\/2020\/11\/Tour-dEspagne-2020-Le-classement-de-la-12\u00e8me-\u00e9tape.png","type":"image\/png"}],"author":"Flo Ostermann","twitter_card":"summary_large_image","twitter_title":"Tour d'Espagne 2020 : le classement de la 12\u00e8me \u00e9tape","twitter_creator":"@https:\/\/twitter.com\/FlOstermann","twitter_site":"@dicodusport","schema":{"@context":"https:\/\/schema.org","@graph":[{"@type":"NewsArticle","@id":"https:\/\/dicodusport.fr\/blog\/tour-d-espagne-2020-classement-12eme-etape\/#article","isPartOf":{"@id":"https:\/\/dicodusport.fr\/blog\/tour-d-espagne-2020-classement-12eme-etape\/"},"author":{"name":"Flo Ostermann","@id":"https:\/\/dicodusport.fr\/blog\/#\/schema\/person\/cb02af4c173ce4a653b55e9baf388d4a"},"headline":"Tour d&rsquo;Espagne 2020 : le classement de la 12\u00e8me \u00e9tape","datePublished":"2020-11-01T16:12:38+00:00","dateModified":"2020-11-01T17:21:01+00:00","mainEntityOfPage":{"@id":"https:\/\/dicodusport.fr\/blog\/tour-d-espagne-2020-classement-12eme-etape\/"},"wordCount":329,"commentCount":0,"publisher":{"@id":"https:\/\/dicodusport.fr\/blog\/#organization"},"image":{"@id":"https:\/\/dicodusport.fr\/blog\/tour-d-espagne-2020-classement-12eme-etape\/#primaryimage"},"thumbnailUrl":"https:\/\/dicodusport.fr\/blog\/wp-content\/uploads\/2020\/11\/Tour-dEspagne-2020-Le-classement-de-la-12\u00e8me-\u00e9tape.png","keywords":["Tour d'Espagne","Vuelta"],"articleSection":["Tour d'Espagne"],"inLanguage":"fr-FR","potentialAction":[{"@type":"CommentAction","name":"Comment","target":["https:\/\/dicodusport.fr\/blog\/tour-d-espagne-2020-classement-12eme-etape\/#respond"]}],"copyrightYear":"2020","copyrightHolder":{"@id":"https:\/\/dicodusport.fr\/blog\/#organization"}},{"@type":"WebPage","@id":"https:\/\/dicodusport.fr\/blog\/tour-d-espagne-2020-classement-12eme-etape\/","url":"https:\/\/dicodusport.fr\/blog\/tour-d-espagne-2020-classement-12eme-etape\/","name":"Tour d'Espagne 2020 : le classement de la 12\u00e8me \u00e9tape","isPartOf":{"@id":"https:\/\/dicodusport.fr\/blog\/#website"},"primaryImageOfPage":{"@id":"https:\/\/dicodusport.fr\/blog\/tour-d-espagne-2020-classement-12eme-etape\/#primaryimage"},"image":{"@id":"https:\/\/dicodusport.fr\/blog\/tour-d-espagne-2020-classement-12eme-etape\/#primaryimage"},"thumbnailUrl":"https:\/\/dicodusport.fr\/blog\/wp-content\/uploads\/2020\/11\/Tour-dEspagne-2020-Le-classement-de-la-12\u00e8me-\u00e9tape.png","datePublished":"2020-11-01T16:12:38+00:00","dateModified":"2020-11-01T17:21:01+00:00","description":"TOUR D'ESPAGNE 2020 - Le classement de la 12\u00e8me \u00e9tape de la Vuelta, qui s'est disput\u00e9e ce dimanche entre La Pola de Llaviana et l\u2019Angliru.","breadcrumb":{"@id":"https:\/\/dicodusport.fr\/blog\/tour-d-espagne-2020-classement-12eme-etape\/#breadcrumb"},"inLanguage":"fr-FR","potentialAction":[{"@type":"ReadAction","target":["https:\/\/dicodusport.fr\/blog\/tour-d-espagne-2020-classement-12eme-etape\/"]}]},{"@type":"ImageObject","inLanguage":"fr-FR","@id":"https:\/\/dicodusport.fr\/blog\/tour-d-espagne-2020-classement-12eme-etape\/#primaryimage","url":"https:\/\/dicodusport.fr\/blog\/wp-content\/uploads\/2020\/11\/Tour-dEspagne-2020-Le-classement-de-la-12\u00e8me-\u00e9tape.png","contentUrl":"https:\/\/dicodusport.fr\/blog\/wp-content\/uploads\/2020\/11\/Tour-dEspagne-2020-Le-classement-de-la-12\u00e8me-\u00e9tape.png","width":1200,"height":670,"caption":"Tour d'Espagne 2020 - Le classement de la 12\u00e8me \u00e9tape"},{"@type":"BreadcrumbList","@id":"https:\/\/dicodusport.fr\/blog\/tour-d-espagne-2020-classement-12eme-etape\/#breadcrumb","itemListElement":[{"@type":"ListItem","position":1,"name":"Accueil","item":"https:\/\/dicodusport.fr\/blog\/"},{"@type":"ListItem","position":2,"name":"Tour d&rsquo;Espagne 2020 : le classement de la 12\u00e8me \u00e9tape"}]},{"@type":"WebSite","@id":"https:\/\/dicodusport.fr\/blog\/#website","url":"https:\/\/dicodusport.fr\/blog\/","name":"Dicodusport","description":"L&#039;encyclop\u00e9die de l&#039;actualit\u00e9 sportive","publisher":{"@id":"https:\/\/dicodusport.fr\/blog\/#organization"},"potentialAction":[{"@type":"SearchAction","target":{"@type":"EntryPoint","urlTemplate":"https:\/\/dicodusport.fr\/blog\/?s={search_term_string}"},"query-input":{"@type":"PropertyValueSpecification","valueRequired":true,"valueName":"search_term_string"}}],"inLanguage":"fr-FR"},{"@type":"NewsMediaOrganization","@id":"https:\/\/dicodusport.fr\/blog\/#organization","name":"Dicodusport","url":"https:\/\/dicodusport.fr\/blog\/","logo":{"@type":"ImageObject","inLanguage":"fr-FR","@id":"https:\/\/dicodusport.fr\/blog\/#\/schema\/logo\/image\/","url":"https:\/\/dicodusport.fr\/blog\/wp-content\/uploads\/2020\/06\/cropped-LOGO-DICODUSPORT-2020-SANS-FOND-SANS-TEXTE.png","contentUrl":"https:\/\/dicodusport.fr\/blog\/wp-content\/uploads\/2020\/06\/cropped-LOGO-DICODUSPORT-2020-SANS-FOND-SANS-TEXTE.png","width":512,"height":512,"caption":"Dicodusport"},"image":{"@id":"https:\/\/dicodusport.fr\/blog\/#\/schema\/logo\/image\/"},"sameAs":["https:\/\/www.facebook.com\/dicodusport","https:\/\/x.com\/dicodusport","https:\/\/www.instagram.com\/dicodusport\/","https:\/\/www.youtube.com\/channel\/UC7V2KZ5sd3htJivAbA4ZG3w"],"description":"Dicodusport est l'encyclop\u00e9die de l'actualit\u00e9 sportive.","email":"bonjour@dicodusport.fr","legalName":"DICODUSPORT","foundingDate":"2018-01-14","vatID":"FR71834470973","taxID":"83447097300043","numberOfEmployees":{"@type":"QuantitativeValue","minValue":"1","maxValue":"10"}},{"@type":"Person","@id":"https:\/\/dicodusport.fr\/blog\/#\/schema\/person\/cb02af4c173ce4a653b55e9baf388d4a","name":"Flo Ostermann","image":{"@type":"ImageObject","inLanguage":"fr-FR","@id":"https:\/\/dicodusport.fr\/blog\/#\/schema\/person\/image\/","url":"https:\/\/dicodusport.fr\/blog\/wp-content\/uploads\/2021\/05\/Flo-Ostermann-150x150.jpg","contentUrl":"https:\/\/dicodusport.fr\/blog\/wp-content\/uploads\/2021\/05\/Flo-Ostermann-150x150.jpg","caption":"Flo Ostermann"},"description":"Journaliste\/R\u00e9dacteur depuis septembre 2015 - Mes premiers souvenirs dans le sport ? Les envol\u00e9es du Stade Toulousain et les duels Villeneuve-Schumacher et H\u00e4kkinen-Schumacher \u00e0 la fin des ann\u00e9es 90, la Coupe du monde de football en 1998, l\u2019exploit du XV de France face aux All Blacks en 1999, mais aussi Richard C\u0153ur de Lion qui vole sur les montagnes du Tour de France. Bien parti pour devenir professeur d\u2019EPS, les \u00e9v\u00e9nements de la vie (et la flemme d\u2019animer des s\u00e9ances de 3x500 m\u00e8tres toute ma vie) m\u2019ont conduit \u00e0 revoir mes plans. Me voil\u00e0 depuis fin 2017 sur Dicodusport, m\u00e9dia gr\u00e2ce (et pour) lequel je partage ma passion : le sport dans tous ses \u00e9tats. Le tout accompagn\u00e9 par les fous furieux et folles furieuses cit\u00e9s sur cette page !","sameAs":["https:\/\/www.facebook.com\/florent.ostermann","https:\/\/x.com\/https:\/\/twitter.com\/FlOstermann","admin"],"url":"https:\/\/dicodusport.fr\/blog\/author\/flo\/"}]}},"_links":{"self":[{"href":"https:\/\/dicodusport.fr\/blog\/wp-json\/wp\/v2\/posts\/85821","targetHints":{"allow":["GET"]}}],"collection":[{"href":"https:\/\/dicodusport.fr\/blog\/wp-json\/wp\/v2\/posts"}],"about":[{"href":"https:\/\/dicodusport.fr\/blog\/wp-json\/wp\/v2\/types\/post"}],"author":[{"embeddable":true,"href":"https:\/\/dicodusport.fr\/blog\/wp-json\/wp\/v2\/users\/4"}],"replies":[{"embeddable":true,"href":"https:\/\/dicodusport.fr\/blog\/wp-json\/wp\/v2\/comments?post=85821"}],"version-history":[{"count":0,"href":"https:\/\/dicodusport.fr\/blog\/wp-json\/wp\/v2\/posts\/85821\/revisions"}],"wp:featuredmedia":[{"embeddable":true,"href":"https:\/\/dicodusport.fr\/blog\/wp-json\/wp\/v2\/media\/85825"}],"wp:attachment":[{"href":"https:\/\/dicodusport.fr\/blog\/wp-json\/wp\/v2\/media?parent=85821"}],"wp:term":[{"taxonomy":"category","embeddable":true,"href":"https:\/\/dicodusport.fr\/blog\/wp-json\/wp\/v2\/categories?post=85821"},{"taxonomy":"post_tag","embeddable":true,"href":"https:\/\/dicodusport.fr\/blog\/wp-json\/wp\/v2\/tags?post=85821"}],"curies":[{"name":"wp","href":"https:\/\/api.w.org\/{rel}","templated":true}]}}