{"id":85926,"date":"2020-11-01T20:36:56","date_gmt":"2020-11-01T19:36:56","guid":{"rendered":"https:\/\/dicodusport.fr\/blog\/?p=85926&#038;preview=true&#038;preview_id=85926"},"modified":"2020-11-01T21:30:53","modified_gmt":"2020-11-01T20:30:53","slug":"tour-de-france-2021-parcours-devoile-classique-et-deux-chronos","status":"publish","type":"post","link":"https:\/\/dicodusport.fr\/blog\/tour-de-france-2021-parcours-devoile-classique-et-deux-chronos\/","title":{"rendered":"Tour de France 2021 : le parcours d\u00e9voil\u00e9, avec du classique et deux chronos"},"content":{"rendered":"<p style=\"text-align: justify;\"><strong><em><a href=\"https:\/\/dicodusport.fr\/blog\/actualites\/cyclisme\/tour-de-france-2021\/\" target=\"_blank\" rel=\"noopener noreferrer\">TOUR DE FRANCE 2021<\/a> &#8211; Ce dimanche, Christian Prudhomme, le directeur de la Grande Boucle, a d\u00e9voil\u00e9 le parcours et la carte du Tour 2021, qui se d\u00e9roulera du 26 juin au 18 juillet 2021.\u00a0<\/em><\/strong><\/p>\n<p style=\"text-align: justify;\">Le <strong>Tour 2021<\/strong> a \u00e9t\u00e9 d\u00e9voil\u00e9 ! Conforme en tr\u00e8s grande partie <a href=\"https:\/\/dicodusport.fr\/blog\/voici-a-quoi-devrait-ressembler-tour-de-france-2021\/\" target=\"_blank\" rel=\"noopener noreferrer\">aux derni\u00e8res rumeurs<\/a>, le parcours de la 108\u00e8me \u00e9dition, long de 3 383 km, va faire la part belle \u00e0 la Bretagne, avec quatre \u00e9tapes pour tous les go\u00fbts, dont la 1\u00e8re qui relie Brest \u00e0 Landerneau, et <strong>un final pour puncheurs<\/strong>. La 5\u00e8me \u00e9tape offrira <strong>un chrono de 27 km entre Chang\u00e9 et Laval<\/strong>, une premi\u00e8re depuis 2018 apr\u00e8s 5 jours de course. <strong>Avant les Alpes et notamment des arriv\u00e9es au Grand-Bornand et Tignes ainsi que la double ascension du Ventoux sur la 11\u00e8me \u00e9tape<\/strong>, la 7\u00e8me \u00e9tape du Tour 2021, longue de 248 km, traversera le Morvan entre Vierzon et Le Creusot, avec le Signal d&rsquo;Uchon en prime (2km \u00e0 10%).<\/p>\n<h2>Les Pyr\u00e9n\u00e9es \u00e0 la f\u00eate<\/h2>\n<p style=\"text-align: justify;\">Apr\u00e8s la travers\u00e9e du Sud de la France d&rsquo;est en ouest, le peloton ralliera les Pyr\u00e9n\u00e9es, avec pas moins de quatre \u00e9tapes, dont <strong>des arriv\u00e9es au sommet au Col du Portet et \u00e0 Luz-Ardiden<\/strong>. La Grande Boucle 2021 pourrait se jouer sur un chrono de 31 km entre Libourne et Saint-\u00c9milion, dans les vignes de l&rsquo;est-bordelais. Avant le traditionnel d\u00e9fil\u00e9 sur les Champs-\u00c9lys\u00e9es, le 18 juillet 2021.<\/p>\n<blockquote class=\"twitter-tweet\">\n<p dir=\"ltr\" lang=\"en\">&#x1f929; Here is the official <a href=\"https:\/\/twitter.com\/hashtag\/TDF2021?src=hash&amp;ref_src=twsrc%5Etfw\">#TDF2021<\/a> route!<\/p>\n<p>&#x1f929; Voici le parcours officiel du <a href=\"https:\/\/twitter.com\/hashtag\/TDF2021?src=hash&amp;ref_src=twsrc%5Etfw\">#TDF2021<\/a> ! <a href=\"https:\/\/t.co\/MEoDFc2ph2\">pic.twitter.com\/MEoDFc2ph2<\/a><\/p>\n<p>\u2014 Tour de France&#x2122; (@LeTour) <a href=\"https:\/\/twitter.com\/LeTour\/status\/1322985724761853955?ref_src=twsrc%5Etfw\">November 1, 2020<\/a><\/p><\/blockquote>\n<p><script async src=\"https:\/\/platform.twitter.com\/widgets.js\" charset=\"utf-8\"><\/script><\/p>\n<h2>\u00c0 lire aussi<\/h2>\n<ul>\n<li style=\"text-align: justify;\"><a href=\"https:\/\/www.lequipe.fr\/Cyclisme-sur-route\/Actualites\/Le-parcours-du-tour-de-france-2021-etape-par-etape-dates-villes-et-profils-de-la-108e-edition-du-26-juin-au-18-juillet-2021\/1190115\" target=\"_blank\" rel=\"noopener noreferrer\"><strong>Tour de France 2021 : ce qu&rsquo;il faut retenir du parcours<\/strong><\/a><\/li>\n<\/ul>\n<p><strong><em>Dicodusport<br \/>\n<a href=\"https:\/\/www.facebook.com\/dicodusport\/\" target=\"_blank\" rel=\"noopener noreferrer\"><img loading=\"lazy\" decoding=\"async\" class=\"alignnone wp-image-2909\" src=\"http:\/\/dicodusport.fr\/blog\/wp-content\/uploads\/2017\/07\/logo-facebook-150x150.png\" alt=\"\" width=\"40\" height=\"40\" \/><\/a><a href=\"https:\/\/twitter.com\/dicodusport\" target=\"_blank\" rel=\"noopener noreferrer\"><img loading=\"lazy\" decoding=\"async\" class=\"alignnone wp-image-2908\" src=\"http:\/\/dicodusport.fr\/blog\/wp-content\/uploads\/2017\/07\/logo-twitter-150x150.png\" alt=\"\" width=\"39\" height=\"39\" \/><\/a><\/em><\/strong><\/p>\n","protected":false},"excerpt":{"rendered":"<p>TOUR DE FRANCE 2021 &#8211; Ce dimanche, Christian Prudhomme a d\u00e9voil\u00e9 le parcours et la carte du Tour 2021, qui se d\u00e9roulera du 26 juin au 18 juillet 2021.\u00a0<\/p>\n","protected":false},"author":4,"featured_media":85936,"comment_status":"open","ping_status":"closed","sticky":false,"template":"","format":"standard","meta":{"_acf_changed":false,"_daextam_enable_autolinks":"","footnotes":""},"categories":[46995],"tags":[24,1262],"class_list":["post-85926","post","type-post","status-publish","format-standard","has-post-thumbnail","hentry","category-tour-de-france","tag-sport","tag-tour-de-france"],"acf":[],"yoast_head":"<!-- This site is optimized with the Yoast SEO Premium plugin v26.7 (Yoast SEO v26.7) - https:\/\/yoast.com\/wordpress\/plugins\/seo\/ -->\n<title>Tour de France 2021 : le parcours d\u00e9voil\u00e9, avec du classique et deux chronos<\/title>\n<meta name=\"description\" content=\"TOUR DE FRANCE 2021 - Christian Prudhomme a d\u00e9voil\u00e9 le parcours et la carte du Tour 2021, qui se d\u00e9roulera du 26 juin au 18 juillet 2021.\u00a0\" \/>\n<meta name=\"robots\" content=\"index, follow, max-snippet:-1, max-image-preview:large, max-video-preview:-1\" \/>\n<link rel=\"canonical\" href=\"https:\/\/dicodusport.fr\/blog\/tour-de-france-2021-parcours-devoile-classique-et-deux-chronos\/\" \/>\n<meta property=\"og:locale\" content=\"fr_FR\" \/>\n<meta property=\"og:type\" content=\"article\" \/>\n<meta property=\"og:title\" content=\"Tour de France 2021 : le parcours d\u00e9voil\u00e9, avec du classique et deux chronos\" \/>\n<meta property=\"og:description\" content=\"TOUR DE FRANCE 2021 - Christian Prudhomme a d\u00e9voil\u00e9 le parcours et la carte du Tour 2021, qui se d\u00e9roulera du 26 juin au 18 juillet 2021.\u00a0\" \/>\n<meta property=\"og:url\" content=\"https:\/\/dicodusport.fr\/blog\/tour-de-france-2021-parcours-devoile-classique-et-deux-chronos\/\" \/>\n<meta property=\"og:site_name\" content=\"Dicodusport\" \/>\n<meta property=\"article:publisher\" content=\"https:\/\/www.facebook.com\/dicodusport\" \/>\n<meta property=\"article:author\" content=\"https:\/\/www.facebook.com\/florent.ostermann\" \/>\n<meta property=\"article:published_time\" content=\"2020-11-01T19:36:56+00:00\" \/>\n<meta property=\"article:modified_time\" content=\"2020-11-01T20:30:53+00:00\" \/>\n<meta property=\"og:image\" content=\"https:\/\/dicodusport.fr\/blog\/wp-content\/uploads\/2020\/11\/Tour-de-France-2021-Le-parcours-d\u00e9voil\u00e9.png\" \/>\n\t<meta property=\"og:image:width\" content=\"800\" \/>\n\t<meta property=\"og:image:height\" content=\"445\" \/>\n\t<meta property=\"og:image:type\" content=\"image\/png\" \/>\n<meta name=\"author\" content=\"Flo Ostermann\" \/>\n<meta name=\"twitter:card\" content=\"summary_large_image\" \/>\n<meta name=\"twitter:title\" content=\"Tour de France 2021 : le parcours d\u00e9voil\u00e9, avec du classique et deux chronos\" \/>\n<meta name=\"twitter:creator\" content=\"@https:\/\/twitter.com\/FlOstermann\" \/>\n<meta name=\"twitter:site\" content=\"@dicodusport\" \/>\n<script type=\"application\/ld+json\" class=\"yoast-schema-graph\">{\"@context\":\"https:\/\/schema.org\",\"@graph\":[{\"@type\":\"NewsArticle\",\"@id\":\"https:\/\/dicodusport.fr\/blog\/tour-de-france-2021-parcours-devoile-classique-et-deux-chronos\/#article\",\"isPartOf\":{\"@id\":\"https:\/\/dicodusport.fr\/blog\/tour-de-france-2021-parcours-devoile-classique-et-deux-chronos\/\"},\"author\":{\"name\":\"Flo Ostermann\",\"@id\":\"https:\/\/dicodusport.fr\/blog\/#\/schema\/person\/cb02af4c173ce4a653b55e9baf388d4a\"},\"headline\":\"Tour de France 2021 : le parcours d\u00e9voil\u00e9, avec du classique et deux chronos\",\"datePublished\":\"2020-11-01T19:36:56+00:00\",\"dateModified\":\"2020-11-01T20:30:53+00:00\",\"mainEntityOfPage\":{\"@id\":\"https:\/\/dicodusport.fr\/blog\/tour-de-france-2021-parcours-devoile-classique-et-deux-chronos\/\"},\"wordCount\":285,\"commentCount\":0,\"publisher\":{\"@id\":\"https:\/\/dicodusport.fr\/blog\/#organization\"},\"image\":{\"@id\":\"https:\/\/dicodusport.fr\/blog\/tour-de-france-2021-parcours-devoile-classique-et-deux-chronos\/#primaryimage\"},\"thumbnailUrl\":\"https:\/\/dicodusport.fr\/blog\/wp-content\/uploads\/2020\/11\/Tour-de-France-2021-Le-parcours-d\u00e9voil\u00e9.png\",\"keywords\":[\"sport\",\"Tour de France\"],\"articleSection\":[\"Tour de France\"],\"inLanguage\":\"fr-FR\",\"potentialAction\":[{\"@type\":\"CommentAction\",\"name\":\"Comment\",\"target\":[\"https:\/\/dicodusport.fr\/blog\/tour-de-france-2021-parcours-devoile-classique-et-deux-chronos\/#respond\"]}],\"copyrightYear\":\"2020\",\"copyrightHolder\":{\"@id\":\"https:\/\/dicodusport.fr\/blog\/#organization\"}},{\"@type\":\"WebPage\",\"@id\":\"https:\/\/dicodusport.fr\/blog\/tour-de-france-2021-parcours-devoile-classique-et-deux-chronos\/\",\"url\":\"https:\/\/dicodusport.fr\/blog\/tour-de-france-2021-parcours-devoile-classique-et-deux-chronos\/\",\"name\":\"Tour de France 2021 : le parcours d\u00e9voil\u00e9, avec du classique et deux chronos\",\"isPartOf\":{\"@id\":\"https:\/\/dicodusport.fr\/blog\/#website\"},\"primaryImageOfPage\":{\"@id\":\"https:\/\/dicodusport.fr\/blog\/tour-de-france-2021-parcours-devoile-classique-et-deux-chronos\/#primaryimage\"},\"image\":{\"@id\":\"https:\/\/dicodusport.fr\/blog\/tour-de-france-2021-parcours-devoile-classique-et-deux-chronos\/#primaryimage\"},\"thumbnailUrl\":\"https:\/\/dicodusport.fr\/blog\/wp-content\/uploads\/2020\/11\/Tour-de-France-2021-Le-parcours-d\u00e9voil\u00e9.png\",\"datePublished\":\"2020-11-01T19:36:56+00:00\",\"dateModified\":\"2020-11-01T20:30:53+00:00\",\"description\":\"TOUR DE FRANCE 2021 - Christian Prudhomme a d\u00e9voil\u00e9 le parcours et la carte du Tour 2021, qui se d\u00e9roulera du 26 juin au 18 juillet 2021.\u00a0\",\"breadcrumb\":{\"@id\":\"https:\/\/dicodusport.fr\/blog\/tour-de-france-2021-parcours-devoile-classique-et-deux-chronos\/#breadcrumb\"},\"inLanguage\":\"fr-FR\",\"potentialAction\":[{\"@type\":\"ReadAction\",\"target\":[\"https:\/\/dicodusport.fr\/blog\/tour-de-france-2021-parcours-devoile-classique-et-deux-chronos\/\"]}]},{\"@type\":\"ImageObject\",\"inLanguage\":\"fr-FR\",\"@id\":\"https:\/\/dicodusport.fr\/blog\/tour-de-france-2021-parcours-devoile-classique-et-deux-chronos\/#primaryimage\",\"url\":\"https:\/\/dicodusport.fr\/blog\/wp-content\/uploads\/2020\/11\/Tour-de-France-2021-Le-parcours-d\u00e9voil\u00e9.png\",\"contentUrl\":\"https:\/\/dicodusport.fr\/blog\/wp-content\/uploads\/2020\/11\/Tour-de-France-2021-Le-parcours-d\u00e9voil\u00e9.png\",\"width\":800,\"height\":445,\"caption\":\"Tour de France 2021 : le parcours d\u00e9voil\u00e9\"},{\"@type\":\"BreadcrumbList\",\"@id\":\"https:\/\/dicodusport.fr\/blog\/tour-de-france-2021-parcours-devoile-classique-et-deux-chronos\/#breadcrumb\",\"itemListElement\":[{\"@type\":\"ListItem\",\"position\":1,\"name\":\"Accueil\",\"item\":\"https:\/\/dicodusport.fr\/blog\/\"},{\"@type\":\"ListItem\",\"position\":2,\"name\":\"Tour de France 2021 : le parcours d\u00e9voil\u00e9, avec du classique et deux chronos\"}]},{\"@type\":\"WebSite\",\"@id\":\"https:\/\/dicodusport.fr\/blog\/#website\",\"url\":\"https:\/\/dicodusport.fr\/blog\/\",\"name\":\"Dicodusport\",\"description\":\"L&#039;encyclop\u00e9die de l&#039;actualit\u00e9 sportive\",\"publisher\":{\"@id\":\"https:\/\/dicodusport.fr\/blog\/#organization\"},\"potentialAction\":[{\"@type\":\"SearchAction\",\"target\":{\"@type\":\"EntryPoint\",\"urlTemplate\":\"https:\/\/dicodusport.fr\/blog\/?s={search_term_string}\"},\"query-input\":{\"@type\":\"PropertyValueSpecification\",\"valueRequired\":true,\"valueName\":\"search_term_string\"}}],\"inLanguage\":\"fr-FR\"},{\"@type\":\"NewsMediaOrganization\",\"@id\":\"https:\/\/dicodusport.fr\/blog\/#organization\",\"name\":\"Dicodusport\",\"url\":\"https:\/\/dicodusport.fr\/blog\/\",\"logo\":{\"@type\":\"ImageObject\",\"inLanguage\":\"fr-FR\",\"@id\":\"https:\/\/dicodusport.fr\/blog\/#\/schema\/logo\/image\/\",\"url\":\"https:\/\/dicodusport.fr\/blog\/wp-content\/uploads\/2020\/06\/cropped-LOGO-DICODUSPORT-2020-SANS-FOND-SANS-TEXTE.png\",\"contentUrl\":\"https:\/\/dicodusport.fr\/blog\/wp-content\/uploads\/2020\/06\/cropped-LOGO-DICODUSPORT-2020-SANS-FOND-SANS-TEXTE.png\",\"width\":512,\"height\":512,\"caption\":\"Dicodusport\"},\"image\":{\"@id\":\"https:\/\/dicodusport.fr\/blog\/#\/schema\/logo\/image\/\"},\"sameAs\":[\"https:\/\/www.facebook.com\/dicodusport\",\"https:\/\/x.com\/dicodusport\",\"https:\/\/www.instagram.com\/dicodusport\/\",\"https:\/\/www.youtube.com\/channel\/UC7V2KZ5sd3htJivAbA4ZG3w\"],\"description\":\"Dicodusport est l'encyclop\u00e9die de l'actualit\u00e9 sportive.\",\"email\":\"bonjour@dicodusport.fr\",\"legalName\":\"DICODUSPORT\",\"foundingDate\":\"2018-01-14\",\"vatID\":\"FR71834470973\",\"taxID\":\"83447097300043\",\"numberOfEmployees\":{\"@type\":\"QuantitativeValue\",\"minValue\":\"1\",\"maxValue\":\"10\"}},{\"@type\":\"Person\",\"@id\":\"https:\/\/dicodusport.fr\/blog\/#\/schema\/person\/cb02af4c173ce4a653b55e9baf388d4a\",\"name\":\"Flo Ostermann\",\"image\":{\"@type\":\"ImageObject\",\"inLanguage\":\"fr-FR\",\"@id\":\"https:\/\/dicodusport.fr\/blog\/#\/schema\/person\/image\/\",\"url\":\"https:\/\/dicodusport.fr\/blog\/wp-content\/uploads\/2021\/05\/Flo-Ostermann-150x150.jpg\",\"contentUrl\":\"https:\/\/dicodusport.fr\/blog\/wp-content\/uploads\/2021\/05\/Flo-Ostermann-150x150.jpg\",\"caption\":\"Flo Ostermann\"},\"description\":\"Journaliste\/R\u00e9dacteur depuis septembre 2015 - Mes premiers souvenirs dans le sport ? Les envol\u00e9es du Stade Toulousain et les duels Villeneuve-Schumacher et H\u00e4kkinen-Schumacher \u00e0 la fin des ann\u00e9es 90, la Coupe du monde de football en 1998, l\u2019exploit du XV de France face aux All Blacks en 1999, mais aussi Richard C\u0153ur de Lion qui vole sur les montagnes du Tour de France. Bien parti pour devenir professeur d\u2019EPS, les \u00e9v\u00e9nements de la vie (et la flemme d\u2019animer des s\u00e9ances de 3x500 m\u00e8tres toute ma vie) m\u2019ont conduit \u00e0 revoir mes plans. Me voil\u00e0 depuis fin 2017 sur Dicodusport, m\u00e9dia gr\u00e2ce (et pour) lequel je partage ma passion : le sport dans tous ses \u00e9tats. Le tout accompagn\u00e9 par les fous furieux et folles furieuses cit\u00e9s sur cette page !\",\"sameAs\":[\"https:\/\/www.facebook.com\/florent.ostermann\",\"https:\/\/x.com\/https:\/\/twitter.com\/FlOstermann\",\"admin\"],\"url\":\"https:\/\/dicodusport.fr\/blog\/author\/flo\/\"}]}<\/script>\n<!-- \/ Yoast SEO Premium plugin. -->","yoast_head_json":{"title":"Tour de France 2021 : le parcours d\u00e9voil\u00e9, avec du classique et deux chronos","description":"TOUR DE FRANCE 2021 - Christian Prudhomme a d\u00e9voil\u00e9 le parcours et la carte du Tour 2021, qui se d\u00e9roulera du 26 juin au 18 juillet 2021.\u00a0","robots":{"index":"index","follow":"follow","max-snippet":"max-snippet:-1","max-image-preview":"max-image-preview:large","max-video-preview":"max-video-preview:-1"},"canonical":"https:\/\/dicodusport.fr\/blog\/tour-de-france-2021-parcours-devoile-classique-et-deux-chronos\/","og_locale":"fr_FR","og_type":"article","og_title":"Tour de France 2021 : le parcours d\u00e9voil\u00e9, avec du classique et deux chronos","og_description":"TOUR DE FRANCE 2021 - Christian Prudhomme a d\u00e9voil\u00e9 le parcours et la carte du Tour 2021, qui se d\u00e9roulera du 26 juin au 18 juillet 2021.\u00a0","og_url":"https:\/\/dicodusport.fr\/blog\/tour-de-france-2021-parcours-devoile-classique-et-deux-chronos\/","og_site_name":"Dicodusport","article_publisher":"https:\/\/www.facebook.com\/dicodusport","article_author":"https:\/\/www.facebook.com\/florent.ostermann","article_published_time":"2020-11-01T19:36:56+00:00","article_modified_time":"2020-11-01T20:30:53+00:00","og_image":[{"width":800,"height":445,"url":"https:\/\/dicodusport.fr\/blog\/wp-content\/uploads\/2020\/11\/Tour-de-France-2021-Le-parcours-d\u00e9voil\u00e9.png","type":"image\/png"}],"author":"Flo Ostermann","twitter_card":"summary_large_image","twitter_title":"Tour de France 2021 : le parcours d\u00e9voil\u00e9, avec du classique et deux chronos","twitter_creator":"@https:\/\/twitter.com\/FlOstermann","twitter_site":"@dicodusport","schema":{"@context":"https:\/\/schema.org","@graph":[{"@type":"NewsArticle","@id":"https:\/\/dicodusport.fr\/blog\/tour-de-france-2021-parcours-devoile-classique-et-deux-chronos\/#article","isPartOf":{"@id":"https:\/\/dicodusport.fr\/blog\/tour-de-france-2021-parcours-devoile-classique-et-deux-chronos\/"},"author":{"name":"Flo Ostermann","@id":"https:\/\/dicodusport.fr\/blog\/#\/schema\/person\/cb02af4c173ce4a653b55e9baf388d4a"},"headline":"Tour de France 2021 : le parcours d\u00e9voil\u00e9, avec du classique et deux chronos","datePublished":"2020-11-01T19:36:56+00:00","dateModified":"2020-11-01T20:30:53+00:00","mainEntityOfPage":{"@id":"https:\/\/dicodusport.fr\/blog\/tour-de-france-2021-parcours-devoile-classique-et-deux-chronos\/"},"wordCount":285,"commentCount":0,"publisher":{"@id":"https:\/\/dicodusport.fr\/blog\/#organization"},"image":{"@id":"https:\/\/dicodusport.fr\/blog\/tour-de-france-2021-parcours-devoile-classique-et-deux-chronos\/#primaryimage"},"thumbnailUrl":"https:\/\/dicodusport.fr\/blog\/wp-content\/uploads\/2020\/11\/Tour-de-France-2021-Le-parcours-d\u00e9voil\u00e9.png","keywords":["sport","Tour de France"],"articleSection":["Tour de France"],"inLanguage":"fr-FR","potentialAction":[{"@type":"CommentAction","name":"Comment","target":["https:\/\/dicodusport.fr\/blog\/tour-de-france-2021-parcours-devoile-classique-et-deux-chronos\/#respond"]}],"copyrightYear":"2020","copyrightHolder":{"@id":"https:\/\/dicodusport.fr\/blog\/#organization"}},{"@type":"WebPage","@id":"https:\/\/dicodusport.fr\/blog\/tour-de-france-2021-parcours-devoile-classique-et-deux-chronos\/","url":"https:\/\/dicodusport.fr\/blog\/tour-de-france-2021-parcours-devoile-classique-et-deux-chronos\/","name":"Tour de France 2021 : le parcours d\u00e9voil\u00e9, avec du classique et deux chronos","isPartOf":{"@id":"https:\/\/dicodusport.fr\/blog\/#website"},"primaryImageOfPage":{"@id":"https:\/\/dicodusport.fr\/blog\/tour-de-france-2021-parcours-devoile-classique-et-deux-chronos\/#primaryimage"},"image":{"@id":"https:\/\/dicodusport.fr\/blog\/tour-de-france-2021-parcours-devoile-classique-et-deux-chronos\/#primaryimage"},"thumbnailUrl":"https:\/\/dicodusport.fr\/blog\/wp-content\/uploads\/2020\/11\/Tour-de-France-2021-Le-parcours-d\u00e9voil\u00e9.png","datePublished":"2020-11-01T19:36:56+00:00","dateModified":"2020-11-01T20:30:53+00:00","description":"TOUR DE FRANCE 2021 - Christian Prudhomme a d\u00e9voil\u00e9 le parcours et la carte du Tour 2021, qui se d\u00e9roulera du 26 juin au 18 juillet 2021.\u00a0","breadcrumb":{"@id":"https:\/\/dicodusport.fr\/blog\/tour-de-france-2021-parcours-devoile-classique-et-deux-chronos\/#breadcrumb"},"inLanguage":"fr-FR","potentialAction":[{"@type":"ReadAction","target":["https:\/\/dicodusport.fr\/blog\/tour-de-france-2021-parcours-devoile-classique-et-deux-chronos\/"]}]},{"@type":"ImageObject","inLanguage":"fr-FR","@id":"https:\/\/dicodusport.fr\/blog\/tour-de-france-2021-parcours-devoile-classique-et-deux-chronos\/#primaryimage","url":"https:\/\/dicodusport.fr\/blog\/wp-content\/uploads\/2020\/11\/Tour-de-France-2021-Le-parcours-d\u00e9voil\u00e9.png","contentUrl":"https:\/\/dicodusport.fr\/blog\/wp-content\/uploads\/2020\/11\/Tour-de-France-2021-Le-parcours-d\u00e9voil\u00e9.png","width":800,"height":445,"caption":"Tour de France 2021 : le parcours d\u00e9voil\u00e9"},{"@type":"BreadcrumbList","@id":"https:\/\/dicodusport.fr\/blog\/tour-de-france-2021-parcours-devoile-classique-et-deux-chronos\/#breadcrumb","itemListElement":[{"@type":"ListItem","position":1,"name":"Accueil","item":"https:\/\/dicodusport.fr\/blog\/"},{"@type":"ListItem","position":2,"name":"Tour de France 2021 : le parcours d\u00e9voil\u00e9, avec du classique et deux chronos"}]},{"@type":"WebSite","@id":"https:\/\/dicodusport.fr\/blog\/#website","url":"https:\/\/dicodusport.fr\/blog\/","name":"Dicodusport","description":"L&#039;encyclop\u00e9die de l&#039;actualit\u00e9 sportive","publisher":{"@id":"https:\/\/dicodusport.fr\/blog\/#organization"},"potentialAction":[{"@type":"SearchAction","target":{"@type":"EntryPoint","urlTemplate":"https:\/\/dicodusport.fr\/blog\/?s={search_term_string}"},"query-input":{"@type":"PropertyValueSpecification","valueRequired":true,"valueName":"search_term_string"}}],"inLanguage":"fr-FR"},{"@type":"NewsMediaOrganization","@id":"https:\/\/dicodusport.fr\/blog\/#organization","name":"Dicodusport","url":"https:\/\/dicodusport.fr\/blog\/","logo":{"@type":"ImageObject","inLanguage":"fr-FR","@id":"https:\/\/dicodusport.fr\/blog\/#\/schema\/logo\/image\/","url":"https:\/\/dicodusport.fr\/blog\/wp-content\/uploads\/2020\/06\/cropped-LOGO-DICODUSPORT-2020-SANS-FOND-SANS-TEXTE.png","contentUrl":"https:\/\/dicodusport.fr\/blog\/wp-content\/uploads\/2020\/06\/cropped-LOGO-DICODUSPORT-2020-SANS-FOND-SANS-TEXTE.png","width":512,"height":512,"caption":"Dicodusport"},"image":{"@id":"https:\/\/dicodusport.fr\/blog\/#\/schema\/logo\/image\/"},"sameAs":["https:\/\/www.facebook.com\/dicodusport","https:\/\/x.com\/dicodusport","https:\/\/www.instagram.com\/dicodusport\/","https:\/\/www.youtube.com\/channel\/UC7V2KZ5sd3htJivAbA4ZG3w"],"description":"Dicodusport est l'encyclop\u00e9die de l'actualit\u00e9 sportive.","email":"bonjour@dicodusport.fr","legalName":"DICODUSPORT","foundingDate":"2018-01-14","vatID":"FR71834470973","taxID":"83447097300043","numberOfEmployees":{"@type":"QuantitativeValue","minValue":"1","maxValue":"10"}},{"@type":"Person","@id":"https:\/\/dicodusport.fr\/blog\/#\/schema\/person\/cb02af4c173ce4a653b55e9baf388d4a","name":"Flo Ostermann","image":{"@type":"ImageObject","inLanguage":"fr-FR","@id":"https:\/\/dicodusport.fr\/blog\/#\/schema\/person\/image\/","url":"https:\/\/dicodusport.fr\/blog\/wp-content\/uploads\/2021\/05\/Flo-Ostermann-150x150.jpg","contentUrl":"https:\/\/dicodusport.fr\/blog\/wp-content\/uploads\/2021\/05\/Flo-Ostermann-150x150.jpg","caption":"Flo Ostermann"},"description":"Journaliste\/R\u00e9dacteur depuis septembre 2015 - Mes premiers souvenirs dans le sport ? Les envol\u00e9es du Stade Toulousain et les duels Villeneuve-Schumacher et H\u00e4kkinen-Schumacher \u00e0 la fin des ann\u00e9es 90, la Coupe du monde de football en 1998, l\u2019exploit du XV de France face aux All Blacks en 1999, mais aussi Richard C\u0153ur de Lion qui vole sur les montagnes du Tour de France. Bien parti pour devenir professeur d\u2019EPS, les \u00e9v\u00e9nements de la vie (et la flemme d\u2019animer des s\u00e9ances de 3x500 m\u00e8tres toute ma vie) m\u2019ont conduit \u00e0 revoir mes plans. Me voil\u00e0 depuis fin 2017 sur Dicodusport, m\u00e9dia gr\u00e2ce (et pour) lequel je partage ma passion : le sport dans tous ses \u00e9tats. Le tout accompagn\u00e9 par les fous furieux et folles furieuses cit\u00e9s sur cette page !","sameAs":["https:\/\/www.facebook.com\/florent.ostermann","https:\/\/x.com\/https:\/\/twitter.com\/FlOstermann","admin"],"url":"https:\/\/dicodusport.fr\/blog\/author\/flo\/"}]}},"_links":{"self":[{"href":"https:\/\/dicodusport.fr\/blog\/wp-json\/wp\/v2\/posts\/85926","targetHints":{"allow":["GET"]}}],"collection":[{"href":"https:\/\/dicodusport.fr\/blog\/wp-json\/wp\/v2\/posts"}],"about":[{"href":"https:\/\/dicodusport.fr\/blog\/wp-json\/wp\/v2\/types\/post"}],"author":[{"embeddable":true,"href":"https:\/\/dicodusport.fr\/blog\/wp-json\/wp\/v2\/users\/4"}],"replies":[{"embeddable":true,"href":"https:\/\/dicodusport.fr\/blog\/wp-json\/wp\/v2\/comments?post=85926"}],"version-history":[{"count":0,"href":"https:\/\/dicodusport.fr\/blog\/wp-json\/wp\/v2\/posts\/85926\/revisions"}],"wp:featuredmedia":[{"embeddable":true,"href":"https:\/\/dicodusport.fr\/blog\/wp-json\/wp\/v2\/media\/85936"}],"wp:attachment":[{"href":"https:\/\/dicodusport.fr\/blog\/wp-json\/wp\/v2\/media?parent=85926"}],"wp:term":[{"taxonomy":"category","embeddable":true,"href":"https:\/\/dicodusport.fr\/blog\/wp-json\/wp\/v2\/categories?post=85926"},{"taxonomy":"post_tag","embeddable":true,"href":"https:\/\/dicodusport.fr\/blog\/wp-json\/wp\/v2\/tags?post=85926"}],"curies":[{"name":"wp","href":"https:\/\/api.w.org\/{rel}","templated":true}]}}