{"id":86108,"date":"2020-11-03T09:26:13","date_gmt":"2020-11-03T08:26:13","guid":{"rendered":"https:\/\/dicodusport.fr\/blog\/?p=86108"},"modified":"2025-09-16T09:04:42","modified_gmt":"2025-09-16T07:04:42","slug":"ligue-des-champions-derniere-chance-pour-l-om","status":"publish","type":"post","link":"https:\/\/dicodusport.fr\/blog\/ligue-des-champions-derniere-chance-pour-l-om\/","title":{"rendered":"Ligue des Champions : Derni\u00e8re chance pour l\u2019OM"},"content":{"rendered":"<p style=\"text-align: justify;\"><em><strong>LIGUE DES CHAMPIONS &#8211; Apr\u00e8s deux d\u00e9faites en autant de rencontres, l\u2019Olympique de Marseille se d\u00e9place ce soir (21h) \u00e0 Porto pour la 3<sup>\u00e8me<\/sup> journ\u00e9e de Ligue des Champions. Un match qui s\u2019annonce vital pour les Phoc\u00e9ens dans l\u2019optique de perdurer dans la comp\u00e9tition.<\/strong><\/em><\/p>\n<h2 style=\"text-align: justify;\">Faire le plein de confiance<\/h2>\n<p style=\"text-align: justify;\">C\u2019est un <b>Olympique de Marseille<\/b> peu flamboyant depuis le d\u00e9but de la saison qui aborde sa troisi\u00e8me rencontre de <b>Ligue des Champions<\/b> ce soir \u00e0 <b>Porto<\/b>. Si les r\u00e9sultats en <b>Ligue 1 Uber Eats<\/b> sont tr\u00e8s corrects (l\u2019<b>OM<\/b> est 5<sup>\u00e8me<\/sup> avec un match en moins), les Olympiens ont toujours le compteur \u00e0 z\u00e9ro dans la plus grande des comp\u00e9titions europ\u00e9ennes. La faute \u00e0 un niveau de jeu affich\u00e9 en-dessous des attentes du coach <b>Villas-Boas<\/b>, qui ne retrouve pas l\u2019allant de son \u00e9quipe qui faisait sa vertu la saison pass\u00e9e.<\/p>\n<p style=\"text-align: justify;\">Les co\u00e9quipiers de <b>Florian Thauvin<\/b> sont en recherche de certitudes, notamment apr\u00e8s la lourde d\u00e9faite (0-3) face \u00e0 <b>Manchester City<\/b>. Aussi, l\u2019<b>OM<\/b> va avoir \u00e0 c\u0153ur de proposer une animation offensive toute autre (les Phoc\u00e9ens n\u2019ont pas encore marqu\u00e9 en Ligue des Champions), ce qui lui fait grandement d\u00e9faut en ce d\u00e9but de saison.<\/p>\n<blockquote class=\"twitter-tweet\">\n<p dir=\"ltr\" lang=\"fr\">Retrouvez la conf\u00e9rence de presse de <a href=\"https:\/\/twitter.com\/dimpayet17?ref_src=twsrc%5Etfw\">@dimpayet17<\/a> &amp; \u0301 &#8211; sur <a href=\"https:\/\/t.co\/voEaaaEH8y\">https:\/\/t.co\/voEaaaEH8y<\/a> &#x26aa;&#xfe0f; <a href=\"https:\/\/twitter.com\/hashtag\/FCPOM?src=hash&amp;ref_src=twsrc%5Etfw\">#FCPOM<\/a> <a href=\"https:\/\/twitter.com\/hashtag\/UCL?src=hash&amp;ref_src=twsrc%5Etfw\">#UCL<\/a><\/p>\n<p>\u2014 Olympique de Marseille (@OM_Officiel) <a href=\"https:\/\/twitter.com\/OM_Officiel\/status\/1323344969600507908?ref_src=twsrc%5Etfw\">November 2, 2020<\/a><\/p><\/blockquote>\n<p><script async src=\"https:\/\/platform.twitter.com\/widgets.js\" charset=\"utf-8\"><\/script><\/p>\n<h2 style=\"text-align: justify;\">L\u2019OM ne doit pas avoir de regret<\/h2>\n<p style=\"text-align: justify;\">Face \u00e0 un<strong> FC\u00a0Porto<\/strong> qui n\u2019est pas au meilleur de sa forme, comme il l\u2019a prouv\u00e9 lors de sa derni\u00e8re rencontre en <b>Liga NOS<\/b> (d\u00e9faite 3-2 face \u00e0 Pa\u00e7os Ferreira), l\u2019<b>Olympique de Marseille<\/b> va devoir se l\u00e2cher pour enfin montrer les crocs en <b>Ligue des Champions<\/b>. Si, comme l\u2019a avou\u00e9 <b>Dimitri Payet<\/b> en conf\u00e9rence de presse <em>\u00ab la comp\u00e9tition est exigeante \u00bb<\/em>, il n\u2019en reste pas moins que tous les supporters attendent beaucoup plus de \u00ab combat \u00bb de leurs joueurs sur le terrain. Un suppl\u00e9ment d\u2019\u00e2me que les Olympiens sont capables d\u2019avoir comme ils l\u2019ont prouv\u00e9 \u00e0 multiples reprises la saison derni\u00e8re et m\u00eame cette saison face au <b>Paris Saint-Germain<\/b>. Face \u00e0 un habitu\u00e9 de la <b>Ligue des Champions<\/b>, difficile \u00e0 battre sur ses terres, l\u2019<b>OM<\/b> part en mission \u00ab\u00a0confiance\u00a0\u00bb mais aussi avec l\u2019objectif vital de prendre ses premiers points.<\/p>\n<ul>\n<li class=\"mvp-post-title left entry-title\" style=\"text-align: justify;\"><strong>\u00c0 lire aussi &#8211; <a href=\"https:\/\/dicodusport.fr\/blog\/football-ligue-des-champions-notre-pronostic-pour-fc-porto-marseille\/\" target=\"_blank\" rel=\"noopener noreferrer\">Ligue des Champions : notre pronostic pour FC Porto \u2013 Marseille<\/a><\/strong><\/li>\n<\/ul>\n<p><em><strong>Romain Delanis<br \/>\n<\/strong><\/em><em><strong><a href=\"https:\/\/twitter.com\/RDelanis\" target=\"_blank\" rel=\"noopener noreferrer\"><img loading=\"lazy\" decoding=\"async\" class=\"alignnone wp-image-2908\" src=\"http:\/\/dicodusport.fr\/blog\/wp-content\/uploads\/2017\/07\/logo-twitter-150x150.png\" alt=\"\" width=\"39\" height=\"39\" \/><\/a><\/strong><\/em><\/p>\n","protected":false},"excerpt":{"rendered":"<p>LIGUE DES CHAMPIONS &#8211; Apr\u00e8s deux d\u00e9faites en autant de rencontres, l\u2019Olympique de Marseille se d\u00e9place ce soir (21h) \u00e0 Porto pour la 3\u00e8me journ\u00e9e de Ligue des Champions. Un match qui s\u2019annonce vital pour les Phoc\u00e9ens dans l\u2019optique de perdurer dans la comp\u00e9tition.<\/p>\n","protected":false},"author":14,"featured_media":86134,"comment_status":"open","ping_status":"closed","sticky":false,"template":"","format":"standard","meta":{"_acf_changed":false,"_daextam_enable_autolinks":"","footnotes":""},"categories":[47250],"tags":[4542,7054,75,419,2924,1889],"class_list":["post-86108","post","type-post","status-publish","format-standard","has-post-thumbnail","hentry","category-ligue-des-champions-de-football","tag-dimitri-payet","tag-fc-porto","tag-football","tag-ligue-des-champions","tag-olympique-de-marseille","tag-om"],"acf":[],"yoast_head":"<!-- This site is optimized with the Yoast SEO Premium plugin v26.7 (Yoast SEO v26.7) - https:\/\/yoast.com\/wordpress\/plugins\/seo\/ -->\n<title>Ligue des Champions : Derni\u00e8re chance pour l\u2019OM<\/title>\n<meta name=\"description\" content=\"Apr\u00e8s deux d\u00e9faites, l\u2019Olympique de Marseille se d\u00e9place ce soir (21h) \u00e0 Porto pour la 3\u00e8me journ\u00e9e de Ligue des Champions.\" \/>\n<meta name=\"robots\" content=\"index, follow, max-snippet:-1, max-image-preview:large, max-video-preview:-1\" \/>\n<link rel=\"canonical\" href=\"https:\/\/dicodusport.fr\/blog\/ligue-des-champions-derniere-chance-pour-l-om\/\" \/>\n<meta property=\"og:locale\" content=\"fr_FR\" \/>\n<meta property=\"og:type\" content=\"article\" \/>\n<meta property=\"og:title\" content=\"Ligue des Champions : Derni\u00e8re chance pour l\u2019OM\" \/>\n<meta property=\"og:description\" content=\"Apr\u00e8s deux d\u00e9faites, l\u2019Olympique de Marseille se d\u00e9place ce soir (21h) \u00e0 Porto pour la 3\u00e8me journ\u00e9e de Ligue des Champions.\" \/>\n<meta property=\"og:url\" content=\"https:\/\/dicodusport.fr\/blog\/ligue-des-champions-derniere-chance-pour-l-om\/\" \/>\n<meta property=\"og:site_name\" content=\"Dicodusport\" \/>\n<meta property=\"article:publisher\" content=\"https:\/\/www.facebook.com\/dicodusport\" \/>\n<meta property=\"article:published_time\" content=\"2020-11-03T08:26:13+00:00\" \/>\n<meta property=\"article:modified_time\" content=\"2025-09-16T07:04:42+00:00\" \/>\n<meta property=\"og:image\" content=\"https:\/\/dicodusport.fr\/blog\/wp-content\/uploads\/2020\/11\/Ligue-des-Champions-Derni\u00e8re-chance-pour-l\u2019OM.png\" \/>\n\t<meta property=\"og:image:width\" content=\"800\" \/>\n\t<meta property=\"og:image:height\" content=\"445\" \/>\n\t<meta property=\"og:image:type\" content=\"image\/png\" \/>\n<meta name=\"author\" content=\"Romain Delanis\" \/>\n<meta name=\"twitter:card\" content=\"summary_large_image\" \/>\n<meta name=\"twitter:title\" content=\"Ligue des Champions : Derni\u00e8re chance pour l\u2019OM\" \/>\n<meta name=\"twitter:creator\" content=\"@https:\/\/twitter.com\/RDelanis\" \/>\n<meta name=\"twitter:site\" content=\"@dicodusport\" \/>\n<script type=\"application\/ld+json\" class=\"yoast-schema-graph\">{\"@context\":\"https:\/\/schema.org\",\"@graph\":[{\"@type\":\"NewsArticle\",\"@id\":\"https:\/\/dicodusport.fr\/blog\/ligue-des-champions-derniere-chance-pour-l-om\/#article\",\"isPartOf\":{\"@id\":\"https:\/\/dicodusport.fr\/blog\/ligue-des-champions-derniere-chance-pour-l-om\/\"},\"author\":{\"name\":\"Romain Delanis\",\"@id\":\"https:\/\/dicodusport.fr\/blog\/#\/schema\/person\/8c78730a59f8a1e617f7a19026ebc14a\"},\"headline\":\"Ligue des Champions : Derni\u00e8re chance pour l\u2019OM\",\"datePublished\":\"2020-11-03T08:26:13+00:00\",\"dateModified\":\"2025-09-16T07:04:42+00:00\",\"mainEntityOfPage\":{\"@id\":\"https:\/\/dicodusport.fr\/blog\/ligue-des-champions-derniere-chance-pour-l-om\/\"},\"wordCount\":425,\"commentCount\":0,\"publisher\":{\"@id\":\"https:\/\/dicodusport.fr\/blog\/#organization\"},\"image\":{\"@id\":\"https:\/\/dicodusport.fr\/blog\/ligue-des-champions-derniere-chance-pour-l-om\/#primaryimage\"},\"thumbnailUrl\":\"https:\/\/dicodusport.fr\/blog\/wp-content\/uploads\/2020\/11\/Ligue-des-Champions-Derni\u00e8re-chance-pour-l\u2019OM.png\",\"keywords\":[\"Dimitri Payet\",\"FC Porto\",\"Football\",\"Ligue des champions\",\"Olympique de Marseille\",\"OM\"],\"articleSection\":[\"Ligue des Champions de football\"],\"inLanguage\":\"fr-FR\",\"potentialAction\":[{\"@type\":\"CommentAction\",\"name\":\"Comment\",\"target\":[\"https:\/\/dicodusport.fr\/blog\/ligue-des-champions-derniere-chance-pour-l-om\/#respond\"]}],\"copyrightYear\":\"2020\",\"copyrightHolder\":{\"@id\":\"https:\/\/dicodusport.fr\/blog\/#organization\"}},{\"@type\":\"WebPage\",\"@id\":\"https:\/\/dicodusport.fr\/blog\/ligue-des-champions-derniere-chance-pour-l-om\/\",\"url\":\"https:\/\/dicodusport.fr\/blog\/ligue-des-champions-derniere-chance-pour-l-om\/\",\"name\":\"Ligue des Champions : Derni\u00e8re chance pour l\u2019OM\",\"isPartOf\":{\"@id\":\"https:\/\/dicodusport.fr\/blog\/#website\"},\"primaryImageOfPage\":{\"@id\":\"https:\/\/dicodusport.fr\/blog\/ligue-des-champions-derniere-chance-pour-l-om\/#primaryimage\"},\"image\":{\"@id\":\"https:\/\/dicodusport.fr\/blog\/ligue-des-champions-derniere-chance-pour-l-om\/#primaryimage\"},\"thumbnailUrl\":\"https:\/\/dicodusport.fr\/blog\/wp-content\/uploads\/2020\/11\/Ligue-des-Champions-Derni\u00e8re-chance-pour-l\u2019OM.png\",\"datePublished\":\"2020-11-03T08:26:13+00:00\",\"dateModified\":\"2025-09-16T07:04:42+00:00\",\"description\":\"Apr\u00e8s deux d\u00e9faites, l\u2019Olympique de Marseille se d\u00e9place ce soir (21h) \u00e0 Porto pour la 3\u00e8me journ\u00e9e de Ligue des Champions.\",\"breadcrumb\":{\"@id\":\"https:\/\/dicodusport.fr\/blog\/ligue-des-champions-derniere-chance-pour-l-om\/#breadcrumb\"},\"inLanguage\":\"fr-FR\",\"potentialAction\":[{\"@type\":\"ReadAction\",\"target\":[\"https:\/\/dicodusport.fr\/blog\/ligue-des-champions-derniere-chance-pour-l-om\/\"]}]},{\"@type\":\"ImageObject\",\"inLanguage\":\"fr-FR\",\"@id\":\"https:\/\/dicodusport.fr\/blog\/ligue-des-champions-derniere-chance-pour-l-om\/#primaryimage\",\"url\":\"https:\/\/dicodusport.fr\/blog\/wp-content\/uploads\/2020\/11\/Ligue-des-Champions-Derni\u00e8re-chance-pour-l\u2019OM.png\",\"contentUrl\":\"https:\/\/dicodusport.fr\/blog\/wp-content\/uploads\/2020\/11\/Ligue-des-Champions-Derni\u00e8re-chance-pour-l\u2019OM.png\",\"width\":800,\"height\":445,\"caption\":\"Ligue des Champions - Derni\u00e8re chance pour l\u2019OM\"},{\"@type\":\"BreadcrumbList\",\"@id\":\"https:\/\/dicodusport.fr\/blog\/ligue-des-champions-derniere-chance-pour-l-om\/#breadcrumb\",\"itemListElement\":[{\"@type\":\"ListItem\",\"position\":1,\"name\":\"Accueil\",\"item\":\"https:\/\/dicodusport.fr\/blog\/\"},{\"@type\":\"ListItem\",\"position\":2,\"name\":\"Ligue des Champions : Derni\u00e8re chance pour l\u2019OM\"}]},{\"@type\":\"WebSite\",\"@id\":\"https:\/\/dicodusport.fr\/blog\/#website\",\"url\":\"https:\/\/dicodusport.fr\/blog\/\",\"name\":\"Dicodusport\",\"description\":\"L&#039;encyclop\u00e9die de l&#039;actualit\u00e9 sportive\",\"publisher\":{\"@id\":\"https:\/\/dicodusport.fr\/blog\/#organization\"},\"potentialAction\":[{\"@type\":\"SearchAction\",\"target\":{\"@type\":\"EntryPoint\",\"urlTemplate\":\"https:\/\/dicodusport.fr\/blog\/?s={search_term_string}\"},\"query-input\":{\"@type\":\"PropertyValueSpecification\",\"valueRequired\":true,\"valueName\":\"search_term_string\"}}],\"inLanguage\":\"fr-FR\"},{\"@type\":\"NewsMediaOrganization\",\"@id\":\"https:\/\/dicodusport.fr\/blog\/#organization\",\"name\":\"Dicodusport\",\"url\":\"https:\/\/dicodusport.fr\/blog\/\",\"logo\":{\"@type\":\"ImageObject\",\"inLanguage\":\"fr-FR\",\"@id\":\"https:\/\/dicodusport.fr\/blog\/#\/schema\/logo\/image\/\",\"url\":\"https:\/\/dicodusport.fr\/blog\/wp-content\/uploads\/2020\/06\/cropped-LOGO-DICODUSPORT-2020-SANS-FOND-SANS-TEXTE.png\",\"contentUrl\":\"https:\/\/dicodusport.fr\/blog\/wp-content\/uploads\/2020\/06\/cropped-LOGO-DICODUSPORT-2020-SANS-FOND-SANS-TEXTE.png\",\"width\":512,\"height\":512,\"caption\":\"Dicodusport\"},\"image\":{\"@id\":\"https:\/\/dicodusport.fr\/blog\/#\/schema\/logo\/image\/\"},\"sameAs\":[\"https:\/\/www.facebook.com\/dicodusport\",\"https:\/\/x.com\/dicodusport\",\"https:\/\/www.instagram.com\/dicodusport\/\",\"https:\/\/www.youtube.com\/channel\/UC7V2KZ5sd3htJivAbA4ZG3w\"],\"description\":\"Dicodusport est l'encyclop\u00e9die de l'actualit\u00e9 sportive.\",\"email\":\"bonjour@dicodusport.fr\",\"legalName\":\"DICODUSPORT\",\"foundingDate\":\"2018-01-14\",\"vatID\":\"FR71834470973\",\"taxID\":\"83447097300043\",\"numberOfEmployees\":{\"@type\":\"QuantitativeValue\",\"minValue\":\"1\",\"maxValue\":\"10\"}},{\"@type\":\"Person\",\"@id\":\"https:\/\/dicodusport.fr\/blog\/#\/schema\/person\/8c78730a59f8a1e617f7a19026ebc14a\",\"name\":\"Romain Delanis\",\"image\":{\"@type\":\"ImageObject\",\"inLanguage\":\"fr-FR\",\"@id\":\"https:\/\/dicodusport.fr\/blog\/#\/schema\/person\/image\/\",\"url\":\"https:\/\/dicodusport.fr\/blog\/wp-content\/uploads\/2021\/05\/Romain-Delanis-150x150.jpg\",\"contentUrl\":\"https:\/\/dicodusport.fr\/blog\/wp-content\/uploads\/2021\/05\/Romain-Delanis-150x150.jpg\",\"caption\":\"Romain Delanis\"},\"description\":\"Journaliste\/R\u00e9dacteur depuis novembre 2015 - Capable de passer un samedi apr\u00e8s-midi devant la Ligue 2 puis le biathlon sans oublier la finale de l\u2019ATP Rotterdam, j\u2019aime aussi mettre mon r\u00e9veil pour me faire un Pistons\/Bulls qui rappelle de bons souvenirs. Tout cela, j\u2019ai choisi il y a maintenant quelques temps de vous le raconter avec Dicodusport, pour vous faire vivre ma passion parfois inconsid\u00e9r\u00e9e pour le sport en g\u00e9n\u00e9ral (mais surtout le foot faut se l\u2019avouer).\",\"sameAs\":[\"https:\/\/x.com\/https:\/\/twitter.com\/RDelanis\"],\"url\":\"https:\/\/dicodusport.fr\/blog\/author\/romain\/\"}]}<\/script>\n<!-- \/ Yoast SEO Premium plugin. -->","yoast_head_json":{"title":"Ligue des Champions : Derni\u00e8re chance pour l\u2019OM","description":"Apr\u00e8s deux d\u00e9faites, l\u2019Olympique de Marseille se d\u00e9place ce soir (21h) \u00e0 Porto pour la 3\u00e8me journ\u00e9e de Ligue des Champions.","robots":{"index":"index","follow":"follow","max-snippet":"max-snippet:-1","max-image-preview":"max-image-preview:large","max-video-preview":"max-video-preview:-1"},"canonical":"https:\/\/dicodusport.fr\/blog\/ligue-des-champions-derniere-chance-pour-l-om\/","og_locale":"fr_FR","og_type":"article","og_title":"Ligue des Champions : Derni\u00e8re chance pour l\u2019OM","og_description":"Apr\u00e8s deux d\u00e9faites, l\u2019Olympique de Marseille se d\u00e9place ce soir (21h) \u00e0 Porto pour la 3\u00e8me journ\u00e9e de Ligue des Champions.","og_url":"https:\/\/dicodusport.fr\/blog\/ligue-des-champions-derniere-chance-pour-l-om\/","og_site_name":"Dicodusport","article_publisher":"https:\/\/www.facebook.com\/dicodusport","article_published_time":"2020-11-03T08:26:13+00:00","article_modified_time":"2025-09-16T07:04:42+00:00","og_image":[{"width":800,"height":445,"url":"https:\/\/dicodusport.fr\/blog\/wp-content\/uploads\/2020\/11\/Ligue-des-Champions-Derni\u00e8re-chance-pour-l\u2019OM.png","type":"image\/png"}],"author":"Romain Delanis","twitter_card":"summary_large_image","twitter_title":"Ligue des Champions : Derni\u00e8re chance pour l\u2019OM","twitter_creator":"@https:\/\/twitter.com\/RDelanis","twitter_site":"@dicodusport","schema":{"@context":"https:\/\/schema.org","@graph":[{"@type":"NewsArticle","@id":"https:\/\/dicodusport.fr\/blog\/ligue-des-champions-derniere-chance-pour-l-om\/#article","isPartOf":{"@id":"https:\/\/dicodusport.fr\/blog\/ligue-des-champions-derniere-chance-pour-l-om\/"},"author":{"name":"Romain Delanis","@id":"https:\/\/dicodusport.fr\/blog\/#\/schema\/person\/8c78730a59f8a1e617f7a19026ebc14a"},"headline":"Ligue des Champions : Derni\u00e8re chance pour l\u2019OM","datePublished":"2020-11-03T08:26:13+00:00","dateModified":"2025-09-16T07:04:42+00:00","mainEntityOfPage":{"@id":"https:\/\/dicodusport.fr\/blog\/ligue-des-champions-derniere-chance-pour-l-om\/"},"wordCount":425,"commentCount":0,"publisher":{"@id":"https:\/\/dicodusport.fr\/blog\/#organization"},"image":{"@id":"https:\/\/dicodusport.fr\/blog\/ligue-des-champions-derniere-chance-pour-l-om\/#primaryimage"},"thumbnailUrl":"https:\/\/dicodusport.fr\/blog\/wp-content\/uploads\/2020\/11\/Ligue-des-Champions-Derni\u00e8re-chance-pour-l\u2019OM.png","keywords":["Dimitri Payet","FC Porto","Football","Ligue des champions","Olympique de Marseille","OM"],"articleSection":["Ligue des Champions de football"],"inLanguage":"fr-FR","potentialAction":[{"@type":"CommentAction","name":"Comment","target":["https:\/\/dicodusport.fr\/blog\/ligue-des-champions-derniere-chance-pour-l-om\/#respond"]}],"copyrightYear":"2020","copyrightHolder":{"@id":"https:\/\/dicodusport.fr\/blog\/#organization"}},{"@type":"WebPage","@id":"https:\/\/dicodusport.fr\/blog\/ligue-des-champions-derniere-chance-pour-l-om\/","url":"https:\/\/dicodusport.fr\/blog\/ligue-des-champions-derniere-chance-pour-l-om\/","name":"Ligue des Champions : Derni\u00e8re chance pour l\u2019OM","isPartOf":{"@id":"https:\/\/dicodusport.fr\/blog\/#website"},"primaryImageOfPage":{"@id":"https:\/\/dicodusport.fr\/blog\/ligue-des-champions-derniere-chance-pour-l-om\/#primaryimage"},"image":{"@id":"https:\/\/dicodusport.fr\/blog\/ligue-des-champions-derniere-chance-pour-l-om\/#primaryimage"},"thumbnailUrl":"https:\/\/dicodusport.fr\/blog\/wp-content\/uploads\/2020\/11\/Ligue-des-Champions-Derni\u00e8re-chance-pour-l\u2019OM.png","datePublished":"2020-11-03T08:26:13+00:00","dateModified":"2025-09-16T07:04:42+00:00","description":"Apr\u00e8s deux d\u00e9faites, l\u2019Olympique de Marseille se d\u00e9place ce soir (21h) \u00e0 Porto pour la 3\u00e8me journ\u00e9e de Ligue des Champions.","breadcrumb":{"@id":"https:\/\/dicodusport.fr\/blog\/ligue-des-champions-derniere-chance-pour-l-om\/#breadcrumb"},"inLanguage":"fr-FR","potentialAction":[{"@type":"ReadAction","target":["https:\/\/dicodusport.fr\/blog\/ligue-des-champions-derniere-chance-pour-l-om\/"]}]},{"@type":"ImageObject","inLanguage":"fr-FR","@id":"https:\/\/dicodusport.fr\/blog\/ligue-des-champions-derniere-chance-pour-l-om\/#primaryimage","url":"https:\/\/dicodusport.fr\/blog\/wp-content\/uploads\/2020\/11\/Ligue-des-Champions-Derni\u00e8re-chance-pour-l\u2019OM.png","contentUrl":"https:\/\/dicodusport.fr\/blog\/wp-content\/uploads\/2020\/11\/Ligue-des-Champions-Derni\u00e8re-chance-pour-l\u2019OM.png","width":800,"height":445,"caption":"Ligue des Champions - Derni\u00e8re chance pour l\u2019OM"},{"@type":"BreadcrumbList","@id":"https:\/\/dicodusport.fr\/blog\/ligue-des-champions-derniere-chance-pour-l-om\/#breadcrumb","itemListElement":[{"@type":"ListItem","position":1,"name":"Accueil","item":"https:\/\/dicodusport.fr\/blog\/"},{"@type":"ListItem","position":2,"name":"Ligue des Champions : Derni\u00e8re chance pour l\u2019OM"}]},{"@type":"WebSite","@id":"https:\/\/dicodusport.fr\/blog\/#website","url":"https:\/\/dicodusport.fr\/blog\/","name":"Dicodusport","description":"L&#039;encyclop\u00e9die de l&#039;actualit\u00e9 sportive","publisher":{"@id":"https:\/\/dicodusport.fr\/blog\/#organization"},"potentialAction":[{"@type":"SearchAction","target":{"@type":"EntryPoint","urlTemplate":"https:\/\/dicodusport.fr\/blog\/?s={search_term_string}"},"query-input":{"@type":"PropertyValueSpecification","valueRequired":true,"valueName":"search_term_string"}}],"inLanguage":"fr-FR"},{"@type":"NewsMediaOrganization","@id":"https:\/\/dicodusport.fr\/blog\/#organization","name":"Dicodusport","url":"https:\/\/dicodusport.fr\/blog\/","logo":{"@type":"ImageObject","inLanguage":"fr-FR","@id":"https:\/\/dicodusport.fr\/blog\/#\/schema\/logo\/image\/","url":"https:\/\/dicodusport.fr\/blog\/wp-content\/uploads\/2020\/06\/cropped-LOGO-DICODUSPORT-2020-SANS-FOND-SANS-TEXTE.png","contentUrl":"https:\/\/dicodusport.fr\/blog\/wp-content\/uploads\/2020\/06\/cropped-LOGO-DICODUSPORT-2020-SANS-FOND-SANS-TEXTE.png","width":512,"height":512,"caption":"Dicodusport"},"image":{"@id":"https:\/\/dicodusport.fr\/blog\/#\/schema\/logo\/image\/"},"sameAs":["https:\/\/www.facebook.com\/dicodusport","https:\/\/x.com\/dicodusport","https:\/\/www.instagram.com\/dicodusport\/","https:\/\/www.youtube.com\/channel\/UC7V2KZ5sd3htJivAbA4ZG3w"],"description":"Dicodusport est l'encyclop\u00e9die de l'actualit\u00e9 sportive.","email":"bonjour@dicodusport.fr","legalName":"DICODUSPORT","foundingDate":"2018-01-14","vatID":"FR71834470973","taxID":"83447097300043","numberOfEmployees":{"@type":"QuantitativeValue","minValue":"1","maxValue":"10"}},{"@type":"Person","@id":"https:\/\/dicodusport.fr\/blog\/#\/schema\/person\/8c78730a59f8a1e617f7a19026ebc14a","name":"Romain Delanis","image":{"@type":"ImageObject","inLanguage":"fr-FR","@id":"https:\/\/dicodusport.fr\/blog\/#\/schema\/person\/image\/","url":"https:\/\/dicodusport.fr\/blog\/wp-content\/uploads\/2021\/05\/Romain-Delanis-150x150.jpg","contentUrl":"https:\/\/dicodusport.fr\/blog\/wp-content\/uploads\/2021\/05\/Romain-Delanis-150x150.jpg","caption":"Romain Delanis"},"description":"Journaliste\/R\u00e9dacteur depuis novembre 2015 - Capable de passer un samedi apr\u00e8s-midi devant la Ligue 2 puis le biathlon sans oublier la finale de l\u2019ATP Rotterdam, j\u2019aime aussi mettre mon r\u00e9veil pour me faire un Pistons\/Bulls qui rappelle de bons souvenirs. Tout cela, j\u2019ai choisi il y a maintenant quelques temps de vous le raconter avec Dicodusport, pour vous faire vivre ma passion parfois inconsid\u00e9r\u00e9e pour le sport en g\u00e9n\u00e9ral (mais surtout le foot faut se l\u2019avouer).","sameAs":["https:\/\/x.com\/https:\/\/twitter.com\/RDelanis"],"url":"https:\/\/dicodusport.fr\/blog\/author\/romain\/"}]}},"_links":{"self":[{"href":"https:\/\/dicodusport.fr\/blog\/wp-json\/wp\/v2\/posts\/86108","targetHints":{"allow":["GET"]}}],"collection":[{"href":"https:\/\/dicodusport.fr\/blog\/wp-json\/wp\/v2\/posts"}],"about":[{"href":"https:\/\/dicodusport.fr\/blog\/wp-json\/wp\/v2\/types\/post"}],"author":[{"embeddable":true,"href":"https:\/\/dicodusport.fr\/blog\/wp-json\/wp\/v2\/users\/14"}],"replies":[{"embeddable":true,"href":"https:\/\/dicodusport.fr\/blog\/wp-json\/wp\/v2\/comments?post=86108"}],"version-history":[{"count":1,"href":"https:\/\/dicodusport.fr\/blog\/wp-json\/wp\/v2\/posts\/86108\/revisions"}],"predecessor-version":[{"id":611667,"href":"https:\/\/dicodusport.fr\/blog\/wp-json\/wp\/v2\/posts\/86108\/revisions\/611667"}],"wp:featuredmedia":[{"embeddable":true,"href":"https:\/\/dicodusport.fr\/blog\/wp-json\/wp\/v2\/media\/86134"}],"wp:attachment":[{"href":"https:\/\/dicodusport.fr\/blog\/wp-json\/wp\/v2\/media?parent=86108"}],"wp:term":[{"taxonomy":"category","embeddable":true,"href":"https:\/\/dicodusport.fr\/blog\/wp-json\/wp\/v2\/categories?post=86108"},{"taxonomy":"post_tag","embeddable":true,"href":"https:\/\/dicodusport.fr\/blog\/wp-json\/wp\/v2\/tags?post=86108"}],"curies":[{"name":"wp","href":"https:\/\/api.w.org\/{rel}","templated":true}]}}