{"id":8629,"date":"2017-12-13T17:04:42","date_gmt":"2017-12-13T16:04:42","guid":{"rendered":"http:\/\/dicodusport.fr\/blog\/?p=8629"},"modified":"2017-12-14T14:29:53","modified_gmt":"2017-12-14T13:29:53","slug":"sport-au-feminin-14-zoom-saison-2018-cyclisme-coup-de-chapeau-lucine-godet","status":"publish","type":"post","link":"https:\/\/dicodusport.fr\/blog\/sport-au-feminin-14-zoom-saison-2018-cyclisme-coup-de-chapeau-lucine-godet\/","title":{"rendered":"Sport au f\u00e9minin #14 : zoom sur la saison 2018 de cyclisme, coup de chapeau \u00e0 Cl\u00e9mentine Lucine et Aur\u00e9lie Godet"},"content":{"rendered":"<p style=\"text-align: justify;\"><em><strong>Apr\u00e8s <span style=\"color: #0000ff;\"><a style=\"color: #0000ff;\" href=\"http:\/\/sport-inside.eu\/?s=sport+au+f%C3%A9minin\">huit premiers \u00e9pisodes sur Sport-Inside<\/a><\/span>, la chronique l\u2019\u00e9mission de radio <span style=\"color: #0000ff;\"><a style=\"color: #0000ff;\" href=\"https:\/\/www.facebook.com\/SportauFeminin1\/?ref=br_rs\">Sport au f\u00e9minin<\/a><\/span>\u00a0a pris ses quartiers sur Dicodusport ! Au menu cette semaine, gros coup de chapeau \u00e0 Cl\u00e9mentine Lucine et Aur\u00e9lie Godet, zoom sur la saison 2018 de cyclisme et tour d&rsquo;horizon des sports collectifs<br \/>\n<\/strong><\/em><\/p>\n<h4 style=\"text-align: justify;\">COUP DE CHAPEAU\u00a0! : Cl\u00e9mentine Lucine et Aur\u00e9lie Godet, skieuse et rideuse de l\u2019ann\u00e9e<\/h4>\n<p style=\"text-align: justify;\">Vendredi dernier, Cl\u00e9mentine Lucine a \u00e9t\u00e9 \u00e9lue, par la FFSNW, Skieuse de l\u2019ann\u00e9e 2017 et Aur\u00e9lie Godet, Rideuse de l\u2019ann\u00e9e 2017. Nous leur tirons notre coup de chapeau parce que la concurrence est rude avec toutes nos championnes en ski nautique et wakeboard (Manon Costard, Ambre Franc, Marion Mathieu\u2026).<\/p>\n<p style=\"text-align: justify;\">Native d\u2019Annecy, Cl\u00e9mentine Lucine a remport\u00e9, tout le long de sa carri\u00e8re, pas moins de 115 m\u00e9dailles tous m\u00e9taux confondus, en championnat de France, en Europe ou aux Mondiaux. C\u2019est la premi\u00e8re femme \u00e0 avoir pass\u00e9 les 10\u00a0000 points en comp\u00e9tition (c\u2019\u00e9tait le 18 septembre 2011, lors de l\u2019Alexis Pickos Open). Pour information, c\u00f4t\u00e9 homme, \u00ab\u00a0Le Petit Prince\u00a0\u00bb, Patrice Martin, aujourd\u2019hui pr\u00e9sident de la F\u00e9d\u00e9ration Fran\u00e7aise de Ski Nautique et de Wakeboard), est le seul \u00e0 l\u2019avoir fait. Cette saison 2017, Cl\u00e9mentine Lucine a termin\u00e9 2<sup>\u00e8me<\/sup> en figures et en slalom aux Jeux Mondiaux, en juillet dernier, 4<sup>\u00e8me<\/sup> et 1<sup>\u00e8re<\/sup> Fran\u00e7aise au slalom dames des Championnats du Monde qui avaient lieu, en septembre dernier, \u00e0 Choisy-le-Roi, et o\u00f9 l\u2019\u00e9quipe de France a termin\u00e9 2<sup>\u00e8me<\/sup>. Enfin, Cl\u00e9mentine Lucine a d\u00e9croch\u00e9, fin septembre, l\u2019or europ\u00e9en du slalom dames, devant l\u2019excellente Ambre Franc, ainsi que la m\u00e9daille de bronze en figures.<\/p>\n<p><img loading=\"lazy\" decoding=\"async\" class=\"aligncenter wp-image-8636 size-full\" src=\"http:\/\/dicodusport.fr\/blog\/wp-content\/uploads\/2017\/12\/Clementine-Lucine.jpg\" alt=\"\" width=\"400\" height=\"400\" srcset=\"https:\/\/dicodusport.fr\/blog\/wp-content\/uploads\/2017\/12\/Clementine-Lucine.jpg 400w, https:\/\/dicodusport.fr\/blog\/wp-content\/uploads\/2017\/12\/Clementine-Lucine-150x150.jpg 150w, https:\/\/dicodusport.fr\/blog\/wp-content\/uploads\/2017\/12\/Clementine-Lucine-300x300.jpg 300w\" sizes=\"auto, (max-width: 400px) 100vw, 400px\" \/><\/p>\n<p style=\"text-align: justify;\">Aur\u00e9lie Godet, wakeboardeuse depuis l\u2019\u00e2ge de 9 ans, a depuis, fait parler les figures et les points cette saison. Rappelons, par exemple, son titre de Championne de France U19 et Open, de Championne d\u2019Europe IWWF U15, et sa 4<sup>\u00e8me<\/sup> place aux Championnats d\u2019Europe en air le 2 d\u00e9cembre dernier.<\/p>\n<p style=\"text-align: justify;\">Championnes de France, Championnes d\u2019Europe, Championnes du Monde. Il ne manque plus que la m\u00e9daille olympique pour couronner les beaux succ\u00e8s de l\u2019\u00e9quipe de France de ski nautique et de wakeboard. On croise les doigts pour que ce sport soit, enfin, aux JO. Vivement 2024\u00a0!<\/p>\n<p><img loading=\"lazy\" decoding=\"async\" class=\"aligncenter size-full wp-image-8637\" src=\"http:\/\/dicodusport.fr\/blog\/wp-content\/uploads\/2017\/12\/Aurelie-Godet-El-Gouna-2017.jpg\" alt=\"\" width=\"526\" height=\"526\" srcset=\"https:\/\/dicodusport.fr\/blog\/wp-content\/uploads\/2017\/12\/Aurelie-Godet-El-Gouna-2017.jpg 526w, https:\/\/dicodusport.fr\/blog\/wp-content\/uploads\/2017\/12\/Aurelie-Godet-El-Gouna-2017-150x150.jpg 150w, https:\/\/dicodusport.fr\/blog\/wp-content\/uploads\/2017\/12\/Aurelie-Godet-El-Gouna-2017-300x300.jpg 300w\" sizes=\"auto, (max-width: 526px) 100vw, 526px\" \/><\/p>\n<h4 style=\"text-align: justify;\">CYCLISME : la saison 2018 approche\u00a0!<\/h4>\n<p style=\"text-align: justify;\">L\u2019UCI World Women Tour a pr\u00e9sent\u00e9 le programme 2018 de nos cyclistes. D\u00e9butant par la Strade Bianche, en Italie, le 3 mars prochain, il s\u2019ach\u00e8vera en Chine avec le Tour du Guangxi, le 21 octobre suivant. Entre ces deux dates, il y aura pas moins de 23 comp\u00e9titions, sur 50 jours de courses, dans 10 pays, sur 3 continents (l\u2019Europe, l\u2019Asie avec la Chine, et l\u2019Am\u00e9rique du Nord avec les \u00c9tats-Unis.<\/p>\n<p style=\"text-align: justify;\">Parmi les comp\u00e9titions, rendez-vous avec, entre autres, Gand \u2013 Wevelgem (le 25 mars), l\u2019Amstel Gold Race (le 15 avril), la Fl\u00e8che Wallonne (le 18 avril), Li\u00e8ge-Bastogne-Li\u00e8ge (le 22 avril), mais aussi plusieurs tours comme le Tour d\u2019Italie (appel\u00e9 <em>Giro Rosa<\/em>, du 6 au 15 juillet 2018), le Tour de Californie (du 17 au 19\u00a0 mai), ou encore le Tour de Norv\u00e8ge (du 16 au 19 ao\u00fbt).<\/p>\n<p style=\"text-align: justify;\">C\u00f4t\u00e9 France, il y a deux dates \u00e0 retenir. Tout d\u2019abord, la 5<sup>\u00e8me<\/sup> \u00e9dition de La Course by le Tour de France, le 17 juillet 2018, dans les Alpes, des bords du lac d\u2019Annecy, \u00e0 Duingt, au Grand Bornand, avec 118 km en passant par les cols de Romme (1297 m) et de la Colombi\u00e8re (1613 m). La seconde course, la 20<sup>\u00e8me<\/sup> \u00e9dition du Grand Prix de Plouay-Lorient Agglom\u00e9ration, aura lieu le 25 ao\u00fbt 2018, dans le Morbihan, en Bretagne.<\/p>\n<h4 style=\"text-align: justify;\">CHAMPIONNATS EN BREF<\/h4>\n<p style=\"text-align: justify;\"><span style=\"text-decoration: underline;\"><em>#FLOORBALL<\/em><\/span><\/p>\n<p style=\"text-align: justify;\">Dimanche, le championnat de France f\u00e9minin avait rendez-vous, \u00e0 Lyon, pour un duel entre Pirates. Le Derby rhodanien entre l\u2019\u00e9quipe 1 et l\u2019\u00e9quipe 2 du Lyon Floorball n\u2019a pas \u00e9t\u00e9 avare de buts avec la victoire de l\u2019\u00e9quipe 1, sur le score de 7-0, avec Pauline Meneust (2 buts, 2 assists), Florence Th\u00e9venet (2 buts), Christel Poullaou\u00ebc (1 but, 2 assists) et Christel Levrier (2 buts, 1 assist). L\u2019\u00e9quipe 2 de \u017du\u017eu Kandrikov\u00e1, sa gardienne venue des Eastern Wings de Michalovce (Slovaquie), continue de regarder vers l\u2019avenir.<\/p>\n<div id=\"attachment_8641\" style=\"width: 1210px\" class=\"wp-caption aligncenter\"><img loading=\"lazy\" decoding=\"async\" aria-describedby=\"caption-attachment-8641\" class=\"wp-image-8641 size-full\" src=\"http:\/\/dicodusport.fr\/blog\/wp-content\/uploads\/2017\/12\/Lyon-Floorball.jpg\" alt=\"\" width=\"1200\" height=\"675\" srcset=\"https:\/\/dicodusport.fr\/blog\/wp-content\/uploads\/2017\/12\/Lyon-Floorball.jpg 1200w, https:\/\/dicodusport.fr\/blog\/wp-content\/uploads\/2017\/12\/Lyon-Floorball-300x169.jpg 300w, https:\/\/dicodusport.fr\/blog\/wp-content\/uploads\/2017\/12\/Lyon-Floorball-768x432.jpg 768w, https:\/\/dicodusport.fr\/blog\/wp-content\/uploads\/2017\/12\/Lyon-Floorball-1024x576.jpg 1024w\" sizes=\"auto, (max-width: 1200px) 100vw, 1200px\" \/><p id=\"caption-attachment-8641\" class=\"wp-caption-text\">Les Lyonnaises tout sourire &#8211; Lyon Floorball<\/p><\/div>\n<p>&nbsp;<\/p>\n<p style=\"text-align: justify;\">Au classement, l\u2019\u00e9quipe 1 de Lyon prend, seule, la t\u00eate de la saison r\u00e9guli\u00e8re devant Panam United. Pauline Meneust garde la t\u00eate du classement des meilleures joueuses du championnat avec 14 points.<\/p>\n<p style=\"text-align: justify;\">Le week-end prochain, direction Amiens o\u00f9 les Hoplites d\u2019Ambiani, demi-finalistes du championnat de France 2017, accueilleront les championnes en titre, les Panamettes, le samedi (\u00e0 18h) et Rouen, le dimanche 17 (\u00e0 12h30).<\/p>\n<p><img loading=\"lazy\" decoding=\"async\" class=\"aligncenter size-full wp-image-8638\" src=\"http:\/\/dicodusport.fr\/blog\/wp-content\/uploads\/2017\/12\/Floorball-f\u00e9minin.png\" alt=\"\" width=\"1436\" height=\"1180\" srcset=\"https:\/\/dicodusport.fr\/blog\/wp-content\/uploads\/2017\/12\/Floorball-f\u00e9minin.png 1436w, https:\/\/dicodusport.fr\/blog\/wp-content\/uploads\/2017\/12\/Floorball-f\u00e9minin-300x247.png 300w, https:\/\/dicodusport.fr\/blog\/wp-content\/uploads\/2017\/12\/Floorball-f\u00e9minin-768x631.png 768w, https:\/\/dicodusport.fr\/blog\/wp-content\/uploads\/2017\/12\/Floorball-f\u00e9minin-1024x841.png 1024w\" sizes=\"auto, (max-width: 1436px) 100vw, 1436px\" \/><\/p>\n<p>&nbsp;<\/p>\n<p style=\"text-align: justify;\"><span style=\"text-decoration: underline;\"><em>#HOCKEY SUR GLACE<\/em><\/span><\/p>\n<p style=\"text-align: justify;\">Ce week-end, dans la Poule Sud, l\u2019\u00e9quipe d\u2019Occitanie affrontait les Rockypop Rebelles du Hockey Club 74. Duel au sommet entre le 2<sup>\u00e8me<\/sup> et le 3<sup>\u00e8me<\/sup> du classement. Si le 1<sup>er<\/sup> tiers-temps a montr\u00e9 un jeu \u00e9gal (0-0), le 2<sup>\u00e8me <\/sup>tiers-temps a d\u00e9clench\u00e9 les compteurs avec l\u2019Occitane Julie Gallon qui trompait, d\u00e8s la 21<sup>\u00e8me<\/sup> minute, Coralie Bordel, la gardienne haute-savoyarde. Men\u00e9es 1-0, les Rockypop Rebelles ont, cependant, renvers\u00e9 le match, revenant au score par Alexandra Harrison (35\u201948) et en prenant l\u2019avantage peu de temps avant la pause, avec Laura Maugenest, sur une aide de Flavie Gaydon (1-2). Le 3<sup>\u00e8me<\/sup> tiers-temps ressemble au 2<sup>\u00e8me<\/sup>, avec un doubl\u00e9 d\u2019Alexandra Harrison (42\u201929). L\u2019\u00e9quipe d\u2019Occitanie cherche une solution (53\u2019) mais n\u2019y parvient pas, les Rockypop Rebelles s\u2019imposant, \u00e0 nouveau, avec Angelina Massot (55\u201954). Score final (1-4).<\/p>\n<div id=\"attachment_8642\" style=\"width: 650px\" class=\"wp-caption aligncenter\"><img loading=\"lazy\" decoding=\"async\" aria-describedby=\"caption-attachment-8642\" class=\"wp-image-8642 size-full\" src=\"http:\/\/dicodusport.fr\/blog\/wp-content\/uploads\/2017\/12\/Rockypop-Rebelles-victorieuses-de-lOccitanie.jpg\" alt=\"\" width=\"640\" height=\"403\" srcset=\"https:\/\/dicodusport.fr\/blog\/wp-content\/uploads\/2017\/12\/Rockypop-Rebelles-victorieuses-de-lOccitanie.jpg 640w, https:\/\/dicodusport.fr\/blog\/wp-content\/uploads\/2017\/12\/Rockypop-Rebelles-victorieuses-de-lOccitanie-300x189.jpg 300w\" sizes=\"auto, (max-width: 640px) 100vw, 640px\" \/><p id=\"caption-attachment-8642\" class=\"wp-caption-text\">Les Rockypop Rebelles ont r\u00e9alis\u00e9 un magnifique prestation ce week-end<\/p><\/div>\n<p style=\"text-align: justify;\">La victoire du HC 74 permet aux Rebelles de revenir \u00e0 \u00e9galit\u00e9 de point avec l\u2019\u00e9quipe d\u2019Occitanie (9 points), \u00e0 3 points des Aigles du Besan\u00e7on Doubs HC, toujours en t\u00eate de la Poule Sud. Prochaine journ\u00e9e, le week-end prochain, avec, notamment, le derby francilien, Neuilly St-Ouen \u2013 Cergy, match tr\u00e8s attendu puisque la place de leader de la Poule Nord sera en jeu.<\/p>\n<p><img loading=\"lazy\" decoding=\"async\" class=\"aligncenter size-full wp-image-8643\" src=\"http:\/\/dicodusport.fr\/blog\/wp-content\/uploads\/2017\/12\/Hockey-sur-glace-f\u00e9minin.png\" alt=\"\" width=\"1436\" height=\"776\" srcset=\"https:\/\/dicodusport.fr\/blog\/wp-content\/uploads\/2017\/12\/Hockey-sur-glace-f\u00e9minin.png 1436w, https:\/\/dicodusport.fr\/blog\/wp-content\/uploads\/2017\/12\/Hockey-sur-glace-f\u00e9minin-300x162.png 300w, https:\/\/dicodusport.fr\/blog\/wp-content\/uploads\/2017\/12\/Hockey-sur-glace-f\u00e9minin-768x415.png 768w, https:\/\/dicodusport.fr\/blog\/wp-content\/uploads\/2017\/12\/Hockey-sur-glace-f\u00e9minin-1024x553.png 1024w\" sizes=\"auto, (max-width: 1436px) 100vw, 1436px\" \/><\/p>\n<p style=\"text-align: justify;\"><span style=\"text-decoration: underline;\"><em>#VOLLEY-BALL<\/em> <\/span><\/p>\n<p style=\"text-align: justify;\">Pas de grosse surprise lors de cette 10<sup>\u00e8me<\/sup> journ\u00e9e de Ligue A F\u00e9minine si ce n\u2019est que Le Cannet met fin \u00e0 4 d\u00e9faites cons\u00e9cutives en championnat, apr\u00e8s sa victoire (3-0) sur le parquet de Chamali\u00e8res (21\/25, 22\/25, 17\/25). Du c\u00f4t\u00e9 de Vandoeuvre, les Lorraines n\u2019ont pas d\u00e9m\u00e9rit\u00e9 face au Pays d\u2019Aix Venelles, s\u2019inclinant en 5 sets. Le RC Cannes, qui a bataill\u00e9 ferme face \u00e0 Nantes (victoire 13-15 dans le 5<sup>\u00e8me<\/sup> set), les Angels de B\u00e9ziers, qui ont fait de m\u00eame sur le parquet de Saint-Rapha\u00ebl, et l\u2019ASPTT Mulhouse, victorieuse de Quimper (3-1) conservent les 3 premi\u00e8res places du classement, les Cannoises avec 1 point d\u2019avance sur les Angels et 5 sur les championnes de France en titre.<\/p>\n<p style=\"text-align: justify;\">Pour les places de play-off, Le Cannet (5<sup>\u00e8me<\/sup>) a 1 point d\u2019avance sur le trio Paris St-Cloud, Saint-Rapha\u00ebl et Evreux (victorieuse de Paris [3-0]). Nantes, 9<sup>\u00e8me<\/sup> est \u00e0 2 points des Play-off. Vandoeuvre Nancy (10 pts), Quimper (9 pts) et Chamali\u00e8res (3 pts) ferment la marche.<\/p>\n<p style=\"text-align: justify;\"><span style=\"text-decoration: underline;\"><em>#WATER-POLO<\/em><\/span><\/p>\n<p style=\"text-align: justify;\">Deuxi\u00e8me week-end de brassage du championnat de France Pro A f\u00e9minine nouvelle formule qui se d\u00e9roulait \u00e0 Saint-Jean d\u2019Ang\u00e9ly et \u00e0 Nice. Dix matchs au total avec, notamment, les victoires de l\u2019Olympic Nice Natation sur l\u2019Union Saint-Bruno Bordeaux (10-2) et du LUC Natation sur le Nautic Club Ang\u00e9rien (2-12). On connait, d\u00e9sormais, les clubs qui joueront en Poule Haute et en Poule Basse. Pas de r\u00e9elles surprises puisqu\u2019on retrouve, dans la Poule Haute, le LUC Natation de Cl\u00e9mence Clerc et Marion Tardy qui termine en t\u00eate du classement g\u00e9n\u00e9ral \u00e0 l\u2019issue de la phase de brassage, \u00e0 \u00e9galit\u00e9 de points avec l\u2019Olympic Nice Natation d\u2019Aurore Sacre et Estelle Millot. L\u2019Union Saint-Bruno Bordeaux de Louise Guillet, notre capitaine des Bleues, termine 3<sup>\u00e8me<\/sup>, avec deux d\u00e9faites, \u00e0 6 points des leaders, \u00e0 \u00e9galit\u00e9 de points avec le Nautic Club Ang\u00e9rien des s\u0153urs Camille et Tiphaine Margueritte.<\/p>\n<p style=\"text-align: justify;\">Dans la Poule Basse, le Grand Nancy Aquatique Club de Yaelle Morange aura fort \u00e0 faire face au Choisy-le-Roi des s\u0153urs Sofia et Sonia Bouloukbachi, arriv\u00e9es \u00e0 \u00e9galit\u00e9 de points (6), devant l\u2019ASPTT Limoges de No\u00e9mie Paquet et du club d\u2019Angers Natation de Tugdual Livenais. La phase 2 (avec des matchs aller\/retour) aura lieu \u00e0 partir du 13 janvier prochain, jusqu\u2019au 31 mars, derni\u00e8re journ\u00e9e avant de jouer les finalit\u00e9s du Championnat.<\/p>\n<p><strong><em>J\u00e9r\u00f4me Decourcelles<br \/>\n<a style=\"color: #000000;\" href=\"https:\/\/www.facebook.com\/jerome.decourcelles\" target=\"_blank\" rel=\"noopener noreferrer\"><img loading=\"lazy\" decoding=\"async\" class=\"alignnone wp-image-2909\" src=\"http:\/\/dicodusport.fr\/blog\/wp-content\/uploads\/2017\/07\/logo-facebook-150x150.png\" alt=\"\" width=\"40\" height=\"40\" \/><\/a><\/em><\/strong><strong><em><br \/>\n<\/em><\/strong><\/p>\n","protected":false},"excerpt":{"rendered":"<p>Apr\u00e8s huit premiers \u00e9pisodes sur Sport-Inside, la chronique l\u2019\u00e9mission de radio Sport au f\u00e9minin\u00a0a pris ses quartiers sur Dicodusport ! Au menu cette semaine, gros coup de chapeau \u00e0 Cl\u00e9mentine Lucine et Aur\u00e9lie Godet, zoom sur la saison 2018 de cyclisme et tour d&rsquo;horizon des sports collectifs COUP DE CHAPEAU\u00a0! : Cl\u00e9mentine Lucine et Aur\u00e9lie [&hellip;]<\/p>\n","protected":false},"author":4,"featured_media":8635,"comment_status":"open","ping_status":"closed","sticky":false,"template":"","format":"standard","meta":{"_acf_changed":false,"_daextam_enable_autolinks":"","footnotes":""},"categories":[2,2366],"tags":[2875,2286,1669,247],"class_list":["post-8629","post","type-post","status-publish","format-standard","has-post-thumbnail","hentry","category-actualites","category-multisports","tag-cyclisme-feminin","tag-floorball","tag-sports-collectifs","tag-wakeboard"],"acf":[],"yoast_head":"<!-- This site is optimized with the Yoast SEO Premium plugin v26.7 (Yoast SEO v26.7) - https:\/\/yoast.com\/wordpress\/plugins\/seo\/ -->\n<title>Sport au f\u00e9minin #14 : zoom sur la saison 2018 de cyclisme, coup de chapeau \u00e0 Cl\u00e9mentine Lucine et Aur\u00e9lie Godet<\/title>\n<meta name=\"description\" content=\"Au menu cette semaine, gros coup de chapeau \u00e0 Cl\u00e9mentine Lucine et Aur\u00e9lie Godet, zoom sur la saison 2018 de cyclisme et les sports collectifs.\" \/>\n<meta name=\"robots\" content=\"index, follow, max-snippet:-1, max-image-preview:large, max-video-preview:-1\" \/>\n<link rel=\"canonical\" href=\"https:\/\/dicodusport.fr\/blog\/sport-au-feminin-14-zoom-saison-2018-cyclisme-coup-de-chapeau-lucine-godet\/\" \/>\n<meta property=\"og:locale\" content=\"fr_FR\" \/>\n<meta property=\"og:type\" content=\"article\" \/>\n<meta property=\"og:title\" content=\"Sport au f\u00e9minin #14 : zoom sur la saison 2018 de cyclisme, coup de chapeau \u00e0 Cl\u00e9mentine Lucine et Aur\u00e9lie Godet\" \/>\n<meta property=\"og:description\" content=\"Au menu cette semaine, gros coup de chapeau \u00e0 Cl\u00e9mentine Lucine et Aur\u00e9lie Godet, zoom sur la saison 2018 de cyclisme et les sports collectifs.\" \/>\n<meta property=\"og:url\" content=\"https:\/\/dicodusport.fr\/blog\/sport-au-feminin-14-zoom-saison-2018-cyclisme-coup-de-chapeau-lucine-godet\/\" \/>\n<meta property=\"og:site_name\" content=\"Dicodusport\" \/>\n<meta property=\"article:publisher\" content=\"https:\/\/www.facebook.com\/dicodusport\" \/>\n<meta property=\"article:author\" content=\"https:\/\/www.facebook.com\/florent.ostermann\" \/>\n<meta property=\"article:published_time\" content=\"2017-12-13T16:04:42+00:00\" \/>\n<meta property=\"article:modified_time\" content=\"2017-12-14T13:29:53+00:00\" \/>\n<meta property=\"og:image\" content=\"https:\/\/dicodusport.fr\/blog\/wp-content\/uploads\/2017\/12\/Cyclisme-f\u00e9minin.png\" \/>\n\t<meta property=\"og:image:width\" content=\"1200\" \/>\n\t<meta property=\"og:image:height\" content=\"670\" \/>\n\t<meta property=\"og:image:type\" content=\"image\/png\" \/>\n<meta name=\"author\" content=\"Flo Ostermann\" \/>\n<meta name=\"twitter:card\" content=\"summary_large_image\" \/>\n<meta name=\"twitter:creator\" content=\"@https:\/\/twitter.com\/FlOstermann\" \/>\n<meta name=\"twitter:site\" content=\"@dicodusport\" \/>\n<script type=\"application\/ld+json\" class=\"yoast-schema-graph\">{\"@context\":\"https:\/\/schema.org\",\"@graph\":[{\"@type\":\"NewsArticle\",\"@id\":\"https:\/\/dicodusport.fr\/blog\/sport-au-feminin-14-zoom-saison-2018-cyclisme-coup-de-chapeau-lucine-godet\/#article\",\"isPartOf\":{\"@id\":\"https:\/\/dicodusport.fr\/blog\/sport-au-feminin-14-zoom-saison-2018-cyclisme-coup-de-chapeau-lucine-godet\/\"},\"author\":{\"name\":\"Flo Ostermann\",\"@id\":\"https:\/\/dicodusport.fr\/blog\/#\/schema\/person\/cb02af4c173ce4a653b55e9baf388d4a\"},\"headline\":\"Sport au f\u00e9minin #14 : zoom sur la saison 2018 de cyclisme, coup de chapeau \u00e0 Cl\u00e9mentine Lucine et Aur\u00e9lie Godet\",\"datePublished\":\"2017-12-13T16:04:42+00:00\",\"dateModified\":\"2017-12-14T13:29:53+00:00\",\"mainEntityOfPage\":{\"@id\":\"https:\/\/dicodusport.fr\/blog\/sport-au-feminin-14-zoom-saison-2018-cyclisme-coup-de-chapeau-lucine-godet\/\"},\"wordCount\":1427,\"commentCount\":0,\"publisher\":{\"@id\":\"https:\/\/dicodusport.fr\/blog\/#organization\"},\"image\":{\"@id\":\"https:\/\/dicodusport.fr\/blog\/sport-au-feminin-14-zoom-saison-2018-cyclisme-coup-de-chapeau-lucine-godet\/#primaryimage\"},\"thumbnailUrl\":\"https:\/\/dicodusport.fr\/blog\/wp-content\/uploads\/2017\/12\/Cyclisme-f\u00e9minin.png\",\"keywords\":[\"cyclisme f\u00e9minin\",\"Floorball\",\"Sports collectifs\",\"wakeboard\"],\"articleSection\":[\"Actualit\u00e9s\",\"Multisports\"],\"inLanguage\":\"fr-FR\",\"potentialAction\":[{\"@type\":\"CommentAction\",\"name\":\"Comment\",\"target\":[\"https:\/\/dicodusport.fr\/blog\/sport-au-feminin-14-zoom-saison-2018-cyclisme-coup-de-chapeau-lucine-godet\/#respond\"]}],\"copyrightYear\":\"2017\",\"copyrightHolder\":{\"@id\":\"https:\/\/dicodusport.fr\/blog\/#organization\"}},{\"@type\":\"WebPage\",\"@id\":\"https:\/\/dicodusport.fr\/blog\/sport-au-feminin-14-zoom-saison-2018-cyclisme-coup-de-chapeau-lucine-godet\/\",\"url\":\"https:\/\/dicodusport.fr\/blog\/sport-au-feminin-14-zoom-saison-2018-cyclisme-coup-de-chapeau-lucine-godet\/\",\"name\":\"Sport au f\u00e9minin #14 : zoom sur la saison 2018 de cyclisme, coup de chapeau \u00e0 Cl\u00e9mentine Lucine et Aur\u00e9lie Godet\",\"isPartOf\":{\"@id\":\"https:\/\/dicodusport.fr\/blog\/#website\"},\"primaryImageOfPage\":{\"@id\":\"https:\/\/dicodusport.fr\/blog\/sport-au-feminin-14-zoom-saison-2018-cyclisme-coup-de-chapeau-lucine-godet\/#primaryimage\"},\"image\":{\"@id\":\"https:\/\/dicodusport.fr\/blog\/sport-au-feminin-14-zoom-saison-2018-cyclisme-coup-de-chapeau-lucine-godet\/#primaryimage\"},\"thumbnailUrl\":\"https:\/\/dicodusport.fr\/blog\/wp-content\/uploads\/2017\/12\/Cyclisme-f\u00e9minin.png\",\"datePublished\":\"2017-12-13T16:04:42+00:00\",\"dateModified\":\"2017-12-14T13:29:53+00:00\",\"description\":\"Au menu cette semaine, gros coup de chapeau \u00e0 Cl\u00e9mentine Lucine et Aur\u00e9lie Godet, zoom sur la saison 2018 de cyclisme et les sports collectifs.\",\"breadcrumb\":{\"@id\":\"https:\/\/dicodusport.fr\/blog\/sport-au-feminin-14-zoom-saison-2018-cyclisme-coup-de-chapeau-lucine-godet\/#breadcrumb\"},\"inLanguage\":\"fr-FR\",\"potentialAction\":[{\"@type\":\"ReadAction\",\"target\":[\"https:\/\/dicodusport.fr\/blog\/sport-au-feminin-14-zoom-saison-2018-cyclisme-coup-de-chapeau-lucine-godet\/\"]}]},{\"@type\":\"ImageObject\",\"inLanguage\":\"fr-FR\",\"@id\":\"https:\/\/dicodusport.fr\/blog\/sport-au-feminin-14-zoom-saison-2018-cyclisme-coup-de-chapeau-lucine-godet\/#primaryimage\",\"url\":\"https:\/\/dicodusport.fr\/blog\/wp-content\/uploads\/2017\/12\/Cyclisme-f\u00e9minin.png\",\"contentUrl\":\"https:\/\/dicodusport.fr\/blog\/wp-content\/uploads\/2017\/12\/Cyclisme-f\u00e9minin.png\",\"width\":1200,\"height\":670},{\"@type\":\"BreadcrumbList\",\"@id\":\"https:\/\/dicodusport.fr\/blog\/sport-au-feminin-14-zoom-saison-2018-cyclisme-coup-de-chapeau-lucine-godet\/#breadcrumb\",\"itemListElement\":[{\"@type\":\"ListItem\",\"position\":1,\"name\":\"Accueil\",\"item\":\"https:\/\/dicodusport.fr\/blog\/\"},{\"@type\":\"ListItem\",\"position\":2,\"name\":\"Sport au f\u00e9minin #14 : zoom sur la saison 2018 de cyclisme, coup de chapeau \u00e0 Cl\u00e9mentine Lucine et Aur\u00e9lie Godet\"}]},{\"@type\":\"WebSite\",\"@id\":\"https:\/\/dicodusport.fr\/blog\/#website\",\"url\":\"https:\/\/dicodusport.fr\/blog\/\",\"name\":\"Dicodusport\",\"description\":\"L&#039;encyclop\u00e9die de l&#039;actualit\u00e9 sportive\",\"publisher\":{\"@id\":\"https:\/\/dicodusport.fr\/blog\/#organization\"},\"potentialAction\":[{\"@type\":\"SearchAction\",\"target\":{\"@type\":\"EntryPoint\",\"urlTemplate\":\"https:\/\/dicodusport.fr\/blog\/?s={search_term_string}\"},\"query-input\":{\"@type\":\"PropertyValueSpecification\",\"valueRequired\":true,\"valueName\":\"search_term_string\"}}],\"inLanguage\":\"fr-FR\"},{\"@type\":\"NewsMediaOrganization\",\"@id\":\"https:\/\/dicodusport.fr\/blog\/#organization\",\"name\":\"Dicodusport\",\"url\":\"https:\/\/dicodusport.fr\/blog\/\",\"logo\":{\"@type\":\"ImageObject\",\"inLanguage\":\"fr-FR\",\"@id\":\"https:\/\/dicodusport.fr\/blog\/#\/schema\/logo\/image\/\",\"url\":\"https:\/\/dicodusport.fr\/blog\/wp-content\/uploads\/2020\/06\/cropped-LOGO-DICODUSPORT-2020-SANS-FOND-SANS-TEXTE.png\",\"contentUrl\":\"https:\/\/dicodusport.fr\/blog\/wp-content\/uploads\/2020\/06\/cropped-LOGO-DICODUSPORT-2020-SANS-FOND-SANS-TEXTE.png\",\"width\":512,\"height\":512,\"caption\":\"Dicodusport\"},\"image\":{\"@id\":\"https:\/\/dicodusport.fr\/blog\/#\/schema\/logo\/image\/\"},\"sameAs\":[\"https:\/\/www.facebook.com\/dicodusport\",\"https:\/\/x.com\/dicodusport\",\"https:\/\/www.instagram.com\/dicodusport\/\",\"https:\/\/www.youtube.com\/channel\/UC7V2KZ5sd3htJivAbA4ZG3w\"],\"description\":\"Dicodusport est l'encyclop\u00e9die de l'actualit\u00e9 sportive.\",\"email\":\"bonjour@dicodusport.fr\",\"legalName\":\"DICODUSPORT\",\"foundingDate\":\"2018-01-14\",\"vatID\":\"FR71834470973\",\"taxID\":\"83447097300043\",\"numberOfEmployees\":{\"@type\":\"QuantitativeValue\",\"minValue\":\"1\",\"maxValue\":\"10\"}},{\"@type\":\"Person\",\"@id\":\"https:\/\/dicodusport.fr\/blog\/#\/schema\/person\/cb02af4c173ce4a653b55e9baf388d4a\",\"name\":\"Flo Ostermann\",\"image\":{\"@type\":\"ImageObject\",\"inLanguage\":\"fr-FR\",\"@id\":\"https:\/\/dicodusport.fr\/blog\/#\/schema\/person\/image\/\",\"url\":\"https:\/\/dicodusport.fr\/blog\/wp-content\/uploads\/2021\/05\/Flo-Ostermann-150x150.jpg\",\"contentUrl\":\"https:\/\/dicodusport.fr\/blog\/wp-content\/uploads\/2021\/05\/Flo-Ostermann-150x150.jpg\",\"caption\":\"Flo Ostermann\"},\"description\":\"Journaliste\/R\u00e9dacteur depuis septembre 2015 - Mes premiers souvenirs dans le sport ? Les envol\u00e9es du Stade Toulousain et les duels Villeneuve-Schumacher et H\u00e4kkinen-Schumacher \u00e0 la fin des ann\u00e9es 90, la Coupe du monde de football en 1998, l\u2019exploit du XV de France face aux All Blacks en 1999, mais aussi Richard C\u0153ur de Lion qui vole sur les montagnes du Tour de France. Bien parti pour devenir professeur d\u2019EPS, les \u00e9v\u00e9nements de la vie (et la flemme d\u2019animer des s\u00e9ances de 3x500 m\u00e8tres toute ma vie) m\u2019ont conduit \u00e0 revoir mes plans. Me voil\u00e0 depuis fin 2017 sur Dicodusport, m\u00e9dia gr\u00e2ce (et pour) lequel je partage ma passion : le sport dans tous ses \u00e9tats. Le tout accompagn\u00e9 par les fous furieux et folles furieuses cit\u00e9s sur cette page !\",\"sameAs\":[\"https:\/\/www.facebook.com\/florent.ostermann\",\"https:\/\/x.com\/https:\/\/twitter.com\/FlOstermann\",\"admin\"],\"url\":\"https:\/\/dicodusport.fr\/blog\/author\/flo\/\"}]}<\/script>\n<!-- \/ Yoast SEO Premium plugin. -->","yoast_head_json":{"title":"Sport au f\u00e9minin #14 : zoom sur la saison 2018 de cyclisme, coup de chapeau \u00e0 Cl\u00e9mentine Lucine et Aur\u00e9lie Godet","description":"Au menu cette semaine, gros coup de chapeau \u00e0 Cl\u00e9mentine Lucine et Aur\u00e9lie Godet, zoom sur la saison 2018 de cyclisme et les sports collectifs.","robots":{"index":"index","follow":"follow","max-snippet":"max-snippet:-1","max-image-preview":"max-image-preview:large","max-video-preview":"max-video-preview:-1"},"canonical":"https:\/\/dicodusport.fr\/blog\/sport-au-feminin-14-zoom-saison-2018-cyclisme-coup-de-chapeau-lucine-godet\/","og_locale":"fr_FR","og_type":"article","og_title":"Sport au f\u00e9minin #14 : zoom sur la saison 2018 de cyclisme, coup de chapeau \u00e0 Cl\u00e9mentine Lucine et Aur\u00e9lie Godet","og_description":"Au menu cette semaine, gros coup de chapeau \u00e0 Cl\u00e9mentine Lucine et Aur\u00e9lie Godet, zoom sur la saison 2018 de cyclisme et les sports collectifs.","og_url":"https:\/\/dicodusport.fr\/blog\/sport-au-feminin-14-zoom-saison-2018-cyclisme-coup-de-chapeau-lucine-godet\/","og_site_name":"Dicodusport","article_publisher":"https:\/\/www.facebook.com\/dicodusport","article_author":"https:\/\/www.facebook.com\/florent.ostermann","article_published_time":"2017-12-13T16:04:42+00:00","article_modified_time":"2017-12-14T13:29:53+00:00","og_image":[{"width":1200,"height":670,"url":"https:\/\/dicodusport.fr\/blog\/wp-content\/uploads\/2017\/12\/Cyclisme-f\u00e9minin.png","type":"image\/png"}],"author":"Flo Ostermann","twitter_card":"summary_large_image","twitter_creator":"@https:\/\/twitter.com\/FlOstermann","twitter_site":"@dicodusport","schema":{"@context":"https:\/\/schema.org","@graph":[{"@type":"NewsArticle","@id":"https:\/\/dicodusport.fr\/blog\/sport-au-feminin-14-zoom-saison-2018-cyclisme-coup-de-chapeau-lucine-godet\/#article","isPartOf":{"@id":"https:\/\/dicodusport.fr\/blog\/sport-au-feminin-14-zoom-saison-2018-cyclisme-coup-de-chapeau-lucine-godet\/"},"author":{"name":"Flo Ostermann","@id":"https:\/\/dicodusport.fr\/blog\/#\/schema\/person\/cb02af4c173ce4a653b55e9baf388d4a"},"headline":"Sport au f\u00e9minin #14 : zoom sur la saison 2018 de cyclisme, coup de chapeau \u00e0 Cl\u00e9mentine Lucine et Aur\u00e9lie Godet","datePublished":"2017-12-13T16:04:42+00:00","dateModified":"2017-12-14T13:29:53+00:00","mainEntityOfPage":{"@id":"https:\/\/dicodusport.fr\/blog\/sport-au-feminin-14-zoom-saison-2018-cyclisme-coup-de-chapeau-lucine-godet\/"},"wordCount":1427,"commentCount":0,"publisher":{"@id":"https:\/\/dicodusport.fr\/blog\/#organization"},"image":{"@id":"https:\/\/dicodusport.fr\/blog\/sport-au-feminin-14-zoom-saison-2018-cyclisme-coup-de-chapeau-lucine-godet\/#primaryimage"},"thumbnailUrl":"https:\/\/dicodusport.fr\/blog\/wp-content\/uploads\/2017\/12\/Cyclisme-f\u00e9minin.png","keywords":["cyclisme f\u00e9minin","Floorball","Sports collectifs","wakeboard"],"articleSection":["Actualit\u00e9s","Multisports"],"inLanguage":"fr-FR","potentialAction":[{"@type":"CommentAction","name":"Comment","target":["https:\/\/dicodusport.fr\/blog\/sport-au-feminin-14-zoom-saison-2018-cyclisme-coup-de-chapeau-lucine-godet\/#respond"]}],"copyrightYear":"2017","copyrightHolder":{"@id":"https:\/\/dicodusport.fr\/blog\/#organization"}},{"@type":"WebPage","@id":"https:\/\/dicodusport.fr\/blog\/sport-au-feminin-14-zoom-saison-2018-cyclisme-coup-de-chapeau-lucine-godet\/","url":"https:\/\/dicodusport.fr\/blog\/sport-au-feminin-14-zoom-saison-2018-cyclisme-coup-de-chapeau-lucine-godet\/","name":"Sport au f\u00e9minin #14 : zoom sur la saison 2018 de cyclisme, coup de chapeau \u00e0 Cl\u00e9mentine Lucine et Aur\u00e9lie Godet","isPartOf":{"@id":"https:\/\/dicodusport.fr\/blog\/#website"},"primaryImageOfPage":{"@id":"https:\/\/dicodusport.fr\/blog\/sport-au-feminin-14-zoom-saison-2018-cyclisme-coup-de-chapeau-lucine-godet\/#primaryimage"},"image":{"@id":"https:\/\/dicodusport.fr\/blog\/sport-au-feminin-14-zoom-saison-2018-cyclisme-coup-de-chapeau-lucine-godet\/#primaryimage"},"thumbnailUrl":"https:\/\/dicodusport.fr\/blog\/wp-content\/uploads\/2017\/12\/Cyclisme-f\u00e9minin.png","datePublished":"2017-12-13T16:04:42+00:00","dateModified":"2017-12-14T13:29:53+00:00","description":"Au menu cette semaine, gros coup de chapeau \u00e0 Cl\u00e9mentine Lucine et Aur\u00e9lie Godet, zoom sur la saison 2018 de cyclisme et les sports collectifs.","breadcrumb":{"@id":"https:\/\/dicodusport.fr\/blog\/sport-au-feminin-14-zoom-saison-2018-cyclisme-coup-de-chapeau-lucine-godet\/#breadcrumb"},"inLanguage":"fr-FR","potentialAction":[{"@type":"ReadAction","target":["https:\/\/dicodusport.fr\/blog\/sport-au-feminin-14-zoom-saison-2018-cyclisme-coup-de-chapeau-lucine-godet\/"]}]},{"@type":"ImageObject","inLanguage":"fr-FR","@id":"https:\/\/dicodusport.fr\/blog\/sport-au-feminin-14-zoom-saison-2018-cyclisme-coup-de-chapeau-lucine-godet\/#primaryimage","url":"https:\/\/dicodusport.fr\/blog\/wp-content\/uploads\/2017\/12\/Cyclisme-f\u00e9minin.png","contentUrl":"https:\/\/dicodusport.fr\/blog\/wp-content\/uploads\/2017\/12\/Cyclisme-f\u00e9minin.png","width":1200,"height":670},{"@type":"BreadcrumbList","@id":"https:\/\/dicodusport.fr\/blog\/sport-au-feminin-14-zoom-saison-2018-cyclisme-coup-de-chapeau-lucine-godet\/#breadcrumb","itemListElement":[{"@type":"ListItem","position":1,"name":"Accueil","item":"https:\/\/dicodusport.fr\/blog\/"},{"@type":"ListItem","position":2,"name":"Sport au f\u00e9minin #14 : zoom sur la saison 2018 de cyclisme, coup de chapeau \u00e0 Cl\u00e9mentine Lucine et Aur\u00e9lie Godet"}]},{"@type":"WebSite","@id":"https:\/\/dicodusport.fr\/blog\/#website","url":"https:\/\/dicodusport.fr\/blog\/","name":"Dicodusport","description":"L&#039;encyclop\u00e9die de l&#039;actualit\u00e9 sportive","publisher":{"@id":"https:\/\/dicodusport.fr\/blog\/#organization"},"potentialAction":[{"@type":"SearchAction","target":{"@type":"EntryPoint","urlTemplate":"https:\/\/dicodusport.fr\/blog\/?s={search_term_string}"},"query-input":{"@type":"PropertyValueSpecification","valueRequired":true,"valueName":"search_term_string"}}],"inLanguage":"fr-FR"},{"@type":"NewsMediaOrganization","@id":"https:\/\/dicodusport.fr\/blog\/#organization","name":"Dicodusport","url":"https:\/\/dicodusport.fr\/blog\/","logo":{"@type":"ImageObject","inLanguage":"fr-FR","@id":"https:\/\/dicodusport.fr\/blog\/#\/schema\/logo\/image\/","url":"https:\/\/dicodusport.fr\/blog\/wp-content\/uploads\/2020\/06\/cropped-LOGO-DICODUSPORT-2020-SANS-FOND-SANS-TEXTE.png","contentUrl":"https:\/\/dicodusport.fr\/blog\/wp-content\/uploads\/2020\/06\/cropped-LOGO-DICODUSPORT-2020-SANS-FOND-SANS-TEXTE.png","width":512,"height":512,"caption":"Dicodusport"},"image":{"@id":"https:\/\/dicodusport.fr\/blog\/#\/schema\/logo\/image\/"},"sameAs":["https:\/\/www.facebook.com\/dicodusport","https:\/\/x.com\/dicodusport","https:\/\/www.instagram.com\/dicodusport\/","https:\/\/www.youtube.com\/channel\/UC7V2KZ5sd3htJivAbA4ZG3w"],"description":"Dicodusport est l'encyclop\u00e9die de l'actualit\u00e9 sportive.","email":"bonjour@dicodusport.fr","legalName":"DICODUSPORT","foundingDate":"2018-01-14","vatID":"FR71834470973","taxID":"83447097300043","numberOfEmployees":{"@type":"QuantitativeValue","minValue":"1","maxValue":"10"}},{"@type":"Person","@id":"https:\/\/dicodusport.fr\/blog\/#\/schema\/person\/cb02af4c173ce4a653b55e9baf388d4a","name":"Flo Ostermann","image":{"@type":"ImageObject","inLanguage":"fr-FR","@id":"https:\/\/dicodusport.fr\/blog\/#\/schema\/person\/image\/","url":"https:\/\/dicodusport.fr\/blog\/wp-content\/uploads\/2021\/05\/Flo-Ostermann-150x150.jpg","contentUrl":"https:\/\/dicodusport.fr\/blog\/wp-content\/uploads\/2021\/05\/Flo-Ostermann-150x150.jpg","caption":"Flo Ostermann"},"description":"Journaliste\/R\u00e9dacteur depuis septembre 2015 - Mes premiers souvenirs dans le sport ? Les envol\u00e9es du Stade Toulousain et les duels Villeneuve-Schumacher et H\u00e4kkinen-Schumacher \u00e0 la fin des ann\u00e9es 90, la Coupe du monde de football en 1998, l\u2019exploit du XV de France face aux All Blacks en 1999, mais aussi Richard C\u0153ur de Lion qui vole sur les montagnes du Tour de France. Bien parti pour devenir professeur d\u2019EPS, les \u00e9v\u00e9nements de la vie (et la flemme d\u2019animer des s\u00e9ances de 3x500 m\u00e8tres toute ma vie) m\u2019ont conduit \u00e0 revoir mes plans. Me voil\u00e0 depuis fin 2017 sur Dicodusport, m\u00e9dia gr\u00e2ce (et pour) lequel je partage ma passion : le sport dans tous ses \u00e9tats. Le tout accompagn\u00e9 par les fous furieux et folles furieuses cit\u00e9s sur cette page !","sameAs":["https:\/\/www.facebook.com\/florent.ostermann","https:\/\/x.com\/https:\/\/twitter.com\/FlOstermann","admin"],"url":"https:\/\/dicodusport.fr\/blog\/author\/flo\/"}]}},"_links":{"self":[{"href":"https:\/\/dicodusport.fr\/blog\/wp-json\/wp\/v2\/posts\/8629","targetHints":{"allow":["GET"]}}],"collection":[{"href":"https:\/\/dicodusport.fr\/blog\/wp-json\/wp\/v2\/posts"}],"about":[{"href":"https:\/\/dicodusport.fr\/blog\/wp-json\/wp\/v2\/types\/post"}],"author":[{"embeddable":true,"href":"https:\/\/dicodusport.fr\/blog\/wp-json\/wp\/v2\/users\/4"}],"replies":[{"embeddable":true,"href":"https:\/\/dicodusport.fr\/blog\/wp-json\/wp\/v2\/comments?post=8629"}],"version-history":[{"count":0,"href":"https:\/\/dicodusport.fr\/blog\/wp-json\/wp\/v2\/posts\/8629\/revisions"}],"wp:featuredmedia":[{"embeddable":true,"href":"https:\/\/dicodusport.fr\/blog\/wp-json\/wp\/v2\/media\/8635"}],"wp:attachment":[{"href":"https:\/\/dicodusport.fr\/blog\/wp-json\/wp\/v2\/media?parent=8629"}],"wp:term":[{"taxonomy":"category","embeddable":true,"href":"https:\/\/dicodusport.fr\/blog\/wp-json\/wp\/v2\/categories?post=8629"},{"taxonomy":"post_tag","embeddable":true,"href":"https:\/\/dicodusport.fr\/blog\/wp-json\/wp\/v2\/tags?post=8629"}],"curies":[{"name":"wp","href":"https:\/\/api.w.org\/{rel}","templated":true}]}}