{"id":86486,"date":"2020-11-08T10:17:25","date_gmt":"2020-11-08T09:17:25","guid":{"rendered":"https:\/\/dicodusport.fr\/blog\/?p=86486"},"modified":"2021-07-27T08:46:42","modified_gmt":"2021-07-27T06:46:42","slug":"ultra-trail-kilian-jornet-nous-invite-au-dela-des-montagnes","status":"publish","type":"post","link":"https:\/\/dicodusport.fr\/blog\/ultra-trail-kilian-jornet-nous-invite-au-dela-des-montagnes\/","title":{"rendered":"Ultra-Trail : Kilian Jornet nous invite \u00ab\u00a0Au-del\u00e0 des montagnes\u00a0\u00bb"},"content":{"rendered":"<p style=\"text-align: justify;\"><em><strong>L&rsquo;athl\u00e8te espagnol <a href=\"https:\/\/dicodusport.fr\/blog\/tag\/kilian-jornet\/\" target=\"_blank\" rel=\"noopener noreferrer\">Kilian Jornet<\/a> a sorti un nouveau livre ce mercredi. Dans \u00ab\u00a0Au-del\u00e0 des montagnes\u00a0\u00bb, il nous invite \u00e0 d\u00e9couvrir sa carri\u00e8re de plus pr\u00e8s et ses choix de vie.<\/strong><\/em><\/p>\n<p style=\"text-align: justify;\">S&rsquo;il accumule les kilom\u00e8tres et les exploits en tout genre, le plus c\u00e9l\u00e8bre des trailers a \u00e9galement beaucoup de choses \u00e0 raconter. En effet, son livre <strong><em>Au-del\u00e0 des montagnes<\/em><\/strong> est d\u00e9j\u00e0 le 5\u00e8me. Au sein de ce dernier, outre la course \u00e0 pied, il est question de son amour pour la montagne. Un fil conducteur nous guide tout au long de l&rsquo;ouvrage : son ascension de l&rsquo;Everest en 2017. Suivez le guide, on vous fait part de quelques anecdotes du champion, qui s&rsquo;\u00e9tait confi\u00e9 pour <em><a href=\"https:\/\/www.lequipe.fr\/Adrenaline\/Ultra-trail\/Actualites\/Kilian-jornet-on-est-tres-forts-pour-dire-aux-nepalais-ce-qu-ils-doivent-faire\/1191026#xtor=RSS-1\" target=\"_blank\" rel=\"noopener noreferrer\">L&rsquo;\u00c9quipe<\/a>.<\/em><\/p>\n<h2 style=\"text-align: justify;\">Une vision \u00e9co-citoyenne<\/h2>\n<p style=\"text-align: justify;\">Il le reconna\u00eet lui m\u00eame, il a d\u00fb changer ses habitudes et son mode de vie. M\u00eame s&rsquo;il <strong><em>\u00ab <\/em><\/strong><strong>pense avoir une conscience environnementale depuis tout petit<\/strong> <strong><em>\u00bb<\/em><\/strong><em>,<\/em> il admet que <strong><em>\u00ab\u00a0<\/em><\/strong><em><strong>(ses) 10 derni\u00e8res ann\u00e9es ont \u00e9t\u00e9 catastrophiques en termes d&rsquo;impact environnemental<\/strong><\/em>\u00a0<strong><em>\u00bb.<\/em><\/strong> \u00a0Celui qui a lanc\u00e9 la <strong><em>Kilian Jornet Foundation<\/em><\/strong> \u00e9voque tr\u00e8s longuement ce sujet dans son livre. De plus, il aborde l&rsquo;impact d&rsquo;un monde ultra-connect\u00e9. S&rsquo;il ne regrette pas le pass\u00e9 sans les r\u00e9seaux sociaux ou internet, il fait passer le message de se recentrer sur la nature. <strong><em>\u00ab\u00a0<\/em><\/strong><em><strong>Plus on est connect\u00e9 avec la nature et plus on est conscient qu&rsquo;on fait partie d&rsquo;elle.<\/strong> Et qu&rsquo;on est juste un autre animal dans le monde. Ceci peut nous rendre plus conscient de prot\u00e9ger la plan\u00e8te.<strong>\u00bb<\/strong><\/em><\/p>\n<h2 style=\"text-align: justify;\">La victoire n&rsquo;est que \u00ab cerise sur le g\u00e2teau \u00bb<\/h2>\n<p style=\"text-align: justify;\">Des victoires, il en a connues. L&rsquo;Espagnol poss\u00e8de un palmar\u00e8s long comme le bras. Et il franchira la ligne d&rsquo;arriv\u00e9e le 1er et battra des encore records pendant quelques ann\u00e9es. Mais Kilian Jornet <strong>\u00ab\u00a0<\/strong><em>n&rsquo;aime pas cette mythification de la victoire. <strong>\u00bb<\/strong><\/em>\u00a0Selon lui, <strong><em>\u00ab\u00a0<\/em><\/strong><em>on m\u00e9diatise trop les vainqueurs<\/em> <strong><em>\u00bb <\/em><\/strong>et il faudrait avoir une vision plus globale des athl\u00e8tes sans s&rsquo;arr\u00eater au simple r\u00e9sultat. <strong><em>\u00ab\u00a0<\/em><\/strong><em>Je pense qu&rsquo;il faut avant tout regarder la performance de chacun et savoir l&rsquo;appr\u00e9cier. <strong>Si tu regardes le sport dans les m\u00e9dias, ce n&rsquo;est qu&rsquo;une histoire de vainqueurs et de perdants.<\/strong> <strong>En r\u00e9alit\u00e9, le sport ce sont des participants, des organisateurs, des b\u00e9n\u00e9voles, des accompagnants. Et \u00e7a, on l&rsquo;oublie facilement<\/strong>. C&rsquo;est de ma faute, celle des m\u00e9dias, des marques, des f\u00e9d\u00e9rations&#8230; On a tous une part de culpabilit\u00e9 l\u00e0-dedans. On promeut ce mod\u00e8le de sport \u00e9litiste mais je pense qu&rsquo;il faut r\u00e9fl\u00e9chir car le sport c&rsquo;est aussi tout ce qu&rsquo;il y a autour. <strong>Tu n&rsquo;es pas une meilleure personne que l&rsquo;autre parce que tu as gagn\u00e9 une course. \u00bb<\/strong><\/em><\/p>\n<blockquote class=\"twitter-tweet\">\n<p dir=\"ltr\" lang=\"fr\">Kilian Jornet : \u00ab On est tr\u00e8s forts pour dire aux N\u00e9palais ce qu&rsquo;ils doivent faire \u00bb <a href=\"https:\/\/t.co\/bYpmZwC5Kz\">https:\/\/t.co\/bYpmZwC5Kz<\/a><\/p>\n<p>\u2014 Adr\u00e9naline (@eadrenaline) <a href=\"https:\/\/twitter.com\/eadrenaline\/status\/1324053064110792706?ref_src=twsrc%5Etfw\">November 4, 2020<\/a><\/p><\/blockquote>\n<p><script async src=\"https:\/\/platform.twitter.com\/widgets.js\" charset=\"utf-8\"><\/script><\/p>\n<h2 style=\"text-align: justify;\">Une montagne exceptionnelle : l&rsquo;Everest<\/h2>\n<p style=\"text-align: justify;\">Lui qui avait donc r\u00e9alis\u00e9 deux ascensions du plus haut sommet du monde en 2017 et sans oxyg\u00e8ne se livre longuement sur cette r\u00e9gion du monde. Tout d&rsquo;abord, il met en avant les sensations qu&rsquo;il a lorsqu&rsquo;il arpente la cha\u00eene de l&rsquo;Himalaya. <strong><em>\u00ab\u00a0<\/em><\/strong><strong><em>C&rsquo;est une montagne qui est vraiment exceptionnelle, tr\u00e8s belle. Et \u00eatre tout seul, au-del\u00e0 de 8 000 m, ce sont les moments les plus forts de ma vie de sportif en termes de sensations<\/em><\/strong>. <strong><em>\u00bb<\/em><\/strong> \u00c0 une question qui mettait en avant le fait que de plus en plus d&rsquo;ascensions \u00e9taient propos\u00e9es aux touristes notamment, pour gravir le K2 il a r\u00e9pondu et ce sans langue de bois. <strong><em>\u00ab\u00a0<\/em><\/strong><em><strong>On est tr\u00e8s forts, nous en Europe, pour dire aux N\u00e9palais ce qu&rsquo;ils doivent faire ou ne pas faire.<\/strong> Alors que nous, les Alpes, nous les avons bien d\u00e9truites. <strong>Sur l&rsquo;Everest, il n&rsquo;y a quand m\u00eame pas un t\u00e9l\u00e9ph\u00e9rique qui monte jusqu&rsquo;\u00e0 1 000 m\u00e8tres du sommet comme au Mont-Blanc.<\/strong> Je pense donc que la surpopulation des sommets dans l&rsquo;Himalaya \u00e7a commence \u00e0 \u00eatre un probl\u00e8me certes dans certains endroits, mais c&rsquo;est tr\u00e8s ponctuel et tr\u00e8s sp\u00e9cifique.<strong>\u00bb<\/strong><\/em><\/p>\n<h2 style=\"text-align: justify;\">Une tentative de record qui attendra<\/h2>\n<p style=\"text-align: justify;\">Pour son premier 10km officiel, il remplissait son objectif il y a un peu moins d&rsquo;un mois. S&rsquo;il ne remporta pas la course, il signa un chrono de 29\u203259. Sous la barre symbolique des 30 min donc. Lui qui pendant cette p\u00e9riode si complexe s&rsquo;\u00e9tait <em><strong>\u00ab\u00a0<\/strong>r\u00e9gal\u00e9 \u00e0 monter des projets et des ascensions ici en Norv\u00e8ge <strong>\u00bb<\/strong><\/em>, avait \u00e9galement un autre projet en t\u00eate. Celui de battre le <a href=\"https:\/\/dicodusport.fr\/blog\/kilian-jornet-sattaque-au-record-du-monde-des-24-heures-sur-piste\/\">record des 24h sur piste.<\/a> Actuellement bless\u00e9, cette tentative devra donc \u00eatre report\u00e9e et peut-\u00eatre qu&rsquo;un autre projet verra le jour avant. <strong><em>\u00ab\u00a0<\/em><\/strong><em><strong>Je sais que je veux faire des choses mais je ne sais pas encore quoi.<\/strong><\/em>\u00a0 <em><strong>Plut\u00f4t une longue distance ou plut\u00f4t du court encore. Je d\u00e9ciderai en fonction de l\u2019\u00e9volution de ma blessure.<\/strong><\/em> <strong><em>\u00bb<\/em><\/strong><\/p>\n<p><strong><em>Julien Correia<br \/>\n<a href=\"https:\/\/www.facebook.com\/julien.correia.52\" target=\"_blank\" rel=\"noopener noreferrer\"><img loading=\"lazy\" decoding=\"async\" class=\"alignnone wp-image-2909\" src=\"http:\/\/dicodusport.fr\/blog\/wp-content\/uploads\/2017\/07\/logo-facebook-150x150.png\" alt=\"\" width=\"40\" height=\"40\" \/><\/a><a href=\"https:\/\/twitter.com\/julienco_psg70\" target=\"_blank\" rel=\"noopener noreferrer\"><img loading=\"lazy\" decoding=\"async\" class=\"alignnone wp-image-2908\" src=\"http:\/\/dicodusport.fr\/blog\/wp-content\/uploads\/2017\/07\/logo-twitter-150x150.png\" alt=\"\" width=\"39\" height=\"39\" \/><\/a><\/em><\/strong><\/p>\n<p>&nbsp;<\/p>\n","protected":false},"excerpt":{"rendered":"<p>L&rsquo;athl\u00e8te espagnol Kilian Jornet a sorti un nouveau livre ce mercredi. Dans \u00ab\u00a0Au-del\u00e0 des montagnes\u00a0\u00bb, il nous invite \u00e0 d\u00e9couvrir sa carri\u00e8re de plus pr\u00e8s et ses choix de vie.<\/p>\n","protected":false},"author":37,"featured_media":150875,"comment_status":"open","ping_status":"closed","sticky":false,"template":"","format":"standard","meta":{"_acf_changed":false,"_daextam_enable_autolinks":"","footnotes":""},"categories":[8673],"tags":[143,4231,24,5836],"class_list":["post-86486","post","type-post","status-publish","format-standard","has-post-thumbnail","hentry","category-trail","tag-athletisme","tag-kilian-jornet","tag-sport","tag-ultra-trail"],"acf":[],"yoast_head":"<!-- This site is optimized with the Yoast SEO Premium plugin v26.7 (Yoast SEO v26.7) - https:\/\/yoast.com\/wordpress\/plugins\/seo\/ -->\n<title>Ultra-Trail : Kilian Jornet nous invite &quot;Au-del\u00e0 des montagnes&quot;<\/title>\n<meta name=\"description\" content=\"L&#039;athl\u00e8te espagnol Kilian Jornet a sorti un nouveau livre ce mercredi. Dans &quot;Au-del\u00e0 des montagnes&quot;, il nous invite \u00e0 d\u00e9couvrir sa carri\u00e8re de plus pr\u00e8s et ses choix de vie.\" \/>\n<meta name=\"robots\" content=\"index, follow, max-snippet:-1, max-image-preview:large, max-video-preview:-1\" \/>\n<link rel=\"canonical\" href=\"https:\/\/dicodusport.fr\/blog\/ultra-trail-kilian-jornet-nous-invite-au-dela-des-montagnes\/\" \/>\n<meta property=\"og:locale\" content=\"fr_FR\" \/>\n<meta property=\"og:type\" content=\"article\" \/>\n<meta property=\"og:title\" content=\"Ultra-Trail : Kilian Jornet nous invite &quot;Au-del\u00e0 des montagnes&quot;\" \/>\n<meta property=\"og:description\" content=\"L&#039;athl\u00e8te espagnol Kilian Jornet a sorti un nouveau livre ce mercredi. Dans &quot;Au-del\u00e0 des montagnes&quot;, il nous invite \u00e0 d\u00e9couvrir sa carri\u00e8re de plus pr\u00e8s et ses choix de vie.\" \/>\n<meta property=\"og:url\" content=\"https:\/\/dicodusport.fr\/blog\/ultra-trail-kilian-jornet-nous-invite-au-dela-des-montagnes\/\" \/>\n<meta property=\"og:site_name\" content=\"Dicodusport\" \/>\n<meta property=\"article:publisher\" content=\"https:\/\/www.facebook.com\/dicodusport\" \/>\n<meta property=\"article:author\" content=\"https:\/\/www.facebook.com\/julien.correia.52\" \/>\n<meta property=\"article:published_time\" content=\"2020-11-08T09:17:25+00:00\" \/>\n<meta property=\"article:modified_time\" content=\"2021-07-27T06:46:42+00:00\" \/>\n<meta property=\"og:image\" content=\"https:\/\/dicodusport.fr\/blog\/wp-content\/uploads\/2020\/11\/Kilian-Jornet-nous-invite-Au-dela\u0300-des-montagnes.png\" \/>\n\t<meta property=\"og:image:width\" content=\"800\" \/>\n\t<meta property=\"og:image:height\" content=\"445\" \/>\n\t<meta property=\"og:image:type\" content=\"image\/png\" \/>\n<meta name=\"author\" content=\"Julien Correia\" \/>\n<meta name=\"twitter:card\" content=\"summary_large_image\" \/>\n<meta name=\"twitter:title\" content=\"Ultra-Trail : Kilian Jornet nous invite &quot;Au-del\u00e0 des montagnes&quot;\" \/>\n<meta name=\"twitter:creator\" content=\"@https:\/\/twitter.com\/julienco_psg70\" \/>\n<meta name=\"twitter:site\" content=\"@dicodusport\" \/>\n<script type=\"application\/ld+json\" class=\"yoast-schema-graph\">{\"@context\":\"https:\/\/schema.org\",\"@graph\":[{\"@type\":\"NewsArticle\",\"@id\":\"https:\/\/dicodusport.fr\/blog\/ultra-trail-kilian-jornet-nous-invite-au-dela-des-montagnes\/#article\",\"isPartOf\":{\"@id\":\"https:\/\/dicodusport.fr\/blog\/ultra-trail-kilian-jornet-nous-invite-au-dela-des-montagnes\/\"},\"author\":{\"name\":\"Julien Correia\",\"@id\":\"https:\/\/dicodusport.fr\/blog\/#\/schema\/person\/0f73d157e4670e108e23009fa82f2239\"},\"headline\":\"Ultra-Trail : Kilian Jornet nous invite \u00ab\u00a0Au-del\u00e0 des montagnes\u00a0\u00bb\",\"datePublished\":\"2020-11-08T09:17:25+00:00\",\"dateModified\":\"2021-07-27T06:46:42+00:00\",\"mainEntityOfPage\":{\"@id\":\"https:\/\/dicodusport.fr\/blog\/ultra-trail-kilian-jornet-nous-invite-au-dela-des-montagnes\/\"},\"wordCount\":872,\"commentCount\":0,\"publisher\":{\"@id\":\"https:\/\/dicodusport.fr\/blog\/#organization\"},\"image\":{\"@id\":\"https:\/\/dicodusport.fr\/blog\/ultra-trail-kilian-jornet-nous-invite-au-dela-des-montagnes\/#primaryimage\"},\"thumbnailUrl\":\"https:\/\/dicodusport.fr\/blog\/wp-content\/uploads\/2020\/11\/Kilian-Jornet-nous-invite-Au-dela\u0300-des-montagnes.png\",\"keywords\":[\"Athl\u00e9tisme\",\"Kilian Jornet\",\"sport\",\"Ultra-Trail\"],\"articleSection\":[\"Trail\"],\"inLanguage\":\"fr-FR\",\"potentialAction\":[{\"@type\":\"CommentAction\",\"name\":\"Comment\",\"target\":[\"https:\/\/dicodusport.fr\/blog\/ultra-trail-kilian-jornet-nous-invite-au-dela-des-montagnes\/#respond\"]}],\"copyrightYear\":\"2020\",\"copyrightHolder\":{\"@id\":\"https:\/\/dicodusport.fr\/blog\/#organization\"}},{\"@type\":\"WebPage\",\"@id\":\"https:\/\/dicodusport.fr\/blog\/ultra-trail-kilian-jornet-nous-invite-au-dela-des-montagnes\/\",\"url\":\"https:\/\/dicodusport.fr\/blog\/ultra-trail-kilian-jornet-nous-invite-au-dela-des-montagnes\/\",\"name\":\"Ultra-Trail : Kilian Jornet nous invite \\\"Au-del\u00e0 des montagnes\\\"\",\"isPartOf\":{\"@id\":\"https:\/\/dicodusport.fr\/blog\/#website\"},\"primaryImageOfPage\":{\"@id\":\"https:\/\/dicodusport.fr\/blog\/ultra-trail-kilian-jornet-nous-invite-au-dela-des-montagnes\/#primaryimage\"},\"image\":{\"@id\":\"https:\/\/dicodusport.fr\/blog\/ultra-trail-kilian-jornet-nous-invite-au-dela-des-montagnes\/#primaryimage\"},\"thumbnailUrl\":\"https:\/\/dicodusport.fr\/blog\/wp-content\/uploads\/2020\/11\/Kilian-Jornet-nous-invite-Au-dela\u0300-des-montagnes.png\",\"datePublished\":\"2020-11-08T09:17:25+00:00\",\"dateModified\":\"2021-07-27T06:46:42+00:00\",\"description\":\"L'athl\u00e8te espagnol Kilian Jornet a sorti un nouveau livre ce mercredi. Dans \\\"Au-del\u00e0 des montagnes\\\", il nous invite \u00e0 d\u00e9couvrir sa carri\u00e8re de plus pr\u00e8s et ses choix de vie.\",\"breadcrumb\":{\"@id\":\"https:\/\/dicodusport.fr\/blog\/ultra-trail-kilian-jornet-nous-invite-au-dela-des-montagnes\/#breadcrumb\"},\"inLanguage\":\"fr-FR\",\"potentialAction\":[{\"@type\":\"ReadAction\",\"target\":[\"https:\/\/dicodusport.fr\/blog\/ultra-trail-kilian-jornet-nous-invite-au-dela-des-montagnes\/\"]}]},{\"@type\":\"ImageObject\",\"inLanguage\":\"fr-FR\",\"@id\":\"https:\/\/dicodusport.fr\/blog\/ultra-trail-kilian-jornet-nous-invite-au-dela-des-montagnes\/#primaryimage\",\"url\":\"https:\/\/dicodusport.fr\/blog\/wp-content\/uploads\/2020\/11\/Kilian-Jornet-nous-invite-Au-dela\u0300-des-montagnes.png\",\"contentUrl\":\"https:\/\/dicodusport.fr\/blog\/wp-content\/uploads\/2020\/11\/Kilian-Jornet-nous-invite-Au-dela\u0300-des-montagnes.png\",\"width\":800,\"height\":445},{\"@type\":\"BreadcrumbList\",\"@id\":\"https:\/\/dicodusport.fr\/blog\/ultra-trail-kilian-jornet-nous-invite-au-dela-des-montagnes\/#breadcrumb\",\"itemListElement\":[{\"@type\":\"ListItem\",\"position\":1,\"name\":\"Accueil\",\"item\":\"https:\/\/dicodusport.fr\/blog\/\"},{\"@type\":\"ListItem\",\"position\":2,\"name\":\"Ultra-Trail : Kilian Jornet nous invite \u00ab\u00a0Au-del\u00e0 des montagnes\u00a0\u00bb\"}]},{\"@type\":\"WebSite\",\"@id\":\"https:\/\/dicodusport.fr\/blog\/#website\",\"url\":\"https:\/\/dicodusport.fr\/blog\/\",\"name\":\"Dicodusport\",\"description\":\"L&#039;encyclop\u00e9die de l&#039;actualit\u00e9 sportive\",\"publisher\":{\"@id\":\"https:\/\/dicodusport.fr\/blog\/#organization\"},\"potentialAction\":[{\"@type\":\"SearchAction\",\"target\":{\"@type\":\"EntryPoint\",\"urlTemplate\":\"https:\/\/dicodusport.fr\/blog\/?s={search_term_string}\"},\"query-input\":{\"@type\":\"PropertyValueSpecification\",\"valueRequired\":true,\"valueName\":\"search_term_string\"}}],\"inLanguage\":\"fr-FR\"},{\"@type\":\"NewsMediaOrganization\",\"@id\":\"https:\/\/dicodusport.fr\/blog\/#organization\",\"name\":\"Dicodusport\",\"url\":\"https:\/\/dicodusport.fr\/blog\/\",\"logo\":{\"@type\":\"ImageObject\",\"inLanguage\":\"fr-FR\",\"@id\":\"https:\/\/dicodusport.fr\/blog\/#\/schema\/logo\/image\/\",\"url\":\"https:\/\/dicodusport.fr\/blog\/wp-content\/uploads\/2020\/06\/cropped-LOGO-DICODUSPORT-2020-SANS-FOND-SANS-TEXTE.png\",\"contentUrl\":\"https:\/\/dicodusport.fr\/blog\/wp-content\/uploads\/2020\/06\/cropped-LOGO-DICODUSPORT-2020-SANS-FOND-SANS-TEXTE.png\",\"width\":512,\"height\":512,\"caption\":\"Dicodusport\"},\"image\":{\"@id\":\"https:\/\/dicodusport.fr\/blog\/#\/schema\/logo\/image\/\"},\"sameAs\":[\"https:\/\/www.facebook.com\/dicodusport\",\"https:\/\/x.com\/dicodusport\",\"https:\/\/www.instagram.com\/dicodusport\/\",\"https:\/\/www.youtube.com\/channel\/UC7V2KZ5sd3htJivAbA4ZG3w\"],\"description\":\"Dicodusport est l'encyclop\u00e9die de l'actualit\u00e9 sportive.\",\"email\":\"bonjour@dicodusport.fr\",\"legalName\":\"DICODUSPORT\",\"foundingDate\":\"2018-01-14\",\"vatID\":\"FR71834470973\",\"taxID\":\"83447097300043\",\"numberOfEmployees\":{\"@type\":\"QuantitativeValue\",\"minValue\":\"1\",\"maxValue\":\"10\"}},{\"@type\":\"Person\",\"@id\":\"https:\/\/dicodusport.fr\/blog\/#\/schema\/person\/0f73d157e4670e108e23009fa82f2239\",\"name\":\"Julien Correia\",\"image\":{\"@type\":\"ImageObject\",\"inLanguage\":\"fr-FR\",\"@id\":\"https:\/\/dicodusport.fr\/blog\/#\/schema\/person\/image\/\",\"url\":\"https:\/\/dicodusport.fr\/blog\/wp-content\/uploads\/2021\/05\/Julien-Correia-150x150.jpg\",\"contentUrl\":\"https:\/\/dicodusport.fr\/blog\/wp-content\/uploads\/2021\/05\/Julien-Correia-150x150.jpg\",\"caption\":\"Julien Correia\"},\"description\":\"Journaliste\/r\u00e9dacteur depuis janvier 2019 - Tomb\u00e9 dans le monde du ballon rond \u00e9tant petit, j\u2019aurais pu devenir pro sans ces foutus ligaments crois\u00e9s. D\u00e9filant sur les champs (mais pas Elys\u00e9es) en 98, j\u2019ai \u00e9t\u00e9 berc\u00e9 par les exploits de Mister George, piqu\u00e9 par la technique du Snake, grandi avec Captain Rai et Ronnie, m\u00fbri avec Pauleta et Edi. Mais Ibracadabra, je suis d\u00e9sormais reconverti en runner\/traileur. Moins rapide que Bolt et moins endurant que Jornet, c\u2019est donc plume \u00e0 la main que je partage les exploits de ces athl\u00e8tes !\",\"sameAs\":[\"https:\/\/www.facebook.com\/julien.correia.52\",\"https:\/\/x.com\/https:\/\/twitter.com\/julienco_psg70\"],\"url\":\"https:\/\/dicodusport.fr\/blog\/author\/julien-c\/\"}]}<\/script>\n<!-- \/ Yoast SEO Premium plugin. -->","yoast_head_json":{"title":"Ultra-Trail : Kilian Jornet nous invite \"Au-del\u00e0 des montagnes\"","description":"L'athl\u00e8te espagnol Kilian Jornet a sorti un nouveau livre ce mercredi. Dans \"Au-del\u00e0 des montagnes\", il nous invite \u00e0 d\u00e9couvrir sa carri\u00e8re de plus pr\u00e8s et ses choix de vie.","robots":{"index":"index","follow":"follow","max-snippet":"max-snippet:-1","max-image-preview":"max-image-preview:large","max-video-preview":"max-video-preview:-1"},"canonical":"https:\/\/dicodusport.fr\/blog\/ultra-trail-kilian-jornet-nous-invite-au-dela-des-montagnes\/","og_locale":"fr_FR","og_type":"article","og_title":"Ultra-Trail : Kilian Jornet nous invite \"Au-del\u00e0 des montagnes\"","og_description":"L'athl\u00e8te espagnol Kilian Jornet a sorti un nouveau livre ce mercredi. Dans \"Au-del\u00e0 des montagnes\", il nous invite \u00e0 d\u00e9couvrir sa carri\u00e8re de plus pr\u00e8s et ses choix de vie.","og_url":"https:\/\/dicodusport.fr\/blog\/ultra-trail-kilian-jornet-nous-invite-au-dela-des-montagnes\/","og_site_name":"Dicodusport","article_publisher":"https:\/\/www.facebook.com\/dicodusport","article_author":"https:\/\/www.facebook.com\/julien.correia.52","article_published_time":"2020-11-08T09:17:25+00:00","article_modified_time":"2021-07-27T06:46:42+00:00","og_image":[{"width":800,"height":445,"url":"https:\/\/dicodusport.fr\/blog\/wp-content\/uploads\/2020\/11\/Kilian-Jornet-nous-invite-Au-dela\u0300-des-montagnes.png","type":"image\/png"}],"author":"Julien Correia","twitter_card":"summary_large_image","twitter_title":"Ultra-Trail : Kilian Jornet nous invite \"Au-del\u00e0 des montagnes\"","twitter_creator":"@https:\/\/twitter.com\/julienco_psg70","twitter_site":"@dicodusport","schema":{"@context":"https:\/\/schema.org","@graph":[{"@type":"NewsArticle","@id":"https:\/\/dicodusport.fr\/blog\/ultra-trail-kilian-jornet-nous-invite-au-dela-des-montagnes\/#article","isPartOf":{"@id":"https:\/\/dicodusport.fr\/blog\/ultra-trail-kilian-jornet-nous-invite-au-dela-des-montagnes\/"},"author":{"name":"Julien Correia","@id":"https:\/\/dicodusport.fr\/blog\/#\/schema\/person\/0f73d157e4670e108e23009fa82f2239"},"headline":"Ultra-Trail : Kilian Jornet nous invite \u00ab\u00a0Au-del\u00e0 des montagnes\u00a0\u00bb","datePublished":"2020-11-08T09:17:25+00:00","dateModified":"2021-07-27T06:46:42+00:00","mainEntityOfPage":{"@id":"https:\/\/dicodusport.fr\/blog\/ultra-trail-kilian-jornet-nous-invite-au-dela-des-montagnes\/"},"wordCount":872,"commentCount":0,"publisher":{"@id":"https:\/\/dicodusport.fr\/blog\/#organization"},"image":{"@id":"https:\/\/dicodusport.fr\/blog\/ultra-trail-kilian-jornet-nous-invite-au-dela-des-montagnes\/#primaryimage"},"thumbnailUrl":"https:\/\/dicodusport.fr\/blog\/wp-content\/uploads\/2020\/11\/Kilian-Jornet-nous-invite-Au-dela\u0300-des-montagnes.png","keywords":["Athl\u00e9tisme","Kilian Jornet","sport","Ultra-Trail"],"articleSection":["Trail"],"inLanguage":"fr-FR","potentialAction":[{"@type":"CommentAction","name":"Comment","target":["https:\/\/dicodusport.fr\/blog\/ultra-trail-kilian-jornet-nous-invite-au-dela-des-montagnes\/#respond"]}],"copyrightYear":"2020","copyrightHolder":{"@id":"https:\/\/dicodusport.fr\/blog\/#organization"}},{"@type":"WebPage","@id":"https:\/\/dicodusport.fr\/blog\/ultra-trail-kilian-jornet-nous-invite-au-dela-des-montagnes\/","url":"https:\/\/dicodusport.fr\/blog\/ultra-trail-kilian-jornet-nous-invite-au-dela-des-montagnes\/","name":"Ultra-Trail : Kilian Jornet nous invite \"Au-del\u00e0 des montagnes\"","isPartOf":{"@id":"https:\/\/dicodusport.fr\/blog\/#website"},"primaryImageOfPage":{"@id":"https:\/\/dicodusport.fr\/blog\/ultra-trail-kilian-jornet-nous-invite-au-dela-des-montagnes\/#primaryimage"},"image":{"@id":"https:\/\/dicodusport.fr\/blog\/ultra-trail-kilian-jornet-nous-invite-au-dela-des-montagnes\/#primaryimage"},"thumbnailUrl":"https:\/\/dicodusport.fr\/blog\/wp-content\/uploads\/2020\/11\/Kilian-Jornet-nous-invite-Au-dela\u0300-des-montagnes.png","datePublished":"2020-11-08T09:17:25+00:00","dateModified":"2021-07-27T06:46:42+00:00","description":"L'athl\u00e8te espagnol Kilian Jornet a sorti un nouveau livre ce mercredi. Dans \"Au-del\u00e0 des montagnes\", il nous invite \u00e0 d\u00e9couvrir sa carri\u00e8re de plus pr\u00e8s et ses choix de vie.","breadcrumb":{"@id":"https:\/\/dicodusport.fr\/blog\/ultra-trail-kilian-jornet-nous-invite-au-dela-des-montagnes\/#breadcrumb"},"inLanguage":"fr-FR","potentialAction":[{"@type":"ReadAction","target":["https:\/\/dicodusport.fr\/blog\/ultra-trail-kilian-jornet-nous-invite-au-dela-des-montagnes\/"]}]},{"@type":"ImageObject","inLanguage":"fr-FR","@id":"https:\/\/dicodusport.fr\/blog\/ultra-trail-kilian-jornet-nous-invite-au-dela-des-montagnes\/#primaryimage","url":"https:\/\/dicodusport.fr\/blog\/wp-content\/uploads\/2020\/11\/Kilian-Jornet-nous-invite-Au-dela\u0300-des-montagnes.png","contentUrl":"https:\/\/dicodusport.fr\/blog\/wp-content\/uploads\/2020\/11\/Kilian-Jornet-nous-invite-Au-dela\u0300-des-montagnes.png","width":800,"height":445},{"@type":"BreadcrumbList","@id":"https:\/\/dicodusport.fr\/blog\/ultra-trail-kilian-jornet-nous-invite-au-dela-des-montagnes\/#breadcrumb","itemListElement":[{"@type":"ListItem","position":1,"name":"Accueil","item":"https:\/\/dicodusport.fr\/blog\/"},{"@type":"ListItem","position":2,"name":"Ultra-Trail : Kilian Jornet nous invite \u00ab\u00a0Au-del\u00e0 des montagnes\u00a0\u00bb"}]},{"@type":"WebSite","@id":"https:\/\/dicodusport.fr\/blog\/#website","url":"https:\/\/dicodusport.fr\/blog\/","name":"Dicodusport","description":"L&#039;encyclop\u00e9die de l&#039;actualit\u00e9 sportive","publisher":{"@id":"https:\/\/dicodusport.fr\/blog\/#organization"},"potentialAction":[{"@type":"SearchAction","target":{"@type":"EntryPoint","urlTemplate":"https:\/\/dicodusport.fr\/blog\/?s={search_term_string}"},"query-input":{"@type":"PropertyValueSpecification","valueRequired":true,"valueName":"search_term_string"}}],"inLanguage":"fr-FR"},{"@type":"NewsMediaOrganization","@id":"https:\/\/dicodusport.fr\/blog\/#organization","name":"Dicodusport","url":"https:\/\/dicodusport.fr\/blog\/","logo":{"@type":"ImageObject","inLanguage":"fr-FR","@id":"https:\/\/dicodusport.fr\/blog\/#\/schema\/logo\/image\/","url":"https:\/\/dicodusport.fr\/blog\/wp-content\/uploads\/2020\/06\/cropped-LOGO-DICODUSPORT-2020-SANS-FOND-SANS-TEXTE.png","contentUrl":"https:\/\/dicodusport.fr\/blog\/wp-content\/uploads\/2020\/06\/cropped-LOGO-DICODUSPORT-2020-SANS-FOND-SANS-TEXTE.png","width":512,"height":512,"caption":"Dicodusport"},"image":{"@id":"https:\/\/dicodusport.fr\/blog\/#\/schema\/logo\/image\/"},"sameAs":["https:\/\/www.facebook.com\/dicodusport","https:\/\/x.com\/dicodusport","https:\/\/www.instagram.com\/dicodusport\/","https:\/\/www.youtube.com\/channel\/UC7V2KZ5sd3htJivAbA4ZG3w"],"description":"Dicodusport est l'encyclop\u00e9die de l'actualit\u00e9 sportive.","email":"bonjour@dicodusport.fr","legalName":"DICODUSPORT","foundingDate":"2018-01-14","vatID":"FR71834470973","taxID":"83447097300043","numberOfEmployees":{"@type":"QuantitativeValue","minValue":"1","maxValue":"10"}},{"@type":"Person","@id":"https:\/\/dicodusport.fr\/blog\/#\/schema\/person\/0f73d157e4670e108e23009fa82f2239","name":"Julien Correia","image":{"@type":"ImageObject","inLanguage":"fr-FR","@id":"https:\/\/dicodusport.fr\/blog\/#\/schema\/person\/image\/","url":"https:\/\/dicodusport.fr\/blog\/wp-content\/uploads\/2021\/05\/Julien-Correia-150x150.jpg","contentUrl":"https:\/\/dicodusport.fr\/blog\/wp-content\/uploads\/2021\/05\/Julien-Correia-150x150.jpg","caption":"Julien Correia"},"description":"Journaliste\/r\u00e9dacteur depuis janvier 2019 - Tomb\u00e9 dans le monde du ballon rond \u00e9tant petit, j\u2019aurais pu devenir pro sans ces foutus ligaments crois\u00e9s. D\u00e9filant sur les champs (mais pas Elys\u00e9es) en 98, j\u2019ai \u00e9t\u00e9 berc\u00e9 par les exploits de Mister George, piqu\u00e9 par la technique du Snake, grandi avec Captain Rai et Ronnie, m\u00fbri avec Pauleta et Edi. Mais Ibracadabra, je suis d\u00e9sormais reconverti en runner\/traileur. Moins rapide que Bolt et moins endurant que Jornet, c\u2019est donc plume \u00e0 la main que je partage les exploits de ces athl\u00e8tes !","sameAs":["https:\/\/www.facebook.com\/julien.correia.52","https:\/\/x.com\/https:\/\/twitter.com\/julienco_psg70"],"url":"https:\/\/dicodusport.fr\/blog\/author\/julien-c\/"}]}},"_links":{"self":[{"href":"https:\/\/dicodusport.fr\/blog\/wp-json\/wp\/v2\/posts\/86486","targetHints":{"allow":["GET"]}}],"collection":[{"href":"https:\/\/dicodusport.fr\/blog\/wp-json\/wp\/v2\/posts"}],"about":[{"href":"https:\/\/dicodusport.fr\/blog\/wp-json\/wp\/v2\/types\/post"}],"author":[{"embeddable":true,"href":"https:\/\/dicodusport.fr\/blog\/wp-json\/wp\/v2\/users\/37"}],"replies":[{"embeddable":true,"href":"https:\/\/dicodusport.fr\/blog\/wp-json\/wp\/v2\/comments?post=86486"}],"version-history":[{"count":0,"href":"https:\/\/dicodusport.fr\/blog\/wp-json\/wp\/v2\/posts\/86486\/revisions"}],"wp:featuredmedia":[{"embeddable":true,"href":"https:\/\/dicodusport.fr\/blog\/wp-json\/wp\/v2\/media\/150875"}],"wp:attachment":[{"href":"https:\/\/dicodusport.fr\/blog\/wp-json\/wp\/v2\/media?parent=86486"}],"wp:term":[{"taxonomy":"category","embeddable":true,"href":"https:\/\/dicodusport.fr\/blog\/wp-json\/wp\/v2\/categories?post=86486"},{"taxonomy":"post_tag","embeddable":true,"href":"https:\/\/dicodusport.fr\/blog\/wp-json\/wp\/v2\/tags?post=86486"}],"curies":[{"name":"wp","href":"https:\/\/api.w.org\/{rel}","templated":true}]}}