{"id":86502,"date":"2020-11-05T14:26:52","date_gmt":"2020-11-05T13:26:52","guid":{"rendered":"https:\/\/dicodusport.fr\/blog\/?p=86502&#038;preview=true&#038;preview_id=86502"},"modified":"2020-11-05T15:49:02","modified_gmt":"2020-11-05T14:49:02","slug":"football-bleus-groupe-26-joueurs-pour-affronter-finlande-pourtugal-suede","status":"publish","type":"post","link":"https:\/\/dicodusport.fr\/blog\/football-bleus-groupe-26-joueurs-pour-affronter-finlande-pourtugal-suede\/","title":{"rendered":"Bleus : le groupe des 26 joueurs pour affronter, la Finlande, le Portugal et la Su\u00e8de"},"content":{"rendered":"<p style=\"text-align: justify;\"><strong><em>FOOTBALL &#8211; Didier Deschamps a d\u00e9voil\u00e9 un groupe de 26 joueurs pour les trois prochains matchs de l&rsquo;\u00e9quipe de France face \u00e0 la Finlande (11\/11 \u00e0 21h10), le Portugal (14\/11 \u00e0 20h45) et la Su\u00e8de (17\/11 \u00e0 20h45).<\/em><\/strong><\/p>\n<p style=\"text-align: justify;\"><strong>Marcus Thuram<\/strong> (Borussia M\u00f6nchengladbach) a \u00e9t\u00e9 appel\u00e9 pour la premi\u00e8re fois par Didier Deschamps pour ce rassemblement. Nabil Fekir fait son retour dans le groupe France. <strong>Eduardo Camavinga<\/strong>, bless\u00e9, est absent, tout comme <strong>Tanguy Ndombel\u00e9<\/strong> et <strong>Houssem Aouar<\/strong>.<\/p>\n<blockquote class=\"twitter-tweet\">\n<p dir=\"ltr\" lang=\"fr\">26 joueurs appel\u00e9s par Didier Deschamps pour les 3 matchs de novembre avec une 1\u00e8re convocation pour Marcus Thuram ! &#x1f64c; <a href=\"https:\/\/twitter.com\/hashtag\/FiersdetreBleus?src=hash&amp;ref_src=twsrc%5Etfw\">#FiersdetreBleus<\/a> <a href=\"https:\/\/t.co\/1deg87NL88\">pic.twitter.com\/1deg87NL88<\/a><\/p>\n<p>\u2014 Equipe de France &#x2b50;&#x2b50; (@equipedefrance) <a href=\"https:\/\/twitter.com\/equipedefrance\/status\/1324336185980891137?ref_src=twsrc%5Etfw\">November 5, 2020<\/a><\/p><\/blockquote>\n<p><script async src=\"https:\/\/platform.twitter.com\/widgets.js\" charset=\"utf-8\"><\/script><\/p>\n<p><strong><em>Dicodusport<br \/>\n<a href=\"https:\/\/www.facebook.com\/dicodusport\/\" target=\"_blank\" rel=\"noopener noreferrer\"><img loading=\"lazy\" decoding=\"async\" class=\"alignnone wp-image-2909\" src=\"http:\/\/dicodusport.fr\/blog\/wp-content\/uploads\/2017\/07\/logo-facebook-150x150.png\" alt=\"\" width=\"40\" height=\"40\" \/><\/a><a href=\"https:\/\/twitter.com\/dicodusport\" target=\"_blank\" rel=\"noopener noreferrer\"><img loading=\"lazy\" decoding=\"async\" class=\"alignnone wp-image-2908\" src=\"http:\/\/dicodusport.fr\/blog\/wp-content\/uploads\/2017\/07\/logo-twitter-150x150.png\" alt=\"\" width=\"39\" height=\"39\" \/><\/a><\/em><\/strong><\/p>\n","protected":false},"excerpt":{"rendered":"<p>FOOTBALL &#8211; Didier Deschamps a d\u00e9voil\u00e9 un groupe de 26 joueurs pour les trois prochains matchs de l&rsquo;\u00e9quipe de France face \u00e0 la Finlande (11\/11 \u00e0 21h10), le Portugal (14\/11 \u00e0 20h45) et la Su\u00e8de (17\/11 \u00e0 20h45).<\/p>\n","protected":false},"author":1,"featured_media":86507,"comment_status":"open","ping_status":"closed","sticky":false,"template":"","format":"standard","meta":{"_acf_changed":false,"_daextam_enable_autolinks":"","footnotes":""},"categories":[2301],"tags":[523,4318,6966,75],"class_list":["post-86502","post","type-post","status-publish","format-standard","has-post-thumbnail","hentry","category-football","tag-bleus","tag-didier-deschamps","tag-equipe-de-france-de-football","tag-football"],"acf":[],"yoast_head":"<!-- This site is optimized with the Yoast SEO Premium plugin v26.7 (Yoast SEO v26.7) - https:\/\/yoast.com\/wordpress\/plugins\/seo\/ -->\n<title>Bleus : le groupe des 26 joueurs pour affronter, la Finlande, le Portugal et la Su\u00e8de<\/title>\n<meta name=\"description\" content=\"FOOTBALL - Didier Deschamps a d\u00e9voil\u00e9 un groupe de 26 joueurs pour les trois prochains matchs de l&#039;\u00e9quipe de France.\" \/>\n<meta name=\"robots\" content=\"index, follow, max-snippet:-1, max-image-preview:large, max-video-preview:-1\" \/>\n<link rel=\"canonical\" href=\"https:\/\/dicodusport.fr\/blog\/football-bleus-groupe-26-joueurs-pour-affronter-finlande-pourtugal-suede\/\" \/>\n<meta property=\"og:locale\" content=\"fr_FR\" \/>\n<meta property=\"og:type\" content=\"article\" \/>\n<meta property=\"og:title\" content=\"Bleus : Marcus Thuram appel\u00e9 pour les trois prochains matchs de l&#039;\u00e9quipe de France\" \/>\n<meta property=\"og:description\" content=\"FOOTBALL - Didier Deschamps a d\u00e9voil\u00e9 un groupe de 26 joueurs pour les trois prochains matchs de l&#039;\u00e9quipe de France.\" \/>\n<meta property=\"og:url\" content=\"https:\/\/dicodusport.fr\/blog\/football-bleus-groupe-26-joueurs-pour-affronter-finlande-pourtugal-suede\/\" \/>\n<meta property=\"og:site_name\" content=\"Dicodusport\" \/>\n<meta property=\"article:publisher\" content=\"https:\/\/www.facebook.com\/dicodusport\" \/>\n<meta property=\"article:author\" content=\"https:\/\/www.facebook.com\/dicodusport\" \/>\n<meta property=\"article:published_time\" content=\"2020-11-05T13:26:52+00:00\" \/>\n<meta property=\"article:modified_time\" content=\"2020-11-05T14:49:02+00:00\" \/>\n<meta property=\"og:image\" content=\"https:\/\/dicodusport.fr\/blog\/wp-content\/uploads\/2020\/11\/Bleus-Le-groupe-des-26-joueurs-pour-affronter-la-Finlande-le-Portugal-et-la-Su\u00e8de.png\" \/>\n\t<meta property=\"og:image:width\" content=\"800\" \/>\n\t<meta property=\"og:image:height\" content=\"445\" \/>\n\t<meta property=\"og:image:type\" content=\"image\/png\" \/>\n<meta name=\"author\" content=\"Nicolas Jacquemard\" \/>\n<meta name=\"twitter:card\" content=\"summary_large_image\" \/>\n<meta name=\"twitter:title\" content=\"Bleus : Marcus Thuram appel\u00e9 pour les trois prochains matchs de l&#039;\u00e9quipe de France\" \/>\n<meta name=\"twitter:creator\" content=\"@https:\/\/twitter.com\/Nico_Jacquemard\" \/>\n<meta name=\"twitter:site\" content=\"@dicodusport\" \/>\n<script type=\"application\/ld+json\" class=\"yoast-schema-graph\">{\"@context\":\"https:\/\/schema.org\",\"@graph\":[{\"@type\":\"NewsArticle\",\"@id\":\"https:\/\/dicodusport.fr\/blog\/football-bleus-groupe-26-joueurs-pour-affronter-finlande-pourtugal-suede\/#article\",\"isPartOf\":{\"@id\":\"https:\/\/dicodusport.fr\/blog\/football-bleus-groupe-26-joueurs-pour-affronter-finlande-pourtugal-suede\/\"},\"author\":{\"name\":\"Nicolas Jacquemard\",\"@id\":\"https:\/\/dicodusport.fr\/blog\/#\/schema\/person\/55dcb50ad410894e431ed812bbb70191\"},\"headline\":\"Bleus : le groupe des 26 joueurs pour affronter, la Finlande, le Portugal et la Su\u00e8de\",\"datePublished\":\"2020-11-05T13:26:52+00:00\",\"dateModified\":\"2020-11-05T14:49:02+00:00\",\"mainEntityOfPage\":{\"@id\":\"https:\/\/dicodusport.fr\/blog\/football-bleus-groupe-26-joueurs-pour-affronter-finlande-pourtugal-suede\/\"},\"wordCount\":125,\"commentCount\":0,\"publisher\":{\"@id\":\"https:\/\/dicodusport.fr\/blog\/#organization\"},\"image\":{\"@id\":\"https:\/\/dicodusport.fr\/blog\/football-bleus-groupe-26-joueurs-pour-affronter-finlande-pourtugal-suede\/#primaryimage\"},\"thumbnailUrl\":\"https:\/\/dicodusport.fr\/blog\/wp-content\/uploads\/2020\/11\/Bleus-Le-groupe-des-26-joueurs-pour-affronter-la-Finlande-le-Portugal-et-la-Su\u00e8de.png\",\"keywords\":[\"bleus\",\"Didier Deschamps\",\"Equipe de France de football\",\"Football\"],\"articleSection\":[\"Football\"],\"inLanguage\":\"fr-FR\",\"potentialAction\":[{\"@type\":\"CommentAction\",\"name\":\"Comment\",\"target\":[\"https:\/\/dicodusport.fr\/blog\/football-bleus-groupe-26-joueurs-pour-affronter-finlande-pourtugal-suede\/#respond\"]}],\"copyrightYear\":\"2020\",\"copyrightHolder\":{\"@id\":\"https:\/\/dicodusport.fr\/blog\/#organization\"}},{\"@type\":\"WebPage\",\"@id\":\"https:\/\/dicodusport.fr\/blog\/football-bleus-groupe-26-joueurs-pour-affronter-finlande-pourtugal-suede\/\",\"url\":\"https:\/\/dicodusport.fr\/blog\/football-bleus-groupe-26-joueurs-pour-affronter-finlande-pourtugal-suede\/\",\"name\":\"Bleus : le groupe des 26 joueurs pour affronter, la Finlande, le Portugal et la Su\u00e8de\",\"isPartOf\":{\"@id\":\"https:\/\/dicodusport.fr\/blog\/#website\"},\"primaryImageOfPage\":{\"@id\":\"https:\/\/dicodusport.fr\/blog\/football-bleus-groupe-26-joueurs-pour-affronter-finlande-pourtugal-suede\/#primaryimage\"},\"image\":{\"@id\":\"https:\/\/dicodusport.fr\/blog\/football-bleus-groupe-26-joueurs-pour-affronter-finlande-pourtugal-suede\/#primaryimage\"},\"thumbnailUrl\":\"https:\/\/dicodusport.fr\/blog\/wp-content\/uploads\/2020\/11\/Bleus-Le-groupe-des-26-joueurs-pour-affronter-la-Finlande-le-Portugal-et-la-Su\u00e8de.png\",\"datePublished\":\"2020-11-05T13:26:52+00:00\",\"dateModified\":\"2020-11-05T14:49:02+00:00\",\"description\":\"FOOTBALL - Didier Deschamps a d\u00e9voil\u00e9 un groupe de 26 joueurs pour les trois prochains matchs de l'\u00e9quipe de France.\",\"breadcrumb\":{\"@id\":\"https:\/\/dicodusport.fr\/blog\/football-bleus-groupe-26-joueurs-pour-affronter-finlande-pourtugal-suede\/#breadcrumb\"},\"inLanguage\":\"fr-FR\",\"potentialAction\":[{\"@type\":\"ReadAction\",\"target\":[\"https:\/\/dicodusport.fr\/blog\/football-bleus-groupe-26-joueurs-pour-affronter-finlande-pourtugal-suede\/\"]}]},{\"@type\":\"ImageObject\",\"inLanguage\":\"fr-FR\",\"@id\":\"https:\/\/dicodusport.fr\/blog\/football-bleus-groupe-26-joueurs-pour-affronter-finlande-pourtugal-suede\/#primaryimage\",\"url\":\"https:\/\/dicodusport.fr\/blog\/wp-content\/uploads\/2020\/11\/Bleus-Le-groupe-des-26-joueurs-pour-affronter-la-Finlande-le-Portugal-et-la-Su\u00e8de.png\",\"contentUrl\":\"https:\/\/dicodusport.fr\/blog\/wp-content\/uploads\/2020\/11\/Bleus-Le-groupe-des-26-joueurs-pour-affronter-la-Finlande-le-Portugal-et-la-Su\u00e8de.png\",\"width\":800,\"height\":445,\"caption\":\"Bleus - Le groupe des 26 joueurs pour affronter, la Finlande, le Portugal et la Su\u00e8de\"},{\"@type\":\"BreadcrumbList\",\"@id\":\"https:\/\/dicodusport.fr\/blog\/football-bleus-groupe-26-joueurs-pour-affronter-finlande-pourtugal-suede\/#breadcrumb\",\"itemListElement\":[{\"@type\":\"ListItem\",\"position\":1,\"name\":\"Accueil\",\"item\":\"https:\/\/dicodusport.fr\/blog\/\"},{\"@type\":\"ListItem\",\"position\":2,\"name\":\"Bleus : le groupe des 26 joueurs pour affronter, la Finlande, le Portugal et la Su\u00e8de\"}]},{\"@type\":\"WebSite\",\"@id\":\"https:\/\/dicodusport.fr\/blog\/#website\",\"url\":\"https:\/\/dicodusport.fr\/blog\/\",\"name\":\"Dicodusport\",\"description\":\"L&#039;encyclop\u00e9die de l&#039;actualit\u00e9 sportive\",\"publisher\":{\"@id\":\"https:\/\/dicodusport.fr\/blog\/#organization\"},\"potentialAction\":[{\"@type\":\"SearchAction\",\"target\":{\"@type\":\"EntryPoint\",\"urlTemplate\":\"https:\/\/dicodusport.fr\/blog\/?s={search_term_string}\"},\"query-input\":{\"@type\":\"PropertyValueSpecification\",\"valueRequired\":true,\"valueName\":\"search_term_string\"}}],\"inLanguage\":\"fr-FR\"},{\"@type\":\"NewsMediaOrganization\",\"@id\":\"https:\/\/dicodusport.fr\/blog\/#organization\",\"name\":\"Dicodusport\",\"url\":\"https:\/\/dicodusport.fr\/blog\/\",\"logo\":{\"@type\":\"ImageObject\",\"inLanguage\":\"fr-FR\",\"@id\":\"https:\/\/dicodusport.fr\/blog\/#\/schema\/logo\/image\/\",\"url\":\"https:\/\/dicodusport.fr\/blog\/wp-content\/uploads\/2020\/06\/cropped-LOGO-DICODUSPORT-2020-SANS-FOND-SANS-TEXTE.png\",\"contentUrl\":\"https:\/\/dicodusport.fr\/blog\/wp-content\/uploads\/2020\/06\/cropped-LOGO-DICODUSPORT-2020-SANS-FOND-SANS-TEXTE.png\",\"width\":512,\"height\":512,\"caption\":\"Dicodusport\"},\"image\":{\"@id\":\"https:\/\/dicodusport.fr\/blog\/#\/schema\/logo\/image\/\"},\"sameAs\":[\"https:\/\/www.facebook.com\/dicodusport\",\"https:\/\/x.com\/dicodusport\",\"https:\/\/www.instagram.com\/dicodusport\/\",\"https:\/\/www.youtube.com\/channel\/UC7V2KZ5sd3htJivAbA4ZG3w\"],\"description\":\"Dicodusport est l'encyclop\u00e9die de l'actualit\u00e9 sportive.\",\"email\":\"bonjour@dicodusport.fr\",\"legalName\":\"DICODUSPORT\",\"foundingDate\":\"2018-01-14\",\"vatID\":\"FR71834470973\",\"taxID\":\"83447097300043\",\"numberOfEmployees\":{\"@type\":\"QuantitativeValue\",\"minValue\":\"1\",\"maxValue\":\"10\"}},{\"@type\":\"Person\",\"@id\":\"https:\/\/dicodusport.fr\/blog\/#\/schema\/person\/55dcb50ad410894e431ed812bbb70191\",\"name\":\"Nicolas Jacquemard\",\"image\":{\"@type\":\"ImageObject\",\"inLanguage\":\"fr-FR\",\"@id\":\"https:\/\/dicodusport.fr\/blog\/#\/schema\/person\/image\/\",\"url\":\"https:\/\/dicodusport.fr\/blog\/wp-content\/uploads\/2021\/05\/Nicolas-Jacquemard-150x150.jpeg\",\"contentUrl\":\"https:\/\/dicodusport.fr\/blog\/wp-content\/uploads\/2021\/05\/Nicolas-Jacquemard-150x150.jpeg\",\"caption\":\"Nicolas Jacquemard\"},\"description\":\"Passionn\u00e9 de sport et entrepreneur depuis mes 18 ans, la cr\u00e9ation de Dicodusport m'a sembl\u00e9 \u00e9vidente pour participer \u00e0 la m\u00e9diatisation d'un plus grand nombre de sports. Le chemin est long mais avec une \u00e9quipe des plus motiv\u00e9es et les Jeux Olympiques de Paris 2024 en point de mire, nous y arriverons ! Journaliste dans le monde du sport depuis plus de 5 ans, je traite aussi bien de football, de rugby, de biathlon que de cyclisme.\",\"sameAs\":[\"https:\/\/www.facebook.com\/dicodusport\",\"https:\/\/x.com\/https:\/\/twitter.com\/Nico_Jacquemard\"],\"url\":\"https:\/\/dicodusport.fr\/blog\/author\/dicodusport\/\"}]}<\/script>\n<!-- \/ Yoast SEO Premium plugin. -->","yoast_head_json":{"title":"Bleus : le groupe des 26 joueurs pour affronter, la Finlande, le Portugal et la Su\u00e8de","description":"FOOTBALL - Didier Deschamps a d\u00e9voil\u00e9 un groupe de 26 joueurs pour les trois prochains matchs de l'\u00e9quipe de France.","robots":{"index":"index","follow":"follow","max-snippet":"max-snippet:-1","max-image-preview":"max-image-preview:large","max-video-preview":"max-video-preview:-1"},"canonical":"https:\/\/dicodusport.fr\/blog\/football-bleus-groupe-26-joueurs-pour-affronter-finlande-pourtugal-suede\/","og_locale":"fr_FR","og_type":"article","og_title":"Bleus : Marcus Thuram appel\u00e9 pour les trois prochains matchs de l'\u00e9quipe de France","og_description":"FOOTBALL - Didier Deschamps a d\u00e9voil\u00e9 un groupe de 26 joueurs pour les trois prochains matchs de l'\u00e9quipe de France.","og_url":"https:\/\/dicodusport.fr\/blog\/football-bleus-groupe-26-joueurs-pour-affronter-finlande-pourtugal-suede\/","og_site_name":"Dicodusport","article_publisher":"https:\/\/www.facebook.com\/dicodusport","article_author":"https:\/\/www.facebook.com\/dicodusport","article_published_time":"2020-11-05T13:26:52+00:00","article_modified_time":"2020-11-05T14:49:02+00:00","og_image":[{"width":800,"height":445,"url":"https:\/\/dicodusport.fr\/blog\/wp-content\/uploads\/2020\/11\/Bleus-Le-groupe-des-26-joueurs-pour-affronter-la-Finlande-le-Portugal-et-la-Su\u00e8de.png","type":"image\/png"}],"author":"Nicolas Jacquemard","twitter_card":"summary_large_image","twitter_title":"Bleus : Marcus Thuram appel\u00e9 pour les trois prochains matchs de l'\u00e9quipe de France","twitter_creator":"@https:\/\/twitter.com\/Nico_Jacquemard","twitter_site":"@dicodusport","schema":{"@context":"https:\/\/schema.org","@graph":[{"@type":"NewsArticle","@id":"https:\/\/dicodusport.fr\/blog\/football-bleus-groupe-26-joueurs-pour-affronter-finlande-pourtugal-suede\/#article","isPartOf":{"@id":"https:\/\/dicodusport.fr\/blog\/football-bleus-groupe-26-joueurs-pour-affronter-finlande-pourtugal-suede\/"},"author":{"name":"Nicolas Jacquemard","@id":"https:\/\/dicodusport.fr\/blog\/#\/schema\/person\/55dcb50ad410894e431ed812bbb70191"},"headline":"Bleus : le groupe des 26 joueurs pour affronter, la Finlande, le Portugal et la Su\u00e8de","datePublished":"2020-11-05T13:26:52+00:00","dateModified":"2020-11-05T14:49:02+00:00","mainEntityOfPage":{"@id":"https:\/\/dicodusport.fr\/blog\/football-bleus-groupe-26-joueurs-pour-affronter-finlande-pourtugal-suede\/"},"wordCount":125,"commentCount":0,"publisher":{"@id":"https:\/\/dicodusport.fr\/blog\/#organization"},"image":{"@id":"https:\/\/dicodusport.fr\/blog\/football-bleus-groupe-26-joueurs-pour-affronter-finlande-pourtugal-suede\/#primaryimage"},"thumbnailUrl":"https:\/\/dicodusport.fr\/blog\/wp-content\/uploads\/2020\/11\/Bleus-Le-groupe-des-26-joueurs-pour-affronter-la-Finlande-le-Portugal-et-la-Su\u00e8de.png","keywords":["bleus","Didier Deschamps","Equipe de France de football","Football"],"articleSection":["Football"],"inLanguage":"fr-FR","potentialAction":[{"@type":"CommentAction","name":"Comment","target":["https:\/\/dicodusport.fr\/blog\/football-bleus-groupe-26-joueurs-pour-affronter-finlande-pourtugal-suede\/#respond"]}],"copyrightYear":"2020","copyrightHolder":{"@id":"https:\/\/dicodusport.fr\/blog\/#organization"}},{"@type":"WebPage","@id":"https:\/\/dicodusport.fr\/blog\/football-bleus-groupe-26-joueurs-pour-affronter-finlande-pourtugal-suede\/","url":"https:\/\/dicodusport.fr\/blog\/football-bleus-groupe-26-joueurs-pour-affronter-finlande-pourtugal-suede\/","name":"Bleus : le groupe des 26 joueurs pour affronter, la Finlande, le Portugal et la Su\u00e8de","isPartOf":{"@id":"https:\/\/dicodusport.fr\/blog\/#website"},"primaryImageOfPage":{"@id":"https:\/\/dicodusport.fr\/blog\/football-bleus-groupe-26-joueurs-pour-affronter-finlande-pourtugal-suede\/#primaryimage"},"image":{"@id":"https:\/\/dicodusport.fr\/blog\/football-bleus-groupe-26-joueurs-pour-affronter-finlande-pourtugal-suede\/#primaryimage"},"thumbnailUrl":"https:\/\/dicodusport.fr\/blog\/wp-content\/uploads\/2020\/11\/Bleus-Le-groupe-des-26-joueurs-pour-affronter-la-Finlande-le-Portugal-et-la-Su\u00e8de.png","datePublished":"2020-11-05T13:26:52+00:00","dateModified":"2020-11-05T14:49:02+00:00","description":"FOOTBALL - Didier Deschamps a d\u00e9voil\u00e9 un groupe de 26 joueurs pour les trois prochains matchs de l'\u00e9quipe de France.","breadcrumb":{"@id":"https:\/\/dicodusport.fr\/blog\/football-bleus-groupe-26-joueurs-pour-affronter-finlande-pourtugal-suede\/#breadcrumb"},"inLanguage":"fr-FR","potentialAction":[{"@type":"ReadAction","target":["https:\/\/dicodusport.fr\/blog\/football-bleus-groupe-26-joueurs-pour-affronter-finlande-pourtugal-suede\/"]}]},{"@type":"ImageObject","inLanguage":"fr-FR","@id":"https:\/\/dicodusport.fr\/blog\/football-bleus-groupe-26-joueurs-pour-affronter-finlande-pourtugal-suede\/#primaryimage","url":"https:\/\/dicodusport.fr\/blog\/wp-content\/uploads\/2020\/11\/Bleus-Le-groupe-des-26-joueurs-pour-affronter-la-Finlande-le-Portugal-et-la-Su\u00e8de.png","contentUrl":"https:\/\/dicodusport.fr\/blog\/wp-content\/uploads\/2020\/11\/Bleus-Le-groupe-des-26-joueurs-pour-affronter-la-Finlande-le-Portugal-et-la-Su\u00e8de.png","width":800,"height":445,"caption":"Bleus - Le groupe des 26 joueurs pour affronter, la Finlande, le Portugal et la Su\u00e8de"},{"@type":"BreadcrumbList","@id":"https:\/\/dicodusport.fr\/blog\/football-bleus-groupe-26-joueurs-pour-affronter-finlande-pourtugal-suede\/#breadcrumb","itemListElement":[{"@type":"ListItem","position":1,"name":"Accueil","item":"https:\/\/dicodusport.fr\/blog\/"},{"@type":"ListItem","position":2,"name":"Bleus : le groupe des 26 joueurs pour affronter, la Finlande, le Portugal et la Su\u00e8de"}]},{"@type":"WebSite","@id":"https:\/\/dicodusport.fr\/blog\/#website","url":"https:\/\/dicodusport.fr\/blog\/","name":"Dicodusport","description":"L&#039;encyclop\u00e9die de l&#039;actualit\u00e9 sportive","publisher":{"@id":"https:\/\/dicodusport.fr\/blog\/#organization"},"potentialAction":[{"@type":"SearchAction","target":{"@type":"EntryPoint","urlTemplate":"https:\/\/dicodusport.fr\/blog\/?s={search_term_string}"},"query-input":{"@type":"PropertyValueSpecification","valueRequired":true,"valueName":"search_term_string"}}],"inLanguage":"fr-FR"},{"@type":"NewsMediaOrganization","@id":"https:\/\/dicodusport.fr\/blog\/#organization","name":"Dicodusport","url":"https:\/\/dicodusport.fr\/blog\/","logo":{"@type":"ImageObject","inLanguage":"fr-FR","@id":"https:\/\/dicodusport.fr\/blog\/#\/schema\/logo\/image\/","url":"https:\/\/dicodusport.fr\/blog\/wp-content\/uploads\/2020\/06\/cropped-LOGO-DICODUSPORT-2020-SANS-FOND-SANS-TEXTE.png","contentUrl":"https:\/\/dicodusport.fr\/blog\/wp-content\/uploads\/2020\/06\/cropped-LOGO-DICODUSPORT-2020-SANS-FOND-SANS-TEXTE.png","width":512,"height":512,"caption":"Dicodusport"},"image":{"@id":"https:\/\/dicodusport.fr\/blog\/#\/schema\/logo\/image\/"},"sameAs":["https:\/\/www.facebook.com\/dicodusport","https:\/\/x.com\/dicodusport","https:\/\/www.instagram.com\/dicodusport\/","https:\/\/www.youtube.com\/channel\/UC7V2KZ5sd3htJivAbA4ZG3w"],"description":"Dicodusport est l'encyclop\u00e9die de l'actualit\u00e9 sportive.","email":"bonjour@dicodusport.fr","legalName":"DICODUSPORT","foundingDate":"2018-01-14","vatID":"FR71834470973","taxID":"83447097300043","numberOfEmployees":{"@type":"QuantitativeValue","minValue":"1","maxValue":"10"}},{"@type":"Person","@id":"https:\/\/dicodusport.fr\/blog\/#\/schema\/person\/55dcb50ad410894e431ed812bbb70191","name":"Nicolas Jacquemard","image":{"@type":"ImageObject","inLanguage":"fr-FR","@id":"https:\/\/dicodusport.fr\/blog\/#\/schema\/person\/image\/","url":"https:\/\/dicodusport.fr\/blog\/wp-content\/uploads\/2021\/05\/Nicolas-Jacquemard-150x150.jpeg","contentUrl":"https:\/\/dicodusport.fr\/blog\/wp-content\/uploads\/2021\/05\/Nicolas-Jacquemard-150x150.jpeg","caption":"Nicolas Jacquemard"},"description":"Passionn\u00e9 de sport et entrepreneur depuis mes 18 ans, la cr\u00e9ation de Dicodusport m'a sembl\u00e9 \u00e9vidente pour participer \u00e0 la m\u00e9diatisation d'un plus grand nombre de sports. Le chemin est long mais avec une \u00e9quipe des plus motiv\u00e9es et les Jeux Olympiques de Paris 2024 en point de mire, nous y arriverons ! Journaliste dans le monde du sport depuis plus de 5 ans, je traite aussi bien de football, de rugby, de biathlon que de cyclisme.","sameAs":["https:\/\/www.facebook.com\/dicodusport","https:\/\/x.com\/https:\/\/twitter.com\/Nico_Jacquemard"],"url":"https:\/\/dicodusport.fr\/blog\/author\/dicodusport\/"}]}},"_links":{"self":[{"href":"https:\/\/dicodusport.fr\/blog\/wp-json\/wp\/v2\/posts\/86502","targetHints":{"allow":["GET"]}}],"collection":[{"href":"https:\/\/dicodusport.fr\/blog\/wp-json\/wp\/v2\/posts"}],"about":[{"href":"https:\/\/dicodusport.fr\/blog\/wp-json\/wp\/v2\/types\/post"}],"author":[{"embeddable":true,"href":"https:\/\/dicodusport.fr\/blog\/wp-json\/wp\/v2\/users\/1"}],"replies":[{"embeddable":true,"href":"https:\/\/dicodusport.fr\/blog\/wp-json\/wp\/v2\/comments?post=86502"}],"version-history":[{"count":0,"href":"https:\/\/dicodusport.fr\/blog\/wp-json\/wp\/v2\/posts\/86502\/revisions"}],"wp:featuredmedia":[{"embeddable":true,"href":"https:\/\/dicodusport.fr\/blog\/wp-json\/wp\/v2\/media\/86507"}],"wp:attachment":[{"href":"https:\/\/dicodusport.fr\/blog\/wp-json\/wp\/v2\/media?parent=86502"}],"wp:term":[{"taxonomy":"category","embeddable":true,"href":"https:\/\/dicodusport.fr\/blog\/wp-json\/wp\/v2\/categories?post=86502"},{"taxonomy":"post_tag","embeddable":true,"href":"https:\/\/dicodusport.fr\/blog\/wp-json\/wp\/v2\/tags?post=86502"}],"curies":[{"name":"wp","href":"https:\/\/api.w.org\/{rel}","templated":true}]}}