{"id":86836,"date":"2020-11-08T17:35:29","date_gmt":"2020-11-08T16:35:29","guid":{"rendered":"https:\/\/dicodusport.fr\/blog\/?p=86836&#038;preview=true&#038;preview_id=86836"},"modified":"2020-11-15T17:00:38","modified_gmt":"2020-11-15T16:00:38","slug":"wta-international-le-tableau-du-tournoi-de-linz","status":"publish","type":"post","link":"https:\/\/dicodusport.fr\/blog\/wta-international-le-tableau-du-tournoi-de-linz\/","title":{"rendered":"WTA International &#8211; Le tableau du tournoi de Linz"},"content":{"rendered":"<p style=\"text-align: justify;\"><strong><em>Le dernier tournoi de l&rsquo;ann\u00e9e se d\u00e9roule \u00e0 Linz (Autriche) du 9 au 15 novembre 2020. Voici le tableau du tournoi avec Aryna Sabalenka en t\u00eate d&rsquo;affiche.<\/em><\/strong><\/p>\n<p style=\"text-align: justify;\">Laur\u00e9ate du tournoi d&rsquo;Ostrava le mois dernier, <strong>Aryna Sabalenka<\/strong>, num\u00e9ro 11 mondiale, est la t\u00eate de s\u00e9rie n\u00b01 du 30e tournoi autrichien. Pour son <strong>30e anniversaire<\/strong>, le tournoi de Linz accueillera 6 joueuses du top 50 dont l&rsquo;Argentine <strong>Podoroska<\/strong> qui avait <a href=\"https:\/\/dicodusport.fr\/blog\/roland-garros-podoroska-elimine-svitolina-et-se-qualifie-pour-les-demi-finales\/\" target=\"_blank\" rel=\"noopener noreferrer\">cr\u00e9\u00e9 la surprise en atteignant les demi-finales de Roland-Garros<\/a>.<\/p>\n<p style=\"text-align: justify;\">Initialement, le tournoi esp\u00e9rait pouvoir accueillir 1000 spectateurs par jour mais avec la recrudescence de l&rsquo;\u00e9pid\u00e9mie, il se jouera \u00e0 <strong>huis clos<\/strong>. D\u00e9moralis\u00e9e apr\u00e8s sa d\u00e9faite en trois sets accroch\u00e9s en huiti\u00e8mes \u00e0 Ostrava face \u00e0 Sabalenka, <strong>CoCo Gauff<\/strong>, tenante du titre a d\u00e9cid\u00e9 de ne pas d\u00e9fendre son titre en raison des difficult\u00e9s de d\u00e9placement en Europe.<\/p>\n<p style=\"text-align: justify;\">\u00c0 noter que le \u00ab\u00a0<strong>Hawk-Eye Live<\/strong>\u00a0\u00bb sera exploit\u00e9. Utilis\u00e9 \u00e0 Cincinnati, c&rsquo;est la premi\u00e8re fois qu&rsquo;ils sera utilis\u00e9 sur un tournoi exclusivement f\u00e9minin. Sans juges de ligne donc, en plus des challenges, il aidera l&rsquo;arbitre pour les situations compliqu\u00e9es. Le \u00ab\u00a0Hawk-Eye Live\u00a0\u00bb d\u00e9tecte \u00e9galement les fautes de pied.<\/p>\n<p style=\"text-align: justify;\">C\u00f4t\u00e9 Fran\u00e7aises, <strong>Oc\u00e9ane Dodin<\/strong> et <strong>Harmony Tan<\/strong> sont sorties des qualifications. La premi\u00e8re cit\u00e9e a battu Teichmann, t\u00eate de s\u00e9rie n\u00b07. De son c\u00f4t\u00e9, Tan s&rsquo;est inclin\u00e9e face \u00e0 Krejcikova.<\/p>\n<p style=\"text-align: justify;\"><a href=\"https:\/\/www.wtatennis.com\/tournament\/528\/linz\/2020\/draws\" target=\"_blank\" rel=\"noopener noreferrer\"><span style=\"font-size: 24px;\"><strong>Le tableau complet<\/strong><\/span><\/a><\/p>\n<h2>Finales<\/h2>\n<p><strong>Rus\/Zidansek<\/strong> battent Hradecka\/Siniakova 6-3 6-4<\/p>\n<p><strong>Aryna Sabalenka<\/strong> bat Elise Mertens 7-5 6-2<\/p>\n<p><strong><em>Dicodusport<br \/>\n<a href=\"https:\/\/www.facebook.com\/dicodusport\/\" target=\"_blank\" rel=\"noopener noreferrer\"><img loading=\"lazy\" decoding=\"async\" class=\"alignnone wp-image-2909\" src=\"http:\/\/dicodusport.fr\/blog\/wp-content\/uploads\/2017\/07\/logo-facebook-150x150.png\" alt=\"\" width=\"40\" height=\"40\" \/><\/a><a href=\"https:\/\/twitter.com\/dicodusport\" target=\"_blank\" rel=\"noopener noreferrer\"><img loading=\"lazy\" decoding=\"async\" class=\"alignnone wp-image-2908\" src=\"http:\/\/dicodusport.fr\/blog\/wp-content\/uploads\/2017\/07\/logo-twitter-150x150.png\" alt=\"\" width=\"39\" height=\"39\" \/><\/a><\/em><\/strong><\/p>\n","protected":false},"excerpt":{"rendered":"<p>Le dernier tournoi de l&rsquo;ann\u00e9e se d\u00e9roule \u00e0 Linz (Autriche) du 9 au 15 novembre 2020. Voici le tableau du tournoi avec Aryna Sabalenka en t\u00eate d&rsquo;affiche. Laur\u00e9ate du tournoi d&rsquo;Ostrava le mois dernier, Aryna Sabalenka, num\u00e9ro 11 mondiale, est la t\u00eate de s\u00e9rie n\u00b01 du 30e tournoi autrichien. Pour son 30e anniversaire, le tournoi [&hellip;]<\/p>\n","protected":false},"author":12,"featured_media":86842,"comment_status":"open","ping_status":"closed","sticky":false,"template":"","format":"standard","meta":{"_acf_changed":false,"_daextam_enable_autolinks":"","footnotes":""},"categories":[2302],"tags":[136,137],"class_list":["post-86836","post","type-post","status-publish","format-standard","has-post-thumbnail","hentry","category-tennis","tag-tennis","tag-wta"],"acf":[],"yoast_head":"<!-- This site is optimized with the Yoast SEO Premium plugin v26.7 (Yoast SEO v26.7) - https:\/\/yoast.com\/wordpress\/plugins\/seo\/ -->\n<title>WTA International - Le tableau du tournoi de Linz<\/title>\n<meta name=\"robots\" content=\"index, follow, max-snippet:-1, max-image-preview:large, max-video-preview:-1\" \/>\n<link rel=\"canonical\" href=\"https:\/\/dicodusport.fr\/blog\/wta-international-le-tableau-du-tournoi-de-linz\/\" \/>\n<meta property=\"og:locale\" content=\"fr_FR\" \/>\n<meta property=\"og:type\" content=\"article\" \/>\n<meta property=\"og:title\" content=\"WTA International - Le tableau du tournoi de Linz\" \/>\n<meta property=\"og:description\" content=\"Le dernier tournoi de l&rsquo;ann\u00e9e se d\u00e9roule \u00e0 Linz (Autriche) du 9 au 15 novembre 2020. Voici le tableau du tournoi avec Aryna Sabalenka en t\u00eate d&rsquo;affiche. Laur\u00e9ate du tournoi d&rsquo;Ostrava le mois dernier, Aryna Sabalenka, num\u00e9ro 11 mondiale, est la t\u00eate de s\u00e9rie n\u00b01 du 30e tournoi autrichien. Pour son 30e anniversaire, le tournoi [&hellip;]\" \/>\n<meta property=\"og:url\" content=\"https:\/\/dicodusport.fr\/blog\/wta-international-le-tableau-du-tournoi-de-linz\/\" \/>\n<meta property=\"og:site_name\" content=\"Dicodusport\" \/>\n<meta property=\"article:publisher\" content=\"https:\/\/www.facebook.com\/dicodusport\" \/>\n<meta property=\"article:published_time\" content=\"2020-11-08T16:35:29+00:00\" \/>\n<meta property=\"article:modified_time\" content=\"2020-11-15T16:00:38+00:00\" \/>\n<meta property=\"og:image\" content=\"https:\/\/dicodusport.fr\/blog\/wp-content\/uploads\/2020\/11\/Sabalenka-Linz.jpg\" \/>\n\t<meta property=\"og:image:width\" content=\"800\" \/>\n\t<meta property=\"og:image:height\" content=\"445\" \/>\n\t<meta property=\"og:image:type\" content=\"image\/jpeg\" \/>\n<meta name=\"author\" content=\"Arlette Yeye\" \/>\n<meta name=\"twitter:card\" content=\"summary_large_image\" \/>\n<meta name=\"twitter:title\" content=\"WTA International - Le tableau du tournoi de Linz\" \/>\n<meta name=\"twitter:creator\" content=\"@https:\/\/twitter.com\/Shiclette94\" \/>\n<meta name=\"twitter:site\" content=\"@dicodusport\" \/>\n<script type=\"application\/ld+json\" class=\"yoast-schema-graph\">{\"@context\":\"https:\/\/schema.org\",\"@graph\":[{\"@type\":\"NewsArticle\",\"@id\":\"https:\/\/dicodusport.fr\/blog\/wta-international-le-tableau-du-tournoi-de-linz\/#article\",\"isPartOf\":{\"@id\":\"https:\/\/dicodusport.fr\/blog\/wta-international-le-tableau-du-tournoi-de-linz\/\"},\"author\":{\"name\":\"Arlette Yeye\",\"@id\":\"https:\/\/dicodusport.fr\/blog\/#\/schema\/person\/cce96fa88785bd8573e3d43078ac8c79\"},\"headline\":\"WTA International &#8211; Le tableau du tournoi de Linz\",\"datePublished\":\"2020-11-08T16:35:29+00:00\",\"dateModified\":\"2020-11-15T16:00:38+00:00\",\"mainEntityOfPage\":{\"@id\":\"https:\/\/dicodusport.fr\/blog\/wta-international-le-tableau-du-tournoi-de-linz\/\"},\"wordCount\":268,\"commentCount\":0,\"publisher\":{\"@id\":\"https:\/\/dicodusport.fr\/blog\/#organization\"},\"image\":{\"@id\":\"https:\/\/dicodusport.fr\/blog\/wta-international-le-tableau-du-tournoi-de-linz\/#primaryimage\"},\"thumbnailUrl\":\"https:\/\/dicodusport.fr\/blog\/wp-content\/uploads\/2020\/11\/Sabalenka-Linz.jpg\",\"keywords\":[\"Tennis\",\"wta\"],\"articleSection\":[\"Tennis\"],\"inLanguage\":\"fr-FR\",\"potentialAction\":[{\"@type\":\"CommentAction\",\"name\":\"Comment\",\"target\":[\"https:\/\/dicodusport.fr\/blog\/wta-international-le-tableau-du-tournoi-de-linz\/#respond\"]}],\"copyrightYear\":\"2020\",\"copyrightHolder\":{\"@id\":\"https:\/\/dicodusport.fr\/blog\/#organization\"}},{\"@type\":\"WebPage\",\"@id\":\"https:\/\/dicodusport.fr\/blog\/wta-international-le-tableau-du-tournoi-de-linz\/\",\"url\":\"https:\/\/dicodusport.fr\/blog\/wta-international-le-tableau-du-tournoi-de-linz\/\",\"name\":\"WTA International - Le tableau du tournoi de Linz\",\"isPartOf\":{\"@id\":\"https:\/\/dicodusport.fr\/blog\/#website\"},\"primaryImageOfPage\":{\"@id\":\"https:\/\/dicodusport.fr\/blog\/wta-international-le-tableau-du-tournoi-de-linz\/#primaryimage\"},\"image\":{\"@id\":\"https:\/\/dicodusport.fr\/blog\/wta-international-le-tableau-du-tournoi-de-linz\/#primaryimage\"},\"thumbnailUrl\":\"https:\/\/dicodusport.fr\/blog\/wp-content\/uploads\/2020\/11\/Sabalenka-Linz.jpg\",\"datePublished\":\"2020-11-08T16:35:29+00:00\",\"dateModified\":\"2020-11-15T16:00:38+00:00\",\"breadcrumb\":{\"@id\":\"https:\/\/dicodusport.fr\/blog\/wta-international-le-tableau-du-tournoi-de-linz\/#breadcrumb\"},\"inLanguage\":\"fr-FR\",\"potentialAction\":[{\"@type\":\"ReadAction\",\"target\":[\"https:\/\/dicodusport.fr\/blog\/wta-international-le-tableau-du-tournoi-de-linz\/\"]}]},{\"@type\":\"ImageObject\",\"inLanguage\":\"fr-FR\",\"@id\":\"https:\/\/dicodusport.fr\/blog\/wta-international-le-tableau-du-tournoi-de-linz\/#primaryimage\",\"url\":\"https:\/\/dicodusport.fr\/blog\/wp-content\/uploads\/2020\/11\/Sabalenka-Linz.jpg\",\"contentUrl\":\"https:\/\/dicodusport.fr\/blog\/wp-content\/uploads\/2020\/11\/Sabalenka-Linz.jpg\",\"width\":800,\"height\":445},{\"@type\":\"BreadcrumbList\",\"@id\":\"https:\/\/dicodusport.fr\/blog\/wta-international-le-tableau-du-tournoi-de-linz\/#breadcrumb\",\"itemListElement\":[{\"@type\":\"ListItem\",\"position\":1,\"name\":\"Accueil\",\"item\":\"https:\/\/dicodusport.fr\/blog\/\"},{\"@type\":\"ListItem\",\"position\":2,\"name\":\"WTA International &#8211; Le tableau du tournoi de Linz\"}]},{\"@type\":\"WebSite\",\"@id\":\"https:\/\/dicodusport.fr\/blog\/#website\",\"url\":\"https:\/\/dicodusport.fr\/blog\/\",\"name\":\"Dicodusport\",\"description\":\"L&#039;encyclop\u00e9die de l&#039;actualit\u00e9 sportive\",\"publisher\":{\"@id\":\"https:\/\/dicodusport.fr\/blog\/#organization\"},\"potentialAction\":[{\"@type\":\"SearchAction\",\"target\":{\"@type\":\"EntryPoint\",\"urlTemplate\":\"https:\/\/dicodusport.fr\/blog\/?s={search_term_string}\"},\"query-input\":{\"@type\":\"PropertyValueSpecification\",\"valueRequired\":true,\"valueName\":\"search_term_string\"}}],\"inLanguage\":\"fr-FR\"},{\"@type\":\"NewsMediaOrganization\",\"@id\":\"https:\/\/dicodusport.fr\/blog\/#organization\",\"name\":\"Dicodusport\",\"url\":\"https:\/\/dicodusport.fr\/blog\/\",\"logo\":{\"@type\":\"ImageObject\",\"inLanguage\":\"fr-FR\",\"@id\":\"https:\/\/dicodusport.fr\/blog\/#\/schema\/logo\/image\/\",\"url\":\"https:\/\/dicodusport.fr\/blog\/wp-content\/uploads\/2020\/06\/cropped-LOGO-DICODUSPORT-2020-SANS-FOND-SANS-TEXTE.png\",\"contentUrl\":\"https:\/\/dicodusport.fr\/blog\/wp-content\/uploads\/2020\/06\/cropped-LOGO-DICODUSPORT-2020-SANS-FOND-SANS-TEXTE.png\",\"width\":512,\"height\":512,\"caption\":\"Dicodusport\"},\"image\":{\"@id\":\"https:\/\/dicodusport.fr\/blog\/#\/schema\/logo\/image\/\"},\"sameAs\":[\"https:\/\/www.facebook.com\/dicodusport\",\"https:\/\/x.com\/dicodusport\",\"https:\/\/www.instagram.com\/dicodusport\/\",\"https:\/\/www.youtube.com\/channel\/UC7V2KZ5sd3htJivAbA4ZG3w\"],\"description\":\"Dicodusport est l'encyclop\u00e9die de l'actualit\u00e9 sportive.\",\"email\":\"bonjour@dicodusport.fr\",\"legalName\":\"DICODUSPORT\",\"foundingDate\":\"2018-01-14\",\"vatID\":\"FR71834470973\",\"taxID\":\"83447097300043\",\"numberOfEmployees\":{\"@type\":\"QuantitativeValue\",\"minValue\":\"1\",\"maxValue\":\"10\"}},{\"@type\":\"Person\",\"@id\":\"https:\/\/dicodusport.fr\/blog\/#\/schema\/person\/cce96fa88785bd8573e3d43078ac8c79\",\"name\":\"Arlette Yeye\",\"image\":{\"@type\":\"ImageObject\",\"inLanguage\":\"fr-FR\",\"@id\":\"https:\/\/dicodusport.fr\/blog\/#\/schema\/person\/image\/\",\"url\":\"https:\/\/secure.gravatar.com\/avatar\/dca4a6239e6d708e46c45d60e160de6c?s=96&d=wp_user_avatar&r=g\",\"contentUrl\":\"https:\/\/secure.gravatar.com\/avatar\/dca4a6239e6d708e46c45d60e160de6c?s=96&d=wp_user_avatar&r=g\",\"caption\":\"Arlette Yeye\"},\"description\":\"Journaliste\/r\u00e9dactrice depuis septembre 2015 - Supportrice de Chelsea, j'ai pour sports de pr\u00e9dilection le handball, l'athl\u00e9tisme et le tennis. Si je tweete plus vite que mon ombre, vous pouvez aussi me retrouver les week-ends sur les playgrounds de Bruxelles pour un petit foot ou basket entre potes. Parcourir la France, l'Europe et plus si affinit\u00e9s pour suivre mes sportifs pr\u00e9f\u00e9r\u00e9s ? Mon kif ! Et c'est avec plaisir que je partage les r\u00e9sultats des sports populaires mais \u00e9galement plus confidentiels pour Dicodusport.\",\"sameAs\":[\"https:\/\/x.com\/https:\/\/twitter.com\/Shiclette94\"],\"url\":\"https:\/\/dicodusport.fr\/blog\/author\/arlette\/\"}]}<\/script>\n<!-- \/ Yoast SEO Premium plugin. -->","yoast_head_json":{"title":"WTA International - Le tableau du tournoi de Linz","robots":{"index":"index","follow":"follow","max-snippet":"max-snippet:-1","max-image-preview":"max-image-preview:large","max-video-preview":"max-video-preview:-1"},"canonical":"https:\/\/dicodusport.fr\/blog\/wta-international-le-tableau-du-tournoi-de-linz\/","og_locale":"fr_FR","og_type":"article","og_title":"WTA International - Le tableau du tournoi de Linz","og_description":"Le dernier tournoi de l&rsquo;ann\u00e9e se d\u00e9roule \u00e0 Linz (Autriche) du 9 au 15 novembre 2020. Voici le tableau du tournoi avec Aryna Sabalenka en t\u00eate d&rsquo;affiche. Laur\u00e9ate du tournoi d&rsquo;Ostrava le mois dernier, Aryna Sabalenka, num\u00e9ro 11 mondiale, est la t\u00eate de s\u00e9rie n\u00b01 du 30e tournoi autrichien. Pour son 30e anniversaire, le tournoi [&hellip;]","og_url":"https:\/\/dicodusport.fr\/blog\/wta-international-le-tableau-du-tournoi-de-linz\/","og_site_name":"Dicodusport","article_publisher":"https:\/\/www.facebook.com\/dicodusport","article_published_time":"2020-11-08T16:35:29+00:00","article_modified_time":"2020-11-15T16:00:38+00:00","og_image":[{"width":800,"height":445,"url":"https:\/\/dicodusport.fr\/blog\/wp-content\/uploads\/2020\/11\/Sabalenka-Linz.jpg","type":"image\/jpeg"}],"author":"Arlette Yeye","twitter_card":"summary_large_image","twitter_title":"WTA International - Le tableau du tournoi de Linz","twitter_creator":"@https:\/\/twitter.com\/Shiclette94","twitter_site":"@dicodusport","schema":{"@context":"https:\/\/schema.org","@graph":[{"@type":"NewsArticle","@id":"https:\/\/dicodusport.fr\/blog\/wta-international-le-tableau-du-tournoi-de-linz\/#article","isPartOf":{"@id":"https:\/\/dicodusport.fr\/blog\/wta-international-le-tableau-du-tournoi-de-linz\/"},"author":{"name":"Arlette Yeye","@id":"https:\/\/dicodusport.fr\/blog\/#\/schema\/person\/cce96fa88785bd8573e3d43078ac8c79"},"headline":"WTA International &#8211; Le tableau du tournoi de Linz","datePublished":"2020-11-08T16:35:29+00:00","dateModified":"2020-11-15T16:00:38+00:00","mainEntityOfPage":{"@id":"https:\/\/dicodusport.fr\/blog\/wta-international-le-tableau-du-tournoi-de-linz\/"},"wordCount":268,"commentCount":0,"publisher":{"@id":"https:\/\/dicodusport.fr\/blog\/#organization"},"image":{"@id":"https:\/\/dicodusport.fr\/blog\/wta-international-le-tableau-du-tournoi-de-linz\/#primaryimage"},"thumbnailUrl":"https:\/\/dicodusport.fr\/blog\/wp-content\/uploads\/2020\/11\/Sabalenka-Linz.jpg","keywords":["Tennis","wta"],"articleSection":["Tennis"],"inLanguage":"fr-FR","potentialAction":[{"@type":"CommentAction","name":"Comment","target":["https:\/\/dicodusport.fr\/blog\/wta-international-le-tableau-du-tournoi-de-linz\/#respond"]}],"copyrightYear":"2020","copyrightHolder":{"@id":"https:\/\/dicodusport.fr\/blog\/#organization"}},{"@type":"WebPage","@id":"https:\/\/dicodusport.fr\/blog\/wta-international-le-tableau-du-tournoi-de-linz\/","url":"https:\/\/dicodusport.fr\/blog\/wta-international-le-tableau-du-tournoi-de-linz\/","name":"WTA International - Le tableau du tournoi de Linz","isPartOf":{"@id":"https:\/\/dicodusport.fr\/blog\/#website"},"primaryImageOfPage":{"@id":"https:\/\/dicodusport.fr\/blog\/wta-international-le-tableau-du-tournoi-de-linz\/#primaryimage"},"image":{"@id":"https:\/\/dicodusport.fr\/blog\/wta-international-le-tableau-du-tournoi-de-linz\/#primaryimage"},"thumbnailUrl":"https:\/\/dicodusport.fr\/blog\/wp-content\/uploads\/2020\/11\/Sabalenka-Linz.jpg","datePublished":"2020-11-08T16:35:29+00:00","dateModified":"2020-11-15T16:00:38+00:00","breadcrumb":{"@id":"https:\/\/dicodusport.fr\/blog\/wta-international-le-tableau-du-tournoi-de-linz\/#breadcrumb"},"inLanguage":"fr-FR","potentialAction":[{"@type":"ReadAction","target":["https:\/\/dicodusport.fr\/blog\/wta-international-le-tableau-du-tournoi-de-linz\/"]}]},{"@type":"ImageObject","inLanguage":"fr-FR","@id":"https:\/\/dicodusport.fr\/blog\/wta-international-le-tableau-du-tournoi-de-linz\/#primaryimage","url":"https:\/\/dicodusport.fr\/blog\/wp-content\/uploads\/2020\/11\/Sabalenka-Linz.jpg","contentUrl":"https:\/\/dicodusport.fr\/blog\/wp-content\/uploads\/2020\/11\/Sabalenka-Linz.jpg","width":800,"height":445},{"@type":"BreadcrumbList","@id":"https:\/\/dicodusport.fr\/blog\/wta-international-le-tableau-du-tournoi-de-linz\/#breadcrumb","itemListElement":[{"@type":"ListItem","position":1,"name":"Accueil","item":"https:\/\/dicodusport.fr\/blog\/"},{"@type":"ListItem","position":2,"name":"WTA International &#8211; Le tableau du tournoi de Linz"}]},{"@type":"WebSite","@id":"https:\/\/dicodusport.fr\/blog\/#website","url":"https:\/\/dicodusport.fr\/blog\/","name":"Dicodusport","description":"L&#039;encyclop\u00e9die de l&#039;actualit\u00e9 sportive","publisher":{"@id":"https:\/\/dicodusport.fr\/blog\/#organization"},"potentialAction":[{"@type":"SearchAction","target":{"@type":"EntryPoint","urlTemplate":"https:\/\/dicodusport.fr\/blog\/?s={search_term_string}"},"query-input":{"@type":"PropertyValueSpecification","valueRequired":true,"valueName":"search_term_string"}}],"inLanguage":"fr-FR"},{"@type":"NewsMediaOrganization","@id":"https:\/\/dicodusport.fr\/blog\/#organization","name":"Dicodusport","url":"https:\/\/dicodusport.fr\/blog\/","logo":{"@type":"ImageObject","inLanguage":"fr-FR","@id":"https:\/\/dicodusport.fr\/blog\/#\/schema\/logo\/image\/","url":"https:\/\/dicodusport.fr\/blog\/wp-content\/uploads\/2020\/06\/cropped-LOGO-DICODUSPORT-2020-SANS-FOND-SANS-TEXTE.png","contentUrl":"https:\/\/dicodusport.fr\/blog\/wp-content\/uploads\/2020\/06\/cropped-LOGO-DICODUSPORT-2020-SANS-FOND-SANS-TEXTE.png","width":512,"height":512,"caption":"Dicodusport"},"image":{"@id":"https:\/\/dicodusport.fr\/blog\/#\/schema\/logo\/image\/"},"sameAs":["https:\/\/www.facebook.com\/dicodusport","https:\/\/x.com\/dicodusport","https:\/\/www.instagram.com\/dicodusport\/","https:\/\/www.youtube.com\/channel\/UC7V2KZ5sd3htJivAbA4ZG3w"],"description":"Dicodusport est l'encyclop\u00e9die de l'actualit\u00e9 sportive.","email":"bonjour@dicodusport.fr","legalName":"DICODUSPORT","foundingDate":"2018-01-14","vatID":"FR71834470973","taxID":"83447097300043","numberOfEmployees":{"@type":"QuantitativeValue","minValue":"1","maxValue":"10"}},{"@type":"Person","@id":"https:\/\/dicodusport.fr\/blog\/#\/schema\/person\/cce96fa88785bd8573e3d43078ac8c79","name":"Arlette Yeye","image":{"@type":"ImageObject","inLanguage":"fr-FR","@id":"https:\/\/dicodusport.fr\/blog\/#\/schema\/person\/image\/","url":"https:\/\/secure.gravatar.com\/avatar\/dca4a6239e6d708e46c45d60e160de6c?s=96&d=wp_user_avatar&r=g","contentUrl":"https:\/\/secure.gravatar.com\/avatar\/dca4a6239e6d708e46c45d60e160de6c?s=96&d=wp_user_avatar&r=g","caption":"Arlette Yeye"},"description":"Journaliste\/r\u00e9dactrice depuis septembre 2015 - Supportrice de Chelsea, j'ai pour sports de pr\u00e9dilection le handball, l'athl\u00e9tisme et le tennis. Si je tweete plus vite que mon ombre, vous pouvez aussi me retrouver les week-ends sur les playgrounds de Bruxelles pour un petit foot ou basket entre potes. Parcourir la France, l'Europe et plus si affinit\u00e9s pour suivre mes sportifs pr\u00e9f\u00e9r\u00e9s ? Mon kif ! Et c'est avec plaisir que je partage les r\u00e9sultats des sports populaires mais \u00e9galement plus confidentiels pour Dicodusport.","sameAs":["https:\/\/x.com\/https:\/\/twitter.com\/Shiclette94"],"url":"https:\/\/dicodusport.fr\/blog\/author\/arlette\/"}]}},"_links":{"self":[{"href":"https:\/\/dicodusport.fr\/blog\/wp-json\/wp\/v2\/posts\/86836","targetHints":{"allow":["GET"]}}],"collection":[{"href":"https:\/\/dicodusport.fr\/blog\/wp-json\/wp\/v2\/posts"}],"about":[{"href":"https:\/\/dicodusport.fr\/blog\/wp-json\/wp\/v2\/types\/post"}],"author":[{"embeddable":true,"href":"https:\/\/dicodusport.fr\/blog\/wp-json\/wp\/v2\/users\/12"}],"replies":[{"embeddable":true,"href":"https:\/\/dicodusport.fr\/blog\/wp-json\/wp\/v2\/comments?post=86836"}],"version-history":[{"count":0,"href":"https:\/\/dicodusport.fr\/blog\/wp-json\/wp\/v2\/posts\/86836\/revisions"}],"wp:featuredmedia":[{"embeddable":true,"href":"https:\/\/dicodusport.fr\/blog\/wp-json\/wp\/v2\/media\/86842"}],"wp:attachment":[{"href":"https:\/\/dicodusport.fr\/blog\/wp-json\/wp\/v2\/media?parent=86836"}],"wp:term":[{"taxonomy":"category","embeddable":true,"href":"https:\/\/dicodusport.fr\/blog\/wp-json\/wp\/v2\/categories?post=86836"},{"taxonomy":"post_tag","embeddable":true,"href":"https:\/\/dicodusport.fr\/blog\/wp-json\/wp\/v2\/tags?post=86836"}],"curies":[{"name":"wp","href":"https:\/\/api.w.org\/{rel}","templated":true}]}}