{"id":87,"date":"2016-04-29T06:52:31","date_gmt":"2016-04-29T05:52:31","guid":{"rendered":"http:\/\/dicodusport.fr\/blog\/?p=87"},"modified":"2025-02-03T20:39:56","modified_gmt":"2025-02-03T19:39:56","slug":"eusebio-o-pantera-negra","status":"publish","type":"post","link":"https:\/\/dicodusport.fr\/blog\/eusebio-o-pantera-negra\/","title":{"rendered":"Eus\u00e9bio, \u00ab\u00a0O pantera negra\u00a0\u00bb"},"content":{"rendered":"<h4 style=\"text-align: justify;\"><span style=\"color: #000000;\"><em>Eus\u00e9bio da Silva Ferreira, plus commun\u00e9ment appel\u00e9 Eus\u00e9bio \u00e9tait surnomm\u00e9 \u00ab\u00a0O pantera negra\u00a0\u00bb ou encore \u00ab\u00a0O rei\u00a0\u00bb.<\/em><\/span><\/h4>\n<p style=\"text-align: justify;\"><span style=\"color: #000000;\">Ce joueur de <a href=\"http:\/\/dicodusport.fr\/definition-sport\/football\/\" target=\"_blank\" rel=\"noopener\"><span style=\"color: #0000ff;\">football<\/span><\/a> de classe international est devenu une personnalit\u00e9 incontournable dans le monde du football. Evoluant de la fin des ann\u00e9es 1950 \u00e0 la fin des ann\u00e9es 1970, cet attaquant de talent a su laisser son empreinte dans le monde du football notamment gr\u00e2ce \u00e0 son exceptionnel palmar\u00e8s et \u00e0 ses 552 buts en matchs officiels, faisant de lui le neuvi\u00e8me meilleur buteur de l\u2019histoire. Il est aujourd\u2019hui consid\u00e9r\u00e9 comme l\u2019une des l\u00e9gendes du football et fait l\u2019unanimit\u00e9 \u00e0 ce sujet.<\/span><\/p>\n<h2 style=\"text-align: justify;\">Une personnalit\u00e9 importante au Portugal<\/h2>\n<p style=\"text-align: justify;\"><span style=\"color: #000000;\"><strong>Eus\u00e9bio<\/strong> est \u00e9galement une personnalit\u00e9 importante au Portugal comme peuvent le traduire les trois jours de deuil national d\u00e9cr\u00e9t\u00e9s par le gouvernement portugais lors de sa mort et le transfert de sa d\u00e9pouille au Panth\u00e9on national le 3 juillet 2015 qui se situe \u00e0 Lisbonne. <\/span><span style=\"color: #000000;\">Eus\u00e9bio da Silva Ferreira, plus commun\u00e9ment appel\u00e9 <strong>Eus\u00e9bio<\/strong> est n\u00e9 le 25 janvier 1942 au Mozambique (colonie portugaise \u00e0 l\u2019\u00e9poque), plus pr\u00e9cis\u00e9ment \u00e0 Loren\u00e7o-Marques aujourd\u2019hui appel\u00e9 Mapunto qui est la capitale du Mozambique. Il est d\u00e9c\u00e9d\u00e9 le 5 janvier 2014 \u00e0 l\u2019\u00e2ge de 71 ans \u00e0 Lisbonne, capitale du Portugal.<\/span><\/p>\n<p style=\"text-align: justify;\"><span style=\"color: #000000;\">Il est consid\u00e9r\u00e9 comme l\u2019un des meilleurs joueurs de l\u2019histoire du football et a h\u00e9rit\u00e9 de ce fait de plusieurs surnoms tel que \u00ab O pantera negra \u00bb qui se traduit en fran\u00e7ais par \u00ab la panth\u00e8re noire \u00bb ou bien encore \u00ab O rei \u00bb qui se traduit quant \u00e0 lui par \u00ab Le roi \u00bb. Le Portugais<\/span><span style=\"color: #000000;\"> a d\u00e9but\u00e9 le football \u00e0 l\u2019\u00e2ge de quinze ans au SC Louren\u00e7o Marques. Il a tr\u00e8s vite \u00e9t\u00e9 rep\u00e9r\u00e9 par des \u00e9missaires du club de SL Benfica de Lisbonne, ce qui est plut\u00f4t surprenant, car le club d\u2019\u00e9poque d\u2019Eus\u00e9bio \u00e9tait parrain\u00e9 par le principal adversaire du SL Benfica, le Sporting CP de Lisbonne.<\/span><\/p>\n<h2 style=\"text-align: justify;\"><strong>Eus\u00e9bio quitte le Mozambique<\/strong><\/h2>\n<p style=\"text-align: justify;\"><span style=\"color: #000000;\">Suite \u00e0 cette d\u00e9tection, <strong>Eus\u00e9bio<\/strong> a donc quitt\u00e9 le Mozambique et s\u2019est dirig\u00e9 vers le Portugal le 16 d\u00e9cembre 1960 \u00e0 l\u2019\u00e2ge de dix-huit ans. Il jouera son premier match avec le club lisbo\u00e8te qui est alors entra\u00een\u00e9 par B\u00e9la Guttmann le 23 mai 1961 et il y inscrira un tripl\u00e9.<\/span><\/p>\n<p style=\"text-align: justify;\"><span style=\"color: #000000;\">L\u2019ann\u00e9e 1961 sera pour Eus\u00e9bio l\u2019ann\u00e9e de la r\u00e9v\u00e9lation aupr\u00e8s du monde du football et du Portugal. En effet il aura remport\u00e9 avec son club son premier titre de champion du Portugal ainsi que sa premi\u00e8re Coupe d\u2019Europe des clubs.\u00a0<\/span><span style=\"color: #000000;\">Auteur de bonnes performances tout au long de la saison, il sera appel\u00e9 en \u00e9quipe du Portugal et fera ses premiers pas avec la s\u00e9lection le 19 octobre 1961 contre le Luxembourg o\u00f9 le Portugal s\u2019inclinera 2 buts \u00e0 4.<\/span><\/p>\n<p style=\"text-align: justify;\"><span style=\"color: #000000;\">Il aura\u00a0remport\u00e9 avec le SL Benfica une Coupe des clubs champions, onze titres de champion ainsi que 5 Coupes du Portugal. Il aura \u00e9galement \u00e9t\u00e9 \u00e9lu sept fois meilleur buteur du championnat portugais et aura re\u00e7u 2 souliers d\u2019or.<br \/>\nSon empreinte est l\u2019une des plus importantes et des plus glorieuses apport\u00e9 au club portugais puisqu\u2019elle a m\u00eame dur\u00e9e apr\u00e8s sa carri\u00e8re lorsque Eus\u00e9bio est devenue l\u2019ambassadeur du club \u00e0 travers le monde.\u00a0<\/span><span style=\"color: #000000;\">Pour le remercier pour sa contribution, le club a d\u2019ailleurs fait \u00e9riger \u00e0 l\u2019entr\u00e9e du Est\u00e1dio da luz (Stade de Luz) une statue de bronze \u00e0 son effigie.<\/span><\/p>\n<div id=\"attachment_272119\" style=\"width: 810px\" class=\"wp-caption aligncenter\"><a href=\"https:\/\/dicodusport.fr\/blog\/wp-content\/uploads\/2016\/04\/Eusebio-O-pantera-negra.png\"><img loading=\"lazy\" decoding=\"async\" aria-describedby=\"caption-attachment-272119\" class=\"size-full wp-image-272119\" src=\"https:\/\/dicodusport.fr\/blog\/wp-content\/uploads\/2016\/04\/Eusebio-O-pantera-negra.png\" alt=\"Eus\u00e9bio, O pantera negra\" width=\"800\" height=\"445\" srcset=\"https:\/\/dicodusport.fr\/blog\/wp-content\/uploads\/2016\/04\/Eusebio-O-pantera-negra.png 800w, https:\/\/dicodusport.fr\/blog\/wp-content\/uploads\/2016\/04\/Eusebio-O-pantera-negra-300x167.png 300w, https:\/\/dicodusport.fr\/blog\/wp-content\/uploads\/2016\/04\/Eusebio-O-pantera-negra-768x427.png 768w\" sizes=\"auto, (max-width: 800px) 100vw, 800px\" \/><\/a><p id=\"caption-attachment-272119\" class=\"wp-caption-text\">Eus\u00e9bio, en 1972 &#8211; Icon Sport<\/p><\/div>\n<h2 style=\"text-align: justify;\"><strong>Eus\u00e9bio Ballon d&rsquo;Or en 1965<\/strong><\/h2>\n<p style=\"text-align: justify;\"><span style=\"color: #000000;\">En raison de ses performances individuelles avec son club comme avec la s\u00e9lection et de la qualification du Portugal pour la coupe du monde de 1966, <strong>Eus\u00e9bio<\/strong> recevra son premier et dernier Ballon d\u2019Or en 1965 ayant \u00e9t\u00e9 plusieurs fois pr\u00e9tendant au titre (en 1962 et 1966). <\/span><span style=\"color: #000000;\">Lors de la coupe du monde de 1966 il m\u00e8ne le Portugal jusqu\u2019\u00e0 la troisi\u00e8me place et est sacr\u00e9 meilleur buteur avec un total de neuf buts.<\/span><\/p>\n<p style=\"text-align: justify;\"><span style=\"color: #000000;\">Au terme de sa carri\u00e8re, il aura donc \u00e9t\u00e9 s\u00e9lectionn\u00e9 64 fois avec l\u2019\u00e9quipe nationale du Portugal et aura mis 41 buts \u00e9tablissant un nouveau record qui ne sera battu que 30 ans plus tard par Pauleta. <\/span><span style=\"color: #000000;\">Avec le SL Benfica, il aura mis 473 buts en 440 matchs officiels et un total de 638 buts si l\u2019ont inclus les matchs amicaux.<\/span><\/p>\n<p style=\"text-align: justify;\"><span style=\"color: #000000;\">Ce joueur de renomm\u00e9e mondiale a \u00e9galement re\u00e7u bon nombre de distinctions de la part du Portugal comme la Grand-croix de l\u2019Ordre du M\u00e9rite portugais le 5 juillet 2004, la M\u00e9daille d\u2019argent de l\u2019Ordre du l\u2019Infant Dom Henri le 19 d\u00e9cembre 1966 ainsi que la Grand-croix du m\u00eame nom le 21 janvier 1992 et le ballon d\u2019or portugais (A bola) en 1991.<\/span><\/p>\n<h2 style=\"text-align: justify;\"><strong>Joueur d&rsquo;or du Portugal<\/strong><\/h2>\n<p style=\"text-align: justify;\"><span style=\"color: #000000;\">Il est aussi nomm\u00e9 au FIFA 100 et \u00e9lu joueur d\u2019or du Portugal par l\u2019UEFA en 2004. Il recevra le prix du Pr\u00e9sident de l\u2019UEFA des mains de Michel Platini en 2009. <\/span><span style=\"color: #000000;\">Lors de deux votes organis\u00e9s par l\u2019IFFHS, il est d\u00e9sign\u00e9 meilleur joueur du si\u00e8cle en Europe et huiti\u00e8me meilleur joueur du si\u00e8cle du monde.<\/span><\/p>\n<p style=\"text-align: justify;\"><span style=\"color: #000000;\">Eus\u00e9bio a mis officiellement fin \u00e0 sa carri\u00e8re en 1978 \u00e0 l&rsquo;\u00e2ge de 36 ans, apr\u00e8s avoir jou\u00e9 quelques ann\u00e9es en deuxi\u00e8me division portugaise avec les clubs de SC Beira-Mar et de l&rsquo;Uniao de Tomar, en Am\u00e9rique du Nord et au Mexique o\u00f9 il remporte d&rsquo;ailleurs le championnat.<\/span><\/p>\n<p style=\"text-align: justify;\">\n","protected":false},"excerpt":{"rendered":"<p>Eus\u00e9bio da Silva Ferreira, plus commun\u00e9ment appel\u00e9 Eus\u00e9bio \u00e9tait surnomm\u00e9 \u00ab\u00a0O pantera negra\u00a0\u00bb ou encore \u00ab\u00a0O rei\u00a0\u00bb.<\/p>\n","protected":false},"author":1,"featured_media":272119,"comment_status":"open","ping_status":"closed","sticky":false,"template":"","format":"standard","meta":{"_acf_changed":false,"_daextam_enable_autolinks":"1","footnotes":""},"categories":[7],"tags":[17,38,75,89],"class_list":["post-87","post","type-post","status-publish","format-standard","has-post-thumbnail","hentry","category-legendes-du-sport","tag-dicodusport","tag-dicodusport-fr","tag-football","tag-portugal"],"acf":[],"yoast_head":"<!-- This site is optimized with the Yoast SEO Premium plugin v26.7 (Yoast SEO v26.7) - https:\/\/yoast.com\/wordpress\/plugins\/seo\/ -->\n<title>Eus\u00e9bio, &quot;O pantera negra&quot;<\/title>\n<meta name=\"description\" content=\"Eus\u00e9bio, footballeur de classe internationale est consid\u00e9r\u00e9 comme une l\u00e9gende, surtout au Portugal o\u00f9 il a effectu\u00e9 une grande partie de sa carri\u00e8re.\" \/>\n<meta name=\"robots\" content=\"index, follow, max-snippet:-1, max-image-preview:large, max-video-preview:-1\" \/>\n<link rel=\"canonical\" href=\"https:\/\/dicodusport.fr\/blog\/eusebio-o-pantera-negra\/\" \/>\n<meta property=\"og:locale\" content=\"fr_FR\" \/>\n<meta property=\"og:type\" content=\"article\" \/>\n<meta property=\"og:title\" content=\"Eus\u00e9bio, &quot;O pantera negra&quot;\" \/>\n<meta property=\"og:description\" content=\"Eus\u00e9bio, footballeur de classe internationale est consid\u00e9r\u00e9 comme une l\u00e9gende, surtout au Portugal o\u00f9 il a effectu\u00e9 une grande partie de sa carri\u00e8re.\" \/>\n<meta property=\"og:url\" content=\"https:\/\/dicodusport.fr\/blog\/eusebio-o-pantera-negra\/\" \/>\n<meta property=\"og:site_name\" content=\"Dicodusport\" \/>\n<meta property=\"article:publisher\" content=\"https:\/\/www.facebook.com\/dicodusport\" \/>\n<meta property=\"article:author\" content=\"https:\/\/www.facebook.com\/dicodusport\" \/>\n<meta property=\"article:published_time\" content=\"2016-04-29T05:52:31+00:00\" \/>\n<meta property=\"article:modified_time\" content=\"2025-02-03T19:39:56+00:00\" \/>\n<meta property=\"og:image\" content=\"https:\/\/dicodusport.fr\/blog\/wp-content\/uploads\/2016\/04\/Eusebio-O-pantera-negra.png\" \/>\n\t<meta property=\"og:image:width\" content=\"800\" \/>\n\t<meta property=\"og:image:height\" content=\"445\" \/>\n\t<meta property=\"og:image:type\" content=\"image\/png\" \/>\n<meta name=\"author\" content=\"Nicolas Jacquemard\" \/>\n<meta name=\"twitter:card\" content=\"summary_large_image\" \/>\n<meta name=\"twitter:creator\" content=\"@https:\/\/twitter.com\/Nico_Jacquemard\" \/>\n<meta name=\"twitter:site\" content=\"@dicodusport\" \/>\n<script type=\"application\/ld+json\" class=\"yoast-schema-graph\">{\"@context\":\"https:\/\/schema.org\",\"@graph\":[{\"@type\":\"NewsArticle\",\"@id\":\"https:\/\/dicodusport.fr\/blog\/eusebio-o-pantera-negra\/#article\",\"isPartOf\":{\"@id\":\"https:\/\/dicodusport.fr\/blog\/eusebio-o-pantera-negra\/\"},\"author\":{\"name\":\"Nicolas Jacquemard\",\"@id\":\"https:\/\/dicodusport.fr\/blog\/#\/schema\/person\/55dcb50ad410894e431ed812bbb70191\"},\"headline\":\"Eus\u00e9bio, \u00ab\u00a0O pantera negra\u00a0\u00bb\",\"datePublished\":\"2016-04-29T05:52:31+00:00\",\"dateModified\":\"2025-02-03T19:39:56+00:00\",\"mainEntityOfPage\":{\"@id\":\"https:\/\/dicodusport.fr\/blog\/eusebio-o-pantera-negra\/\"},\"wordCount\":929,\"commentCount\":0,\"publisher\":{\"@id\":\"https:\/\/dicodusport.fr\/blog\/#organization\"},\"image\":{\"@id\":\"https:\/\/dicodusport.fr\/blog\/eusebio-o-pantera-negra\/#primaryimage\"},\"thumbnailUrl\":\"https:\/\/dicodusport.fr\/blog\/wp-content\/uploads\/2016\/04\/Eusebio-O-pantera-negra.png\",\"keywords\":[\"Dicodusport\",\"dicodusport.fr\",\"Football\",\"Portugal\"],\"articleSection\":[\"L\u00e9gendes du sport\"],\"inLanguage\":\"fr-FR\",\"potentialAction\":[{\"@type\":\"CommentAction\",\"name\":\"Comment\",\"target\":[\"https:\/\/dicodusport.fr\/blog\/eusebio-o-pantera-negra\/#respond\"]}],\"copyrightYear\":\"2016\",\"copyrightHolder\":{\"@id\":\"https:\/\/dicodusport.fr\/blog\/#organization\"}},{\"@type\":\"WebPage\",\"@id\":\"https:\/\/dicodusport.fr\/blog\/eusebio-o-pantera-negra\/\",\"url\":\"https:\/\/dicodusport.fr\/blog\/eusebio-o-pantera-negra\/\",\"name\":\"Eus\u00e9bio, \\\"O pantera negra\\\"\",\"isPartOf\":{\"@id\":\"https:\/\/dicodusport.fr\/blog\/#website\"},\"primaryImageOfPage\":{\"@id\":\"https:\/\/dicodusport.fr\/blog\/eusebio-o-pantera-negra\/#primaryimage\"},\"image\":{\"@id\":\"https:\/\/dicodusport.fr\/blog\/eusebio-o-pantera-negra\/#primaryimage\"},\"thumbnailUrl\":\"https:\/\/dicodusport.fr\/blog\/wp-content\/uploads\/2016\/04\/Eusebio-O-pantera-negra.png\",\"datePublished\":\"2016-04-29T05:52:31+00:00\",\"dateModified\":\"2025-02-03T19:39:56+00:00\",\"description\":\"Eus\u00e9bio, footballeur de classe internationale est consid\u00e9r\u00e9 comme une l\u00e9gende, surtout au Portugal o\u00f9 il a effectu\u00e9 une grande partie de sa carri\u00e8re.\",\"breadcrumb\":{\"@id\":\"https:\/\/dicodusport.fr\/blog\/eusebio-o-pantera-negra\/#breadcrumb\"},\"inLanguage\":\"fr-FR\",\"potentialAction\":[{\"@type\":\"ReadAction\",\"target\":[\"https:\/\/dicodusport.fr\/blog\/eusebio-o-pantera-negra\/\"]}]},{\"@type\":\"ImageObject\",\"inLanguage\":\"fr-FR\",\"@id\":\"https:\/\/dicodusport.fr\/blog\/eusebio-o-pantera-negra\/#primaryimage\",\"url\":\"https:\/\/dicodusport.fr\/blog\/wp-content\/uploads\/2016\/04\/Eusebio-O-pantera-negra.png\",\"contentUrl\":\"https:\/\/dicodusport.fr\/blog\/wp-content\/uploads\/2016\/04\/Eusebio-O-pantera-negra.png\",\"width\":800,\"height\":445,\"caption\":\"Eus\u00e9bio, en 1972 - Icon Sport\"},{\"@type\":\"BreadcrumbList\",\"@id\":\"https:\/\/dicodusport.fr\/blog\/eusebio-o-pantera-negra\/#breadcrumb\",\"itemListElement\":[{\"@type\":\"ListItem\",\"position\":1,\"name\":\"Accueil\",\"item\":\"https:\/\/dicodusport.fr\/blog\/\"},{\"@type\":\"ListItem\",\"position\":2,\"name\":\"Eus\u00e9bio, &#8220;O pantera negra&#8221;\"}]},{\"@type\":\"WebSite\",\"@id\":\"https:\/\/dicodusport.fr\/blog\/#website\",\"url\":\"https:\/\/dicodusport.fr\/blog\/\",\"name\":\"Dicodusport\",\"description\":\"L&#039;encyclop\u00e9die de l&#039;actualit\u00e9 sportive\",\"publisher\":{\"@id\":\"https:\/\/dicodusport.fr\/blog\/#organization\"},\"potentialAction\":[{\"@type\":\"SearchAction\",\"target\":{\"@type\":\"EntryPoint\",\"urlTemplate\":\"https:\/\/dicodusport.fr\/blog\/?s={search_term_string}\"},\"query-input\":{\"@type\":\"PropertyValueSpecification\",\"valueRequired\":true,\"valueName\":\"search_term_string\"}}],\"inLanguage\":\"fr-FR\"},{\"@type\":\"NewsMediaOrganization\",\"@id\":\"https:\/\/dicodusport.fr\/blog\/#organization\",\"name\":\"Dicodusport\",\"url\":\"https:\/\/dicodusport.fr\/blog\/\",\"logo\":{\"@type\":\"ImageObject\",\"inLanguage\":\"fr-FR\",\"@id\":\"https:\/\/dicodusport.fr\/blog\/#\/schema\/logo\/image\/\",\"url\":\"https:\/\/dicodusport.fr\/blog\/wp-content\/uploads\/2020\/06\/cropped-LOGO-DICODUSPORT-2020-SANS-FOND-SANS-TEXTE.png\",\"contentUrl\":\"https:\/\/dicodusport.fr\/blog\/wp-content\/uploads\/2020\/06\/cropped-LOGO-DICODUSPORT-2020-SANS-FOND-SANS-TEXTE.png\",\"width\":512,\"height\":512,\"caption\":\"Dicodusport\"},\"image\":{\"@id\":\"https:\/\/dicodusport.fr\/blog\/#\/schema\/logo\/image\/\"},\"sameAs\":[\"https:\/\/www.facebook.com\/dicodusport\",\"https:\/\/x.com\/dicodusport\",\"https:\/\/www.instagram.com\/dicodusport\/\",\"https:\/\/www.youtube.com\/channel\/UC7V2KZ5sd3htJivAbA4ZG3w\"],\"description\":\"Dicodusport est l'encyclop\u00e9die de l'actualit\u00e9 sportive.\",\"email\":\"bonjour@dicodusport.fr\",\"legalName\":\"DICODUSPORT\",\"foundingDate\":\"2018-01-14\",\"vatID\":\"FR71834470973\",\"taxID\":\"83447097300043\",\"numberOfEmployees\":{\"@type\":\"QuantitativeValue\",\"minValue\":\"1\",\"maxValue\":\"10\"}},{\"@type\":\"Person\",\"@id\":\"https:\/\/dicodusport.fr\/blog\/#\/schema\/person\/55dcb50ad410894e431ed812bbb70191\",\"name\":\"Nicolas Jacquemard\",\"image\":{\"@type\":\"ImageObject\",\"inLanguage\":\"fr-FR\",\"@id\":\"https:\/\/dicodusport.fr\/blog\/#\/schema\/person\/image\/\",\"url\":\"https:\/\/dicodusport.fr\/blog\/wp-content\/uploads\/2021\/05\/Nicolas-Jacquemard-150x150.jpeg\",\"contentUrl\":\"https:\/\/dicodusport.fr\/blog\/wp-content\/uploads\/2021\/05\/Nicolas-Jacquemard-150x150.jpeg\",\"caption\":\"Nicolas Jacquemard\"},\"description\":\"Passionn\u00e9 de sport et entrepreneur depuis mes 18 ans, la cr\u00e9ation de Dicodusport m'a sembl\u00e9 \u00e9vidente pour participer \u00e0 la m\u00e9diatisation d'un plus grand nombre de sports. Le chemin est long mais avec une \u00e9quipe des plus motiv\u00e9es et les Jeux Olympiques de Paris 2024 en point de mire, nous y arriverons ! Journaliste dans le monde du sport depuis plus de 5 ans, je traite aussi bien de football, de rugby, de biathlon que de cyclisme.\",\"sameAs\":[\"https:\/\/www.facebook.com\/dicodusport\",\"https:\/\/x.com\/https:\/\/twitter.com\/Nico_Jacquemard\"],\"url\":\"https:\/\/dicodusport.fr\/blog\/author\/dicodusport\/\"}]}<\/script>\n<!-- \/ Yoast SEO Premium plugin. -->","yoast_head_json":{"title":"Eus\u00e9bio, \"O pantera negra\"","description":"Eus\u00e9bio, footballeur de classe internationale est consid\u00e9r\u00e9 comme une l\u00e9gende, surtout au Portugal o\u00f9 il a effectu\u00e9 une grande partie de sa carri\u00e8re.","robots":{"index":"index","follow":"follow","max-snippet":"max-snippet:-1","max-image-preview":"max-image-preview:large","max-video-preview":"max-video-preview:-1"},"canonical":"https:\/\/dicodusport.fr\/blog\/eusebio-o-pantera-negra\/","og_locale":"fr_FR","og_type":"article","og_title":"Eus\u00e9bio, \"O pantera negra\"","og_description":"Eus\u00e9bio, footballeur de classe internationale est consid\u00e9r\u00e9 comme une l\u00e9gende, surtout au Portugal o\u00f9 il a effectu\u00e9 une grande partie de sa carri\u00e8re.","og_url":"https:\/\/dicodusport.fr\/blog\/eusebio-o-pantera-negra\/","og_site_name":"Dicodusport","article_publisher":"https:\/\/www.facebook.com\/dicodusport","article_author":"https:\/\/www.facebook.com\/dicodusport","article_published_time":"2016-04-29T05:52:31+00:00","article_modified_time":"2025-02-03T19:39:56+00:00","og_image":[{"width":800,"height":445,"url":"https:\/\/dicodusport.fr\/blog\/wp-content\/uploads\/2016\/04\/Eusebio-O-pantera-negra.png","type":"image\/png"}],"author":"Nicolas Jacquemard","twitter_card":"summary_large_image","twitter_creator":"@https:\/\/twitter.com\/Nico_Jacquemard","twitter_site":"@dicodusport","schema":{"@context":"https:\/\/schema.org","@graph":[{"@type":"NewsArticle","@id":"https:\/\/dicodusport.fr\/blog\/eusebio-o-pantera-negra\/#article","isPartOf":{"@id":"https:\/\/dicodusport.fr\/blog\/eusebio-o-pantera-negra\/"},"author":{"name":"Nicolas Jacquemard","@id":"https:\/\/dicodusport.fr\/blog\/#\/schema\/person\/55dcb50ad410894e431ed812bbb70191"},"headline":"Eus\u00e9bio, \u00ab\u00a0O pantera negra\u00a0\u00bb","datePublished":"2016-04-29T05:52:31+00:00","dateModified":"2025-02-03T19:39:56+00:00","mainEntityOfPage":{"@id":"https:\/\/dicodusport.fr\/blog\/eusebio-o-pantera-negra\/"},"wordCount":929,"commentCount":0,"publisher":{"@id":"https:\/\/dicodusport.fr\/blog\/#organization"},"image":{"@id":"https:\/\/dicodusport.fr\/blog\/eusebio-o-pantera-negra\/#primaryimage"},"thumbnailUrl":"https:\/\/dicodusport.fr\/blog\/wp-content\/uploads\/2016\/04\/Eusebio-O-pantera-negra.png","keywords":["Dicodusport","dicodusport.fr","Football","Portugal"],"articleSection":["L\u00e9gendes du sport"],"inLanguage":"fr-FR","potentialAction":[{"@type":"CommentAction","name":"Comment","target":["https:\/\/dicodusport.fr\/blog\/eusebio-o-pantera-negra\/#respond"]}],"copyrightYear":"2016","copyrightHolder":{"@id":"https:\/\/dicodusport.fr\/blog\/#organization"}},{"@type":"WebPage","@id":"https:\/\/dicodusport.fr\/blog\/eusebio-o-pantera-negra\/","url":"https:\/\/dicodusport.fr\/blog\/eusebio-o-pantera-negra\/","name":"Eus\u00e9bio, \"O pantera negra\"","isPartOf":{"@id":"https:\/\/dicodusport.fr\/blog\/#website"},"primaryImageOfPage":{"@id":"https:\/\/dicodusport.fr\/blog\/eusebio-o-pantera-negra\/#primaryimage"},"image":{"@id":"https:\/\/dicodusport.fr\/blog\/eusebio-o-pantera-negra\/#primaryimage"},"thumbnailUrl":"https:\/\/dicodusport.fr\/blog\/wp-content\/uploads\/2016\/04\/Eusebio-O-pantera-negra.png","datePublished":"2016-04-29T05:52:31+00:00","dateModified":"2025-02-03T19:39:56+00:00","description":"Eus\u00e9bio, footballeur de classe internationale est consid\u00e9r\u00e9 comme une l\u00e9gende, surtout au Portugal o\u00f9 il a effectu\u00e9 une grande partie de sa carri\u00e8re.","breadcrumb":{"@id":"https:\/\/dicodusport.fr\/blog\/eusebio-o-pantera-negra\/#breadcrumb"},"inLanguage":"fr-FR","potentialAction":[{"@type":"ReadAction","target":["https:\/\/dicodusport.fr\/blog\/eusebio-o-pantera-negra\/"]}]},{"@type":"ImageObject","inLanguage":"fr-FR","@id":"https:\/\/dicodusport.fr\/blog\/eusebio-o-pantera-negra\/#primaryimage","url":"https:\/\/dicodusport.fr\/blog\/wp-content\/uploads\/2016\/04\/Eusebio-O-pantera-negra.png","contentUrl":"https:\/\/dicodusport.fr\/blog\/wp-content\/uploads\/2016\/04\/Eusebio-O-pantera-negra.png","width":800,"height":445,"caption":"Eus\u00e9bio, en 1972 - Icon Sport"},{"@type":"BreadcrumbList","@id":"https:\/\/dicodusport.fr\/blog\/eusebio-o-pantera-negra\/#breadcrumb","itemListElement":[{"@type":"ListItem","position":1,"name":"Accueil","item":"https:\/\/dicodusport.fr\/blog\/"},{"@type":"ListItem","position":2,"name":"Eus\u00e9bio, &#8220;O pantera negra&#8221;"}]},{"@type":"WebSite","@id":"https:\/\/dicodusport.fr\/blog\/#website","url":"https:\/\/dicodusport.fr\/blog\/","name":"Dicodusport","description":"L&#039;encyclop\u00e9die de l&#039;actualit\u00e9 sportive","publisher":{"@id":"https:\/\/dicodusport.fr\/blog\/#organization"},"potentialAction":[{"@type":"SearchAction","target":{"@type":"EntryPoint","urlTemplate":"https:\/\/dicodusport.fr\/blog\/?s={search_term_string}"},"query-input":{"@type":"PropertyValueSpecification","valueRequired":true,"valueName":"search_term_string"}}],"inLanguage":"fr-FR"},{"@type":"NewsMediaOrganization","@id":"https:\/\/dicodusport.fr\/blog\/#organization","name":"Dicodusport","url":"https:\/\/dicodusport.fr\/blog\/","logo":{"@type":"ImageObject","inLanguage":"fr-FR","@id":"https:\/\/dicodusport.fr\/blog\/#\/schema\/logo\/image\/","url":"https:\/\/dicodusport.fr\/blog\/wp-content\/uploads\/2020\/06\/cropped-LOGO-DICODUSPORT-2020-SANS-FOND-SANS-TEXTE.png","contentUrl":"https:\/\/dicodusport.fr\/blog\/wp-content\/uploads\/2020\/06\/cropped-LOGO-DICODUSPORT-2020-SANS-FOND-SANS-TEXTE.png","width":512,"height":512,"caption":"Dicodusport"},"image":{"@id":"https:\/\/dicodusport.fr\/blog\/#\/schema\/logo\/image\/"},"sameAs":["https:\/\/www.facebook.com\/dicodusport","https:\/\/x.com\/dicodusport","https:\/\/www.instagram.com\/dicodusport\/","https:\/\/www.youtube.com\/channel\/UC7V2KZ5sd3htJivAbA4ZG3w"],"description":"Dicodusport est l'encyclop\u00e9die de l'actualit\u00e9 sportive.","email":"bonjour@dicodusport.fr","legalName":"DICODUSPORT","foundingDate":"2018-01-14","vatID":"FR71834470973","taxID":"83447097300043","numberOfEmployees":{"@type":"QuantitativeValue","minValue":"1","maxValue":"10"}},{"@type":"Person","@id":"https:\/\/dicodusport.fr\/blog\/#\/schema\/person\/55dcb50ad410894e431ed812bbb70191","name":"Nicolas Jacquemard","image":{"@type":"ImageObject","inLanguage":"fr-FR","@id":"https:\/\/dicodusport.fr\/blog\/#\/schema\/person\/image\/","url":"https:\/\/dicodusport.fr\/blog\/wp-content\/uploads\/2021\/05\/Nicolas-Jacquemard-150x150.jpeg","contentUrl":"https:\/\/dicodusport.fr\/blog\/wp-content\/uploads\/2021\/05\/Nicolas-Jacquemard-150x150.jpeg","caption":"Nicolas Jacquemard"},"description":"Passionn\u00e9 de sport et entrepreneur depuis mes 18 ans, la cr\u00e9ation de Dicodusport m'a sembl\u00e9 \u00e9vidente pour participer \u00e0 la m\u00e9diatisation d'un plus grand nombre de sports. Le chemin est long mais avec une \u00e9quipe des plus motiv\u00e9es et les Jeux Olympiques de Paris 2024 en point de mire, nous y arriverons ! Journaliste dans le monde du sport depuis plus de 5 ans, je traite aussi bien de football, de rugby, de biathlon que de cyclisme.","sameAs":["https:\/\/www.facebook.com\/dicodusport","https:\/\/x.com\/https:\/\/twitter.com\/Nico_Jacquemard"],"url":"https:\/\/dicodusport.fr\/blog\/author\/dicodusport\/"}]}},"_links":{"self":[{"href":"https:\/\/dicodusport.fr\/blog\/wp-json\/wp\/v2\/posts\/87","targetHints":{"allow":["GET"]}}],"collection":[{"href":"https:\/\/dicodusport.fr\/blog\/wp-json\/wp\/v2\/posts"}],"about":[{"href":"https:\/\/dicodusport.fr\/blog\/wp-json\/wp\/v2\/types\/post"}],"author":[{"embeddable":true,"href":"https:\/\/dicodusport.fr\/blog\/wp-json\/wp\/v2\/users\/1"}],"replies":[{"embeddable":true,"href":"https:\/\/dicodusport.fr\/blog\/wp-json\/wp\/v2\/comments?post=87"}],"version-history":[{"count":1,"href":"https:\/\/dicodusport.fr\/blog\/wp-json\/wp\/v2\/posts\/87\/revisions"}],"predecessor-version":[{"id":552664,"href":"https:\/\/dicodusport.fr\/blog\/wp-json\/wp\/v2\/posts\/87\/revisions\/552664"}],"wp:featuredmedia":[{"embeddable":true,"href":"https:\/\/dicodusport.fr\/blog\/wp-json\/wp\/v2\/media\/272119"}],"wp:attachment":[{"href":"https:\/\/dicodusport.fr\/blog\/wp-json\/wp\/v2\/media?parent=87"}],"wp:term":[{"taxonomy":"category","embeddable":true,"href":"https:\/\/dicodusport.fr\/blog\/wp-json\/wp\/v2\/categories?post=87"},{"taxonomy":"post_tag","embeddable":true,"href":"https:\/\/dicodusport.fr\/blog\/wp-json\/wp\/v2\/tags?post=87"}],"curies":[{"name":"wp","href":"https:\/\/api.w.org\/{rel}","templated":true}]}}