{"id":87136,"date":"2020-11-09T13:57:14","date_gmt":"2020-11-09T12:57:14","guid":{"rendered":"https:\/\/dicodusport.fr\/blog\/?p=87136"},"modified":"2020-11-09T18:07:10","modified_gmt":"2020-11-09T17:07:10","slug":"nba-le-rouennais-theo-maledon-bientot-fixe-a-la-draft","status":"publish","type":"post","link":"https:\/\/dicodusport.fr\/blog\/nba-le-rouennais-theo-maledon-bientot-fixe-a-la-draft\/","title":{"rendered":"NBA : Le Rouennais Th\u00e9o Maledon bient\u00f4t fix\u00e9 \u00e0 la Draft"},"content":{"rendered":"<p style=\"text-align: justify;\"><em><strong>Le 18 novembre aura lieu la Draft <a href=\"https:\/\/dicodusport.fr\/blog\/actualites\/basket-ball\/nba\/\" target=\"_blank\" rel=\"noopener noreferrer\">NBA<\/a> version 2020\/2021 en visio-conf\u00e9rence, crise sanitaire oblige. L\u2019occasion pour le meneur tricolore de l\u2019ASVEL Th\u00e9o Maledon (19 ans, 1m95) d\u2019en conna\u00eetre un peu plus sur sa destination en NBA pour la saison prochaine.<\/strong><\/em><\/p>\n<h2 style=\"text-align: justify;\">Exp\u00e9rience et maturit\u00e9 acquise en Euroligue<\/h2>\n<p style=\"text-align: justify;\">Le meilleur jeune du championnat fran\u00e7ais <strong>Jeep Elite<\/strong> va voir son destin prochainement chamboul\u00e9 \u00e0 l\u2019approche de la <strong>Draft NBA<\/strong> d\u2019ici moins de 10 jours. Le talentueux <strong>Th\u00e9o Maledon<\/strong> va voir son r\u00eave, et celui de nombreux basketteurs, se r\u00e9aliser de jouer dans le plus grand championnat au monde de basket-ball, la <strong>NBA<\/strong>. Attendu au 1<sup>er<\/sup> tour de la <strong>Draft<\/strong> (entre la 15<sup>\u00e8me<\/sup> et la 20<sup>\u00e8me<\/sup> place), son profil a attir\u00e9 l\u2019\u0153il des scouts de l\u2019autre c\u00f4t\u00e9 de l&rsquo;Atlantique.<\/p>\n<p style=\"text-align: justify;\">Meneur rapide et intelligent, rompu aux joutes de l\u2019<strong>Euroligue<\/strong> (ce qui est un atout majeur pour lui), <strong>Maledon<\/strong> poss\u00e8de deux atouts majeurs qui \u00e9veillent les franchises <strong>NBA<\/strong>\u00a0: son exp\u00e9rience et sa maturit\u00e9. En jouant l\u2019<strong>Euroligue<\/strong>, le second championnat le plus relev\u00e9 au monde, <strong>Th\u00e9o Maledon<\/strong> se donne une chance d\u2019int\u00e9grer rapidement une franchise <strong>NBA<\/strong> qui lui fera confiance, <strong>Miami ou Minnesota<\/strong> par exemple\u00a0?<\/p>\n<blockquote class=\"twitter-tweet\">\n<p dir=\"ltr\" lang=\"fr\">Info assez surprenante de <a href=\"https:\/\/twitter.com\/KevinOConnorNBA?ref_src=twsrc%5Etfw\">@KevinOConnorNBA<\/a> : nous serions int\u00e9ress\u00e9s par Theo Maledon avec le pick 17.<\/p>\n<p>\u2014 Timberwolves France &#x1f43a; (@TWolvesFr) <a href=\"https:\/\/twitter.com\/TWolvesFr\/status\/1325046490721562625?ref_src=twsrc%5Etfw\">November 7, 2020<\/a><\/p><\/blockquote>\n<p><script async src=\"https:\/\/platform.twitter.com\/widgets.js\" charset=\"utf-8\"><\/script><\/p>\n<h2 style=\"text-align: justify;\">Encore des axes de progression pour Maledon<\/h2>\n<p style=\"text-align: justify;\">Pour faire v\u00e9ritablement vibrer les Etats-Unis jusqu\u2019en France, le natif de Rouen a encore du pain sur la planche pour se hisser au niveau <strong>NBA<\/strong>, logiquement. <strong>Th\u00e9o Maledon<\/strong> en est d\u2019ailleurs conscient\u00a0: \u00ab\u00a0<em>Je veux progresser partout et travailler dans tous les secteurs du jeu. La NBA c\u2019est un niveau sup\u00e9rieur avec de meilleurs athl\u00e8tes et de meilleurs joueurs. Donc vraiment, je ferai en sorte de progresser partout.<\/em> \u00bb Si son intelligence de jeu est son principal atout, le jeune Fran\u00e7ais doit encore travailler au shoot et en d\u00e9fense. Deux points qui apparaissent comme vitaux pour survivre dans la meilleure ligue du monde. Avec <strong>Tony Parker<\/strong> comme mentor, <strong>Th\u00e9o Maledon<\/strong> ne peut qu\u2019\u00eatre sur de bons rails pour ses premiers pas en <strong>NBA<\/strong>. En esp\u00e9rant un destin \u00e0 la TP.<\/p>\n<p><em><strong>Romain Delanis<br \/>\n<\/strong><\/em><em><strong><a href=\"https:\/\/twitter.com\/RDelanis\" target=\"_blank\" rel=\"noopener noreferrer\"><img loading=\"lazy\" decoding=\"async\" class=\"alignnone wp-image-2908\" src=\"http:\/\/dicodusport.fr\/blog\/wp-content\/uploads\/2017\/07\/logo-twitter-150x150.png\" alt=\"\" width=\"39\" height=\"39\" \/><\/a><\/strong><\/em><\/p>\n","protected":false},"excerpt":{"rendered":"<p>Le 18 novembre aura lieu la Draft NBA version 2020\/2021 avec le meneur fran\u00e7ais de l&rsquo;ASVEL Th\u00e9o Maledon, attendu \u00e0 la 20\u00e8me place.<\/p>\n","protected":false},"author":14,"featured_media":87151,"comment_status":"open","ping_status":"closed","sticky":false,"template":"","format":"standard","meta":{"_acf_changed":false,"_daextam_enable_autolinks":"","footnotes":""},"categories":[10533],"tags":[179,8623],"class_list":["post-87136","post","type-post","status-publish","format-standard","has-post-thumbnail","hentry","category-nba","tag-nba","tag-theo-maledon"],"acf":[],"yoast_head":"<!-- This site is optimized with the Yoast SEO Premium plugin v26.7 (Yoast SEO v26.7) - https:\/\/yoast.com\/wordpress\/plugins\/seo\/ -->\n<title>NBA : Le Rouennais Th\u00e9o Maledon bient\u00f4t fix\u00e9 \u00e0 la Draft<\/title>\n<meta name=\"description\" content=\"Le 18 novembre aura lieu la Draft NBA version 2020\/2021 avec le meneur fran\u00e7ais de l&#039;ASVEL Th\u00e9o Maledon, attendu \u00e0 la 20\u00e8me place.\" \/>\n<meta name=\"robots\" content=\"index, follow, max-snippet:-1, max-image-preview:large, max-video-preview:-1\" \/>\n<link rel=\"canonical\" href=\"https:\/\/dicodusport.fr\/blog\/nba-le-rouennais-theo-maledon-bientot-fixe-a-la-draft\/\" \/>\n<meta property=\"og:locale\" content=\"fr_FR\" \/>\n<meta property=\"og:type\" content=\"article\" \/>\n<meta property=\"og:title\" content=\"NBA : Le Rouennais Th\u00e9o Maledon bient\u00f4t fix\u00e9 \u00e0 la Draft\" \/>\n<meta property=\"og:description\" content=\"Le 18 novembre aura lieu la Draft NBA version 2020\/2021 avec le meneur fran\u00e7ais de l&#039;ASVEL Th\u00e9o Maledon, attendu \u00e0 la 20\u00e8me place.\" \/>\n<meta property=\"og:url\" content=\"https:\/\/dicodusport.fr\/blog\/nba-le-rouennais-theo-maledon-bientot-fixe-a-la-draft\/\" \/>\n<meta property=\"og:site_name\" content=\"Dicodusport\" \/>\n<meta property=\"article:publisher\" content=\"https:\/\/www.facebook.com\/dicodusport\" \/>\n<meta property=\"article:published_time\" content=\"2020-11-09T12:57:14+00:00\" \/>\n<meta property=\"article:modified_time\" content=\"2020-11-09T17:07:10+00:00\" \/>\n<meta property=\"og:image\" content=\"https:\/\/dicodusport.fr\/blog\/wp-content\/uploads\/2020\/11\/NBA-Le-Rouennais-Th\u00e9o-Maledon-bient\u00f4t-fix\u00e9-\u00e0-la-Draft.png\" \/>\n\t<meta property=\"og:image:width\" content=\"800\" \/>\n\t<meta property=\"og:image:height\" content=\"445\" \/>\n\t<meta property=\"og:image:type\" content=\"image\/png\" \/>\n<meta name=\"author\" content=\"Romain Delanis\" \/>\n<meta name=\"twitter:card\" content=\"summary_large_image\" \/>\n<meta name=\"twitter:title\" content=\"NBA : Le Rouennais Th\u00e9o Maledon bient\u00f4t fix\u00e9 \u00e0 la Draft\" \/>\n<meta name=\"twitter:creator\" content=\"@https:\/\/twitter.com\/RDelanis\" \/>\n<meta name=\"twitter:site\" content=\"@dicodusport\" \/>\n<script type=\"application\/ld+json\" class=\"yoast-schema-graph\">{\"@context\":\"https:\/\/schema.org\",\"@graph\":[{\"@type\":\"NewsArticle\",\"@id\":\"https:\/\/dicodusport.fr\/blog\/nba-le-rouennais-theo-maledon-bientot-fixe-a-la-draft\/#article\",\"isPartOf\":{\"@id\":\"https:\/\/dicodusport.fr\/blog\/nba-le-rouennais-theo-maledon-bientot-fixe-a-la-draft\/\"},\"author\":{\"name\":\"Romain Delanis\",\"@id\":\"https:\/\/dicodusport.fr\/blog\/#\/schema\/person\/8c78730a59f8a1e617f7a19026ebc14a\"},\"headline\":\"NBA : Le Rouennais Th\u00e9o Maledon bient\u00f4t fix\u00e9 \u00e0 la Draft\",\"datePublished\":\"2020-11-09T12:57:14+00:00\",\"dateModified\":\"2020-11-09T17:07:10+00:00\",\"mainEntityOfPage\":{\"@id\":\"https:\/\/dicodusport.fr\/blog\/nba-le-rouennais-theo-maledon-bientot-fixe-a-la-draft\/\"},\"wordCount\":390,\"commentCount\":0,\"publisher\":{\"@id\":\"https:\/\/dicodusport.fr\/blog\/#organization\"},\"image\":{\"@id\":\"https:\/\/dicodusport.fr\/blog\/nba-le-rouennais-theo-maledon-bientot-fixe-a-la-draft\/#primaryimage\"},\"thumbnailUrl\":\"https:\/\/dicodusport.fr\/blog\/wp-content\/uploads\/2020\/11\/NBA-Le-Rouennais-Th\u00e9o-Maledon-bient\u00f4t-fix\u00e9-\u00e0-la-Draft.png\",\"keywords\":[\"NBA\",\"Th\u00e9o Maledon\"],\"articleSection\":[\"NBA\"],\"inLanguage\":\"fr-FR\",\"potentialAction\":[{\"@type\":\"CommentAction\",\"name\":\"Comment\",\"target\":[\"https:\/\/dicodusport.fr\/blog\/nba-le-rouennais-theo-maledon-bientot-fixe-a-la-draft\/#respond\"]}],\"copyrightYear\":\"2020\",\"copyrightHolder\":{\"@id\":\"https:\/\/dicodusport.fr\/blog\/#organization\"}},{\"@type\":\"WebPage\",\"@id\":\"https:\/\/dicodusport.fr\/blog\/nba-le-rouennais-theo-maledon-bientot-fixe-a-la-draft\/\",\"url\":\"https:\/\/dicodusport.fr\/blog\/nba-le-rouennais-theo-maledon-bientot-fixe-a-la-draft\/\",\"name\":\"NBA : Le Rouennais Th\u00e9o Maledon bient\u00f4t fix\u00e9 \u00e0 la Draft\",\"isPartOf\":{\"@id\":\"https:\/\/dicodusport.fr\/blog\/#website\"},\"primaryImageOfPage\":{\"@id\":\"https:\/\/dicodusport.fr\/blog\/nba-le-rouennais-theo-maledon-bientot-fixe-a-la-draft\/#primaryimage\"},\"image\":{\"@id\":\"https:\/\/dicodusport.fr\/blog\/nba-le-rouennais-theo-maledon-bientot-fixe-a-la-draft\/#primaryimage\"},\"thumbnailUrl\":\"https:\/\/dicodusport.fr\/blog\/wp-content\/uploads\/2020\/11\/NBA-Le-Rouennais-Th\u00e9o-Maledon-bient\u00f4t-fix\u00e9-\u00e0-la-Draft.png\",\"datePublished\":\"2020-11-09T12:57:14+00:00\",\"dateModified\":\"2020-11-09T17:07:10+00:00\",\"description\":\"Le 18 novembre aura lieu la Draft NBA version 2020\/2021 avec le meneur fran\u00e7ais de l'ASVEL Th\u00e9o Maledon, attendu \u00e0 la 20\u00e8me place.\",\"breadcrumb\":{\"@id\":\"https:\/\/dicodusport.fr\/blog\/nba-le-rouennais-theo-maledon-bientot-fixe-a-la-draft\/#breadcrumb\"},\"inLanguage\":\"fr-FR\",\"potentialAction\":[{\"@type\":\"ReadAction\",\"target\":[\"https:\/\/dicodusport.fr\/blog\/nba-le-rouennais-theo-maledon-bientot-fixe-a-la-draft\/\"]}]},{\"@type\":\"ImageObject\",\"inLanguage\":\"fr-FR\",\"@id\":\"https:\/\/dicodusport.fr\/blog\/nba-le-rouennais-theo-maledon-bientot-fixe-a-la-draft\/#primaryimage\",\"url\":\"https:\/\/dicodusport.fr\/blog\/wp-content\/uploads\/2020\/11\/NBA-Le-Rouennais-Th\u00e9o-Maledon-bient\u00f4t-fix\u00e9-\u00e0-la-Draft.png\",\"contentUrl\":\"https:\/\/dicodusport.fr\/blog\/wp-content\/uploads\/2020\/11\/NBA-Le-Rouennais-Th\u00e9o-Maledon-bient\u00f4t-fix\u00e9-\u00e0-la-Draft.png\",\"width\":800,\"height\":445,\"caption\":\"Th\u00e9o Maledon - AFP\"},{\"@type\":\"BreadcrumbList\",\"@id\":\"https:\/\/dicodusport.fr\/blog\/nba-le-rouennais-theo-maledon-bientot-fixe-a-la-draft\/#breadcrumb\",\"itemListElement\":[{\"@type\":\"ListItem\",\"position\":1,\"name\":\"Accueil\",\"item\":\"https:\/\/dicodusport.fr\/blog\/\"},{\"@type\":\"ListItem\",\"position\":2,\"name\":\"NBA : Le Rouennais Th\u00e9o Maledon bient\u00f4t fix\u00e9 \u00e0 la Draft\"}]},{\"@type\":\"WebSite\",\"@id\":\"https:\/\/dicodusport.fr\/blog\/#website\",\"url\":\"https:\/\/dicodusport.fr\/blog\/\",\"name\":\"Dicodusport\",\"description\":\"L&#039;encyclop\u00e9die de l&#039;actualit\u00e9 sportive\",\"publisher\":{\"@id\":\"https:\/\/dicodusport.fr\/blog\/#organization\"},\"potentialAction\":[{\"@type\":\"SearchAction\",\"target\":{\"@type\":\"EntryPoint\",\"urlTemplate\":\"https:\/\/dicodusport.fr\/blog\/?s={search_term_string}\"},\"query-input\":{\"@type\":\"PropertyValueSpecification\",\"valueRequired\":true,\"valueName\":\"search_term_string\"}}],\"inLanguage\":\"fr-FR\"},{\"@type\":\"NewsMediaOrganization\",\"@id\":\"https:\/\/dicodusport.fr\/blog\/#organization\",\"name\":\"Dicodusport\",\"url\":\"https:\/\/dicodusport.fr\/blog\/\",\"logo\":{\"@type\":\"ImageObject\",\"inLanguage\":\"fr-FR\",\"@id\":\"https:\/\/dicodusport.fr\/blog\/#\/schema\/logo\/image\/\",\"url\":\"https:\/\/dicodusport.fr\/blog\/wp-content\/uploads\/2020\/06\/cropped-LOGO-DICODUSPORT-2020-SANS-FOND-SANS-TEXTE.png\",\"contentUrl\":\"https:\/\/dicodusport.fr\/blog\/wp-content\/uploads\/2020\/06\/cropped-LOGO-DICODUSPORT-2020-SANS-FOND-SANS-TEXTE.png\",\"width\":512,\"height\":512,\"caption\":\"Dicodusport\"},\"image\":{\"@id\":\"https:\/\/dicodusport.fr\/blog\/#\/schema\/logo\/image\/\"},\"sameAs\":[\"https:\/\/www.facebook.com\/dicodusport\",\"https:\/\/x.com\/dicodusport\",\"https:\/\/www.instagram.com\/dicodusport\/\",\"https:\/\/www.youtube.com\/channel\/UC7V2KZ5sd3htJivAbA4ZG3w\"],\"description\":\"Dicodusport est l'encyclop\u00e9die de l'actualit\u00e9 sportive.\",\"email\":\"bonjour@dicodusport.fr\",\"legalName\":\"DICODUSPORT\",\"foundingDate\":\"2018-01-14\",\"vatID\":\"FR71834470973\",\"taxID\":\"83447097300043\",\"numberOfEmployees\":{\"@type\":\"QuantitativeValue\",\"minValue\":\"1\",\"maxValue\":\"10\"}},{\"@type\":\"Person\",\"@id\":\"https:\/\/dicodusport.fr\/blog\/#\/schema\/person\/8c78730a59f8a1e617f7a19026ebc14a\",\"name\":\"Romain Delanis\",\"image\":{\"@type\":\"ImageObject\",\"inLanguage\":\"fr-FR\",\"@id\":\"https:\/\/dicodusport.fr\/blog\/#\/schema\/person\/image\/\",\"url\":\"https:\/\/dicodusport.fr\/blog\/wp-content\/uploads\/2021\/05\/Romain-Delanis-150x150.jpg\",\"contentUrl\":\"https:\/\/dicodusport.fr\/blog\/wp-content\/uploads\/2021\/05\/Romain-Delanis-150x150.jpg\",\"caption\":\"Romain Delanis\"},\"description\":\"Journaliste\/R\u00e9dacteur depuis novembre 2015 - Capable de passer un samedi apr\u00e8s-midi devant la Ligue 2 puis le biathlon sans oublier la finale de l\u2019ATP Rotterdam, j\u2019aime aussi mettre mon r\u00e9veil pour me faire un Pistons\/Bulls qui rappelle de bons souvenirs. Tout cela, j\u2019ai choisi il y a maintenant quelques temps de vous le raconter avec Dicodusport, pour vous faire vivre ma passion parfois inconsid\u00e9r\u00e9e pour le sport en g\u00e9n\u00e9ral (mais surtout le foot faut se l\u2019avouer).\",\"sameAs\":[\"https:\/\/x.com\/https:\/\/twitter.com\/RDelanis\"],\"url\":\"https:\/\/dicodusport.fr\/blog\/author\/romain\/\"}]}<\/script>\n<!-- \/ Yoast SEO Premium plugin. -->","yoast_head_json":{"title":"NBA : Le Rouennais Th\u00e9o Maledon bient\u00f4t fix\u00e9 \u00e0 la Draft","description":"Le 18 novembre aura lieu la Draft NBA version 2020\/2021 avec le meneur fran\u00e7ais de l'ASVEL Th\u00e9o Maledon, attendu \u00e0 la 20\u00e8me place.","robots":{"index":"index","follow":"follow","max-snippet":"max-snippet:-1","max-image-preview":"max-image-preview:large","max-video-preview":"max-video-preview:-1"},"canonical":"https:\/\/dicodusport.fr\/blog\/nba-le-rouennais-theo-maledon-bientot-fixe-a-la-draft\/","og_locale":"fr_FR","og_type":"article","og_title":"NBA : Le Rouennais Th\u00e9o Maledon bient\u00f4t fix\u00e9 \u00e0 la Draft","og_description":"Le 18 novembre aura lieu la Draft NBA version 2020\/2021 avec le meneur fran\u00e7ais de l'ASVEL Th\u00e9o Maledon, attendu \u00e0 la 20\u00e8me place.","og_url":"https:\/\/dicodusport.fr\/blog\/nba-le-rouennais-theo-maledon-bientot-fixe-a-la-draft\/","og_site_name":"Dicodusport","article_publisher":"https:\/\/www.facebook.com\/dicodusport","article_published_time":"2020-11-09T12:57:14+00:00","article_modified_time":"2020-11-09T17:07:10+00:00","og_image":[{"width":800,"height":445,"url":"https:\/\/dicodusport.fr\/blog\/wp-content\/uploads\/2020\/11\/NBA-Le-Rouennais-Th\u00e9o-Maledon-bient\u00f4t-fix\u00e9-\u00e0-la-Draft.png","type":"image\/png"}],"author":"Romain Delanis","twitter_card":"summary_large_image","twitter_title":"NBA : Le Rouennais Th\u00e9o Maledon bient\u00f4t fix\u00e9 \u00e0 la Draft","twitter_creator":"@https:\/\/twitter.com\/RDelanis","twitter_site":"@dicodusport","schema":{"@context":"https:\/\/schema.org","@graph":[{"@type":"NewsArticle","@id":"https:\/\/dicodusport.fr\/blog\/nba-le-rouennais-theo-maledon-bientot-fixe-a-la-draft\/#article","isPartOf":{"@id":"https:\/\/dicodusport.fr\/blog\/nba-le-rouennais-theo-maledon-bientot-fixe-a-la-draft\/"},"author":{"name":"Romain Delanis","@id":"https:\/\/dicodusport.fr\/blog\/#\/schema\/person\/8c78730a59f8a1e617f7a19026ebc14a"},"headline":"NBA : Le Rouennais Th\u00e9o Maledon bient\u00f4t fix\u00e9 \u00e0 la Draft","datePublished":"2020-11-09T12:57:14+00:00","dateModified":"2020-11-09T17:07:10+00:00","mainEntityOfPage":{"@id":"https:\/\/dicodusport.fr\/blog\/nba-le-rouennais-theo-maledon-bientot-fixe-a-la-draft\/"},"wordCount":390,"commentCount":0,"publisher":{"@id":"https:\/\/dicodusport.fr\/blog\/#organization"},"image":{"@id":"https:\/\/dicodusport.fr\/blog\/nba-le-rouennais-theo-maledon-bientot-fixe-a-la-draft\/#primaryimage"},"thumbnailUrl":"https:\/\/dicodusport.fr\/blog\/wp-content\/uploads\/2020\/11\/NBA-Le-Rouennais-Th\u00e9o-Maledon-bient\u00f4t-fix\u00e9-\u00e0-la-Draft.png","keywords":["NBA","Th\u00e9o Maledon"],"articleSection":["NBA"],"inLanguage":"fr-FR","potentialAction":[{"@type":"CommentAction","name":"Comment","target":["https:\/\/dicodusport.fr\/blog\/nba-le-rouennais-theo-maledon-bientot-fixe-a-la-draft\/#respond"]}],"copyrightYear":"2020","copyrightHolder":{"@id":"https:\/\/dicodusport.fr\/blog\/#organization"}},{"@type":"WebPage","@id":"https:\/\/dicodusport.fr\/blog\/nba-le-rouennais-theo-maledon-bientot-fixe-a-la-draft\/","url":"https:\/\/dicodusport.fr\/blog\/nba-le-rouennais-theo-maledon-bientot-fixe-a-la-draft\/","name":"NBA : Le Rouennais Th\u00e9o Maledon bient\u00f4t fix\u00e9 \u00e0 la Draft","isPartOf":{"@id":"https:\/\/dicodusport.fr\/blog\/#website"},"primaryImageOfPage":{"@id":"https:\/\/dicodusport.fr\/blog\/nba-le-rouennais-theo-maledon-bientot-fixe-a-la-draft\/#primaryimage"},"image":{"@id":"https:\/\/dicodusport.fr\/blog\/nba-le-rouennais-theo-maledon-bientot-fixe-a-la-draft\/#primaryimage"},"thumbnailUrl":"https:\/\/dicodusport.fr\/blog\/wp-content\/uploads\/2020\/11\/NBA-Le-Rouennais-Th\u00e9o-Maledon-bient\u00f4t-fix\u00e9-\u00e0-la-Draft.png","datePublished":"2020-11-09T12:57:14+00:00","dateModified":"2020-11-09T17:07:10+00:00","description":"Le 18 novembre aura lieu la Draft NBA version 2020\/2021 avec le meneur fran\u00e7ais de l'ASVEL Th\u00e9o Maledon, attendu \u00e0 la 20\u00e8me place.","breadcrumb":{"@id":"https:\/\/dicodusport.fr\/blog\/nba-le-rouennais-theo-maledon-bientot-fixe-a-la-draft\/#breadcrumb"},"inLanguage":"fr-FR","potentialAction":[{"@type":"ReadAction","target":["https:\/\/dicodusport.fr\/blog\/nba-le-rouennais-theo-maledon-bientot-fixe-a-la-draft\/"]}]},{"@type":"ImageObject","inLanguage":"fr-FR","@id":"https:\/\/dicodusport.fr\/blog\/nba-le-rouennais-theo-maledon-bientot-fixe-a-la-draft\/#primaryimage","url":"https:\/\/dicodusport.fr\/blog\/wp-content\/uploads\/2020\/11\/NBA-Le-Rouennais-Th\u00e9o-Maledon-bient\u00f4t-fix\u00e9-\u00e0-la-Draft.png","contentUrl":"https:\/\/dicodusport.fr\/blog\/wp-content\/uploads\/2020\/11\/NBA-Le-Rouennais-Th\u00e9o-Maledon-bient\u00f4t-fix\u00e9-\u00e0-la-Draft.png","width":800,"height":445,"caption":"Th\u00e9o Maledon - AFP"},{"@type":"BreadcrumbList","@id":"https:\/\/dicodusport.fr\/blog\/nba-le-rouennais-theo-maledon-bientot-fixe-a-la-draft\/#breadcrumb","itemListElement":[{"@type":"ListItem","position":1,"name":"Accueil","item":"https:\/\/dicodusport.fr\/blog\/"},{"@type":"ListItem","position":2,"name":"NBA : Le Rouennais Th\u00e9o Maledon bient\u00f4t fix\u00e9 \u00e0 la Draft"}]},{"@type":"WebSite","@id":"https:\/\/dicodusport.fr\/blog\/#website","url":"https:\/\/dicodusport.fr\/blog\/","name":"Dicodusport","description":"L&#039;encyclop\u00e9die de l&#039;actualit\u00e9 sportive","publisher":{"@id":"https:\/\/dicodusport.fr\/blog\/#organization"},"potentialAction":[{"@type":"SearchAction","target":{"@type":"EntryPoint","urlTemplate":"https:\/\/dicodusport.fr\/blog\/?s={search_term_string}"},"query-input":{"@type":"PropertyValueSpecification","valueRequired":true,"valueName":"search_term_string"}}],"inLanguage":"fr-FR"},{"@type":"NewsMediaOrganization","@id":"https:\/\/dicodusport.fr\/blog\/#organization","name":"Dicodusport","url":"https:\/\/dicodusport.fr\/blog\/","logo":{"@type":"ImageObject","inLanguage":"fr-FR","@id":"https:\/\/dicodusport.fr\/blog\/#\/schema\/logo\/image\/","url":"https:\/\/dicodusport.fr\/blog\/wp-content\/uploads\/2020\/06\/cropped-LOGO-DICODUSPORT-2020-SANS-FOND-SANS-TEXTE.png","contentUrl":"https:\/\/dicodusport.fr\/blog\/wp-content\/uploads\/2020\/06\/cropped-LOGO-DICODUSPORT-2020-SANS-FOND-SANS-TEXTE.png","width":512,"height":512,"caption":"Dicodusport"},"image":{"@id":"https:\/\/dicodusport.fr\/blog\/#\/schema\/logo\/image\/"},"sameAs":["https:\/\/www.facebook.com\/dicodusport","https:\/\/x.com\/dicodusport","https:\/\/www.instagram.com\/dicodusport\/","https:\/\/www.youtube.com\/channel\/UC7V2KZ5sd3htJivAbA4ZG3w"],"description":"Dicodusport est l'encyclop\u00e9die de l'actualit\u00e9 sportive.","email":"bonjour@dicodusport.fr","legalName":"DICODUSPORT","foundingDate":"2018-01-14","vatID":"FR71834470973","taxID":"83447097300043","numberOfEmployees":{"@type":"QuantitativeValue","minValue":"1","maxValue":"10"}},{"@type":"Person","@id":"https:\/\/dicodusport.fr\/blog\/#\/schema\/person\/8c78730a59f8a1e617f7a19026ebc14a","name":"Romain Delanis","image":{"@type":"ImageObject","inLanguage":"fr-FR","@id":"https:\/\/dicodusport.fr\/blog\/#\/schema\/person\/image\/","url":"https:\/\/dicodusport.fr\/blog\/wp-content\/uploads\/2021\/05\/Romain-Delanis-150x150.jpg","contentUrl":"https:\/\/dicodusport.fr\/blog\/wp-content\/uploads\/2021\/05\/Romain-Delanis-150x150.jpg","caption":"Romain Delanis"},"description":"Journaliste\/R\u00e9dacteur depuis novembre 2015 - Capable de passer un samedi apr\u00e8s-midi devant la Ligue 2 puis le biathlon sans oublier la finale de l\u2019ATP Rotterdam, j\u2019aime aussi mettre mon r\u00e9veil pour me faire un Pistons\/Bulls qui rappelle de bons souvenirs. Tout cela, j\u2019ai choisi il y a maintenant quelques temps de vous le raconter avec Dicodusport, pour vous faire vivre ma passion parfois inconsid\u00e9r\u00e9e pour le sport en g\u00e9n\u00e9ral (mais surtout le foot faut se l\u2019avouer).","sameAs":["https:\/\/x.com\/https:\/\/twitter.com\/RDelanis"],"url":"https:\/\/dicodusport.fr\/blog\/author\/romain\/"}]}},"_links":{"self":[{"href":"https:\/\/dicodusport.fr\/blog\/wp-json\/wp\/v2\/posts\/87136","targetHints":{"allow":["GET"]}}],"collection":[{"href":"https:\/\/dicodusport.fr\/blog\/wp-json\/wp\/v2\/posts"}],"about":[{"href":"https:\/\/dicodusport.fr\/blog\/wp-json\/wp\/v2\/types\/post"}],"author":[{"embeddable":true,"href":"https:\/\/dicodusport.fr\/blog\/wp-json\/wp\/v2\/users\/14"}],"replies":[{"embeddable":true,"href":"https:\/\/dicodusport.fr\/blog\/wp-json\/wp\/v2\/comments?post=87136"}],"version-history":[{"count":0,"href":"https:\/\/dicodusport.fr\/blog\/wp-json\/wp\/v2\/posts\/87136\/revisions"}],"wp:featuredmedia":[{"embeddable":true,"href":"https:\/\/dicodusport.fr\/blog\/wp-json\/wp\/v2\/media\/87151"}],"wp:attachment":[{"href":"https:\/\/dicodusport.fr\/blog\/wp-json\/wp\/v2\/media?parent=87136"}],"wp:term":[{"taxonomy":"category","embeddable":true,"href":"https:\/\/dicodusport.fr\/blog\/wp-json\/wp\/v2\/categories?post=87136"},{"taxonomy":"post_tag","embeddable":true,"href":"https:\/\/dicodusport.fr\/blog\/wp-json\/wp\/v2\/tags?post=87136"}],"curies":[{"name":"wp","href":"https:\/\/api.w.org\/{rel}","templated":true}]}}