{"id":87555,"date":"2020-11-11T12:50:50","date_gmt":"2020-11-11T11:50:50","guid":{"rendered":"https:\/\/dicodusport.fr\/blog\/?p=87555&#038;preview=true&#038;preview_id=87555"},"modified":"2025-08-24T13:41:42","modified_gmt":"2025-08-24T11:41:42","slug":"vendee-globe-jeremie-beyou-contraint-de-rentrer-aux-sables-dolonne","status":"publish","type":"post","link":"https:\/\/dicodusport.fr\/blog\/vendee-globe-jeremie-beyou-contraint-de-rentrer-aux-sables-dolonne\/","title":{"rendered":"Vend\u00e9e Globe : J\u00e9r\u00e9mie Beyou contraint de rentrer aux Sables-d&rsquo;Olonne"},"content":{"rendered":"<p style=\"text-align: justify;\"><strong><em><a href=\"https:\/\/dicodusport.fr\/blog\/actualites\/voile\/vendee-globe-2020\/\" target=\"_blank\" rel=\"noopener noreferrer\">VEND\u00c9E GLOBE 2020<\/a> &#8211; J\u00e9r\u00e9mie Beyou (Charal), un des favoris pour la victoire de ce Vend\u00e9e Globe, a inform\u00e9 les organisateurs qu&rsquo;il rentrait aux Sables d&rsquo;Olonne pour r\u00e9parer son bateau.\u00a0<\/em><\/strong><\/p>\n<p style=\"text-align: justify;\">C&rsquo;est apr\u00e8s avoir heurt\u00e9 un OFNI (Objet Flottant Non Identifi\u00e9) que <strong>J\u00e9r\u00e9mie Beyou<\/strong> a d\u00fb prendre la d\u00e9cision de rentrer aux Sables-d&rsquo;Olonne. Le Finist\u00e9rien doit en effet r\u00e9parer son safran endommag\u00e9. Le skipper Charal va essayer de r\u00e9parer son bateau au plus vite pour reprendre ensuite le large, comme le permet le r\u00e8glement de la course. Ce midi, c&rsquo;est toujours <strong>Maxime Sorel<\/strong> qui domine le <a href=\"https:\/\/dicodusport.fr\/blog\/vendee-globe-2020-classement-course\/\" target=\"_blank\" rel=\"noopener noreferrer\">classement du Vend\u00e9e Globe 2020<\/a> devant <strong>Benjamin Dutreux<\/strong> et <strong>Jean Le Cam<\/strong>.<\/p>\n<blockquote class=\"twitter-tweet\">\n<p dir=\"ltr\" lang=\"fr\">Apr\u00e8s un check complet du bateau, les r\u00e9parations sont plus importantes que pr\u00e9vues, J\u00e9r\u00e9mie et son \u00e9quipe ont donc pris la d\u00e9cision de faire route vers Les Sables d&rsquo;Olonne. Plus d&rsquo;information \u00e0 venir.<a href=\"https:\/\/twitter.com\/hashtag\/VendeeGlobe?src=hash&amp;ref_src=twsrc%5Etfw\">#VendeeGlobe<\/a> <a href=\"https:\/\/twitter.com\/hashtag\/VivonsFort?src=hash&amp;ref_src=twsrc%5Etfw\">#VivonsFort<\/a><\/p>\n<p>\u2014 J\u00e9r\u00e9mie Beyou &#8211; Charal Sailing Team (@JeremieBeyou) <a href=\"https:\/\/twitter.com\/JeremieBeyou\/status\/1326478670450614272?ref_src=twsrc%5Etfw\">November 11, 2020<\/a><\/p><\/blockquote>\n<p><script async src=\"https:\/\/platform.twitter.com\/widgets.js\" charset=\"utf-8\"><\/script><\/p>\n","protected":false},"excerpt":{"rendered":"<p>VEND\u00c9E GLOBE 2020 &#8211; J\u00e9r\u00e9mie Beyou (Charal), un des favoris pour la victoire de ce Vend\u00e9e Globe, a inform\u00e9 les organisateurs qu&rsquo;il rentrait aux Sables d&rsquo;Olonne pour r\u00e9parer son bateau.\u00a0<\/p>\n","protected":false},"author":1,"featured_media":123092,"comment_status":"open","ping_status":"closed","sticky":false,"template":"","format":"standard","meta":{"_acf_changed":false,"_daextam_enable_autolinks":"","footnotes":""},"categories":[9184],"tags":[3094,526],"class_list":["post-87555","post","type-post","status-publish","format-standard","has-post-thumbnail","hentry","category-voile","tag-vendee-globe","tag-voile"],"acf":[],"yoast_head":"<!-- This site is optimized with the Yoast SEO Premium plugin v26.7 (Yoast SEO v26.7) - https:\/\/yoast.com\/wordpress\/plugins\/seo\/ -->\n<title>Vend\u00e9e Globe : J\u00e9r\u00e9mie Beyou contraint de rentrer aux Sables-d&#039;Olonne<\/title>\n<meta name=\"description\" content=\"VEND\u00c9E GLOBE 2020 - J\u00e9r\u00e9mie Beyou (Charal), un des favoris pour la victoire de ce Vend\u00e9e Globe, a inform\u00e9 les organisateurs qu&#039;il rentrait aux Sables-d&#039;Olonne.\" \/>\n<meta name=\"robots\" content=\"index, follow, max-snippet:-1, max-image-preview:large, max-video-preview:-1\" \/>\n<link rel=\"canonical\" href=\"https:\/\/dicodusport.fr\/blog\/vendee-globe-jeremie-beyou-contraint-de-rentrer-aux-sables-dolonne\/\" \/>\n<meta property=\"og:locale\" content=\"fr_FR\" \/>\n<meta property=\"og:type\" content=\"article\" \/>\n<meta property=\"og:title\" content=\"Vend\u00e9e Globe : J\u00e9r\u00e9mie Beyou contraint de rentrer aux Sables-d&#039;Olonne\" \/>\n<meta property=\"og:description\" content=\"VEND\u00c9E GLOBE 2020 - J\u00e9r\u00e9mie Beyou (Charal), un des favoris pour la victoire de ce Vend\u00e9e Globe, a inform\u00e9 les organisateurs qu&#039;il rentrait aux Sables-d&#039;Olonne.\" \/>\n<meta property=\"og:url\" content=\"https:\/\/dicodusport.fr\/blog\/vendee-globe-jeremie-beyou-contraint-de-rentrer-aux-sables-dolonne\/\" \/>\n<meta property=\"og:site_name\" content=\"Dicodusport\" \/>\n<meta property=\"article:publisher\" content=\"https:\/\/www.facebook.com\/dicodusport\" \/>\n<meta property=\"article:author\" content=\"https:\/\/www.facebook.com\/dicodusport\" \/>\n<meta property=\"article:published_time\" content=\"2020-11-11T11:50:50+00:00\" \/>\n<meta property=\"article:modified_time\" content=\"2025-08-24T11:41:42+00:00\" \/>\n<meta property=\"og:image\" content=\"https:\/\/dicodusport.fr\/blog\/wp-content\/uploads\/2021\/04\/Fond-Dicodusport-2021.png\" \/>\n\t<meta property=\"og:image:width\" content=\"800\" \/>\n\t<meta property=\"og:image:height\" content=\"445\" \/>\n\t<meta property=\"og:image:type\" content=\"image\/png\" \/>\n<meta name=\"author\" content=\"Nicolas Jacquemard\" \/>\n<meta name=\"twitter:card\" content=\"summary_large_image\" \/>\n<meta name=\"twitter:title\" content=\"Vend\u00e9e Globe : J\u00e9r\u00e9mie Beyou contraint de rentrer aux Sables-d&#039;Olonne\" \/>\n<meta name=\"twitter:creator\" content=\"@https:\/\/twitter.com\/Nico_Jacquemard\" \/>\n<meta name=\"twitter:site\" content=\"@dicodusport\" \/>\n<script type=\"application\/ld+json\" class=\"yoast-schema-graph\">{\"@context\":\"https:\/\/schema.org\",\"@graph\":[{\"@type\":\"NewsArticle\",\"@id\":\"https:\/\/dicodusport.fr\/blog\/vendee-globe-jeremie-beyou-contraint-de-rentrer-aux-sables-dolonne\/#article\",\"isPartOf\":{\"@id\":\"https:\/\/dicodusport.fr\/blog\/vendee-globe-jeremie-beyou-contraint-de-rentrer-aux-sables-dolonne\/\"},\"author\":{\"name\":\"Nicolas Jacquemard\",\"@id\":\"https:\/\/dicodusport.fr\/blog\/#\/schema\/person\/55dcb50ad410894e431ed812bbb70191\"},\"headline\":\"Vend\u00e9e Globe : J\u00e9r\u00e9mie Beyou contraint de rentrer aux Sables-d&rsquo;Olonne\",\"datePublished\":\"2020-11-11T11:50:50+00:00\",\"dateModified\":\"2025-08-24T11:41:42+00:00\",\"mainEntityOfPage\":{\"@id\":\"https:\/\/dicodusport.fr\/blog\/vendee-globe-jeremie-beyou-contraint-de-rentrer-aux-sables-dolonne\/\"},\"wordCount\":189,\"commentCount\":0,\"publisher\":{\"@id\":\"https:\/\/dicodusport.fr\/blog\/#organization\"},\"image\":{\"@id\":\"https:\/\/dicodusport.fr\/blog\/vendee-globe-jeremie-beyou-contraint-de-rentrer-aux-sables-dolonne\/#primaryimage\"},\"thumbnailUrl\":\"https:\/\/dicodusport.fr\/blog\/wp-content\/uploads\/2021\/04\/Fond-Dicodusport-2021.png\",\"keywords\":[\"Vend\u00e9e Globe\",\"Voile\"],\"articleSection\":[\"Voile\"],\"inLanguage\":\"fr-FR\",\"potentialAction\":[{\"@type\":\"CommentAction\",\"name\":\"Comment\",\"target\":[\"https:\/\/dicodusport.fr\/blog\/vendee-globe-jeremie-beyou-contraint-de-rentrer-aux-sables-dolonne\/#respond\"]}],\"copyrightYear\":\"2020\",\"copyrightHolder\":{\"@id\":\"https:\/\/dicodusport.fr\/blog\/#organization\"}},{\"@type\":\"WebPage\",\"@id\":\"https:\/\/dicodusport.fr\/blog\/vendee-globe-jeremie-beyou-contraint-de-rentrer-aux-sables-dolonne\/\",\"url\":\"https:\/\/dicodusport.fr\/blog\/vendee-globe-jeremie-beyou-contraint-de-rentrer-aux-sables-dolonne\/\",\"name\":\"Vend\u00e9e Globe : J\u00e9r\u00e9mie Beyou contraint de rentrer aux Sables-d'Olonne\",\"isPartOf\":{\"@id\":\"https:\/\/dicodusport.fr\/blog\/#website\"},\"primaryImageOfPage\":{\"@id\":\"https:\/\/dicodusport.fr\/blog\/vendee-globe-jeremie-beyou-contraint-de-rentrer-aux-sables-dolonne\/#primaryimage\"},\"image\":{\"@id\":\"https:\/\/dicodusport.fr\/blog\/vendee-globe-jeremie-beyou-contraint-de-rentrer-aux-sables-dolonne\/#primaryimage\"},\"thumbnailUrl\":\"https:\/\/dicodusport.fr\/blog\/wp-content\/uploads\/2021\/04\/Fond-Dicodusport-2021.png\",\"datePublished\":\"2020-11-11T11:50:50+00:00\",\"dateModified\":\"2025-08-24T11:41:42+00:00\",\"description\":\"VEND\u00c9E GLOBE 2020 - J\u00e9r\u00e9mie Beyou (Charal), un des favoris pour la victoire de ce Vend\u00e9e Globe, a inform\u00e9 les organisateurs qu'il rentrait aux Sables-d'Olonne.\",\"breadcrumb\":{\"@id\":\"https:\/\/dicodusport.fr\/blog\/vendee-globe-jeremie-beyou-contraint-de-rentrer-aux-sables-dolonne\/#breadcrumb\"},\"inLanguage\":\"fr-FR\",\"potentialAction\":[{\"@type\":\"ReadAction\",\"target\":[\"https:\/\/dicodusport.fr\/blog\/vendee-globe-jeremie-beyou-contraint-de-rentrer-aux-sables-dolonne\/\"]}]},{\"@type\":\"ImageObject\",\"inLanguage\":\"fr-FR\",\"@id\":\"https:\/\/dicodusport.fr\/blog\/vendee-globe-jeremie-beyou-contraint-de-rentrer-aux-sables-dolonne\/#primaryimage\",\"url\":\"https:\/\/dicodusport.fr\/blog\/wp-content\/uploads\/2021\/04\/Fond-Dicodusport-2021.png\",\"contentUrl\":\"https:\/\/dicodusport.fr\/blog\/wp-content\/uploads\/2021\/04\/Fond-Dicodusport-2021.png\",\"width\":800,\"height\":445},{\"@type\":\"BreadcrumbList\",\"@id\":\"https:\/\/dicodusport.fr\/blog\/vendee-globe-jeremie-beyou-contraint-de-rentrer-aux-sables-dolonne\/#breadcrumb\",\"itemListElement\":[{\"@type\":\"ListItem\",\"position\":1,\"name\":\"Accueil\",\"item\":\"https:\/\/dicodusport.fr\/blog\/\"},{\"@type\":\"ListItem\",\"position\":2,\"name\":\"Vend\u00e9e Globe : J\u00e9r\u00e9mie Beyou contraint de rentrer aux Sables-d&rsquo;Olonne\"}]},{\"@type\":\"WebSite\",\"@id\":\"https:\/\/dicodusport.fr\/blog\/#website\",\"url\":\"https:\/\/dicodusport.fr\/blog\/\",\"name\":\"Dicodusport\",\"description\":\"L&#039;encyclop\u00e9die de l&#039;actualit\u00e9 sportive\",\"publisher\":{\"@id\":\"https:\/\/dicodusport.fr\/blog\/#organization\"},\"potentialAction\":[{\"@type\":\"SearchAction\",\"target\":{\"@type\":\"EntryPoint\",\"urlTemplate\":\"https:\/\/dicodusport.fr\/blog\/?s={search_term_string}\"},\"query-input\":{\"@type\":\"PropertyValueSpecification\",\"valueRequired\":true,\"valueName\":\"search_term_string\"}}],\"inLanguage\":\"fr-FR\"},{\"@type\":\"NewsMediaOrganization\",\"@id\":\"https:\/\/dicodusport.fr\/blog\/#organization\",\"name\":\"Dicodusport\",\"url\":\"https:\/\/dicodusport.fr\/blog\/\",\"logo\":{\"@type\":\"ImageObject\",\"inLanguage\":\"fr-FR\",\"@id\":\"https:\/\/dicodusport.fr\/blog\/#\/schema\/logo\/image\/\",\"url\":\"https:\/\/dicodusport.fr\/blog\/wp-content\/uploads\/2020\/06\/cropped-LOGO-DICODUSPORT-2020-SANS-FOND-SANS-TEXTE.png\",\"contentUrl\":\"https:\/\/dicodusport.fr\/blog\/wp-content\/uploads\/2020\/06\/cropped-LOGO-DICODUSPORT-2020-SANS-FOND-SANS-TEXTE.png\",\"width\":512,\"height\":512,\"caption\":\"Dicodusport\"},\"image\":{\"@id\":\"https:\/\/dicodusport.fr\/blog\/#\/schema\/logo\/image\/\"},\"sameAs\":[\"https:\/\/www.facebook.com\/dicodusport\",\"https:\/\/x.com\/dicodusport\",\"https:\/\/www.instagram.com\/dicodusport\/\",\"https:\/\/www.youtube.com\/channel\/UC7V2KZ5sd3htJivAbA4ZG3w\"],\"description\":\"Dicodusport est l'encyclop\u00e9die de l'actualit\u00e9 sportive.\",\"email\":\"bonjour@dicodusport.fr\",\"legalName\":\"DICODUSPORT\",\"foundingDate\":\"2018-01-14\",\"vatID\":\"FR71834470973\",\"taxID\":\"83447097300043\",\"numberOfEmployees\":{\"@type\":\"QuantitativeValue\",\"minValue\":\"1\",\"maxValue\":\"10\"}},{\"@type\":\"Person\",\"@id\":\"https:\/\/dicodusport.fr\/blog\/#\/schema\/person\/55dcb50ad410894e431ed812bbb70191\",\"name\":\"Nicolas Jacquemard\",\"image\":{\"@type\":\"ImageObject\",\"inLanguage\":\"fr-FR\",\"@id\":\"https:\/\/dicodusport.fr\/blog\/#\/schema\/person\/image\/\",\"url\":\"https:\/\/dicodusport.fr\/blog\/wp-content\/uploads\/2021\/05\/Nicolas-Jacquemard-150x150.jpeg\",\"contentUrl\":\"https:\/\/dicodusport.fr\/blog\/wp-content\/uploads\/2021\/05\/Nicolas-Jacquemard-150x150.jpeg\",\"caption\":\"Nicolas Jacquemard\"},\"description\":\"Passionn\u00e9 de sport et entrepreneur depuis mes 18 ans, la cr\u00e9ation de Dicodusport m'a sembl\u00e9 \u00e9vidente pour participer \u00e0 la m\u00e9diatisation d'un plus grand nombre de sports. Le chemin est long mais avec une \u00e9quipe des plus motiv\u00e9es et les Jeux Olympiques de Paris 2024 en point de mire, nous y arriverons ! Journaliste dans le monde du sport depuis plus de 5 ans, je traite aussi bien de football, de rugby, de biathlon que de cyclisme.\",\"sameAs\":[\"https:\/\/www.facebook.com\/dicodusport\",\"https:\/\/x.com\/https:\/\/twitter.com\/Nico_Jacquemard\"],\"url\":\"https:\/\/dicodusport.fr\/blog\/author\/dicodusport\/\"}]}<\/script>\n<!-- \/ Yoast SEO Premium plugin. -->","yoast_head_json":{"title":"Vend\u00e9e Globe : J\u00e9r\u00e9mie Beyou contraint de rentrer aux Sables-d'Olonne","description":"VEND\u00c9E GLOBE 2020 - J\u00e9r\u00e9mie Beyou (Charal), un des favoris pour la victoire de ce Vend\u00e9e Globe, a inform\u00e9 les organisateurs qu'il rentrait aux Sables-d'Olonne.","robots":{"index":"index","follow":"follow","max-snippet":"max-snippet:-1","max-image-preview":"max-image-preview:large","max-video-preview":"max-video-preview:-1"},"canonical":"https:\/\/dicodusport.fr\/blog\/vendee-globe-jeremie-beyou-contraint-de-rentrer-aux-sables-dolonne\/","og_locale":"fr_FR","og_type":"article","og_title":"Vend\u00e9e Globe : J\u00e9r\u00e9mie Beyou contraint de rentrer aux Sables-d'Olonne","og_description":"VEND\u00c9E GLOBE 2020 - J\u00e9r\u00e9mie Beyou (Charal), un des favoris pour la victoire de ce Vend\u00e9e Globe, a inform\u00e9 les organisateurs qu'il rentrait aux Sables-d'Olonne.","og_url":"https:\/\/dicodusport.fr\/blog\/vendee-globe-jeremie-beyou-contraint-de-rentrer-aux-sables-dolonne\/","og_site_name":"Dicodusport","article_publisher":"https:\/\/www.facebook.com\/dicodusport","article_author":"https:\/\/www.facebook.com\/dicodusport","article_published_time":"2020-11-11T11:50:50+00:00","article_modified_time":"2025-08-24T11:41:42+00:00","og_image":[{"width":800,"height":445,"url":"https:\/\/dicodusport.fr\/blog\/wp-content\/uploads\/2021\/04\/Fond-Dicodusport-2021.png","type":"image\/png"}],"author":"Nicolas Jacquemard","twitter_card":"summary_large_image","twitter_title":"Vend\u00e9e Globe : J\u00e9r\u00e9mie Beyou contraint de rentrer aux Sables-d'Olonne","twitter_creator":"@https:\/\/twitter.com\/Nico_Jacquemard","twitter_site":"@dicodusport","schema":{"@context":"https:\/\/schema.org","@graph":[{"@type":"NewsArticle","@id":"https:\/\/dicodusport.fr\/blog\/vendee-globe-jeremie-beyou-contraint-de-rentrer-aux-sables-dolonne\/#article","isPartOf":{"@id":"https:\/\/dicodusport.fr\/blog\/vendee-globe-jeremie-beyou-contraint-de-rentrer-aux-sables-dolonne\/"},"author":{"name":"Nicolas Jacquemard","@id":"https:\/\/dicodusport.fr\/blog\/#\/schema\/person\/55dcb50ad410894e431ed812bbb70191"},"headline":"Vend\u00e9e Globe : J\u00e9r\u00e9mie Beyou contraint de rentrer aux Sables-d&rsquo;Olonne","datePublished":"2020-11-11T11:50:50+00:00","dateModified":"2025-08-24T11:41:42+00:00","mainEntityOfPage":{"@id":"https:\/\/dicodusport.fr\/blog\/vendee-globe-jeremie-beyou-contraint-de-rentrer-aux-sables-dolonne\/"},"wordCount":189,"commentCount":0,"publisher":{"@id":"https:\/\/dicodusport.fr\/blog\/#organization"},"image":{"@id":"https:\/\/dicodusport.fr\/blog\/vendee-globe-jeremie-beyou-contraint-de-rentrer-aux-sables-dolonne\/#primaryimage"},"thumbnailUrl":"https:\/\/dicodusport.fr\/blog\/wp-content\/uploads\/2021\/04\/Fond-Dicodusport-2021.png","keywords":["Vend\u00e9e Globe","Voile"],"articleSection":["Voile"],"inLanguage":"fr-FR","potentialAction":[{"@type":"CommentAction","name":"Comment","target":["https:\/\/dicodusport.fr\/blog\/vendee-globe-jeremie-beyou-contraint-de-rentrer-aux-sables-dolonne\/#respond"]}],"copyrightYear":"2020","copyrightHolder":{"@id":"https:\/\/dicodusport.fr\/blog\/#organization"}},{"@type":"WebPage","@id":"https:\/\/dicodusport.fr\/blog\/vendee-globe-jeremie-beyou-contraint-de-rentrer-aux-sables-dolonne\/","url":"https:\/\/dicodusport.fr\/blog\/vendee-globe-jeremie-beyou-contraint-de-rentrer-aux-sables-dolonne\/","name":"Vend\u00e9e Globe : J\u00e9r\u00e9mie Beyou contraint de rentrer aux Sables-d'Olonne","isPartOf":{"@id":"https:\/\/dicodusport.fr\/blog\/#website"},"primaryImageOfPage":{"@id":"https:\/\/dicodusport.fr\/blog\/vendee-globe-jeremie-beyou-contraint-de-rentrer-aux-sables-dolonne\/#primaryimage"},"image":{"@id":"https:\/\/dicodusport.fr\/blog\/vendee-globe-jeremie-beyou-contraint-de-rentrer-aux-sables-dolonne\/#primaryimage"},"thumbnailUrl":"https:\/\/dicodusport.fr\/blog\/wp-content\/uploads\/2021\/04\/Fond-Dicodusport-2021.png","datePublished":"2020-11-11T11:50:50+00:00","dateModified":"2025-08-24T11:41:42+00:00","description":"VEND\u00c9E GLOBE 2020 - J\u00e9r\u00e9mie Beyou (Charal), un des favoris pour la victoire de ce Vend\u00e9e Globe, a inform\u00e9 les organisateurs qu'il rentrait aux Sables-d'Olonne.","breadcrumb":{"@id":"https:\/\/dicodusport.fr\/blog\/vendee-globe-jeremie-beyou-contraint-de-rentrer-aux-sables-dolonne\/#breadcrumb"},"inLanguage":"fr-FR","potentialAction":[{"@type":"ReadAction","target":["https:\/\/dicodusport.fr\/blog\/vendee-globe-jeremie-beyou-contraint-de-rentrer-aux-sables-dolonne\/"]}]},{"@type":"ImageObject","inLanguage":"fr-FR","@id":"https:\/\/dicodusport.fr\/blog\/vendee-globe-jeremie-beyou-contraint-de-rentrer-aux-sables-dolonne\/#primaryimage","url":"https:\/\/dicodusport.fr\/blog\/wp-content\/uploads\/2021\/04\/Fond-Dicodusport-2021.png","contentUrl":"https:\/\/dicodusport.fr\/blog\/wp-content\/uploads\/2021\/04\/Fond-Dicodusport-2021.png","width":800,"height":445},{"@type":"BreadcrumbList","@id":"https:\/\/dicodusport.fr\/blog\/vendee-globe-jeremie-beyou-contraint-de-rentrer-aux-sables-dolonne\/#breadcrumb","itemListElement":[{"@type":"ListItem","position":1,"name":"Accueil","item":"https:\/\/dicodusport.fr\/blog\/"},{"@type":"ListItem","position":2,"name":"Vend\u00e9e Globe : J\u00e9r\u00e9mie Beyou contraint de rentrer aux Sables-d&rsquo;Olonne"}]},{"@type":"WebSite","@id":"https:\/\/dicodusport.fr\/blog\/#website","url":"https:\/\/dicodusport.fr\/blog\/","name":"Dicodusport","description":"L&#039;encyclop\u00e9die de l&#039;actualit\u00e9 sportive","publisher":{"@id":"https:\/\/dicodusport.fr\/blog\/#organization"},"potentialAction":[{"@type":"SearchAction","target":{"@type":"EntryPoint","urlTemplate":"https:\/\/dicodusport.fr\/blog\/?s={search_term_string}"},"query-input":{"@type":"PropertyValueSpecification","valueRequired":true,"valueName":"search_term_string"}}],"inLanguage":"fr-FR"},{"@type":"NewsMediaOrganization","@id":"https:\/\/dicodusport.fr\/blog\/#organization","name":"Dicodusport","url":"https:\/\/dicodusport.fr\/blog\/","logo":{"@type":"ImageObject","inLanguage":"fr-FR","@id":"https:\/\/dicodusport.fr\/blog\/#\/schema\/logo\/image\/","url":"https:\/\/dicodusport.fr\/blog\/wp-content\/uploads\/2020\/06\/cropped-LOGO-DICODUSPORT-2020-SANS-FOND-SANS-TEXTE.png","contentUrl":"https:\/\/dicodusport.fr\/blog\/wp-content\/uploads\/2020\/06\/cropped-LOGO-DICODUSPORT-2020-SANS-FOND-SANS-TEXTE.png","width":512,"height":512,"caption":"Dicodusport"},"image":{"@id":"https:\/\/dicodusport.fr\/blog\/#\/schema\/logo\/image\/"},"sameAs":["https:\/\/www.facebook.com\/dicodusport","https:\/\/x.com\/dicodusport","https:\/\/www.instagram.com\/dicodusport\/","https:\/\/www.youtube.com\/channel\/UC7V2KZ5sd3htJivAbA4ZG3w"],"description":"Dicodusport est l'encyclop\u00e9die de l'actualit\u00e9 sportive.","email":"bonjour@dicodusport.fr","legalName":"DICODUSPORT","foundingDate":"2018-01-14","vatID":"FR71834470973","taxID":"83447097300043","numberOfEmployees":{"@type":"QuantitativeValue","minValue":"1","maxValue":"10"}},{"@type":"Person","@id":"https:\/\/dicodusport.fr\/blog\/#\/schema\/person\/55dcb50ad410894e431ed812bbb70191","name":"Nicolas Jacquemard","image":{"@type":"ImageObject","inLanguage":"fr-FR","@id":"https:\/\/dicodusport.fr\/blog\/#\/schema\/person\/image\/","url":"https:\/\/dicodusport.fr\/blog\/wp-content\/uploads\/2021\/05\/Nicolas-Jacquemard-150x150.jpeg","contentUrl":"https:\/\/dicodusport.fr\/blog\/wp-content\/uploads\/2021\/05\/Nicolas-Jacquemard-150x150.jpeg","caption":"Nicolas Jacquemard"},"description":"Passionn\u00e9 de sport et entrepreneur depuis mes 18 ans, la cr\u00e9ation de Dicodusport m'a sembl\u00e9 \u00e9vidente pour participer \u00e0 la m\u00e9diatisation d'un plus grand nombre de sports. Le chemin est long mais avec une \u00e9quipe des plus motiv\u00e9es et les Jeux Olympiques de Paris 2024 en point de mire, nous y arriverons ! Journaliste dans le monde du sport depuis plus de 5 ans, je traite aussi bien de football, de rugby, de biathlon que de cyclisme.","sameAs":["https:\/\/www.facebook.com\/dicodusport","https:\/\/x.com\/https:\/\/twitter.com\/Nico_Jacquemard"],"url":"https:\/\/dicodusport.fr\/blog\/author\/dicodusport\/"}]}},"_links":{"self":[{"href":"https:\/\/dicodusport.fr\/blog\/wp-json\/wp\/v2\/posts\/87555","targetHints":{"allow":["GET"]}}],"collection":[{"href":"https:\/\/dicodusport.fr\/blog\/wp-json\/wp\/v2\/posts"}],"about":[{"href":"https:\/\/dicodusport.fr\/blog\/wp-json\/wp\/v2\/types\/post"}],"author":[{"embeddable":true,"href":"https:\/\/dicodusport.fr\/blog\/wp-json\/wp\/v2\/users\/1"}],"replies":[{"embeddable":true,"href":"https:\/\/dicodusport.fr\/blog\/wp-json\/wp\/v2\/comments?post=87555"}],"version-history":[{"count":1,"href":"https:\/\/dicodusport.fr\/blog\/wp-json\/wp\/v2\/posts\/87555\/revisions"}],"predecessor-version":[{"id":605161,"href":"https:\/\/dicodusport.fr\/blog\/wp-json\/wp\/v2\/posts\/87555\/revisions\/605161"}],"wp:featuredmedia":[{"embeddable":true,"href":"https:\/\/dicodusport.fr\/blog\/wp-json\/wp\/v2\/media\/123092"}],"wp:attachment":[{"href":"https:\/\/dicodusport.fr\/blog\/wp-json\/wp\/v2\/media?parent=87555"}],"wp:term":[{"taxonomy":"category","embeddable":true,"href":"https:\/\/dicodusport.fr\/blog\/wp-json\/wp\/v2\/categories?post=87555"},{"taxonomy":"post_tag","embeddable":true,"href":"https:\/\/dicodusport.fr\/blog\/wp-json\/wp\/v2\/tags?post=87555"}],"curies":[{"name":"wp","href":"https:\/\/api.w.org\/{rel}","templated":true}]}}