{"id":88069,"date":"2020-11-17T10:30:16","date_gmt":"2020-11-17T09:30:16","guid":{"rendered":"https:\/\/dicodusport.fr\/blog\/?p=88069&#038;preview=true&#038;preview_id=88069"},"modified":"2020-11-19T17:25:18","modified_gmt":"2020-11-19T16:25:18","slug":"uci-proteam-les-principaux-coureurs-cyclistes-toujours-sans-contrat-pour-2021","status":"publish","type":"post","link":"https:\/\/dicodusport.fr\/blog\/uci-proteam-les-principaux-coureurs-cyclistes-toujours-sans-contrat-pour-2021\/","title":{"rendered":"UCI ProTeam : Les principaux coureurs cyclistes toujours sans contrat pour 2021"},"content":{"rendered":"<p style=\"text-align: justify;\"><strong><em>MERCATO CYCLISME &#8211; Alors que la saison cycliste 2020 est termin\u00e9e, de nombreux coureurs d&rsquo;\u00e9quipes ProTeam n&rsquo;ont toujours pas de contrat pour 2021.\u00a0<\/em><\/strong><\/p>\n<p style=\"text-align: justify;\">Des coureurs fran\u00e7ais comme <strong>Julien El Fares<\/strong>, <strong>Johan Le Bon<\/strong> ou <strong>Arthur Vichot<\/strong> sont toujours sans contrat au m\u00eame titre que le coureur colombien, <strong>Jhonatan Restrepo<\/strong>.<\/p>\n<h2 style=\"text-align: justify;\">Androni Giocattoli-Sidermec<\/h2>\n<p>Miguel Eduardo Florez (COL)<br \/>\nJhonatan Restrepo (COL)<\/p>\n<h2>Ark\u00e9a-Samsic<\/h2>\n<p>Franck Bonnamour (FRA)<br \/>\nRomain Le Roux (FRA)<\/p>\n<h2>B&amp;B Hotels-Vital Concept<\/h2>\n<p>Bert De Backer (BEL)<br \/>\nJohan Le Bon (FRA)<br \/>\nSebastien Sch\u00f6nberger (AUT)<br \/>\nArthur Vichot (FRA)<\/p>\n<h2>Bardiani-CSF-Faizan\u00e8<\/h2>\n<p>Matteo Pelucchi (ITA)<\/p>\n<h2>NIPPO DELKO One Provence<\/h2>\n<p>Fumiyuki Beppu (JAP)<br \/>\nLucas De Rossi (FRA)<br \/>\nJulien El Fares (FRA)<br \/>\nMauro Finetto (ITA)<br \/>\nRiccardo Minali (ITA)<br \/>\nEvaldas Siskevicius (LIT)<\/p>\n<h2>Rally Cycling<\/h2>\n<p>Gavin Mannion (USA)<br \/>\nColin Joyce (USA)<\/p>\n<h2>Total Direct Energie<\/h2>\n<p>Leonardo Bonifazio (ITA)<br \/>\nPim Ligthart (NED)<\/p>\n<ul>\n<li><strong>\u00c0 lire aussi &#8211; <a href=\"https:\/\/dicodusport.fr\/blog\/cyclisme-transferts-2020-2021-tableau-du-mercato\/\" target=\"_blank\" rel=\"noopener noreferrer\">Transferts 2020\/2021 : le tableau du mercato<\/a><\/strong><\/li>\n<\/ul>\n<p><strong><em>Dicodusport<br \/>\n<a href=\"https:\/\/www.facebook.com\/dicodusport\/\" target=\"_blank\" rel=\"noopener noreferrer\"><img loading=\"lazy\" decoding=\"async\" class=\"alignnone wp-image-2909\" src=\"http:\/\/dicodusport.fr\/blog\/wp-content\/uploads\/2017\/07\/logo-facebook-150x150.png\" alt=\"\" width=\"40\" height=\"40\" \/><\/a><a href=\"https:\/\/twitter.com\/dicodusport\" target=\"_blank\" rel=\"noopener noreferrer\"><img loading=\"lazy\" decoding=\"async\" class=\"alignnone wp-image-2908\" src=\"http:\/\/dicodusport.fr\/blog\/wp-content\/uploads\/2017\/07\/logo-twitter-150x150.png\" alt=\"\" width=\"39\" height=\"39\" \/><\/a><\/em><\/strong><\/p>\n","protected":false},"excerpt":{"rendered":"<p>MERCATO CYCLISME &#8211; Alors que la saison cycliste 2020 est termin\u00e9e, de nombreux coureurs d&rsquo;\u00e9quipes ProTeam n&rsquo;ont toujours pas de contrat pour 2021.\u00a0<\/p>\n","protected":false},"author":1,"featured_media":88583,"comment_status":"open","ping_status":"closed","sticky":false,"template":"","format":"standard","meta":{"_acf_changed":false,"_daextam_enable_autolinks":"","footnotes":""},"categories":[2307],"tags":[574,8386,10856],"class_list":["post-88069","post","type-post","status-publish","format-standard","has-post-thumbnail","hentry","category-cyclisme","tag-cyclisme","tag-mercato-cyclisme","tag-uci-proteam"],"acf":[],"yoast_head":"<!-- This site is optimized with the Yoast SEO Premium plugin v26.7 (Yoast SEO v26.7) - https:\/\/yoast.com\/wordpress\/plugins\/seo\/ -->\n<title>UCI ProTeam : Les principaux coureurs cyclistes toujours sans contrat pour 2021<\/title>\n<meta name=\"description\" content=\"MERCATO CYCLISME - Alors que la saison cycliste 2020 est termin\u00e9e, de nombreux coureurs d&#039;\u00e9quipes ProTeam n&#039;ont toujours pas de contrat pour 2021.\u00a0\" \/>\n<meta name=\"robots\" content=\"index, follow, max-snippet:-1, max-image-preview:large, max-video-preview:-1\" \/>\n<link rel=\"canonical\" href=\"https:\/\/dicodusport.fr\/blog\/uci-proteam-les-principaux-coureurs-cyclistes-toujours-sans-contrat-pour-2021\/\" \/>\n<meta property=\"og:locale\" content=\"fr_FR\" \/>\n<meta property=\"og:type\" content=\"article\" \/>\n<meta property=\"og:title\" content=\"UCI ProTeam : Les principaux coureurs cyclistes toujours sans contrat pour 2021\" \/>\n<meta property=\"og:description\" content=\"MERCATO CYCLISME - Alors que la saison cycliste 2020 est termin\u00e9e, de nombreux coureurs d&#039;\u00e9quipes ProTeam n&#039;ont toujours pas de contrat pour 2021.\u00a0\" \/>\n<meta property=\"og:url\" content=\"https:\/\/dicodusport.fr\/blog\/uci-proteam-les-principaux-coureurs-cyclistes-toujours-sans-contrat-pour-2021\/\" \/>\n<meta property=\"og:site_name\" content=\"Dicodusport\" \/>\n<meta property=\"article:publisher\" content=\"https:\/\/www.facebook.com\/dicodusport\" \/>\n<meta property=\"article:author\" content=\"https:\/\/www.facebook.com\/dicodusport\" \/>\n<meta property=\"article:published_time\" content=\"2020-11-17T09:30:16+00:00\" \/>\n<meta property=\"article:modified_time\" content=\"2020-11-19T16:25:18+00:00\" \/>\n<meta property=\"og:image\" content=\"https:\/\/dicodusport.fr\/blog\/wp-content\/uploads\/2020\/11\/UCI-ProTeam-Les-principaux-coureurs-cyclistes-toujours-sans-contrat-pour-2021.png\" \/>\n\t<meta property=\"og:image:width\" content=\"800\" \/>\n\t<meta property=\"og:image:height\" content=\"445\" \/>\n\t<meta property=\"og:image:type\" content=\"image\/png\" \/>\n<meta name=\"author\" content=\"Nicolas Jacquemard\" \/>\n<meta name=\"twitter:card\" content=\"summary_large_image\" \/>\n<meta name=\"twitter:title\" content=\"UCI ProTeam : Les principaux coureurs cyclistes toujours sans contrat pour 2021\" \/>\n<meta name=\"twitter:creator\" content=\"@https:\/\/twitter.com\/Nico_Jacquemard\" \/>\n<meta name=\"twitter:site\" content=\"@dicodusport\" \/>\n<script type=\"application\/ld+json\" class=\"yoast-schema-graph\">{\"@context\":\"https:\/\/schema.org\",\"@graph\":[{\"@type\":\"NewsArticle\",\"@id\":\"https:\/\/dicodusport.fr\/blog\/uci-proteam-les-principaux-coureurs-cyclistes-toujours-sans-contrat-pour-2021\/#article\",\"isPartOf\":{\"@id\":\"https:\/\/dicodusport.fr\/blog\/uci-proteam-les-principaux-coureurs-cyclistes-toujours-sans-contrat-pour-2021\/\"},\"author\":{\"name\":\"Nicolas Jacquemard\",\"@id\":\"https:\/\/dicodusport.fr\/blog\/#\/schema\/person\/55dcb50ad410894e431ed812bbb70191\"},\"headline\":\"UCI ProTeam : Les principaux coureurs cyclistes toujours sans contrat pour 2021\",\"datePublished\":\"2020-11-17T09:30:16+00:00\",\"dateModified\":\"2020-11-19T16:25:18+00:00\",\"mainEntityOfPage\":{\"@id\":\"https:\/\/dicodusport.fr\/blog\/uci-proteam-les-principaux-coureurs-cyclistes-toujours-sans-contrat-pour-2021\/\"},\"wordCount\":154,\"commentCount\":0,\"publisher\":{\"@id\":\"https:\/\/dicodusport.fr\/blog\/#organization\"},\"image\":{\"@id\":\"https:\/\/dicodusport.fr\/blog\/uci-proteam-les-principaux-coureurs-cyclistes-toujours-sans-contrat-pour-2021\/#primaryimage\"},\"thumbnailUrl\":\"https:\/\/dicodusport.fr\/blog\/wp-content\/uploads\/2020\/11\/UCI-ProTeam-Les-principaux-coureurs-cyclistes-toujours-sans-contrat-pour-2021.png\",\"keywords\":[\"Cyclisme\",\"Mercato Cyclisme\",\"UCI ProTeam\"],\"articleSection\":[\"Cyclisme\"],\"inLanguage\":\"fr-FR\",\"potentialAction\":[{\"@type\":\"CommentAction\",\"name\":\"Comment\",\"target\":[\"https:\/\/dicodusport.fr\/blog\/uci-proteam-les-principaux-coureurs-cyclistes-toujours-sans-contrat-pour-2021\/#respond\"]}],\"copyrightYear\":\"2020\",\"copyrightHolder\":{\"@id\":\"https:\/\/dicodusport.fr\/blog\/#organization\"}},{\"@type\":\"WebPage\",\"@id\":\"https:\/\/dicodusport.fr\/blog\/uci-proteam-les-principaux-coureurs-cyclistes-toujours-sans-contrat-pour-2021\/\",\"url\":\"https:\/\/dicodusport.fr\/blog\/uci-proteam-les-principaux-coureurs-cyclistes-toujours-sans-contrat-pour-2021\/\",\"name\":\"UCI ProTeam : Les principaux coureurs cyclistes toujours sans contrat pour 2021\",\"isPartOf\":{\"@id\":\"https:\/\/dicodusport.fr\/blog\/#website\"},\"primaryImageOfPage\":{\"@id\":\"https:\/\/dicodusport.fr\/blog\/uci-proteam-les-principaux-coureurs-cyclistes-toujours-sans-contrat-pour-2021\/#primaryimage\"},\"image\":{\"@id\":\"https:\/\/dicodusport.fr\/blog\/uci-proteam-les-principaux-coureurs-cyclistes-toujours-sans-contrat-pour-2021\/#primaryimage\"},\"thumbnailUrl\":\"https:\/\/dicodusport.fr\/blog\/wp-content\/uploads\/2020\/11\/UCI-ProTeam-Les-principaux-coureurs-cyclistes-toujours-sans-contrat-pour-2021.png\",\"datePublished\":\"2020-11-17T09:30:16+00:00\",\"dateModified\":\"2020-11-19T16:25:18+00:00\",\"description\":\"MERCATO CYCLISME - Alors que la saison cycliste 2020 est termin\u00e9e, de nombreux coureurs d'\u00e9quipes ProTeam n'ont toujours pas de contrat pour 2021.\u00a0\",\"breadcrumb\":{\"@id\":\"https:\/\/dicodusport.fr\/blog\/uci-proteam-les-principaux-coureurs-cyclistes-toujours-sans-contrat-pour-2021\/#breadcrumb\"},\"inLanguage\":\"fr-FR\",\"potentialAction\":[{\"@type\":\"ReadAction\",\"target\":[\"https:\/\/dicodusport.fr\/blog\/uci-proteam-les-principaux-coureurs-cyclistes-toujours-sans-contrat-pour-2021\/\"]}]},{\"@type\":\"ImageObject\",\"inLanguage\":\"fr-FR\",\"@id\":\"https:\/\/dicodusport.fr\/blog\/uci-proteam-les-principaux-coureurs-cyclistes-toujours-sans-contrat-pour-2021\/#primaryimage\",\"url\":\"https:\/\/dicodusport.fr\/blog\/wp-content\/uploads\/2020\/11\/UCI-ProTeam-Les-principaux-coureurs-cyclistes-toujours-sans-contrat-pour-2021.png\",\"contentUrl\":\"https:\/\/dicodusport.fr\/blog\/wp-content\/uploads\/2020\/11\/UCI-ProTeam-Les-principaux-coureurs-cyclistes-toujours-sans-contrat-pour-2021.png\",\"width\":800,\"height\":445,\"caption\":\"UCI ProTeam : Les principaux coureurs cyclistes toujours sans contrat pour 2021\"},{\"@type\":\"BreadcrumbList\",\"@id\":\"https:\/\/dicodusport.fr\/blog\/uci-proteam-les-principaux-coureurs-cyclistes-toujours-sans-contrat-pour-2021\/#breadcrumb\",\"itemListElement\":[{\"@type\":\"ListItem\",\"position\":1,\"name\":\"Accueil\",\"item\":\"https:\/\/dicodusport.fr\/blog\/\"},{\"@type\":\"ListItem\",\"position\":2,\"name\":\"UCI ProTeam : Les principaux coureurs cyclistes toujours sans contrat pour 2021\"}]},{\"@type\":\"WebSite\",\"@id\":\"https:\/\/dicodusport.fr\/blog\/#website\",\"url\":\"https:\/\/dicodusport.fr\/blog\/\",\"name\":\"Dicodusport\",\"description\":\"L&#039;encyclop\u00e9die de l&#039;actualit\u00e9 sportive\",\"publisher\":{\"@id\":\"https:\/\/dicodusport.fr\/blog\/#organization\"},\"potentialAction\":[{\"@type\":\"SearchAction\",\"target\":{\"@type\":\"EntryPoint\",\"urlTemplate\":\"https:\/\/dicodusport.fr\/blog\/?s={search_term_string}\"},\"query-input\":{\"@type\":\"PropertyValueSpecification\",\"valueRequired\":true,\"valueName\":\"search_term_string\"}}],\"inLanguage\":\"fr-FR\"},{\"@type\":\"NewsMediaOrganization\",\"@id\":\"https:\/\/dicodusport.fr\/blog\/#organization\",\"name\":\"Dicodusport\",\"url\":\"https:\/\/dicodusport.fr\/blog\/\",\"logo\":{\"@type\":\"ImageObject\",\"inLanguage\":\"fr-FR\",\"@id\":\"https:\/\/dicodusport.fr\/blog\/#\/schema\/logo\/image\/\",\"url\":\"https:\/\/dicodusport.fr\/blog\/wp-content\/uploads\/2020\/06\/cropped-LOGO-DICODUSPORT-2020-SANS-FOND-SANS-TEXTE.png\",\"contentUrl\":\"https:\/\/dicodusport.fr\/blog\/wp-content\/uploads\/2020\/06\/cropped-LOGO-DICODUSPORT-2020-SANS-FOND-SANS-TEXTE.png\",\"width\":512,\"height\":512,\"caption\":\"Dicodusport\"},\"image\":{\"@id\":\"https:\/\/dicodusport.fr\/blog\/#\/schema\/logo\/image\/\"},\"sameAs\":[\"https:\/\/www.facebook.com\/dicodusport\",\"https:\/\/x.com\/dicodusport\",\"https:\/\/www.instagram.com\/dicodusport\/\",\"https:\/\/www.youtube.com\/channel\/UC7V2KZ5sd3htJivAbA4ZG3w\"],\"description\":\"Dicodusport est l'encyclop\u00e9die de l'actualit\u00e9 sportive.\",\"email\":\"bonjour@dicodusport.fr\",\"legalName\":\"DICODUSPORT\",\"foundingDate\":\"2018-01-14\",\"vatID\":\"FR71834470973\",\"taxID\":\"83447097300043\",\"numberOfEmployees\":{\"@type\":\"QuantitativeValue\",\"minValue\":\"1\",\"maxValue\":\"10\"}},{\"@type\":\"Person\",\"@id\":\"https:\/\/dicodusport.fr\/blog\/#\/schema\/person\/55dcb50ad410894e431ed812bbb70191\",\"name\":\"Nicolas Jacquemard\",\"image\":{\"@type\":\"ImageObject\",\"inLanguage\":\"fr-FR\",\"@id\":\"https:\/\/dicodusport.fr\/blog\/#\/schema\/person\/image\/\",\"url\":\"https:\/\/dicodusport.fr\/blog\/wp-content\/uploads\/2021\/05\/Nicolas-Jacquemard-150x150.jpeg\",\"contentUrl\":\"https:\/\/dicodusport.fr\/blog\/wp-content\/uploads\/2021\/05\/Nicolas-Jacquemard-150x150.jpeg\",\"caption\":\"Nicolas Jacquemard\"},\"description\":\"Passionn\u00e9 de sport et entrepreneur depuis mes 18 ans, la cr\u00e9ation de Dicodusport m'a sembl\u00e9 \u00e9vidente pour participer \u00e0 la m\u00e9diatisation d'un plus grand nombre de sports. Le chemin est long mais avec une \u00e9quipe des plus motiv\u00e9es et les Jeux Olympiques de Paris 2024 en point de mire, nous y arriverons ! Journaliste dans le monde du sport depuis plus de 5 ans, je traite aussi bien de football, de rugby, de biathlon que de cyclisme.\",\"sameAs\":[\"https:\/\/www.facebook.com\/dicodusport\",\"https:\/\/x.com\/https:\/\/twitter.com\/Nico_Jacquemard\"],\"url\":\"https:\/\/dicodusport.fr\/blog\/author\/dicodusport\/\"}]}<\/script>\n<!-- \/ Yoast SEO Premium plugin. -->","yoast_head_json":{"title":"UCI ProTeam : Les principaux coureurs cyclistes toujours sans contrat pour 2021","description":"MERCATO CYCLISME - Alors que la saison cycliste 2020 est termin\u00e9e, de nombreux coureurs d'\u00e9quipes ProTeam n'ont toujours pas de contrat pour 2021.\u00a0","robots":{"index":"index","follow":"follow","max-snippet":"max-snippet:-1","max-image-preview":"max-image-preview:large","max-video-preview":"max-video-preview:-1"},"canonical":"https:\/\/dicodusport.fr\/blog\/uci-proteam-les-principaux-coureurs-cyclistes-toujours-sans-contrat-pour-2021\/","og_locale":"fr_FR","og_type":"article","og_title":"UCI ProTeam : Les principaux coureurs cyclistes toujours sans contrat pour 2021","og_description":"MERCATO CYCLISME - Alors que la saison cycliste 2020 est termin\u00e9e, de nombreux coureurs d'\u00e9quipes ProTeam n'ont toujours pas de contrat pour 2021.\u00a0","og_url":"https:\/\/dicodusport.fr\/blog\/uci-proteam-les-principaux-coureurs-cyclistes-toujours-sans-contrat-pour-2021\/","og_site_name":"Dicodusport","article_publisher":"https:\/\/www.facebook.com\/dicodusport","article_author":"https:\/\/www.facebook.com\/dicodusport","article_published_time":"2020-11-17T09:30:16+00:00","article_modified_time":"2020-11-19T16:25:18+00:00","og_image":[{"width":800,"height":445,"url":"https:\/\/dicodusport.fr\/blog\/wp-content\/uploads\/2020\/11\/UCI-ProTeam-Les-principaux-coureurs-cyclistes-toujours-sans-contrat-pour-2021.png","type":"image\/png"}],"author":"Nicolas Jacquemard","twitter_card":"summary_large_image","twitter_title":"UCI ProTeam : Les principaux coureurs cyclistes toujours sans contrat pour 2021","twitter_creator":"@https:\/\/twitter.com\/Nico_Jacquemard","twitter_site":"@dicodusport","schema":{"@context":"https:\/\/schema.org","@graph":[{"@type":"NewsArticle","@id":"https:\/\/dicodusport.fr\/blog\/uci-proteam-les-principaux-coureurs-cyclistes-toujours-sans-contrat-pour-2021\/#article","isPartOf":{"@id":"https:\/\/dicodusport.fr\/blog\/uci-proteam-les-principaux-coureurs-cyclistes-toujours-sans-contrat-pour-2021\/"},"author":{"name":"Nicolas Jacquemard","@id":"https:\/\/dicodusport.fr\/blog\/#\/schema\/person\/55dcb50ad410894e431ed812bbb70191"},"headline":"UCI ProTeam : Les principaux coureurs cyclistes toujours sans contrat pour 2021","datePublished":"2020-11-17T09:30:16+00:00","dateModified":"2020-11-19T16:25:18+00:00","mainEntityOfPage":{"@id":"https:\/\/dicodusport.fr\/blog\/uci-proteam-les-principaux-coureurs-cyclistes-toujours-sans-contrat-pour-2021\/"},"wordCount":154,"commentCount":0,"publisher":{"@id":"https:\/\/dicodusport.fr\/blog\/#organization"},"image":{"@id":"https:\/\/dicodusport.fr\/blog\/uci-proteam-les-principaux-coureurs-cyclistes-toujours-sans-contrat-pour-2021\/#primaryimage"},"thumbnailUrl":"https:\/\/dicodusport.fr\/blog\/wp-content\/uploads\/2020\/11\/UCI-ProTeam-Les-principaux-coureurs-cyclistes-toujours-sans-contrat-pour-2021.png","keywords":["Cyclisme","Mercato Cyclisme","UCI ProTeam"],"articleSection":["Cyclisme"],"inLanguage":"fr-FR","potentialAction":[{"@type":"CommentAction","name":"Comment","target":["https:\/\/dicodusport.fr\/blog\/uci-proteam-les-principaux-coureurs-cyclistes-toujours-sans-contrat-pour-2021\/#respond"]}],"copyrightYear":"2020","copyrightHolder":{"@id":"https:\/\/dicodusport.fr\/blog\/#organization"}},{"@type":"WebPage","@id":"https:\/\/dicodusport.fr\/blog\/uci-proteam-les-principaux-coureurs-cyclistes-toujours-sans-contrat-pour-2021\/","url":"https:\/\/dicodusport.fr\/blog\/uci-proteam-les-principaux-coureurs-cyclistes-toujours-sans-contrat-pour-2021\/","name":"UCI ProTeam : Les principaux coureurs cyclistes toujours sans contrat pour 2021","isPartOf":{"@id":"https:\/\/dicodusport.fr\/blog\/#website"},"primaryImageOfPage":{"@id":"https:\/\/dicodusport.fr\/blog\/uci-proteam-les-principaux-coureurs-cyclistes-toujours-sans-contrat-pour-2021\/#primaryimage"},"image":{"@id":"https:\/\/dicodusport.fr\/blog\/uci-proteam-les-principaux-coureurs-cyclistes-toujours-sans-contrat-pour-2021\/#primaryimage"},"thumbnailUrl":"https:\/\/dicodusport.fr\/blog\/wp-content\/uploads\/2020\/11\/UCI-ProTeam-Les-principaux-coureurs-cyclistes-toujours-sans-contrat-pour-2021.png","datePublished":"2020-11-17T09:30:16+00:00","dateModified":"2020-11-19T16:25:18+00:00","description":"MERCATO CYCLISME - Alors que la saison cycliste 2020 est termin\u00e9e, de nombreux coureurs d'\u00e9quipes ProTeam n'ont toujours pas de contrat pour 2021.\u00a0","breadcrumb":{"@id":"https:\/\/dicodusport.fr\/blog\/uci-proteam-les-principaux-coureurs-cyclistes-toujours-sans-contrat-pour-2021\/#breadcrumb"},"inLanguage":"fr-FR","potentialAction":[{"@type":"ReadAction","target":["https:\/\/dicodusport.fr\/blog\/uci-proteam-les-principaux-coureurs-cyclistes-toujours-sans-contrat-pour-2021\/"]}]},{"@type":"ImageObject","inLanguage":"fr-FR","@id":"https:\/\/dicodusport.fr\/blog\/uci-proteam-les-principaux-coureurs-cyclistes-toujours-sans-contrat-pour-2021\/#primaryimage","url":"https:\/\/dicodusport.fr\/blog\/wp-content\/uploads\/2020\/11\/UCI-ProTeam-Les-principaux-coureurs-cyclistes-toujours-sans-contrat-pour-2021.png","contentUrl":"https:\/\/dicodusport.fr\/blog\/wp-content\/uploads\/2020\/11\/UCI-ProTeam-Les-principaux-coureurs-cyclistes-toujours-sans-contrat-pour-2021.png","width":800,"height":445,"caption":"UCI ProTeam : Les principaux coureurs cyclistes toujours sans contrat pour 2021"},{"@type":"BreadcrumbList","@id":"https:\/\/dicodusport.fr\/blog\/uci-proteam-les-principaux-coureurs-cyclistes-toujours-sans-contrat-pour-2021\/#breadcrumb","itemListElement":[{"@type":"ListItem","position":1,"name":"Accueil","item":"https:\/\/dicodusport.fr\/blog\/"},{"@type":"ListItem","position":2,"name":"UCI ProTeam : Les principaux coureurs cyclistes toujours sans contrat pour 2021"}]},{"@type":"WebSite","@id":"https:\/\/dicodusport.fr\/blog\/#website","url":"https:\/\/dicodusport.fr\/blog\/","name":"Dicodusport","description":"L&#039;encyclop\u00e9die de l&#039;actualit\u00e9 sportive","publisher":{"@id":"https:\/\/dicodusport.fr\/blog\/#organization"},"potentialAction":[{"@type":"SearchAction","target":{"@type":"EntryPoint","urlTemplate":"https:\/\/dicodusport.fr\/blog\/?s={search_term_string}"},"query-input":{"@type":"PropertyValueSpecification","valueRequired":true,"valueName":"search_term_string"}}],"inLanguage":"fr-FR"},{"@type":"NewsMediaOrganization","@id":"https:\/\/dicodusport.fr\/blog\/#organization","name":"Dicodusport","url":"https:\/\/dicodusport.fr\/blog\/","logo":{"@type":"ImageObject","inLanguage":"fr-FR","@id":"https:\/\/dicodusport.fr\/blog\/#\/schema\/logo\/image\/","url":"https:\/\/dicodusport.fr\/blog\/wp-content\/uploads\/2020\/06\/cropped-LOGO-DICODUSPORT-2020-SANS-FOND-SANS-TEXTE.png","contentUrl":"https:\/\/dicodusport.fr\/blog\/wp-content\/uploads\/2020\/06\/cropped-LOGO-DICODUSPORT-2020-SANS-FOND-SANS-TEXTE.png","width":512,"height":512,"caption":"Dicodusport"},"image":{"@id":"https:\/\/dicodusport.fr\/blog\/#\/schema\/logo\/image\/"},"sameAs":["https:\/\/www.facebook.com\/dicodusport","https:\/\/x.com\/dicodusport","https:\/\/www.instagram.com\/dicodusport\/","https:\/\/www.youtube.com\/channel\/UC7V2KZ5sd3htJivAbA4ZG3w"],"description":"Dicodusport est l'encyclop\u00e9die de l'actualit\u00e9 sportive.","email":"bonjour@dicodusport.fr","legalName":"DICODUSPORT","foundingDate":"2018-01-14","vatID":"FR71834470973","taxID":"83447097300043","numberOfEmployees":{"@type":"QuantitativeValue","minValue":"1","maxValue":"10"}},{"@type":"Person","@id":"https:\/\/dicodusport.fr\/blog\/#\/schema\/person\/55dcb50ad410894e431ed812bbb70191","name":"Nicolas Jacquemard","image":{"@type":"ImageObject","inLanguage":"fr-FR","@id":"https:\/\/dicodusport.fr\/blog\/#\/schema\/person\/image\/","url":"https:\/\/dicodusport.fr\/blog\/wp-content\/uploads\/2021\/05\/Nicolas-Jacquemard-150x150.jpeg","contentUrl":"https:\/\/dicodusport.fr\/blog\/wp-content\/uploads\/2021\/05\/Nicolas-Jacquemard-150x150.jpeg","caption":"Nicolas Jacquemard"},"description":"Passionn\u00e9 de sport et entrepreneur depuis mes 18 ans, la cr\u00e9ation de Dicodusport m'a sembl\u00e9 \u00e9vidente pour participer \u00e0 la m\u00e9diatisation d'un plus grand nombre de sports. Le chemin est long mais avec une \u00e9quipe des plus motiv\u00e9es et les Jeux Olympiques de Paris 2024 en point de mire, nous y arriverons ! Journaliste dans le monde du sport depuis plus de 5 ans, je traite aussi bien de football, de rugby, de biathlon que de cyclisme.","sameAs":["https:\/\/www.facebook.com\/dicodusport","https:\/\/x.com\/https:\/\/twitter.com\/Nico_Jacquemard"],"url":"https:\/\/dicodusport.fr\/blog\/author\/dicodusport\/"}]}},"_links":{"self":[{"href":"https:\/\/dicodusport.fr\/blog\/wp-json\/wp\/v2\/posts\/88069","targetHints":{"allow":["GET"]}}],"collection":[{"href":"https:\/\/dicodusport.fr\/blog\/wp-json\/wp\/v2\/posts"}],"about":[{"href":"https:\/\/dicodusport.fr\/blog\/wp-json\/wp\/v2\/types\/post"}],"author":[{"embeddable":true,"href":"https:\/\/dicodusport.fr\/blog\/wp-json\/wp\/v2\/users\/1"}],"replies":[{"embeddable":true,"href":"https:\/\/dicodusport.fr\/blog\/wp-json\/wp\/v2\/comments?post=88069"}],"version-history":[{"count":0,"href":"https:\/\/dicodusport.fr\/blog\/wp-json\/wp\/v2\/posts\/88069\/revisions"}],"wp:featuredmedia":[{"embeddable":true,"href":"https:\/\/dicodusport.fr\/blog\/wp-json\/wp\/v2\/media\/88583"}],"wp:attachment":[{"href":"https:\/\/dicodusport.fr\/blog\/wp-json\/wp\/v2\/media?parent=88069"}],"wp:term":[{"taxonomy":"category","embeddable":true,"href":"https:\/\/dicodusport.fr\/blog\/wp-json\/wp\/v2\/categories?post=88069"},{"taxonomy":"post_tag","embeddable":true,"href":"https:\/\/dicodusport.fr\/blog\/wp-json\/wp\/v2\/tags?post=88069"}],"curies":[{"name":"wp","href":"https:\/\/api.w.org\/{rel}","templated":true}]}}