{"id":88270,"date":"2020-11-15T16:25:43","date_gmt":"2020-11-15T15:25:43","guid":{"rendered":"https:\/\/dicodusport.fr\/blog\/?p=88270"},"modified":"2020-11-15T18:11:10","modified_gmt":"2020-11-15T17:11:10","slug":"bleus-la-metamorphose-d-adrien-rabiot","status":"publish","type":"post","link":"https:\/\/dicodusport.fr\/blog\/bleus-la-metamorphose-d-adrien-rabiot\/","title":{"rendered":"Bleus : La m\u00e9tamorphose d&rsquo;Adrien Rabiot"},"content":{"rendered":"<p style=\"text-align: justify;\"><em><strong>BLEUS &#8211; Excellent hier lors de <a href=\"https:\/\/dicodusport.fr\/blog\/ligue-des-nations-france-s-impose-en-patronne-au-portugal\/\" target=\"_blank\" rel=\"noopener noreferrer\">la victoire de l\u2019\u00e9quipe de France au Portugal (0-1)<\/a>, Adrien Rabiot montre depuis les derniers rassemblements une vraie progression. La confiance retrouv\u00e9e du s\u00e9lectionneur Didier Deschamps et le transfert \u00e0 la Juventus semblent porter leurs fruits.<\/strong><\/em><\/p>\n<h2 style=\"text-align: justify;\">\u00ab\u00a0Un autre joueur\u00a0\u00bb<\/h2>\n<p style=\"text-align: justify;\">Les paroles de <b>Rabiot<\/b> sur <a href=\"https:\/\/www.rtl.fr\/sport\/football\/equipe-de-france-j-ai-attendu-d-avoir-mon-moment-dit-adrien-rabiot-7800922891\" target=\"_blank\" rel=\"noopener noreferrer\"><em>RTL<\/em><\/a> sont fortes suite \u00e0 sa performance remarquable face au <b>Portugal<\/b>. L\u2019ancien \u00ab titi \u00bb parisien aujourd\u2019hui <em>Bianconeri<\/em> a compl\u00e9tement chang\u00e9 de dimension. Termin\u00e9s les probl\u00e8mes extra-sportifs, place maintenant au football et \u00e0 un <b>Adrien Rabiot<\/b> titulaire en puissance tant en <strong>\u00e9<\/strong><b>quipe de France<\/b> qu\u2019\u00e0 la <b>Juventus<\/b>. Hier soir, le Tricolore a montr\u00e9 l\u2019\u00e9talage de son talent, de son travail au quotidien : <em>\u00ab<\/em> <em>Je suis vraiment \u00e9panoui dans ma vie de tous les jours, sur le terrain et en dehors. Les gens d\u00e9sormais, je les laisse parler, je les laisse dire ce qu&rsquo;ils veulent. Ce n&rsquo;est pas \u00e7a qui m&rsquo;importe, moi je sais que cette \u00e9quipe de France, je l&rsquo;aime beaucoup. Je joue avec grand plaisir, avec d\u00e9termination \u00bb<\/em>.<\/p>\n<p style=\"text-align: justify;\">Au four et au moulin face au <strong>Portugal<\/strong>, <strong>Adrien Rabiot<\/strong> a r\u00e9gn\u00e9 dans son r\u00f4le hybride sur le terrain et a sign\u00e9 son match r\u00e9f\u00e9rence avec les Bleus. D\u00e9j\u00e0 tr\u00e8s int\u00e9ressant contre la <strong>Croatie<\/strong> en <strong>Ligue des Nations<\/strong>, <strong>Adrien Rabiot<\/strong> semble avoir trouv\u00e9 son rythme de croisi\u00e8re avec les Bleus. Depuis septembre et son retour en <strong>\u00e9quipe de France<\/strong>, il n\u2019a d\u2019ailleurs loup\u00e9 aucune s\u00e9lection.<\/p>\n<blockquote class=\"twitter-tweet\">\n<p dir=\"ltr\" lang=\"fr\">[<a href=\"https:\/\/twitter.com\/hashtag\/EDF?src=hash&amp;ref_src=twsrc%5Etfw\">#EDF<\/a>&#x1f1eb;&#x1f1f7;] Adrien Rabiot sur l&rsquo;Equipe de France &#x1f4ac; : \u00ab\u00a0Je ne l\u00e2cherai cette place pour rien au monde : je n&rsquo;ai pas envie de sortir de ce groupe.\u00a0\u00bb &#x1f1eb;&#x1f1f7;<\/p>\n<p>(<a href=\"https:\/\/twitter.com\/telefoot_TF1?ref_src=twsrc%5Etfw\">@telefoot_TF1<\/a>) <a href=\"https:\/\/t.co\/JhiSyFWdYb\">pic.twitter.com\/JhiSyFWdYb<\/a><\/p>\n<p>\u2014 Footballogue&#x2b50;&#xfe0f;&#x2b50;&#xfe0f; (@Footballogue) <a href=\"https:\/\/twitter.com\/Footballogue\/status\/1327925515253116928?ref_src=twsrc%5Etfw\">November 15, 2020<\/a><\/p><\/blockquote>\n<p><script async src=\"https:\/\/platform.twitter.com\/widgets.js\" charset=\"utf-8\"><\/script><\/p>\n<h2 style=\"text-align: justify;\">B\u00e9n\u00e9fique Juventus<\/h2>\n<p style=\"text-align: justify;\"><strong>Didier Deschamps<\/strong> le sait, passer par la <strong>Juventus<\/strong> est gage de certaines valeurs et d\u2019un certain football. Tactiquement, <strong>Rabiot<\/strong> a pass\u00e9 un cap en signant en Italie. Plus mature, plus concentr\u00e9, le gaucher a travaill\u00e9 pour int\u00e9grer le 11 titulaire du nouvel entra\u00eeneur de la <strong>Juventus<\/strong>,<strong> Andrea Pirlo<\/strong>. Hier soir, il s\u2019est adapt\u00e9 au r\u00f4le de \u00ab\u00a0milieu gauche\u00a0\u00bb propos\u00e9 par <strong>Didier Deschamps<\/strong>, r\u00e9citant sa partition comme si elle \u00e9tait travaill\u00e9e depuis des ann\u00e9es. <strong>Adrien Rabiot<\/strong> semble aussi avoir progress\u00e9 athl\u00e9tiquement, \u00e0 l\u2019aise pour avaler du terrain, d\u00e9fendre, casser les lignes adverses, pendant 90 minutes. Enfin, son sourire et son football plaisant montrent un transfert r\u00e9ussi et une carri\u00e8re apais\u00e9e en Italie. Le chemin semble trac\u00e9 pour <strong>Adrien Rabiot<\/strong> vers l\u2019<strong>Euro 2020<\/strong>.<\/p>\n<ul>\n<li style=\"text-align: justify;\"><strong>\u00c0 lire aussi &#8211; <a href=\"https:\/\/dicodusport.fr\/blog\/portugal-france-notes-du-match\/\" target=\"_blank\" rel=\"noopener noreferrer\">Portugal \u2013 France : les notes du match<\/a><\/strong><\/li>\n<\/ul>\n<p><em><strong>Romain Delanis<br \/>\n<\/strong><\/em><em><strong><a href=\"https:\/\/twitter.com\/RDelanis\" target=\"_blank\" rel=\"noopener noreferrer\"><img loading=\"lazy\" decoding=\"async\" class=\"alignnone wp-image-2908\" src=\"http:\/\/dicodusport.fr\/blog\/wp-content\/uploads\/2017\/07\/logo-twitter-150x150.png\" alt=\"\" width=\"39\" height=\"39\" \/><\/a><\/strong><\/em><\/p>\n","protected":false},"excerpt":{"rendered":"<p>BLEUS &#8211; Excellent hier lors de la victoire de l\u2019\u00e9quipe de France au Portugal (0-1), Adrien Rabiot montre depuis les derniers rassemblements une vraie progression.<\/p>\n","protected":false},"author":14,"featured_media":88340,"comment_status":"open","ping_status":"closed","sticky":false,"template":"","format":"standard","meta":{"_acf_changed":false,"_daextam_enable_autolinks":"","footnotes":""},"categories":[2301],"tags":[4927,523,4318,6966,75,3514,89],"class_list":["post-88270","post","type-post","status-publish","format-standard","has-post-thumbnail","hentry","category-football","tag-adrien-rabiot","tag-bleus","tag-didier-deschamps","tag-equipe-de-france-de-football","tag-football","tag-ligue-des-nations","tag-portugal"],"acf":[],"yoast_head":"<!-- This site is optimized with the Yoast SEO Premium plugin v26.7 (Yoast SEO v26.7) - https:\/\/yoast.com\/wordpress\/plugins\/seo\/ -->\n<title>Bleus : La m\u00e9tamorphose d&#039;Adrien Rabiot<\/title>\n<meta name=\"description\" content=\"Excellent lors de la victoire de la France au Portugal, Adrien Rabiot montre depuis les derniers rassemblements une vraie progression.\" \/>\n<meta name=\"robots\" content=\"index, follow, max-snippet:-1, max-image-preview:large, max-video-preview:-1\" \/>\n<link rel=\"canonical\" href=\"https:\/\/dicodusport.fr\/blog\/bleus-la-metamorphose-d-adrien-rabiot\/\" \/>\n<meta property=\"og:locale\" content=\"fr_FR\" \/>\n<meta property=\"og:type\" content=\"article\" \/>\n<meta property=\"og:title\" content=\"Bleus : La m\u00e9tamorphose d&#039;Adrien Rabiot\" \/>\n<meta property=\"og:description\" content=\"Excellent lors de la victoire de la France au Portugal, Adrien Rabiot montre depuis les derniers rassemblements une vraie progression.\" \/>\n<meta property=\"og:url\" content=\"https:\/\/dicodusport.fr\/blog\/bleus-la-metamorphose-d-adrien-rabiot\/\" \/>\n<meta property=\"og:site_name\" content=\"Dicodusport\" \/>\n<meta property=\"article:publisher\" content=\"https:\/\/www.facebook.com\/dicodusport\" \/>\n<meta property=\"article:published_time\" content=\"2020-11-15T15:25:43+00:00\" \/>\n<meta property=\"article:modified_time\" content=\"2020-11-15T17:11:10+00:00\" \/>\n<meta property=\"og:image\" content=\"https:\/\/dicodusport.fr\/blog\/wp-content\/uploads\/2020\/11\/Bleus-La-m\u00e9tamorphose-dAdrien-Rabiot.jpg\" \/>\n\t<meta property=\"og:image:width\" content=\"1063\" \/>\n\t<meta property=\"og:image:height\" content=\"708\" \/>\n\t<meta property=\"og:image:type\" content=\"image\/jpeg\" \/>\n<meta name=\"author\" content=\"Romain Delanis\" \/>\n<meta name=\"twitter:card\" content=\"summary_large_image\" \/>\n<meta name=\"twitter:title\" content=\"Bleus : La m\u00e9tamorphose d&#039;Adrien Rabiot\" \/>\n<meta name=\"twitter:creator\" content=\"@https:\/\/twitter.com\/RDelanis\" \/>\n<meta name=\"twitter:site\" content=\"@dicodusport\" \/>\n<script type=\"application\/ld+json\" class=\"yoast-schema-graph\">{\"@context\":\"https:\/\/schema.org\",\"@graph\":[{\"@type\":\"NewsArticle\",\"@id\":\"https:\/\/dicodusport.fr\/blog\/bleus-la-metamorphose-d-adrien-rabiot\/#article\",\"isPartOf\":{\"@id\":\"https:\/\/dicodusport.fr\/blog\/bleus-la-metamorphose-d-adrien-rabiot\/\"},\"author\":{\"name\":\"Romain Delanis\",\"@id\":\"https:\/\/dicodusport.fr\/blog\/#\/schema\/person\/8c78730a59f8a1e617f7a19026ebc14a\"},\"headline\":\"Bleus : La m\u00e9tamorphose d&rsquo;Adrien Rabiot\",\"datePublished\":\"2020-11-15T15:25:43+00:00\",\"dateModified\":\"2020-11-15T17:11:10+00:00\",\"mainEntityOfPage\":{\"@id\":\"https:\/\/dicodusport.fr\/blog\/bleus-la-metamorphose-d-adrien-rabiot\/\"},\"wordCount\":467,\"commentCount\":0,\"publisher\":{\"@id\":\"https:\/\/dicodusport.fr\/blog\/#organization\"},\"image\":{\"@id\":\"https:\/\/dicodusport.fr\/blog\/bleus-la-metamorphose-d-adrien-rabiot\/#primaryimage\"},\"thumbnailUrl\":\"https:\/\/dicodusport.fr\/blog\/wp-content\/uploads\/2020\/11\/Bleus-La-m\u00e9tamorphose-dAdrien-Rabiot.jpg\",\"keywords\":[\"Adrien Rabiot\",\"bleus\",\"Didier Deschamps\",\"Equipe de France de football\",\"Football\",\"Ligue des nations\",\"Portugal\"],\"articleSection\":[\"Football\"],\"inLanguage\":\"fr-FR\",\"potentialAction\":[{\"@type\":\"CommentAction\",\"name\":\"Comment\",\"target\":[\"https:\/\/dicodusport.fr\/blog\/bleus-la-metamorphose-d-adrien-rabiot\/#respond\"]}],\"copyrightYear\":\"2020\",\"copyrightHolder\":{\"@id\":\"https:\/\/dicodusport.fr\/blog\/#organization\"}},{\"@type\":\"WebPage\",\"@id\":\"https:\/\/dicodusport.fr\/blog\/bleus-la-metamorphose-d-adrien-rabiot\/\",\"url\":\"https:\/\/dicodusport.fr\/blog\/bleus-la-metamorphose-d-adrien-rabiot\/\",\"name\":\"Bleus : La m\u00e9tamorphose d'Adrien Rabiot\",\"isPartOf\":{\"@id\":\"https:\/\/dicodusport.fr\/blog\/#website\"},\"primaryImageOfPage\":{\"@id\":\"https:\/\/dicodusport.fr\/blog\/bleus-la-metamorphose-d-adrien-rabiot\/#primaryimage\"},\"image\":{\"@id\":\"https:\/\/dicodusport.fr\/blog\/bleus-la-metamorphose-d-adrien-rabiot\/#primaryimage\"},\"thumbnailUrl\":\"https:\/\/dicodusport.fr\/blog\/wp-content\/uploads\/2020\/11\/Bleus-La-m\u00e9tamorphose-dAdrien-Rabiot.jpg\",\"datePublished\":\"2020-11-15T15:25:43+00:00\",\"dateModified\":\"2020-11-15T17:11:10+00:00\",\"description\":\"Excellent lors de la victoire de la France au Portugal, Adrien Rabiot montre depuis les derniers rassemblements une vraie progression.\",\"breadcrumb\":{\"@id\":\"https:\/\/dicodusport.fr\/blog\/bleus-la-metamorphose-d-adrien-rabiot\/#breadcrumb\"},\"inLanguage\":\"fr-FR\",\"potentialAction\":[{\"@type\":\"ReadAction\",\"target\":[\"https:\/\/dicodusport.fr\/blog\/bleus-la-metamorphose-d-adrien-rabiot\/\"]}]},{\"@type\":\"ImageObject\",\"inLanguage\":\"fr-FR\",\"@id\":\"https:\/\/dicodusport.fr\/blog\/bleus-la-metamorphose-d-adrien-rabiot\/#primaryimage\",\"url\":\"https:\/\/dicodusport.fr\/blog\/wp-content\/uploads\/2020\/11\/Bleus-La-m\u00e9tamorphose-dAdrien-Rabiot.jpg\",\"contentUrl\":\"https:\/\/dicodusport.fr\/blog\/wp-content\/uploads\/2020\/11\/Bleus-La-m\u00e9tamorphose-dAdrien-Rabiot.jpg\",\"width\":1063,\"height\":708,\"caption\":\"Bleus : La m\u00e9tamorphose d'Adrien Rabiot\"},{\"@type\":\"BreadcrumbList\",\"@id\":\"https:\/\/dicodusport.fr\/blog\/bleus-la-metamorphose-d-adrien-rabiot\/#breadcrumb\",\"itemListElement\":[{\"@type\":\"ListItem\",\"position\":1,\"name\":\"Accueil\",\"item\":\"https:\/\/dicodusport.fr\/blog\/\"},{\"@type\":\"ListItem\",\"position\":2,\"name\":\"Bleus : La m\u00e9tamorphose d&rsquo;Adrien Rabiot\"}]},{\"@type\":\"WebSite\",\"@id\":\"https:\/\/dicodusport.fr\/blog\/#website\",\"url\":\"https:\/\/dicodusport.fr\/blog\/\",\"name\":\"Dicodusport\",\"description\":\"L&#039;encyclop\u00e9die de l&#039;actualit\u00e9 sportive\",\"publisher\":{\"@id\":\"https:\/\/dicodusport.fr\/blog\/#organization\"},\"potentialAction\":[{\"@type\":\"SearchAction\",\"target\":{\"@type\":\"EntryPoint\",\"urlTemplate\":\"https:\/\/dicodusport.fr\/blog\/?s={search_term_string}\"},\"query-input\":{\"@type\":\"PropertyValueSpecification\",\"valueRequired\":true,\"valueName\":\"search_term_string\"}}],\"inLanguage\":\"fr-FR\"},{\"@type\":\"NewsMediaOrganization\",\"@id\":\"https:\/\/dicodusport.fr\/blog\/#organization\",\"name\":\"Dicodusport\",\"url\":\"https:\/\/dicodusport.fr\/blog\/\",\"logo\":{\"@type\":\"ImageObject\",\"inLanguage\":\"fr-FR\",\"@id\":\"https:\/\/dicodusport.fr\/blog\/#\/schema\/logo\/image\/\",\"url\":\"https:\/\/dicodusport.fr\/blog\/wp-content\/uploads\/2020\/06\/cropped-LOGO-DICODUSPORT-2020-SANS-FOND-SANS-TEXTE.png\",\"contentUrl\":\"https:\/\/dicodusport.fr\/blog\/wp-content\/uploads\/2020\/06\/cropped-LOGO-DICODUSPORT-2020-SANS-FOND-SANS-TEXTE.png\",\"width\":512,\"height\":512,\"caption\":\"Dicodusport\"},\"image\":{\"@id\":\"https:\/\/dicodusport.fr\/blog\/#\/schema\/logo\/image\/\"},\"sameAs\":[\"https:\/\/www.facebook.com\/dicodusport\",\"https:\/\/x.com\/dicodusport\",\"https:\/\/www.instagram.com\/dicodusport\/\",\"https:\/\/www.youtube.com\/channel\/UC7V2KZ5sd3htJivAbA4ZG3w\"],\"description\":\"Dicodusport est l'encyclop\u00e9die de l'actualit\u00e9 sportive.\",\"email\":\"bonjour@dicodusport.fr\",\"legalName\":\"DICODUSPORT\",\"foundingDate\":\"2018-01-14\",\"vatID\":\"FR71834470973\",\"taxID\":\"83447097300043\",\"numberOfEmployees\":{\"@type\":\"QuantitativeValue\",\"minValue\":\"1\",\"maxValue\":\"10\"}},{\"@type\":\"Person\",\"@id\":\"https:\/\/dicodusport.fr\/blog\/#\/schema\/person\/8c78730a59f8a1e617f7a19026ebc14a\",\"name\":\"Romain Delanis\",\"image\":{\"@type\":\"ImageObject\",\"inLanguage\":\"fr-FR\",\"@id\":\"https:\/\/dicodusport.fr\/blog\/#\/schema\/person\/image\/\",\"url\":\"https:\/\/dicodusport.fr\/blog\/wp-content\/uploads\/2021\/05\/Romain-Delanis-150x150.jpg\",\"contentUrl\":\"https:\/\/dicodusport.fr\/blog\/wp-content\/uploads\/2021\/05\/Romain-Delanis-150x150.jpg\",\"caption\":\"Romain Delanis\"},\"description\":\"Journaliste\/R\u00e9dacteur depuis novembre 2015 - Capable de passer un samedi apr\u00e8s-midi devant la Ligue 2 puis le biathlon sans oublier la finale de l\u2019ATP Rotterdam, j\u2019aime aussi mettre mon r\u00e9veil pour me faire un Pistons\/Bulls qui rappelle de bons souvenirs. Tout cela, j\u2019ai choisi il y a maintenant quelques temps de vous le raconter avec Dicodusport, pour vous faire vivre ma passion parfois inconsid\u00e9r\u00e9e pour le sport en g\u00e9n\u00e9ral (mais surtout le foot faut se l\u2019avouer).\",\"sameAs\":[\"https:\/\/x.com\/https:\/\/twitter.com\/RDelanis\"],\"url\":\"https:\/\/dicodusport.fr\/blog\/author\/romain\/\"}]}<\/script>\n<!-- \/ Yoast SEO Premium plugin. -->","yoast_head_json":{"title":"Bleus : La m\u00e9tamorphose d'Adrien Rabiot","description":"Excellent lors de la victoire de la France au Portugal, Adrien Rabiot montre depuis les derniers rassemblements une vraie progression.","robots":{"index":"index","follow":"follow","max-snippet":"max-snippet:-1","max-image-preview":"max-image-preview:large","max-video-preview":"max-video-preview:-1"},"canonical":"https:\/\/dicodusport.fr\/blog\/bleus-la-metamorphose-d-adrien-rabiot\/","og_locale":"fr_FR","og_type":"article","og_title":"Bleus : La m\u00e9tamorphose d'Adrien Rabiot","og_description":"Excellent lors de la victoire de la France au Portugal, Adrien Rabiot montre depuis les derniers rassemblements une vraie progression.","og_url":"https:\/\/dicodusport.fr\/blog\/bleus-la-metamorphose-d-adrien-rabiot\/","og_site_name":"Dicodusport","article_publisher":"https:\/\/www.facebook.com\/dicodusport","article_published_time":"2020-11-15T15:25:43+00:00","article_modified_time":"2020-11-15T17:11:10+00:00","og_image":[{"width":1063,"height":708,"url":"https:\/\/dicodusport.fr\/blog\/wp-content\/uploads\/2020\/11\/Bleus-La-m\u00e9tamorphose-dAdrien-Rabiot.jpg","type":"image\/jpeg"}],"author":"Romain Delanis","twitter_card":"summary_large_image","twitter_title":"Bleus : La m\u00e9tamorphose d'Adrien Rabiot","twitter_creator":"@https:\/\/twitter.com\/RDelanis","twitter_site":"@dicodusport","schema":{"@context":"https:\/\/schema.org","@graph":[{"@type":"NewsArticle","@id":"https:\/\/dicodusport.fr\/blog\/bleus-la-metamorphose-d-adrien-rabiot\/#article","isPartOf":{"@id":"https:\/\/dicodusport.fr\/blog\/bleus-la-metamorphose-d-adrien-rabiot\/"},"author":{"name":"Romain Delanis","@id":"https:\/\/dicodusport.fr\/blog\/#\/schema\/person\/8c78730a59f8a1e617f7a19026ebc14a"},"headline":"Bleus : La m\u00e9tamorphose d&rsquo;Adrien Rabiot","datePublished":"2020-11-15T15:25:43+00:00","dateModified":"2020-11-15T17:11:10+00:00","mainEntityOfPage":{"@id":"https:\/\/dicodusport.fr\/blog\/bleus-la-metamorphose-d-adrien-rabiot\/"},"wordCount":467,"commentCount":0,"publisher":{"@id":"https:\/\/dicodusport.fr\/blog\/#organization"},"image":{"@id":"https:\/\/dicodusport.fr\/blog\/bleus-la-metamorphose-d-adrien-rabiot\/#primaryimage"},"thumbnailUrl":"https:\/\/dicodusport.fr\/blog\/wp-content\/uploads\/2020\/11\/Bleus-La-m\u00e9tamorphose-dAdrien-Rabiot.jpg","keywords":["Adrien Rabiot","bleus","Didier Deschamps","Equipe de France de football","Football","Ligue des nations","Portugal"],"articleSection":["Football"],"inLanguage":"fr-FR","potentialAction":[{"@type":"CommentAction","name":"Comment","target":["https:\/\/dicodusport.fr\/blog\/bleus-la-metamorphose-d-adrien-rabiot\/#respond"]}],"copyrightYear":"2020","copyrightHolder":{"@id":"https:\/\/dicodusport.fr\/blog\/#organization"}},{"@type":"WebPage","@id":"https:\/\/dicodusport.fr\/blog\/bleus-la-metamorphose-d-adrien-rabiot\/","url":"https:\/\/dicodusport.fr\/blog\/bleus-la-metamorphose-d-adrien-rabiot\/","name":"Bleus : La m\u00e9tamorphose d'Adrien Rabiot","isPartOf":{"@id":"https:\/\/dicodusport.fr\/blog\/#website"},"primaryImageOfPage":{"@id":"https:\/\/dicodusport.fr\/blog\/bleus-la-metamorphose-d-adrien-rabiot\/#primaryimage"},"image":{"@id":"https:\/\/dicodusport.fr\/blog\/bleus-la-metamorphose-d-adrien-rabiot\/#primaryimage"},"thumbnailUrl":"https:\/\/dicodusport.fr\/blog\/wp-content\/uploads\/2020\/11\/Bleus-La-m\u00e9tamorphose-dAdrien-Rabiot.jpg","datePublished":"2020-11-15T15:25:43+00:00","dateModified":"2020-11-15T17:11:10+00:00","description":"Excellent lors de la victoire de la France au Portugal, Adrien Rabiot montre depuis les derniers rassemblements une vraie progression.","breadcrumb":{"@id":"https:\/\/dicodusport.fr\/blog\/bleus-la-metamorphose-d-adrien-rabiot\/#breadcrumb"},"inLanguage":"fr-FR","potentialAction":[{"@type":"ReadAction","target":["https:\/\/dicodusport.fr\/blog\/bleus-la-metamorphose-d-adrien-rabiot\/"]}]},{"@type":"ImageObject","inLanguage":"fr-FR","@id":"https:\/\/dicodusport.fr\/blog\/bleus-la-metamorphose-d-adrien-rabiot\/#primaryimage","url":"https:\/\/dicodusport.fr\/blog\/wp-content\/uploads\/2020\/11\/Bleus-La-m\u00e9tamorphose-dAdrien-Rabiot.jpg","contentUrl":"https:\/\/dicodusport.fr\/blog\/wp-content\/uploads\/2020\/11\/Bleus-La-m\u00e9tamorphose-dAdrien-Rabiot.jpg","width":1063,"height":708,"caption":"Bleus : La m\u00e9tamorphose d'Adrien Rabiot"},{"@type":"BreadcrumbList","@id":"https:\/\/dicodusport.fr\/blog\/bleus-la-metamorphose-d-adrien-rabiot\/#breadcrumb","itemListElement":[{"@type":"ListItem","position":1,"name":"Accueil","item":"https:\/\/dicodusport.fr\/blog\/"},{"@type":"ListItem","position":2,"name":"Bleus : La m\u00e9tamorphose d&rsquo;Adrien Rabiot"}]},{"@type":"WebSite","@id":"https:\/\/dicodusport.fr\/blog\/#website","url":"https:\/\/dicodusport.fr\/blog\/","name":"Dicodusport","description":"L&#039;encyclop\u00e9die de l&#039;actualit\u00e9 sportive","publisher":{"@id":"https:\/\/dicodusport.fr\/blog\/#organization"},"potentialAction":[{"@type":"SearchAction","target":{"@type":"EntryPoint","urlTemplate":"https:\/\/dicodusport.fr\/blog\/?s={search_term_string}"},"query-input":{"@type":"PropertyValueSpecification","valueRequired":true,"valueName":"search_term_string"}}],"inLanguage":"fr-FR"},{"@type":"NewsMediaOrganization","@id":"https:\/\/dicodusport.fr\/blog\/#organization","name":"Dicodusport","url":"https:\/\/dicodusport.fr\/blog\/","logo":{"@type":"ImageObject","inLanguage":"fr-FR","@id":"https:\/\/dicodusport.fr\/blog\/#\/schema\/logo\/image\/","url":"https:\/\/dicodusport.fr\/blog\/wp-content\/uploads\/2020\/06\/cropped-LOGO-DICODUSPORT-2020-SANS-FOND-SANS-TEXTE.png","contentUrl":"https:\/\/dicodusport.fr\/blog\/wp-content\/uploads\/2020\/06\/cropped-LOGO-DICODUSPORT-2020-SANS-FOND-SANS-TEXTE.png","width":512,"height":512,"caption":"Dicodusport"},"image":{"@id":"https:\/\/dicodusport.fr\/blog\/#\/schema\/logo\/image\/"},"sameAs":["https:\/\/www.facebook.com\/dicodusport","https:\/\/x.com\/dicodusport","https:\/\/www.instagram.com\/dicodusport\/","https:\/\/www.youtube.com\/channel\/UC7V2KZ5sd3htJivAbA4ZG3w"],"description":"Dicodusport est l'encyclop\u00e9die de l'actualit\u00e9 sportive.","email":"bonjour@dicodusport.fr","legalName":"DICODUSPORT","foundingDate":"2018-01-14","vatID":"FR71834470973","taxID":"83447097300043","numberOfEmployees":{"@type":"QuantitativeValue","minValue":"1","maxValue":"10"}},{"@type":"Person","@id":"https:\/\/dicodusport.fr\/blog\/#\/schema\/person\/8c78730a59f8a1e617f7a19026ebc14a","name":"Romain Delanis","image":{"@type":"ImageObject","inLanguage":"fr-FR","@id":"https:\/\/dicodusport.fr\/blog\/#\/schema\/person\/image\/","url":"https:\/\/dicodusport.fr\/blog\/wp-content\/uploads\/2021\/05\/Romain-Delanis-150x150.jpg","contentUrl":"https:\/\/dicodusport.fr\/blog\/wp-content\/uploads\/2021\/05\/Romain-Delanis-150x150.jpg","caption":"Romain Delanis"},"description":"Journaliste\/R\u00e9dacteur depuis novembre 2015 - Capable de passer un samedi apr\u00e8s-midi devant la Ligue 2 puis le biathlon sans oublier la finale de l\u2019ATP Rotterdam, j\u2019aime aussi mettre mon r\u00e9veil pour me faire un Pistons\/Bulls qui rappelle de bons souvenirs. Tout cela, j\u2019ai choisi il y a maintenant quelques temps de vous le raconter avec Dicodusport, pour vous faire vivre ma passion parfois inconsid\u00e9r\u00e9e pour le sport en g\u00e9n\u00e9ral (mais surtout le foot faut se l\u2019avouer).","sameAs":["https:\/\/x.com\/https:\/\/twitter.com\/RDelanis"],"url":"https:\/\/dicodusport.fr\/blog\/author\/romain\/"}]}},"_links":{"self":[{"href":"https:\/\/dicodusport.fr\/blog\/wp-json\/wp\/v2\/posts\/88270","targetHints":{"allow":["GET"]}}],"collection":[{"href":"https:\/\/dicodusport.fr\/blog\/wp-json\/wp\/v2\/posts"}],"about":[{"href":"https:\/\/dicodusport.fr\/blog\/wp-json\/wp\/v2\/types\/post"}],"author":[{"embeddable":true,"href":"https:\/\/dicodusport.fr\/blog\/wp-json\/wp\/v2\/users\/14"}],"replies":[{"embeddable":true,"href":"https:\/\/dicodusport.fr\/blog\/wp-json\/wp\/v2\/comments?post=88270"}],"version-history":[{"count":0,"href":"https:\/\/dicodusport.fr\/blog\/wp-json\/wp\/v2\/posts\/88270\/revisions"}],"wp:featuredmedia":[{"embeddable":true,"href":"https:\/\/dicodusport.fr\/blog\/wp-json\/wp\/v2\/media\/88340"}],"wp:attachment":[{"href":"https:\/\/dicodusport.fr\/blog\/wp-json\/wp\/v2\/media?parent=88270"}],"wp:term":[{"taxonomy":"category","embeddable":true,"href":"https:\/\/dicodusport.fr\/blog\/wp-json\/wp\/v2\/categories?post=88270"},{"taxonomy":"post_tag","embeddable":true,"href":"https:\/\/dicodusport.fr\/blog\/wp-json\/wp\/v2\/tags?post=88270"}],"curies":[{"name":"wp","href":"https:\/\/api.w.org\/{rel}","templated":true}]}}