{"id":88383,"date":"2020-11-15T19:37:07","date_gmt":"2020-11-15T18:37:07","guid":{"rendered":"https:\/\/dicodusport.fr\/blog\/?p=88383&#038;preview=true&#038;preview_id=88383"},"modified":"2021-01-11T17:49:02","modified_gmt":"2021-01-11T16:49:02","slug":"ski-alpin-coupe-du-monde-2020-2021-le-calendrier-complet","status":"publish","type":"post","link":"https:\/\/dicodusport.fr\/blog\/ski-alpin-coupe-du-monde-2020-2021-le-calendrier-complet\/","title":{"rendered":"Ski alpin &#8211; Coupe du monde 2020-2021 : le calendrier complet"},"content":{"rendered":"<p style=\"text-align: justify;\"><strong><em><a href=\"https:\/\/dicodusport.fr\/blog\/actualites\/sports-dhiver\/ski\/\" target=\"_blank\" rel=\"noopener noreferrer\">SKI<\/a> ALPIN &#8211; Retrouvez le calendrier complet de la Coupe du monde 2020-2021 de ski alpin, femmes et hommes confondus.<\/em><\/strong><\/p>\n<h2 style=\"text-align: justify;\">Le calendrier de la Coupe du monde de ski alpin 2020-2021 hommes<\/h2>\n<h3 style=\"text-align: justify;\"><strong>Octobre 2020<\/strong><\/h3>\n<p style=\"text-align: justify;\"><strong>18 octobre 2020 :<\/strong> Slalom G\u00e9ant &#8211; S\u00f6lden (Autriche)<\/p>\n<hr \/>\n<h3 style=\"text-align: justify;\"><strong>Novembre 2020<\/strong><\/h3>\n<p style=\"text-align: justify;\"><strong>14 novembre 2020 :<\/strong> Slalom G\u00e9ant Parall\u00e8le &#8211; Z\u00fcrs (Autriche)<\/p>\n<p style=\"text-align: justify;\"><strong>22 novembre 2020 :<\/strong> Slalom G\u00e9ant &#8211; Levi (Finlande)<\/p>\n<p style=\"text-align: justify;\"><strong>28 novembre 2020 :<\/strong> Descente &#8211; Lake Louise (Canada)<br class=\"autobr\" \/><strong>29 novembre 2020 :<\/strong> Super-G &#8211; Lake Louise (Canada)<\/p>\n<hr \/>\n<h3 style=\"text-align: justify;\"><strong>D\u00e9cembre 2020<\/strong><\/h3>\n<p style=\"text-align: justify;\"><strong>4 d\u00e9cembre 2020 :<\/strong> Super-G &#8211; Beaver Creek (\u00c9tats-Unis)<br class=\"autobr\" \/><strong>5 d\u00e9cembre 2020 :<\/strong> Descente &#8211; Beaver Creek (\u00c9tats-Unis)<br class=\"autobr\" \/><strong>6 d\u00e9cembre 2020 :<\/strong> Slalom G\u00e9ant &#8211; Beaver Creek (\u00c9tats-Unis)<\/p>\n<p style=\"text-align: justify;\"><strong>12 d\u00e9cembre 2020 :<\/strong> Slalom G\u00e9ant &#8211; Val d\u2019Is\u00e8re (France)<br class=\"autobr\" \/><strong>13 d\u00e9cembre 2020 :<\/strong> Slalom &#8211; Val d\u2019Is\u00e8re (France)<\/p>\n<p style=\"text-align: justify;\"><strong>18 d\u00e9cembre 2020 :<\/strong> Super-G &#8211; Val Gardena \/ Gr\u00f6den (Italie)<br class=\"autobr\" \/><strong>19 d\u00e9cembre 2020 :<\/strong> Descente &#8211; Val Gardena \/ Gr\u00f6den (Italie)<\/p>\n<p style=\"text-align: justify;\"><strong>20 d\u00e9cembre 2020 :<\/strong> Slalom G\u00e9ant &#8211; Alta Badia (Italie)<br class=\"autobr\" \/><strong>21 d\u00e9cembre 2020 :<\/strong> Slalom G\u00e9ant Parall\u00e8le &#8211; Alta Badia (Italie)<\/p>\n<p style=\"text-align: justify;\"><strong>22 d\u00e9cembre 2020 :<\/strong> Slalom &#8211; Madonna di Campiglio (Italie)<\/p>\n<p style=\"text-align: justify;\"><strong>28 d\u00e9cembre 2020 :<\/strong> Descente &#8211; Bormio (Italie)<br \/>\n<strong>29 d\u00e9cembre 2020 :<\/strong> Combin\u00e9 Alpin (Super-G + Slalom) &#8211; Bormio (Italie)<\/p>\n<hr \/>\n<h3 style=\"text-align: justify;\"><strong>Janvier 2021<\/strong><\/h3>\n<p style=\"text-align: justify;\"><strong>1er janvier 2021 :<\/strong> Slalom G\u00e9ant Parall\u00e8le &#8211; Davos (Suisse)<\/p>\n<p style=\"text-align: justify;\"><strong>6 janvier 2021 :<\/strong> Slalom &#8211; Zagreb (Croatie)<\/p>\n<p style=\"text-align: justify;\"><strong>9 janvier 2021 :<\/strong> Slalom G\u00e9ant &#8211; Adelboden (Suisse)<br class=\"autobr\" \/><strong>10 janvier 2021 :<\/strong> Slalom &#8211; Adelboden (Suisse)<\/p>\n<p style=\"text-align: justify;\"><strong>15 janvier 2021 :<\/strong> <del>Combin\u00e9 Alpin (Super-G + Slalom) &#8211; Wengen (Suisse)<\/del><br \/>\n<strong>16 janvier 2021 :<\/strong> <del>Descente &#8211; Wengen (Suisse)<\/del> \u2192 Slalom &#8211; Kitzbuhel (Autriche)<br class=\"autobr\" \/><strong>17 janvier 2021 :<\/strong> <del>Slalom &#8211; Wengen (Suisse)<\/del> \u2192 Slalom &#8211; Kitzbuhel (Autriche)<\/p>\n<p style=\"text-align: justify;\"><strong>22 janvier 2021 :<\/strong> <del>Super-G &#8211; Kitzbuhel (Autriche)<\/del> \u2192 Descente &#8211; Kitzbuhel (Autriche)<br class=\"autobr\" \/><strong>23 janvier 2021 :<\/strong> Descente &#8211; Kitzbuhel (Autriche)<br class=\"autobr\" \/><strong>24 janvier 2021 :<\/strong> <del>Slalom &#8211; Kitzbuhel (Autriche)<\/del> \u2192 Super-G &#8211; Kitzbuhel (Autriche)<\/p>\n<p style=\"text-align: justify;\"><strong>26 janvier 2021 :<\/strong> Slalom &#8211; Schladming (Autriche)<\/p>\n<p style=\"text-align: justify;\"><strong>30 janvier 2021 :<\/strong> Descente &#8211; Chamonix (France)<br class=\"autobr\" \/><strong>31 janvier 2021 :<\/strong> Slalom G\u00e9ant Parall\u00e8le &#8211; Chamonix (France)<\/p>\n<hr \/>\n<h3 style=\"text-align: justify;\"><strong>F\u00e9vrier 2021<\/strong><\/h3>\n<p style=\"text-align: justify;\"><strong>5 f\u00e9vrier 2021 :<\/strong> Descente &#8211; Garmisch Partenkirchen (Allemagne)<br class=\"autobr\" \/><strong>6 f\u00e9vrier 2021 :<\/strong> Slalom G\u00e9ant &#8211; Garmisch Partenkirchen (Allemagne)<br class=\"autobr\" \/><strong>8 au 21 f\u00e9vrier 2021 :<\/strong> Championnats du monde de ski alpin 2021 &#8211; Cortina d\u2019Ampezzo (Italie)<br class=\"autobr\" \/><strong>27 f\u00e9vrier 2021 :<\/strong> Combin\u00e9 Alpin (Super-G + Slalom) &#8211; Bansko (Bulgarie)<\/p>\n<hr \/>\n<h3 style=\"text-align: justify;\"><strong>Mars 2021<\/strong><\/h3>\n<p style=\"text-align: justify;\"><strong>6 mars 2021 :<\/strong> Descente &#8211; Kvitfjell (Norv\u00e8ge)<br class=\"autobr\" \/><strong>7 mars 2021 :<\/strong> Super-G &#8211; Kvitfjell (Norv\u00e8ge)<\/p>\n<p style=\"text-align: justify;\"><strong>13 mars 2021 :<\/strong> Slalom G\u00e9ant &#8211; Kranjska Gora (Slov\u00e9nie)<br class=\"autobr\" \/><strong>14 mars 2021 :<\/strong> Slalom &#8211; Kranjska Gora (Slov\u00e9nie)<\/p>\n<p style=\"text-align: justify;\"><strong>17 mars 2021 :<\/strong> Finale Descente &#8211; Lenzerheide (Suisse)<br class=\"autobr\" \/><strong>18 mars 2021 :<\/strong> Finale Super-G &#8211; Lenzerheide (Suisse)\u00a0<br class=\"autobr\" \/><strong>20 mars 2021 :<\/strong> Finale Slalom G\u00e9ant &#8211; Lenzerheide (Suisse)<br class=\"autobr\" \/><strong>21 mars 2021 :<\/strong> Finale Slalom &#8211; Lenzerheide (Suisse)<\/p>\n<p style=\"text-align: center;\"><a href=\"http:\/\/dicodusport.fr\/blog\/ski-alpin-coupe-du-monde-2020-2021-le-calendrier-complet\/2\/#calendrierfemmes\" class=\"su-button su-button-style-flat\" style=\"color:#FFFFFF;background-color:#005f9b;border-color:#004c7c;border-radius:4px\" target=\"_self\"><span style=\"color:#FFFFFF;padding:0px 26px;font-size:20px;line-height:40px;border-color:#4d8fb9;border-radius:4px;text-shadow:none\"> Calendrier femmes<\/span><\/a><!--nextpage--><\/p>\n<h2 style=\"text-align: justify;\"><a id=\"calendrierfemmes\"><\/a>Le calendrier de la Coupe du monde de ski alpin 2020-2021 femmes<\/h2>\n<h3 style=\"text-align: justify;\"><strong>Octobre 2020<\/strong><\/h3>\n<p style=\"text-align: justify;\"><strong>24 octobre 2020 :<\/strong> Slalom G\u00e9ant &#8211; S\u00f6lden (Autriche)<\/p>\n<hr \/>\n<h3 style=\"text-align: justify;\"><strong>Novembre 2020<\/strong><\/h3>\n<p style=\"text-align: justify;\"><strong>14 novembre 2020 :<\/strong> Slalom G\u00e9ant Parall\u00e8le &#8211; Z\u00fcrs (Autriche)<\/p>\n<p style=\"text-align: justify;\"><strong>21 novembre 2020 :<\/strong> Slalom &#8211; Levi (Finlande)<\/p>\n<p style=\"text-align: justify;\"><strong>28 novembre 2020 :<\/strong> Slalom G\u00e9ant &#8211; Killington (\u00c9tats-Unis)<br class=\"autobr\" \/><strong>29 novembre 2020 :<\/strong> Slalom &#8211; Killington (\u00c9tats-Unis)<\/p>\n<hr \/>\n<h3 style=\"text-align: justify;\"><strong>D\u00e9cembre 2020<\/strong><\/h3>\n<p style=\"text-align: justify;\"><strong>4 d\u00e9cembre 2020 :<\/strong> Descente &#8211; Lake Louise (Canada)<br class=\"autobr\" \/><strong>5 d\u00e9cembre 2020 :<\/strong> Descente &#8211; Lake Louise (Canada)<br class=\"autobr\" \/><strong>6 d\u00e9cembre 2020 :<\/strong> Super-G &#8211; Lake Louise (Canada)<\/p>\n<p style=\"text-align: justify;\"><strong>12 d\u00e9cembre 2020 :<\/strong> Super-G &#8211; Saint-Moritz (Suisse)<br class=\"autobr\" \/><strong>13 d\u00e9cembre 2020 :<\/strong> Slalom Parall\u00e8le &#8211; Saint-Moritz (Suisse)<\/p>\n<p style=\"text-align: justify;\"><strong>15 d\u00e9cembre 2020 :<\/strong> Slalom G\u00e9ant &#8211; Courchevel (France)<\/p>\n<p style=\"text-align: justify;\"><strong>19 d\u00e9cembre 2020 :<\/strong> Descente &#8211; Val d\u2019Is\u00e8re\u00a0(France)<br class=\"autobr\" \/><strong>20 d\u00e9cembre 2020 :<\/strong> Combin\u00e9 Alpin (Super-G + Slalom) &#8211; Val d\u2019Is\u00e8re (France)<\/p>\n<p style=\"text-align: justify;\"><strong>28 d\u00e9cembre 2020 :<\/strong> Slalom G\u00e9ant &#8211; Semmering (Autriche)<br class=\"autobr\" \/><strong>29 d\u00e9cembre 2020 :<\/strong> Slalom &#8211; Semmering (Autriche)<\/p>\n<hr \/>\n<h3 style=\"text-align: justify;\"><strong>Janvier 2021<\/strong><\/h3>\n<p style=\"text-align: justify;\"><strong>1er janvier 2021 :<\/strong> Slalom G\u00e9ant Parall\u00e8le &#8211; Davos (Suisse)<\/p>\n<p style=\"text-align: justify;\"><strong>3 janvier 2021 :<\/strong> Slalom &#8211; Zagreb (Croatie)<\/p>\n<p style=\"text-align: justify;\"><strong>9 janvier 2021 :<\/strong> Descente &#8211; Zauchensee (Autriche)<br class=\"autobr\" \/><strong>10 janvier 2021 :<\/strong> Combin\u00e9 Alpin (Descente + Slalom) &#8211; Zauchensee (Autriche)<\/p>\n<p style=\"text-align: justify;\"><strong>12 janvier 2021 :<\/strong> Slalom &#8211; Flachau (Autriche)<\/p>\n<p style=\"text-align: justify;\"><strong>16 janvier 2021 :<\/strong> Slalom G\u00e9ant &#8211; Maribor (Slov\u00e9nie)<br class=\"autobr\" \/><strong>17 janvier 2021 :<\/strong> Slalom &#8211; Maribor (Slov\u00e9nie)<\/p>\n<p style=\"text-align: justify;\"><strong>23 janvier 2021 :<\/strong> Descente &#8211; Crans Montana (Suisse)<br class=\"autobr\" \/><strong>24 janvier 2021 :<\/strong> Combin\u00e9 Alpin (Descente + Slalom) &#8211; Crans Montana (Suisse)<\/p>\n<p style=\"text-align: justify;\"><strong>28 janvier 2021 :<\/strong> Slalom G\u00e9ant &#8211; Plan de Corones (Italie)<\/p>\n<p style=\"text-align: justify;\"><strong>30 janvier 2021 :<\/strong> Descente &#8211; Garmisch Partenkirchen (Allemagne)<br class=\"autobr\" \/><strong>31 janvier 2021 :<\/strong> Super-G &#8211; Garmisch Partenkirchen (Allemagne)<\/p>\n<hr \/>\n<h3 style=\"text-align: justify;\"><strong>F\u00e9vrier 2021<\/strong><\/h3>\n<p style=\"text-align: justify;\"><strong>8 au 21 f\u00e9vrier 2021 :<\/strong> Championnats du monde de ski alpin 2021 &#8211; Cortina d\u2019Ampezzo (Italie)<\/p>\n<p style=\"text-align: justify;\"><strong>27 f\u00e9vrier 2021 :<\/strong> Descente &#8211; Yanqing (Chine)<br class=\"autobr\" \/><strong>28 f\u00e9vrier 2021 :<\/strong> Super-G &#8211; Yanqing (Chine)<\/p>\n<hr \/>\n<h3 style=\"text-align: justify;\"><strong>Mars 2021<\/strong><\/h3>\n<p style=\"text-align: justify;\"><strong>6 mars 2021 :<\/strong> Slalom G\u00e9ant &#8211; Jasn\u00e1 (Slovaquie)<br class=\"autobr\" \/><strong>7 mars 2021 :<\/strong> Slalom &#8211; Jasn\u00e1 (Slovaquie)<\/p>\n<p style=\"text-align: justify;\"><strong>12 mars 2021 :<\/strong> Slalom G\u00e9ant &#8211; Are (Su\u00e8de)<br class=\"autobr\" \/><strong>13 mars 2021 :<\/strong> Slalom &#8211; Are (Su\u00e8de)<\/p>\n<p style=\"text-align: justify;\"><strong>17 mars 2021 :<\/strong> Finale Descente &#8211; Lenzerheide (Suisse)<br class=\"autobr\" \/><strong>18 mars 2021 :<\/strong> Finale Super-G &#8211; Lenzerheide (Suisse)<br class=\"autobr\" \/><strong>20 mars 2021 :<\/strong> Finale Slalom &#8211; Lenzerheide (Suisse)<br class=\"autobr\" \/><strong>21 mars 2021 :<\/strong> Finale Slalom G\u00e9ant &#8211; Lenzerheide (Suisse)<\/p>\n<p style=\"text-align: center;\"><a href=\"http:\/\/dicodusport.fr\/blog\/ski-alpin-coupe-du-monde-2020-2021-le-calendrier-complet\/\" class=\"su-button su-button-style-flat\" style=\"color:#FFFFFF;background-color:#005f9b;border-color:#004c7c;border-radius:4px\" target=\"_self\"><span style=\"color:#FFFFFF;padding:0px 26px;font-size:20px;line-height:40px;border-color:#4d8fb9;border-radius:4px;text-shadow:none\"> Revenir au calendrier hommes<\/span><\/a>\n<p><strong><em>Dicodusport<br \/>\n<a href=\"https:\/\/www.facebook.com\/dicodusport\/\" target=\"_blank\" rel=\"noopener noreferrer\"><img loading=\"lazy\" decoding=\"async\" class=\"alignnone wp-image-2909\" src=\"http:\/\/dicodusport.fr\/blog\/wp-content\/uploads\/2017\/07\/logo-facebook-150x150.png\" alt=\"\" width=\"40\" height=\"40\" \/><\/a><a href=\"https:\/\/twitter.com\/dicodusport\" target=\"_blank\" rel=\"noopener noreferrer\"><img loading=\"lazy\" decoding=\"async\" class=\"alignnone wp-image-2908\" src=\"http:\/\/dicodusport.fr\/blog\/wp-content\/uploads\/2017\/07\/logo-twitter-150x150.png\" alt=\"\" width=\"39\" height=\"39\" \/><\/a><\/em><\/strong><\/p>\n","protected":false},"excerpt":{"rendered":"<p>SKI ALPIN &#8211; Retrouvez le calendrier complet de la Coupe du monde 2020-2021 de ski alpin, femmes et hommes confondus.<\/p>\n","protected":false},"author":4,"featured_media":88386,"comment_status":"open","ping_status":"closed","sticky":false,"template":"","format":"standard","meta":{"_acf_changed":false,"_daextam_enable_autolinks":"","footnotes":""},"categories":[9217],"tags":[12586,676,2233],"class_list":["post-88383","post","type-post","status-publish","format-standard","has-post-thumbnail","hentry","category-ski","tag-coupe-du-monde-de-ski-alpin","tag-ski","tag-ski-alpin"],"acf":[],"yoast_head":"<!-- This site is optimized with the Yoast SEO Premium plugin v26.7 (Yoast SEO v26.7) - https:\/\/yoast.com\/wordpress\/plugins\/seo\/ -->\n<title>Ski alpin - Coupe du monde 2020-2021 : le calendrier complet<\/title>\n<meta name=\"description\" content=\"SKI ALPIN - Retrouvez le calendrier complet de la Coupe du monde 2020-2021 de ski alpin, femmes et hommes confondus.\" \/>\n<meta name=\"robots\" content=\"index, follow, max-snippet:-1, max-image-preview:large, max-video-preview:-1\" \/>\n<link rel=\"canonical\" href=\"https:\/\/dicodusport.fr\/blog\/ski-alpin-coupe-du-monde-2020-2021-le-calendrier-complet\/\" \/>\n<link rel=\"next\" href=\"https:\/\/dicodusport.fr\/blog\/ski-alpin-coupe-du-monde-2020-2021-le-calendrier-complet\/2\/\" \/>\n<meta property=\"og:locale\" content=\"fr_FR\" \/>\n<meta property=\"og:type\" content=\"article\" \/>\n<meta property=\"og:title\" content=\"Ski alpin - Coupe du monde 2020-2021 : le calendrier complet\" \/>\n<meta property=\"og:description\" content=\"SKI ALPIN - Retrouvez le calendrier complet de la Coupe du monde 2020-2021 de ski alpin, femmes et hommes confondus.\" \/>\n<meta property=\"og:url\" content=\"https:\/\/dicodusport.fr\/blog\/ski-alpin-coupe-du-monde-2020-2021-le-calendrier-complet\/\" \/>\n<meta property=\"og:site_name\" content=\"Dicodusport\" \/>\n<meta property=\"article:publisher\" content=\"https:\/\/www.facebook.com\/dicodusport\" \/>\n<meta property=\"article:author\" content=\"https:\/\/www.facebook.com\/florent.ostermann\" \/>\n<meta property=\"article:published_time\" content=\"2020-11-15T18:37:07+00:00\" \/>\n<meta property=\"article:modified_time\" content=\"2021-01-11T16:49:02+00:00\" \/>\n<meta property=\"og:image\" content=\"https:\/\/dicodusport.fr\/blog\/wp-content\/uploads\/2020\/11\/Ski-alpin-Coupe-du-monde-2020-2021-Le-calendrier-complet.png\" \/>\n\t<meta property=\"og:image:width\" content=\"800\" \/>\n\t<meta property=\"og:image:height\" content=\"445\" \/>\n\t<meta property=\"og:image:type\" content=\"image\/png\" \/>\n<meta name=\"author\" content=\"Flo Ostermann\" \/>\n<meta name=\"twitter:card\" content=\"summary_large_image\" \/>\n<meta name=\"twitter:title\" content=\"Ski alpin - Coupe du monde 2020-2021 : le calendrier complet\" \/>\n<meta name=\"twitter:creator\" content=\"@https:\/\/twitter.com\/FlOstermann\" \/>\n<meta name=\"twitter:site\" content=\"@dicodusport\" \/>\n<script type=\"application\/ld+json\" class=\"yoast-schema-graph\">{\"@context\":\"https:\/\/schema.org\",\"@graph\":[{\"@type\":\"NewsArticle\",\"@id\":\"https:\/\/dicodusport.fr\/blog\/ski-alpin-coupe-du-monde-2020-2021-le-calendrier-complet\/#article\",\"isPartOf\":{\"@id\":\"https:\/\/dicodusport.fr\/blog\/ski-alpin-coupe-du-monde-2020-2021-le-calendrier-complet\/\"},\"author\":{\"name\":\"Flo Ostermann\",\"@id\":\"https:\/\/dicodusport.fr\/blog\/#\/schema\/person\/cb02af4c173ce4a653b55e9baf388d4a\"},\"headline\":\"Ski alpin &#8211; Coupe du monde 2020-2021 : le calendrier complet\",\"datePublished\":\"2020-11-15T18:37:07+00:00\",\"dateModified\":\"2021-01-11T16:49:02+00:00\",\"mainEntityOfPage\":{\"@id\":\"https:\/\/dicodusport.fr\/blog\/ski-alpin-coupe-du-monde-2020-2021-le-calendrier-complet\/\"},\"wordCount\":719,\"commentCount\":0,\"publisher\":{\"@id\":\"https:\/\/dicodusport.fr\/blog\/#organization\"},\"image\":{\"@id\":\"https:\/\/dicodusport.fr\/blog\/ski-alpin-coupe-du-monde-2020-2021-le-calendrier-complet\/#primaryimage\"},\"thumbnailUrl\":\"https:\/\/dicodusport.fr\/blog\/wp-content\/uploads\/2020\/11\/Ski-alpin-Coupe-du-monde-2020-2021-Le-calendrier-complet.png\",\"keywords\":[\"Coupe du monde de ski alpin\",\"ski\",\"Ski alpin\"],\"articleSection\":[\"Ski\"],\"inLanguage\":\"fr-FR\",\"potentialAction\":[{\"@type\":\"CommentAction\",\"name\":\"Comment\",\"target\":[\"https:\/\/dicodusport.fr\/blog\/ski-alpin-coupe-du-monde-2020-2021-le-calendrier-complet\/#respond\"]}],\"copyrightYear\":\"2020\",\"copyrightHolder\":{\"@id\":\"https:\/\/dicodusport.fr\/blog\/#organization\"}},{\"@type\":\"WebPage\",\"@id\":\"https:\/\/dicodusport.fr\/blog\/ski-alpin-coupe-du-monde-2020-2021-le-calendrier-complet\/\",\"url\":\"https:\/\/dicodusport.fr\/blog\/ski-alpin-coupe-du-monde-2020-2021-le-calendrier-complet\/\",\"name\":\"Ski alpin - Coupe du monde 2020-2021 : le calendrier complet\",\"isPartOf\":{\"@id\":\"https:\/\/dicodusport.fr\/blog\/#website\"},\"primaryImageOfPage\":{\"@id\":\"https:\/\/dicodusport.fr\/blog\/ski-alpin-coupe-du-monde-2020-2021-le-calendrier-complet\/#primaryimage\"},\"image\":{\"@id\":\"https:\/\/dicodusport.fr\/blog\/ski-alpin-coupe-du-monde-2020-2021-le-calendrier-complet\/#primaryimage\"},\"thumbnailUrl\":\"https:\/\/dicodusport.fr\/blog\/wp-content\/uploads\/2020\/11\/Ski-alpin-Coupe-du-monde-2020-2021-Le-calendrier-complet.png\",\"datePublished\":\"2020-11-15T18:37:07+00:00\",\"dateModified\":\"2021-01-11T16:49:02+00:00\",\"description\":\"SKI ALPIN - Retrouvez le calendrier complet de la Coupe du monde 2020-2021 de ski alpin, femmes et hommes confondus.\",\"inLanguage\":\"fr-FR\",\"potentialAction\":[{\"@type\":\"ReadAction\",\"target\":[\"https:\/\/dicodusport.fr\/blog\/ski-alpin-coupe-du-monde-2020-2021-le-calendrier-complet\/\"]}]},{\"@type\":\"ImageObject\",\"inLanguage\":\"fr-FR\",\"@id\":\"https:\/\/dicodusport.fr\/blog\/ski-alpin-coupe-du-monde-2020-2021-le-calendrier-complet\/#primaryimage\",\"url\":\"https:\/\/dicodusport.fr\/blog\/wp-content\/uploads\/2020\/11\/Ski-alpin-Coupe-du-monde-2020-2021-Le-calendrier-complet.png\",\"contentUrl\":\"https:\/\/dicodusport.fr\/blog\/wp-content\/uploads\/2020\/11\/Ski-alpin-Coupe-du-monde-2020-2021-Le-calendrier-complet.png\",\"width\":800,\"height\":445,\"caption\":\"Ski alpin - Coupe du monde 2020-2021 - Le calendrier complet\"},{\"@type\":\"WebSite\",\"@id\":\"https:\/\/dicodusport.fr\/blog\/#website\",\"url\":\"https:\/\/dicodusport.fr\/blog\/\",\"name\":\"Dicodusport\",\"description\":\"L&#039;encyclop\u00e9die de l&#039;actualit\u00e9 sportive\",\"publisher\":{\"@id\":\"https:\/\/dicodusport.fr\/blog\/#organization\"},\"potentialAction\":[{\"@type\":\"SearchAction\",\"target\":{\"@type\":\"EntryPoint\",\"urlTemplate\":\"https:\/\/dicodusport.fr\/blog\/?s={search_term_string}\"},\"query-input\":{\"@type\":\"PropertyValueSpecification\",\"valueRequired\":true,\"valueName\":\"search_term_string\"}}],\"inLanguage\":\"fr-FR\"},{\"@type\":\"NewsMediaOrganization\",\"@id\":\"https:\/\/dicodusport.fr\/blog\/#organization\",\"name\":\"Dicodusport\",\"url\":\"https:\/\/dicodusport.fr\/blog\/\",\"logo\":{\"@type\":\"ImageObject\",\"inLanguage\":\"fr-FR\",\"@id\":\"https:\/\/dicodusport.fr\/blog\/#\/schema\/logo\/image\/\",\"url\":\"https:\/\/dicodusport.fr\/blog\/wp-content\/uploads\/2020\/06\/cropped-LOGO-DICODUSPORT-2020-SANS-FOND-SANS-TEXTE.png\",\"contentUrl\":\"https:\/\/dicodusport.fr\/blog\/wp-content\/uploads\/2020\/06\/cropped-LOGO-DICODUSPORT-2020-SANS-FOND-SANS-TEXTE.png\",\"width\":512,\"height\":512,\"caption\":\"Dicodusport\"},\"image\":{\"@id\":\"https:\/\/dicodusport.fr\/blog\/#\/schema\/logo\/image\/\"},\"sameAs\":[\"https:\/\/www.facebook.com\/dicodusport\",\"https:\/\/x.com\/dicodusport\",\"https:\/\/www.instagram.com\/dicodusport\/\",\"https:\/\/www.youtube.com\/channel\/UC7V2KZ5sd3htJivAbA4ZG3w\"],\"description\":\"Dicodusport est l'encyclop\u00e9die de l'actualit\u00e9 sportive.\",\"email\":\"bonjour@dicodusport.fr\",\"legalName\":\"DICODUSPORT\",\"foundingDate\":\"2018-01-14\",\"vatID\":\"FR71834470973\",\"taxID\":\"83447097300043\",\"numberOfEmployees\":{\"@type\":\"QuantitativeValue\",\"minValue\":\"1\",\"maxValue\":\"10\"}},{\"@type\":\"Person\",\"@id\":\"https:\/\/dicodusport.fr\/blog\/#\/schema\/person\/cb02af4c173ce4a653b55e9baf388d4a\",\"name\":\"Flo Ostermann\",\"image\":{\"@type\":\"ImageObject\",\"inLanguage\":\"fr-FR\",\"@id\":\"https:\/\/dicodusport.fr\/blog\/#\/schema\/person\/image\/\",\"url\":\"https:\/\/dicodusport.fr\/blog\/wp-content\/uploads\/2021\/05\/Flo-Ostermann-150x150.jpg\",\"contentUrl\":\"https:\/\/dicodusport.fr\/blog\/wp-content\/uploads\/2021\/05\/Flo-Ostermann-150x150.jpg\",\"caption\":\"Flo Ostermann\"},\"description\":\"Journaliste\/R\u00e9dacteur depuis septembre 2015 - Mes premiers souvenirs dans le sport ? Les envol\u00e9es du Stade Toulousain et les duels Villeneuve-Schumacher et H\u00e4kkinen-Schumacher \u00e0 la fin des ann\u00e9es 90, la Coupe du monde de football en 1998, l\u2019exploit du XV de France face aux All Blacks en 1999, mais aussi Richard C\u0153ur de Lion qui vole sur les montagnes du Tour de France. Bien parti pour devenir professeur d\u2019EPS, les \u00e9v\u00e9nements de la vie (et la flemme d\u2019animer des s\u00e9ances de 3x500 m\u00e8tres toute ma vie) m\u2019ont conduit \u00e0 revoir mes plans. Me voil\u00e0 depuis fin 2017 sur Dicodusport, m\u00e9dia gr\u00e2ce (et pour) lequel je partage ma passion : le sport dans tous ses \u00e9tats. Le tout accompagn\u00e9 par les fous furieux et folles furieuses cit\u00e9s sur cette page !\",\"sameAs\":[\"https:\/\/www.facebook.com\/florent.ostermann\",\"https:\/\/x.com\/https:\/\/twitter.com\/FlOstermann\",\"admin\"],\"url\":\"https:\/\/dicodusport.fr\/blog\/author\/flo\/\"}]}<\/script>\n<!-- \/ Yoast SEO Premium plugin. -->","yoast_head_json":{"title":"Ski alpin - Coupe du monde 2020-2021 : le calendrier complet","description":"SKI ALPIN - Retrouvez le calendrier complet de la Coupe du monde 2020-2021 de ski alpin, femmes et hommes confondus.","robots":{"index":"index","follow":"follow","max-snippet":"max-snippet:-1","max-image-preview":"max-image-preview:large","max-video-preview":"max-video-preview:-1"},"canonical":"https:\/\/dicodusport.fr\/blog\/ski-alpin-coupe-du-monde-2020-2021-le-calendrier-complet\/","next":"https:\/\/dicodusport.fr\/blog\/ski-alpin-coupe-du-monde-2020-2021-le-calendrier-complet\/2\/","og_locale":"fr_FR","og_type":"article","og_title":"Ski alpin - Coupe du monde 2020-2021 : le calendrier complet","og_description":"SKI ALPIN - Retrouvez le calendrier complet de la Coupe du monde 2020-2021 de ski alpin, femmes et hommes confondus.","og_url":"https:\/\/dicodusport.fr\/blog\/ski-alpin-coupe-du-monde-2020-2021-le-calendrier-complet\/","og_site_name":"Dicodusport","article_publisher":"https:\/\/www.facebook.com\/dicodusport","article_author":"https:\/\/www.facebook.com\/florent.ostermann","article_published_time":"2020-11-15T18:37:07+00:00","article_modified_time":"2021-01-11T16:49:02+00:00","og_image":[{"width":800,"height":445,"url":"https:\/\/dicodusport.fr\/blog\/wp-content\/uploads\/2020\/11\/Ski-alpin-Coupe-du-monde-2020-2021-Le-calendrier-complet.png","type":"image\/png"}],"author":"Flo Ostermann","twitter_card":"summary_large_image","twitter_title":"Ski alpin - Coupe du monde 2020-2021 : le calendrier complet","twitter_creator":"@https:\/\/twitter.com\/FlOstermann","twitter_site":"@dicodusport","schema":{"@context":"https:\/\/schema.org","@graph":[{"@type":"NewsArticle","@id":"https:\/\/dicodusport.fr\/blog\/ski-alpin-coupe-du-monde-2020-2021-le-calendrier-complet\/#article","isPartOf":{"@id":"https:\/\/dicodusport.fr\/blog\/ski-alpin-coupe-du-monde-2020-2021-le-calendrier-complet\/"},"author":{"name":"Flo Ostermann","@id":"https:\/\/dicodusport.fr\/blog\/#\/schema\/person\/cb02af4c173ce4a653b55e9baf388d4a"},"headline":"Ski alpin &#8211; Coupe du monde 2020-2021 : le calendrier complet","datePublished":"2020-11-15T18:37:07+00:00","dateModified":"2021-01-11T16:49:02+00:00","mainEntityOfPage":{"@id":"https:\/\/dicodusport.fr\/blog\/ski-alpin-coupe-du-monde-2020-2021-le-calendrier-complet\/"},"wordCount":719,"commentCount":0,"publisher":{"@id":"https:\/\/dicodusport.fr\/blog\/#organization"},"image":{"@id":"https:\/\/dicodusport.fr\/blog\/ski-alpin-coupe-du-monde-2020-2021-le-calendrier-complet\/#primaryimage"},"thumbnailUrl":"https:\/\/dicodusport.fr\/blog\/wp-content\/uploads\/2020\/11\/Ski-alpin-Coupe-du-monde-2020-2021-Le-calendrier-complet.png","keywords":["Coupe du monde de ski alpin","ski","Ski alpin"],"articleSection":["Ski"],"inLanguage":"fr-FR","potentialAction":[{"@type":"CommentAction","name":"Comment","target":["https:\/\/dicodusport.fr\/blog\/ski-alpin-coupe-du-monde-2020-2021-le-calendrier-complet\/#respond"]}],"copyrightYear":"2020","copyrightHolder":{"@id":"https:\/\/dicodusport.fr\/blog\/#organization"}},{"@type":"WebPage","@id":"https:\/\/dicodusport.fr\/blog\/ski-alpin-coupe-du-monde-2020-2021-le-calendrier-complet\/","url":"https:\/\/dicodusport.fr\/blog\/ski-alpin-coupe-du-monde-2020-2021-le-calendrier-complet\/","name":"Ski alpin - Coupe du monde 2020-2021 : le calendrier complet","isPartOf":{"@id":"https:\/\/dicodusport.fr\/blog\/#website"},"primaryImageOfPage":{"@id":"https:\/\/dicodusport.fr\/blog\/ski-alpin-coupe-du-monde-2020-2021-le-calendrier-complet\/#primaryimage"},"image":{"@id":"https:\/\/dicodusport.fr\/blog\/ski-alpin-coupe-du-monde-2020-2021-le-calendrier-complet\/#primaryimage"},"thumbnailUrl":"https:\/\/dicodusport.fr\/blog\/wp-content\/uploads\/2020\/11\/Ski-alpin-Coupe-du-monde-2020-2021-Le-calendrier-complet.png","datePublished":"2020-11-15T18:37:07+00:00","dateModified":"2021-01-11T16:49:02+00:00","description":"SKI ALPIN - Retrouvez le calendrier complet de la Coupe du monde 2020-2021 de ski alpin, femmes et hommes confondus.","inLanguage":"fr-FR","potentialAction":[{"@type":"ReadAction","target":["https:\/\/dicodusport.fr\/blog\/ski-alpin-coupe-du-monde-2020-2021-le-calendrier-complet\/"]}]},{"@type":"ImageObject","inLanguage":"fr-FR","@id":"https:\/\/dicodusport.fr\/blog\/ski-alpin-coupe-du-monde-2020-2021-le-calendrier-complet\/#primaryimage","url":"https:\/\/dicodusport.fr\/blog\/wp-content\/uploads\/2020\/11\/Ski-alpin-Coupe-du-monde-2020-2021-Le-calendrier-complet.png","contentUrl":"https:\/\/dicodusport.fr\/blog\/wp-content\/uploads\/2020\/11\/Ski-alpin-Coupe-du-monde-2020-2021-Le-calendrier-complet.png","width":800,"height":445,"caption":"Ski alpin - Coupe du monde 2020-2021 - Le calendrier complet"},{"@type":"WebSite","@id":"https:\/\/dicodusport.fr\/blog\/#website","url":"https:\/\/dicodusport.fr\/blog\/","name":"Dicodusport","description":"L&#039;encyclop\u00e9die de l&#039;actualit\u00e9 sportive","publisher":{"@id":"https:\/\/dicodusport.fr\/blog\/#organization"},"potentialAction":[{"@type":"SearchAction","target":{"@type":"EntryPoint","urlTemplate":"https:\/\/dicodusport.fr\/blog\/?s={search_term_string}"},"query-input":{"@type":"PropertyValueSpecification","valueRequired":true,"valueName":"search_term_string"}}],"inLanguage":"fr-FR"},{"@type":"NewsMediaOrganization","@id":"https:\/\/dicodusport.fr\/blog\/#organization","name":"Dicodusport","url":"https:\/\/dicodusport.fr\/blog\/","logo":{"@type":"ImageObject","inLanguage":"fr-FR","@id":"https:\/\/dicodusport.fr\/blog\/#\/schema\/logo\/image\/","url":"https:\/\/dicodusport.fr\/blog\/wp-content\/uploads\/2020\/06\/cropped-LOGO-DICODUSPORT-2020-SANS-FOND-SANS-TEXTE.png","contentUrl":"https:\/\/dicodusport.fr\/blog\/wp-content\/uploads\/2020\/06\/cropped-LOGO-DICODUSPORT-2020-SANS-FOND-SANS-TEXTE.png","width":512,"height":512,"caption":"Dicodusport"},"image":{"@id":"https:\/\/dicodusport.fr\/blog\/#\/schema\/logo\/image\/"},"sameAs":["https:\/\/www.facebook.com\/dicodusport","https:\/\/x.com\/dicodusport","https:\/\/www.instagram.com\/dicodusport\/","https:\/\/www.youtube.com\/channel\/UC7V2KZ5sd3htJivAbA4ZG3w"],"description":"Dicodusport est l'encyclop\u00e9die de l'actualit\u00e9 sportive.","email":"bonjour@dicodusport.fr","legalName":"DICODUSPORT","foundingDate":"2018-01-14","vatID":"FR71834470973","taxID":"83447097300043","numberOfEmployees":{"@type":"QuantitativeValue","minValue":"1","maxValue":"10"}},{"@type":"Person","@id":"https:\/\/dicodusport.fr\/blog\/#\/schema\/person\/cb02af4c173ce4a653b55e9baf388d4a","name":"Flo Ostermann","image":{"@type":"ImageObject","inLanguage":"fr-FR","@id":"https:\/\/dicodusport.fr\/blog\/#\/schema\/person\/image\/","url":"https:\/\/dicodusport.fr\/blog\/wp-content\/uploads\/2021\/05\/Flo-Ostermann-150x150.jpg","contentUrl":"https:\/\/dicodusport.fr\/blog\/wp-content\/uploads\/2021\/05\/Flo-Ostermann-150x150.jpg","caption":"Flo Ostermann"},"description":"Journaliste\/R\u00e9dacteur depuis septembre 2015 - Mes premiers souvenirs dans le sport ? Les envol\u00e9es du Stade Toulousain et les duels Villeneuve-Schumacher et H\u00e4kkinen-Schumacher \u00e0 la fin des ann\u00e9es 90, la Coupe du monde de football en 1998, l\u2019exploit du XV de France face aux All Blacks en 1999, mais aussi Richard C\u0153ur de Lion qui vole sur les montagnes du Tour de France. Bien parti pour devenir professeur d\u2019EPS, les \u00e9v\u00e9nements de la vie (et la flemme d\u2019animer des s\u00e9ances de 3x500 m\u00e8tres toute ma vie) m\u2019ont conduit \u00e0 revoir mes plans. Me voil\u00e0 depuis fin 2017 sur Dicodusport, m\u00e9dia gr\u00e2ce (et pour) lequel je partage ma passion : le sport dans tous ses \u00e9tats. Le tout accompagn\u00e9 par les fous furieux et folles furieuses cit\u00e9s sur cette page !","sameAs":["https:\/\/www.facebook.com\/florent.ostermann","https:\/\/x.com\/https:\/\/twitter.com\/FlOstermann","admin"],"url":"https:\/\/dicodusport.fr\/blog\/author\/flo\/"}]}},"_links":{"self":[{"href":"https:\/\/dicodusport.fr\/blog\/wp-json\/wp\/v2\/posts\/88383","targetHints":{"allow":["GET"]}}],"collection":[{"href":"https:\/\/dicodusport.fr\/blog\/wp-json\/wp\/v2\/posts"}],"about":[{"href":"https:\/\/dicodusport.fr\/blog\/wp-json\/wp\/v2\/types\/post"}],"author":[{"embeddable":true,"href":"https:\/\/dicodusport.fr\/blog\/wp-json\/wp\/v2\/users\/4"}],"replies":[{"embeddable":true,"href":"https:\/\/dicodusport.fr\/blog\/wp-json\/wp\/v2\/comments?post=88383"}],"version-history":[{"count":0,"href":"https:\/\/dicodusport.fr\/blog\/wp-json\/wp\/v2\/posts\/88383\/revisions"}],"wp:featuredmedia":[{"embeddable":true,"href":"https:\/\/dicodusport.fr\/blog\/wp-json\/wp\/v2\/media\/88386"}],"wp:attachment":[{"href":"https:\/\/dicodusport.fr\/blog\/wp-json\/wp\/v2\/media?parent=88383"}],"wp:term":[{"taxonomy":"category","embeddable":true,"href":"https:\/\/dicodusport.fr\/blog\/wp-json\/wp\/v2\/categories?post=88383"},{"taxonomy":"post_tag","embeddable":true,"href":"https:\/\/dicodusport.fr\/blog\/wp-json\/wp\/v2\/tags?post=88383"}],"curies":[{"name":"wp","href":"https:\/\/api.w.org\/{rel}","templated":true}]}}