{"id":88772,"date":"2020-11-18T14:40:11","date_gmt":"2020-11-18T13:40:11","guid":{"rendered":"https:\/\/dicodusport.fr\/blog\/?p=88772&#038;preview=true&#038;preview_id=88772"},"modified":"2020-11-18T14:46:25","modified_gmt":"2020-11-18T13:46:25","slug":"ligue-des-champions-feminine-matchs-ol-seront-diffuses-en-clair","status":"publish","type":"post","link":"https:\/\/dicodusport.fr\/blog\/ligue-des-champions-feminine-matchs-ol-seront-diffuses-en-clair\/","title":{"rendered":"Ligue des Champions f\u00e9minine : les matchs de l&rsquo;OL seront diffus\u00e9s en clair"},"content":{"rendered":"<p style=\"text-align: justify;\"><b><i>FOOTBALL &#8211; Bonne nouvelle ! Ce mardi, RMC Sport a annonc\u00e9 que les matchs europ\u00e9ens de l&rsquo;<a href=\"https:\/\/dicodusport.fr\/blog\/tag\/ol-feminin\/\" target=\"_blank\" rel=\"noopener noreferrer\">OL f\u00e9minin<\/a> seraient diffus\u00e9s sur les antennes du groupe.<\/i><\/b><\/p>\n<p style=\"text-align: justify;\">Les quintuples tenantes du titre de la <strong>Women&rsquo;s Champions League<\/strong> d\u00e9barquent sur <em>RMC<\/em>. Le groupe a en effet annonc\u00e9 ce mardi que les matchs europ\u00e9ens des Fenottes seraient diffus\u00e9s sur les cha\u00eenes <em>RMC Sport<\/em> et en clair sur <em>RMC Story<\/em>. Les Lyonnaises feront leur entr\u00e9e dans la comp\u00e9tition le 9 ou 10 d\u00e9cembre prochain, au stade des 16\u00e8mes de finale. Le club rhodanien conna\u00eetra le nom de son adversaire le 24 novembre prochain.<\/p>\n<blockquote class=\"twitter-tweet\">\n<p dir=\"ltr\" lang=\"fr\">&#x26bd; Objectif sixi\u00e8me titre cons\u00e9cutif<\/p>\n<p>&#x1f4fa; RMC Sport et RMC Story deviennent les diffuseurs officiels des matches de l\u2019\u00e9quipe f\u00e9minine de l\u2019<a href=\"https:\/\/twitter.com\/OLfeminin?ref_src=twsrc%5Etfw\">@OLfeminin<\/a> en <a href=\"https:\/\/twitter.com\/UWCL?ref_src=twsrc%5Etfw\">@UWCL<\/a> <a href=\"https:\/\/t.co\/Bmpr89hG21\">pic.twitter.com\/Bmpr89hG21<\/a><\/p>\n<p>\u2014 RMC Sport (@RMCsport) <a href=\"https:\/\/twitter.com\/RMCsport\/status\/1328763555798257669?ref_src=twsrc%5Etfw\">November 17, 2020<\/a><\/p><\/blockquote>\n<p><script async src=\"https:\/\/platform.twitter.com\/widgets.js\" charset=\"utf-8\"><\/script><\/p>\n<p><strong><em>Dicodusport<br \/>\n<a href=\"https:\/\/www.facebook.com\/dicodusport\/\" target=\"_blank\" rel=\"noopener noreferrer\"><img loading=\"lazy\" decoding=\"async\" class=\"alignnone wp-image-2909\" src=\"http:\/\/dicodusport.fr\/blog\/wp-content\/uploads\/2017\/07\/logo-facebook-150x150.png\" alt=\"\" width=\"40\" height=\"40\" \/><\/a><a href=\"https:\/\/twitter.com\/dicodusport\" target=\"_blank\" rel=\"noopener noreferrer\"><img loading=\"lazy\" decoding=\"async\" class=\"alignnone wp-image-2908\" src=\"http:\/\/dicodusport.fr\/blog\/wp-content\/uploads\/2017\/07\/logo-twitter-150x150.png\" alt=\"\" width=\"39\" height=\"39\" \/><\/a><\/em><\/strong><\/p>\n","protected":false},"excerpt":{"rendered":"<p>FOOTBALL &#8211; Bonne nouvelle ! Ce mardi, RMC Sport a annonc\u00e9 que les matchs europ\u00e9ens de l&rsquo;OL f\u00e9minin seraient diffus\u00e9s sur les antennes du groupe.<\/p>\n","protected":false},"author":4,"featured_media":76212,"comment_status":"open","ping_status":"closed","sticky":false,"template":"","format":"standard","meta":{"_acf_changed":false,"_daextam_enable_autolinks":"","footnotes":""},"categories":[2301],"tags":[75,2069,2814],"class_list":["post-88772","post","type-post","status-publish","format-standard","has-post-thumbnail","hentry","category-football","tag-football","tag-ol-feminin","tag-olympique-lyonnais-feminin"],"acf":[],"yoast_head":"<!-- This site is optimized with the Yoast SEO Premium plugin v26.7 (Yoast SEO v26.7) - https:\/\/yoast.com\/wordpress\/plugins\/seo\/ -->\n<title>Ligue des Champions f\u00e9minine : les matchs de l&#039;OL seront diffus\u00e9s en clair<\/title>\n<meta name=\"description\" content=\"FOOTBALL - Ce mardi, RMC Sport a annonc\u00e9 que les matchs europ\u00e9ens de l&#039;OL f\u00e9minin seraient diffus\u00e9s sur les antennes du groupe.\" \/>\n<meta name=\"robots\" content=\"index, follow, max-snippet:-1, max-image-preview:large, max-video-preview:-1\" \/>\n<link rel=\"canonical\" href=\"https:\/\/dicodusport.fr\/blog\/ligue-des-champions-feminine-matchs-ol-seront-diffuses-en-clair\/\" \/>\n<meta property=\"og:locale\" content=\"fr_FR\" \/>\n<meta property=\"og:type\" content=\"article\" \/>\n<meta property=\"og:title\" content=\"Ligue des Champions f\u00e9minine : les matchs de l&#039;OL seront diffus\u00e9s en clair\" \/>\n<meta property=\"og:description\" content=\"FOOTBALL - Ce mardi, RMC Sport a annonc\u00e9 que les matchs europ\u00e9ens de l&#039;OL f\u00e9minin seraient diffus\u00e9s sur les antennes du groupe.\" \/>\n<meta property=\"og:url\" content=\"https:\/\/dicodusport.fr\/blog\/ligue-des-champions-feminine-matchs-ol-seront-diffuses-en-clair\/\" \/>\n<meta property=\"og:site_name\" content=\"Dicodusport\" \/>\n<meta property=\"article:publisher\" content=\"https:\/\/www.facebook.com\/dicodusport\" \/>\n<meta property=\"article:author\" content=\"https:\/\/www.facebook.com\/florent.ostermann\" \/>\n<meta property=\"article:published_time\" content=\"2020-11-18T13:40:11+00:00\" \/>\n<meta property=\"article:modified_time\" content=\"2020-11-18T13:46:25+00:00\" \/>\n<meta property=\"og:image\" content=\"https:\/\/dicodusport.fr\/blog\/wp-content\/uploads\/2020\/08\/LOL-f\u00e9minin-domine-Wolfsburg-et-remporte-une-7\u00e8me-Ligue-des-Champions.png\" \/>\n\t<meta property=\"og:image:width\" content=\"800\" \/>\n\t<meta property=\"og:image:height\" content=\"445\" \/>\n\t<meta property=\"og:image:type\" content=\"image\/png\" \/>\n<meta name=\"author\" content=\"Flo Ostermann\" \/>\n<meta name=\"twitter:card\" content=\"summary_large_image\" \/>\n<meta name=\"twitter:title\" content=\"Ligue des Champions f\u00e9minine : les matchs de l&#039;OL seront diffus\u00e9s en clair\" \/>\n<meta name=\"twitter:creator\" content=\"@https:\/\/twitter.com\/FlOstermann\" \/>\n<meta name=\"twitter:site\" content=\"@dicodusport\" \/>\n<script type=\"application\/ld+json\" class=\"yoast-schema-graph\">{\"@context\":\"https:\/\/schema.org\",\"@graph\":[{\"@type\":\"NewsArticle\",\"@id\":\"https:\/\/dicodusport.fr\/blog\/ligue-des-champions-feminine-matchs-ol-seront-diffuses-en-clair\/#article\",\"isPartOf\":{\"@id\":\"https:\/\/dicodusport.fr\/blog\/ligue-des-champions-feminine-matchs-ol-seront-diffuses-en-clair\/\"},\"author\":{\"name\":\"Flo Ostermann\",\"@id\":\"https:\/\/dicodusport.fr\/blog\/#\/schema\/person\/cb02af4c173ce4a653b55e9baf388d4a\"},\"headline\":\"Ligue des Champions f\u00e9minine : les matchs de l&rsquo;OL seront diffus\u00e9s en clair\",\"datePublished\":\"2020-11-18T13:40:11+00:00\",\"dateModified\":\"2020-11-18T13:46:25+00:00\",\"mainEntityOfPage\":{\"@id\":\"https:\/\/dicodusport.fr\/blog\/ligue-des-champions-feminine-matchs-ol-seront-diffuses-en-clair\/\"},\"wordCount\":164,\"commentCount\":0,\"publisher\":{\"@id\":\"https:\/\/dicodusport.fr\/blog\/#organization\"},\"image\":{\"@id\":\"https:\/\/dicodusport.fr\/blog\/ligue-des-champions-feminine-matchs-ol-seront-diffuses-en-clair\/#primaryimage\"},\"thumbnailUrl\":\"https:\/\/dicodusport.fr\/blog\/wp-content\/uploads\/2020\/08\/LOL-f\u00e9minin-domine-Wolfsburg-et-remporte-une-7\u00e8me-Ligue-des-Champions.png\",\"keywords\":[\"Football\",\"OL f\u00e9minin\",\"Olympique Lyonnais f\u00e9minin\"],\"articleSection\":[\"Football\"],\"inLanguage\":\"fr-FR\",\"potentialAction\":[{\"@type\":\"CommentAction\",\"name\":\"Comment\",\"target\":[\"https:\/\/dicodusport.fr\/blog\/ligue-des-champions-feminine-matchs-ol-seront-diffuses-en-clair\/#respond\"]}],\"copyrightYear\":\"2020\",\"copyrightHolder\":{\"@id\":\"https:\/\/dicodusport.fr\/blog\/#organization\"}},{\"@type\":\"WebPage\",\"@id\":\"https:\/\/dicodusport.fr\/blog\/ligue-des-champions-feminine-matchs-ol-seront-diffuses-en-clair\/\",\"url\":\"https:\/\/dicodusport.fr\/blog\/ligue-des-champions-feminine-matchs-ol-seront-diffuses-en-clair\/\",\"name\":\"Ligue des Champions f\u00e9minine : les matchs de l'OL seront diffus\u00e9s en clair\",\"isPartOf\":{\"@id\":\"https:\/\/dicodusport.fr\/blog\/#website\"},\"primaryImageOfPage\":{\"@id\":\"https:\/\/dicodusport.fr\/blog\/ligue-des-champions-feminine-matchs-ol-seront-diffuses-en-clair\/#primaryimage\"},\"image\":{\"@id\":\"https:\/\/dicodusport.fr\/blog\/ligue-des-champions-feminine-matchs-ol-seront-diffuses-en-clair\/#primaryimage\"},\"thumbnailUrl\":\"https:\/\/dicodusport.fr\/blog\/wp-content\/uploads\/2020\/08\/LOL-f\u00e9minin-domine-Wolfsburg-et-remporte-une-7\u00e8me-Ligue-des-Champions.png\",\"datePublished\":\"2020-11-18T13:40:11+00:00\",\"dateModified\":\"2020-11-18T13:46:25+00:00\",\"description\":\"FOOTBALL - Ce mardi, RMC Sport a annonc\u00e9 que les matchs europ\u00e9ens de l'OL f\u00e9minin seraient diffus\u00e9s sur les antennes du groupe.\",\"breadcrumb\":{\"@id\":\"https:\/\/dicodusport.fr\/blog\/ligue-des-champions-feminine-matchs-ol-seront-diffuses-en-clair\/#breadcrumb\"},\"inLanguage\":\"fr-FR\",\"potentialAction\":[{\"@type\":\"ReadAction\",\"target\":[\"https:\/\/dicodusport.fr\/blog\/ligue-des-champions-feminine-matchs-ol-seront-diffuses-en-clair\/\"]}]},{\"@type\":\"ImageObject\",\"inLanguage\":\"fr-FR\",\"@id\":\"https:\/\/dicodusport.fr\/blog\/ligue-des-champions-feminine-matchs-ol-seront-diffuses-en-clair\/#primaryimage\",\"url\":\"https:\/\/dicodusport.fr\/blog\/wp-content\/uploads\/2020\/08\/LOL-f\u00e9minin-domine-Wolfsburg-et-remporte-une-7\u00e8me-Ligue-des-Champions.png\",\"contentUrl\":\"https:\/\/dicodusport.fr\/blog\/wp-content\/uploads\/2020\/08\/LOL-f\u00e9minin-domine-Wolfsburg-et-remporte-une-7\u00e8me-Ligue-des-Champions.png\",\"width\":800,\"height\":445,\"caption\":\"Ligue des Champions f\u00e9minine : les matchs de l'OL seront diffus\u00e9s en clair\"},{\"@type\":\"BreadcrumbList\",\"@id\":\"https:\/\/dicodusport.fr\/blog\/ligue-des-champions-feminine-matchs-ol-seront-diffuses-en-clair\/#breadcrumb\",\"itemListElement\":[{\"@type\":\"ListItem\",\"position\":1,\"name\":\"Accueil\",\"item\":\"https:\/\/dicodusport.fr\/blog\/\"},{\"@type\":\"ListItem\",\"position\":2,\"name\":\"Ligue des Champions f\u00e9minine : les matchs de l&rsquo;OL seront diffus\u00e9s en clair\"}]},{\"@type\":\"WebSite\",\"@id\":\"https:\/\/dicodusport.fr\/blog\/#website\",\"url\":\"https:\/\/dicodusport.fr\/blog\/\",\"name\":\"Dicodusport\",\"description\":\"L&#039;encyclop\u00e9die de l&#039;actualit\u00e9 sportive\",\"publisher\":{\"@id\":\"https:\/\/dicodusport.fr\/blog\/#organization\"},\"potentialAction\":[{\"@type\":\"SearchAction\",\"target\":{\"@type\":\"EntryPoint\",\"urlTemplate\":\"https:\/\/dicodusport.fr\/blog\/?s={search_term_string}\"},\"query-input\":{\"@type\":\"PropertyValueSpecification\",\"valueRequired\":true,\"valueName\":\"search_term_string\"}}],\"inLanguage\":\"fr-FR\"},{\"@type\":\"NewsMediaOrganization\",\"@id\":\"https:\/\/dicodusport.fr\/blog\/#organization\",\"name\":\"Dicodusport\",\"url\":\"https:\/\/dicodusport.fr\/blog\/\",\"logo\":{\"@type\":\"ImageObject\",\"inLanguage\":\"fr-FR\",\"@id\":\"https:\/\/dicodusport.fr\/blog\/#\/schema\/logo\/image\/\",\"url\":\"https:\/\/dicodusport.fr\/blog\/wp-content\/uploads\/2020\/06\/cropped-LOGO-DICODUSPORT-2020-SANS-FOND-SANS-TEXTE.png\",\"contentUrl\":\"https:\/\/dicodusport.fr\/blog\/wp-content\/uploads\/2020\/06\/cropped-LOGO-DICODUSPORT-2020-SANS-FOND-SANS-TEXTE.png\",\"width\":512,\"height\":512,\"caption\":\"Dicodusport\"},\"image\":{\"@id\":\"https:\/\/dicodusport.fr\/blog\/#\/schema\/logo\/image\/\"},\"sameAs\":[\"https:\/\/www.facebook.com\/dicodusport\",\"https:\/\/x.com\/dicodusport\",\"https:\/\/www.instagram.com\/dicodusport\/\",\"https:\/\/www.youtube.com\/channel\/UC7V2KZ5sd3htJivAbA4ZG3w\"],\"description\":\"Dicodusport est l'encyclop\u00e9die de l'actualit\u00e9 sportive.\",\"email\":\"bonjour@dicodusport.fr\",\"legalName\":\"DICODUSPORT\",\"foundingDate\":\"2018-01-14\",\"vatID\":\"FR71834470973\",\"taxID\":\"83447097300043\",\"numberOfEmployees\":{\"@type\":\"QuantitativeValue\",\"minValue\":\"1\",\"maxValue\":\"10\"}},{\"@type\":\"Person\",\"@id\":\"https:\/\/dicodusport.fr\/blog\/#\/schema\/person\/cb02af4c173ce4a653b55e9baf388d4a\",\"name\":\"Flo Ostermann\",\"image\":{\"@type\":\"ImageObject\",\"inLanguage\":\"fr-FR\",\"@id\":\"https:\/\/dicodusport.fr\/blog\/#\/schema\/person\/image\/\",\"url\":\"https:\/\/dicodusport.fr\/blog\/wp-content\/uploads\/2021\/05\/Flo-Ostermann-150x150.jpg\",\"contentUrl\":\"https:\/\/dicodusport.fr\/blog\/wp-content\/uploads\/2021\/05\/Flo-Ostermann-150x150.jpg\",\"caption\":\"Flo Ostermann\"},\"description\":\"Journaliste\/R\u00e9dacteur depuis septembre 2015 - Mes premiers souvenirs dans le sport ? Les envol\u00e9es du Stade Toulousain et les duels Villeneuve-Schumacher et H\u00e4kkinen-Schumacher \u00e0 la fin des ann\u00e9es 90, la Coupe du monde de football en 1998, l\u2019exploit du XV de France face aux All Blacks en 1999, mais aussi Richard C\u0153ur de Lion qui vole sur les montagnes du Tour de France. Bien parti pour devenir professeur d\u2019EPS, les \u00e9v\u00e9nements de la vie (et la flemme d\u2019animer des s\u00e9ances de 3x500 m\u00e8tres toute ma vie) m\u2019ont conduit \u00e0 revoir mes plans. Me voil\u00e0 depuis fin 2017 sur Dicodusport, m\u00e9dia gr\u00e2ce (et pour) lequel je partage ma passion : le sport dans tous ses \u00e9tats. Le tout accompagn\u00e9 par les fous furieux et folles furieuses cit\u00e9s sur cette page !\",\"sameAs\":[\"https:\/\/www.facebook.com\/florent.ostermann\",\"https:\/\/x.com\/https:\/\/twitter.com\/FlOstermann\",\"admin\"],\"url\":\"https:\/\/dicodusport.fr\/blog\/author\/flo\/\"}]}<\/script>\n<!-- \/ Yoast SEO Premium plugin. -->","yoast_head_json":{"title":"Ligue des Champions f\u00e9minine : les matchs de l'OL seront diffus\u00e9s en clair","description":"FOOTBALL - Ce mardi, RMC Sport a annonc\u00e9 que les matchs europ\u00e9ens de l'OL f\u00e9minin seraient diffus\u00e9s sur les antennes du groupe.","robots":{"index":"index","follow":"follow","max-snippet":"max-snippet:-1","max-image-preview":"max-image-preview:large","max-video-preview":"max-video-preview:-1"},"canonical":"https:\/\/dicodusport.fr\/blog\/ligue-des-champions-feminine-matchs-ol-seront-diffuses-en-clair\/","og_locale":"fr_FR","og_type":"article","og_title":"Ligue des Champions f\u00e9minine : les matchs de l'OL seront diffus\u00e9s en clair","og_description":"FOOTBALL - Ce mardi, RMC Sport a annonc\u00e9 que les matchs europ\u00e9ens de l'OL f\u00e9minin seraient diffus\u00e9s sur les antennes du groupe.","og_url":"https:\/\/dicodusport.fr\/blog\/ligue-des-champions-feminine-matchs-ol-seront-diffuses-en-clair\/","og_site_name":"Dicodusport","article_publisher":"https:\/\/www.facebook.com\/dicodusport","article_author":"https:\/\/www.facebook.com\/florent.ostermann","article_published_time":"2020-11-18T13:40:11+00:00","article_modified_time":"2020-11-18T13:46:25+00:00","og_image":[{"width":800,"height":445,"url":"https:\/\/dicodusport.fr\/blog\/wp-content\/uploads\/2020\/08\/LOL-f\u00e9minin-domine-Wolfsburg-et-remporte-une-7\u00e8me-Ligue-des-Champions.png","type":"image\/png"}],"author":"Flo Ostermann","twitter_card":"summary_large_image","twitter_title":"Ligue des Champions f\u00e9minine : les matchs de l'OL seront diffus\u00e9s en clair","twitter_creator":"@https:\/\/twitter.com\/FlOstermann","twitter_site":"@dicodusport","schema":{"@context":"https:\/\/schema.org","@graph":[{"@type":"NewsArticle","@id":"https:\/\/dicodusport.fr\/blog\/ligue-des-champions-feminine-matchs-ol-seront-diffuses-en-clair\/#article","isPartOf":{"@id":"https:\/\/dicodusport.fr\/blog\/ligue-des-champions-feminine-matchs-ol-seront-diffuses-en-clair\/"},"author":{"name":"Flo Ostermann","@id":"https:\/\/dicodusport.fr\/blog\/#\/schema\/person\/cb02af4c173ce4a653b55e9baf388d4a"},"headline":"Ligue des Champions f\u00e9minine : les matchs de l&rsquo;OL seront diffus\u00e9s en clair","datePublished":"2020-11-18T13:40:11+00:00","dateModified":"2020-11-18T13:46:25+00:00","mainEntityOfPage":{"@id":"https:\/\/dicodusport.fr\/blog\/ligue-des-champions-feminine-matchs-ol-seront-diffuses-en-clair\/"},"wordCount":164,"commentCount":0,"publisher":{"@id":"https:\/\/dicodusport.fr\/blog\/#organization"},"image":{"@id":"https:\/\/dicodusport.fr\/blog\/ligue-des-champions-feminine-matchs-ol-seront-diffuses-en-clair\/#primaryimage"},"thumbnailUrl":"https:\/\/dicodusport.fr\/blog\/wp-content\/uploads\/2020\/08\/LOL-f\u00e9minin-domine-Wolfsburg-et-remporte-une-7\u00e8me-Ligue-des-Champions.png","keywords":["Football","OL f\u00e9minin","Olympique Lyonnais f\u00e9minin"],"articleSection":["Football"],"inLanguage":"fr-FR","potentialAction":[{"@type":"CommentAction","name":"Comment","target":["https:\/\/dicodusport.fr\/blog\/ligue-des-champions-feminine-matchs-ol-seront-diffuses-en-clair\/#respond"]}],"copyrightYear":"2020","copyrightHolder":{"@id":"https:\/\/dicodusport.fr\/blog\/#organization"}},{"@type":"WebPage","@id":"https:\/\/dicodusport.fr\/blog\/ligue-des-champions-feminine-matchs-ol-seront-diffuses-en-clair\/","url":"https:\/\/dicodusport.fr\/blog\/ligue-des-champions-feminine-matchs-ol-seront-diffuses-en-clair\/","name":"Ligue des Champions f\u00e9minine : les matchs de l'OL seront diffus\u00e9s en clair","isPartOf":{"@id":"https:\/\/dicodusport.fr\/blog\/#website"},"primaryImageOfPage":{"@id":"https:\/\/dicodusport.fr\/blog\/ligue-des-champions-feminine-matchs-ol-seront-diffuses-en-clair\/#primaryimage"},"image":{"@id":"https:\/\/dicodusport.fr\/blog\/ligue-des-champions-feminine-matchs-ol-seront-diffuses-en-clair\/#primaryimage"},"thumbnailUrl":"https:\/\/dicodusport.fr\/blog\/wp-content\/uploads\/2020\/08\/LOL-f\u00e9minin-domine-Wolfsburg-et-remporte-une-7\u00e8me-Ligue-des-Champions.png","datePublished":"2020-11-18T13:40:11+00:00","dateModified":"2020-11-18T13:46:25+00:00","description":"FOOTBALL - Ce mardi, RMC Sport a annonc\u00e9 que les matchs europ\u00e9ens de l'OL f\u00e9minin seraient diffus\u00e9s sur les antennes du groupe.","breadcrumb":{"@id":"https:\/\/dicodusport.fr\/blog\/ligue-des-champions-feminine-matchs-ol-seront-diffuses-en-clair\/#breadcrumb"},"inLanguage":"fr-FR","potentialAction":[{"@type":"ReadAction","target":["https:\/\/dicodusport.fr\/blog\/ligue-des-champions-feminine-matchs-ol-seront-diffuses-en-clair\/"]}]},{"@type":"ImageObject","inLanguage":"fr-FR","@id":"https:\/\/dicodusport.fr\/blog\/ligue-des-champions-feminine-matchs-ol-seront-diffuses-en-clair\/#primaryimage","url":"https:\/\/dicodusport.fr\/blog\/wp-content\/uploads\/2020\/08\/LOL-f\u00e9minin-domine-Wolfsburg-et-remporte-une-7\u00e8me-Ligue-des-Champions.png","contentUrl":"https:\/\/dicodusport.fr\/blog\/wp-content\/uploads\/2020\/08\/LOL-f\u00e9minin-domine-Wolfsburg-et-remporte-une-7\u00e8me-Ligue-des-Champions.png","width":800,"height":445,"caption":"Ligue des Champions f\u00e9minine : les matchs de l'OL seront diffus\u00e9s en clair"},{"@type":"BreadcrumbList","@id":"https:\/\/dicodusport.fr\/blog\/ligue-des-champions-feminine-matchs-ol-seront-diffuses-en-clair\/#breadcrumb","itemListElement":[{"@type":"ListItem","position":1,"name":"Accueil","item":"https:\/\/dicodusport.fr\/blog\/"},{"@type":"ListItem","position":2,"name":"Ligue des Champions f\u00e9minine : les matchs de l&rsquo;OL seront diffus\u00e9s en clair"}]},{"@type":"WebSite","@id":"https:\/\/dicodusport.fr\/blog\/#website","url":"https:\/\/dicodusport.fr\/blog\/","name":"Dicodusport","description":"L&#039;encyclop\u00e9die de l&#039;actualit\u00e9 sportive","publisher":{"@id":"https:\/\/dicodusport.fr\/blog\/#organization"},"potentialAction":[{"@type":"SearchAction","target":{"@type":"EntryPoint","urlTemplate":"https:\/\/dicodusport.fr\/blog\/?s={search_term_string}"},"query-input":{"@type":"PropertyValueSpecification","valueRequired":true,"valueName":"search_term_string"}}],"inLanguage":"fr-FR"},{"@type":"NewsMediaOrganization","@id":"https:\/\/dicodusport.fr\/blog\/#organization","name":"Dicodusport","url":"https:\/\/dicodusport.fr\/blog\/","logo":{"@type":"ImageObject","inLanguage":"fr-FR","@id":"https:\/\/dicodusport.fr\/blog\/#\/schema\/logo\/image\/","url":"https:\/\/dicodusport.fr\/blog\/wp-content\/uploads\/2020\/06\/cropped-LOGO-DICODUSPORT-2020-SANS-FOND-SANS-TEXTE.png","contentUrl":"https:\/\/dicodusport.fr\/blog\/wp-content\/uploads\/2020\/06\/cropped-LOGO-DICODUSPORT-2020-SANS-FOND-SANS-TEXTE.png","width":512,"height":512,"caption":"Dicodusport"},"image":{"@id":"https:\/\/dicodusport.fr\/blog\/#\/schema\/logo\/image\/"},"sameAs":["https:\/\/www.facebook.com\/dicodusport","https:\/\/x.com\/dicodusport","https:\/\/www.instagram.com\/dicodusport\/","https:\/\/www.youtube.com\/channel\/UC7V2KZ5sd3htJivAbA4ZG3w"],"description":"Dicodusport est l'encyclop\u00e9die de l'actualit\u00e9 sportive.","email":"bonjour@dicodusport.fr","legalName":"DICODUSPORT","foundingDate":"2018-01-14","vatID":"FR71834470973","taxID":"83447097300043","numberOfEmployees":{"@type":"QuantitativeValue","minValue":"1","maxValue":"10"}},{"@type":"Person","@id":"https:\/\/dicodusport.fr\/blog\/#\/schema\/person\/cb02af4c173ce4a653b55e9baf388d4a","name":"Flo Ostermann","image":{"@type":"ImageObject","inLanguage":"fr-FR","@id":"https:\/\/dicodusport.fr\/blog\/#\/schema\/person\/image\/","url":"https:\/\/dicodusport.fr\/blog\/wp-content\/uploads\/2021\/05\/Flo-Ostermann-150x150.jpg","contentUrl":"https:\/\/dicodusport.fr\/blog\/wp-content\/uploads\/2021\/05\/Flo-Ostermann-150x150.jpg","caption":"Flo Ostermann"},"description":"Journaliste\/R\u00e9dacteur depuis septembre 2015 - Mes premiers souvenirs dans le sport ? Les envol\u00e9es du Stade Toulousain et les duels Villeneuve-Schumacher et H\u00e4kkinen-Schumacher \u00e0 la fin des ann\u00e9es 90, la Coupe du monde de football en 1998, l\u2019exploit du XV de France face aux All Blacks en 1999, mais aussi Richard C\u0153ur de Lion qui vole sur les montagnes du Tour de France. Bien parti pour devenir professeur d\u2019EPS, les \u00e9v\u00e9nements de la vie (et la flemme d\u2019animer des s\u00e9ances de 3x500 m\u00e8tres toute ma vie) m\u2019ont conduit \u00e0 revoir mes plans. Me voil\u00e0 depuis fin 2017 sur Dicodusport, m\u00e9dia gr\u00e2ce (et pour) lequel je partage ma passion : le sport dans tous ses \u00e9tats. Le tout accompagn\u00e9 par les fous furieux et folles furieuses cit\u00e9s sur cette page !","sameAs":["https:\/\/www.facebook.com\/florent.ostermann","https:\/\/x.com\/https:\/\/twitter.com\/FlOstermann","admin"],"url":"https:\/\/dicodusport.fr\/blog\/author\/flo\/"}]}},"_links":{"self":[{"href":"https:\/\/dicodusport.fr\/blog\/wp-json\/wp\/v2\/posts\/88772","targetHints":{"allow":["GET"]}}],"collection":[{"href":"https:\/\/dicodusport.fr\/blog\/wp-json\/wp\/v2\/posts"}],"about":[{"href":"https:\/\/dicodusport.fr\/blog\/wp-json\/wp\/v2\/types\/post"}],"author":[{"embeddable":true,"href":"https:\/\/dicodusport.fr\/blog\/wp-json\/wp\/v2\/users\/4"}],"replies":[{"embeddable":true,"href":"https:\/\/dicodusport.fr\/blog\/wp-json\/wp\/v2\/comments?post=88772"}],"version-history":[{"count":0,"href":"https:\/\/dicodusport.fr\/blog\/wp-json\/wp\/v2\/posts\/88772\/revisions"}],"wp:featuredmedia":[{"embeddable":true,"href":"https:\/\/dicodusport.fr\/blog\/wp-json\/wp\/v2\/media\/76212"}],"wp:attachment":[{"href":"https:\/\/dicodusport.fr\/blog\/wp-json\/wp\/v2\/media?parent=88772"}],"wp:term":[{"taxonomy":"category","embeddable":true,"href":"https:\/\/dicodusport.fr\/blog\/wp-json\/wp\/v2\/categories?post=88772"},{"taxonomy":"post_tag","embeddable":true,"href":"https:\/\/dicodusport.fr\/blog\/wp-json\/wp\/v2\/tags?post=88772"}],"curies":[{"name":"wp","href":"https:\/\/api.w.org\/{rel}","templated":true}]}}