{"id":88990,"date":"2020-11-19T11:50:38","date_gmt":"2020-11-19T10:50:38","guid":{"rendered":"https:\/\/dicodusport.fr\/blog\/?p=88990&#038;preview=true&#038;preview_id=88990"},"modified":"2020-11-19T11:50:38","modified_gmt":"2020-11-19T10:50:38","slug":"corinne-diacre-rappelle-amandine-henry-en-equipe-de-france","status":"publish","type":"post","link":"https:\/\/dicodusport.fr\/blog\/corinne-diacre-rappelle-amandine-henry-en-equipe-de-france\/","title":{"rendered":"Corinne Diacre rappelle Amandine Henry en \u00e9quipe de France"},"content":{"rendered":"<p style=\"text-align: justify;\"><strong><em>Corinne Diacre a d\u00e9voil\u00e9 sa liste pour les deux prochains matchs de l&rsquo;\u00e9quipe de France f\u00e9minine de football, face \u00e0 l&rsquo;Autriche (27 novembre) et au Kazakhstan (1er d\u00e9cembre).<\/em><\/strong><\/p>\n<p style=\"text-align: justify;\">Apr\u00e8s sa sortie m\u00e9diatique ce dimanche lors de laquelle elle n&rsquo;a pas \u00e9t\u00e9 tendre avec <strong>Corinne Diacre<\/strong>, <strong>Amandine Henry<\/strong> est-elle dans le groupe de la s\u00e9lectionneuse pour ce match d\u00e9cisif face \u00e0 l&rsquo;Autriche ? La r\u00e9ponse est oui. La capitaine de l&rsquo;\u00e9quipe de France est bien pr\u00e9sente, au m\u00eame titre qu&rsquo;<strong>Amel Majri<\/strong> ou <strong>Wendie Renard<\/strong> qui avaient aussi point\u00e9 du doigts Corine Diacre ces derniers temps. Lors de la conf\u00e9rence de presse en visio-conf\u00e9rence, Diacre a pr\u00e9venu.<\/p>\n<blockquote>\n<p style=\"text-align: justify;\">On aura le temps de r\u00e9gler les probl\u00e8mes. Notre priorit\u00e9 est d&rsquo;\u00eatre concentr\u00e9. Nous r\u00e8glerons ce que nous avons \u00e0 r\u00e9gler.<\/p>\n<\/blockquote>\n<blockquote class=\"twitter-tweet\">\n<p dir=\"ltr\" lang=\"fr\">La liste des joueuses retenues par Corinne Diacre pour les deux derniers matches de qualification \u00e0 l\u2019UEFA Euro 2022 f\u00e9minin : France-Autriche et France-Kazakhstan <a href=\"https:\/\/twitter.com\/hashtag\/FiersdetreBleues?src=hash&amp;ref_src=twsrc%5Etfw\">#FiersdetreBleues<\/a> <a href=\"https:\/\/t.co\/xxMtrlp7Na\">pic.twitter.com\/xxMtrlp7Na<\/a><\/p>\n<p>\u2014 Equipe de France &#x2b50;&#x2b50; (@equipedefrance) <a href=\"https:\/\/twitter.com\/equipedefrance\/status\/1329372636728717315?ref_src=twsrc%5Etfw\">November 19, 2020<\/a><\/p><\/blockquote>\n<p><script async src=\"https:\/\/platform.twitter.com\/widgets.js\" charset=\"utf-8\"><\/script><\/p>\n<p><strong><em>Dicodusport<br \/>\n<a href=\"https:\/\/www.facebook.com\/dicodusport\/\" target=\"_blank\" rel=\"noopener noreferrer\"><img loading=\"lazy\" decoding=\"async\" class=\"alignnone wp-image-2909\" src=\"http:\/\/dicodusport.fr\/blog\/wp-content\/uploads\/2017\/07\/logo-facebook-150x150.png\" alt=\"\" width=\"40\" height=\"40\" \/><\/a><a href=\"https:\/\/twitter.com\/dicodusport\" target=\"_blank\" rel=\"noopener noreferrer\"><img loading=\"lazy\" decoding=\"async\" class=\"alignnone wp-image-2908\" src=\"http:\/\/dicodusport.fr\/blog\/wp-content\/uploads\/2017\/07\/logo-twitter-150x150.png\" alt=\"\" width=\"39\" height=\"39\" \/><\/a><\/em><\/strong><\/p>\n","protected":false},"excerpt":{"rendered":"<p>Corinne Diacre a d\u00e9voil\u00e9 sa liste pour les deux prochains matchs de l&rsquo;\u00e9quipe de France f\u00e9minine de football, face \u00e0 l&rsquo;Autriche (27 novembre) et au Kazakhstan (1er d\u00e9cembre).<\/p>\n","protected":false},"author":1,"featured_media":88993,"comment_status":"open","ping_status":"closed","sticky":false,"template":"","format":"standard","meta":{"_acf_changed":false,"_daextam_enable_autolinks":"","footnotes":""},"categories":[2301],"tags":[3683,6653,75,30],"class_list":["post-88990","post","type-post","status-publish","format-standard","has-post-thumbnail","hentry","category-football","tag-amandine-henry","tag-equipe-de-france-feminine-de-football","tag-football","tag-france"],"acf":[],"yoast_head":"<!-- This site is optimized with the Yoast SEO Premium plugin v26.7 (Yoast SEO v26.7) - https:\/\/yoast.com\/wordpress\/plugins\/seo\/ -->\n<title>Corinne Diacre rappelle Amandine Henry en \u00e9quipe de France<\/title>\n<meta name=\"description\" content=\"Corinne Diacre a d\u00e9voil\u00e9 sa liste pour les deux prochains matchs de l&#039;\u00e9quipe de France f\u00e9minine de football, face \u00e0 l&#039;Autriche (27 novembre) et au Kazakhstan (1er d\u00e9cembre).\" \/>\n<meta name=\"robots\" content=\"index, follow, max-snippet:-1, max-image-preview:large, max-video-preview:-1\" \/>\n<link rel=\"canonical\" href=\"https:\/\/dicodusport.fr\/blog\/corinne-diacre-rappelle-amandine-henry-en-equipe-de-france\/\" \/>\n<meta property=\"og:locale\" content=\"fr_FR\" \/>\n<meta property=\"og:type\" content=\"article\" \/>\n<meta property=\"og:title\" content=\"Corinne Diacre rappelle Amandine Henry en \u00e9quipe de France\" \/>\n<meta property=\"og:description\" content=\"Corinne Diacre a d\u00e9voil\u00e9 sa liste pour les deux prochains matchs de l&#039;\u00e9quipe de France f\u00e9minine de football, face \u00e0 l&#039;Autriche (27 novembre) et au Kazakhstan (1er d\u00e9cembre).\" \/>\n<meta property=\"og:url\" content=\"https:\/\/dicodusport.fr\/blog\/corinne-diacre-rappelle-amandine-henry-en-equipe-de-france\/\" \/>\n<meta property=\"og:site_name\" content=\"Dicodusport\" \/>\n<meta property=\"article:publisher\" content=\"https:\/\/www.facebook.com\/dicodusport\" \/>\n<meta property=\"article:author\" content=\"https:\/\/www.facebook.com\/dicodusport\" \/>\n<meta property=\"article:published_time\" content=\"2020-11-19T10:50:38+00:00\" \/>\n<meta property=\"og:image\" content=\"https:\/\/dicodusport.fr\/blog\/wp-content\/uploads\/2020\/11\/Amandine-Henry.png\" \/>\n\t<meta property=\"og:image:width\" content=\"800\" \/>\n\t<meta property=\"og:image:height\" content=\"445\" \/>\n\t<meta property=\"og:image:type\" content=\"image\/png\" \/>\n<meta name=\"author\" content=\"Nicolas Jacquemard\" \/>\n<meta name=\"twitter:card\" content=\"summary_large_image\" \/>\n<meta name=\"twitter:title\" content=\"Corinne Diacre rappelle Amandine Henry en \u00e9quipe de France\" \/>\n<meta name=\"twitter:creator\" content=\"@https:\/\/twitter.com\/Nico_Jacquemard\" \/>\n<meta name=\"twitter:site\" content=\"@dicodusport\" \/>\n<script type=\"application\/ld+json\" class=\"yoast-schema-graph\">{\"@context\":\"https:\/\/schema.org\",\"@graph\":[{\"@type\":\"NewsArticle\",\"@id\":\"https:\/\/dicodusport.fr\/blog\/corinne-diacre-rappelle-amandine-henry-en-equipe-de-france\/#article\",\"isPartOf\":{\"@id\":\"https:\/\/dicodusport.fr\/blog\/corinne-diacre-rappelle-amandine-henry-en-equipe-de-france\/\"},\"author\":{\"name\":\"Nicolas Jacquemard\",\"@id\":\"https:\/\/dicodusport.fr\/blog\/#\/schema\/person\/55dcb50ad410894e431ed812bbb70191\"},\"headline\":\"Corinne Diacre rappelle Amandine Henry en \u00e9quipe de France\",\"datePublished\":\"2020-11-19T10:50:38+00:00\",\"mainEntityOfPage\":{\"@id\":\"https:\/\/dicodusport.fr\/blog\/corinne-diacre-rappelle-amandine-henry-en-equipe-de-france\/\"},\"wordCount\":193,\"commentCount\":0,\"publisher\":{\"@id\":\"https:\/\/dicodusport.fr\/blog\/#organization\"},\"image\":{\"@id\":\"https:\/\/dicodusport.fr\/blog\/corinne-diacre-rappelle-amandine-henry-en-equipe-de-france\/#primaryimage\"},\"thumbnailUrl\":\"https:\/\/dicodusport.fr\/blog\/wp-content\/uploads\/2020\/11\/Amandine-Henry.png\",\"keywords\":[\"Amandine Henry\",\"\u00c9quipe de France f\u00e9minine de football\",\"Football\",\"France\"],\"articleSection\":[\"Football\"],\"inLanguage\":\"fr-FR\",\"potentialAction\":[{\"@type\":\"CommentAction\",\"name\":\"Comment\",\"target\":[\"https:\/\/dicodusport.fr\/blog\/corinne-diacre-rappelle-amandine-henry-en-equipe-de-france\/#respond\"]}],\"copyrightYear\":\"2020\",\"copyrightHolder\":{\"@id\":\"https:\/\/dicodusport.fr\/blog\/#organization\"}},{\"@type\":\"WebPage\",\"@id\":\"https:\/\/dicodusport.fr\/blog\/corinne-diacre-rappelle-amandine-henry-en-equipe-de-france\/\",\"url\":\"https:\/\/dicodusport.fr\/blog\/corinne-diacre-rappelle-amandine-henry-en-equipe-de-france\/\",\"name\":\"Corinne Diacre rappelle Amandine Henry en \u00e9quipe de France\",\"isPartOf\":{\"@id\":\"https:\/\/dicodusport.fr\/blog\/#website\"},\"primaryImageOfPage\":{\"@id\":\"https:\/\/dicodusport.fr\/blog\/corinne-diacre-rappelle-amandine-henry-en-equipe-de-france\/#primaryimage\"},\"image\":{\"@id\":\"https:\/\/dicodusport.fr\/blog\/corinne-diacre-rappelle-amandine-henry-en-equipe-de-france\/#primaryimage\"},\"thumbnailUrl\":\"https:\/\/dicodusport.fr\/blog\/wp-content\/uploads\/2020\/11\/Amandine-Henry.png\",\"datePublished\":\"2020-11-19T10:50:38+00:00\",\"description\":\"Corinne Diacre a d\u00e9voil\u00e9 sa liste pour les deux prochains matchs de l'\u00e9quipe de France f\u00e9minine de football, face \u00e0 l'Autriche (27 novembre) et au Kazakhstan (1er d\u00e9cembre).\",\"breadcrumb\":{\"@id\":\"https:\/\/dicodusport.fr\/blog\/corinne-diacre-rappelle-amandine-henry-en-equipe-de-france\/#breadcrumb\"},\"inLanguage\":\"fr-FR\",\"potentialAction\":[{\"@type\":\"ReadAction\",\"target\":[\"https:\/\/dicodusport.fr\/blog\/corinne-diacre-rappelle-amandine-henry-en-equipe-de-france\/\"]}]},{\"@type\":\"ImageObject\",\"inLanguage\":\"fr-FR\",\"@id\":\"https:\/\/dicodusport.fr\/blog\/corinne-diacre-rappelle-amandine-henry-en-equipe-de-france\/#primaryimage\",\"url\":\"https:\/\/dicodusport.fr\/blog\/wp-content\/uploads\/2020\/11\/Amandine-Henry.png\",\"contentUrl\":\"https:\/\/dicodusport.fr\/blog\/wp-content\/uploads\/2020\/11\/Amandine-Henry.png\",\"width\":800,\"height\":445,\"caption\":\"Corinne Diacre rappelle Amandine Henry en \u00e9quipe de France\"},{\"@type\":\"BreadcrumbList\",\"@id\":\"https:\/\/dicodusport.fr\/blog\/corinne-diacre-rappelle-amandine-henry-en-equipe-de-france\/#breadcrumb\",\"itemListElement\":[{\"@type\":\"ListItem\",\"position\":1,\"name\":\"Accueil\",\"item\":\"https:\/\/dicodusport.fr\/blog\/\"},{\"@type\":\"ListItem\",\"position\":2,\"name\":\"Corinne Diacre rappelle Amandine Henry en \u00e9quipe de France\"}]},{\"@type\":\"WebSite\",\"@id\":\"https:\/\/dicodusport.fr\/blog\/#website\",\"url\":\"https:\/\/dicodusport.fr\/blog\/\",\"name\":\"Dicodusport\",\"description\":\"L&#039;encyclop\u00e9die de l&#039;actualit\u00e9 sportive\",\"publisher\":{\"@id\":\"https:\/\/dicodusport.fr\/blog\/#organization\"},\"potentialAction\":[{\"@type\":\"SearchAction\",\"target\":{\"@type\":\"EntryPoint\",\"urlTemplate\":\"https:\/\/dicodusport.fr\/blog\/?s={search_term_string}\"},\"query-input\":{\"@type\":\"PropertyValueSpecification\",\"valueRequired\":true,\"valueName\":\"search_term_string\"}}],\"inLanguage\":\"fr-FR\"},{\"@type\":\"NewsMediaOrganization\",\"@id\":\"https:\/\/dicodusport.fr\/blog\/#organization\",\"name\":\"Dicodusport\",\"url\":\"https:\/\/dicodusport.fr\/blog\/\",\"logo\":{\"@type\":\"ImageObject\",\"inLanguage\":\"fr-FR\",\"@id\":\"https:\/\/dicodusport.fr\/blog\/#\/schema\/logo\/image\/\",\"url\":\"https:\/\/dicodusport.fr\/blog\/wp-content\/uploads\/2020\/06\/cropped-LOGO-DICODUSPORT-2020-SANS-FOND-SANS-TEXTE.png\",\"contentUrl\":\"https:\/\/dicodusport.fr\/blog\/wp-content\/uploads\/2020\/06\/cropped-LOGO-DICODUSPORT-2020-SANS-FOND-SANS-TEXTE.png\",\"width\":512,\"height\":512,\"caption\":\"Dicodusport\"},\"image\":{\"@id\":\"https:\/\/dicodusport.fr\/blog\/#\/schema\/logo\/image\/\"},\"sameAs\":[\"https:\/\/www.facebook.com\/dicodusport\",\"https:\/\/x.com\/dicodusport\",\"https:\/\/www.instagram.com\/dicodusport\/\",\"https:\/\/www.youtube.com\/channel\/UC7V2KZ5sd3htJivAbA4ZG3w\"],\"description\":\"Dicodusport est l'encyclop\u00e9die de l'actualit\u00e9 sportive.\",\"email\":\"bonjour@dicodusport.fr\",\"legalName\":\"DICODUSPORT\",\"foundingDate\":\"2018-01-14\",\"vatID\":\"FR71834470973\",\"taxID\":\"83447097300043\",\"numberOfEmployees\":{\"@type\":\"QuantitativeValue\",\"minValue\":\"1\",\"maxValue\":\"10\"}},{\"@type\":\"Person\",\"@id\":\"https:\/\/dicodusport.fr\/blog\/#\/schema\/person\/55dcb50ad410894e431ed812bbb70191\",\"name\":\"Nicolas Jacquemard\",\"image\":{\"@type\":\"ImageObject\",\"inLanguage\":\"fr-FR\",\"@id\":\"https:\/\/dicodusport.fr\/blog\/#\/schema\/person\/image\/\",\"url\":\"https:\/\/dicodusport.fr\/blog\/wp-content\/uploads\/2021\/05\/Nicolas-Jacquemard-150x150.jpeg\",\"contentUrl\":\"https:\/\/dicodusport.fr\/blog\/wp-content\/uploads\/2021\/05\/Nicolas-Jacquemard-150x150.jpeg\",\"caption\":\"Nicolas Jacquemard\"},\"description\":\"Passionn\u00e9 de sport et entrepreneur depuis mes 18 ans, la cr\u00e9ation de Dicodusport m'a sembl\u00e9 \u00e9vidente pour participer \u00e0 la m\u00e9diatisation d'un plus grand nombre de sports. Le chemin est long mais avec une \u00e9quipe des plus motiv\u00e9es et les Jeux Olympiques de Paris 2024 en point de mire, nous y arriverons ! Journaliste dans le monde du sport depuis plus de 5 ans, je traite aussi bien de football, de rugby, de biathlon que de cyclisme.\",\"sameAs\":[\"https:\/\/www.facebook.com\/dicodusport\",\"https:\/\/x.com\/https:\/\/twitter.com\/Nico_Jacquemard\"],\"url\":\"https:\/\/dicodusport.fr\/blog\/author\/dicodusport\/\"}]}<\/script>\n<!-- \/ Yoast SEO Premium plugin. -->","yoast_head_json":{"title":"Corinne Diacre rappelle Amandine Henry en \u00e9quipe de France","description":"Corinne Diacre a d\u00e9voil\u00e9 sa liste pour les deux prochains matchs de l'\u00e9quipe de France f\u00e9minine de football, face \u00e0 l'Autriche (27 novembre) et au Kazakhstan (1er d\u00e9cembre).","robots":{"index":"index","follow":"follow","max-snippet":"max-snippet:-1","max-image-preview":"max-image-preview:large","max-video-preview":"max-video-preview:-1"},"canonical":"https:\/\/dicodusport.fr\/blog\/corinne-diacre-rappelle-amandine-henry-en-equipe-de-france\/","og_locale":"fr_FR","og_type":"article","og_title":"Corinne Diacre rappelle Amandine Henry en \u00e9quipe de France","og_description":"Corinne Diacre a d\u00e9voil\u00e9 sa liste pour les deux prochains matchs de l'\u00e9quipe de France f\u00e9minine de football, face \u00e0 l'Autriche (27 novembre) et au Kazakhstan (1er d\u00e9cembre).","og_url":"https:\/\/dicodusport.fr\/blog\/corinne-diacre-rappelle-amandine-henry-en-equipe-de-france\/","og_site_name":"Dicodusport","article_publisher":"https:\/\/www.facebook.com\/dicodusport","article_author":"https:\/\/www.facebook.com\/dicodusport","article_published_time":"2020-11-19T10:50:38+00:00","og_image":[{"width":800,"height":445,"url":"https:\/\/dicodusport.fr\/blog\/wp-content\/uploads\/2020\/11\/Amandine-Henry.png","type":"image\/png"}],"author":"Nicolas Jacquemard","twitter_card":"summary_large_image","twitter_title":"Corinne Diacre rappelle Amandine Henry en \u00e9quipe de France","twitter_creator":"@https:\/\/twitter.com\/Nico_Jacquemard","twitter_site":"@dicodusport","schema":{"@context":"https:\/\/schema.org","@graph":[{"@type":"NewsArticle","@id":"https:\/\/dicodusport.fr\/blog\/corinne-diacre-rappelle-amandine-henry-en-equipe-de-france\/#article","isPartOf":{"@id":"https:\/\/dicodusport.fr\/blog\/corinne-diacre-rappelle-amandine-henry-en-equipe-de-france\/"},"author":{"name":"Nicolas Jacquemard","@id":"https:\/\/dicodusport.fr\/blog\/#\/schema\/person\/55dcb50ad410894e431ed812bbb70191"},"headline":"Corinne Diacre rappelle Amandine Henry en \u00e9quipe de France","datePublished":"2020-11-19T10:50:38+00:00","mainEntityOfPage":{"@id":"https:\/\/dicodusport.fr\/blog\/corinne-diacre-rappelle-amandine-henry-en-equipe-de-france\/"},"wordCount":193,"commentCount":0,"publisher":{"@id":"https:\/\/dicodusport.fr\/blog\/#organization"},"image":{"@id":"https:\/\/dicodusport.fr\/blog\/corinne-diacre-rappelle-amandine-henry-en-equipe-de-france\/#primaryimage"},"thumbnailUrl":"https:\/\/dicodusport.fr\/blog\/wp-content\/uploads\/2020\/11\/Amandine-Henry.png","keywords":["Amandine Henry","\u00c9quipe de France f\u00e9minine de football","Football","France"],"articleSection":["Football"],"inLanguage":"fr-FR","potentialAction":[{"@type":"CommentAction","name":"Comment","target":["https:\/\/dicodusport.fr\/blog\/corinne-diacre-rappelle-amandine-henry-en-equipe-de-france\/#respond"]}],"copyrightYear":"2020","copyrightHolder":{"@id":"https:\/\/dicodusport.fr\/blog\/#organization"}},{"@type":"WebPage","@id":"https:\/\/dicodusport.fr\/blog\/corinne-diacre-rappelle-amandine-henry-en-equipe-de-france\/","url":"https:\/\/dicodusport.fr\/blog\/corinne-diacre-rappelle-amandine-henry-en-equipe-de-france\/","name":"Corinne Diacre rappelle Amandine Henry en \u00e9quipe de France","isPartOf":{"@id":"https:\/\/dicodusport.fr\/blog\/#website"},"primaryImageOfPage":{"@id":"https:\/\/dicodusport.fr\/blog\/corinne-diacre-rappelle-amandine-henry-en-equipe-de-france\/#primaryimage"},"image":{"@id":"https:\/\/dicodusport.fr\/blog\/corinne-diacre-rappelle-amandine-henry-en-equipe-de-france\/#primaryimage"},"thumbnailUrl":"https:\/\/dicodusport.fr\/blog\/wp-content\/uploads\/2020\/11\/Amandine-Henry.png","datePublished":"2020-11-19T10:50:38+00:00","description":"Corinne Diacre a d\u00e9voil\u00e9 sa liste pour les deux prochains matchs de l'\u00e9quipe de France f\u00e9minine de football, face \u00e0 l'Autriche (27 novembre) et au Kazakhstan (1er d\u00e9cembre).","breadcrumb":{"@id":"https:\/\/dicodusport.fr\/blog\/corinne-diacre-rappelle-amandine-henry-en-equipe-de-france\/#breadcrumb"},"inLanguage":"fr-FR","potentialAction":[{"@type":"ReadAction","target":["https:\/\/dicodusport.fr\/blog\/corinne-diacre-rappelle-amandine-henry-en-equipe-de-france\/"]}]},{"@type":"ImageObject","inLanguage":"fr-FR","@id":"https:\/\/dicodusport.fr\/blog\/corinne-diacre-rappelle-amandine-henry-en-equipe-de-france\/#primaryimage","url":"https:\/\/dicodusport.fr\/blog\/wp-content\/uploads\/2020\/11\/Amandine-Henry.png","contentUrl":"https:\/\/dicodusport.fr\/blog\/wp-content\/uploads\/2020\/11\/Amandine-Henry.png","width":800,"height":445,"caption":"Corinne Diacre rappelle Amandine Henry en \u00e9quipe de France"},{"@type":"BreadcrumbList","@id":"https:\/\/dicodusport.fr\/blog\/corinne-diacre-rappelle-amandine-henry-en-equipe-de-france\/#breadcrumb","itemListElement":[{"@type":"ListItem","position":1,"name":"Accueil","item":"https:\/\/dicodusport.fr\/blog\/"},{"@type":"ListItem","position":2,"name":"Corinne Diacre rappelle Amandine Henry en \u00e9quipe de France"}]},{"@type":"WebSite","@id":"https:\/\/dicodusport.fr\/blog\/#website","url":"https:\/\/dicodusport.fr\/blog\/","name":"Dicodusport","description":"L&#039;encyclop\u00e9die de l&#039;actualit\u00e9 sportive","publisher":{"@id":"https:\/\/dicodusport.fr\/blog\/#organization"},"potentialAction":[{"@type":"SearchAction","target":{"@type":"EntryPoint","urlTemplate":"https:\/\/dicodusport.fr\/blog\/?s={search_term_string}"},"query-input":{"@type":"PropertyValueSpecification","valueRequired":true,"valueName":"search_term_string"}}],"inLanguage":"fr-FR"},{"@type":"NewsMediaOrganization","@id":"https:\/\/dicodusport.fr\/blog\/#organization","name":"Dicodusport","url":"https:\/\/dicodusport.fr\/blog\/","logo":{"@type":"ImageObject","inLanguage":"fr-FR","@id":"https:\/\/dicodusport.fr\/blog\/#\/schema\/logo\/image\/","url":"https:\/\/dicodusport.fr\/blog\/wp-content\/uploads\/2020\/06\/cropped-LOGO-DICODUSPORT-2020-SANS-FOND-SANS-TEXTE.png","contentUrl":"https:\/\/dicodusport.fr\/blog\/wp-content\/uploads\/2020\/06\/cropped-LOGO-DICODUSPORT-2020-SANS-FOND-SANS-TEXTE.png","width":512,"height":512,"caption":"Dicodusport"},"image":{"@id":"https:\/\/dicodusport.fr\/blog\/#\/schema\/logo\/image\/"},"sameAs":["https:\/\/www.facebook.com\/dicodusport","https:\/\/x.com\/dicodusport","https:\/\/www.instagram.com\/dicodusport\/","https:\/\/www.youtube.com\/channel\/UC7V2KZ5sd3htJivAbA4ZG3w"],"description":"Dicodusport est l'encyclop\u00e9die de l'actualit\u00e9 sportive.","email":"bonjour@dicodusport.fr","legalName":"DICODUSPORT","foundingDate":"2018-01-14","vatID":"FR71834470973","taxID":"83447097300043","numberOfEmployees":{"@type":"QuantitativeValue","minValue":"1","maxValue":"10"}},{"@type":"Person","@id":"https:\/\/dicodusport.fr\/blog\/#\/schema\/person\/55dcb50ad410894e431ed812bbb70191","name":"Nicolas Jacquemard","image":{"@type":"ImageObject","inLanguage":"fr-FR","@id":"https:\/\/dicodusport.fr\/blog\/#\/schema\/person\/image\/","url":"https:\/\/dicodusport.fr\/blog\/wp-content\/uploads\/2021\/05\/Nicolas-Jacquemard-150x150.jpeg","contentUrl":"https:\/\/dicodusport.fr\/blog\/wp-content\/uploads\/2021\/05\/Nicolas-Jacquemard-150x150.jpeg","caption":"Nicolas Jacquemard"},"description":"Passionn\u00e9 de sport et entrepreneur depuis mes 18 ans, la cr\u00e9ation de Dicodusport m'a sembl\u00e9 \u00e9vidente pour participer \u00e0 la m\u00e9diatisation d'un plus grand nombre de sports. Le chemin est long mais avec une \u00e9quipe des plus motiv\u00e9es et les Jeux Olympiques de Paris 2024 en point de mire, nous y arriverons ! Journaliste dans le monde du sport depuis plus de 5 ans, je traite aussi bien de football, de rugby, de biathlon que de cyclisme.","sameAs":["https:\/\/www.facebook.com\/dicodusport","https:\/\/x.com\/https:\/\/twitter.com\/Nico_Jacquemard"],"url":"https:\/\/dicodusport.fr\/blog\/author\/dicodusport\/"}]}},"_links":{"self":[{"href":"https:\/\/dicodusport.fr\/blog\/wp-json\/wp\/v2\/posts\/88990","targetHints":{"allow":["GET"]}}],"collection":[{"href":"https:\/\/dicodusport.fr\/blog\/wp-json\/wp\/v2\/posts"}],"about":[{"href":"https:\/\/dicodusport.fr\/blog\/wp-json\/wp\/v2\/types\/post"}],"author":[{"embeddable":true,"href":"https:\/\/dicodusport.fr\/blog\/wp-json\/wp\/v2\/users\/1"}],"replies":[{"embeddable":true,"href":"https:\/\/dicodusport.fr\/blog\/wp-json\/wp\/v2\/comments?post=88990"}],"version-history":[{"count":0,"href":"https:\/\/dicodusport.fr\/blog\/wp-json\/wp\/v2\/posts\/88990\/revisions"}],"wp:featuredmedia":[{"embeddable":true,"href":"https:\/\/dicodusport.fr\/blog\/wp-json\/wp\/v2\/media\/88993"}],"wp:attachment":[{"href":"https:\/\/dicodusport.fr\/blog\/wp-json\/wp\/v2\/media?parent=88990"}],"wp:term":[{"taxonomy":"category","embeddable":true,"href":"https:\/\/dicodusport.fr\/blog\/wp-json\/wp\/v2\/categories?post=88990"},{"taxonomy":"post_tag","embeddable":true,"href":"https:\/\/dicodusport.fr\/blog\/wp-json\/wp\/v2\/tags?post=88990"}],"curies":[{"name":"wp","href":"https:\/\/api.w.org\/{rel}","templated":true}]}}