{"id":89130,"date":"2020-11-20T10:15:49","date_gmt":"2020-11-20T09:15:49","guid":{"rendered":"https:\/\/dicodusport.fr\/blog\/?p=89130&#038;preview=true&#038;preview_id=89130"},"modified":"2020-11-20T10:15:49","modified_gmt":"2020-11-20T09:15:49","slug":"biathlon-tiril-eckhoff-forfait-pour-la-reprise-de-la-coupe-du-monde","status":"publish","type":"post","link":"https:\/\/dicodusport.fr\/blog\/biathlon-tiril-eckhoff-forfait-pour-la-reprise-de-la-coupe-du-monde\/","title":{"rendered":"Biathlon : Tiril Eckhoff forfait pour la reprise de la Coupe du monde ?"},"content":{"rendered":"<p style=\"text-align: justify;\"><em><b>BIATHLON &#8211; Tiril Eckhoff, l&rsquo;une des grandes favorites pour la <a href=\"https:\/\/dicodusport.fr\/blog\/biathlon-coupe-du-monde-2020-2021-calendrier-complet\/\" target=\"_blank\" rel=\"noopener noreferrer\">Coupe du monde 2020-2021<\/a>, est incertaine pour la reprise de la comp\u00e9tition en Finlande la semaine prochaine.\u00a0<\/b><\/em><\/p>\n<p style=\"text-align: justify;\">La num\u00e9ro 1 norv\u00e9gienne, <strong>Tiril Eckhoff<\/strong>, souffre de probl\u00e8mes respiratoires qui sont apparus en d\u00e9but de semaine lors d&rsquo;une course d&rsquo;entra\u00eenement avec la s\u00e9lection norv\u00e9gienne, \u00e0 Sjusjoen. Dans des propos repris par <a href=\"https:\/\/biathlonlive.com\/coupe-du-monde\/tiril-eckhoff-absente-pour-le-debut-de-saison\/\" target=\"_blank\" rel=\"noopener noreferrer\"><em>Biathlon Live<\/em><\/a>, <strong>Tiril Eckhoff<\/strong> s&rsquo;explique.<\/p>\n<blockquote>\n<p style=\"text-align: justify;\">Les conditions ici sont vraiment difficiles pour les poumons. Ingrid Tandrevold m\u2019a dit que je respirais comme une fl\u00fbte de pan. C\u2019est compliqu\u00e9 de courir dans cet air si humide.<\/p>\n<\/blockquote>\n<p style=\"text-align: justify;\">Cependant, ses entra\u00eeneurs ne pensent pas que cela ait un lien avec la pand\u00e9mie mondiale actuelle. Mais la deuxi\u00e8me de la derni\u00e8re Coupe du monde va passer des examens pour essayer de comprendre ce qui lui arrive. Si tout est bon, elle devrait bien \u00eatre au d\u00e9part de l&rsquo;individuelle de Kontiolahti.<\/p>\n<blockquote class=\"twitter-tweet\">\n<p dir=\"ltr\" lang=\"fr\">Tiril Eckhoff absente pour le d\u00e9but de saison ? &#x1f1f3;&#x1f1f4;<\/p>\n<p>\u00c0 quelques jours de l\u2019ouverture de l\u2019hiver, Tiril Eckhoff est en pleine incertitude. La Norv\u00e9gienne souffre de probl\u00e8mes respiratoires. <a href=\"https:\/\/t.co\/kjDfgHCJi6\">https:\/\/t.co\/kjDfgHCJi6<\/a><\/p>\n<p>\u2014 Biathlon Live (@BiathlonLivefr) <a href=\"https:\/\/twitter.com\/BiathlonLivefr\/status\/1329407734404538369?ref_src=twsrc%5Etfw\">November 19, 2020<\/a><\/p><\/blockquote>\n<p style=\"text-align: justify;\"><script async src=\"https:\/\/platform.twitter.com\/widgets.js\" charset=\"utf-8\"><\/script><\/p>\n<p style=\"text-align: justify;\"><strong><em>Dicodusport<br \/>\n<a href=\"https:\/\/www.facebook.com\/dicodusport\/\" target=\"_blank\" rel=\"noopener noreferrer\"><img loading=\"lazy\" decoding=\"async\" class=\"alignnone wp-image-2909\" src=\"http:\/\/dicodusport.fr\/blog\/wp-content\/uploads\/2017\/07\/logo-facebook-150x150.png\" alt=\"\" width=\"40\" height=\"40\" \/><\/a><a href=\"https:\/\/twitter.com\/dicodusport\" target=\"_blank\" rel=\"noopener noreferrer\"><img loading=\"lazy\" decoding=\"async\" class=\"alignnone wp-image-2908\" src=\"http:\/\/dicodusport.fr\/blog\/wp-content\/uploads\/2017\/07\/logo-twitter-150x150.png\" alt=\"\" width=\"39\" height=\"39\" \/><\/a><\/em><\/strong><\/p>\n","protected":false},"excerpt":{"rendered":"<p>BIATHLON &#8211; Tiril Eckhoff, l&rsquo;une des grandes favorites pour la Coupe du monde 2020-2021, est incertaine pour la reprise de la comp\u00e9tition en Finlande la semaine prochaine.\u00a0<\/p>\n","protected":false},"author":1,"featured_media":62572,"comment_status":"open","ping_status":"closed","sticky":false,"template":"","format":"standard","meta":{"_acf_changed":false,"_daextam_enable_autolinks":"","footnotes":""},"categories":[2426],"tags":[2427,1345,7214],"class_list":["post-89130","post","type-post","status-publish","format-standard","has-post-thumbnail","hentry","category-biathlon","tag-biathlon","tag-norvege","tag-tiril-eckhoff"],"acf":[],"yoast_head":"<!-- This site is optimized with the Yoast SEO Premium plugin v26.7 (Yoast SEO v26.7) - https:\/\/yoast.com\/wordpress\/plugins\/seo\/ -->\n<title>Biathlon : Tiril Eckhoff forfait pour la reprise de la Coupe du monde ?<\/title>\n<meta name=\"description\" content=\"BIATHLON - Tiril Eckhoff est incertaine pour la reprise de la comp\u00e9tition en Finlande la semaine prochaine.\u00a0\" \/>\n<meta name=\"robots\" content=\"index, follow, max-snippet:-1, max-image-preview:large, max-video-preview:-1\" \/>\n<link rel=\"canonical\" href=\"https:\/\/dicodusport.fr\/blog\/biathlon-tiril-eckhoff-forfait-pour-la-reprise-de-la-coupe-du-monde\/\" \/>\n<meta property=\"og:locale\" content=\"fr_FR\" \/>\n<meta property=\"og:type\" content=\"article\" \/>\n<meta property=\"og:title\" content=\"Biathlon : Tiril Eckhoff forfait pour la reprise de la Coupe du monde ?\" \/>\n<meta property=\"og:description\" content=\"BIATHLON - Tiril Eckhoff est incertaine pour la reprise de la comp\u00e9tition en Finlande la semaine prochaine.\u00a0\" \/>\n<meta property=\"og:url\" content=\"https:\/\/dicodusport.fr\/blog\/biathlon-tiril-eckhoff-forfait-pour-la-reprise-de-la-coupe-du-monde\/\" \/>\n<meta property=\"og:site_name\" content=\"Dicodusport\" \/>\n<meta property=\"article:publisher\" content=\"https:\/\/www.facebook.com\/dicodusport\" \/>\n<meta property=\"article:author\" content=\"https:\/\/www.facebook.com\/dicodusport\" \/>\n<meta property=\"article:published_time\" content=\"2020-11-20T09:15:49+00:00\" \/>\n<meta property=\"og:image\" content=\"https:\/\/dicodusport.fr\/blog\/wp-content\/uploads\/2020\/03\/Nove-Mesto-Tiril-Eckhoff-r\u00e9alise-un-r\u00e9cital-sur-la-mass-start-Braisaz-quatri\u00e8me.png\" \/>\n\t<meta property=\"og:image:width\" content=\"800\" \/>\n\t<meta property=\"og:image:height\" content=\"445\" \/>\n\t<meta property=\"og:image:type\" content=\"image\/png\" \/>\n<meta name=\"author\" content=\"Nicolas Jacquemard\" \/>\n<meta name=\"twitter:card\" content=\"summary_large_image\" \/>\n<meta name=\"twitter:title\" content=\"Biathlon : Tiril Eckhoff forfait pour la reprise de la Coupe du monde ?\" \/>\n<meta name=\"twitter:creator\" content=\"@https:\/\/twitter.com\/Nico_Jacquemard\" \/>\n<meta name=\"twitter:site\" content=\"@dicodusport\" \/>\n<script type=\"application\/ld+json\" class=\"yoast-schema-graph\">{\"@context\":\"https:\/\/schema.org\",\"@graph\":[{\"@type\":\"NewsArticle\",\"@id\":\"https:\/\/dicodusport.fr\/blog\/biathlon-tiril-eckhoff-forfait-pour-la-reprise-de-la-coupe-du-monde\/#article\",\"isPartOf\":{\"@id\":\"https:\/\/dicodusport.fr\/blog\/biathlon-tiril-eckhoff-forfait-pour-la-reprise-de-la-coupe-du-monde\/\"},\"author\":{\"name\":\"Nicolas Jacquemard\",\"@id\":\"https:\/\/dicodusport.fr\/blog\/#\/schema\/person\/55dcb50ad410894e431ed812bbb70191\"},\"headline\":\"Biathlon : Tiril Eckhoff forfait pour la reprise de la Coupe du monde ?\",\"datePublished\":\"2020-11-20T09:15:49+00:00\",\"mainEntityOfPage\":{\"@id\":\"https:\/\/dicodusport.fr\/blog\/biathlon-tiril-eckhoff-forfait-pour-la-reprise-de-la-coupe-du-monde\/\"},\"wordCount\":222,\"commentCount\":0,\"publisher\":{\"@id\":\"https:\/\/dicodusport.fr\/blog\/#organization\"},\"image\":{\"@id\":\"https:\/\/dicodusport.fr\/blog\/biathlon-tiril-eckhoff-forfait-pour-la-reprise-de-la-coupe-du-monde\/#primaryimage\"},\"thumbnailUrl\":\"https:\/\/dicodusport.fr\/blog\/wp-content\/uploads\/2020\/03\/Nove-Mesto-Tiril-Eckhoff-r\u00e9alise-un-r\u00e9cital-sur-la-mass-start-Braisaz-quatri\u00e8me.png\",\"keywords\":[\"Biathlon\",\"Norv\u00e8ge\",\"Tiril Eckhoff\"],\"articleSection\":[\"Biathlon\"],\"inLanguage\":\"fr-FR\",\"potentialAction\":[{\"@type\":\"CommentAction\",\"name\":\"Comment\",\"target\":[\"https:\/\/dicodusport.fr\/blog\/biathlon-tiril-eckhoff-forfait-pour-la-reprise-de-la-coupe-du-monde\/#respond\"]}],\"copyrightYear\":\"2020\",\"copyrightHolder\":{\"@id\":\"https:\/\/dicodusport.fr\/blog\/#organization\"}},{\"@type\":\"WebPage\",\"@id\":\"https:\/\/dicodusport.fr\/blog\/biathlon-tiril-eckhoff-forfait-pour-la-reprise-de-la-coupe-du-monde\/\",\"url\":\"https:\/\/dicodusport.fr\/blog\/biathlon-tiril-eckhoff-forfait-pour-la-reprise-de-la-coupe-du-monde\/\",\"name\":\"Biathlon : Tiril Eckhoff forfait pour la reprise de la Coupe du monde ?\",\"isPartOf\":{\"@id\":\"https:\/\/dicodusport.fr\/blog\/#website\"},\"primaryImageOfPage\":{\"@id\":\"https:\/\/dicodusport.fr\/blog\/biathlon-tiril-eckhoff-forfait-pour-la-reprise-de-la-coupe-du-monde\/#primaryimage\"},\"image\":{\"@id\":\"https:\/\/dicodusport.fr\/blog\/biathlon-tiril-eckhoff-forfait-pour-la-reprise-de-la-coupe-du-monde\/#primaryimage\"},\"thumbnailUrl\":\"https:\/\/dicodusport.fr\/blog\/wp-content\/uploads\/2020\/03\/Nove-Mesto-Tiril-Eckhoff-r\u00e9alise-un-r\u00e9cital-sur-la-mass-start-Braisaz-quatri\u00e8me.png\",\"datePublished\":\"2020-11-20T09:15:49+00:00\",\"description\":\"BIATHLON - Tiril Eckhoff est incertaine pour la reprise de la comp\u00e9tition en Finlande la semaine prochaine.\u00a0\",\"breadcrumb\":{\"@id\":\"https:\/\/dicodusport.fr\/blog\/biathlon-tiril-eckhoff-forfait-pour-la-reprise-de-la-coupe-du-monde\/#breadcrumb\"},\"inLanguage\":\"fr-FR\",\"potentialAction\":[{\"@type\":\"ReadAction\",\"target\":[\"https:\/\/dicodusport.fr\/blog\/biathlon-tiril-eckhoff-forfait-pour-la-reprise-de-la-coupe-du-monde\/\"]}]},{\"@type\":\"ImageObject\",\"inLanguage\":\"fr-FR\",\"@id\":\"https:\/\/dicodusport.fr\/blog\/biathlon-tiril-eckhoff-forfait-pour-la-reprise-de-la-coupe-du-monde\/#primaryimage\",\"url\":\"https:\/\/dicodusport.fr\/blog\/wp-content\/uploads\/2020\/03\/Nove-Mesto-Tiril-Eckhoff-r\u00e9alise-un-r\u00e9cital-sur-la-mass-start-Braisaz-quatri\u00e8me.png\",\"contentUrl\":\"https:\/\/dicodusport.fr\/blog\/wp-content\/uploads\/2020\/03\/Nove-Mesto-Tiril-Eckhoff-r\u00e9alise-un-r\u00e9cital-sur-la-mass-start-Braisaz-quatri\u00e8me.png\",\"width\":800,\"height\":445,\"caption\":\"Biathlon : Tiril Eckhoff forfait pour la reprise de la Coupe du monde ?\"},{\"@type\":\"BreadcrumbList\",\"@id\":\"https:\/\/dicodusport.fr\/blog\/biathlon-tiril-eckhoff-forfait-pour-la-reprise-de-la-coupe-du-monde\/#breadcrumb\",\"itemListElement\":[{\"@type\":\"ListItem\",\"position\":1,\"name\":\"Accueil\",\"item\":\"https:\/\/dicodusport.fr\/blog\/\"},{\"@type\":\"ListItem\",\"position\":2,\"name\":\"Biathlon : Tiril Eckhoff forfait pour la reprise de la Coupe du monde ?\"}]},{\"@type\":\"WebSite\",\"@id\":\"https:\/\/dicodusport.fr\/blog\/#website\",\"url\":\"https:\/\/dicodusport.fr\/blog\/\",\"name\":\"Dicodusport\",\"description\":\"L&#039;encyclop\u00e9die de l&#039;actualit\u00e9 sportive\",\"publisher\":{\"@id\":\"https:\/\/dicodusport.fr\/blog\/#organization\"},\"potentialAction\":[{\"@type\":\"SearchAction\",\"target\":{\"@type\":\"EntryPoint\",\"urlTemplate\":\"https:\/\/dicodusport.fr\/blog\/?s={search_term_string}\"},\"query-input\":{\"@type\":\"PropertyValueSpecification\",\"valueRequired\":true,\"valueName\":\"search_term_string\"}}],\"inLanguage\":\"fr-FR\"},{\"@type\":\"NewsMediaOrganization\",\"@id\":\"https:\/\/dicodusport.fr\/blog\/#organization\",\"name\":\"Dicodusport\",\"url\":\"https:\/\/dicodusport.fr\/blog\/\",\"logo\":{\"@type\":\"ImageObject\",\"inLanguage\":\"fr-FR\",\"@id\":\"https:\/\/dicodusport.fr\/blog\/#\/schema\/logo\/image\/\",\"url\":\"https:\/\/dicodusport.fr\/blog\/wp-content\/uploads\/2020\/06\/cropped-LOGO-DICODUSPORT-2020-SANS-FOND-SANS-TEXTE.png\",\"contentUrl\":\"https:\/\/dicodusport.fr\/blog\/wp-content\/uploads\/2020\/06\/cropped-LOGO-DICODUSPORT-2020-SANS-FOND-SANS-TEXTE.png\",\"width\":512,\"height\":512,\"caption\":\"Dicodusport\"},\"image\":{\"@id\":\"https:\/\/dicodusport.fr\/blog\/#\/schema\/logo\/image\/\"},\"sameAs\":[\"https:\/\/www.facebook.com\/dicodusport\",\"https:\/\/x.com\/dicodusport\",\"https:\/\/www.instagram.com\/dicodusport\/\",\"https:\/\/www.youtube.com\/channel\/UC7V2KZ5sd3htJivAbA4ZG3w\"],\"description\":\"Dicodusport est l'encyclop\u00e9die de l'actualit\u00e9 sportive.\",\"email\":\"bonjour@dicodusport.fr\",\"legalName\":\"DICODUSPORT\",\"foundingDate\":\"2018-01-14\",\"vatID\":\"FR71834470973\",\"taxID\":\"83447097300043\",\"numberOfEmployees\":{\"@type\":\"QuantitativeValue\",\"minValue\":\"1\",\"maxValue\":\"10\"}},{\"@type\":\"Person\",\"@id\":\"https:\/\/dicodusport.fr\/blog\/#\/schema\/person\/55dcb50ad410894e431ed812bbb70191\",\"name\":\"Nicolas Jacquemard\",\"image\":{\"@type\":\"ImageObject\",\"inLanguage\":\"fr-FR\",\"@id\":\"https:\/\/dicodusport.fr\/blog\/#\/schema\/person\/image\/\",\"url\":\"https:\/\/dicodusport.fr\/blog\/wp-content\/uploads\/2021\/05\/Nicolas-Jacquemard-150x150.jpeg\",\"contentUrl\":\"https:\/\/dicodusport.fr\/blog\/wp-content\/uploads\/2021\/05\/Nicolas-Jacquemard-150x150.jpeg\",\"caption\":\"Nicolas Jacquemard\"},\"description\":\"Passionn\u00e9 de sport et entrepreneur depuis mes 18 ans, la cr\u00e9ation de Dicodusport m'a sembl\u00e9 \u00e9vidente pour participer \u00e0 la m\u00e9diatisation d'un plus grand nombre de sports. Le chemin est long mais avec une \u00e9quipe des plus motiv\u00e9es et les Jeux Olympiques de Paris 2024 en point de mire, nous y arriverons ! Journaliste dans le monde du sport depuis plus de 5 ans, je traite aussi bien de football, de rugby, de biathlon que de cyclisme.\",\"sameAs\":[\"https:\/\/www.facebook.com\/dicodusport\",\"https:\/\/x.com\/https:\/\/twitter.com\/Nico_Jacquemard\"],\"url\":\"https:\/\/dicodusport.fr\/blog\/author\/dicodusport\/\"}]}<\/script>\n<!-- \/ Yoast SEO Premium plugin. -->","yoast_head_json":{"title":"Biathlon : Tiril Eckhoff forfait pour la reprise de la Coupe du monde ?","description":"BIATHLON - Tiril Eckhoff est incertaine pour la reprise de la comp\u00e9tition en Finlande la semaine prochaine.\u00a0","robots":{"index":"index","follow":"follow","max-snippet":"max-snippet:-1","max-image-preview":"max-image-preview:large","max-video-preview":"max-video-preview:-1"},"canonical":"https:\/\/dicodusport.fr\/blog\/biathlon-tiril-eckhoff-forfait-pour-la-reprise-de-la-coupe-du-monde\/","og_locale":"fr_FR","og_type":"article","og_title":"Biathlon : Tiril Eckhoff forfait pour la reprise de la Coupe du monde ?","og_description":"BIATHLON - Tiril Eckhoff est incertaine pour la reprise de la comp\u00e9tition en Finlande la semaine prochaine.\u00a0","og_url":"https:\/\/dicodusport.fr\/blog\/biathlon-tiril-eckhoff-forfait-pour-la-reprise-de-la-coupe-du-monde\/","og_site_name":"Dicodusport","article_publisher":"https:\/\/www.facebook.com\/dicodusport","article_author":"https:\/\/www.facebook.com\/dicodusport","article_published_time":"2020-11-20T09:15:49+00:00","og_image":[{"width":800,"height":445,"url":"https:\/\/dicodusport.fr\/blog\/wp-content\/uploads\/2020\/03\/Nove-Mesto-Tiril-Eckhoff-r\u00e9alise-un-r\u00e9cital-sur-la-mass-start-Braisaz-quatri\u00e8me.png","type":"image\/png"}],"author":"Nicolas Jacquemard","twitter_card":"summary_large_image","twitter_title":"Biathlon : Tiril Eckhoff forfait pour la reprise de la Coupe du monde ?","twitter_creator":"@https:\/\/twitter.com\/Nico_Jacquemard","twitter_site":"@dicodusport","schema":{"@context":"https:\/\/schema.org","@graph":[{"@type":"NewsArticle","@id":"https:\/\/dicodusport.fr\/blog\/biathlon-tiril-eckhoff-forfait-pour-la-reprise-de-la-coupe-du-monde\/#article","isPartOf":{"@id":"https:\/\/dicodusport.fr\/blog\/biathlon-tiril-eckhoff-forfait-pour-la-reprise-de-la-coupe-du-monde\/"},"author":{"name":"Nicolas Jacquemard","@id":"https:\/\/dicodusport.fr\/blog\/#\/schema\/person\/55dcb50ad410894e431ed812bbb70191"},"headline":"Biathlon : Tiril Eckhoff forfait pour la reprise de la Coupe du monde ?","datePublished":"2020-11-20T09:15:49+00:00","mainEntityOfPage":{"@id":"https:\/\/dicodusport.fr\/blog\/biathlon-tiril-eckhoff-forfait-pour-la-reprise-de-la-coupe-du-monde\/"},"wordCount":222,"commentCount":0,"publisher":{"@id":"https:\/\/dicodusport.fr\/blog\/#organization"},"image":{"@id":"https:\/\/dicodusport.fr\/blog\/biathlon-tiril-eckhoff-forfait-pour-la-reprise-de-la-coupe-du-monde\/#primaryimage"},"thumbnailUrl":"https:\/\/dicodusport.fr\/blog\/wp-content\/uploads\/2020\/03\/Nove-Mesto-Tiril-Eckhoff-r\u00e9alise-un-r\u00e9cital-sur-la-mass-start-Braisaz-quatri\u00e8me.png","keywords":["Biathlon","Norv\u00e8ge","Tiril Eckhoff"],"articleSection":["Biathlon"],"inLanguage":"fr-FR","potentialAction":[{"@type":"CommentAction","name":"Comment","target":["https:\/\/dicodusport.fr\/blog\/biathlon-tiril-eckhoff-forfait-pour-la-reprise-de-la-coupe-du-monde\/#respond"]}],"copyrightYear":"2020","copyrightHolder":{"@id":"https:\/\/dicodusport.fr\/blog\/#organization"}},{"@type":"WebPage","@id":"https:\/\/dicodusport.fr\/blog\/biathlon-tiril-eckhoff-forfait-pour-la-reprise-de-la-coupe-du-monde\/","url":"https:\/\/dicodusport.fr\/blog\/biathlon-tiril-eckhoff-forfait-pour-la-reprise-de-la-coupe-du-monde\/","name":"Biathlon : Tiril Eckhoff forfait pour la reprise de la Coupe du monde ?","isPartOf":{"@id":"https:\/\/dicodusport.fr\/blog\/#website"},"primaryImageOfPage":{"@id":"https:\/\/dicodusport.fr\/blog\/biathlon-tiril-eckhoff-forfait-pour-la-reprise-de-la-coupe-du-monde\/#primaryimage"},"image":{"@id":"https:\/\/dicodusport.fr\/blog\/biathlon-tiril-eckhoff-forfait-pour-la-reprise-de-la-coupe-du-monde\/#primaryimage"},"thumbnailUrl":"https:\/\/dicodusport.fr\/blog\/wp-content\/uploads\/2020\/03\/Nove-Mesto-Tiril-Eckhoff-r\u00e9alise-un-r\u00e9cital-sur-la-mass-start-Braisaz-quatri\u00e8me.png","datePublished":"2020-11-20T09:15:49+00:00","description":"BIATHLON - Tiril Eckhoff est incertaine pour la reprise de la comp\u00e9tition en Finlande la semaine prochaine.\u00a0","breadcrumb":{"@id":"https:\/\/dicodusport.fr\/blog\/biathlon-tiril-eckhoff-forfait-pour-la-reprise-de-la-coupe-du-monde\/#breadcrumb"},"inLanguage":"fr-FR","potentialAction":[{"@type":"ReadAction","target":["https:\/\/dicodusport.fr\/blog\/biathlon-tiril-eckhoff-forfait-pour-la-reprise-de-la-coupe-du-monde\/"]}]},{"@type":"ImageObject","inLanguage":"fr-FR","@id":"https:\/\/dicodusport.fr\/blog\/biathlon-tiril-eckhoff-forfait-pour-la-reprise-de-la-coupe-du-monde\/#primaryimage","url":"https:\/\/dicodusport.fr\/blog\/wp-content\/uploads\/2020\/03\/Nove-Mesto-Tiril-Eckhoff-r\u00e9alise-un-r\u00e9cital-sur-la-mass-start-Braisaz-quatri\u00e8me.png","contentUrl":"https:\/\/dicodusport.fr\/blog\/wp-content\/uploads\/2020\/03\/Nove-Mesto-Tiril-Eckhoff-r\u00e9alise-un-r\u00e9cital-sur-la-mass-start-Braisaz-quatri\u00e8me.png","width":800,"height":445,"caption":"Biathlon : Tiril Eckhoff forfait pour la reprise de la Coupe du monde ?"},{"@type":"BreadcrumbList","@id":"https:\/\/dicodusport.fr\/blog\/biathlon-tiril-eckhoff-forfait-pour-la-reprise-de-la-coupe-du-monde\/#breadcrumb","itemListElement":[{"@type":"ListItem","position":1,"name":"Accueil","item":"https:\/\/dicodusport.fr\/blog\/"},{"@type":"ListItem","position":2,"name":"Biathlon : Tiril Eckhoff forfait pour la reprise de la Coupe du monde ?"}]},{"@type":"WebSite","@id":"https:\/\/dicodusport.fr\/blog\/#website","url":"https:\/\/dicodusport.fr\/blog\/","name":"Dicodusport","description":"L&#039;encyclop\u00e9die de l&#039;actualit\u00e9 sportive","publisher":{"@id":"https:\/\/dicodusport.fr\/blog\/#organization"},"potentialAction":[{"@type":"SearchAction","target":{"@type":"EntryPoint","urlTemplate":"https:\/\/dicodusport.fr\/blog\/?s={search_term_string}"},"query-input":{"@type":"PropertyValueSpecification","valueRequired":true,"valueName":"search_term_string"}}],"inLanguage":"fr-FR"},{"@type":"NewsMediaOrganization","@id":"https:\/\/dicodusport.fr\/blog\/#organization","name":"Dicodusport","url":"https:\/\/dicodusport.fr\/blog\/","logo":{"@type":"ImageObject","inLanguage":"fr-FR","@id":"https:\/\/dicodusport.fr\/blog\/#\/schema\/logo\/image\/","url":"https:\/\/dicodusport.fr\/blog\/wp-content\/uploads\/2020\/06\/cropped-LOGO-DICODUSPORT-2020-SANS-FOND-SANS-TEXTE.png","contentUrl":"https:\/\/dicodusport.fr\/blog\/wp-content\/uploads\/2020\/06\/cropped-LOGO-DICODUSPORT-2020-SANS-FOND-SANS-TEXTE.png","width":512,"height":512,"caption":"Dicodusport"},"image":{"@id":"https:\/\/dicodusport.fr\/blog\/#\/schema\/logo\/image\/"},"sameAs":["https:\/\/www.facebook.com\/dicodusport","https:\/\/x.com\/dicodusport","https:\/\/www.instagram.com\/dicodusport\/","https:\/\/www.youtube.com\/channel\/UC7V2KZ5sd3htJivAbA4ZG3w"],"description":"Dicodusport est l'encyclop\u00e9die de l'actualit\u00e9 sportive.","email":"bonjour@dicodusport.fr","legalName":"DICODUSPORT","foundingDate":"2018-01-14","vatID":"FR71834470973","taxID":"83447097300043","numberOfEmployees":{"@type":"QuantitativeValue","minValue":"1","maxValue":"10"}},{"@type":"Person","@id":"https:\/\/dicodusport.fr\/blog\/#\/schema\/person\/55dcb50ad410894e431ed812bbb70191","name":"Nicolas Jacquemard","image":{"@type":"ImageObject","inLanguage":"fr-FR","@id":"https:\/\/dicodusport.fr\/blog\/#\/schema\/person\/image\/","url":"https:\/\/dicodusport.fr\/blog\/wp-content\/uploads\/2021\/05\/Nicolas-Jacquemard-150x150.jpeg","contentUrl":"https:\/\/dicodusport.fr\/blog\/wp-content\/uploads\/2021\/05\/Nicolas-Jacquemard-150x150.jpeg","caption":"Nicolas Jacquemard"},"description":"Passionn\u00e9 de sport et entrepreneur depuis mes 18 ans, la cr\u00e9ation de Dicodusport m'a sembl\u00e9 \u00e9vidente pour participer \u00e0 la m\u00e9diatisation d'un plus grand nombre de sports. Le chemin est long mais avec une \u00e9quipe des plus motiv\u00e9es et les Jeux Olympiques de Paris 2024 en point de mire, nous y arriverons ! Journaliste dans le monde du sport depuis plus de 5 ans, je traite aussi bien de football, de rugby, de biathlon que de cyclisme.","sameAs":["https:\/\/www.facebook.com\/dicodusport","https:\/\/x.com\/https:\/\/twitter.com\/Nico_Jacquemard"],"url":"https:\/\/dicodusport.fr\/blog\/author\/dicodusport\/"}]}},"_links":{"self":[{"href":"https:\/\/dicodusport.fr\/blog\/wp-json\/wp\/v2\/posts\/89130","targetHints":{"allow":["GET"]}}],"collection":[{"href":"https:\/\/dicodusport.fr\/blog\/wp-json\/wp\/v2\/posts"}],"about":[{"href":"https:\/\/dicodusport.fr\/blog\/wp-json\/wp\/v2\/types\/post"}],"author":[{"embeddable":true,"href":"https:\/\/dicodusport.fr\/blog\/wp-json\/wp\/v2\/users\/1"}],"replies":[{"embeddable":true,"href":"https:\/\/dicodusport.fr\/blog\/wp-json\/wp\/v2\/comments?post=89130"}],"version-history":[{"count":0,"href":"https:\/\/dicodusport.fr\/blog\/wp-json\/wp\/v2\/posts\/89130\/revisions"}],"wp:featuredmedia":[{"embeddable":true,"href":"https:\/\/dicodusport.fr\/blog\/wp-json\/wp\/v2\/media\/62572"}],"wp:attachment":[{"href":"https:\/\/dicodusport.fr\/blog\/wp-json\/wp\/v2\/media?parent=89130"}],"wp:term":[{"taxonomy":"category","embeddable":true,"href":"https:\/\/dicodusport.fr\/blog\/wp-json\/wp\/v2\/categories?post=89130"},{"taxonomy":"post_tag","embeddable":true,"href":"https:\/\/dicodusport.fr\/blog\/wp-json\/wp\/v2\/tags?post=89130"}],"curies":[{"name":"wp","href":"https:\/\/api.w.org\/{rel}","templated":true}]}}