{"id":89144,"date":"2020-11-20T12:36:09","date_gmt":"2020-11-20T11:36:09","guid":{"rendered":"https:\/\/dicodusport.fr\/blog\/?p=89144&#038;preview=true&#038;preview_id=89144"},"modified":"2021-10-18T16:40:10","modified_gmt":"2021-10-18T14:40:10","slug":"xv-de-france-composition-des-bleus-pour-affronter-ecosse","status":"publish","type":"post","link":"https:\/\/dicodusport.fr\/blog\/xv-de-france-composition-des-bleus-pour-affronter-ecosse\/","title":{"rendered":"XV de France : la composition des Bleus pour affronter l&rsquo;\u00c9cosse"},"content":{"rendered":"<p style=\"text-align: justify;\"><strong><em><a href=\"https:\/\/dicodusport.fr\/blog\/autumn-nations-cup-2020-calendrier-resultats-classement\/2\/#pouleb\" target=\"_blank\" rel=\"noopener noreferrer\">AUTUMN NATIONS CUP 2020<\/a> &#8211; Ce vendredi midi, Fabien Galthi\u00e9 et son staff ont d\u00e9voil\u00e9 la composition des Bleus pour affronter l&rsquo;\u00c9cosse ce dimanche, \u00e0 Murrayfield (16h15).<\/em><\/strong><\/p>\n<h2 style=\"text-align: justify;\">La composition du XV de France pour affronter l&rsquo;\u00c9cosse<\/h2>\n<p style=\"text-align: justify;\">15. Thomas Ramos &#8211; 14. Teddy Thomas, 13. Virimi Vakatawa, 12. Ga\u00ebl Fickou, 11. Vincent Rattez &#8211; 10. Matthieu Jalibert, 9. Antoine Dupont &#8211; 7. Charles Ollivon (cap), 8. Gr\u00e9gory Alldritt, 6. Dylan Cretin &#8211; 5. Romain Taofifenua, 4. Bernard Le Roux &#8211; 3. Demba Bamba, 2. Camille Chat, 1. Jean-Baptiste Gros<\/p>\n<p style=\"text-align: justify;\"><strong>Rempla\u00e7ants :<\/strong> 16. Julien Marchand, 17. Cyril Baille, 18. Mohamed Haouas, 19. Paul Willemse, 20. Cameron Woki, 21. Baptiste Couilloud, 22. Louis Carbonel, 23. Arthur Vincent.<\/p>\n<blockquote class=\"twitter-tweet\">\n<p dir=\"ltr\" lang=\"fr\">Notre \u0301 !<\/p>\n<p>Voici la composition du <a href=\"https:\/\/twitter.com\/hashtag\/XVdeFrance?src=hash&amp;ref_src=twsrc%5Etfw\">#XVdeFrance<\/a> pour la rencontre contre l\u2019\u00c9cosse dimanche \u00e0 Murrayfield !<\/p>\n<p>Allez les Bleus ! <a href=\"https:\/\/twitter.com\/hashtag\/NeFaisonsXV?src=hash&amp;ref_src=twsrc%5Etfw\">#NeFaisonsXV<\/a> <a href=\"https:\/\/t.co\/vyazMpu2Op\">pic.twitter.com\/vyazMpu2Op<\/a><\/p>\n<p>\u2014 France Rugby (@FranceRugby) <a href=\"https:\/\/twitter.com\/FranceRugby\/status\/1329750206712307712?ref_src=twsrc%5Etfw\">November 20, 2020<\/a><\/p><\/blockquote>\n<p><script async src=\"https:\/\/platform.twitter.com\/widgets.js\" charset=\"utf-8\"><\/script><\/p>\n<p><strong><em>Dicodusport<br \/>\n<a href=\"https:\/\/www.facebook.com\/dicodusport\/\" target=\"_blank\" rel=\"noopener noreferrer\"><img loading=\"lazy\" decoding=\"async\" class=\"alignnone wp-image-2909\" src=\"http:\/\/dicodusport.fr\/blog\/wp-content\/uploads\/2017\/07\/logo-facebook-150x150.png\" alt=\"\" width=\"40\" height=\"40\" \/><\/a><a href=\"https:\/\/twitter.com\/dicodusport\" target=\"_blank\" rel=\"noopener noreferrer\"><img loading=\"lazy\" decoding=\"async\" class=\"alignnone wp-image-2908\" src=\"http:\/\/dicodusport.fr\/blog\/wp-content\/uploads\/2017\/07\/logo-twitter-150x150.png\" alt=\"\" width=\"39\" height=\"39\" \/><\/a><\/em><\/strong><\/p>\n","protected":false},"excerpt":{"rendered":"<p>AUTUMN NATIONS CUP 2020 &#8211; Ce vendredi midi, Fabien Galthi\u00e9 et son staff ont d\u00e9voil\u00e9 la composition des Bleus pour affronter l&rsquo;\u00c9cosse ce dimanche, \u00e0 Murrayfield (16h).<\/p>\n","protected":false},"author":4,"featured_media":89146,"comment_status":"open","ping_status":"closed","sticky":false,"template":"","format":"standard","meta":{"_acf_changed":false,"_daextam_enable_autolinks":"","footnotes":""},"categories":[9129,19951],"tags":[11639,1332,24,1638],"class_list":["post-89144","post","type-post","status-publish","format-standard","has-post-thumbnail","hentry","category-rugby-a-xv","category-xv-de-france","tag-autumn-nations-cup","tag-ecosse","tag-sport","tag-xv-de-france"],"acf":[],"yoast_head":"<!-- This site is optimized with the Yoast SEO Premium plugin v26.7 (Yoast SEO v26.7) - https:\/\/yoast.com\/wordpress\/plugins\/seo\/ -->\n<title>XV de France : la composition des Bleus pour affronter l&#039;\u00c9cosse<\/title>\n<meta name=\"description\" content=\"AUTUMN NATIONS CUP 2020 - Fabien Galthi\u00e9 et son staff ont d\u00e9voil\u00e9 la composition des Bleus pour affronter l&#039;\u00c9cosse ce dimanche (16h).\" \/>\n<meta name=\"robots\" content=\"index, follow, max-snippet:-1, max-image-preview:large, max-video-preview:-1\" \/>\n<link rel=\"canonical\" href=\"https:\/\/dicodusport.fr\/blog\/xv-de-france-composition-des-bleus-pour-affronter-ecosse\/\" \/>\n<meta property=\"og:locale\" content=\"fr_FR\" \/>\n<meta property=\"og:type\" content=\"article\" \/>\n<meta property=\"og:title\" content=\"XV de France : la composition des Bleus pour affronter l&#039;\u00c9cosse\" \/>\n<meta property=\"og:description\" content=\"AUTUMN NATIONS CUP 2020 - Fabien Galthi\u00e9 et son staff ont d\u00e9voil\u00e9 la composition des Bleus pour affronter l&#039;\u00c9cosse ce dimanche (16h).\" \/>\n<meta property=\"og:url\" content=\"https:\/\/dicodusport.fr\/blog\/xv-de-france-composition-des-bleus-pour-affronter-ecosse\/\" \/>\n<meta property=\"og:site_name\" content=\"Dicodusport\" \/>\n<meta property=\"article:publisher\" content=\"https:\/\/www.facebook.com\/dicodusport\" \/>\n<meta property=\"article:author\" content=\"https:\/\/www.facebook.com\/florent.ostermann\" \/>\n<meta property=\"article:published_time\" content=\"2020-11-20T11:36:09+00:00\" \/>\n<meta property=\"article:modified_time\" content=\"2021-10-18T14:40:10+00:00\" \/>\n<meta property=\"og:image\" content=\"https:\/\/dicodusport.fr\/blog\/wp-content\/uploads\/2020\/11\/XV-de-France-La-composition-des-Bleus-pour-affronter-l\u00c9cosse.png\" \/>\n\t<meta property=\"og:image:width\" content=\"800\" \/>\n\t<meta property=\"og:image:height\" content=\"445\" \/>\n\t<meta property=\"og:image:type\" content=\"image\/png\" \/>\n<meta name=\"author\" content=\"Flo Ostermann\" \/>\n<meta name=\"twitter:card\" content=\"summary_large_image\" \/>\n<meta name=\"twitter:title\" content=\"XV de France : la composition des Bleus pour affronter l&#039;\u00c9cosse\" \/>\n<meta name=\"twitter:creator\" content=\"@https:\/\/twitter.com\/FlOstermann\" \/>\n<meta name=\"twitter:site\" content=\"@dicodusport\" \/>\n<script type=\"application\/ld+json\" class=\"yoast-schema-graph\">{\"@context\":\"https:\/\/schema.org\",\"@graph\":[{\"@type\":\"NewsArticle\",\"@id\":\"https:\/\/dicodusport.fr\/blog\/xv-de-france-composition-des-bleus-pour-affronter-ecosse\/#article\",\"isPartOf\":{\"@id\":\"https:\/\/dicodusport.fr\/blog\/xv-de-france-composition-des-bleus-pour-affronter-ecosse\/\"},\"author\":{\"name\":\"Flo Ostermann\",\"@id\":\"https:\/\/dicodusport.fr\/blog\/#\/schema\/person\/cb02af4c173ce4a653b55e9baf388d4a\"},\"headline\":\"XV de France : la composition des Bleus pour affronter l&rsquo;\u00c9cosse\",\"datePublished\":\"2020-11-20T11:36:09+00:00\",\"dateModified\":\"2021-10-18T14:40:10+00:00\",\"mainEntityOfPage\":{\"@id\":\"https:\/\/dicodusport.fr\/blog\/xv-de-france-composition-des-bleus-pour-affronter-ecosse\/\"},\"wordCount\":133,\"commentCount\":0,\"publisher\":{\"@id\":\"https:\/\/dicodusport.fr\/blog\/#organization\"},\"image\":{\"@id\":\"https:\/\/dicodusport.fr\/blog\/xv-de-france-composition-des-bleus-pour-affronter-ecosse\/#primaryimage\"},\"thumbnailUrl\":\"https:\/\/dicodusport.fr\/blog\/wp-content\/uploads\/2020\/11\/XV-de-France-La-composition-des-Bleus-pour-affronter-l\u00c9cosse.png\",\"keywords\":[\"Autumn Nations Cup\",\"Ecosse\",\"sport\",\"XV de France\"],\"articleSection\":[\"Rugby \u00e0 XV\",\"XV de France\"],\"inLanguage\":\"fr-FR\",\"potentialAction\":[{\"@type\":\"CommentAction\",\"name\":\"Comment\",\"target\":[\"https:\/\/dicodusport.fr\/blog\/xv-de-france-composition-des-bleus-pour-affronter-ecosse\/#respond\"]}],\"copyrightYear\":\"2020\",\"copyrightHolder\":{\"@id\":\"https:\/\/dicodusport.fr\/blog\/#organization\"}},{\"@type\":\"WebPage\",\"@id\":\"https:\/\/dicodusport.fr\/blog\/xv-de-france-composition-des-bleus-pour-affronter-ecosse\/\",\"url\":\"https:\/\/dicodusport.fr\/blog\/xv-de-france-composition-des-bleus-pour-affronter-ecosse\/\",\"name\":\"XV de France : la composition des Bleus pour affronter l'\u00c9cosse\",\"isPartOf\":{\"@id\":\"https:\/\/dicodusport.fr\/blog\/#website\"},\"primaryImageOfPage\":{\"@id\":\"https:\/\/dicodusport.fr\/blog\/xv-de-france-composition-des-bleus-pour-affronter-ecosse\/#primaryimage\"},\"image\":{\"@id\":\"https:\/\/dicodusport.fr\/blog\/xv-de-france-composition-des-bleus-pour-affronter-ecosse\/#primaryimage\"},\"thumbnailUrl\":\"https:\/\/dicodusport.fr\/blog\/wp-content\/uploads\/2020\/11\/XV-de-France-La-composition-des-Bleus-pour-affronter-l\u00c9cosse.png\",\"datePublished\":\"2020-11-20T11:36:09+00:00\",\"dateModified\":\"2021-10-18T14:40:10+00:00\",\"description\":\"AUTUMN NATIONS CUP 2020 - Fabien Galthi\u00e9 et son staff ont d\u00e9voil\u00e9 la composition des Bleus pour affronter l'\u00c9cosse ce dimanche (16h).\",\"breadcrumb\":{\"@id\":\"https:\/\/dicodusport.fr\/blog\/xv-de-france-composition-des-bleus-pour-affronter-ecosse\/#breadcrumb\"},\"inLanguage\":\"fr-FR\",\"potentialAction\":[{\"@type\":\"ReadAction\",\"target\":[\"https:\/\/dicodusport.fr\/blog\/xv-de-france-composition-des-bleus-pour-affronter-ecosse\/\"]}]},{\"@type\":\"ImageObject\",\"inLanguage\":\"fr-FR\",\"@id\":\"https:\/\/dicodusport.fr\/blog\/xv-de-france-composition-des-bleus-pour-affronter-ecosse\/#primaryimage\",\"url\":\"https:\/\/dicodusport.fr\/blog\/wp-content\/uploads\/2020\/11\/XV-de-France-La-composition-des-Bleus-pour-affronter-l\u00c9cosse.png\",\"contentUrl\":\"https:\/\/dicodusport.fr\/blog\/wp-content\/uploads\/2020\/11\/XV-de-France-La-composition-des-Bleus-pour-affronter-l\u00c9cosse.png\",\"width\":800,\"height\":445,\"caption\":\"XV de France : la composition des Bleus pour affronter l'\u00c9cosse\"},{\"@type\":\"BreadcrumbList\",\"@id\":\"https:\/\/dicodusport.fr\/blog\/xv-de-france-composition-des-bleus-pour-affronter-ecosse\/#breadcrumb\",\"itemListElement\":[{\"@type\":\"ListItem\",\"position\":1,\"name\":\"Accueil\",\"item\":\"https:\/\/dicodusport.fr\/blog\/\"},{\"@type\":\"ListItem\",\"position\":2,\"name\":\"XV de France : la composition des Bleus pour affronter l&rsquo;\u00c9cosse\"}]},{\"@type\":\"WebSite\",\"@id\":\"https:\/\/dicodusport.fr\/blog\/#website\",\"url\":\"https:\/\/dicodusport.fr\/blog\/\",\"name\":\"Dicodusport\",\"description\":\"L&#039;encyclop\u00e9die de l&#039;actualit\u00e9 sportive\",\"publisher\":{\"@id\":\"https:\/\/dicodusport.fr\/blog\/#organization\"},\"potentialAction\":[{\"@type\":\"SearchAction\",\"target\":{\"@type\":\"EntryPoint\",\"urlTemplate\":\"https:\/\/dicodusport.fr\/blog\/?s={search_term_string}\"},\"query-input\":{\"@type\":\"PropertyValueSpecification\",\"valueRequired\":true,\"valueName\":\"search_term_string\"}}],\"inLanguage\":\"fr-FR\"},{\"@type\":\"NewsMediaOrganization\",\"@id\":\"https:\/\/dicodusport.fr\/blog\/#organization\",\"name\":\"Dicodusport\",\"url\":\"https:\/\/dicodusport.fr\/blog\/\",\"logo\":{\"@type\":\"ImageObject\",\"inLanguage\":\"fr-FR\",\"@id\":\"https:\/\/dicodusport.fr\/blog\/#\/schema\/logo\/image\/\",\"url\":\"https:\/\/dicodusport.fr\/blog\/wp-content\/uploads\/2020\/06\/cropped-LOGO-DICODUSPORT-2020-SANS-FOND-SANS-TEXTE.png\",\"contentUrl\":\"https:\/\/dicodusport.fr\/blog\/wp-content\/uploads\/2020\/06\/cropped-LOGO-DICODUSPORT-2020-SANS-FOND-SANS-TEXTE.png\",\"width\":512,\"height\":512,\"caption\":\"Dicodusport\"},\"image\":{\"@id\":\"https:\/\/dicodusport.fr\/blog\/#\/schema\/logo\/image\/\"},\"sameAs\":[\"https:\/\/www.facebook.com\/dicodusport\",\"https:\/\/x.com\/dicodusport\",\"https:\/\/www.instagram.com\/dicodusport\/\",\"https:\/\/www.youtube.com\/channel\/UC7V2KZ5sd3htJivAbA4ZG3w\"],\"description\":\"Dicodusport est l'encyclop\u00e9die de l'actualit\u00e9 sportive.\",\"email\":\"bonjour@dicodusport.fr\",\"legalName\":\"DICODUSPORT\",\"foundingDate\":\"2018-01-14\",\"vatID\":\"FR71834470973\",\"taxID\":\"83447097300043\",\"numberOfEmployees\":{\"@type\":\"QuantitativeValue\",\"minValue\":\"1\",\"maxValue\":\"10\"}},{\"@type\":\"Person\",\"@id\":\"https:\/\/dicodusport.fr\/blog\/#\/schema\/person\/cb02af4c173ce4a653b55e9baf388d4a\",\"name\":\"Flo Ostermann\",\"image\":{\"@type\":\"ImageObject\",\"inLanguage\":\"fr-FR\",\"@id\":\"https:\/\/dicodusport.fr\/blog\/#\/schema\/person\/image\/\",\"url\":\"https:\/\/dicodusport.fr\/blog\/wp-content\/uploads\/2021\/05\/Flo-Ostermann-150x150.jpg\",\"contentUrl\":\"https:\/\/dicodusport.fr\/blog\/wp-content\/uploads\/2021\/05\/Flo-Ostermann-150x150.jpg\",\"caption\":\"Flo Ostermann\"},\"description\":\"Journaliste\/R\u00e9dacteur depuis septembre 2015 - Mes premiers souvenirs dans le sport ? Les envol\u00e9es du Stade Toulousain et les duels Villeneuve-Schumacher et H\u00e4kkinen-Schumacher \u00e0 la fin des ann\u00e9es 90, la Coupe du monde de football en 1998, l\u2019exploit du XV de France face aux All Blacks en 1999, mais aussi Richard C\u0153ur de Lion qui vole sur les montagnes du Tour de France. Bien parti pour devenir professeur d\u2019EPS, les \u00e9v\u00e9nements de la vie (et la flemme d\u2019animer des s\u00e9ances de 3x500 m\u00e8tres toute ma vie) m\u2019ont conduit \u00e0 revoir mes plans. Me voil\u00e0 depuis fin 2017 sur Dicodusport, m\u00e9dia gr\u00e2ce (et pour) lequel je partage ma passion : le sport dans tous ses \u00e9tats. Le tout accompagn\u00e9 par les fous furieux et folles furieuses cit\u00e9s sur cette page !\",\"sameAs\":[\"https:\/\/www.facebook.com\/florent.ostermann\",\"https:\/\/x.com\/https:\/\/twitter.com\/FlOstermann\",\"admin\"],\"url\":\"https:\/\/dicodusport.fr\/blog\/author\/flo\/\"}]}<\/script>\n<!-- \/ Yoast SEO Premium plugin. -->","yoast_head_json":{"title":"XV de France : la composition des Bleus pour affronter l'\u00c9cosse","description":"AUTUMN NATIONS CUP 2020 - Fabien Galthi\u00e9 et son staff ont d\u00e9voil\u00e9 la composition des Bleus pour affronter l'\u00c9cosse ce dimanche (16h).","robots":{"index":"index","follow":"follow","max-snippet":"max-snippet:-1","max-image-preview":"max-image-preview:large","max-video-preview":"max-video-preview:-1"},"canonical":"https:\/\/dicodusport.fr\/blog\/xv-de-france-composition-des-bleus-pour-affronter-ecosse\/","og_locale":"fr_FR","og_type":"article","og_title":"XV de France : la composition des Bleus pour affronter l'\u00c9cosse","og_description":"AUTUMN NATIONS CUP 2020 - Fabien Galthi\u00e9 et son staff ont d\u00e9voil\u00e9 la composition des Bleus pour affronter l'\u00c9cosse ce dimanche (16h).","og_url":"https:\/\/dicodusport.fr\/blog\/xv-de-france-composition-des-bleus-pour-affronter-ecosse\/","og_site_name":"Dicodusport","article_publisher":"https:\/\/www.facebook.com\/dicodusport","article_author":"https:\/\/www.facebook.com\/florent.ostermann","article_published_time":"2020-11-20T11:36:09+00:00","article_modified_time":"2021-10-18T14:40:10+00:00","og_image":[{"width":800,"height":445,"url":"https:\/\/dicodusport.fr\/blog\/wp-content\/uploads\/2020\/11\/XV-de-France-La-composition-des-Bleus-pour-affronter-l\u00c9cosse.png","type":"image\/png"}],"author":"Flo Ostermann","twitter_card":"summary_large_image","twitter_title":"XV de France : la composition des Bleus pour affronter l'\u00c9cosse","twitter_creator":"@https:\/\/twitter.com\/FlOstermann","twitter_site":"@dicodusport","schema":{"@context":"https:\/\/schema.org","@graph":[{"@type":"NewsArticle","@id":"https:\/\/dicodusport.fr\/blog\/xv-de-france-composition-des-bleus-pour-affronter-ecosse\/#article","isPartOf":{"@id":"https:\/\/dicodusport.fr\/blog\/xv-de-france-composition-des-bleus-pour-affronter-ecosse\/"},"author":{"name":"Flo Ostermann","@id":"https:\/\/dicodusport.fr\/blog\/#\/schema\/person\/cb02af4c173ce4a653b55e9baf388d4a"},"headline":"XV de France : la composition des Bleus pour affronter l&rsquo;\u00c9cosse","datePublished":"2020-11-20T11:36:09+00:00","dateModified":"2021-10-18T14:40:10+00:00","mainEntityOfPage":{"@id":"https:\/\/dicodusport.fr\/blog\/xv-de-france-composition-des-bleus-pour-affronter-ecosse\/"},"wordCount":133,"commentCount":0,"publisher":{"@id":"https:\/\/dicodusport.fr\/blog\/#organization"},"image":{"@id":"https:\/\/dicodusport.fr\/blog\/xv-de-france-composition-des-bleus-pour-affronter-ecosse\/#primaryimage"},"thumbnailUrl":"https:\/\/dicodusport.fr\/blog\/wp-content\/uploads\/2020\/11\/XV-de-France-La-composition-des-Bleus-pour-affronter-l\u00c9cosse.png","keywords":["Autumn Nations Cup","Ecosse","sport","XV de France"],"articleSection":["Rugby \u00e0 XV","XV de France"],"inLanguage":"fr-FR","potentialAction":[{"@type":"CommentAction","name":"Comment","target":["https:\/\/dicodusport.fr\/blog\/xv-de-france-composition-des-bleus-pour-affronter-ecosse\/#respond"]}],"copyrightYear":"2020","copyrightHolder":{"@id":"https:\/\/dicodusport.fr\/blog\/#organization"}},{"@type":"WebPage","@id":"https:\/\/dicodusport.fr\/blog\/xv-de-france-composition-des-bleus-pour-affronter-ecosse\/","url":"https:\/\/dicodusport.fr\/blog\/xv-de-france-composition-des-bleus-pour-affronter-ecosse\/","name":"XV de France : la composition des Bleus pour affronter l'\u00c9cosse","isPartOf":{"@id":"https:\/\/dicodusport.fr\/blog\/#website"},"primaryImageOfPage":{"@id":"https:\/\/dicodusport.fr\/blog\/xv-de-france-composition-des-bleus-pour-affronter-ecosse\/#primaryimage"},"image":{"@id":"https:\/\/dicodusport.fr\/blog\/xv-de-france-composition-des-bleus-pour-affronter-ecosse\/#primaryimage"},"thumbnailUrl":"https:\/\/dicodusport.fr\/blog\/wp-content\/uploads\/2020\/11\/XV-de-France-La-composition-des-Bleus-pour-affronter-l\u00c9cosse.png","datePublished":"2020-11-20T11:36:09+00:00","dateModified":"2021-10-18T14:40:10+00:00","description":"AUTUMN NATIONS CUP 2020 - Fabien Galthi\u00e9 et son staff ont d\u00e9voil\u00e9 la composition des Bleus pour affronter l'\u00c9cosse ce dimanche (16h).","breadcrumb":{"@id":"https:\/\/dicodusport.fr\/blog\/xv-de-france-composition-des-bleus-pour-affronter-ecosse\/#breadcrumb"},"inLanguage":"fr-FR","potentialAction":[{"@type":"ReadAction","target":["https:\/\/dicodusport.fr\/blog\/xv-de-france-composition-des-bleus-pour-affronter-ecosse\/"]}]},{"@type":"ImageObject","inLanguage":"fr-FR","@id":"https:\/\/dicodusport.fr\/blog\/xv-de-france-composition-des-bleus-pour-affronter-ecosse\/#primaryimage","url":"https:\/\/dicodusport.fr\/blog\/wp-content\/uploads\/2020\/11\/XV-de-France-La-composition-des-Bleus-pour-affronter-l\u00c9cosse.png","contentUrl":"https:\/\/dicodusport.fr\/blog\/wp-content\/uploads\/2020\/11\/XV-de-France-La-composition-des-Bleus-pour-affronter-l\u00c9cosse.png","width":800,"height":445,"caption":"XV de France : la composition des Bleus pour affronter l'\u00c9cosse"},{"@type":"BreadcrumbList","@id":"https:\/\/dicodusport.fr\/blog\/xv-de-france-composition-des-bleus-pour-affronter-ecosse\/#breadcrumb","itemListElement":[{"@type":"ListItem","position":1,"name":"Accueil","item":"https:\/\/dicodusport.fr\/blog\/"},{"@type":"ListItem","position":2,"name":"XV de France : la composition des Bleus pour affronter l&rsquo;\u00c9cosse"}]},{"@type":"WebSite","@id":"https:\/\/dicodusport.fr\/blog\/#website","url":"https:\/\/dicodusport.fr\/blog\/","name":"Dicodusport","description":"L&#039;encyclop\u00e9die de l&#039;actualit\u00e9 sportive","publisher":{"@id":"https:\/\/dicodusport.fr\/blog\/#organization"},"potentialAction":[{"@type":"SearchAction","target":{"@type":"EntryPoint","urlTemplate":"https:\/\/dicodusport.fr\/blog\/?s={search_term_string}"},"query-input":{"@type":"PropertyValueSpecification","valueRequired":true,"valueName":"search_term_string"}}],"inLanguage":"fr-FR"},{"@type":"NewsMediaOrganization","@id":"https:\/\/dicodusport.fr\/blog\/#organization","name":"Dicodusport","url":"https:\/\/dicodusport.fr\/blog\/","logo":{"@type":"ImageObject","inLanguage":"fr-FR","@id":"https:\/\/dicodusport.fr\/blog\/#\/schema\/logo\/image\/","url":"https:\/\/dicodusport.fr\/blog\/wp-content\/uploads\/2020\/06\/cropped-LOGO-DICODUSPORT-2020-SANS-FOND-SANS-TEXTE.png","contentUrl":"https:\/\/dicodusport.fr\/blog\/wp-content\/uploads\/2020\/06\/cropped-LOGO-DICODUSPORT-2020-SANS-FOND-SANS-TEXTE.png","width":512,"height":512,"caption":"Dicodusport"},"image":{"@id":"https:\/\/dicodusport.fr\/blog\/#\/schema\/logo\/image\/"},"sameAs":["https:\/\/www.facebook.com\/dicodusport","https:\/\/x.com\/dicodusport","https:\/\/www.instagram.com\/dicodusport\/","https:\/\/www.youtube.com\/channel\/UC7V2KZ5sd3htJivAbA4ZG3w"],"description":"Dicodusport est l'encyclop\u00e9die de l'actualit\u00e9 sportive.","email":"bonjour@dicodusport.fr","legalName":"DICODUSPORT","foundingDate":"2018-01-14","vatID":"FR71834470973","taxID":"83447097300043","numberOfEmployees":{"@type":"QuantitativeValue","minValue":"1","maxValue":"10"}},{"@type":"Person","@id":"https:\/\/dicodusport.fr\/blog\/#\/schema\/person\/cb02af4c173ce4a653b55e9baf388d4a","name":"Flo Ostermann","image":{"@type":"ImageObject","inLanguage":"fr-FR","@id":"https:\/\/dicodusport.fr\/blog\/#\/schema\/person\/image\/","url":"https:\/\/dicodusport.fr\/blog\/wp-content\/uploads\/2021\/05\/Flo-Ostermann-150x150.jpg","contentUrl":"https:\/\/dicodusport.fr\/blog\/wp-content\/uploads\/2021\/05\/Flo-Ostermann-150x150.jpg","caption":"Flo Ostermann"},"description":"Journaliste\/R\u00e9dacteur depuis septembre 2015 - Mes premiers souvenirs dans le sport ? Les envol\u00e9es du Stade Toulousain et les duels Villeneuve-Schumacher et H\u00e4kkinen-Schumacher \u00e0 la fin des ann\u00e9es 90, la Coupe du monde de football en 1998, l\u2019exploit du XV de France face aux All Blacks en 1999, mais aussi Richard C\u0153ur de Lion qui vole sur les montagnes du Tour de France. Bien parti pour devenir professeur d\u2019EPS, les \u00e9v\u00e9nements de la vie (et la flemme d\u2019animer des s\u00e9ances de 3x500 m\u00e8tres toute ma vie) m\u2019ont conduit \u00e0 revoir mes plans. Me voil\u00e0 depuis fin 2017 sur Dicodusport, m\u00e9dia gr\u00e2ce (et pour) lequel je partage ma passion : le sport dans tous ses \u00e9tats. Le tout accompagn\u00e9 par les fous furieux et folles furieuses cit\u00e9s sur cette page !","sameAs":["https:\/\/www.facebook.com\/florent.ostermann","https:\/\/x.com\/https:\/\/twitter.com\/FlOstermann","admin"],"url":"https:\/\/dicodusport.fr\/blog\/author\/flo\/"}]}},"_links":{"self":[{"href":"https:\/\/dicodusport.fr\/blog\/wp-json\/wp\/v2\/posts\/89144","targetHints":{"allow":["GET"]}}],"collection":[{"href":"https:\/\/dicodusport.fr\/blog\/wp-json\/wp\/v2\/posts"}],"about":[{"href":"https:\/\/dicodusport.fr\/blog\/wp-json\/wp\/v2\/types\/post"}],"author":[{"embeddable":true,"href":"https:\/\/dicodusport.fr\/blog\/wp-json\/wp\/v2\/users\/4"}],"replies":[{"embeddable":true,"href":"https:\/\/dicodusport.fr\/blog\/wp-json\/wp\/v2\/comments?post=89144"}],"version-history":[{"count":0,"href":"https:\/\/dicodusport.fr\/blog\/wp-json\/wp\/v2\/posts\/89144\/revisions"}],"wp:featuredmedia":[{"embeddable":true,"href":"https:\/\/dicodusport.fr\/blog\/wp-json\/wp\/v2\/media\/89146"}],"wp:attachment":[{"href":"https:\/\/dicodusport.fr\/blog\/wp-json\/wp\/v2\/media?parent=89144"}],"wp:term":[{"taxonomy":"category","embeddable":true,"href":"https:\/\/dicodusport.fr\/blog\/wp-json\/wp\/v2\/categories?post=89144"},{"taxonomy":"post_tag","embeddable":true,"href":"https:\/\/dicodusport.fr\/blog\/wp-json\/wp\/v2\/tags?post=89144"}],"curies":[{"name":"wp","href":"https:\/\/api.w.org\/{rel}","templated":true}]}}