{"id":8950,"date":"2017-12-18T18:37:40","date_gmt":"2017-12-18T17:37:40","guid":{"rendered":"http:\/\/dicodusport.fr\/blog\/?p=8950"},"modified":"2018-01-18T16:20:25","modified_gmt":"2018-01-18T15:20:25","slug":"d1-feminine-ol-vs-eag-sens-fete-nuits-president-aulas","status":"publish","type":"post","link":"https:\/\/dicodusport.fr\/blog\/d1-feminine-ol-vs-eag-sens-fete-nuits-president-aulas\/","title":{"rendered":"D1 f\u00e9minine, OL vs EAG : le sens de la f\u00eate et les nuits du Pr\u00e9sident Aulas"},"content":{"rendered":"<p style=\"text-align: justify;\"><strong><em>Les Lyonnaises n\u2019ont laiss\u00e9 aucun espoir aux Guingampaises. Victoire 4-0, derni\u00e8re \u00e9tape franchie avec s\u00e9r\u00e9nit\u00e9 pour les filles de Reynald Pedros. Place \u00e0 la tr\u00eave, aux f\u00eates de fin d\u2019ann\u00e9e, \u00e9loignement temporaire des terrains, et retour \u00e0 la comp\u00e9tition avec Amandine Henry, le 7 janvier. \u00a0<\/em><\/strong><\/p>\n<hr \/>\n<h4 style=\"text-align: justify;\">Jean-Michel Aulas dort bien.<\/h4>\n<p style=\"text-align: justify;\">Surtout en fin de semaine, surtout apr\u00e8s avoir vu ses filles jouer. Les gar\u00e7ons, c\u2019est connu, donnent plus de mouron. Il faut dire que les Lyonnaises ont tout fait pour le bon sommeil de leur pr\u00e9sident. Elles ont gagn\u00e9, elles gagnent, elles caracolent dans les classements, les statistiques, et l\u2019adversaire subit leur loi. Leur art, leur mani\u00e8re, ce sont les buts inscrits. On mesure \u00e0 cette aune le panache de cette \u00e9quipe. Douze match, 59 buts marqu\u00e9s, deux encaiss\u00e9s. A elles deux, Ada Hegerberg et Eug\u00e9nie Le Sommer en affichent 29, soit la moiti\u00e9.<\/p>\n<p style=\"text-align: justify;\">Un constat\u00a0: en cette mi-saison, Lyon propose ce qu\u2019il se fait de mieux en mati\u00e8re d\u2019attaque comme de d\u00e9fense. Lyon est une sorte de Shinkansen, l\u00e0 o\u00f9 ses concurrentes les plus s\u00e9rieuses circulent encore en TER\u00a0: les Parisiennes ont inscrit 34 buts, en ont encaiss\u00e9 6. Ne parlons pas des autres.<\/p>\n<h4 style=\"text-align: justify;\"><strong>Le championnat d\u00e9j\u00e0 pli\u00e9\u00a0?<\/strong><\/h4>\n<p style=\"text-align: justify;\">J\u2019\u00e9cris cela avec un regret \u00e0 la pointe du clavier. Comment ne pas admirer telle h\u00e9g\u00e9monie, comment s\u2019en r\u00e9jouir\u00a0? Comment garder le go\u00fbt du challenge lorsque l\u2019on sait que le championnat est quasiment pli\u00e9, que les choses int\u00e9ressantes en Ligue des Championnes ne commenceront sans doute pas avant les demi-finales\u00a0? Si les Lyonnaises forcent l\u2019admiration, c\u2019est \u00e9galement parce qu\u2019elles abordent chaque match avec le m\u00eame s\u00e9rieux, qu\u2019elles se gardent de s\u2019habituer \u00e0 la gagne, qu\u2019elles ont appris \u00e0 se m\u00e9fier d\u2019elles et de leurs forces. En cela aussi, ce sont de grandes championnes.En cela aussi, elles veillent sur les nuits de leur pr\u00e9sident. L\u2019En Avant Guingamp ne nous contredira pas.<\/p>\n<p style=\"text-align: justify;\"><strong>L\u2019art et la mani\u00e8re <\/strong><\/p>\n<p style=\"text-align: justify;\">D\u00e9faite quatre buts \u00e0 rien, c\u2019est honorable pour des promues. Au risque de me r\u00e9p\u00e9ter, les ex-Juvisiennes avaient d\u00e9rouill\u00e9 plus s\u00e9v\u00e8rement avec le 9-2 de septembre dernier. Qu\u2019elles en soient consol\u00e9es\u00a0: c\u2019est la seule \u00e9quipe \u00e0 \u00eatre parvenue \u00e0 en planter deux \u00e0 Lyon. Quatre buts \u00e0 rien. Ada Hegerberg et Eug\u00e9nie Le Sommer soignent leurs stats. Doubl\u00e9 de la premi\u00e8re (8\u2019 et 61\u2019), 11<sup>\u00e8me<\/sup> r\u00e9alisation du championnat pour la seconde (27\u2019). Sans oublier le but de Dzsenifer Marozsan (67&prime;). Elle est une des meilleures meneuses de jeu au monde, elle sait aussi marquer.<\/p>\n<p style=\"text-align: justify;\">Un match \u00e0 sens unique, qui aura conduit l\u2019En Avant Guingamp \u00e0 l\u2019avant-derni\u00e8re place du classement, avec cette d\u00e9faite face aux Lyonnaises, version \u00e9quipe-type. C\u2019est ce que l\u2019on aime aussi chez Reynald Pedros\u00a0: mettre toutes les chances du c\u00f4t\u00e9 de la victoire. Leur art, leur mani\u00e8re. Les Bouhaddi, Bronze, Mbock, Renard, Bacha, Van de Sanden, Marozsan, Hamraoui, Majri, Cascarino, Le Sommer, Hegerberg, Kumagai, et celles qui hier n\u2019ont pas jou\u00e9 auront m\u00e9rit\u00e9 cette tr\u00eave hivernale.<\/p>\n<p style=\"text-align: justify;\"><strong>De lointains r\u00eaves<\/strong><\/p>\n<p style=\"text-align: justify;\">On les retrouvera le 7 janvier \u00e0 Besan\u00e7on \u00e0 l&rsquo;occasion des 32\u00e8mes de finale de la Coupe de France. La seconde partie de la saison d\u00e9butera, Amandine Henry aura rejoint les rangs lyonnais. A moins d\u2019une improbable h\u00e9catombe de grippe, blessures, retraites, d\u00e9sertions, invasion de sauterelles, que sais-je, le suspense se nouera pour la seconde, voire la troisi\u00e8me place et\u00a0pour le maintien, \u00e0 l\u2019autre extr\u00e9mit\u00e9 du classement. Parisiennes du Saint Germain, Parisiennes du Football Club, Montpelli\u00e9raines, Bordelaises, Sojaldiciennes, Lilloises, Albigeoises, Ruth\u00e9noises, Floriacumoises, Guingampaises, Marseillaises, l\u2019heure n\u2019est pas encore aux r\u00eaves.<\/p>\n<p><em><strong>Camille Cordouan<\/strong><\/em><br \/>\n<a href=\"https:\/\/twitter.com\/CCordouan\" target=\"_blank\" rel=\"noopener noreferrer\"><img loading=\"lazy\" decoding=\"async\" class=\"alignnone wp-image-2908\" src=\"http:\/\/dicodusport.fr\/blog\/wp-content\/uploads\/2017\/07\/logo-twitter-150x150.png\" alt=\"\" width=\"39\" height=\"39\" \/><\/a><\/p>\n","protected":false},"excerpt":{"rendered":"<p>Les Lyonnaises n\u2019ont laiss\u00e9 aucun espoir aux Guingampaises. Victoire 4-0, derni\u00e8re \u00e9tape franchie avec s\u00e9r\u00e9nit\u00e9 pour les filles de Reynald Pedros. Place \u00e0 la tr\u00eave, aux f\u00eates de fin d\u2019ann\u00e9e, \u00e9loignement temporaire des terrains, et retour \u00e0 la comp\u00e9tition avec Amandine Henry, le 7 janvier. \u00a0 Jean-Michel Aulas dort bien. Surtout en fin de semaine, [&hellip;]<\/p>\n","protected":false},"author":9,"featured_media":8963,"comment_status":"open","ping_status":"closed","sticky":false,"template":"","format":"standard","meta":{"_acf_changed":false,"_daextam_enable_autolinks":"","footnotes":""},"categories":[2,2301],"tags":[2724,75,1145,2069,2814],"class_list":["post-8950","post","type-post","status-publish","format-standard","has-post-thumbnail","hentry","category-actualites","category-football","tag-d1-feminine","tag-football","tag-ol","tag-ol-feminin","tag-olympique-lyonnais-feminin"],"acf":[],"yoast_head":"<!-- This site is optimized with the Yoast SEO Premium plugin v26.7 (Yoast SEO v26.7) - https:\/\/yoast.com\/wordpress\/plugins\/seo\/ -->\n<title>D1 f\u00e9minine, OL vs EAG : le sens de la f\u00eate et les nuits du Pr\u00e9sident Aulas<\/title>\n<meta name=\"robots\" content=\"index, follow, max-snippet:-1, max-image-preview:large, max-video-preview:-1\" \/>\n<link rel=\"canonical\" href=\"https:\/\/dicodusport.fr\/blog\/d1-feminine-ol-vs-eag-sens-fete-nuits-president-aulas\/\" \/>\n<meta property=\"og:locale\" content=\"fr_FR\" \/>\n<meta property=\"og:type\" content=\"article\" \/>\n<meta property=\"og:title\" content=\"D1 f\u00e9minine, OL vs EAG : le sens de la f\u00eate et les nuits du Pr\u00e9sident Aulas\" \/>\n<meta property=\"og:description\" content=\"Les Lyonnaises n\u2019ont laiss\u00e9 aucun espoir aux Guingampaises. Victoire 4-0, derni\u00e8re \u00e9tape franchie avec s\u00e9r\u00e9nit\u00e9 pour les filles de Reynald Pedros. Place \u00e0 la tr\u00eave, aux f\u00eates de fin d\u2019ann\u00e9e, \u00e9loignement temporaire des terrains, et retour \u00e0 la comp\u00e9tition avec Amandine Henry, le 7 janvier. \u00a0 Jean-Michel Aulas dort bien. Surtout en fin de semaine, [&hellip;]\" \/>\n<meta property=\"og:url\" content=\"https:\/\/dicodusport.fr\/blog\/d1-feminine-ol-vs-eag-sens-fete-nuits-president-aulas\/\" \/>\n<meta property=\"og:site_name\" content=\"Dicodusport\" \/>\n<meta property=\"article:publisher\" content=\"https:\/\/www.facebook.com\/dicodusport\" \/>\n<meta property=\"article:author\" content=\"https:\/\/www.facebook.com\/profile.php?id=100014199255456\" \/>\n<meta property=\"article:published_time\" content=\"2017-12-18T17:37:40+00:00\" \/>\n<meta property=\"article:modified_time\" content=\"2018-01-18T15:20:25+00:00\" \/>\n<meta property=\"og:image\" content=\"https:\/\/dicodusport.fr\/blog\/wp-content\/uploads\/2017\/12\/Olympique-Lyonnais-f\u00e9minin.png\" \/>\n\t<meta property=\"og:image:width\" content=\"1200\" \/>\n\t<meta property=\"og:image:height\" content=\"670\" \/>\n\t<meta property=\"og:image:type\" content=\"image\/png\" \/>\n<meta name=\"author\" content=\"Camille Cordouan\" \/>\n<meta name=\"twitter:card\" content=\"summary_large_image\" \/>\n<meta name=\"twitter:creator\" content=\"@CCordouan\" \/>\n<meta name=\"twitter:site\" content=\"@dicodusport\" \/>\n<script type=\"application\/ld+json\" class=\"yoast-schema-graph\">{\"@context\":\"https:\/\/schema.org\",\"@graph\":[{\"@type\":\"NewsArticle\",\"@id\":\"https:\/\/dicodusport.fr\/blog\/d1-feminine-ol-vs-eag-sens-fete-nuits-president-aulas\/#article\",\"isPartOf\":{\"@id\":\"https:\/\/dicodusport.fr\/blog\/d1-feminine-ol-vs-eag-sens-fete-nuits-president-aulas\/\"},\"author\":{\"name\":\"Camille Cordouan\",\"@id\":\"https:\/\/dicodusport.fr\/blog\/#\/schema\/person\/d2b34145d4bc3c23fd0c5e9b8f593928\"},\"headline\":\"D1 f\u00e9minine, OL vs EAG : le sens de la f\u00eate et les nuits du Pr\u00e9sident Aulas\",\"datePublished\":\"2017-12-18T17:37:40+00:00\",\"dateModified\":\"2018-01-18T15:20:25+00:00\",\"mainEntityOfPage\":{\"@id\":\"https:\/\/dicodusport.fr\/blog\/d1-feminine-ol-vs-eag-sens-fete-nuits-president-aulas\/\"},\"wordCount\":656,\"commentCount\":0,\"publisher\":{\"@id\":\"https:\/\/dicodusport.fr\/blog\/#organization\"},\"image\":{\"@id\":\"https:\/\/dicodusport.fr\/blog\/d1-feminine-ol-vs-eag-sens-fete-nuits-president-aulas\/#primaryimage\"},\"thumbnailUrl\":\"https:\/\/dicodusport.fr\/blog\/wp-content\/uploads\/2017\/12\/Olympique-Lyonnais-f\u00e9minin.png\",\"keywords\":[\"D1 f\u00e9minine\",\"Football\",\"OL\",\"OL f\u00e9minin\",\"Olympique Lyonnais f\u00e9minin\"],\"articleSection\":[\"Actualit\u00e9s\",\"Football\"],\"inLanguage\":\"fr-FR\",\"potentialAction\":[{\"@type\":\"CommentAction\",\"name\":\"Comment\",\"target\":[\"https:\/\/dicodusport.fr\/blog\/d1-feminine-ol-vs-eag-sens-fete-nuits-president-aulas\/#respond\"]}],\"copyrightYear\":\"2017\",\"copyrightHolder\":{\"@id\":\"https:\/\/dicodusport.fr\/blog\/#organization\"}},{\"@type\":\"WebPage\",\"@id\":\"https:\/\/dicodusport.fr\/blog\/d1-feminine-ol-vs-eag-sens-fete-nuits-president-aulas\/\",\"url\":\"https:\/\/dicodusport.fr\/blog\/d1-feminine-ol-vs-eag-sens-fete-nuits-president-aulas\/\",\"name\":\"D1 f\u00e9minine, OL vs EAG : le sens de la f\u00eate et les nuits du Pr\u00e9sident Aulas\",\"isPartOf\":{\"@id\":\"https:\/\/dicodusport.fr\/blog\/#website\"},\"primaryImageOfPage\":{\"@id\":\"https:\/\/dicodusport.fr\/blog\/d1-feminine-ol-vs-eag-sens-fete-nuits-president-aulas\/#primaryimage\"},\"image\":{\"@id\":\"https:\/\/dicodusport.fr\/blog\/d1-feminine-ol-vs-eag-sens-fete-nuits-president-aulas\/#primaryimage\"},\"thumbnailUrl\":\"https:\/\/dicodusport.fr\/blog\/wp-content\/uploads\/2017\/12\/Olympique-Lyonnais-f\u00e9minin.png\",\"datePublished\":\"2017-12-18T17:37:40+00:00\",\"dateModified\":\"2018-01-18T15:20:25+00:00\",\"breadcrumb\":{\"@id\":\"https:\/\/dicodusport.fr\/blog\/d1-feminine-ol-vs-eag-sens-fete-nuits-president-aulas\/#breadcrumb\"},\"inLanguage\":\"fr-FR\",\"potentialAction\":[{\"@type\":\"ReadAction\",\"target\":[\"https:\/\/dicodusport.fr\/blog\/d1-feminine-ol-vs-eag-sens-fete-nuits-president-aulas\/\"]}]},{\"@type\":\"ImageObject\",\"inLanguage\":\"fr-FR\",\"@id\":\"https:\/\/dicodusport.fr\/blog\/d1-feminine-ol-vs-eag-sens-fete-nuits-president-aulas\/#primaryimage\",\"url\":\"https:\/\/dicodusport.fr\/blog\/wp-content\/uploads\/2017\/12\/Olympique-Lyonnais-f\u00e9minin.png\",\"contentUrl\":\"https:\/\/dicodusport.fr\/blog\/wp-content\/uploads\/2017\/12\/Olympique-Lyonnais-f\u00e9minin.png\",\"width\":1200,\"height\":670},{\"@type\":\"BreadcrumbList\",\"@id\":\"https:\/\/dicodusport.fr\/blog\/d1-feminine-ol-vs-eag-sens-fete-nuits-president-aulas\/#breadcrumb\",\"itemListElement\":[{\"@type\":\"ListItem\",\"position\":1,\"name\":\"Accueil\",\"item\":\"https:\/\/dicodusport.fr\/blog\/\"},{\"@type\":\"ListItem\",\"position\":2,\"name\":\"D1 f\u00e9minine, OL vs EAG : le sens de la f\u00eate et les nuits du Pr\u00e9sident Aulas\"}]},{\"@type\":\"WebSite\",\"@id\":\"https:\/\/dicodusport.fr\/blog\/#website\",\"url\":\"https:\/\/dicodusport.fr\/blog\/\",\"name\":\"Dicodusport\",\"description\":\"L&#039;encyclop\u00e9die de l&#039;actualit\u00e9 sportive\",\"publisher\":{\"@id\":\"https:\/\/dicodusport.fr\/blog\/#organization\"},\"potentialAction\":[{\"@type\":\"SearchAction\",\"target\":{\"@type\":\"EntryPoint\",\"urlTemplate\":\"https:\/\/dicodusport.fr\/blog\/?s={search_term_string}\"},\"query-input\":{\"@type\":\"PropertyValueSpecification\",\"valueRequired\":true,\"valueName\":\"search_term_string\"}}],\"inLanguage\":\"fr-FR\"},{\"@type\":\"NewsMediaOrganization\",\"@id\":\"https:\/\/dicodusport.fr\/blog\/#organization\",\"name\":\"Dicodusport\",\"url\":\"https:\/\/dicodusport.fr\/blog\/\",\"logo\":{\"@type\":\"ImageObject\",\"inLanguage\":\"fr-FR\",\"@id\":\"https:\/\/dicodusport.fr\/blog\/#\/schema\/logo\/image\/\",\"url\":\"https:\/\/dicodusport.fr\/blog\/wp-content\/uploads\/2020\/06\/cropped-LOGO-DICODUSPORT-2020-SANS-FOND-SANS-TEXTE.png\",\"contentUrl\":\"https:\/\/dicodusport.fr\/blog\/wp-content\/uploads\/2020\/06\/cropped-LOGO-DICODUSPORT-2020-SANS-FOND-SANS-TEXTE.png\",\"width\":512,\"height\":512,\"caption\":\"Dicodusport\"},\"image\":{\"@id\":\"https:\/\/dicodusport.fr\/blog\/#\/schema\/logo\/image\/\"},\"sameAs\":[\"https:\/\/www.facebook.com\/dicodusport\",\"https:\/\/x.com\/dicodusport\",\"https:\/\/www.instagram.com\/dicodusport\/\",\"https:\/\/www.youtube.com\/channel\/UC7V2KZ5sd3htJivAbA4ZG3w\"],\"description\":\"Dicodusport est l'encyclop\u00e9die de l'actualit\u00e9 sportive.\",\"email\":\"bonjour@dicodusport.fr\",\"legalName\":\"DICODUSPORT\",\"foundingDate\":\"2018-01-14\",\"vatID\":\"FR71834470973\",\"taxID\":\"83447097300043\",\"numberOfEmployees\":{\"@type\":\"QuantitativeValue\",\"minValue\":\"1\",\"maxValue\":\"10\"}},{\"@type\":\"Person\",\"@id\":\"https:\/\/dicodusport.fr\/blog\/#\/schema\/person\/d2b34145d4bc3c23fd0c5e9b8f593928\",\"name\":\"Camille Cordouan\",\"image\":{\"@type\":\"ImageObject\",\"inLanguage\":\"fr-FR\",\"@id\":\"https:\/\/dicodusport.fr\/blog\/#\/schema\/person\/image\/\",\"url\":\"https:\/\/dicodusport.fr\/blog\/wp-content\/uploads\/2018\/06\/User-blue-icon-150x150.png\",\"contentUrl\":\"https:\/\/dicodusport.fr\/blog\/wp-content\/uploads\/2018\/06\/User-blue-icon-150x150.png\",\"caption\":\"Camille Cordouan\"},\"sameAs\":[\"https:\/\/www.facebook.com\/profile.php?id=100014199255456\",\"https:\/\/x.com\/CCordouan\"],\"url\":\"https:\/\/dicodusport.fr\/blog\/author\/camille-a\/\"}]}<\/script>\n<!-- \/ Yoast SEO Premium plugin. -->","yoast_head_json":{"title":"D1 f\u00e9minine, OL vs EAG : le sens de la f\u00eate et les nuits du Pr\u00e9sident Aulas","robots":{"index":"index","follow":"follow","max-snippet":"max-snippet:-1","max-image-preview":"max-image-preview:large","max-video-preview":"max-video-preview:-1"},"canonical":"https:\/\/dicodusport.fr\/blog\/d1-feminine-ol-vs-eag-sens-fete-nuits-president-aulas\/","og_locale":"fr_FR","og_type":"article","og_title":"D1 f\u00e9minine, OL vs EAG : le sens de la f\u00eate et les nuits du Pr\u00e9sident Aulas","og_description":"Les Lyonnaises n\u2019ont laiss\u00e9 aucun espoir aux Guingampaises. Victoire 4-0, derni\u00e8re \u00e9tape franchie avec s\u00e9r\u00e9nit\u00e9 pour les filles de Reynald Pedros. Place \u00e0 la tr\u00eave, aux f\u00eates de fin d\u2019ann\u00e9e, \u00e9loignement temporaire des terrains, et retour \u00e0 la comp\u00e9tition avec Amandine Henry, le 7 janvier. \u00a0 Jean-Michel Aulas dort bien. Surtout en fin de semaine, [&hellip;]","og_url":"https:\/\/dicodusport.fr\/blog\/d1-feminine-ol-vs-eag-sens-fete-nuits-president-aulas\/","og_site_name":"Dicodusport","article_publisher":"https:\/\/www.facebook.com\/dicodusport","article_author":"https:\/\/www.facebook.com\/profile.php?id=100014199255456","article_published_time":"2017-12-18T17:37:40+00:00","article_modified_time":"2018-01-18T15:20:25+00:00","og_image":[{"width":1200,"height":670,"url":"https:\/\/dicodusport.fr\/blog\/wp-content\/uploads\/2017\/12\/Olympique-Lyonnais-f\u00e9minin.png","type":"image\/png"}],"author":"Camille Cordouan","twitter_card":"summary_large_image","twitter_creator":"@CCordouan","twitter_site":"@dicodusport","schema":{"@context":"https:\/\/schema.org","@graph":[{"@type":"NewsArticle","@id":"https:\/\/dicodusport.fr\/blog\/d1-feminine-ol-vs-eag-sens-fete-nuits-president-aulas\/#article","isPartOf":{"@id":"https:\/\/dicodusport.fr\/blog\/d1-feminine-ol-vs-eag-sens-fete-nuits-president-aulas\/"},"author":{"name":"Camille Cordouan","@id":"https:\/\/dicodusport.fr\/blog\/#\/schema\/person\/d2b34145d4bc3c23fd0c5e9b8f593928"},"headline":"D1 f\u00e9minine, OL vs EAG : le sens de la f\u00eate et les nuits du Pr\u00e9sident Aulas","datePublished":"2017-12-18T17:37:40+00:00","dateModified":"2018-01-18T15:20:25+00:00","mainEntityOfPage":{"@id":"https:\/\/dicodusport.fr\/blog\/d1-feminine-ol-vs-eag-sens-fete-nuits-president-aulas\/"},"wordCount":656,"commentCount":0,"publisher":{"@id":"https:\/\/dicodusport.fr\/blog\/#organization"},"image":{"@id":"https:\/\/dicodusport.fr\/blog\/d1-feminine-ol-vs-eag-sens-fete-nuits-president-aulas\/#primaryimage"},"thumbnailUrl":"https:\/\/dicodusport.fr\/blog\/wp-content\/uploads\/2017\/12\/Olympique-Lyonnais-f\u00e9minin.png","keywords":["D1 f\u00e9minine","Football","OL","OL f\u00e9minin","Olympique Lyonnais f\u00e9minin"],"articleSection":["Actualit\u00e9s","Football"],"inLanguage":"fr-FR","potentialAction":[{"@type":"CommentAction","name":"Comment","target":["https:\/\/dicodusport.fr\/blog\/d1-feminine-ol-vs-eag-sens-fete-nuits-president-aulas\/#respond"]}],"copyrightYear":"2017","copyrightHolder":{"@id":"https:\/\/dicodusport.fr\/blog\/#organization"}},{"@type":"WebPage","@id":"https:\/\/dicodusport.fr\/blog\/d1-feminine-ol-vs-eag-sens-fete-nuits-president-aulas\/","url":"https:\/\/dicodusport.fr\/blog\/d1-feminine-ol-vs-eag-sens-fete-nuits-president-aulas\/","name":"D1 f\u00e9minine, OL vs EAG : le sens de la f\u00eate et les nuits du Pr\u00e9sident Aulas","isPartOf":{"@id":"https:\/\/dicodusport.fr\/blog\/#website"},"primaryImageOfPage":{"@id":"https:\/\/dicodusport.fr\/blog\/d1-feminine-ol-vs-eag-sens-fete-nuits-president-aulas\/#primaryimage"},"image":{"@id":"https:\/\/dicodusport.fr\/blog\/d1-feminine-ol-vs-eag-sens-fete-nuits-president-aulas\/#primaryimage"},"thumbnailUrl":"https:\/\/dicodusport.fr\/blog\/wp-content\/uploads\/2017\/12\/Olympique-Lyonnais-f\u00e9minin.png","datePublished":"2017-12-18T17:37:40+00:00","dateModified":"2018-01-18T15:20:25+00:00","breadcrumb":{"@id":"https:\/\/dicodusport.fr\/blog\/d1-feminine-ol-vs-eag-sens-fete-nuits-president-aulas\/#breadcrumb"},"inLanguage":"fr-FR","potentialAction":[{"@type":"ReadAction","target":["https:\/\/dicodusport.fr\/blog\/d1-feminine-ol-vs-eag-sens-fete-nuits-president-aulas\/"]}]},{"@type":"ImageObject","inLanguage":"fr-FR","@id":"https:\/\/dicodusport.fr\/blog\/d1-feminine-ol-vs-eag-sens-fete-nuits-president-aulas\/#primaryimage","url":"https:\/\/dicodusport.fr\/blog\/wp-content\/uploads\/2017\/12\/Olympique-Lyonnais-f\u00e9minin.png","contentUrl":"https:\/\/dicodusport.fr\/blog\/wp-content\/uploads\/2017\/12\/Olympique-Lyonnais-f\u00e9minin.png","width":1200,"height":670},{"@type":"BreadcrumbList","@id":"https:\/\/dicodusport.fr\/blog\/d1-feminine-ol-vs-eag-sens-fete-nuits-president-aulas\/#breadcrumb","itemListElement":[{"@type":"ListItem","position":1,"name":"Accueil","item":"https:\/\/dicodusport.fr\/blog\/"},{"@type":"ListItem","position":2,"name":"D1 f\u00e9minine, OL vs EAG : le sens de la f\u00eate et les nuits du Pr\u00e9sident Aulas"}]},{"@type":"WebSite","@id":"https:\/\/dicodusport.fr\/blog\/#website","url":"https:\/\/dicodusport.fr\/blog\/","name":"Dicodusport","description":"L&#039;encyclop\u00e9die de l&#039;actualit\u00e9 sportive","publisher":{"@id":"https:\/\/dicodusport.fr\/blog\/#organization"},"potentialAction":[{"@type":"SearchAction","target":{"@type":"EntryPoint","urlTemplate":"https:\/\/dicodusport.fr\/blog\/?s={search_term_string}"},"query-input":{"@type":"PropertyValueSpecification","valueRequired":true,"valueName":"search_term_string"}}],"inLanguage":"fr-FR"},{"@type":"NewsMediaOrganization","@id":"https:\/\/dicodusport.fr\/blog\/#organization","name":"Dicodusport","url":"https:\/\/dicodusport.fr\/blog\/","logo":{"@type":"ImageObject","inLanguage":"fr-FR","@id":"https:\/\/dicodusport.fr\/blog\/#\/schema\/logo\/image\/","url":"https:\/\/dicodusport.fr\/blog\/wp-content\/uploads\/2020\/06\/cropped-LOGO-DICODUSPORT-2020-SANS-FOND-SANS-TEXTE.png","contentUrl":"https:\/\/dicodusport.fr\/blog\/wp-content\/uploads\/2020\/06\/cropped-LOGO-DICODUSPORT-2020-SANS-FOND-SANS-TEXTE.png","width":512,"height":512,"caption":"Dicodusport"},"image":{"@id":"https:\/\/dicodusport.fr\/blog\/#\/schema\/logo\/image\/"},"sameAs":["https:\/\/www.facebook.com\/dicodusport","https:\/\/x.com\/dicodusport","https:\/\/www.instagram.com\/dicodusport\/","https:\/\/www.youtube.com\/channel\/UC7V2KZ5sd3htJivAbA4ZG3w"],"description":"Dicodusport est l'encyclop\u00e9die de l'actualit\u00e9 sportive.","email":"bonjour@dicodusport.fr","legalName":"DICODUSPORT","foundingDate":"2018-01-14","vatID":"FR71834470973","taxID":"83447097300043","numberOfEmployees":{"@type":"QuantitativeValue","minValue":"1","maxValue":"10"}},{"@type":"Person","@id":"https:\/\/dicodusport.fr\/blog\/#\/schema\/person\/d2b34145d4bc3c23fd0c5e9b8f593928","name":"Camille Cordouan","image":{"@type":"ImageObject","inLanguage":"fr-FR","@id":"https:\/\/dicodusport.fr\/blog\/#\/schema\/person\/image\/","url":"https:\/\/dicodusport.fr\/blog\/wp-content\/uploads\/2018\/06\/User-blue-icon-150x150.png","contentUrl":"https:\/\/dicodusport.fr\/blog\/wp-content\/uploads\/2018\/06\/User-blue-icon-150x150.png","caption":"Camille Cordouan"},"sameAs":["https:\/\/www.facebook.com\/profile.php?id=100014199255456","https:\/\/x.com\/CCordouan"],"url":"https:\/\/dicodusport.fr\/blog\/author\/camille-a\/"}]}},"_links":{"self":[{"href":"https:\/\/dicodusport.fr\/blog\/wp-json\/wp\/v2\/posts\/8950","targetHints":{"allow":["GET"]}}],"collection":[{"href":"https:\/\/dicodusport.fr\/blog\/wp-json\/wp\/v2\/posts"}],"about":[{"href":"https:\/\/dicodusport.fr\/blog\/wp-json\/wp\/v2\/types\/post"}],"author":[{"embeddable":true,"href":"https:\/\/dicodusport.fr\/blog\/wp-json\/wp\/v2\/users\/9"}],"replies":[{"embeddable":true,"href":"https:\/\/dicodusport.fr\/blog\/wp-json\/wp\/v2\/comments?post=8950"}],"version-history":[{"count":0,"href":"https:\/\/dicodusport.fr\/blog\/wp-json\/wp\/v2\/posts\/8950\/revisions"}],"wp:featuredmedia":[{"embeddable":true,"href":"https:\/\/dicodusport.fr\/blog\/wp-json\/wp\/v2\/media\/8963"}],"wp:attachment":[{"href":"https:\/\/dicodusport.fr\/blog\/wp-json\/wp\/v2\/media?parent=8950"}],"wp:term":[{"taxonomy":"category","embeddable":true,"href":"https:\/\/dicodusport.fr\/blog\/wp-json\/wp\/v2\/categories?post=8950"},{"taxonomy":"post_tag","embeddable":true,"href":"https:\/\/dicodusport.fr\/blog\/wp-json\/wp\/v2\/tags?post=8950"}],"curies":[{"name":"wp","href":"https:\/\/api.w.org\/{rel}","templated":true}]}}