{"id":89745,"date":"2020-11-24T16:11:45","date_gmt":"2020-11-24T15:11:45","guid":{"rendered":"https:\/\/dicodusport.fr\/blog\/?p=89745&#038;preview=true&#038;preview_id=89745"},"modified":"2021-10-18T16:40:09","modified_gmt":"2021-10-18T14:40:09","slug":"deces-de-christophe-dominici-ancien-international-du-xv-de-france","status":"publish","type":"post","link":"https:\/\/dicodusport.fr\/blog\/deces-de-christophe-dominici-ancien-international-du-xv-de-france\/","title":{"rendered":"D\u00e9c\u00e8s de Christophe Dominici, ancien international du XV de France"},"content":{"rendered":"<p style=\"text-align: justify;\"><em><b>CARNET NOIR &#8211; Nos confr\u00e8res de Rugbyrama ont confirm\u00e9 la disparition brutale de Christophe Dominici \u00e0 seulement 48 ans. Selon les derni\u00e8res informations de BFM TV, relay\u00e9es par <a href=\"https:\/\/www.lequipe.fr\/Rugby\/Actualites\/Les-premiers-elements-de-l-enquete-sur-la-mort-de-christophe-dominici\/1198105\" target=\"_blank\" rel=\"noopener noreferrer\">L&rsquo;\u00c9quipe<\/a>, il serait tomb\u00e9 du haut d&rsquo;un parapet de 20m de hauteur, donnant dans le Parc de Saint-Cloud.\u00a0<\/b><\/em><\/p>\n<p style=\"text-align: justify;\">C&rsquo;est un choc pour tous les amateurs de rugby qui ont vibr\u00e9 au rythme de ses exploits avec le <strong>XV de France <\/strong>(67 s\u00e9lections, 25 essais) ou du Stade Fran\u00e7ais. \u00c0 48 ans, <strong>Christophe Dominici<\/strong> s&rsquo;est brutalement \u00e9teint ce mardi 24 novembre 2020. Cet \u00e9t\u00e9, il \u00e9tait \u00e0 la man\u0153uvre pour la reprise de l&rsquo;AS B\u00e9ziers avec des investisseurs \u00e9miratis, mais cela n&rsquo;avait finalement pas pu se conclure.<\/p>\n<blockquote class=\"twitter-tweet\">\n<p dir=\"ltr\" lang=\"fr\">\u00c0 seulement 48 ans, l&rsquo;ancien ailier et l\u00e9gende du XV de France Christophe Dominici (67 s\u00e9lections) est d\u00e9c\u00e9d\u00e9 brutalement ce mardi. Un choc terrible pour l&rsquo;ensemble du rugby fran\u00e7ais, et plan\u00e9taire. Nos premi\u00e8res pens\u00e9es vont \u00e0 sa famille.<a href=\"https:\/\/t.co\/GlrGCz6g3G\">https:\/\/t.co\/GlrGCz6g3G<\/a><\/p>\n<p>\u2014 RUGBYRAMA (@RugbyramaFR) <a href=\"https:\/\/twitter.com\/RugbyramaFR\/status\/1331251599721828357?ref_src=twsrc%5Etfw\">November 24, 2020<\/a><\/p><\/blockquote>\n<p style=\"text-align: justify;\"><script async src=\"https:\/\/platform.twitter.com\/widgets.js\" charset=\"utf-8\"><\/script><\/p>\n<h2 style=\"text-align: justify;\">Un essai d&rsquo;anthologie face \u00e0 la Nouvelle-Z\u00e9lande en 1999<\/h2>\n<p style=\"text-align: justify;\">Dans l&rsquo;esprit collectif, des supporters de rugby ou des fans du sport fran\u00e7ais, le natif de Toulon aura marqu\u00e9 de son empreinte sa discipline, avec son essai en demi-finale de la Coupe du monde 1999, face aux<strong> All Blacks<\/strong> (victoire 31-43 des Bleus). Avec le <strong>XV de France<\/strong>, <em>Domi<\/em> a remport\u00e9 quatre Tournois des 6 Nations, dont deux Grands Chelems r\u00e9alis\u00e9s en 1998 et 2004.<\/p>\n<p style=\"text-align: justify;\">Mais <strong>Christophe Dominici<\/strong>, c&rsquo;est aussi un immense palmar\u00e8s en club, puisque l&rsquo;ailier de poche (1m72) a \u00e9t\u00e9 sacr\u00e9 champion de France \u00e0 5 reprises avec le Stade Fran\u00e7ais (1998, 2000, 2003, 2004 et 2007). Finaliste malheureux de la Coupe d&rsquo;Europe en 2001 et 2005, il avait re\u00e7u en 2000 l&rsquo;Oscar d&rsquo;or du Midi Olympique, au terme d&rsquo;une grande saison 1999-2000. Entra\u00eeneur des arri\u00e8res du Stade Fran\u00e7ais lors de la saison 2008-2009, Dominici \u00e9tait ensuite devenu consultant dans les m\u00e9dias, sur <em>RTL<\/em> puis sur <em>La Cha\u00eene L&rsquo;\u00c9quipe<\/em>.<\/p>\n<p style=\"text-align: justify;\">R\u00e9cemment, l&rsquo;ancien joueur, reconverti \u00e9galement en homme d&rsquo;affaires, avait anim\u00e9 l&rsquo;\u00e9t\u00e9 \u00e0 B\u00e9ziers. \u00c0 l&rsquo;initiative d&rsquo;un projet de rachat du club h\u00e9raultais aux c\u00f4t\u00e9s d&rsquo;investisseurs \u00e9miratis, cela n&rsquo;avait finalement pas abouti, <a href=\"https:\/\/dicodusport.fr\/blog\/beziers-investisseurs-emirati-lachent-affaire\/\" target=\"_blank\" rel=\"noopener noreferrer\">ces derniers l\u00e2chant l&rsquo;affaire<\/a> sous la pression des propri\u00e9taires et actionnaires alors en place. Depuis, <strong>Christophe Dominici<\/strong> se faisait tr\u00e8s discret dans les m\u00e9dias.<\/p>\n<p style=\"text-align: justify;\"><strong>Toute l&rsquo;\u00e9quipe de Dicodusport adresse ses plus sinc\u00e8res condol\u00e9ances \u00e0 sa famille et ses proches.<\/strong><\/p>\n<blockquote class=\"twitter-tweet\">\n<p dir=\"ltr\" lang=\"fr\">La grande famille du rugby fran\u00e7ais est en deuil apr\u00e8s le d\u00e9c\u00e8s tragique de notre ailier Christophe Dominici, nous pensons tout particuli\u00e8rement \u00e0 sa famille et \u00e0 ses proches. <a href=\"https:\/\/t.co\/SpBByJfk4e\">pic.twitter.com\/SpBByJfk4e<\/a><\/p>\n<p>\u2014 France Rugby (@FranceRugby) <a href=\"https:\/\/twitter.com\/FranceRugby\/status\/1331265567781777409?ref_src=twsrc%5Etfw\">November 24, 2020<\/a><\/p><\/blockquote>\n<p><script async src=\"https:\/\/platform.twitter.com\/widgets.js\" charset=\"utf-8\"><\/script><\/p>\n<ul>\n<li class=\"mvp-post-title left entry-title\" style=\"text-align: justify;\"><strong>\u00c0 lire aussi &#8211; <a href=\"https:\/\/dicodusport.fr\/blog\/video-les-plus-belles-actions-de-christophe-dominici\/\" target=\"_blank\" rel=\"noopener noreferrer\">[Vid\u00e9o] Les plus belles actions de Christophe Dominici<\/a><\/strong><\/li>\n<\/ul>\n<p>&nbsp;<\/p>\n<p style=\"text-align: justify;\"><strong><em>Dicodusport<br \/>\n<a href=\"https:\/\/www.facebook.com\/dicodusport\/\" target=\"_blank\" rel=\"noopener noreferrer\"><img loading=\"lazy\" decoding=\"async\" class=\"alignnone wp-image-2909\" src=\"http:\/\/dicodusport.fr\/blog\/wp-content\/uploads\/2017\/07\/logo-facebook-150x150.png\" alt=\"\" width=\"40\" height=\"40\" \/><\/a><a href=\"https:\/\/twitter.com\/dicodusport\" target=\"_blank\" rel=\"noopener noreferrer\"><img loading=\"lazy\" decoding=\"async\" class=\"alignnone wp-image-2908\" src=\"http:\/\/dicodusport.fr\/blog\/wp-content\/uploads\/2017\/07\/logo-twitter-150x150.png\" alt=\"\" width=\"39\" height=\"39\" \/><\/a><\/em><\/strong><\/p>\n","protected":false},"excerpt":{"rendered":"<p>Nos confr\u00e8res de Rugbyrama ont confirm\u00e9 la disparition brutale de Christophe Dominici \u00e0 seulement 48 ans.<\/p>\n","protected":false},"author":1,"featured_media":67467,"comment_status":"open","ping_status":"closed","sticky":false,"template":"","format":"standard","meta":{"_acf_changed":false,"_daextam_enable_autolinks":"","footnotes":""},"categories":[9129,19951],"tags":[4902,13,24],"class_list":["post-89745","post","type-post","status-publish","format-standard","has-post-thumbnail","hentry","category-rugby-a-xv","category-xv-de-france","tag-christophe-dominici","tag-rugby","tag-sport"],"acf":[],"yoast_head":"<!-- This site is optimized with the Yoast SEO Premium plugin v26.7 (Yoast SEO v26.7) - https:\/\/yoast.com\/wordpress\/plugins\/seo\/ -->\n<title>D\u00e9c\u00e8s de Christophe Dominici, ancien international du XV de France<\/title>\n<meta name=\"description\" content=\"Nos confr\u00e8res de Rugbyrama ont confirm\u00e9 la disparition brutale de Christophe Dominici \u00e0 seulement 48 ans.\" \/>\n<meta name=\"robots\" content=\"index, follow, max-snippet:-1, max-image-preview:large, max-video-preview:-1\" \/>\n<link rel=\"canonical\" href=\"https:\/\/dicodusport.fr\/blog\/deces-de-christophe-dominici-ancien-international-du-xv-de-france\/\" \/>\n<meta property=\"og:locale\" content=\"fr_FR\" \/>\n<meta property=\"og:type\" content=\"article\" \/>\n<meta property=\"og:title\" content=\"D\u00e9c\u00e8s de Christophe Dominici, ancien international du XV de France\" \/>\n<meta property=\"og:description\" content=\"Nos confr\u00e8res de Rugbyrama ont confirm\u00e9 la disparition brutale de Christophe Dominici \u00e0 seulement 48 ans.\" \/>\n<meta property=\"og:url\" content=\"https:\/\/dicodusport.fr\/blog\/deces-de-christophe-dominici-ancien-international-du-xv-de-france\/\" \/>\n<meta property=\"og:site_name\" content=\"Dicodusport\" \/>\n<meta property=\"article:publisher\" content=\"https:\/\/www.facebook.com\/dicodusport\" \/>\n<meta property=\"article:author\" content=\"https:\/\/www.facebook.com\/dicodusport\" \/>\n<meta property=\"article:published_time\" content=\"2020-11-24T15:11:45+00:00\" \/>\n<meta property=\"article:modified_time\" content=\"2021-10-18T14:40:09+00:00\" \/>\n<meta property=\"og:image\" content=\"https:\/\/dicodusport.fr\/blog\/wp-content\/uploads\/2020\/05\/Christophe-Dominici-nouvel-homme-fort-de-B\u00e9ziers-ce-serait-fait-\u00e0-99.png\" \/>\n\t<meta property=\"og:image:width\" content=\"800\" \/>\n\t<meta property=\"og:image:height\" content=\"445\" \/>\n\t<meta property=\"og:image:type\" content=\"image\/png\" \/>\n<meta name=\"author\" content=\"Nicolas Jacquemard\" \/>\n<meta name=\"twitter:card\" content=\"summary_large_image\" \/>\n<meta name=\"twitter:title\" content=\"D\u00e9c\u00e8s de Christophe Dominici, ancien international du XV de France\" \/>\n<meta name=\"twitter:creator\" content=\"@https:\/\/twitter.com\/Nico_Jacquemard\" \/>\n<meta name=\"twitter:site\" content=\"@dicodusport\" \/>\n<script type=\"application\/ld+json\" class=\"yoast-schema-graph\">{\"@context\":\"https:\/\/schema.org\",\"@graph\":[{\"@type\":\"NewsArticle\",\"@id\":\"https:\/\/dicodusport.fr\/blog\/deces-de-christophe-dominici-ancien-international-du-xv-de-france\/#article\",\"isPartOf\":{\"@id\":\"https:\/\/dicodusport.fr\/blog\/deces-de-christophe-dominici-ancien-international-du-xv-de-france\/\"},\"author\":{\"name\":\"Nicolas Jacquemard\",\"@id\":\"https:\/\/dicodusport.fr\/blog\/#\/schema\/person\/55dcb50ad410894e431ed812bbb70191\"},\"headline\":\"D\u00e9c\u00e8s de Christophe Dominici, ancien international du XV de France\",\"datePublished\":\"2020-11-24T15:11:45+00:00\",\"dateModified\":\"2021-10-18T14:40:09+00:00\",\"mainEntityOfPage\":{\"@id\":\"https:\/\/dicodusport.fr\/blog\/deces-de-christophe-dominici-ancien-international-du-xv-de-france\/\"},\"wordCount\":490,\"commentCount\":1,\"publisher\":{\"@id\":\"https:\/\/dicodusport.fr\/blog\/#organization\"},\"image\":{\"@id\":\"https:\/\/dicodusport.fr\/blog\/deces-de-christophe-dominici-ancien-international-du-xv-de-france\/#primaryimage\"},\"thumbnailUrl\":\"https:\/\/dicodusport.fr\/blog\/wp-content\/uploads\/2020\/05\/Christophe-Dominici-nouvel-homme-fort-de-B\u00e9ziers-ce-serait-fait-\u00e0-99.png\",\"keywords\":[\"Christophe Dominici\",\"Rugby\",\"sport\"],\"articleSection\":[\"Rugby \u00e0 XV\",\"XV de France\"],\"inLanguage\":\"fr-FR\",\"potentialAction\":[{\"@type\":\"CommentAction\",\"name\":\"Comment\",\"target\":[\"https:\/\/dicodusport.fr\/blog\/deces-de-christophe-dominici-ancien-international-du-xv-de-france\/#respond\"]}],\"copyrightYear\":\"2020\",\"copyrightHolder\":{\"@id\":\"https:\/\/dicodusport.fr\/blog\/#organization\"}},{\"@type\":\"WebPage\",\"@id\":\"https:\/\/dicodusport.fr\/blog\/deces-de-christophe-dominici-ancien-international-du-xv-de-france\/\",\"url\":\"https:\/\/dicodusport.fr\/blog\/deces-de-christophe-dominici-ancien-international-du-xv-de-france\/\",\"name\":\"D\u00e9c\u00e8s de Christophe Dominici, ancien international du XV de France\",\"isPartOf\":{\"@id\":\"https:\/\/dicodusport.fr\/blog\/#website\"},\"primaryImageOfPage\":{\"@id\":\"https:\/\/dicodusport.fr\/blog\/deces-de-christophe-dominici-ancien-international-du-xv-de-france\/#primaryimage\"},\"image\":{\"@id\":\"https:\/\/dicodusport.fr\/blog\/deces-de-christophe-dominici-ancien-international-du-xv-de-france\/#primaryimage\"},\"thumbnailUrl\":\"https:\/\/dicodusport.fr\/blog\/wp-content\/uploads\/2020\/05\/Christophe-Dominici-nouvel-homme-fort-de-B\u00e9ziers-ce-serait-fait-\u00e0-99.png\",\"datePublished\":\"2020-11-24T15:11:45+00:00\",\"dateModified\":\"2021-10-18T14:40:09+00:00\",\"description\":\"Nos confr\u00e8res de Rugbyrama ont confirm\u00e9 la disparition brutale de Christophe Dominici \u00e0 seulement 48 ans.\",\"breadcrumb\":{\"@id\":\"https:\/\/dicodusport.fr\/blog\/deces-de-christophe-dominici-ancien-international-du-xv-de-france\/#breadcrumb\"},\"inLanguage\":\"fr-FR\",\"potentialAction\":[{\"@type\":\"ReadAction\",\"target\":[\"https:\/\/dicodusport.fr\/blog\/deces-de-christophe-dominici-ancien-international-du-xv-de-france\/\"]}]},{\"@type\":\"ImageObject\",\"inLanguage\":\"fr-FR\",\"@id\":\"https:\/\/dicodusport.fr\/blog\/deces-de-christophe-dominici-ancien-international-du-xv-de-france\/#primaryimage\",\"url\":\"https:\/\/dicodusport.fr\/blog\/wp-content\/uploads\/2020\/05\/Christophe-Dominici-nouvel-homme-fort-de-B\u00e9ziers-ce-serait-fait-\u00e0-99.png\",\"contentUrl\":\"https:\/\/dicodusport.fr\/blog\/wp-content\/uploads\/2020\/05\/Christophe-Dominici-nouvel-homme-fort-de-B\u00e9ziers-ce-serait-fait-\u00e0-99.png\",\"width\":800,\"height\":445,\"caption\":\"Christophe Dominici nouvel homme fort de B\u00e9ziers, ce serait fait \u00e0 99%\"},{\"@type\":\"BreadcrumbList\",\"@id\":\"https:\/\/dicodusport.fr\/blog\/deces-de-christophe-dominici-ancien-international-du-xv-de-france\/#breadcrumb\",\"itemListElement\":[{\"@type\":\"ListItem\",\"position\":1,\"name\":\"Accueil\",\"item\":\"https:\/\/dicodusport.fr\/blog\/\"},{\"@type\":\"ListItem\",\"position\":2,\"name\":\"D\u00e9c\u00e8s de Christophe Dominici, ancien international du XV de France\"}]},{\"@type\":\"WebSite\",\"@id\":\"https:\/\/dicodusport.fr\/blog\/#website\",\"url\":\"https:\/\/dicodusport.fr\/blog\/\",\"name\":\"Dicodusport\",\"description\":\"L&#039;encyclop\u00e9die de l&#039;actualit\u00e9 sportive\",\"publisher\":{\"@id\":\"https:\/\/dicodusport.fr\/blog\/#organization\"},\"potentialAction\":[{\"@type\":\"SearchAction\",\"target\":{\"@type\":\"EntryPoint\",\"urlTemplate\":\"https:\/\/dicodusport.fr\/blog\/?s={search_term_string}\"},\"query-input\":{\"@type\":\"PropertyValueSpecification\",\"valueRequired\":true,\"valueName\":\"search_term_string\"}}],\"inLanguage\":\"fr-FR\"},{\"@type\":\"NewsMediaOrganization\",\"@id\":\"https:\/\/dicodusport.fr\/blog\/#organization\",\"name\":\"Dicodusport\",\"url\":\"https:\/\/dicodusport.fr\/blog\/\",\"logo\":{\"@type\":\"ImageObject\",\"inLanguage\":\"fr-FR\",\"@id\":\"https:\/\/dicodusport.fr\/blog\/#\/schema\/logo\/image\/\",\"url\":\"https:\/\/dicodusport.fr\/blog\/wp-content\/uploads\/2020\/06\/cropped-LOGO-DICODUSPORT-2020-SANS-FOND-SANS-TEXTE.png\",\"contentUrl\":\"https:\/\/dicodusport.fr\/blog\/wp-content\/uploads\/2020\/06\/cropped-LOGO-DICODUSPORT-2020-SANS-FOND-SANS-TEXTE.png\",\"width\":512,\"height\":512,\"caption\":\"Dicodusport\"},\"image\":{\"@id\":\"https:\/\/dicodusport.fr\/blog\/#\/schema\/logo\/image\/\"},\"sameAs\":[\"https:\/\/www.facebook.com\/dicodusport\",\"https:\/\/x.com\/dicodusport\",\"https:\/\/www.instagram.com\/dicodusport\/\",\"https:\/\/www.youtube.com\/channel\/UC7V2KZ5sd3htJivAbA4ZG3w\"],\"description\":\"Dicodusport est l'encyclop\u00e9die de l'actualit\u00e9 sportive.\",\"email\":\"bonjour@dicodusport.fr\",\"legalName\":\"DICODUSPORT\",\"foundingDate\":\"2018-01-14\",\"vatID\":\"FR71834470973\",\"taxID\":\"83447097300043\",\"numberOfEmployees\":{\"@type\":\"QuantitativeValue\",\"minValue\":\"1\",\"maxValue\":\"10\"}},{\"@type\":\"Person\",\"@id\":\"https:\/\/dicodusport.fr\/blog\/#\/schema\/person\/55dcb50ad410894e431ed812bbb70191\",\"name\":\"Nicolas Jacquemard\",\"image\":{\"@type\":\"ImageObject\",\"inLanguage\":\"fr-FR\",\"@id\":\"https:\/\/dicodusport.fr\/blog\/#\/schema\/person\/image\/\",\"url\":\"https:\/\/dicodusport.fr\/blog\/wp-content\/uploads\/2021\/05\/Nicolas-Jacquemard-150x150.jpeg\",\"contentUrl\":\"https:\/\/dicodusport.fr\/blog\/wp-content\/uploads\/2021\/05\/Nicolas-Jacquemard-150x150.jpeg\",\"caption\":\"Nicolas Jacquemard\"},\"description\":\"Passionn\u00e9 de sport et entrepreneur depuis mes 18 ans, la cr\u00e9ation de Dicodusport m'a sembl\u00e9 \u00e9vidente pour participer \u00e0 la m\u00e9diatisation d'un plus grand nombre de sports. Le chemin est long mais avec une \u00e9quipe des plus motiv\u00e9es et les Jeux Olympiques de Paris 2024 en point de mire, nous y arriverons ! Journaliste dans le monde du sport depuis plus de 5 ans, je traite aussi bien de football, de rugby, de biathlon que de cyclisme.\",\"sameAs\":[\"https:\/\/www.facebook.com\/dicodusport\",\"https:\/\/x.com\/https:\/\/twitter.com\/Nico_Jacquemard\"],\"url\":\"https:\/\/dicodusport.fr\/blog\/author\/dicodusport\/\"}]}<\/script>\n<!-- \/ Yoast SEO Premium plugin. -->","yoast_head_json":{"title":"D\u00e9c\u00e8s de Christophe Dominici, ancien international du XV de France","description":"Nos confr\u00e8res de Rugbyrama ont confirm\u00e9 la disparition brutale de Christophe Dominici \u00e0 seulement 48 ans.","robots":{"index":"index","follow":"follow","max-snippet":"max-snippet:-1","max-image-preview":"max-image-preview:large","max-video-preview":"max-video-preview:-1"},"canonical":"https:\/\/dicodusport.fr\/blog\/deces-de-christophe-dominici-ancien-international-du-xv-de-france\/","og_locale":"fr_FR","og_type":"article","og_title":"D\u00e9c\u00e8s de Christophe Dominici, ancien international du XV de France","og_description":"Nos confr\u00e8res de Rugbyrama ont confirm\u00e9 la disparition brutale de Christophe Dominici \u00e0 seulement 48 ans.","og_url":"https:\/\/dicodusport.fr\/blog\/deces-de-christophe-dominici-ancien-international-du-xv-de-france\/","og_site_name":"Dicodusport","article_publisher":"https:\/\/www.facebook.com\/dicodusport","article_author":"https:\/\/www.facebook.com\/dicodusport","article_published_time":"2020-11-24T15:11:45+00:00","article_modified_time":"2021-10-18T14:40:09+00:00","og_image":[{"width":800,"height":445,"url":"https:\/\/dicodusport.fr\/blog\/wp-content\/uploads\/2020\/05\/Christophe-Dominici-nouvel-homme-fort-de-B\u00e9ziers-ce-serait-fait-\u00e0-99.png","type":"image\/png"}],"author":"Nicolas Jacquemard","twitter_card":"summary_large_image","twitter_title":"D\u00e9c\u00e8s de Christophe Dominici, ancien international du XV de France","twitter_creator":"@https:\/\/twitter.com\/Nico_Jacquemard","twitter_site":"@dicodusport","schema":{"@context":"https:\/\/schema.org","@graph":[{"@type":"NewsArticle","@id":"https:\/\/dicodusport.fr\/blog\/deces-de-christophe-dominici-ancien-international-du-xv-de-france\/#article","isPartOf":{"@id":"https:\/\/dicodusport.fr\/blog\/deces-de-christophe-dominici-ancien-international-du-xv-de-france\/"},"author":{"name":"Nicolas Jacquemard","@id":"https:\/\/dicodusport.fr\/blog\/#\/schema\/person\/55dcb50ad410894e431ed812bbb70191"},"headline":"D\u00e9c\u00e8s de Christophe Dominici, ancien international du XV de France","datePublished":"2020-11-24T15:11:45+00:00","dateModified":"2021-10-18T14:40:09+00:00","mainEntityOfPage":{"@id":"https:\/\/dicodusport.fr\/blog\/deces-de-christophe-dominici-ancien-international-du-xv-de-france\/"},"wordCount":490,"commentCount":1,"publisher":{"@id":"https:\/\/dicodusport.fr\/blog\/#organization"},"image":{"@id":"https:\/\/dicodusport.fr\/blog\/deces-de-christophe-dominici-ancien-international-du-xv-de-france\/#primaryimage"},"thumbnailUrl":"https:\/\/dicodusport.fr\/blog\/wp-content\/uploads\/2020\/05\/Christophe-Dominici-nouvel-homme-fort-de-B\u00e9ziers-ce-serait-fait-\u00e0-99.png","keywords":["Christophe Dominici","Rugby","sport"],"articleSection":["Rugby \u00e0 XV","XV de France"],"inLanguage":"fr-FR","potentialAction":[{"@type":"CommentAction","name":"Comment","target":["https:\/\/dicodusport.fr\/blog\/deces-de-christophe-dominici-ancien-international-du-xv-de-france\/#respond"]}],"copyrightYear":"2020","copyrightHolder":{"@id":"https:\/\/dicodusport.fr\/blog\/#organization"}},{"@type":"WebPage","@id":"https:\/\/dicodusport.fr\/blog\/deces-de-christophe-dominici-ancien-international-du-xv-de-france\/","url":"https:\/\/dicodusport.fr\/blog\/deces-de-christophe-dominici-ancien-international-du-xv-de-france\/","name":"D\u00e9c\u00e8s de Christophe Dominici, ancien international du XV de France","isPartOf":{"@id":"https:\/\/dicodusport.fr\/blog\/#website"},"primaryImageOfPage":{"@id":"https:\/\/dicodusport.fr\/blog\/deces-de-christophe-dominici-ancien-international-du-xv-de-france\/#primaryimage"},"image":{"@id":"https:\/\/dicodusport.fr\/blog\/deces-de-christophe-dominici-ancien-international-du-xv-de-france\/#primaryimage"},"thumbnailUrl":"https:\/\/dicodusport.fr\/blog\/wp-content\/uploads\/2020\/05\/Christophe-Dominici-nouvel-homme-fort-de-B\u00e9ziers-ce-serait-fait-\u00e0-99.png","datePublished":"2020-11-24T15:11:45+00:00","dateModified":"2021-10-18T14:40:09+00:00","description":"Nos confr\u00e8res de Rugbyrama ont confirm\u00e9 la disparition brutale de Christophe Dominici \u00e0 seulement 48 ans.","breadcrumb":{"@id":"https:\/\/dicodusport.fr\/blog\/deces-de-christophe-dominici-ancien-international-du-xv-de-france\/#breadcrumb"},"inLanguage":"fr-FR","potentialAction":[{"@type":"ReadAction","target":["https:\/\/dicodusport.fr\/blog\/deces-de-christophe-dominici-ancien-international-du-xv-de-france\/"]}]},{"@type":"ImageObject","inLanguage":"fr-FR","@id":"https:\/\/dicodusport.fr\/blog\/deces-de-christophe-dominici-ancien-international-du-xv-de-france\/#primaryimage","url":"https:\/\/dicodusport.fr\/blog\/wp-content\/uploads\/2020\/05\/Christophe-Dominici-nouvel-homme-fort-de-B\u00e9ziers-ce-serait-fait-\u00e0-99.png","contentUrl":"https:\/\/dicodusport.fr\/blog\/wp-content\/uploads\/2020\/05\/Christophe-Dominici-nouvel-homme-fort-de-B\u00e9ziers-ce-serait-fait-\u00e0-99.png","width":800,"height":445,"caption":"Christophe Dominici nouvel homme fort de B\u00e9ziers, ce serait fait \u00e0 99%"},{"@type":"BreadcrumbList","@id":"https:\/\/dicodusport.fr\/blog\/deces-de-christophe-dominici-ancien-international-du-xv-de-france\/#breadcrumb","itemListElement":[{"@type":"ListItem","position":1,"name":"Accueil","item":"https:\/\/dicodusport.fr\/blog\/"},{"@type":"ListItem","position":2,"name":"D\u00e9c\u00e8s de Christophe Dominici, ancien international du XV de France"}]},{"@type":"WebSite","@id":"https:\/\/dicodusport.fr\/blog\/#website","url":"https:\/\/dicodusport.fr\/blog\/","name":"Dicodusport","description":"L&#039;encyclop\u00e9die de l&#039;actualit\u00e9 sportive","publisher":{"@id":"https:\/\/dicodusport.fr\/blog\/#organization"},"potentialAction":[{"@type":"SearchAction","target":{"@type":"EntryPoint","urlTemplate":"https:\/\/dicodusport.fr\/blog\/?s={search_term_string}"},"query-input":{"@type":"PropertyValueSpecification","valueRequired":true,"valueName":"search_term_string"}}],"inLanguage":"fr-FR"},{"@type":"NewsMediaOrganization","@id":"https:\/\/dicodusport.fr\/blog\/#organization","name":"Dicodusport","url":"https:\/\/dicodusport.fr\/blog\/","logo":{"@type":"ImageObject","inLanguage":"fr-FR","@id":"https:\/\/dicodusport.fr\/blog\/#\/schema\/logo\/image\/","url":"https:\/\/dicodusport.fr\/blog\/wp-content\/uploads\/2020\/06\/cropped-LOGO-DICODUSPORT-2020-SANS-FOND-SANS-TEXTE.png","contentUrl":"https:\/\/dicodusport.fr\/blog\/wp-content\/uploads\/2020\/06\/cropped-LOGO-DICODUSPORT-2020-SANS-FOND-SANS-TEXTE.png","width":512,"height":512,"caption":"Dicodusport"},"image":{"@id":"https:\/\/dicodusport.fr\/blog\/#\/schema\/logo\/image\/"},"sameAs":["https:\/\/www.facebook.com\/dicodusport","https:\/\/x.com\/dicodusport","https:\/\/www.instagram.com\/dicodusport\/","https:\/\/www.youtube.com\/channel\/UC7V2KZ5sd3htJivAbA4ZG3w"],"description":"Dicodusport est l'encyclop\u00e9die de l'actualit\u00e9 sportive.","email":"bonjour@dicodusport.fr","legalName":"DICODUSPORT","foundingDate":"2018-01-14","vatID":"FR71834470973","taxID":"83447097300043","numberOfEmployees":{"@type":"QuantitativeValue","minValue":"1","maxValue":"10"}},{"@type":"Person","@id":"https:\/\/dicodusport.fr\/blog\/#\/schema\/person\/55dcb50ad410894e431ed812bbb70191","name":"Nicolas Jacquemard","image":{"@type":"ImageObject","inLanguage":"fr-FR","@id":"https:\/\/dicodusport.fr\/blog\/#\/schema\/person\/image\/","url":"https:\/\/dicodusport.fr\/blog\/wp-content\/uploads\/2021\/05\/Nicolas-Jacquemard-150x150.jpeg","contentUrl":"https:\/\/dicodusport.fr\/blog\/wp-content\/uploads\/2021\/05\/Nicolas-Jacquemard-150x150.jpeg","caption":"Nicolas Jacquemard"},"description":"Passionn\u00e9 de sport et entrepreneur depuis mes 18 ans, la cr\u00e9ation de Dicodusport m'a sembl\u00e9 \u00e9vidente pour participer \u00e0 la m\u00e9diatisation d'un plus grand nombre de sports. Le chemin est long mais avec une \u00e9quipe des plus motiv\u00e9es et les Jeux Olympiques de Paris 2024 en point de mire, nous y arriverons ! Journaliste dans le monde du sport depuis plus de 5 ans, je traite aussi bien de football, de rugby, de biathlon que de cyclisme.","sameAs":["https:\/\/www.facebook.com\/dicodusport","https:\/\/x.com\/https:\/\/twitter.com\/Nico_Jacquemard"],"url":"https:\/\/dicodusport.fr\/blog\/author\/dicodusport\/"}]}},"_links":{"self":[{"href":"https:\/\/dicodusport.fr\/blog\/wp-json\/wp\/v2\/posts\/89745","targetHints":{"allow":["GET"]}}],"collection":[{"href":"https:\/\/dicodusport.fr\/blog\/wp-json\/wp\/v2\/posts"}],"about":[{"href":"https:\/\/dicodusport.fr\/blog\/wp-json\/wp\/v2\/types\/post"}],"author":[{"embeddable":true,"href":"https:\/\/dicodusport.fr\/blog\/wp-json\/wp\/v2\/users\/1"}],"replies":[{"embeddable":true,"href":"https:\/\/dicodusport.fr\/blog\/wp-json\/wp\/v2\/comments?post=89745"}],"version-history":[{"count":0,"href":"https:\/\/dicodusport.fr\/blog\/wp-json\/wp\/v2\/posts\/89745\/revisions"}],"wp:featuredmedia":[{"embeddable":true,"href":"https:\/\/dicodusport.fr\/blog\/wp-json\/wp\/v2\/media\/67467"}],"wp:attachment":[{"href":"https:\/\/dicodusport.fr\/blog\/wp-json\/wp\/v2\/media?parent=89745"}],"wp:term":[{"taxonomy":"category","embeddable":true,"href":"https:\/\/dicodusport.fr\/blog\/wp-json\/wp\/v2\/categories?post=89745"},{"taxonomy":"post_tag","embeddable":true,"href":"https:\/\/dicodusport.fr\/blog\/wp-json\/wp\/v2\/tags?post=89745"}],"curies":[{"name":"wp","href":"https:\/\/api.w.org\/{rel}","templated":true}]}}