{"id":89903,"date":"2020-11-25T17:30:02","date_gmt":"2020-11-25T16:30:02","guid":{"rendered":"https:\/\/dicodusport.fr\/blog\/?p=89903&#038;preview=true&#038;preview_id=89903"},"modified":"2020-11-25T19:20:18","modified_gmt":"2020-11-25T18:20:18","slug":"diego-maradona-est-mort","status":"publish","type":"post","link":"https:\/\/dicodusport.fr\/blog\/diego-maradona-est-mort\/","title":{"rendered":"Diego Maradona est mort"},"content":{"rendered":"<p style=\"text-align: justify;\"><strong><em>CARNET NOIR &#8211; Ce mercredi, la presse argentine a annonc\u00e9 la mort de l&rsquo;illustre Diego Maradona. \u00c2g\u00e9 de 60 ans, l&rsquo;un des num\u00e9ros 10 les plus c\u00e9l\u00e8bres de l&rsquo;histoire du football serait d\u00e9c\u00e9d\u00e9 d&rsquo;un arr\u00eat cardiaque.<\/em><\/strong><\/p>\n<p style=\"text-align: justify;\">La loi des s\u00e9ries&#8230;\u00a0<a href=\"https:\/\/dicodusport.fr\/blog\/deces-de-christophe-dominici-ancien-international-du-xv-de-france\/\" target=\"_blank\" rel=\"noopener noreferrer\"><strong>Christophe Dominici<\/strong><\/a> hier mardi, <a href=\"https:\/\/dicodusport.fr\/blog\/deces-de-jacques-secretin-legende-du-tennis-de-table-francais\/\" target=\"_blank\" rel=\"noopener noreferrer\"><strong>Jacques Secr\u00e9tin<\/strong><\/a> cette nuit, le sport vient de perdre une nouvelle l\u00e9gende, et pas des moindres. Selon la presse argentine, <em>El Pibe de Oro<\/em> est d\u00e9c\u00e9d\u00e9 d&rsquo;un arr\u00eat cardiaque \u00e0 l&rsquo;\u00e2ge de 60 ans. Op\u00e9r\u00e9 en urgence d&rsquo;un h\u00e9matome au cerveau d\u00e9but de novembre, <strong>Maradona<\/strong>, consid\u00e9r\u00e9 comme l&rsquo;un des deux plus grands monstres de l&rsquo;histoire du football aux c\u00f4t\u00e9s du roi Pel\u00e9, avait \u00e9t\u00e9 autoris\u00e9 \u00e0 quitter l&rsquo;h\u00f4pital le 11 novembre dernier.<\/p>\n<blockquote class=\"twitter-tweet\">\n<p dir=\"ltr\" lang=\"fr\">Ta l\u00e9gende restera immortelle, Diego. <a href=\"https:\/\/t.co\/welqLkT6tS\">https:\/\/t.co\/welqLkT6tS<\/a><\/p>\n<p>\u2014 SO FOOT (@sofoot) <a href=\"https:\/\/twitter.com\/sofoot\/status\/1331639462514876422?ref_src=twsrc%5Etfw\">November 25, 2020<\/a><\/p><\/blockquote>\n<p><script async src=\"https:\/\/platform.twitter.com\/widgets.js\" charset=\"utf-8\"><\/script><\/p>\n<p style=\"text-align: justify;\"><strong>Maradona<\/strong>, n\u00e9 le 30 octobre 1960 dans la province de Buenos Aires, \u00e9tait une idole en Argentine. Vainqueur de la <strong>Coupe du monde en 1986<\/strong> avec l&rsquo;<em>Albiceleste<\/em>, il avait marqu\u00e9 de son empreinte la comp\u00e9tition, avec 5 buts et 5 passes d\u00e9cisives en sept rencontres. C&rsquo;est lors du quart de finale face \u00e0 l&rsquo;Angleterre qu&rsquo;il \u00e9tait d\u00e9finitivement entr\u00e9 dans la l\u00e9gende du ballon rond, signant un but de la main, geste qu&rsquo;il avait qualifi\u00e9 lui-m\u00eame de \u00ab\u00a0Main de Dieu\u00a0\u00bb. Un \u00e9pisode qui fait partie de l&rsquo;histoire du football \u00e0 jamais.<\/p>\n<h2 style=\"text-align: justify;\">Naples, l&rsquo;\u00e2ge d&rsquo;or<\/h2>\n<p style=\"text-align: justify;\">Sur la lanc\u00e9e du Mondial 1986, <strong>Diego Maradona<\/strong> vivra ses meilleures ann\u00e9es sportives aux <strong>Napoli<\/strong>, en Italie, au sein d&rsquo;un club populaire. Ses origines tr\u00e8s modestes et ses performances sportives feront de lui une v\u00e9ritable ic\u00f4ne \u00e0 Naples, adul\u00e9 par les supporters d&rsquo;un club qui remportera son premier titre de champion d&rsquo;Italie lors de la saison 1986-1987, devant la grande Juve de Michel Platini. Le club napolitain r\u00e9alisera le doubl\u00e9, avec en prime, la Coupe d&rsquo;Italie. Sur la sc\u00e8ne europ\u00e9enne, Maradona et le Napoli ne parviendront pas \u00e0 briller dans la plus grande des Coupes d&rsquo;Europe, et se contenteront de soulever alors la Coupe de l&rsquo;UEFA en 1989, avant d&rsquo;enlever un deuxi\u00e8me Scudetto en 1990.<\/p>\n<div id=\"attachment_89920\" style=\"width: 861px\" class=\"wp-caption aligncenter\"><img loading=\"lazy\" decoding=\"async\" aria-describedby=\"caption-attachment-89920\" class=\"size-full wp-image-89920\" src=\"https:\/\/dicodusport.fr\/blog\/wp-content\/uploads\/2020\/11\/Diego-Maradona-avec-le-maillot-du-Napoli-Getty-Images.jpg\" alt=\"Diego Maradona avec le maillot du Napoli - Getty Images\" width=\"851\" height=\"479\" srcset=\"https:\/\/dicodusport.fr\/blog\/wp-content\/uploads\/2020\/11\/Diego-Maradona-avec-le-maillot-du-Napoli-Getty-Images.jpg 851w, https:\/\/dicodusport.fr\/blog\/wp-content\/uploads\/2020\/11\/Diego-Maradona-avec-le-maillot-du-Napoli-Getty-Images-300x169.jpg 300w, https:\/\/dicodusport.fr\/blog\/wp-content\/uploads\/2020\/11\/Diego-Maradona-avec-le-maillot-du-Napoli-Getty-Images-768x432.jpg 768w\" sizes=\"auto, (max-width: 851px) 100vw, 851px\" \/><p id=\"caption-attachment-89920\" class=\"wp-caption-text\">Diego Maradona avec le maillot du Napoli &#8211; Getty Images<\/p><\/div>\n<h2 style=\"text-align: justify;\">La descente aux enfers<\/h2>\n<p style=\"text-align: justify;\">Le d\u00e9clin, il sera amorc\u00e9 d\u00e8s 1991. <strong>Maradona<\/strong> est alors contr\u00f4l\u00e9 positif \u00e0 la coca\u00efne. Trois ans plus tard, lors de sa 4\u00e8me Coupe du monde, il subit un nouveau contr\u00f4le positif, \u00e0 l&rsquo;\u00e9ph\u00e9drine cette fois, un d\u00e9riv\u00e9 des amph\u00e9tamines. Il raccrochera d\u00e9finitivement les crampons en 1997, apr\u00e8s un dernier baroud d&rsquo;honneur avec <strong>Boca Juniors<\/strong>. La suite ? Ses exc\u00e8s, d\u00e9bouchant sur des probl\u00e8mes de sant\u00e9, viendront ternir l&rsquo;image de l&rsquo;Argentin. D\u00e9pendant \u00e0 l&rsquo;alcool et \u00e0 la coca\u00efne, il fera de nombreux malaises cardiaques, comme en 2004 et 2007.<\/p>\n<p style=\"text-align: justify;\">Parall\u00e8lement, et malgr\u00e9 ses probl\u00e8mes de sant\u00e9 et d&rsquo;hygi\u00e8ne de vie, il entra\u00eene plusieurs \u00e9quipes \u00e0 partir de 2008. Il sera m\u00eame le s\u00e9lectionneur de l&rsquo;Argentine durant deux ann\u00e9es, jusqu&rsquo;en 2010. Depuis 2019, il \u00e9tait \u00e0 la t\u00eate de la formation du <strong>Gimnasia La Plata<\/strong>, en Argentine. L&rsquo;homme aux 359 buts en carri\u00e8re, pour 701 matchs officiels au compteur, aura finalement rendu les armes ce 25 novembre 2020.<\/p>\n<p><strong><em>Dicodusport<br \/>\n<a href=\"https:\/\/www.facebook.com\/dicodusport\/\" target=\"_blank\" rel=\"noopener noreferrer\"><img loading=\"lazy\" decoding=\"async\" class=\"alignnone wp-image-2909\" src=\"http:\/\/dicodusport.fr\/blog\/wp-content\/uploads\/2017\/07\/logo-facebook-150x150.png\" alt=\"\" width=\"40\" height=\"40\" \/><\/a><a href=\"https:\/\/twitter.com\/dicodusport\" target=\"_blank\" rel=\"noopener noreferrer\"><img loading=\"lazy\" decoding=\"async\" class=\"alignnone wp-image-2908\" src=\"http:\/\/dicodusport.fr\/blog\/wp-content\/uploads\/2017\/07\/logo-twitter-150x150.png\" alt=\"\" width=\"39\" height=\"39\" \/><\/a><\/em><\/strong><\/p>\n","protected":false},"excerpt":{"rendered":"<p>CARNET NOIR &#8211; Ce mercredi, la presse argentine a annonc\u00e9 la mort de l&rsquo;illustre Diego Maradona. \u00c2g\u00e9 de 60 ans, l&rsquo;un des num\u00e9ros 10 les plus c\u00e9l\u00e8bres de l&rsquo;histoire serait d\u00e9c\u00e9d\u00e9 d&rsquo;un arr\u00eat cardiaque.<\/p>\n","protected":false},"author":4,"featured_media":89905,"comment_status":"open","ping_status":"closed","sticky":false,"template":"","format":"standard","meta":{"_acf_changed":false,"_daextam_enable_autolinks":"","footnotes":""},"categories":[12712,2301],"tags":[8737,75,24],"class_list":["post-89903","post","type-post","status-publish","format-standard","has-post-thumbnail","hentry","category-carnet-noir","category-football","tag-diego-maradona","tag-football","tag-sport"],"acf":[],"yoast_head":"<!-- This site is optimized with the Yoast SEO Premium plugin v26.7 (Yoast SEO v26.7) - https:\/\/yoast.com\/wordpress\/plugins\/seo\/ -->\n<title>Diego Maradona est mort<\/title>\n<meta name=\"description\" content=\"CARNET NOIR - Ce mercredi, la presse argentine a annonc\u00e9 la mort de l&#039;illustre Diego Maradona. \u00c2g\u00e9 de 60 ans, l&#039;un des num\u00e9ros 10 les plus c\u00e9l\u00e8bres de l&#039;histoire serait d\u00e9c\u00e9d\u00e9 d&#039;un arr\u00eat cardiaque.\" \/>\n<meta name=\"robots\" content=\"index, follow, max-snippet:-1, max-image-preview:large, max-video-preview:-1\" \/>\n<link rel=\"canonical\" href=\"https:\/\/dicodusport.fr\/blog\/diego-maradona-est-mort\/\" \/>\n<meta property=\"og:locale\" content=\"fr_FR\" \/>\n<meta property=\"og:type\" content=\"article\" \/>\n<meta property=\"og:title\" content=\"Diego Maradona est mort\" \/>\n<meta property=\"og:description\" content=\"CARNET NOIR - Ce mercredi, la presse argentine a annonc\u00e9 la mort de l&#039;illustre Diego Maradona. \u00c2g\u00e9 de 60 ans, l&#039;un des num\u00e9ros 10 les plus c\u00e9l\u00e8bres de l&#039;histoire serait d\u00e9c\u00e9d\u00e9 d&#039;un arr\u00eat cardiaque.\" \/>\n<meta property=\"og:url\" content=\"https:\/\/dicodusport.fr\/blog\/diego-maradona-est-mort\/\" \/>\n<meta property=\"og:site_name\" content=\"Dicodusport\" \/>\n<meta property=\"article:publisher\" content=\"https:\/\/www.facebook.com\/dicodusport\" \/>\n<meta property=\"article:author\" content=\"https:\/\/www.facebook.com\/florent.ostermann\" \/>\n<meta property=\"article:published_time\" content=\"2020-11-25T16:30:02+00:00\" \/>\n<meta property=\"article:modified_time\" content=\"2020-11-25T18:20:18+00:00\" \/>\n<meta property=\"og:image\" content=\"https:\/\/dicodusport.fr\/blog\/wp-content\/uploads\/2020\/11\/Diego-Maradona.png\" \/>\n\t<meta property=\"og:image:width\" content=\"1200\" \/>\n\t<meta property=\"og:image:height\" content=\"670\" \/>\n\t<meta property=\"og:image:type\" content=\"image\/png\" \/>\n<meta name=\"author\" content=\"Flo Ostermann\" \/>\n<meta name=\"twitter:card\" content=\"summary_large_image\" \/>\n<meta name=\"twitter:title\" content=\"Diego Maradona est mort\" \/>\n<meta name=\"twitter:creator\" content=\"@https:\/\/twitter.com\/FlOstermann\" \/>\n<meta name=\"twitter:site\" content=\"@dicodusport\" \/>\n<script type=\"application\/ld+json\" class=\"yoast-schema-graph\">{\"@context\":\"https:\/\/schema.org\",\"@graph\":[{\"@type\":\"NewsArticle\",\"@id\":\"https:\/\/dicodusport.fr\/blog\/diego-maradona-est-mort\/#article\",\"isPartOf\":{\"@id\":\"https:\/\/dicodusport.fr\/blog\/diego-maradona-est-mort\/\"},\"author\":{\"name\":\"Flo Ostermann\",\"@id\":\"https:\/\/dicodusport.fr\/blog\/#\/schema\/person\/cb02af4c173ce4a653b55e9baf388d4a\"},\"headline\":\"Diego Maradona est mort\",\"datePublished\":\"2020-11-25T16:30:02+00:00\",\"dateModified\":\"2020-11-25T18:20:18+00:00\",\"mainEntityOfPage\":{\"@id\":\"https:\/\/dicodusport.fr\/blog\/diego-maradona-est-mort\/\"},\"wordCount\":577,\"commentCount\":0,\"publisher\":{\"@id\":\"https:\/\/dicodusport.fr\/blog\/#organization\"},\"image\":{\"@id\":\"https:\/\/dicodusport.fr\/blog\/diego-maradona-est-mort\/#primaryimage\"},\"thumbnailUrl\":\"https:\/\/dicodusport.fr\/blog\/wp-content\/uploads\/2020\/11\/Diego-Maradona.png\",\"keywords\":[\"Diego Maradona\",\"Football\",\"sport\"],\"articleSection\":[\"Carnet noir\",\"Football\"],\"inLanguage\":\"fr-FR\",\"potentialAction\":[{\"@type\":\"CommentAction\",\"name\":\"Comment\",\"target\":[\"https:\/\/dicodusport.fr\/blog\/diego-maradona-est-mort\/#respond\"]}],\"copyrightYear\":\"2020\",\"copyrightHolder\":{\"@id\":\"https:\/\/dicodusport.fr\/blog\/#organization\"}},{\"@type\":\"WebPage\",\"@id\":\"https:\/\/dicodusport.fr\/blog\/diego-maradona-est-mort\/\",\"url\":\"https:\/\/dicodusport.fr\/blog\/diego-maradona-est-mort\/\",\"name\":\"Diego Maradona est mort\",\"isPartOf\":{\"@id\":\"https:\/\/dicodusport.fr\/blog\/#website\"},\"primaryImageOfPage\":{\"@id\":\"https:\/\/dicodusport.fr\/blog\/diego-maradona-est-mort\/#primaryimage\"},\"image\":{\"@id\":\"https:\/\/dicodusport.fr\/blog\/diego-maradona-est-mort\/#primaryimage\"},\"thumbnailUrl\":\"https:\/\/dicodusport.fr\/blog\/wp-content\/uploads\/2020\/11\/Diego-Maradona.png\",\"datePublished\":\"2020-11-25T16:30:02+00:00\",\"dateModified\":\"2020-11-25T18:20:18+00:00\",\"description\":\"CARNET NOIR - Ce mercredi, la presse argentine a annonc\u00e9 la mort de l'illustre Diego Maradona. \u00c2g\u00e9 de 60 ans, l'un des num\u00e9ros 10 les plus c\u00e9l\u00e8bres de l'histoire serait d\u00e9c\u00e9d\u00e9 d'un arr\u00eat cardiaque.\",\"breadcrumb\":{\"@id\":\"https:\/\/dicodusport.fr\/blog\/diego-maradona-est-mort\/#breadcrumb\"},\"inLanguage\":\"fr-FR\",\"potentialAction\":[{\"@type\":\"ReadAction\",\"target\":[\"https:\/\/dicodusport.fr\/blog\/diego-maradona-est-mort\/\"]}]},{\"@type\":\"ImageObject\",\"inLanguage\":\"fr-FR\",\"@id\":\"https:\/\/dicodusport.fr\/blog\/diego-maradona-est-mort\/#primaryimage\",\"url\":\"https:\/\/dicodusport.fr\/blog\/wp-content\/uploads\/2020\/11\/Diego-Maradona.png\",\"contentUrl\":\"https:\/\/dicodusport.fr\/blog\/wp-content\/uploads\/2020\/11\/Diego-Maradona.png\",\"width\":1200,\"height\":670,\"caption\":\"Diego Maradona est mort\"},{\"@type\":\"BreadcrumbList\",\"@id\":\"https:\/\/dicodusport.fr\/blog\/diego-maradona-est-mort\/#breadcrumb\",\"itemListElement\":[{\"@type\":\"ListItem\",\"position\":1,\"name\":\"Accueil\",\"item\":\"https:\/\/dicodusport.fr\/blog\/\"},{\"@type\":\"ListItem\",\"position\":2,\"name\":\"Diego Maradona est mort\"}]},{\"@type\":\"WebSite\",\"@id\":\"https:\/\/dicodusport.fr\/blog\/#website\",\"url\":\"https:\/\/dicodusport.fr\/blog\/\",\"name\":\"Dicodusport\",\"description\":\"L&#039;encyclop\u00e9die de l&#039;actualit\u00e9 sportive\",\"publisher\":{\"@id\":\"https:\/\/dicodusport.fr\/blog\/#organization\"},\"potentialAction\":[{\"@type\":\"SearchAction\",\"target\":{\"@type\":\"EntryPoint\",\"urlTemplate\":\"https:\/\/dicodusport.fr\/blog\/?s={search_term_string}\"},\"query-input\":{\"@type\":\"PropertyValueSpecification\",\"valueRequired\":true,\"valueName\":\"search_term_string\"}}],\"inLanguage\":\"fr-FR\"},{\"@type\":\"NewsMediaOrganization\",\"@id\":\"https:\/\/dicodusport.fr\/blog\/#organization\",\"name\":\"Dicodusport\",\"url\":\"https:\/\/dicodusport.fr\/blog\/\",\"logo\":{\"@type\":\"ImageObject\",\"inLanguage\":\"fr-FR\",\"@id\":\"https:\/\/dicodusport.fr\/blog\/#\/schema\/logo\/image\/\",\"url\":\"https:\/\/dicodusport.fr\/blog\/wp-content\/uploads\/2020\/06\/cropped-LOGO-DICODUSPORT-2020-SANS-FOND-SANS-TEXTE.png\",\"contentUrl\":\"https:\/\/dicodusport.fr\/blog\/wp-content\/uploads\/2020\/06\/cropped-LOGO-DICODUSPORT-2020-SANS-FOND-SANS-TEXTE.png\",\"width\":512,\"height\":512,\"caption\":\"Dicodusport\"},\"image\":{\"@id\":\"https:\/\/dicodusport.fr\/blog\/#\/schema\/logo\/image\/\"},\"sameAs\":[\"https:\/\/www.facebook.com\/dicodusport\",\"https:\/\/x.com\/dicodusport\",\"https:\/\/www.instagram.com\/dicodusport\/\",\"https:\/\/www.youtube.com\/channel\/UC7V2KZ5sd3htJivAbA4ZG3w\"],\"description\":\"Dicodusport est l'encyclop\u00e9die de l'actualit\u00e9 sportive.\",\"email\":\"bonjour@dicodusport.fr\",\"legalName\":\"DICODUSPORT\",\"foundingDate\":\"2018-01-14\",\"vatID\":\"FR71834470973\",\"taxID\":\"83447097300043\",\"numberOfEmployees\":{\"@type\":\"QuantitativeValue\",\"minValue\":\"1\",\"maxValue\":\"10\"}},{\"@type\":\"Person\",\"@id\":\"https:\/\/dicodusport.fr\/blog\/#\/schema\/person\/cb02af4c173ce4a653b55e9baf388d4a\",\"name\":\"Flo Ostermann\",\"image\":{\"@type\":\"ImageObject\",\"inLanguage\":\"fr-FR\",\"@id\":\"https:\/\/dicodusport.fr\/blog\/#\/schema\/person\/image\/\",\"url\":\"https:\/\/dicodusport.fr\/blog\/wp-content\/uploads\/2021\/05\/Flo-Ostermann-150x150.jpg\",\"contentUrl\":\"https:\/\/dicodusport.fr\/blog\/wp-content\/uploads\/2021\/05\/Flo-Ostermann-150x150.jpg\",\"caption\":\"Flo Ostermann\"},\"description\":\"Journaliste\/R\u00e9dacteur depuis septembre 2015 - Mes premiers souvenirs dans le sport ? Les envol\u00e9es du Stade Toulousain et les duels Villeneuve-Schumacher et H\u00e4kkinen-Schumacher \u00e0 la fin des ann\u00e9es 90, la Coupe du monde de football en 1998, l\u2019exploit du XV de France face aux All Blacks en 1999, mais aussi Richard C\u0153ur de Lion qui vole sur les montagnes du Tour de France. Bien parti pour devenir professeur d\u2019EPS, les \u00e9v\u00e9nements de la vie (et la flemme d\u2019animer des s\u00e9ances de 3x500 m\u00e8tres toute ma vie) m\u2019ont conduit \u00e0 revoir mes plans. Me voil\u00e0 depuis fin 2017 sur Dicodusport, m\u00e9dia gr\u00e2ce (et pour) lequel je partage ma passion : le sport dans tous ses \u00e9tats. Le tout accompagn\u00e9 par les fous furieux et folles furieuses cit\u00e9s sur cette page !\",\"sameAs\":[\"https:\/\/www.facebook.com\/florent.ostermann\",\"https:\/\/x.com\/https:\/\/twitter.com\/FlOstermann\",\"admin\"],\"url\":\"https:\/\/dicodusport.fr\/blog\/author\/flo\/\"}]}<\/script>\n<!-- \/ Yoast SEO Premium plugin. -->","yoast_head_json":{"title":"Diego Maradona est mort","description":"CARNET NOIR - Ce mercredi, la presse argentine a annonc\u00e9 la mort de l'illustre Diego Maradona. \u00c2g\u00e9 de 60 ans, l'un des num\u00e9ros 10 les plus c\u00e9l\u00e8bres de l'histoire serait d\u00e9c\u00e9d\u00e9 d'un arr\u00eat cardiaque.","robots":{"index":"index","follow":"follow","max-snippet":"max-snippet:-1","max-image-preview":"max-image-preview:large","max-video-preview":"max-video-preview:-1"},"canonical":"https:\/\/dicodusport.fr\/blog\/diego-maradona-est-mort\/","og_locale":"fr_FR","og_type":"article","og_title":"Diego Maradona est mort","og_description":"CARNET NOIR - Ce mercredi, la presse argentine a annonc\u00e9 la mort de l'illustre Diego Maradona. \u00c2g\u00e9 de 60 ans, l'un des num\u00e9ros 10 les plus c\u00e9l\u00e8bres de l'histoire serait d\u00e9c\u00e9d\u00e9 d'un arr\u00eat cardiaque.","og_url":"https:\/\/dicodusport.fr\/blog\/diego-maradona-est-mort\/","og_site_name":"Dicodusport","article_publisher":"https:\/\/www.facebook.com\/dicodusport","article_author":"https:\/\/www.facebook.com\/florent.ostermann","article_published_time":"2020-11-25T16:30:02+00:00","article_modified_time":"2020-11-25T18:20:18+00:00","og_image":[{"width":1200,"height":670,"url":"https:\/\/dicodusport.fr\/blog\/wp-content\/uploads\/2020\/11\/Diego-Maradona.png","type":"image\/png"}],"author":"Flo Ostermann","twitter_card":"summary_large_image","twitter_title":"Diego Maradona est mort","twitter_creator":"@https:\/\/twitter.com\/FlOstermann","twitter_site":"@dicodusport","schema":{"@context":"https:\/\/schema.org","@graph":[{"@type":"NewsArticle","@id":"https:\/\/dicodusport.fr\/blog\/diego-maradona-est-mort\/#article","isPartOf":{"@id":"https:\/\/dicodusport.fr\/blog\/diego-maradona-est-mort\/"},"author":{"name":"Flo Ostermann","@id":"https:\/\/dicodusport.fr\/blog\/#\/schema\/person\/cb02af4c173ce4a653b55e9baf388d4a"},"headline":"Diego Maradona est mort","datePublished":"2020-11-25T16:30:02+00:00","dateModified":"2020-11-25T18:20:18+00:00","mainEntityOfPage":{"@id":"https:\/\/dicodusport.fr\/blog\/diego-maradona-est-mort\/"},"wordCount":577,"commentCount":0,"publisher":{"@id":"https:\/\/dicodusport.fr\/blog\/#organization"},"image":{"@id":"https:\/\/dicodusport.fr\/blog\/diego-maradona-est-mort\/#primaryimage"},"thumbnailUrl":"https:\/\/dicodusport.fr\/blog\/wp-content\/uploads\/2020\/11\/Diego-Maradona.png","keywords":["Diego Maradona","Football","sport"],"articleSection":["Carnet noir","Football"],"inLanguage":"fr-FR","potentialAction":[{"@type":"CommentAction","name":"Comment","target":["https:\/\/dicodusport.fr\/blog\/diego-maradona-est-mort\/#respond"]}],"copyrightYear":"2020","copyrightHolder":{"@id":"https:\/\/dicodusport.fr\/blog\/#organization"}},{"@type":"WebPage","@id":"https:\/\/dicodusport.fr\/blog\/diego-maradona-est-mort\/","url":"https:\/\/dicodusport.fr\/blog\/diego-maradona-est-mort\/","name":"Diego Maradona est mort","isPartOf":{"@id":"https:\/\/dicodusport.fr\/blog\/#website"},"primaryImageOfPage":{"@id":"https:\/\/dicodusport.fr\/blog\/diego-maradona-est-mort\/#primaryimage"},"image":{"@id":"https:\/\/dicodusport.fr\/blog\/diego-maradona-est-mort\/#primaryimage"},"thumbnailUrl":"https:\/\/dicodusport.fr\/blog\/wp-content\/uploads\/2020\/11\/Diego-Maradona.png","datePublished":"2020-11-25T16:30:02+00:00","dateModified":"2020-11-25T18:20:18+00:00","description":"CARNET NOIR - Ce mercredi, la presse argentine a annonc\u00e9 la mort de l'illustre Diego Maradona. \u00c2g\u00e9 de 60 ans, l'un des num\u00e9ros 10 les plus c\u00e9l\u00e8bres de l'histoire serait d\u00e9c\u00e9d\u00e9 d'un arr\u00eat cardiaque.","breadcrumb":{"@id":"https:\/\/dicodusport.fr\/blog\/diego-maradona-est-mort\/#breadcrumb"},"inLanguage":"fr-FR","potentialAction":[{"@type":"ReadAction","target":["https:\/\/dicodusport.fr\/blog\/diego-maradona-est-mort\/"]}]},{"@type":"ImageObject","inLanguage":"fr-FR","@id":"https:\/\/dicodusport.fr\/blog\/diego-maradona-est-mort\/#primaryimage","url":"https:\/\/dicodusport.fr\/blog\/wp-content\/uploads\/2020\/11\/Diego-Maradona.png","contentUrl":"https:\/\/dicodusport.fr\/blog\/wp-content\/uploads\/2020\/11\/Diego-Maradona.png","width":1200,"height":670,"caption":"Diego Maradona est mort"},{"@type":"BreadcrumbList","@id":"https:\/\/dicodusport.fr\/blog\/diego-maradona-est-mort\/#breadcrumb","itemListElement":[{"@type":"ListItem","position":1,"name":"Accueil","item":"https:\/\/dicodusport.fr\/blog\/"},{"@type":"ListItem","position":2,"name":"Diego Maradona est mort"}]},{"@type":"WebSite","@id":"https:\/\/dicodusport.fr\/blog\/#website","url":"https:\/\/dicodusport.fr\/blog\/","name":"Dicodusport","description":"L&#039;encyclop\u00e9die de l&#039;actualit\u00e9 sportive","publisher":{"@id":"https:\/\/dicodusport.fr\/blog\/#organization"},"potentialAction":[{"@type":"SearchAction","target":{"@type":"EntryPoint","urlTemplate":"https:\/\/dicodusport.fr\/blog\/?s={search_term_string}"},"query-input":{"@type":"PropertyValueSpecification","valueRequired":true,"valueName":"search_term_string"}}],"inLanguage":"fr-FR"},{"@type":"NewsMediaOrganization","@id":"https:\/\/dicodusport.fr\/blog\/#organization","name":"Dicodusport","url":"https:\/\/dicodusport.fr\/blog\/","logo":{"@type":"ImageObject","inLanguage":"fr-FR","@id":"https:\/\/dicodusport.fr\/blog\/#\/schema\/logo\/image\/","url":"https:\/\/dicodusport.fr\/blog\/wp-content\/uploads\/2020\/06\/cropped-LOGO-DICODUSPORT-2020-SANS-FOND-SANS-TEXTE.png","contentUrl":"https:\/\/dicodusport.fr\/blog\/wp-content\/uploads\/2020\/06\/cropped-LOGO-DICODUSPORT-2020-SANS-FOND-SANS-TEXTE.png","width":512,"height":512,"caption":"Dicodusport"},"image":{"@id":"https:\/\/dicodusport.fr\/blog\/#\/schema\/logo\/image\/"},"sameAs":["https:\/\/www.facebook.com\/dicodusport","https:\/\/x.com\/dicodusport","https:\/\/www.instagram.com\/dicodusport\/","https:\/\/www.youtube.com\/channel\/UC7V2KZ5sd3htJivAbA4ZG3w"],"description":"Dicodusport est l'encyclop\u00e9die de l'actualit\u00e9 sportive.","email":"bonjour@dicodusport.fr","legalName":"DICODUSPORT","foundingDate":"2018-01-14","vatID":"FR71834470973","taxID":"83447097300043","numberOfEmployees":{"@type":"QuantitativeValue","minValue":"1","maxValue":"10"}},{"@type":"Person","@id":"https:\/\/dicodusport.fr\/blog\/#\/schema\/person\/cb02af4c173ce4a653b55e9baf388d4a","name":"Flo Ostermann","image":{"@type":"ImageObject","inLanguage":"fr-FR","@id":"https:\/\/dicodusport.fr\/blog\/#\/schema\/person\/image\/","url":"https:\/\/dicodusport.fr\/blog\/wp-content\/uploads\/2021\/05\/Flo-Ostermann-150x150.jpg","contentUrl":"https:\/\/dicodusport.fr\/blog\/wp-content\/uploads\/2021\/05\/Flo-Ostermann-150x150.jpg","caption":"Flo Ostermann"},"description":"Journaliste\/R\u00e9dacteur depuis septembre 2015 - Mes premiers souvenirs dans le sport ? Les envol\u00e9es du Stade Toulousain et les duels Villeneuve-Schumacher et H\u00e4kkinen-Schumacher \u00e0 la fin des ann\u00e9es 90, la Coupe du monde de football en 1998, l\u2019exploit du XV de France face aux All Blacks en 1999, mais aussi Richard C\u0153ur de Lion qui vole sur les montagnes du Tour de France. Bien parti pour devenir professeur d\u2019EPS, les \u00e9v\u00e9nements de la vie (et la flemme d\u2019animer des s\u00e9ances de 3x500 m\u00e8tres toute ma vie) m\u2019ont conduit \u00e0 revoir mes plans. Me voil\u00e0 depuis fin 2017 sur Dicodusport, m\u00e9dia gr\u00e2ce (et pour) lequel je partage ma passion : le sport dans tous ses \u00e9tats. Le tout accompagn\u00e9 par les fous furieux et folles furieuses cit\u00e9s sur cette page !","sameAs":["https:\/\/www.facebook.com\/florent.ostermann","https:\/\/x.com\/https:\/\/twitter.com\/FlOstermann","admin"],"url":"https:\/\/dicodusport.fr\/blog\/author\/flo\/"}]}},"_links":{"self":[{"href":"https:\/\/dicodusport.fr\/blog\/wp-json\/wp\/v2\/posts\/89903","targetHints":{"allow":["GET"]}}],"collection":[{"href":"https:\/\/dicodusport.fr\/blog\/wp-json\/wp\/v2\/posts"}],"about":[{"href":"https:\/\/dicodusport.fr\/blog\/wp-json\/wp\/v2\/types\/post"}],"author":[{"embeddable":true,"href":"https:\/\/dicodusport.fr\/blog\/wp-json\/wp\/v2\/users\/4"}],"replies":[{"embeddable":true,"href":"https:\/\/dicodusport.fr\/blog\/wp-json\/wp\/v2\/comments?post=89903"}],"version-history":[{"count":0,"href":"https:\/\/dicodusport.fr\/blog\/wp-json\/wp\/v2\/posts\/89903\/revisions"}],"wp:featuredmedia":[{"embeddable":true,"href":"https:\/\/dicodusport.fr\/blog\/wp-json\/wp\/v2\/media\/89905"}],"wp:attachment":[{"href":"https:\/\/dicodusport.fr\/blog\/wp-json\/wp\/v2\/media?parent=89903"}],"wp:term":[{"taxonomy":"category","embeddable":true,"href":"https:\/\/dicodusport.fr\/blog\/wp-json\/wp\/v2\/categories?post=89903"},{"taxonomy":"post_tag","embeddable":true,"href":"https:\/\/dicodusport.fr\/blog\/wp-json\/wp\/v2\/tags?post=89903"}],"curies":[{"name":"wp","href":"https:\/\/api.w.org\/{rel}","templated":true}]}}