{"id":89976,"date":"2020-11-26T14:33:36","date_gmt":"2020-11-26T13:33:36","guid":{"rendered":"https:\/\/dicodusport.fr\/blog\/?p=89976"},"modified":"2020-11-26T14:37:46","modified_gmt":"2020-11-26T13:37:46","slug":"ligue-des-champions-de-handball-le-psg-doit-confirmer-face-a-porto","status":"publish","type":"post","link":"https:\/\/dicodusport.fr\/blog\/ligue-des-champions-de-handball-le-psg-doit-confirmer-face-a-porto\/","title":{"rendered":"Ligue des Champions de handball : Le PSG doit confirmer face \u00e0 Porto"},"content":{"rendered":"<p style=\"text-align: justify;\"><em><strong>En fin d&rsquo;apr\u00e8s-midi (18h45) le <a href=\"https:\/\/dicodusport.fr\/blog\/tag\/psg-handball\/\" target=\"_blank\" rel=\"noopener noreferrer\">PSG Handball<\/a> re\u00e7oit le FC Porto Sofarma pour le compte de la 9\u00e8me journ\u00e9e de la Ligue des Champions. Les hommes de Raul Gonzalez Gutierrez doivent l&#8217;emporter pour remonter au classement.<\/strong><\/em><\/p>\n<p style=\"text-align: justify;\">Intraitables en championnat avec 8 succ\u00e8s en autant de rencontres, les Parisiens sont flamboyants sur la sc\u00e8ne nationale. Ils poss\u00e8dent notamment une diff\u00e9rence de buts impressionnante de +80 et d\u00e9j\u00e0 5 points d&rsquo;avance sur le second, <strong>Limoges<\/strong>, qui compte un match de plus. On pourrait donc penser que tous les voyants sont au vert ? Pas totalement pourtant. En effet, sur la sc\u00e8ne europ\u00e9enne la donne est l\u00e9g\u00e8rement diff\u00e9rente. En 5 rencontres, les joueurs de la capitale ne comptent en effet que deux succ\u00e8s. S&rsquo;ils occupent la 5\u00e8me place de la poule, ce classement est tronqu\u00e9. On peut constater que <strong>Kielce<\/strong> leader de la poule a d\u00e9j\u00e0 disput\u00e9 8 rencontres, alors qu&rsquo;en position de lanterne rouge, <strong>Mol-Pick Szeged<\/strong> n&rsquo;en a disput\u00e9 que trois. Quoi qu&rsquo;il en soit, forts de leur succ\u00e8s au Portugal la semaine derni\u00e8re (34-31) les co\u00e9quipiers de <strong>Mikkel Hansen<\/strong> seraient bien inspir\u00e9s de r\u00e9\u00e9diter pareille performance.<\/p>\n<h2 style=\"text-align: justify;\">On doit tout jouer comme une finale<\/h2>\n<p style=\"text-align: justify;\">Un constat que partage l&rsquo;arri\u00e8re droit parisien <strong>Nedim Remili<\/strong>. Interrog\u00e9 par <em>Eurosport<\/em>, il est conscient qu&rsquo;ils ont pris du retard \u00e0 l&rsquo;allumage avec d\u00e9j\u00e0 3 d\u00e9faites au compteur. Voici ce qu&rsquo;il a notamment affirm\u00e9 : <em>\u00ab<\/em> <em><strong>L\u00e0 aujourd\u2019hui, on s\u2019est mis dans une situation o\u00f9, avec 3 d\u00e9faites en Ligue des champions, on est oblig\u00e9s de tout jouer comme une finale.<\/strong><\/em> <em>\u00c7a nous demande beaucoup plus de rigueur, de concentration et de discipline dans le jeu. Et cela plus t\u00f4t dans la saison que d\u2019habitude. \u00bb<\/em> Plus t\u00f4t que d&rsquo;habitude car il l&rsquo;admet, <em>\u00ab<\/em> <em><strong>C\u2019est une saison particuli\u00e8re parce qu\u2019on savait qu\u2019il fallait directement \u00eatre pr\u00eats au bout de 3 mois, avec le Final Four<\/strong>.<\/em> <em>Habituellement les matchs d\u00e9cisifs se jouent en fin de saison. \u00bb<\/em><\/p>\n<h2 style=\"text-align: justify;\">Un effectif chamboul\u00e9<\/h2>\n<p style=\"text-align: justify;\">Ce d\u00e9but de saison d\u00e9licat en Ligue des Champions peut \u00e9galement s&rsquo;expliquer par une revue d&rsquo;effectif assez importante durant l&rsquo;intersaison. Avec 5 d\u00e9parts pour 6 arriv\u00e9es et <a href=\"https:\/\/dicodusport.fr\/blog\/la-grave-blessure-de-nikola-karabatic-defi-pour-lui-meme-mais-aussi-pour-les-bleus\/\">la blessure de Nikola Karabatic<\/a>, l&rsquo;effectif a \u00e9t\u00e9 profond\u00e9ment chamboul\u00e9. Les Parisiens pourront tout de m\u00eame compter sur un renfort de qualit\u00e9 en la personne de <strong>Luc Steins<\/strong>, en provenance de <strong>Toulouse<\/strong>. Le demi-centre qui \u00ab <em><strong>ne pouvait refuser cette magnifique opportunit\u00e9 \u00bb<\/strong><\/em> arrive en qualit\u00e9 de joker m\u00e9dical. L&rsquo;international n\u00e9erlandais s&rsquo;est exprim\u00e9 sur le site officiel du club suite \u00e0 son arriv\u00e9e.<em><strong> \u00ab<\/strong><\/em>\u00a0<strong><em>Je suis tr\u00e8s fier de rejoindre un club aussi prestigieux et d\u2019avoir \u00e9t\u00e9 choisi pour renforcer une \u00e9quipe qui compte autant de talent.<\/em><\/strong> <em>De nombreux challenges nous attendent d\u2019ici la fin de la saison. Je suis impatient de porter ce maillot pour les relever.<\/em> <em>\u00bb<\/em> Cependant, il devra encore patienter un peu. Il ne sera en effet pas disponible pour la rencontre de ce soir suite \u00e0 une blessure.<\/p>\n<blockquote class=\"twitter-tweet\">\n<p dir=\"ltr\" lang=\"fr\">Ce jeudi, les &#x1f534;&#x1f535; re\u00e7oivent Porto ! <a href=\"https:\/\/twitter.com\/hashtag\/PSGFCP?src=hash&amp;ref_src=twsrc%5Etfw\">#PSGFCP<\/a> <a href=\"https:\/\/t.co\/ovgnjnBRNa\">pic.twitter.com\/ovgnjnBRNa<\/a><\/p>\n<p>\u2014 PSG Handball (@psghand) <a href=\"https:\/\/twitter.com\/psghand\/status\/1331903183300546561?ref_src=twsrc%5Etfw\">November 26, 2020<\/a><\/p><\/blockquote>\n<p><script async src=\"https:\/\/platform.twitter.com\/widgets.js\" charset=\"utf-8\"><\/script><\/p>\n<p style=\"text-align: justify;\">Dans l&rsquo;autre rencontre concernant un club francais, le <strong>HBC<\/strong> <strong>Nantes <\/strong>a remport\u00e9 hier une victoire pr\u00e9cieuse en Slov\u00e9nie. Face \u00e0 <strong>Celje<\/strong>, les hommes d&rsquo;<strong>Alberto Enterrios<\/strong> se sont impos\u00e9s sur le score de 31 \u00e0 25. Un succ\u00e8s qui permet aux Nantais de se replacer \u00e0 la 5e place du le groupe B.<\/p>\n<p><strong><em>Julien Correia<br \/>\n<a href=\"https:\/\/www.facebook.com\/julien.correia.52\" target=\"_blank\" rel=\"noopener noreferrer\"><img loading=\"lazy\" decoding=\"async\" class=\"alignnone wp-image-2909\" src=\"http:\/\/dicodusport.fr\/blog\/wp-content\/uploads\/2017\/07\/logo-facebook-150x150.png\" alt=\"\" width=\"40\" height=\"40\" \/><\/a><a href=\"https:\/\/twitter.com\/julienco_psg70\" target=\"_blank\" rel=\"noopener noreferrer\"><img loading=\"lazy\" decoding=\"async\" class=\"alignnone wp-image-2908\" src=\"http:\/\/dicodusport.fr\/blog\/wp-content\/uploads\/2017\/07\/logo-twitter-150x150.png\" alt=\"\" width=\"39\" height=\"39\" \/><\/a><\/em><\/strong><\/p>\n","protected":false},"excerpt":{"rendered":"<p>En fin d&rsquo;apr\u00e8s-midi (18h45) le PSG Handball re\u00e7oit le FC Porto Sofarma pour le compte de la 9\u00e8me journ\u00e9e de la Ligue des Champions. Les hommes de Raul Gonzalez Gutierrez doivent l&#8217;emporter pour remonter au classement.<\/p>\n","protected":false},"author":37,"featured_media":90007,"comment_status":"open","ping_status":"closed","sticky":false,"template":"","format":"standard","meta":{"_acf_changed":false,"_daextam_enable_autolinks":"","footnotes":""},"categories":[2304],"tags":[405,419,7793,2490],"class_list":["post-89976","post","type-post","status-publish","format-standard","has-post-thumbnail","hentry","category-handball","tag-handball","tag-ligue-des-champions","tag-nantes-handball","tag-psg-handball"],"acf":[],"yoast_head":"<!-- This site is optimized with the Yoast SEO Premium plugin v26.7 (Yoast SEO v26.7) - https:\/\/yoast.com\/wordpress\/plugins\/seo\/ -->\n<title>Ligue des Champions de handball : Le PSG doit confirmer face \u00e0 Porto<\/title>\n<meta name=\"description\" content=\"En fin d&#039;apr\u00e8s-midi (18h45) le PSG Handball re\u00e7oit le FC Porto Sofarma pour le compte de la 9\u00e8me journ\u00e9e de la Ligue des Champions.\" \/>\n<meta name=\"robots\" content=\"index, follow, max-snippet:-1, max-image-preview:large, max-video-preview:-1\" \/>\n<link rel=\"canonical\" href=\"https:\/\/dicodusport.fr\/blog\/ligue-des-champions-de-handball-le-psg-doit-confirmer-face-a-porto\/\" \/>\n<meta property=\"og:locale\" content=\"fr_FR\" \/>\n<meta property=\"og:type\" content=\"article\" \/>\n<meta property=\"og:title\" content=\"Ligue des Champions de handball : Le PSG doit confirmer face \u00e0 Porto\" \/>\n<meta property=\"og:description\" content=\"En fin d&#039;apr\u00e8s-midi (18h45) le PSG Handball re\u00e7oit le FC Porto Sofarma pour le compte de la 9\u00e8me journ\u00e9e de la Ligue des Champions.\" \/>\n<meta property=\"og:url\" content=\"https:\/\/dicodusport.fr\/blog\/ligue-des-champions-de-handball-le-psg-doit-confirmer-face-a-porto\/\" \/>\n<meta property=\"og:site_name\" content=\"Dicodusport\" \/>\n<meta property=\"article:publisher\" content=\"https:\/\/www.facebook.com\/dicodusport\" \/>\n<meta property=\"article:author\" content=\"https:\/\/www.facebook.com\/julien.correia.52\" \/>\n<meta property=\"article:published_time\" content=\"2020-11-26T13:33:36+00:00\" \/>\n<meta property=\"article:modified_time\" content=\"2020-11-26T13:37:46+00:00\" \/>\n<meta property=\"og:image\" content=\"https:\/\/dicodusport.fr\/blog\/wp-content\/uploads\/2020\/11\/Ligue-des-Champions-de-handball-Le-PSG-doit-confirmer-face-\u00e0-Porto.png\" \/>\n\t<meta property=\"og:image:width\" content=\"800\" \/>\n\t<meta property=\"og:image:height\" content=\"445\" \/>\n\t<meta property=\"og:image:type\" content=\"image\/png\" \/>\n<meta name=\"author\" content=\"Julien Correia\" \/>\n<meta name=\"twitter:card\" content=\"summary_large_image\" \/>\n<meta name=\"twitter:title\" content=\"Ligue des Champions de handball : Le PSG doit confirmer face \u00e0 Porto\" \/>\n<meta name=\"twitter:creator\" content=\"@https:\/\/twitter.com\/julienco_psg70\" \/>\n<meta name=\"twitter:site\" content=\"@dicodusport\" \/>\n<script type=\"application\/ld+json\" class=\"yoast-schema-graph\">{\"@context\":\"https:\/\/schema.org\",\"@graph\":[{\"@type\":\"NewsArticle\",\"@id\":\"https:\/\/dicodusport.fr\/blog\/ligue-des-champions-de-handball-le-psg-doit-confirmer-face-a-porto\/#article\",\"isPartOf\":{\"@id\":\"https:\/\/dicodusport.fr\/blog\/ligue-des-champions-de-handball-le-psg-doit-confirmer-face-a-porto\/\"},\"author\":{\"name\":\"Julien Correia\",\"@id\":\"https:\/\/dicodusport.fr\/blog\/#\/schema\/person\/0f73d157e4670e108e23009fa82f2239\"},\"headline\":\"Ligue des Champions de handball : Le PSG doit confirmer face \u00e0 Porto\",\"datePublished\":\"2020-11-26T13:33:36+00:00\",\"dateModified\":\"2020-11-26T13:37:46+00:00\",\"mainEntityOfPage\":{\"@id\":\"https:\/\/dicodusport.fr\/blog\/ligue-des-champions-de-handball-le-psg-doit-confirmer-face-a-porto\/\"},\"wordCount\":610,\"commentCount\":0,\"publisher\":{\"@id\":\"https:\/\/dicodusport.fr\/blog\/#organization\"},\"image\":{\"@id\":\"https:\/\/dicodusport.fr\/blog\/ligue-des-champions-de-handball-le-psg-doit-confirmer-face-a-porto\/#primaryimage\"},\"thumbnailUrl\":\"https:\/\/dicodusport.fr\/blog\/wp-content\/uploads\/2020\/11\/Ligue-des-Champions-de-handball-Le-PSG-doit-confirmer-face-\u00e0-Porto.png\",\"keywords\":[\"Handball\",\"Ligue des champions\",\"Nantes Handball\",\"PSG Handball\"],\"articleSection\":[\"Handball\"],\"inLanguage\":\"fr-FR\",\"potentialAction\":[{\"@type\":\"CommentAction\",\"name\":\"Comment\",\"target\":[\"https:\/\/dicodusport.fr\/blog\/ligue-des-champions-de-handball-le-psg-doit-confirmer-face-a-porto\/#respond\"]}],\"copyrightYear\":\"2020\",\"copyrightHolder\":{\"@id\":\"https:\/\/dicodusport.fr\/blog\/#organization\"}},{\"@type\":\"WebPage\",\"@id\":\"https:\/\/dicodusport.fr\/blog\/ligue-des-champions-de-handball-le-psg-doit-confirmer-face-a-porto\/\",\"url\":\"https:\/\/dicodusport.fr\/blog\/ligue-des-champions-de-handball-le-psg-doit-confirmer-face-a-porto\/\",\"name\":\"Ligue des Champions de handball : Le PSG doit confirmer face \u00e0 Porto\",\"isPartOf\":{\"@id\":\"https:\/\/dicodusport.fr\/blog\/#website\"},\"primaryImageOfPage\":{\"@id\":\"https:\/\/dicodusport.fr\/blog\/ligue-des-champions-de-handball-le-psg-doit-confirmer-face-a-porto\/#primaryimage\"},\"image\":{\"@id\":\"https:\/\/dicodusport.fr\/blog\/ligue-des-champions-de-handball-le-psg-doit-confirmer-face-a-porto\/#primaryimage\"},\"thumbnailUrl\":\"https:\/\/dicodusport.fr\/blog\/wp-content\/uploads\/2020\/11\/Ligue-des-Champions-de-handball-Le-PSG-doit-confirmer-face-\u00e0-Porto.png\",\"datePublished\":\"2020-11-26T13:33:36+00:00\",\"dateModified\":\"2020-11-26T13:37:46+00:00\",\"description\":\"En fin d'apr\u00e8s-midi (18h45) le PSG Handball re\u00e7oit le FC Porto Sofarma pour le compte de la 9\u00e8me journ\u00e9e de la Ligue des Champions.\",\"breadcrumb\":{\"@id\":\"https:\/\/dicodusport.fr\/blog\/ligue-des-champions-de-handball-le-psg-doit-confirmer-face-a-porto\/#breadcrumb\"},\"inLanguage\":\"fr-FR\",\"potentialAction\":[{\"@type\":\"ReadAction\",\"target\":[\"https:\/\/dicodusport.fr\/blog\/ligue-des-champions-de-handball-le-psg-doit-confirmer-face-a-porto\/\"]}]},{\"@type\":\"ImageObject\",\"inLanguage\":\"fr-FR\",\"@id\":\"https:\/\/dicodusport.fr\/blog\/ligue-des-champions-de-handball-le-psg-doit-confirmer-face-a-porto\/#primaryimage\",\"url\":\"https:\/\/dicodusport.fr\/blog\/wp-content\/uploads\/2020\/11\/Ligue-des-Champions-de-handball-Le-PSG-doit-confirmer-face-\u00e0-Porto.png\",\"contentUrl\":\"https:\/\/dicodusport.fr\/blog\/wp-content\/uploads\/2020\/11\/Ligue-des-Champions-de-handball-Le-PSG-doit-confirmer-face-\u00e0-Porto.png\",\"width\":800,\"height\":445,\"caption\":\"Ligue des Champions de handball : Le PSG doit confirmer face \u00e0 Porto\"},{\"@type\":\"BreadcrumbList\",\"@id\":\"https:\/\/dicodusport.fr\/blog\/ligue-des-champions-de-handball-le-psg-doit-confirmer-face-a-porto\/#breadcrumb\",\"itemListElement\":[{\"@type\":\"ListItem\",\"position\":1,\"name\":\"Accueil\",\"item\":\"https:\/\/dicodusport.fr\/blog\/\"},{\"@type\":\"ListItem\",\"position\":2,\"name\":\"Ligue des Champions de handball : Le PSG doit confirmer face \u00e0 Porto\"}]},{\"@type\":\"WebSite\",\"@id\":\"https:\/\/dicodusport.fr\/blog\/#website\",\"url\":\"https:\/\/dicodusport.fr\/blog\/\",\"name\":\"Dicodusport\",\"description\":\"L&#039;encyclop\u00e9die de l&#039;actualit\u00e9 sportive\",\"publisher\":{\"@id\":\"https:\/\/dicodusport.fr\/blog\/#organization\"},\"potentialAction\":[{\"@type\":\"SearchAction\",\"target\":{\"@type\":\"EntryPoint\",\"urlTemplate\":\"https:\/\/dicodusport.fr\/blog\/?s={search_term_string}\"},\"query-input\":{\"@type\":\"PropertyValueSpecification\",\"valueRequired\":true,\"valueName\":\"search_term_string\"}}],\"inLanguage\":\"fr-FR\"},{\"@type\":\"NewsMediaOrganization\",\"@id\":\"https:\/\/dicodusport.fr\/blog\/#organization\",\"name\":\"Dicodusport\",\"url\":\"https:\/\/dicodusport.fr\/blog\/\",\"logo\":{\"@type\":\"ImageObject\",\"inLanguage\":\"fr-FR\",\"@id\":\"https:\/\/dicodusport.fr\/blog\/#\/schema\/logo\/image\/\",\"url\":\"https:\/\/dicodusport.fr\/blog\/wp-content\/uploads\/2020\/06\/cropped-LOGO-DICODUSPORT-2020-SANS-FOND-SANS-TEXTE.png\",\"contentUrl\":\"https:\/\/dicodusport.fr\/blog\/wp-content\/uploads\/2020\/06\/cropped-LOGO-DICODUSPORT-2020-SANS-FOND-SANS-TEXTE.png\",\"width\":512,\"height\":512,\"caption\":\"Dicodusport\"},\"image\":{\"@id\":\"https:\/\/dicodusport.fr\/blog\/#\/schema\/logo\/image\/\"},\"sameAs\":[\"https:\/\/www.facebook.com\/dicodusport\",\"https:\/\/x.com\/dicodusport\",\"https:\/\/www.instagram.com\/dicodusport\/\",\"https:\/\/www.youtube.com\/channel\/UC7V2KZ5sd3htJivAbA4ZG3w\"],\"description\":\"Dicodusport est l'encyclop\u00e9die de l'actualit\u00e9 sportive.\",\"email\":\"bonjour@dicodusport.fr\",\"legalName\":\"DICODUSPORT\",\"foundingDate\":\"2018-01-14\",\"vatID\":\"FR71834470973\",\"taxID\":\"83447097300043\",\"numberOfEmployees\":{\"@type\":\"QuantitativeValue\",\"minValue\":\"1\",\"maxValue\":\"10\"}},{\"@type\":\"Person\",\"@id\":\"https:\/\/dicodusport.fr\/blog\/#\/schema\/person\/0f73d157e4670e108e23009fa82f2239\",\"name\":\"Julien Correia\",\"image\":{\"@type\":\"ImageObject\",\"inLanguage\":\"fr-FR\",\"@id\":\"https:\/\/dicodusport.fr\/blog\/#\/schema\/person\/image\/\",\"url\":\"https:\/\/dicodusport.fr\/blog\/wp-content\/uploads\/2021\/05\/Julien-Correia-150x150.jpg\",\"contentUrl\":\"https:\/\/dicodusport.fr\/blog\/wp-content\/uploads\/2021\/05\/Julien-Correia-150x150.jpg\",\"caption\":\"Julien Correia\"},\"description\":\"Journaliste\/r\u00e9dacteur depuis janvier 2019 - Tomb\u00e9 dans le monde du ballon rond \u00e9tant petit, j\u2019aurais pu devenir pro sans ces foutus ligaments crois\u00e9s. D\u00e9filant sur les champs (mais pas Elys\u00e9es) en 98, j\u2019ai \u00e9t\u00e9 berc\u00e9 par les exploits de Mister George, piqu\u00e9 par la technique du Snake, grandi avec Captain Rai et Ronnie, m\u00fbri avec Pauleta et Edi. Mais Ibracadabra, je suis d\u00e9sormais reconverti en runner\/traileur. Moins rapide que Bolt et moins endurant que Jornet, c\u2019est donc plume \u00e0 la main que je partage les exploits de ces athl\u00e8tes !\",\"sameAs\":[\"https:\/\/www.facebook.com\/julien.correia.52\",\"https:\/\/x.com\/https:\/\/twitter.com\/julienco_psg70\"],\"url\":\"https:\/\/dicodusport.fr\/blog\/author\/julien-c\/\"}]}<\/script>\n<!-- \/ Yoast SEO Premium plugin. -->","yoast_head_json":{"title":"Ligue des Champions de handball : Le PSG doit confirmer face \u00e0 Porto","description":"En fin d'apr\u00e8s-midi (18h45) le PSG Handball re\u00e7oit le FC Porto Sofarma pour le compte de la 9\u00e8me journ\u00e9e de la Ligue des Champions.","robots":{"index":"index","follow":"follow","max-snippet":"max-snippet:-1","max-image-preview":"max-image-preview:large","max-video-preview":"max-video-preview:-1"},"canonical":"https:\/\/dicodusport.fr\/blog\/ligue-des-champions-de-handball-le-psg-doit-confirmer-face-a-porto\/","og_locale":"fr_FR","og_type":"article","og_title":"Ligue des Champions de handball : Le PSG doit confirmer face \u00e0 Porto","og_description":"En fin d'apr\u00e8s-midi (18h45) le PSG Handball re\u00e7oit le FC Porto Sofarma pour le compte de la 9\u00e8me journ\u00e9e de la Ligue des Champions.","og_url":"https:\/\/dicodusport.fr\/blog\/ligue-des-champions-de-handball-le-psg-doit-confirmer-face-a-porto\/","og_site_name":"Dicodusport","article_publisher":"https:\/\/www.facebook.com\/dicodusport","article_author":"https:\/\/www.facebook.com\/julien.correia.52","article_published_time":"2020-11-26T13:33:36+00:00","article_modified_time":"2020-11-26T13:37:46+00:00","og_image":[{"width":800,"height":445,"url":"https:\/\/dicodusport.fr\/blog\/wp-content\/uploads\/2020\/11\/Ligue-des-Champions-de-handball-Le-PSG-doit-confirmer-face-\u00e0-Porto.png","type":"image\/png"}],"author":"Julien Correia","twitter_card":"summary_large_image","twitter_title":"Ligue des Champions de handball : Le PSG doit confirmer face \u00e0 Porto","twitter_creator":"@https:\/\/twitter.com\/julienco_psg70","twitter_site":"@dicodusport","schema":{"@context":"https:\/\/schema.org","@graph":[{"@type":"NewsArticle","@id":"https:\/\/dicodusport.fr\/blog\/ligue-des-champions-de-handball-le-psg-doit-confirmer-face-a-porto\/#article","isPartOf":{"@id":"https:\/\/dicodusport.fr\/blog\/ligue-des-champions-de-handball-le-psg-doit-confirmer-face-a-porto\/"},"author":{"name":"Julien Correia","@id":"https:\/\/dicodusport.fr\/blog\/#\/schema\/person\/0f73d157e4670e108e23009fa82f2239"},"headline":"Ligue des Champions de handball : Le PSG doit confirmer face \u00e0 Porto","datePublished":"2020-11-26T13:33:36+00:00","dateModified":"2020-11-26T13:37:46+00:00","mainEntityOfPage":{"@id":"https:\/\/dicodusport.fr\/blog\/ligue-des-champions-de-handball-le-psg-doit-confirmer-face-a-porto\/"},"wordCount":610,"commentCount":0,"publisher":{"@id":"https:\/\/dicodusport.fr\/blog\/#organization"},"image":{"@id":"https:\/\/dicodusport.fr\/blog\/ligue-des-champions-de-handball-le-psg-doit-confirmer-face-a-porto\/#primaryimage"},"thumbnailUrl":"https:\/\/dicodusport.fr\/blog\/wp-content\/uploads\/2020\/11\/Ligue-des-Champions-de-handball-Le-PSG-doit-confirmer-face-\u00e0-Porto.png","keywords":["Handball","Ligue des champions","Nantes Handball","PSG Handball"],"articleSection":["Handball"],"inLanguage":"fr-FR","potentialAction":[{"@type":"CommentAction","name":"Comment","target":["https:\/\/dicodusport.fr\/blog\/ligue-des-champions-de-handball-le-psg-doit-confirmer-face-a-porto\/#respond"]}],"copyrightYear":"2020","copyrightHolder":{"@id":"https:\/\/dicodusport.fr\/blog\/#organization"}},{"@type":"WebPage","@id":"https:\/\/dicodusport.fr\/blog\/ligue-des-champions-de-handball-le-psg-doit-confirmer-face-a-porto\/","url":"https:\/\/dicodusport.fr\/blog\/ligue-des-champions-de-handball-le-psg-doit-confirmer-face-a-porto\/","name":"Ligue des Champions de handball : Le PSG doit confirmer face \u00e0 Porto","isPartOf":{"@id":"https:\/\/dicodusport.fr\/blog\/#website"},"primaryImageOfPage":{"@id":"https:\/\/dicodusport.fr\/blog\/ligue-des-champions-de-handball-le-psg-doit-confirmer-face-a-porto\/#primaryimage"},"image":{"@id":"https:\/\/dicodusport.fr\/blog\/ligue-des-champions-de-handball-le-psg-doit-confirmer-face-a-porto\/#primaryimage"},"thumbnailUrl":"https:\/\/dicodusport.fr\/blog\/wp-content\/uploads\/2020\/11\/Ligue-des-Champions-de-handball-Le-PSG-doit-confirmer-face-\u00e0-Porto.png","datePublished":"2020-11-26T13:33:36+00:00","dateModified":"2020-11-26T13:37:46+00:00","description":"En fin d'apr\u00e8s-midi (18h45) le PSG Handball re\u00e7oit le FC Porto Sofarma pour le compte de la 9\u00e8me journ\u00e9e de la Ligue des Champions.","breadcrumb":{"@id":"https:\/\/dicodusport.fr\/blog\/ligue-des-champions-de-handball-le-psg-doit-confirmer-face-a-porto\/#breadcrumb"},"inLanguage":"fr-FR","potentialAction":[{"@type":"ReadAction","target":["https:\/\/dicodusport.fr\/blog\/ligue-des-champions-de-handball-le-psg-doit-confirmer-face-a-porto\/"]}]},{"@type":"ImageObject","inLanguage":"fr-FR","@id":"https:\/\/dicodusport.fr\/blog\/ligue-des-champions-de-handball-le-psg-doit-confirmer-face-a-porto\/#primaryimage","url":"https:\/\/dicodusport.fr\/blog\/wp-content\/uploads\/2020\/11\/Ligue-des-Champions-de-handball-Le-PSG-doit-confirmer-face-\u00e0-Porto.png","contentUrl":"https:\/\/dicodusport.fr\/blog\/wp-content\/uploads\/2020\/11\/Ligue-des-Champions-de-handball-Le-PSG-doit-confirmer-face-\u00e0-Porto.png","width":800,"height":445,"caption":"Ligue des Champions de handball : Le PSG doit confirmer face \u00e0 Porto"},{"@type":"BreadcrumbList","@id":"https:\/\/dicodusport.fr\/blog\/ligue-des-champions-de-handball-le-psg-doit-confirmer-face-a-porto\/#breadcrumb","itemListElement":[{"@type":"ListItem","position":1,"name":"Accueil","item":"https:\/\/dicodusport.fr\/blog\/"},{"@type":"ListItem","position":2,"name":"Ligue des Champions de handball : Le PSG doit confirmer face \u00e0 Porto"}]},{"@type":"WebSite","@id":"https:\/\/dicodusport.fr\/blog\/#website","url":"https:\/\/dicodusport.fr\/blog\/","name":"Dicodusport","description":"L&#039;encyclop\u00e9die de l&#039;actualit\u00e9 sportive","publisher":{"@id":"https:\/\/dicodusport.fr\/blog\/#organization"},"potentialAction":[{"@type":"SearchAction","target":{"@type":"EntryPoint","urlTemplate":"https:\/\/dicodusport.fr\/blog\/?s={search_term_string}"},"query-input":{"@type":"PropertyValueSpecification","valueRequired":true,"valueName":"search_term_string"}}],"inLanguage":"fr-FR"},{"@type":"NewsMediaOrganization","@id":"https:\/\/dicodusport.fr\/blog\/#organization","name":"Dicodusport","url":"https:\/\/dicodusport.fr\/blog\/","logo":{"@type":"ImageObject","inLanguage":"fr-FR","@id":"https:\/\/dicodusport.fr\/blog\/#\/schema\/logo\/image\/","url":"https:\/\/dicodusport.fr\/blog\/wp-content\/uploads\/2020\/06\/cropped-LOGO-DICODUSPORT-2020-SANS-FOND-SANS-TEXTE.png","contentUrl":"https:\/\/dicodusport.fr\/blog\/wp-content\/uploads\/2020\/06\/cropped-LOGO-DICODUSPORT-2020-SANS-FOND-SANS-TEXTE.png","width":512,"height":512,"caption":"Dicodusport"},"image":{"@id":"https:\/\/dicodusport.fr\/blog\/#\/schema\/logo\/image\/"},"sameAs":["https:\/\/www.facebook.com\/dicodusport","https:\/\/x.com\/dicodusport","https:\/\/www.instagram.com\/dicodusport\/","https:\/\/www.youtube.com\/channel\/UC7V2KZ5sd3htJivAbA4ZG3w"],"description":"Dicodusport est l'encyclop\u00e9die de l'actualit\u00e9 sportive.","email":"bonjour@dicodusport.fr","legalName":"DICODUSPORT","foundingDate":"2018-01-14","vatID":"FR71834470973","taxID":"83447097300043","numberOfEmployees":{"@type":"QuantitativeValue","minValue":"1","maxValue":"10"}},{"@type":"Person","@id":"https:\/\/dicodusport.fr\/blog\/#\/schema\/person\/0f73d157e4670e108e23009fa82f2239","name":"Julien Correia","image":{"@type":"ImageObject","inLanguage":"fr-FR","@id":"https:\/\/dicodusport.fr\/blog\/#\/schema\/person\/image\/","url":"https:\/\/dicodusport.fr\/blog\/wp-content\/uploads\/2021\/05\/Julien-Correia-150x150.jpg","contentUrl":"https:\/\/dicodusport.fr\/blog\/wp-content\/uploads\/2021\/05\/Julien-Correia-150x150.jpg","caption":"Julien Correia"},"description":"Journaliste\/r\u00e9dacteur depuis janvier 2019 - Tomb\u00e9 dans le monde du ballon rond \u00e9tant petit, j\u2019aurais pu devenir pro sans ces foutus ligaments crois\u00e9s. D\u00e9filant sur les champs (mais pas Elys\u00e9es) en 98, j\u2019ai \u00e9t\u00e9 berc\u00e9 par les exploits de Mister George, piqu\u00e9 par la technique du Snake, grandi avec Captain Rai et Ronnie, m\u00fbri avec Pauleta et Edi. Mais Ibracadabra, je suis d\u00e9sormais reconverti en runner\/traileur. Moins rapide que Bolt et moins endurant que Jornet, c\u2019est donc plume \u00e0 la main que je partage les exploits de ces athl\u00e8tes !","sameAs":["https:\/\/www.facebook.com\/julien.correia.52","https:\/\/x.com\/https:\/\/twitter.com\/julienco_psg70"],"url":"https:\/\/dicodusport.fr\/blog\/author\/julien-c\/"}]}},"_links":{"self":[{"href":"https:\/\/dicodusport.fr\/blog\/wp-json\/wp\/v2\/posts\/89976","targetHints":{"allow":["GET"]}}],"collection":[{"href":"https:\/\/dicodusport.fr\/blog\/wp-json\/wp\/v2\/posts"}],"about":[{"href":"https:\/\/dicodusport.fr\/blog\/wp-json\/wp\/v2\/types\/post"}],"author":[{"embeddable":true,"href":"https:\/\/dicodusport.fr\/blog\/wp-json\/wp\/v2\/users\/37"}],"replies":[{"embeddable":true,"href":"https:\/\/dicodusport.fr\/blog\/wp-json\/wp\/v2\/comments?post=89976"}],"version-history":[{"count":0,"href":"https:\/\/dicodusport.fr\/blog\/wp-json\/wp\/v2\/posts\/89976\/revisions"}],"wp:featuredmedia":[{"embeddable":true,"href":"https:\/\/dicodusport.fr\/blog\/wp-json\/wp\/v2\/media\/90007"}],"wp:attachment":[{"href":"https:\/\/dicodusport.fr\/blog\/wp-json\/wp\/v2\/media?parent=89976"}],"wp:term":[{"taxonomy":"category","embeddable":true,"href":"https:\/\/dicodusport.fr\/blog\/wp-json\/wp\/v2\/categories?post=89976"},{"taxonomy":"post_tag","embeddable":true,"href":"https:\/\/dicodusport.fr\/blog\/wp-json\/wp\/v2\/tags?post=89976"}],"curies":[{"name":"wp","href":"https:\/\/api.w.org\/{rel}","templated":true}]}}