{"id":90049,"date":"2020-11-27T08:24:29","date_gmt":"2020-11-27T07:24:29","guid":{"rendered":"https:\/\/dicodusport.fr\/blog\/?p=90049"},"modified":"2020-11-27T08:24:29","modified_gmt":"2020-11-27T07:24:29","slug":"les-championnats-du-monde-de-ski-handisport-reportes-en-2022","status":"publish","type":"post","link":"https:\/\/dicodusport.fr\/blog\/les-championnats-du-monde-de-ski-handisport-reportes-en-2022\/","title":{"rendered":"Les championnats du monde de ski handisport report\u00e9s en 2022"},"content":{"rendered":"<p style=\"text-align: justify;\"><strong><em>Initialement pr\u00e9vus en f\u00e9vrier prochain \u00e0 Lillehammer (Norv\u00e8ge), les championnats du monde de ski handisport ont \u00e9t\u00e9 repouss\u00e9s \u00e0 2022. La faute \u00e0 la pand\u00e9mie mondiale de Covid-19 et \u00e0 l&rsquo;incertitude du respect des mesures sanitaires. Les premiers mondiaux handisport \u00ab\u00a0conjoints\u00a0\u00bb attendront donc janvier 2022.<\/em><\/strong><\/p>\n<h2>Une situation qui n&rsquo;arrange personne<\/h2>\n<p style=\"text-align: justify;\">Que ce soit les supporters, les sportifs ou les organisateurs, tous auraient pr\u00e9f\u00e9r\u00e9 voir les Mondiaux maintenus. Une d\u00e9cision prise par l&rsquo;Association norv\u00e9gienne de ski, le comit\u00e9 olympique et paralympique norv\u00e9gien et World Para Snow Sports. Cette annonce fait suite aux nombreux dialogues avec les autorit\u00e9s sanitaires norv\u00e9giennes. <strong>Erik Roste<\/strong>, le pr\u00e9sident de l&rsquo;Association norv\u00e9gienne de ski a d\u00e9clar\u00e9 que <em>\u00ab Le risque de propagation de l&rsquo;infection chez les b\u00e9n\u00e9voles, les concurrents et la communaut\u00e9 locale ne rend pas justifiable la comp\u00e9tition comme pr\u00e9vu. \u00bb<\/em><\/p>\n<p style=\"text-align: justify;\">Ces championnats mobilisent pratiquement 800 athl\u00e8tes de 30 nations, mais \u00e9galement 700 b\u00e9n\u00e9voles. Ils conserveront cependant le nom de Lillehammer 2021. Les dates pr\u00e9cises de ce report ne sont pour l&rsquo;instant pas d\u00e9cid\u00e9es.<\/p>\n<h2 style=\"text-align: justify;\">Des championnats historiques pour le handisport<\/h2>\n<p style=\"text-align: justify;\">Pour la premi\u00e8re fois dans les disciplines de sports d&rsquo;hiver, le ski alpin, le snowboard, le biathlon et le ski de fond seront r\u00e9unis dans un seul et unique championnat du monde. Une sorte de Jeux Paralympiques en version r\u00e9duite, de mani\u00e8re \u00e0 cr\u00e9er un r\u00e9el engouement autour du handisport.<\/p>\n<p style=\"text-align: justify;\">Le report de ces championnats vient bouleverser la saison 2021, mais \u00e9galement 2022. En effet, du 4 au 13 mars 2022 auront lieux les<strong> Jeux Paralympiques de P\u00e9kin<\/strong>, ce qui signifie que les Jeux et les Mondiaux seront programm\u00e9s la m\u00eame saison. S&rsquo;il est d\u00e9j\u00e0 difficile pour un sportif d&rsquo;avoir son pic de forme au bon moment, il faudra en avoir deux, ou bien choisir ! Parmi nos sportifs tricolores concern\u00e9s, <strong>Marie Bochet<\/strong>, <strong>Arthur Bauchet<\/strong> (ski alpin), <strong>Benjamin Daviet<\/strong>, <strong>Thomas Clarion<\/strong>, <strong>Anthony Chalen\u00e7on<\/strong> (biathlon\/ski de fond), <strong>Maxime Montaggioni<\/strong>, <strong>C\u00e9cile Hernandez<\/strong> (snowboard), pour ne citer qu&rsquo;eux.<\/p>\n<blockquote class=\"twitter-tweet\">\n<p dir=\"ltr\" lang=\"en\">&#x1f6a8; The World Para Snow Sports Championships in Lillehammer, Norway, have been postponed to 2022. The reason for the postponement is the uncertainty related to the COVID-19 pandemic and the challenges associated with it.<\/p>\n<p>Read the full announcement here &#x27a1;&#xfe0f; <a href=\"https:\/\/t.co\/5tWHIhreP5\">https:\/\/t.co\/5tWHIhreP5<\/a> <a href=\"https:\/\/t.co\/k94ZDHCE3D\">pic.twitter.com\/k94ZDHCE3D<\/a><\/p>\n<p>\u2014 Para Snow Sports (@ParaSnowSports) <a href=\"https:\/\/twitter.com\/ParaSnowSports\/status\/1331689577279410177?ref_src=twsrc%5Etfw\">November 25, 2020<\/a><\/p><\/blockquote>\n<p><script async src=\"https:\/\/platform.twitter.com\/widgets.js\" charset=\"utf-8\"><\/script><\/p>\n<p><strong><em>Maxime Boulard<br \/>\n<a href=\"https:\/\/www.facebook.com\/Max.Bld2\/\" target=\"_blank\" rel=\"noopener noreferrer\"><img loading=\"lazy\" decoding=\"async\" class=\"alignnone wp-image-2909\" src=\"http:\/\/dicodusport.fr\/blog\/wp-content\/uploads\/2017\/07\/logo-facebook-150x150.png\" alt=\"\" width=\"40\" height=\"40\" \/><\/a><a href=\"https:\/\/twitter.com\/MaximeB_2\" target=\"_blank\" rel=\"noopener noreferrer\"><img loading=\"lazy\" decoding=\"async\" class=\"alignnone wp-image-2908\" src=\"http:\/\/dicodusport.fr\/blog\/wp-content\/uploads\/2017\/07\/logo-twitter-150x150.png\" alt=\"\" width=\"39\" height=\"39\" \/><\/a><\/em><\/strong><\/p>\n","protected":false},"excerpt":{"rendered":"<p>Initialement pr\u00e9vus en f\u00e9vrier prochain \u00e0 Lillehammer (Norv\u00e8ge), les championnats du monde de ski handisport ont \u00e9t\u00e9 repouss\u00e9s \u00e0 2022. La faute \u00e0 la pand\u00e9mie mondiale de Covid-19 et \u00e0 l&rsquo;incertitude du respect des mesures sanitaires. Les premiers mondiaux handisport \u00ab\u00a0conjoints\u00a0\u00bb attendront donc janvier 2022.<\/p>\n","protected":false},"author":43,"featured_media":90067,"comment_status":"open","ping_status":"closed","sticky":false,"template":"","format":"standard","meta":{"_acf_changed":false,"_daextam_enable_autolinks":"","footnotes":""},"categories":[5753,9217,10126],"tags":[4004,3040,1265,2754,3640],"class_list":["post-90049","post","type-post","status-publish","format-standard","has-post-thumbnail","hentry","category-handisport","category-ski","category-snowboard","tag-arthur-bauchet","tag-championnats-du-monde","tag-handisport","tag-marie-bochet","tag-ski-handisport"],"acf":[],"yoast_head":"<!-- This site is optimized with the Yoast SEO Premium plugin v26.7 (Yoast SEO v26.7) - https:\/\/yoast.com\/wordpress\/plugins\/seo\/ -->\n<title>Les championnats du monde de ski handisport report\u00e9s en 2022<\/title>\n<meta name=\"description\" content=\"HANDISPORT - Les championnats du monde de ski handisport de Lillehammer 2021 ont \u00e9t\u00e9 repouss\u00e9s \u00e0 2022, ann\u00e9e des Jeux Paralympiques de P\u00e9kin.\" \/>\n<meta name=\"robots\" content=\"index, follow, max-snippet:-1, max-image-preview:large, max-video-preview:-1\" \/>\n<link rel=\"canonical\" href=\"https:\/\/dicodusport.fr\/blog\/les-championnats-du-monde-de-ski-handisport-reportes-en-2022\/\" \/>\n<meta property=\"og:locale\" content=\"fr_FR\" \/>\n<meta property=\"og:type\" content=\"article\" \/>\n<meta property=\"og:title\" content=\"Les championnats du monde de ski handisport report\u00e9s en 2022\" \/>\n<meta property=\"og:description\" content=\"HANDISPORT - Les championnats du monde de ski handisport de Lillehammer 2021 ont \u00e9t\u00e9 repouss\u00e9s \u00e0 2022, ann\u00e9e des Jeux Paralympiques de P\u00e9kin.\" \/>\n<meta property=\"og:url\" content=\"https:\/\/dicodusport.fr\/blog\/les-championnats-du-monde-de-ski-handisport-reportes-en-2022\/\" \/>\n<meta property=\"og:site_name\" content=\"Dicodusport\" \/>\n<meta property=\"article:publisher\" content=\"https:\/\/www.facebook.com\/dicodusport\" \/>\n<meta property=\"article:author\" content=\"https:\/\/www.facebook.com\/Max.Bld2\/\" \/>\n<meta property=\"article:published_time\" content=\"2020-11-27T07:24:29+00:00\" \/>\n<meta property=\"og:image\" content=\"https:\/\/dicodusport.fr\/blog\/wp-content\/uploads\/2020\/11\/Les-championnats-du-monde-de-ski-handisport-report\u00e9s-en-2022.png\" \/>\n\t<meta property=\"og:image:width\" content=\"800\" \/>\n\t<meta property=\"og:image:height\" content=\"445\" \/>\n\t<meta property=\"og:image:type\" content=\"image\/png\" \/>\n<meta name=\"author\" content=\"Maxime Boulard\" \/>\n<meta name=\"twitter:card\" content=\"summary_large_image\" \/>\n<meta name=\"twitter:title\" content=\"Les championnats du monde de ski handisport report\u00e9s en 2022\" \/>\n<meta name=\"twitter:creator\" content=\"@https:\/\/twitter.com\/MaximeB_2\" \/>\n<meta name=\"twitter:site\" content=\"@dicodusport\" \/>\n<script type=\"application\/ld+json\" class=\"yoast-schema-graph\">{\"@context\":\"https:\/\/schema.org\",\"@graph\":[{\"@type\":\"NewsArticle\",\"@id\":\"https:\/\/dicodusport.fr\/blog\/les-championnats-du-monde-de-ski-handisport-reportes-en-2022\/#article\",\"isPartOf\":{\"@id\":\"https:\/\/dicodusport.fr\/blog\/les-championnats-du-monde-de-ski-handisport-reportes-en-2022\/\"},\"author\":{\"name\":\"Maxime Boulard\",\"@id\":\"https:\/\/dicodusport.fr\/blog\/#\/schema\/person\/5aab10ee856e86ac63e9819a9da34784\"},\"headline\":\"Les championnats du monde de ski handisport report\u00e9s en 2022\",\"datePublished\":\"2020-11-27T07:24:29+00:00\",\"mainEntityOfPage\":{\"@id\":\"https:\/\/dicodusport.fr\/blog\/les-championnats-du-monde-de-ski-handisport-reportes-en-2022\/\"},\"wordCount\":420,\"commentCount\":0,\"publisher\":{\"@id\":\"https:\/\/dicodusport.fr\/blog\/#organization\"},\"image\":{\"@id\":\"https:\/\/dicodusport.fr\/blog\/les-championnats-du-monde-de-ski-handisport-reportes-en-2022\/#primaryimage\"},\"thumbnailUrl\":\"https:\/\/dicodusport.fr\/blog\/wp-content\/uploads\/2020\/11\/Les-championnats-du-monde-de-ski-handisport-report\u00e9s-en-2022.png\",\"keywords\":[\"Arthur Bauchet\",\"Championnats du Monde\",\"handisport\",\"Marie Bochet\",\"ski handisport\"],\"articleSection\":[\"Handisport\",\"Ski\",\"Snowboard\"],\"inLanguage\":\"fr-FR\",\"potentialAction\":[{\"@type\":\"CommentAction\",\"name\":\"Comment\",\"target\":[\"https:\/\/dicodusport.fr\/blog\/les-championnats-du-monde-de-ski-handisport-reportes-en-2022\/#respond\"]}],\"copyrightYear\":\"2020\",\"copyrightHolder\":{\"@id\":\"https:\/\/dicodusport.fr\/blog\/#organization\"}},{\"@type\":\"WebPage\",\"@id\":\"https:\/\/dicodusport.fr\/blog\/les-championnats-du-monde-de-ski-handisport-reportes-en-2022\/\",\"url\":\"https:\/\/dicodusport.fr\/blog\/les-championnats-du-monde-de-ski-handisport-reportes-en-2022\/\",\"name\":\"Les championnats du monde de ski handisport report\u00e9s en 2022\",\"isPartOf\":{\"@id\":\"https:\/\/dicodusport.fr\/blog\/#website\"},\"primaryImageOfPage\":{\"@id\":\"https:\/\/dicodusport.fr\/blog\/les-championnats-du-monde-de-ski-handisport-reportes-en-2022\/#primaryimage\"},\"image\":{\"@id\":\"https:\/\/dicodusport.fr\/blog\/les-championnats-du-monde-de-ski-handisport-reportes-en-2022\/#primaryimage\"},\"thumbnailUrl\":\"https:\/\/dicodusport.fr\/blog\/wp-content\/uploads\/2020\/11\/Les-championnats-du-monde-de-ski-handisport-report\u00e9s-en-2022.png\",\"datePublished\":\"2020-11-27T07:24:29+00:00\",\"description\":\"HANDISPORT - Les championnats du monde de ski handisport de Lillehammer 2021 ont \u00e9t\u00e9 repouss\u00e9s \u00e0 2022, ann\u00e9e des Jeux Paralympiques de P\u00e9kin.\",\"breadcrumb\":{\"@id\":\"https:\/\/dicodusport.fr\/blog\/les-championnats-du-monde-de-ski-handisport-reportes-en-2022\/#breadcrumb\"},\"inLanguage\":\"fr-FR\",\"potentialAction\":[{\"@type\":\"ReadAction\",\"target\":[\"https:\/\/dicodusport.fr\/blog\/les-championnats-du-monde-de-ski-handisport-reportes-en-2022\/\"]}]},{\"@type\":\"ImageObject\",\"inLanguage\":\"fr-FR\",\"@id\":\"https:\/\/dicodusport.fr\/blog\/les-championnats-du-monde-de-ski-handisport-reportes-en-2022\/#primaryimage\",\"url\":\"https:\/\/dicodusport.fr\/blog\/wp-content\/uploads\/2020\/11\/Les-championnats-du-monde-de-ski-handisport-report\u00e9s-en-2022.png\",\"contentUrl\":\"https:\/\/dicodusport.fr\/blog\/wp-content\/uploads\/2020\/11\/Les-championnats-du-monde-de-ski-handisport-report\u00e9s-en-2022.png\",\"width\":800,\"height\":445,\"caption\":\"Les championnats du monde de ski handisport report\u00e9s en 2022\"},{\"@type\":\"BreadcrumbList\",\"@id\":\"https:\/\/dicodusport.fr\/blog\/les-championnats-du-monde-de-ski-handisport-reportes-en-2022\/#breadcrumb\",\"itemListElement\":[{\"@type\":\"ListItem\",\"position\":1,\"name\":\"Accueil\",\"item\":\"https:\/\/dicodusport.fr\/blog\/\"},{\"@type\":\"ListItem\",\"position\":2,\"name\":\"Les championnats du monde de ski handisport report\u00e9s en 2022\"}]},{\"@type\":\"WebSite\",\"@id\":\"https:\/\/dicodusport.fr\/blog\/#website\",\"url\":\"https:\/\/dicodusport.fr\/blog\/\",\"name\":\"Dicodusport\",\"description\":\"L&#039;encyclop\u00e9die de l&#039;actualit\u00e9 sportive\",\"publisher\":{\"@id\":\"https:\/\/dicodusport.fr\/blog\/#organization\"},\"potentialAction\":[{\"@type\":\"SearchAction\",\"target\":{\"@type\":\"EntryPoint\",\"urlTemplate\":\"https:\/\/dicodusport.fr\/blog\/?s={search_term_string}\"},\"query-input\":{\"@type\":\"PropertyValueSpecification\",\"valueRequired\":true,\"valueName\":\"search_term_string\"}}],\"inLanguage\":\"fr-FR\"},{\"@type\":\"NewsMediaOrganization\",\"@id\":\"https:\/\/dicodusport.fr\/blog\/#organization\",\"name\":\"Dicodusport\",\"url\":\"https:\/\/dicodusport.fr\/blog\/\",\"logo\":{\"@type\":\"ImageObject\",\"inLanguage\":\"fr-FR\",\"@id\":\"https:\/\/dicodusport.fr\/blog\/#\/schema\/logo\/image\/\",\"url\":\"https:\/\/dicodusport.fr\/blog\/wp-content\/uploads\/2020\/06\/cropped-LOGO-DICODUSPORT-2020-SANS-FOND-SANS-TEXTE.png\",\"contentUrl\":\"https:\/\/dicodusport.fr\/blog\/wp-content\/uploads\/2020\/06\/cropped-LOGO-DICODUSPORT-2020-SANS-FOND-SANS-TEXTE.png\",\"width\":512,\"height\":512,\"caption\":\"Dicodusport\"},\"image\":{\"@id\":\"https:\/\/dicodusport.fr\/blog\/#\/schema\/logo\/image\/\"},\"sameAs\":[\"https:\/\/www.facebook.com\/dicodusport\",\"https:\/\/x.com\/dicodusport\",\"https:\/\/www.instagram.com\/dicodusport\/\",\"https:\/\/www.youtube.com\/channel\/UC7V2KZ5sd3htJivAbA4ZG3w\"],\"description\":\"Dicodusport est l'encyclop\u00e9die de l'actualit\u00e9 sportive.\",\"email\":\"bonjour@dicodusport.fr\",\"legalName\":\"DICODUSPORT\",\"foundingDate\":\"2018-01-14\",\"vatID\":\"FR71834470973\",\"taxID\":\"83447097300043\",\"numberOfEmployees\":{\"@type\":\"QuantitativeValue\",\"minValue\":\"1\",\"maxValue\":\"10\"}},{\"@type\":\"Person\",\"@id\":\"https:\/\/dicodusport.fr\/blog\/#\/schema\/person\/5aab10ee856e86ac63e9819a9da34784\",\"name\":\"Maxime Boulard\",\"image\":{\"@type\":\"ImageObject\",\"inLanguage\":\"fr-FR\",\"@id\":\"https:\/\/dicodusport.fr\/blog\/#\/schema\/person\/image\/\",\"url\":\"https:\/\/dicodusport.fr\/blog\/wp-content\/uploads\/2021\/05\/Maxime-Boulard-150x150.jpg\",\"contentUrl\":\"https:\/\/dicodusport.fr\/blog\/wp-content\/uploads\/2021\/05\/Maxime-Boulard-150x150.jpg\",\"caption\":\"Maxime Boulard\"},\"description\":\"Journaliste\/r\u00e9dacteur depuis octobre 2020 - Si mon plus vieux souvenir de sport aurait pu m'en d\u00e9go\u00fbter, la finale de la Coupe du monde 2006 a \u00e9t\u00e9 tout le contraire. V\u00e9ritable d\u00e9clencheur d'une passion qui aujourd'hui ne fait que grandir avec le temps, mon leitmotiv est la France qui brille ! Je relate les exploits pass\u00e9s et pr\u00e9sents du sport bleu-blanc-rouge sans m\u00e9nagement depuis octobre 2020. Sport valide ou handisport, aucune diff\u00e9rence, il n'y a que du sport et plusieurs fa\u00e7ons de le pratiquer.\",\"sameAs\":[\"https:\/\/www.facebook.com\/Max.Bld2\/\",\"https:\/\/x.com\/https:\/\/twitter.com\/MaximeB_2\"],\"url\":\"https:\/\/dicodusport.fr\/blog\/author\/maxime-b\/\"}]}<\/script>\n<!-- \/ Yoast SEO Premium plugin. -->","yoast_head_json":{"title":"Les championnats du monde de ski handisport report\u00e9s en 2022","description":"HANDISPORT - Les championnats du monde de ski handisport de Lillehammer 2021 ont \u00e9t\u00e9 repouss\u00e9s \u00e0 2022, ann\u00e9e des Jeux Paralympiques de P\u00e9kin.","robots":{"index":"index","follow":"follow","max-snippet":"max-snippet:-1","max-image-preview":"max-image-preview:large","max-video-preview":"max-video-preview:-1"},"canonical":"https:\/\/dicodusport.fr\/blog\/les-championnats-du-monde-de-ski-handisport-reportes-en-2022\/","og_locale":"fr_FR","og_type":"article","og_title":"Les championnats du monde de ski handisport report\u00e9s en 2022","og_description":"HANDISPORT - Les championnats du monde de ski handisport de Lillehammer 2021 ont \u00e9t\u00e9 repouss\u00e9s \u00e0 2022, ann\u00e9e des Jeux Paralympiques de P\u00e9kin.","og_url":"https:\/\/dicodusport.fr\/blog\/les-championnats-du-monde-de-ski-handisport-reportes-en-2022\/","og_site_name":"Dicodusport","article_publisher":"https:\/\/www.facebook.com\/dicodusport","article_author":"https:\/\/www.facebook.com\/Max.Bld2\/","article_published_time":"2020-11-27T07:24:29+00:00","og_image":[{"width":800,"height":445,"url":"https:\/\/dicodusport.fr\/blog\/wp-content\/uploads\/2020\/11\/Les-championnats-du-monde-de-ski-handisport-report\u00e9s-en-2022.png","type":"image\/png"}],"author":"Maxime Boulard","twitter_card":"summary_large_image","twitter_title":"Les championnats du monde de ski handisport report\u00e9s en 2022","twitter_creator":"@https:\/\/twitter.com\/MaximeB_2","twitter_site":"@dicodusport","schema":{"@context":"https:\/\/schema.org","@graph":[{"@type":"NewsArticle","@id":"https:\/\/dicodusport.fr\/blog\/les-championnats-du-monde-de-ski-handisport-reportes-en-2022\/#article","isPartOf":{"@id":"https:\/\/dicodusport.fr\/blog\/les-championnats-du-monde-de-ski-handisport-reportes-en-2022\/"},"author":{"name":"Maxime Boulard","@id":"https:\/\/dicodusport.fr\/blog\/#\/schema\/person\/5aab10ee856e86ac63e9819a9da34784"},"headline":"Les championnats du monde de ski handisport report\u00e9s en 2022","datePublished":"2020-11-27T07:24:29+00:00","mainEntityOfPage":{"@id":"https:\/\/dicodusport.fr\/blog\/les-championnats-du-monde-de-ski-handisport-reportes-en-2022\/"},"wordCount":420,"commentCount":0,"publisher":{"@id":"https:\/\/dicodusport.fr\/blog\/#organization"},"image":{"@id":"https:\/\/dicodusport.fr\/blog\/les-championnats-du-monde-de-ski-handisport-reportes-en-2022\/#primaryimage"},"thumbnailUrl":"https:\/\/dicodusport.fr\/blog\/wp-content\/uploads\/2020\/11\/Les-championnats-du-monde-de-ski-handisport-report\u00e9s-en-2022.png","keywords":["Arthur Bauchet","Championnats du Monde","handisport","Marie Bochet","ski handisport"],"articleSection":["Handisport","Ski","Snowboard"],"inLanguage":"fr-FR","potentialAction":[{"@type":"CommentAction","name":"Comment","target":["https:\/\/dicodusport.fr\/blog\/les-championnats-du-monde-de-ski-handisport-reportes-en-2022\/#respond"]}],"copyrightYear":"2020","copyrightHolder":{"@id":"https:\/\/dicodusport.fr\/blog\/#organization"}},{"@type":"WebPage","@id":"https:\/\/dicodusport.fr\/blog\/les-championnats-du-monde-de-ski-handisport-reportes-en-2022\/","url":"https:\/\/dicodusport.fr\/blog\/les-championnats-du-monde-de-ski-handisport-reportes-en-2022\/","name":"Les championnats du monde de ski handisport report\u00e9s en 2022","isPartOf":{"@id":"https:\/\/dicodusport.fr\/blog\/#website"},"primaryImageOfPage":{"@id":"https:\/\/dicodusport.fr\/blog\/les-championnats-du-monde-de-ski-handisport-reportes-en-2022\/#primaryimage"},"image":{"@id":"https:\/\/dicodusport.fr\/blog\/les-championnats-du-monde-de-ski-handisport-reportes-en-2022\/#primaryimage"},"thumbnailUrl":"https:\/\/dicodusport.fr\/blog\/wp-content\/uploads\/2020\/11\/Les-championnats-du-monde-de-ski-handisport-report\u00e9s-en-2022.png","datePublished":"2020-11-27T07:24:29+00:00","description":"HANDISPORT - Les championnats du monde de ski handisport de Lillehammer 2021 ont \u00e9t\u00e9 repouss\u00e9s \u00e0 2022, ann\u00e9e des Jeux Paralympiques de P\u00e9kin.","breadcrumb":{"@id":"https:\/\/dicodusport.fr\/blog\/les-championnats-du-monde-de-ski-handisport-reportes-en-2022\/#breadcrumb"},"inLanguage":"fr-FR","potentialAction":[{"@type":"ReadAction","target":["https:\/\/dicodusport.fr\/blog\/les-championnats-du-monde-de-ski-handisport-reportes-en-2022\/"]}]},{"@type":"ImageObject","inLanguage":"fr-FR","@id":"https:\/\/dicodusport.fr\/blog\/les-championnats-du-monde-de-ski-handisport-reportes-en-2022\/#primaryimage","url":"https:\/\/dicodusport.fr\/blog\/wp-content\/uploads\/2020\/11\/Les-championnats-du-monde-de-ski-handisport-report\u00e9s-en-2022.png","contentUrl":"https:\/\/dicodusport.fr\/blog\/wp-content\/uploads\/2020\/11\/Les-championnats-du-monde-de-ski-handisport-report\u00e9s-en-2022.png","width":800,"height":445,"caption":"Les championnats du monde de ski handisport report\u00e9s en 2022"},{"@type":"BreadcrumbList","@id":"https:\/\/dicodusport.fr\/blog\/les-championnats-du-monde-de-ski-handisport-reportes-en-2022\/#breadcrumb","itemListElement":[{"@type":"ListItem","position":1,"name":"Accueil","item":"https:\/\/dicodusport.fr\/blog\/"},{"@type":"ListItem","position":2,"name":"Les championnats du monde de ski handisport report\u00e9s en 2022"}]},{"@type":"WebSite","@id":"https:\/\/dicodusport.fr\/blog\/#website","url":"https:\/\/dicodusport.fr\/blog\/","name":"Dicodusport","description":"L&#039;encyclop\u00e9die de l&#039;actualit\u00e9 sportive","publisher":{"@id":"https:\/\/dicodusport.fr\/blog\/#organization"},"potentialAction":[{"@type":"SearchAction","target":{"@type":"EntryPoint","urlTemplate":"https:\/\/dicodusport.fr\/blog\/?s={search_term_string}"},"query-input":{"@type":"PropertyValueSpecification","valueRequired":true,"valueName":"search_term_string"}}],"inLanguage":"fr-FR"},{"@type":"NewsMediaOrganization","@id":"https:\/\/dicodusport.fr\/blog\/#organization","name":"Dicodusport","url":"https:\/\/dicodusport.fr\/blog\/","logo":{"@type":"ImageObject","inLanguage":"fr-FR","@id":"https:\/\/dicodusport.fr\/blog\/#\/schema\/logo\/image\/","url":"https:\/\/dicodusport.fr\/blog\/wp-content\/uploads\/2020\/06\/cropped-LOGO-DICODUSPORT-2020-SANS-FOND-SANS-TEXTE.png","contentUrl":"https:\/\/dicodusport.fr\/blog\/wp-content\/uploads\/2020\/06\/cropped-LOGO-DICODUSPORT-2020-SANS-FOND-SANS-TEXTE.png","width":512,"height":512,"caption":"Dicodusport"},"image":{"@id":"https:\/\/dicodusport.fr\/blog\/#\/schema\/logo\/image\/"},"sameAs":["https:\/\/www.facebook.com\/dicodusport","https:\/\/x.com\/dicodusport","https:\/\/www.instagram.com\/dicodusport\/","https:\/\/www.youtube.com\/channel\/UC7V2KZ5sd3htJivAbA4ZG3w"],"description":"Dicodusport est l'encyclop\u00e9die de l'actualit\u00e9 sportive.","email":"bonjour@dicodusport.fr","legalName":"DICODUSPORT","foundingDate":"2018-01-14","vatID":"FR71834470973","taxID":"83447097300043","numberOfEmployees":{"@type":"QuantitativeValue","minValue":"1","maxValue":"10"}},{"@type":"Person","@id":"https:\/\/dicodusport.fr\/blog\/#\/schema\/person\/5aab10ee856e86ac63e9819a9da34784","name":"Maxime Boulard","image":{"@type":"ImageObject","inLanguage":"fr-FR","@id":"https:\/\/dicodusport.fr\/blog\/#\/schema\/person\/image\/","url":"https:\/\/dicodusport.fr\/blog\/wp-content\/uploads\/2021\/05\/Maxime-Boulard-150x150.jpg","contentUrl":"https:\/\/dicodusport.fr\/blog\/wp-content\/uploads\/2021\/05\/Maxime-Boulard-150x150.jpg","caption":"Maxime Boulard"},"description":"Journaliste\/r\u00e9dacteur depuis octobre 2020 - Si mon plus vieux souvenir de sport aurait pu m'en d\u00e9go\u00fbter, la finale de la Coupe du monde 2006 a \u00e9t\u00e9 tout le contraire. V\u00e9ritable d\u00e9clencheur d'une passion qui aujourd'hui ne fait que grandir avec le temps, mon leitmotiv est la France qui brille ! Je relate les exploits pass\u00e9s et pr\u00e9sents du sport bleu-blanc-rouge sans m\u00e9nagement depuis octobre 2020. Sport valide ou handisport, aucune diff\u00e9rence, il n'y a que du sport et plusieurs fa\u00e7ons de le pratiquer.","sameAs":["https:\/\/www.facebook.com\/Max.Bld2\/","https:\/\/x.com\/https:\/\/twitter.com\/MaximeB_2"],"url":"https:\/\/dicodusport.fr\/blog\/author\/maxime-b\/"}]}},"_links":{"self":[{"href":"https:\/\/dicodusport.fr\/blog\/wp-json\/wp\/v2\/posts\/90049","targetHints":{"allow":["GET"]}}],"collection":[{"href":"https:\/\/dicodusport.fr\/blog\/wp-json\/wp\/v2\/posts"}],"about":[{"href":"https:\/\/dicodusport.fr\/blog\/wp-json\/wp\/v2\/types\/post"}],"author":[{"embeddable":true,"href":"https:\/\/dicodusport.fr\/blog\/wp-json\/wp\/v2\/users\/43"}],"replies":[{"embeddable":true,"href":"https:\/\/dicodusport.fr\/blog\/wp-json\/wp\/v2\/comments?post=90049"}],"version-history":[{"count":0,"href":"https:\/\/dicodusport.fr\/blog\/wp-json\/wp\/v2\/posts\/90049\/revisions"}],"wp:featuredmedia":[{"embeddable":true,"href":"https:\/\/dicodusport.fr\/blog\/wp-json\/wp\/v2\/media\/90067"}],"wp:attachment":[{"href":"https:\/\/dicodusport.fr\/blog\/wp-json\/wp\/v2\/media?parent=90049"}],"wp:term":[{"taxonomy":"category","embeddable":true,"href":"https:\/\/dicodusport.fr\/blog\/wp-json\/wp\/v2\/categories?post=90049"},{"taxonomy":"post_tag","embeddable":true,"href":"https:\/\/dicodusport.fr\/blog\/wp-json\/wp\/v2\/tags?post=90049"}],"curies":[{"name":"wp","href":"https:\/\/api.w.org\/{rel}","templated":true}]}}