{"id":90227,"date":"2020-11-28T07:25:54","date_gmt":"2020-11-28T06:25:54","guid":{"rendered":"https:\/\/dicodusport.fr\/blog\/?p=90227"},"modified":"2025-08-24T13:37:34","modified_gmt":"2025-08-24T11:37:34","slug":"vendee-globe-perte-d-un-safran-pour-alex-thomson-qui-continue-de-chuter-au-classement","status":"publish","type":"post","link":"https:\/\/dicodusport.fr\/blog\/vendee-globe-perte-d-un-safran-pour-alex-thomson-qui-continue-de-chuter-au-classement\/","title":{"rendered":"Vend\u00e9e Globe : Perte d&rsquo;un safran pour Alex Thomson, qui continue de chuter au classement"},"content":{"rendered":"<p style=\"text-align: justify;\"><em><strong><a href=\"https:\/\/dicodusport.fr\/blog\/actualites\/voile\/vendee-globe-2020\/\">VEND\u00c9E GLOBE 2020 &#8211;<\/a> Alex Thomson ne vit d\u00e9cid\u00e9ment pas un Vend\u00e9e Globe <a href=\"https:\/\/dicodusport.fr\/blog\/vendee-globe-2020-tous-les-bateaux-sont-partis\/\">comme il l&rsquo;imaginait au d\u00e9part<\/a>. Une nouvelle avarie, cette fois au safran, a touch\u00e9 le bateau Hugo Boss du Britannique hier soir. <a href=\"https:\/\/dicodusport.fr\/blog\/vendee-globe-alex-thomson-premier-concurrent-a-franchir-lequateur\/\">Encore premier au classement il y a dix jours<\/a>, il pointe d\u00e9sormais \u00e0 la 13\u00e8me place <a href=\"https:\/\/dicodusport.fr\/blog\/vendee-globe-2020-classement-course\/\" target=\"_blank\" rel=\"noopener noreferrer\">au classement<\/a>.<\/strong><\/em><\/p>\n<p style=\"text-align: justify;\">Les d\u00e9convenues s&rsquo;encha\u00eenent pour<strong> Alex Thomson<\/strong>. Il y a quelques jours d\u00e9j\u00e0, <a href=\"https:\/\/dicodusport.fr\/blog\/vendee-globe-un-probleme-structurel-sur-le-bateau-dalex-thomson\/\">le skipper d&rsquo;Hugo Boss avait subi des d\u00e9g\u00e2ts structurels<\/a> qui l&rsquo;avaient pouss\u00e9 \u00e0 plusieurs heures de r\u00e9paration. Il avait cependant pu r\u00e9gler le probl\u00e8me et retourner \u00e0 une navigation normale. Mais cette fois, aux alentours de 19 heures hier soir, c&rsquo;est <strong>un de ses safrans<\/strong> (aileron \u00e0 l&rsquo;arri\u00e8re du bateau qui permet de le diriger) <strong>qui a \u00e9t\u00e9 endommag\u00e9<\/strong>. Sur les conseils de son \u00e9quipe,<strong> le Britannique a d\u00fb s&rsquo;en d\u00e9tacher<\/strong> pour sa s\u00e9curit\u00e9 et celle de son bateau. En attendant l&rsquo;installation d&rsquo;un safran de secours (s&rsquo;il en a un), il navigue maintenant avec un seul safran. De quoi lui compliquer grandement la t\u00e2che.<\/p>\n<h2 style=\"text-align: justify;\">Une vitesse ralentie<\/h2>\n<p style=\"text-align: justify;\">Au pointage de 5h justement, <strong>Alex Thomson naviguait bien moins vite que les bateaux alentours<\/strong> (11 n\u0153uds contre 18 n\u0153uds en moyenne pour les autres). Il pourrait ainsi se faire rattraper par Maxime Sorel (14e) et Isabelle Joschke (15e), qui \u00e9taient \u00e0 moins de 50 milles de lui \u00e0 5h. Parmi les grands favoris, le skipper britannique misait beaucoup sur cette \u00e9dition apr\u00e8s sa deuxi\u00e8me place en 2016. Ce nouveau ralentissement pourrait bien <strong>l&rsquo;\u00e9loigner d\u00e9finitivement de la victoire.<\/strong><\/p>\n<blockquote class=\"twitter-tweet\">\n<p dir=\"ltr\" lang=\"fr\">Safran tribord endommag\u00e9 sur HUGO BOSS<a href=\"https:\/\/twitter.com\/ATRacing99?ref_src=twsrc%5Etfw\">@ATRacing99<\/a> a \u00e9mis une alerte d\u00e9crivant des dommages sur le safran d\u2019HUGO BOSS qui se seraient produits vers 19h00 UTC ce vendredi soir &#x25b6;&#xfe0f; <a href=\"https:\/\/t.co\/rKIUnXjHhU\">https:\/\/t.co\/rKIUnXjHhU<\/a><a href=\"https:\/\/twitter.com\/hashtag\/VG2020?src=hash&amp;ref_src=twsrc%5Etfw\">#VG2020<\/a> <a href=\"https:\/\/t.co\/Oey4yM2o0L\">pic.twitter.com\/Oey4yM2o0L<\/a><\/p>\n<p>\u2014 Vend\u00e9e Globe (@VendeeGlobe) <a href=\"https:\/\/twitter.com\/VendeeGlobe\/status\/1332449913171488768?ref_src=twsrc%5Etfw\">November 27, 2020<\/a><\/p><\/blockquote>\n<p><script async src=\"https:\/\/platform.twitter.com\/widgets.js\" charset=\"utf-8\"><\/script><br \/>\n<em><strong>Tom Compayrot<\/strong><br \/>\n<\/em><a href=\"https:\/\/twitter.com\/tom_cprt?lang=fr\" target=\"_blank\" rel=\"noopener noreferrer\"><img loading=\"lazy\" decoding=\"async\" class=\"alignnone wp-image-2908\" src=\"http:\/\/dicodusport.fr\/blog\/wp-content\/uploads\/2017\/07\/logo-twitter-150x150.png\" alt=\"\" width=\"39\" height=\"39\" \/><\/a><\/p>\n","protected":false},"excerpt":{"rendered":"<p>VEND\u00c9E GLOBE 2020 &#8211; Alex Thomson ne vit d\u00e9cid\u00e9ment pas un Vend\u00e9e Globe comme il l&rsquo;imaginait au d\u00e9part. Une nouvelle avarie, cette fois au safran, a touch\u00e9 le bateau Hugo Boss du Britannique hier soir. Encore premier au classement il y a dix jours, il pointe d\u00e9sormais \u00e0 la 13\u00e8me place.<\/p>\n","protected":false},"author":13,"featured_media":90232,"comment_status":"open","ping_status":"closed","sticky":false,"template":"","format":"standard","meta":{"_acf_changed":false,"_daextam_enable_autolinks":"","footnotes":""},"categories":[9184],"tags":[3094,526],"class_list":["post-90227","post","type-post","status-publish","format-standard","has-post-thumbnail","hentry","category-voile","tag-vendee-globe","tag-voile"],"acf":[],"yoast_head":"<!-- This site is optimized with the Yoast SEO Premium plugin v26.7 (Yoast SEO v26.7) - https:\/\/yoast.com\/wordpress\/plugins\/seo\/ -->\n<title>Vend\u00e9e Globe : Perte d&#039;un safran pour Alex Thomson, qui continue de chuter au classement<\/title>\n<meta name=\"description\" content=\"Le safran d&#039;Alex Thomson ayant \u00e9t\u00e9 endommag\u00e9 hier soir, le skipper a du s&#039;en s\u00e9parer. Premier il y a dix jours, il est maintenant 13\u00e8me.\" \/>\n<meta name=\"robots\" content=\"index, follow, max-snippet:-1, max-image-preview:large, max-video-preview:-1\" \/>\n<link rel=\"canonical\" href=\"https:\/\/dicodusport.fr\/blog\/vendee-globe-perte-d-un-safran-pour-alex-thomson-qui-continue-de-chuter-au-classement\/\" \/>\n<meta property=\"og:locale\" content=\"fr_FR\" \/>\n<meta property=\"og:type\" content=\"article\" \/>\n<meta property=\"og:title\" content=\"Vend\u00e9e Globe : Perte d&#039;un safran pour Alex Thomson, qui continue de chuter au classement\" \/>\n<meta property=\"og:description\" content=\"Le safran d&#039;Alex Thomson ayant \u00e9t\u00e9 endommag\u00e9 hier soir, le skipper a du s&#039;en s\u00e9parer. Premier il y a dix jours, il est maintenant 13\u00e8me.\" \/>\n<meta property=\"og:url\" content=\"https:\/\/dicodusport.fr\/blog\/vendee-globe-perte-d-un-safran-pour-alex-thomson-qui-continue-de-chuter-au-classement\/\" \/>\n<meta property=\"og:site_name\" content=\"Dicodusport\" \/>\n<meta property=\"article:publisher\" content=\"https:\/\/www.facebook.com\/dicodusport\" \/>\n<meta property=\"article:published_time\" content=\"2020-11-28T06:25:54+00:00\" \/>\n<meta property=\"article:modified_time\" content=\"2025-08-24T11:37:34+00:00\" \/>\n<meta property=\"og:image\" content=\"https:\/\/dicodusport.fr\/blog\/wp-content\/uploads\/2020\/11\/Alex-Thomson-a-perdu-un-de-ses-safrans-hier-soir.png\" \/>\n\t<meta property=\"og:image:width\" content=\"800\" \/>\n\t<meta property=\"og:image:height\" content=\"445\" \/>\n\t<meta property=\"og:image:type\" content=\"image\/png\" \/>\n<meta name=\"author\" content=\"Tom Compayrot\" \/>\n<meta name=\"twitter:card\" content=\"summary_large_image\" \/>\n<meta name=\"twitter:title\" content=\"Vend\u00e9e Globe : Perte d&#039;un safran pour Alex Thomson, qui continue de chuter au classement\" \/>\n<meta name=\"twitter:creator\" content=\"@https:\/\/twitter.com\/Tom_Cprt\" \/>\n<meta name=\"twitter:site\" content=\"@dicodusport\" \/>\n<script type=\"application\/ld+json\" class=\"yoast-schema-graph\">{\"@context\":\"https:\/\/schema.org\",\"@graph\":[{\"@type\":\"NewsArticle\",\"@id\":\"https:\/\/dicodusport.fr\/blog\/vendee-globe-perte-d-un-safran-pour-alex-thomson-qui-continue-de-chuter-au-classement\/#article\",\"isPartOf\":{\"@id\":\"https:\/\/dicodusport.fr\/blog\/vendee-globe-perte-d-un-safran-pour-alex-thomson-qui-continue-de-chuter-au-classement\/\"},\"author\":{\"name\":\"Tom Compayrot\",\"@id\":\"https:\/\/dicodusport.fr\/blog\/#\/schema\/person\/bf1e4f404e108bd2be5b447b16bde9a7\"},\"headline\":\"Vend\u00e9e Globe : Perte d&rsquo;un safran pour Alex Thomson, qui continue de chuter au classement\",\"datePublished\":\"2020-11-28T06:25:54+00:00\",\"dateModified\":\"2025-08-24T11:37:34+00:00\",\"mainEntityOfPage\":{\"@id\":\"https:\/\/dicodusport.fr\/blog\/vendee-globe-perte-d-un-safran-pour-alex-thomson-qui-continue-de-chuter-au-classement\/\"},\"wordCount\":342,\"commentCount\":0,\"publisher\":{\"@id\":\"https:\/\/dicodusport.fr\/blog\/#organization\"},\"image\":{\"@id\":\"https:\/\/dicodusport.fr\/blog\/vendee-globe-perte-d-un-safran-pour-alex-thomson-qui-continue-de-chuter-au-classement\/#primaryimage\"},\"thumbnailUrl\":\"https:\/\/dicodusport.fr\/blog\/wp-content\/uploads\/2020\/11\/Alex-Thomson-a-perdu-un-de-ses-safrans-hier-soir.png\",\"keywords\":[\"Vend\u00e9e Globe\",\"Voile\"],\"articleSection\":[\"Voile\"],\"inLanguage\":\"fr-FR\",\"potentialAction\":[{\"@type\":\"CommentAction\",\"name\":\"Comment\",\"target\":[\"https:\/\/dicodusport.fr\/blog\/vendee-globe-perte-d-un-safran-pour-alex-thomson-qui-continue-de-chuter-au-classement\/#respond\"]}],\"copyrightYear\":\"2020\",\"copyrightHolder\":{\"@id\":\"https:\/\/dicodusport.fr\/blog\/#organization\"}},{\"@type\":\"WebPage\",\"@id\":\"https:\/\/dicodusport.fr\/blog\/vendee-globe-perte-d-un-safran-pour-alex-thomson-qui-continue-de-chuter-au-classement\/\",\"url\":\"https:\/\/dicodusport.fr\/blog\/vendee-globe-perte-d-un-safran-pour-alex-thomson-qui-continue-de-chuter-au-classement\/\",\"name\":\"Vend\u00e9e Globe : Perte d'un safran pour Alex Thomson, qui continue de chuter au classement\",\"isPartOf\":{\"@id\":\"https:\/\/dicodusport.fr\/blog\/#website\"},\"primaryImageOfPage\":{\"@id\":\"https:\/\/dicodusport.fr\/blog\/vendee-globe-perte-d-un-safran-pour-alex-thomson-qui-continue-de-chuter-au-classement\/#primaryimage\"},\"image\":{\"@id\":\"https:\/\/dicodusport.fr\/blog\/vendee-globe-perte-d-un-safran-pour-alex-thomson-qui-continue-de-chuter-au-classement\/#primaryimage\"},\"thumbnailUrl\":\"https:\/\/dicodusport.fr\/blog\/wp-content\/uploads\/2020\/11\/Alex-Thomson-a-perdu-un-de-ses-safrans-hier-soir.png\",\"datePublished\":\"2020-11-28T06:25:54+00:00\",\"dateModified\":\"2025-08-24T11:37:34+00:00\",\"description\":\"Le safran d'Alex Thomson ayant \u00e9t\u00e9 endommag\u00e9 hier soir, le skipper a du s'en s\u00e9parer. Premier il y a dix jours, il est maintenant 13\u00e8me.\",\"breadcrumb\":{\"@id\":\"https:\/\/dicodusport.fr\/blog\/vendee-globe-perte-d-un-safran-pour-alex-thomson-qui-continue-de-chuter-au-classement\/#breadcrumb\"},\"inLanguage\":\"fr-FR\",\"potentialAction\":[{\"@type\":\"ReadAction\",\"target\":[\"https:\/\/dicodusport.fr\/blog\/vendee-globe-perte-d-un-safran-pour-alex-thomson-qui-continue-de-chuter-au-classement\/\"]}]},{\"@type\":\"ImageObject\",\"inLanguage\":\"fr-FR\",\"@id\":\"https:\/\/dicodusport.fr\/blog\/vendee-globe-perte-d-un-safran-pour-alex-thomson-qui-continue-de-chuter-au-classement\/#primaryimage\",\"url\":\"https:\/\/dicodusport.fr\/blog\/wp-content\/uploads\/2020\/11\/Alex-Thomson-a-perdu-un-de-ses-safrans-hier-soir.png\",\"contentUrl\":\"https:\/\/dicodusport.fr\/blog\/wp-content\/uploads\/2020\/11\/Alex-Thomson-a-perdu-un-de-ses-safrans-hier-soir.png\",\"width\":800,\"height\":445},{\"@type\":\"BreadcrumbList\",\"@id\":\"https:\/\/dicodusport.fr\/blog\/vendee-globe-perte-d-un-safran-pour-alex-thomson-qui-continue-de-chuter-au-classement\/#breadcrumb\",\"itemListElement\":[{\"@type\":\"ListItem\",\"position\":1,\"name\":\"Accueil\",\"item\":\"https:\/\/dicodusport.fr\/blog\/\"},{\"@type\":\"ListItem\",\"position\":2,\"name\":\"Vend\u00e9e Globe : Perte d&rsquo;un safran pour Alex Thomson, qui continue de chuter au classement\"}]},{\"@type\":\"WebSite\",\"@id\":\"https:\/\/dicodusport.fr\/blog\/#website\",\"url\":\"https:\/\/dicodusport.fr\/blog\/\",\"name\":\"Dicodusport\",\"description\":\"L&#039;encyclop\u00e9die de l&#039;actualit\u00e9 sportive\",\"publisher\":{\"@id\":\"https:\/\/dicodusport.fr\/blog\/#organization\"},\"potentialAction\":[{\"@type\":\"SearchAction\",\"target\":{\"@type\":\"EntryPoint\",\"urlTemplate\":\"https:\/\/dicodusport.fr\/blog\/?s={search_term_string}\"},\"query-input\":{\"@type\":\"PropertyValueSpecification\",\"valueRequired\":true,\"valueName\":\"search_term_string\"}}],\"inLanguage\":\"fr-FR\"},{\"@type\":\"NewsMediaOrganization\",\"@id\":\"https:\/\/dicodusport.fr\/blog\/#organization\",\"name\":\"Dicodusport\",\"url\":\"https:\/\/dicodusport.fr\/blog\/\",\"logo\":{\"@type\":\"ImageObject\",\"inLanguage\":\"fr-FR\",\"@id\":\"https:\/\/dicodusport.fr\/blog\/#\/schema\/logo\/image\/\",\"url\":\"https:\/\/dicodusport.fr\/blog\/wp-content\/uploads\/2020\/06\/cropped-LOGO-DICODUSPORT-2020-SANS-FOND-SANS-TEXTE.png\",\"contentUrl\":\"https:\/\/dicodusport.fr\/blog\/wp-content\/uploads\/2020\/06\/cropped-LOGO-DICODUSPORT-2020-SANS-FOND-SANS-TEXTE.png\",\"width\":512,\"height\":512,\"caption\":\"Dicodusport\"},\"image\":{\"@id\":\"https:\/\/dicodusport.fr\/blog\/#\/schema\/logo\/image\/\"},\"sameAs\":[\"https:\/\/www.facebook.com\/dicodusport\",\"https:\/\/x.com\/dicodusport\",\"https:\/\/www.instagram.com\/dicodusport\/\",\"https:\/\/www.youtube.com\/channel\/UC7V2KZ5sd3htJivAbA4ZG3w\"],\"description\":\"Dicodusport est l'encyclop\u00e9die de l'actualit\u00e9 sportive.\",\"email\":\"bonjour@dicodusport.fr\",\"legalName\":\"DICODUSPORT\",\"foundingDate\":\"2018-01-14\",\"vatID\":\"FR71834470973\",\"taxID\":\"83447097300043\",\"numberOfEmployees\":{\"@type\":\"QuantitativeValue\",\"minValue\":\"1\",\"maxValue\":\"10\"}},{\"@type\":\"Person\",\"@id\":\"https:\/\/dicodusport.fr\/blog\/#\/schema\/person\/bf1e4f404e108bd2be5b447b16bde9a7\",\"name\":\"Tom Compayrot\",\"image\":{\"@type\":\"ImageObject\",\"inLanguage\":\"fr-FR\",\"@id\":\"https:\/\/dicodusport.fr\/blog\/#\/schema\/person\/image\/\",\"url\":\"https:\/\/dicodusport.fr\/blog\/wp-content\/uploads\/2021\/05\/Tom-Compayrot-150x150.jpg\",\"contentUrl\":\"https:\/\/dicodusport.fr\/blog\/wp-content\/uploads\/2021\/05\/Tom-Compayrot-150x150.jpg\",\"caption\":\"Tom Compayrot\"},\"description\":\"Journaliste\/r\u00e9dacteur depuis mars 2017 - Amoureux de la petite balle jaune et du gros ballon orange qui tra\u00eene sa carcasse sur Dicodusport depuis 2017. Rafael Nadal et LeBron James sont les meilleurs joueurs de l'histoire.\",\"sameAs\":[\"https:\/\/x.com\/https:\/\/twitter.com\/Tom_Cprt\"],\"url\":\"https:\/\/dicodusport.fr\/blog\/author\/tom\/\"}]}<\/script>\n<!-- \/ Yoast SEO Premium plugin. -->","yoast_head_json":{"title":"Vend\u00e9e Globe : Perte d'un safran pour Alex Thomson, qui continue de chuter au classement","description":"Le safran d'Alex Thomson ayant \u00e9t\u00e9 endommag\u00e9 hier soir, le skipper a du s'en s\u00e9parer. Premier il y a dix jours, il est maintenant 13\u00e8me.","robots":{"index":"index","follow":"follow","max-snippet":"max-snippet:-1","max-image-preview":"max-image-preview:large","max-video-preview":"max-video-preview:-1"},"canonical":"https:\/\/dicodusport.fr\/blog\/vendee-globe-perte-d-un-safran-pour-alex-thomson-qui-continue-de-chuter-au-classement\/","og_locale":"fr_FR","og_type":"article","og_title":"Vend\u00e9e Globe : Perte d'un safran pour Alex Thomson, qui continue de chuter au classement","og_description":"Le safran d'Alex Thomson ayant \u00e9t\u00e9 endommag\u00e9 hier soir, le skipper a du s'en s\u00e9parer. Premier il y a dix jours, il est maintenant 13\u00e8me.","og_url":"https:\/\/dicodusport.fr\/blog\/vendee-globe-perte-d-un-safran-pour-alex-thomson-qui-continue-de-chuter-au-classement\/","og_site_name":"Dicodusport","article_publisher":"https:\/\/www.facebook.com\/dicodusport","article_published_time":"2020-11-28T06:25:54+00:00","article_modified_time":"2025-08-24T11:37:34+00:00","og_image":[{"width":800,"height":445,"url":"https:\/\/dicodusport.fr\/blog\/wp-content\/uploads\/2020\/11\/Alex-Thomson-a-perdu-un-de-ses-safrans-hier-soir.png","type":"image\/png"}],"author":"Tom Compayrot","twitter_card":"summary_large_image","twitter_title":"Vend\u00e9e Globe : Perte d'un safran pour Alex Thomson, qui continue de chuter au classement","twitter_creator":"@https:\/\/twitter.com\/Tom_Cprt","twitter_site":"@dicodusport","schema":{"@context":"https:\/\/schema.org","@graph":[{"@type":"NewsArticle","@id":"https:\/\/dicodusport.fr\/blog\/vendee-globe-perte-d-un-safran-pour-alex-thomson-qui-continue-de-chuter-au-classement\/#article","isPartOf":{"@id":"https:\/\/dicodusport.fr\/blog\/vendee-globe-perte-d-un-safran-pour-alex-thomson-qui-continue-de-chuter-au-classement\/"},"author":{"name":"Tom Compayrot","@id":"https:\/\/dicodusport.fr\/blog\/#\/schema\/person\/bf1e4f404e108bd2be5b447b16bde9a7"},"headline":"Vend\u00e9e Globe : Perte d&rsquo;un safran pour Alex Thomson, qui continue de chuter au classement","datePublished":"2020-11-28T06:25:54+00:00","dateModified":"2025-08-24T11:37:34+00:00","mainEntityOfPage":{"@id":"https:\/\/dicodusport.fr\/blog\/vendee-globe-perte-d-un-safran-pour-alex-thomson-qui-continue-de-chuter-au-classement\/"},"wordCount":342,"commentCount":0,"publisher":{"@id":"https:\/\/dicodusport.fr\/blog\/#organization"},"image":{"@id":"https:\/\/dicodusport.fr\/blog\/vendee-globe-perte-d-un-safran-pour-alex-thomson-qui-continue-de-chuter-au-classement\/#primaryimage"},"thumbnailUrl":"https:\/\/dicodusport.fr\/blog\/wp-content\/uploads\/2020\/11\/Alex-Thomson-a-perdu-un-de-ses-safrans-hier-soir.png","keywords":["Vend\u00e9e Globe","Voile"],"articleSection":["Voile"],"inLanguage":"fr-FR","potentialAction":[{"@type":"CommentAction","name":"Comment","target":["https:\/\/dicodusport.fr\/blog\/vendee-globe-perte-d-un-safran-pour-alex-thomson-qui-continue-de-chuter-au-classement\/#respond"]}],"copyrightYear":"2020","copyrightHolder":{"@id":"https:\/\/dicodusport.fr\/blog\/#organization"}},{"@type":"WebPage","@id":"https:\/\/dicodusport.fr\/blog\/vendee-globe-perte-d-un-safran-pour-alex-thomson-qui-continue-de-chuter-au-classement\/","url":"https:\/\/dicodusport.fr\/blog\/vendee-globe-perte-d-un-safran-pour-alex-thomson-qui-continue-de-chuter-au-classement\/","name":"Vend\u00e9e Globe : Perte d'un safran pour Alex Thomson, qui continue de chuter au classement","isPartOf":{"@id":"https:\/\/dicodusport.fr\/blog\/#website"},"primaryImageOfPage":{"@id":"https:\/\/dicodusport.fr\/blog\/vendee-globe-perte-d-un-safran-pour-alex-thomson-qui-continue-de-chuter-au-classement\/#primaryimage"},"image":{"@id":"https:\/\/dicodusport.fr\/blog\/vendee-globe-perte-d-un-safran-pour-alex-thomson-qui-continue-de-chuter-au-classement\/#primaryimage"},"thumbnailUrl":"https:\/\/dicodusport.fr\/blog\/wp-content\/uploads\/2020\/11\/Alex-Thomson-a-perdu-un-de-ses-safrans-hier-soir.png","datePublished":"2020-11-28T06:25:54+00:00","dateModified":"2025-08-24T11:37:34+00:00","description":"Le safran d'Alex Thomson ayant \u00e9t\u00e9 endommag\u00e9 hier soir, le skipper a du s'en s\u00e9parer. Premier il y a dix jours, il est maintenant 13\u00e8me.","breadcrumb":{"@id":"https:\/\/dicodusport.fr\/blog\/vendee-globe-perte-d-un-safran-pour-alex-thomson-qui-continue-de-chuter-au-classement\/#breadcrumb"},"inLanguage":"fr-FR","potentialAction":[{"@type":"ReadAction","target":["https:\/\/dicodusport.fr\/blog\/vendee-globe-perte-d-un-safran-pour-alex-thomson-qui-continue-de-chuter-au-classement\/"]}]},{"@type":"ImageObject","inLanguage":"fr-FR","@id":"https:\/\/dicodusport.fr\/blog\/vendee-globe-perte-d-un-safran-pour-alex-thomson-qui-continue-de-chuter-au-classement\/#primaryimage","url":"https:\/\/dicodusport.fr\/blog\/wp-content\/uploads\/2020\/11\/Alex-Thomson-a-perdu-un-de-ses-safrans-hier-soir.png","contentUrl":"https:\/\/dicodusport.fr\/blog\/wp-content\/uploads\/2020\/11\/Alex-Thomson-a-perdu-un-de-ses-safrans-hier-soir.png","width":800,"height":445},{"@type":"BreadcrumbList","@id":"https:\/\/dicodusport.fr\/blog\/vendee-globe-perte-d-un-safran-pour-alex-thomson-qui-continue-de-chuter-au-classement\/#breadcrumb","itemListElement":[{"@type":"ListItem","position":1,"name":"Accueil","item":"https:\/\/dicodusport.fr\/blog\/"},{"@type":"ListItem","position":2,"name":"Vend\u00e9e Globe : Perte d&rsquo;un safran pour Alex Thomson, qui continue de chuter au classement"}]},{"@type":"WebSite","@id":"https:\/\/dicodusport.fr\/blog\/#website","url":"https:\/\/dicodusport.fr\/blog\/","name":"Dicodusport","description":"L&#039;encyclop\u00e9die de l&#039;actualit\u00e9 sportive","publisher":{"@id":"https:\/\/dicodusport.fr\/blog\/#organization"},"potentialAction":[{"@type":"SearchAction","target":{"@type":"EntryPoint","urlTemplate":"https:\/\/dicodusport.fr\/blog\/?s={search_term_string}"},"query-input":{"@type":"PropertyValueSpecification","valueRequired":true,"valueName":"search_term_string"}}],"inLanguage":"fr-FR"},{"@type":"NewsMediaOrganization","@id":"https:\/\/dicodusport.fr\/blog\/#organization","name":"Dicodusport","url":"https:\/\/dicodusport.fr\/blog\/","logo":{"@type":"ImageObject","inLanguage":"fr-FR","@id":"https:\/\/dicodusport.fr\/blog\/#\/schema\/logo\/image\/","url":"https:\/\/dicodusport.fr\/blog\/wp-content\/uploads\/2020\/06\/cropped-LOGO-DICODUSPORT-2020-SANS-FOND-SANS-TEXTE.png","contentUrl":"https:\/\/dicodusport.fr\/blog\/wp-content\/uploads\/2020\/06\/cropped-LOGO-DICODUSPORT-2020-SANS-FOND-SANS-TEXTE.png","width":512,"height":512,"caption":"Dicodusport"},"image":{"@id":"https:\/\/dicodusport.fr\/blog\/#\/schema\/logo\/image\/"},"sameAs":["https:\/\/www.facebook.com\/dicodusport","https:\/\/x.com\/dicodusport","https:\/\/www.instagram.com\/dicodusport\/","https:\/\/www.youtube.com\/channel\/UC7V2KZ5sd3htJivAbA4ZG3w"],"description":"Dicodusport est l'encyclop\u00e9die de l'actualit\u00e9 sportive.","email":"bonjour@dicodusport.fr","legalName":"DICODUSPORT","foundingDate":"2018-01-14","vatID":"FR71834470973","taxID":"83447097300043","numberOfEmployees":{"@type":"QuantitativeValue","minValue":"1","maxValue":"10"}},{"@type":"Person","@id":"https:\/\/dicodusport.fr\/blog\/#\/schema\/person\/bf1e4f404e108bd2be5b447b16bde9a7","name":"Tom Compayrot","image":{"@type":"ImageObject","inLanguage":"fr-FR","@id":"https:\/\/dicodusport.fr\/blog\/#\/schema\/person\/image\/","url":"https:\/\/dicodusport.fr\/blog\/wp-content\/uploads\/2021\/05\/Tom-Compayrot-150x150.jpg","contentUrl":"https:\/\/dicodusport.fr\/blog\/wp-content\/uploads\/2021\/05\/Tom-Compayrot-150x150.jpg","caption":"Tom Compayrot"},"description":"Journaliste\/r\u00e9dacteur depuis mars 2017 - Amoureux de la petite balle jaune et du gros ballon orange qui tra\u00eene sa carcasse sur Dicodusport depuis 2017. Rafael Nadal et LeBron James sont les meilleurs joueurs de l'histoire.","sameAs":["https:\/\/x.com\/https:\/\/twitter.com\/Tom_Cprt"],"url":"https:\/\/dicodusport.fr\/blog\/author\/tom\/"}]}},"_links":{"self":[{"href":"https:\/\/dicodusport.fr\/blog\/wp-json\/wp\/v2\/posts\/90227","targetHints":{"allow":["GET"]}}],"collection":[{"href":"https:\/\/dicodusport.fr\/blog\/wp-json\/wp\/v2\/posts"}],"about":[{"href":"https:\/\/dicodusport.fr\/blog\/wp-json\/wp\/v2\/types\/post"}],"author":[{"embeddable":true,"href":"https:\/\/dicodusport.fr\/blog\/wp-json\/wp\/v2\/users\/13"}],"replies":[{"embeddable":true,"href":"https:\/\/dicodusport.fr\/blog\/wp-json\/wp\/v2\/comments?post=90227"}],"version-history":[{"count":1,"href":"https:\/\/dicodusport.fr\/blog\/wp-json\/wp\/v2\/posts\/90227\/revisions"}],"predecessor-version":[{"id":605144,"href":"https:\/\/dicodusport.fr\/blog\/wp-json\/wp\/v2\/posts\/90227\/revisions\/605144"}],"wp:featuredmedia":[{"embeddable":true,"href":"https:\/\/dicodusport.fr\/blog\/wp-json\/wp\/v2\/media\/90232"}],"wp:attachment":[{"href":"https:\/\/dicodusport.fr\/blog\/wp-json\/wp\/v2\/media?parent=90227"}],"wp:term":[{"taxonomy":"category","embeddable":true,"href":"https:\/\/dicodusport.fr\/blog\/wp-json\/wp\/v2\/categories?post=90227"},{"taxonomy":"post_tag","embeddable":true,"href":"https:\/\/dicodusport.fr\/blog\/wp-json\/wp\/v2\/tags?post=90227"}],"curies":[{"name":"wp","href":"https:\/\/api.w.org\/{rel}","templated":true}]}}