{"id":90914,"date":"2020-12-01T08:41:10","date_gmt":"2020-12-01T07:41:10","guid":{"rendered":"https:\/\/dicodusport.fr\/blog\/?p=90914&#038;preview=true&#038;preview_id=90914"},"modified":"2020-12-01T08:50:28","modified_gmt":"2020-12-01T07:50:28","slug":"lewis-hamilton-positif-covid-19-forfait-pour-grand-prix-de-sakhir","status":"publish","type":"post","link":"https:\/\/dicodusport.fr\/blog\/lewis-hamilton-positif-covid-19-forfait-pour-grand-prix-de-sakhir\/","title":{"rendered":"Lewis Hamilton, positif \u00e0 la Covid-19, forfait pour le Grand Prix de Sakhir"},"content":{"rendered":"<p style=\"text-align: justify;\"><strong><em><a href=\"https:\/\/dicodusport.fr\/blog\/actualites\/sports-mecaniques\/formule-1\/\" target=\"_blank\" rel=\"noopener noreferrer\">FORMULE 1<\/a> &#8211; Mercedes a annonc\u00e9 ce mardi matin que Lewis Hamilton \u00e9tait positif \u00e0 la Covid-19. Il va par cons\u00e9quent manquer le Grand Prix de Sakhir dimanche.<\/em><\/strong><\/p>\n<p style=\"text-align: justify;\"><a href=\"https:\/\/dicodusport.fr\/blog\/tag\/lewis-hamilton\/\" target=\"_blank\" rel=\"noopener noreferrer\"><strong>Lewis Hamilton<\/strong><\/a> ne remportera pas une 96\u00e8me victoire ce dimanche lors du <strong>Grand Prix de Sakhir<\/strong>. Positif \u00e0 la Covid-19, le septuple champion du monde est forfait. Alors que les trois tests qu&rsquo;il avait fait la semaine derni\u00e8re \u00e9taient n\u00e9gatifs, le Britannique a vu des sympt\u00f4mes appara\u00eetre ce lundi et a pass\u00e9 un test qui s&rsquo;est r\u00e9v\u00e9l\u00e9 positif.<\/p>\n<h2 style=\"text-align: justify;\">L&rsquo;annonce de Mercedes<\/h2>\n<blockquote>\n<p style=\"text-align: justify;\">Lewis a \u00e9t\u00e9 test\u00e9 n\u00e9gatif \u00e0 trois reprises \u00e0 la semaine derni\u00e8re et le dernier de ces tests a eu lieu dimanche apr\u00e8s-midi, sur le Circuit International de Bahre\u00efn, conform\u00e9ment au programme de test standard. Cependant, au r\u00e9veil lundi matin,\u00a0 il a ressenti de l\u00e9gers sympt\u00f4mes et a \u00e9t\u00e9 inform\u00e9 dans le m\u00eame temps qu&rsquo;un contact avant son arriv\u00e9e \u00e0 Bahre\u00efn avait \u00e9t\u00e9 test\u00e9 positif. Lewis a donc effectu\u00e9 un nouveau test, et le r\u00e9sultat s&rsquo;est av\u00e9r\u00e9 positif. Un second test l&rsquo;a confirm\u00e9. Lewis se met d\u00e9sormais \u00e0 l&rsquo;isolement, conform\u00e9ment aux protocoles Covid-19 et aux recommandations des autorit\u00e9s de sant\u00e9 publique \u00e0 Bahre\u00efn. Mis \u00e0 part de l\u00e9gers sympt\u00f4mes, il se sent bien et toute l&rsquo;\u00e9quipe lui souhaite de se remettre au mieux.<\/p>\n<\/blockquote>\n<blockquote class=\"twitter-tweet\">\n<p dir=\"ltr\" lang=\"und\"><a href=\"https:\/\/t.co\/iNtf5WwVoB\">pic.twitter.com\/iNtf5WwVoB<\/a><\/p>\n<p>\u2014 Mercedes-AMG PETRONAS F1 Team (@MercedesAMGF1) <a href=\"https:\/\/twitter.com\/MercedesAMGF1\/status\/1333672817460654080?ref_src=twsrc%5Etfw\">December 1, 2020<\/a><\/p><\/blockquote>\n<p><script async src=\"https:\/\/platform.twitter.com\/widgets.js\" charset=\"utf-8\"><\/script><\/p>\n<p style=\"text-align: justify;\">Reste \u00e0 savoir d\u00e9sormais qui sera le rempla\u00e7ant de <strong>Lewis Hamilton<\/strong>. Les Fl\u00e8ches d&rsquo;Argent disposent de deux pilotes d&rsquo;essai : le Belge <strong>Stoffel Vandoorne<\/strong> et le Mexicain <strong>Esteban Guti\u00e9rrez<\/strong>. La piste <strong>Nico H\u00fclkenberg<\/strong> n&rsquo;est pas \u00e0 exclure.<\/p>\n<p><strong><em>Dicodusport<br \/>\n<a href=\"https:\/\/www.facebook.com\/dicodusport\/\" target=\"_blank\" rel=\"noopener noreferrer\"><img loading=\"lazy\" decoding=\"async\" class=\"alignnone wp-image-2909\" src=\"http:\/\/dicodusport.fr\/blog\/wp-content\/uploads\/2017\/07\/logo-facebook-150x150.png\" alt=\"\" width=\"40\" height=\"40\" \/><\/a><a href=\"https:\/\/twitter.com\/dicodusport\" target=\"_blank\" rel=\"noopener noreferrer\"><img loading=\"lazy\" decoding=\"async\" class=\"alignnone wp-image-2908\" src=\"http:\/\/dicodusport.fr\/blog\/wp-content\/uploads\/2017\/07\/logo-twitter-150x150.png\" alt=\"\" width=\"39\" height=\"39\" \/><\/a><\/em><\/strong><\/p>\n","protected":false},"excerpt":{"rendered":"<p>FORMULE 1 &#8211; Mercedes a annonc\u00e9 ce mardi matin que Lewis Hamilton \u00e9tait positif \u00e0 la Covid-19. Il va par cons\u00e9quent manquer le Grand Prix de Sakhir dimanche.<\/p>\n","protected":false},"author":1,"featured_media":90917,"comment_status":"open","ping_status":"closed","sticky":false,"template":"","format":"standard","meta":{"_acf_changed":false,"_daextam_enable_autolinks":"","footnotes":""},"categories":[8653],"tags":[3166,2065,5597],"class_list":["post-90914","post","type-post","status-publish","format-standard","has-post-thumbnail","hentry","category-formule-1","tag-f1","tag-formule-1","tag-lewis-hamilton"],"acf":[],"yoast_head":"<!-- This site is optimized with the Yoast SEO Premium plugin v26.7 (Yoast SEO v26.7) - https:\/\/yoast.com\/wordpress\/plugins\/seo\/ -->\n<title>Lewis Hamilton, positif \u00e0 la Covid-19, forfait pour le Grand Prix de Sakhir<\/title>\n<meta name=\"description\" content=\"FORMULE 1 - Mercedes a annonc\u00e9 ce mardi matin que Lewis Hamilton \u00e9tait positif \u00e0 la Covid-19. Il va par cons\u00e9quent manquer le Grand Prix de Sakhir.\" \/>\n<meta name=\"robots\" content=\"index, follow, max-snippet:-1, max-image-preview:large, max-video-preview:-1\" \/>\n<link rel=\"canonical\" href=\"https:\/\/dicodusport.fr\/blog\/lewis-hamilton-positif-covid-19-forfait-pour-grand-prix-de-sakhir\/\" \/>\n<meta property=\"og:locale\" content=\"fr_FR\" \/>\n<meta property=\"og:type\" content=\"article\" \/>\n<meta property=\"og:title\" content=\"Lewis Hamilton, positif \u00e0 la Covid-19, forfait pour le Grand Prix de Sakhir\" \/>\n<meta property=\"og:description\" content=\"FORMULE 1 - Mercedes a annonc\u00e9 ce mardi matin que Lewis Hamilton \u00e9tait positif \u00e0 la Covid-19. Il va par cons\u00e9quent manquer le Grand Prix de Sakhir.\" \/>\n<meta property=\"og:url\" content=\"https:\/\/dicodusport.fr\/blog\/lewis-hamilton-positif-covid-19-forfait-pour-grand-prix-de-sakhir\/\" \/>\n<meta property=\"og:site_name\" content=\"Dicodusport\" \/>\n<meta property=\"article:publisher\" content=\"https:\/\/www.facebook.com\/dicodusport\" \/>\n<meta property=\"article:author\" content=\"https:\/\/www.facebook.com\/dicodusport\" \/>\n<meta property=\"article:published_time\" content=\"2020-12-01T07:41:10+00:00\" \/>\n<meta property=\"article:modified_time\" content=\"2020-12-01T07:50:28+00:00\" \/>\n<meta property=\"og:image\" content=\"https:\/\/dicodusport.fr\/blog\/wp-content\/uploads\/2020\/12\/Lewis-Hamilton-forfait-pour-le-Grand-Prix-de-Sakhir.png\" \/>\n\t<meta property=\"og:image:width\" content=\"800\" \/>\n\t<meta property=\"og:image:height\" content=\"445\" \/>\n\t<meta property=\"og:image:type\" content=\"image\/png\" \/>\n<meta name=\"author\" content=\"Nicolas Jacquemard\" \/>\n<meta name=\"twitter:card\" content=\"summary_large_image\" \/>\n<meta name=\"twitter:title\" content=\"Lewis Hamilton, positif \u00e0 la Covid-19, forfait pour le Grand Prix de Sakhir\" \/>\n<meta name=\"twitter:creator\" content=\"@https:\/\/twitter.com\/Nico_Jacquemard\" \/>\n<meta name=\"twitter:site\" content=\"@dicodusport\" \/>\n<script type=\"application\/ld+json\" class=\"yoast-schema-graph\">{\"@context\":\"https:\/\/schema.org\",\"@graph\":[{\"@type\":\"NewsArticle\",\"@id\":\"https:\/\/dicodusport.fr\/blog\/lewis-hamilton-positif-covid-19-forfait-pour-grand-prix-de-sakhir\/#article\",\"isPartOf\":{\"@id\":\"https:\/\/dicodusport.fr\/blog\/lewis-hamilton-positif-covid-19-forfait-pour-grand-prix-de-sakhir\/\"},\"author\":{\"name\":\"Nicolas Jacquemard\",\"@id\":\"https:\/\/dicodusport.fr\/blog\/#\/schema\/person\/55dcb50ad410894e431ed812bbb70191\"},\"headline\":\"Lewis Hamilton, positif \u00e0 la Covid-19, forfait pour le Grand Prix de Sakhir\",\"datePublished\":\"2020-12-01T07:41:10+00:00\",\"dateModified\":\"2020-12-01T07:50:28+00:00\",\"mainEntityOfPage\":{\"@id\":\"https:\/\/dicodusport.fr\/blog\/lewis-hamilton-positif-covid-19-forfait-pour-grand-prix-de-sakhir\/\"},\"wordCount\":303,\"commentCount\":0,\"publisher\":{\"@id\":\"https:\/\/dicodusport.fr\/blog\/#organization\"},\"image\":{\"@id\":\"https:\/\/dicodusport.fr\/blog\/lewis-hamilton-positif-covid-19-forfait-pour-grand-prix-de-sakhir\/#primaryimage\"},\"thumbnailUrl\":\"https:\/\/dicodusport.fr\/blog\/wp-content\/uploads\/2020\/12\/Lewis-Hamilton-forfait-pour-le-Grand-Prix-de-Sakhir.png\",\"keywords\":[\"F1\",\"Formule 1\",\"Lewis Hamilton\"],\"articleSection\":[\"Formule 1\"],\"inLanguage\":\"fr-FR\",\"potentialAction\":[{\"@type\":\"CommentAction\",\"name\":\"Comment\",\"target\":[\"https:\/\/dicodusport.fr\/blog\/lewis-hamilton-positif-covid-19-forfait-pour-grand-prix-de-sakhir\/#respond\"]}],\"copyrightYear\":\"2020\",\"copyrightHolder\":{\"@id\":\"https:\/\/dicodusport.fr\/blog\/#organization\"}},{\"@type\":\"WebPage\",\"@id\":\"https:\/\/dicodusport.fr\/blog\/lewis-hamilton-positif-covid-19-forfait-pour-grand-prix-de-sakhir\/\",\"url\":\"https:\/\/dicodusport.fr\/blog\/lewis-hamilton-positif-covid-19-forfait-pour-grand-prix-de-sakhir\/\",\"name\":\"Lewis Hamilton, positif \u00e0 la Covid-19, forfait pour le Grand Prix de Sakhir\",\"isPartOf\":{\"@id\":\"https:\/\/dicodusport.fr\/blog\/#website\"},\"primaryImageOfPage\":{\"@id\":\"https:\/\/dicodusport.fr\/blog\/lewis-hamilton-positif-covid-19-forfait-pour-grand-prix-de-sakhir\/#primaryimage\"},\"image\":{\"@id\":\"https:\/\/dicodusport.fr\/blog\/lewis-hamilton-positif-covid-19-forfait-pour-grand-prix-de-sakhir\/#primaryimage\"},\"thumbnailUrl\":\"https:\/\/dicodusport.fr\/blog\/wp-content\/uploads\/2020\/12\/Lewis-Hamilton-forfait-pour-le-Grand-Prix-de-Sakhir.png\",\"datePublished\":\"2020-12-01T07:41:10+00:00\",\"dateModified\":\"2020-12-01T07:50:28+00:00\",\"description\":\"FORMULE 1 - Mercedes a annonc\u00e9 ce mardi matin que Lewis Hamilton \u00e9tait positif \u00e0 la Covid-19. Il va par cons\u00e9quent manquer le Grand Prix de Sakhir.\",\"breadcrumb\":{\"@id\":\"https:\/\/dicodusport.fr\/blog\/lewis-hamilton-positif-covid-19-forfait-pour-grand-prix-de-sakhir\/#breadcrumb\"},\"inLanguage\":\"fr-FR\",\"potentialAction\":[{\"@type\":\"ReadAction\",\"target\":[\"https:\/\/dicodusport.fr\/blog\/lewis-hamilton-positif-covid-19-forfait-pour-grand-prix-de-sakhir\/\"]}]},{\"@type\":\"ImageObject\",\"inLanguage\":\"fr-FR\",\"@id\":\"https:\/\/dicodusport.fr\/blog\/lewis-hamilton-positif-covid-19-forfait-pour-grand-prix-de-sakhir\/#primaryimage\",\"url\":\"https:\/\/dicodusport.fr\/blog\/wp-content\/uploads\/2020\/12\/Lewis-Hamilton-forfait-pour-le-Grand-Prix-de-Sakhir.png\",\"contentUrl\":\"https:\/\/dicodusport.fr\/blog\/wp-content\/uploads\/2020\/12\/Lewis-Hamilton-forfait-pour-le-Grand-Prix-de-Sakhir.png\",\"width\":800,\"height\":445,\"caption\":\"Lewis Hamilton forfait pour le Grand Prix de Sakhir\"},{\"@type\":\"BreadcrumbList\",\"@id\":\"https:\/\/dicodusport.fr\/blog\/lewis-hamilton-positif-covid-19-forfait-pour-grand-prix-de-sakhir\/#breadcrumb\",\"itemListElement\":[{\"@type\":\"ListItem\",\"position\":1,\"name\":\"Accueil\",\"item\":\"https:\/\/dicodusport.fr\/blog\/\"},{\"@type\":\"ListItem\",\"position\":2,\"name\":\"Lewis Hamilton, positif \u00e0 la Covid-19, forfait pour le Grand Prix de Sakhir\"}]},{\"@type\":\"WebSite\",\"@id\":\"https:\/\/dicodusport.fr\/blog\/#website\",\"url\":\"https:\/\/dicodusport.fr\/blog\/\",\"name\":\"Dicodusport\",\"description\":\"L&#039;encyclop\u00e9die de l&#039;actualit\u00e9 sportive\",\"publisher\":{\"@id\":\"https:\/\/dicodusport.fr\/blog\/#organization\"},\"potentialAction\":[{\"@type\":\"SearchAction\",\"target\":{\"@type\":\"EntryPoint\",\"urlTemplate\":\"https:\/\/dicodusport.fr\/blog\/?s={search_term_string}\"},\"query-input\":{\"@type\":\"PropertyValueSpecification\",\"valueRequired\":true,\"valueName\":\"search_term_string\"}}],\"inLanguage\":\"fr-FR\"},{\"@type\":\"NewsMediaOrganization\",\"@id\":\"https:\/\/dicodusport.fr\/blog\/#organization\",\"name\":\"Dicodusport\",\"url\":\"https:\/\/dicodusport.fr\/blog\/\",\"logo\":{\"@type\":\"ImageObject\",\"inLanguage\":\"fr-FR\",\"@id\":\"https:\/\/dicodusport.fr\/blog\/#\/schema\/logo\/image\/\",\"url\":\"https:\/\/dicodusport.fr\/blog\/wp-content\/uploads\/2020\/06\/cropped-LOGO-DICODUSPORT-2020-SANS-FOND-SANS-TEXTE.png\",\"contentUrl\":\"https:\/\/dicodusport.fr\/blog\/wp-content\/uploads\/2020\/06\/cropped-LOGO-DICODUSPORT-2020-SANS-FOND-SANS-TEXTE.png\",\"width\":512,\"height\":512,\"caption\":\"Dicodusport\"},\"image\":{\"@id\":\"https:\/\/dicodusport.fr\/blog\/#\/schema\/logo\/image\/\"},\"sameAs\":[\"https:\/\/www.facebook.com\/dicodusport\",\"https:\/\/x.com\/dicodusport\",\"https:\/\/www.instagram.com\/dicodusport\/\",\"https:\/\/www.youtube.com\/channel\/UC7V2KZ5sd3htJivAbA4ZG3w\"],\"description\":\"Dicodusport est l'encyclop\u00e9die de l'actualit\u00e9 sportive.\",\"email\":\"bonjour@dicodusport.fr\",\"legalName\":\"DICODUSPORT\",\"foundingDate\":\"2018-01-14\",\"vatID\":\"FR71834470973\",\"taxID\":\"83447097300043\",\"numberOfEmployees\":{\"@type\":\"QuantitativeValue\",\"minValue\":\"1\",\"maxValue\":\"10\"}},{\"@type\":\"Person\",\"@id\":\"https:\/\/dicodusport.fr\/blog\/#\/schema\/person\/55dcb50ad410894e431ed812bbb70191\",\"name\":\"Nicolas Jacquemard\",\"image\":{\"@type\":\"ImageObject\",\"inLanguage\":\"fr-FR\",\"@id\":\"https:\/\/dicodusport.fr\/blog\/#\/schema\/person\/image\/\",\"url\":\"https:\/\/dicodusport.fr\/blog\/wp-content\/uploads\/2021\/05\/Nicolas-Jacquemard-150x150.jpeg\",\"contentUrl\":\"https:\/\/dicodusport.fr\/blog\/wp-content\/uploads\/2021\/05\/Nicolas-Jacquemard-150x150.jpeg\",\"caption\":\"Nicolas Jacquemard\"},\"description\":\"Passionn\u00e9 de sport et entrepreneur depuis mes 18 ans, la cr\u00e9ation de Dicodusport m'a sembl\u00e9 \u00e9vidente pour participer \u00e0 la m\u00e9diatisation d'un plus grand nombre de sports. Le chemin est long mais avec une \u00e9quipe des plus motiv\u00e9es et les Jeux Olympiques de Paris 2024 en point de mire, nous y arriverons ! Journaliste dans le monde du sport depuis plus de 5 ans, je traite aussi bien de football, de rugby, de biathlon que de cyclisme.\",\"sameAs\":[\"https:\/\/www.facebook.com\/dicodusport\",\"https:\/\/x.com\/https:\/\/twitter.com\/Nico_Jacquemard\"],\"url\":\"https:\/\/dicodusport.fr\/blog\/author\/dicodusport\/\"}]}<\/script>\n<!-- \/ Yoast SEO Premium plugin. -->","yoast_head_json":{"title":"Lewis Hamilton, positif \u00e0 la Covid-19, forfait pour le Grand Prix de Sakhir","description":"FORMULE 1 - Mercedes a annonc\u00e9 ce mardi matin que Lewis Hamilton \u00e9tait positif \u00e0 la Covid-19. Il va par cons\u00e9quent manquer le Grand Prix de Sakhir.","robots":{"index":"index","follow":"follow","max-snippet":"max-snippet:-1","max-image-preview":"max-image-preview:large","max-video-preview":"max-video-preview:-1"},"canonical":"https:\/\/dicodusport.fr\/blog\/lewis-hamilton-positif-covid-19-forfait-pour-grand-prix-de-sakhir\/","og_locale":"fr_FR","og_type":"article","og_title":"Lewis Hamilton, positif \u00e0 la Covid-19, forfait pour le Grand Prix de Sakhir","og_description":"FORMULE 1 - Mercedes a annonc\u00e9 ce mardi matin que Lewis Hamilton \u00e9tait positif \u00e0 la Covid-19. Il va par cons\u00e9quent manquer le Grand Prix de Sakhir.","og_url":"https:\/\/dicodusport.fr\/blog\/lewis-hamilton-positif-covid-19-forfait-pour-grand-prix-de-sakhir\/","og_site_name":"Dicodusport","article_publisher":"https:\/\/www.facebook.com\/dicodusport","article_author":"https:\/\/www.facebook.com\/dicodusport","article_published_time":"2020-12-01T07:41:10+00:00","article_modified_time":"2020-12-01T07:50:28+00:00","og_image":[{"width":800,"height":445,"url":"https:\/\/dicodusport.fr\/blog\/wp-content\/uploads\/2020\/12\/Lewis-Hamilton-forfait-pour-le-Grand-Prix-de-Sakhir.png","type":"image\/png"}],"author":"Nicolas Jacquemard","twitter_card":"summary_large_image","twitter_title":"Lewis Hamilton, positif \u00e0 la Covid-19, forfait pour le Grand Prix de Sakhir","twitter_creator":"@https:\/\/twitter.com\/Nico_Jacquemard","twitter_site":"@dicodusport","schema":{"@context":"https:\/\/schema.org","@graph":[{"@type":"NewsArticle","@id":"https:\/\/dicodusport.fr\/blog\/lewis-hamilton-positif-covid-19-forfait-pour-grand-prix-de-sakhir\/#article","isPartOf":{"@id":"https:\/\/dicodusport.fr\/blog\/lewis-hamilton-positif-covid-19-forfait-pour-grand-prix-de-sakhir\/"},"author":{"name":"Nicolas Jacquemard","@id":"https:\/\/dicodusport.fr\/blog\/#\/schema\/person\/55dcb50ad410894e431ed812bbb70191"},"headline":"Lewis Hamilton, positif \u00e0 la Covid-19, forfait pour le Grand Prix de Sakhir","datePublished":"2020-12-01T07:41:10+00:00","dateModified":"2020-12-01T07:50:28+00:00","mainEntityOfPage":{"@id":"https:\/\/dicodusport.fr\/blog\/lewis-hamilton-positif-covid-19-forfait-pour-grand-prix-de-sakhir\/"},"wordCount":303,"commentCount":0,"publisher":{"@id":"https:\/\/dicodusport.fr\/blog\/#organization"},"image":{"@id":"https:\/\/dicodusport.fr\/blog\/lewis-hamilton-positif-covid-19-forfait-pour-grand-prix-de-sakhir\/#primaryimage"},"thumbnailUrl":"https:\/\/dicodusport.fr\/blog\/wp-content\/uploads\/2020\/12\/Lewis-Hamilton-forfait-pour-le-Grand-Prix-de-Sakhir.png","keywords":["F1","Formule 1","Lewis Hamilton"],"articleSection":["Formule 1"],"inLanguage":"fr-FR","potentialAction":[{"@type":"CommentAction","name":"Comment","target":["https:\/\/dicodusport.fr\/blog\/lewis-hamilton-positif-covid-19-forfait-pour-grand-prix-de-sakhir\/#respond"]}],"copyrightYear":"2020","copyrightHolder":{"@id":"https:\/\/dicodusport.fr\/blog\/#organization"}},{"@type":"WebPage","@id":"https:\/\/dicodusport.fr\/blog\/lewis-hamilton-positif-covid-19-forfait-pour-grand-prix-de-sakhir\/","url":"https:\/\/dicodusport.fr\/blog\/lewis-hamilton-positif-covid-19-forfait-pour-grand-prix-de-sakhir\/","name":"Lewis Hamilton, positif \u00e0 la Covid-19, forfait pour le Grand Prix de Sakhir","isPartOf":{"@id":"https:\/\/dicodusport.fr\/blog\/#website"},"primaryImageOfPage":{"@id":"https:\/\/dicodusport.fr\/blog\/lewis-hamilton-positif-covid-19-forfait-pour-grand-prix-de-sakhir\/#primaryimage"},"image":{"@id":"https:\/\/dicodusport.fr\/blog\/lewis-hamilton-positif-covid-19-forfait-pour-grand-prix-de-sakhir\/#primaryimage"},"thumbnailUrl":"https:\/\/dicodusport.fr\/blog\/wp-content\/uploads\/2020\/12\/Lewis-Hamilton-forfait-pour-le-Grand-Prix-de-Sakhir.png","datePublished":"2020-12-01T07:41:10+00:00","dateModified":"2020-12-01T07:50:28+00:00","description":"FORMULE 1 - Mercedes a annonc\u00e9 ce mardi matin que Lewis Hamilton \u00e9tait positif \u00e0 la Covid-19. Il va par cons\u00e9quent manquer le Grand Prix de Sakhir.","breadcrumb":{"@id":"https:\/\/dicodusport.fr\/blog\/lewis-hamilton-positif-covid-19-forfait-pour-grand-prix-de-sakhir\/#breadcrumb"},"inLanguage":"fr-FR","potentialAction":[{"@type":"ReadAction","target":["https:\/\/dicodusport.fr\/blog\/lewis-hamilton-positif-covid-19-forfait-pour-grand-prix-de-sakhir\/"]}]},{"@type":"ImageObject","inLanguage":"fr-FR","@id":"https:\/\/dicodusport.fr\/blog\/lewis-hamilton-positif-covid-19-forfait-pour-grand-prix-de-sakhir\/#primaryimage","url":"https:\/\/dicodusport.fr\/blog\/wp-content\/uploads\/2020\/12\/Lewis-Hamilton-forfait-pour-le-Grand-Prix-de-Sakhir.png","contentUrl":"https:\/\/dicodusport.fr\/blog\/wp-content\/uploads\/2020\/12\/Lewis-Hamilton-forfait-pour-le-Grand-Prix-de-Sakhir.png","width":800,"height":445,"caption":"Lewis Hamilton forfait pour le Grand Prix de Sakhir"},{"@type":"BreadcrumbList","@id":"https:\/\/dicodusport.fr\/blog\/lewis-hamilton-positif-covid-19-forfait-pour-grand-prix-de-sakhir\/#breadcrumb","itemListElement":[{"@type":"ListItem","position":1,"name":"Accueil","item":"https:\/\/dicodusport.fr\/blog\/"},{"@type":"ListItem","position":2,"name":"Lewis Hamilton, positif \u00e0 la Covid-19, forfait pour le Grand Prix de Sakhir"}]},{"@type":"WebSite","@id":"https:\/\/dicodusport.fr\/blog\/#website","url":"https:\/\/dicodusport.fr\/blog\/","name":"Dicodusport","description":"L&#039;encyclop\u00e9die de l&#039;actualit\u00e9 sportive","publisher":{"@id":"https:\/\/dicodusport.fr\/blog\/#organization"},"potentialAction":[{"@type":"SearchAction","target":{"@type":"EntryPoint","urlTemplate":"https:\/\/dicodusport.fr\/blog\/?s={search_term_string}"},"query-input":{"@type":"PropertyValueSpecification","valueRequired":true,"valueName":"search_term_string"}}],"inLanguage":"fr-FR"},{"@type":"NewsMediaOrganization","@id":"https:\/\/dicodusport.fr\/blog\/#organization","name":"Dicodusport","url":"https:\/\/dicodusport.fr\/blog\/","logo":{"@type":"ImageObject","inLanguage":"fr-FR","@id":"https:\/\/dicodusport.fr\/blog\/#\/schema\/logo\/image\/","url":"https:\/\/dicodusport.fr\/blog\/wp-content\/uploads\/2020\/06\/cropped-LOGO-DICODUSPORT-2020-SANS-FOND-SANS-TEXTE.png","contentUrl":"https:\/\/dicodusport.fr\/blog\/wp-content\/uploads\/2020\/06\/cropped-LOGO-DICODUSPORT-2020-SANS-FOND-SANS-TEXTE.png","width":512,"height":512,"caption":"Dicodusport"},"image":{"@id":"https:\/\/dicodusport.fr\/blog\/#\/schema\/logo\/image\/"},"sameAs":["https:\/\/www.facebook.com\/dicodusport","https:\/\/x.com\/dicodusport","https:\/\/www.instagram.com\/dicodusport\/","https:\/\/www.youtube.com\/channel\/UC7V2KZ5sd3htJivAbA4ZG3w"],"description":"Dicodusport est l'encyclop\u00e9die de l'actualit\u00e9 sportive.","email":"bonjour@dicodusport.fr","legalName":"DICODUSPORT","foundingDate":"2018-01-14","vatID":"FR71834470973","taxID":"83447097300043","numberOfEmployees":{"@type":"QuantitativeValue","minValue":"1","maxValue":"10"}},{"@type":"Person","@id":"https:\/\/dicodusport.fr\/blog\/#\/schema\/person\/55dcb50ad410894e431ed812bbb70191","name":"Nicolas Jacquemard","image":{"@type":"ImageObject","inLanguage":"fr-FR","@id":"https:\/\/dicodusport.fr\/blog\/#\/schema\/person\/image\/","url":"https:\/\/dicodusport.fr\/blog\/wp-content\/uploads\/2021\/05\/Nicolas-Jacquemard-150x150.jpeg","contentUrl":"https:\/\/dicodusport.fr\/blog\/wp-content\/uploads\/2021\/05\/Nicolas-Jacquemard-150x150.jpeg","caption":"Nicolas Jacquemard"},"description":"Passionn\u00e9 de sport et entrepreneur depuis mes 18 ans, la cr\u00e9ation de Dicodusport m'a sembl\u00e9 \u00e9vidente pour participer \u00e0 la m\u00e9diatisation d'un plus grand nombre de sports. Le chemin est long mais avec une \u00e9quipe des plus motiv\u00e9es et les Jeux Olympiques de Paris 2024 en point de mire, nous y arriverons ! Journaliste dans le monde du sport depuis plus de 5 ans, je traite aussi bien de football, de rugby, de biathlon que de cyclisme.","sameAs":["https:\/\/www.facebook.com\/dicodusport","https:\/\/x.com\/https:\/\/twitter.com\/Nico_Jacquemard"],"url":"https:\/\/dicodusport.fr\/blog\/author\/dicodusport\/"}]}},"_links":{"self":[{"href":"https:\/\/dicodusport.fr\/blog\/wp-json\/wp\/v2\/posts\/90914","targetHints":{"allow":["GET"]}}],"collection":[{"href":"https:\/\/dicodusport.fr\/blog\/wp-json\/wp\/v2\/posts"}],"about":[{"href":"https:\/\/dicodusport.fr\/blog\/wp-json\/wp\/v2\/types\/post"}],"author":[{"embeddable":true,"href":"https:\/\/dicodusport.fr\/blog\/wp-json\/wp\/v2\/users\/1"}],"replies":[{"embeddable":true,"href":"https:\/\/dicodusport.fr\/blog\/wp-json\/wp\/v2\/comments?post=90914"}],"version-history":[{"count":0,"href":"https:\/\/dicodusport.fr\/blog\/wp-json\/wp\/v2\/posts\/90914\/revisions"}],"wp:featuredmedia":[{"embeddable":true,"href":"https:\/\/dicodusport.fr\/blog\/wp-json\/wp\/v2\/media\/90917"}],"wp:attachment":[{"href":"https:\/\/dicodusport.fr\/blog\/wp-json\/wp\/v2\/media?parent=90914"}],"wp:term":[{"taxonomy":"category","embeddable":true,"href":"https:\/\/dicodusport.fr\/blog\/wp-json\/wp\/v2\/categories?post=90914"},{"taxonomy":"post_tag","embeddable":true,"href":"https:\/\/dicodusport.fr\/blog\/wp-json\/wp\/v2\/tags?post=90914"}],"curies":[{"name":"wp","href":"https:\/\/api.w.org\/{rel}","templated":true}]}}