{"id":91176,"date":"2020-12-04T09:52:50","date_gmt":"2020-12-04T08:52:50","guid":{"rendered":"https:\/\/dicodusport.fr\/blog\/?p=91176"},"modified":"2020-12-04T10:54:04","modified_gmt":"2020-12-04T09:54:04","slug":"nba-2020-2021-qui-sont-les-francais-en-lice-2-2","status":"publish","type":"post","link":"https:\/\/dicodusport.fr\/blog\/nba-2020-2021-qui-sont-les-francais-en-lice-2-2\/","title":{"rendered":"NBA 2020\/2021 : Qui sont les Fran\u00e7ais en lice ? (2\/2)"},"content":{"rendered":"<p style=\"text-align: justify;\"><em><strong><a href=\"https:\/\/dicodusport.fr\/blog\/actualites\/basket-ball\/nba\/\">NBA<\/a> \u2013 Fans de NBA, moins de 3 semaines \u00e0 attendre avant le grand d\u00e9part de cette nouvelle saison r\u00e9guli\u00e8re 2020-2021. Pour patienter, nous vous proposons, en deux parties, un r\u00e9capitulatif des nombreux Tricolores de la grande ligue am\u00e9ricaine. Pour le premier volet, <a href=\"https:\/\/dicodusport.fr\/blog\/nba-2020-2021-qui-sont-les-francais-en-lice-1-2\/\" target=\"_blank\" rel=\"noopener noreferrer\">c&rsquo;est par ici<\/a>.<br \/>\n<\/strong><\/em><\/p>\n<h2 style=\"text-align: justify;\">Timoth\u00e9 Luwawu-Cabarrot &#8211; Brooklyn Nets<\/h2>\n<p style=\"text-align: justify;\">Le n\u00b024 de la draft 2016, <strong>Timoth\u00e9 Luwawu-Cabarrot<\/strong>, va entamer sa 5\u00e8me saison en NBA. Apr\u00e8s avoir voyag\u00e9 de franchises en franchises lors de ses 4 premi\u00e8res saisons, l&rsquo;arri\u00e8re de 25 ans a enfin trouv\u00e9 de la stabilit\u00e9 et du temps de jeu chez les Nets. Sur les 4 matchs de playoffs qu&rsquo;il a disput\u00e9s cette saison avec les Nets, il a inscrit 16 points, 3.8 rebonds et 1.5 passes par match. Plus qu&rsquo;honorable pour les premiers playoffs de sa carri\u00e8re. Cette saison, il peut donc esp\u00e9rer continuer sur cette lanc\u00e9e et apprendre de Kyrie Irving et Kevin Durant. On esp\u00e8re qu&rsquo;avec son compatriote Elio Okobo, il saura \u00eatre performant pour aller peut-\u00eatre chercher un titre avec les Nets, qui peuvent compter sur l&rsquo;un des meilleurs effectifs de la ligue.<\/p>\n<hr \/>\n<h2 style=\"text-align: justify;\">Th\u00e9o Maledon &#8211; Oklahoma City Thunder<\/h2>\n<p style=\"text-align: justify;\"><a href=\"https:\/\/dicodusport.fr\/blog\/draft-nba-2020-fortunes-diverses-pour-les-francais\/\" target=\"_blank\" rel=\"noopener noreferrer\">Draft\u00e9 au second tour par le Thunder<\/a>, <strong>Th\u00e9o Maledon<\/strong> doit passer au-dessus de sa d\u00e9ception pour entamer correctement sa carri\u00e8re en NBA. L&rsquo;ancien joueur de l&rsquo;ASVEL se retrouve donc aujourd&rsquo;hui dans une franchise en pleine reconstruction. En effet, le Thunder a perdu de nombreuses stars contre des tours de draft et s&rsquo;appr\u00eate \u00e0 tanker correctement. Point positif pour le Normand, il va pouvoir avoir du temps de jeu compte tenu de ce faible effectif. Le jeune Rouennais va effectivement pouvoir se montrer et donc effacer le premier revers de sa jeune carri\u00e8re suite \u00e0 cette draft d\u00e9cevante. Il a tout pour se construire \u00e0 Oklahoma City, et c&rsquo;est tout le mal qu&rsquo;on lui souhaite !<\/p>\n<div id=\"attachment_91403\" style=\"width: 876px\" class=\"wp-caption aligncenter\"><a href=\"https:\/\/dicodusport.fr\/blog\/wp-content\/uploads\/2020\/12\/Th\u00e9o-Maledon-AFP.jpg\"><img loading=\"lazy\" decoding=\"async\" aria-describedby=\"caption-attachment-91403\" class=\"size-full wp-image-91403\" src=\"https:\/\/dicodusport.fr\/blog\/wp-content\/uploads\/2020\/12\/Th\u00e9o-Maledon-AFP.jpg\" alt=\"Th\u00e9o Maledon - AFP\" width=\"866\" height=\"576\" srcset=\"https:\/\/dicodusport.fr\/blog\/wp-content\/uploads\/2020\/12\/Th\u00e9o-Maledon-AFP.jpg 866w, https:\/\/dicodusport.fr\/blog\/wp-content\/uploads\/2020\/12\/Th\u00e9o-Maledon-AFP-300x200.jpg 300w, https:\/\/dicodusport.fr\/blog\/wp-content\/uploads\/2020\/12\/Th\u00e9o-Maledon-AFP-768x511.jpg 768w\" sizes=\"auto, (max-width: 866px) 100vw, 866px\" \/><\/a><p id=\"caption-attachment-91403\" class=\"wp-caption-text\">Th\u00e9o Maledon &#8211; AFP<\/p><\/div>\n<hr \/>\n<h2 style=\"text-align: justify;\">Killian Tillie &#8211; Memphis Grizzlies<\/h2>\n<p style=\"text-align: justify;\">Non draft\u00e9 le 18 novembre dernier, <strong>Killian Tillie<\/strong> n&rsquo;a pas mis longtemps \u00e0 trouver une franchise. En effet, d\u00e8s le lendemain, il s&rsquo;est engag\u00e9 avec les Memphis Grizzlies via un two-way contract qui le fera donc jouer peut-\u00eatre quelques minutes en NBA. L&rsquo;ailier fort de 22 ans aura donc sa chance dans la grande ligue d\u00e8s cette saison. Cependant, il faudra se montrer de suite performant s&rsquo;il veut continuer son aventure en NBA. En effet, m\u00eame s&rsquo;il aura sans doute quelques minutes en cette saison 2020-2021, il faudra les saisir pour attirer un maximum les regards des franchises. Pour cela, il pourra utiliser le temps qu&rsquo;il passera en G-League pour continuer \u00e0 jouer et se montrer en faisant un maximum de stats. Souhaitons-lui une trajectoire \u00e0 la Adam Mokoka, ainsi que du succ\u00e8s avec les Memphis Grizzlies de Ja Morant.<\/p>\n<hr \/>\n<h2 style=\"text-align: justify;\">Adam Mokoka &#8211; Chicago Bulls<\/h2>\n<p style=\"text-align: justify;\">B\u00e9n\u00e9ficiaire d&rsquo;un two-way contract la saison derni\u00e8re, <strong>Adam Mokoka<\/strong> a pu jouer ses premi\u00e8res minutes en NBA. En effet, il a su montrer sa motivation et son potentiel \u00e0 la franchise des Bulls et a \u00e9t\u00e9 reprolong\u00e9 en two-way pour cette saison. Ses co\u00e9quipiers ont \u00e9t\u00e9 surpris de voir son niveau En effet, selon Zach LaVine, le franchise player des Bulls, le Fran\u00e7ais a <em>\u00ab l&rsquo;un des plus jolis tirs de la plan\u00e8te \u00bb<\/em>. Cette saison, il va donc pouvoir continuer son chemin en G-League et en NBA qui, jusqu&rsquo;ici, a l&rsquo;air de fonctionner. On se rappelle notamment de sa grosse performance face aux Pelicans en f\u00e9vrier dernier avec 15 points en 5 minutes. Il avait enflamm\u00e9 le United Center qui scandait des <em>\u00ab MVP, MVP ! \u00bb<\/em> pour le Fran\u00e7ais \u00e0 la fin de la rencontre. Il n&rsquo;y a plus qu&rsquo;\u00e0 lui souhaiter de reproduire cette performance \u00e0 de multiples reprises cette saison.<\/p>\n<hr \/>\n<h2 style=\"text-align: justify;\">La rumeur<\/h2>\n<h3 style=\"text-align: justify;\">Vincent Poirier &#8211; Philadelphia Sixers<\/h3>\n<p style=\"text-align: justify;\">\u00c0\u00a027 ans, <strong>Vincent Poirier<\/strong> entame sa deuxi\u00e8me saison en NBA, synonyme de nouveau d\u00e9part. En effet, apr\u00e8s une saison pass\u00e9e \u00e0 regarder la majorit\u00e9 des matchs des Celtics sur le banc, le pivot de l&rsquo;\u00e9quipe de France va entamer un nouveau chapitre cette saison. Alors qu&rsquo;il avait \u00e9t\u00e9 trad\u00e9 par Boston \u00e0 Oklahoma City, il va probablement \u00eatre envoy\u00e9 \u00e0 Philadelphie dans les jours \u00e0 venir. Ce sera donc chez les Sixers qu&rsquo;il va pouvoir essayer de trouver du temps de jeu. Cependant, cette t\u00e2che va s&rsquo;av\u00e9rer compliqu\u00e9e, puisque les Sixers ont d\u00e9j\u00e0 Dwight Howard et Jo\u00ebl Embiid au poste de pivot. Lui qui voulait absolument trouver du temps de jeu cette saison, devra surement batailler pour en avoir et faire sa place dans la rotation. Affaire \u00e0 suivre.<\/p>\n<div id=\"attachment_91404\" style=\"width: 2570px\" class=\"wp-caption aligncenter\"><a href=\"https:\/\/dicodusport.fr\/blog\/wp-content\/uploads\/2020\/12\/Vincent-Poirier-AP-Photo-scaled.jpg\"><img loading=\"lazy\" decoding=\"async\" aria-describedby=\"caption-attachment-91404\" class=\"size-full wp-image-91404\" src=\"https:\/\/dicodusport.fr\/blog\/wp-content\/uploads\/2020\/12\/Vincent-Poirier-AP-Photo-scaled.jpg\" alt=\"\" width=\"2560\" height=\"1706\" srcset=\"https:\/\/dicodusport.fr\/blog\/wp-content\/uploads\/2020\/12\/Vincent-Poirier-AP-Photo-scaled.jpg 2560w, https:\/\/dicodusport.fr\/blog\/wp-content\/uploads\/2020\/12\/Vincent-Poirier-AP-Photo-300x200.jpg 300w, https:\/\/dicodusport.fr\/blog\/wp-content\/uploads\/2020\/12\/Vincent-Poirier-AP-Photo-1024x683.jpg 1024w, https:\/\/dicodusport.fr\/blog\/wp-content\/uploads\/2020\/12\/Vincent-Poirier-AP-Photo-768x512.jpg 768w, https:\/\/dicodusport.fr\/blog\/wp-content\/uploads\/2020\/12\/Vincent-Poirier-AP-Photo-1536x1024.jpg 1536w, https:\/\/dicodusport.fr\/blog\/wp-content\/uploads\/2020\/12\/Vincent-Poirier-AP-Photo-2048x1365.jpg 2048w\" sizes=\"auto, (max-width: 2560px) 100vw, 2560px\" \/><\/a><p id=\"caption-attachment-91404\" class=\"wp-caption-text\">Vincent Poirier &#8211; AP Photo<\/p><\/div>\n<hr \/>\n<h2 style=\"text-align: justify;\">Ils sont encore free agents<\/h2>\n<h3 style=\"text-align: justify;\">Jaylen Hoard<\/h3>\n<p style=\"text-align: justify;\">Apr\u00e8s avoir fructifi\u00e9 son two-way contract par une participation aux playoffs avec Portland, <strong>Jaylen Hoard<\/strong> se retrouve cependant free agent. Selon certaines rumeurs, il serait envoy\u00e9 \u00e0 Oklahoma City qui est en pleine reconstruction. Il y rejoindrait donc Th\u00e9o Maledon et, possiblement, Vincent Poirier. Les discussions continuent encore actuellement concernant un \u00e9ventuel contrat soit two-way, soit un contrat direct avec la franchise. Il rejoindrait donc une \u00e9quipe d&rsquo;OKC dans laquelle il aurait les capacit\u00e9s de s&rsquo;illustrer, et pourquoi pas \u00e0 terme int\u00e9grer la rotation du Thunder d\u00e9finitivement.<\/p>\n<h3 style=\"text-align: justify;\">Ian Mahinmi<\/h3>\n<p style=\"text-align: justify;\">Apr\u00e8s une saison en demi-teinte, on a, tout de m\u00eame, nourri plein d&rsquo;espoir sur la suite de la carri\u00e8re de <strong>Ian Mahinmi<\/strong> qui, \u00e0 34 ans,\u00a0 s&rsquo;approche de son terme. De retour de blessure en cours de saison, il a su se montrer utile pour sa franchise (Washington) avec des stats int\u00e9ressantes de 7.4 points, 5.7 rebonds et 1.2 contres en moyenne sur 38 matchs jou\u00e9s la saison derni\u00e8re. Cependant, il n&rsquo;avait pas \u00e9t\u00e9 appel\u00e9 dans la bulle avec sa franchise en juillet dernier. Son dernier match remonte donc au 29 f\u00e9vrier 2020. Aujourd&rsquo;hui, le pivot fran\u00e7ais est free agent. Il esp\u00e8re trouver une franchise avant le d\u00e9but de saison pour entamer un nouveau d\u00e9fi au regard des quelques ann\u00e9es qui lui restent. Malgr\u00e9 le peu d&rsquo;informations que l&rsquo;on a sur une \u00e9ventuelle signature, on lui souhaite \u00e9videmment de trouver un nouveau d\u00e9fi en NBA.<\/p>\n<h3 style=\"text-align: justify;\">Joakim Noah<\/h3>\n<p style=\"text-align: justify;\">Il ne sera pas prolong\u00e9 chez les Clippers cette saison apr\u00e8s n&rsquo;avoir jou\u00e9 que 7 petits matchs la saison derni\u00e8re (playoffs confondus). Apr\u00e8s plusieurs ann\u00e9es compliqu\u00e9es, <strong>Joakim Noah<\/strong> avait retrouv\u00e9 le chemin des parquets avec les Grizzlies en jouant 43 matchs sur la saison 2018\/2019. Cependant, il n&rsquo;a pas pu poursuivre son chemin avec les Clippers cette saison, lui qui n&rsquo;entrait pas dans les plans de Doc Rivers. \u00c0 35 ans, il semble tr\u00e8s probable que la carri\u00e8re de Noah se termine prochainement\u2026 Bien dommage pour l&rsquo;ancien double All-Star NBA et star des Chicago Bulls du d\u00e9but de la derni\u00e8re d\u00e9cennie.<\/p>\n<p><strong><em>Tanguy Le Jeune<br \/>\n<a href=\"https:\/\/twitter.com\/LeJeuneT_\"><img loading=\"lazy\" decoding=\"async\" class=\"alignnone wp-image-2908\" src=\"http:\/\/dicodusport.fr\/blog\/wp-content\/uploads\/2017\/07\/logo-twitter.png\" alt=\"\" width=\"38\" height=\"38\" \/><\/a><a href=\"https:\/\/www.instagram.com\/tanguyljn_\/\"><img loading=\"lazy\" decoding=\"async\" class=\"alignnone wp-image-3709\" src=\"https:\/\/dicodusport.fr\/blog\/wp-content\/uploads\/2017\/08\/signature-instagram.png\" alt=\"\" width=\"38\" height=\"38\" srcset=\"https:\/\/dicodusport.fr\/blog\/wp-content\/uploads\/2017\/08\/signature-instagram.png 283w, https:\/\/dicodusport.fr\/blog\/wp-content\/uploads\/2017\/08\/signature-instagram-150x150.png 150w\" sizes=\"auto, (max-width: 38px) 100vw, 38px\" \/><\/a><\/em><\/strong><\/p>\n","protected":false},"excerpt":{"rendered":"<p>NBA \u2013 Fans de NBA, moins de 3 semaines \u00e0 attendre avant le grand d\u00e9part de cette nouvelle saison r\u00e9guli\u00e8re 2020-2021. Pour patienter, nous vous proposons, en deux parties, un r\u00e9capitulatif des nombreux Tricolores de la grande ligue am\u00e9ricaine. Pour le premier volet, c&rsquo;est par ici.<\/p>\n","protected":false},"author":46,"featured_media":91402,"comment_status":"open","ping_status":"closed","sticky":false,"template":"","format":"standard","meta":{"_acf_changed":false,"_daextam_enable_autolinks":"","footnotes":""},"categories":[10533],"tags":[12826,3945,179,8623,8445,8442],"class_list":["post-91176","post","type-post","status-publish","format-standard","has-post-thumbnail","hentry","category-nba","tag-francais-nba","tag-joakim-noah","tag-nba","tag-theo-maledon","tag-timothe-luwawu-cabarrot","tag-vincent-poirier"],"acf":[],"yoast_head":"<!-- This site is optimized with the Yoast SEO Premium plugin v26.7 (Yoast SEO v26.7) - https:\/\/yoast.com\/wordpress\/plugins\/seo\/ -->\n<title>NBA 2020\/2021 : Qui sont les Fran\u00e7ais en lice ? (2\/2)<\/title>\n<meta name=\"description\" content=\"Moins de 3 semaines avant le retour de la NBA. Pour patienter, nous vous proposons, un r\u00e9cap de tous les Fran\u00e7ais pr\u00e9sents en NBA.\" \/>\n<meta name=\"robots\" content=\"index, follow, max-snippet:-1, max-image-preview:large, max-video-preview:-1\" \/>\n<link rel=\"canonical\" href=\"https:\/\/dicodusport.fr\/blog\/nba-2020-2021-qui-sont-les-francais-en-lice-2-2\/\" \/>\n<meta property=\"og:locale\" content=\"fr_FR\" \/>\n<meta property=\"og:type\" content=\"article\" \/>\n<meta property=\"og:title\" content=\"NBA 2020\/2021 : Qui sont les Fran\u00e7ais en lice ? (2\/2)\" \/>\n<meta property=\"og:description\" content=\"Moins de 3 semaines avant le retour de la NBA. Pour patienter, nous vous proposons, un r\u00e9cap de tous les Fran\u00e7ais pr\u00e9sents en NBA.\" \/>\n<meta property=\"og:url\" content=\"https:\/\/dicodusport.fr\/blog\/nba-2020-2021-qui-sont-les-francais-en-lice-2-2\/\" \/>\n<meta property=\"og:site_name\" content=\"Dicodusport\" \/>\n<meta property=\"article:publisher\" content=\"https:\/\/www.facebook.com\/dicodusport\" \/>\n<meta property=\"article:published_time\" content=\"2020-12-04T08:52:50+00:00\" \/>\n<meta property=\"article:modified_time\" content=\"2020-12-04T09:54:04+00:00\" \/>\n<meta property=\"og:image\" content=\"https:\/\/dicodusport.fr\/blog\/wp-content\/uploads\/2020\/12\/NBA-2020-2021-Qui-sont-les-Fran\u00e7ais-en-lice-2-2.png\" \/>\n\t<meta property=\"og:image:width\" content=\"800\" \/>\n\t<meta property=\"og:image:height\" content=\"445\" \/>\n\t<meta property=\"og:image:type\" content=\"image\/png\" \/>\n<meta name=\"author\" content=\"Tanguy Le Jeune\" \/>\n<meta name=\"twitter:card\" content=\"summary_large_image\" \/>\n<meta name=\"twitter:title\" content=\"NBA 2020\/2021 : Qui sont les Fran\u00e7ais en lice ? (2\/2)\" \/>\n<meta name=\"twitter:creator\" content=\"@https:\/\/twitter.com\/LeJeuneT_\" \/>\n<meta name=\"twitter:site\" content=\"@dicodusport\" \/>\n<script type=\"application\/ld+json\" class=\"yoast-schema-graph\">{\"@context\":\"https:\/\/schema.org\",\"@graph\":[{\"@type\":\"NewsArticle\",\"@id\":\"https:\/\/dicodusport.fr\/blog\/nba-2020-2021-qui-sont-les-francais-en-lice-2-2\/#article\",\"isPartOf\":{\"@id\":\"https:\/\/dicodusport.fr\/blog\/nba-2020-2021-qui-sont-les-francais-en-lice-2-2\/\"},\"author\":{\"name\":\"Tanguy Le Jeune\",\"@id\":\"https:\/\/dicodusport.fr\/blog\/#\/schema\/person\/37ea0f6075559930024fec7c0f79e8f2\"},\"headline\":\"NBA 2020\/2021 : Qui sont les Fran\u00e7ais en lice ? (2\/2)\",\"datePublished\":\"2020-12-04T08:52:50+00:00\",\"dateModified\":\"2020-12-04T09:54:04+00:00\",\"mainEntityOfPage\":{\"@id\":\"https:\/\/dicodusport.fr\/blog\/nba-2020-2021-qui-sont-les-francais-en-lice-2-2\/\"},\"wordCount\":1182,\"commentCount\":0,\"publisher\":{\"@id\":\"https:\/\/dicodusport.fr\/blog\/#organization\"},\"image\":{\"@id\":\"https:\/\/dicodusport.fr\/blog\/nba-2020-2021-qui-sont-les-francais-en-lice-2-2\/#primaryimage\"},\"thumbnailUrl\":\"https:\/\/dicodusport.fr\/blog\/wp-content\/uploads\/2020\/12\/NBA-2020-2021-Qui-sont-les-Fran\u00e7ais-en-lice-2-2.png\",\"keywords\":[\"Fran\u00e7ais NBA\",\"Joakim Noah\",\"NBA\",\"Th\u00e9o Maledon\",\"Timoth\u00e9 Luwawu-Cabarrot\",\"Vincent Poirier\"],\"articleSection\":[\"NBA\"],\"inLanguage\":\"fr-FR\",\"potentialAction\":[{\"@type\":\"CommentAction\",\"name\":\"Comment\",\"target\":[\"https:\/\/dicodusport.fr\/blog\/nba-2020-2021-qui-sont-les-francais-en-lice-2-2\/#respond\"]}],\"copyrightYear\":\"2020\",\"copyrightHolder\":{\"@id\":\"https:\/\/dicodusport.fr\/blog\/#organization\"}},{\"@type\":\"WebPage\",\"@id\":\"https:\/\/dicodusport.fr\/blog\/nba-2020-2021-qui-sont-les-francais-en-lice-2-2\/\",\"url\":\"https:\/\/dicodusport.fr\/blog\/nba-2020-2021-qui-sont-les-francais-en-lice-2-2\/\",\"name\":\"NBA 2020\/2021 : Qui sont les Fran\u00e7ais en lice ? (2\/2)\",\"isPartOf\":{\"@id\":\"https:\/\/dicodusport.fr\/blog\/#website\"},\"primaryImageOfPage\":{\"@id\":\"https:\/\/dicodusport.fr\/blog\/nba-2020-2021-qui-sont-les-francais-en-lice-2-2\/#primaryimage\"},\"image\":{\"@id\":\"https:\/\/dicodusport.fr\/blog\/nba-2020-2021-qui-sont-les-francais-en-lice-2-2\/#primaryimage\"},\"thumbnailUrl\":\"https:\/\/dicodusport.fr\/blog\/wp-content\/uploads\/2020\/12\/NBA-2020-2021-Qui-sont-les-Fran\u00e7ais-en-lice-2-2.png\",\"datePublished\":\"2020-12-04T08:52:50+00:00\",\"dateModified\":\"2020-12-04T09:54:04+00:00\",\"description\":\"Moins de 3 semaines avant le retour de la NBA. Pour patienter, nous vous proposons, un r\u00e9cap de tous les Fran\u00e7ais pr\u00e9sents en NBA.\",\"breadcrumb\":{\"@id\":\"https:\/\/dicodusport.fr\/blog\/nba-2020-2021-qui-sont-les-francais-en-lice-2-2\/#breadcrumb\"},\"inLanguage\":\"fr-FR\",\"potentialAction\":[{\"@type\":\"ReadAction\",\"target\":[\"https:\/\/dicodusport.fr\/blog\/nba-2020-2021-qui-sont-les-francais-en-lice-2-2\/\"]}]},{\"@type\":\"ImageObject\",\"inLanguage\":\"fr-FR\",\"@id\":\"https:\/\/dicodusport.fr\/blog\/nba-2020-2021-qui-sont-les-francais-en-lice-2-2\/#primaryimage\",\"url\":\"https:\/\/dicodusport.fr\/blog\/wp-content\/uploads\/2020\/12\/NBA-2020-2021-Qui-sont-les-Fran\u00e7ais-en-lice-2-2.png\",\"contentUrl\":\"https:\/\/dicodusport.fr\/blog\/wp-content\/uploads\/2020\/12\/NBA-2020-2021-Qui-sont-les-Fran\u00e7ais-en-lice-2-2.png\",\"width\":800,\"height\":445,\"caption\":\"NBA 2020\/2021 : Qui sont les Fran\u00e7ais en lice ? (2\/2)\"},{\"@type\":\"BreadcrumbList\",\"@id\":\"https:\/\/dicodusport.fr\/blog\/nba-2020-2021-qui-sont-les-francais-en-lice-2-2\/#breadcrumb\",\"itemListElement\":[{\"@type\":\"ListItem\",\"position\":1,\"name\":\"Accueil\",\"item\":\"https:\/\/dicodusport.fr\/blog\/\"},{\"@type\":\"ListItem\",\"position\":2,\"name\":\"NBA 2020\/2021 : Qui sont les Fran\u00e7ais en lice ? (2\/2)\"}]},{\"@type\":\"WebSite\",\"@id\":\"https:\/\/dicodusport.fr\/blog\/#website\",\"url\":\"https:\/\/dicodusport.fr\/blog\/\",\"name\":\"Dicodusport\",\"description\":\"L&#039;encyclop\u00e9die de l&#039;actualit\u00e9 sportive\",\"publisher\":{\"@id\":\"https:\/\/dicodusport.fr\/blog\/#organization\"},\"potentialAction\":[{\"@type\":\"SearchAction\",\"target\":{\"@type\":\"EntryPoint\",\"urlTemplate\":\"https:\/\/dicodusport.fr\/blog\/?s={search_term_string}\"},\"query-input\":{\"@type\":\"PropertyValueSpecification\",\"valueRequired\":true,\"valueName\":\"search_term_string\"}}],\"inLanguage\":\"fr-FR\"},{\"@type\":\"NewsMediaOrganization\",\"@id\":\"https:\/\/dicodusport.fr\/blog\/#organization\",\"name\":\"Dicodusport\",\"url\":\"https:\/\/dicodusport.fr\/blog\/\",\"logo\":{\"@type\":\"ImageObject\",\"inLanguage\":\"fr-FR\",\"@id\":\"https:\/\/dicodusport.fr\/blog\/#\/schema\/logo\/image\/\",\"url\":\"https:\/\/dicodusport.fr\/blog\/wp-content\/uploads\/2020\/06\/cropped-LOGO-DICODUSPORT-2020-SANS-FOND-SANS-TEXTE.png\",\"contentUrl\":\"https:\/\/dicodusport.fr\/blog\/wp-content\/uploads\/2020\/06\/cropped-LOGO-DICODUSPORT-2020-SANS-FOND-SANS-TEXTE.png\",\"width\":512,\"height\":512,\"caption\":\"Dicodusport\"},\"image\":{\"@id\":\"https:\/\/dicodusport.fr\/blog\/#\/schema\/logo\/image\/\"},\"sameAs\":[\"https:\/\/www.facebook.com\/dicodusport\",\"https:\/\/x.com\/dicodusport\",\"https:\/\/www.instagram.com\/dicodusport\/\",\"https:\/\/www.youtube.com\/channel\/UC7V2KZ5sd3htJivAbA4ZG3w\"],\"description\":\"Dicodusport est l'encyclop\u00e9die de l'actualit\u00e9 sportive.\",\"email\":\"bonjour@dicodusport.fr\",\"legalName\":\"DICODUSPORT\",\"foundingDate\":\"2018-01-14\",\"vatID\":\"FR71834470973\",\"taxID\":\"83447097300043\",\"numberOfEmployees\":{\"@type\":\"QuantitativeValue\",\"minValue\":\"1\",\"maxValue\":\"10\"}},{\"@type\":\"Person\",\"@id\":\"https:\/\/dicodusport.fr\/blog\/#\/schema\/person\/37ea0f6075559930024fec7c0f79e8f2\",\"name\":\"Tanguy Le Jeune\",\"image\":{\"@type\":\"ImageObject\",\"inLanguage\":\"fr-FR\",\"@id\":\"https:\/\/dicodusport.fr\/blog\/#\/schema\/person\/image\/\",\"url\":\"https:\/\/dicodusport.fr\/blog\/wp-content\/uploads\/2021\/05\/Tanguy-Le-Jeune-150x150.jpg\",\"contentUrl\":\"https:\/\/dicodusport.fr\/blog\/wp-content\/uploads\/2021\/05\/Tanguy-Le-Jeune-150x150.jpg\",\"caption\":\"Tanguy Le Jeune\"},\"description\":\"Journaliste\/r\u00e9dacteur depuis novembre 2020 - Lionel Messi, Kobe Bryant, Lewis Hamilton. Quel rapport entre ces trois l\u00e9gendes ? Aucun, hormis leur statut de l\u00e9gende. Mais, pour moi, ces stars ont quelque chose en commun. Ce sont mes idoles, mes exemples et les grands cr\u00e9ateurs de ma passion pour le sport. Malgr\u00e9 mon cruel manque de talent pour pratiquer le sport au haut niveau, mon amour et ma passion me poussent, chaque jour, \u00e0 vous partager l\u2019actualit\u00e9 au travers de ce que je sais probablement faire le mieux : \u00e9crire.\",\"sameAs\":[\"https:\/\/www.instagram.com\/tanguyljn_\/\",\"https:\/\/x.com\/https:\/\/twitter.com\/LeJeuneT_\"],\"url\":\"https:\/\/dicodusport.fr\/blog\/author\/tanguylj\/\"}]}<\/script>\n<!-- \/ Yoast SEO Premium plugin. -->","yoast_head_json":{"title":"NBA 2020\/2021 : Qui sont les Fran\u00e7ais en lice ? (2\/2)","description":"Moins de 3 semaines avant le retour de la NBA. Pour patienter, nous vous proposons, un r\u00e9cap de tous les Fran\u00e7ais pr\u00e9sents en NBA.","robots":{"index":"index","follow":"follow","max-snippet":"max-snippet:-1","max-image-preview":"max-image-preview:large","max-video-preview":"max-video-preview:-1"},"canonical":"https:\/\/dicodusport.fr\/blog\/nba-2020-2021-qui-sont-les-francais-en-lice-2-2\/","og_locale":"fr_FR","og_type":"article","og_title":"NBA 2020\/2021 : Qui sont les Fran\u00e7ais en lice ? (2\/2)","og_description":"Moins de 3 semaines avant le retour de la NBA. Pour patienter, nous vous proposons, un r\u00e9cap de tous les Fran\u00e7ais pr\u00e9sents en NBA.","og_url":"https:\/\/dicodusport.fr\/blog\/nba-2020-2021-qui-sont-les-francais-en-lice-2-2\/","og_site_name":"Dicodusport","article_publisher":"https:\/\/www.facebook.com\/dicodusport","article_published_time":"2020-12-04T08:52:50+00:00","article_modified_time":"2020-12-04T09:54:04+00:00","og_image":[{"width":800,"height":445,"url":"https:\/\/dicodusport.fr\/blog\/wp-content\/uploads\/2020\/12\/NBA-2020-2021-Qui-sont-les-Fran\u00e7ais-en-lice-2-2.png","type":"image\/png"}],"author":"Tanguy Le Jeune","twitter_card":"summary_large_image","twitter_title":"NBA 2020\/2021 : Qui sont les Fran\u00e7ais en lice ? (2\/2)","twitter_creator":"@https:\/\/twitter.com\/LeJeuneT_","twitter_site":"@dicodusport","schema":{"@context":"https:\/\/schema.org","@graph":[{"@type":"NewsArticle","@id":"https:\/\/dicodusport.fr\/blog\/nba-2020-2021-qui-sont-les-francais-en-lice-2-2\/#article","isPartOf":{"@id":"https:\/\/dicodusport.fr\/blog\/nba-2020-2021-qui-sont-les-francais-en-lice-2-2\/"},"author":{"name":"Tanguy Le Jeune","@id":"https:\/\/dicodusport.fr\/blog\/#\/schema\/person\/37ea0f6075559930024fec7c0f79e8f2"},"headline":"NBA 2020\/2021 : Qui sont les Fran\u00e7ais en lice ? (2\/2)","datePublished":"2020-12-04T08:52:50+00:00","dateModified":"2020-12-04T09:54:04+00:00","mainEntityOfPage":{"@id":"https:\/\/dicodusport.fr\/blog\/nba-2020-2021-qui-sont-les-francais-en-lice-2-2\/"},"wordCount":1182,"commentCount":0,"publisher":{"@id":"https:\/\/dicodusport.fr\/blog\/#organization"},"image":{"@id":"https:\/\/dicodusport.fr\/blog\/nba-2020-2021-qui-sont-les-francais-en-lice-2-2\/#primaryimage"},"thumbnailUrl":"https:\/\/dicodusport.fr\/blog\/wp-content\/uploads\/2020\/12\/NBA-2020-2021-Qui-sont-les-Fran\u00e7ais-en-lice-2-2.png","keywords":["Fran\u00e7ais NBA","Joakim Noah","NBA","Th\u00e9o Maledon","Timoth\u00e9 Luwawu-Cabarrot","Vincent Poirier"],"articleSection":["NBA"],"inLanguage":"fr-FR","potentialAction":[{"@type":"CommentAction","name":"Comment","target":["https:\/\/dicodusport.fr\/blog\/nba-2020-2021-qui-sont-les-francais-en-lice-2-2\/#respond"]}],"copyrightYear":"2020","copyrightHolder":{"@id":"https:\/\/dicodusport.fr\/blog\/#organization"}},{"@type":"WebPage","@id":"https:\/\/dicodusport.fr\/blog\/nba-2020-2021-qui-sont-les-francais-en-lice-2-2\/","url":"https:\/\/dicodusport.fr\/blog\/nba-2020-2021-qui-sont-les-francais-en-lice-2-2\/","name":"NBA 2020\/2021 : Qui sont les Fran\u00e7ais en lice ? (2\/2)","isPartOf":{"@id":"https:\/\/dicodusport.fr\/blog\/#website"},"primaryImageOfPage":{"@id":"https:\/\/dicodusport.fr\/blog\/nba-2020-2021-qui-sont-les-francais-en-lice-2-2\/#primaryimage"},"image":{"@id":"https:\/\/dicodusport.fr\/blog\/nba-2020-2021-qui-sont-les-francais-en-lice-2-2\/#primaryimage"},"thumbnailUrl":"https:\/\/dicodusport.fr\/blog\/wp-content\/uploads\/2020\/12\/NBA-2020-2021-Qui-sont-les-Fran\u00e7ais-en-lice-2-2.png","datePublished":"2020-12-04T08:52:50+00:00","dateModified":"2020-12-04T09:54:04+00:00","description":"Moins de 3 semaines avant le retour de la NBA. Pour patienter, nous vous proposons, un r\u00e9cap de tous les Fran\u00e7ais pr\u00e9sents en NBA.","breadcrumb":{"@id":"https:\/\/dicodusport.fr\/blog\/nba-2020-2021-qui-sont-les-francais-en-lice-2-2\/#breadcrumb"},"inLanguage":"fr-FR","potentialAction":[{"@type":"ReadAction","target":["https:\/\/dicodusport.fr\/blog\/nba-2020-2021-qui-sont-les-francais-en-lice-2-2\/"]}]},{"@type":"ImageObject","inLanguage":"fr-FR","@id":"https:\/\/dicodusport.fr\/blog\/nba-2020-2021-qui-sont-les-francais-en-lice-2-2\/#primaryimage","url":"https:\/\/dicodusport.fr\/blog\/wp-content\/uploads\/2020\/12\/NBA-2020-2021-Qui-sont-les-Fran\u00e7ais-en-lice-2-2.png","contentUrl":"https:\/\/dicodusport.fr\/blog\/wp-content\/uploads\/2020\/12\/NBA-2020-2021-Qui-sont-les-Fran\u00e7ais-en-lice-2-2.png","width":800,"height":445,"caption":"NBA 2020\/2021 : Qui sont les Fran\u00e7ais en lice ? (2\/2)"},{"@type":"BreadcrumbList","@id":"https:\/\/dicodusport.fr\/blog\/nba-2020-2021-qui-sont-les-francais-en-lice-2-2\/#breadcrumb","itemListElement":[{"@type":"ListItem","position":1,"name":"Accueil","item":"https:\/\/dicodusport.fr\/blog\/"},{"@type":"ListItem","position":2,"name":"NBA 2020\/2021 : Qui sont les Fran\u00e7ais en lice ? (2\/2)"}]},{"@type":"WebSite","@id":"https:\/\/dicodusport.fr\/blog\/#website","url":"https:\/\/dicodusport.fr\/blog\/","name":"Dicodusport","description":"L&#039;encyclop\u00e9die de l&#039;actualit\u00e9 sportive","publisher":{"@id":"https:\/\/dicodusport.fr\/blog\/#organization"},"potentialAction":[{"@type":"SearchAction","target":{"@type":"EntryPoint","urlTemplate":"https:\/\/dicodusport.fr\/blog\/?s={search_term_string}"},"query-input":{"@type":"PropertyValueSpecification","valueRequired":true,"valueName":"search_term_string"}}],"inLanguage":"fr-FR"},{"@type":"NewsMediaOrganization","@id":"https:\/\/dicodusport.fr\/blog\/#organization","name":"Dicodusport","url":"https:\/\/dicodusport.fr\/blog\/","logo":{"@type":"ImageObject","inLanguage":"fr-FR","@id":"https:\/\/dicodusport.fr\/blog\/#\/schema\/logo\/image\/","url":"https:\/\/dicodusport.fr\/blog\/wp-content\/uploads\/2020\/06\/cropped-LOGO-DICODUSPORT-2020-SANS-FOND-SANS-TEXTE.png","contentUrl":"https:\/\/dicodusport.fr\/blog\/wp-content\/uploads\/2020\/06\/cropped-LOGO-DICODUSPORT-2020-SANS-FOND-SANS-TEXTE.png","width":512,"height":512,"caption":"Dicodusport"},"image":{"@id":"https:\/\/dicodusport.fr\/blog\/#\/schema\/logo\/image\/"},"sameAs":["https:\/\/www.facebook.com\/dicodusport","https:\/\/x.com\/dicodusport","https:\/\/www.instagram.com\/dicodusport\/","https:\/\/www.youtube.com\/channel\/UC7V2KZ5sd3htJivAbA4ZG3w"],"description":"Dicodusport est l'encyclop\u00e9die de l'actualit\u00e9 sportive.","email":"bonjour@dicodusport.fr","legalName":"DICODUSPORT","foundingDate":"2018-01-14","vatID":"FR71834470973","taxID":"83447097300043","numberOfEmployees":{"@type":"QuantitativeValue","minValue":"1","maxValue":"10"}},{"@type":"Person","@id":"https:\/\/dicodusport.fr\/blog\/#\/schema\/person\/37ea0f6075559930024fec7c0f79e8f2","name":"Tanguy Le Jeune","image":{"@type":"ImageObject","inLanguage":"fr-FR","@id":"https:\/\/dicodusport.fr\/blog\/#\/schema\/person\/image\/","url":"https:\/\/dicodusport.fr\/blog\/wp-content\/uploads\/2021\/05\/Tanguy-Le-Jeune-150x150.jpg","contentUrl":"https:\/\/dicodusport.fr\/blog\/wp-content\/uploads\/2021\/05\/Tanguy-Le-Jeune-150x150.jpg","caption":"Tanguy Le Jeune"},"description":"Journaliste\/r\u00e9dacteur depuis novembre 2020 - Lionel Messi, Kobe Bryant, Lewis Hamilton. Quel rapport entre ces trois l\u00e9gendes ? Aucun, hormis leur statut de l\u00e9gende. Mais, pour moi, ces stars ont quelque chose en commun. Ce sont mes idoles, mes exemples et les grands cr\u00e9ateurs de ma passion pour le sport. Malgr\u00e9 mon cruel manque de talent pour pratiquer le sport au haut niveau, mon amour et ma passion me poussent, chaque jour, \u00e0 vous partager l\u2019actualit\u00e9 au travers de ce que je sais probablement faire le mieux : \u00e9crire.","sameAs":["https:\/\/www.instagram.com\/tanguyljn_\/","https:\/\/x.com\/https:\/\/twitter.com\/LeJeuneT_"],"url":"https:\/\/dicodusport.fr\/blog\/author\/tanguylj\/"}]}},"_links":{"self":[{"href":"https:\/\/dicodusport.fr\/blog\/wp-json\/wp\/v2\/posts\/91176","targetHints":{"allow":["GET"]}}],"collection":[{"href":"https:\/\/dicodusport.fr\/blog\/wp-json\/wp\/v2\/posts"}],"about":[{"href":"https:\/\/dicodusport.fr\/blog\/wp-json\/wp\/v2\/types\/post"}],"author":[{"embeddable":true,"href":"https:\/\/dicodusport.fr\/blog\/wp-json\/wp\/v2\/users\/46"}],"replies":[{"embeddable":true,"href":"https:\/\/dicodusport.fr\/blog\/wp-json\/wp\/v2\/comments?post=91176"}],"version-history":[{"count":0,"href":"https:\/\/dicodusport.fr\/blog\/wp-json\/wp\/v2\/posts\/91176\/revisions"}],"wp:featuredmedia":[{"embeddable":true,"href":"https:\/\/dicodusport.fr\/blog\/wp-json\/wp\/v2\/media\/91402"}],"wp:attachment":[{"href":"https:\/\/dicodusport.fr\/blog\/wp-json\/wp\/v2\/media?parent=91176"}],"wp:term":[{"taxonomy":"category","embeddable":true,"href":"https:\/\/dicodusport.fr\/blog\/wp-json\/wp\/v2\/categories?post=91176"},{"taxonomy":"post_tag","embeddable":true,"href":"https:\/\/dicodusport.fr\/blog\/wp-json\/wp\/v2\/tags?post=91176"}],"curies":[{"name":"wp","href":"https:\/\/api.w.org\/{rel}","templated":true}]}}