{"id":91329,"date":"2020-12-07T14:11:53","date_gmt":"2020-12-07T13:11:53","guid":{"rendered":"https:\/\/dicodusport.fr\/blog\/?p=91329"},"modified":"2020-12-07T15:29:20","modified_gmt":"2020-12-07T14:29:20","slug":"chronique-tricolore-benjamin-cavet-bosseur-d-outre-manche","status":"publish","type":"post","link":"https:\/\/dicodusport.fr\/blog\/chronique-tricolore-benjamin-cavet-bosseur-d-outre-manche\/","title":{"rendered":"Chronique tricolore : Benjamin Cavet, le bosseur d&rsquo;outre-Manche"},"content":{"rendered":"<p style=\"text-align: justify;\" align=\"JUSTIFY\"><span style=\"font-size: 16px;\"><strong><em>Quand on entend \u00ab\u00a0ski de bosses\u00a0\u00bb, on pense souvent d&rsquo;abord \u00e0 la championne olympique Perrine Laffont, et on peut parfois oublier que les Fran\u00e7ais sont aussi pr\u00e9sents au haut niveau. Encore assez peu connu du grand public, Benjamin Cavet est actuellement l&rsquo;un des meilleurs bosseurs fran\u00e7ais. Apr\u00e8s deux exp\u00e9riences olympiques, il esp\u00e8re enfin concr\u00e9tiser sa mont\u00e9e en puissance.<\/em><\/strong><\/span><\/p>\n<h2 align=\"JUSTIFY\"><span style=\"font-size: 24px;\">Un Tricolore n\u00e9 outre-Manche<\/span><\/h2>\n<p align=\"JUSTIFY\"><span style=\"font-size: 16px;\">N\u00e9 le premier jour de l&rsquo;ann\u00e9e 1994 au Royaume-Uni, <a href=\"https:\/\/www.fis-ski.com\/DB\/general\/athlete-biography.html?sectorcode=fs&amp;competitorid=181656&amp;type=result\" target=\"_blank\" rel=\"noopener noreferrer\"><strong>Benjamin Cavet<\/strong><\/a> n&rsquo;avait aucun lien avec le monde des sports d&rsquo;hiver, enfin presque. Il arrive en France \u00e0 l&rsquo;\u00e2ge de 10 ans pour suivre son p\u00e8re qui est moniteur de ski. Il d\u00e9couvre le ski de bosses qui est, \u00e0 l&rsquo;\u00e9poque, pratiquement inconnu en Angleterre.<\/span><\/p>\n<p align=\"JUSTIFY\"><span style=\"font-size: 16px;\">Tr\u00e8s vite, il progresse dans les cat\u00e9gories jeunes mais fait face \u00e0 un probl\u00e8me de taille : sa nationalit\u00e9. En effet, arriv\u00e9 en France en tant que Britannique, sa nationalit\u00e9 a vite \u00e9t\u00e9 une barri\u00e8re lors des comp\u00e9titions internationales, c&rsquo;est pourquoi d\u00e8s ses 15 ans, il d\u00e9cide de changer de nationalit\u00e9. Il rejoint alors la grande tradition fran\u00e7aise qu&rsquo;est le ski de bosses.\u00a0<\/span><\/p>\n<h2 style=\"text-align: justify;\" align=\"JUSTIFY\"><span style=\"font-size: 24px;\">Le meilleur junior et des d\u00e9buts timides chez les pro<\/span><\/h2>\n<p style=\"text-align: justify;\" align=\"JUSTIFY\"><span style=\"font-size: 16px;\">En 2011, alors qu&rsquo;il n&rsquo;a que 17 ans, il d\u00e9croche la m\u00e9daille d&rsquo;argent des Mondiaux juniors, sa premi\u00e8re et seule m\u00e9daille internationale sous ses couleurs d&rsquo;origine. L&rsquo;ann\u00e9e 2014 est une ann\u00e9e charni\u00e8re dans sa carri\u00e8re, toujours aux Mondiaux juniors, lorsqu&rsquo;il prend une nouvelle fois l&rsquo;argent en bosses, mais aussi le titre en parall\u00e8le. La m\u00eame ann\u00e9e, il signe son premier podium en Coupe du monde en prenant la 3\u00e8me place en bosses parall\u00e8les \u00e0 <strong>La Plagne<\/strong>. Il dispute dans la foul\u00e9e ses premiers JO \u00e0 Sotchi, qu&rsquo;il terminera \u00e0 une belle 8e place.<\/span><\/p>\n<blockquote class=\"twitter-tweet\">\n<p dir=\"ltr\" lang=\"fr\">Benjamin Cavet est CHAMPION DU MONDE JUNIOR en <a href=\"https:\/\/twitter.com\/hashtag\/ski?src=hash&amp;ref_src=twsrc%5Etfw\">#ski<\/a> de bosses parall\u00e8le ! BRAVO Ben ! <a href=\"https:\/\/twitter.com\/hashtag\/freestyle?src=hash&amp;ref_src=twsrc%5Etfw\">#freestyle<\/a> <a href=\"http:\/\/t.co\/q2Hfd5m2m0\">pic.twitter.com\/q2Hfd5m2m0<\/a><\/p>\n<p>\u2014 Esprit Glisse Caisse d\u2019Epargne (@EspritGlisse) <a href=\"https:\/\/twitter.com\/EspritGlisse\/status\/449200413359611904?ref_src=twsrc%5Etfw\">March 27, 2014<\/a><\/p><\/blockquote>\n<p><script async src=\"https:\/\/platform.twitter.com\/widgets.js\" charset=\"utf-8\"><\/script><\/p>\n<p style=\"text-align: justify;\" align=\"JUSTIFY\"><span style=\"font-size: 16px;\">Malgr\u00e9 un premier podium chez les professionnels, il peine \u00e0 confirmer ensuite. Il doit attendre plus d&rsquo;un an et demi pour retrouver la bo\u00eete et prendre la 2\u00e8me place de l&rsquo;\u00e9preuve de bosses parall\u00e8les \u00e0 <strong>Ruka<\/strong> (Finlande), en d\u00e9cembre 2015.<\/span><\/p>\n<h2 style=\"text-align: justify;\" align=\"JUSTIFY\"><span style=\"font-size: 24px;\">Souvent plac\u00e9, rarement vainqueur<\/span><\/h2>\n<p align=\"JUSTIFY\"><span style=\"font-size: 16px;\">Au cours de la saison 2015-2016, <strong>Benjamin Cavet<\/strong> signe trois podiums et termine \u00e0 la troisi\u00e8me place du classement de la sp\u00e9cialit\u00e9, derri\u00e8re les deux g\u00e9ants de l&rsquo;\u00e9poque que sont <strong>Matt Graham<\/strong> et <strong>Mika\u00ebl Kingsbury<\/strong>. Sa progression ne s&rsquo;arr\u00eate pas l\u00e0 puisque la saison suivante est tout simplement la meilleure de sa carri\u00e8re. Il monte \u00e0 6 reprises sur le podium de la Coupe du monde, devient vice-champion du monde en <strong>Sierra Nevada<\/strong> (Espagne), prend la deuxi\u00e8me place au classement de la sp\u00e9cialit\u00e9 et se classe 5\u00e8me au g\u00e9n\u00e9ral de ski freestyle.<\/span><\/p>\n<p align=\"JUSTIFY\"><span style=\"font-size: 16px;\">Mais voil\u00e0, malgr\u00e9 avoir trouv\u00e9 le chemin de la r\u00e9gularit\u00e9 lui permettant d&rsquo;int\u00e9grer les meilleurs mondiaux, il lui manque encore une chose, la victoire ! <\/span><span style=\"font-size: 16px;\">Entre temps, il participe \u00e0 ses deuxi\u00e8mes <strong>Jeux Olympiques en 2018 \u00e0 Pyeongchang<\/strong>. Un exp\u00e9rience difficile puisqu&rsquo;il termine 25\u00e8me et voit ses espoirs s&rsquo;envoler d\u00e8s les qualifications. <\/span><span style=\"font-size: 16px;\">Il lui aura fallu attendre le 18 janvier 2019 pr\u00e9cis\u00e9ment, \u00e0 <strong>Lake Placid<\/strong> (\u00c9tats-Unis), pour enfin monter sur la plus haute marche du podium. \u00c9tant un \u00e9tudiant universitaire, il est s\u00e9lectionn\u00e9 pour participer aux Universiades 2019 \u00e0 Krasnoyarsk (Russie). En deux \u00e9preuves, il d\u00e9croche deux m\u00e9dailles, l&rsquo;or en bosses et le bronze en bosses parall\u00e8les.<\/span><\/p>\n<blockquote class=\"twitter-tweet\">\n<p dir=\"ltr\" lang=\"fr\">Premi\u00e8re victoire en Coupe du Monde pour Benjamin Cavet en <a href=\"https:\/\/twitter.com\/hashtag\/SkideBosses?src=hash&amp;ref_src=twsrc%5Etfw\">#SkideBosses<\/a> &#x1f3c6; Du c\u00f4t\u00e9 des femmes, Perrine Laffont creuse l&rsquo;\u00e9cart au classement g\u00e9n\u00e9ral avec un nouveau podium &#x1f948;&#x1f44f; ! <a href=\"https:\/\/twitter.com\/hashtag\/EspritGlisse?src=hash&amp;ref_src=twsrc%5Etfw\">#EspritGlisse<\/a><\/p>\n<p>&#x27a1;&#xfe0f; <a href=\"https:\/\/t.co\/K0DpHFIRvR\">https:\/\/t.co\/K0DpHFIRvR<\/a> <a href=\"https:\/\/t.co\/X5XZLzRpvW\">pic.twitter.com\/X5XZLzRpvW<\/a><\/p>\n<p>\u2014 Esprit Glisse Caisse d\u2019Epargne (@EspritGlisse) <a href=\"https:\/\/twitter.com\/EspritGlisse\/status\/1086579132480348160?ref_src=twsrc%5Etfw\">January 19, 2019<\/a><\/p><\/blockquote>\n<p><script async src=\"https:\/\/platform.twitter.com\/widgets.js\" charset=\"utf-8\"><\/script><\/p>\n<h2 style=\"text-align: justify;\" align=\"JUSTIFY\"><span style=\"font-size: 24px;\">Des objectifs et un palmar\u00e8s \u00e0 \u00e9toffer<\/span><\/h2>\n<p align=\"JUSTIFY\"><span style=\"font-size: 16px;\">Apr\u00e8s des JO 2018 rat\u00e9s, il esp\u00e8re enfin se rattraper en allant chercher sa premi\u00e8re m\u00e9daille olympique \u00e0 P\u00e9kin en 2022. Il \u00e9voque m\u00eame une possible participation aux Jeux de Milan-Cortina en 2026, il aura alors 32 ans. <\/span><span style=\"font-size: 16px;\">Aujourd&rsquo;hui, <strong>Benjamin Cavet<\/strong>, c&rsquo;est 19 podiums en Coupe du monde (dont 1 victoire), 4 podiums au g\u00e9n\u00e9ral de la sp\u00e9cialit\u00e9 et 1 top 5 au g\u00e9n\u00e9ral de ski acrobatique, ainsi qu&rsquo;une m\u00e9daille mondiale. \u00c0 26 ans, le voil\u00e0 d\u00e9sormais dans la force de l&rsquo;\u00e2ge.<\/span><\/p>\n<p align=\"JUSTIFY\"><strong><em>Maxime Boulard<br \/>\n<a href=\"https:\/\/www.facebook.com\/Max.Bld2\/\" target=\"_blank\" rel=\"noopener noreferrer\"><img loading=\"lazy\" decoding=\"async\" class=\"alignnone wp-image-2909\" src=\"http:\/\/dicodusport.fr\/blog\/wp-content\/uploads\/2017\/07\/logo-facebook-150x150.png\" alt=\"\" width=\"40\" height=\"40\" \/><\/a><a href=\"https:\/\/twitter.com\/MaximeB_2\" target=\"_blank\" rel=\"noopener noreferrer\"><img loading=\"lazy\" decoding=\"async\" class=\"alignnone wp-image-2908\" src=\"http:\/\/dicodusport.fr\/blog\/wp-content\/uploads\/2017\/07\/logo-twitter-150x150.png\" alt=\"\" width=\"39\" height=\"39\" \/><\/a><\/em><\/strong><\/p>\n","protected":false},"excerpt":{"rendered":"<p>Quand on entend \u00ab\u00a0ski de bosses\u00a0\u00bb, on pense souvent d&rsquo;abord \u00e0 la championne olympique Perrine Laffont, et on peut parfois oublier que les Fran\u00e7ais sont aussi pr\u00e9sents au haut niveau. Encore assez peu connu du grand public, Benjamin Cavet est actuellement l&rsquo;un des meilleurs bosseurs fran\u00e7ais. Apr\u00e8s deux exp\u00e9riences olympiques, il esp\u00e8re enfin concr\u00e9tiser sa mont\u00e9e en puissance.<\/p>\n","protected":false},"author":43,"featured_media":92024,"comment_status":"open","ping_status":"closed","sticky":false,"template":"","format":"standard","meta":{"_acf_changed":false,"_daextam_enable_autolinks":"","footnotes":""},"categories":[9217],"tags":[3741,2688,3263,24],"class_list":["post-91329","post","type-post","status-publish","format-standard","has-post-thumbnail","hentry","category-ski","tag-benjamin-cavet","tag-ski-acrobatique","tag-ski-de-bosses","tag-sport"],"acf":[],"yoast_head":"<!-- This site is optimized with the Yoast SEO Premium plugin v26.7 (Yoast SEO v26.7) - https:\/\/yoast.com\/wordpress\/plugins\/seo\/ -->\n<title>Chronique tricolore : Benjamin Cavet, le bosseur d&#039;outre-Manche<\/title>\n<meta name=\"description\" content=\"SKI DE BOSSE - Portrait de Benjamin Cavet, qui fait aujourd&#039;hui parti des meilleurs mondiaux dans sa discipline et quie sera un espoir de m\u00e9daille \u00e0 P\u00e9kin 2022.\" \/>\n<meta name=\"robots\" content=\"index, follow, max-snippet:-1, max-image-preview:large, max-video-preview:-1\" \/>\n<link rel=\"canonical\" href=\"https:\/\/dicodusport.fr\/blog\/chronique-tricolore-benjamin-cavet-bosseur-d-outre-manche\/\" \/>\n<meta property=\"og:locale\" content=\"fr_FR\" \/>\n<meta property=\"og:type\" content=\"article\" \/>\n<meta property=\"og:title\" content=\"Chronique tricolore : Benjamin Cavet, le bosseur d&#039;outre-Manche\" \/>\n<meta property=\"og:description\" content=\"SKI DE BOSSE - Portrait de Benjamin Cavet, qui fait aujourd&#039;hui parti des meilleurs mondiaux dans sa discipline et quie sera un espoir de m\u00e9daille \u00e0 P\u00e9kin 2022.\" \/>\n<meta property=\"og:url\" content=\"https:\/\/dicodusport.fr\/blog\/chronique-tricolore-benjamin-cavet-bosseur-d-outre-manche\/\" \/>\n<meta property=\"og:site_name\" content=\"Dicodusport\" \/>\n<meta property=\"article:publisher\" content=\"https:\/\/www.facebook.com\/dicodusport\" \/>\n<meta property=\"article:author\" content=\"https:\/\/www.facebook.com\/Max.Bld2\/\" \/>\n<meta property=\"article:published_time\" content=\"2020-12-07T13:11:53+00:00\" \/>\n<meta property=\"article:modified_time\" content=\"2020-12-07T14:29:20+00:00\" \/>\n<meta property=\"og:image\" content=\"https:\/\/dicodusport.fr\/blog\/wp-content\/uploads\/2020\/12\/Chronique-tricolore-Benjamin-Cavet-le-bosseur-doutre-Manche.png\" \/>\n\t<meta property=\"og:image:width\" content=\"800\" \/>\n\t<meta property=\"og:image:height\" content=\"445\" \/>\n\t<meta property=\"og:image:type\" content=\"image\/png\" \/>\n<meta name=\"author\" content=\"Maxime Boulard\" \/>\n<meta name=\"twitter:card\" content=\"summary_large_image\" \/>\n<meta name=\"twitter:title\" content=\"Chronique tricolore : Benjamin Cavet, le bosseur d&#039;outre-Manche\" \/>\n<meta name=\"twitter:creator\" content=\"@https:\/\/twitter.com\/MaximeB_2\" \/>\n<meta name=\"twitter:site\" content=\"@dicodusport\" \/>\n<script type=\"application\/ld+json\" class=\"yoast-schema-graph\">{\"@context\":\"https:\/\/schema.org\",\"@graph\":[{\"@type\":\"NewsArticle\",\"@id\":\"https:\/\/dicodusport.fr\/blog\/chronique-tricolore-benjamin-cavet-bosseur-d-outre-manche\/#article\",\"isPartOf\":{\"@id\":\"https:\/\/dicodusport.fr\/blog\/chronique-tricolore-benjamin-cavet-bosseur-d-outre-manche\/\"},\"author\":{\"name\":\"Maxime Boulard\",\"@id\":\"https:\/\/dicodusport.fr\/blog\/#\/schema\/person\/5aab10ee856e86ac63e9819a9da34784\"},\"headline\":\"Chronique tricolore : Benjamin Cavet, le bosseur d&rsquo;outre-Manche\",\"datePublished\":\"2020-12-07T13:11:53+00:00\",\"dateModified\":\"2020-12-07T14:29:20+00:00\",\"mainEntityOfPage\":{\"@id\":\"https:\/\/dicodusport.fr\/blog\/chronique-tricolore-benjamin-cavet-bosseur-d-outre-manche\/\"},\"wordCount\":775,\"commentCount\":0,\"publisher\":{\"@id\":\"https:\/\/dicodusport.fr\/blog\/#organization\"},\"image\":{\"@id\":\"https:\/\/dicodusport.fr\/blog\/chronique-tricolore-benjamin-cavet-bosseur-d-outre-manche\/#primaryimage\"},\"thumbnailUrl\":\"https:\/\/dicodusport.fr\/blog\/wp-content\/uploads\/2020\/12\/Chronique-tricolore-Benjamin-Cavet-le-bosseur-doutre-Manche.png\",\"keywords\":[\"Benjamin Cavet\",\"ski acrobatique\",\"ski de bosses\",\"sport\"],\"articleSection\":[\"Ski\"],\"inLanguage\":\"fr-FR\",\"potentialAction\":[{\"@type\":\"CommentAction\",\"name\":\"Comment\",\"target\":[\"https:\/\/dicodusport.fr\/blog\/chronique-tricolore-benjamin-cavet-bosseur-d-outre-manche\/#respond\"]}],\"copyrightYear\":\"2020\",\"copyrightHolder\":{\"@id\":\"https:\/\/dicodusport.fr\/blog\/#organization\"}},{\"@type\":\"WebPage\",\"@id\":\"https:\/\/dicodusport.fr\/blog\/chronique-tricolore-benjamin-cavet-bosseur-d-outre-manche\/\",\"url\":\"https:\/\/dicodusport.fr\/blog\/chronique-tricolore-benjamin-cavet-bosseur-d-outre-manche\/\",\"name\":\"Chronique tricolore : Benjamin Cavet, le bosseur d'outre-Manche\",\"isPartOf\":{\"@id\":\"https:\/\/dicodusport.fr\/blog\/#website\"},\"primaryImageOfPage\":{\"@id\":\"https:\/\/dicodusport.fr\/blog\/chronique-tricolore-benjamin-cavet-bosseur-d-outre-manche\/#primaryimage\"},\"image\":{\"@id\":\"https:\/\/dicodusport.fr\/blog\/chronique-tricolore-benjamin-cavet-bosseur-d-outre-manche\/#primaryimage\"},\"thumbnailUrl\":\"https:\/\/dicodusport.fr\/blog\/wp-content\/uploads\/2020\/12\/Chronique-tricolore-Benjamin-Cavet-le-bosseur-doutre-Manche.png\",\"datePublished\":\"2020-12-07T13:11:53+00:00\",\"dateModified\":\"2020-12-07T14:29:20+00:00\",\"description\":\"SKI DE BOSSE - Portrait de Benjamin Cavet, qui fait aujourd'hui parti des meilleurs mondiaux dans sa discipline et quie sera un espoir de m\u00e9daille \u00e0 P\u00e9kin 2022.\",\"breadcrumb\":{\"@id\":\"https:\/\/dicodusport.fr\/blog\/chronique-tricolore-benjamin-cavet-bosseur-d-outre-manche\/#breadcrumb\"},\"inLanguage\":\"fr-FR\",\"potentialAction\":[{\"@type\":\"ReadAction\",\"target\":[\"https:\/\/dicodusport.fr\/blog\/chronique-tricolore-benjamin-cavet-bosseur-d-outre-manche\/\"]}]},{\"@type\":\"ImageObject\",\"inLanguage\":\"fr-FR\",\"@id\":\"https:\/\/dicodusport.fr\/blog\/chronique-tricolore-benjamin-cavet-bosseur-d-outre-manche\/#primaryimage\",\"url\":\"https:\/\/dicodusport.fr\/blog\/wp-content\/uploads\/2020\/12\/Chronique-tricolore-Benjamin-Cavet-le-bosseur-doutre-Manche.png\",\"contentUrl\":\"https:\/\/dicodusport.fr\/blog\/wp-content\/uploads\/2020\/12\/Chronique-tricolore-Benjamin-Cavet-le-bosseur-doutre-Manche.png\",\"width\":800,\"height\":445,\"caption\":\"Ski de bosses : Benjamin Cavet l'emporte aussi \u00e0 Idre Fj\u00e4ll\"},{\"@type\":\"BreadcrumbList\",\"@id\":\"https:\/\/dicodusport.fr\/blog\/chronique-tricolore-benjamin-cavet-bosseur-d-outre-manche\/#breadcrumb\",\"itemListElement\":[{\"@type\":\"ListItem\",\"position\":1,\"name\":\"Accueil\",\"item\":\"https:\/\/dicodusport.fr\/blog\/\"},{\"@type\":\"ListItem\",\"position\":2,\"name\":\"Chronique tricolore : Benjamin Cavet, le bosseur d&rsquo;outre-Manche\"}]},{\"@type\":\"WebSite\",\"@id\":\"https:\/\/dicodusport.fr\/blog\/#website\",\"url\":\"https:\/\/dicodusport.fr\/blog\/\",\"name\":\"Dicodusport\",\"description\":\"L&#039;encyclop\u00e9die de l&#039;actualit\u00e9 sportive\",\"publisher\":{\"@id\":\"https:\/\/dicodusport.fr\/blog\/#organization\"},\"potentialAction\":[{\"@type\":\"SearchAction\",\"target\":{\"@type\":\"EntryPoint\",\"urlTemplate\":\"https:\/\/dicodusport.fr\/blog\/?s={search_term_string}\"},\"query-input\":{\"@type\":\"PropertyValueSpecification\",\"valueRequired\":true,\"valueName\":\"search_term_string\"}}],\"inLanguage\":\"fr-FR\"},{\"@type\":\"NewsMediaOrganization\",\"@id\":\"https:\/\/dicodusport.fr\/blog\/#organization\",\"name\":\"Dicodusport\",\"url\":\"https:\/\/dicodusport.fr\/blog\/\",\"logo\":{\"@type\":\"ImageObject\",\"inLanguage\":\"fr-FR\",\"@id\":\"https:\/\/dicodusport.fr\/blog\/#\/schema\/logo\/image\/\",\"url\":\"https:\/\/dicodusport.fr\/blog\/wp-content\/uploads\/2020\/06\/cropped-LOGO-DICODUSPORT-2020-SANS-FOND-SANS-TEXTE.png\",\"contentUrl\":\"https:\/\/dicodusport.fr\/blog\/wp-content\/uploads\/2020\/06\/cropped-LOGO-DICODUSPORT-2020-SANS-FOND-SANS-TEXTE.png\",\"width\":512,\"height\":512,\"caption\":\"Dicodusport\"},\"image\":{\"@id\":\"https:\/\/dicodusport.fr\/blog\/#\/schema\/logo\/image\/\"},\"sameAs\":[\"https:\/\/www.facebook.com\/dicodusport\",\"https:\/\/x.com\/dicodusport\",\"https:\/\/www.instagram.com\/dicodusport\/\",\"https:\/\/www.youtube.com\/channel\/UC7V2KZ5sd3htJivAbA4ZG3w\"],\"description\":\"Dicodusport est l'encyclop\u00e9die de l'actualit\u00e9 sportive.\",\"email\":\"bonjour@dicodusport.fr\",\"legalName\":\"DICODUSPORT\",\"foundingDate\":\"2018-01-14\",\"vatID\":\"FR71834470973\",\"taxID\":\"83447097300043\",\"numberOfEmployees\":{\"@type\":\"QuantitativeValue\",\"minValue\":\"1\",\"maxValue\":\"10\"}},{\"@type\":\"Person\",\"@id\":\"https:\/\/dicodusport.fr\/blog\/#\/schema\/person\/5aab10ee856e86ac63e9819a9da34784\",\"name\":\"Maxime Boulard\",\"image\":{\"@type\":\"ImageObject\",\"inLanguage\":\"fr-FR\",\"@id\":\"https:\/\/dicodusport.fr\/blog\/#\/schema\/person\/image\/\",\"url\":\"https:\/\/dicodusport.fr\/blog\/wp-content\/uploads\/2021\/05\/Maxime-Boulard-150x150.jpg\",\"contentUrl\":\"https:\/\/dicodusport.fr\/blog\/wp-content\/uploads\/2021\/05\/Maxime-Boulard-150x150.jpg\",\"caption\":\"Maxime Boulard\"},\"description\":\"Journaliste\/r\u00e9dacteur depuis octobre 2020 - Si mon plus vieux souvenir de sport aurait pu m'en d\u00e9go\u00fbter, la finale de la Coupe du monde 2006 a \u00e9t\u00e9 tout le contraire. V\u00e9ritable d\u00e9clencheur d'une passion qui aujourd'hui ne fait que grandir avec le temps, mon leitmotiv est la France qui brille ! Je relate les exploits pass\u00e9s et pr\u00e9sents du sport bleu-blanc-rouge sans m\u00e9nagement depuis octobre 2020. Sport valide ou handisport, aucune diff\u00e9rence, il n'y a que du sport et plusieurs fa\u00e7ons de le pratiquer.\",\"sameAs\":[\"https:\/\/www.facebook.com\/Max.Bld2\/\",\"https:\/\/x.com\/https:\/\/twitter.com\/MaximeB_2\"],\"url\":\"https:\/\/dicodusport.fr\/blog\/author\/maxime-b\/\"}]}<\/script>\n<!-- \/ Yoast SEO Premium plugin. -->","yoast_head_json":{"title":"Chronique tricolore : Benjamin Cavet, le bosseur d'outre-Manche","description":"SKI DE BOSSE - Portrait de Benjamin Cavet, qui fait aujourd'hui parti des meilleurs mondiaux dans sa discipline et quie sera un espoir de m\u00e9daille \u00e0 P\u00e9kin 2022.","robots":{"index":"index","follow":"follow","max-snippet":"max-snippet:-1","max-image-preview":"max-image-preview:large","max-video-preview":"max-video-preview:-1"},"canonical":"https:\/\/dicodusport.fr\/blog\/chronique-tricolore-benjamin-cavet-bosseur-d-outre-manche\/","og_locale":"fr_FR","og_type":"article","og_title":"Chronique tricolore : Benjamin Cavet, le bosseur d'outre-Manche","og_description":"SKI DE BOSSE - Portrait de Benjamin Cavet, qui fait aujourd'hui parti des meilleurs mondiaux dans sa discipline et quie sera un espoir de m\u00e9daille \u00e0 P\u00e9kin 2022.","og_url":"https:\/\/dicodusport.fr\/blog\/chronique-tricolore-benjamin-cavet-bosseur-d-outre-manche\/","og_site_name":"Dicodusport","article_publisher":"https:\/\/www.facebook.com\/dicodusport","article_author":"https:\/\/www.facebook.com\/Max.Bld2\/","article_published_time":"2020-12-07T13:11:53+00:00","article_modified_time":"2020-12-07T14:29:20+00:00","og_image":[{"width":800,"height":445,"url":"https:\/\/dicodusport.fr\/blog\/wp-content\/uploads\/2020\/12\/Chronique-tricolore-Benjamin-Cavet-le-bosseur-doutre-Manche.png","type":"image\/png"}],"author":"Maxime Boulard","twitter_card":"summary_large_image","twitter_title":"Chronique tricolore : Benjamin Cavet, le bosseur d'outre-Manche","twitter_creator":"@https:\/\/twitter.com\/MaximeB_2","twitter_site":"@dicodusport","schema":{"@context":"https:\/\/schema.org","@graph":[{"@type":"NewsArticle","@id":"https:\/\/dicodusport.fr\/blog\/chronique-tricolore-benjamin-cavet-bosseur-d-outre-manche\/#article","isPartOf":{"@id":"https:\/\/dicodusport.fr\/blog\/chronique-tricolore-benjamin-cavet-bosseur-d-outre-manche\/"},"author":{"name":"Maxime Boulard","@id":"https:\/\/dicodusport.fr\/blog\/#\/schema\/person\/5aab10ee856e86ac63e9819a9da34784"},"headline":"Chronique tricolore : Benjamin Cavet, le bosseur d&rsquo;outre-Manche","datePublished":"2020-12-07T13:11:53+00:00","dateModified":"2020-12-07T14:29:20+00:00","mainEntityOfPage":{"@id":"https:\/\/dicodusport.fr\/blog\/chronique-tricolore-benjamin-cavet-bosseur-d-outre-manche\/"},"wordCount":775,"commentCount":0,"publisher":{"@id":"https:\/\/dicodusport.fr\/blog\/#organization"},"image":{"@id":"https:\/\/dicodusport.fr\/blog\/chronique-tricolore-benjamin-cavet-bosseur-d-outre-manche\/#primaryimage"},"thumbnailUrl":"https:\/\/dicodusport.fr\/blog\/wp-content\/uploads\/2020\/12\/Chronique-tricolore-Benjamin-Cavet-le-bosseur-doutre-Manche.png","keywords":["Benjamin Cavet","ski acrobatique","ski de bosses","sport"],"articleSection":["Ski"],"inLanguage":"fr-FR","potentialAction":[{"@type":"CommentAction","name":"Comment","target":["https:\/\/dicodusport.fr\/blog\/chronique-tricolore-benjamin-cavet-bosseur-d-outre-manche\/#respond"]}],"copyrightYear":"2020","copyrightHolder":{"@id":"https:\/\/dicodusport.fr\/blog\/#organization"}},{"@type":"WebPage","@id":"https:\/\/dicodusport.fr\/blog\/chronique-tricolore-benjamin-cavet-bosseur-d-outre-manche\/","url":"https:\/\/dicodusport.fr\/blog\/chronique-tricolore-benjamin-cavet-bosseur-d-outre-manche\/","name":"Chronique tricolore : Benjamin Cavet, le bosseur d'outre-Manche","isPartOf":{"@id":"https:\/\/dicodusport.fr\/blog\/#website"},"primaryImageOfPage":{"@id":"https:\/\/dicodusport.fr\/blog\/chronique-tricolore-benjamin-cavet-bosseur-d-outre-manche\/#primaryimage"},"image":{"@id":"https:\/\/dicodusport.fr\/blog\/chronique-tricolore-benjamin-cavet-bosseur-d-outre-manche\/#primaryimage"},"thumbnailUrl":"https:\/\/dicodusport.fr\/blog\/wp-content\/uploads\/2020\/12\/Chronique-tricolore-Benjamin-Cavet-le-bosseur-doutre-Manche.png","datePublished":"2020-12-07T13:11:53+00:00","dateModified":"2020-12-07T14:29:20+00:00","description":"SKI DE BOSSE - Portrait de Benjamin Cavet, qui fait aujourd'hui parti des meilleurs mondiaux dans sa discipline et quie sera un espoir de m\u00e9daille \u00e0 P\u00e9kin 2022.","breadcrumb":{"@id":"https:\/\/dicodusport.fr\/blog\/chronique-tricolore-benjamin-cavet-bosseur-d-outre-manche\/#breadcrumb"},"inLanguage":"fr-FR","potentialAction":[{"@type":"ReadAction","target":["https:\/\/dicodusport.fr\/blog\/chronique-tricolore-benjamin-cavet-bosseur-d-outre-manche\/"]}]},{"@type":"ImageObject","inLanguage":"fr-FR","@id":"https:\/\/dicodusport.fr\/blog\/chronique-tricolore-benjamin-cavet-bosseur-d-outre-manche\/#primaryimage","url":"https:\/\/dicodusport.fr\/blog\/wp-content\/uploads\/2020\/12\/Chronique-tricolore-Benjamin-Cavet-le-bosseur-doutre-Manche.png","contentUrl":"https:\/\/dicodusport.fr\/blog\/wp-content\/uploads\/2020\/12\/Chronique-tricolore-Benjamin-Cavet-le-bosseur-doutre-Manche.png","width":800,"height":445,"caption":"Ski de bosses : Benjamin Cavet l'emporte aussi \u00e0 Idre Fj\u00e4ll"},{"@type":"BreadcrumbList","@id":"https:\/\/dicodusport.fr\/blog\/chronique-tricolore-benjamin-cavet-bosseur-d-outre-manche\/#breadcrumb","itemListElement":[{"@type":"ListItem","position":1,"name":"Accueil","item":"https:\/\/dicodusport.fr\/blog\/"},{"@type":"ListItem","position":2,"name":"Chronique tricolore : Benjamin Cavet, le bosseur d&rsquo;outre-Manche"}]},{"@type":"WebSite","@id":"https:\/\/dicodusport.fr\/blog\/#website","url":"https:\/\/dicodusport.fr\/blog\/","name":"Dicodusport","description":"L&#039;encyclop\u00e9die de l&#039;actualit\u00e9 sportive","publisher":{"@id":"https:\/\/dicodusport.fr\/blog\/#organization"},"potentialAction":[{"@type":"SearchAction","target":{"@type":"EntryPoint","urlTemplate":"https:\/\/dicodusport.fr\/blog\/?s={search_term_string}"},"query-input":{"@type":"PropertyValueSpecification","valueRequired":true,"valueName":"search_term_string"}}],"inLanguage":"fr-FR"},{"@type":"NewsMediaOrganization","@id":"https:\/\/dicodusport.fr\/blog\/#organization","name":"Dicodusport","url":"https:\/\/dicodusport.fr\/blog\/","logo":{"@type":"ImageObject","inLanguage":"fr-FR","@id":"https:\/\/dicodusport.fr\/blog\/#\/schema\/logo\/image\/","url":"https:\/\/dicodusport.fr\/blog\/wp-content\/uploads\/2020\/06\/cropped-LOGO-DICODUSPORT-2020-SANS-FOND-SANS-TEXTE.png","contentUrl":"https:\/\/dicodusport.fr\/blog\/wp-content\/uploads\/2020\/06\/cropped-LOGO-DICODUSPORT-2020-SANS-FOND-SANS-TEXTE.png","width":512,"height":512,"caption":"Dicodusport"},"image":{"@id":"https:\/\/dicodusport.fr\/blog\/#\/schema\/logo\/image\/"},"sameAs":["https:\/\/www.facebook.com\/dicodusport","https:\/\/x.com\/dicodusport","https:\/\/www.instagram.com\/dicodusport\/","https:\/\/www.youtube.com\/channel\/UC7V2KZ5sd3htJivAbA4ZG3w"],"description":"Dicodusport est l'encyclop\u00e9die de l'actualit\u00e9 sportive.","email":"bonjour@dicodusport.fr","legalName":"DICODUSPORT","foundingDate":"2018-01-14","vatID":"FR71834470973","taxID":"83447097300043","numberOfEmployees":{"@type":"QuantitativeValue","minValue":"1","maxValue":"10"}},{"@type":"Person","@id":"https:\/\/dicodusport.fr\/blog\/#\/schema\/person\/5aab10ee856e86ac63e9819a9da34784","name":"Maxime Boulard","image":{"@type":"ImageObject","inLanguage":"fr-FR","@id":"https:\/\/dicodusport.fr\/blog\/#\/schema\/person\/image\/","url":"https:\/\/dicodusport.fr\/blog\/wp-content\/uploads\/2021\/05\/Maxime-Boulard-150x150.jpg","contentUrl":"https:\/\/dicodusport.fr\/blog\/wp-content\/uploads\/2021\/05\/Maxime-Boulard-150x150.jpg","caption":"Maxime Boulard"},"description":"Journaliste\/r\u00e9dacteur depuis octobre 2020 - Si mon plus vieux souvenir de sport aurait pu m'en d\u00e9go\u00fbter, la finale de la Coupe du monde 2006 a \u00e9t\u00e9 tout le contraire. V\u00e9ritable d\u00e9clencheur d'une passion qui aujourd'hui ne fait que grandir avec le temps, mon leitmotiv est la France qui brille ! Je relate les exploits pass\u00e9s et pr\u00e9sents du sport bleu-blanc-rouge sans m\u00e9nagement depuis octobre 2020. Sport valide ou handisport, aucune diff\u00e9rence, il n'y a que du sport et plusieurs fa\u00e7ons de le pratiquer.","sameAs":["https:\/\/www.facebook.com\/Max.Bld2\/","https:\/\/x.com\/https:\/\/twitter.com\/MaximeB_2"],"url":"https:\/\/dicodusport.fr\/blog\/author\/maxime-b\/"}]}},"_links":{"self":[{"href":"https:\/\/dicodusport.fr\/blog\/wp-json\/wp\/v2\/posts\/91329","targetHints":{"allow":["GET"]}}],"collection":[{"href":"https:\/\/dicodusport.fr\/blog\/wp-json\/wp\/v2\/posts"}],"about":[{"href":"https:\/\/dicodusport.fr\/blog\/wp-json\/wp\/v2\/types\/post"}],"author":[{"embeddable":true,"href":"https:\/\/dicodusport.fr\/blog\/wp-json\/wp\/v2\/users\/43"}],"replies":[{"embeddable":true,"href":"https:\/\/dicodusport.fr\/blog\/wp-json\/wp\/v2\/comments?post=91329"}],"version-history":[{"count":0,"href":"https:\/\/dicodusport.fr\/blog\/wp-json\/wp\/v2\/posts\/91329\/revisions"}],"wp:featuredmedia":[{"embeddable":true,"href":"https:\/\/dicodusport.fr\/blog\/wp-json\/wp\/v2\/media\/92024"}],"wp:attachment":[{"href":"https:\/\/dicodusport.fr\/blog\/wp-json\/wp\/v2\/media?parent=91329"}],"wp:term":[{"taxonomy":"category","embeddable":true,"href":"https:\/\/dicodusport.fr\/blog\/wp-json\/wp\/v2\/categories?post=91329"},{"taxonomy":"post_tag","embeddable":true,"href":"https:\/\/dicodusport.fr\/blog\/wp-json\/wp\/v2\/tags?post=91329"}],"curies":[{"name":"wp","href":"https:\/\/api.w.org\/{rel}","templated":true}]}}