{"id":91460,"date":"2020-12-04T18:12:57","date_gmt":"2020-12-04T17:12:57","guid":{"rendered":"https:\/\/dicodusport.fr\/blog\/?p=91460"},"modified":"2020-12-04T21:43:32","modified_gmt":"2020-12-04T20:43:32","slug":"ski-acrobatique-jamais-deux-sans-trois-pour-perrine-laffont","status":"publish","type":"post","link":"https:\/\/dicodusport.fr\/blog\/ski-acrobatique-jamais-deux-sans-trois-pour-perrine-laffont\/","title":{"rendered":"Ski acrobatique : Jamais deux sans trois pour Perrine Laffont ?"},"content":{"rendered":"<p style=\"text-align: justify;\"><strong><em>SKI ACROBATIQUE &#8211; La Pyr\u00e9n\u00e9enne <a href=\"https:\/\/dicodusport.fr\/blog\/tag\/perrine-laffont\/\" target=\"_blank\" rel=\"noopener noreferrer\">Perrine Laffont<\/a> va entamer, ce samedi, sa 6\u00e8me saison de Coupe du monde. D\u00e9j\u00e0 double laur\u00e9ate en titre du gros globe de Cristal, elle rechaussera les chaussures et les skis d\u00e8s ce week-end \u00e0 Ruka en Finlande pour la premi\u00e8re \u00e9tape de cette Coupe du Monde. Alors, que faut-il attendre de la Fran\u00e7aise cette saison ?<\/em><\/strong><\/p>\n<h2 style=\"text-align: justify;\">De nouveau favorite<\/h2>\n<p style=\"text-align: justify;\">\u00c0 l&rsquo;entame de cette nouvelle Coupe du monde de ski acrobatique, la Fran\u00e7aise arrive sur la premi\u00e8re \u00e9tape en Finlande comme la favorite pour le gros Globe, mais aussi pour le petit globe de la sp\u00e9cialit\u00e9, qu&rsquo;elle a remport\u00e9 ces trois derni\u00e8res saisons. En effet, la championne olympique 2018 revient sur le circuit apr\u00e8s une saison 2019-2020 proche de la perfection. Avec 9 podiums dont 8 victoires sur 10 \u00e9preuves, l&rsquo;Ari\u00e8geoise n&rsquo;a laiss\u00e9 aucune chance \u00e0 ses adversaires la saison pass\u00e9e.<\/p>\n<p style=\"text-align: justify;\">Apr\u00e8s avoir repris l&rsquo;entra\u00eenement avec l&rsquo;\u00e9quipe de France en juin dernier, on retrouve une <strong>Perrine Laffort<\/strong> s\u00fbre de sa force et pr\u00eate \u00e0 en d\u00e9coudre. De plus, elle a d\u00e9j\u00e0 remport\u00e9 en Su\u00e8de, sa premi\u00e8re victoire de la saison dans le cadre l&rsquo;<strong>Open d&rsquo;Idre Fjall<\/strong>. Il s&rsquo;agissait d&rsquo;une \u00e9preuve de pr\u00e9saison o\u00f9 elle a notamment battu l&rsquo;Am\u00e9ricaine <strong>Tess Johnson<\/strong> et la Japonaise <strong>Yuki Kajiwara<\/strong>, deux de ses grandes rivales pour la saison 2020\/2021.<\/p>\n<h2 style=\"text-align: justify;\">Encore dominatrice ?<\/h2>\n<p style=\"text-align: justify;\">La reine incontest\u00e9e du ski de bosses depuis 3 saisons d\u00e9sormais, sera-t-elle capable d&rsquo;aller chercher un nouveau titre ? La r\u00e9ponse semble d\u00e9j\u00e0 toute faite, elle, qui \u00e0 22 ans a presque tout gagn\u00e9. Avec 30 podiums en Coupe du Monde, elle fait d&rsquo;ores et d\u00e9j\u00e0 partie des l\u00e9gendes de sa discipline. <strong>Perrine Laffont<\/strong> semble, par ailleurs, avoir l&rsquo;envie et la motivation d&rsquo;agrandir son palmar\u00e8s d\u00e8s cette saison. Ce qui est s\u00fbr, c&rsquo;est que la native de Lavelanet a encore de nombreuses ann\u00e9es devant elle, tant sa domination sur ses adversaires semble importante.<\/p>\n<p style=\"text-align: justify;\">Alors que les Mondiaux en Chine, pr\u00e9vus du 18 au 28 f\u00e9vrier 2021, viennent d&rsquo;\u00eatre annul\u00e9s, il faudra saisir toutes les opportunit\u00e9s pour remporter au moins un titre cette saison. De plus, la Fran\u00e7aise aura pour objectif de commencer sa pr\u00e9paration pour les Jeux Olympiques de P\u00e9kin qui arriveront dans un peu plus d&rsquo;un an. <em>\u00ab J&rsquo;essaie de ne pas trop me prendre la t\u00eate. Je vais faire comme d&rsquo;habitude \u00bb<\/em> disait-elle \u00e0 nos confr\u00e8res de <a href=\"https:\/\/www.ladepeche.fr\/2020\/12\/04\/perrine-laffont-remet-les-compteurs-a-zero-9237286.php\" target=\"_blank\" rel=\"noopener noreferrer\"><em>La D\u00e9p\u00eache<\/em><\/a>, sans doute la recette du succ\u00e8s pour <strong>Perrine Laffont<\/strong>.<\/p>\n<blockquote class=\"twitter-tweet\">\n<p dir=\"ltr\" lang=\"fr\">\u00c7a vous donne envie ? &#x1f60f; <a href=\"https:\/\/t.co\/nX57T5L29q\">pic.twitter.com\/nX57T5L29q<\/a><\/p>\n<p>\u2014 Perrine Laffont (@LaffontPerrine) <a href=\"https:\/\/twitter.com\/LaffontPerrine\/status\/1334153526717669376?ref_src=twsrc%5Etfw\">December 2, 2020<\/a><\/p><\/blockquote>\n<p><script async src=\"https:\/\/platform.twitter.com\/widgets.js\" charset=\"utf-8\"><\/script><\/p>\n<p><strong><em>Tanguy Le Jeune<br \/>\n<a href=\"https:\/\/twitter.com\/LeJeuneT_\"><img loading=\"lazy\" decoding=\"async\" class=\"alignnone wp-image-2908\" src=\"http:\/\/dicodusport.fr\/blog\/wp-content\/uploads\/2017\/07\/logo-twitter.png\" alt=\"\" width=\"38\" height=\"38\" \/><\/a><a href=\"https:\/\/www.instagram.com\/tanguyljn_\/\"><img loading=\"lazy\" decoding=\"async\" class=\"alignnone wp-image-3709\" src=\"https:\/\/dicodusport.fr\/blog\/wp-content\/uploads\/2017\/08\/signature-instagram.png\" alt=\"\" width=\"38\" height=\"38\" srcset=\"https:\/\/dicodusport.fr\/blog\/wp-content\/uploads\/2017\/08\/signature-instagram.png 283w, https:\/\/dicodusport.fr\/blog\/wp-content\/uploads\/2017\/08\/signature-instagram-150x150.png 150w\" sizes=\"auto, (max-width: 38px) 100vw, 38px\" \/><\/a><\/em><\/strong><\/p>\n","protected":false},"excerpt":{"rendered":"<p>SKI ACROBATIQUE &#8211; La Pyr\u00e9n\u00e9enne Perrine Laffont va entamer, ce samedi, sa 6\u00e8me saison de Coupe du monde. D\u00e9j\u00e0 double laur\u00e9ate en titre du gros globe de Cristal, elle rechaussera les chaussures et les skis d\u00e8s ce week-end \u00e0 Ruka en Finlande pour la premi\u00e8re \u00e9tape de cette Coupe du Monde. Alors, que faut-il attendre de la Fran\u00e7aise cette saison ?<\/p>\n","protected":false},"author":46,"featured_media":91492,"comment_status":"open","ping_status":"closed","sticky":false,"template":"","format":"standard","meta":{"_acf_changed":false,"_daextam_enable_autolinks":"","footnotes":""},"categories":[9217],"tags":[3262,2688,3263,24],"class_list":["post-91460","post","type-post","status-publish","format-standard","has-post-thumbnail","hentry","category-ski","tag-perrine-laffont","tag-ski-acrobatique","tag-ski-de-bosses","tag-sport"],"acf":[],"yoast_head":"<!-- This site is optimized with the Yoast SEO Premium plugin v26.7 (Yoast SEO v26.7) - https:\/\/yoast.com\/wordpress\/plugins\/seo\/ -->\n<title>Ski acrobatique : Jamais deux sans trois pour Perrine Laffont ?<\/title>\n<meta name=\"description\" content=\"SKI ACROBATIQUE - La Pyr\u00e9n\u00e9enne Perrine Laffont va entamer, ce samedi, sa 6\u00e8me saison de Coupe du monde.\" \/>\n<meta name=\"robots\" content=\"index, follow, max-snippet:-1, max-image-preview:large, max-video-preview:-1\" \/>\n<link rel=\"canonical\" href=\"https:\/\/dicodusport.fr\/blog\/ski-acrobatique-jamais-deux-sans-trois-pour-perrine-laffont\/\" \/>\n<meta property=\"og:locale\" content=\"fr_FR\" \/>\n<meta property=\"og:type\" content=\"article\" \/>\n<meta property=\"og:title\" content=\"Ski acrobatique : Jamais deux sans trois pour Perrine Laffont ?\" \/>\n<meta property=\"og:description\" content=\"SKI ACROBATIQUE - La Pyr\u00e9n\u00e9enne Perrine Laffont va entamer, ce samedi, sa 6\u00e8me saison de Coupe du monde.\" \/>\n<meta property=\"og:url\" content=\"https:\/\/dicodusport.fr\/blog\/ski-acrobatique-jamais-deux-sans-trois-pour-perrine-laffont\/\" \/>\n<meta property=\"og:site_name\" content=\"Dicodusport\" \/>\n<meta property=\"article:publisher\" content=\"https:\/\/www.facebook.com\/dicodusport\" \/>\n<meta property=\"article:published_time\" content=\"2020-12-04T17:12:57+00:00\" \/>\n<meta property=\"article:modified_time\" content=\"2020-12-04T20:43:32+00:00\" \/>\n<meta property=\"og:image\" content=\"https:\/\/dicodusport.fr\/blog\/wp-content\/uploads\/2020\/12\/Ski-acrobatique-Jamais-deux-sans-trois-pour-Perrine-Laffont.png\" \/>\n\t<meta property=\"og:image:width\" content=\"800\" \/>\n\t<meta property=\"og:image:height\" content=\"445\" \/>\n\t<meta property=\"og:image:type\" content=\"image\/png\" \/>\n<meta name=\"author\" content=\"Tanguy Le Jeune\" \/>\n<meta name=\"twitter:card\" content=\"summary_large_image\" \/>\n<meta name=\"twitter:title\" content=\"Ski acrobatique : Jamais deux sans trois pour Perrine Laffont ?\" \/>\n<meta name=\"twitter:creator\" content=\"@https:\/\/twitter.com\/LeJeuneT_\" \/>\n<meta name=\"twitter:site\" content=\"@dicodusport\" \/>\n<script type=\"application\/ld+json\" class=\"yoast-schema-graph\">{\"@context\":\"https:\/\/schema.org\",\"@graph\":[{\"@type\":\"NewsArticle\",\"@id\":\"https:\/\/dicodusport.fr\/blog\/ski-acrobatique-jamais-deux-sans-trois-pour-perrine-laffont\/#article\",\"isPartOf\":{\"@id\":\"https:\/\/dicodusport.fr\/blog\/ski-acrobatique-jamais-deux-sans-trois-pour-perrine-laffont\/\"},\"author\":{\"name\":\"Tanguy Le Jeune\",\"@id\":\"https:\/\/dicodusport.fr\/blog\/#\/schema\/person\/37ea0f6075559930024fec7c0f79e8f2\"},\"headline\":\"Ski acrobatique : Jamais deux sans trois pour Perrine Laffont ?\",\"datePublished\":\"2020-12-04T17:12:57+00:00\",\"dateModified\":\"2020-12-04T20:43:32+00:00\",\"mainEntityOfPage\":{\"@id\":\"https:\/\/dicodusport.fr\/blog\/ski-acrobatique-jamais-deux-sans-trois-pour-perrine-laffont\/\"},\"wordCount\":475,\"commentCount\":0,\"publisher\":{\"@id\":\"https:\/\/dicodusport.fr\/blog\/#organization\"},\"image\":{\"@id\":\"https:\/\/dicodusport.fr\/blog\/ski-acrobatique-jamais-deux-sans-trois-pour-perrine-laffont\/#primaryimage\"},\"thumbnailUrl\":\"https:\/\/dicodusport.fr\/blog\/wp-content\/uploads\/2020\/12\/Ski-acrobatique-Jamais-deux-sans-trois-pour-Perrine-Laffont.png\",\"keywords\":[\"Perrine Laffont\",\"ski acrobatique\",\"ski de bosses\",\"sport\"],\"articleSection\":[\"Ski\"],\"inLanguage\":\"fr-FR\",\"potentialAction\":[{\"@type\":\"CommentAction\",\"name\":\"Comment\",\"target\":[\"https:\/\/dicodusport.fr\/blog\/ski-acrobatique-jamais-deux-sans-trois-pour-perrine-laffont\/#respond\"]}],\"copyrightYear\":\"2020\",\"copyrightHolder\":{\"@id\":\"https:\/\/dicodusport.fr\/blog\/#organization\"}},{\"@type\":\"WebPage\",\"@id\":\"https:\/\/dicodusport.fr\/blog\/ski-acrobatique-jamais-deux-sans-trois-pour-perrine-laffont\/\",\"url\":\"https:\/\/dicodusport.fr\/blog\/ski-acrobatique-jamais-deux-sans-trois-pour-perrine-laffont\/\",\"name\":\"Ski acrobatique : Jamais deux sans trois pour Perrine Laffont ?\",\"isPartOf\":{\"@id\":\"https:\/\/dicodusport.fr\/blog\/#website\"},\"primaryImageOfPage\":{\"@id\":\"https:\/\/dicodusport.fr\/blog\/ski-acrobatique-jamais-deux-sans-trois-pour-perrine-laffont\/#primaryimage\"},\"image\":{\"@id\":\"https:\/\/dicodusport.fr\/blog\/ski-acrobatique-jamais-deux-sans-trois-pour-perrine-laffont\/#primaryimage\"},\"thumbnailUrl\":\"https:\/\/dicodusport.fr\/blog\/wp-content\/uploads\/2020\/12\/Ski-acrobatique-Jamais-deux-sans-trois-pour-Perrine-Laffont.png\",\"datePublished\":\"2020-12-04T17:12:57+00:00\",\"dateModified\":\"2020-12-04T20:43:32+00:00\",\"description\":\"SKI ACROBATIQUE - La Pyr\u00e9n\u00e9enne Perrine Laffont va entamer, ce samedi, sa 6\u00e8me saison de Coupe du monde.\",\"breadcrumb\":{\"@id\":\"https:\/\/dicodusport.fr\/blog\/ski-acrobatique-jamais-deux-sans-trois-pour-perrine-laffont\/#breadcrumb\"},\"inLanguage\":\"fr-FR\",\"potentialAction\":[{\"@type\":\"ReadAction\",\"target\":[\"https:\/\/dicodusport.fr\/blog\/ski-acrobatique-jamais-deux-sans-trois-pour-perrine-laffont\/\"]}]},{\"@type\":\"ImageObject\",\"inLanguage\":\"fr-FR\",\"@id\":\"https:\/\/dicodusport.fr\/blog\/ski-acrobatique-jamais-deux-sans-trois-pour-perrine-laffont\/#primaryimage\",\"url\":\"https:\/\/dicodusport.fr\/blog\/wp-content\/uploads\/2020\/12\/Ski-acrobatique-Jamais-deux-sans-trois-pour-Perrine-Laffont.png\",\"contentUrl\":\"https:\/\/dicodusport.fr\/blog\/wp-content\/uploads\/2020\/12\/Ski-acrobatique-Jamais-deux-sans-trois-pour-Perrine-Laffont.png\",\"width\":800,\"height\":445,\"caption\":\"Ski acrobatique : Jamais deux sans trois pour Perrine Laffont ?\"},{\"@type\":\"BreadcrumbList\",\"@id\":\"https:\/\/dicodusport.fr\/blog\/ski-acrobatique-jamais-deux-sans-trois-pour-perrine-laffont\/#breadcrumb\",\"itemListElement\":[{\"@type\":\"ListItem\",\"position\":1,\"name\":\"Accueil\",\"item\":\"https:\/\/dicodusport.fr\/blog\/\"},{\"@type\":\"ListItem\",\"position\":2,\"name\":\"Ski acrobatique : Jamais deux sans trois pour Perrine Laffont ?\"}]},{\"@type\":\"WebSite\",\"@id\":\"https:\/\/dicodusport.fr\/blog\/#website\",\"url\":\"https:\/\/dicodusport.fr\/blog\/\",\"name\":\"Dicodusport\",\"description\":\"L&#039;encyclop\u00e9die de l&#039;actualit\u00e9 sportive\",\"publisher\":{\"@id\":\"https:\/\/dicodusport.fr\/blog\/#organization\"},\"potentialAction\":[{\"@type\":\"SearchAction\",\"target\":{\"@type\":\"EntryPoint\",\"urlTemplate\":\"https:\/\/dicodusport.fr\/blog\/?s={search_term_string}\"},\"query-input\":{\"@type\":\"PropertyValueSpecification\",\"valueRequired\":true,\"valueName\":\"search_term_string\"}}],\"inLanguage\":\"fr-FR\"},{\"@type\":\"NewsMediaOrganization\",\"@id\":\"https:\/\/dicodusport.fr\/blog\/#organization\",\"name\":\"Dicodusport\",\"url\":\"https:\/\/dicodusport.fr\/blog\/\",\"logo\":{\"@type\":\"ImageObject\",\"inLanguage\":\"fr-FR\",\"@id\":\"https:\/\/dicodusport.fr\/blog\/#\/schema\/logo\/image\/\",\"url\":\"https:\/\/dicodusport.fr\/blog\/wp-content\/uploads\/2020\/06\/cropped-LOGO-DICODUSPORT-2020-SANS-FOND-SANS-TEXTE.png\",\"contentUrl\":\"https:\/\/dicodusport.fr\/blog\/wp-content\/uploads\/2020\/06\/cropped-LOGO-DICODUSPORT-2020-SANS-FOND-SANS-TEXTE.png\",\"width\":512,\"height\":512,\"caption\":\"Dicodusport\"},\"image\":{\"@id\":\"https:\/\/dicodusport.fr\/blog\/#\/schema\/logo\/image\/\"},\"sameAs\":[\"https:\/\/www.facebook.com\/dicodusport\",\"https:\/\/x.com\/dicodusport\",\"https:\/\/www.instagram.com\/dicodusport\/\",\"https:\/\/www.youtube.com\/channel\/UC7V2KZ5sd3htJivAbA4ZG3w\"],\"description\":\"Dicodusport est l'encyclop\u00e9die de l'actualit\u00e9 sportive.\",\"email\":\"bonjour@dicodusport.fr\",\"legalName\":\"DICODUSPORT\",\"foundingDate\":\"2018-01-14\",\"vatID\":\"FR71834470973\",\"taxID\":\"83447097300043\",\"numberOfEmployees\":{\"@type\":\"QuantitativeValue\",\"minValue\":\"1\",\"maxValue\":\"10\"}},{\"@type\":\"Person\",\"@id\":\"https:\/\/dicodusport.fr\/blog\/#\/schema\/person\/37ea0f6075559930024fec7c0f79e8f2\",\"name\":\"Tanguy Le Jeune\",\"image\":{\"@type\":\"ImageObject\",\"inLanguage\":\"fr-FR\",\"@id\":\"https:\/\/dicodusport.fr\/blog\/#\/schema\/person\/image\/\",\"url\":\"https:\/\/dicodusport.fr\/blog\/wp-content\/uploads\/2021\/05\/Tanguy-Le-Jeune-150x150.jpg\",\"contentUrl\":\"https:\/\/dicodusport.fr\/blog\/wp-content\/uploads\/2021\/05\/Tanguy-Le-Jeune-150x150.jpg\",\"caption\":\"Tanguy Le Jeune\"},\"description\":\"Journaliste\/r\u00e9dacteur depuis novembre 2020 - Lionel Messi, Kobe Bryant, Lewis Hamilton. Quel rapport entre ces trois l\u00e9gendes ? Aucun, hormis leur statut de l\u00e9gende. Mais, pour moi, ces stars ont quelque chose en commun. Ce sont mes idoles, mes exemples et les grands cr\u00e9ateurs de ma passion pour le sport. Malgr\u00e9 mon cruel manque de talent pour pratiquer le sport au haut niveau, mon amour et ma passion me poussent, chaque jour, \u00e0 vous partager l\u2019actualit\u00e9 au travers de ce que je sais probablement faire le mieux : \u00e9crire.\",\"sameAs\":[\"https:\/\/www.instagram.com\/tanguyljn_\/\",\"https:\/\/x.com\/https:\/\/twitter.com\/LeJeuneT_\"],\"url\":\"https:\/\/dicodusport.fr\/blog\/author\/tanguylj\/\"}]}<\/script>\n<!-- \/ Yoast SEO Premium plugin. -->","yoast_head_json":{"title":"Ski acrobatique : Jamais deux sans trois pour Perrine Laffont ?","description":"SKI ACROBATIQUE - La Pyr\u00e9n\u00e9enne Perrine Laffont va entamer, ce samedi, sa 6\u00e8me saison de Coupe du monde.","robots":{"index":"index","follow":"follow","max-snippet":"max-snippet:-1","max-image-preview":"max-image-preview:large","max-video-preview":"max-video-preview:-1"},"canonical":"https:\/\/dicodusport.fr\/blog\/ski-acrobatique-jamais-deux-sans-trois-pour-perrine-laffont\/","og_locale":"fr_FR","og_type":"article","og_title":"Ski acrobatique : Jamais deux sans trois pour Perrine Laffont ?","og_description":"SKI ACROBATIQUE - La Pyr\u00e9n\u00e9enne Perrine Laffont va entamer, ce samedi, sa 6\u00e8me saison de Coupe du monde.","og_url":"https:\/\/dicodusport.fr\/blog\/ski-acrobatique-jamais-deux-sans-trois-pour-perrine-laffont\/","og_site_name":"Dicodusport","article_publisher":"https:\/\/www.facebook.com\/dicodusport","article_published_time":"2020-12-04T17:12:57+00:00","article_modified_time":"2020-12-04T20:43:32+00:00","og_image":[{"width":800,"height":445,"url":"https:\/\/dicodusport.fr\/blog\/wp-content\/uploads\/2020\/12\/Ski-acrobatique-Jamais-deux-sans-trois-pour-Perrine-Laffont.png","type":"image\/png"}],"author":"Tanguy Le Jeune","twitter_card":"summary_large_image","twitter_title":"Ski acrobatique : Jamais deux sans trois pour Perrine Laffont ?","twitter_creator":"@https:\/\/twitter.com\/LeJeuneT_","twitter_site":"@dicodusport","schema":{"@context":"https:\/\/schema.org","@graph":[{"@type":"NewsArticle","@id":"https:\/\/dicodusport.fr\/blog\/ski-acrobatique-jamais-deux-sans-trois-pour-perrine-laffont\/#article","isPartOf":{"@id":"https:\/\/dicodusport.fr\/blog\/ski-acrobatique-jamais-deux-sans-trois-pour-perrine-laffont\/"},"author":{"name":"Tanguy Le Jeune","@id":"https:\/\/dicodusport.fr\/blog\/#\/schema\/person\/37ea0f6075559930024fec7c0f79e8f2"},"headline":"Ski acrobatique : Jamais deux sans trois pour Perrine Laffont ?","datePublished":"2020-12-04T17:12:57+00:00","dateModified":"2020-12-04T20:43:32+00:00","mainEntityOfPage":{"@id":"https:\/\/dicodusport.fr\/blog\/ski-acrobatique-jamais-deux-sans-trois-pour-perrine-laffont\/"},"wordCount":475,"commentCount":0,"publisher":{"@id":"https:\/\/dicodusport.fr\/blog\/#organization"},"image":{"@id":"https:\/\/dicodusport.fr\/blog\/ski-acrobatique-jamais-deux-sans-trois-pour-perrine-laffont\/#primaryimage"},"thumbnailUrl":"https:\/\/dicodusport.fr\/blog\/wp-content\/uploads\/2020\/12\/Ski-acrobatique-Jamais-deux-sans-trois-pour-Perrine-Laffont.png","keywords":["Perrine Laffont","ski acrobatique","ski de bosses","sport"],"articleSection":["Ski"],"inLanguage":"fr-FR","potentialAction":[{"@type":"CommentAction","name":"Comment","target":["https:\/\/dicodusport.fr\/blog\/ski-acrobatique-jamais-deux-sans-trois-pour-perrine-laffont\/#respond"]}],"copyrightYear":"2020","copyrightHolder":{"@id":"https:\/\/dicodusport.fr\/blog\/#organization"}},{"@type":"WebPage","@id":"https:\/\/dicodusport.fr\/blog\/ski-acrobatique-jamais-deux-sans-trois-pour-perrine-laffont\/","url":"https:\/\/dicodusport.fr\/blog\/ski-acrobatique-jamais-deux-sans-trois-pour-perrine-laffont\/","name":"Ski acrobatique : Jamais deux sans trois pour Perrine Laffont ?","isPartOf":{"@id":"https:\/\/dicodusport.fr\/blog\/#website"},"primaryImageOfPage":{"@id":"https:\/\/dicodusport.fr\/blog\/ski-acrobatique-jamais-deux-sans-trois-pour-perrine-laffont\/#primaryimage"},"image":{"@id":"https:\/\/dicodusport.fr\/blog\/ski-acrobatique-jamais-deux-sans-trois-pour-perrine-laffont\/#primaryimage"},"thumbnailUrl":"https:\/\/dicodusport.fr\/blog\/wp-content\/uploads\/2020\/12\/Ski-acrobatique-Jamais-deux-sans-trois-pour-Perrine-Laffont.png","datePublished":"2020-12-04T17:12:57+00:00","dateModified":"2020-12-04T20:43:32+00:00","description":"SKI ACROBATIQUE - La Pyr\u00e9n\u00e9enne Perrine Laffont va entamer, ce samedi, sa 6\u00e8me saison de Coupe du monde.","breadcrumb":{"@id":"https:\/\/dicodusport.fr\/blog\/ski-acrobatique-jamais-deux-sans-trois-pour-perrine-laffont\/#breadcrumb"},"inLanguage":"fr-FR","potentialAction":[{"@type":"ReadAction","target":["https:\/\/dicodusport.fr\/blog\/ski-acrobatique-jamais-deux-sans-trois-pour-perrine-laffont\/"]}]},{"@type":"ImageObject","inLanguage":"fr-FR","@id":"https:\/\/dicodusport.fr\/blog\/ski-acrobatique-jamais-deux-sans-trois-pour-perrine-laffont\/#primaryimage","url":"https:\/\/dicodusport.fr\/blog\/wp-content\/uploads\/2020\/12\/Ski-acrobatique-Jamais-deux-sans-trois-pour-Perrine-Laffont.png","contentUrl":"https:\/\/dicodusport.fr\/blog\/wp-content\/uploads\/2020\/12\/Ski-acrobatique-Jamais-deux-sans-trois-pour-Perrine-Laffont.png","width":800,"height":445,"caption":"Ski acrobatique : Jamais deux sans trois pour Perrine Laffont ?"},{"@type":"BreadcrumbList","@id":"https:\/\/dicodusport.fr\/blog\/ski-acrobatique-jamais-deux-sans-trois-pour-perrine-laffont\/#breadcrumb","itemListElement":[{"@type":"ListItem","position":1,"name":"Accueil","item":"https:\/\/dicodusport.fr\/blog\/"},{"@type":"ListItem","position":2,"name":"Ski acrobatique : Jamais deux sans trois pour Perrine Laffont ?"}]},{"@type":"WebSite","@id":"https:\/\/dicodusport.fr\/blog\/#website","url":"https:\/\/dicodusport.fr\/blog\/","name":"Dicodusport","description":"L&#039;encyclop\u00e9die de l&#039;actualit\u00e9 sportive","publisher":{"@id":"https:\/\/dicodusport.fr\/blog\/#organization"},"potentialAction":[{"@type":"SearchAction","target":{"@type":"EntryPoint","urlTemplate":"https:\/\/dicodusport.fr\/blog\/?s={search_term_string}"},"query-input":{"@type":"PropertyValueSpecification","valueRequired":true,"valueName":"search_term_string"}}],"inLanguage":"fr-FR"},{"@type":"NewsMediaOrganization","@id":"https:\/\/dicodusport.fr\/blog\/#organization","name":"Dicodusport","url":"https:\/\/dicodusport.fr\/blog\/","logo":{"@type":"ImageObject","inLanguage":"fr-FR","@id":"https:\/\/dicodusport.fr\/blog\/#\/schema\/logo\/image\/","url":"https:\/\/dicodusport.fr\/blog\/wp-content\/uploads\/2020\/06\/cropped-LOGO-DICODUSPORT-2020-SANS-FOND-SANS-TEXTE.png","contentUrl":"https:\/\/dicodusport.fr\/blog\/wp-content\/uploads\/2020\/06\/cropped-LOGO-DICODUSPORT-2020-SANS-FOND-SANS-TEXTE.png","width":512,"height":512,"caption":"Dicodusport"},"image":{"@id":"https:\/\/dicodusport.fr\/blog\/#\/schema\/logo\/image\/"},"sameAs":["https:\/\/www.facebook.com\/dicodusport","https:\/\/x.com\/dicodusport","https:\/\/www.instagram.com\/dicodusport\/","https:\/\/www.youtube.com\/channel\/UC7V2KZ5sd3htJivAbA4ZG3w"],"description":"Dicodusport est l'encyclop\u00e9die de l'actualit\u00e9 sportive.","email":"bonjour@dicodusport.fr","legalName":"DICODUSPORT","foundingDate":"2018-01-14","vatID":"FR71834470973","taxID":"83447097300043","numberOfEmployees":{"@type":"QuantitativeValue","minValue":"1","maxValue":"10"}},{"@type":"Person","@id":"https:\/\/dicodusport.fr\/blog\/#\/schema\/person\/37ea0f6075559930024fec7c0f79e8f2","name":"Tanguy Le Jeune","image":{"@type":"ImageObject","inLanguage":"fr-FR","@id":"https:\/\/dicodusport.fr\/blog\/#\/schema\/person\/image\/","url":"https:\/\/dicodusport.fr\/blog\/wp-content\/uploads\/2021\/05\/Tanguy-Le-Jeune-150x150.jpg","contentUrl":"https:\/\/dicodusport.fr\/blog\/wp-content\/uploads\/2021\/05\/Tanguy-Le-Jeune-150x150.jpg","caption":"Tanguy Le Jeune"},"description":"Journaliste\/r\u00e9dacteur depuis novembre 2020 - Lionel Messi, Kobe Bryant, Lewis Hamilton. Quel rapport entre ces trois l\u00e9gendes ? Aucun, hormis leur statut de l\u00e9gende. Mais, pour moi, ces stars ont quelque chose en commun. Ce sont mes idoles, mes exemples et les grands cr\u00e9ateurs de ma passion pour le sport. Malgr\u00e9 mon cruel manque de talent pour pratiquer le sport au haut niveau, mon amour et ma passion me poussent, chaque jour, \u00e0 vous partager l\u2019actualit\u00e9 au travers de ce que je sais probablement faire le mieux : \u00e9crire.","sameAs":["https:\/\/www.instagram.com\/tanguyljn_\/","https:\/\/x.com\/https:\/\/twitter.com\/LeJeuneT_"],"url":"https:\/\/dicodusport.fr\/blog\/author\/tanguylj\/"}]}},"_links":{"self":[{"href":"https:\/\/dicodusport.fr\/blog\/wp-json\/wp\/v2\/posts\/91460","targetHints":{"allow":["GET"]}}],"collection":[{"href":"https:\/\/dicodusport.fr\/blog\/wp-json\/wp\/v2\/posts"}],"about":[{"href":"https:\/\/dicodusport.fr\/blog\/wp-json\/wp\/v2\/types\/post"}],"author":[{"embeddable":true,"href":"https:\/\/dicodusport.fr\/blog\/wp-json\/wp\/v2\/users\/46"}],"replies":[{"embeddable":true,"href":"https:\/\/dicodusport.fr\/blog\/wp-json\/wp\/v2\/comments?post=91460"}],"version-history":[{"count":0,"href":"https:\/\/dicodusport.fr\/blog\/wp-json\/wp\/v2\/posts\/91460\/revisions"}],"wp:featuredmedia":[{"embeddable":true,"href":"https:\/\/dicodusport.fr\/blog\/wp-json\/wp\/v2\/media\/91492"}],"wp:attachment":[{"href":"https:\/\/dicodusport.fr\/blog\/wp-json\/wp\/v2\/media?parent=91460"}],"wp:term":[{"taxonomy":"category","embeddable":true,"href":"https:\/\/dicodusport.fr\/blog\/wp-json\/wp\/v2\/categories?post=91460"},{"taxonomy":"post_tag","embeddable":true,"href":"https:\/\/dicodusport.fr\/blog\/wp-json\/wp\/v2\/tags?post=91460"}],"curies":[{"name":"wp","href":"https:\/\/api.w.org\/{rel}","templated":true}]}}