{"id":91660,"date":"2020-12-05T16:30:42","date_gmt":"2020-12-05T15:30:42","guid":{"rendered":"https:\/\/dicodusport.fr\/blog\/?p=91660&#038;preview=true&#038;preview_id=91660"},"modified":"2020-12-05T16:52:51","modified_gmt":"2020-12-05T15:52:51","slug":"biathlon-kontiolahti-france-deuxieme-relais-femmes-derriere-suede","status":"publish","type":"post","link":"https:\/\/dicodusport.fr\/blog\/biathlon-kontiolahti-france-deuxieme-relais-femmes-derriere-suede\/","title":{"rendered":"Kontiolahti : la France deuxi\u00e8me du relais femmes derri\u00e8re la Su\u00e8de"},"content":{"rendered":"<p style=\"text-align: justify;\"><strong><em><a href=\"https:\/\/dicodusport.fr\/blog\/biathlon-coupe-du-monde-programme-complet-de-kontiolahti\/\" target=\"_blank\" rel=\"noopener noreferrer\">BIATHLON &#8211; KONTIOLAHTI<\/a> &#8211; Au-dessus du lot depuis le d\u00e9but de la saison, les Su\u00e9doises ont remport\u00e9 ce samedi le relais femmes de Kontiolahti (Finlande). La France s&#8217;empare de la deuxi\u00e8me place, l&rsquo;Allemagne compl\u00e9tant le podium.<\/em><\/strong><\/p>\n<p style=\"text-align: justify;\">Deuxi\u00e8me podium du jour pour l&rsquo;<strong>\u00e9quipe de France de biathlon<\/strong> ! Apr\u00e8s <a href=\"https:\/\/dicodusport.fr\/blog\/biathlon-kontiolahti-fabien-claude-deuxieme-poursuite-derriere-sebastian-samuelsson\/\" target=\"_blank\" rel=\"noopener noreferrer\">la deuxi\u00e8me place de <strong>Fabien Claude<\/strong> sur la poursuite hommes<\/a>, les Bleues ont \u00e9galement pris la deuxi\u00e8me place du relais f\u00e9minin ce samedi apr\u00e8s-midi. <strong>Ana\u00efs Bescond<\/strong> (3 pioches), <strong>Ana\u00efs Chevalier-Bouchet<\/strong> (1 pioche), <strong>Chlo\u00e9 Chevalier<\/strong> (2 pioches) et <strong>Justine Braisaz-Chevalier<\/strong> (3 pioches) ont \u00e9t\u00e9 devanc\u00e9es par la Su\u00e8de (8 pioches en tout), emmen\u00e9e par <strong>les soeurs Oeberg<\/strong>, <strong>Skottheim<\/strong> et <strong>Brorsson<\/strong>. Le relais f\u00e9minin su\u00e9dois d\u00e9croche par ailleurs son premier succ\u00e8s depuis 10 ans, une \u00e9ternit\u00e9 !<\/p>\n<blockquote class=\"twitter-tweet\">\n<p dir=\"ltr\" lang=\"fr\">&#x1f44f;&#x1f1eb;&#x1f1f7; BRAVO aux Fran\u00e7aises pour cette magnifique 2e place du relais \u00e0 Kontiolahti, derri\u00e8re les Su\u00e9doises !<a href=\"https:\/\/twitter.com\/hashtag\/lequipeBIATHLON?src=hash&amp;ref_src=twsrc%5Etfw\">#lequipeBIATHLON<\/a> <a href=\"https:\/\/t.co\/8O6WOJO6Sv\">pic.twitter.com\/8O6WOJO6Sv<\/a><\/p>\n<p>\u2014 la chaine L&rsquo;\u00c9quipe (@lachainelequipe) <a href=\"https:\/\/twitter.com\/lachainelequipe\/status\/1335245955176787969?ref_src=twsrc%5Etfw\">December 5, 2020<\/a><\/p><\/blockquote>\n<p><script async src=\"https:\/\/platform.twitter.com\/widgets.js\" charset=\"utf-8\"><\/script><\/p>\n<h2 style=\"text-align: justify;\">Le dernier mot des Su\u00e9doises, la faillite norv\u00e9gienne<\/h2>\n<p style=\"text-align: justify;\">Tout s&rsquo;est finalement jou\u00e9 sur le dernier relais, et le tir debout lors duquel <strong>Hanna Oeberg<\/strong>, leader de la Coupe du monde, a pris le meilleur sur <strong>Justine Braisaz-Chevalier<\/strong> : la Su\u00e9doise ne piochait qu&rsquo;une seule fois, quand la Fran\u00e7aise devait en rentrer trois. Cette deuxi\u00e8me place reste n\u00e9anmoins positive en vue de la poursuite de ce dimanche. L&rsquo;Allemagne de <strong>Denise Herrmann<\/strong> compl\u00e8te le podium. \u00c0 noter que la Norv\u00e8ge est totalement pass\u00e9e \u00e0 c\u00f4t\u00e9 de sa course ce samedi, elle qui restait sur sept victoires de rang sur le relais f\u00e9minin : <strong>Knotten<\/strong> (une chute en d\u00e9but de course, <strong>Eckhoff<\/strong> (trois tours de p\u00e9nalit\u00e9), <strong>Tandrevold<\/strong> et <strong>Roeiseland<\/strong> se contentent de la 8\u00e8me place, \u00e0 plus de trois minutes de la Su\u00e8de.<\/p>\n<blockquote class=\"twitter-tweet\">\n<p dir=\"ltr\" lang=\"fr\">Joli tir debout de Justine Braisaz-Bouchet, qui va pouvoir aller chercher la 2e place du podium &#x1f44f;<a href=\"https:\/\/twitter.com\/hashtag\/lequipeBIATHLON?src=hash&amp;ref_src=twsrc%5Etfw\">#lequipeBIATHLON<\/a> <a href=\"https:\/\/t.co\/SLvV9ouLsE\">pic.twitter.com\/SLvV9ouLsE<\/a><\/p>\n<p>\u2014 la chaine L&rsquo;\u00c9quipe (@lachainelequipe) <a href=\"https:\/\/twitter.com\/lachainelequipe\/status\/1335244161612718084?ref_src=twsrc%5Etfw\">December 5, 2020<\/a><\/p><\/blockquote>\n<p><script async src=\"https:\/\/platform.twitter.com\/widgets.js\" charset=\"utf-8\"><\/script><\/p>\n<ul>\n<li style=\"text-align: justify;\"><strong>\u00c0 lire aussi &#8211; <a href=\"https:\/\/dicodusport.fr\/blog\/biathlon-kontiolahti-classement-relais-femmes\/\" target=\"_blank\" rel=\"noopener noreferrer\">Biathlon \u2013 Kontiolahti : le classement du relais femmes<\/a><\/strong><\/li>\n<\/ul>\n<p><strong><em>Dicodusport<br \/>\n<a href=\"https:\/\/www.facebook.com\/dicodusport\/\" target=\"_blank\" rel=\"noopener noreferrer\"><img loading=\"lazy\" decoding=\"async\" class=\"alignnone wp-image-2909\" src=\"http:\/\/dicodusport.fr\/blog\/wp-content\/uploads\/2017\/07\/logo-facebook-150x150.png\" alt=\"\" width=\"40\" height=\"40\" \/><\/a><a href=\"https:\/\/twitter.com\/dicodusport\" target=\"_blank\" rel=\"noopener noreferrer\"><img loading=\"lazy\" decoding=\"async\" class=\"alignnone wp-image-2908\" src=\"http:\/\/dicodusport.fr\/blog\/wp-content\/uploads\/2017\/07\/logo-twitter-150x150.png\" alt=\"\" width=\"39\" height=\"39\" \/><\/a><\/em><\/strong><\/p>\n","protected":false},"excerpt":{"rendered":"<p>BIATHLON &#8211; KONTIOLAHTI &#8211; Au-dessus du lot depuis le d\u00e9but de la saison, les Su\u00e9doises ont remport\u00e9 ce samedi le relais femmes de Kontiolahti (Finlande). La France s&#8217;empare de la deuxi\u00e8me place, l&rsquo;Allemagne compl\u00e9tant le podium.<\/p>\n","protected":false},"author":4,"featured_media":91670,"comment_status":"open","ping_status":"closed","sticky":false,"template":"","format":"standard","meta":{"_acf_changed":false,"_daextam_enable_autolinks":"","footnotes":""},"categories":[47040],"tags":[12759,10148,24],"class_list":["post-91660","post","type-post","status-publish","format-standard","has-post-thumbnail","hentry","category-coupe-du-monde-de-biathlon","tag-biathlon-kontiolahti","tag-kontiolahti","tag-sport"],"acf":[],"yoast_head":"<!-- This site is optimized with the Yoast SEO Premium plugin v26.7 (Yoast SEO v26.7) - https:\/\/yoast.com\/wordpress\/plugins\/seo\/ -->\n<title>Kontiolahti : la France deuxi\u00e8me du relais femmes derri\u00e8re la Su\u00e8de<\/title>\n<meta name=\"description\" content=\"BIATHLON - KONTIOLAHTI - Au-dessus du lot depuis le d\u00e9but de la saison, les Su\u00e9doises ont remport\u00e9 ce samedi le relais femmes de Kontiolahti (Finlande).\" \/>\n<meta name=\"robots\" content=\"index, follow, max-snippet:-1, max-image-preview:large, max-video-preview:-1\" \/>\n<link rel=\"canonical\" href=\"https:\/\/dicodusport.fr\/blog\/biathlon-kontiolahti-france-deuxieme-relais-femmes-derriere-suede\/\" \/>\n<meta property=\"og:locale\" content=\"fr_FR\" \/>\n<meta property=\"og:type\" content=\"article\" \/>\n<meta property=\"og:title\" content=\"Kontiolahti : la France deuxi\u00e8me du relais femmes derri\u00e8re la Su\u00e8de\" \/>\n<meta property=\"og:description\" content=\"BIATHLON - KONTIOLAHTI - Au-dessus du lot depuis le d\u00e9but de la saison, les Su\u00e9doises ont remport\u00e9 ce samedi le relais femmes de Kontiolahti (Finlande).\" \/>\n<meta property=\"og:url\" content=\"https:\/\/dicodusport.fr\/blog\/biathlon-kontiolahti-france-deuxieme-relais-femmes-derriere-suede\/\" \/>\n<meta property=\"og:site_name\" content=\"Dicodusport\" \/>\n<meta property=\"article:publisher\" content=\"https:\/\/www.facebook.com\/dicodusport\" \/>\n<meta property=\"article:author\" content=\"https:\/\/www.facebook.com\/florent.ostermann\" \/>\n<meta property=\"article:published_time\" content=\"2020-12-05T15:30:42+00:00\" \/>\n<meta property=\"article:modified_time\" content=\"2020-12-05T15:52:51+00:00\" \/>\n<meta property=\"og:image\" content=\"https:\/\/dicodusport.fr\/blog\/wp-content\/uploads\/2020\/12\/Kontiolahti-La-France-deuxi\u00e8me-du-relais-femmes-derri\u00e8re-la-Su\u00e8de-.png\" \/>\n\t<meta property=\"og:image:width\" content=\"800\" \/>\n\t<meta property=\"og:image:height\" content=\"445\" \/>\n\t<meta property=\"og:image:type\" content=\"image\/png\" \/>\n<meta name=\"author\" content=\"Flo Ostermann\" \/>\n<meta name=\"twitter:card\" content=\"summary_large_image\" \/>\n<meta name=\"twitter:title\" content=\"Kontiolahti : la France deuxi\u00e8me du relais femmes derri\u00e8re la Su\u00e8de\" \/>\n<meta name=\"twitter:creator\" content=\"@https:\/\/twitter.com\/FlOstermann\" \/>\n<meta name=\"twitter:site\" content=\"@dicodusport\" \/>\n<script type=\"application\/ld+json\" class=\"yoast-schema-graph\">{\"@context\":\"https:\/\/schema.org\",\"@graph\":[{\"@type\":\"NewsArticle\",\"@id\":\"https:\/\/dicodusport.fr\/blog\/biathlon-kontiolahti-france-deuxieme-relais-femmes-derriere-suede\/#article\",\"isPartOf\":{\"@id\":\"https:\/\/dicodusport.fr\/blog\/biathlon-kontiolahti-france-deuxieme-relais-femmes-derriere-suede\/\"},\"author\":{\"name\":\"Flo Ostermann\",\"@id\":\"https:\/\/dicodusport.fr\/blog\/#\/schema\/person\/cb02af4c173ce4a653b55e9baf388d4a\"},\"headline\":\"Kontiolahti : la France deuxi\u00e8me du relais femmes derri\u00e8re la Su\u00e8de\",\"datePublished\":\"2020-12-05T15:30:42+00:00\",\"dateModified\":\"2020-12-05T15:52:51+00:00\",\"mainEntityOfPage\":{\"@id\":\"https:\/\/dicodusport.fr\/blog\/biathlon-kontiolahti-france-deuxieme-relais-femmes-derriere-suede\/\"},\"wordCount\":373,\"commentCount\":0,\"publisher\":{\"@id\":\"https:\/\/dicodusport.fr\/blog\/#organization\"},\"image\":{\"@id\":\"https:\/\/dicodusport.fr\/blog\/biathlon-kontiolahti-france-deuxieme-relais-femmes-derriere-suede\/#primaryimage\"},\"thumbnailUrl\":\"https:\/\/dicodusport.fr\/blog\/wp-content\/uploads\/2020\/12\/Kontiolahti-La-France-deuxi\u00e8me-du-relais-femmes-derri\u00e8re-la-Su\u00e8de-.png\",\"keywords\":[\"Biathlon Kontiolahti\",\"Kontiolahti\",\"sport\"],\"articleSection\":[\"Coupe du monde de biathlon\"],\"inLanguage\":\"fr-FR\",\"potentialAction\":[{\"@type\":\"CommentAction\",\"name\":\"Comment\",\"target\":[\"https:\/\/dicodusport.fr\/blog\/biathlon-kontiolahti-france-deuxieme-relais-femmes-derriere-suede\/#respond\"]}],\"copyrightYear\":\"2020\",\"copyrightHolder\":{\"@id\":\"https:\/\/dicodusport.fr\/blog\/#organization\"}},{\"@type\":\"WebPage\",\"@id\":\"https:\/\/dicodusport.fr\/blog\/biathlon-kontiolahti-france-deuxieme-relais-femmes-derriere-suede\/\",\"url\":\"https:\/\/dicodusport.fr\/blog\/biathlon-kontiolahti-france-deuxieme-relais-femmes-derriere-suede\/\",\"name\":\"Kontiolahti : la France deuxi\u00e8me du relais femmes derri\u00e8re la Su\u00e8de\",\"isPartOf\":{\"@id\":\"https:\/\/dicodusport.fr\/blog\/#website\"},\"primaryImageOfPage\":{\"@id\":\"https:\/\/dicodusport.fr\/blog\/biathlon-kontiolahti-france-deuxieme-relais-femmes-derriere-suede\/#primaryimage\"},\"image\":{\"@id\":\"https:\/\/dicodusport.fr\/blog\/biathlon-kontiolahti-france-deuxieme-relais-femmes-derriere-suede\/#primaryimage\"},\"thumbnailUrl\":\"https:\/\/dicodusport.fr\/blog\/wp-content\/uploads\/2020\/12\/Kontiolahti-La-France-deuxi\u00e8me-du-relais-femmes-derri\u00e8re-la-Su\u00e8de-.png\",\"datePublished\":\"2020-12-05T15:30:42+00:00\",\"dateModified\":\"2020-12-05T15:52:51+00:00\",\"description\":\"BIATHLON - KONTIOLAHTI - Au-dessus du lot depuis le d\u00e9but de la saison, les Su\u00e9doises ont remport\u00e9 ce samedi le relais femmes de Kontiolahti (Finlande).\",\"breadcrumb\":{\"@id\":\"https:\/\/dicodusport.fr\/blog\/biathlon-kontiolahti-france-deuxieme-relais-femmes-derriere-suede\/#breadcrumb\"},\"inLanguage\":\"fr-FR\",\"potentialAction\":[{\"@type\":\"ReadAction\",\"target\":[\"https:\/\/dicodusport.fr\/blog\/biathlon-kontiolahti-france-deuxieme-relais-femmes-derriere-suede\/\"]}]},{\"@type\":\"ImageObject\",\"inLanguage\":\"fr-FR\",\"@id\":\"https:\/\/dicodusport.fr\/blog\/biathlon-kontiolahti-france-deuxieme-relais-femmes-derriere-suede\/#primaryimage\",\"url\":\"https:\/\/dicodusport.fr\/blog\/wp-content\/uploads\/2020\/12\/Kontiolahti-La-France-deuxi\u00e8me-du-relais-femmes-derri\u00e8re-la-Su\u00e8de-.png\",\"contentUrl\":\"https:\/\/dicodusport.fr\/blog\/wp-content\/uploads\/2020\/12\/Kontiolahti-La-France-deuxi\u00e8me-du-relais-femmes-derri\u00e8re-la-Su\u00e8de-.png\",\"width\":800,\"height\":445,\"caption\":\"Kontiolahti : la France deuxi\u00e8me du relais femmes derri\u00e8re la Su\u00e8de\"},{\"@type\":\"BreadcrumbList\",\"@id\":\"https:\/\/dicodusport.fr\/blog\/biathlon-kontiolahti-france-deuxieme-relais-femmes-derriere-suede\/#breadcrumb\",\"itemListElement\":[{\"@type\":\"ListItem\",\"position\":1,\"name\":\"Accueil\",\"item\":\"https:\/\/dicodusport.fr\/blog\/\"},{\"@type\":\"ListItem\",\"position\":2,\"name\":\"Kontiolahti : la France deuxi\u00e8me du relais femmes derri\u00e8re la Su\u00e8de\"}]},{\"@type\":\"WebSite\",\"@id\":\"https:\/\/dicodusport.fr\/blog\/#website\",\"url\":\"https:\/\/dicodusport.fr\/blog\/\",\"name\":\"Dicodusport\",\"description\":\"L&#039;encyclop\u00e9die de l&#039;actualit\u00e9 sportive\",\"publisher\":{\"@id\":\"https:\/\/dicodusport.fr\/blog\/#organization\"},\"potentialAction\":[{\"@type\":\"SearchAction\",\"target\":{\"@type\":\"EntryPoint\",\"urlTemplate\":\"https:\/\/dicodusport.fr\/blog\/?s={search_term_string}\"},\"query-input\":{\"@type\":\"PropertyValueSpecification\",\"valueRequired\":true,\"valueName\":\"search_term_string\"}}],\"inLanguage\":\"fr-FR\"},{\"@type\":\"NewsMediaOrganization\",\"@id\":\"https:\/\/dicodusport.fr\/blog\/#organization\",\"name\":\"Dicodusport\",\"url\":\"https:\/\/dicodusport.fr\/blog\/\",\"logo\":{\"@type\":\"ImageObject\",\"inLanguage\":\"fr-FR\",\"@id\":\"https:\/\/dicodusport.fr\/blog\/#\/schema\/logo\/image\/\",\"url\":\"https:\/\/dicodusport.fr\/blog\/wp-content\/uploads\/2020\/06\/cropped-LOGO-DICODUSPORT-2020-SANS-FOND-SANS-TEXTE.png\",\"contentUrl\":\"https:\/\/dicodusport.fr\/blog\/wp-content\/uploads\/2020\/06\/cropped-LOGO-DICODUSPORT-2020-SANS-FOND-SANS-TEXTE.png\",\"width\":512,\"height\":512,\"caption\":\"Dicodusport\"},\"image\":{\"@id\":\"https:\/\/dicodusport.fr\/blog\/#\/schema\/logo\/image\/\"},\"sameAs\":[\"https:\/\/www.facebook.com\/dicodusport\",\"https:\/\/x.com\/dicodusport\",\"https:\/\/www.instagram.com\/dicodusport\/\",\"https:\/\/www.youtube.com\/channel\/UC7V2KZ5sd3htJivAbA4ZG3w\"],\"description\":\"Dicodusport est l'encyclop\u00e9die de l'actualit\u00e9 sportive.\",\"email\":\"bonjour@dicodusport.fr\",\"legalName\":\"DICODUSPORT\",\"foundingDate\":\"2018-01-14\",\"vatID\":\"FR71834470973\",\"taxID\":\"83447097300043\",\"numberOfEmployees\":{\"@type\":\"QuantitativeValue\",\"minValue\":\"1\",\"maxValue\":\"10\"}},{\"@type\":\"Person\",\"@id\":\"https:\/\/dicodusport.fr\/blog\/#\/schema\/person\/cb02af4c173ce4a653b55e9baf388d4a\",\"name\":\"Flo Ostermann\",\"image\":{\"@type\":\"ImageObject\",\"inLanguage\":\"fr-FR\",\"@id\":\"https:\/\/dicodusport.fr\/blog\/#\/schema\/person\/image\/\",\"url\":\"https:\/\/dicodusport.fr\/blog\/wp-content\/uploads\/2021\/05\/Flo-Ostermann-150x150.jpg\",\"contentUrl\":\"https:\/\/dicodusport.fr\/blog\/wp-content\/uploads\/2021\/05\/Flo-Ostermann-150x150.jpg\",\"caption\":\"Flo Ostermann\"},\"description\":\"Journaliste\/R\u00e9dacteur depuis septembre 2015 - Mes premiers souvenirs dans le sport ? Les envol\u00e9es du Stade Toulousain et les duels Villeneuve-Schumacher et H\u00e4kkinen-Schumacher \u00e0 la fin des ann\u00e9es 90, la Coupe du monde de football en 1998, l\u2019exploit du XV de France face aux All Blacks en 1999, mais aussi Richard C\u0153ur de Lion qui vole sur les montagnes du Tour de France. Bien parti pour devenir professeur d\u2019EPS, les \u00e9v\u00e9nements de la vie (et la flemme d\u2019animer des s\u00e9ances de 3x500 m\u00e8tres toute ma vie) m\u2019ont conduit \u00e0 revoir mes plans. Me voil\u00e0 depuis fin 2017 sur Dicodusport, m\u00e9dia gr\u00e2ce (et pour) lequel je partage ma passion : le sport dans tous ses \u00e9tats. Le tout accompagn\u00e9 par les fous furieux et folles furieuses cit\u00e9s sur cette page !\",\"sameAs\":[\"https:\/\/www.facebook.com\/florent.ostermann\",\"https:\/\/x.com\/https:\/\/twitter.com\/FlOstermann\",\"admin\"],\"url\":\"https:\/\/dicodusport.fr\/blog\/author\/flo\/\"}]}<\/script>\n<!-- \/ Yoast SEO Premium plugin. -->","yoast_head_json":{"title":"Kontiolahti : la France deuxi\u00e8me du relais femmes derri\u00e8re la Su\u00e8de","description":"BIATHLON - KONTIOLAHTI - Au-dessus du lot depuis le d\u00e9but de la saison, les Su\u00e9doises ont remport\u00e9 ce samedi le relais femmes de Kontiolahti (Finlande).","robots":{"index":"index","follow":"follow","max-snippet":"max-snippet:-1","max-image-preview":"max-image-preview:large","max-video-preview":"max-video-preview:-1"},"canonical":"https:\/\/dicodusport.fr\/blog\/biathlon-kontiolahti-france-deuxieme-relais-femmes-derriere-suede\/","og_locale":"fr_FR","og_type":"article","og_title":"Kontiolahti : la France deuxi\u00e8me du relais femmes derri\u00e8re la Su\u00e8de","og_description":"BIATHLON - KONTIOLAHTI - Au-dessus du lot depuis le d\u00e9but de la saison, les Su\u00e9doises ont remport\u00e9 ce samedi le relais femmes de Kontiolahti (Finlande).","og_url":"https:\/\/dicodusport.fr\/blog\/biathlon-kontiolahti-france-deuxieme-relais-femmes-derriere-suede\/","og_site_name":"Dicodusport","article_publisher":"https:\/\/www.facebook.com\/dicodusport","article_author":"https:\/\/www.facebook.com\/florent.ostermann","article_published_time":"2020-12-05T15:30:42+00:00","article_modified_time":"2020-12-05T15:52:51+00:00","og_image":[{"width":800,"height":445,"url":"https:\/\/dicodusport.fr\/blog\/wp-content\/uploads\/2020\/12\/Kontiolahti-La-France-deuxi\u00e8me-du-relais-femmes-derri\u00e8re-la-Su\u00e8de-.png","type":"image\/png"}],"author":"Flo Ostermann","twitter_card":"summary_large_image","twitter_title":"Kontiolahti : la France deuxi\u00e8me du relais femmes derri\u00e8re la Su\u00e8de","twitter_creator":"@https:\/\/twitter.com\/FlOstermann","twitter_site":"@dicodusport","schema":{"@context":"https:\/\/schema.org","@graph":[{"@type":"NewsArticle","@id":"https:\/\/dicodusport.fr\/blog\/biathlon-kontiolahti-france-deuxieme-relais-femmes-derriere-suede\/#article","isPartOf":{"@id":"https:\/\/dicodusport.fr\/blog\/biathlon-kontiolahti-france-deuxieme-relais-femmes-derriere-suede\/"},"author":{"name":"Flo Ostermann","@id":"https:\/\/dicodusport.fr\/blog\/#\/schema\/person\/cb02af4c173ce4a653b55e9baf388d4a"},"headline":"Kontiolahti : la France deuxi\u00e8me du relais femmes derri\u00e8re la Su\u00e8de","datePublished":"2020-12-05T15:30:42+00:00","dateModified":"2020-12-05T15:52:51+00:00","mainEntityOfPage":{"@id":"https:\/\/dicodusport.fr\/blog\/biathlon-kontiolahti-france-deuxieme-relais-femmes-derriere-suede\/"},"wordCount":373,"commentCount":0,"publisher":{"@id":"https:\/\/dicodusport.fr\/blog\/#organization"},"image":{"@id":"https:\/\/dicodusport.fr\/blog\/biathlon-kontiolahti-france-deuxieme-relais-femmes-derriere-suede\/#primaryimage"},"thumbnailUrl":"https:\/\/dicodusport.fr\/blog\/wp-content\/uploads\/2020\/12\/Kontiolahti-La-France-deuxi\u00e8me-du-relais-femmes-derri\u00e8re-la-Su\u00e8de-.png","keywords":["Biathlon Kontiolahti","Kontiolahti","sport"],"articleSection":["Coupe du monde de biathlon"],"inLanguage":"fr-FR","potentialAction":[{"@type":"CommentAction","name":"Comment","target":["https:\/\/dicodusport.fr\/blog\/biathlon-kontiolahti-france-deuxieme-relais-femmes-derriere-suede\/#respond"]}],"copyrightYear":"2020","copyrightHolder":{"@id":"https:\/\/dicodusport.fr\/blog\/#organization"}},{"@type":"WebPage","@id":"https:\/\/dicodusport.fr\/blog\/biathlon-kontiolahti-france-deuxieme-relais-femmes-derriere-suede\/","url":"https:\/\/dicodusport.fr\/blog\/biathlon-kontiolahti-france-deuxieme-relais-femmes-derriere-suede\/","name":"Kontiolahti : la France deuxi\u00e8me du relais femmes derri\u00e8re la Su\u00e8de","isPartOf":{"@id":"https:\/\/dicodusport.fr\/blog\/#website"},"primaryImageOfPage":{"@id":"https:\/\/dicodusport.fr\/blog\/biathlon-kontiolahti-france-deuxieme-relais-femmes-derriere-suede\/#primaryimage"},"image":{"@id":"https:\/\/dicodusport.fr\/blog\/biathlon-kontiolahti-france-deuxieme-relais-femmes-derriere-suede\/#primaryimage"},"thumbnailUrl":"https:\/\/dicodusport.fr\/blog\/wp-content\/uploads\/2020\/12\/Kontiolahti-La-France-deuxi\u00e8me-du-relais-femmes-derri\u00e8re-la-Su\u00e8de-.png","datePublished":"2020-12-05T15:30:42+00:00","dateModified":"2020-12-05T15:52:51+00:00","description":"BIATHLON - KONTIOLAHTI - Au-dessus du lot depuis le d\u00e9but de la saison, les Su\u00e9doises ont remport\u00e9 ce samedi le relais femmes de Kontiolahti (Finlande).","breadcrumb":{"@id":"https:\/\/dicodusport.fr\/blog\/biathlon-kontiolahti-france-deuxieme-relais-femmes-derriere-suede\/#breadcrumb"},"inLanguage":"fr-FR","potentialAction":[{"@type":"ReadAction","target":["https:\/\/dicodusport.fr\/blog\/biathlon-kontiolahti-france-deuxieme-relais-femmes-derriere-suede\/"]}]},{"@type":"ImageObject","inLanguage":"fr-FR","@id":"https:\/\/dicodusport.fr\/blog\/biathlon-kontiolahti-france-deuxieme-relais-femmes-derriere-suede\/#primaryimage","url":"https:\/\/dicodusport.fr\/blog\/wp-content\/uploads\/2020\/12\/Kontiolahti-La-France-deuxi\u00e8me-du-relais-femmes-derri\u00e8re-la-Su\u00e8de-.png","contentUrl":"https:\/\/dicodusport.fr\/blog\/wp-content\/uploads\/2020\/12\/Kontiolahti-La-France-deuxi\u00e8me-du-relais-femmes-derri\u00e8re-la-Su\u00e8de-.png","width":800,"height":445,"caption":"Kontiolahti : la France deuxi\u00e8me du relais femmes derri\u00e8re la Su\u00e8de"},{"@type":"BreadcrumbList","@id":"https:\/\/dicodusport.fr\/blog\/biathlon-kontiolahti-france-deuxieme-relais-femmes-derriere-suede\/#breadcrumb","itemListElement":[{"@type":"ListItem","position":1,"name":"Accueil","item":"https:\/\/dicodusport.fr\/blog\/"},{"@type":"ListItem","position":2,"name":"Kontiolahti : la France deuxi\u00e8me du relais femmes derri\u00e8re la Su\u00e8de"}]},{"@type":"WebSite","@id":"https:\/\/dicodusport.fr\/blog\/#website","url":"https:\/\/dicodusport.fr\/blog\/","name":"Dicodusport","description":"L&#039;encyclop\u00e9die de l&#039;actualit\u00e9 sportive","publisher":{"@id":"https:\/\/dicodusport.fr\/blog\/#organization"},"potentialAction":[{"@type":"SearchAction","target":{"@type":"EntryPoint","urlTemplate":"https:\/\/dicodusport.fr\/blog\/?s={search_term_string}"},"query-input":{"@type":"PropertyValueSpecification","valueRequired":true,"valueName":"search_term_string"}}],"inLanguage":"fr-FR"},{"@type":"NewsMediaOrganization","@id":"https:\/\/dicodusport.fr\/blog\/#organization","name":"Dicodusport","url":"https:\/\/dicodusport.fr\/blog\/","logo":{"@type":"ImageObject","inLanguage":"fr-FR","@id":"https:\/\/dicodusport.fr\/blog\/#\/schema\/logo\/image\/","url":"https:\/\/dicodusport.fr\/blog\/wp-content\/uploads\/2020\/06\/cropped-LOGO-DICODUSPORT-2020-SANS-FOND-SANS-TEXTE.png","contentUrl":"https:\/\/dicodusport.fr\/blog\/wp-content\/uploads\/2020\/06\/cropped-LOGO-DICODUSPORT-2020-SANS-FOND-SANS-TEXTE.png","width":512,"height":512,"caption":"Dicodusport"},"image":{"@id":"https:\/\/dicodusport.fr\/blog\/#\/schema\/logo\/image\/"},"sameAs":["https:\/\/www.facebook.com\/dicodusport","https:\/\/x.com\/dicodusport","https:\/\/www.instagram.com\/dicodusport\/","https:\/\/www.youtube.com\/channel\/UC7V2KZ5sd3htJivAbA4ZG3w"],"description":"Dicodusport est l'encyclop\u00e9die de l'actualit\u00e9 sportive.","email":"bonjour@dicodusport.fr","legalName":"DICODUSPORT","foundingDate":"2018-01-14","vatID":"FR71834470973","taxID":"83447097300043","numberOfEmployees":{"@type":"QuantitativeValue","minValue":"1","maxValue":"10"}},{"@type":"Person","@id":"https:\/\/dicodusport.fr\/blog\/#\/schema\/person\/cb02af4c173ce4a653b55e9baf388d4a","name":"Flo Ostermann","image":{"@type":"ImageObject","inLanguage":"fr-FR","@id":"https:\/\/dicodusport.fr\/blog\/#\/schema\/person\/image\/","url":"https:\/\/dicodusport.fr\/blog\/wp-content\/uploads\/2021\/05\/Flo-Ostermann-150x150.jpg","contentUrl":"https:\/\/dicodusport.fr\/blog\/wp-content\/uploads\/2021\/05\/Flo-Ostermann-150x150.jpg","caption":"Flo Ostermann"},"description":"Journaliste\/R\u00e9dacteur depuis septembre 2015 - Mes premiers souvenirs dans le sport ? Les envol\u00e9es du Stade Toulousain et les duels Villeneuve-Schumacher et H\u00e4kkinen-Schumacher \u00e0 la fin des ann\u00e9es 90, la Coupe du monde de football en 1998, l\u2019exploit du XV de France face aux All Blacks en 1999, mais aussi Richard C\u0153ur de Lion qui vole sur les montagnes du Tour de France. Bien parti pour devenir professeur d\u2019EPS, les \u00e9v\u00e9nements de la vie (et la flemme d\u2019animer des s\u00e9ances de 3x500 m\u00e8tres toute ma vie) m\u2019ont conduit \u00e0 revoir mes plans. Me voil\u00e0 depuis fin 2017 sur Dicodusport, m\u00e9dia gr\u00e2ce (et pour) lequel je partage ma passion : le sport dans tous ses \u00e9tats. Le tout accompagn\u00e9 par les fous furieux et folles furieuses cit\u00e9s sur cette page !","sameAs":["https:\/\/www.facebook.com\/florent.ostermann","https:\/\/x.com\/https:\/\/twitter.com\/FlOstermann","admin"],"url":"https:\/\/dicodusport.fr\/blog\/author\/flo\/"}]}},"_links":{"self":[{"href":"https:\/\/dicodusport.fr\/blog\/wp-json\/wp\/v2\/posts\/91660","targetHints":{"allow":["GET"]}}],"collection":[{"href":"https:\/\/dicodusport.fr\/blog\/wp-json\/wp\/v2\/posts"}],"about":[{"href":"https:\/\/dicodusport.fr\/blog\/wp-json\/wp\/v2\/types\/post"}],"author":[{"embeddable":true,"href":"https:\/\/dicodusport.fr\/blog\/wp-json\/wp\/v2\/users\/4"}],"replies":[{"embeddable":true,"href":"https:\/\/dicodusport.fr\/blog\/wp-json\/wp\/v2\/comments?post=91660"}],"version-history":[{"count":0,"href":"https:\/\/dicodusport.fr\/blog\/wp-json\/wp\/v2\/posts\/91660\/revisions"}],"wp:featuredmedia":[{"embeddable":true,"href":"https:\/\/dicodusport.fr\/blog\/wp-json\/wp\/v2\/media\/91670"}],"wp:attachment":[{"href":"https:\/\/dicodusport.fr\/blog\/wp-json\/wp\/v2\/media?parent=91660"}],"wp:term":[{"taxonomy":"category","embeddable":true,"href":"https:\/\/dicodusport.fr\/blog\/wp-json\/wp\/v2\/categories?post=91660"},{"taxonomy":"post_tag","embeddable":true,"href":"https:\/\/dicodusport.fr\/blog\/wp-json\/wp\/v2\/tags?post=91660"}],"curies":[{"name":"wp","href":"https:\/\/api.w.org\/{rel}","templated":true}]}}