{"id":91785,"date":"2020-12-06T08:59:07","date_gmt":"2020-12-06T07:59:07","guid":{"rendered":"https:\/\/dicodusport.fr\/blog\/?p=91785&#038;preview=true&#038;preview_id=91785"},"modified":"2025-08-24T13:37:26","modified_gmt":"2025-08-24T11:37:26","slug":"vendee-globe-kevin-escoffier-recupere-par-la-marine-nationale","status":"publish","type":"post","link":"https:\/\/dicodusport.fr\/blog\/vendee-globe-kevin-escoffier-recupere-par-la-marine-nationale\/","title":{"rendered":"Vend\u00e9e Globe : Kevin Escoffier a \u00e9t\u00e9 r\u00e9cup\u00e9r\u00e9 par la Marine Nationale"},"content":{"rendered":"<p style=\"text-align: justify;\"><strong><em><a href=\"https:\/\/dicodusport.fr\/blog\/actualites\/voile\/vendee-globe-2020\/\">Vend\u00e9e Globe 2020 &#8211;<\/a> Dans le bateau de Jean Le Cam (Yes We Cam!) <a href=\"https:\/\/dicodusport.fr\/blog\/vendee-globe-sauvetage-de-kevin-escoffier-retour-sur-la-chronologie-des-evenements\/\">depuis son sauvetage h\u00e9ro\u00efque mardi<\/a>, Kevin Escoffier (PRB) a finalement rejoint un navire de la Marine Nationale ce dimanche matin. Le Niv\u00f4se, fr\u00e9gate positionn\u00e9e aux alentours des \u00eeles Kerguelen, a r\u00e9cup\u00e9r\u00e9 le skipper fran\u00e7ais \u00e0 3h15, heure fran\u00e7aise. Jean Le Cam, <a href=\"https:\/\/dicodusport.fr\/blog\/vendee-globe-2020-classement-course\/\">sixi\u00e8me du classement<\/a>, a lui repris sa route.<\/em><\/strong><\/p>\n<p style=\"text-align: justify;\">En d\u00e9but de semaine,<strong> Kevin Escoffier<\/strong> avait \u00e9t\u00e9 forc\u00e9 \u00e0 abandonner son monocoque suite \u00e0 une grosse avarie. Celle-ci avait cass\u00e9 son bateau en deux en plein Atlantique Sud. La terre la plus proche se situant \u00e0 des centaines de kilom\u00e8tres, les personnes les plus \u00e0 m\u00eame de le secourir \u00e9taient ses concurrents skippers. Quatre d&rsquo;entre eux ont \u00e9t\u00e9 d\u00e9rout\u00e9s pour le sauver. En attendant leur arriv\u00e9e, Kevin Escoffier a \u00e9t\u00e9<strong> livr\u00e9 \u00e0 lui-m\u00eame sur son radeau de survie pendant plus de onze heures<\/strong>. C&rsquo;est finalement Jean Le Cam qui l&rsquo;avait rep\u00each\u00e9 en pleine nuit.<\/p>\n<h2>Une premi\u00e8re exp\u00e9rience<\/h2>\n<p style=\"text-align: justify;\">\u00c0 40 ans, <strong>Kevin Escoffier participait \u00e0 son premier Vend\u00e9e Globe.<\/strong> C&rsquo;\u00e9tait aussi son premier tour du monde en solitaire. Il a particip\u00e9 \u00e0 trois tours du monde en \u00e9quipage, deux sur la Volvo Ocean Race (troisi\u00e8me place en 2015, victoire en 2018) ainsi qu&rsquo;un sans escale sur le Troph\u00e9e Jules-Verne (victoire en 2012) . Son bateau, PRB, a \u00e9t\u00e9 repris en 2019 \u00e0 Vincent Riou, qui est pass\u00e9 sur un autre projet apr\u00e8s plus de quinze ann\u00e9es dessus. Il a pass\u00e9 tout ce Vend\u00e9e Globe 2020 dans le groupe de t\u00eate, ne descendant jamais en dessous de la douzi\u00e8me place. <strong>Au moment de <a href=\"https:\/\/dicodusport.fr\/blog\/vendee-globe-balise-de-detresse-pour-kevin-escoffier-troisieme-de-la-course\/\">son abandon<\/a>, il \u00e9tait troisi\u00e8me.<\/strong><\/p>\n<blockquote class=\"twitter-tweet\">\n<p dir=\"ltr\" lang=\"fr\">&#x1f44b; \u00ab Bisous ma caille, merci ! \u00bb<\/p>\n<p>Beaucoup d&rsquo;\u00e9motion pour Kevin au moment de quitter <a href=\"https:\/\/twitter.com\/JeanLecam?ref_src=twsrc%5Etfw\">@JeanLecam<\/a> pour se jeter \u00e0 l&rsquo;eau et rejoindre le semi-rigide de la <a href=\"https:\/\/twitter.com\/MarineNationale?ref_src=twsrc%5Etfw\">@MarineNationale<\/a>.<\/p>\n<p>Merci pour tout Jean et bon vent &#x1f9e1;<a href=\"https:\/\/twitter.com\/hashtag\/VG2020?src=hash&amp;ref_src=twsrc%5Etfw\">#VG2020<\/a> <a href=\"https:\/\/twitter.com\/hashtag\/YesWeCAM?src=hash&amp;ref_src=twsrc%5Etfw\">#YesWeCAM<\/a> <a href=\"https:\/\/twitter.com\/VendeeGlobe?ref_src=twsrc%5Etfw\">@VendeeGlobe<\/a> <a href=\"https:\/\/twitter.com\/ImocaGS?ref_src=twsrc%5Etfw\">@ImocaGS<\/a> <a href=\"https:\/\/t.co\/rqCA0ZTK50\">pic.twitter.com\/rqCA0ZTK50<\/a><\/p>\n<p>\u2014 Kevin Escoffier &#8211; Skipper PRB (@KevinEscoffier) <a href=\"https:\/\/twitter.com\/KevinEscoffier\/status\/1335486736248528903?ref_src=twsrc%5Etfw\">December 6, 2020<\/a><\/p><\/blockquote>\n<p><script async src=\"https:\/\/platform.twitter.com\/widgets.js\" charset=\"utf-8\"><\/script><br \/>\n<em><strong>Tom Compayrot<\/strong><br \/>\n<\/em><a href=\"https:\/\/twitter.com\/tom_cprt?lang=fr\" target=\"_blank\" rel=\"noopener noreferrer\"><img loading=\"lazy\" decoding=\"async\" class=\"alignnone wp-image-2908\" src=\"http:\/\/dicodusport.fr\/blog\/wp-content\/uploads\/2017\/07\/logo-twitter-150x150.png\" alt=\"\" width=\"39\" height=\"39\" \/><\/a><\/p>\n","protected":false},"excerpt":{"rendered":"<p>Le Niv\u00f4se, fr\u00e9gate positionn\u00e9e aux alentours des \u00eeles Kerguelen, a r\u00e9cup\u00e9r\u00e9 Kevin Escoffier ce dimanche matin \u00e0 3h15, heure fran\u00e7aise.<\/p>\n","protected":false},"author":13,"featured_media":91789,"comment_status":"open","ping_status":"closed","sticky":false,"template":"","format":"standard","meta":{"_acf_changed":false,"_daextam_enable_autolinks":"","footnotes":""},"categories":[9184],"tags":[3094,526],"class_list":["post-91785","post","type-post","status-publish","format-standard","has-post-thumbnail","hentry","category-voile","tag-vendee-globe","tag-voile"],"acf":[],"yoast_head":"<!-- This site is optimized with the Yoast SEO Premium plugin v26.7 (Yoast SEO v26.7) - https:\/\/yoast.com\/wordpress\/plugins\/seo\/ -->\n<title>Vend\u00e9e Globe : Kevin Escoffier a \u00e9t\u00e9 r\u00e9cup\u00e9r\u00e9 par la Marine Nationale<\/title>\n<meta name=\"description\" content=\"Le Niv\u00f4se, fr\u00e9gate positionn\u00e9e aux alentours des \u00eeles Kerguelen, a r\u00e9cup\u00e9r\u00e9 Kevin Escoffier ce dimanche matin \u00e0 3h15, heure fran\u00e7aise.\" \/>\n<meta name=\"robots\" content=\"index, follow, max-snippet:-1, max-image-preview:large, max-video-preview:-1\" \/>\n<link rel=\"canonical\" href=\"https:\/\/dicodusport.fr\/blog\/vendee-globe-kevin-escoffier-recupere-par-la-marine-nationale\/\" \/>\n<meta property=\"og:locale\" content=\"fr_FR\" \/>\n<meta property=\"og:type\" content=\"article\" \/>\n<meta property=\"og:title\" content=\"Vend\u00e9e Globe : Kevin Escoffier a \u00e9t\u00e9 r\u00e9cup\u00e9r\u00e9 par la Marine Nationale\" \/>\n<meta property=\"og:description\" content=\"Le Niv\u00f4se, fr\u00e9gate positionn\u00e9e aux alentours des \u00eeles Kerguelen, a r\u00e9cup\u00e9r\u00e9 Kevin Escoffier ce dimanche matin \u00e0 3h15, heure fran\u00e7aise.\" \/>\n<meta property=\"og:url\" content=\"https:\/\/dicodusport.fr\/blog\/vendee-globe-kevin-escoffier-recupere-par-la-marine-nationale\/\" \/>\n<meta property=\"og:site_name\" content=\"Dicodusport\" \/>\n<meta property=\"article:publisher\" content=\"https:\/\/www.facebook.com\/dicodusport\" \/>\n<meta property=\"article:published_time\" content=\"2020-12-06T07:59:07+00:00\" \/>\n<meta property=\"article:modified_time\" content=\"2025-08-24T11:37:26+00:00\" \/>\n<meta property=\"og:image\" content=\"https:\/\/dicodusport.fr\/blog\/wp-content\/uploads\/2020\/12\/Kevin-Escoffier-a-\u00e9t\u00e9-r\u00e9cup\u00e9r\u00e9-par-le-Nivose-au-niveau-des-Iles-Kerguelen.png\" \/>\n\t<meta property=\"og:image:width\" content=\"800\" \/>\n\t<meta property=\"og:image:height\" content=\"445\" \/>\n\t<meta property=\"og:image:type\" content=\"image\/png\" \/>\n<meta name=\"author\" content=\"Tom Compayrot\" \/>\n<meta name=\"twitter:card\" content=\"summary_large_image\" \/>\n<meta name=\"twitter:title\" content=\"Vend\u00e9e Globe : Kevin Escoffier a \u00e9t\u00e9 r\u00e9cup\u00e9r\u00e9 par la Marine Nationale\" \/>\n<meta name=\"twitter:creator\" content=\"@https:\/\/twitter.com\/Tom_Cprt\" \/>\n<meta name=\"twitter:site\" content=\"@dicodusport\" \/>\n<script type=\"application\/ld+json\" class=\"yoast-schema-graph\">{\"@context\":\"https:\/\/schema.org\",\"@graph\":[{\"@type\":\"NewsArticle\",\"@id\":\"https:\/\/dicodusport.fr\/blog\/vendee-globe-kevin-escoffier-recupere-par-la-marine-nationale\/#article\",\"isPartOf\":{\"@id\":\"https:\/\/dicodusport.fr\/blog\/vendee-globe-kevin-escoffier-recupere-par-la-marine-nationale\/\"},\"author\":{\"name\":\"Tom Compayrot\",\"@id\":\"https:\/\/dicodusport.fr\/blog\/#\/schema\/person\/bf1e4f404e108bd2be5b447b16bde9a7\"},\"headline\":\"Vend\u00e9e Globe : Kevin Escoffier a \u00e9t\u00e9 r\u00e9cup\u00e9r\u00e9 par la Marine Nationale\",\"datePublished\":\"2020-12-06T07:59:07+00:00\",\"dateModified\":\"2025-08-24T11:37:26+00:00\",\"mainEntityOfPage\":{\"@id\":\"https:\/\/dicodusport.fr\/blog\/vendee-globe-kevin-escoffier-recupere-par-la-marine-nationale\/\"},\"wordCount\":358,\"commentCount\":0,\"publisher\":{\"@id\":\"https:\/\/dicodusport.fr\/blog\/#organization\"},\"image\":{\"@id\":\"https:\/\/dicodusport.fr\/blog\/vendee-globe-kevin-escoffier-recupere-par-la-marine-nationale\/#primaryimage\"},\"thumbnailUrl\":\"https:\/\/dicodusport.fr\/blog\/wp-content\/uploads\/2020\/12\/Kevin-Escoffier-a-\u00e9t\u00e9-r\u00e9cup\u00e9r\u00e9-par-le-Nivose-au-niveau-des-Iles-Kerguelen.png\",\"keywords\":[\"Vend\u00e9e Globe\",\"Voile\"],\"articleSection\":[\"Voile\"],\"inLanguage\":\"fr-FR\",\"potentialAction\":[{\"@type\":\"CommentAction\",\"name\":\"Comment\",\"target\":[\"https:\/\/dicodusport.fr\/blog\/vendee-globe-kevin-escoffier-recupere-par-la-marine-nationale\/#respond\"]}],\"copyrightYear\":\"2020\",\"copyrightHolder\":{\"@id\":\"https:\/\/dicodusport.fr\/blog\/#organization\"}},{\"@type\":\"WebPage\",\"@id\":\"https:\/\/dicodusport.fr\/blog\/vendee-globe-kevin-escoffier-recupere-par-la-marine-nationale\/\",\"url\":\"https:\/\/dicodusport.fr\/blog\/vendee-globe-kevin-escoffier-recupere-par-la-marine-nationale\/\",\"name\":\"Vend\u00e9e Globe : Kevin Escoffier a \u00e9t\u00e9 r\u00e9cup\u00e9r\u00e9 par la Marine Nationale\",\"isPartOf\":{\"@id\":\"https:\/\/dicodusport.fr\/blog\/#website\"},\"primaryImageOfPage\":{\"@id\":\"https:\/\/dicodusport.fr\/blog\/vendee-globe-kevin-escoffier-recupere-par-la-marine-nationale\/#primaryimage\"},\"image\":{\"@id\":\"https:\/\/dicodusport.fr\/blog\/vendee-globe-kevin-escoffier-recupere-par-la-marine-nationale\/#primaryimage\"},\"thumbnailUrl\":\"https:\/\/dicodusport.fr\/blog\/wp-content\/uploads\/2020\/12\/Kevin-Escoffier-a-\u00e9t\u00e9-r\u00e9cup\u00e9r\u00e9-par-le-Nivose-au-niveau-des-Iles-Kerguelen.png\",\"datePublished\":\"2020-12-06T07:59:07+00:00\",\"dateModified\":\"2025-08-24T11:37:26+00:00\",\"description\":\"Le Niv\u00f4se, fr\u00e9gate positionn\u00e9e aux alentours des \u00eeles Kerguelen, a r\u00e9cup\u00e9r\u00e9 Kevin Escoffier ce dimanche matin \u00e0 3h15, heure fran\u00e7aise.\",\"breadcrumb\":{\"@id\":\"https:\/\/dicodusport.fr\/blog\/vendee-globe-kevin-escoffier-recupere-par-la-marine-nationale\/#breadcrumb\"},\"inLanguage\":\"fr-FR\",\"potentialAction\":[{\"@type\":\"ReadAction\",\"target\":[\"https:\/\/dicodusport.fr\/blog\/vendee-globe-kevin-escoffier-recupere-par-la-marine-nationale\/\"]}]},{\"@type\":\"ImageObject\",\"inLanguage\":\"fr-FR\",\"@id\":\"https:\/\/dicodusport.fr\/blog\/vendee-globe-kevin-escoffier-recupere-par-la-marine-nationale\/#primaryimage\",\"url\":\"https:\/\/dicodusport.fr\/blog\/wp-content\/uploads\/2020\/12\/Kevin-Escoffier-a-\u00e9t\u00e9-r\u00e9cup\u00e9r\u00e9-par-le-Nivose-au-niveau-des-Iles-Kerguelen.png\",\"contentUrl\":\"https:\/\/dicodusport.fr\/blog\/wp-content\/uploads\/2020\/12\/Kevin-Escoffier-a-\u00e9t\u00e9-r\u00e9cup\u00e9r\u00e9-par-le-Nivose-au-niveau-des-Iles-Kerguelen.png\",\"width\":800,\"height\":445},{\"@type\":\"BreadcrumbList\",\"@id\":\"https:\/\/dicodusport.fr\/blog\/vendee-globe-kevin-escoffier-recupere-par-la-marine-nationale\/#breadcrumb\",\"itemListElement\":[{\"@type\":\"ListItem\",\"position\":1,\"name\":\"Accueil\",\"item\":\"https:\/\/dicodusport.fr\/blog\/\"},{\"@type\":\"ListItem\",\"position\":2,\"name\":\"Vend\u00e9e Globe : Kevin Escoffier a \u00e9t\u00e9 r\u00e9cup\u00e9r\u00e9 par la Marine Nationale\"}]},{\"@type\":\"WebSite\",\"@id\":\"https:\/\/dicodusport.fr\/blog\/#website\",\"url\":\"https:\/\/dicodusport.fr\/blog\/\",\"name\":\"Dicodusport\",\"description\":\"L&#039;encyclop\u00e9die de l&#039;actualit\u00e9 sportive\",\"publisher\":{\"@id\":\"https:\/\/dicodusport.fr\/blog\/#organization\"},\"potentialAction\":[{\"@type\":\"SearchAction\",\"target\":{\"@type\":\"EntryPoint\",\"urlTemplate\":\"https:\/\/dicodusport.fr\/blog\/?s={search_term_string}\"},\"query-input\":{\"@type\":\"PropertyValueSpecification\",\"valueRequired\":true,\"valueName\":\"search_term_string\"}}],\"inLanguage\":\"fr-FR\"},{\"@type\":\"NewsMediaOrganization\",\"@id\":\"https:\/\/dicodusport.fr\/blog\/#organization\",\"name\":\"Dicodusport\",\"url\":\"https:\/\/dicodusport.fr\/blog\/\",\"logo\":{\"@type\":\"ImageObject\",\"inLanguage\":\"fr-FR\",\"@id\":\"https:\/\/dicodusport.fr\/blog\/#\/schema\/logo\/image\/\",\"url\":\"https:\/\/dicodusport.fr\/blog\/wp-content\/uploads\/2020\/06\/cropped-LOGO-DICODUSPORT-2020-SANS-FOND-SANS-TEXTE.png\",\"contentUrl\":\"https:\/\/dicodusport.fr\/blog\/wp-content\/uploads\/2020\/06\/cropped-LOGO-DICODUSPORT-2020-SANS-FOND-SANS-TEXTE.png\",\"width\":512,\"height\":512,\"caption\":\"Dicodusport\"},\"image\":{\"@id\":\"https:\/\/dicodusport.fr\/blog\/#\/schema\/logo\/image\/\"},\"sameAs\":[\"https:\/\/www.facebook.com\/dicodusport\",\"https:\/\/x.com\/dicodusport\",\"https:\/\/www.instagram.com\/dicodusport\/\",\"https:\/\/www.youtube.com\/channel\/UC7V2KZ5sd3htJivAbA4ZG3w\"],\"description\":\"Dicodusport est l'encyclop\u00e9die de l'actualit\u00e9 sportive.\",\"email\":\"bonjour@dicodusport.fr\",\"legalName\":\"DICODUSPORT\",\"foundingDate\":\"2018-01-14\",\"vatID\":\"FR71834470973\",\"taxID\":\"83447097300043\",\"numberOfEmployees\":{\"@type\":\"QuantitativeValue\",\"minValue\":\"1\",\"maxValue\":\"10\"}},{\"@type\":\"Person\",\"@id\":\"https:\/\/dicodusport.fr\/blog\/#\/schema\/person\/bf1e4f404e108bd2be5b447b16bde9a7\",\"name\":\"Tom Compayrot\",\"image\":{\"@type\":\"ImageObject\",\"inLanguage\":\"fr-FR\",\"@id\":\"https:\/\/dicodusport.fr\/blog\/#\/schema\/person\/image\/\",\"url\":\"https:\/\/dicodusport.fr\/blog\/wp-content\/uploads\/2021\/05\/Tom-Compayrot-150x150.jpg\",\"contentUrl\":\"https:\/\/dicodusport.fr\/blog\/wp-content\/uploads\/2021\/05\/Tom-Compayrot-150x150.jpg\",\"caption\":\"Tom Compayrot\"},\"description\":\"Journaliste\/r\u00e9dacteur depuis mars 2017 - Amoureux de la petite balle jaune et du gros ballon orange qui tra\u00eene sa carcasse sur Dicodusport depuis 2017. Rafael Nadal et LeBron James sont les meilleurs joueurs de l'histoire.\",\"sameAs\":[\"https:\/\/x.com\/https:\/\/twitter.com\/Tom_Cprt\"],\"url\":\"https:\/\/dicodusport.fr\/blog\/author\/tom\/\"}]}<\/script>\n<!-- \/ Yoast SEO Premium plugin. -->","yoast_head_json":{"title":"Vend\u00e9e Globe : Kevin Escoffier a \u00e9t\u00e9 r\u00e9cup\u00e9r\u00e9 par la Marine Nationale","description":"Le Niv\u00f4se, fr\u00e9gate positionn\u00e9e aux alentours des \u00eeles Kerguelen, a r\u00e9cup\u00e9r\u00e9 Kevin Escoffier ce dimanche matin \u00e0 3h15, heure fran\u00e7aise.","robots":{"index":"index","follow":"follow","max-snippet":"max-snippet:-1","max-image-preview":"max-image-preview:large","max-video-preview":"max-video-preview:-1"},"canonical":"https:\/\/dicodusport.fr\/blog\/vendee-globe-kevin-escoffier-recupere-par-la-marine-nationale\/","og_locale":"fr_FR","og_type":"article","og_title":"Vend\u00e9e Globe : Kevin Escoffier a \u00e9t\u00e9 r\u00e9cup\u00e9r\u00e9 par la Marine Nationale","og_description":"Le Niv\u00f4se, fr\u00e9gate positionn\u00e9e aux alentours des \u00eeles Kerguelen, a r\u00e9cup\u00e9r\u00e9 Kevin Escoffier ce dimanche matin \u00e0 3h15, heure fran\u00e7aise.","og_url":"https:\/\/dicodusport.fr\/blog\/vendee-globe-kevin-escoffier-recupere-par-la-marine-nationale\/","og_site_name":"Dicodusport","article_publisher":"https:\/\/www.facebook.com\/dicodusport","article_published_time":"2020-12-06T07:59:07+00:00","article_modified_time":"2025-08-24T11:37:26+00:00","og_image":[{"width":800,"height":445,"url":"https:\/\/dicodusport.fr\/blog\/wp-content\/uploads\/2020\/12\/Kevin-Escoffier-a-\u00e9t\u00e9-r\u00e9cup\u00e9r\u00e9-par-le-Nivose-au-niveau-des-Iles-Kerguelen.png","type":"image\/png"}],"author":"Tom Compayrot","twitter_card":"summary_large_image","twitter_title":"Vend\u00e9e Globe : Kevin Escoffier a \u00e9t\u00e9 r\u00e9cup\u00e9r\u00e9 par la Marine Nationale","twitter_creator":"@https:\/\/twitter.com\/Tom_Cprt","twitter_site":"@dicodusport","schema":{"@context":"https:\/\/schema.org","@graph":[{"@type":"NewsArticle","@id":"https:\/\/dicodusport.fr\/blog\/vendee-globe-kevin-escoffier-recupere-par-la-marine-nationale\/#article","isPartOf":{"@id":"https:\/\/dicodusport.fr\/blog\/vendee-globe-kevin-escoffier-recupere-par-la-marine-nationale\/"},"author":{"name":"Tom Compayrot","@id":"https:\/\/dicodusport.fr\/blog\/#\/schema\/person\/bf1e4f404e108bd2be5b447b16bde9a7"},"headline":"Vend\u00e9e Globe : Kevin Escoffier a \u00e9t\u00e9 r\u00e9cup\u00e9r\u00e9 par la Marine Nationale","datePublished":"2020-12-06T07:59:07+00:00","dateModified":"2025-08-24T11:37:26+00:00","mainEntityOfPage":{"@id":"https:\/\/dicodusport.fr\/blog\/vendee-globe-kevin-escoffier-recupere-par-la-marine-nationale\/"},"wordCount":358,"commentCount":0,"publisher":{"@id":"https:\/\/dicodusport.fr\/blog\/#organization"},"image":{"@id":"https:\/\/dicodusport.fr\/blog\/vendee-globe-kevin-escoffier-recupere-par-la-marine-nationale\/#primaryimage"},"thumbnailUrl":"https:\/\/dicodusport.fr\/blog\/wp-content\/uploads\/2020\/12\/Kevin-Escoffier-a-\u00e9t\u00e9-r\u00e9cup\u00e9r\u00e9-par-le-Nivose-au-niveau-des-Iles-Kerguelen.png","keywords":["Vend\u00e9e Globe","Voile"],"articleSection":["Voile"],"inLanguage":"fr-FR","potentialAction":[{"@type":"CommentAction","name":"Comment","target":["https:\/\/dicodusport.fr\/blog\/vendee-globe-kevin-escoffier-recupere-par-la-marine-nationale\/#respond"]}],"copyrightYear":"2020","copyrightHolder":{"@id":"https:\/\/dicodusport.fr\/blog\/#organization"}},{"@type":"WebPage","@id":"https:\/\/dicodusport.fr\/blog\/vendee-globe-kevin-escoffier-recupere-par-la-marine-nationale\/","url":"https:\/\/dicodusport.fr\/blog\/vendee-globe-kevin-escoffier-recupere-par-la-marine-nationale\/","name":"Vend\u00e9e Globe : Kevin Escoffier a \u00e9t\u00e9 r\u00e9cup\u00e9r\u00e9 par la Marine Nationale","isPartOf":{"@id":"https:\/\/dicodusport.fr\/blog\/#website"},"primaryImageOfPage":{"@id":"https:\/\/dicodusport.fr\/blog\/vendee-globe-kevin-escoffier-recupere-par-la-marine-nationale\/#primaryimage"},"image":{"@id":"https:\/\/dicodusport.fr\/blog\/vendee-globe-kevin-escoffier-recupere-par-la-marine-nationale\/#primaryimage"},"thumbnailUrl":"https:\/\/dicodusport.fr\/blog\/wp-content\/uploads\/2020\/12\/Kevin-Escoffier-a-\u00e9t\u00e9-r\u00e9cup\u00e9r\u00e9-par-le-Nivose-au-niveau-des-Iles-Kerguelen.png","datePublished":"2020-12-06T07:59:07+00:00","dateModified":"2025-08-24T11:37:26+00:00","description":"Le Niv\u00f4se, fr\u00e9gate positionn\u00e9e aux alentours des \u00eeles Kerguelen, a r\u00e9cup\u00e9r\u00e9 Kevin Escoffier ce dimanche matin \u00e0 3h15, heure fran\u00e7aise.","breadcrumb":{"@id":"https:\/\/dicodusport.fr\/blog\/vendee-globe-kevin-escoffier-recupere-par-la-marine-nationale\/#breadcrumb"},"inLanguage":"fr-FR","potentialAction":[{"@type":"ReadAction","target":["https:\/\/dicodusport.fr\/blog\/vendee-globe-kevin-escoffier-recupere-par-la-marine-nationale\/"]}]},{"@type":"ImageObject","inLanguage":"fr-FR","@id":"https:\/\/dicodusport.fr\/blog\/vendee-globe-kevin-escoffier-recupere-par-la-marine-nationale\/#primaryimage","url":"https:\/\/dicodusport.fr\/blog\/wp-content\/uploads\/2020\/12\/Kevin-Escoffier-a-\u00e9t\u00e9-r\u00e9cup\u00e9r\u00e9-par-le-Nivose-au-niveau-des-Iles-Kerguelen.png","contentUrl":"https:\/\/dicodusport.fr\/blog\/wp-content\/uploads\/2020\/12\/Kevin-Escoffier-a-\u00e9t\u00e9-r\u00e9cup\u00e9r\u00e9-par-le-Nivose-au-niveau-des-Iles-Kerguelen.png","width":800,"height":445},{"@type":"BreadcrumbList","@id":"https:\/\/dicodusport.fr\/blog\/vendee-globe-kevin-escoffier-recupere-par-la-marine-nationale\/#breadcrumb","itemListElement":[{"@type":"ListItem","position":1,"name":"Accueil","item":"https:\/\/dicodusport.fr\/blog\/"},{"@type":"ListItem","position":2,"name":"Vend\u00e9e Globe : Kevin Escoffier a \u00e9t\u00e9 r\u00e9cup\u00e9r\u00e9 par la Marine Nationale"}]},{"@type":"WebSite","@id":"https:\/\/dicodusport.fr\/blog\/#website","url":"https:\/\/dicodusport.fr\/blog\/","name":"Dicodusport","description":"L&#039;encyclop\u00e9die de l&#039;actualit\u00e9 sportive","publisher":{"@id":"https:\/\/dicodusport.fr\/blog\/#organization"},"potentialAction":[{"@type":"SearchAction","target":{"@type":"EntryPoint","urlTemplate":"https:\/\/dicodusport.fr\/blog\/?s={search_term_string}"},"query-input":{"@type":"PropertyValueSpecification","valueRequired":true,"valueName":"search_term_string"}}],"inLanguage":"fr-FR"},{"@type":"NewsMediaOrganization","@id":"https:\/\/dicodusport.fr\/blog\/#organization","name":"Dicodusport","url":"https:\/\/dicodusport.fr\/blog\/","logo":{"@type":"ImageObject","inLanguage":"fr-FR","@id":"https:\/\/dicodusport.fr\/blog\/#\/schema\/logo\/image\/","url":"https:\/\/dicodusport.fr\/blog\/wp-content\/uploads\/2020\/06\/cropped-LOGO-DICODUSPORT-2020-SANS-FOND-SANS-TEXTE.png","contentUrl":"https:\/\/dicodusport.fr\/blog\/wp-content\/uploads\/2020\/06\/cropped-LOGO-DICODUSPORT-2020-SANS-FOND-SANS-TEXTE.png","width":512,"height":512,"caption":"Dicodusport"},"image":{"@id":"https:\/\/dicodusport.fr\/blog\/#\/schema\/logo\/image\/"},"sameAs":["https:\/\/www.facebook.com\/dicodusport","https:\/\/x.com\/dicodusport","https:\/\/www.instagram.com\/dicodusport\/","https:\/\/www.youtube.com\/channel\/UC7V2KZ5sd3htJivAbA4ZG3w"],"description":"Dicodusport est l'encyclop\u00e9die de l'actualit\u00e9 sportive.","email":"bonjour@dicodusport.fr","legalName":"DICODUSPORT","foundingDate":"2018-01-14","vatID":"FR71834470973","taxID":"83447097300043","numberOfEmployees":{"@type":"QuantitativeValue","minValue":"1","maxValue":"10"}},{"@type":"Person","@id":"https:\/\/dicodusport.fr\/blog\/#\/schema\/person\/bf1e4f404e108bd2be5b447b16bde9a7","name":"Tom Compayrot","image":{"@type":"ImageObject","inLanguage":"fr-FR","@id":"https:\/\/dicodusport.fr\/blog\/#\/schema\/person\/image\/","url":"https:\/\/dicodusport.fr\/blog\/wp-content\/uploads\/2021\/05\/Tom-Compayrot-150x150.jpg","contentUrl":"https:\/\/dicodusport.fr\/blog\/wp-content\/uploads\/2021\/05\/Tom-Compayrot-150x150.jpg","caption":"Tom Compayrot"},"description":"Journaliste\/r\u00e9dacteur depuis mars 2017 - Amoureux de la petite balle jaune et du gros ballon orange qui tra\u00eene sa carcasse sur Dicodusport depuis 2017. Rafael Nadal et LeBron James sont les meilleurs joueurs de l'histoire.","sameAs":["https:\/\/x.com\/https:\/\/twitter.com\/Tom_Cprt"],"url":"https:\/\/dicodusport.fr\/blog\/author\/tom\/"}]}},"_links":{"self":[{"href":"https:\/\/dicodusport.fr\/blog\/wp-json\/wp\/v2\/posts\/91785","targetHints":{"allow":["GET"]}}],"collection":[{"href":"https:\/\/dicodusport.fr\/blog\/wp-json\/wp\/v2\/posts"}],"about":[{"href":"https:\/\/dicodusport.fr\/blog\/wp-json\/wp\/v2\/types\/post"}],"author":[{"embeddable":true,"href":"https:\/\/dicodusport.fr\/blog\/wp-json\/wp\/v2\/users\/13"}],"replies":[{"embeddable":true,"href":"https:\/\/dicodusport.fr\/blog\/wp-json\/wp\/v2\/comments?post=91785"}],"version-history":[{"count":1,"href":"https:\/\/dicodusport.fr\/blog\/wp-json\/wp\/v2\/posts\/91785\/revisions"}],"predecessor-version":[{"id":605132,"href":"https:\/\/dicodusport.fr\/blog\/wp-json\/wp\/v2\/posts\/91785\/revisions\/605132"}],"wp:featuredmedia":[{"embeddable":true,"href":"https:\/\/dicodusport.fr\/blog\/wp-json\/wp\/v2\/media\/91789"}],"wp:attachment":[{"href":"https:\/\/dicodusport.fr\/blog\/wp-json\/wp\/v2\/media?parent=91785"}],"wp:term":[{"taxonomy":"category","embeddable":true,"href":"https:\/\/dicodusport.fr\/blog\/wp-json\/wp\/v2\/categories?post=91785"},{"taxonomy":"post_tag","embeddable":true,"href":"https:\/\/dicodusport.fr\/blog\/wp-json\/wp\/v2\/tags?post=91785"}],"curies":[{"name":"wp","href":"https:\/\/api.w.org\/{rel}","templated":true}]}}