{"id":91838,"date":"2020-12-07T09:53:56","date_gmt":"2020-12-07T08:53:56","guid":{"rendered":"https:\/\/dicodusport.fr\/blog\/?p=91838"},"modified":"2020-12-07T10:56:24","modified_gmt":"2020-12-07T09:56:24","slug":"kontiolahti-ce-qu-il-faut-retenir-de-la-2e-etape-de-coupe-du-monde-de-biathlon","status":"publish","type":"post","link":"https:\/\/dicodusport.fr\/blog\/kontiolahti-ce-qu-il-faut-retenir-de-la-2e-etape-de-coupe-du-monde-de-biathlon\/","title":{"rendered":"Kontiolahti : ce qu&rsquo;il faut retenir de la 2\u00e8me \u00e9tape de Coupe du monde de biathlon"},"content":{"rendered":"<p style=\"text-align: justify;\"><strong><em><a href=\"https:\/\/dicodusport.fr\/blog\/biathlon-coupe-du-monde-2020-2021-calendrier-complet\/\" target=\"_blank\" rel=\"noopener noreferrer\">BIATHLON &#8211; COUPE DU MONDE 2020\/2021<\/a> &#8211; Apr\u00e8s l&rsquo;annulation de l&rsquo;\u00e9tape d&rsquo;Ostersund (Su\u00e8de), la seconde \u00e9tape de la Coupe du monde s&rsquo;est d\u00e9roul\u00e9e sur le m\u00eame site que la semaine derni\u00e8re, en Finlande. Au programme, des sprints et les premi\u00e8res courses en confrontation, avec des poursuites et des relais. S&rsquo;il est encore t\u00f4t pour tirer des enseignements, on y voit un peu plus clair pour celles et ceux qui joueront devant cette saison.<\/em><\/strong><\/p>\n<h2 style=\"text-align: justify;\">Johannes Boe pas si imp\u00e9rial, Samuelsson surprenant<\/h2>\n<p style=\"text-align: justify;\">Pour le deuxi\u00e8me sprint de la saison, c&rsquo;est un <strong>Johannes Boe<\/strong> leader du g\u00e9n\u00e9ral qui s&rsquo;est \u00e9lanc\u00e9 avec le dossard 11. D\u00e8s le tir couch\u00e9, il part \u00e0 la faute, la seule de sa course mais avec un temps de ski en-de\u00e7\u00e0 de ses capacit\u00e9s. Sur la ligne d&rsquo;arriv\u00e9e, il prend la t\u00eate avant de se faire passer par son fr\u00e8re <strong>Tarjei Boe<\/strong>, auteur d&rsquo;un 10\/10 et vainqueur du sprint avec un meilleur temps de ski que Johannes. Les deux fr\u00e8res se retrouvent donc tous les deux pour un <em>\u00ab Boedium \u00bb <\/em>comme ils aiment le dire, en encerclant World Snooker Tour qui prend la deuxi\u00e8me place \u00e0 14 secondes de la victoire.<\/p>\n<p style=\"text-align: justify;\">Premi\u00e8re course en confrontation, la poursuite a tenu toutes ses promesses. Parti avec les \u00e9carts du sprint (3\u00e8me \u00e0 29s), <strong>Johannes Boe<\/strong> passe d&rsquo;abord parfaitement les tirs couch\u00e9s, plus lent que d&rsquo;habitude mais tout aussi efficaces, 10\/10. Sur le premier tir debout, il laisse \u00e9chapper une premi\u00e8re balle qui n&rsquo;est cependant pas encore r\u00e9dhibitoire pour la victoire. Second tir debout et juge de paix de cette poursuite, le cadet <strong>des fr\u00e8res Boe<\/strong> part deux fois sur l&rsquo;anneau de p\u00e9nalit\u00e9 et laisse revenir des concurrents de l&rsquo;arri\u00e8re. Pendant ce temps, c&rsquo;est le Su\u00e9dois <strong>Sebastian Samuelsson<\/strong> qui d\u00e9croche sa premi\u00e8re victoire et conforte son dossard bleu de meilleur jeune. Dans la bataille au podium, c&rsquo;est le Fran\u00e7ais <strong>Fabien Claude<\/strong>, revenu de la 11\u00e8me place, qui d\u00e9pose les deux Norv\u00e9giens <strong>Johannes Boe<\/strong> et <strong>Sturla Laegried<\/strong>, pour \u00e9tablir son meilleur r\u00e9sultat, une deuxi\u00e8me place.<\/p>\n<blockquote class=\"twitter-tweet\">\n<p dir=\"ltr\" lang=\"fr\">Fabien Claude d\u00e9croche son deuxi\u00e8me podium en Coupe du monde sur la poursuite de Kontiolahti &#x1f1eb;&#x1f1f7; <a href=\"https:\/\/twitter.com\/hashtag\/KON20?src=hash&amp;ref_src=twsrc%5Etfw\">#KON20<\/a> <a href=\"https:\/\/twitter.com\/hashtag\/Biathlon?src=hash&amp;ref_src=twsrc%5Etfw\">#Biathlon<\/a><\/p>\n<p>Le Su\u00e9dois Samuelsson d\u00e9roule &#x1f447;<a href=\"https:\/\/t.co\/gBt8kYCfKD\">https:\/\/t.co\/gBt8kYCfKD<\/a><\/p>\n<p>\u2014 Dicodusport &#x2b50;&#x2b50; (@dicodusport) <a href=\"https:\/\/twitter.com\/dicodusport\/status\/1335206951576346625?ref_src=twsrc%5Etfw\">December 5, 2020<\/a><\/p><\/blockquote>\n<p><script async src=\"https:\/\/platform.twitter.com\/widgets.js\" charset=\"utf-8\"><\/script><\/p>\n<p style=\"text-align: justify;\">\u00c0 noter que c&rsquo;est la premi\u00e8re fois depuis f\u00e9vrier 2019 que <strong>Johannes Boe<\/strong> s&rsquo;en va d&rsquo;une \u00e9tape de Coupe du monde sans victoire. C&rsquo;\u00e9tait \u00e0 Soldier Hollow (Etats-Unis). Au g\u00e9n\u00e9ral, le Norv\u00e9gien conserve la t\u00eate (210 points), le meilleur jeune Sebastian Samuelsson est second avec 175 points devant le v\u00e9t\u00e9ran slov\u00e8ne Jakov Fak (152 points).<\/p>\n<h2>Oeberg prend le large au g\u00e9n\u00e9ral<\/h2>\n<p style=\"text-align: justify;\">Laur\u00e9ate du premier sprint de la saison, la Su\u00e9doise <strong>Hanna Oeberg<\/strong> a fait coup double lors du second sprint. Un nouveau 10\/10 au tir et un tr\u00e8s bon temps de ski n&rsquo;ont laiss\u00e9 aucune chance \u00e0 ses concurrentes. Dauphine d&rsquo;Hanna Oeberg, la Fran\u00e7aise <strong>Ana\u00efs Chevalier-Bouche<\/strong>t retrouve le podium en Coupe du monde, elle qui revient \u00e0 la comp\u00e9tition apr\u00e8s un an d&rsquo;absence. Elle signe une tr\u00e8s belle deuxi\u00e8me place sur le sprint, comme la Su\u00e9doise, un sans-faute au tir et 9,6s d&rsquo;\u00e9cart \u00e0 l&rsquo;arriv\u00e9e. Comme chez les hommes avec les fr\u00e8res Boe, les s\u0153urs Oeberg sont toutes les deux sur la bo\u00eete, la petite s\u0153ur <strong>Elvira Oeberg<\/strong> terminant troisi\u00e8me.<\/p>\n<blockquote class=\"twitter-tweet\">\n<p dir=\"ltr\" lang=\"fr\">&#x1f1eb;&#x1f1f7; Premier podium pour l&rsquo;\u00e9quipe de France, avec la deuxi\u00e8me place d&rsquo;Ana\u00efs Chevalier-Bouchet sur le sprint de Kontiolahti ! <a href=\"https:\/\/twitter.com\/hashtag\/KON20?src=hash&amp;ref_src=twsrc%5Etfw\">#KON20<\/a><\/p>\n<p>Hanna Oeberg intouchable &#x1f447;<a href=\"https:\/\/t.co\/MrwatTU33w\">https:\/\/t.co\/MrwatTU33w<\/a><\/p>\n<p>\u2014 Dicodusport &#x2b50;&#x2b50; (@dicodusport) <a href=\"https:\/\/twitter.com\/dicodusport\/status\/1334537307844730880?ref_src=twsrc%5Etfw\">December 3, 2020<\/a><\/p><\/blockquote>\n<p><script async src=\"https:\/\/platform.twitter.com\/widgets.js\" charset=\"utf-8\"><\/script><\/p>\n<p style=\"text-align: justify;\">Lors de la poursuite, on attendait \u00e9videmment Hanna Oeberg tr\u00e8s en forme en ce d\u00e9but de saison. Mais c&rsquo;est une revenante qui l&#8217;emporte, <strong>Tiril Eckhoff<\/strong>, tr\u00e8s discr\u00e8te en ce d\u00e9but de saison, remonte de sa 8\u00e8me place du sprint. La Norv\u00e9gienne vient souffler la victoire sur le dernier tir \u00e0 sa compatriote <strong>Marte Olsbu Roeiseland<\/strong> et \u00e0 <strong>Hanna Oeberg<\/strong>. Une victoire qu&rsquo;elle doit \u00e0 sa rapidit\u00e9 en ski (meilleur temps) mais surtout \u00e0 un 20\/20 au tir dans des conditions difficiles. Arriv\u00e9es \u00e0 trois sur ce dernier tir, <strong>Tiril Eckhoff<\/strong> profite d&rsquo;une erreur de chacune de ses adversaires. <strong>Marte Olsbu Roeiseland<\/strong> coupe la ligne seconde et <strong>Hanna Oeberg<\/strong> perd deux places mais reste sur le podium, troisi\u00e8me. Au g\u00e9n\u00e9ral, sans surprise la Su\u00e9doise <strong>Hanna Oeberg<\/strong> domine avec 204 points devant <strong>Marte Olsbu Roeiseland<\/strong> (168 poins) et <strong>Johanna Skottheim<\/strong> (152 points).<\/p>\n<h2 style=\"text-align: justify;\">Du mieux pour les Tricolores, des relais plut\u00f4t mitig\u00e9s<\/h2>\n<p style=\"text-align: justify;\">Avec leurs trois premiers podiums cette saison, les biathl\u00e8tes fran\u00e7ais rel\u00e8vent la t\u00eate apr\u00e8s une premi\u00e8re \u00e9tape difficile. Apr\u00e8s la deuxi\u00e8me place d&rsquo;<strong>Ana\u00efs Chevalier-Bouchet<\/strong> sur le sprint, la deuxi\u00e8me place de Fabien Claude sur la poursuite, les filles du relais terminent deuxi\u00e8mes. Pour ce premier relais de la saison, c&rsquo;est avec une incertitude au niveau du tir que l&rsquo;\u00e9quipe de France f\u00e9minine s&rsquo;est \u00e9lanc\u00e9e. Ana\u00efs Bescond lance le relais bleu et se fait peur sur le tir debout avec 3 pioches, elle donne toutefois le relais \u00e0 <strong>Ana\u00efs Chevalier-Bouchet<\/strong> \u00e0 24 secondes de la t\u00eate. Si la victoire \u00e9tait clairement envisageable gr\u00e2ce au tour de p\u00e9nalit\u00e9 de <strong>Karoline Knotten<\/strong> pour la Norv\u00e8ge, c&rsquo;\u00e9tait sans compter sur la Su\u00e8de. Les deux nations, Su\u00e8de et France, sont rest\u00e9es longtemps en t\u00eate, mais ce sont bien les Scandinaves qui l&#8217;emportent profitant des pioches fran\u00e7aises en fin de relais. <strong>Chlo\u00e9 Chevalier<\/strong> et <strong>Justine Braisaz-Bouchet<\/strong> ont cependant r\u00e9ussi \u00e0 finir le travail pour monter sur le podium.<\/p>\n<p style=\"text-align: justify;\">Pour les hommes, cela a \u00e9t\u00e9 bien plus compliqu\u00e9. D\u00e8s le premier relais, <strong>\u00c9milien Jacquelin<\/strong> craque et va tourner trois fois sur l&rsquo;anneau. \u00c0 plus d&rsquo;une minute de la t\u00eate, <strong>Simon Desthieux<\/strong>, <strong>Fabien Claude<\/strong> et <strong>Quentin Fillon Maillet<\/strong> n&rsquo;ont jamais pu revenir. Onze pioches, trois tours, loin des neuf pioches, seulement, de la Norv\u00e8ge qui l&#8217;emporte. La Su\u00e8de, L&rsquo;Allemagne et la Russie dans le top 4, 50 secondes devant la France, huiti\u00e8me. Premier relais \u00e0 oublier pour ne pas douter et faire mieux la semaine prochaine.<\/p>\n<h2 style=\"text-align: justify;\">Le programme de la semaine prochaine \u00e0 Hochfilzen<\/h2>\n<p style=\"text-align: justify;\">\u00c0 partir de vendredi, rendez-vous en Autriche, \u00e0 Hochfilzen.<\/p>\n<p style=\"text-align: justify;\">Vendredi 11\/12 : sprints (H et F)<\/p>\n<p style=\"text-align: justify;\">Samedi 12\/12 : relais F et poursuite H<\/p>\n<p style=\"text-align: justify;\">Dimanche 13\/12 : relais H et poursuite F<\/p>\n<h2 style=\"text-align: justify;\">\u00c0 lire aussi<\/h2>\n<ul>\n<li><strong><a href=\"https:\/\/dicodusport.fr\/blog\/biathlon-coupe-du-monde-2020-2021-classement-general-hommes\/\" target=\"_blank\" rel=\"noopener noreferrer\">Biathlon \u2013 Coupe du monde 2020\/2021 : le classement g\u00e9n\u00e9ral hommes<\/a><\/strong><\/li>\n<li><a href=\"https:\/\/dicodusport.fr\/blog\/biathlon-coupe-du-monde-2020-2021-classement-general-femmes\/\" target=\"_blank\" rel=\"noopener noreferrer\"><strong>Biathlon &#8211; Coupe du monde 2020\/2021 : le classement g\u00e9n\u00e9ral femmes<\/strong><\/a><\/li>\n<\/ul>\n<p><strong><em>Maxime Boulard<br \/>\n<a href=\"https:\/\/www.facebook.com\/Max.Bld2\/\" target=\"_blank\" rel=\"noopener noreferrer\"><img loading=\"lazy\" decoding=\"async\" class=\"alignnone wp-image-2909\" src=\"http:\/\/dicodusport.fr\/blog\/wp-content\/uploads\/2017\/07\/logo-facebook-150x150.png\" alt=\"\" width=\"40\" height=\"40\" \/><\/a><a href=\"https:\/\/twitter.com\/MaximeB_2\" target=\"_blank\" rel=\"noopener noreferrer\"><img loading=\"lazy\" decoding=\"async\" class=\"alignnone wp-image-2908\" src=\"http:\/\/dicodusport.fr\/blog\/wp-content\/uploads\/2017\/07\/logo-twitter-150x150.png\" alt=\"\" width=\"39\" height=\"39\" \/><\/a><\/em><\/strong><\/p>\n","protected":false},"excerpt":{"rendered":"<p>BIATHLON &#8211; COUPE DU MONDE 2020\/2021 &#8211; Apr\u00e8s l&rsquo;annulation de l&rsquo;\u00e9tape d&rsquo;Ostersund (Su\u00e8de), la seconde \u00e9tape de la Coupe du monde s&rsquo;est d\u00e9roul\u00e9e sur le m\u00eame site que la semaine derni\u00e8re, en Finlande. Au programme, des sprints et les premi\u00e8res courses en confrontation, avec des poursuites et des relais. S&rsquo;il est encore t\u00f4t pour tirer des enseignements, on y voit un peu plus clair pour celles et ceux qui joueront devant cette saison.<\/p>\n","protected":false},"author":43,"featured_media":91988,"comment_status":"open","ping_status":"closed","sticky":false,"template":"","format":"standard","meta":{"_acf_changed":false,"_daextam_enable_autolinks":"","footnotes":""},"categories":[47040],"tags":[2427,12759,24],"class_list":["post-91838","post","type-post","status-publish","format-standard","has-post-thumbnail","hentry","category-coupe-du-monde-de-biathlon","tag-biathlon","tag-biathlon-kontiolahti","tag-sport"],"acf":[],"yoast_head":"<!-- This site is optimized with the Yoast SEO Premium plugin v26.7 (Yoast SEO v26.7) - https:\/\/yoast.com\/wordpress\/plugins\/seo\/ -->\n<title>Kontiolahti : ce qu&#039;il faut retenir de la 2\u00e8me \u00e9tape de Coupe du monde de biathlon<\/title>\n<meta name=\"description\" content=\"BIATHLON - Apr\u00e8s une premi\u00e8re \u00e9tape \u00e0 Kontiolahti (Finlande), voici ce qu&#039;il faut retenir de la deuxi\u00e8me \u00e9tape sur ce m\u00eame site.\" \/>\n<meta name=\"robots\" content=\"index, follow, max-snippet:-1, max-image-preview:large, max-video-preview:-1\" \/>\n<link rel=\"canonical\" href=\"https:\/\/dicodusport.fr\/blog\/kontiolahti-ce-qu-il-faut-retenir-de-la-2e-etape-de-coupe-du-monde-de-biathlon\/\" \/>\n<meta property=\"og:locale\" content=\"fr_FR\" \/>\n<meta property=\"og:type\" content=\"article\" \/>\n<meta property=\"og:title\" content=\"Kontiolahti : ce qu&#039;il faut retenir de la 2\u00e8me \u00e9tape de Coupe du monde de biathlon\" \/>\n<meta property=\"og:description\" content=\"BIATHLON - Apr\u00e8s une premi\u00e8re \u00e9tape \u00e0 Kontiolahti (Finlande), voici ce qu&#039;il faut retenir de la deuxi\u00e8me \u00e9tape sur ce m\u00eame site.\" \/>\n<meta property=\"og:url\" content=\"https:\/\/dicodusport.fr\/blog\/kontiolahti-ce-qu-il-faut-retenir-de-la-2e-etape-de-coupe-du-monde-de-biathlon\/\" \/>\n<meta property=\"og:site_name\" content=\"Dicodusport\" \/>\n<meta property=\"article:publisher\" content=\"https:\/\/www.facebook.com\/dicodusport\" \/>\n<meta property=\"article:author\" content=\"https:\/\/www.facebook.com\/Max.Bld2\/\" \/>\n<meta property=\"article:published_time\" content=\"2020-12-07T08:53:56+00:00\" \/>\n<meta property=\"article:modified_time\" content=\"2020-12-07T09:56:24+00:00\" \/>\n<meta property=\"og:image\" content=\"https:\/\/dicodusport.fr\/blog\/wp-content\/uploads\/2020\/12\/Kontiolahti-Ce-quil-faut-retenir-de-la-2\u00e8me-\u00e9tape-de-Coupe-du-monde-de-biathlon.png\" \/>\n\t<meta property=\"og:image:width\" content=\"800\" \/>\n\t<meta property=\"og:image:height\" content=\"445\" \/>\n\t<meta property=\"og:image:type\" content=\"image\/png\" \/>\n<meta name=\"author\" content=\"Maxime Boulard\" \/>\n<meta name=\"twitter:card\" content=\"summary_large_image\" \/>\n<meta name=\"twitter:title\" content=\"Kontiolahti : ce qu&#039;il faut retenir de la 2\u00e8me \u00e9tape de Coupe du monde de biathlon\" \/>\n<meta name=\"twitter:creator\" content=\"@https:\/\/twitter.com\/MaximeB_2\" \/>\n<meta name=\"twitter:site\" content=\"@dicodusport\" \/>\n<script type=\"application\/ld+json\" class=\"yoast-schema-graph\">{\"@context\":\"https:\/\/schema.org\",\"@graph\":[{\"@type\":\"NewsArticle\",\"@id\":\"https:\/\/dicodusport.fr\/blog\/kontiolahti-ce-qu-il-faut-retenir-de-la-2e-etape-de-coupe-du-monde-de-biathlon\/#article\",\"isPartOf\":{\"@id\":\"https:\/\/dicodusport.fr\/blog\/kontiolahti-ce-qu-il-faut-retenir-de-la-2e-etape-de-coupe-du-monde-de-biathlon\/\"},\"author\":{\"name\":\"Maxime Boulard\",\"@id\":\"https:\/\/dicodusport.fr\/blog\/#\/schema\/person\/5aab10ee856e86ac63e9819a9da34784\"},\"headline\":\"Kontiolahti : ce qu&rsquo;il faut retenir de la 2\u00e8me \u00e9tape de Coupe du monde de biathlon\",\"datePublished\":\"2020-12-07T08:53:56+00:00\",\"dateModified\":\"2020-12-07T09:56:24+00:00\",\"mainEntityOfPage\":{\"@id\":\"https:\/\/dicodusport.fr\/blog\/kontiolahti-ce-qu-il-faut-retenir-de-la-2e-etape-de-coupe-du-monde-de-biathlon\/\"},\"wordCount\":1168,\"commentCount\":0,\"publisher\":{\"@id\":\"https:\/\/dicodusport.fr\/blog\/#organization\"},\"image\":{\"@id\":\"https:\/\/dicodusport.fr\/blog\/kontiolahti-ce-qu-il-faut-retenir-de-la-2e-etape-de-coupe-du-monde-de-biathlon\/#primaryimage\"},\"thumbnailUrl\":\"https:\/\/dicodusport.fr\/blog\/wp-content\/uploads\/2020\/12\/Kontiolahti-Ce-quil-faut-retenir-de-la-2\u00e8me-\u00e9tape-de-Coupe-du-monde-de-biathlon.png\",\"keywords\":[\"Biathlon\",\"Biathlon Kontiolahti\",\"sport\"],\"articleSection\":[\"Coupe du monde de biathlon\"],\"inLanguage\":\"fr-FR\",\"potentialAction\":[{\"@type\":\"CommentAction\",\"name\":\"Comment\",\"target\":[\"https:\/\/dicodusport.fr\/blog\/kontiolahti-ce-qu-il-faut-retenir-de-la-2e-etape-de-coupe-du-monde-de-biathlon\/#respond\"]}],\"copyrightYear\":\"2020\",\"copyrightHolder\":{\"@id\":\"https:\/\/dicodusport.fr\/blog\/#organization\"}},{\"@type\":\"WebPage\",\"@id\":\"https:\/\/dicodusport.fr\/blog\/kontiolahti-ce-qu-il-faut-retenir-de-la-2e-etape-de-coupe-du-monde-de-biathlon\/\",\"url\":\"https:\/\/dicodusport.fr\/blog\/kontiolahti-ce-qu-il-faut-retenir-de-la-2e-etape-de-coupe-du-monde-de-biathlon\/\",\"name\":\"Kontiolahti : ce qu'il faut retenir de la 2\u00e8me \u00e9tape de Coupe du monde de biathlon\",\"isPartOf\":{\"@id\":\"https:\/\/dicodusport.fr\/blog\/#website\"},\"primaryImageOfPage\":{\"@id\":\"https:\/\/dicodusport.fr\/blog\/kontiolahti-ce-qu-il-faut-retenir-de-la-2e-etape-de-coupe-du-monde-de-biathlon\/#primaryimage\"},\"image\":{\"@id\":\"https:\/\/dicodusport.fr\/blog\/kontiolahti-ce-qu-il-faut-retenir-de-la-2e-etape-de-coupe-du-monde-de-biathlon\/#primaryimage\"},\"thumbnailUrl\":\"https:\/\/dicodusport.fr\/blog\/wp-content\/uploads\/2020\/12\/Kontiolahti-Ce-quil-faut-retenir-de-la-2\u00e8me-\u00e9tape-de-Coupe-du-monde-de-biathlon.png\",\"datePublished\":\"2020-12-07T08:53:56+00:00\",\"dateModified\":\"2020-12-07T09:56:24+00:00\",\"description\":\"BIATHLON - Apr\u00e8s une premi\u00e8re \u00e9tape \u00e0 Kontiolahti (Finlande), voici ce qu'il faut retenir de la deuxi\u00e8me \u00e9tape sur ce m\u00eame site.\",\"breadcrumb\":{\"@id\":\"https:\/\/dicodusport.fr\/blog\/kontiolahti-ce-qu-il-faut-retenir-de-la-2e-etape-de-coupe-du-monde-de-biathlon\/#breadcrumb\"},\"inLanguage\":\"fr-FR\",\"potentialAction\":[{\"@type\":\"ReadAction\",\"target\":[\"https:\/\/dicodusport.fr\/blog\/kontiolahti-ce-qu-il-faut-retenir-de-la-2e-etape-de-coupe-du-monde-de-biathlon\/\"]}]},{\"@type\":\"ImageObject\",\"inLanguage\":\"fr-FR\",\"@id\":\"https:\/\/dicodusport.fr\/blog\/kontiolahti-ce-qu-il-faut-retenir-de-la-2e-etape-de-coupe-du-monde-de-biathlon\/#primaryimage\",\"url\":\"https:\/\/dicodusport.fr\/blog\/wp-content\/uploads\/2020\/12\/Kontiolahti-Ce-quil-faut-retenir-de-la-2\u00e8me-\u00e9tape-de-Coupe-du-monde-de-biathlon.png\",\"contentUrl\":\"https:\/\/dicodusport.fr\/blog\/wp-content\/uploads\/2020\/12\/Kontiolahti-Ce-quil-faut-retenir-de-la-2\u00e8me-\u00e9tape-de-Coupe-du-monde-de-biathlon.png\",\"width\":800,\"height\":445,\"caption\":\"Kontiolahti : ce qu'il faut retenir de la 2\u00e8me \u00e9tape de Coupe du monde de biathlon\"},{\"@type\":\"BreadcrumbList\",\"@id\":\"https:\/\/dicodusport.fr\/blog\/kontiolahti-ce-qu-il-faut-retenir-de-la-2e-etape-de-coupe-du-monde-de-biathlon\/#breadcrumb\",\"itemListElement\":[{\"@type\":\"ListItem\",\"position\":1,\"name\":\"Accueil\",\"item\":\"https:\/\/dicodusport.fr\/blog\/\"},{\"@type\":\"ListItem\",\"position\":2,\"name\":\"Kontiolahti : ce qu&rsquo;il faut retenir de la 2\u00e8me \u00e9tape de Coupe du monde de biathlon\"}]},{\"@type\":\"WebSite\",\"@id\":\"https:\/\/dicodusport.fr\/blog\/#website\",\"url\":\"https:\/\/dicodusport.fr\/blog\/\",\"name\":\"Dicodusport\",\"description\":\"L&#039;encyclop\u00e9die de l&#039;actualit\u00e9 sportive\",\"publisher\":{\"@id\":\"https:\/\/dicodusport.fr\/blog\/#organization\"},\"potentialAction\":[{\"@type\":\"SearchAction\",\"target\":{\"@type\":\"EntryPoint\",\"urlTemplate\":\"https:\/\/dicodusport.fr\/blog\/?s={search_term_string}\"},\"query-input\":{\"@type\":\"PropertyValueSpecification\",\"valueRequired\":true,\"valueName\":\"search_term_string\"}}],\"inLanguage\":\"fr-FR\"},{\"@type\":\"NewsMediaOrganization\",\"@id\":\"https:\/\/dicodusport.fr\/blog\/#organization\",\"name\":\"Dicodusport\",\"url\":\"https:\/\/dicodusport.fr\/blog\/\",\"logo\":{\"@type\":\"ImageObject\",\"inLanguage\":\"fr-FR\",\"@id\":\"https:\/\/dicodusport.fr\/blog\/#\/schema\/logo\/image\/\",\"url\":\"https:\/\/dicodusport.fr\/blog\/wp-content\/uploads\/2020\/06\/cropped-LOGO-DICODUSPORT-2020-SANS-FOND-SANS-TEXTE.png\",\"contentUrl\":\"https:\/\/dicodusport.fr\/blog\/wp-content\/uploads\/2020\/06\/cropped-LOGO-DICODUSPORT-2020-SANS-FOND-SANS-TEXTE.png\",\"width\":512,\"height\":512,\"caption\":\"Dicodusport\"},\"image\":{\"@id\":\"https:\/\/dicodusport.fr\/blog\/#\/schema\/logo\/image\/\"},\"sameAs\":[\"https:\/\/www.facebook.com\/dicodusport\",\"https:\/\/x.com\/dicodusport\",\"https:\/\/www.instagram.com\/dicodusport\/\",\"https:\/\/www.youtube.com\/channel\/UC7V2KZ5sd3htJivAbA4ZG3w\"],\"description\":\"Dicodusport est l'encyclop\u00e9die de l'actualit\u00e9 sportive.\",\"email\":\"bonjour@dicodusport.fr\",\"legalName\":\"DICODUSPORT\",\"foundingDate\":\"2018-01-14\",\"vatID\":\"FR71834470973\",\"taxID\":\"83447097300043\",\"numberOfEmployees\":{\"@type\":\"QuantitativeValue\",\"minValue\":\"1\",\"maxValue\":\"10\"}},{\"@type\":\"Person\",\"@id\":\"https:\/\/dicodusport.fr\/blog\/#\/schema\/person\/5aab10ee856e86ac63e9819a9da34784\",\"name\":\"Maxime Boulard\",\"image\":{\"@type\":\"ImageObject\",\"inLanguage\":\"fr-FR\",\"@id\":\"https:\/\/dicodusport.fr\/blog\/#\/schema\/person\/image\/\",\"url\":\"https:\/\/dicodusport.fr\/blog\/wp-content\/uploads\/2021\/05\/Maxime-Boulard-150x150.jpg\",\"contentUrl\":\"https:\/\/dicodusport.fr\/blog\/wp-content\/uploads\/2021\/05\/Maxime-Boulard-150x150.jpg\",\"caption\":\"Maxime Boulard\"},\"description\":\"Journaliste\/r\u00e9dacteur depuis octobre 2020 - Si mon plus vieux souvenir de sport aurait pu m'en d\u00e9go\u00fbter, la finale de la Coupe du monde 2006 a \u00e9t\u00e9 tout le contraire. V\u00e9ritable d\u00e9clencheur d'une passion qui aujourd'hui ne fait que grandir avec le temps, mon leitmotiv est la France qui brille ! Je relate les exploits pass\u00e9s et pr\u00e9sents du sport bleu-blanc-rouge sans m\u00e9nagement depuis octobre 2020. Sport valide ou handisport, aucune diff\u00e9rence, il n'y a que du sport et plusieurs fa\u00e7ons de le pratiquer.\",\"sameAs\":[\"https:\/\/www.facebook.com\/Max.Bld2\/\",\"https:\/\/x.com\/https:\/\/twitter.com\/MaximeB_2\"],\"url\":\"https:\/\/dicodusport.fr\/blog\/author\/maxime-b\/\"}]}<\/script>\n<!-- \/ Yoast SEO Premium plugin. -->","yoast_head_json":{"title":"Kontiolahti : ce qu'il faut retenir de la 2\u00e8me \u00e9tape de Coupe du monde de biathlon","description":"BIATHLON - Apr\u00e8s une premi\u00e8re \u00e9tape \u00e0 Kontiolahti (Finlande), voici ce qu'il faut retenir de la deuxi\u00e8me \u00e9tape sur ce m\u00eame site.","robots":{"index":"index","follow":"follow","max-snippet":"max-snippet:-1","max-image-preview":"max-image-preview:large","max-video-preview":"max-video-preview:-1"},"canonical":"https:\/\/dicodusport.fr\/blog\/kontiolahti-ce-qu-il-faut-retenir-de-la-2e-etape-de-coupe-du-monde-de-biathlon\/","og_locale":"fr_FR","og_type":"article","og_title":"Kontiolahti : ce qu'il faut retenir de la 2\u00e8me \u00e9tape de Coupe du monde de biathlon","og_description":"BIATHLON - Apr\u00e8s une premi\u00e8re \u00e9tape \u00e0 Kontiolahti (Finlande), voici ce qu'il faut retenir de la deuxi\u00e8me \u00e9tape sur ce m\u00eame site.","og_url":"https:\/\/dicodusport.fr\/blog\/kontiolahti-ce-qu-il-faut-retenir-de-la-2e-etape-de-coupe-du-monde-de-biathlon\/","og_site_name":"Dicodusport","article_publisher":"https:\/\/www.facebook.com\/dicodusport","article_author":"https:\/\/www.facebook.com\/Max.Bld2\/","article_published_time":"2020-12-07T08:53:56+00:00","article_modified_time":"2020-12-07T09:56:24+00:00","og_image":[{"width":800,"height":445,"url":"https:\/\/dicodusport.fr\/blog\/wp-content\/uploads\/2020\/12\/Kontiolahti-Ce-quil-faut-retenir-de-la-2\u00e8me-\u00e9tape-de-Coupe-du-monde-de-biathlon.png","type":"image\/png"}],"author":"Maxime Boulard","twitter_card":"summary_large_image","twitter_title":"Kontiolahti : ce qu'il faut retenir de la 2\u00e8me \u00e9tape de Coupe du monde de biathlon","twitter_creator":"@https:\/\/twitter.com\/MaximeB_2","twitter_site":"@dicodusport","schema":{"@context":"https:\/\/schema.org","@graph":[{"@type":"NewsArticle","@id":"https:\/\/dicodusport.fr\/blog\/kontiolahti-ce-qu-il-faut-retenir-de-la-2e-etape-de-coupe-du-monde-de-biathlon\/#article","isPartOf":{"@id":"https:\/\/dicodusport.fr\/blog\/kontiolahti-ce-qu-il-faut-retenir-de-la-2e-etape-de-coupe-du-monde-de-biathlon\/"},"author":{"name":"Maxime Boulard","@id":"https:\/\/dicodusport.fr\/blog\/#\/schema\/person\/5aab10ee856e86ac63e9819a9da34784"},"headline":"Kontiolahti : ce qu&rsquo;il faut retenir de la 2\u00e8me \u00e9tape de Coupe du monde de biathlon","datePublished":"2020-12-07T08:53:56+00:00","dateModified":"2020-12-07T09:56:24+00:00","mainEntityOfPage":{"@id":"https:\/\/dicodusport.fr\/blog\/kontiolahti-ce-qu-il-faut-retenir-de-la-2e-etape-de-coupe-du-monde-de-biathlon\/"},"wordCount":1168,"commentCount":0,"publisher":{"@id":"https:\/\/dicodusport.fr\/blog\/#organization"},"image":{"@id":"https:\/\/dicodusport.fr\/blog\/kontiolahti-ce-qu-il-faut-retenir-de-la-2e-etape-de-coupe-du-monde-de-biathlon\/#primaryimage"},"thumbnailUrl":"https:\/\/dicodusport.fr\/blog\/wp-content\/uploads\/2020\/12\/Kontiolahti-Ce-quil-faut-retenir-de-la-2\u00e8me-\u00e9tape-de-Coupe-du-monde-de-biathlon.png","keywords":["Biathlon","Biathlon Kontiolahti","sport"],"articleSection":["Coupe du monde de biathlon"],"inLanguage":"fr-FR","potentialAction":[{"@type":"CommentAction","name":"Comment","target":["https:\/\/dicodusport.fr\/blog\/kontiolahti-ce-qu-il-faut-retenir-de-la-2e-etape-de-coupe-du-monde-de-biathlon\/#respond"]}],"copyrightYear":"2020","copyrightHolder":{"@id":"https:\/\/dicodusport.fr\/blog\/#organization"}},{"@type":"WebPage","@id":"https:\/\/dicodusport.fr\/blog\/kontiolahti-ce-qu-il-faut-retenir-de-la-2e-etape-de-coupe-du-monde-de-biathlon\/","url":"https:\/\/dicodusport.fr\/blog\/kontiolahti-ce-qu-il-faut-retenir-de-la-2e-etape-de-coupe-du-monde-de-biathlon\/","name":"Kontiolahti : ce qu'il faut retenir de la 2\u00e8me \u00e9tape de Coupe du monde de biathlon","isPartOf":{"@id":"https:\/\/dicodusport.fr\/blog\/#website"},"primaryImageOfPage":{"@id":"https:\/\/dicodusport.fr\/blog\/kontiolahti-ce-qu-il-faut-retenir-de-la-2e-etape-de-coupe-du-monde-de-biathlon\/#primaryimage"},"image":{"@id":"https:\/\/dicodusport.fr\/blog\/kontiolahti-ce-qu-il-faut-retenir-de-la-2e-etape-de-coupe-du-monde-de-biathlon\/#primaryimage"},"thumbnailUrl":"https:\/\/dicodusport.fr\/blog\/wp-content\/uploads\/2020\/12\/Kontiolahti-Ce-quil-faut-retenir-de-la-2\u00e8me-\u00e9tape-de-Coupe-du-monde-de-biathlon.png","datePublished":"2020-12-07T08:53:56+00:00","dateModified":"2020-12-07T09:56:24+00:00","description":"BIATHLON - Apr\u00e8s une premi\u00e8re \u00e9tape \u00e0 Kontiolahti (Finlande), voici ce qu'il faut retenir de la deuxi\u00e8me \u00e9tape sur ce m\u00eame site.","breadcrumb":{"@id":"https:\/\/dicodusport.fr\/blog\/kontiolahti-ce-qu-il-faut-retenir-de-la-2e-etape-de-coupe-du-monde-de-biathlon\/#breadcrumb"},"inLanguage":"fr-FR","potentialAction":[{"@type":"ReadAction","target":["https:\/\/dicodusport.fr\/blog\/kontiolahti-ce-qu-il-faut-retenir-de-la-2e-etape-de-coupe-du-monde-de-biathlon\/"]}]},{"@type":"ImageObject","inLanguage":"fr-FR","@id":"https:\/\/dicodusport.fr\/blog\/kontiolahti-ce-qu-il-faut-retenir-de-la-2e-etape-de-coupe-du-monde-de-biathlon\/#primaryimage","url":"https:\/\/dicodusport.fr\/blog\/wp-content\/uploads\/2020\/12\/Kontiolahti-Ce-quil-faut-retenir-de-la-2\u00e8me-\u00e9tape-de-Coupe-du-monde-de-biathlon.png","contentUrl":"https:\/\/dicodusport.fr\/blog\/wp-content\/uploads\/2020\/12\/Kontiolahti-Ce-quil-faut-retenir-de-la-2\u00e8me-\u00e9tape-de-Coupe-du-monde-de-biathlon.png","width":800,"height":445,"caption":"Kontiolahti : ce qu'il faut retenir de la 2\u00e8me \u00e9tape de Coupe du monde de biathlon"},{"@type":"BreadcrumbList","@id":"https:\/\/dicodusport.fr\/blog\/kontiolahti-ce-qu-il-faut-retenir-de-la-2e-etape-de-coupe-du-monde-de-biathlon\/#breadcrumb","itemListElement":[{"@type":"ListItem","position":1,"name":"Accueil","item":"https:\/\/dicodusport.fr\/blog\/"},{"@type":"ListItem","position":2,"name":"Kontiolahti : ce qu&rsquo;il faut retenir de la 2\u00e8me \u00e9tape de Coupe du monde de biathlon"}]},{"@type":"WebSite","@id":"https:\/\/dicodusport.fr\/blog\/#website","url":"https:\/\/dicodusport.fr\/blog\/","name":"Dicodusport","description":"L&#039;encyclop\u00e9die de l&#039;actualit\u00e9 sportive","publisher":{"@id":"https:\/\/dicodusport.fr\/blog\/#organization"},"potentialAction":[{"@type":"SearchAction","target":{"@type":"EntryPoint","urlTemplate":"https:\/\/dicodusport.fr\/blog\/?s={search_term_string}"},"query-input":{"@type":"PropertyValueSpecification","valueRequired":true,"valueName":"search_term_string"}}],"inLanguage":"fr-FR"},{"@type":"NewsMediaOrganization","@id":"https:\/\/dicodusport.fr\/blog\/#organization","name":"Dicodusport","url":"https:\/\/dicodusport.fr\/blog\/","logo":{"@type":"ImageObject","inLanguage":"fr-FR","@id":"https:\/\/dicodusport.fr\/blog\/#\/schema\/logo\/image\/","url":"https:\/\/dicodusport.fr\/blog\/wp-content\/uploads\/2020\/06\/cropped-LOGO-DICODUSPORT-2020-SANS-FOND-SANS-TEXTE.png","contentUrl":"https:\/\/dicodusport.fr\/blog\/wp-content\/uploads\/2020\/06\/cropped-LOGO-DICODUSPORT-2020-SANS-FOND-SANS-TEXTE.png","width":512,"height":512,"caption":"Dicodusport"},"image":{"@id":"https:\/\/dicodusport.fr\/blog\/#\/schema\/logo\/image\/"},"sameAs":["https:\/\/www.facebook.com\/dicodusport","https:\/\/x.com\/dicodusport","https:\/\/www.instagram.com\/dicodusport\/","https:\/\/www.youtube.com\/channel\/UC7V2KZ5sd3htJivAbA4ZG3w"],"description":"Dicodusport est l'encyclop\u00e9die de l'actualit\u00e9 sportive.","email":"bonjour@dicodusport.fr","legalName":"DICODUSPORT","foundingDate":"2018-01-14","vatID":"FR71834470973","taxID":"83447097300043","numberOfEmployees":{"@type":"QuantitativeValue","minValue":"1","maxValue":"10"}},{"@type":"Person","@id":"https:\/\/dicodusport.fr\/blog\/#\/schema\/person\/5aab10ee856e86ac63e9819a9da34784","name":"Maxime Boulard","image":{"@type":"ImageObject","inLanguage":"fr-FR","@id":"https:\/\/dicodusport.fr\/blog\/#\/schema\/person\/image\/","url":"https:\/\/dicodusport.fr\/blog\/wp-content\/uploads\/2021\/05\/Maxime-Boulard-150x150.jpg","contentUrl":"https:\/\/dicodusport.fr\/blog\/wp-content\/uploads\/2021\/05\/Maxime-Boulard-150x150.jpg","caption":"Maxime Boulard"},"description":"Journaliste\/r\u00e9dacteur depuis octobre 2020 - Si mon plus vieux souvenir de sport aurait pu m'en d\u00e9go\u00fbter, la finale de la Coupe du monde 2006 a \u00e9t\u00e9 tout le contraire. V\u00e9ritable d\u00e9clencheur d'une passion qui aujourd'hui ne fait que grandir avec le temps, mon leitmotiv est la France qui brille ! Je relate les exploits pass\u00e9s et pr\u00e9sents du sport bleu-blanc-rouge sans m\u00e9nagement depuis octobre 2020. Sport valide ou handisport, aucune diff\u00e9rence, il n'y a que du sport et plusieurs fa\u00e7ons de le pratiquer.","sameAs":["https:\/\/www.facebook.com\/Max.Bld2\/","https:\/\/x.com\/https:\/\/twitter.com\/MaximeB_2"],"url":"https:\/\/dicodusport.fr\/blog\/author\/maxime-b\/"}]}},"_links":{"self":[{"href":"https:\/\/dicodusport.fr\/blog\/wp-json\/wp\/v2\/posts\/91838","targetHints":{"allow":["GET"]}}],"collection":[{"href":"https:\/\/dicodusport.fr\/blog\/wp-json\/wp\/v2\/posts"}],"about":[{"href":"https:\/\/dicodusport.fr\/blog\/wp-json\/wp\/v2\/types\/post"}],"author":[{"embeddable":true,"href":"https:\/\/dicodusport.fr\/blog\/wp-json\/wp\/v2\/users\/43"}],"replies":[{"embeddable":true,"href":"https:\/\/dicodusport.fr\/blog\/wp-json\/wp\/v2\/comments?post=91838"}],"version-history":[{"count":0,"href":"https:\/\/dicodusport.fr\/blog\/wp-json\/wp\/v2\/posts\/91838\/revisions"}],"wp:featuredmedia":[{"embeddable":true,"href":"https:\/\/dicodusport.fr\/blog\/wp-json\/wp\/v2\/media\/91988"}],"wp:attachment":[{"href":"https:\/\/dicodusport.fr\/blog\/wp-json\/wp\/v2\/media?parent=91838"}],"wp:term":[{"taxonomy":"category","embeddable":true,"href":"https:\/\/dicodusport.fr\/blog\/wp-json\/wp\/v2\/categories?post=91838"},{"taxonomy":"post_tag","embeddable":true,"href":"https:\/\/dicodusport.fr\/blog\/wp-json\/wp\/v2\/tags?post=91838"}],"curies":[{"name":"wp","href":"https:\/\/api.w.org\/{rel}","templated":true}]}}